{"id":1655,"date":"2026-08-31T09:27:53","date_gmt":"2026-08-31T07:27:53","guid":{"rendered":"https:\/\/www.toutsurmesfinances.com\/actualites\/?p=1655"},"modified":"2026-08-31T09:27:53","modified_gmt":"2026-08-31T07:27:53","slug":"per-la-mutualisation-des-plafonds-cesse-apres-les-70-ans-d-un-conjoint","status":"publish","type":"post","link":"https:\/\/www.toutsurmesfinances.com\/actualites\/a\/per-la-mutualisation-des-plafonds-cesse-apres-les-70-ans-d-un-conjoint","title":{"rendered":"PER : la mutualisation des plafonds cesse apr\u00e8s les 70 ans d&rsquo;un conjoint"},"content":{"rendered":"<p>Pour l\u2019administration fiscale, il n\u2019est d\u00e9sormais plus possible de mutualiser les versements d\u00e9ductibles sur un <a href=\"https:\/\/www.toutsurmesfinances.com\/retraite\/plan-epargne-retraite-per.html\">plan d\u2019\u00e9pargne retraite (PER)<\/a>, entre \u00e9poux ou partenaires de Pacs, l\u2019ann\u00e9e suivant les 70 ans de l\u2019un des membres du foyer fiscal.<\/p>\n<p>Au sein d\u2019un couple mari\u00e9 ou pacs\u00e9, lorsque l\u2019un des deux \u00e9poux ou partenaires de Pacs, titulaire d\u2019un PER, a atteint sa limite individuelle de d\u00e9duction fiscale des versements pour l\u2019ann\u00e9e, il peut utiliser le plafond de son conjoint. C\u2019est ce que l\u2019on appelle la \u00ab\u00a0mutualisation des plafonds \u00bb.<\/p>\n<p>Cependant, la loi de finances pour 2026 pr\u00e9voit que les versements volontaires effectu\u00e9s sur un PER ne sont dor\u00e9navant plus d\u00e9ductibles du revenu imposable\u00a0si le titulaire est \u00e2g\u00e9 de 70 ans ou plus \u00e0 la date des versements. Une disposition entr\u00e9e en vigueur le 1er\u00a0janvier 2026.<\/p>\n<p>Le fisc consid\u00e8re donc, dans une note publi\u00e9e le 10 ao\u00fbt au Bulletin officiel des finances publiques (BOFiP), que \u00ab\u00a0la mutualisation des limites individuelles de d\u00e9duction devient sans objet\u00a0\u00bb pour l\u2019imposition des revenus de l\u2019ann\u00e9e suivant celle o\u00f9 l\u2019un des membres du couple atteint 70 ans.<\/p>\n<p>Cons\u00e9quence, d\u00e8s lors que l\u2019un des conjoints ou partenaires de Pacs est \u00e2g\u00e9 de 70 ans, la d\u00e9duction des versements volontaires sur un PER se limite d\u00e9sormais au plafond individuel pour celui ou celle qui est \u00e2g\u00e9 de moins de 70 ans.<\/p>\n","protected":false},"excerpt":{"rendered":"<p>Pour l\u2019administration fiscale, il n\u2019est d\u00e9sormais plus possible de mutualiser les versements d\u00e9ductibles sur un plan d\u2019\u00e9pargne retraite (PER), entre \u00e9poux ou partenaires de Pacs, l\u2019ann\u00e9e suivant les 70 ans de l\u2019un des membres du foyer fiscal. Au sein d\u2019un couple mari\u00e9 ou pacs\u00e9, lorsque l\u2019un des deux \u00e9poux ou partenaires de Pacs, titulaire d\u2019un&#8230;<\/p>\n","protected":false},"author":13709,"featured_media":0,"comment_status":"closed","ping_status":"closed","sticky":false,"template":"","format":"standard","meta":{"footnotes":""},"categories":[1],"tags":[],"class_list":["post-1655","post","type-post","status-publish","format-standard","hentry","category-a-la-une"],"acf":[],"yoast_head":"<!-- This site is optimized with the Yoast SEO plugin v24.9 - https:\/\/yoast.com\/wordpress\/plugins\/seo\/ -->\n<title>PER : la mutualisation des plafonds cesse apr\u00e8s les 70 ans d&#039;un conjoint<\/title>\n<meta name=\"description\" content=\"Mutualiser les versements d\u00e9ductibles sur un PER, entre \u00e9poux ou partenaires de Pacs, n&#039;est plus possible l\u2019ann\u00e9e suivant les 70 ans d&#039;un des conjoints.\" \/>\n<meta name=\"robots\" content=\"index, follow, max-snippet:-1, max-image-preview:large, max-video-preview:-1\" \/>\n<link rel=\"canonical\" href=\"https:\/\/www.toutsurmesfinances.com\/actualites\/a\/per-la-mutualisation-des-plafonds-cesse-apres-les-70-ans-d-un-conjoint\" \/>\n<meta property=\"og:locale\" content=\"fr_FR\" \/>\n<meta property=\"og:type\" content=\"article\" \/>\n<meta property=\"og:title\" content=\"PER : la mutualisation des plafonds cesse apr\u00e8s les 70 ans d&#039;un conjoint\" \/>\n<meta property=\"og:description\" content=\"Mutualiser les versements d\u00e9ductibles sur un PER, entre \u00e9poux ou partenaires de Pacs, n&#039;est plus possible l\u2019ann\u00e9e suivant les 70 ans d&#039;un des conjoints.\" \/>\n<meta property=\"og:url\" content=\"https:\/\/www.toutsurmesfinances.com\/actualites\/a\/per-la-mutualisation-des-plafonds-cesse-apres-les-70-ans-d-un-conjoint\" \/>\n<meta property=\"og:site_name\" content=\"Actualit\u00e9s\" \/>\n<meta property=\"article:published_time\" content=\"2026-08-31T07:27:53+00:00\" \/>\n<meta name=\"author\" content=\"Olivier Brunet\" \/>\n<meta name=\"twitter:card\" content=\"summary_large_image\" \/>\n<meta name=\"twitter:label1\" content=\"\u00c9crit par\" \/>\n\t<meta name=\"twitter:data1\" content=\"Olivier Brunet\" \/>\n\t<meta name=\"twitter:label2\" content=\"Dur\u00e9e de lecture estim\u00e9e\" \/>\n\t<meta name=\"twitter:data2\" content=\"2 minutes\" \/>\n<script type=\"application\/ld+json\" class=\"yoast-schema-graph\">{\"@context\":\"https:\/\/schema.org\",\"@graph\":[{\"@type\":\"WebPage\",\"@id\":\"https:\/\/www.toutsurmesfinances.com\/actualites\/a\/per-la-mutualisation-des-plafonds-cesse-apres-les-70-ans-d-un-conjoint\",\"url\":\"https:\/\/www.toutsurmesfinances.com\/actualites\/a\/per-la-mutualisation-des-plafonds-cesse-apres-les-70-ans-d-un-conjoint\",\"name\":\"PER : la mutualisation des plafonds cesse apr\u00e8s les 70 ans d'un conjoint\",\"isPartOf\":{\"@id\":\"https:\/\/www.toutsurmesfinances.com\/actualites\/#website\"},\"author\":{\"@id\":\"https:\/\/www.toutsurmesfinances.com\/actualites\/#\/schema\/person\/f3692b3163890cd1408bd0dc68a1b55a\"},\"description\":\"Mutualiser les versements d\u00e9ductibles sur un PER, entre \u00e9poux ou partenaires de Pacs, n'est plus possible l\u2019ann\u00e9e suivant les 70 ans d'un des conjoints.\",\"breadcrumb\":{\"@id\":\"https:\/\/www.toutsurmesfinances.com\/actualites\/a\/per-la-mutualisation-des-plafonds-cesse-apres-les-70-ans-d-un-conjoint#breadcrumb\"},\"inLanguage\":\"fr-FR\",\"potentialAction\":[{\"@type\":\"ReadAction\",\"target\":[\"https:\/\/www.toutsurmesfinances.com\/actualites\/a\/per-la-mutualisation-des-plafonds-cesse-apres-les-70-ans-d-un-conjoint\"]}]},{\"@type\":\"BreadcrumbList\",\"@id\":\"https:\/\/www.toutsurmesfinances.com\/actualites\/a\/per-la-mutualisation-des-plafonds-cesse-apres-les-70-ans-d-un-conjoint#breadcrumb\",\"itemListElement\":[{\"@type\":\"ListItem\",\"position\":1,\"name\":\"Accueil\",\"item\":\"https:\/\/www.toutsurmesfinances.com\/actualites\/\"},{\"@type\":\"ListItem\",\"position\":2,\"name\":\"PER : la mutualisation des plafonds cesse apr\u00e8s les 70 ans d&rsquo;un conjoint\"}]},{\"@type\":\"WebSite\",\"@id\":\"https:\/\/www.toutsurmesfinances.com\/actualites\/#website\",\"url\":\"https:\/\/www.toutsurmesfinances.com\/actualites\/\",\"name\":\"Actualit\u00e9s\",\"description\":\"\",\"potentialAction\":[{\"@type\":\"SearchAction\",\"target\":{\"@type\":\"EntryPoint\",\"urlTemplate\":\"https:\/\/www.toutsurmesfinances.com\/actualites\/?s={search_term_string}\"},\"query-input\":{\"@type\":\"PropertyValueSpecification\",\"valueRequired\":true,\"valueName\":\"search_term_string\"}}],\"inLanguage\":\"fr-FR\"},{\"@type\":\"Person\",\"@id\":\"https:\/\/www.toutsurmesfinances.com\/actualites\/#\/schema\/person\/f3692b3163890cd1408bd0dc68a1b55a\",\"name\":\"Olivier Brunet\",\"image\":{\"@type\":\"ImageObject\",\"inLanguage\":\"fr-FR\",\"@id\":\"https:\/\/www.toutsurmesfinances.com\/actualites\/#\/schema\/person\/image\/\",\"url\":\"https:\/\/secure.gravatar.com\/avatar\/59a19214b7bb3163a27d873fa61f9a80?s=96&d=mm&r=g\",\"contentUrl\":\"https:\/\/secure.gravatar.com\/avatar\/59a19214b7bb3163a27d873fa61f9a80?s=96&d=mm&r=g\",\"caption\":\"Olivier Brunet\"},\"description\":\"Olivier Brunet est cofondateur de\u00a0ToutSurMesFinances.com\u00a0et r\u00e9dacteur en chef sp\u00e9cialis\u00e9 en placements et fiscalit\u00e9\u00a0des particuliers. Pr\u00e9sent\u00a0au sein du\u00a0m\u00e9dia\u00a0depuis sa cr\u00e9ation, il en est l\u2019un des piliers \u00e9ditoriaux. Il analyse les strat\u00e9gies d\u2019investissement,\u00a0suit\u00a0les \u00e9volutions fiscales et les\u00a0probl\u00e9matiques\u00a0patrimoniales\u00a0avec une vision long terme, forg\u00e9e par des ann\u00e9es de pratique et de suivi des march\u00e9s.\u00a0\",\"sameAs\":[\"https:\/\/www.toutsurmesfinances.com\/author\/olivier\",\"https:\/\/www.linkedin.com\/in\/obrunet\/\"]}]}<\/script>\n<!-- \/ Yoast SEO plugin. -->","yoast_head_json":{"title":"PER : la mutualisation des plafonds cesse apr\u00e8s les 70 ans d'un conjoint","description":"Mutualiser les versements d\u00e9ductibles sur un PER, entre \u00e9poux ou partenaires de Pacs, n'est plus possible l\u2019ann\u00e9e suivant les 70 ans d'un des conjoints.","robots":{"index":"index","follow":"follow","max-snippet":"max-snippet:-1","max-image-preview":"max-image-preview:large","max-video-preview":"max-video-preview:-1"},"canonical":"https:\/\/www.toutsurmesfinances.com\/actualites\/a\/per-la-mutualisation-des-plafonds-cesse-apres-les-70-ans-d-un-conjoint","og_locale":"fr_FR","og_type":"article","og_title":"PER : la mutualisation des plafonds cesse apr\u00e8s les 70 ans d'un conjoint","og_description":"Mutualiser les versements d\u00e9ductibles sur un PER, entre \u00e9poux ou partenaires de Pacs, n'est plus possible l\u2019ann\u00e9e suivant les 70 ans d'un des conjoints.","og_url":"https:\/\/www.toutsurmesfinances.com\/actualites\/a\/per-la-mutualisation-des-plafonds-cesse-apres-les-70-ans-d-un-conjoint","og_site_name":"Actualit\u00e9s","article_published_time":"2026-08-31T07:27:53+00:00","author":"Olivier Brunet","twitter_card":"summary_large_image","twitter_misc":{"\u00c9crit par":"Olivier Brunet","Dur\u00e9e de lecture estim\u00e9e":"2 minutes"},"schema":{"@context":"https:\/\/schema.org","@graph":[{"@type":"WebPage","@id":"https:\/\/www.toutsurmesfinances.com\/actualites\/a\/per-la-mutualisation-des-plafonds-cesse-apres-les-70-ans-d-un-conjoint","url":"https:\/\/www.toutsurmesfinances.com\/actualites\/a\/per-la-mutualisation-des-plafonds-cesse-apres-les-70-ans-d-un-conjoint","name":"PER : la mutualisation des plafonds cesse apr\u00e8s les 70 ans d'un conjoint","isPartOf":{"@id":"https:\/\/www.toutsurmesfinances.com\/actualites\/#website"},"author":{"@id":"https:\/\/www.toutsurmesfinances.com\/actualites\/#\/schema\/person\/f3692b3163890cd1408bd0dc68a1b55a"},"description":"Mutualiser les versements d\u00e9ductibles sur un PER, entre \u00e9poux ou partenaires de Pacs, n'est plus possible l\u2019ann\u00e9e suivant les 70 ans d'un des conjoints.","breadcrumb":{"@id":"https:\/\/www.toutsurmesfinances.com\/actualites\/a\/per-la-mutualisation-des-plafonds-cesse-apres-les-70-ans-d-un-conjoint#breadcrumb"},"inLanguage":"fr-FR","potentialAction":[{"@type":"ReadAction","target":["https:\/\/www.toutsurmesfinances.com\/actualites\/a\/per-la-mutualisation-des-plafonds-cesse-apres-les-70-ans-d-un-conjoint"]}]},{"@type":"BreadcrumbList","@id":"https:\/\/www.toutsurmesfinances.com\/actualites\/a\/per-la-mutualisation-des-plafonds-cesse-apres-les-70-ans-d-un-conjoint#breadcrumb","itemListElement":[{"@type":"ListItem","position":1,"name":"Accueil","item":"https:\/\/www.toutsurmesfinances.com\/actualites\/"},{"@type":"ListItem","position":2,"name":"PER : la mutualisation des plafonds cesse apr\u00e8s les 70 ans d&rsquo;un conjoint"}]},{"@type":"WebSite","@id":"https:\/\/www.toutsurmesfinances.com\/actualites\/#website","url":"https:\/\/www.toutsurmesfinances.com\/actualites\/","name":"Actualit\u00e9s","description":"","potentialAction":[{"@type":"SearchAction","target":{"@type":"EntryPoint","urlTemplate":"https:\/\/www.toutsurmesfinances.com\/actualites\/?s={search_term_string}"},"query-input":{"@type":"PropertyValueSpecification","valueRequired":true,"valueName":"search_term_string"}}],"inLanguage":"fr-FR"},{"@type":"Person","@id":"https:\/\/www.toutsurmesfinances.com\/actualites\/#\/schema\/person\/f3692b3163890cd1408bd0dc68a1b55a","name":"Olivier Brunet","image":{"@type":"ImageObject","inLanguage":"fr-FR","@id":"https:\/\/www.toutsurmesfinances.com\/actualites\/#\/schema\/person\/image\/","url":"https:\/\/secure.gravatar.com\/avatar\/59a19214b7bb3163a27d873fa61f9a80?s=96&d=mm&r=g","contentUrl":"https:\/\/secure.gravatar.com\/avatar\/59a19214b7bb3163a27d873fa61f9a80?s=96&d=mm&r=g","caption":"Olivier Brunet"},"description":"Olivier Brunet est cofondateur de\u00a0ToutSurMesFinances.com\u00a0et r\u00e9dacteur en chef sp\u00e9cialis\u00e9 en placements et fiscalit\u00e9\u00a0des particuliers. Pr\u00e9sent\u00a0au sein du\u00a0m\u00e9dia\u00a0depuis sa cr\u00e9ation, il en est l\u2019un des piliers \u00e9ditoriaux. Il analyse les strat\u00e9gies d\u2019investissement,\u00a0suit\u00a0les \u00e9volutions fiscales et les\u00a0probl\u00e9matiques\u00a0patrimoniales\u00a0avec une vision long terme, forg\u00e9e par des ann\u00e9es de pratique et de suivi des march\u00e9s.\u00a0","sameAs":["https:\/\/www.toutsurmesfinances.com\/author\/olivier","https:\/\/www.linkedin.com\/in\/obrunet\/"]}]}},"_links":{"self":[{"href":"https:\/\/www.toutsurmesfinances.com\/actualites\/wp-json\/wp\/v2\/posts\/1655","targetHints":{"allow":["GET"]}}],"collection":[{"href":"https:\/\/www.toutsurmesfinances.com\/actualites\/wp-json\/wp\/v2\/posts"}],"about":[{"href":"https:\/\/www.toutsurmesfinances.com\/actualites\/wp-json\/wp\/v2\/types\/post"}],"author":[{"embeddable":true,"href":"https:\/\/www.toutsurmesfinances.com\/actualites\/wp-json\/wp\/v2\/users\/13709"}],"replies":[{"embeddable":true,"href":"https:\/\/www.toutsurmesfinances.com\/actualites\/wp-json\/wp\/v2\/comments?post=1655"}],"version-history":[{"count":1,"href":"https:\/\/www.toutsurmesfinances.com\/actualites\/wp-json\/wp\/v2\/posts\/1655\/revisions"}],"predecessor-version":[{"id":1658,"href":"https:\/\/www.toutsurmesfinances.com\/actualites\/wp-json\/wp\/v2\/posts\/1655\/revisions\/1658"}],"wp:attachment":[{"href":"https:\/\/www.toutsurmesfinances.com\/actualites\/wp-json\/wp\/v2\/media?parent=1655"}],"wp:term":[{"taxonomy":"category","embeddable":true,"href":"https:\/\/www.toutsurmesfinances.com\/actualites\/wp-json\/wp\/v2\/categories?post=1655"},{"taxonomy":"post_tag","embeddable":true,"href":"https:\/\/www.toutsurmesfinances.com\/actualites\/wp-json\/wp\/v2\/tags?post=1655"}],"curies":[{"name":"wp","href":"https:\/\/api.w.org\/{rel}","templated":true}]}}