{"id":1668,"date":"2026-08-31T12:01:52","date_gmt":"2026-08-31T10:01:52","guid":{"rendered":"https:\/\/www.toutsurmesfinances.com\/actualites\/?p=1668"},"modified":"2026-08-31T12:18:40","modified_gmt":"2026-08-31T10:18:40","slug":"maprimerenov-coup-de-rabot-sur-les-travaux-aides-des-le-1er-septembre","status":"publish","type":"post","link":"https:\/\/www.toutsurmesfinances.com\/actualites\/a\/maprimerenov-coup-de-rabot-sur-les-travaux-aides-des-le-1er-septembre","title":{"rendered":"MaPrimeR\u00e9nov\u2019 : coup de rabot sur les travaux aid\u00e9s d\u00e8s le 1er septembre"},"content":{"rendered":"<p>Le champ des travaux financ\u00e9s par MaPrimeR\u00e9nov\u2019 se resserre \u00e0 nouveau. \u00c0 partir du 1er septembre 2026, plusieurs d\u00e9penses de r\u00e9novation \u00e9nerg\u00e9tique sortent du dispositif. Un d\u00e9cret et deux arr\u00eat\u00e9s du 25 ao\u00fbt 2026, publi\u00e9s le 27 ao\u00fbt au Journal officiel, fixent ces nouvelles r\u00e8gles. Elles s\u2019appliquent, sauf exceptions pr\u00e9vues par les textes, aux demandes de prime d\u00e9pos\u00e9es \u00e0 compter du 1er septembre. Le dispositif <a href=\"https:\/\/www.toutsurmesfinances.com\/immobilier\/prime-unique-a-la-renovation-energetique-ex-cite-mode-demploi.html\">MaPrimeR\u00e9nov\u2019<\/a> reste organis\u00e9 autour d\u2019un parcours par geste et d\u2019un parcours accompagn\u00e9 pour les r\u00e9novations d\u2019ampleur.<\/p>\n<h2><span class=\"ez-toc-section\" id=\"MaPrimeRenov_non_attribuee_si_un_chauffage_au_gaz_demeure_apres_les_travaux\"><\/span>MaPrimeR\u00e9nov\u2019 non attribu\u00e9e si un chauffage au gaz demeure apr\u00e8s les travaux<span class=\"ez-toc-section-end\"><\/span><\/h2>\n<p>Premier changement pour les r\u00e9novations d\u2019ampleur : en maison individuelle, les travaux ne doivent plus conduire \u00e0 installer ou \u00e0 conserver un syst\u00e8me de chauffage ou de production d\u2019eau chaude sanitaire comprenant au moins un \u00e9quipement susceptible d\u2019utiliser des combustibles fossiles. En pratique, si un chauffage au gaz est conserv\u00e9 apr\u00e8s les travaux, MaPrimeR\u00e9nov\u2019 ne sera pas attribu\u00e9e. Les raccordements \u00e0 un r\u00e9seau de chaleur ou de froid \u00e9chappent \u00e0 cette r\u00e8gle. Les pompes \u00e0 chaleur dot\u00e9es d\u2019un appoint utilisant des combustibles fossiles ne peuvent plus non plus \u00eatre financ\u00e9es ainsi. Cette \u00e9volution s\u2019inscrit dans le cadre du plan d\u2019\u00e9lectrification pr\u00e9sent\u00e9 au printemps 2026 par le gouvernement.<\/p>\n<h2><span class=\"ez-toc-section\" id=\"MaPrimeRenov_par_geste_ce_qui_sort_du_dispositif\"><\/span>MaPrimeR\u00e9nov\u2019 par geste : ce qui sort du dispositif<span class=\"ez-toc-section-end\"><\/span><\/h2>\n<p>Le parcours par geste subit lui aussi un s\u00e9rieux coup de rabot. Pour les demandes d\u00e9pos\u00e9es \u00e0 compter du 1er septembre 2026, disparaissent notamment les forfaits pour les \u00e9quipements ind\u00e9pendants de chauffage ou d\u2019eau chaude au bois ou autres biomasses, les pompes \u00e0 chaleur d\u00e9di\u00e9es \u00e0 l\u2019eau chaude sanitaire, les syst\u00e8mes de ventilation et les travaux d\u2019isolation thermique. Sont \u00e9galement retir\u00e9s certains \u00e9quipements de chauffage et, en m\u00e9tropole, les \u00e9quipements solaires thermiques ou \u00e0 capteurs solaires hybrides (r\u00e9cup\u00e9rant \u00e0 la fois la chaleur solaire et les rayons pour les transformer en \u00e9lectricit\u00e9).<\/p>\n<p>Tout ne dispara\u00eet pas pour autant du <a href=\"https:\/\/www.toutsurmesfinances.com\/immobilier\/prime-unique-a-la-renovation-energetique-ex-cite-mode-demploi.html\">parcours MaPrimeR\u00e9nov\u2019 par geste<\/a>. Restent notamment dans la liste des d\u00e9penses \u00e9ligibles les pompes \u00e0 chaleur air\/eau, g\u00e9othermiques ou solarothermiques (hybrides), le raccordement \u00e0 un r\u00e9seau de chaleur ou de froid, la d\u00e9pose d\u2019une cuve \u00e0 fioul et l\u2019audit \u00e9nerg\u00e9tique. En m\u00e9tropole, l\u2019acc\u00e8s au parcours par geste est par ailleurs prolong\u00e9 jusqu\u2019au 31 d\u00e9cembre 2027 pour les logements class\u00e9s F ou G. Pour les gestes qui restent \u00e9ligibles, l\u2019obligation de fournir un diagnostic de performance \u00e9nerg\u00e9tique (DPE) en France m\u00e9tropolitaine est en outre repouss\u00e9e d&rsquo;un an, au 1er janvier 2028.<\/p>\n<p>La sortie de certains travaux de MaPrimeR\u00e9nov\u2019 ne signifie pas qu\u2019ils deviennent in\u00e9ligibles \u00e0 tout financement public. L\u2019arr\u00eat\u00e9 du 25 ao\u00fbt pr\u00e9cise que les travaux \u00e9ligibles \u00e0 <a href=\"https:\/\/www.toutsurmesfinances.com\/immobilier\/eco-ptz-les-conditions-en-vigueur-en-2015.html\">l\u2019\u00e9co-pr\u00eat \u00e0 taux z\u00e9ro<\/a> restent inchang\u00e9s. Les crit\u00e8res techniques supprim\u00e9s de MaPrimeR\u00e9nov\u2019 sont repris dans les r\u00e8gles de l\u2019\u00e9co-PTZ afin de maintenir ces travaux dans son p\u00e9rim\u00e8tre.<\/p>\n","protected":false},"excerpt":{"rendered":"<p>\u00c0 compter du 1er septembre 2026, MaPrimeR\u00e9nov\u2019 exclut de nouveaux travaux et durcit les r\u00e9novations d\u2019ampleur des maisons individuelles.<\/p>\n","protected":false},"author":13709,"featured_media":1670,"comment_status":"closed","ping_status":"closed","sticky":false,"template":"","format":"standard","meta":{"footnotes":""},"categories":[1],"tags":[],"class_list":["post-1668","post","type-post","status-publish","format-standard","has-post-thumbnail","hentry","category-a-la-une"],"acf":[],"yoast_head":"<!-- This site is optimized with the Yoast SEO plugin v24.9 - https:\/\/yoast.com\/wordpress\/plugins\/seo\/ -->\n<title>MaPrimeR\u00e9nov\u2019 : coup de rabot sur les travaux aid\u00e9s d\u00e8s le 1er septembre<\/title>\n<meta name=\"description\" content=\"MaPrimeR\u00e9nov\u2019 se durcit au 1er septembre 2026 : chauffage au gaz, isolation, bois, ventilation\u2026 D\u00e9couvrez les travaux d\u00e9sormais exclus\" \/>\n<meta name=\"robots\" content=\"index, follow, max-snippet:-1, max-image-preview:large, max-video-preview:-1\" \/>\n<link rel=\"canonical\" href=\"https:\/\/www.toutsurmesfinances.com\/actualites\/a\/maprimerenov-coup-de-rabot-sur-les-travaux-aides-des-le-1er-septembre\" \/>\n<meta property=\"og:locale\" content=\"fr_FR\" \/>\n<meta property=\"og:type\" content=\"article\" \/>\n<meta property=\"og:title\" content=\"MaPrimeR\u00e9nov\u2019 : coup de rabot sur les travaux aid\u00e9s d\u00e8s le 1er septembre\" \/>\n<meta property=\"og:description\" content=\"MaPrimeR\u00e9nov\u2019 se durcit au 1er septembre 2026 : chauffage au gaz, isolation, bois, ventilation\u2026 D\u00e9couvrez les travaux d\u00e9sormais exclus\" \/>\n<meta property=\"og:url\" content=\"https:\/\/www.toutsurmesfinances.com\/actualites\/a\/maprimerenov-coup-de-rabot-sur-les-travaux-aides-des-le-1er-septembre\" \/>\n<meta property=\"og:site_name\" content=\"Actualit\u00e9s\" \/>\n<meta property=\"article:published_time\" content=\"2026-08-31T10:01:52+00:00\" \/>\n<meta property=\"article:modified_time\" content=\"2026-08-31T10:18:40+00:00\" \/>\n<meta property=\"og:image\" content=\"https:\/\/www.toutsurmesfinances.com\/actualites\/wp-content\/uploads\/sites\/12\/2026\/08\/maprimerenov-restrictions-septembre2026-scaled.webp\" \/>\n\t<meta property=\"og:image:width\" content=\"823\" \/>\n\t<meta property=\"og:image:height\" content=\"463\" \/>\n\t<meta property=\"og:image:type\" content=\"image\/webp\" \/>\n<meta name=\"author\" content=\"Olivier Brunet\" \/>\n<meta name=\"twitter:card\" content=\"summary_large_image\" \/>\n<meta name=\"twitter:label1\" content=\"\u00c9crit par\" \/>\n\t<meta name=\"twitter:data1\" content=\"Olivier Brunet\" \/>\n\t<meta name=\"twitter:label2\" content=\"Dur\u00e9e de lecture estim\u00e9e\" \/>\n\t<meta name=\"twitter:data2\" content=\"3 minutes\" \/>\n<script type=\"application\/ld+json\" class=\"yoast-schema-graph\">{\"@context\":\"https:\/\/schema.org\",\"@graph\":[{\"@type\":\"WebPage\",\"@id\":\"https:\/\/www.toutsurmesfinances.com\/actualites\/a\/maprimerenov-coup-de-rabot-sur-les-travaux-aides-des-le-1er-septembre\",\"url\":\"https:\/\/www.toutsurmesfinances.com\/actualites\/a\/maprimerenov-coup-de-rabot-sur-les-travaux-aides-des-le-1er-septembre\",\"name\":\"MaPrimeR\u00e9nov\u2019 : coup de rabot sur les travaux aid\u00e9s d\u00e8s le 1er septembre\",\"isPartOf\":{\"@id\":\"https:\/\/www.toutsurmesfinances.com\/actualites\/#website\"},\"primaryImageOfPage\":{\"@id\":\"https:\/\/www.toutsurmesfinances.com\/actualites\/a\/maprimerenov-coup-de-rabot-sur-les-travaux-aides-des-le-1er-septembre#primaryimage\"},\"image\":{\"@id\":\"https:\/\/www.toutsurmesfinances.com\/actualites\/a\/maprimerenov-coup-de-rabot-sur-les-travaux-aides-des-le-1er-septembre#primaryimage\"},\"thumbnailUrl\":\"https:\/\/www.toutsurmesfinances.com\/actualites\/wp-content\/uploads\/sites\/12\/2026\/08\/maprimerenov-restrictions-septembre2026-scaled.webp\",\"dateModified\":\"2026-08-31T10:18:40+00:00\",\"author\":{\"@id\":\"https:\/\/www.toutsurmesfinances.com\/actualites\/#\/schema\/person\/f3692b3163890cd1408bd0dc68a1b55a\"},\"description\":\"MaPrimeR\u00e9nov\u2019 se durcit au 1er septembre 2026 : chauffage au gaz, isolation, bois, ventilation\u2026 D\u00e9couvrez les travaux d\u00e9sormais exclus\",\"breadcrumb\":{\"@id\":\"https:\/\/www.toutsurmesfinances.com\/actualites\/a\/maprimerenov-coup-de-rabot-sur-les-travaux-aides-des-le-1er-septembre#breadcrumb\"},\"inLanguage\":\"fr-FR\",\"potentialAction\":[{\"@type\":\"ReadAction\",\"target\":[\"https:\/\/www.toutsurmesfinances.com\/actualites\/a\/maprimerenov-coup-de-rabot-sur-les-travaux-aides-des-le-1er-septembre\"]}]},{\"@type\":\"ImageObject\",\"inLanguage\":\"fr-FR\",\"@id\":\"https:\/\/www.toutsurmesfinances.com\/actualites\/a\/maprimerenov-coup-de-rabot-sur-les-travaux-aides-des-le-1er-septembre#primaryimage\",\"url\":\"https:\/\/www.toutsurmesfinances.com\/actualites\/wp-content\/uploads\/sites\/12\/2026\/08\/maprimerenov-restrictions-septembre2026-scaled.webp\",\"contentUrl\":\"https:\/\/www.toutsurmesfinances.com\/actualites\/wp-content\/uploads\/sites\/12\/2026\/08\/maprimerenov-restrictions-septembre2026-scaled.webp\",\"width\":823,\"height\":463,\"caption\":\"MaPrimeR\u00e9nov' : moins de travaux aid\u00e9s au 1er septembre\"},{\"@type\":\"BreadcrumbList\",\"@id\":\"https:\/\/www.toutsurmesfinances.com\/actualites\/a\/maprimerenov-coup-de-rabot-sur-les-travaux-aides-des-le-1er-septembre#breadcrumb\",\"itemListElement\":[{\"@type\":\"ListItem\",\"position\":1,\"name\":\"Accueil\",\"item\":\"https:\/\/www.toutsurmesfinances.com\/actualites\/\"},{\"@type\":\"ListItem\",\"position\":2,\"name\":\"MaPrimeR\u00e9nov\u2019 : coup de rabot sur les travaux aid\u00e9s d\u00e8s le 1er septembre\"}]},{\"@type\":\"WebSite\",\"@id\":\"https:\/\/www.toutsurmesfinances.com\/actualites\/#website\",\"url\":\"https:\/\/www.toutsurmesfinances.com\/actualites\/\",\"name\":\"Actualit\u00e9s\",\"description\":\"\",\"potentialAction\":[{\"@type\":\"SearchAction\",\"target\":{\"@type\":\"EntryPoint\",\"urlTemplate\":\"https:\/\/www.toutsurmesfinances.com\/actualites\/?s={search_term_string}\"},\"query-input\":{\"@type\":\"PropertyValueSpecification\",\"valueRequired\":true,\"valueName\":\"search_term_string\"}}],\"inLanguage\":\"fr-FR\"},{\"@type\":\"Person\",\"@id\":\"https:\/\/www.toutsurmesfinances.com\/actualites\/#\/schema\/person\/f3692b3163890cd1408bd0dc68a1b55a\",\"name\":\"Olivier Brunet\",\"image\":{\"@type\":\"ImageObject\",\"inLanguage\":\"fr-FR\",\"@id\":\"https:\/\/www.toutsurmesfinances.com\/actualites\/#\/schema\/person\/image\/\",\"url\":\"https:\/\/secure.gravatar.com\/avatar\/59a19214b7bb3163a27d873fa61f9a80?s=96&d=mm&r=g\",\"contentUrl\":\"https:\/\/secure.gravatar.com\/avatar\/59a19214b7bb3163a27d873fa61f9a80?s=96&d=mm&r=g\",\"caption\":\"Olivier Brunet\"},\"description\":\"Olivier Brunet est cofondateur de\u00a0ToutSurMesFinances.com\u00a0et r\u00e9dacteur en chef sp\u00e9cialis\u00e9 en placements et fiscalit\u00e9\u00a0des particuliers. Pr\u00e9sent\u00a0au sein du\u00a0m\u00e9dia\u00a0depuis sa cr\u00e9ation, il en est l\u2019un des piliers \u00e9ditoriaux. Il analyse les strat\u00e9gies d\u2019investissement,\u00a0suit\u00a0les \u00e9volutions fiscales et les\u00a0probl\u00e9matiques\u00a0patrimoniales\u00a0avec une vision long terme, forg\u00e9e par des ann\u00e9es de pratique et de suivi des march\u00e9s.\u00a0\",\"sameAs\":[\"https:\/\/www.toutsurmesfinances.com\/author\/olivier\",\"https:\/\/www.linkedin.com\/in\/obrunet\/\"]}]}<\/script>\n<!-- \/ Yoast SEO plugin. -->","yoast_head_json":{"title":"MaPrimeR\u00e9nov\u2019 : coup de rabot sur les travaux aid\u00e9s d\u00e8s le 1er septembre","description":"MaPrimeR\u00e9nov\u2019 se durcit au 1er septembre 2026 : chauffage au gaz, isolation, bois, ventilation\u2026 D\u00e9couvrez les travaux d\u00e9sormais exclus","robots":{"index":"index","follow":"follow","max-snippet":"max-snippet:-1","max-image-preview":"max-image-preview:large","max-video-preview":"max-video-preview:-1"},"canonical":"https:\/\/www.toutsurmesfinances.com\/actualites\/a\/maprimerenov-coup-de-rabot-sur-les-travaux-aides-des-le-1er-septembre","og_locale":"fr_FR","og_type":"article","og_title":"MaPrimeR\u00e9nov\u2019 : coup de rabot sur les travaux aid\u00e9s d\u00e8s le 1er septembre","og_description":"MaPrimeR\u00e9nov\u2019 se durcit au 1er septembre 2026 : chauffage au gaz, isolation, bois, ventilation\u2026 D\u00e9couvrez les travaux d\u00e9sormais exclus","og_url":"https:\/\/www.toutsurmesfinances.com\/actualites\/a\/maprimerenov-coup-de-rabot-sur-les-travaux-aides-des-le-1er-septembre","og_site_name":"Actualit\u00e9s","article_published_time":"2026-08-31T10:01:52+00:00","article_modified_time":"2026-08-31T10:18:40+00:00","og_image":[{"width":823,"height":463,"url":"https:\/\/www.toutsurmesfinances.com\/actualites\/wp-content\/uploads\/sites\/12\/2026\/08\/maprimerenov-restrictions-septembre2026-scaled.webp","type":"image\/webp"}],"author":"Olivier Brunet","twitter_card":"summary_large_image","twitter_misc":{"\u00c9crit par":"Olivier Brunet","Dur\u00e9e de lecture estim\u00e9e":"3 minutes"},"schema":{"@context":"https:\/\/schema.org","@graph":[{"@type":"WebPage","@id":"https:\/\/www.toutsurmesfinances.com\/actualites\/a\/maprimerenov-coup-de-rabot-sur-les-travaux-aides-des-le-1er-septembre","url":"https:\/\/www.toutsurmesfinances.com\/actualites\/a\/maprimerenov-coup-de-rabot-sur-les-travaux-aides-des-le-1er-septembre","name":"MaPrimeR\u00e9nov\u2019 : coup de rabot sur les travaux aid\u00e9s d\u00e8s le 1er septembre","isPartOf":{"@id":"https:\/\/www.toutsurmesfinances.com\/actualites\/#website"},"primaryImageOfPage":{"@id":"https:\/\/www.toutsurmesfinances.com\/actualites\/a\/maprimerenov-coup-de-rabot-sur-les-travaux-aides-des-le-1er-septembre#primaryimage"},"image":{"@id":"https:\/\/www.toutsurmesfinances.com\/actualites\/a\/maprimerenov-coup-de-rabot-sur-les-travaux-aides-des-le-1er-septembre#primaryimage"},"thumbnailUrl":"https:\/\/www.toutsurmesfinances.com\/actualites\/wp-content\/uploads\/sites\/12\/2026\/08\/maprimerenov-restrictions-septembre2026-scaled.webp","dateModified":"2026-08-31T10:18:40+00:00","author":{"@id":"https:\/\/www.toutsurmesfinances.com\/actualites\/#\/schema\/person\/f3692b3163890cd1408bd0dc68a1b55a"},"description":"MaPrimeR\u00e9nov\u2019 se durcit au 1er septembre 2026 : chauffage au gaz, isolation, bois, ventilation\u2026 D\u00e9couvrez les travaux d\u00e9sormais exclus","breadcrumb":{"@id":"https:\/\/www.toutsurmesfinances.com\/actualites\/a\/maprimerenov-coup-de-rabot-sur-les-travaux-aides-des-le-1er-septembre#breadcrumb"},"inLanguage":"fr-FR","potentialAction":[{"@type":"ReadAction","target":["https:\/\/www.toutsurmesfinances.com\/actualites\/a\/maprimerenov-coup-de-rabot-sur-les-travaux-aides-des-le-1er-septembre"]}]},{"@type":"ImageObject","inLanguage":"fr-FR","@id":"https:\/\/www.toutsurmesfinances.com\/actualites\/a\/maprimerenov-coup-de-rabot-sur-les-travaux-aides-des-le-1er-septembre#primaryimage","url":"https:\/\/www.toutsurmesfinances.com\/actualites\/wp-content\/uploads\/sites\/12\/2026\/08\/maprimerenov-restrictions-septembre2026-scaled.webp","contentUrl":"https:\/\/www.toutsurmesfinances.com\/actualites\/wp-content\/uploads\/sites\/12\/2026\/08\/maprimerenov-restrictions-septembre2026-scaled.webp","width":823,"height":463,"caption":"MaPrimeR\u00e9nov' : moins de travaux aid\u00e9s au 1er septembre"},{"@type":"BreadcrumbList","@id":"https:\/\/www.toutsurmesfinances.com\/actualites\/a\/maprimerenov-coup-de-rabot-sur-les-travaux-aides-des-le-1er-septembre#breadcrumb","itemListElement":[{"@type":"ListItem","position":1,"name":"Accueil","item":"https:\/\/www.toutsurmesfinances.com\/actualites\/"},{"@type":"ListItem","position":2,"name":"MaPrimeR\u00e9nov\u2019 : coup de rabot sur les travaux aid\u00e9s d\u00e8s le 1er septembre"}]},{"@type":"WebSite","@id":"https:\/\/www.toutsurmesfinances.com\/actualites\/#website","url":"https:\/\/www.toutsurmesfinances.com\/actualites\/","name":"Actualit\u00e9s","description":"","potentialAction":[{"@type":"SearchAction","target":{"@type":"EntryPoint","urlTemplate":"https:\/\/www.toutsurmesfinances.com\/actualites\/?s={search_term_string}"},"query-input":{"@type":"PropertyValueSpecification","valueRequired":true,"valueName":"search_term_string"}}],"inLanguage":"fr-FR"},{"@type":"Person","@id":"https:\/\/www.toutsurmesfinances.com\/actualites\/#\/schema\/person\/f3692b3163890cd1408bd0dc68a1b55a","name":"Olivier Brunet","image":{"@type":"ImageObject","inLanguage":"fr-FR","@id":"https:\/\/www.toutsurmesfinances.com\/actualites\/#\/schema\/person\/image\/","url":"https:\/\/secure.gravatar.com\/avatar\/59a19214b7bb3163a27d873fa61f9a80?s=96&d=mm&r=g","contentUrl":"https:\/\/secure.gravatar.com\/avatar\/59a19214b7bb3163a27d873fa61f9a80?s=96&d=mm&r=g","caption":"Olivier Brunet"},"description":"Olivier Brunet est cofondateur de\u00a0ToutSurMesFinances.com\u00a0et r\u00e9dacteur en chef sp\u00e9cialis\u00e9 en placements et fiscalit\u00e9\u00a0des particuliers. Pr\u00e9sent\u00a0au sein du\u00a0m\u00e9dia\u00a0depuis sa cr\u00e9ation, il en est l\u2019un des piliers \u00e9ditoriaux. Il analyse les strat\u00e9gies d\u2019investissement,\u00a0suit\u00a0les \u00e9volutions fiscales et les\u00a0probl\u00e9matiques\u00a0patrimoniales\u00a0avec une vision long terme, forg\u00e9e par des ann\u00e9es de pratique et de suivi des march\u00e9s.\u00a0","sameAs":["https:\/\/www.toutsurmesfinances.com\/author\/olivier","https:\/\/www.linkedin.com\/in\/obrunet\/"]}]}},"_links":{"self":[{"href":"https:\/\/www.toutsurmesfinances.com\/actualites\/wp-json\/wp\/v2\/posts\/1668","targetHints":{"allow":["GET"]}}],"collection":[{"href":"https:\/\/www.toutsurmesfinances.com\/actualites\/wp-json\/wp\/v2\/posts"}],"about":[{"href":"https:\/\/www.toutsurmesfinances.com\/actualites\/wp-json\/wp\/v2\/types\/post"}],"author":[{"embeddable":true,"href":"https:\/\/www.toutsurmesfinances.com\/actualites\/wp-json\/wp\/v2\/users\/13709"}],"replies":[{"embeddable":true,"href":"https:\/\/www.toutsurmesfinances.com\/actualites\/wp-json\/wp\/v2\/comments?post=1668"}],"version-history":[{"count":2,"href":"https:\/\/www.toutsurmesfinances.com\/actualites\/wp-json\/wp\/v2\/posts\/1668\/revisions"}],"predecessor-version":[{"id":1671,"href":"https:\/\/www.toutsurmesfinances.com\/actualites\/wp-json\/wp\/v2\/posts\/1668\/revisions\/1671"}],"wp:featuredmedia":[{"embeddable":true,"href":"https:\/\/www.toutsurmesfinances.com\/actualites\/wp-json\/wp\/v2\/media\/1670"}],"wp:attachment":[{"href":"https:\/\/www.toutsurmesfinances.com\/actualites\/wp-json\/wp\/v2\/media?parent=1668"}],"wp:term":[{"taxonomy":"category","embeddable":true,"href":"https:\/\/www.toutsurmesfinances.com\/actualites\/wp-json\/wp\/v2\/categories?post=1668"},{"taxonomy":"post_tag","embeddable":true,"href":"https:\/\/www.toutsurmesfinances.com\/actualites\/wp-json\/wp\/v2\/tags?post=1668"}],"curies":[{"name":"wp","href":"https:\/\/api.w.org\/{rel}","templated":true}]}}