{"id":1672,"date":"2026-08-31T14:13:06","date_gmt":"2026-08-31T12:13:06","guid":{"rendered":"https:\/\/www.toutsurmesfinances.com\/actualites\/?p=1672"},"modified":"2026-08-31T14:13:06","modified_gmt":"2026-08-31T12:13:06","slug":"rupture-conventionnelle-jusqu-a-65-mois-de-chomage-en-moins-a-partir-du-1er-septembre","status":"publish","type":"post","link":"https:\/\/www.toutsurmesfinances.com\/actualites\/a\/rupture-conventionnelle-jusqu-a-65-mois-de-chomage-en-moins-a-partir-du-1er-septembre","title":{"rendered":"Rupture conventionnelle : jusqu&rsquo;\u00e0 6,5 mois de ch\u00f4mage en moins \u00e0 partir du 1er septembre"},"content":{"rendered":"<p>Les salari\u00e9s dont le contrat de travail prend fin \u00e0 compter du mardi 1er septembre 2026 apr\u00e8s une rupture conventionnelle verront leur dur\u00e9e maximale d&rsquo;indemnisation ch\u00f4mage r\u00e9duite de 2 \u00e0 6,5 mois en France m\u00e9tropolitaine, selon leur \u00e2ge. Cette r\u00e9duction d\u00e9coule d\u2019un avenant \u00e0 la convention d&rsquo;assurance ch\u00f4mage sign\u00e9 le 10 avril 2026 par le patronat et les syndicats, puis agr\u00e9\u00e9 par un arr\u00eat\u00e9 minist\u00e9riel du 19 juin 2026.<\/p>\n<p>En France m\u00e9tropolitaine, la dur\u00e9e maximale d&rsquo;indemnisation apr\u00e8s une rupture conventionnelle individuelle passe \u00e0 15 mois pour les allocataires \u00e2g\u00e9s de moins de 55 ans, contre 18 mois jusqu&rsquo;ici. La dur\u00e9e de versement des allocations ch\u00f4mage tombe de 22,5 \u00e0 20,5 mois pour les allocataires \u00e2g\u00e9s de 55 et 56 ans, et de 27 \u00e0 20,5 mois pour ceux \u00e2g\u00e9s de 57 ans et plus.<\/p>\n<p>Seule la rupture conventionnelle individuelle est vis\u00e9e : la rupture conventionnelle collective \u00e9chappe \u00e0 la mesure.<\/p>\n<p>Sous \u00ab\u00a0certaines conditions\u00a0\u00bb, les allocataires de 55 ans et plus peuvent demander \u00e0 France Travail de prolonger leur dur\u00e9e d\u2019indemnisation. L&rsquo;op\u00e9rateur les informe de cette possibilit\u00e9 60 jours avant l&rsquo;atteinte du plafond ; la demande doit \u00eatre d\u00e9pos\u00e9e au plus tard 30 jours apr\u00e8s. Elle est accord\u00e9e \u00ab\u00a0apr\u00e8s examen des d\u00e9marches de recherche d\u2019emploi\u00a0\u00bb.<\/p>\n<p>OB\/JPD<\/p>\n","protected":false},"excerpt":{"rendered":"<p>Les salari\u00e9s dont le contrat de travail prend fin \u00e0 compter du mardi 1er septembre 2026 apr\u00e8s une rupture conventionnelle verront leur dur\u00e9e maximale d&rsquo;indemnisation ch\u00f4mage r\u00e9duite de 2 \u00e0 6,5 mois en France m\u00e9tropolitaine, selon leur \u00e2ge. Cette r\u00e9duction d\u00e9coule d\u2019un avenant \u00e0 la convention d&rsquo;assurance ch\u00f4mage sign\u00e9 le 10 avril 2026 par le&#8230;<\/p>\n","protected":false},"author":13718,"featured_media":0,"comment_status":"closed","ping_status":"closed","sticky":false,"template":"","format":"standard","meta":{"footnotes":""},"categories":[1],"tags":[],"class_list":["post-1672","post","type-post","status-publish","format-standard","hentry","category-a-la-une"],"acf":[],"yoast_head":"<!-- This site is optimized with the Yoast SEO plugin v24.9 - https:\/\/yoast.com\/wordpress\/plugins\/seo\/ -->\n<title>Rupture conventionnelle : jusqu&#039;\u00e0 6,5 mois de ch\u00f4mage en moins \u00e0 partir du 1er septembre<\/title>\n<meta name=\"description\" content=\"Rupture conventionnelle \u00e0 partir du 1er septembre 2026 : ce que vous perdez sur votre dur\u00e9e d&#039;indemnisation du ch\u00f4mage, selon votre \u00e2ge\" \/>\n<meta name=\"robots\" content=\"index, follow, max-snippet:-1, max-image-preview:large, max-video-preview:-1\" \/>\n<link rel=\"canonical\" href=\"https:\/\/www.toutsurmesfinances.com\/actualites\/a\/rupture-conventionnelle-jusqu-a-65-mois-de-chomage-en-moins-a-partir-du-1er-septembre\" \/>\n<meta property=\"og:locale\" content=\"fr_FR\" \/>\n<meta property=\"og:type\" content=\"article\" \/>\n<meta property=\"og:title\" content=\"Rupture conventionnelle : jusqu&#039;\u00e0 6,5 mois de ch\u00f4mage en moins \u00e0 partir du 1er septembre\" \/>\n<meta property=\"og:description\" content=\"Rupture conventionnelle \u00e0 partir du 1er septembre 2026 : ce que vous perdez sur votre dur\u00e9e d&#039;indemnisation du ch\u00f4mage, selon votre \u00e2ge\" \/>\n<meta property=\"og:url\" content=\"https:\/\/www.toutsurmesfinances.com\/actualites\/a\/rupture-conventionnelle-jusqu-a-65-mois-de-chomage-en-moins-a-partir-du-1er-septembre\" \/>\n<meta property=\"og:site_name\" content=\"Actualit\u00e9s\" \/>\n<meta property=\"article:published_time\" content=\"2026-08-31T12:13:06+00:00\" \/>\n<meta name=\"author\" content=\"L&#039;\u00e9quipe de r\u00e9daction\" \/>\n<meta name=\"twitter:card\" content=\"summary_large_image\" \/>\n<meta name=\"twitter:label1\" content=\"\u00c9crit par\" \/>\n\t<meta name=\"twitter:data1\" content=\"L&#039;\u00e9quipe de r\u00e9daction\" \/>\n\t<meta name=\"twitter:label2\" content=\"Dur\u00e9e de lecture estim\u00e9e\" \/>\n\t<meta name=\"twitter:data2\" content=\"2 minutes\" \/>\n<script type=\"application\/ld+json\" class=\"yoast-schema-graph\">{\"@context\":\"https:\/\/schema.org\",\"@graph\":[{\"@type\":\"WebPage\",\"@id\":\"https:\/\/www.toutsurmesfinances.com\/actualites\/a\/rupture-conventionnelle-jusqu-a-65-mois-de-chomage-en-moins-a-partir-du-1er-septembre\",\"url\":\"https:\/\/www.toutsurmesfinances.com\/actualites\/a\/rupture-conventionnelle-jusqu-a-65-mois-de-chomage-en-moins-a-partir-du-1er-septembre\",\"name\":\"Rupture conventionnelle : jusqu'\u00e0 6,5 mois de ch\u00f4mage en moins \u00e0 partir du 1er septembre\",\"isPartOf\":{\"@id\":\"https:\/\/www.toutsurmesfinances.com\/actualites\/#website\"},\"author\":{\"@id\":\"https:\/\/www.toutsurmesfinances.com\/actualites\/#\/schema\/person\/19a038f31d078d13966363e7ab7343c6\"},\"description\":\"Rupture conventionnelle \u00e0 partir du 1er septembre 2026 : ce que vous perdez sur votre dur\u00e9e d'indemnisation du ch\u00f4mage, selon votre \u00e2ge\",\"breadcrumb\":{\"@id\":\"https:\/\/www.toutsurmesfinances.com\/actualites\/a\/rupture-conventionnelle-jusqu-a-65-mois-de-chomage-en-moins-a-partir-du-1er-septembre#breadcrumb\"},\"inLanguage\":\"fr-FR\",\"potentialAction\":[{\"@type\":\"ReadAction\",\"target\":[\"https:\/\/www.toutsurmesfinances.com\/actualites\/a\/rupture-conventionnelle-jusqu-a-65-mois-de-chomage-en-moins-a-partir-du-1er-septembre\"]}]},{\"@type\":\"BreadcrumbList\",\"@id\":\"https:\/\/www.toutsurmesfinances.com\/actualites\/a\/rupture-conventionnelle-jusqu-a-65-mois-de-chomage-en-moins-a-partir-du-1er-septembre#breadcrumb\",\"itemListElement\":[{\"@type\":\"ListItem\",\"position\":1,\"name\":\"Accueil\",\"item\":\"https:\/\/www.toutsurmesfinances.com\/actualites\/\"},{\"@type\":\"ListItem\",\"position\":2,\"name\":\"Rupture conventionnelle : jusqu&rsquo;\u00e0 6,5 mois de ch\u00f4mage en moins \u00e0 partir du 1er septembre\"}]},{\"@type\":\"WebSite\",\"@id\":\"https:\/\/www.toutsurmesfinances.com\/actualites\/#website\",\"url\":\"https:\/\/www.toutsurmesfinances.com\/actualites\/\",\"name\":\"Actualit\u00e9s\",\"description\":\"\",\"potentialAction\":[{\"@type\":\"SearchAction\",\"target\":{\"@type\":\"EntryPoint\",\"urlTemplate\":\"https:\/\/www.toutsurmesfinances.com\/actualites\/?s={search_term_string}\"},\"query-input\":{\"@type\":\"PropertyValueSpecification\",\"valueRequired\":true,\"valueName\":\"search_term_string\"}}],\"inLanguage\":\"fr-FR\"},{\"@type\":\"Person\",\"@id\":\"https:\/\/www.toutsurmesfinances.com\/actualites\/#\/schema\/person\/19a038f31d078d13966363e7ab7343c6\",\"name\":\"L'\u00e9quipe de r\u00e9daction\",\"image\":{\"@type\":\"ImageObject\",\"inLanguage\":\"fr-FR\",\"@id\":\"https:\/\/www.toutsurmesfinances.com\/actualites\/#\/schema\/person\/image\/\",\"url\":\"https:\/\/secure.gravatar.com\/avatar\/5d078ff23d3ce7cd29bc258e76954673?s=96&d=mm&r=g\",\"contentUrl\":\"https:\/\/secure.gravatar.com\/avatar\/5d078ff23d3ce7cd29bc258e76954673?s=96&d=mm&r=g\",\"caption\":\"L'\u00e9quipe de r\u00e9daction\"}}]}<\/script>\n<!-- \/ Yoast SEO plugin. -->","yoast_head_json":{"title":"Rupture conventionnelle : jusqu'\u00e0 6,5 mois de ch\u00f4mage en moins \u00e0 partir du 1er septembre","description":"Rupture conventionnelle \u00e0 partir du 1er septembre 2026 : ce que vous perdez sur votre dur\u00e9e d'indemnisation du ch\u00f4mage, selon votre \u00e2ge","robots":{"index":"index","follow":"follow","max-snippet":"max-snippet:-1","max-image-preview":"max-image-preview:large","max-video-preview":"max-video-preview:-1"},"canonical":"https:\/\/www.toutsurmesfinances.com\/actualites\/a\/rupture-conventionnelle-jusqu-a-65-mois-de-chomage-en-moins-a-partir-du-1er-septembre","og_locale":"fr_FR","og_type":"article","og_title":"Rupture conventionnelle : jusqu'\u00e0 6,5 mois de ch\u00f4mage en moins \u00e0 partir du 1er septembre","og_description":"Rupture conventionnelle \u00e0 partir du 1er septembre 2026 : ce que vous perdez sur votre dur\u00e9e d'indemnisation du ch\u00f4mage, selon votre \u00e2ge","og_url":"https:\/\/www.toutsurmesfinances.com\/actualites\/a\/rupture-conventionnelle-jusqu-a-65-mois-de-chomage-en-moins-a-partir-du-1er-septembre","og_site_name":"Actualit\u00e9s","article_published_time":"2026-08-31T12:13:06+00:00","author":"L'\u00e9quipe de r\u00e9daction","twitter_card":"summary_large_image","twitter_misc":{"\u00c9crit par":"L'\u00e9quipe de r\u00e9daction","Dur\u00e9e de lecture estim\u00e9e":"2 minutes"},"schema":{"@context":"https:\/\/schema.org","@graph":[{"@type":"WebPage","@id":"https:\/\/www.toutsurmesfinances.com\/actualites\/a\/rupture-conventionnelle-jusqu-a-65-mois-de-chomage-en-moins-a-partir-du-1er-septembre","url":"https:\/\/www.toutsurmesfinances.com\/actualites\/a\/rupture-conventionnelle-jusqu-a-65-mois-de-chomage-en-moins-a-partir-du-1er-septembre","name":"Rupture conventionnelle : jusqu'\u00e0 6,5 mois de ch\u00f4mage en moins \u00e0 partir du 1er septembre","isPartOf":{"@id":"https:\/\/www.toutsurmesfinances.com\/actualites\/#website"},"author":{"@id":"https:\/\/www.toutsurmesfinances.com\/actualites\/#\/schema\/person\/19a038f31d078d13966363e7ab7343c6"},"description":"Rupture conventionnelle \u00e0 partir du 1er septembre 2026 : ce que vous perdez sur votre dur\u00e9e d'indemnisation du ch\u00f4mage, selon votre \u00e2ge","breadcrumb":{"@id":"https:\/\/www.toutsurmesfinances.com\/actualites\/a\/rupture-conventionnelle-jusqu-a-65-mois-de-chomage-en-moins-a-partir-du-1er-septembre#breadcrumb"},"inLanguage":"fr-FR","potentialAction":[{"@type":"ReadAction","target":["https:\/\/www.toutsurmesfinances.com\/actualites\/a\/rupture-conventionnelle-jusqu-a-65-mois-de-chomage-en-moins-a-partir-du-1er-septembre"]}]},{"@type":"BreadcrumbList","@id":"https:\/\/www.toutsurmesfinances.com\/actualites\/a\/rupture-conventionnelle-jusqu-a-65-mois-de-chomage-en-moins-a-partir-du-1er-septembre#breadcrumb","itemListElement":[{"@type":"ListItem","position":1,"name":"Accueil","item":"https:\/\/www.toutsurmesfinances.com\/actualites\/"},{"@type":"ListItem","position":2,"name":"Rupture conventionnelle : jusqu&rsquo;\u00e0 6,5 mois de ch\u00f4mage en moins \u00e0 partir du 1er septembre"}]},{"@type":"WebSite","@id":"https:\/\/www.toutsurmesfinances.com\/actualites\/#website","url":"https:\/\/www.toutsurmesfinances.com\/actualites\/","name":"Actualit\u00e9s","description":"","potentialAction":[{"@type":"SearchAction","target":{"@type":"EntryPoint","urlTemplate":"https:\/\/www.toutsurmesfinances.com\/actualites\/?s={search_term_string}"},"query-input":{"@type":"PropertyValueSpecification","valueRequired":true,"valueName":"search_term_string"}}],"inLanguage":"fr-FR"},{"@type":"Person","@id":"https:\/\/www.toutsurmesfinances.com\/actualites\/#\/schema\/person\/19a038f31d078d13966363e7ab7343c6","name":"L'\u00e9quipe de r\u00e9daction","image":{"@type":"ImageObject","inLanguage":"fr-FR","@id":"https:\/\/www.toutsurmesfinances.com\/actualites\/#\/schema\/person\/image\/","url":"https:\/\/secure.gravatar.com\/avatar\/5d078ff23d3ce7cd29bc258e76954673?s=96&d=mm&r=g","contentUrl":"https:\/\/secure.gravatar.com\/avatar\/5d078ff23d3ce7cd29bc258e76954673?s=96&d=mm&r=g","caption":"L'\u00e9quipe de r\u00e9daction"}}]}},"_links":{"self":[{"href":"https:\/\/www.toutsurmesfinances.com\/actualites\/wp-json\/wp\/v2\/posts\/1672","targetHints":{"allow":["GET"]}}],"collection":[{"href":"https:\/\/www.toutsurmesfinances.com\/actualites\/wp-json\/wp\/v2\/posts"}],"about":[{"href":"https:\/\/www.toutsurmesfinances.com\/actualites\/wp-json\/wp\/v2\/types\/post"}],"author":[{"embeddable":true,"href":"https:\/\/www.toutsurmesfinances.com\/actualites\/wp-json\/wp\/v2\/users\/13718"}],"replies":[{"embeddable":true,"href":"https:\/\/www.toutsurmesfinances.com\/actualites\/wp-json\/wp\/v2\/comments?post=1672"}],"version-history":[{"count":1,"href":"https:\/\/www.toutsurmesfinances.com\/actualites\/wp-json\/wp\/v2\/posts\/1672\/revisions"}],"predecessor-version":[{"id":1673,"href":"https:\/\/www.toutsurmesfinances.com\/actualites\/wp-json\/wp\/v2\/posts\/1672\/revisions\/1673"}],"wp:attachment":[{"href":"https:\/\/www.toutsurmesfinances.com\/actualites\/wp-json\/wp\/v2\/media?parent=1672"}],"wp:term":[{"taxonomy":"category","embeddable":true,"href":"https:\/\/www.toutsurmesfinances.com\/actualites\/wp-json\/wp\/v2\/categories?post=1672"},{"taxonomy":"post_tag","embeddable":true,"href":"https:\/\/www.toutsurmesfinances.com\/actualites\/wp-json\/wp\/v2\/tags?post=1672"}],"curies":[{"name":"wp","href":"https:\/\/api.w.org\/{rel}","templated":true}]}}