{"id":1691,"date":"2026-09-01T11:34:02","date_gmt":"2026-09-01T09:34:02","guid":{"rendered":"https:\/\/www.toutsurmesfinances.com\/actualites\/?p=1691"},"modified":"2026-09-01T11:34:02","modified_gmt":"2026-09-01T09:34:02","slug":"retraite-les-nouveautes-pour-les-meres-de-famille","status":"publish","type":"post","link":"https:\/\/www.toutsurmesfinances.com\/actualites\/a\/retraite-les-nouveautes-pour-les-meres-de-famille","title":{"rendered":"Retraite\u00a0: les nouveaut\u00e9s pour les m\u00e8res de famille"},"content":{"rendered":"<p>Les m\u00e8res de famille, qui prennent leur retraite \u00e0 compter de ce 1<sup>er<\/sup>\u00a0septembre 2026, b\u00e9n\u00e9ficient de trois \u00ab\u00a0coups de pouce\u00a0\u00bb. Ces mesures ont toutes \u00e9t\u00e9 instaur\u00e9es par la loi de financement de la S\u00e9curit\u00e9 sociale (LFSS) pour 2026. Elles visent \u00e0 compenser l\u2019\u00e9cart de pension entre les femmes et les hommes qui s\u2019\u00e9l\u00e8ve, en moyenne, \u00e0 38%, \u00e0 cause notamment de la maternit\u00e9.<\/p>\n<h3><span class=\"ez-toc-section\" id=\"Un_mode_calcul_plus_favorable\"><\/span>Un mode calcul plus favorable<span class=\"ez-toc-section-end\"><\/span><\/h3>\n<p>La premi\u00e8re am\u00e9lioration porte sur le calcul des retraites de base des m\u00e8res qui travaillent dans le secteur priv\u00e9. Les pensions de base sont calcul\u00e9es sur la moyenne des 25 meilleures ann\u00e9es de r\u00e9mun\u00e9ration dans le priv\u00e9 (la moyenne des six derniers mois de traitement dans le secteur public).<\/p>\n<p>Pour les retraites liquid\u00e9es \u00e0 compter de ce 1<sup>er<\/sup>\u00a0septembre, les pensions de base des salari\u00e9es et des ind\u00e9pendantes sont d\u00e9sormais calcul\u00e9es sur leurs 24 meilleures ann\u00e9es si elles ont un enfant, ou sur les 23 meilleures ann\u00e9es avec deux enfants et plus. Selon le gouvernement, ce nouveau mode de calcul devrait augmenter les retraites de base des m\u00e8res de 1% en moyenne.<\/p>\n<h3><span class=\"ez-toc-section\" id=\"Deux_trimestres_de_plus_pour_la_carriere_longue\"><\/span>Deux trimestres de plus pour la carri\u00e8re longue<span class=\"ez-toc-section-end\"><\/span><\/h3>\n<p>Le deuxi\u00e8me avantage porte sur <a href=\"https:\/\/www.toutsurmesfinances.com\/actualites\/a\/des-nouvelles-regles-de-la-retraite-anticipee-pour-carriere-longue-enfin-precisees\" target=\"_blank\" rel=\"noopener\">la retraite anticip\u00e9e pour carri\u00e8re longue<\/a> (RACL). Ce dispositif permet aux actifs, qui ont une carri\u00e8re compl\u00e8te et qui ont commenc\u00e9 \u00e0 travailler jeune, de prendre leur retraite plus t\u00f4t. Les travailleurs du priv\u00e9 et du public, qui justifient de tous leurs trimestres de cotisation, peuvent partir \u00e0 58 ans s\u2019ils ont valid\u00e9 quatre ou cinq trimestres avant leurs 16 ans, \u00e0 60 ans avec quatre ou cinq trimestres avant leurs 18 ans, \u00e0 62 ans avec quatre ou cinq trimestres avant leurs 20 ans, et enfin, \u00e0 63 ans avec quatre ou cinq trimestres avant leurs 21 ans.<\/p>\n<p>Parmi les trimestres pris en compte pour acc\u00e9der \u00e0 la RACL, les m\u00e8res de famille se voient dor\u00e9navant attribuer deux trimestres (quel que soit leur nombre d\u2019enfants). L\u2019ensemble des trimestres valid\u00e9s durant leur cong\u00e9 de maternit\u00e9 \u00e9taient d\u00e9j\u00e0 comptabilis\u00e9s. \u00c0 noter\u00a0: la majoration de trimestres s\u2019applique \u00e9galement pour les p\u00e8res qui ont pris un cong\u00e9 parental. Au final, cette mesure devrait b\u00e9n\u00e9ficier \u00e0 12 000 personnes.<\/p>\n<h3><span class=\"ez-toc-section\" id=\"Trois_trimestres_par_enfant_pour_certaines_fonctionnaires\"><\/span>Trois trimestres par enfant pour certaines fonctionnaires<span class=\"ez-toc-section-end\"><\/span><\/h3>\n<p>La troisi\u00e8me am\u00e9lioration concerne les femmes fonctionnaires. Ces derni\u00e8res se voient maintenant octroyer trois trimestres par enfant n\u00e9 ou adopt\u00e9 depuis le 1<sup>er<\/sup>\u00a0janvier 2004, contre deux trimestres par enfant auparavant. Il s\u2019agit l\u00e0 aussi d\u2019une mesure d\u2019\u00e9quit\u00e9\u00a0: non seulement la bonification pour les m\u00e8res fonctionnaires s\u2019\u00e9l\u00e8ve \u00e0 quatre trimestres par enfant n\u00e9 ou adopt\u00e9 avant le 1<sup>er<\/sup>\u00a0janvier 2004, mais les salari\u00e9es et les ind\u00e9pendantes b\u00e9n\u00e9ficient de huit trimestres par enfant (quelle que soit leur date de naissance ou d\u2019adoption).<\/p>\n<p>Toutes ces dispositions ne sont pas r\u00e9troactives. Elles s\u2019appliquent donc uniquement aux retraites des m\u00e8res de famille qui liquident leurs droits \u00e0 compter du 1<sup>er<\/sup>\u00a0septembre 2026.<\/p>\n<p>\u00c0 lire \u00e9galement : <a href=\"https:\/\/www.toutsurmesfinances.com\/actualites\/a\/agirc-arrco-jusqua-8-700-euros-verses-a-certains-retraites\" target=\"_blank\" rel=\"noopener\">Agirc-Arrco\u00a0: jusqu\u2019\u00e0 8 700 euros vers\u00e9s \u00e0 certains retrait\u00e9s<\/a><\/p>\n","protected":false},"excerpt":{"rendered":"<p>Les femmes ayant des enfants, qui partent \u00e0 la retraite depuis le 1er septembre 2026, b\u00e9n\u00e9ficient de plusieurs am\u00e9liorations sur leurs pensions.<\/p>\n","protected":false},"author":13713,"featured_media":1692,"comment_status":"closed","ping_status":"closed","sticky":false,"template":"","format":"standard","meta":{"footnotes":""},"categories":[1],"tags":[],"class_list":["post-1691","post","type-post","status-publish","format-standard","has-post-thumbnail","hentry","category-a-la-une"],"acf":[],"yoast_head":"<!-- This site is optimized with the Yoast SEO plugin v24.9 - https:\/\/yoast.com\/wordpress\/plugins\/seo\/ -->\n<title>Retraite\u00a0: les nouveaut\u00e9s pour les m\u00e8res de famille<\/title>\n<meta name=\"description\" content=\"Retraite : les m\u00e8res b\u00e9n\u00e9ficient, depuis le 1er septembre 2026, de nouvelles mesures pour am\u00e9liorer leur pension.\" \/>\n<meta name=\"robots\" content=\"index, follow, max-snippet:-1, max-image-preview:large, max-video-preview:-1\" \/>\n<link rel=\"canonical\" href=\"https:\/\/www.toutsurmesfinances.com\/actualites\/a\/retraite-les-nouveautes-pour-les-meres-de-famille\" \/>\n<meta property=\"og:locale\" content=\"fr_FR\" \/>\n<meta property=\"og:type\" content=\"article\" \/>\n<meta property=\"og:title\" content=\"Retraite\u00a0: les nouveaut\u00e9s pour les m\u00e8res de famille\" \/>\n<meta property=\"og:description\" content=\"Retraite : les m\u00e8res b\u00e9n\u00e9ficient, depuis le 1er septembre 2026, de nouvelles mesures pour am\u00e9liorer leur pension.\" \/>\n<meta property=\"og:url\" content=\"https:\/\/www.toutsurmesfinances.com\/actualites\/a\/retraite-les-nouveautes-pour-les-meres-de-famille\" \/>\n<meta property=\"og:site_name\" content=\"Actualit\u00e9s\" \/>\n<meta property=\"article:published_time\" content=\"2026-09-01T09:34:02+00:00\" \/>\n<meta property=\"og:image\" content=\"https:\/\/www.toutsurmesfinances.com\/actualites\/wp-content\/uploads\/sites\/12\/2026\/09\/mere-enfant-scaled.webp\" \/>\n\t<meta property=\"og:image:width\" content=\"823\" \/>\n\t<meta property=\"og:image:height\" content=\"463\" \/>\n\t<meta property=\"og:image:type\" content=\"image\/webp\" \/>\n<meta name=\"author\" content=\"Jean-Philippe Dubosc\" \/>\n<meta name=\"twitter:card\" content=\"summary_large_image\" \/>\n<meta name=\"twitter:label1\" content=\"\u00c9crit par\" \/>\n\t<meta name=\"twitter:data1\" content=\"Jean-Philippe Dubosc\" \/>\n\t<meta name=\"twitter:label2\" content=\"Dur\u00e9e de lecture estim\u00e9e\" \/>\n\t<meta name=\"twitter:data2\" content=\"3 minutes\" \/>\n<script type=\"application\/ld+json\" class=\"yoast-schema-graph\">{\"@context\":\"https:\/\/schema.org\",\"@graph\":[{\"@type\":\"WebPage\",\"@id\":\"https:\/\/www.toutsurmesfinances.com\/actualites\/a\/retraite-les-nouveautes-pour-les-meres-de-famille\",\"url\":\"https:\/\/www.toutsurmesfinances.com\/actualites\/a\/retraite-les-nouveautes-pour-les-meres-de-famille\",\"name\":\"Retraite\u00a0: les nouveaut\u00e9s pour les m\u00e8res de famille\",\"isPartOf\":{\"@id\":\"https:\/\/www.toutsurmesfinances.com\/actualites\/#website\"},\"primaryImageOfPage\":{\"@id\":\"https:\/\/www.toutsurmesfinances.com\/actualites\/a\/retraite-les-nouveautes-pour-les-meres-de-famille#primaryimage\"},\"image\":{\"@id\":\"https:\/\/www.toutsurmesfinances.com\/actualites\/a\/retraite-les-nouveautes-pour-les-meres-de-famille#primaryimage\"},\"thumbnailUrl\":\"https:\/\/www.toutsurmesfinances.com\/actualites\/wp-content\/uploads\/sites\/12\/2026\/09\/mere-enfant-scaled.webp\",\"author\":{\"@id\":\"https:\/\/www.toutsurmesfinances.com\/actualites\/#\/schema\/person\/addc9e9b3978fa7947ead71bab57694c\"},\"description\":\"Retraite : les m\u00e8res b\u00e9n\u00e9ficient, depuis le 1er septembre 2026, de nouvelles mesures pour am\u00e9liorer leur pension.\",\"breadcrumb\":{\"@id\":\"https:\/\/www.toutsurmesfinances.com\/actualites\/a\/retraite-les-nouveautes-pour-les-meres-de-famille#breadcrumb\"},\"inLanguage\":\"fr-FR\",\"potentialAction\":[{\"@type\":\"ReadAction\",\"target\":[\"https:\/\/www.toutsurmesfinances.com\/actualites\/a\/retraite-les-nouveautes-pour-les-meres-de-famille\"]}]},{\"@type\":\"ImageObject\",\"inLanguage\":\"fr-FR\",\"@id\":\"https:\/\/www.toutsurmesfinances.com\/actualites\/a\/retraite-les-nouveautes-pour-les-meres-de-famille#primaryimage\",\"url\":\"https:\/\/www.toutsurmesfinances.com\/actualites\/wp-content\/uploads\/sites\/12\/2026\/09\/mere-enfant-scaled.webp\",\"contentUrl\":\"https:\/\/www.toutsurmesfinances.com\/actualites\/wp-content\/uploads\/sites\/12\/2026\/09\/mere-enfant-scaled.webp\",\"width\":823,\"height\":463,\"caption\":\"Une m\u00e8re tient sa fille dans les bras sur son canap\u00e9\"},{\"@type\":\"BreadcrumbList\",\"@id\":\"https:\/\/www.toutsurmesfinances.com\/actualites\/a\/retraite-les-nouveautes-pour-les-meres-de-famille#breadcrumb\",\"itemListElement\":[{\"@type\":\"ListItem\",\"position\":1,\"name\":\"Accueil\",\"item\":\"https:\/\/www.toutsurmesfinances.com\/actualites\/\"},{\"@type\":\"ListItem\",\"position\":2,\"name\":\"Retraite\u00a0: les nouveaut\u00e9s pour les m\u00e8res de famille\"}]},{\"@type\":\"WebSite\",\"@id\":\"https:\/\/www.toutsurmesfinances.com\/actualites\/#website\",\"url\":\"https:\/\/www.toutsurmesfinances.com\/actualites\/\",\"name\":\"Actualit\u00e9s\",\"description\":\"\",\"potentialAction\":[{\"@type\":\"SearchAction\",\"target\":{\"@type\":\"EntryPoint\",\"urlTemplate\":\"https:\/\/www.toutsurmesfinances.com\/actualites\/?s={search_term_string}\"},\"query-input\":{\"@type\":\"PropertyValueSpecification\",\"valueRequired\":true,\"valueName\":\"search_term_string\"}}],\"inLanguage\":\"fr-FR\"},{\"@type\":\"Person\",\"@id\":\"https:\/\/www.toutsurmesfinances.com\/actualites\/#\/schema\/person\/addc9e9b3978fa7947ead71bab57694c\",\"name\":\"Jean-Philippe Dubosc\",\"image\":{\"@type\":\"ImageObject\",\"inLanguage\":\"fr-FR\",\"@id\":\"https:\/\/www.toutsurmesfinances.com\/actualites\/#\/schema\/person\/image\/\",\"url\":\"https:\/\/secure.gravatar.com\/avatar\/a3cba30cdda1afe79f6ebffc6e952291?s=96&d=mm&r=g\",\"contentUrl\":\"https:\/\/secure.gravatar.com\/avatar\/a3cba30cdda1afe79f6ebffc6e952291?s=96&d=mm&r=g\",\"caption\":\"Jean-Philippe Dubosc\"},\"description\":\"Jean-Philippe Dubosc est r\u00e9dacteur en chef de ToutSurMesFinances.com et sp\u00e9cialiste des questions de retraite obligatoire et d\u2019\u00e9pargne. Pr\u00e9sent au sein du m\u00e9dia depuis plus de 13 ans, il analyse les r\u00e9formes, les dispositifs r\u00e9glementaires et les strat\u00e9gies de d\u00e9part \u00e0 la retraite, avec une approche fond\u00e9e sur une lecture rigoureuse des textes et une connaissance approfondie des diff\u00e9rents r\u00e9gimes de retraite.\",\"sameAs\":[\"https:\/\/www.toutsurmesfinances.com\/author\/jpdubosc\",\"https:\/\/fr.linkedin.com\/in\/jpdubosc\"]}]}<\/script>\n<!-- \/ Yoast SEO plugin. -->","yoast_head_json":{"title":"Retraite\u00a0: les nouveaut\u00e9s pour les m\u00e8res de famille","description":"Retraite : les m\u00e8res b\u00e9n\u00e9ficient, depuis le 1er septembre 2026, de nouvelles mesures pour am\u00e9liorer leur pension.","robots":{"index":"index","follow":"follow","max-snippet":"max-snippet:-1","max-image-preview":"max-image-preview:large","max-video-preview":"max-video-preview:-1"},"canonical":"https:\/\/www.toutsurmesfinances.com\/actualites\/a\/retraite-les-nouveautes-pour-les-meres-de-famille","og_locale":"fr_FR","og_type":"article","og_title":"Retraite\u00a0: les nouveaut\u00e9s pour les m\u00e8res de famille","og_description":"Retraite : les m\u00e8res b\u00e9n\u00e9ficient, depuis le 1er septembre 2026, de nouvelles mesures pour am\u00e9liorer leur pension.","og_url":"https:\/\/www.toutsurmesfinances.com\/actualites\/a\/retraite-les-nouveautes-pour-les-meres-de-famille","og_site_name":"Actualit\u00e9s","article_published_time":"2026-09-01T09:34:02+00:00","og_image":[{"width":823,"height":463,"url":"https:\/\/www.toutsurmesfinances.com\/actualites\/wp-content\/uploads\/sites\/12\/2026\/09\/mere-enfant-scaled.webp","type":"image\/webp"}],"author":"Jean-Philippe Dubosc","twitter_card":"summary_large_image","twitter_misc":{"\u00c9crit par":"Jean-Philippe Dubosc","Dur\u00e9e de lecture estim\u00e9e":"3 minutes"},"schema":{"@context":"https:\/\/schema.org","@graph":[{"@type":"WebPage","@id":"https:\/\/www.toutsurmesfinances.com\/actualites\/a\/retraite-les-nouveautes-pour-les-meres-de-famille","url":"https:\/\/www.toutsurmesfinances.com\/actualites\/a\/retraite-les-nouveautes-pour-les-meres-de-famille","name":"Retraite\u00a0: les nouveaut\u00e9s pour les m\u00e8res de famille","isPartOf":{"@id":"https:\/\/www.toutsurmesfinances.com\/actualites\/#website"},"primaryImageOfPage":{"@id":"https:\/\/www.toutsurmesfinances.com\/actualites\/a\/retraite-les-nouveautes-pour-les-meres-de-famille#primaryimage"},"image":{"@id":"https:\/\/www.toutsurmesfinances.com\/actualites\/a\/retraite-les-nouveautes-pour-les-meres-de-famille#primaryimage"},"thumbnailUrl":"https:\/\/www.toutsurmesfinances.com\/actualites\/wp-content\/uploads\/sites\/12\/2026\/09\/mere-enfant-scaled.webp","author":{"@id":"https:\/\/www.toutsurmesfinances.com\/actualites\/#\/schema\/person\/addc9e9b3978fa7947ead71bab57694c"},"description":"Retraite : les m\u00e8res b\u00e9n\u00e9ficient, depuis le 1er septembre 2026, de nouvelles mesures pour am\u00e9liorer leur pension.","breadcrumb":{"@id":"https:\/\/www.toutsurmesfinances.com\/actualites\/a\/retraite-les-nouveautes-pour-les-meres-de-famille#breadcrumb"},"inLanguage":"fr-FR","potentialAction":[{"@type":"ReadAction","target":["https:\/\/www.toutsurmesfinances.com\/actualites\/a\/retraite-les-nouveautes-pour-les-meres-de-famille"]}]},{"@type":"ImageObject","inLanguage":"fr-FR","@id":"https:\/\/www.toutsurmesfinances.com\/actualites\/a\/retraite-les-nouveautes-pour-les-meres-de-famille#primaryimage","url":"https:\/\/www.toutsurmesfinances.com\/actualites\/wp-content\/uploads\/sites\/12\/2026\/09\/mere-enfant-scaled.webp","contentUrl":"https:\/\/www.toutsurmesfinances.com\/actualites\/wp-content\/uploads\/sites\/12\/2026\/09\/mere-enfant-scaled.webp","width":823,"height":463,"caption":"Une m\u00e8re tient sa fille dans les bras sur son canap\u00e9"},{"@type":"BreadcrumbList","@id":"https:\/\/www.toutsurmesfinances.com\/actualites\/a\/retraite-les-nouveautes-pour-les-meres-de-famille#breadcrumb","itemListElement":[{"@type":"ListItem","position":1,"name":"Accueil","item":"https:\/\/www.toutsurmesfinances.com\/actualites\/"},{"@type":"ListItem","position":2,"name":"Retraite\u00a0: les nouveaut\u00e9s pour les m\u00e8res de famille"}]},{"@type":"WebSite","@id":"https:\/\/www.toutsurmesfinances.com\/actualites\/#website","url":"https:\/\/www.toutsurmesfinances.com\/actualites\/","name":"Actualit\u00e9s","description":"","potentialAction":[{"@type":"SearchAction","target":{"@type":"EntryPoint","urlTemplate":"https:\/\/www.toutsurmesfinances.com\/actualites\/?s={search_term_string}"},"query-input":{"@type":"PropertyValueSpecification","valueRequired":true,"valueName":"search_term_string"}}],"inLanguage":"fr-FR"},{"@type":"Person","@id":"https:\/\/www.toutsurmesfinances.com\/actualites\/#\/schema\/person\/addc9e9b3978fa7947ead71bab57694c","name":"Jean-Philippe Dubosc","image":{"@type":"ImageObject","inLanguage":"fr-FR","@id":"https:\/\/www.toutsurmesfinances.com\/actualites\/#\/schema\/person\/image\/","url":"https:\/\/secure.gravatar.com\/avatar\/a3cba30cdda1afe79f6ebffc6e952291?s=96&d=mm&r=g","contentUrl":"https:\/\/secure.gravatar.com\/avatar\/a3cba30cdda1afe79f6ebffc6e952291?s=96&d=mm&r=g","caption":"Jean-Philippe Dubosc"},"description":"Jean-Philippe Dubosc est r\u00e9dacteur en chef de ToutSurMesFinances.com et sp\u00e9cialiste des questions de retraite obligatoire et d\u2019\u00e9pargne. Pr\u00e9sent au sein du m\u00e9dia depuis plus de 13 ans, il analyse les r\u00e9formes, les dispositifs r\u00e9glementaires et les strat\u00e9gies de d\u00e9part \u00e0 la retraite, avec une approche fond\u00e9e sur une lecture rigoureuse des textes et une connaissance approfondie des diff\u00e9rents r\u00e9gimes de retraite.","sameAs":["https:\/\/www.toutsurmesfinances.com\/author\/jpdubosc","https:\/\/fr.linkedin.com\/in\/jpdubosc"]}]}},"_links":{"self":[{"href":"https:\/\/www.toutsurmesfinances.com\/actualites\/wp-json\/wp\/v2\/posts\/1691","targetHints":{"allow":["GET"]}}],"collection":[{"href":"https:\/\/www.toutsurmesfinances.com\/actualites\/wp-json\/wp\/v2\/posts"}],"about":[{"href":"https:\/\/www.toutsurmesfinances.com\/actualites\/wp-json\/wp\/v2\/types\/post"}],"author":[{"embeddable":true,"href":"https:\/\/www.toutsurmesfinances.com\/actualites\/wp-json\/wp\/v2\/users\/13713"}],"replies":[{"embeddable":true,"href":"https:\/\/www.toutsurmesfinances.com\/actualites\/wp-json\/wp\/v2\/comments?post=1691"}],"version-history":[{"count":1,"href":"https:\/\/www.toutsurmesfinances.com\/actualites\/wp-json\/wp\/v2\/posts\/1691\/revisions"}],"predecessor-version":[{"id":1693,"href":"https:\/\/www.toutsurmesfinances.com\/actualites\/wp-json\/wp\/v2\/posts\/1691\/revisions\/1693"}],"wp:featuredmedia":[{"embeddable":true,"href":"https:\/\/www.toutsurmesfinances.com\/actualites\/wp-json\/wp\/v2\/media\/1692"}],"wp:attachment":[{"href":"https:\/\/www.toutsurmesfinances.com\/actualites\/wp-json\/wp\/v2\/media?parent=1691"}],"wp:term":[{"taxonomy":"category","embeddable":true,"href":"https:\/\/www.toutsurmesfinances.com\/actualites\/wp-json\/wp\/v2\/categories?post=1691"},{"taxonomy":"post_tag","embeddable":true,"href":"https:\/\/www.toutsurmesfinances.com\/actualites\/wp-json\/wp\/v2\/tags?post=1691"}],"curies":[{"name":"wp","href":"https:\/\/api.w.org\/{rel}","templated":true}]}}