{"id":1742,"date":"2026-09-04T11:58:36","date_gmt":"2026-09-04T09:58:36","guid":{"rendered":"https:\/\/www.toutsurmesfinances.com\/actualites\/?p=1742"},"modified":"2026-09-04T11:59:40","modified_gmt":"2026-09-04T09:59:40","slug":"encadrement-des-loyers-vers-une-prolongation-de-deux-ans-apres-novembre-2026","status":"publish","type":"post","link":"https:\/\/www.toutsurmesfinances.com\/actualites\/a\/encadrement-des-loyers-vers-une-prolongation-de-deux-ans-apres-novembre-2026","title":{"rendered":"Encadrement des loyers : vers une prolongation de deux ans apr\u00e8s novembre 2026"},"content":{"rendered":"<p>L\u2019encadrement des loyers, appliqu\u00e9 dans pr\u00e8s de 70 communes dont Paris, Lille, Lyon ou Bordeaux, sera-t-il maintenu ? \u00ab Nous avons obtenu [\u2026] sa prolongation pour deux ans \u00bb, a d\u00e9clar\u00e9 Jacques Baudrier, adjoint \u00e0 la mairie de Paris charg\u00e9 du logement, dans un post publi\u00e9 sur LinkedIn.<\/p>\n<h2><span class=\"ez-toc-section\" id=\"Sans_loi_lencadrement_des_loyers_seteindrait_le_24_novembre\"><\/span>Sans loi, l\u2019encadrement des loyers s\u2019\u00e9teindrait le 24 novembre<span class=\"ez-toc-section-end\"><\/span><\/h2>\n<p>Le dispositif doit, en l\u2019\u00e9tat actuel de la loi, s\u2019\u00e9teindre le 24 novembre 2026. Instaur\u00e9e par la loi \u00c9lan de 2018 et mise en \u0153uvre \u00e0 partir de 2019 dans des territoires volontaires confront\u00e9s \u00e0 une forte tension immobili\u00e8re, cette exp\u00e9rimentation grandeur nature devait initialement durer cinq ans, jusqu\u2019en novembre 2023. Elle avait \u00e9t\u00e9 prolong\u00e9e de trois ans en 2022.<\/p>\n<p>Une nouvelle prolongation devrait passer par la proposition de loi du d\u00e9put\u00e9 socialiste des Pyr\u00e9n\u00e9es-Atlantiques Inaki Echaniz. Adopt\u00e9 par l\u2019Assembl\u00e9e nationale le 11 d\u00e9cembre 2025, le texte doit \u00eatre discut\u00e9 au S\u00e9nat le 21 octobre 2026. Dans sa version vot\u00e9e par les d\u00e9put\u00e9s, il pr\u00e9voit une p\u00e9rennisation du dispositif, et non un simple allongement de sa dur\u00e9e de vie.<\/p>\n<p>Le texte pr\u00e9voit \u00e9galement plusieurs am\u00e9nagements. Le suppl\u00e9ment qu\u2019un propri\u00e9taire peut, sous certaines conditions, ajouter au loyer maximal autoris\u00e9 &#8211; le \u00ab compl\u00e9ment de loyer \u00bb &#8211; serait lui-m\u00eame plafonn\u00e9 : il ne pourrait pas d\u00e9passer 20% de ce loyer maximal. Son montant devrait, en outre, appara\u00eetre dans l\u2019annonce immobili\u00e8re. Le d\u00e9lai de trois mois dont dispose actuellement le locataire pour contester ce compl\u00e9ment serait supprim\u00e9. Enfin, les amendes encourues en cas de non-respect de l\u2019encadrement seraient doubl\u00e9es, \u00e0 10 000 euros pour un particulier et 30 000 euros pour une personne morale.<\/p>\n<p>Une cinquantaine de maires avaient appel\u00e9 en mai \u00e0 p\u00e9renniser et \u00e9tendre l\u2019encadrement, parmi lesquels ceux de Paris, Lille, Lyon, Grenoble, Nantes ou Strasbourg. De nombreuses associations r\u00e9clament \u00e9galement son maintien.<\/p>\n<p>Le ministre du Logement Vincent Jeanbrun s\u2019\u00e9tait montr\u00e9 plus r\u00e9serv\u00e9 fin mai, jugeant le m\u00e9canisme imparfait et facilement contournable, tout en annon\u00e7ant une concertation avec les villes concern\u00e9es. La F\u00e9d\u00e9ration Nationale de l\u2019Immobilier (Fnaim), premi\u00e8re organisation syndicale des agents immobiliers, appelle quant \u00e0 elle \u00ab \u00e0 ne pas prolonger le dispositif \u00bb qu\u2019elle accuse de \u00ab d\u00e9courager les propri\u00e9taires bailleurs \u00bb, estimant que la priorit\u00e9 doit aller \u00e0 l\u2019augmentation de l\u2019offre locative.<\/p>\n<h2><span class=\"ez-toc-section\" id=\"Baisse_des_loyers_et_depassements_constates\"><\/span>Baisse des loyers et d\u00e9passements constat\u00e9s<span class=\"ez-toc-section-end\"><\/span><\/h2>\n<p>En pratique, l\u2019encadrement impose un plafond aux loyers des logements concern\u00e9s. Chaque ann\u00e9e, un arr\u00eat\u00e9 pr\u00e9fectoral fixe des loyers de r\u00e9f\u00e9rence selon la localisation et les caract\u00e9ristiques du bien. Le loyer demand\u00e9 par le propri\u00e9taire, hors charges, ne peut, en principe, pas d\u00e9passer le loyer de r\u00e9f\u00e9rence major\u00e9, sup\u00e9rieur de 20% au loyer m\u00e9dian. Un compl\u00e9ment de loyer peut toutefois s\u2019y ajouter sous certaines conditions.<\/p>\n<p>Selon un rapport de l\u2019Institut des politiques publiques (IPP) rendu public en mai 2026, l\u2019encadrement a contribu\u00e9 \u00e0 diminuer les loyers des annonces de location de 2% \u00e0 4% en moyenne dans les territoires analys\u00e9s, et jusqu\u2019\u00e0 5% en fin de p\u00e9riode.<\/p>\n<p>Le respect de l\u2019encadrement des loyers demeure tr\u00e8s in\u00e9gal. Le barom\u00e8tre 2026 de la Fondation pour le logement des d\u00e9favoris\u00e9s (ex-Fondation Abb\u00e9 Pierre) d\u00e9di\u00e9 au dispositif, publi\u00e9 le 3 septembre 2026, rel\u00e8ve que 37% des annonces analys\u00e9es d\u00e9passent les plafonds, contre 32% en 2025. Le taux de d\u00e9passement atteint 46% \u00e0 Paris et 61% \u00e0 Plaine Commune (intercommunalit\u00e9 regroupant huit villes de Seine-Saint-Denis, dont Aubervilliers ou Saint-Denis), contre 12% \u00e0 Montpellier et 17% \u00e0 Bordeaux. Exc\u00e9der le plafond n\u2019est toutefois pas n\u00e9cessairement ill\u00e9gal, lorsqu\u2019un compl\u00e9ment de loyer est valablement appliqu\u00e9.<\/p>\n","protected":false},"excerpt":{"rendered":"<p>Menac\u00e9 de dispara\u00eetre le 24 novembre 2026, l\u2019encadrement des loyers pourrait \u00eatre prolong\u00e9 de deux ans. Le S\u00e9nat doit se saisir du dossier le 21 octobre.<\/p>\n","protected":false},"author":13709,"featured_media":1744,"comment_status":"closed","ping_status":"closed","sticky":false,"template":"","format":"standard","meta":{"footnotes":""},"categories":[1],"tags":[],"class_list":["post-1742","post","type-post","status-publish","format-standard","has-post-thumbnail","hentry","category-a-la-une"],"acf":[],"yoast_head":"<!-- This site is optimized with the Yoast SEO plugin v24.9 - https:\/\/yoast.com\/wordpress\/plugins\/seo\/ -->\n<title>Encadrement des loyers : vers une prolongation de deux ans apr\u00e8s novembre 2026<\/title>\n<meta name=\"description\" content=\"L\u2019encadrement des loyers doit prendre fin le 24 novembre 2026. Une prolongation de deux ans se profile, avant l\u2019examen d&#039;une proposition de loi au S\u00e9nat.\" \/>\n<meta name=\"robots\" content=\"index, follow, max-snippet:-1, max-image-preview:large, max-video-preview:-1\" \/>\n<link rel=\"canonical\" href=\"https:\/\/www.toutsurmesfinances.com\/actualites\/a\/encadrement-des-loyers-vers-une-prolongation-de-deux-ans-apres-novembre-2026\" \/>\n<meta property=\"og:locale\" content=\"fr_FR\" \/>\n<meta property=\"og:type\" content=\"article\" \/>\n<meta property=\"og:title\" content=\"Encadrement des loyers : vers une prolongation de deux ans apr\u00e8s novembre 2026\" \/>\n<meta property=\"og:description\" content=\"L\u2019encadrement des loyers doit prendre fin le 24 novembre 2026. Une prolongation de deux ans se profile, avant l\u2019examen d&#039;une proposition de loi au S\u00e9nat.\" \/>\n<meta property=\"og:url\" content=\"https:\/\/www.toutsurmesfinances.com\/actualites\/a\/encadrement-des-loyers-vers-une-prolongation-de-deux-ans-apres-novembre-2026\" \/>\n<meta property=\"og:site_name\" content=\"Actualit\u00e9s\" \/>\n<meta property=\"article:published_time\" content=\"2026-09-04T09:58:36+00:00\" \/>\n<meta property=\"article:modified_time\" content=\"2026-09-04T09:59:40+00:00\" \/>\n<meta property=\"og:image\" content=\"https:\/\/www.toutsurmesfinances.com\/actualites\/wp-content\/uploads\/sites\/12\/2026\/09\/encadrement-loyers-immeubles-paris-scaled.webp\" \/>\n\t<meta property=\"og:image:width\" content=\"823\" \/>\n\t<meta property=\"og:image:height\" content=\"463\" \/>\n\t<meta property=\"og:image:type\" content=\"image\/webp\" \/>\n<meta name=\"author\" content=\"Olivier Brunet\" \/>\n<meta name=\"twitter:card\" content=\"summary_large_image\" \/>\n<meta name=\"twitter:label1\" content=\"\u00c9crit par\" \/>\n\t<meta name=\"twitter:data1\" content=\"Olivier Brunet\" \/>\n\t<meta name=\"twitter:label2\" content=\"Dur\u00e9e de lecture estim\u00e9e\" \/>\n\t<meta name=\"twitter:data2\" content=\"4 minutes\" \/>\n<script type=\"application\/ld+json\" class=\"yoast-schema-graph\">{\"@context\":\"https:\/\/schema.org\",\"@graph\":[{\"@type\":\"WebPage\",\"@id\":\"https:\/\/www.toutsurmesfinances.com\/actualites\/a\/encadrement-des-loyers-vers-une-prolongation-de-deux-ans-apres-novembre-2026\",\"url\":\"https:\/\/www.toutsurmesfinances.com\/actualites\/a\/encadrement-des-loyers-vers-une-prolongation-de-deux-ans-apres-novembre-2026\",\"name\":\"Encadrement des loyers : vers une prolongation de deux ans apr\u00e8s novembre 2026\",\"isPartOf\":{\"@id\":\"https:\/\/www.toutsurmesfinances.com\/actualites\/#website\"},\"primaryImageOfPage\":{\"@id\":\"https:\/\/www.toutsurmesfinances.com\/actualites\/a\/encadrement-des-loyers-vers-une-prolongation-de-deux-ans-apres-novembre-2026#primaryimage\"},\"image\":{\"@id\":\"https:\/\/www.toutsurmesfinances.com\/actualites\/a\/encadrement-des-loyers-vers-une-prolongation-de-deux-ans-apres-novembre-2026#primaryimage\"},\"thumbnailUrl\":\"https:\/\/www.toutsurmesfinances.com\/actualites\/wp-content\/uploads\/sites\/12\/2026\/09\/encadrement-loyers-immeubles-paris-scaled.webp\",\"dateModified\":\"2026-09-04T09:59:40+00:00\",\"author\":{\"@id\":\"https:\/\/www.toutsurmesfinances.com\/actualites\/#\/schema\/person\/f3692b3163890cd1408bd0dc68a1b55a\"},\"description\":\"L\u2019encadrement des loyers doit prendre fin le 24 novembre 2026. Une prolongation de deux ans se profile, avant l\u2019examen d'une proposition de loi au S\u00e9nat.\",\"breadcrumb\":{\"@id\":\"https:\/\/www.toutsurmesfinances.com\/actualites\/a\/encadrement-des-loyers-vers-une-prolongation-de-deux-ans-apres-novembre-2026#breadcrumb\"},\"inLanguage\":\"fr-FR\",\"potentialAction\":[{\"@type\":\"ReadAction\",\"target\":[\"https:\/\/www.toutsurmesfinances.com\/actualites\/a\/encadrement-des-loyers-vers-une-prolongation-de-deux-ans-apres-novembre-2026\"]}]},{\"@type\":\"ImageObject\",\"inLanguage\":\"fr-FR\",\"@id\":\"https:\/\/www.toutsurmesfinances.com\/actualites\/a\/encadrement-des-loyers-vers-une-prolongation-de-deux-ans-apres-novembre-2026#primaryimage\",\"url\":\"https:\/\/www.toutsurmesfinances.com\/actualites\/wp-content\/uploads\/sites\/12\/2026\/09\/encadrement-loyers-immeubles-paris-scaled.webp\",\"contentUrl\":\"https:\/\/www.toutsurmesfinances.com\/actualites\/wp-content\/uploads\/sites\/12\/2026\/09\/encadrement-loyers-immeubles-paris-scaled.webp\",\"width\":823,\"height\":463,\"caption\":\"L'encadrement des loyers bient\u00f4t prolong\u00e9 de 2 ans ?\"},{\"@type\":\"BreadcrumbList\",\"@id\":\"https:\/\/www.toutsurmesfinances.com\/actualites\/a\/encadrement-des-loyers-vers-une-prolongation-de-deux-ans-apres-novembre-2026#breadcrumb\",\"itemListElement\":[{\"@type\":\"ListItem\",\"position\":1,\"name\":\"Accueil\",\"item\":\"https:\/\/www.toutsurmesfinances.com\/actualites\/\"},{\"@type\":\"ListItem\",\"position\":2,\"name\":\"Encadrement des loyers : vers une prolongation de deux ans apr\u00e8s novembre 2026\"}]},{\"@type\":\"WebSite\",\"@id\":\"https:\/\/www.toutsurmesfinances.com\/actualites\/#website\",\"url\":\"https:\/\/www.toutsurmesfinances.com\/actualites\/\",\"name\":\"Actualit\u00e9s\",\"description\":\"\",\"potentialAction\":[{\"@type\":\"SearchAction\",\"target\":{\"@type\":\"EntryPoint\",\"urlTemplate\":\"https:\/\/www.toutsurmesfinances.com\/actualites\/?s={search_term_string}\"},\"query-input\":{\"@type\":\"PropertyValueSpecification\",\"valueRequired\":true,\"valueName\":\"search_term_string\"}}],\"inLanguage\":\"fr-FR\"},{\"@type\":\"Person\",\"@id\":\"https:\/\/www.toutsurmesfinances.com\/actualites\/#\/schema\/person\/f3692b3163890cd1408bd0dc68a1b55a\",\"name\":\"Olivier Brunet\",\"image\":{\"@type\":\"ImageObject\",\"inLanguage\":\"fr-FR\",\"@id\":\"https:\/\/www.toutsurmesfinances.com\/actualites\/#\/schema\/person\/image\/\",\"url\":\"https:\/\/secure.gravatar.com\/avatar\/59a19214b7bb3163a27d873fa61f9a80?s=96&d=mm&r=g\",\"contentUrl\":\"https:\/\/secure.gravatar.com\/avatar\/59a19214b7bb3163a27d873fa61f9a80?s=96&d=mm&r=g\",\"caption\":\"Olivier Brunet\"},\"description\":\"Olivier Brunet est cofondateur de\u00a0ToutSurMesFinances.com\u00a0et r\u00e9dacteur en chef sp\u00e9cialis\u00e9 en placements et fiscalit\u00e9\u00a0des particuliers. Pr\u00e9sent\u00a0au sein du\u00a0m\u00e9dia\u00a0depuis sa cr\u00e9ation, il en est l\u2019un des piliers \u00e9ditoriaux. Il analyse les strat\u00e9gies d\u2019investissement,\u00a0suit\u00a0les \u00e9volutions fiscales et les\u00a0probl\u00e9matiques\u00a0patrimoniales\u00a0avec une vision long terme, forg\u00e9e par des ann\u00e9es de pratique et de suivi des march\u00e9s.\u00a0\",\"sameAs\":[\"https:\/\/www.toutsurmesfinances.com\/author\/olivier\",\"https:\/\/www.linkedin.com\/in\/obrunet\/\"]}]}<\/script>\n<!-- \/ Yoast SEO plugin. -->","yoast_head_json":{"title":"Encadrement des loyers : vers une prolongation de deux ans apr\u00e8s novembre 2026","description":"L\u2019encadrement des loyers doit prendre fin le 24 novembre 2026. Une prolongation de deux ans se profile, avant l\u2019examen d'une proposition de loi au S\u00e9nat.","robots":{"index":"index","follow":"follow","max-snippet":"max-snippet:-1","max-image-preview":"max-image-preview:large","max-video-preview":"max-video-preview:-1"},"canonical":"https:\/\/www.toutsurmesfinances.com\/actualites\/a\/encadrement-des-loyers-vers-une-prolongation-de-deux-ans-apres-novembre-2026","og_locale":"fr_FR","og_type":"article","og_title":"Encadrement des loyers : vers une prolongation de deux ans apr\u00e8s novembre 2026","og_description":"L\u2019encadrement des loyers doit prendre fin le 24 novembre 2026. Une prolongation de deux ans se profile, avant l\u2019examen d'une proposition de loi au S\u00e9nat.","og_url":"https:\/\/www.toutsurmesfinances.com\/actualites\/a\/encadrement-des-loyers-vers-une-prolongation-de-deux-ans-apres-novembre-2026","og_site_name":"Actualit\u00e9s","article_published_time":"2026-09-04T09:58:36+00:00","article_modified_time":"2026-09-04T09:59:40+00:00","og_image":[{"width":823,"height":463,"url":"https:\/\/www.toutsurmesfinances.com\/actualites\/wp-content\/uploads\/sites\/12\/2026\/09\/encadrement-loyers-immeubles-paris-scaled.webp","type":"image\/webp"}],"author":"Olivier Brunet","twitter_card":"summary_large_image","twitter_misc":{"\u00c9crit par":"Olivier Brunet","Dur\u00e9e de lecture estim\u00e9e":"4 minutes"},"schema":{"@context":"https:\/\/schema.org","@graph":[{"@type":"WebPage","@id":"https:\/\/www.toutsurmesfinances.com\/actualites\/a\/encadrement-des-loyers-vers-une-prolongation-de-deux-ans-apres-novembre-2026","url":"https:\/\/www.toutsurmesfinances.com\/actualites\/a\/encadrement-des-loyers-vers-une-prolongation-de-deux-ans-apres-novembre-2026","name":"Encadrement des loyers : vers une prolongation de deux ans apr\u00e8s novembre 2026","isPartOf":{"@id":"https:\/\/www.toutsurmesfinances.com\/actualites\/#website"},"primaryImageOfPage":{"@id":"https:\/\/www.toutsurmesfinances.com\/actualites\/a\/encadrement-des-loyers-vers-une-prolongation-de-deux-ans-apres-novembre-2026#primaryimage"},"image":{"@id":"https:\/\/www.toutsurmesfinances.com\/actualites\/a\/encadrement-des-loyers-vers-une-prolongation-de-deux-ans-apres-novembre-2026#primaryimage"},"thumbnailUrl":"https:\/\/www.toutsurmesfinances.com\/actualites\/wp-content\/uploads\/sites\/12\/2026\/09\/encadrement-loyers-immeubles-paris-scaled.webp","dateModified":"2026-09-04T09:59:40+00:00","author":{"@id":"https:\/\/www.toutsurmesfinances.com\/actualites\/#\/schema\/person\/f3692b3163890cd1408bd0dc68a1b55a"},"description":"L\u2019encadrement des loyers doit prendre fin le 24 novembre 2026. Une prolongation de deux ans se profile, avant l\u2019examen d'une proposition de loi au S\u00e9nat.","breadcrumb":{"@id":"https:\/\/www.toutsurmesfinances.com\/actualites\/a\/encadrement-des-loyers-vers-une-prolongation-de-deux-ans-apres-novembre-2026#breadcrumb"},"inLanguage":"fr-FR","potentialAction":[{"@type":"ReadAction","target":["https:\/\/www.toutsurmesfinances.com\/actualites\/a\/encadrement-des-loyers-vers-une-prolongation-de-deux-ans-apres-novembre-2026"]}]},{"@type":"ImageObject","inLanguage":"fr-FR","@id":"https:\/\/www.toutsurmesfinances.com\/actualites\/a\/encadrement-des-loyers-vers-une-prolongation-de-deux-ans-apres-novembre-2026#primaryimage","url":"https:\/\/www.toutsurmesfinances.com\/actualites\/wp-content\/uploads\/sites\/12\/2026\/09\/encadrement-loyers-immeubles-paris-scaled.webp","contentUrl":"https:\/\/www.toutsurmesfinances.com\/actualites\/wp-content\/uploads\/sites\/12\/2026\/09\/encadrement-loyers-immeubles-paris-scaled.webp","width":823,"height":463,"caption":"L'encadrement des loyers bient\u00f4t prolong\u00e9 de 2 ans ?"},{"@type":"BreadcrumbList","@id":"https:\/\/www.toutsurmesfinances.com\/actualites\/a\/encadrement-des-loyers-vers-une-prolongation-de-deux-ans-apres-novembre-2026#breadcrumb","itemListElement":[{"@type":"ListItem","position":1,"name":"Accueil","item":"https:\/\/www.toutsurmesfinances.com\/actualites\/"},{"@type":"ListItem","position":2,"name":"Encadrement des loyers : vers une prolongation de deux ans apr\u00e8s novembre 2026"}]},{"@type":"WebSite","@id":"https:\/\/www.toutsurmesfinances.com\/actualites\/#website","url":"https:\/\/www.toutsurmesfinances.com\/actualites\/","name":"Actualit\u00e9s","description":"","potentialAction":[{"@type":"SearchAction","target":{"@type":"EntryPoint","urlTemplate":"https:\/\/www.toutsurmesfinances.com\/actualites\/?s={search_term_string}"},"query-input":{"@type":"PropertyValueSpecification","valueRequired":true,"valueName":"search_term_string"}}],"inLanguage":"fr-FR"},{"@type":"Person","@id":"https:\/\/www.toutsurmesfinances.com\/actualites\/#\/schema\/person\/f3692b3163890cd1408bd0dc68a1b55a","name":"Olivier Brunet","image":{"@type":"ImageObject","inLanguage":"fr-FR","@id":"https:\/\/www.toutsurmesfinances.com\/actualites\/#\/schema\/person\/image\/","url":"https:\/\/secure.gravatar.com\/avatar\/59a19214b7bb3163a27d873fa61f9a80?s=96&d=mm&r=g","contentUrl":"https:\/\/secure.gravatar.com\/avatar\/59a19214b7bb3163a27d873fa61f9a80?s=96&d=mm&r=g","caption":"Olivier Brunet"},"description":"Olivier Brunet est cofondateur de\u00a0ToutSurMesFinances.com\u00a0et r\u00e9dacteur en chef sp\u00e9cialis\u00e9 en placements et fiscalit\u00e9\u00a0des particuliers. Pr\u00e9sent\u00a0au sein du\u00a0m\u00e9dia\u00a0depuis sa cr\u00e9ation, il en est l\u2019un des piliers \u00e9ditoriaux. Il analyse les strat\u00e9gies d\u2019investissement,\u00a0suit\u00a0les \u00e9volutions fiscales et les\u00a0probl\u00e9matiques\u00a0patrimoniales\u00a0avec une vision long terme, forg\u00e9e par des ann\u00e9es de pratique et de suivi des march\u00e9s.\u00a0","sameAs":["https:\/\/www.toutsurmesfinances.com\/author\/olivier","https:\/\/www.linkedin.com\/in\/obrunet\/"]}]}},"_links":{"self":[{"href":"https:\/\/www.toutsurmesfinances.com\/actualites\/wp-json\/wp\/v2\/posts\/1742","targetHints":{"allow":["GET"]}}],"collection":[{"href":"https:\/\/www.toutsurmesfinances.com\/actualites\/wp-json\/wp\/v2\/posts"}],"about":[{"href":"https:\/\/www.toutsurmesfinances.com\/actualites\/wp-json\/wp\/v2\/types\/post"}],"author":[{"embeddable":true,"href":"https:\/\/www.toutsurmesfinances.com\/actualites\/wp-json\/wp\/v2\/users\/13709"}],"replies":[{"embeddable":true,"href":"https:\/\/www.toutsurmesfinances.com\/actualites\/wp-json\/wp\/v2\/comments?post=1742"}],"version-history":[{"count":1,"href":"https:\/\/www.toutsurmesfinances.com\/actualites\/wp-json\/wp\/v2\/posts\/1742\/revisions"}],"predecessor-version":[{"id":1743,"href":"https:\/\/www.toutsurmesfinances.com\/actualites\/wp-json\/wp\/v2\/posts\/1742\/revisions\/1743"}],"wp:featuredmedia":[{"embeddable":true,"href":"https:\/\/www.toutsurmesfinances.com\/actualites\/wp-json\/wp\/v2\/media\/1744"}],"wp:attachment":[{"href":"https:\/\/www.toutsurmesfinances.com\/actualites\/wp-json\/wp\/v2\/media?parent=1742"}],"wp:term":[{"taxonomy":"category","embeddable":true,"href":"https:\/\/www.toutsurmesfinances.com\/actualites\/wp-json\/wp\/v2\/categories?post=1742"},{"taxonomy":"post_tag","embeddable":true,"href":"https:\/\/www.toutsurmesfinances.com\/actualites\/wp-json\/wp\/v2\/tags?post=1742"}],"curies":[{"name":"wp","href":"https:\/\/api.w.org\/{rel}","templated":true}]}}