{"id":1751,"date":"2026-09-05T08:00:51","date_gmt":"2026-09-05T06:00:51","guid":{"rendered":"https:\/\/www.toutsurmesfinances.com\/actualites\/?p=1751"},"modified":"2026-09-05T10:05:01","modified_gmt":"2026-09-05T08:05:01","slug":"epargne-retraite-les-francais-seraient-prets-a-souscrire","status":"publish","type":"post","link":"https:\/\/www.toutsurmesfinances.com\/actualites\/a\/epargne-retraite-les-francais-seraient-prets-a-souscrire","title":{"rendered":"\u00c9pargne retraite\u00a0: les Fran\u00e7ais seraient pr\u00eats \u00e0\u00a0souscrire"},"content":{"rendered":"<p>Les Fran\u00e7ais ne sont pas si r\u00e9tifs \u00e0 la retraite par capitalisation d\u00e8s lors que l\u2019on leur en pr\u00e9sente les caract\u00e9ristiques. C\u2019est ce qui ressort d\u2019une \u00e9tude du cabinet de conseil en strat\u00e9gie BCG (ex-Boston Consulting Group) d\u00e9voil\u00e9e le 2 septembre 2026 et r\u00e9alis\u00e9e aupr\u00e8s de 6 000 ressortissants des quatre pays les plus peupl\u00e9s d\u2019Europe (l\u2019Allemagne, la France, l\u2019Italie et l\u2019Espagne).<\/p>\n<p>En France, 74% des personnes interrog\u00e9es se d\u00e9clarent int\u00e9ress\u00e9es par les produits leur permettant de se constituer un revenu de compl\u00e9ment pour leur retraite, une fois qu\u2019ils en connaissent les caract\u00e9ristiques. Les sond\u00e9s seraient m\u00eame pr\u00eats \u00e0 y allouer un suppl\u00e9ment d\u2019\u00e9pargne de 9%. Ainsi, la part des contrats de retraite, comme <a href=\"https:\/\/www.toutsurmesfinances.com\/retraite\/plan-epargne-retraite-per.html\" target=\"_blank\" rel=\"noopener\">le plan d&rsquo;\u00e9pargne retraite (PER)<\/a>, repr\u00e9senterait, en moyenne, 22% de leurs actifs, contre 13% actuellement.<\/p>\n<h3><span class=\"ez-toc-section\" id=\"Une_meconnaissance_francaise_et_europeenne\"><\/span>Une m\u00e9connaissance fran\u00e7aise et europ\u00e9enne<span class=\"ez-toc-section-end\"><\/span><\/h3>\n<p>Si les Fran\u00e7ais d\u00e9tiennent aujourd\u2019hui peu de produits d\u2019\u00e9pargne retraite, c\u2019est donc notamment parce qu\u2019ils en ignorent le fonctionnement, voire m\u00eame l\u2019existence, nous apprend l\u2019\u00e9tude du BCG. Ils sont seulement 48% \u00e0 connaitre les contrats individuels (souscrits directement par les particuliers) et, preuve d\u2019un manque de p\u00e9dagogie de la part des entreprises, 32% pour les contrats collectifs (souscrits par le biais de l\u2019employeur).<\/p>\n<p>Cette m\u00e9connaissance n\u2019est pas l\u2019apanage des Fran\u00e7ais. Les Europ\u00e9ens interrog\u00e9s sont 55% \u00e0 conna\u00eetre les produits individuels d\u2019\u00e9pargne retraite, et 30% en ce qui concerne les produits collectifs. Ils sont d\u2019ailleurs \u00e0 peine 17% \u00e0 d\u00e9tenir les seconds (35% pour les premiers), alors que 44% des Am\u00e9ricains adh\u00e9rent \u00e0 un contrat de retraite d\u2019entreprise.<\/p>\n<h3><span class=\"ez-toc-section\" id=\"Un_manque_de_preparation\"><\/span>Un manque de pr\u00e9paration<span class=\"ez-toc-section-end\"><\/span><\/h3>\n<p>Cette situation est d\u2019autant plus regrettable que 80% des Europ\u00e9ens (et des Fran\u00e7ais) de moins de 65 ans sond\u00e9s poss\u00e9dant moins de 250 000 euros de patrimoine (actifs financiers et immobiliers confondus) se sentent mal pr\u00e9par\u00e9s \u00e0 la retraite. Le pourcentage tombe, toutefois, \u00e0 49% chez les Europ\u00e9ens d\u00e9tenant plus de 250 000 euros d\u2019actifs (le ratio est \u00e9galement identique chez les Fran\u00e7ais).<\/p>\n<p>Conscients de leurs lacunes, 66% des Europ\u00e9ens recherchent des informations sur la retraite sur Internet ou par le biais de l\u2019intelligence artificielle, et 40% sollicitent leurs proches. Neuf r\u00e9pondants sur dix se disent pr\u00eats \u00e0 consulter des conseillers sp\u00e9cialis\u00e9s dans la planification de la retraite.<\/p>\n<h3><span class=\"ez-toc-section\" id=\"Un_potentiel_de_croissance_inexploite\"><\/span>Un potentiel de croissance inexploit\u00e9<span class=\"ez-toc-section-end\"><\/span><\/h3>\n<p>En France, seuls 17% des d\u00e9clarants expliquent que leur r\u00e9flexion sur la pr\u00e9paration \u00e0 la retraite r\u00e9sulte de leur rencontre avec un conseiller bancaire, un courtier en assurance ou un conseiller en gestion de Patrimoine (CGP). BCG exhorte donc les professionnels de la finance (banques, assureurs, courtiers\u2026) \u00e0 davantage aborder le th\u00e8me de l\u2019apr\u00e8s-vie professionnelle avec leurs clients. Le cabinet estime le potentiel de croissance de <a href=\"https:\/\/www.toutsurmesfinances.com\/actualites\/a\/epargne-retraite-le-per-franchit-le-cap-des-150-milliards-d-euros-d-encours-fin-2025\" target=\"_blank\" rel=\"noopener\">l\u2019\u00e9pargne retraite<\/a> en France \u00e0 7% par an jusqu\u2019en 2035.<\/p>\n","protected":false},"excerpt":{"rendered":"<p>Une fois qu\u2019on leur a expliqu\u00e9 leur fonctionnement, un peu plus de sept personnes sur dix se disent int\u00e9ress\u00e9es par les produits\u00a0d\u2019\u00e9pargne destin\u00e9s \u00e0 la pr\u00e9paration \u00e0 la retraite.<\/p>\n","protected":false},"author":13713,"featured_media":1752,"comment_status":"closed","ping_status":"closed","sticky":false,"template":"","format":"standard","meta":{"footnotes":""},"categories":[1],"tags":[],"class_list":["post-1751","post","type-post","status-publish","format-standard","has-post-thumbnail","hentry","category-a-la-une"],"acf":[],"yoast_head":"<!-- This site is optimized with the Yoast SEO plugin v24.9 - https:\/\/yoast.com\/wordpress\/plugins\/seo\/ -->\n<title>\u00c9pargne retraite\u00a0: les Fran\u00e7ais seraient pr\u00eats \u00e0\u00a0souscrire<\/title>\n<meta name=\"description\" content=\"\u00c9pargne retraite : 74% des Fran\u00e7ais se disent int\u00e9ress\u00e9s par ces placements une fois leur fonctionnement expliqu\u00e9, selon une \u00e9tude.\" \/>\n<meta name=\"robots\" content=\"index, follow, max-snippet:-1, max-image-preview:large, max-video-preview:-1\" \/>\n<link rel=\"canonical\" href=\"https:\/\/www.toutsurmesfinances.com\/actualites\/?p=1751\" \/>\n<meta property=\"og:locale\" content=\"fr_FR\" \/>\n<meta property=\"og:type\" content=\"article\" \/>\n<meta property=\"og:title\" content=\"\u00c9pargne retraite\u00a0: les Fran\u00e7ais seraient pr\u00eats \u00e0\u00a0souscrire\" \/>\n<meta property=\"og:description\" content=\"\u00c9pargne retraite : 74% des Fran\u00e7ais se disent int\u00e9ress\u00e9s par ces placements une fois leur fonctionnement expliqu\u00e9, selon une \u00e9tude.\" \/>\n<meta property=\"og:url\" content=\"https:\/\/www.toutsurmesfinances.com\/actualites\/?p=1751\" \/>\n<meta property=\"og:site_name\" content=\"Actualit\u00e9s\" \/>\n<meta property=\"article:published_time\" content=\"2026-09-05T06:00:51+00:00\" \/>\n<meta property=\"article:modified_time\" content=\"2026-09-05T08:05:01+00:00\" \/>\n<meta property=\"og:image\" content=\"https:\/\/www.toutsurmesfinances.com\/actualites\/wp-content\/uploads\/sites\/12\/2026\/09\/groupe-adultes-plusieurs-ages-scaled.webp\" \/>\n\t<meta property=\"og:image:width\" content=\"823\" \/>\n\t<meta property=\"og:image:height\" content=\"463\" \/>\n\t<meta property=\"og:image:type\" content=\"image\/webp\" \/>\n<meta name=\"author\" content=\"Jean-Philippe Dubosc\" \/>\n<meta name=\"twitter:card\" content=\"summary_large_image\" \/>\n<meta name=\"twitter:label1\" content=\"\u00c9crit par\" \/>\n\t<meta name=\"twitter:data1\" content=\"Jean-Philippe Dubosc\" \/>\n\t<meta name=\"twitter:label2\" content=\"Dur\u00e9e de lecture estim\u00e9e\" \/>\n\t<meta name=\"twitter:data2\" content=\"3 minutes\" \/>\n<script type=\"application\/ld+json\" class=\"yoast-schema-graph\">{\"@context\":\"https:\/\/schema.org\",\"@graph\":[{\"@type\":\"WebPage\",\"@id\":\"https:\/\/www.toutsurmesfinances.com\/actualites\/?p=1751\",\"url\":\"https:\/\/www.toutsurmesfinances.com\/actualites\/?p=1751\",\"name\":\"\u00c9pargne retraite\u00a0: les Fran\u00e7ais seraient pr\u00eats \u00e0\u00a0souscrire\",\"isPartOf\":{\"@id\":\"https:\/\/www.toutsurmesfinances.com\/actualites\/#website\"},\"primaryImageOfPage\":{\"@id\":\"https:\/\/www.toutsurmesfinances.com\/actualites\/?p=1751#primaryimage\"},\"image\":{\"@id\":\"https:\/\/www.toutsurmesfinances.com\/actualites\/?p=1751#primaryimage\"},\"thumbnailUrl\":\"https:\/\/www.toutsurmesfinances.com\/actualites\/wp-content\/uploads\/sites\/12\/2026\/09\/groupe-adultes-plusieurs-ages-scaled.webp\",\"dateModified\":\"2026-09-05T08:05:01+00:00\",\"author\":{\"@id\":\"https:\/\/www.toutsurmesfinances.com\/actualites\/#\/schema\/person\/addc9e9b3978fa7947ead71bab57694c\"},\"description\":\"\u00c9pargne retraite : 74% des Fran\u00e7ais se disent int\u00e9ress\u00e9s par ces placements une fois leur fonctionnement expliqu\u00e9, selon une \u00e9tude.\",\"breadcrumb\":{\"@id\":\"https:\/\/www.toutsurmesfinances.com\/actualites\/?p=1751#breadcrumb\"},\"inLanguage\":\"fr-FR\",\"potentialAction\":[{\"@type\":\"ReadAction\",\"target\":[\"https:\/\/www.toutsurmesfinances.com\/actualites\/?p=1751\"]}]},{\"@type\":\"ImageObject\",\"inLanguage\":\"fr-FR\",\"@id\":\"https:\/\/www.toutsurmesfinances.com\/actualites\/?p=1751#primaryimage\",\"url\":\"https:\/\/www.toutsurmesfinances.com\/actualites\/wp-content\/uploads\/sites\/12\/2026\/09\/groupe-adultes-plusieurs-ages-scaled.webp\",\"contentUrl\":\"https:\/\/www.toutsurmesfinances.com\/actualites\/wp-content\/uploads\/sites\/12\/2026\/09\/groupe-adultes-plusieurs-ages-scaled.webp\",\"width\":823,\"height\":463,\"caption\":\"Un groupe d'adultes de tous \u00e2ges\"},{\"@type\":\"BreadcrumbList\",\"@id\":\"https:\/\/www.toutsurmesfinances.com\/actualites\/?p=1751#breadcrumb\",\"itemListElement\":[{\"@type\":\"ListItem\",\"position\":1,\"name\":\"Accueil\",\"item\":\"https:\/\/www.toutsurmesfinances.com\/actualites\/\"},{\"@type\":\"ListItem\",\"position\":2,\"name\":\"\u00c9pargne retraite\u00a0: les Fran\u00e7ais seraient pr\u00eats \u00e0\u00a0souscrire\"}]},{\"@type\":\"WebSite\",\"@id\":\"https:\/\/www.toutsurmesfinances.com\/actualites\/#website\",\"url\":\"https:\/\/www.toutsurmesfinances.com\/actualites\/\",\"name\":\"Actualit\u00e9s\",\"description\":\"\",\"potentialAction\":[{\"@type\":\"SearchAction\",\"target\":{\"@type\":\"EntryPoint\",\"urlTemplate\":\"https:\/\/www.toutsurmesfinances.com\/actualites\/?s={search_term_string}\"},\"query-input\":{\"@type\":\"PropertyValueSpecification\",\"valueRequired\":true,\"valueName\":\"search_term_string\"}}],\"inLanguage\":\"fr-FR\"},{\"@type\":\"Person\",\"@id\":\"https:\/\/www.toutsurmesfinances.com\/actualites\/#\/schema\/person\/addc9e9b3978fa7947ead71bab57694c\",\"name\":\"Jean-Philippe Dubosc\",\"image\":{\"@type\":\"ImageObject\",\"inLanguage\":\"fr-FR\",\"@id\":\"https:\/\/www.toutsurmesfinances.com\/actualites\/#\/schema\/person\/image\/\",\"url\":\"https:\/\/secure.gravatar.com\/avatar\/a3cba30cdda1afe79f6ebffc6e952291?s=96&d=mm&r=g\",\"contentUrl\":\"https:\/\/secure.gravatar.com\/avatar\/a3cba30cdda1afe79f6ebffc6e952291?s=96&d=mm&r=g\",\"caption\":\"Jean-Philippe Dubosc\"},\"description\":\"Jean-Philippe Dubosc est r\u00e9dacteur en chef de ToutSurMesFinances.com et sp\u00e9cialiste des questions de retraite obligatoire et d\u2019\u00e9pargne. Pr\u00e9sent au sein du m\u00e9dia depuis plus de 13 ans, il analyse les r\u00e9formes, les dispositifs r\u00e9glementaires et les strat\u00e9gies de d\u00e9part \u00e0 la retraite, avec une approche fond\u00e9e sur une lecture rigoureuse des textes et une connaissance approfondie des diff\u00e9rents r\u00e9gimes de retraite.\",\"sameAs\":[\"https:\/\/www.toutsurmesfinances.com\/author\/jpdubosc\",\"https:\/\/fr.linkedin.com\/in\/jpdubosc\"]}]}<\/script>\n<!-- \/ Yoast SEO plugin. -->","yoast_head_json":{"title":"\u00c9pargne retraite\u00a0: les Fran\u00e7ais seraient pr\u00eats \u00e0\u00a0souscrire","description":"\u00c9pargne retraite : 74% des Fran\u00e7ais se disent int\u00e9ress\u00e9s par ces placements une fois leur fonctionnement expliqu\u00e9, selon une \u00e9tude.","robots":{"index":"index","follow":"follow","max-snippet":"max-snippet:-1","max-image-preview":"max-image-preview:large","max-video-preview":"max-video-preview:-1"},"canonical":"https:\/\/www.toutsurmesfinances.com\/actualites\/?p=1751","og_locale":"fr_FR","og_type":"article","og_title":"\u00c9pargne retraite\u00a0: les Fran\u00e7ais seraient pr\u00eats \u00e0\u00a0souscrire","og_description":"\u00c9pargne retraite : 74% des Fran\u00e7ais se disent int\u00e9ress\u00e9s par ces placements une fois leur fonctionnement expliqu\u00e9, selon une \u00e9tude.","og_url":"https:\/\/www.toutsurmesfinances.com\/actualites\/?p=1751","og_site_name":"Actualit\u00e9s","article_published_time":"2026-09-05T06:00:51+00:00","article_modified_time":"2026-09-05T08:05:01+00:00","og_image":[{"width":823,"height":463,"url":"https:\/\/www.toutsurmesfinances.com\/actualites\/wp-content\/uploads\/sites\/12\/2026\/09\/groupe-adultes-plusieurs-ages-scaled.webp","type":"image\/webp"}],"author":"Jean-Philippe Dubosc","twitter_card":"summary_large_image","twitter_misc":{"\u00c9crit par":"Jean-Philippe Dubosc","Dur\u00e9e de lecture estim\u00e9e":"3 minutes"},"schema":{"@context":"https:\/\/schema.org","@graph":[{"@type":"WebPage","@id":"https:\/\/www.toutsurmesfinances.com\/actualites\/?p=1751","url":"https:\/\/www.toutsurmesfinances.com\/actualites\/?p=1751","name":"\u00c9pargne retraite\u00a0: les Fran\u00e7ais seraient pr\u00eats \u00e0\u00a0souscrire","isPartOf":{"@id":"https:\/\/www.toutsurmesfinances.com\/actualites\/#website"},"primaryImageOfPage":{"@id":"https:\/\/www.toutsurmesfinances.com\/actualites\/?p=1751#primaryimage"},"image":{"@id":"https:\/\/www.toutsurmesfinances.com\/actualites\/?p=1751#primaryimage"},"thumbnailUrl":"https:\/\/www.toutsurmesfinances.com\/actualites\/wp-content\/uploads\/sites\/12\/2026\/09\/groupe-adultes-plusieurs-ages-scaled.webp","dateModified":"2026-09-05T08:05:01+00:00","author":{"@id":"https:\/\/www.toutsurmesfinances.com\/actualites\/#\/schema\/person\/addc9e9b3978fa7947ead71bab57694c"},"description":"\u00c9pargne retraite : 74% des Fran\u00e7ais se disent int\u00e9ress\u00e9s par ces placements une fois leur fonctionnement expliqu\u00e9, selon une \u00e9tude.","breadcrumb":{"@id":"https:\/\/www.toutsurmesfinances.com\/actualites\/?p=1751#breadcrumb"},"inLanguage":"fr-FR","potentialAction":[{"@type":"ReadAction","target":["https:\/\/www.toutsurmesfinances.com\/actualites\/?p=1751"]}]},{"@type":"ImageObject","inLanguage":"fr-FR","@id":"https:\/\/www.toutsurmesfinances.com\/actualites\/?p=1751#primaryimage","url":"https:\/\/www.toutsurmesfinances.com\/actualites\/wp-content\/uploads\/sites\/12\/2026\/09\/groupe-adultes-plusieurs-ages-scaled.webp","contentUrl":"https:\/\/www.toutsurmesfinances.com\/actualites\/wp-content\/uploads\/sites\/12\/2026\/09\/groupe-adultes-plusieurs-ages-scaled.webp","width":823,"height":463,"caption":"Un groupe d'adultes de tous \u00e2ges"},{"@type":"BreadcrumbList","@id":"https:\/\/www.toutsurmesfinances.com\/actualites\/?p=1751#breadcrumb","itemListElement":[{"@type":"ListItem","position":1,"name":"Accueil","item":"https:\/\/www.toutsurmesfinances.com\/actualites\/"},{"@type":"ListItem","position":2,"name":"\u00c9pargne retraite\u00a0: les Fran\u00e7ais seraient pr\u00eats \u00e0\u00a0souscrire"}]},{"@type":"WebSite","@id":"https:\/\/www.toutsurmesfinances.com\/actualites\/#website","url":"https:\/\/www.toutsurmesfinances.com\/actualites\/","name":"Actualit\u00e9s","description":"","potentialAction":[{"@type":"SearchAction","target":{"@type":"EntryPoint","urlTemplate":"https:\/\/www.toutsurmesfinances.com\/actualites\/?s={search_term_string}"},"query-input":{"@type":"PropertyValueSpecification","valueRequired":true,"valueName":"search_term_string"}}],"inLanguage":"fr-FR"},{"@type":"Person","@id":"https:\/\/www.toutsurmesfinances.com\/actualites\/#\/schema\/person\/addc9e9b3978fa7947ead71bab57694c","name":"Jean-Philippe Dubosc","image":{"@type":"ImageObject","inLanguage":"fr-FR","@id":"https:\/\/www.toutsurmesfinances.com\/actualites\/#\/schema\/person\/image\/","url":"https:\/\/secure.gravatar.com\/avatar\/a3cba30cdda1afe79f6ebffc6e952291?s=96&d=mm&r=g","contentUrl":"https:\/\/secure.gravatar.com\/avatar\/a3cba30cdda1afe79f6ebffc6e952291?s=96&d=mm&r=g","caption":"Jean-Philippe Dubosc"},"description":"Jean-Philippe Dubosc est r\u00e9dacteur en chef de ToutSurMesFinances.com et sp\u00e9cialiste des questions de retraite obligatoire et d\u2019\u00e9pargne. Pr\u00e9sent au sein du m\u00e9dia depuis plus de 13 ans, il analyse les r\u00e9formes, les dispositifs r\u00e9glementaires et les strat\u00e9gies de d\u00e9part \u00e0 la retraite, avec une approche fond\u00e9e sur une lecture rigoureuse des textes et une connaissance approfondie des diff\u00e9rents r\u00e9gimes de retraite.","sameAs":["https:\/\/www.toutsurmesfinances.com\/author\/jpdubosc","https:\/\/fr.linkedin.com\/in\/jpdubosc"]}]}},"_links":{"self":[{"href":"https:\/\/www.toutsurmesfinances.com\/actualites\/wp-json\/wp\/v2\/posts\/1751","targetHints":{"allow":["GET"]}}],"collection":[{"href":"https:\/\/www.toutsurmesfinances.com\/actualites\/wp-json\/wp\/v2\/posts"}],"about":[{"href":"https:\/\/www.toutsurmesfinances.com\/actualites\/wp-json\/wp\/v2\/types\/post"}],"author":[{"embeddable":true,"href":"https:\/\/www.toutsurmesfinances.com\/actualites\/wp-json\/wp\/v2\/users\/13713"}],"replies":[{"embeddable":true,"href":"https:\/\/www.toutsurmesfinances.com\/actualites\/wp-json\/wp\/v2\/comments?post=1751"}],"version-history":[{"count":1,"href":"https:\/\/www.toutsurmesfinances.com\/actualites\/wp-json\/wp\/v2\/posts\/1751\/revisions"}],"predecessor-version":[{"id":1753,"href":"https:\/\/www.toutsurmesfinances.com\/actualites\/wp-json\/wp\/v2\/posts\/1751\/revisions\/1753"}],"wp:featuredmedia":[{"embeddable":true,"href":"https:\/\/www.toutsurmesfinances.com\/actualites\/wp-json\/wp\/v2\/media\/1752"}],"wp:attachment":[{"href":"https:\/\/www.toutsurmesfinances.com\/actualites\/wp-json\/wp\/v2\/media?parent=1751"}],"wp:term":[{"taxonomy":"category","embeddable":true,"href":"https:\/\/www.toutsurmesfinances.com\/actualites\/wp-json\/wp\/v2\/categories?post=1751"},{"taxonomy":"post_tag","embeddable":true,"href":"https:\/\/www.toutsurmesfinances.com\/actualites\/wp-json\/wp\/v2\/tags?post=1751"}],"curies":[{"name":"wp","href":"https:\/\/api.w.org\/{rel}","templated":true}]}}