{"id":226,"date":"2026-03-23T11:52:06","date_gmt":"2026-03-23T10:52:06","guid":{"rendered":"https:\/\/www.toutsurmesfinances.com\/actualites\/?p=226"},"modified":"2026-03-23T16:27:12","modified_gmt":"2026-03-23T15:27:12","slug":"pres-des-trois-quarts-des-francais-ont-deja-renonce-a-des-soins","status":"publish","type":"post","link":"https:\/\/www.toutsurmesfinances.com\/actualites\/a\/pres-des-trois-quarts-des-francais-ont-deja-renonce-a-des-soins","title":{"rendered":"Pr\u00e8s des trois quarts des Fran\u00e7ais ont d\u00e9j\u00e0 renonc\u00e9 \u00e0 des soins"},"content":{"rendered":"<p style=\"font-weight: 400\">Le renoncement aux soins s\u2019aggrave d\u2019ann\u00e9e en ann\u00e9e. D\u2019apr\u00e8s un sondage d\u00e9voil\u00e9 le 17 mars 2026 et r\u00e9alis\u00e9 par l\u2019institut Ipsos aupr\u00e8s de 2 500 individus repr\u00e9sentatifs de la population fran\u00e7aise pour le compte de la F\u00e9d\u00e9ration hospitali\u00e8re de France (FHF), 73% des personnes interrog\u00e9es d\u00e9clarent avoir renonc\u00e9 \u00e0 au moins un acte de soin ces cinq derni\u00e8res ann\u00e9es. Soit cinq points de pourcentage de plus par rapport \u00e0 2025 (68%) et m\u00eame dix points de plus compar\u00e9 \u00e0 2023 (63%).<\/p>\n<h3 style=\"font-weight: 400\"><span class=\"ez-toc-section\" id=\"Consultation_medicaments_et_analyses_trop_chers\"><\/span>Consultation, m\u00e9dicaments et analyses trop chers<span class=\"ez-toc-section-end\"><\/span><\/h3>\n<p style=\"font-weight: 400\">Parmi eux, 40% ont renonc\u00e9 pour des questions de budget. Ils ont estim\u00e9 que la consultation, les m\u00e9dicaments et\/ou l\u2019analyse m\u00e9dicale \u00e9taient trop chers. Une proportion quasi \u00e9quivalente (38%) \u2013 les raisons peuvent se cumuler \u2013 ont renonc\u00e9 \u00e0 cause de la distance (cabinet m\u00e9dical et\/ou laboratoire d\u2019analyses jug\u00e9s trop \u00e9loign\u00e9s). Mais c\u2019est le d\u00e9lai d\u2019obtention du rendez-vous jug\u00e9 trop long qui constitue le premier motif de renoncement aux soins, avec 59% des r\u00e9ponses.<\/p>\n<h3 style=\"font-weight: 400\"><span class=\"ez-toc-section\" id=\"Des_delais_qui_sallongent\"><\/span>Des d\u00e9lais qui s\u2019allongent<span class=\"ez-toc-section-end\"><\/span><\/h3>\n<p style=\"font-weight: 400\">Il faut, en moyenne, attendre 12 jours pour consulter un m\u00e9decin g\u00e9n\u00e9raliste, contre 10 jours en 2024 et seulement 4 jours en 2019. Le temps d\u2019attente se situe \u00e0 3 semaines et 2 jours pour un p\u00e9diatre, 2 mois pour un gyn\u00e9cologue ou un psychiatre, 2 mois et 10 jours pour un ORL, 2 mois et 3 semaines pour un ophtalmologiste, 3 mois et 2 jours pour un cardiologue. La palme revient aux dermatologues avec un temps moyen de 4 mois et 2 semaines, contre 3 mois et 1 semaine en 2024 et 2 mois et 2 jours en 2019.<\/p>\n","protected":false},"excerpt":{"rendered":"<p>Selon un r\u00e9cent sondage de la F\u00e9d\u00e9ration hospitali\u00e8re de France, 73% de nos compatriotes ont renonc\u00e9 \u00e0 un acte de soin dans les cinq derni\u00e8res ann\u00e9es, dont 40% pour des raisons financi\u00e8res.<\/p>\n","protected":false},"author":13713,"featured_media":227,"comment_status":"closed","ping_status":"closed","sticky":false,"template":"","format":"standard","meta":{"footnotes":""},"categories":[1],"tags":[],"class_list":["post-226","post","type-post","status-publish","format-standard","has-post-thumbnail","hentry","category-a-la-une"],"acf":[],"yoast_head":"<!-- This site is optimized with the Yoast SEO plugin v24.9 - https:\/\/yoast.com\/wordpress\/plugins\/seo\/ -->\n<title>Pr\u00e8s des trois quarts des Fran\u00e7ais ont d\u00e9j\u00e0 renonc\u00e9 \u00e0 des soins - Actualit\u00e9s<\/title>\n<meta name=\"robots\" content=\"index, follow, max-snippet:-1, max-image-preview:large, max-video-preview:-1\" \/>\n<link rel=\"canonical\" href=\"https:\/\/www.toutsurmesfinances.com\/actualites\/a\/pres-des-trois-quarts-des-francais-ont-deja-renonce-a-des-soins\" \/>\n<meta property=\"og:locale\" content=\"fr_FR\" \/>\n<meta property=\"og:type\" content=\"article\" \/>\n<meta property=\"og:title\" content=\"Pr\u00e8s des trois quarts des Fran\u00e7ais ont d\u00e9j\u00e0 renonc\u00e9 \u00e0 des soins - Actualit\u00e9s\" \/>\n<meta property=\"og:description\" content=\"Selon un r\u00e9cent sondage de la F\u00e9d\u00e9ration hospitali\u00e8re de France, 73% de nos compatriotes ont renonc\u00e9 \u00e0 un acte de soin dans les cinq derni\u00e8res ann\u00e9es, dont 40% pour des raisons financi\u00e8res.\" \/>\n<meta property=\"og:url\" content=\"https:\/\/www.toutsurmesfinances.com\/actualites\/a\/pres-des-trois-quarts-des-francais-ont-deja-renonce-a-des-soins\" \/>\n<meta property=\"og:site_name\" content=\"Actualit\u00e9s\" \/>\n<meta property=\"article:published_time\" content=\"2026-03-23T10:52:06+00:00\" \/>\n<meta property=\"article:modified_time\" content=\"2026-03-23T15:27:12+00:00\" \/>\n<meta property=\"og:image\" content=\"https:\/\/www.toutsurmesfinances.com\/actualites\/wp-content\/uploads\/sites\/12\/2026\/03\/Gemini_Generated_Image_qb9ifiqb9ifiqb9i-scaled.webp\" \/>\n\t<meta property=\"og:image:width\" content=\"823\" \/>\n\t<meta property=\"og:image:height\" content=\"449\" \/>\n\t<meta property=\"og:image:type\" content=\"image\/webp\" \/>\n<meta name=\"author\" content=\"Jean-Philippe Dubosc\" \/>\n<meta name=\"twitter:card\" content=\"summary_large_image\" \/>\n<meta name=\"twitter:label1\" content=\"\u00c9crit par\" \/>\n\t<meta name=\"twitter:data1\" content=\"Jean-Philippe Dubosc\" \/>\n\t<meta name=\"twitter:label2\" content=\"Dur\u00e9e de lecture estim\u00e9e\" \/>\n\t<meta name=\"twitter:data2\" content=\"2 minutes\" \/>\n<script type=\"application\/ld+json\" class=\"yoast-schema-graph\">{\"@context\":\"https:\/\/schema.org\",\"@graph\":[{\"@type\":\"WebPage\",\"@id\":\"https:\/\/www.toutsurmesfinances.com\/actualites\/a\/pres-des-trois-quarts-des-francais-ont-deja-renonce-a-des-soins\",\"url\":\"https:\/\/www.toutsurmesfinances.com\/actualites\/a\/pres-des-trois-quarts-des-francais-ont-deja-renonce-a-des-soins\",\"name\":\"Pr\u00e8s des trois quarts des Fran\u00e7ais ont d\u00e9j\u00e0 renonc\u00e9 \u00e0 des soins - Actualit\u00e9s\",\"isPartOf\":{\"@id\":\"https:\/\/www.toutsurmesfinances.com\/actualites\/#website\"},\"primaryImageOfPage\":{\"@id\":\"https:\/\/www.toutsurmesfinances.com\/actualites\/a\/pres-des-trois-quarts-des-francais-ont-deja-renonce-a-des-soins#primaryimage\"},\"image\":{\"@id\":\"https:\/\/www.toutsurmesfinances.com\/actualites\/a\/pres-des-trois-quarts-des-francais-ont-deja-renonce-a-des-soins#primaryimage\"},\"thumbnailUrl\":\"https:\/\/www.toutsurmesfinances.com\/actualites\/wp-content\/uploads\/sites\/12\/2026\/03\/Gemini_Generated_Image_qb9ifiqb9ifiqb9i-scaled.webp\",\"dateModified\":\"2026-03-23T15:27:12+00:00\",\"author\":{\"@id\":\"https:\/\/www.toutsurmesfinances.com\/actualites\/#\/schema\/person\/addc9e9b3978fa7947ead71bab57694c\"},\"breadcrumb\":{\"@id\":\"https:\/\/www.toutsurmesfinances.com\/actualites\/a\/pres-des-trois-quarts-des-francais-ont-deja-renonce-a-des-soins#breadcrumb\"},\"inLanguage\":\"fr-FR\",\"potentialAction\":[{\"@type\":\"ReadAction\",\"target\":[\"https:\/\/www.toutsurmesfinances.com\/actualites\/a\/pres-des-trois-quarts-des-francais-ont-deja-renonce-a-des-soins\"]}]},{\"@type\":\"ImageObject\",\"inLanguage\":\"fr-FR\",\"@id\":\"https:\/\/www.toutsurmesfinances.com\/actualites\/a\/pres-des-trois-quarts-des-francais-ont-deja-renonce-a-des-soins#primaryimage\",\"url\":\"https:\/\/www.toutsurmesfinances.com\/actualites\/wp-content\/uploads\/sites\/12\/2026\/03\/Gemini_Generated_Image_qb9ifiqb9ifiqb9i-scaled.webp\",\"contentUrl\":\"https:\/\/www.toutsurmesfinances.com\/actualites\/wp-content\/uploads\/sites\/12\/2026\/03\/Gemini_Generated_Image_qb9ifiqb9ifiqb9i-scaled.webp\",\"width\":823,\"height\":449},{\"@type\":\"BreadcrumbList\",\"@id\":\"https:\/\/www.toutsurmesfinances.com\/actualites\/a\/pres-des-trois-quarts-des-francais-ont-deja-renonce-a-des-soins#breadcrumb\",\"itemListElement\":[{\"@type\":\"ListItem\",\"position\":1,\"name\":\"Accueil\",\"item\":\"https:\/\/www.toutsurmesfinances.com\/actualites\/\"},{\"@type\":\"ListItem\",\"position\":2,\"name\":\"Pr\u00e8s des trois quarts des Fran\u00e7ais ont d\u00e9j\u00e0 renonc\u00e9 \u00e0 des soins\"}]},{\"@type\":\"WebSite\",\"@id\":\"https:\/\/www.toutsurmesfinances.com\/actualites\/#website\",\"url\":\"https:\/\/www.toutsurmesfinances.com\/actualites\/\",\"name\":\"Actualit\u00e9s\",\"description\":\"\",\"potentialAction\":[{\"@type\":\"SearchAction\",\"target\":{\"@type\":\"EntryPoint\",\"urlTemplate\":\"https:\/\/www.toutsurmesfinances.com\/actualites\/?s={search_term_string}\"},\"query-input\":{\"@type\":\"PropertyValueSpecification\",\"valueRequired\":true,\"valueName\":\"search_term_string\"}}],\"inLanguage\":\"fr-FR\"},{\"@type\":\"Person\",\"@id\":\"https:\/\/www.toutsurmesfinances.com\/actualites\/#\/schema\/person\/addc9e9b3978fa7947ead71bab57694c\",\"name\":\"Jean-Philippe Dubosc\",\"image\":{\"@type\":\"ImageObject\",\"inLanguage\":\"fr-FR\",\"@id\":\"https:\/\/www.toutsurmesfinances.com\/actualites\/#\/schema\/person\/image\/\",\"url\":\"https:\/\/secure.gravatar.com\/avatar\/a3cba30cdda1afe79f6ebffc6e952291?s=96&d=mm&r=g\",\"contentUrl\":\"https:\/\/secure.gravatar.com\/avatar\/a3cba30cdda1afe79f6ebffc6e952291?s=96&d=mm&r=g\",\"caption\":\"Jean-Philippe Dubosc\"},\"description\":\"Jean-Philippe Dubosc est r\u00e9dacteur en chef de ToutSurMesFinances.com et sp\u00e9cialiste des questions de retraite obligatoire et d\u2019\u00e9pargne. Pr\u00e9sent au sein du m\u00e9dia depuis plus de 13 ans, il analyse les r\u00e9formes, les dispositifs r\u00e9glementaires et les strat\u00e9gies de d\u00e9part \u00e0 la retraite, avec une approche fond\u00e9e sur une lecture rigoureuse des textes et une connaissance approfondie des diff\u00e9rents r\u00e9gimes de retraite.\",\"sameAs\":[\"https:\/\/www.toutsurmesfinances.com\/author\/jpdubosc\",\"https:\/\/fr.linkedin.com\/in\/jpdubosc\"]}]}<\/script>\n<!-- \/ Yoast SEO plugin. -->","yoast_head_json":{"title":"Pr\u00e8s des trois quarts des Fran\u00e7ais ont d\u00e9j\u00e0 renonc\u00e9 \u00e0 des soins - Actualit\u00e9s","robots":{"index":"index","follow":"follow","max-snippet":"max-snippet:-1","max-image-preview":"max-image-preview:large","max-video-preview":"max-video-preview:-1"},"canonical":"https:\/\/www.toutsurmesfinances.com\/actualites\/a\/pres-des-trois-quarts-des-francais-ont-deja-renonce-a-des-soins","og_locale":"fr_FR","og_type":"article","og_title":"Pr\u00e8s des trois quarts des Fran\u00e7ais ont d\u00e9j\u00e0 renonc\u00e9 \u00e0 des soins - Actualit\u00e9s","og_description":"Selon un r\u00e9cent sondage de la F\u00e9d\u00e9ration hospitali\u00e8re de France, 73% de nos compatriotes ont renonc\u00e9 \u00e0 un acte de soin dans les cinq derni\u00e8res ann\u00e9es, dont 40% pour des raisons financi\u00e8res.","og_url":"https:\/\/www.toutsurmesfinances.com\/actualites\/a\/pres-des-trois-quarts-des-francais-ont-deja-renonce-a-des-soins","og_site_name":"Actualit\u00e9s","article_published_time":"2026-03-23T10:52:06+00:00","article_modified_time":"2026-03-23T15:27:12+00:00","og_image":[{"width":823,"height":449,"url":"https:\/\/www.toutsurmesfinances.com\/actualites\/wp-content\/uploads\/sites\/12\/2026\/03\/Gemini_Generated_Image_qb9ifiqb9ifiqb9i-scaled.webp","type":"image\/webp"}],"author":"Jean-Philippe Dubosc","twitter_card":"summary_large_image","twitter_misc":{"\u00c9crit par":"Jean-Philippe Dubosc","Dur\u00e9e de lecture estim\u00e9e":"2 minutes"},"schema":{"@context":"https:\/\/schema.org","@graph":[{"@type":"WebPage","@id":"https:\/\/www.toutsurmesfinances.com\/actualites\/a\/pres-des-trois-quarts-des-francais-ont-deja-renonce-a-des-soins","url":"https:\/\/www.toutsurmesfinances.com\/actualites\/a\/pres-des-trois-quarts-des-francais-ont-deja-renonce-a-des-soins","name":"Pr\u00e8s des trois quarts des Fran\u00e7ais ont d\u00e9j\u00e0 renonc\u00e9 \u00e0 des soins - Actualit\u00e9s","isPartOf":{"@id":"https:\/\/www.toutsurmesfinances.com\/actualites\/#website"},"primaryImageOfPage":{"@id":"https:\/\/www.toutsurmesfinances.com\/actualites\/a\/pres-des-trois-quarts-des-francais-ont-deja-renonce-a-des-soins#primaryimage"},"image":{"@id":"https:\/\/www.toutsurmesfinances.com\/actualites\/a\/pres-des-trois-quarts-des-francais-ont-deja-renonce-a-des-soins#primaryimage"},"thumbnailUrl":"https:\/\/www.toutsurmesfinances.com\/actualites\/wp-content\/uploads\/sites\/12\/2026\/03\/Gemini_Generated_Image_qb9ifiqb9ifiqb9i-scaled.webp","dateModified":"2026-03-23T15:27:12+00:00","author":{"@id":"https:\/\/www.toutsurmesfinances.com\/actualites\/#\/schema\/person\/addc9e9b3978fa7947ead71bab57694c"},"breadcrumb":{"@id":"https:\/\/www.toutsurmesfinances.com\/actualites\/a\/pres-des-trois-quarts-des-francais-ont-deja-renonce-a-des-soins#breadcrumb"},"inLanguage":"fr-FR","potentialAction":[{"@type":"ReadAction","target":["https:\/\/www.toutsurmesfinances.com\/actualites\/a\/pres-des-trois-quarts-des-francais-ont-deja-renonce-a-des-soins"]}]},{"@type":"ImageObject","inLanguage":"fr-FR","@id":"https:\/\/www.toutsurmesfinances.com\/actualites\/a\/pres-des-trois-quarts-des-francais-ont-deja-renonce-a-des-soins#primaryimage","url":"https:\/\/www.toutsurmesfinances.com\/actualites\/wp-content\/uploads\/sites\/12\/2026\/03\/Gemini_Generated_Image_qb9ifiqb9ifiqb9i-scaled.webp","contentUrl":"https:\/\/www.toutsurmesfinances.com\/actualites\/wp-content\/uploads\/sites\/12\/2026\/03\/Gemini_Generated_Image_qb9ifiqb9ifiqb9i-scaled.webp","width":823,"height":449},{"@type":"BreadcrumbList","@id":"https:\/\/www.toutsurmesfinances.com\/actualites\/a\/pres-des-trois-quarts-des-francais-ont-deja-renonce-a-des-soins#breadcrumb","itemListElement":[{"@type":"ListItem","position":1,"name":"Accueil","item":"https:\/\/www.toutsurmesfinances.com\/actualites\/"},{"@type":"ListItem","position":2,"name":"Pr\u00e8s des trois quarts des Fran\u00e7ais ont d\u00e9j\u00e0 renonc\u00e9 \u00e0 des soins"}]},{"@type":"WebSite","@id":"https:\/\/www.toutsurmesfinances.com\/actualites\/#website","url":"https:\/\/www.toutsurmesfinances.com\/actualites\/","name":"Actualit\u00e9s","description":"","potentialAction":[{"@type":"SearchAction","target":{"@type":"EntryPoint","urlTemplate":"https:\/\/www.toutsurmesfinances.com\/actualites\/?s={search_term_string}"},"query-input":{"@type":"PropertyValueSpecification","valueRequired":true,"valueName":"search_term_string"}}],"inLanguage":"fr-FR"},{"@type":"Person","@id":"https:\/\/www.toutsurmesfinances.com\/actualites\/#\/schema\/person\/addc9e9b3978fa7947ead71bab57694c","name":"Jean-Philippe Dubosc","image":{"@type":"ImageObject","inLanguage":"fr-FR","@id":"https:\/\/www.toutsurmesfinances.com\/actualites\/#\/schema\/person\/image\/","url":"https:\/\/secure.gravatar.com\/avatar\/a3cba30cdda1afe79f6ebffc6e952291?s=96&d=mm&r=g","contentUrl":"https:\/\/secure.gravatar.com\/avatar\/a3cba30cdda1afe79f6ebffc6e952291?s=96&d=mm&r=g","caption":"Jean-Philippe Dubosc"},"description":"Jean-Philippe Dubosc est r\u00e9dacteur en chef de ToutSurMesFinances.com et sp\u00e9cialiste des questions de retraite obligatoire et d\u2019\u00e9pargne. Pr\u00e9sent au sein du m\u00e9dia depuis plus de 13 ans, il analyse les r\u00e9formes, les dispositifs r\u00e9glementaires et les strat\u00e9gies de d\u00e9part \u00e0 la retraite, avec une approche fond\u00e9e sur une lecture rigoureuse des textes et une connaissance approfondie des diff\u00e9rents r\u00e9gimes de retraite.","sameAs":["https:\/\/www.toutsurmesfinances.com\/author\/jpdubosc","https:\/\/fr.linkedin.com\/in\/jpdubosc"]}]}},"_links":{"self":[{"href":"https:\/\/www.toutsurmesfinances.com\/actualites\/wp-json\/wp\/v2\/posts\/226","targetHints":{"allow":["GET"]}}],"collection":[{"href":"https:\/\/www.toutsurmesfinances.com\/actualites\/wp-json\/wp\/v2\/posts"}],"about":[{"href":"https:\/\/www.toutsurmesfinances.com\/actualites\/wp-json\/wp\/v2\/types\/post"}],"author":[{"embeddable":true,"href":"https:\/\/www.toutsurmesfinances.com\/actualites\/wp-json\/wp\/v2\/users\/13713"}],"replies":[{"embeddable":true,"href":"https:\/\/www.toutsurmesfinances.com\/actualites\/wp-json\/wp\/v2\/comments?post=226"}],"version-history":[{"count":3,"href":"https:\/\/www.toutsurmesfinances.com\/actualites\/wp-json\/wp\/v2\/posts\/226\/revisions"}],"predecessor-version":[{"id":233,"href":"https:\/\/www.toutsurmesfinances.com\/actualites\/wp-json\/wp\/v2\/posts\/226\/revisions\/233"}],"wp:featuredmedia":[{"embeddable":true,"href":"https:\/\/www.toutsurmesfinances.com\/actualites\/wp-json\/wp\/v2\/media\/227"}],"wp:attachment":[{"href":"https:\/\/www.toutsurmesfinances.com\/actualites\/wp-json\/wp\/v2\/media?parent=226"}],"wp:term":[{"taxonomy":"category","embeddable":true,"href":"https:\/\/www.toutsurmesfinances.com\/actualites\/wp-json\/wp\/v2\/categories?post=226"},{"taxonomy":"post_tag","embeddable":true,"href":"https:\/\/www.toutsurmesfinances.com\/actualites\/wp-json\/wp\/v2\/tags?post=226"}],"curies":[{"name":"wp","href":"https:\/\/api.w.org\/{rel}","templated":true}]}}