{"id":500,"date":"2026-04-28T13:05:05","date_gmt":"2026-04-28T11:05:05","guid":{"rendered":"https:\/\/www.toutsurmesfinances.com\/actualites\/?p=500"},"modified":"2026-04-28T13:12:16","modified_gmt":"2026-04-28T11:12:16","slug":"vacances-d-ete-2026-les-francais-rognent-leur-budget-de-150-euros","status":"publish","type":"post","link":"https:\/\/www.toutsurmesfinances.com\/actualites\/a\/vacances-d-ete-2026-les-francais-rognent-leur-budget-de-150-euros","title":{"rendered":"Vacances d&rsquo;\u00e9t\u00e9 2026 : les Fran\u00e7ais rognent leur budget de 150 euros"},"content":{"rendered":"<p>Le r\u00eave d&rsquo;\u00e9vasion estivale des Fran\u00e7ais s&rsquo;\u00e9rode. \u00c0 peine plus des deux tiers (68%) d\u2019entre eux pr\u00e9voient de partir une semaine cet \u00e9t\u00e9, contre plus des trois quarts (77%) l\u2019an dernier, selon une \u00e9tude de l&rsquo;Ifop pour Alliance France Tourisme &#8211; un groupe de r\u00e9flexion qui r\u00e9unit des grands acteurs du secteur du tourisme, comme Accor, Air France ou encore la Compagnie des Alpes &#8211; publi\u00e9e mardi 28 avril. Surtout, seuls 37% se disent \u00ab certains \u00bb de boucler leurs valises, contre 50% l&rsquo;an pass\u00e9.<\/p>\n<h2><span class=\"ez-toc-section\" id=\"Un_budget_vacances_en_chute_libre\"><\/span>Un budget vacances en chute libre<span class=\"ez-toc-section-end\"><\/span><\/h2>\n<p>D&rsquo;apr\u00e8s l&rsquo;\u00e9tude, le budget vacances moyen tombe cette ann\u00e9e \u00e0 1 530 euros, soit 150 euros de moins qu&rsquo;en 2025. Plus d&rsquo;un tiers des personnes interrog\u00e9es (35%) pr\u00e9voient de d\u00e9penser moins de 1 000 euros, et seuls 11% envisagent de d\u00e9passer les 3 000 euros (contre 15% l&rsquo;an dernier). Pour financer le s\u00e9jour, 86% planifient de puiser dans leur \u00e9pargne. Cons\u00e9quence : un Fran\u00e7ais sur deux (51%) compte rogner ses d\u00e9penses, en raccourcissant la dur\u00e9e du s\u00e9jour (61%), en limitant les d\u00e9penses sur place (60%) ou en chassant les bonnes affaires (47%).<\/p>\n<p>Sans surprise, le contexte g\u00e9opolitique li\u00e9 au conflit entre l\u2019Iran et la coalition isra\u00e9lo-am\u00e9ricaines &#8211; associ\u00e9 \u00e0 la hausse des prix, en particulier \u00e9nerg\u00e9tiques &#8211; p\u00e8se directement sur les arbitrages. Ainsi, 41% des sond\u00e9s d\u00e9clarent modifier leurs projets en raison de la situation internationale, notamment au Moyen-Orient. Pr\u00e8s de trois quarts jugent certaines zones dissuasives. Les r\u00e9actions vont de l&rsquo;attentisme (12% repoussent leurs r\u00e9servations) au changement de destination (8%), les annulations s\u00e8ches restant marginales (7%).<\/p>\n<h2><span class=\"ez-toc-section\" id=\"La_France_grande_gagnante_des_arbitrages\"><\/span>La France, grande gagnante des arbitrages<span class=\"ez-toc-section-end\"><\/span><\/h2>\n<p>Dans ce contexte, le tourisme int\u00e9rieur devient une valeur refuge. Le sondage r\u00e9v\u00e8le que 71% des vacanciers s\u00e9journeront en France cette ann\u00e9e, soit trois points de plus qu&rsquo;en 2025. En revanche, seuls 23% visent l&rsquo;Europe et 9% une destination lointaine. La voiture personnelle reste le mode de transport dominant (68%), loin devant l&rsquo;avion (24%) et le train (18%).<\/p>\n<p>C\u00f4t\u00e9 h\u00e9bergement, les arbitrages traduisent une volont\u00e9 de ma\u00eetrise du budget vacances. Le recours aux plateformes type Airbnb recule de quatre points sur un an, tandis que l&rsquo;h\u00e9bergement gratuit (famille, amis) bondit de 22% \u00e0 32% pour les courts s\u00e9jours, plus modulables. Le camping progresse aussi nettement, de 17% \u00e0 27%. Autre constat : l\u2019incertitude pousse les Fran\u00e7ais \u00e0 garder une marge de man\u0153uvre, quitte \u00e0 arbitrer au dernier moment.<\/p>\n<p>En d\u00e9finitive, l\u2019\u00e9t\u00e9 2026 ne sera pas celui du renoncement, mais celui de l\u2019ajustement. Les Fran\u00e7ais continueront de partir, mais diff\u00e9remment : plus pr\u00e8s, plus prudemment et avec davantage de flexibilit\u00e9.<\/p>\n","protected":false},"excerpt":{"rendered":"<p>Les Fran\u00e7ais pr\u00e9voient de d\u00e9penser 1 530 euros en moyenne pour leurs vacances cet \u00e9t\u00e9 2026, soit 150 euros de moins qu&rsquo;en 2025, selon une \u00e9tude Ifop pour Alliance France Tourisme. En cause : l&rsquo;inflation et les tensions internationales.<\/p>\n","protected":false},"author":13719,"featured_media":502,"comment_status":"closed","ping_status":"closed","sticky":false,"template":"","format":"standard","meta":{"footnotes":""},"categories":[1],"tags":[],"class_list":["post-500","post","type-post","status-publish","format-standard","has-post-thumbnail","hentry","category-a-la-une"],"acf":[],"yoast_head":"<!-- This site is optimized with the Yoast SEO plugin v24.9 - https:\/\/yoast.com\/wordpress\/plugins\/seo\/ -->\n<title>Vacances d&#039;\u00e9t\u00e9 2026 : les Fran\u00e7ais rognent leur budget de 150 euros - Actualit\u00e9s<\/title>\n<meta name=\"description\" content=\"Sous l&#039;effet de l&#039;inflation et des tensions internationales, les Fran\u00e7ais comptent partir moins nombreux et avec un budget rogn\u00e9 de 150 euros durant l&#039;\u00e9t\u00e9 2026.\" \/>\n<meta name=\"robots\" content=\"index, follow, max-snippet:-1, max-image-preview:large, max-video-preview:-1\" \/>\n<link rel=\"canonical\" href=\"https:\/\/www.toutsurmesfinances.com\/actualites\/a\/vacances-d-ete-2026-les-francais-rognent-leur-budget-de-150-euros\" \/>\n<meta property=\"og:locale\" content=\"fr_FR\" \/>\n<meta property=\"og:type\" content=\"article\" \/>\n<meta property=\"og:title\" content=\"Vacances d&#039;\u00e9t\u00e9 2026 : les Fran\u00e7ais rognent leur budget de 150 euros - Actualit\u00e9s\" \/>\n<meta property=\"og:description\" content=\"Sous l&#039;effet de l&#039;inflation et des tensions internationales, les Fran\u00e7ais comptent partir moins nombreux et avec un budget rogn\u00e9 de 150 euros durant l&#039;\u00e9t\u00e9 2026.\" \/>\n<meta property=\"og:url\" content=\"https:\/\/www.toutsurmesfinances.com\/actualites\/a\/vacances-d-ete-2026-les-francais-rognent-leur-budget-de-150-euros\" \/>\n<meta property=\"og:site_name\" content=\"Actualit\u00e9s\" \/>\n<meta property=\"article:published_time\" content=\"2026-04-28T11:05:05+00:00\" \/>\n<meta property=\"article:modified_time\" content=\"2026-04-28T11:12:16+00:00\" \/>\n<meta property=\"og:image\" content=\"https:\/\/www.toutsurmesfinances.com\/actualites\/wp-content\/uploads\/sites\/12\/2026\/04\/famille_vacances-scaled.webp\" \/>\n\t<meta property=\"og:image:width\" content=\"823\" \/>\n\t<meta property=\"og:image:height\" content=\"549\" \/>\n\t<meta property=\"og:image:type\" content=\"image\/webp\" \/>\n<meta name=\"author\" content=\"Loic Farge\" \/>\n<meta name=\"twitter:card\" content=\"summary_large_image\" \/>\n<meta name=\"twitter:label1\" content=\"\u00c9crit par\" \/>\n\t<meta name=\"twitter:data1\" content=\"Loic Farge\" \/>\n\t<meta name=\"twitter:label2\" content=\"Dur\u00e9e de lecture estim\u00e9e\" \/>\n\t<meta name=\"twitter:data2\" content=\"3 minutes\" \/>\n<script type=\"application\/ld+json\" class=\"yoast-schema-graph\">{\"@context\":\"https:\/\/schema.org\",\"@graph\":[{\"@type\":\"WebPage\",\"@id\":\"https:\/\/www.toutsurmesfinances.com\/actualites\/a\/vacances-d-ete-2026-les-francais-rognent-leur-budget-de-150-euros\",\"url\":\"https:\/\/www.toutsurmesfinances.com\/actualites\/a\/vacances-d-ete-2026-les-francais-rognent-leur-budget-de-150-euros\",\"name\":\"Vacances d'\u00e9t\u00e9 2026 : les Fran\u00e7ais rognent leur budget de 150 euros - Actualit\u00e9s\",\"isPartOf\":{\"@id\":\"https:\/\/www.toutsurmesfinances.com\/actualites\/#website\"},\"primaryImageOfPage\":{\"@id\":\"https:\/\/www.toutsurmesfinances.com\/actualites\/a\/vacances-d-ete-2026-les-francais-rognent-leur-budget-de-150-euros#primaryimage\"},\"image\":{\"@id\":\"https:\/\/www.toutsurmesfinances.com\/actualites\/a\/vacances-d-ete-2026-les-francais-rognent-leur-budget-de-150-euros#primaryimage\"},\"thumbnailUrl\":\"https:\/\/www.toutsurmesfinances.com\/actualites\/wp-content\/uploads\/sites\/12\/2026\/04\/famille_vacances-scaled.webp\",\"dateModified\":\"2026-04-28T11:12:16+00:00\",\"author\":{\"@id\":\"https:\/\/www.toutsurmesfinances.com\/actualites\/#\/schema\/person\/441d2f49b49f36caada20af210ea82db\"},\"description\":\"Sous l'effet de l'inflation et des tensions internationales, les Fran\u00e7ais comptent partir moins nombreux et avec un budget rogn\u00e9 de 150 euros durant l'\u00e9t\u00e9 2026.\",\"breadcrumb\":{\"@id\":\"https:\/\/www.toutsurmesfinances.com\/actualites\/a\/vacances-d-ete-2026-les-francais-rognent-leur-budget-de-150-euros#breadcrumb\"},\"inLanguage\":\"fr-FR\",\"potentialAction\":[{\"@type\":\"ReadAction\",\"target\":[\"https:\/\/www.toutsurmesfinances.com\/actualites\/a\/vacances-d-ete-2026-les-francais-rognent-leur-budget-de-150-euros\"]}]},{\"@type\":\"ImageObject\",\"inLanguage\":\"fr-FR\",\"@id\":\"https:\/\/www.toutsurmesfinances.com\/actualites\/a\/vacances-d-ete-2026-les-francais-rognent-leur-budget-de-150-euros#primaryimage\",\"url\":\"https:\/\/www.toutsurmesfinances.com\/actualites\/wp-content\/uploads\/sites\/12\/2026\/04\/famille_vacances-scaled.webp\",\"contentUrl\":\"https:\/\/www.toutsurmesfinances.com\/actualites\/wp-content\/uploads\/sites\/12\/2026\/04\/famille_vacances-scaled.webp\",\"width\":823,\"height\":549,\"caption\":\"Les Fran\u00e7ais revoient leurs ambitions de voyages pour l'\u00e9t\u00e9 2026\"},{\"@type\":\"BreadcrumbList\",\"@id\":\"https:\/\/www.toutsurmesfinances.com\/actualites\/a\/vacances-d-ete-2026-les-francais-rognent-leur-budget-de-150-euros#breadcrumb\",\"itemListElement\":[{\"@type\":\"ListItem\",\"position\":1,\"name\":\"Accueil\",\"item\":\"https:\/\/www.toutsurmesfinances.com\/actualites\/\"},{\"@type\":\"ListItem\",\"position\":2,\"name\":\"Vacances d&rsquo;\u00e9t\u00e9 2026 : les Fran\u00e7ais rognent leur budget de 150 euros\"}]},{\"@type\":\"WebSite\",\"@id\":\"https:\/\/www.toutsurmesfinances.com\/actualites\/#website\",\"url\":\"https:\/\/www.toutsurmesfinances.com\/actualites\/\",\"name\":\"Actualit\u00e9s\",\"description\":\"\",\"potentialAction\":[{\"@type\":\"SearchAction\",\"target\":{\"@type\":\"EntryPoint\",\"urlTemplate\":\"https:\/\/www.toutsurmesfinances.com\/actualites\/?s={search_term_string}\"},\"query-input\":{\"@type\":\"PropertyValueSpecification\",\"valueRequired\":true,\"valueName\":\"search_term_string\"}}],\"inLanguage\":\"fr-FR\"},{\"@type\":\"Person\",\"@id\":\"https:\/\/www.toutsurmesfinances.com\/actualites\/#\/schema\/person\/441d2f49b49f36caada20af210ea82db\",\"name\":\"Loic Farge\",\"image\":{\"@type\":\"ImageObject\",\"inLanguage\":\"fr-FR\",\"@id\":\"https:\/\/www.toutsurmesfinances.com\/actualites\/#\/schema\/person\/image\/\",\"url\":\"https:\/\/secure.gravatar.com\/avatar\/d6ba1a4c295f842490f4602774c31c1d?s=96&d=mm&r=g\",\"contentUrl\":\"https:\/\/secure.gravatar.com\/avatar\/d6ba1a4c295f842490f4602774c31c1d?s=96&d=mm&r=g\",\"caption\":\"Loic Farge\"},\"description\":\"Lo\u00efc Farge est journaliste sp\u00e9cialis\u00e9 en immobilier. Il travaille chez\u00a0ToutSurMesFinances.com\u00a0depuis pr\u00e8s de 10 ans. Il couvre l\u2019ensemble des th\u00e9matiques li\u00e9es \u00e0 l\u2019immobilier : march\u00e9, financement, r\u00e9glementation, fiscalit\u00e9 et investissement locatif.\",\"sameAs\":[\"https:\/\/www.toutsurmesfinances.com\/author\/loic\",\"https:\/\/www.linkedin.com\/in\/loc-farge-4b742725\/\"]}]}<\/script>\n<!-- \/ Yoast SEO plugin. -->","yoast_head_json":{"title":"Vacances d'\u00e9t\u00e9 2026 : les Fran\u00e7ais rognent leur budget de 150 euros - Actualit\u00e9s","description":"Sous l'effet de l'inflation et des tensions internationales, les Fran\u00e7ais comptent partir moins nombreux et avec un budget rogn\u00e9 de 150 euros durant l'\u00e9t\u00e9 2026.","robots":{"index":"index","follow":"follow","max-snippet":"max-snippet:-1","max-image-preview":"max-image-preview:large","max-video-preview":"max-video-preview:-1"},"canonical":"https:\/\/www.toutsurmesfinances.com\/actualites\/a\/vacances-d-ete-2026-les-francais-rognent-leur-budget-de-150-euros","og_locale":"fr_FR","og_type":"article","og_title":"Vacances d'\u00e9t\u00e9 2026 : les Fran\u00e7ais rognent leur budget de 150 euros - Actualit\u00e9s","og_description":"Sous l'effet de l'inflation et des tensions internationales, les Fran\u00e7ais comptent partir moins nombreux et avec un budget rogn\u00e9 de 150 euros durant l'\u00e9t\u00e9 2026.","og_url":"https:\/\/www.toutsurmesfinances.com\/actualites\/a\/vacances-d-ete-2026-les-francais-rognent-leur-budget-de-150-euros","og_site_name":"Actualit\u00e9s","article_published_time":"2026-04-28T11:05:05+00:00","article_modified_time":"2026-04-28T11:12:16+00:00","og_image":[{"width":823,"height":549,"url":"https:\/\/www.toutsurmesfinances.com\/actualites\/wp-content\/uploads\/sites\/12\/2026\/04\/famille_vacances-scaled.webp","type":"image\/webp"}],"author":"Loic Farge","twitter_card":"summary_large_image","twitter_misc":{"\u00c9crit par":"Loic Farge","Dur\u00e9e de lecture estim\u00e9e":"3 minutes"},"schema":{"@context":"https:\/\/schema.org","@graph":[{"@type":"WebPage","@id":"https:\/\/www.toutsurmesfinances.com\/actualites\/a\/vacances-d-ete-2026-les-francais-rognent-leur-budget-de-150-euros","url":"https:\/\/www.toutsurmesfinances.com\/actualites\/a\/vacances-d-ete-2026-les-francais-rognent-leur-budget-de-150-euros","name":"Vacances d'\u00e9t\u00e9 2026 : les Fran\u00e7ais rognent leur budget de 150 euros - Actualit\u00e9s","isPartOf":{"@id":"https:\/\/www.toutsurmesfinances.com\/actualites\/#website"},"primaryImageOfPage":{"@id":"https:\/\/www.toutsurmesfinances.com\/actualites\/a\/vacances-d-ete-2026-les-francais-rognent-leur-budget-de-150-euros#primaryimage"},"image":{"@id":"https:\/\/www.toutsurmesfinances.com\/actualites\/a\/vacances-d-ete-2026-les-francais-rognent-leur-budget-de-150-euros#primaryimage"},"thumbnailUrl":"https:\/\/www.toutsurmesfinances.com\/actualites\/wp-content\/uploads\/sites\/12\/2026\/04\/famille_vacances-scaled.webp","dateModified":"2026-04-28T11:12:16+00:00","author":{"@id":"https:\/\/www.toutsurmesfinances.com\/actualites\/#\/schema\/person\/441d2f49b49f36caada20af210ea82db"},"description":"Sous l'effet de l'inflation et des tensions internationales, les Fran\u00e7ais comptent partir moins nombreux et avec un budget rogn\u00e9 de 150 euros durant l'\u00e9t\u00e9 2026.","breadcrumb":{"@id":"https:\/\/www.toutsurmesfinances.com\/actualites\/a\/vacances-d-ete-2026-les-francais-rognent-leur-budget-de-150-euros#breadcrumb"},"inLanguage":"fr-FR","potentialAction":[{"@type":"ReadAction","target":["https:\/\/www.toutsurmesfinances.com\/actualites\/a\/vacances-d-ete-2026-les-francais-rognent-leur-budget-de-150-euros"]}]},{"@type":"ImageObject","inLanguage":"fr-FR","@id":"https:\/\/www.toutsurmesfinances.com\/actualites\/a\/vacances-d-ete-2026-les-francais-rognent-leur-budget-de-150-euros#primaryimage","url":"https:\/\/www.toutsurmesfinances.com\/actualites\/wp-content\/uploads\/sites\/12\/2026\/04\/famille_vacances-scaled.webp","contentUrl":"https:\/\/www.toutsurmesfinances.com\/actualites\/wp-content\/uploads\/sites\/12\/2026\/04\/famille_vacances-scaled.webp","width":823,"height":549,"caption":"Les Fran\u00e7ais revoient leurs ambitions de voyages pour l'\u00e9t\u00e9 2026"},{"@type":"BreadcrumbList","@id":"https:\/\/www.toutsurmesfinances.com\/actualites\/a\/vacances-d-ete-2026-les-francais-rognent-leur-budget-de-150-euros#breadcrumb","itemListElement":[{"@type":"ListItem","position":1,"name":"Accueil","item":"https:\/\/www.toutsurmesfinances.com\/actualites\/"},{"@type":"ListItem","position":2,"name":"Vacances d&rsquo;\u00e9t\u00e9 2026 : les Fran\u00e7ais rognent leur budget de 150 euros"}]},{"@type":"WebSite","@id":"https:\/\/www.toutsurmesfinances.com\/actualites\/#website","url":"https:\/\/www.toutsurmesfinances.com\/actualites\/","name":"Actualit\u00e9s","description":"","potentialAction":[{"@type":"SearchAction","target":{"@type":"EntryPoint","urlTemplate":"https:\/\/www.toutsurmesfinances.com\/actualites\/?s={search_term_string}"},"query-input":{"@type":"PropertyValueSpecification","valueRequired":true,"valueName":"search_term_string"}}],"inLanguage":"fr-FR"},{"@type":"Person","@id":"https:\/\/www.toutsurmesfinances.com\/actualites\/#\/schema\/person\/441d2f49b49f36caada20af210ea82db","name":"Loic Farge","image":{"@type":"ImageObject","inLanguage":"fr-FR","@id":"https:\/\/www.toutsurmesfinances.com\/actualites\/#\/schema\/person\/image\/","url":"https:\/\/secure.gravatar.com\/avatar\/d6ba1a4c295f842490f4602774c31c1d?s=96&d=mm&r=g","contentUrl":"https:\/\/secure.gravatar.com\/avatar\/d6ba1a4c295f842490f4602774c31c1d?s=96&d=mm&r=g","caption":"Loic Farge"},"description":"Lo\u00efc Farge est journaliste sp\u00e9cialis\u00e9 en immobilier. Il travaille chez\u00a0ToutSurMesFinances.com\u00a0depuis pr\u00e8s de 10 ans. Il couvre l\u2019ensemble des th\u00e9matiques li\u00e9es \u00e0 l\u2019immobilier : march\u00e9, financement, r\u00e9glementation, fiscalit\u00e9 et investissement locatif.","sameAs":["https:\/\/www.toutsurmesfinances.com\/author\/loic","https:\/\/www.linkedin.com\/in\/loc-farge-4b742725\/"]}]}},"_links":{"self":[{"href":"https:\/\/www.toutsurmesfinances.com\/actualites\/wp-json\/wp\/v2\/posts\/500","targetHints":{"allow":["GET"]}}],"collection":[{"href":"https:\/\/www.toutsurmesfinances.com\/actualites\/wp-json\/wp\/v2\/posts"}],"about":[{"href":"https:\/\/www.toutsurmesfinances.com\/actualites\/wp-json\/wp\/v2\/types\/post"}],"author":[{"embeddable":true,"href":"https:\/\/www.toutsurmesfinances.com\/actualites\/wp-json\/wp\/v2\/users\/13719"}],"replies":[{"embeddable":true,"href":"https:\/\/www.toutsurmesfinances.com\/actualites\/wp-json\/wp\/v2\/comments?post=500"}],"version-history":[{"count":3,"href":"https:\/\/www.toutsurmesfinances.com\/actualites\/wp-json\/wp\/v2\/posts\/500\/revisions"}],"predecessor-version":[{"id":505,"href":"https:\/\/www.toutsurmesfinances.com\/actualites\/wp-json\/wp\/v2\/posts\/500\/revisions\/505"}],"wp:featuredmedia":[{"embeddable":true,"href":"https:\/\/www.toutsurmesfinances.com\/actualites\/wp-json\/wp\/v2\/media\/502"}],"wp:attachment":[{"href":"https:\/\/www.toutsurmesfinances.com\/actualites\/wp-json\/wp\/v2\/media?parent=500"}],"wp:term":[{"taxonomy":"category","embeddable":true,"href":"https:\/\/www.toutsurmesfinances.com\/actualites\/wp-json\/wp\/v2\/categories?post=500"},{"taxonomy":"post_tag","embeddable":true,"href":"https:\/\/www.toutsurmesfinances.com\/actualites\/wp-json\/wp\/v2\/tags?post=500"}],"curies":[{"name":"wp","href":"https:\/\/api.w.org\/{rel}","templated":true}]}}