{"id":506,"date":"2026-04-28T15:30:29","date_gmt":"2026-04-28T13:30:29","guid":{"rendered":"https:\/\/www.toutsurmesfinances.com\/actualites\/?p=506"},"modified":"2026-04-28T15:34:14","modified_gmt":"2026-04-28T13:34:14","slug":"pas-de-baisse-des-pensions-complementaires-agirc-arrco-en-mai-2026","status":"publish","type":"post","link":"https:\/\/www.toutsurmesfinances.com\/actualites\/a\/pas-de-baisse-des-pensions-complementaires-agirc-arrco-en-mai-2026","title":{"rendered":"Pas de baisse des pensions compl\u00e9mentaires Agirc-Arrco en mai 2026"},"content":{"rendered":"<p>Non, les retraites compl\u00e9mentaires des salari\u00e9s du secteur priv\u00e9 vers\u00e9es par l\u2019Agirc-Arrco ne baisseront pas dans au mois de mai 2026. Cette rumeur d&rsquo;une baisse des pensions compl\u00e9mentaires circule depuis plusieurs mois sur les r\u00e9seaux sociaux et suscite de nombreuses requ\u00eates sur les moteurs de recherche ces derniers jours. Celle-ci est aliment\u00e9e par de fausses informations et des titres d&rsquo;articles trompeurs. Qu&rsquo;en est-il vraiment ?<\/p>\n<h2><span class=\"ez-toc-section\" id=\"Gel_des_retraites_en_novembre_2025\"><\/span>Gel des retraites en novembre 2025<span class=\"ez-toc-section-end\"><\/span><\/h2>\n<p>Les pensions de retraite vers\u00e9es par l\u2019Agirc-Arrco, le r\u00e9gime de retraite compl\u00e9mentaire obligatoire des salari\u00e9s du secteur priv\u00e9, ont \u00e9t\u00e9 gel\u00e9es\u00a0au 1er novembre 2025 : faute d\u2019accord entre les repr\u00e9sentants des organisations patronales et syndicales, la valeur de service du point &#8211; montant en euros que rapporte chaque point de retraite accumul\u00e9 \u2013 est rest\u00e9e inchang\u00e9, \u00e0 1,4386 euro.<\/p>\n<p>Les pensions vers\u00e9es n\u2019ont donc ni augment\u00e9, ni baiss\u00e9.<\/p>\n<h2><span class=\"ez-toc-section\" id=\"La_valeur_du_point_Agirc-Arrco_ne_peut_pas_baisser_jusquen_2026\"><\/span>La valeur du point Agirc-Arrco ne peut pas baisser jusqu\u2019en 2026<span class=\"ez-toc-section-end\"><\/span><\/h2>\n<p>Aucune baisse de la valeur de service du point Agirc-Arrco n\u2019est possible jusqu\u2019\u00e0 cette ann\u00e9e. Un plancher a, en effet, \u00e9t\u00e9 pr\u00e9vu \u00e0 l\u2019article 4 de l&rsquo;Accord national interprofessionnel (ANI) du 5 octobre 2023 conclu par les partenaires sociaux pour la p\u00e9riode 2024-2026. \u00ab\u00a0En aucun cas pendant cette p\u00e9riode, la valeur de service du point ne peut diminuer en valeur absolue\u00a0\u00bb, indique le texte de l\u2019accord.<\/p>\n<p>Cependant, en dehors de la p\u00e9riode couverte par un accord d\u00e9rogatoire, la baisse des pensions redevient juridiquement possible.<\/p>\n<h2><span class=\"ez-toc-section\" id=\"Pensions_moyennes_en_hausse_depuis_2018\"><\/span>Pensions moyennes en hausse depuis 2018<span class=\"ez-toc-section-end\"><\/span><\/h2>\n<p>Le montant mensuel moyen des pensions vers\u00e9es par l\u2019Agirc-Arrco augmente r\u00e9guli\u00e8rement depuis 2018\u00a0: les allocataires ont per\u00e7u une somme de 588 euros par mois en moyenne en 2024, contre 507 euros en 2018, selon l\u2019\u00e9dition du rapport \u00ab\u00a0Chiffr\u2019Agirc-Arrco\u00a0\u00bb (recueil statistique) publi\u00e9 le 14 avril 2026.<\/p>\n<p>En moyenne, les hommes ont re\u00e7u une somme de 758 euros en 2024 (664 euros en 2018) et les femmes de 444 euros (372 euros en 2018).<\/p>\n<h2><span class=\"ez-toc-section\" id=\"Le_cout_du_point_augmente_plus_vite_que_celui_de_la_pension\"><\/span>Le co\u00fbt du point augmente plus vite que celui de la pension<span class=\"ez-toc-section-end\"><\/span><\/h2>\n<p>Pendant sa carri\u00e8re, chaque salari\u00e9 du priv\u00e9 acquiert des points Agirc-Arrco gr\u00e2ce \u00e0 ses cotisations. Au 1\u1d49\u02b3 janvier 2026, un point co\u00fbte 20,19 euros : c&rsquo;est la <em>valeur d&rsquo;achat<\/em>. \u00c0 la retraite, chaque point rapporte 1,4386 euro : c&rsquo;est la <em>valeur de service<\/em>. Le rendement correspond au rapport entre les deux, autrement dit ce que rapporte un euro cotis\u00e9, une fois le salari\u00e9 \u00e0 la retraite. En 2026, ce rendement s&rsquo;\u00e9tablit \u00e0 5,61%, contre 5,99% en 2018. Il subit une lente \u00e9rosion, comme le montre le tableau ci-dessous\u00a0:<\/p>\n<div id=\"tablepress-2-scroll-wrapper\" class=\"tablepress-scroll-wrapper\">\n\n<table id=\"tablepress-2\" class=\"tablepress tablepress-id-2 tablepress-responsive\">\n<thead>\n<tr class=\"row-1 odd\">\n\t<th class=\"column-1\">Ann\u00e9e<\/th><th class=\"column-2\">Valeur d'achat<\/th><th class=\"column-3\">Valeur de service<\/th><th class=\"column-4\">Rendement du point Agirc-Arrco<\/th>\n<\/tr>\n<\/thead>\n<tbody class=\"row-hover\">\n<tr class=\"row-2 even\">\n\t<td class=\"column-1\">2018<\/td><td class=\"column-2\">16,7226 \u20ac<\/td><td class=\"column-3\">1,2588 \u20ac<\/td><td class=\"column-4\"><strong>5,99%<\/strong><\/td>\n<\/tr>\n<tr class=\"row-3 odd\">\n\t<td class=\"column-1\">2022<\/td><td class=\"column-2\">17,4316 \u20ac<\/td><td class=\"column-3\">1,3498 \u20ac<\/td><td class=\"column-4\">5,80%<\/td>\n<\/tr>\n<tr class=\"row-4 even\">\n\t<td class=\"column-1\">2024<\/td><td class=\"column-2\">19,6321 \u20ac<\/td><td class=\"column-3\">1,4386 \u20ac<\/td><td class=\"column-4\">5,68%<\/td>\n<\/tr>\n<tr class=\"row-5 odd\">\n\t<td class=\"column-1\">2025<\/td><td class=\"column-2\">20,1877 \u20ac<\/td><td class=\"column-3\">1,4386 \u20ac<\/td><td class=\"column-4\">5,61%<\/td>\n<\/tr>\n<tr class=\"row-6 even\">\n\t<td class=\"column-1\">2026<\/td><td class=\"column-2\">20,1877 \u20ac<\/td><td class=\"column-3\">1,4386 \u20ac<\/td><td class=\"column-4\"><strong>5,61%<\/strong><\/td>\n<\/tr>\n<\/tbody>\n<\/table>\n\n<\/div><!-- #tablepress-2 from cache -->\n<p><em>Source : Agirc-Arrco<\/em><\/p>\n<h2><span class=\"ez-toc-section\" id=\"Baisse_des_pensions_des_cas_individuels\"><\/span>Baisse des pensions : des cas individuels<span class=\"ez-toc-section-end\"><\/span><\/h2>\n<p>Les pensions vers\u00e9es par l\u2019Agirc-Arrco peuvent baisser, mais pas parce que les partenaires sociaux ont d\u00e9cid\u00e9 de baisser la valeur de service du point. Deux raisons peuvent l&rsquo;expliquer : soit le montant des pr\u00e9l\u00e8vements sociaux (CSG, CRDS, CASA) a chang\u00e9 en raison de l&rsquo;\u00e9volution des revenus du foyer, soit un contr\u00f4le a r\u00e9v\u00e9l\u00e9 une erreur dans le calcul initial de la retraite, entra\u00eenant une r\u00e9vision des droits (une correction du montant vers\u00e9).<\/p>\n<h2><span class=\"ez-toc-section\" id=\"Un_rapport_cotisantsretraites_qui_se_degrade\"><\/span>Un rapport cotisants\/retrait\u00e9s qui se d\u00e9grade<span class=\"ez-toc-section-end\"><\/span><\/h2>\n<p>\u00c0 plus long terme, c&rsquo;est la d\u00e9mographie qui pose la question de la soutenabilit\u00e9 du r\u00e9gime. Selon l&rsquo;\u00e9dition 2026 du rapport \u00ab Chiffr&rsquo;Agirc-Arrco \u00bb, on ne compte plus que 1,44 cotisant pour 1 retrait\u00e9 fin 2024, contre trois actifs pour un retrait\u00e9 en 1976 selon l\u2019Insee.<\/p>\n<p>Le recul de la natalit\u00e9 \u00e9tant plus rapide que pr\u00e9vu ces derni\u00e8res ann\u00e9es, ce rapport risque de se d\u00e9grader encore, ce qui devrait peser m\u00e9caniquement sur le rendement du point.<\/p>\n","protected":false},"excerpt":{"rendered":"<p>De nombreux internautes s\u2019inqui\u00e8tent d\u2019une baisse annonc\u00e9e des pensions Agirc-Arrco pour les allocataires du r\u00e9gime de retraite obligatoire de 14 millions de retrait\u00e9s du priv\u00e9. C&rsquo;est faux : elles sont gel\u00e9es depuis novembre 2025, pas r\u00e9duites.<\/p>\n","protected":false},"author":13709,"featured_media":507,"comment_status":"closed","ping_status":"closed","sticky":false,"template":"","format":"standard","meta":{"footnotes":""},"categories":[1],"tags":[],"class_list":["post-506","post","type-post","status-publish","format-standard","has-post-thumbnail","hentry","category-a-la-une"],"acf":[],"yoast_head":"<!-- This site is optimized with the Yoast SEO plugin v24.9 - https:\/\/yoast.com\/wordpress\/plugins\/seo\/ -->\n<title>Pas de baisse des pensions compl\u00e9mentaires Agirc-Arrco en mai 2026<\/title>\n<meta name=\"description\" content=\"Non, les pensions Agirc-Arrco ne baisseront pas en mai 2026. Gel\u00e9es depuis novembre 2025, elles ne peuvent pas \u00eatre r\u00e9duites en 2026.\" \/>\n<meta name=\"robots\" content=\"index, follow, max-snippet:-1, max-image-preview:large, max-video-preview:-1\" \/>\n<link rel=\"canonical\" href=\"https:\/\/www.toutsurmesfinances.com\/actualites\/a\/pas-de-baisse-des-pensions-complementaires-agirc-arrco-en-mai-2026\" \/>\n<meta property=\"og:locale\" content=\"fr_FR\" \/>\n<meta property=\"og:type\" content=\"article\" \/>\n<meta property=\"og:title\" content=\"Pas de baisse des pensions compl\u00e9mentaires Agirc-Arrco en mai 2026\" \/>\n<meta property=\"og:description\" content=\"Non, les pensions Agirc-Arrco ne baisseront pas en mai 2026. Gel\u00e9es depuis novembre 2025, elles ne peuvent pas \u00eatre r\u00e9duites en 2026.\" \/>\n<meta property=\"og:url\" content=\"https:\/\/www.toutsurmesfinances.com\/actualites\/a\/pas-de-baisse-des-pensions-complementaires-agirc-arrco-en-mai-2026\" \/>\n<meta property=\"og:site_name\" content=\"Actualit\u00e9s\" \/>\n<meta property=\"article:published_time\" content=\"2026-04-28T13:30:29+00:00\" \/>\n<meta property=\"article:modified_time\" content=\"2026-04-28T13:34:14+00:00\" \/>\n<meta property=\"og:image\" content=\"https:\/\/www.toutsurmesfinances.com\/actualites\/wp-content\/uploads\/sites\/12\/2026\/04\/agirc-arrco-pension.webp\" \/>\n\t<meta property=\"og:image:width\" content=\"800\" \/>\n\t<meta property=\"og:image:height\" content=\"450\" \/>\n\t<meta property=\"og:image:type\" content=\"image\/webp\" \/>\n<meta name=\"author\" content=\"Olivier Brunet\" \/>\n<meta name=\"twitter:card\" content=\"summary_large_image\" \/>\n<meta name=\"twitter:label1\" content=\"\u00c9crit par\" \/>\n\t<meta name=\"twitter:data1\" content=\"Olivier Brunet\" \/>\n\t<meta name=\"twitter:label2\" content=\"Dur\u00e9e de lecture estim\u00e9e\" \/>\n\t<meta name=\"twitter:data2\" content=\"4 minutes\" \/>\n<script type=\"application\/ld+json\" class=\"yoast-schema-graph\">{\"@context\":\"https:\/\/schema.org\",\"@graph\":[{\"@type\":\"WebPage\",\"@id\":\"https:\/\/www.toutsurmesfinances.com\/actualites\/a\/pas-de-baisse-des-pensions-complementaires-agirc-arrco-en-mai-2026\",\"url\":\"https:\/\/www.toutsurmesfinances.com\/actualites\/a\/pas-de-baisse-des-pensions-complementaires-agirc-arrco-en-mai-2026\",\"name\":\"Pas de baisse des pensions compl\u00e9mentaires Agirc-Arrco en mai 2026\",\"isPartOf\":{\"@id\":\"https:\/\/www.toutsurmesfinances.com\/actualites\/#website\"},\"primaryImageOfPage\":{\"@id\":\"https:\/\/www.toutsurmesfinances.com\/actualites\/a\/pas-de-baisse-des-pensions-complementaires-agirc-arrco-en-mai-2026#primaryimage\"},\"image\":{\"@id\":\"https:\/\/www.toutsurmesfinances.com\/actualites\/a\/pas-de-baisse-des-pensions-complementaires-agirc-arrco-en-mai-2026#primaryimage\"},\"thumbnailUrl\":\"https:\/\/www.toutsurmesfinances.com\/actualites\/wp-content\/uploads\/sites\/12\/2026\/04\/agirc-arrco-pension.webp\",\"dateModified\":\"2026-04-28T13:34:14+00:00\",\"author\":{\"@id\":\"https:\/\/www.toutsurmesfinances.com\/actualites\/#\/schema\/person\/f3692b3163890cd1408bd0dc68a1b55a\"},\"description\":\"Non, les pensions Agirc-Arrco ne baisseront pas en mai 2026. Gel\u00e9es depuis novembre 2025, elles ne peuvent pas \u00eatre r\u00e9duites en 2026.\",\"breadcrumb\":{\"@id\":\"https:\/\/www.toutsurmesfinances.com\/actualites\/a\/pas-de-baisse-des-pensions-complementaires-agirc-arrco-en-mai-2026#breadcrumb\"},\"inLanguage\":\"fr-FR\",\"potentialAction\":[{\"@type\":\"ReadAction\",\"target\":[\"https:\/\/www.toutsurmesfinances.com\/actualites\/a\/pas-de-baisse-des-pensions-complementaires-agirc-arrco-en-mai-2026\"]}]},{\"@type\":\"ImageObject\",\"inLanguage\":\"fr-FR\",\"@id\":\"https:\/\/www.toutsurmesfinances.com\/actualites\/a\/pas-de-baisse-des-pensions-complementaires-agirc-arrco-en-mai-2026#primaryimage\",\"url\":\"https:\/\/www.toutsurmesfinances.com\/actualites\/wp-content\/uploads\/sites\/12\/2026\/04\/agirc-arrco-pension.webp\",\"contentUrl\":\"https:\/\/www.toutsurmesfinances.com\/actualites\/wp-content\/uploads\/sites\/12\/2026\/04\/agirc-arrco-pension.webp\",\"width\":800,\"height\":450,\"caption\":\"Les pensions Agirc-Arrco ne vont pas baisser en mai\"},{\"@type\":\"BreadcrumbList\",\"@id\":\"https:\/\/www.toutsurmesfinances.com\/actualites\/a\/pas-de-baisse-des-pensions-complementaires-agirc-arrco-en-mai-2026#breadcrumb\",\"itemListElement\":[{\"@type\":\"ListItem\",\"position\":1,\"name\":\"Accueil\",\"item\":\"https:\/\/www.toutsurmesfinances.com\/actualites\/\"},{\"@type\":\"ListItem\",\"position\":2,\"name\":\"Pas de baisse des pensions compl\u00e9mentaires Agirc-Arrco en mai 2026\"}]},{\"@type\":\"WebSite\",\"@id\":\"https:\/\/www.toutsurmesfinances.com\/actualites\/#website\",\"url\":\"https:\/\/www.toutsurmesfinances.com\/actualites\/\",\"name\":\"Actualit\u00e9s\",\"description\":\"\",\"potentialAction\":[{\"@type\":\"SearchAction\",\"target\":{\"@type\":\"EntryPoint\",\"urlTemplate\":\"https:\/\/www.toutsurmesfinances.com\/actualites\/?s={search_term_string}\"},\"query-input\":{\"@type\":\"PropertyValueSpecification\",\"valueRequired\":true,\"valueName\":\"search_term_string\"}}],\"inLanguage\":\"fr-FR\"},{\"@type\":\"Person\",\"@id\":\"https:\/\/www.toutsurmesfinances.com\/actualites\/#\/schema\/person\/f3692b3163890cd1408bd0dc68a1b55a\",\"name\":\"Olivier Brunet\",\"image\":{\"@type\":\"ImageObject\",\"inLanguage\":\"fr-FR\",\"@id\":\"https:\/\/www.toutsurmesfinances.com\/actualites\/#\/schema\/person\/image\/\",\"url\":\"https:\/\/secure.gravatar.com\/avatar\/59a19214b7bb3163a27d873fa61f9a80?s=96&d=mm&r=g\",\"contentUrl\":\"https:\/\/secure.gravatar.com\/avatar\/59a19214b7bb3163a27d873fa61f9a80?s=96&d=mm&r=g\",\"caption\":\"Olivier Brunet\"},\"description\":\"Olivier Brunet est cofondateur de\u00a0ToutSurMesFinances.com\u00a0et r\u00e9dacteur en chef sp\u00e9cialis\u00e9 en placements et fiscalit\u00e9\u00a0des particuliers. Pr\u00e9sent\u00a0au sein du\u00a0m\u00e9dia\u00a0depuis sa cr\u00e9ation, il en est l\u2019un des piliers \u00e9ditoriaux. Il analyse les strat\u00e9gies d\u2019investissement,\u00a0suit\u00a0les \u00e9volutions fiscales et les\u00a0probl\u00e9matiques\u00a0patrimoniales\u00a0avec une vision long terme, forg\u00e9e par des ann\u00e9es de pratique et de suivi des march\u00e9s.\u00a0\",\"sameAs\":[\"https:\/\/www.toutsurmesfinances.com\/author\/olivier\",\"https:\/\/www.linkedin.com\/in\/obrunet\/\"]}]}<\/script>\n<!-- \/ Yoast SEO plugin. -->","yoast_head_json":{"title":"Pas de baisse des pensions compl\u00e9mentaires Agirc-Arrco en mai 2026","description":"Non, les pensions Agirc-Arrco ne baisseront pas en mai 2026. Gel\u00e9es depuis novembre 2025, elles ne peuvent pas \u00eatre r\u00e9duites en 2026.","robots":{"index":"index","follow":"follow","max-snippet":"max-snippet:-1","max-image-preview":"max-image-preview:large","max-video-preview":"max-video-preview:-1"},"canonical":"https:\/\/www.toutsurmesfinances.com\/actualites\/a\/pas-de-baisse-des-pensions-complementaires-agirc-arrco-en-mai-2026","og_locale":"fr_FR","og_type":"article","og_title":"Pas de baisse des pensions compl\u00e9mentaires Agirc-Arrco en mai 2026","og_description":"Non, les pensions Agirc-Arrco ne baisseront pas en mai 2026. Gel\u00e9es depuis novembre 2025, elles ne peuvent pas \u00eatre r\u00e9duites en 2026.","og_url":"https:\/\/www.toutsurmesfinances.com\/actualites\/a\/pas-de-baisse-des-pensions-complementaires-agirc-arrco-en-mai-2026","og_site_name":"Actualit\u00e9s","article_published_time":"2026-04-28T13:30:29+00:00","article_modified_time":"2026-04-28T13:34:14+00:00","og_image":[{"width":800,"height":450,"url":"https:\/\/www.toutsurmesfinances.com\/actualites\/wp-content\/uploads\/sites\/12\/2026\/04\/agirc-arrco-pension.webp","type":"image\/webp"}],"author":"Olivier Brunet","twitter_card":"summary_large_image","twitter_misc":{"\u00c9crit par":"Olivier Brunet","Dur\u00e9e de lecture estim\u00e9e":"4 minutes"},"schema":{"@context":"https:\/\/schema.org","@graph":[{"@type":"WebPage","@id":"https:\/\/www.toutsurmesfinances.com\/actualites\/a\/pas-de-baisse-des-pensions-complementaires-agirc-arrco-en-mai-2026","url":"https:\/\/www.toutsurmesfinances.com\/actualites\/a\/pas-de-baisse-des-pensions-complementaires-agirc-arrco-en-mai-2026","name":"Pas de baisse des pensions compl\u00e9mentaires Agirc-Arrco en mai 2026","isPartOf":{"@id":"https:\/\/www.toutsurmesfinances.com\/actualites\/#website"},"primaryImageOfPage":{"@id":"https:\/\/www.toutsurmesfinances.com\/actualites\/a\/pas-de-baisse-des-pensions-complementaires-agirc-arrco-en-mai-2026#primaryimage"},"image":{"@id":"https:\/\/www.toutsurmesfinances.com\/actualites\/a\/pas-de-baisse-des-pensions-complementaires-agirc-arrco-en-mai-2026#primaryimage"},"thumbnailUrl":"https:\/\/www.toutsurmesfinances.com\/actualites\/wp-content\/uploads\/sites\/12\/2026\/04\/agirc-arrco-pension.webp","dateModified":"2026-04-28T13:34:14+00:00","author":{"@id":"https:\/\/www.toutsurmesfinances.com\/actualites\/#\/schema\/person\/f3692b3163890cd1408bd0dc68a1b55a"},"description":"Non, les pensions Agirc-Arrco ne baisseront pas en mai 2026. Gel\u00e9es depuis novembre 2025, elles ne peuvent pas \u00eatre r\u00e9duites en 2026.","breadcrumb":{"@id":"https:\/\/www.toutsurmesfinances.com\/actualites\/a\/pas-de-baisse-des-pensions-complementaires-agirc-arrco-en-mai-2026#breadcrumb"},"inLanguage":"fr-FR","potentialAction":[{"@type":"ReadAction","target":["https:\/\/www.toutsurmesfinances.com\/actualites\/a\/pas-de-baisse-des-pensions-complementaires-agirc-arrco-en-mai-2026"]}]},{"@type":"ImageObject","inLanguage":"fr-FR","@id":"https:\/\/www.toutsurmesfinances.com\/actualites\/a\/pas-de-baisse-des-pensions-complementaires-agirc-arrco-en-mai-2026#primaryimage","url":"https:\/\/www.toutsurmesfinances.com\/actualites\/wp-content\/uploads\/sites\/12\/2026\/04\/agirc-arrco-pension.webp","contentUrl":"https:\/\/www.toutsurmesfinances.com\/actualites\/wp-content\/uploads\/sites\/12\/2026\/04\/agirc-arrco-pension.webp","width":800,"height":450,"caption":"Les pensions Agirc-Arrco ne vont pas baisser en mai"},{"@type":"BreadcrumbList","@id":"https:\/\/www.toutsurmesfinances.com\/actualites\/a\/pas-de-baisse-des-pensions-complementaires-agirc-arrco-en-mai-2026#breadcrumb","itemListElement":[{"@type":"ListItem","position":1,"name":"Accueil","item":"https:\/\/www.toutsurmesfinances.com\/actualites\/"},{"@type":"ListItem","position":2,"name":"Pas de baisse des pensions compl\u00e9mentaires Agirc-Arrco en mai 2026"}]},{"@type":"WebSite","@id":"https:\/\/www.toutsurmesfinances.com\/actualites\/#website","url":"https:\/\/www.toutsurmesfinances.com\/actualites\/","name":"Actualit\u00e9s","description":"","potentialAction":[{"@type":"SearchAction","target":{"@type":"EntryPoint","urlTemplate":"https:\/\/www.toutsurmesfinances.com\/actualites\/?s={search_term_string}"},"query-input":{"@type":"PropertyValueSpecification","valueRequired":true,"valueName":"search_term_string"}}],"inLanguage":"fr-FR"},{"@type":"Person","@id":"https:\/\/www.toutsurmesfinances.com\/actualites\/#\/schema\/person\/f3692b3163890cd1408bd0dc68a1b55a","name":"Olivier Brunet","image":{"@type":"ImageObject","inLanguage":"fr-FR","@id":"https:\/\/www.toutsurmesfinances.com\/actualites\/#\/schema\/person\/image\/","url":"https:\/\/secure.gravatar.com\/avatar\/59a19214b7bb3163a27d873fa61f9a80?s=96&d=mm&r=g","contentUrl":"https:\/\/secure.gravatar.com\/avatar\/59a19214b7bb3163a27d873fa61f9a80?s=96&d=mm&r=g","caption":"Olivier Brunet"},"description":"Olivier Brunet est cofondateur de\u00a0ToutSurMesFinances.com\u00a0et r\u00e9dacteur en chef sp\u00e9cialis\u00e9 en placements et fiscalit\u00e9\u00a0des particuliers. Pr\u00e9sent\u00a0au sein du\u00a0m\u00e9dia\u00a0depuis sa cr\u00e9ation, il en est l\u2019un des piliers \u00e9ditoriaux. Il analyse les strat\u00e9gies d\u2019investissement,\u00a0suit\u00a0les \u00e9volutions fiscales et les\u00a0probl\u00e9matiques\u00a0patrimoniales\u00a0avec une vision long terme, forg\u00e9e par des ann\u00e9es de pratique et de suivi des march\u00e9s.\u00a0","sameAs":["https:\/\/www.toutsurmesfinances.com\/author\/olivier","https:\/\/www.linkedin.com\/in\/obrunet\/"]}]}},"_links":{"self":[{"href":"https:\/\/www.toutsurmesfinances.com\/actualites\/wp-json\/wp\/v2\/posts\/506","targetHints":{"allow":["GET"]}}],"collection":[{"href":"https:\/\/www.toutsurmesfinances.com\/actualites\/wp-json\/wp\/v2\/posts"}],"about":[{"href":"https:\/\/www.toutsurmesfinances.com\/actualites\/wp-json\/wp\/v2\/types\/post"}],"author":[{"embeddable":true,"href":"https:\/\/www.toutsurmesfinances.com\/actualites\/wp-json\/wp\/v2\/users\/13709"}],"replies":[{"embeddable":true,"href":"https:\/\/www.toutsurmesfinances.com\/actualites\/wp-json\/wp\/v2\/comments?post=506"}],"version-history":[{"count":2,"href":"https:\/\/www.toutsurmesfinances.com\/actualites\/wp-json\/wp\/v2\/posts\/506\/revisions"}],"predecessor-version":[{"id":511,"href":"https:\/\/www.toutsurmesfinances.com\/actualites\/wp-json\/wp\/v2\/posts\/506\/revisions\/511"}],"wp:featuredmedia":[{"embeddable":true,"href":"https:\/\/www.toutsurmesfinances.com\/actualites\/wp-json\/wp\/v2\/media\/507"}],"wp:attachment":[{"href":"https:\/\/www.toutsurmesfinances.com\/actualites\/wp-json\/wp\/v2\/media?parent=506"}],"wp:term":[{"taxonomy":"category","embeddable":true,"href":"https:\/\/www.toutsurmesfinances.com\/actualites\/wp-json\/wp\/v2\/categories?post=506"},{"taxonomy":"post_tag","embeddable":true,"href":"https:\/\/www.toutsurmesfinances.com\/actualites\/wp-json\/wp\/v2\/tags?post=506"}],"curies":[{"name":"wp","href":"https:\/\/api.w.org\/{rel}","templated":true}]}}