{"id":541,"date":"2026-05-01T08:00:38","date_gmt":"2026-05-01T06:00:38","guid":{"rendered":"https:\/\/www.toutsurmesfinances.com\/actualites\/?p=541"},"modified":"2026-05-01T10:05:01","modified_gmt":"2026-05-01T08:05:01","slug":"au-restaurant-les-francais-plus-depensiers-les-jours-feries","status":"publish","type":"post","link":"https:\/\/www.toutsurmesfinances.com\/actualites\/a\/au-restaurant-les-francais-plus-depensiers-les-jours-feries","title":{"rendered":"Au restaurant, les Fran\u00e7ais plus d\u00e9pensiers les jours f\u00e9ri\u00e9s"},"content":{"rendered":"<p>Les Fran\u00e7ais ne regardent pas \u00e0 la d\u00e9pense d\u00e8s qu&rsquo;ils s&rsquo;attablent au restaurant un jour f\u00e9ri\u00e9 : l&rsquo;addition est plus \u00e9lev\u00e9e les jours f\u00e9ri\u00e9s que les week-ends et la semaine, avec 36% d&rsquo;\u00e9cart en moyenne, selon une \u00e9tude publi\u00e9e jeudi 30 avril par Sunday. La fintech, sp\u00e9cialiste des solutions de paiement au restaurant, a pass\u00e9 au crible 500 000 additions r\u00e9gl\u00e9es dans ses 2 000 \u00e9tablissements partenaires dans toute la France, durant les jours ch\u00f4m\u00e9s d&rsquo;avril et mai 2024.<\/p>\n<p>Une aubaine pour les restaurateurs en ce mois de mai 2026, qui compte trois jours f\u00e9ri\u00e9s ch\u00f4m\u00e9s : le vendredi 1er mai (f\u00eate du Travail), le vendredi 8 mai (Victoire de 1945) et le jeudi 14 mai (Ascension).<\/p>\n<h2><span class=\"ez-toc-section\" id=\"Disparites_regionales_marquees\"><\/span>Disparit\u00e9s r\u00e9gionales marqu\u00e9es<span class=\"ez-toc-section-end\"><\/span><\/h2>\n<p>Cet \u00e9cart moyen constat\u00e9 au niveau national masque de fortes disparit\u00e9s r\u00e9gionales, constatent les auteurs.<\/p>\n<p>L&rsquo;\u00e9cart le plus marqu\u00e9 est observ\u00e9 en Occitanie, o\u00f9 l&rsquo;addition grimpe jusqu&rsquo;\u00e0 53% par rapport \u00e0 la semaine. Dans cette r\u00e9gion, le montant moyen d\u00e9pens\u00e9 pour un repas au restaurant atteint 26 euros les jours f\u00e9ri\u00e9s, contre 21 euros le week-end et 17 euros en semaine.<\/p>\n<p>L\u2019Auvergne-Rh\u00f4ne-Alpes suit, avec une note en hausse de 50% les jours f\u00e9ri\u00e9s. Le Grand Est compl\u00e8te ce trio de t\u00eate : l&rsquo;addition y atteint 26 euros en moyenne les jours ch\u00f4m\u00e9s, contre 18 euros en semaine, soit un \u00e9cart de 44%.<\/p>\n<h2><span class=\"ez-toc-section\" id=\"Des_pourboires_qui_doublent_dans_certaines_regions\"><\/span>Des pourboires qui doublent dans certaines r\u00e9gions<span class=\"ez-toc-section-end\"><\/span><\/h2>\n<p>L\u2019\u00e9tude rel\u00e8ve aussi une hausse des pourboires les jours f\u00e9ri\u00e9s (sans en pr\u00e9ciser les montants). Une attention qui traduit un \u00e9tat d\u2019esprit plus d\u00e9tendu, mais aussi une forme de reconnaissance envers les \u00e9quipes mobilis\u00e9es pendant ces journ\u00e9es habituellement ch\u00f4m\u00e9es.<\/p>\n<p>L&rsquo;effet est particuli\u00e8rement marqu\u00e9 dans trois r\u00e9gions o\u00f9 le pourboire moyen fait plus que doubler par rapport \u00e0 la semaine : l&rsquo;Auvergne-Rh\u00f4ne-Alpes, la Nouvelle-Aquitaine et la Bretagne. Dans ces territoires, le geste envers le personnel de salle devient un vrai suppl\u00e9ment sur l&rsquo;addition.<\/p>\n","protected":false},"excerpt":{"rendered":"<p>Les Fran\u00e7ais d\u00e9pensent davantage au restaurant les jours f\u00e9ri\u00e9s qu\u2019en semaine et le week-end, selon la fintech Sunday. L\u2019addition grimpe de 36% en moyenne, et jusqu\u2019\u00e0 53% en Occitanie.<\/p>\n","protected":false},"author":13719,"featured_media":543,"comment_status":"closed","ping_status":"closed","sticky":false,"template":"","format":"standard","meta":{"footnotes":""},"categories":[1],"tags":[],"class_list":["post-541","post","type-post","status-publish","format-standard","has-post-thumbnail","hentry","category-a-la-une"],"acf":[],"yoast_head":"<!-- This site is optimized with the Yoast SEO plugin v24.9 - https:\/\/yoast.com\/wordpress\/plugins\/seo\/ -->\n<title>Au restaurant, les Fran\u00e7ais plus d\u00e9pensiers les jours f\u00e9ri\u00e9s<\/title>\n<meta name=\"description\" content=\"Avec trois jours f\u00e9ri\u00e9s en mai 2026, les Fran\u00e7ais vont payer en moyenne 36% plus cher au restaurant. D\u00e9couvrez les r\u00e9gions o\u00f9 l&#039;\u00e9cart est le plus fort.\" \/>\n<meta name=\"robots\" content=\"index, follow, max-snippet:-1, max-image-preview:large, max-video-preview:-1\" \/>\n<link rel=\"canonical\" href=\"https:\/\/www.toutsurmesfinances.com\/actualites\/?p=541\" \/>\n<meta property=\"og:locale\" content=\"fr_FR\" \/>\n<meta property=\"og:type\" content=\"article\" \/>\n<meta property=\"og:title\" content=\"Au restaurant, les Fran\u00e7ais plus d\u00e9pensiers les jours f\u00e9ri\u00e9s\" \/>\n<meta property=\"og:description\" content=\"Avec trois jours f\u00e9ri\u00e9s en mai 2026, les Fran\u00e7ais vont payer en moyenne 36% plus cher au restaurant. D\u00e9couvrez les r\u00e9gions o\u00f9 l&#039;\u00e9cart est le plus fort.\" \/>\n<meta property=\"og:url\" content=\"https:\/\/www.toutsurmesfinances.com\/actualites\/?p=541\" \/>\n<meta property=\"og:site_name\" content=\"Actualit\u00e9s\" \/>\n<meta property=\"article:published_time\" content=\"2026-05-01T06:00:38+00:00\" \/>\n<meta property=\"article:modified_time\" content=\"2026-05-01T08:05:01+00:00\" \/>\n<meta property=\"og:image\" content=\"https:\/\/www.toutsurmesfinances.com\/actualites\/wp-content\/uploads\/sites\/12\/2026\/04\/famille_restaurant-scaled.webp\" \/>\n\t<meta property=\"og:image:width\" content=\"823\" \/>\n\t<meta property=\"og:image:height\" content=\"549\" \/>\n\t<meta property=\"og:image:type\" content=\"image\/webp\" \/>\n<meta name=\"author\" content=\"Loic Farge\" \/>\n<meta name=\"twitter:card\" content=\"summary_large_image\" \/>\n<meta name=\"twitter:label1\" content=\"\u00c9crit par\" \/>\n\t<meta name=\"twitter:data1\" content=\"Loic Farge\" \/>\n\t<meta name=\"twitter:label2\" content=\"Dur\u00e9e de lecture estim\u00e9e\" \/>\n\t<meta name=\"twitter:data2\" content=\"2 minutes\" \/>\n<script type=\"application\/ld+json\" class=\"yoast-schema-graph\">{\"@context\":\"https:\/\/schema.org\",\"@graph\":[{\"@type\":\"WebPage\",\"@id\":\"https:\/\/www.toutsurmesfinances.com\/actualites\/?p=541\",\"url\":\"https:\/\/www.toutsurmesfinances.com\/actualites\/?p=541\",\"name\":\"Au restaurant, les Fran\u00e7ais plus d\u00e9pensiers les jours f\u00e9ri\u00e9s\",\"isPartOf\":{\"@id\":\"https:\/\/www.toutsurmesfinances.com\/actualites\/#website\"},\"primaryImageOfPage\":{\"@id\":\"https:\/\/www.toutsurmesfinances.com\/actualites\/?p=541#primaryimage\"},\"image\":{\"@id\":\"https:\/\/www.toutsurmesfinances.com\/actualites\/?p=541#primaryimage\"},\"thumbnailUrl\":\"https:\/\/www.toutsurmesfinances.com\/actualites\/wp-content\/uploads\/sites\/12\/2026\/04\/famille_restaurant-scaled.webp\",\"dateModified\":\"2026-05-01T08:05:01+00:00\",\"author\":{\"@id\":\"https:\/\/www.toutsurmesfinances.com\/actualites\/#\/schema\/person\/441d2f49b49f36caada20af210ea82db\"},\"description\":\"Avec trois jours f\u00e9ri\u00e9s en mai 2026, les Fran\u00e7ais vont payer en moyenne 36% plus cher au restaurant. D\u00e9couvrez les r\u00e9gions o\u00f9 l'\u00e9cart est le plus fort.\",\"breadcrumb\":{\"@id\":\"https:\/\/www.toutsurmesfinances.com\/actualites\/?p=541#breadcrumb\"},\"inLanguage\":\"fr-FR\",\"potentialAction\":[{\"@type\":\"ReadAction\",\"target\":[\"https:\/\/www.toutsurmesfinances.com\/actualites\/?p=541\"]}]},{\"@type\":\"ImageObject\",\"inLanguage\":\"fr-FR\",\"@id\":\"https:\/\/www.toutsurmesfinances.com\/actualites\/?p=541#primaryimage\",\"url\":\"https:\/\/www.toutsurmesfinances.com\/actualites\/wp-content\/uploads\/sites\/12\/2026\/04\/famille_restaurant-scaled.webp\",\"contentUrl\":\"https:\/\/www.toutsurmesfinances.com\/actualites\/wp-content\/uploads\/sites\/12\/2026\/04\/famille_restaurant-scaled.webp\",\"width\":823,\"height\":549,\"caption\":\"Les jours f\u00e9ri\u00e9s, les Fran\u00e7ais d\u00e9pensent jusqu\u2019\u00e0 36% de plus en moyenne au restaurant\"},{\"@type\":\"BreadcrumbList\",\"@id\":\"https:\/\/www.toutsurmesfinances.com\/actualites\/?p=541#breadcrumb\",\"itemListElement\":[{\"@type\":\"ListItem\",\"position\":1,\"name\":\"Accueil\",\"item\":\"https:\/\/www.toutsurmesfinances.com\/actualites\/\"},{\"@type\":\"ListItem\",\"position\":2,\"name\":\"Au restaurant, les Fran\u00e7ais plus d\u00e9pensiers les jours f\u00e9ri\u00e9s\"}]},{\"@type\":\"WebSite\",\"@id\":\"https:\/\/www.toutsurmesfinances.com\/actualites\/#website\",\"url\":\"https:\/\/www.toutsurmesfinances.com\/actualites\/\",\"name\":\"Actualit\u00e9s\",\"description\":\"\",\"potentialAction\":[{\"@type\":\"SearchAction\",\"target\":{\"@type\":\"EntryPoint\",\"urlTemplate\":\"https:\/\/www.toutsurmesfinances.com\/actualites\/?s={search_term_string}\"},\"query-input\":{\"@type\":\"PropertyValueSpecification\",\"valueRequired\":true,\"valueName\":\"search_term_string\"}}],\"inLanguage\":\"fr-FR\"},{\"@type\":\"Person\",\"@id\":\"https:\/\/www.toutsurmesfinances.com\/actualites\/#\/schema\/person\/441d2f49b49f36caada20af210ea82db\",\"name\":\"Loic Farge\",\"image\":{\"@type\":\"ImageObject\",\"inLanguage\":\"fr-FR\",\"@id\":\"https:\/\/www.toutsurmesfinances.com\/actualites\/#\/schema\/person\/image\/\",\"url\":\"https:\/\/secure.gravatar.com\/avatar\/d6ba1a4c295f842490f4602774c31c1d?s=96&d=mm&r=g\",\"contentUrl\":\"https:\/\/secure.gravatar.com\/avatar\/d6ba1a4c295f842490f4602774c31c1d?s=96&d=mm&r=g\",\"caption\":\"Loic Farge\"},\"description\":\"Lo\u00efc Farge est journaliste sp\u00e9cialis\u00e9 en immobilier. Il travaille chez\u00a0ToutSurMesFinances.com\u00a0depuis pr\u00e8s de 10 ans. Il couvre l\u2019ensemble des th\u00e9matiques li\u00e9es \u00e0 l\u2019immobilier : march\u00e9, financement, r\u00e9glementation, fiscalit\u00e9 et investissement locatif.\",\"sameAs\":[\"https:\/\/www.toutsurmesfinances.com\/author\/loic\",\"https:\/\/www.linkedin.com\/in\/loc-farge-4b742725\/\"]}]}<\/script>\n<!-- \/ Yoast SEO plugin. -->","yoast_head_json":{"title":"Au restaurant, les Fran\u00e7ais plus d\u00e9pensiers les jours f\u00e9ri\u00e9s","description":"Avec trois jours f\u00e9ri\u00e9s en mai 2026, les Fran\u00e7ais vont payer en moyenne 36% plus cher au restaurant. D\u00e9couvrez les r\u00e9gions o\u00f9 l'\u00e9cart est le plus fort.","robots":{"index":"index","follow":"follow","max-snippet":"max-snippet:-1","max-image-preview":"max-image-preview:large","max-video-preview":"max-video-preview:-1"},"canonical":"https:\/\/www.toutsurmesfinances.com\/actualites\/?p=541","og_locale":"fr_FR","og_type":"article","og_title":"Au restaurant, les Fran\u00e7ais plus d\u00e9pensiers les jours f\u00e9ri\u00e9s","og_description":"Avec trois jours f\u00e9ri\u00e9s en mai 2026, les Fran\u00e7ais vont payer en moyenne 36% plus cher au restaurant. D\u00e9couvrez les r\u00e9gions o\u00f9 l'\u00e9cart est le plus fort.","og_url":"https:\/\/www.toutsurmesfinances.com\/actualites\/?p=541","og_site_name":"Actualit\u00e9s","article_published_time":"2026-05-01T06:00:38+00:00","article_modified_time":"2026-05-01T08:05:01+00:00","og_image":[{"width":823,"height":549,"url":"https:\/\/www.toutsurmesfinances.com\/actualites\/wp-content\/uploads\/sites\/12\/2026\/04\/famille_restaurant-scaled.webp","type":"image\/webp"}],"author":"Loic Farge","twitter_card":"summary_large_image","twitter_misc":{"\u00c9crit par":"Loic Farge","Dur\u00e9e de lecture estim\u00e9e":"2 minutes"},"schema":{"@context":"https:\/\/schema.org","@graph":[{"@type":"WebPage","@id":"https:\/\/www.toutsurmesfinances.com\/actualites\/?p=541","url":"https:\/\/www.toutsurmesfinances.com\/actualites\/?p=541","name":"Au restaurant, les Fran\u00e7ais plus d\u00e9pensiers les jours f\u00e9ri\u00e9s","isPartOf":{"@id":"https:\/\/www.toutsurmesfinances.com\/actualites\/#website"},"primaryImageOfPage":{"@id":"https:\/\/www.toutsurmesfinances.com\/actualites\/?p=541#primaryimage"},"image":{"@id":"https:\/\/www.toutsurmesfinances.com\/actualites\/?p=541#primaryimage"},"thumbnailUrl":"https:\/\/www.toutsurmesfinances.com\/actualites\/wp-content\/uploads\/sites\/12\/2026\/04\/famille_restaurant-scaled.webp","dateModified":"2026-05-01T08:05:01+00:00","author":{"@id":"https:\/\/www.toutsurmesfinances.com\/actualites\/#\/schema\/person\/441d2f49b49f36caada20af210ea82db"},"description":"Avec trois jours f\u00e9ri\u00e9s en mai 2026, les Fran\u00e7ais vont payer en moyenne 36% plus cher au restaurant. D\u00e9couvrez les r\u00e9gions o\u00f9 l'\u00e9cart est le plus fort.","breadcrumb":{"@id":"https:\/\/www.toutsurmesfinances.com\/actualites\/?p=541#breadcrumb"},"inLanguage":"fr-FR","potentialAction":[{"@type":"ReadAction","target":["https:\/\/www.toutsurmesfinances.com\/actualites\/?p=541"]}]},{"@type":"ImageObject","inLanguage":"fr-FR","@id":"https:\/\/www.toutsurmesfinances.com\/actualites\/?p=541#primaryimage","url":"https:\/\/www.toutsurmesfinances.com\/actualites\/wp-content\/uploads\/sites\/12\/2026\/04\/famille_restaurant-scaled.webp","contentUrl":"https:\/\/www.toutsurmesfinances.com\/actualites\/wp-content\/uploads\/sites\/12\/2026\/04\/famille_restaurant-scaled.webp","width":823,"height":549,"caption":"Les jours f\u00e9ri\u00e9s, les Fran\u00e7ais d\u00e9pensent jusqu\u2019\u00e0 36% de plus en moyenne au restaurant"},{"@type":"BreadcrumbList","@id":"https:\/\/www.toutsurmesfinances.com\/actualites\/?p=541#breadcrumb","itemListElement":[{"@type":"ListItem","position":1,"name":"Accueil","item":"https:\/\/www.toutsurmesfinances.com\/actualites\/"},{"@type":"ListItem","position":2,"name":"Au restaurant, les Fran\u00e7ais plus d\u00e9pensiers les jours f\u00e9ri\u00e9s"}]},{"@type":"WebSite","@id":"https:\/\/www.toutsurmesfinances.com\/actualites\/#website","url":"https:\/\/www.toutsurmesfinances.com\/actualites\/","name":"Actualit\u00e9s","description":"","potentialAction":[{"@type":"SearchAction","target":{"@type":"EntryPoint","urlTemplate":"https:\/\/www.toutsurmesfinances.com\/actualites\/?s={search_term_string}"},"query-input":{"@type":"PropertyValueSpecification","valueRequired":true,"valueName":"search_term_string"}}],"inLanguage":"fr-FR"},{"@type":"Person","@id":"https:\/\/www.toutsurmesfinances.com\/actualites\/#\/schema\/person\/441d2f49b49f36caada20af210ea82db","name":"Loic Farge","image":{"@type":"ImageObject","inLanguage":"fr-FR","@id":"https:\/\/www.toutsurmesfinances.com\/actualites\/#\/schema\/person\/image\/","url":"https:\/\/secure.gravatar.com\/avatar\/d6ba1a4c295f842490f4602774c31c1d?s=96&d=mm&r=g","contentUrl":"https:\/\/secure.gravatar.com\/avatar\/d6ba1a4c295f842490f4602774c31c1d?s=96&d=mm&r=g","caption":"Loic Farge"},"description":"Lo\u00efc Farge est journaliste sp\u00e9cialis\u00e9 en immobilier. Il travaille chez\u00a0ToutSurMesFinances.com\u00a0depuis pr\u00e8s de 10 ans. Il couvre l\u2019ensemble des th\u00e9matiques li\u00e9es \u00e0 l\u2019immobilier : march\u00e9, financement, r\u00e9glementation, fiscalit\u00e9 et investissement locatif.","sameAs":["https:\/\/www.toutsurmesfinances.com\/author\/loic","https:\/\/www.linkedin.com\/in\/loc-farge-4b742725\/"]}]}},"_links":{"self":[{"href":"https:\/\/www.toutsurmesfinances.com\/actualites\/wp-json\/wp\/v2\/posts\/541","targetHints":{"allow":["GET"]}}],"collection":[{"href":"https:\/\/www.toutsurmesfinances.com\/actualites\/wp-json\/wp\/v2\/posts"}],"about":[{"href":"https:\/\/www.toutsurmesfinances.com\/actualites\/wp-json\/wp\/v2\/types\/post"}],"author":[{"embeddable":true,"href":"https:\/\/www.toutsurmesfinances.com\/actualites\/wp-json\/wp\/v2\/users\/13719"}],"replies":[{"embeddable":true,"href":"https:\/\/www.toutsurmesfinances.com\/actualites\/wp-json\/wp\/v2\/comments?post=541"}],"version-history":[{"count":3,"href":"https:\/\/www.toutsurmesfinances.com\/actualites\/wp-json\/wp\/v2\/posts\/541\/revisions"}],"predecessor-version":[{"id":549,"href":"https:\/\/www.toutsurmesfinances.com\/actualites\/wp-json\/wp\/v2\/posts\/541\/revisions\/549"}],"wp:featuredmedia":[{"embeddable":true,"href":"https:\/\/www.toutsurmesfinances.com\/actualites\/wp-json\/wp\/v2\/media\/543"}],"wp:attachment":[{"href":"https:\/\/www.toutsurmesfinances.com\/actualites\/wp-json\/wp\/v2\/media?parent=541"}],"wp:term":[{"taxonomy":"category","embeddable":true,"href":"https:\/\/www.toutsurmesfinances.com\/actualites\/wp-json\/wp\/v2\/categories?post=541"},{"taxonomy":"post_tag","embeddable":true,"href":"https:\/\/www.toutsurmesfinances.com\/actualites\/wp-json\/wp\/v2\/tags?post=541"}],"curies":[{"name":"wp","href":"https:\/\/api.w.org\/{rel}","templated":true}]}}