{"id":10940,"date":"2022-09-28T12:54:20","date_gmt":"2022-09-28T10:54:20","guid":{"rendered":"https:\/\/www.toutsurmesfinances.com\/argent\/?p=10940"},"modified":"2025-07-21T19:07:57","modified_gmt":"2025-07-21T17:07:57","slug":"contrat-dengagement-jeune-cej","status":"publish","type":"post","link":"https:\/\/www.toutsurmesfinances.com\/argent\/a\/contrat-dengagement-jeune-cej","title":{"rendered":"Contrat d\u2019engagement jeune (CEJ) 2025-2026 aupr\u00e8s de France Travail ou de la mission locale : conditions, allocation, application"},"content":{"rendered":"<h2><span class=\"ez-toc-section\" id=\"Le_contrat_dengagement_jeune_CEJ_cest_quoi_Definition\"><\/span>Le contrat d\u2019engagement jeune (CEJ), c\u2019est quoi ? D\u00e9finition<span class=\"ez-toc-section-end\"><\/span><\/h2>\n<p><strong>Le contrat d\u2019engagement jeune (CEJ) est un dispositif d\u2019aide \u00e0 l\u2019insertion professionnelle propos\u00e9 \u00e0 des jeunes<\/strong> :<\/p>\n<ul>\n<li><strong>sans emploi ni en formation<\/strong><\/li>\n<li><strong>\u00e2g\u00e9s de 16 \u00e0 moins de 26 ans<\/strong><\/li>\n<li>ou \u00e2g\u00e9s de 16 \u00e0 moins de 30 ans pour les personnes b\u00e9n\u00e9ficiant d\u2019une reconnaissance de travailleur handicap\u00e9<\/li>\n<\/ul>\n<p><strong>Le contrat d\u2019engagement jeune est un parcours intensif, personnalis\u00e9 avec un r\u00e9f\u00e9rent unique, d\u2019une dur\u00e9e maximum de 12 mois<\/strong> (ou jusqu\u2019\u00e0 18 mois si n\u00e9cessaire) m\u00ealant entretiens et temps individuels, ateliers collectifs, d\u00e9couverte de m\u00e9tiers, immersion en entreprise (stages) et activit\u00e9s dites structurantes (formations, accompagnement intensif externe comme les \u00e9coles de la deuxi\u00e8me chance ou le service militaire volontaire, missions d\u2019utilit\u00e9 sociale, emplois aid\u00e9s).<\/p>\n<p>Un jeune b\u00e9n\u00e9ficie d\u2019un accompagnement par un conseiller de mission locale ou de France Travail (ex-P\u00f4le emploi), qui est son r\u00e9f\u00e9rent pendant toute la dur\u00e9e de son parcours, y compris lorsqu\u2019il suit une activit\u00e9 ext\u00e9rieure telle qu\u2019une formation, un contrat court, une mission d\u2019int\u00e9rim ou un stage. Le plan d\u2019actions d\u00e9fini au moment de l\u2019entr\u00e9e dans le CEJ est appel\u00e9 \u00e0 \u00eatre compl\u00e9t\u00e9 durant le parcours.<\/p>\n<p>Pour faciliter l\u2019interaction avec son conseiller et le suivi de son parcours, le jeune accompagn\u00e9 en CEJ a acc\u00e8s \u00e0 une application mobile d\u00e9di\u00e9e (Android et iOS).<\/p>\n<p>Une aide financi\u00e8re baptis\u00e9e allocation Contrat d\u2019engagement jeune (Acej) peut \u00eatre vers\u00e9e, mais son paiement n\u2019est pas automatique (attribution sous conditions).<\/p>\n<p>Ouvert depuis le 1er mars 2022, le contrat d\u2019engagement jeune (CEJ) remplace un autre dispositif similaire dont il s\u2019inspire, la <a href=\"https:\/\/www.toutsurmesfinances.com\/argent\/a\/garantie-jeunes-conditions-montant-et-comment-s-inscrire\">Garantie jeunes (Gj)<\/a>.<\/p>\n<p>A fin mars 2025, on d\u00e9nombrait (source minist\u00e8re du Travail) :<\/p>\n<ul>\n<li><span class=\"datasheet-summary__value\">45500 b\u00e9n\u00e9ficiaires accompagn\u00e9s par France Travail (ex-P\u00f4le emploi) dans le cadre du CEJ<br \/>\n<\/span><\/li>\n<li><span class=\"datasheet-summary__value\">119600 b\u00e9n\u00e9ficiaires accompagn\u00e9s par les missions locales dans le cadre du CEJ<\/span><\/li>\n<li>soit\u00a0<span class=\"datasheet-summary__value\">165100 b\u00e9n\u00e9ficiaires<\/span> en tout<\/li>\n<\/ul>\n<h2><span class=\"ez-toc-section\" id=\"CEJ_et_Garantie_jeunes_quelles_differences\"><\/span>CEJ et Garantie jeunes, quelles diff\u00e9rences ?<span class=\"ez-toc-section-end\"><\/span><\/h2>\n<p>Le contrat d\u2019engagement jeune (CEJ) est le nouveau dispositif propos\u00e9 aux jeunes pr\u00e9caires sans emploi ni formation, dans le cadre du plan 1 jeune, 1 solution, en vigueur depuis le 1er mars 2022, destin\u00e9 \u00e0 favoriser leur acc\u00e8s \u00e0 l\u2019emploi.<\/p>\n<p>La <a href=\"https:\/\/www.toutsurmesfinances.com\/argent\/a\/garantie-jeunes-conditions-montant-et-comment-s-inscrire\">Garantie jeunes<\/a> est l\u2019ancien dispositif qui a pr\u00e9c\u00e9d\u00e9 le CEJ. Lanc\u00e9e le 1er janvier 2017, la Garantie jeunes s\u2019inscrivait dans le cadre du parcours contractualis\u00e9 d\u2019accompagnement vers l\u2019emploi et l\u2019autonomie (PACEA), dont elle \u00e9tait le volet destin\u00e9 \u00e0 l\u2019accompagnement intensif.<\/p>\n<p>Les principales diff\u00e9rences entre CEJ et Garantie jeunes sont les suivantes :<\/p>\n<ul>\n<li>dur\u00e9e minimale d\u2019accompagnement de 6 mois pour le CEJ, contre 9 mois pour la Gj<\/li>\n<li>accompagnement intensif pendant toutes la dur\u00e9e du CEJ, contre 4 \u00e0 6 semaines pour la Garantie jeunes<\/li>\n<li>accompagnement par France Travail (ex-P\u00f4le emploi) ou la mission locale pour le CEJ (mission locale uniquement pour la Gj)<\/li>\n<li>montant de l\u2019allocation plus \u00e9lev\u00e9 pour la Garantie jeunes que pour le contrat d\u2019engagement jeune (CEJ)<\/li>\n<li>mise \u00e0 disposition d\u2019une application smartphone pour le CEJ (aucune pour la Gj)<\/li>\n<\/ul>\n<p>Les jeunes entr\u00e9s depuis le 1er d\u00e9cembre 2021 en Garantie Jeunes, peuvent demander \u00e0 basculer en CEJ, apr\u00e8s discussion avec leur conseiller, pour b\u00e9n\u00e9ficier d\u2019un accompagnement intensif dans la dur\u00e9e.<\/p>\n<h2><span class=\"ez-toc-section\" id=\"CEJ_et_PACEA_des_accompagnements_complementaires\"><\/span>CEJ et PACEA : des accompagnements compl\u00e9mentaires<span class=\"ez-toc-section-end\"><\/span><\/h2>\n<p>Le PACEA (parcours d&rsquo;accompagnement contractualis\u00e9 vers l&#8217;emploi et l&rsquo;autonomie) est dispositif d\u2019insertion professionnelle pour les jeunes accompagn\u00e9s par les missions locales, d\u2019une dur\u00e9e maximum de 24 mois. Il est pr\u00e9c\u00e9d\u00e9 par une phase de diagnostic d\u2019une dur\u00e9e d\u2019un \u00e0 trois mois et se concr\u00e9tise par la signature d\u2019un contrat. Il peut donner lieu au versement une allocation sp\u00e9cifique. Le PACEA est propos\u00e9 uniquement par les missions locales, alors que le CEJ peut \u00eatre propos\u00e9 par les missions locales comme par France Travail (ex-P\u00f4le emploi).<\/p>\n<p>CEJ et PACEA sont deux modalit\u00e9s d\u2019accompagnement qui coexistent et qui peuvent se compl\u00e9ter. Le contrat d\u2019engagement jeune est un parcours sp\u00e9cifique, ind\u00e9pendant du PACEA : on ne peut pas b\u00e9n\u00e9ficier \u00e0 la fois d\u2019un accompagnement en PACEA et d\u2019un accompagnement en CEJ. Le PACEA peut cependant \u00eatre mobilis\u00e9, en fonction de la situation et des besoins du jeune :<\/p>\n<ul>\n<li>avant le CEJ<\/li>\n<li>\u00e0 l\u2019issue du CEJ<\/li>\n<\/ul>\n<p>En revanche, une personne qui n\u2019est pas en PACEA a le droit de signer un contrat d\u2019engagement jeune s\u2019il respecte les conditions requises.<\/p>\n<h2><span class=\"ez-toc-section\" id=\"CEJ_conditions_pour_en_beneficier\"><\/span>CEJ : conditions pour en b\u00e9n\u00e9ficier<span class=\"ez-toc-section-end\"><\/span><\/h2>\n<p>Au 23 septembre 2022, les jeunes accompagn\u00e9s \u00e9taient (source minist\u00e8re du Travail) :<\/p>\n<ul>\n<li>\u00e0 45% sans dipl\u00f4me<\/li>\n<li>\u00e0 60% avec un niveau d&rsquo;\u00e9tudes CAP-BEP3 ou inf\u00e9rieur<\/li>\n<li>\u00e0 90% avec un niveau Bac ou inf\u00e9rieur<\/li>\n<li>\u00e0 18% des jeunes r\u00e9sident en quartier prioritaire de la politique de la ville (QPV)<\/li>\n<li>\u00e0 13% des jeunes r\u00e9sident en zone de revitalisation rurale (ZRR)<\/li>\n<\/ul>\n<h3>Crit\u00e8res pour b\u00e9n\u00e9ficier du Contrat d\u2019engagement jeune<\/h3>\n<p>Pour b\u00e9n\u00e9ficier d\u2019un Contrat d\u2019engagement jeune, il faut respecter les crit\u00e8res suivants (sources article L5131-6 du Code du travail, circulaire DGEFP\/MAJE\/2022\/45 du 21 f\u00e9vrier 2022) :<\/p>\n<ul>\n<li>\u00eatre \u00e2g\u00e9 de 16 \u00e0 moins de 26 ans (25 ans r\u00e9volus)<\/li>\n<li>ou \u00eatre \u00e2g\u00e9 de 16 \u00e0 moins de 30 ans (29 ans r\u00e9volus) et b\u00e9n\u00e9ficier de la reconnaissance de travailleur handicap\u00e9<\/li>\n<li>ne pas \u00eatre \u00e9tudiant : ne pas \u00eatre inscrit dans un \u00e9tablissement d\u2019enseignement secondaire (coll\u00e8ge, lyc\u00e9e), ni \u00e0 l\u2019universit\u00e9<\/li>\n<li>ne pas suivre une formation : ne pas \u00eatre inscrit \u00e0 une formation qualifiante ou certifiante (y compris lorsqu\u2019il s\u2019agit d\u2019une formation en ligne ou par correspondance)<\/li>\n<\/ul>\n<p>La nationalit\u00e9 n\u2019est pas un crit\u00e8re\u00a0: le dispositif n\u2019est pas r\u00e9serv\u00e9 aux jeunes Fran\u00e7ais. Cependant, un jeune \u00e9tranger doit \u00eatre en situation r\u00e9guli\u00e8re sur le territoire.<\/p>\n<p>D\u2019une mani\u00e8re g\u00e9n\u00e9rale, et sans que cela ne constitue un crit\u00e8re, le minist\u00e8re estime que certaines situations parmi celles ci-dessous peuvent constituer une aide \u00e0 l\u2019orientation vers le CEJ, compte tenu du risque d\u2019exclusion professionnelle :<\/p>\n<ul>\n<li>b\u00e9n\u00e9ficiaire d\u2019un dipl\u00f4me inf\u00e9rieur au CAP\/BEP<\/li>\n<li>jeune reconnu travailleur handicap\u00e9<\/li>\n<li>demandeur d&#8217;emploi de tr\u00e8s longue dur\u00e9e (DETLD)<\/li>\n<li>demandeur d\u2019emploi de longue dur\u00e9e (DELD)<\/li>\n<li>jeune r\u00e9sident d\u2019un quartier prioritaire de la politique de la ville (QPV)<\/li>\n<li>jeune vivant dans une zone de revitalisation rurale (ZRR)<\/li>\n<li>jeune dont le niveau de ressources est susceptible de le rendre \u00e9ligibles \u00e0 l\u2019allocation CEJ.<\/li>\n<\/ul>\n<h3>\u00a0CEJ pour un jeune travailleur<\/h3>\n<p>En revanche, il n\u2019est pas obligatoire d\u2019\u00eatre ch\u00f4meur pour b\u00e9n\u00e9ficier d\u2019un accompagnement dans le cadre du CEJ\u00a0: le dispositif est ouvert aux jeunes sans emploi et \u00e0 ceux occupant un emploi, \u00e0 condition que ce poste soit compatible avec la conclusion d\u2019un CEJ et que ce travail ne conduira pas le jeune vers un emploi durable.<\/p>\n<p>Ainsi, dans sa circulaire du 21 f\u00e9vrier 2022, le minist\u00e8re du Travail pr\u00e9cise que :<\/p>\n<ul>\n<li>un jeune occupant un poste en CDI, s\u2019exer\u00e7ant notamment le soir ou le week-end, peut conclure un CEJ<\/li>\n<li>un jeune occupant un poste en CDD \u00e0 temps plein ne peut pas conclure un CEJ avant l\u2019issue de ce contrat<\/li>\n<\/ul>\n<p>En pratique, exercer un activit\u00e9 professionnelle dont la dur\u00e9e est sup\u00e9rieure au mi-temps est difficilement envisageable, compte tenu de l\u2019intensit\u00e9 de l\u2019engagement requis dans le cadre du CEJ.<\/p>\n<p>C\u2019est au conseiller d\u2019appr\u00e9cier si l\u2019emploi ou l\u2019activit\u00e9 exerc\u00e9e est compatible avec le CEJ.<\/p>\n<h3>Qui a droit au Contrat d\u2019engagement jeune ?<\/h3>\n<div id=\"tablepress-283-scroll-wrapper\" class=\"tablepress-scroll-wrapper\">\n\n<table id=\"tablepress-283\" class=\"tablepress tablepress-id-283 tablepress-responsive\">\n<thead>\n<tr class=\"row-1 odd\">\n\t<th class=\"column-1\">Situation du jeune avant CEJ <\/th><th class=\"column-2\">\u00c9ligibilit\u00e9 au CEJ<\/th>\n<\/tr>\n<\/thead>\n<tbody class=\"row-hover\">\n<tr class=\"row-2 even\">\n\t<td class=\"column-1\">Jeune en Ecole de la deuxi\u00e8me chance (E2C) <\/td><td class=\"column-2\">Non<\/td>\n<\/tr>\n<tr class=\"row-3 odd\">\n\t<td class=\"column-1\">Jeune en Promo 16-18 <\/td><td class=\"column-2\">Non<\/td>\n<\/tr>\n<tr class=\"row-4 even\">\n\t<td class=\"column-1\">Jeune inscrit au lyc\u00e9e <\/td><td class=\"column-2\">Non<\/td>\n<\/tr>\n<tr class=\"row-5 odd\">\n\t<td class=\"column-1\">Jeune inscrit \u00e0 l\u2019universit\u00e9 <\/td><td class=\"column-2\">Non<\/td>\n<\/tr>\n<tr class=\"row-6 even\">\n\t<td class=\"column-1\">Jeune en PPAE (parcours personnalis\u00e9 d\u2019acc\u00e8s \u00e0 l\u2019emploi) <\/td><td class=\"column-2\">Oui<\/td>\n<\/tr>\n<tr class=\"row-7 odd\">\n\t<td class=\"column-1\">Jeune en alternance <\/td><td class=\"column-2\">Non<\/td>\n<\/tr>\n<tr class=\"row-8 even\">\n\t<td class=\"column-1\">Jeune li\u00e9 par un contrat de travail <\/td><td class=\"column-2\">Selon l\u2019appr\u00e9ciation du conseiller<\/td>\n<\/tr>\n<tr class=\"row-9 odd\">\n\t<td class=\"column-1\">Jeune auto-entrepreneur<\/td><td class=\"column-2\">Selon l\u2019appr\u00e9ciation du conseiller<\/td>\n<\/tr>\n<\/tbody>\n<\/table>\n\n<\/div><!-- #tablepress-283 from cache -->\n<h2><span class=\"ez-toc-section\" id=\"Comment_beneficier_du_CEJ\"><\/span>Comment b\u00e9n\u00e9ficier du CEJ<span class=\"ez-toc-section-end\"><\/span><\/h2>\n<p>Il existe plusieurs modalit\u00e9s d\u2019acc\u00e8s au CEJ :<\/p>\n<ul>\n<li>proposition par le conseiller France Travail (ex-P\u00f4le emploi)<\/li>\n<li>proposition par la mission locale<\/li>\n<li>visite spontan\u00e9e d\u2019une agence France Travail (ex-P\u00f4le emploi) par le jeune<\/li>\n<li>visite spontan\u00e9e de la mission locale par le jeune<\/li>\n<li>visite du site 1jeune1solution.gouv.fr, demande d\u2019accompagnement en cliquant sur\u00a0 le bouton \u00ab Je souhaite \u00eatre rappel\u00e9 \u00bb par la mission locale<\/li>\n<\/ul>\n<p>Il n\u2019y a pas de formulaire de demande d\u2019inscription au CEJ \u00e0 proprement parler. La signature du contrat n\u00e9cessite au pr\u00e9alable un entretien de diagnostic ou de situation avec un conseiller France Travail (ex-P\u00f4le emploi) ou de la mission locale, afin de s\u2019assurer que le CEJ constitue un accompagnement adapt\u00e9. D\u2019autres modalit\u00e9s d\u2019accompagnement peuvent \u00eatre propos\u00e9es, si elles sont plus adapt\u00e9es \u00e0 la situation du jeune.<\/p>\n<p>Lorsque le CEJ est consid\u00e9r\u00e9 comme adapt\u00e9 au jeune et que celui-ci respecte les conditions d\u2019entr\u00e9e, le Contrat d\u2019engagement jeune est mat\u00e9rialis\u00e9 par la signature du formulaire Cerfa n\u00b0 16204*02. Les conclusions du diagnostic pr\u00e9alable et le plan d\u2019actions figurent en annexe du contrat.<\/p>\n<p>Au moment de la signature du contrat, les <strong>pi\u00e8ces justificatives<\/strong> suivantes sont \u00e0 transmettre au conseiller :<\/p>\n<ul>\n<li>pi\u00e8ce d\u2019identit\u00e9 : carte d\u2019identit\u00e9 ou passeport en cours de validit\u00e9, visa ou titre de s\u00e9jour en cours de validit\u00e9 pour les jeunes \u00e9trangers non-europ\u00e9ens<\/li>\n<li>RIB en cas de demande de l\u2019allocation Contrat d\u2019engagement Jeune<\/li>\n<\/ul>\n<p>Le num\u00e9ro de S\u00e9curit\u00e9 sociale n\u2019est pas exig\u00e9, mais son recueil est utile dans le cadre de la recherche d\u2019emploi et\/ou l\u2019accompagnement sanitaire du jeune.<\/p>\n<h2><span class=\"ez-toc-section\" id=\"Contrat_dengagement_jeune_etapes_et_modalites_de_laccompagnement\"><\/span>Contrat d\u2019engagement jeune\u00a0: \u00e9tapes et modalit\u00e9s de l\u2019accompagnement<span class=\"ez-toc-section-end\"><\/span><\/h2>\n<p>L\u2019accompagnement dans le cadre du CEJ comporte les \u00e9tapes suivantes :<\/p>\n<ul>\n<li>\u00e9laboration d\u2019un diagnostic destin\u00e9 \u00e0 caract\u00e9riser la situation du jeune, ses motivations, ses comp\u00e9tences, ses difficult\u00e9s, ses souhaits<\/li>\n<li>pr\u00e9sentation du Contrat d\u2019engagement jeune et de son int\u00e9r\u00eat pour le jeune<\/li>\n<li>construction et programmation d\u2019un plan d\u2019actions, lors de l\u2019entretien avec le conseiller r\u00e9f\u00e9rent ou lors d\u2019un entretien ult\u00e9rieur, d\u2019au moins 15 \u00e0 20 heures par semaine, en fonction des besoin du jeune<\/li>\n<li>signature du Contrat d\u2019engagement jeune<\/li>\n<li>entretien hebdomadaire (chaque semaine) avec le conseiller en face \u00e0 face (pr\u00e9sentiel ou visio) ou par t\u00e9l\u00e9phone<\/li>\n<li>points d\u2019\u00e9tape tous les mois avec le conseiller en face \u00e0 face (pr\u00e9sentiel ou visio)<\/li>\n<\/ul>\n<p>Dans le cadre du CEJ, le jeune peut participer \u00e0 des ateliers individuels ou collectifs parmi les suivants (liste non exhaustive) :<\/p>\n<ul>\n<li>conseil en image<\/li>\n<li>am\u00e9lioration du savoir-\u00eatre<\/li>\n<li>d\u00e9finition du projet professionnel<\/li>\n<li>d\u00e9couverte des m\u00e9tiers<\/li>\n<li>recherche d\u2019alternance<\/li>\n<li>remise \u00e0 niveau en lecture, \u00e9criture, usage du num\u00e9rique<\/li>\n<li>organisation de la recherche d&#8217;emploi<\/li>\n<li>r\u00e9daction du CV et de lettres de motivation<\/li>\n<li>pr\u00e9paration d&rsquo;une r\u00e9ponse \u00e0 une offre d&#8217;emploi<\/li>\n<li>pr\u00e9paration aux entretiens d\u2019embauche (simulations notamment)<\/li>\n<li>pr\u00e9paration d&rsquo;un projet de cr\u00e9ation d&rsquo;entreprise<\/li>\n<\/ul>\n<p>En outre, le plan d\u2019actions conclu entre le jeune et son conseiller r\u00e9f\u00e9rent peut pr\u00e9voir des immersions en entreprise ou la participation pendant plusieurs mois \u00e0 des dispositifs nationaux parmi les suivants :<\/p>\n<ul>\n<li>service civique<\/li>\n<li>Epide (Enseignement pour l\u2019insertion dans l\u2019emploi)<\/li>\n<li>\u00c9cole de la deuxi\u00e8me chance (E2C)<\/li>\n<li>emploi aid\u00e9<\/li>\n<li>pr\u00e9pa-apprentissage<\/li>\n<li>pr\u00e9pa-comp\u00e9tences<\/li>\n<li>promo 16-18 de l\u2019Afpa (accompagnement de 4 mois pour les jeunes mineurs)<\/li>\n<\/ul>\n<h2><span class=\"ez-toc-section\" id=\"Fin_du_Contrat_dengagement_jeune\"><\/span>Fin du Contrat d\u2019engagement jeune<span class=\"ez-toc-section-end\"><\/span><\/h2>\n<p>Les cas de sortie positive du CEJ sont les suivants, correspondant \u00e0 un acc\u00e8s \u00e0 l\u2019emploi dit durable :<\/p>\n<ul>\n<li>signature d\u2019un CDD de plus de six mois<\/li>\n<li>signature d\u2019un CDI<\/li>\n<li>signature d\u2019un contrat d\u2019apprentissage<\/li>\n<li>signature d\u2019un contrat de professionnalisation<\/li>\n<li>titularisation dans la fonction publique<\/li>\n<li>lancement d\u2019une activit\u00e9 en tant que travailleur ind\u00e9pendant<\/li>\n<\/ul>\n<p>Il existe par ailleurs d\u2019autres motifs de sortie du CEJ :<\/p>\n<ul>\n<li>atteinte de la limite d\u2019\u00e2ge (date du 26\u00e8me anniversaire ou du 30\u00e8me anniversaire)<\/li>\n<li>arriv\u00e9e \u00e0 \u00e9ch\u00e9ance du CEJ<\/li>\n<li>troisi\u00e8me manquement sans motif l\u00e9gitime<\/li>\n<li>rupture d&rsquo;un commun accord entre jeune et conseiller<\/li>\n<li>incarc\u00e9ration<\/li>\n<li>prise en charge p\u00e9nale au titre de la Protection Judiciaire de la Jeunesse<\/li>\n<li>abandon<\/li>\n<li>d\u00e9c\u00e8s<\/li>\n<li>d\u00e9m\u00e9nagement<\/li>\n<li>fausse d\u00e9claration dans le but de percevoir l&rsquo;allocation<\/li>\n<\/ul>\n<h2><span class=\"ez-toc-section\" id=\"Lapplication_du_contrat_engagement_jeune\"><\/span>L\u2019application du contrat engagement jeune<span class=\"ez-toc-section-end\"><\/span><\/h2>\n<p>Une application mobile du Contrat d&rsquo;engagement jeune a \u00e9t\u00e9 cr\u00e9\u00e9e et mise \u00e0 disposition d\u00e8s le lancement du CEJ. Elle est disponible en t\u00e9l\u00e9chargement gratuitement.<\/p>\n<p>L\u2019appli, disponible sur Google Play (Android) et App Store (iPhone et iPad), propose les fonctionnalit\u00e9s suivantes (liste non exhaustive) :<\/p>\n<ul>\n<li>tchat avec le conseiller r\u00e9f\u00e9rent<\/li>\n<li>agenda partag\u00e9 avec le conseiller<\/li>\n<li>notifications de rappel de rendez-vous<\/li>\n<li>liste d&rsquo;actions \u00e0 r\u00e9aliser<\/li>\n<li>acc\u00e8s \u00e0 des offres d\u2019emploi<\/li>\n<li>acc\u00e8s \u00e0 des offres de contrat en alternance<\/li>\n<li>acc\u00e8s \u00e0 des missions de service civique<\/li>\n<li>acc\u00e8s \u00e0 une liste d&rsquo;entreprises proposant une immersion professionnelle<\/li>\n<li>acc\u00e8s pour postuler \u00e0 un programme de mentorat<\/li>\n<\/ul>\n<h2><span class=\"ez-toc-section\" id=\"CEJ_Jeunes_en_rupture_personnes_eligibles_modalites\"><\/span>CEJ Jeunes en rupture : personnes \u00e9ligibles, modalit\u00e9s<span class=\"ez-toc-section-end\"><\/span><\/h2>\n<p>Une modalit\u00e9 particuli\u00e8re d\u2019accompagnement du Contrat d\u2019engagement jeune peut \u00eatre propos\u00e9e par des structures d\u2019insertion professionnelle ou de lutte contre la pauvret\u00e9 \u00e0 destination des jeunes sans revenu, tr\u00e8s \u00e9loign\u00e9s du service public de l\u2019emploi et g\u00e9n\u00e9ralement d\u00e9fiants vis-\u00e0-vis des institutions. Ce dispositif est appel\u00e9 CEJ JR (volet jeunes en rupture du contrat d\u2019engagement jeune).<\/p>\n<p>L\u2019administration a communiqu\u00e9 une liste non exhaustive des publics potentiellement concern\u00e9s (source circulaire du 22 avril 2022) par le CEJ JR :<\/p>\n<ul>\n<li>jeunes enferm\u00e9s dans leur chambre, d\u00e9scolaris\u00e9s (d\u00e9crocheurs)<\/li>\n<li>jeunes sans domicile fixe<\/li>\n<li>jeunes issus des quartiers prioritaires de la politique de la ville (QPV), peu ou pas qualifi\u00e9s<\/li>\n<li>jeunes issus d\u2019une zone de revitalisation rurale (ZRR), peu ou pas qualifi\u00e9s<\/li>\n<li>jeunes sans soutien familial<\/li>\n<li>jeunes sortis d\u2019institution (Aide Sociale \u00e0 l\u2019Enfance, anciens mineurs non accompagn\u00e9s, jeunes anciennement suivis par la Protection Judiciaire de la Jeunesse)<\/li>\n<li>jeunes sortis de prison<\/li>\n<li>jeunes ayant un probl\u00e8me d\u2019addiction (drogue, alcool, jeux vid\u00e9o)<\/li>\n<li>jeunes parents<\/li>\n<li>jeunes en situation d\u2019illettrisme et\/ou d\u2019illectronisme<\/li>\n<\/ul>\n<p>Ce dispositif pr\u00e9voit, avant l\u2019entr\u00e9e en CEJ JR et pour une dur\u00e9e pouvant durer plusieurs semaines :<\/p>\n<ul>\n<li>une phase pr\u00e9alable de rep\u00e9rage<\/li>\n<li>l\u2019\u00e9tablissement d\u2019un lien de confiance<\/li>\n<li>un recueil des besoins, des attentes et des envies du jeune<\/li>\n<li>un accompagnement aux d\u00e9marches administratives pour r\u00e9unir les pi\u00e8ces n\u00e9cessaire \u00e0 la signature du CEJ JR et \u00e0 la perception de l\u2019allocation<\/li>\n<\/ul>\n<p>Une fois le CEJ JR sign\u00e9, le dispositif pour les jeunes en rupture pr\u00e9voit un co-accompagnement via la mise en place concert\u00e9e d\u2019un plan d\u2019actions entre les diff\u00e9rentes parties prenantes. Le conseiller r\u00e9f\u00e9rent appel\u00e9 \u00e0 suivre le jeune durant tout son parcours peut \u00eatre d\u00e9sign\u00e9 par l\u2019association ou l\u2019organisme de r\u00e9insertion.<\/p>\n<p>Au d\u00e9but du parcours CEJ JR, des am\u00e9nagements peuvent \u00eatre d\u00e9cid\u00e9s par rapport \u00e0 un CEJ classique, par exemple en privil\u00e9giant les temps individuels ou les temps collectifs en petit groupe.<\/p>\n<p>En outre, le CEJ JR peut pr\u00e9voir :<\/p>\n<ul>\n<li>un accompagnement pour trouver une solution d\u2019h\u00e9bergement ou un logement<\/li>\n<li>un accompagnement pour trouver une solution de mobilit\u00e9 : pr\u00e9paration au permis de conduire, location ou pr\u00eat d\u2019un v\u00e9lo, mise en place d\u2019une navette, etc.<\/li>\n<li>une prise en charge sanitaire<\/li>\n<\/ul>\n<h2><span class=\"ez-toc-section\" id=\"Mission_locale_France_Travail_structures_dinsertion_les_operateurs_de_la_CEJ\"><\/span>Mission locale, France Travail, structures d\u2019insertion : les op\u00e9rateurs de la CEJ<span class=\"ez-toc-section-end\"><\/span><\/h2>\n<p>La mission locale et France Travail (ex-P\u00f4le emploi) sont les principaux organismes proposant un accompagnement dans le cadre du Contrat d\u2019engagement jeune.<\/p>\n<p>Le CEJ peut aussi \u00eatre propos\u00e9 par des associations locales d\u2019insertion ou d\u2019accompagnement des personnes en recherche d\u2019emploi, pour les jeunes les plus en difficult\u00e9. Dans ce cadre, le CEJ est ouvert aupr\u00e8s de la mission locale et sign\u00e9 par les trois parties prenantes (l\u2019organisme d\u2019insertion, la mission locale et le jeune).<\/p>\n<p>L\u2019orientation vers les missions locales est privil\u00e9gi\u00e9e dans les cas suivants :<\/p>\n<ul>\n<li>jeune \u00e2g\u00e9 de moins de 18 ans soumis \u00e0 l\u2019obligation de formation<\/li>\n<li>jeune ayant besoin d\u2019un accompagnement au-del\u00e0 de son insertion professionnelle proprement dite : besoins li\u00e9s au logement, \u00e0 la sant\u00e9, contraintes familiales, ma\u00eetrise du fran\u00e7ais insuffisante, etc.<\/li>\n<\/ul>\n<p>L\u2019orientation vers France Travail (ex-P\u00f4le emploi) est privil\u00e9gi\u00e9e pour les jeunes ne pr\u00e9sentant pas ce type de besoins, sachant que le jeune a le droit de choisir l\u2019op\u00e9rateur de son choix.<\/p>\n<h2><span class=\"ez-toc-section\" id=\"Allocation_Contrat_dengagement_jeune_Acej_montant_conditions\"><\/span>Allocation Contrat d\u2019engagement jeune (Acej) : montant, conditions<span class=\"ez-toc-section-end\"><\/span><\/h2>\n<h3>Montant de l\u2019Acej<\/h3>\n<p>Le montant de l\u2019Acej varie selon l\u2019\u00e2ge et la situation fiscale. Son montant forfaitaire (montant de base) en vigueur du 1er avril 2025 au 31 mars 2026 est le suivant (hors Mayotte) :<\/p>\n<ul>\n<li>561,68 euros pour un jeune entre 18 ans et moins de 26 ans, dont le foyer fiscal non imposable \u00e0 l\u2019imp\u00f4t sur le revenu<\/li>\n<li>337 euros pour un jeune travailleur handicap\u00e9 entre 18 ans et moins de 30 ans, dont le foyer fiscal est impos\u00e9 dans la premi\u00e8re tranche d\u2019imposition<\/li>\n<li>224,68 euros pour un jeune mineur, \u00e2g\u00e9 de 17 \u00e0 moins de 18 ans, vivant dans un foyer non imposable ou impos\u00e9 dans la premi\u00e8re tranche d\u2019imposition<\/li>\n<\/ul>\n<p>Ces sommes b\u00e9n\u00e9ficient en principe d&rsquo;une augmentation annuelle au 1er avril en fonction de l&rsquo;inflation (hausse du co\u00fbt de la vie).<\/p>\n<p>\u26a0\ufe0fLe montant de l&rsquo;Acej pourrait rester stable en raison de <a href=\"https:\/\/www.toutsurmesfinances.com\/argent\/a\/annee-blanche\">l&rsquo;ann\u00e9e blanche 2026<\/a> annonc\u00e9e mi-juillet 2025 par le gouvernement Bayrou, qui consterait \u00e0 ne pas revaloriser les prestations sociales en 2026, dont l&rsquo;Acej. Cependant, la mesure n&rsquo;est pas encore entr\u00e9e en vigueur, le gouvernement ne disposant pas de la majorit\u00e9 des d\u00e9put\u00e9s \u00e0 l&rsquo;Assembl\u00e9e nationale.<\/p>\n<p>Ces montants repr\u00e9sentent le montant maximum qu\u2019il est possible de percevoir au titre de l\u2019Acej, sachant que la somme vers\u00e9e peut \u00eatre r\u00e9duite selon les ressources financi\u00e8res dont le jeune dispose par ailleurs. Il existe deux cas de figure:<\/p>\n<ol>\n<li>allocation d\u00e9gressive<\/li>\n<li>ressources d\u00e9duites du montant de l\u2019allocation restant \u00e0 verser<\/li>\n<\/ol>\n<h3>Acej d\u00e9gressive : cumul partiel avec des revenus<\/h3>\n<p>Jusqu\u2019\u00e0 337 euros de revenus per\u00e7us le mois pr\u00e9c\u00e9dent, il est possible de percevoir le montant maximum d\u2019allocation CEJ. Au-del\u00e0 de 337 euros de revenus ou de ressources, le montant de l\u2019Acej diminue jusqu\u2019\u00e0 devenir nul lorsque les ressources du b\u00e9n\u00e9ficiaires sont \u00e9gales \u00e0 80% du Smic brut (soit <span>1441,44<\/span> euros depuis le 1er novembre 2024), ce correspond \u00e0 quelques euros pr\u00e8s au montant du Smic net. On parle alors de d\u00e9gressivit\u00e9 de l\u2019Acej ou de cumul partiel.<\/p>\n<p>Le montant de l\u2019Acej est d\u00e9gressif dans les cas suivants :<\/p>\n<ul>\n<li>perception de revenus d\u2019activit\u00e9 salari\u00e9e<\/li>\n<li>perception de revenus d\u2019activit\u00e9 non-salari\u00e9e<\/li>\n<li>perception d\u2019une indemnit\u00e9 l\u00e9gale ou conventionnelle d\u2019activit\u00e9 partielle (<a href=\"https:\/\/www.toutsurmesfinances.com\/argent\/a\/chomage-partiel-definition-conditions-et-indemnisation\">ch\u00f4mage partiel<\/a>)<\/li>\n<li>perception <a href=\"https:\/\/www.toutsurmesfinances.com\/argent\/a\/indemnites-journalieres-montants-calcul-plafond-duree-et-versement\">d\u2019indemnit\u00e9s journali\u00e8res de la S\u00e9curit\u00e9 sociale<\/a> (IJSS) en cas d\u2019arr\u00eat maladie ou de cong\u00e9 maternit\u00e9, de paternit\u00e9 ou d\u2019adoption<\/li>\n<li>perception d\u2019une r\u00e9mun\u00e9ration en Esat par un travailleur handicap\u00e9<\/li>\n<li>sommes per\u00e7ues au titre de la participation \u00e0 un travail destin\u00e9 \u00e0 l\u2019insertion sociale par les personnes accueillies dans les organismes communautaires et les activit\u00e9s solidaires (exemple : r\u00e9mun\u00e9ration Emma\u00fcs).<\/li>\n<\/ul>\n<h3>Conditions d\u2019attribution de l\u2019Acej<\/h3>\n<p>Tous les b\u00e9n\u00e9ficiaires du CEJ n\u2019ont pas droit \u00e0 l\u2019allocation, son versement n\u2019\u00e9tant pas automatique. Autrement dit, un jeune peut faire son entr\u00e9e dans le dispositif CEJ sans toucher l\u2019allocation.<\/p>\n<p>L\u2019Acej est vers\u00e9e aux jeunes :<\/p>\n<ul>\n<li>ayant sign\u00e9 un Contrat d\u2019engagement jeune<\/li>\n<li>ne percevant pas le <a href=\"https:\/\/www.toutsurmesfinances.com\/argent\/a\/rsa-conditions-demande-montants-et-calendrier-de-versement\">revenu de solidarit\u00e9 active (RSA)<\/a>, ni la <a href=\"https:\/\/www.toutsurmesfinances.com\/argent\/a\/prime-d-activite-conditions-demande-montant\">prime d\u2019activit\u00e9<\/a><\/li>\n<li>restant impliqu\u00e9s et assidus durant toute la p\u00e9riode d\u2019accompagnement<\/li>\n<li><a href=\"https:\/\/www.toutsurmesfinances.com\/impots\/imposable-ou-non-imposable-sur-le-revenu-a-partir-de-combien-paye-t-on-des-impots.html\">non imposables<\/a> ou rattach\u00e9s \u00e0 un foyer fiscal non imposable, ou impos\u00e9s dans la premi\u00e8re tranche du <a href=\"https:\/\/www.toutsurmesfinances.com\/impots\/bareme-de-l-impot-sur-le-revenu.html\">bar\u00e8me de l\u2019imp\u00f4t sur le revenu<\/a><\/li>\n<\/ul>\n<p>Le versement au jeune sur un mois donn\u00e9 intervient en tenant compte de ses revenus du mois pr\u00e9c\u00e9dent. Chaque mois, le jeune est donc tenu de d\u00e9clarer \u00e0 son conseiller le montant des ressources qu\u2019il a per\u00e7ues au cours du mois qui a pr\u00e9c\u00e9d\u00e9.<\/p>\n<h3>Acej : une allocation non imposable<\/h3>\n<p>L\u2019allocation CEJ b\u00e9n\u00e9ficie d\u2019une exon\u00e9ration d\u2019imp\u00f4t sur le revenu\u00a0: les sommes ne sont pas imposables, le b\u00e9n\u00e9ficiaire n\u2019est pas tenu de les reporter dans sa <a href=\"https:\/\/www.toutsurmesfinances.com\/impots\/impot-sur-le-revenu-la-declaration-etape-par-etape.html\">d\u00e9claration de revenus<\/a> ni celle de ses parents.<\/p>\n<p>Ce plus, compte tenu de son caract\u00e8re non imposable, elle n\u2019est pas prise en compte dans le calcul des aides au logement.<\/p>\n<p>L\u2019Acej est \u00e9galement exon\u00e9r\u00e9s de <a href=\"https:\/\/www.toutsurmesfinances.com\/impots\/csg-definition-taux-calcul-tout-savoir-sur-la-contribution-sociale-generalisee.html\">contribution sociale g\u00e9n\u00e9ralis\u00e9e (CSG)<\/a> et de <a href=\"https:\/\/www.toutsurmesfinances.com\/impots\/crds-contribution-au-remboursement-de-la-dette-sociale.html\">contribution au remboursement de la dette sociale (CRDS)<\/a>.<\/p>\n<h2><span class=\"ez-toc-section\" id=\"Dates_de_versement_de_lAcej\"><\/span>Dates de versement de l\u2019Acej<span class=\"ez-toc-section-end\"><\/span><\/h2>\n<p>Les dates de versement de l\u2019Acej diff\u00e8rent selon l\u2019organisme charg\u00e9 de piloter l\u2019accompagnement du jeune\u00a0:<\/p>\n<ul>\n<li>accompagnement en mission locale : paiement par l\u2019Agence de services et de paiement (ASP)<\/li>\n<li>accompagnement par France Travail (ex-P\u00f4le emploi) : paiement par France Travail<\/li>\n<\/ul>\n<p>Sollicit\u00e9s par ToutSurMesFinances, ces organismes n\u2019ont pas communiqu\u00e9 de calendrier de versement \u00e0 l\u2019heure o\u00f9 nous \u00e9crivons ces lignes.<\/p>\n<h2><span class=\"ez-toc-section\" id=\"Acej_allocations_CAF_et_autres_allocations_cumuls_possibles_et_impossibles\"><\/span>Acej, allocations CAF\u00a0et autres allocations : cumuls possibles et impossibles<span class=\"ez-toc-section-end\"><\/span><\/h2>\n<p>Il n\u2019est pas possible de cumuler l\u2019allocation Contrat d\u2019engagement jeune et les aides financi\u00e8res ou allocations suivantes :<\/p>\n<ul>\n<li>revenu de solidarit\u00e9 active (RSA) per\u00e7u \u00e0 titre personnel ou par le conjoint<\/li>\n<li>prime d\u2019activit\u00e9 touch\u00e9e pour une activit\u00e9 reprise en cours de CEJ<\/li>\n<\/ul>\n<p>La prime d\u2019activit\u00e9 peut cependant \u00eatre cumul\u00e9e avec l\u2019allocation CEJ dans le cas suivant\u00a0: lorsque le b\u00e9n\u00e9ficiaire de la prime d&rsquo;activit\u00e9 per\u00e7oit cette aide au titre d&rsquo;une activit\u00e9 exerc\u00e9e avant le premier mois de b\u00e9n\u00e9fice de l&rsquo;allocation du contrat d&rsquo;engagement jeune.<\/p>\n<p>Pour un allocataire du RSA, le maintien de cette allocation peut \u00eatre d\u00e9cid\u00e9, sans versement de l\u2019allocation CEJ.<\/p>\n<p>Le cumul avec certaines autres aides financi\u00e8res est possible, mais le montant de ces aides est d\u00e9duit de la somme \u00e0 verser au titre de l\u2019Acej. C\u2019est le cas des allocations suivantes :<\/p>\n<ul>\n<li><a href=\"https:\/\/www.toutsurmesfinances.com\/argent\/a\/aide-au-retour-a-l-emploi-are-conditions-montants-et-duree\">allocation d\u2019Aide au Retour \u00e0 l\u2019Emploi (ARE)<\/a><\/li>\n<li><a href=\"https:\/\/www.toutsurmesfinances.com\/argent\/a\/allocation-specifique-de-solidarite-conditions-plafonds-montants\">allocation de Solidarit\u00e9 Sp\u00e9cifique (ASS)<\/a><\/li>\n<li>allocation des Travailleurs Ind\u00e9pendants (ATI)<\/li>\n<li>allocation de Fin de Droits (AFD)<\/li>\n<li>allocation de Professionnalisation et de Solidarit\u00e9 (APS),<\/li>\n<li>allocation jeune intermittent<\/li>\n<\/ul>\n<p>Par exemple, en cas de perception le mois pr\u00e9c\u00e9dent de l\u2019AFD, soit 355,86 euros (montant en vigueur depuis le 1er juillet 2025), le montant de l\u2019Acej est r\u00e9duit \u00e0 205,82 euros (561,68 &#8211; 355,86).<\/p>\n<h2><span class=\"ez-toc-section\" id=\"Acej_et_remuneration_peut-on_les_cumuler\"><\/span>Acej et r\u00e9mun\u00e9ration : peut-on les cumuler ?<span class=\"ez-toc-section-end\"><\/span><\/h2>\n<p>Certaines r\u00e9mun\u00e9rations sont cumulables avec l\u2019allocation Contrat d\u2019engagement jeune, d\u2019autres pas. En cas de cumul possible, l\u2019allocation est :<\/p>\n<ul>\n<li>soit per\u00e7ue en totalit\u00e9 jusqu\u2019\u00e0 300 euros de r\u00e9mun\u00e9ration, puis partiellement au-del\u00e0, lorsque la r\u00e9mun\u00e9ration est en partie cumulable<\/li>\n<li>soit diminu\u00e9e du montant de la r\u00e9mun\u00e9ration per\u00e7ue lorsque les textes pr\u00e9voient une d\u00e9duction de cette ressource financi\u00e8re<\/li>\n<\/ul>\n<p>Les diff\u00e9rents cas de figure sont d\u00e9taill\u00e9s dans le tableau ci-dessous\u00a0:<\/p>\n<div id=\"tablepress-284-scroll-wrapper\" class=\"tablepress-scroll-wrapper\">\n\n<table id=\"tablepress-284\" class=\"tablepress tablepress-id-284 tablepress-responsive\">\n<thead>\n<tr class=\"row-1 odd\">\n\t<th class=\"column-1\">Type de r\u00e9mun\u00e9ration<\/th><th class=\"column-2\">Cumul possible avec l'Acej<\/th><th class=\"column-3\">Modalit\u00e9s de cumul<\/th>\n<\/tr>\n<\/thead>\n<tfoot>\n<tr class=\"row-16 even\">\n\t<th colspan=\"3\" class=\"column-1\">Sources : circulaire DGEFP\/MAJE\/2022\/45 du 21 f\u00e9vrier 2022, France Travail<\/th>\n<\/tr>\n<\/tfoot>\n<tbody class=\"row-hover\">\n<tr class=\"row-2 even\">\n\t<td class=\"column-1\">R\u00e9mun\u00e9ration du Service Militaire Adapt\u00e9 (SMA)<\/td><td class=\"column-2\">Non<\/td><td class=\"column-3\"><\/td>\n<\/tr>\n<tr class=\"row-3 odd\">\n\t<td class=\"column-1\">R\u00e9mun\u00e9ration per\u00e7ue du Service Militaire Volontaire (SMV)<\/td><td class=\"column-2\">Non<\/td><td class=\"column-3\"><\/td>\n<\/tr>\n<tr class=\"row-4 even\">\n\t<td class=\"column-1\">R\u00e9mun\u00e9ration du volontariat dans les arm\u00e9es<\/td><td class=\"column-2\">Non<\/td><td class=\"column-3\"><\/td>\n<\/tr>\n<tr class=\"row-5 odd\">\n\t<td class=\"column-1\">R\u00e9mun\u00e9ration d'un contrat \u00e0 Dur\u00e9e D\u00e9termin\u00e9e d\u2019Insertion (CDDI)<\/td><td class=\"column-2\">Non<\/td><td class=\"column-3\"><\/td>\n<\/tr>\n<tr class=\"row-6 even\">\n\t<td class=\"column-1\">R\u00e9mun\u00e9ration d'un contrat de mission avec une Entreprise de Travail Temporaire d\u2019Insertion (ETTI) <\/td><td class=\"column-2\">Non<\/td><td class=\"column-3\"><\/td>\n<\/tr>\n<tr class=\"row-7 odd\">\n\t<td class=\"column-1\">R\u00e9mun\u00e9ration d'un Contrat Unique d\u2019Insertion (CUI)<\/td><td class=\"column-2\">Non<\/td><td class=\"column-3\"><\/td>\n<\/tr>\n<tr class=\"row-8 even\">\n\t<td class=\"column-1\">Indemnit\u00e9 de Service civique<\/td><td class=\"column-2\">Non<\/td><td class=\"column-3\"><\/td>\n<\/tr>\n<tr class=\"row-9 odd\">\n\t<td class=\"column-1\">Revenus d\u2019activit\u00e9 salari\u00e9e <\/td><td class=\"column-2\">Oui<\/td><td class=\"column-3\">Cumul partiel<\/td>\n<\/tr>\n<tr class=\"row-10 even\">\n\t<td class=\"column-1\">R\u00e9mun\u00e9ration d'un travailleur handicap\u00e9 en Esat<\/td><td class=\"column-2\">Oui<\/td><td class=\"column-3\">Cumul partiel<\/td>\n<\/tr>\n<tr class=\"row-11 odd\">\n\t<td class=\"column-1\">R\u00e9mun\u00e9ration d'un travail d'insertion sociale en organisme communautaire (type Emma\u00fcs)<\/td><td class=\"column-2\">Oui<\/td><td class=\"column-3\">Cumul partiel<\/td>\n<\/tr>\n<tr class=\"row-12 even\">\n\t<td class=\"column-1\">R\u00e9mun\u00e9ration de Formation P\u00f4le Emploi (RFPE)<\/td><td class=\"column-2\">Oui<\/td><td class=\"column-3\">R\u00e9mun\u00e9ration enti\u00e8rement d\u00e9duite<\/td>\n<\/tr>\n<tr class=\"row-13 odd\">\n\t<td class=\"column-1\">R\u00e9mun\u00e9ration de fin de formation (RFF ou R2F)<\/td><td class=\"column-2\">Oui<\/td><td class=\"column-3\">R\u00e9mun\u00e9ration enti\u00e8rement d\u00e9duite<\/td>\n<\/tr>\n<tr class=\"row-14 even\">\n\t<td class=\"column-1\">R\u00e9mun\u00e9ration de stagiaire de la formation professionnelle (RSFP)<\/td><td class=\"column-2\">Oui<\/td><td class=\"column-3\">R\u00e9mun\u00e9ration enti\u00e8rement d\u00e9duite<\/td>\n<\/tr>\n<tr class=\"row-15 odd\">\n\t<td class=\"column-1\">R\u00e9mun\u00e9ration de parcours de formation en \u00c9coles de la Deuxi\u00e8me Chance (E2C)<\/td><td class=\"column-2\">Oui<\/td><td class=\"column-3\">R\u00e9mun\u00e9ration enti\u00e8rement d\u00e9duite<\/td>\n<\/tr>\n<\/tbody>\n<\/table>\n\n<\/div><!-- #tablepress-284 from cache -->\n","protected":false},"excerpt":{"rendered":"<p>Le contrat d\u2019engagement jeune (CEJ) est un dispositif d\u2019accompagnement intensif des jeunes \u00e2g\u00e9s de 16 \u00e0 moins de 26 ans pr\u00e9caires, ni \u00e9tudiants, ni en formation et \u00e9loign\u00e9s de l\u2019emploi, destin\u00e9 \u00e0 les aider \u00e0 trouver un travail ou une formation. Op\u00e9r\u00e9 par France Travail (ex-P\u00f4le emploi), la mission locale ou des structures d\u2019insertion, le CEJ remplace la Garantie Jeune depuis le 1er mars 2022. Conditions, contrat, modalit\u00e9s d\u2019accompagnement, versement et montant de l\u2019allocation Acej\u2026 L\u2019essentiel \u00e0 savoir sur le contrat d\u2019engagement jeune.<\/p>\n","protected":false},"author":13709,"featured_media":22473,"comment_status":"closed","ping_status":"closed","sticky":false,"template":"","format":"standard","meta":{"footnotes":""},"categories":[37],"tags":[],"class_list":["post-10940","post","type-post","status-publish","format-standard","has-post-thumbnail","hentry","category-aides-financieres"],"acf":[],"yoast_head":"<!-- This site is optimized with the Yoast SEO plugin v24.9 - https:\/\/yoast.com\/wordpress\/plugins\/seo\/ -->\n<title>Contrat engagement jeune 2025-2026 : conditions, montant, modalit\u00e9s<\/title>\n<meta name=\"description\" content=\"Le contrat d\u2019engagement jeune (CEJ) est un dispositif d\u2019accompagnement intensif des jeunes \u00e2g\u00e9s de 16 \u00e0 moins de 26 ans pr\u00e9caires, ni \u00e9tudiants, ni en formation et \u00e9loign\u00e9s de l\u2019emploi, destin\u00e9 \u00e0 les aider \u00e0 trouver un travail ou une formation.\" \/>\n<meta name=\"robots\" content=\"index, follow, max-snippet:-1, max-image-preview:large, max-video-preview:-1\" \/>\n<link rel=\"canonical\" href=\"https:\/\/www.toutsurmesfinances.com\/argent\/a\/contrat-dengagement-jeune-cej\" \/>\n<meta property=\"og:locale\" content=\"fr_FR\" \/>\n<meta property=\"og:type\" content=\"article\" \/>\n<meta property=\"og:title\" content=\"Contrat engagement jeune 2025-2026 : conditions, montant, modalit\u00e9s\" \/>\n<meta property=\"og:description\" content=\"Le contrat d\u2019engagement jeune (CEJ) est un dispositif d\u2019accompagnement intensif des jeunes \u00e2g\u00e9s de 16 \u00e0 moins de 26 ans pr\u00e9caires, ni \u00e9tudiants, ni en formation et \u00e9loign\u00e9s de l\u2019emploi, destin\u00e9 \u00e0 les aider \u00e0 trouver un travail ou une formation.\" \/>\n<meta property=\"og:url\" content=\"https:\/\/www.toutsurmesfinances.com\/argent\/a\/contrat-dengagement-jeune-cej\" \/>\n<meta property=\"og:site_name\" content=\"Argent\" \/>\n<meta property=\"article:published_time\" content=\"2022-09-28T10:54:20+00:00\" \/>\n<meta property=\"article:modified_time\" content=\"2025-07-21T17:07:57+00:00\" \/>\n<meta property=\"og:image\" content=\"https:\/\/www.toutsurmesfinances.com\/argent\/wp-content\/uploads\/sites\/3\/2025\/04\/image-argent-aidesfinancieres.jpg\" \/>\n\t<meta property=\"og:image:width\" content=\"600\" \/>\n\t<meta property=\"og:image:height\" content=\"400\" \/>\n\t<meta property=\"og:image:type\" content=\"image\/jpeg\" \/>\n<meta name=\"author\" content=\"Olivier Brunet\" \/>\n<meta name=\"twitter:card\" content=\"summary_large_image\" \/>\n<meta name=\"twitter:creator\" content=\"@Toutsur\" \/>\n<meta name=\"twitter:site\" content=\"@Toutsur\" \/>\n<meta name=\"twitter:label1\" content=\"\u00c9crit par\" \/>\n\t<meta name=\"twitter:data1\" content=\"Olivier Brunet\" \/>\n\t<meta name=\"twitter:label2\" content=\"Dur\u00e9e de lecture estim\u00e9e\" \/>\n\t<meta name=\"twitter:data2\" content=\"18 minutes\" \/>\n<script type=\"application\/ld+json\" class=\"yoast-schema-graph\">{\"@context\":\"https:\/\/schema.org\",\"@graph\":[{\"@type\":\"Article\",\"@id\":\"https:\/\/www.toutsurmesfinances.com\/argent\/a\/contrat-dengagement-jeune-cej#article\",\"isPartOf\":{\"@id\":\"https:\/\/www.toutsurmesfinances.com\/argent\/a\/contrat-dengagement-jeune-cej\"},\"author\":{\"name\":\"Olivier Brunet\",\"@id\":\"https:\/\/www.toutsurmesfinances.com\/argent\/#\/schema\/person\/f3692b3163890cd1408bd0dc68a1b55a\"},\"headline\":\"Contrat d\u2019engagement jeune (CEJ) 2025-2026 aupr\u00e8s de France Travail ou de la mission locale : conditions, allocation, application\",\"dateModified\":\"2025-07-21T17:07:57+00:00\",\"mainEntityOfPage\":{\"@id\":\"https:\/\/www.toutsurmesfinances.com\/argent\/a\/contrat-dengagement-jeune-cej\"},\"wordCount\":3878,\"publisher\":{\"@id\":\"https:\/\/www.toutsurmesfinances.com\/argent\/#organization\"},\"image\":{\"@id\":\"https:\/\/www.toutsurmesfinances.com\/argent\/a\/contrat-dengagement-jeune-cej#primaryimage\"},\"thumbnailUrl\":\"https:\/\/www.toutsurmesfinances.com\/argent\/wp-content\/uploads\/sites\/3\/2025\/04\/image-argent-aidesfinancieres.jpg\",\"articleSection\":[\"Aides financi\u00e8res\"],\"inLanguage\":\"fr-FR\"},{\"@type\":\"WebPage\",\"@id\":\"https:\/\/www.toutsurmesfinances.com\/argent\/a\/contrat-dengagement-jeune-cej\",\"url\":\"https:\/\/www.toutsurmesfinances.com\/argent\/a\/contrat-dengagement-jeune-cej\",\"name\":\"Contrat engagement jeune 2025-2026 : conditions, montant, modalit\u00e9s\",\"isPartOf\":{\"@id\":\"https:\/\/www.toutsurmesfinances.com\/argent\/#website\"},\"primaryImageOfPage\":{\"@id\":\"https:\/\/www.toutsurmesfinances.com\/argent\/a\/contrat-dengagement-jeune-cej#primaryimage\"},\"image\":{\"@id\":\"https:\/\/www.toutsurmesfinances.com\/argent\/a\/contrat-dengagement-jeune-cej#primaryimage\"},\"thumbnailUrl\":\"https:\/\/www.toutsurmesfinances.com\/argent\/wp-content\/uploads\/sites\/3\/2025\/04\/image-argent-aidesfinancieres.jpg\",\"dateModified\":\"2025-07-21T17:07:57+00:00\",\"description\":\"Le contrat d\u2019engagement jeune (CEJ) est un dispositif d\u2019accompagnement intensif des jeunes \u00e2g\u00e9s de 16 \u00e0 moins de 26 ans pr\u00e9caires, ni \u00e9tudiants, ni en formation et \u00e9loign\u00e9s de l\u2019emploi, destin\u00e9 \u00e0 les aider \u00e0 trouver un travail ou une formation.\",\"breadcrumb\":{\"@id\":\"https:\/\/www.toutsurmesfinances.com\/argent\/a\/contrat-dengagement-jeune-cej#breadcrumb\"},\"inLanguage\":\"fr-FR\",\"potentialAction\":[{\"@type\":\"ReadAction\",\"target\":[\"https:\/\/www.toutsurmesfinances.com\/argent\/a\/contrat-dengagement-jeune-cej\"]}]},{\"@type\":\"ImageObject\",\"inLanguage\":\"fr-FR\",\"@id\":\"https:\/\/www.toutsurmesfinances.com\/argent\/a\/contrat-dengagement-jeune-cej#primaryimage\",\"url\":\"https:\/\/www.toutsurmesfinances.com\/argent\/wp-content\/uploads\/sites\/3\/2025\/04\/image-argent-aidesfinancieres.jpg\",\"contentUrl\":\"https:\/\/www.toutsurmesfinances.com\/argent\/wp-content\/uploads\/sites\/3\/2025\/04\/image-argent-aidesfinancieres.jpg\",\"width\":600,\"height\":400},{\"@type\":\"BreadcrumbList\",\"@id\":\"https:\/\/www.toutsurmesfinances.com\/argent\/a\/contrat-dengagement-jeune-cej#breadcrumb\",\"itemListElement\":[{\"@type\":\"ListItem\",\"position\":1,\"name\":\"Accueil\",\"item\":\"https:\/\/www.toutsurmesfinances.com\/argent\/\"},{\"@type\":\"ListItem\",\"position\":2,\"name\":\"Aides financi\u00e8res\",\"item\":\"https:\/\/www.toutsurmesfinances.com\/argent\/c\/aides-financieres\"},{\"@type\":\"ListItem\",\"position\":3,\"name\":\"Contrat d\u2019engagement jeune (CEJ) 2025-2026 aupr\u00e8s de France Travail ou de la mission locale : conditions, allocation, application\"}]},{\"@type\":\"WebSite\",\"@id\":\"https:\/\/www.toutsurmesfinances.com\/argent\/#website\",\"url\":\"https:\/\/www.toutsurmesfinances.com\/argent\/\",\"name\":\"Argent\",\"description\":\"\",\"publisher\":{\"@id\":\"https:\/\/www.toutsurmesfinances.com\/argent\/#organization\"},\"potentialAction\":[{\"@type\":\"SearchAction\",\"target\":{\"@type\":\"EntryPoint\",\"urlTemplate\":\"https:\/\/www.toutsurmesfinances.com\/argent\/?s={search_term_string}\"},\"query-input\":{\"@type\":\"PropertyValueSpecification\",\"valueRequired\":true,\"valueName\":\"search_term_string\"}}],\"inLanguage\":\"fr-FR\"},{\"@type\":\"Organization\",\"@id\":\"https:\/\/www.toutsurmesfinances.com\/argent\/#organization\",\"name\":\"Tout Sur Mes Finances\",\"url\":\"https:\/\/www.toutsurmesfinances.com\/argent\/\",\"logo\":{\"@type\":\"ImageObject\",\"inLanguage\":\"fr-FR\",\"@id\":\"https:\/\/www.toutsurmesfinances.com\/argent\/#\/schema\/logo\/image\/\",\"url\":\"https:\/\/www.toutsurmesfinances.com\/argent\/wp-content\/uploads\/sites\/3\/2021\/01\/favicon.png\",\"contentUrl\":\"https:\/\/www.toutsurmesfinances.com\/argent\/wp-content\/uploads\/sites\/3\/2021\/01\/favicon.png\",\"width\":512,\"height\":512,\"caption\":\"Tout Sur Mes Finances\"},\"image\":{\"@id\":\"https:\/\/www.toutsurmesfinances.com\/argent\/#\/schema\/logo\/image\/\"},\"sameAs\":[\"https:\/\/x.com\/Toutsur\"]},{\"@type\":\"Person\",\"@id\":\"https:\/\/www.toutsurmesfinances.com\/argent\/#\/schema\/person\/f3692b3163890cd1408bd0dc68a1b55a\",\"name\":\"Olivier Brunet\",\"image\":{\"@type\":\"ImageObject\",\"inLanguage\":\"fr-FR\",\"@id\":\"https:\/\/www.toutsurmesfinances.com\/argent\/#\/schema\/person\/image\/\",\"url\":\"https:\/\/secure.gravatar.com\/avatar\/59a19214b7bb3163a27d873fa61f9a80?s=96&d=mm&r=g\",\"contentUrl\":\"https:\/\/secure.gravatar.com\/avatar\/59a19214b7bb3163a27d873fa61f9a80?s=96&d=mm&r=g\",\"caption\":\"Olivier Brunet\"},\"description\":\"Olivier Brunet est cofondateur de\u00a0ToutSurMesFinances.com\u00a0et r\u00e9dacteur en chef sp\u00e9cialis\u00e9 en placements et fiscalit\u00e9\u00a0des particuliers. Pr\u00e9sent\u00a0au sein du\u00a0m\u00e9dia\u00a0depuis sa cr\u00e9ation, il en est l\u2019un des piliers \u00e9ditoriaux. Il analyse les strat\u00e9gies d\u2019investissement,\u00a0suit\u00a0les \u00e9volutions fiscales et les\u00a0probl\u00e9matiques\u00a0patrimoniales\u00a0avec une vision long terme, forg\u00e9e par des ann\u00e9es de pratique et de suivi des march\u00e9s.\u00a0\",\"sameAs\":[\"https:\/\/www.toutsurmesfinances.com\/author\/olivier\",\"https:\/\/www.linkedin.com\/in\/obrunet\/\"]}]}<\/script>\n<!-- \/ Yoast SEO plugin. -->","yoast_head_json":{"title":"Contrat engagement jeune 2025-2026 : conditions, montant, modalit\u00e9s","description":"Le contrat d\u2019engagement jeune (CEJ) est un dispositif d\u2019accompagnement intensif des jeunes \u00e2g\u00e9s de 16 \u00e0 moins de 26 ans pr\u00e9caires, ni \u00e9tudiants, ni en formation et \u00e9loign\u00e9s de l\u2019emploi, destin\u00e9 \u00e0 les aider \u00e0 trouver un travail ou une formation.","robots":{"index":"index","follow":"follow","max-snippet":"max-snippet:-1","max-image-preview":"max-image-preview:large","max-video-preview":"max-video-preview:-1"},"canonical":"https:\/\/www.toutsurmesfinances.com\/argent\/a\/contrat-dengagement-jeune-cej","og_locale":"fr_FR","og_type":"article","og_title":"Contrat engagement jeune 2025-2026 : conditions, montant, modalit\u00e9s","og_description":"Le contrat d\u2019engagement jeune (CEJ) est un dispositif d\u2019accompagnement intensif des jeunes \u00e2g\u00e9s de 16 \u00e0 moins de 26 ans pr\u00e9caires, ni \u00e9tudiants, ni en formation et \u00e9loign\u00e9s de l\u2019emploi, destin\u00e9 \u00e0 les aider \u00e0 trouver un travail ou une formation.","og_url":"https:\/\/www.toutsurmesfinances.com\/argent\/a\/contrat-dengagement-jeune-cej","og_site_name":"Argent","article_published_time":"2022-09-28T10:54:20+00:00","article_modified_time":"2025-07-21T17:07:57+00:00","og_image":[{"width":600,"height":400,"url":"https:\/\/www.toutsurmesfinances.com\/argent\/wp-content\/uploads\/sites\/3\/2025\/04\/image-argent-aidesfinancieres.jpg","type":"image\/jpeg"}],"author":"Olivier Brunet","twitter_card":"summary_large_image","twitter_creator":"@Toutsur","twitter_site":"@Toutsur","twitter_misc":{"\u00c9crit par":"Olivier Brunet","Dur\u00e9e de lecture estim\u00e9e":"18 minutes"},"schema":{"@context":"https:\/\/schema.org","@graph":[{"@type":"Article","@id":"https:\/\/www.toutsurmesfinances.com\/argent\/a\/contrat-dengagement-jeune-cej#article","isPartOf":{"@id":"https:\/\/www.toutsurmesfinances.com\/argent\/a\/contrat-dengagement-jeune-cej"},"author":{"name":"Olivier Brunet","@id":"https:\/\/www.toutsurmesfinances.com\/argent\/#\/schema\/person\/f3692b3163890cd1408bd0dc68a1b55a"},"headline":"Contrat d\u2019engagement jeune (CEJ) 2025-2026 aupr\u00e8s de France Travail ou de la mission locale : conditions, allocation, application","dateModified":"2025-07-21T17:07:57+00:00","mainEntityOfPage":{"@id":"https:\/\/www.toutsurmesfinances.com\/argent\/a\/contrat-dengagement-jeune-cej"},"wordCount":3878,"publisher":{"@id":"https:\/\/www.toutsurmesfinances.com\/argent\/#organization"},"image":{"@id":"https:\/\/www.toutsurmesfinances.com\/argent\/a\/contrat-dengagement-jeune-cej#primaryimage"},"thumbnailUrl":"https:\/\/www.toutsurmesfinances.com\/argent\/wp-content\/uploads\/sites\/3\/2025\/04\/image-argent-aidesfinancieres.jpg","articleSection":["Aides financi\u00e8res"],"inLanguage":"fr-FR"},{"@type":"WebPage","@id":"https:\/\/www.toutsurmesfinances.com\/argent\/a\/contrat-dengagement-jeune-cej","url":"https:\/\/www.toutsurmesfinances.com\/argent\/a\/contrat-dengagement-jeune-cej","name":"Contrat engagement jeune 2025-2026 : conditions, montant, modalit\u00e9s","isPartOf":{"@id":"https:\/\/www.toutsurmesfinances.com\/argent\/#website"},"primaryImageOfPage":{"@id":"https:\/\/www.toutsurmesfinances.com\/argent\/a\/contrat-dengagement-jeune-cej#primaryimage"},"image":{"@id":"https:\/\/www.toutsurmesfinances.com\/argent\/a\/contrat-dengagement-jeune-cej#primaryimage"},"thumbnailUrl":"https:\/\/www.toutsurmesfinances.com\/argent\/wp-content\/uploads\/sites\/3\/2025\/04\/image-argent-aidesfinancieres.jpg","dateModified":"2025-07-21T17:07:57+00:00","description":"Le contrat d\u2019engagement jeune (CEJ) est un dispositif d\u2019accompagnement intensif des jeunes \u00e2g\u00e9s de 16 \u00e0 moins de 26 ans pr\u00e9caires, ni \u00e9tudiants, ni en formation et \u00e9loign\u00e9s de l\u2019emploi, destin\u00e9 \u00e0 les aider \u00e0 trouver un travail ou une formation.","breadcrumb":{"@id":"https:\/\/www.toutsurmesfinances.com\/argent\/a\/contrat-dengagement-jeune-cej#breadcrumb"},"inLanguage":"fr-FR","potentialAction":[{"@type":"ReadAction","target":["https:\/\/www.toutsurmesfinances.com\/argent\/a\/contrat-dengagement-jeune-cej"]}]},{"@type":"ImageObject","inLanguage":"fr-FR","@id":"https:\/\/www.toutsurmesfinances.com\/argent\/a\/contrat-dengagement-jeune-cej#primaryimage","url":"https:\/\/www.toutsurmesfinances.com\/argent\/wp-content\/uploads\/sites\/3\/2025\/04\/image-argent-aidesfinancieres.jpg","contentUrl":"https:\/\/www.toutsurmesfinances.com\/argent\/wp-content\/uploads\/sites\/3\/2025\/04\/image-argent-aidesfinancieres.jpg","width":600,"height":400},{"@type":"BreadcrumbList","@id":"https:\/\/www.toutsurmesfinances.com\/argent\/a\/contrat-dengagement-jeune-cej#breadcrumb","itemListElement":[{"@type":"ListItem","position":1,"name":"Accueil","item":"https:\/\/www.toutsurmesfinances.com\/argent\/"},{"@type":"ListItem","position":2,"name":"Aides financi\u00e8res","item":"https:\/\/www.toutsurmesfinances.com\/argent\/c\/aides-financieres"},{"@type":"ListItem","position":3,"name":"Contrat d\u2019engagement jeune (CEJ) 2025-2026 aupr\u00e8s de France Travail ou de la mission locale : conditions, allocation, application"}]},{"@type":"WebSite","@id":"https:\/\/www.toutsurmesfinances.com\/argent\/#website","url":"https:\/\/www.toutsurmesfinances.com\/argent\/","name":"Argent","description":"","publisher":{"@id":"https:\/\/www.toutsurmesfinances.com\/argent\/#organization"},"potentialAction":[{"@type":"SearchAction","target":{"@type":"EntryPoint","urlTemplate":"https:\/\/www.toutsurmesfinances.com\/argent\/?s={search_term_string}"},"query-input":{"@type":"PropertyValueSpecification","valueRequired":true,"valueName":"search_term_string"}}],"inLanguage":"fr-FR"},{"@type":"Organization","@id":"https:\/\/www.toutsurmesfinances.com\/argent\/#organization","name":"Tout Sur Mes Finances","url":"https:\/\/www.toutsurmesfinances.com\/argent\/","logo":{"@type":"ImageObject","inLanguage":"fr-FR","@id":"https:\/\/www.toutsurmesfinances.com\/argent\/#\/schema\/logo\/image\/","url":"https:\/\/www.toutsurmesfinances.com\/argent\/wp-content\/uploads\/sites\/3\/2021\/01\/favicon.png","contentUrl":"https:\/\/www.toutsurmesfinances.com\/argent\/wp-content\/uploads\/sites\/3\/2021\/01\/favicon.png","width":512,"height":512,"caption":"Tout Sur Mes Finances"},"image":{"@id":"https:\/\/www.toutsurmesfinances.com\/argent\/#\/schema\/logo\/image\/"},"sameAs":["https:\/\/x.com\/Toutsur"]},{"@type":"Person","@id":"https:\/\/www.toutsurmesfinances.com\/argent\/#\/schema\/person\/f3692b3163890cd1408bd0dc68a1b55a","name":"Olivier Brunet","image":{"@type":"ImageObject","inLanguage":"fr-FR","@id":"https:\/\/www.toutsurmesfinances.com\/argent\/#\/schema\/person\/image\/","url":"https:\/\/secure.gravatar.com\/avatar\/59a19214b7bb3163a27d873fa61f9a80?s=96&d=mm&r=g","contentUrl":"https:\/\/secure.gravatar.com\/avatar\/59a19214b7bb3163a27d873fa61f9a80?s=96&d=mm&r=g","caption":"Olivier Brunet"},"description":"Olivier Brunet est cofondateur de\u00a0ToutSurMesFinances.com\u00a0et r\u00e9dacteur en chef sp\u00e9cialis\u00e9 en placements et fiscalit\u00e9\u00a0des particuliers. Pr\u00e9sent\u00a0au sein du\u00a0m\u00e9dia\u00a0depuis sa cr\u00e9ation, il en est l\u2019un des piliers \u00e9ditoriaux. Il analyse les strat\u00e9gies d\u2019investissement,\u00a0suit\u00a0les \u00e9volutions fiscales et les\u00a0probl\u00e9matiques\u00a0patrimoniales\u00a0avec une vision long terme, forg\u00e9e par des ann\u00e9es de pratique et de suivi des march\u00e9s.\u00a0","sameAs":["https:\/\/www.toutsurmesfinances.com\/author\/olivier","https:\/\/www.linkedin.com\/in\/obrunet\/"]}]}},"_links":{"self":[{"href":"https:\/\/www.toutsurmesfinances.com\/argent\/wp-json\/wp\/v2\/posts\/10940","targetHints":{"allow":["GET"]}}],"collection":[{"href":"https:\/\/www.toutsurmesfinances.com\/argent\/wp-json\/wp\/v2\/posts"}],"about":[{"href":"https:\/\/www.toutsurmesfinances.com\/argent\/wp-json\/wp\/v2\/types\/post"}],"author":[{"embeddable":true,"href":"https:\/\/www.toutsurmesfinances.com\/argent\/wp-json\/wp\/v2\/users\/13709"}],"replies":[{"embeddable":true,"href":"https:\/\/www.toutsurmesfinances.com\/argent\/wp-json\/wp\/v2\/comments?post=10940"}],"version-history":[{"count":3,"href":"https:\/\/www.toutsurmesfinances.com\/argent\/wp-json\/wp\/v2\/posts\/10940\/revisions"}],"predecessor-version":[{"id":22547,"href":"https:\/\/www.toutsurmesfinances.com\/argent\/wp-json\/wp\/v2\/posts\/10940\/revisions\/22547"}],"wp:featuredmedia":[{"embeddable":true,"href":"https:\/\/www.toutsurmesfinances.com\/argent\/wp-json\/wp\/v2\/media\/22473"}],"wp:attachment":[{"href":"https:\/\/www.toutsurmesfinances.com\/argent\/wp-json\/wp\/v2\/media?parent=10940"}],"wp:term":[{"taxonomy":"category","embeddable":true,"href":"https:\/\/www.toutsurmesfinances.com\/argent\/wp-json\/wp\/v2\/categories?post=10940"},{"taxonomy":"post_tag","embeddable":true,"href":"https:\/\/www.toutsurmesfinances.com\/argent\/wp-json\/wp\/v2\/tags?post=10940"}],"curies":[{"name":"wp","href":"https:\/\/api.w.org\/{rel}","templated":true}]}}