{"id":13530,"date":"2024-06-20T14:13:17","date_gmt":"2024-06-20T12:13:17","guid":{"rendered":"https:\/\/www.toutsurmesfinances.com\/argent\/?p=13530"},"modified":"2025-09-04T17:55:49","modified_gmt":"2025-09-04T15:55:49","slug":"legislatives-anticipees-2024-pouvoir-d-achat-les-programme-des-principales-listes","status":"publish","type":"post","link":"https:\/\/www.toutsurmesfinances.com\/argent\/a\/legislatives-anticipees-2024-pouvoir-d-achat-les-programme-des-principales-listes","title":{"rendered":"L\u00e9gislatives anticip\u00e9es 2024 pouvoir d&rsquo;achat : les programme des principales listes"},"content":{"rendered":"<h2><span class=\"ez-toc-section\" id=\"Salaires_du_prive_entre_hausse_du_Smic_et_baisse_des_cotisations_patronales\"><\/span>Salaires du priv\u00e9 : entre hausse du Smic et baisse des cotisations patronales<span class=\"ez-toc-section-end\"><\/span><\/h2>\n<p>Sur la question des salaires du secteur priv\u00e9, les propositions mises en avant par les diff\u00e9rents partis pour am\u00e9liorer les r\u00e9mun\u00e9rations varient de mani\u00e8re tr\u00e8s diff\u00e9rente.<\/p>\n<p>Sans conteste, le <strong>Nouveau Front populaire (NFP, qui rassemble notamment LFI, EELV, le PCF, le PS ou encore Place publique)<\/strong> est celui qui avance les promesses les plus g\u00e9n\u00e9reuses.\u00a0La principale mesure\u00a0: un <strong>rel\u00e8vement du salaire minimum interprofessionnel de croissance (<a href=\"https:\/\/www.toutsurmesfinances.com\/argent\/a\/smic-brut-net-montants-taux-et-revalorisation\">Smic<\/a>)<\/strong> \u00e0 1.600 euros net par mois (contre 1.398,69 euros au 1<sup>er<\/sup> janvier 2024). C\u2019est 100 euros de plus que ce proposait la Nupes dans son programme en vue de la pr\u00e9sidentielle de 2022.<\/p>\n<p><em>\u00ab Je crois que la grande majorit\u00e9 des chefs d&rsquo;entreprise de ce pays ont tout int\u00e9r\u00eat \u00e0 ce que les salaires augmentent \u00bb<\/em>, a lanc\u00e9 \u00c9ric Coquerel (LFI) lors de son grand oral devant les organisations patronales, le 20 juin 2024.<\/p>\n<p>L\u2019alliance des partis de gauche s\u2019engage aussi \u00e0<strong> indexer les salaires et les <a href=\"https:\/\/www.toutsurmesfinances.com\/retraite\/c\/pension-de-retraite\">pensions de retraite<\/a> sur l\u2019inflation<\/strong>. \u00ab<em> La question de l&rsquo;indexation des salaires se pose quand il y a de l&rsquo;inflation. Donc cette mesure est de bon sens quand l&rsquo;inflation rebondit \u00bb<\/em>, a expliqu\u00e9 \u00c9ric Coquerel devant les patrons. Citant l\u2019institution France Strat\u00e9gie, selon laquelle il y a eu, en 2019, <em>\u00ab 223 milliards d&rsquo;euros d&rsquo;aide ou d&rsquo;exon\u00e9ration aux entreprises quasiment sans conditions \u00bb<\/em>, il a propos\u00e9 de <em>\u00ab les r\u00e9orienter diff\u00e9remment \u00bb<\/em>. Comment ? : <em>\u00ab Nous prioriserons, dans les aides de l&rsquo;\u00c9tat, les entreprises qui cr\u00e9ent de l&#8217;emploi, qui augmentent les salaires, sous la forme d&rsquo;un fonds, d&rsquo;un cr\u00e9dit \u00e0 taux nul \u00bb<\/em>, a d\u00e9taill\u00e9 le d\u00e9put\u00e9 LFI.<\/p>\n<p>Le NFP souhaite aussi <em><strong>\u00ab\u00a0augmenter les <a href=\"https:\/\/www.toutsurmesfinances.com\/argent\/a\/gratification-de-stage-2017-conditions-montant-imposition\">indemnit\u00e9s des stagiaires<\/a>, le <a href=\"https:\/\/www.toutsurmesfinances.com\/argent\/a\/grille-de-salaire-en-apprentissage-contrat-pro-alternance\">salaire des apprentis et des alternants<\/a>\u00a0\u00bb<\/strong><\/em>, comme il est \u00e9crit dans son programme.<\/p>\n<p>De son c\u00f4t\u00e9, le <a href=\"https:\/\/www.toutsurmesfinances.com\/argent\/a\/programme-du-rn-pour-les-legislatives-2024-pouvoir-d-achat-impots-retraite-immobilier-quelles-mesures\">programme du Rassemblement national<\/a> (soutenu dans le cadre de ce scrutin, par une frange des R\u00e9publicains emmen\u00e9e par Eric Ciotti) pr\u00e9voit une <strong>hausse des salaires pour le biais de la baisse des cotisations patronales<\/strong>. Comme lors de la derni\u00e8re \u00e9lection pr\u00e9sidentielle de 2022, la formation emmen\u00e9e cette fois par Jordan Bardella propose que, pour toute hausse de salaire de 10% accord\u00e9e aux salari\u00e9s gagnant jusqu&rsquo;\u00e0 trois fois le Smic (soit environ 4.200 euros net en 2024), les chefs d\u2019entreprise soient exon\u00e9r\u00e9es de mani\u00e8re p\u00e9renne de cotisations patronales sur cette augmentation. Une promesse r\u00e9p\u00e9t\u00e9e le 20 juin 2024 face aux repr\u00e9sentants du patronat. Entretemps, le chef de file du RN avait n\u00e9anmoins \u00e9mis quelques r\u00e9serves sur la possibilit\u00e9 de la mise en place d\u2019une telle mesure dans un bref d\u00e9lai.<\/p>\n<p>La majorit\u00e9 pr\u00e9sentielle, qui pr\u00e9sente des candidats issus des partis Renaissance, Horizons, MoDem, UDI et Parti Radical sous la banni\u00e8re <strong>\u00ab\u00a0Ensemble pour la R\u00e9publique\u00a0\u00bb<\/strong>, promet, avec pour ligne directrice \u00a0le slogan de Gabriel Attal \u00ab Gagner plus et d\u00e9penser moins \u00bb, une <strong>augmentation des salaires net en transf\u00e9rant les cotisations sociales des salari\u00e9s vers la taxe sur la valeur ajout\u00e9e (<a href=\"https:\/\/www.toutsurmesfinances.com\/impots\/c\/tva\">TVA<\/a>)<\/strong>. Le premier ministre a, par ailleurs, souffl\u00e9 l\u2019id\u00e9e de <strong>porter le plafond de la <a href=\"https:\/\/www.toutsurmesfinances.com\/argent\/a\/prime-defiscalisee-conditions-et-versement-de-la-prime-exceptionnelle-de-fin-d-annee\">prime de partage de la valeur<\/a> (PPV, commun\u00e9ment appel\u00e9e \u00ab\u00a0prime Macron\u00a0\u00bb) \u00e0 10.000 euros<\/strong>, avec une possible mensualisation de son versement. Jusqu\u2019\u00e0 pr\u00e9sent, les entreprises qui le souhaitent peuvent verser cette prime &#8211; exon\u00e9r\u00e9e d&rsquo;<a href=\"https:\/\/www.toutsurmesfinances.com\/impots\/\">imp\u00f4ts<\/a> et de <a href=\"https:\/\/www.toutsurmesfinances.com\/impots\/c\/prelevements-sociaux\">pr\u00e9l\u00e8vements sociaux<\/a> &#8211; dans la limite de 3.000 euros (un montant pouvant atteindre 6.000 euros dans certains cas).<\/p>\n<p>Quant aux <strong>R\u00e9publicains \u00ab\u00a0canal historique\u00a0\u00bb (ni RN, ni majorit\u00e9 pr\u00e9sidentielle)<\/strong>, ils plaident pour une <strong>r\u00e9duction des cotisations sociales pour les salari\u00e9s touchant moins de trois Smic<\/strong>. Ce qui, selon eux, permettrait aux employeurs d&rsquo;augmenter le salaire net.<\/p>\n<h2><span class=\"ez-toc-section\" id=\"Les_fonctionnaires_le_NFP_prone_une_revalorisation_de_10_des_traitements\"><\/span>Les fonctionnaires : le NFP pr\u00f4ne une revalorisation de 10% des traitements<span class=\"ez-toc-section-end\"><\/span><\/h2>\n<p>Le <a href=\"https:\/\/www.toutsurmesfinances.com\/argent\/a\/programme-nfp-legislatives\">programme du <strong>Nouveau Front populaire <\/strong><\/a>entend \u00e9galement <strong>revaloriser de 10% la valeur du point d\u2019indice<\/strong>, qui sert de base au calcul du traitement brut des quelque quatre millions de fonctionnaires, militaires et magistrats. Cette proposition avait d\u00e9j\u00e0 \u00e9t\u00e9 avanc\u00e9e par la Nupes lors de la campagne l\u00e9gislative de 2022.<\/p>\n<p>Pour rappel, les r\u00e9mun\u00e9rations dans la fonction publique ont b\u00e9n\u00e9fici\u00e9 de la part du gouvernement actuel d\u2019une revalorisation g\u00e9n\u00e9rale de 3,5% en 2022 et de 1,5% en 2023 (hors revalorisations cat\u00e9gorielles dont ont, par exemple, b\u00e9n\u00e9fici\u00e9 les enseignants \u00e0 compter de septembre 2023). Des hausses bien inf\u00e9rieures \u00e0 l\u2019inflation, qui s\u2019est affich\u00e9e respectivement \u00e0 + 5,2% et + 4,9%.<\/p>\n<p>Le <a href=\"https:\/\/www.toutsurmesfinances.com\/argent\/a\/programme-ensemble-elections-legislatives\">programme de la majorit\u00e9 pr\u00e9sidentielle Ensemble<\/a> \u00e9voque une poursuite de la revalorisation des fonctionnaires, sans plus de pr\u00e9cision.<\/p>\n<h2><span class=\"ez-toc-section\" id=\"Energie_carburants_alimentation%E2%80%A6_Entre_blocage_et_baisse_des_prix\"><\/span>\u00c9nergie, carburants, alimentation\u2026 Entre blocage et baisse des prix<span class=\"ez-toc-section-end\"><\/span><\/h2>\n<p>Les promesses d\u2019am\u00e9lioration du pouvoir d\u2019achat sont mises en avant dans les programmes des principales formations en lice pour les l\u00e9gislatives anticip\u00e9es de 2024.<\/p>\n<p>La gauche unie dans le <strong>NFP<\/strong> s\u2019engage \u00e0 \u00ab\u00a0<strong>bloquer les prix des biens de premi\u00e8re n\u00e9cessit\u00e9 dans l\u2019alimentation, l\u2019\u00e9nergie et les carburants<\/strong> par d\u00e9cret, et renforcer le bouclier qualit\u00e9-prix pour les Outre-mer\u00a0\u00bb. Sur plan des d\u00e9penses \u00e9nerg\u00e9tiques des m\u00e9nages, l\u2019alliance entend ainsi\u00a0:<\/p>\n<ul>\n<li>abolir la \u00ab\u00a0taxe Macron\u00a0\u00bb de 10% sur les factures d\u2019\u00e9nergie<\/li>\n<li>annuler la hausse programm\u00e9e du prix du gaz au 1<sup>er<\/sup> juillet 2024<\/li>\n<li>faire la gratuit\u00e9 des premiers kilowatts\/heure (KwH) d&rsquo;<a href=\"https:\/\/www.toutsurmesfinances.com\/argent\/a\/tarifs-edf-prix-de-l-electricite-au-tarif-bleu\">\u00e9lectricit\u00e9<\/a><\/li>\n<li>abolir les coupures d\u2019\u00e9lectricit\u00e9, de chaleur et de gaz (hors tr\u00eave hivernale)<\/li>\n<\/ul>\n<p>Cette promesse de blocage des prix pourrait se heurter une annulation par la Conseil d\u2019\u00c9tat, dans la mesure o\u00f9 une telle d\u00e9cision rel\u00e8ve de circonstances exceptionnelles.<\/p>\n<p>\u00c0 l\u2019instar du NFP, le <strong>Rassemblement national<\/strong> veut \u00ab\u00a0arr\u00eater la hausse du prix du gaz\u00a0\u00bb annonc\u00e9e par le gouvernement et pr\u00e9vue le 1<sup>er<\/sup> juillet 2024. Comme l\u2019a expliqu\u00e9 le vice-pr\u00e9sident du RN S\u00e9bastien Chenu, le 11 juin 2024, sur CNews, cette \u00ab\u00a0mesure de pouvoir d\u2019achat\u00a0\u00bb vise \u00ab\u00a0\u00e0 redonner de l\u2019oxyg\u00e8ne aux Fran\u00e7ais, essor\u00e9s et asphyxi\u00e9s\u00a0\u00bb. De son c\u00f4t\u00e9, le pr\u00e9sident du parti Jordan Bardella a fait savoir qu\u2019en cas de victoire aux l\u00e9gislatives, il \u00ab\u00a0n\u00e9gocierai[t] une d\u00e9rogation au march\u00e9 europ\u00e9en de l&rsquo;\u00e9lectricit\u00e9 \u00bb qui impose \u00e0 la France des prix plus \u00e9lev\u00e9s.<\/p>\n<p>Mais alors que le NFP pr\u00f4ne le blocage des prix, le Rassemblement national r\u00e9clame toujours <strong>l\u2019abaissement de la TVA sur les prix des produits li\u00e9s \u00e0 l&rsquo;\u00e9nergie (carburants, fioul, gaz et \u00e9lectricit\u00e9) de 20% \u00e0 5,5%<\/strong>. \u00ab\u00a0Cela co\u00fbte 12 milliards d&rsquo;euros \u00bb, a chiffr\u00e9 Jordan Bardella devant les repr\u00e9sentants du patronat, le 20 juin 2024. Probl\u00e8me\u00a0: Bruxelles pourrait mettre son veto, faisant planer sur la France un risque de sanction pour distorsion de concurrence.<\/p>\n<p>Pour sa part, la <strong>majorit\u00e9 pr\u00e9sidentielle<\/strong> a fait savoir, par le biais de Gabriel Attal, qu\u2019elle s\u2019engagerait \u00e0 mettre en place une<strong> r\u00e9duction de 10% \u00e0 15% des factures d\u2019\u00e9lectricit\u00e9 des particuliers<\/strong>, mais pas avant f\u00e9vrier 2025. Cela repr\u00e9sentera, pour chaque Fran\u00e7ais, \u00ab\u00a0200 euros de moins\u00a0\u00bb sur leur facture, \u00ab\u00a0gr\u00e2ce \u00e0 la r\u00e9forme du march\u00e9 europ\u00e9en de l&rsquo;\u00e9lectricit\u00e9 que nous avons obtenue\u00a0\u00bb, a expliqu\u00e9 le premier ministre dans un entretien \u00e0 la presse r\u00e9gionale, le 15 juin 2024.<\/p>\n<p><strong>Les R\u00e9publicains<\/strong> (hors coalition avec le RN) n\u2019ont pas encore formellement annonc\u00e9 les mesures que le parti de droite propose pour r\u00e9duire le prix de l&rsquo;\u00e9lectricit\u00e9.<\/p>\n<h2><span class=\"ez-toc-section\" id=\"Aides_sociales_logement_complementaire_sante%E2%80%A6_quelles_propositions\"><\/span>Aides sociales, logement, compl\u00e9mentaire sant\u00e9\u2026 : quelles propositions ?<span class=\"ez-toc-section-end\"><\/span><\/h2>\n<p>Les partis en lice pour les \u00e9lections l\u00e9gislatives 2024 mettent aussi en avant d\u2019autres propositions en faveur du pouvoir d\u2019achat que celles \u00e9voqu\u00e9es ci-dessus.<\/p>\n<p>Sur le plan des <strong>aides sociales<\/strong>, le <strong>Nouveau Front populaire<\/strong> promet de <strong>\u00ab\u00a0porter l\u2019<a href=\"https:\/\/www.toutsurmesfinances.com\/argent\/a\/aah-conditions-et-plafonds-montant-versement-et-demarches\">allocation aux adultes handicap\u00e9s (AAH)<\/a> au niveau du Smic\u00a0\u00bb<\/strong>. Les R\u00e9publicains, eux, devraient \u00e0 nouveau plaider pour une r\u00e9forme constitutionnelle visant \u00e0 \u00ab\u00a0r\u00e9duire l&rsquo;attractivit\u00e9 du mod\u00e8le social fran\u00e7ais\u00a0\u00bb, en conditionnant la distribution des aides sociales non contributives (<a href=\"https:\/\/www.toutsurmesfinances.com\/argent\/a\/rsa-conditions-demande-montants-et-calendrier-de-versement\">RSA<\/a>, AAH, <a href=\"https:\/\/www.toutsurmesfinances.com\/argent\/a\/allocation-specifique-de-solidarite-conditions-plafonds-montants\">ASS<\/a>, allocations logement&#8230;) aux \u00e9trangers en situation r\u00e9guli\u00e8re \u00e0 \u00ab un d\u00e9lai de s\u00e9jour r\u00e9gulier \u00bb. Dans le m\u00eame ordre d\u2019id\u00e9e, le Rassemblement national entend \u00ab r\u00e9server les aides sociales aux Fran\u00e7ais \u00bb et \u00ab conditionner \u00e0 cinq ann\u00e9es de travail en France l\u2019acc\u00e8s aux prestations de solidarit\u00e9 \u00bb.<\/p>\n<p>Par ailleurs, comme indiqu\u00e9 dans son catalogue de mesures, le NFP propose de <strong>plafonner les frais bancaires<\/strong> et souhaite cr\u00e9er \u00ab une garantie d\u2019autonomie qui compl\u00e8te les revenus des m\u00e9nages situ\u00e9s sous le seuil de pauvret\u00e9 (accessible d\u00e8s 18 ans pour les personnes ind\u00e9pendantes fiscalement et d\u00e8s 16 ans pour les \u00e9l\u00e8ves de l\u2019enseignement professionnel) \u00bb.<\/p>\n<p>En mati\u00e8re de <strong>logement<\/strong>, le NPF veut notamment revaloriser les <a href=\"https:\/\/www.toutsurmesfinances.com\/immobilier\/calcul-simulation-criteres-ce-qu-il-faut-savoir-sur-les-apl.html\">aides personnalis\u00e9es au logement (APL)<\/a> de l\u2019ordre de 10%.<\/p>\n<p>Des mesures de pouvoir d\u2019achat li\u00e9es \u00e0 la <strong>sant\u00e9<\/strong> figurent \u00e9galement au programme de certaines formations politiques. En cas de victoire du <strong>camp pr\u00e9sidentiel<\/strong> aux l\u00e9gislatives 2024, le premier ministre Gabriel Attal d\u00e9fend l\u2019id\u00e9e &#8211; pour l\u2019heure assez vague &#8211; de la cr\u00e9ation d\u2019une \u00ab\u00a0compl\u00e9mentaire sant\u00e9 publique\u00a0\u00bb \u00e0 1 euro par jour en faveur de ceux qui ne sont pas couverts par une mutuelle. Pour rappel, un tel dispositif existe d\u00e9j\u00e0, la <a href=\"https:\/\/www.toutsurmesfinances.com\/assurance\/complementaire-sante-solidaire-la-mutuelle-a-1-euro-par-jour.html\">compl\u00e9mentaire sant\u00e9 solidaire (CSS)<\/a>.<\/p>\n<p>De son c\u00f4t\u00e9, le pr\u00e9sident du <strong>RN<\/strong> Jordan Badella a fait savoir, le 14 juin 2024 sur BFM TV, qu\u2019il supprimerait l&rsquo;aide m\u00e9dicale d&rsquo;\u00c9tat (AME), qui permet de prendre en charge des immigr\u00e9s sans papier malades. Il envisage de la remplacer par une aide d&rsquo;urgence, dont il n\u2019a pas pour l\u2019heure pr\u00e9cis\u00e9 les contours.<\/p>\n<p>Face au co\u00fbt \u00e9lev\u00e9 des <strong>fournitures scolaires<\/strong>, le premier ministre Gabriel Attal a ajout\u00e9 dans le programme du groupe <strong>\u00ab Ensemble pour la R\u00e9publique \u00bb<\/strong> une mesure visant \u00e0 favoriser les \u00ab\u00a0achats group\u00e9s\u00a0\u00bb pour en faire baisser le prix de 15%. D\u2019apr\u00e8s le chef du gouvernement, les supermarch\u00e9s pourront proposer des \u00ab packs \u00bb de fournitures dont les tarifs baiss\u00e9s seront issus de n\u00e9gociations entre l&rsquo;\u00c9tat et des fournisseurs.<\/p>\n<p><strong>Lire aussi :<\/strong><\/p>\n<ul>\n<li><a href=\"https:\/\/www.toutsurmesfinances.com\/vie-pratique\/a\/elections-legislatives-dates-candidats-resultats-sondages\">\u00c9lections l\u00e9gislatives anticip\u00e9es 2024 : dates, candidats, r\u00e9sultats, sondages<\/a><\/li>\n<li><a href=\"https:\/\/www.toutsurmesfinances.com\/vie-pratique\/a\/vote-par-procuration-definition-demarches-resiliation\">Vote par procuration : d\u00e9marches, date limite, r\u00e9siliation<\/a><\/li>\n<li><a href=\"https:\/\/www.toutsurmesfinances.com\/argent\/a\/programme-nfp-legislatives\">Le programme du Nouveau Front Populaire en faveur du budget des Fran\u00e7ais<\/a><\/li>\n<li><a href=\"https:\/\/www.toutsurmesfinances.com\/argent\/a\/programme-du-rn-pour-les-legislatives-2024-pouvoir-d-achat-impots-retraite-immobilier-quelles-mesures#Legislatives_2024_le_RN_entre_defense_du_pouvoir_d%E2%80%99achat_et_pragmatisme\">Le programme du RN en mati\u00e8re de pouvoir d&rsquo;achat<\/a><\/li>\n<li><a href=\"https:\/\/www.toutsurmesfinances.com\/argent\/a\/programme-ensemble-elections-legislatives\">Les mesures d&rsquo;Ensemble en faveur du pouvoir d&rsquo;achat<\/a><\/li>\n<\/ul>\n","protected":false},"excerpt":{"rendered":"<p>Le pouvoir d\u2019achat figure parmi les principaux sujets d\u2019inqui\u00e9tudes des Fran\u00e7ais. Salaires, co\u00fbts de l\u2019\u00e9nergie, lutte contre l\u2019inflation, compl\u00e9mentaire sant\u00e9\u2026 Tour d\u2019horizon des mesures d\u00e9fendues, avec plus ou moins de pr\u00e9cisions, par les principaux partis dans le cadre des \u00e9lections l\u00e9gislatives anticip\u00e9es des 30 juin et 7 juillet 2024.<\/p>\n","protected":false},"author":13719,"featured_media":22475,"comment_status":"closed","ping_status":"closed","sticky":false,"template":"","format":"standard","meta":{"footnotes":""},"categories":[30,1],"tags":[],"class_list":["post-13530","post","type-post","status-publish","format-standard","has-post-thumbnail","hentry","category-budget","category-non-classe"],"acf":[],"yoast_head":"<!-- This site is optimized with the Yoast SEO plugin v24.9 - https:\/\/yoast.com\/wordpress\/plugins\/seo\/ -->\n<title>\u00c9lections l\u00e9gislatives anticip\u00e9es 2024 : programmes pouvoir d\u2019achat<\/title>\n<meta name=\"description\" content=\"Salaires, \u00e9nergie, sant\u00e9, logement\u2026 Tour d\u2019horizon des mesures d\u00e9fendues, par les principaux partis dans le cadre des l\u00e9gislatives anticip\u00e9es 2024.\" \/>\n<meta name=\"robots\" content=\"index, follow, max-snippet:-1, max-image-preview:large, max-video-preview:-1\" \/>\n<link rel=\"canonical\" href=\"https:\/\/www.toutsurmesfinances.com\/argent\/a\/legislatives-anticipees-2024-pouvoir-d-achat-les-programme-des-principales-listes\" \/>\n<meta property=\"og:locale\" content=\"fr_FR\" \/>\n<meta property=\"og:type\" content=\"article\" \/>\n<meta property=\"og:title\" content=\"\u00c9lections l\u00e9gislatives anticip\u00e9es 2024 : programmes pouvoir d\u2019achat\" \/>\n<meta property=\"og:description\" content=\"Salaires, \u00e9nergie, sant\u00e9, logement\u2026 Tour d\u2019horizon des mesures d\u00e9fendues, par les principaux partis dans le cadre des l\u00e9gislatives anticip\u00e9es 2024.\" \/>\n<meta property=\"og:url\" content=\"https:\/\/www.toutsurmesfinances.com\/argent\/a\/legislatives-anticipees-2024-pouvoir-d-achat-les-programme-des-principales-listes\" \/>\n<meta property=\"og:site_name\" content=\"Argent\" \/>\n<meta property=\"article:published_time\" content=\"2024-06-20T12:13:17+00:00\" \/>\n<meta property=\"article:modified_time\" content=\"2025-09-04T15:55:49+00:00\" \/>\n<meta property=\"og:image\" content=\"https:\/\/www.toutsurmesfinances.com\/argent\/wp-content\/uploads\/sites\/3\/2025\/04\/image-argent-budget.jpg\" \/>\n\t<meta property=\"og:image:width\" content=\"600\" \/>\n\t<meta property=\"og:image:height\" content=\"400\" \/>\n\t<meta property=\"og:image:type\" content=\"image\/jpeg\" \/>\n<meta name=\"author\" content=\"Loic Farge\" \/>\n<meta name=\"twitter:card\" content=\"summary_large_image\" \/>\n<meta name=\"twitter:creator\" content=\"@Toutsur\" \/>\n<meta name=\"twitter:site\" content=\"@Toutsur\" \/>\n<meta name=\"twitter:label1\" content=\"\u00c9crit par\" \/>\n\t<meta name=\"twitter:data1\" content=\"Loic Farge\" \/>\n\t<meta name=\"twitter:label2\" content=\"Dur\u00e9e de lecture estim\u00e9e\" \/>\n\t<meta name=\"twitter:data2\" content=\"9 minutes\" \/>\n<script type=\"application\/ld+json\" class=\"yoast-schema-graph\">{\"@context\":\"https:\/\/schema.org\",\"@graph\":[{\"@type\":\"Article\",\"@id\":\"https:\/\/www.toutsurmesfinances.com\/argent\/a\/legislatives-anticipees-2024-pouvoir-d-achat-les-programme-des-principales-listes#article\",\"isPartOf\":{\"@id\":\"https:\/\/www.toutsurmesfinances.com\/argent\/a\/legislatives-anticipees-2024-pouvoir-d-achat-les-programme-des-principales-listes\"},\"author\":{\"name\":\"Loic Farge\",\"@id\":\"https:\/\/www.toutsurmesfinances.com\/argent\/#\/schema\/person\/441d2f49b49f36caada20af210ea82db\"},\"headline\":\"L\u00e9gislatives anticip\u00e9es 2024 pouvoir d&rsquo;achat : les programme des principales listes\",\"dateModified\":\"2025-09-04T15:55:49+00:00\",\"mainEntityOfPage\":{\"@id\":\"https:\/\/www.toutsurmesfinances.com\/argent\/a\/legislatives-anticipees-2024-pouvoir-d-achat-les-programme-des-principales-listes\"},\"wordCount\":1765,\"publisher\":{\"@id\":\"https:\/\/www.toutsurmesfinances.com\/argent\/#organization\"},\"image\":{\"@id\":\"https:\/\/www.toutsurmesfinances.com\/argent\/a\/legislatives-anticipees-2024-pouvoir-d-achat-les-programme-des-principales-listes#primaryimage\"},\"thumbnailUrl\":\"https:\/\/www.toutsurmesfinances.com\/argent\/wp-content\/uploads\/sites\/3\/2025\/04\/image-argent-budget.jpg\",\"articleSection\":[\"Budget\"],\"inLanguage\":\"fr-FR\"},{\"@type\":\"WebPage\",\"@id\":\"https:\/\/www.toutsurmesfinances.com\/argent\/a\/legislatives-anticipees-2024-pouvoir-d-achat-les-programme-des-principales-listes\",\"url\":\"https:\/\/www.toutsurmesfinances.com\/argent\/a\/legislatives-anticipees-2024-pouvoir-d-achat-les-programme-des-principales-listes\",\"name\":\"\u00c9lections l\u00e9gislatives anticip\u00e9es 2024 : programmes pouvoir d\u2019achat\",\"isPartOf\":{\"@id\":\"https:\/\/www.toutsurmesfinances.com\/argent\/#website\"},\"primaryImageOfPage\":{\"@id\":\"https:\/\/www.toutsurmesfinances.com\/argent\/a\/legislatives-anticipees-2024-pouvoir-d-achat-les-programme-des-principales-listes#primaryimage\"},\"image\":{\"@id\":\"https:\/\/www.toutsurmesfinances.com\/argent\/a\/legislatives-anticipees-2024-pouvoir-d-achat-les-programme-des-principales-listes#primaryimage\"},\"thumbnailUrl\":\"https:\/\/www.toutsurmesfinances.com\/argent\/wp-content\/uploads\/sites\/3\/2025\/04\/image-argent-budget.jpg\",\"dateModified\":\"2025-09-04T15:55:49+00:00\",\"description\":\"Salaires, \u00e9nergie, sant\u00e9, logement\u2026 Tour d\u2019horizon des mesures d\u00e9fendues, par les principaux partis dans le cadre des l\u00e9gislatives anticip\u00e9es 2024.\",\"breadcrumb\":{\"@id\":\"https:\/\/www.toutsurmesfinances.com\/argent\/a\/legislatives-anticipees-2024-pouvoir-d-achat-les-programme-des-principales-listes#breadcrumb\"},\"inLanguage\":\"fr-FR\",\"potentialAction\":[{\"@type\":\"ReadAction\",\"target\":[\"https:\/\/www.toutsurmesfinances.com\/argent\/a\/legislatives-anticipees-2024-pouvoir-d-achat-les-programme-des-principales-listes\"]}]},{\"@type\":\"ImageObject\",\"inLanguage\":\"fr-FR\",\"@id\":\"https:\/\/www.toutsurmesfinances.com\/argent\/a\/legislatives-anticipees-2024-pouvoir-d-achat-les-programme-des-principales-listes#primaryimage\",\"url\":\"https:\/\/www.toutsurmesfinances.com\/argent\/wp-content\/uploads\/sites\/3\/2025\/04\/image-argent-budget.jpg\",\"contentUrl\":\"https:\/\/www.toutsurmesfinances.com\/argent\/wp-content\/uploads\/sites\/3\/2025\/04\/image-argent-budget.jpg\",\"width\":600,\"height\":400},{\"@type\":\"BreadcrumbList\",\"@id\":\"https:\/\/www.toutsurmesfinances.com\/argent\/a\/legislatives-anticipees-2024-pouvoir-d-achat-les-programme-des-principales-listes#breadcrumb\",\"itemListElement\":[{\"@type\":\"ListItem\",\"position\":1,\"name\":\"Accueil\",\"item\":\"https:\/\/www.toutsurmesfinances.com\/argent\/\"},{\"@type\":\"ListItem\",\"position\":2,\"name\":\"Budget\",\"item\":\"https:\/\/www.toutsurmesfinances.com\/argent\/c\/budget\"},{\"@type\":\"ListItem\",\"position\":3,\"name\":\"L\u00e9gislatives anticip\u00e9es 2024 pouvoir d&rsquo;achat : les programme des principales listes\"}]},{\"@type\":\"WebSite\",\"@id\":\"https:\/\/www.toutsurmesfinances.com\/argent\/#website\",\"url\":\"https:\/\/www.toutsurmesfinances.com\/argent\/\",\"name\":\"Argent\",\"description\":\"\",\"publisher\":{\"@id\":\"https:\/\/www.toutsurmesfinances.com\/argent\/#organization\"},\"potentialAction\":[{\"@type\":\"SearchAction\",\"target\":{\"@type\":\"EntryPoint\",\"urlTemplate\":\"https:\/\/www.toutsurmesfinances.com\/argent\/?s={search_term_string}\"},\"query-input\":{\"@type\":\"PropertyValueSpecification\",\"valueRequired\":true,\"valueName\":\"search_term_string\"}}],\"inLanguage\":\"fr-FR\"},{\"@type\":\"Organization\",\"@id\":\"https:\/\/www.toutsurmesfinances.com\/argent\/#organization\",\"name\":\"Tout Sur Mes Finances\",\"url\":\"https:\/\/www.toutsurmesfinances.com\/argent\/\",\"logo\":{\"@type\":\"ImageObject\",\"inLanguage\":\"fr-FR\",\"@id\":\"https:\/\/www.toutsurmesfinances.com\/argent\/#\/schema\/logo\/image\/\",\"url\":\"https:\/\/www.toutsurmesfinances.com\/argent\/wp-content\/uploads\/sites\/3\/2021\/01\/favicon.png\",\"contentUrl\":\"https:\/\/www.toutsurmesfinances.com\/argent\/wp-content\/uploads\/sites\/3\/2021\/01\/favicon.png\",\"width\":512,\"height\":512,\"caption\":\"Tout Sur Mes Finances\"},\"image\":{\"@id\":\"https:\/\/www.toutsurmesfinances.com\/argent\/#\/schema\/logo\/image\/\"},\"sameAs\":[\"https:\/\/x.com\/Toutsur\"]},{\"@type\":\"Person\",\"@id\":\"https:\/\/www.toutsurmesfinances.com\/argent\/#\/schema\/person\/441d2f49b49f36caada20af210ea82db\",\"name\":\"Loic Farge\",\"image\":{\"@type\":\"ImageObject\",\"inLanguage\":\"fr-FR\",\"@id\":\"https:\/\/www.toutsurmesfinances.com\/argent\/#\/schema\/person\/image\/\",\"url\":\"https:\/\/secure.gravatar.com\/avatar\/d6ba1a4c295f842490f4602774c31c1d?s=96&d=mm&r=g\",\"contentUrl\":\"https:\/\/secure.gravatar.com\/avatar\/d6ba1a4c295f842490f4602774c31c1d?s=96&d=mm&r=g\",\"caption\":\"Loic Farge\"},\"description\":\"Lo\u00efc Farge est journaliste sp\u00e9cialis\u00e9 en immobilier. Il travaille chez\u00a0ToutSurMesFinances.com\u00a0depuis pr\u00e8s de 10 ans. Il couvre l\u2019ensemble des th\u00e9matiques li\u00e9es \u00e0 l\u2019immobilier : march\u00e9, financement, r\u00e9glementation, fiscalit\u00e9 et investissement locatif.\",\"sameAs\":[\"https:\/\/www.toutsurmesfinances.com\/author\/loic\",\"https:\/\/www.linkedin.com\/in\/loc-farge-4b742725\/\"]}]}<\/script>\n<!-- \/ Yoast SEO plugin. -->","yoast_head_json":{"title":"\u00c9lections l\u00e9gislatives anticip\u00e9es 2024 : programmes pouvoir d\u2019achat","description":"Salaires, \u00e9nergie, sant\u00e9, logement\u2026 Tour d\u2019horizon des mesures d\u00e9fendues, par les principaux partis dans le cadre des l\u00e9gislatives anticip\u00e9es 2024.","robots":{"index":"index","follow":"follow","max-snippet":"max-snippet:-1","max-image-preview":"max-image-preview:large","max-video-preview":"max-video-preview:-1"},"canonical":"https:\/\/www.toutsurmesfinances.com\/argent\/a\/legislatives-anticipees-2024-pouvoir-d-achat-les-programme-des-principales-listes","og_locale":"fr_FR","og_type":"article","og_title":"\u00c9lections l\u00e9gislatives anticip\u00e9es 2024 : programmes pouvoir d\u2019achat","og_description":"Salaires, \u00e9nergie, sant\u00e9, logement\u2026 Tour d\u2019horizon des mesures d\u00e9fendues, par les principaux partis dans le cadre des l\u00e9gislatives anticip\u00e9es 2024.","og_url":"https:\/\/www.toutsurmesfinances.com\/argent\/a\/legislatives-anticipees-2024-pouvoir-d-achat-les-programme-des-principales-listes","og_site_name":"Argent","article_published_time":"2024-06-20T12:13:17+00:00","article_modified_time":"2025-09-04T15:55:49+00:00","og_image":[{"width":600,"height":400,"url":"https:\/\/www.toutsurmesfinances.com\/argent\/wp-content\/uploads\/sites\/3\/2025\/04\/image-argent-budget.jpg","type":"image\/jpeg"}],"author":"Loic Farge","twitter_card":"summary_large_image","twitter_creator":"@Toutsur","twitter_site":"@Toutsur","twitter_misc":{"\u00c9crit par":"Loic Farge","Dur\u00e9e de lecture estim\u00e9e":"9 minutes"},"schema":{"@context":"https:\/\/schema.org","@graph":[{"@type":"Article","@id":"https:\/\/www.toutsurmesfinances.com\/argent\/a\/legislatives-anticipees-2024-pouvoir-d-achat-les-programme-des-principales-listes#article","isPartOf":{"@id":"https:\/\/www.toutsurmesfinances.com\/argent\/a\/legislatives-anticipees-2024-pouvoir-d-achat-les-programme-des-principales-listes"},"author":{"name":"Loic Farge","@id":"https:\/\/www.toutsurmesfinances.com\/argent\/#\/schema\/person\/441d2f49b49f36caada20af210ea82db"},"headline":"L\u00e9gislatives anticip\u00e9es 2024 pouvoir d&rsquo;achat : les programme des principales listes","dateModified":"2025-09-04T15:55:49+00:00","mainEntityOfPage":{"@id":"https:\/\/www.toutsurmesfinances.com\/argent\/a\/legislatives-anticipees-2024-pouvoir-d-achat-les-programme-des-principales-listes"},"wordCount":1765,"publisher":{"@id":"https:\/\/www.toutsurmesfinances.com\/argent\/#organization"},"image":{"@id":"https:\/\/www.toutsurmesfinances.com\/argent\/a\/legislatives-anticipees-2024-pouvoir-d-achat-les-programme-des-principales-listes#primaryimage"},"thumbnailUrl":"https:\/\/www.toutsurmesfinances.com\/argent\/wp-content\/uploads\/sites\/3\/2025\/04\/image-argent-budget.jpg","articleSection":["Budget"],"inLanguage":"fr-FR"},{"@type":"WebPage","@id":"https:\/\/www.toutsurmesfinances.com\/argent\/a\/legislatives-anticipees-2024-pouvoir-d-achat-les-programme-des-principales-listes","url":"https:\/\/www.toutsurmesfinances.com\/argent\/a\/legislatives-anticipees-2024-pouvoir-d-achat-les-programme-des-principales-listes","name":"\u00c9lections l\u00e9gislatives anticip\u00e9es 2024 : programmes pouvoir d\u2019achat","isPartOf":{"@id":"https:\/\/www.toutsurmesfinances.com\/argent\/#website"},"primaryImageOfPage":{"@id":"https:\/\/www.toutsurmesfinances.com\/argent\/a\/legislatives-anticipees-2024-pouvoir-d-achat-les-programme-des-principales-listes#primaryimage"},"image":{"@id":"https:\/\/www.toutsurmesfinances.com\/argent\/a\/legislatives-anticipees-2024-pouvoir-d-achat-les-programme-des-principales-listes#primaryimage"},"thumbnailUrl":"https:\/\/www.toutsurmesfinances.com\/argent\/wp-content\/uploads\/sites\/3\/2025\/04\/image-argent-budget.jpg","dateModified":"2025-09-04T15:55:49+00:00","description":"Salaires, \u00e9nergie, sant\u00e9, logement\u2026 Tour d\u2019horizon des mesures d\u00e9fendues, par les principaux partis dans le cadre des l\u00e9gislatives anticip\u00e9es 2024.","breadcrumb":{"@id":"https:\/\/www.toutsurmesfinances.com\/argent\/a\/legislatives-anticipees-2024-pouvoir-d-achat-les-programme-des-principales-listes#breadcrumb"},"inLanguage":"fr-FR","potentialAction":[{"@type":"ReadAction","target":["https:\/\/www.toutsurmesfinances.com\/argent\/a\/legislatives-anticipees-2024-pouvoir-d-achat-les-programme-des-principales-listes"]}]},{"@type":"ImageObject","inLanguage":"fr-FR","@id":"https:\/\/www.toutsurmesfinances.com\/argent\/a\/legislatives-anticipees-2024-pouvoir-d-achat-les-programme-des-principales-listes#primaryimage","url":"https:\/\/www.toutsurmesfinances.com\/argent\/wp-content\/uploads\/sites\/3\/2025\/04\/image-argent-budget.jpg","contentUrl":"https:\/\/www.toutsurmesfinances.com\/argent\/wp-content\/uploads\/sites\/3\/2025\/04\/image-argent-budget.jpg","width":600,"height":400},{"@type":"BreadcrumbList","@id":"https:\/\/www.toutsurmesfinances.com\/argent\/a\/legislatives-anticipees-2024-pouvoir-d-achat-les-programme-des-principales-listes#breadcrumb","itemListElement":[{"@type":"ListItem","position":1,"name":"Accueil","item":"https:\/\/www.toutsurmesfinances.com\/argent\/"},{"@type":"ListItem","position":2,"name":"Budget","item":"https:\/\/www.toutsurmesfinances.com\/argent\/c\/budget"},{"@type":"ListItem","position":3,"name":"L\u00e9gislatives anticip\u00e9es 2024 pouvoir d&rsquo;achat : les programme des principales listes"}]},{"@type":"WebSite","@id":"https:\/\/www.toutsurmesfinances.com\/argent\/#website","url":"https:\/\/www.toutsurmesfinances.com\/argent\/","name":"Argent","description":"","publisher":{"@id":"https:\/\/www.toutsurmesfinances.com\/argent\/#organization"},"potentialAction":[{"@type":"SearchAction","target":{"@type":"EntryPoint","urlTemplate":"https:\/\/www.toutsurmesfinances.com\/argent\/?s={search_term_string}"},"query-input":{"@type":"PropertyValueSpecification","valueRequired":true,"valueName":"search_term_string"}}],"inLanguage":"fr-FR"},{"@type":"Organization","@id":"https:\/\/www.toutsurmesfinances.com\/argent\/#organization","name":"Tout Sur Mes Finances","url":"https:\/\/www.toutsurmesfinances.com\/argent\/","logo":{"@type":"ImageObject","inLanguage":"fr-FR","@id":"https:\/\/www.toutsurmesfinances.com\/argent\/#\/schema\/logo\/image\/","url":"https:\/\/www.toutsurmesfinances.com\/argent\/wp-content\/uploads\/sites\/3\/2021\/01\/favicon.png","contentUrl":"https:\/\/www.toutsurmesfinances.com\/argent\/wp-content\/uploads\/sites\/3\/2021\/01\/favicon.png","width":512,"height":512,"caption":"Tout Sur Mes Finances"},"image":{"@id":"https:\/\/www.toutsurmesfinances.com\/argent\/#\/schema\/logo\/image\/"},"sameAs":["https:\/\/x.com\/Toutsur"]},{"@type":"Person","@id":"https:\/\/www.toutsurmesfinances.com\/argent\/#\/schema\/person\/441d2f49b49f36caada20af210ea82db","name":"Loic Farge","image":{"@type":"ImageObject","inLanguage":"fr-FR","@id":"https:\/\/www.toutsurmesfinances.com\/argent\/#\/schema\/person\/image\/","url":"https:\/\/secure.gravatar.com\/avatar\/d6ba1a4c295f842490f4602774c31c1d?s=96&d=mm&r=g","contentUrl":"https:\/\/secure.gravatar.com\/avatar\/d6ba1a4c295f842490f4602774c31c1d?s=96&d=mm&r=g","caption":"Loic Farge"},"description":"Lo\u00efc Farge est journaliste sp\u00e9cialis\u00e9 en immobilier. Il travaille chez\u00a0ToutSurMesFinances.com\u00a0depuis pr\u00e8s de 10 ans. Il couvre l\u2019ensemble des th\u00e9matiques li\u00e9es \u00e0 l\u2019immobilier : march\u00e9, financement, r\u00e9glementation, fiscalit\u00e9 et investissement locatif.","sameAs":["https:\/\/www.toutsurmesfinances.com\/author\/loic","https:\/\/www.linkedin.com\/in\/loc-farge-4b742725\/"]}]}},"_links":{"self":[{"href":"https:\/\/www.toutsurmesfinances.com\/argent\/wp-json\/wp\/v2\/posts\/13530","targetHints":{"allow":["GET"]}}],"collection":[{"href":"https:\/\/www.toutsurmesfinances.com\/argent\/wp-json\/wp\/v2\/posts"}],"about":[{"href":"https:\/\/www.toutsurmesfinances.com\/argent\/wp-json\/wp\/v2\/types\/post"}],"author":[{"embeddable":true,"href":"https:\/\/www.toutsurmesfinances.com\/argent\/wp-json\/wp\/v2\/users\/13719"}],"replies":[{"embeddable":true,"href":"https:\/\/www.toutsurmesfinances.com\/argent\/wp-json\/wp\/v2\/comments?post=13530"}],"version-history":[{"count":4,"href":"https:\/\/www.toutsurmesfinances.com\/argent\/wp-json\/wp\/v2\/posts\/13530\/revisions"}],"predecessor-version":[{"id":22639,"href":"https:\/\/www.toutsurmesfinances.com\/argent\/wp-json\/wp\/v2\/posts\/13530\/revisions\/22639"}],"wp:featuredmedia":[{"embeddable":true,"href":"https:\/\/www.toutsurmesfinances.com\/argent\/wp-json\/wp\/v2\/media\/22475"}],"wp:attachment":[{"href":"https:\/\/www.toutsurmesfinances.com\/argent\/wp-json\/wp\/v2\/media?parent=13530"}],"wp:term":[{"taxonomy":"category","embeddable":true,"href":"https:\/\/www.toutsurmesfinances.com\/argent\/wp-json\/wp\/v2\/categories?post=13530"},{"taxonomy":"post_tag","embeddable":true,"href":"https:\/\/www.toutsurmesfinances.com\/argent\/wp-json\/wp\/v2\/tags?post=13530"}],"curies":[{"name":"wp","href":"https:\/\/api.w.org\/{rel}","templated":true}]}}