{"id":1354,"date":"2016-12-14T09:18:49","date_gmt":"2016-12-14T08:18:49","guid":{"rendered":"https:\/\/www.toutsurmesfinances.com\/argent\/a\/assurance-maladie-mutuelles-le-programme-sante-de-fillon-pour-2017"},"modified":"2018-07-19T15:27:42","modified_gmt":"2018-07-19T15:27:42","slug":"assurance-maladie-mutuelles-le-programme-sante-de-fillon-pour-2017","status":"publish","type":"post","link":"https:\/\/www.toutsurmesfinances.com\/argent\/a\/assurance-maladie-mutuelles-le-programme-sante-de-fillon-pour-2017","title":{"rendered":"Assurance maladie, mutuelles : le programme sant\u00e9 de Fillon pour 2017"},"content":{"rendered":"\n<p><em><strong>Note du r\u00e9dacteur :<\/strong> Fran\u00e7ois Fillon a reconnu \u00e0 la t\u00e9l\u00e9vision (le <em>11 janvier 2017 sur BFMTV<\/em>) avoir retir\u00e9 son programme initial sur la <em>S\u00e9curit\u00e9 sociale<\/em>, jugeant que ce qui avait \u00e9t\u00e9 \u00e9crit n&rsquo;\u00e9tait pas clair et mal compris.&nbsp; De nouvelles mesures visant \u00e0 r\u00e9former le syst\u00e8me de protection sociale, ont \u00e9t\u00e9 pr\u00e9sent\u00e9es le 21 f\u00e9vrier 2017. L&rsquo;article ci-dessous fera l&rsquo;objet tr\u00e8s prochainement d&rsquo;une mise \u00e0 jour. <\/p>\n<p><\/em><\/p>\n<h2><span class=\"ez-toc-section\" id=\"Securite_sociale_le_programme_de_Francois_Fillon_en_bref\"><\/span>S\u00e9curit\u00e9 sociale : le programme de Fran\u00e7ois Fillon en bref<span class=\"ez-toc-section-end\"><\/span><\/h2>\n<p>Fran\u00e7ois Fillon a pr\u00e9sent\u00e9 le 21 f\u00e9vrier 2017 une version revue et corrig\u00e9e de son programme sur la prise en charge des frais de sant\u00e9 par la S\u00e9curit\u00e9 sociale et les mutuelles. Un projet qui appara\u00eet plus consensuel, moins anxiog\u00e8ne que sa premi\u00e8re mouture qui avait suscit\u00e9 le malaise jusque dans son propre camp.<\/p>\n<p>\u00ab Mon projet consolide le caract\u00e8re obligatoire et universel de l&rsquo;Assurance maladie dont le niveau de prise en charge des d\u00e9penses de sant\u00e9 ne diminuera pas \u00bb, a-t-il clam\u00e9 dans une interview au Parisien parue le 21 f\u00e9vrier. Ses principaux axes sont les suivants :<\/p>\n<p><strong>1. Am\u00e9lioration de la pr\u00e9vention<\/strong> au travers de la mise en place d\u2019une consultation tous les 2 ans chez le m\u00e9decin-traitant prise en charge \u00e0 100% par la S\u00e9cu<\/p>\n<p><strong>2. Diminution du reste \u00e0 charge<\/strong> (montant que le patient doit payer de sa poche apr\u00e8s prise en charge par la S\u00e9cu et la compl\u00e9mentaire sant\u00e9) sur certaines d\u00e9penses co\u00fbteuses<\/p>\n<p><strong>3. Contr\u00f4le des compl\u00e9mentaires sant\u00e9<\/strong>, du co\u00fbt de leurs cotisations notamment par la cr\u00e9ation d\u2019une \u00ab Agence de garantie de la couverture solidaire des d\u00e9penses de sant\u00e9 \u00bb<\/p>\n<p>LE PROJET INITIAL DE FRAN\u00c7OIS FILLON :<\/p>\n<h2><span class=\"ez-toc-section\" id=\"Securite_sociale_le_projet_de_Francois_Fillon_en_resume\"><\/span>S\u00e9curit\u00e9 sociale : le projet de Fran\u00e7ois Fillon en r\u00e9sum\u00e9<span class=\"ez-toc-section-end\"><\/span><\/h2>\n<p>Sur la S\u00e9curit\u00e9 sociale, le programme de Fran\u00e7ois Fillon pour l\u2019\u00e9lection pr\u00e9sidentielle de 2017 s\u2019articule autour de 4 propositions cl\u00e9s :<br \/>&#8211; Red\u00e9finir les d\u00e9penses prises en charge par l\u2019Assurance maladie, avec un r\u00f4le accru des mutuelles sant\u00e9 et assurances priv\u00e9es<br \/>&#8211; Pr\u00e9voir une couverture de base am\u00e9lior\u00e9e pour les personnes \u00e0 bas revenus<br \/>&#8211; Cr\u00e9er une agence de contr\u00f4le et de r\u00e9gulation des compl\u00e9mentaires sant\u00e9<br \/>&#8211; Instaurer une franchise m\u00e9dicale de fa\u00e7on \u00e0 responsabiliser les patients sur le co\u00fbt des d\u00e9penses de sant\u00e9.<\/p>\n<p>Toutefois, dans une tribune publi\u00e9e le 13 d\u00e9cembre 2016 par Le Figaro, le candidat LR (Les R\u00e9publicains) au scrutin pr\u00e9sidentiel a affirm\u00e9 qu\u2019il n\u2019\u00e9tait <em>\u00ab pas question de toucher \u00e0 l&rsquo;Assurance maladie et encore moins de la privatiser \u00bb.<\/em> Une d\u00e9claration vue comme une clarification pour ses soutiens et partisans, et comme un r\u00e9trop\u00e9dalage par ses opposants et une partie de la presse. A ce jour, la confusion r\u00e8gne sur la question.<\/p>\n<h2><span class=\"ez-toc-section\" id=\"Frais_de_sante_le_programme_complet_de_Francois_Fillon_pour_2017\"><\/span>Frais de sant\u00e9 : le programme complet de Fran\u00e7ois Fillon pour 2017<span class=\"ez-toc-section-end\"><\/span><\/h2>\n<p>Le projet de politique de sant\u00e9 du programme de Fran\u00e7ois Fillon est celui qui a le plus suscit\u00e9 d\u2019inqui\u00e9tudes et d\u2019incompr\u00e9hensions \u00e0 ce jour, en particulier le volet sur le r\u00f4le de la S\u00e9curit\u00e9 sociale dans le remboursement des frais de sant\u00e9. Durant sa campagne pour la primaire de la droite, il a pr\u00e9sent\u00e9 plusieurs propositions sur le sujet.<\/p>\n<p>L\u2019ancien Premier ministre propose de <em>\u00ab focaliser l\u2019assurance publique universelle notamment sur les affections graves ou de longue dur\u00e9e \u00bb<\/em> et <em>\u00ab l\u2019assurance priv\u00e9e sur le reste \u00bb.<\/em> Fran\u00e7ois Fillon fait ainsi le distinguo entre <em>\u00ab petits \u00bb<\/em> et <em>\u00ab gros risques \u00bb<\/em> sans en d\u00e9finir la d\u00e9limitation. Une fa\u00e7on de sugg\u00e9rer la perspective de transferts de prise en charge de certaines d\u00e9penses de sant\u00e9 de la S\u00e9curit\u00e9 sociale vers les mutuelles sant\u00e9 et autres organismes compl\u00e9mentaires.<\/p>\n<p>Toutefois, les Fran\u00e7ais les plus pauvres \u00e9chapperaient \u00e0 ce sch\u00e9ma, l\u2019ancien ministre des Affaires sociales de Jacques Chirac ayant pr\u00e9vu que les <em>\u00ab moins favoris\u00e9s ne pouvant acc\u00e9der \u00e0 l\u2019assurance priv\u00e9e b\u00e9n\u00e9ficieront d\u2019un r\u00e9gime sp\u00e9cial de couverture accrue \u00bb<\/em>. Ce qu\u2019il a d\u00e9crit comme un <em>\u00ab bouclier de sant\u00e9 pour les personnes \u00e0 revenus modestes \u00bb<\/em> dans l\u2019une de ses interventions t\u00e9l\u00e9vis\u00e9es, au cours de la primaire des R\u00e9publicains (ex-UMP).<\/p>\n<p>Enfin, il entend <em>\u00ab responsabiliser les patients par l\u2019introduction d\u2019une franchise m\u00e9dicale universelle dans la limite d\u2019un seuil et d\u2019un plafond \u00bb<\/em>. En somme, aucun soin ne serait totalement gratuit. Ce dispositif serait vou\u00e9 \u00e0 remplacer le ticket mod\u00e9rateur (reste \u00e0 charge apr\u00e8s un rendez-vous chez le m\u00e9decin ou l\u2019achat d\u2019une boite de m\u00e9dicaments) et la franchise de 1 euro actuellement en vigueur pour les consultations chez le m\u00e9decin.<\/p>\n<h2><span class=\"ez-toc-section\" id=\"Repartition_des_roles_entre_Secu_et_mutuelles_la_vision_de_Fillon\"><\/span>R\u00e9partition des r\u00f4les entre S\u00e9cu et mutuelles, la vision de Fillon<span class=\"ez-toc-section-end\"><\/span><\/h2>\n<p>D\u00e8s octobre 2015, Fran\u00e7ois Fillon appelait \u00e0 <em>\u00ab red\u00e9finir les r\u00f4les respectifs de l\u2019assurance publique et de l\u2019assurance priv\u00e9e \u00bb<\/em>. D\u2019un c\u00f4t\u00e9, il y aurait l\u2019assurance maladie, dont il veut focaliser l\u2019intervention sur les affections graves ou les affections de longue dur\u00e9e (ALD), ce qu\u2019il appelle le panier de soins \u00ab solidaire \u00bb. De l\u2019autre, il y aurait les compl\u00e9mentaires sant\u00e9 dont la prise en charge interviendrait \u00ab sur le reste \u00bb, des soins courants qu&rsquo;il d\u00e9nomme le <em>\u00ab panier de soins individuel \u00bb<\/em>. Le contenu de ces paniers de soins pourrait <em>\u00ab \u00e9voluer chaque ann\u00e9e \u00bb<\/em>.<\/p>\n<p><em>\u00ab On va discuter avec les partenaires sociaux de la composition du panier de soins qui devrait \u00eatre couvert par la S\u00e9curit\u00e9 sociale. Je souhaite que pour les petits risques, on aille vers les assurances compl\u00e9mentaires \u00bb<\/em>, a-t-il pr\u00e9cis\u00e9 durant le d\u00e9bat t\u00e9l\u00e9vis\u00e9 d&rsquo;entre deux tours de la primaire de la droite, le 24 novembre 2016.<\/p>\n<h2><span class=\"ez-toc-section\" id=\"Tribune_du_13_decembre_au_Figaro_sur_lAssurance_maladie\"><\/span>Tribune du 13 d\u00e9cembre au Figaro sur l\u2019Assurance maladie<span class=\"ez-toc-section-end\"><\/span><\/h2>\n<p>Face aux inqui\u00e9tudes exprim\u00e9es sur son projet, y compris parmi des parlementaires LR, Fran\u00e7ois Fillon a publi\u00e9 le 13 d\u00e9cembre 2016 une tribune dans Le Figaro destin\u00e9es \u00e0 clarifier son programme sur la prise en charge des d\u00e9penses de sant\u00e9. Extraits de ses principales d\u00e9clarations \u00e0 ce propos :<\/p>\n<p>&#8211; <em>\u00ab Mes d\u00e9tracteurs me soup\u00e7onnent de vouloir privatiser l&rsquo;assurance maladie et diminuer les remboursements. C&rsquo;est \u00e9videmment faux ! \u00bb<\/em><br \/>&#8211; <em>\u00ab L&rsquo;assurance maladie obligatoire et universelle, pilier de la solidarit\u00e9, doit rester le pivot dans le parcours de soins. \u00bb<\/em><br \/>&#8211; <em>\u00ab Elle continuera \u00e0 couvrir les soins comme aujourd&rsquo;hui et m\u00eame, \u00e0 mieux rembourser des soins qui sont largement \u00e0 la charge des assur\u00e9s, comme les soins optiques et dentaires. \u00bb<\/em><br \/>&#8211;<em> \u00ab Il n&rsquo;est donc pas question de toucher \u00e0 l&rsquo;assurance maladie et encore moins de la privatiser. \u00bb<\/em><br \/>&#8211; <em>\u00ab Je souhaite assurer le meilleur remboursement pour les patients en pla\u00e7ant l&rsquo;assurance maladie obligatoire et les organismes compl\u00e9mentaires sous le pilotage d&rsquo;une agence de r\u00e9gulation et de contr\u00f4le dans laquelle seront repr\u00e9sent\u00e9s tous les acteurs du syst\u00e8me de sant\u00e9 ainsi que les usagers. \u00bb<\/em><br \/>&#8211; <em>\u00ab J&rsquo;entends faire en sorte que tous les Fran\u00e7ais puissent b\u00e9n\u00e9ficier d&rsquo;une protection compl\u00e9mentaire appropri\u00e9e sur la base de contrats homog\u00e8nes. \u00bb<\/em><\/p>\n<p>A la lumi\u00e8re de ces propos, il ne serait donc pas question de remettre en cause la fonction de la S\u00e9curit\u00e9 sociale. Toutefois, dans sa prise de position, le d\u00e9put\u00e9 de Paris n\u2019affirme pas explicitement avoir renonc\u00e9 \u00e0 son programme. Sur TF1 le mardi 3 janvier 2017, Frn\u00e7ois Fillon a assur\u00e9 qu&rsquo;il n&rsquo;avait pas modifi\u00e9 son programme et qu&rsquo;il entendait bien mener une r\u00e9forme de la S\u00e9cu. <em>\u00ab Je vais remettre de l&rsquo;ordre dans cette situation. [&#8230;] Je suis gaulliste et de surcroit je suis conttraint. Cela veut dire que je ne prendrai jamais une d\u00e9cision qui sera contraire au respect de la dignit\u00e9 humaine, au respect de la solidarit\u00e9 \u00bb<\/em><\/p>\n<h2><span class=\"ez-toc-section\" id=\"Declarations_de_Jerome_Chartier_et_Valerie_Boyer\"><\/span>D\u00e9clarations de J\u00e9r\u00f4me Chartier et Val\u00e9rie Boyer<span class=\"ez-toc-section-end\"><\/span><\/h2>\n<p>Val\u00e9rie Boyer, porte-parole de Fran\u00e7ois Fillon, interrog\u00e9e le 13 d\u00e9cembre 2016 sur LCI, a tent\u00e9 de pr\u00e9ciser les propos de son candidat. <em>\u00ab Il n\u2019a jamais dit qu\u2019il voulait privatiser l\u2019Assurance maladie ni moins rembourser \u00bb<\/em>, a-t-elle d\u00e9clar\u00e9. Prenant l\u2019exemple sp\u00e9cifique des frais d\u2019optique, la d\u00e9put\u00e9e LR des Bouches-du-Rh\u00f4ne et secr\u00e9taire nationale \u00e0 la sant\u00e9 des R\u00e9publicains a soulign\u00e9 la n\u00e9cessit\u00e9 <em>\u00ab que la S\u00e9curit\u00e9 sociale rembourse mieux mais des soins, pas le prix de la monture \u00bb<\/em>.<\/p>\n<p>J\u00e9r\u00f4me Chartier, autre porte-parole de Fran\u00e7ois Fillon s\u2019est d\u00e9fendu le m\u00eame jour de tout recul sur RMC et BFM TV. <em>\u00ab Mais non, ce n&rsquo;est pas du renoncement. [\u2026] La protection des Fran\u00e7ais, c\u2019est un ensemble : S\u00e9curit\u00e9 sociale + compl\u00e9mentaires sant\u00e9. Cet ensemble doit continuer \u00e0 prot\u00e9ger 100% des Fran\u00e7ais et 100% des maladies. Fran\u00e7ois Fillon n&rsquo;a pas vari\u00e9 d&rsquo;un cil concernant cette position \u00bb,<\/em> a d\u00e9clar\u00e9 le d\u00e9put\u00e9 LR du Val-d&rsquo;Oise.<\/p>\n<p>La veille, sur France Inter, J\u00e9r\u00f4me Chartier avait sem\u00e9 le trouble sur la prise en charge des rhumes par la S\u00e9cu. <em>\u00ab Le rhume, \u00e7a d\u00e9pend de quel rhume. Il faut entrer dans le d\u00e9tail.<\/em> [\u2026] C<em>&lsquo;est comme ce qu&rsquo;on appelle la m\u00e9decine de confort, c&rsquo;est quelque chose qui n&rsquo;est pas d\u00e9fini dans le code de la S\u00e9curit\u00e9 sociale. \u00bb<\/em><\/p>\n<h2><span class=\"ez-toc-section\" id=\"Propositions_retirees_de_son_site_Internet_Fillon2017fr\"><\/span>Propositions retir\u00e9es de son site Internet Fillon2017.fr<span class=\"ez-toc-section-end\"><\/span><\/h2>\n<p>En pleine pol\u00e9mique sur ses propositions sur la S\u00e9curit\u00e9 sociale et quelques heures apr\u00e8s ses d\u00e9clarations au Figaro, la partie du programme de Fran\u00e7ois Fillon sur le sujet a disparu de son site internet officiel Fillon2017.fr, d&rsquo;apr\u00e8s les constatations de Toutsurmesfinances.com comme celles d&rsquo;autres medias.<\/p>\n<p>Elles ont notamment \u00e9t\u00e9 remplac\u00e9es par une simple phrase nettement plus consensuelle visant \u00e0 <em>\u00ab offrir la meilleure couverture sant\u00e9 possible \u00e0 tous nos concitoyens \u00bb<\/em>.<br \/><em><\/em><br \/>&nbsp;<\/p>\n<p><strong>En savoir plus sur le projet de Fran\u00e7ois Fillon pour 2017<br \/>&#8211; <a href=\"https:\/\/www.toutsurmesfinances.com\/argent\/a\/pouvoir-d-achat-le-programme-de-fillon-pour-2017\" target=\"_blank\">Pouvoir d\u2019achat : les propositions de Fillon pour 2017<\/a><br \/>&#8211; <a href=\"https:\/\/www.toutsurmesfinances.com\/retraite\/presidentielle-2017-le-programme-de-francois-fillon-sur-la-retraite.html\" target=\"_blank\">Pr\u00e9sidentielle 2017 : le programme de Fran\u00e7ois Fillon sur la retraite<\/a><\/strong><br \/><strong>&#8211; <a href=\"https:\/\/www.toutsurmesfinances.com\/impots\/impots-le-programme-fiscal-de-francois-fillon-pour-2017.html\" target=\"_blank\">Imp\u00f4ts : le programme fiscal de Fran\u00e7ois Fillon pour 2017<\/a><\/strong><\/p>\n","protected":false},"excerpt":{"rendered":"<p>Fran\u00e7ois Fillon a-t-il renonc\u00e9 \u00e0 son programme sur la prise en charge des frais de sant\u00e9 par les mutuelles et l\u2019assurance maladie ? Le point sur son projet pour 2017 sur la S\u00e9curit\u00e9 sociale.<\/p>\n","protected":false},"author":13709,"featured_media":1353,"comment_status":"closed","ping_status":"closed","sticky":false,"template":"","format":"standard","meta":{"footnotes":""},"categories":[30],"tags":[],"class_list":["post-1354","post","type-post","status-publish","format-standard","has-post-thumbnail","hentry","category-budget"],"acf":[],"yoast_head":"<!-- This site is optimized with the Yoast SEO plugin v24.9 - https:\/\/yoast.com\/wordpress\/plugins\/seo\/ -->\n<title>Assurance maladie, mutuelles : le programme sant\u00e9 de Fillon pour 2017<\/title>\n<meta name=\"description\" content=\"Fran\u00e7ois Fillon a-t-il renonc\u00e9 \u00e0 son programme sur la prise en charge des frais de sant\u00e9 par les mutuelles et l\u2019assurance maladie ? Le point sur son projet pour 2017 sur la S\u00e9curit\u00e9 sociale.\" \/>\n<meta name=\"robots\" content=\"index, follow, max-snippet:-1, max-image-preview:large, max-video-preview:-1\" \/>\n<link rel=\"canonical\" href=\"https:\/\/www.toutsurmesfinances.com\/argent\/a\/assurance-maladie-mutuelles-le-programme-sante-de-fillon-pour-2017\" \/>\n<meta property=\"og:locale\" content=\"fr_FR\" \/>\n<meta property=\"og:type\" content=\"article\" \/>\n<meta property=\"og:title\" content=\"Assurance maladie, mutuelles : le programme sant\u00e9 de Fillon pour 2017\" \/>\n<meta property=\"og:description\" content=\"Fran\u00e7ois Fillon a-t-il renonc\u00e9 \u00e0 son programme sur la prise en charge des frais de sant\u00e9 par les mutuelles et l\u2019assurance maladie ? Le point sur son projet pour 2017 sur la S\u00e9curit\u00e9 sociale.\" \/>\n<meta property=\"og:url\" content=\"https:\/\/www.toutsurmesfinances.com\/argent\/a\/assurance-maladie-mutuelles-le-programme-sante-de-fillon-pour-2017\" \/>\n<meta property=\"og:site_name\" content=\"Argent\" \/>\n<meta property=\"article:published_time\" content=\"2016-12-14T08:18:49+00:00\" \/>\n<meta property=\"article:modified_time\" content=\"2018-07-19T15:27:42+00:00\" \/>\n<meta property=\"og:image\" content=\"https:\/\/www.toutsurmesfinances.com\/argent\/wp-content\/uploads\/sites\/3\/2016\/12\/fillon-sante.jpg\" \/>\n\t<meta property=\"og:image:width\" content=\"823\" \/>\n\t<meta property=\"og:image:height\" content=\"463\" \/>\n\t<meta property=\"og:image:type\" content=\"image\/jpeg\" \/>\n<meta name=\"author\" content=\"Olivier Brunet\" \/>\n<meta name=\"twitter:card\" content=\"summary_large_image\" \/>\n<meta name=\"twitter:creator\" content=\"@Toutsur\" \/>\n<meta name=\"twitter:site\" content=\"@Toutsur\" \/>\n<meta name=\"twitter:label1\" content=\"\u00c9crit par\" \/>\n\t<meta name=\"twitter:data1\" content=\"Olivier Brunet\" \/>\n\t<meta name=\"twitter:label2\" content=\"Dur\u00e9e de lecture estim\u00e9e\" \/>\n\t<meta name=\"twitter:data2\" content=\"8 minutes\" \/>\n<script type=\"application\/ld+json\" class=\"yoast-schema-graph\">{\"@context\":\"https:\/\/schema.org\",\"@graph\":[{\"@type\":\"Article\",\"@id\":\"https:\/\/www.toutsurmesfinances.com\/argent\/a\/assurance-maladie-mutuelles-le-programme-sante-de-fillon-pour-2017#article\",\"isPartOf\":{\"@id\":\"https:\/\/www.toutsurmesfinances.com\/argent\/a\/assurance-maladie-mutuelles-le-programme-sante-de-fillon-pour-2017\"},\"author\":{\"name\":\"Olivier Brunet\",\"@id\":\"https:\/\/www.toutsurmesfinances.com\/argent\/#\/schema\/person\/f3692b3163890cd1408bd0dc68a1b55a\"},\"headline\":\"Assurance maladie, mutuelles : le programme sant\u00e9 de Fillon pour 2017\",\"dateModified\":\"2018-07-19T15:27:42+00:00\",\"mainEntityOfPage\":{\"@id\":\"https:\/\/www.toutsurmesfinances.com\/argent\/a\/assurance-maladie-mutuelles-le-programme-sante-de-fillon-pour-2017\"},\"wordCount\":1718,\"publisher\":{\"@id\":\"https:\/\/www.toutsurmesfinances.com\/argent\/#organization\"},\"image\":{\"@id\":\"https:\/\/www.toutsurmesfinances.com\/argent\/a\/assurance-maladie-mutuelles-le-programme-sante-de-fillon-pour-2017#primaryimage\"},\"thumbnailUrl\":\"https:\/\/www.toutsurmesfinances.com\/argent\/wp-content\/uploads\/sites\/3\/2016\/12\/fillon-sante.jpg\",\"articleSection\":[\"Budget\"],\"inLanguage\":\"fr-FR\"},{\"@type\":\"WebPage\",\"@id\":\"https:\/\/www.toutsurmesfinances.com\/argent\/a\/assurance-maladie-mutuelles-le-programme-sante-de-fillon-pour-2017\",\"url\":\"https:\/\/www.toutsurmesfinances.com\/argent\/a\/assurance-maladie-mutuelles-le-programme-sante-de-fillon-pour-2017\",\"name\":\"Assurance maladie, mutuelles : le programme sant\u00e9 de Fillon pour 2017\",\"isPartOf\":{\"@id\":\"https:\/\/www.toutsurmesfinances.com\/argent\/#website\"},\"primaryImageOfPage\":{\"@id\":\"https:\/\/www.toutsurmesfinances.com\/argent\/a\/assurance-maladie-mutuelles-le-programme-sante-de-fillon-pour-2017#primaryimage\"},\"image\":{\"@id\":\"https:\/\/www.toutsurmesfinances.com\/argent\/a\/assurance-maladie-mutuelles-le-programme-sante-de-fillon-pour-2017#primaryimage\"},\"thumbnailUrl\":\"https:\/\/www.toutsurmesfinances.com\/argent\/wp-content\/uploads\/sites\/3\/2016\/12\/fillon-sante.jpg\",\"dateModified\":\"2018-07-19T15:27:42+00:00\",\"description\":\"Fran\u00e7ois Fillon a-t-il renonc\u00e9 \u00e0 son programme sur la prise en charge des frais de sant\u00e9 par les mutuelles et l\u2019assurance maladie ? Le point sur son projet pour 2017 sur la S\u00e9curit\u00e9 sociale.\",\"breadcrumb\":{\"@id\":\"https:\/\/www.toutsurmesfinances.com\/argent\/a\/assurance-maladie-mutuelles-le-programme-sante-de-fillon-pour-2017#breadcrumb\"},\"inLanguage\":\"fr-FR\",\"potentialAction\":[{\"@type\":\"ReadAction\",\"target\":[\"https:\/\/www.toutsurmesfinances.com\/argent\/a\/assurance-maladie-mutuelles-le-programme-sante-de-fillon-pour-2017\"]}]},{\"@type\":\"ImageObject\",\"inLanguage\":\"fr-FR\",\"@id\":\"https:\/\/www.toutsurmesfinances.com\/argent\/a\/assurance-maladie-mutuelles-le-programme-sante-de-fillon-pour-2017#primaryimage\",\"url\":\"https:\/\/www.toutsurmesfinances.com\/argent\/wp-content\/uploads\/sites\/3\/2016\/12\/fillon-sante.jpg\",\"contentUrl\":\"https:\/\/www.toutsurmesfinances.com\/argent\/wp-content\/uploads\/sites\/3\/2016\/12\/fillon-sante.jpg\",\"width\":823,\"height\":463},{\"@type\":\"BreadcrumbList\",\"@id\":\"https:\/\/www.toutsurmesfinances.com\/argent\/a\/assurance-maladie-mutuelles-le-programme-sante-de-fillon-pour-2017#breadcrumb\",\"itemListElement\":[{\"@type\":\"ListItem\",\"position\":1,\"name\":\"Accueil\",\"item\":\"https:\/\/www.toutsurmesfinances.com\/argent\/\"},{\"@type\":\"ListItem\",\"position\":2,\"name\":\"Budget\",\"item\":\"https:\/\/www.toutsurmesfinances.com\/argent\/c\/budget\"},{\"@type\":\"ListItem\",\"position\":3,\"name\":\"Assurance maladie, mutuelles : le programme sant\u00e9 de Fillon pour 2017\"}]},{\"@type\":\"WebSite\",\"@id\":\"https:\/\/www.toutsurmesfinances.com\/argent\/#website\",\"url\":\"https:\/\/www.toutsurmesfinances.com\/argent\/\",\"name\":\"Argent\",\"description\":\"\",\"publisher\":{\"@id\":\"https:\/\/www.toutsurmesfinances.com\/argent\/#organization\"},\"potentialAction\":[{\"@type\":\"SearchAction\",\"target\":{\"@type\":\"EntryPoint\",\"urlTemplate\":\"https:\/\/www.toutsurmesfinances.com\/argent\/?s={search_term_string}\"},\"query-input\":{\"@type\":\"PropertyValueSpecification\",\"valueRequired\":true,\"valueName\":\"search_term_string\"}}],\"inLanguage\":\"fr-FR\"},{\"@type\":\"Organization\",\"@id\":\"https:\/\/www.toutsurmesfinances.com\/argent\/#organization\",\"name\":\"Tout Sur Mes Finances\",\"url\":\"https:\/\/www.toutsurmesfinances.com\/argent\/\",\"logo\":{\"@type\":\"ImageObject\",\"inLanguage\":\"fr-FR\",\"@id\":\"https:\/\/www.toutsurmesfinances.com\/argent\/#\/schema\/logo\/image\/\",\"url\":\"https:\/\/www.toutsurmesfinances.com\/argent\/wp-content\/uploads\/sites\/3\/2021\/01\/favicon.png\",\"contentUrl\":\"https:\/\/www.toutsurmesfinances.com\/argent\/wp-content\/uploads\/sites\/3\/2021\/01\/favicon.png\",\"width\":512,\"height\":512,\"caption\":\"Tout Sur Mes Finances\"},\"image\":{\"@id\":\"https:\/\/www.toutsurmesfinances.com\/argent\/#\/schema\/logo\/image\/\"},\"sameAs\":[\"https:\/\/x.com\/Toutsur\"]},{\"@type\":\"Person\",\"@id\":\"https:\/\/www.toutsurmesfinances.com\/argent\/#\/schema\/person\/f3692b3163890cd1408bd0dc68a1b55a\",\"name\":\"Olivier Brunet\",\"image\":{\"@type\":\"ImageObject\",\"inLanguage\":\"fr-FR\",\"@id\":\"https:\/\/www.toutsurmesfinances.com\/argent\/#\/schema\/person\/image\/\",\"url\":\"https:\/\/secure.gravatar.com\/avatar\/59a19214b7bb3163a27d873fa61f9a80?s=96&d=mm&r=g\",\"contentUrl\":\"https:\/\/secure.gravatar.com\/avatar\/59a19214b7bb3163a27d873fa61f9a80?s=96&d=mm&r=g\",\"caption\":\"Olivier Brunet\"},\"description\":\"Olivier Brunet est cofondateur de\u00a0ToutSurMesFinances.com\u00a0et r\u00e9dacteur en chef sp\u00e9cialis\u00e9 en placements et fiscalit\u00e9\u00a0des particuliers. Pr\u00e9sent\u00a0au sein du\u00a0m\u00e9dia\u00a0depuis sa cr\u00e9ation, il en est l\u2019un des piliers \u00e9ditoriaux. Il analyse les strat\u00e9gies d\u2019investissement,\u00a0suit\u00a0les \u00e9volutions fiscales et les\u00a0probl\u00e9matiques\u00a0patrimoniales\u00a0avec une vision long terme, forg\u00e9e par des ann\u00e9es de pratique et de suivi des march\u00e9s.\u00a0\",\"sameAs\":[\"https:\/\/www.toutsurmesfinances.com\/author\/olivier\",\"https:\/\/www.linkedin.com\/in\/obrunet\/\"]}]}<\/script>\n<!-- \/ Yoast SEO plugin. -->","yoast_head_json":{"title":"Assurance maladie, mutuelles : le programme sant\u00e9 de Fillon pour 2017","description":"Fran\u00e7ois Fillon a-t-il renonc\u00e9 \u00e0 son programme sur la prise en charge des frais de sant\u00e9 par les mutuelles et l\u2019assurance maladie ? Le point sur son projet pour 2017 sur la S\u00e9curit\u00e9 sociale.","robots":{"index":"index","follow":"follow","max-snippet":"max-snippet:-1","max-image-preview":"max-image-preview:large","max-video-preview":"max-video-preview:-1"},"canonical":"https:\/\/www.toutsurmesfinances.com\/argent\/a\/assurance-maladie-mutuelles-le-programme-sante-de-fillon-pour-2017","og_locale":"fr_FR","og_type":"article","og_title":"Assurance maladie, mutuelles : le programme sant\u00e9 de Fillon pour 2017","og_description":"Fran\u00e7ois Fillon a-t-il renonc\u00e9 \u00e0 son programme sur la prise en charge des frais de sant\u00e9 par les mutuelles et l\u2019assurance maladie ? Le point sur son projet pour 2017 sur la S\u00e9curit\u00e9 sociale.","og_url":"https:\/\/www.toutsurmesfinances.com\/argent\/a\/assurance-maladie-mutuelles-le-programme-sante-de-fillon-pour-2017","og_site_name":"Argent","article_published_time":"2016-12-14T08:18:49+00:00","article_modified_time":"2018-07-19T15:27:42+00:00","og_image":[{"width":823,"height":463,"url":"https:\/\/www.toutsurmesfinances.com\/argent\/wp-content\/uploads\/sites\/3\/2016\/12\/fillon-sante.jpg","type":"image\/jpeg"}],"author":"Olivier Brunet","twitter_card":"summary_large_image","twitter_creator":"@Toutsur","twitter_site":"@Toutsur","twitter_misc":{"\u00c9crit par":"Olivier Brunet","Dur\u00e9e de lecture estim\u00e9e":"8 minutes"},"schema":{"@context":"https:\/\/schema.org","@graph":[{"@type":"Article","@id":"https:\/\/www.toutsurmesfinances.com\/argent\/a\/assurance-maladie-mutuelles-le-programme-sante-de-fillon-pour-2017#article","isPartOf":{"@id":"https:\/\/www.toutsurmesfinances.com\/argent\/a\/assurance-maladie-mutuelles-le-programme-sante-de-fillon-pour-2017"},"author":{"name":"Olivier Brunet","@id":"https:\/\/www.toutsurmesfinances.com\/argent\/#\/schema\/person\/f3692b3163890cd1408bd0dc68a1b55a"},"headline":"Assurance maladie, mutuelles : le programme sant\u00e9 de Fillon pour 2017","dateModified":"2018-07-19T15:27:42+00:00","mainEntityOfPage":{"@id":"https:\/\/www.toutsurmesfinances.com\/argent\/a\/assurance-maladie-mutuelles-le-programme-sante-de-fillon-pour-2017"},"wordCount":1718,"publisher":{"@id":"https:\/\/www.toutsurmesfinances.com\/argent\/#organization"},"image":{"@id":"https:\/\/www.toutsurmesfinances.com\/argent\/a\/assurance-maladie-mutuelles-le-programme-sante-de-fillon-pour-2017#primaryimage"},"thumbnailUrl":"https:\/\/www.toutsurmesfinances.com\/argent\/wp-content\/uploads\/sites\/3\/2016\/12\/fillon-sante.jpg","articleSection":["Budget"],"inLanguage":"fr-FR"},{"@type":"WebPage","@id":"https:\/\/www.toutsurmesfinances.com\/argent\/a\/assurance-maladie-mutuelles-le-programme-sante-de-fillon-pour-2017","url":"https:\/\/www.toutsurmesfinances.com\/argent\/a\/assurance-maladie-mutuelles-le-programme-sante-de-fillon-pour-2017","name":"Assurance maladie, mutuelles : le programme sant\u00e9 de Fillon pour 2017","isPartOf":{"@id":"https:\/\/www.toutsurmesfinances.com\/argent\/#website"},"primaryImageOfPage":{"@id":"https:\/\/www.toutsurmesfinances.com\/argent\/a\/assurance-maladie-mutuelles-le-programme-sante-de-fillon-pour-2017#primaryimage"},"image":{"@id":"https:\/\/www.toutsurmesfinances.com\/argent\/a\/assurance-maladie-mutuelles-le-programme-sante-de-fillon-pour-2017#primaryimage"},"thumbnailUrl":"https:\/\/www.toutsurmesfinances.com\/argent\/wp-content\/uploads\/sites\/3\/2016\/12\/fillon-sante.jpg","dateModified":"2018-07-19T15:27:42+00:00","description":"Fran\u00e7ois Fillon a-t-il renonc\u00e9 \u00e0 son programme sur la prise en charge des frais de sant\u00e9 par les mutuelles et l\u2019assurance maladie ? Le point sur son projet pour 2017 sur la S\u00e9curit\u00e9 sociale.","breadcrumb":{"@id":"https:\/\/www.toutsurmesfinances.com\/argent\/a\/assurance-maladie-mutuelles-le-programme-sante-de-fillon-pour-2017#breadcrumb"},"inLanguage":"fr-FR","potentialAction":[{"@type":"ReadAction","target":["https:\/\/www.toutsurmesfinances.com\/argent\/a\/assurance-maladie-mutuelles-le-programme-sante-de-fillon-pour-2017"]}]},{"@type":"ImageObject","inLanguage":"fr-FR","@id":"https:\/\/www.toutsurmesfinances.com\/argent\/a\/assurance-maladie-mutuelles-le-programme-sante-de-fillon-pour-2017#primaryimage","url":"https:\/\/www.toutsurmesfinances.com\/argent\/wp-content\/uploads\/sites\/3\/2016\/12\/fillon-sante.jpg","contentUrl":"https:\/\/www.toutsurmesfinances.com\/argent\/wp-content\/uploads\/sites\/3\/2016\/12\/fillon-sante.jpg","width":823,"height":463},{"@type":"BreadcrumbList","@id":"https:\/\/www.toutsurmesfinances.com\/argent\/a\/assurance-maladie-mutuelles-le-programme-sante-de-fillon-pour-2017#breadcrumb","itemListElement":[{"@type":"ListItem","position":1,"name":"Accueil","item":"https:\/\/www.toutsurmesfinances.com\/argent\/"},{"@type":"ListItem","position":2,"name":"Budget","item":"https:\/\/www.toutsurmesfinances.com\/argent\/c\/budget"},{"@type":"ListItem","position":3,"name":"Assurance maladie, mutuelles : le programme sant\u00e9 de Fillon pour 2017"}]},{"@type":"WebSite","@id":"https:\/\/www.toutsurmesfinances.com\/argent\/#website","url":"https:\/\/www.toutsurmesfinances.com\/argent\/","name":"Argent","description":"","publisher":{"@id":"https:\/\/www.toutsurmesfinances.com\/argent\/#organization"},"potentialAction":[{"@type":"SearchAction","target":{"@type":"EntryPoint","urlTemplate":"https:\/\/www.toutsurmesfinances.com\/argent\/?s={search_term_string}"},"query-input":{"@type":"PropertyValueSpecification","valueRequired":true,"valueName":"search_term_string"}}],"inLanguage":"fr-FR"},{"@type":"Organization","@id":"https:\/\/www.toutsurmesfinances.com\/argent\/#organization","name":"Tout Sur Mes Finances","url":"https:\/\/www.toutsurmesfinances.com\/argent\/","logo":{"@type":"ImageObject","inLanguage":"fr-FR","@id":"https:\/\/www.toutsurmesfinances.com\/argent\/#\/schema\/logo\/image\/","url":"https:\/\/www.toutsurmesfinances.com\/argent\/wp-content\/uploads\/sites\/3\/2021\/01\/favicon.png","contentUrl":"https:\/\/www.toutsurmesfinances.com\/argent\/wp-content\/uploads\/sites\/3\/2021\/01\/favicon.png","width":512,"height":512,"caption":"Tout Sur Mes Finances"},"image":{"@id":"https:\/\/www.toutsurmesfinances.com\/argent\/#\/schema\/logo\/image\/"},"sameAs":["https:\/\/x.com\/Toutsur"]},{"@type":"Person","@id":"https:\/\/www.toutsurmesfinances.com\/argent\/#\/schema\/person\/f3692b3163890cd1408bd0dc68a1b55a","name":"Olivier Brunet","image":{"@type":"ImageObject","inLanguage":"fr-FR","@id":"https:\/\/www.toutsurmesfinances.com\/argent\/#\/schema\/person\/image\/","url":"https:\/\/secure.gravatar.com\/avatar\/59a19214b7bb3163a27d873fa61f9a80?s=96&d=mm&r=g","contentUrl":"https:\/\/secure.gravatar.com\/avatar\/59a19214b7bb3163a27d873fa61f9a80?s=96&d=mm&r=g","caption":"Olivier Brunet"},"description":"Olivier Brunet est cofondateur de\u00a0ToutSurMesFinances.com\u00a0et r\u00e9dacteur en chef sp\u00e9cialis\u00e9 en placements et fiscalit\u00e9\u00a0des particuliers. Pr\u00e9sent\u00a0au sein du\u00a0m\u00e9dia\u00a0depuis sa cr\u00e9ation, il en est l\u2019un des piliers \u00e9ditoriaux. Il analyse les strat\u00e9gies d\u2019investissement,\u00a0suit\u00a0les \u00e9volutions fiscales et les\u00a0probl\u00e9matiques\u00a0patrimoniales\u00a0avec une vision long terme, forg\u00e9e par des ann\u00e9es de pratique et de suivi des march\u00e9s.\u00a0","sameAs":["https:\/\/www.toutsurmesfinances.com\/author\/olivier","https:\/\/www.linkedin.com\/in\/obrunet\/"]}]}},"_links":{"self":[{"href":"https:\/\/www.toutsurmesfinances.com\/argent\/wp-json\/wp\/v2\/posts\/1354","targetHints":{"allow":["GET"]}}],"collection":[{"href":"https:\/\/www.toutsurmesfinances.com\/argent\/wp-json\/wp\/v2\/posts"}],"about":[{"href":"https:\/\/www.toutsurmesfinances.com\/argent\/wp-json\/wp\/v2\/types\/post"}],"author":[{"embeddable":true,"href":"https:\/\/www.toutsurmesfinances.com\/argent\/wp-json\/wp\/v2\/users\/13709"}],"replies":[{"embeddable":true,"href":"https:\/\/www.toutsurmesfinances.com\/argent\/wp-json\/wp\/v2\/comments?post=1354"}],"version-history":[{"count":0,"href":"https:\/\/www.toutsurmesfinances.com\/argent\/wp-json\/wp\/v2\/posts\/1354\/revisions"}],"wp:featuredmedia":[{"embeddable":true,"href":"https:\/\/www.toutsurmesfinances.com\/argent\/wp-json\/wp\/v2\/media\/1353"}],"wp:attachment":[{"href":"https:\/\/www.toutsurmesfinances.com\/argent\/wp-json\/wp\/v2\/media?parent=1354"}],"wp:term":[{"taxonomy":"category","embeddable":true,"href":"https:\/\/www.toutsurmesfinances.com\/argent\/wp-json\/wp\/v2\/categories?post=1354"},{"taxonomy":"post_tag","embeddable":true,"href":"https:\/\/www.toutsurmesfinances.com\/argent\/wp-json\/wp\/v2\/tags?post=1354"}],"curies":[{"name":"wp","href":"https:\/\/api.w.org\/{rel}","templated":true}]}}