{"id":1378,"date":"2016-12-27T11:55:45","date_gmt":"2016-12-27T10:55:45","guid":{"rendered":"https:\/\/www.toutsurmesfinances.com\/argent\/a\/bilan-de-francois-hollande-l-impact-de-sa-politique-sur-le-budget-des-francais"},"modified":"2025-07-10T16:19:56","modified_gmt":"2025-07-10T14:19:56","slug":"bilan-de-francois-hollande-l-impact-de-sa-politique-sur-le-budget-des-francais","status":"publish","type":"post","link":"https:\/\/www.toutsurmesfinances.com\/argent\/a\/bilan-de-francois-hollande-l-impact-de-sa-politique-sur-le-budget-des-francais","title":{"rendered":"Bilan de Francois Hollande : l\u2019impact de sa politique sur le budget des Fran\u00e7ais"},"content":{"rendered":"<p><strong>&#8211; <a href=\"https:\/\/www.toutsurmesfinances.com\/argent\/a\/bilan-de-francois-hollande-l-impact-de-sa-politique-sur-le-budget-des-francais#fiscalite\">Hausse de la pression fiscale<\/a><\/strong><br \/>\n<strong>&#8211; <a href=\"https:\/\/www.toutsurmesfinances.com\/argent\/a\/bilan-de-francois-hollande-l-impact-de-sa-politique-sur-le-budget-des-francais#pouvoirdachat\">Pouvoir d&rsquo;achat : le quinquennat a mieux finin qu&rsquo;il n&rsquo;a commenc\u00e9<\/a><\/strong><br \/>\n<strong>&#8211; <a href=\"https:\/\/www.toutsurmesfinances.com\/argent\/a\/bilan-de-francois-hollande-l-impact-de-sa-politique-sur-le-budget-des-francais#redistribution\">Redistribution des richesses <\/a><\/strong><br \/>\n<strong>&#8211; <a href=\"https:\/\/www.toutsurmesfinances.com\/argent\/a\/bilan-de-francois-hollande-l-impact-de-sa-politique-sur-le-budget-des-francais#epargne\">Baisse des rendements de l&rsquo;\u00e9pargne<\/a><\/strong><br \/>\n<strong>&#8211; <a href=\"https:\/\/www.toutsurmesfinances.com\/argent\/a\/bilan-de-francois-hollande-l-impact-de-sa-politique-sur-le-budget-des-francais#sante\">Frais de sant\u00e9 : diminution du reste \u00e0 charge<\/a><\/strong><\/p>\n<h2><span class=\"ez-toc-section\" id=\"Fiscalite_439_milliards_deuros_dimpots_sous_Hollande\"><\/span><a id=\"fiscalite\"><\/a>Fiscalit\u00e9 : +43,9 milliards d\u2019euros d\u2019imp\u00f4ts sous Hollande<span class=\"ez-toc-section-end\"><\/span><\/h2>\n<p>Si Fran\u00e7ois Hollande semble finalement avoir r\u00e9ussi \u00e0 inverser la courbe du ch\u00f4mage \u00e0 la lumi\u00e8re des statistiques des derniers mois, il ne peut pas en dire autant pour les imp\u00f4ts qui continuent d\u2019augmenter en 2017 pour les particuliers. Son bilan restera marqu\u00e9 par le <em>\u00ab ras-le-bol fiscal \u00bb<\/em> des Fran\u00e7ais.<\/p>\n<p>Les imp\u00f4ts et autres pr\u00e9l\u00e8vements obligatoires dus \u00e0 des mesures adopt\u00e9es ou reconduites sous le quinquennat du futur ex-pr\u00e9sident de la R\u00e9publique ont alourdi la facture des m\u00e9nages de 43,9 milliards d\u2019euros de 2012 \u00e0 2017 selon les calculs de la d\u00e9put\u00e9e PS Val\u00e9rie Rabault, ex-rapporteure g\u00e9n\u00e9rale du Budget \u00e0 l\u2019Assembl\u00e9e nationale (contre une diminution de 11,1 milliards d\u2019euros pour les entreprises).<\/p>\n<p>La politique de baisses d\u2019imp\u00f4t sur le revenu d\u00e9cid\u00e9e depuis 2014 (et <strong><a href=\"https:\/\/www.toutsurmesfinances.com\/impots\/impot-sur-le-revenu-2017-200-euros-de-reduction-d-impot-pour-5-millions-de-foyers.html\" target=\"_blank\" rel=\"noopener\">renouvel\u00e9e en 2017<\/a><\/strong>) a certes permis \u00e0 plusieurs millions de m\u00e9nages modestes d\u2019\u00eatre moins impos\u00e9s, voire plus du tout, sur leurs revenus. <strong>&gt; En savoir + <a href=\"https:\/\/www.toutsurmesfinances.com\/impots\/imposable-ou-non-imposable-sur-le-revenu-a-partir-de-combien-paye-t-on-des-impots.html\" target=\"_blank\" rel=\"noopener\">A partir de combien est-on imposable en 2017 : seuils et plafonds<\/a><\/strong><\/p>\n<p>Mais les imp\u00f4ts locaux n\u2019ont cess\u00e9 de grimper, notamment en lien avec la baisse des dotations de l\u2019Etat aux collectivit\u00e9s locales d\u00e9cid\u00e9e par l\u2019ex\u00e9cutif. La politique fiscale de Fran\u00e7ois Hollande a sans surprise pes\u00e9 davantage sur les plus riches, \u00e0 la faveur du quasi-r\u00e9tablissement du <strong><a href=\"https:\/\/www.toutsurmesfinances.com\/patrimoine\/a\/bareme-isf-seuil-taux-et-calcul-de-l-impot-sur-la-fortune\" target=\"_blank\" rel=\"noopener\">bar\u00e8me de l\u2019ISF<\/a><\/strong> en 2013, de l\u2019alignement de la fiscalit\u00e9 du capital sur celle des revenus du travail (en phase avec l&rsquo;une de ses principales promesses de campagne pr\u00e9sidentielle) et du durcissement du r\u00e9gime d\u2019imposition des donations et successions en ao\u00fbt 2012.<\/p>\n<h2><span class=\"ez-toc-section\" id=\"Pouvoir_dachat_bilan_quasi-nul\"><\/span><a id=\"pouvoirdachat\"><\/a>Pouvoir d\u2019achat : bilan quasi-nul<span class=\"ez-toc-section-end\"><\/span><\/h2>\n<p>L\u2019accroissement du ch\u00f4mage et de la pression fiscale ont lourdement pes\u00e9, tout particuli\u00e8rement au d\u00e9but du quinquennat, sur le pouvoir d\u2019achat des m\u00e9nages. Mesur\u00e9 par l\u2019Insee \u00e0 l&rsquo;\u00e9chelle des foyers \u00e0 partir d\u2019un indicateur d\u00e9nomm\u00e9 revenu disponible brut (RDB) par unit\u00e9 de consommation, celui-ci a recul\u00e9 de 1,5% en 2012 et de 1% en 2013, conduisant alors les \u00e9pargnants \u00e0 puiser dans leurs \u00e9conomies. On notera qu&rsquo;en 2011, lorsque Fran\u00e7ois Fillon \u00e9tait encore Premier ministre, le pouvoir d&rsquo;achat des m\u00e9nages \u00e9tait d\u00e9j\u00e0 en recul.<\/p>\n<p>Le pouvoir d\u2019achat s\u2019est ensuite stabilis\u00e9 en 2014 (+0,1%) malgr\u00e9 la hausse des taux de TVA au 1er janvier 2014, avant de se reprendre en 2015 et 2016 (+1,2% et +1,4% respectivement). Toutefois, les baisses d\u2019imp\u00f4t d\u00e9cid\u00e9es par l\u2019Elys\u00e9e et Matignon pour les classes moyennes et modestes, de m\u00eame que la r\u00e9forme des prix de l\u2019\u00e9nergie (gaz et \u00e9lectricit\u00e9, cr\u00e9ation du ch\u00e8que \u00e9nergie qui sera g\u00e9n\u00e9ralis\u00e9 au 1er janvier 2018) n\u2019ont pas \u00e9t\u00e9 les uniques moteurs de ce redressement : les Fran\u00e7ais ont pleinement b\u00e9n\u00e9fici\u00e9 de la baisse des <strong><a href=\"https:\/\/www.toutsurmesfinances.com\/argent\/a\/prix-du-gaz-tarifs-du-gaz-comparatif-et-evolution\" target=\"_blank\" rel=\"noopener\">prix du gaz naturel<\/a><\/strong> et des carburants \u00e0 la pompe jusqu\u2019en 2016.<\/p>\n<p>En revanche, Fran\u00e7ois Hollande a fait le choix de ne pas augmenter les bas salaires durant son quinquennat : ses gouvernements successifs (Ayrault, Valls, Cazeneuve) se sont content\u00e9s d\u2019une revalorisation m\u00e9canique du Smic chaque ann\u00e9e, <strong><a href=\"https:\/\/www.toutsurmesfinances.com\/argent\/a\/smic-brut-smic-net-augmentation-de-0-93-en-2017\" target=\"_blank\" rel=\"noopener\">y compris en 2017<\/a><\/strong>, \u00e0 l\u2019exception notable d\u2019un coup de pouce au 1er juillet 2012.<\/p>\n<h2><span class=\"ez-toc-section\" id=\"Politique_familiale_et_allocations_redistribution_des_richesses\"><\/span><a id=\"redistribution\"><\/a>Politique familiale et allocations : redistribution des richesses<span class=\"ez-toc-section-end\"><\/span><\/h2>\n<p>Sans surprise, le gouvernement socialiste a men\u00e9 une politique de redistribution des richesses en faveur des Fran\u00e7ais les plus modestes et au d\u00e9triment des Fran\u00e7ais les plus ais\u00e9s. D\u2019un c\u00f4t\u00e9, la mandature aura \u00e9t\u00e9 marqu\u00e9e par une revalorisation de 25% de <strong><a href=\"https:\/\/www.toutsurmesfinances.com\/impots\/allocation-de-rentree-scolaire-montants-conditions-dates-de-versement-2016.html\" target=\"_blank\" rel=\"noopener\">l\u2019allocation de rentr\u00e9e scolaire (ARS)<\/a><\/strong> en 2012 et une augmentation de 10% du<strong> <a href=\"https:\/\/www.toutsurmesfinances.com\/argent\/a\/rsa-conditions-demande-montants-et-calendrier-de-versement\" target=\"_blank\" rel=\"noopener\">revenu de solidarit\u00e9 active (RSA)<\/a><\/strong> de 2013 \u00e0 2017. Deux autres aides aux familles pauvres font \u00e9galement l\u2019objet d\u2019une augmentation pluriannuelle, toujours en cours : le compl\u00e9ment familial (+10% par an depuis 2014) pour les familles nombreuses dont les revenus sont inf\u00e9rieurs \u00e0 un plafond de ressources voisin du seuil de pauvret\u00e9 et l\u2019allocation de soutien familial (ASF) pour les familles monoparentales.<\/p>\n<p>A l\u2019oppos\u00e9, Fran\u00e7ois Hollande et ses ministres ont d\u00e9cid\u00e9 d\u2019abaisser le plafond du quotient familial pour le calcul de l&rsquo;imp\u00f4t et de moduler les allocations familiales (division par 2 ou par 4 au-del\u00e0 de certains seuls de revenus). Selon une \u00e9tude publi\u00e9e par la Caisse nationale des allocations familiales (Cnaf) en 2015, cette politique devrait conduire d\u2019ici 2018 \u00e0 une diminution du revenu disponible de 67 euros par mois en moyenne pour 3,2 millions de familles avec enfants et \u00e0 une augmentation du m\u00eame montant pour 2,1 millions de familles.<\/p>\n<h2><span class=\"ez-toc-section\" id=\"Livret_A_PEL_assurance_vie_la_baisse_des_rendements_cest_maintenant\"><\/span><a id=\"epargne\"><\/a>Livret A, PEL, assurance vie, la baisse des rendements, c\u2019est maintenant<span class=\"ez-toc-section-end\"><\/span><\/h2>\n<p>Pour l\u2019\u00e9pargnant, le bilan de Fran\u00e7ois Hollande se solde par six faits marquants :<\/p>\n<p>&#8211; <strong>Rel\u00e8vement du <a href=\"https:\/\/www.toutsurmesfinances.com\/placements\/livret-a-taux-plafond-interets-fiscalite-l-essentiel-a-savoir.html\" target=\"_blank\" rel=\"noopener\">plafond du Livret A<\/a><\/strong> de 15.300 \u00e0 22.950 euros et doublement du plafond du LDD de 6.000 \u00e0 12.000 euros (conform\u00e9ment \u00e0 son engagement de campagne n\u00b02 de 2012). Une augmentation qui a surtout b\u00e9n\u00e9fici\u00e9 aux Fran\u00e7ais disposant d\u2019une importante capacit\u00e9 d\u2019\u00e9pargne. Fran\u00e7ois Hollande n&rsquo;est cependant pas all\u00e9 au bout de son engagement \u00e0 doubler le plafond du Livret A, l\u2019une de ses 60 promesses de campagne.<\/p>\n<p>&#8211; <strong>Hausse de la fiscalit\u00e9 sur les int\u00e9r\u00eats, les dividendes et les plus-values<\/strong> par la suppression du pr\u00e9l\u00e8vement forfaitaire lib\u00e9ratoire. Depuis 2013, la r\u00e8gle est l\u2019imposition de ces gains au bar\u00e8me de l\u2019imp\u00f4t sur le revenu au m\u00eame titre que les salaires. Notons que dans son programme, Emmanuel Macron a pr\u00e9vu de revenir sur cette disposition par la cr\u00e9ation d&rsquo;un pr\u00e9l\u00e8vement fortaire unique.<\/p>\n<p>&#8211; <strong><a href=\"https:\/\/www.toutsurmesfinances.com\/bourse\/a\/pea-plafond-de-versements-a-150-000-euros\" target=\"_blank\" rel=\"noopener\">Rel\u00e8vement du plafond du PEA<\/a><\/strong> (plan d\u2019\u00e9pargne en actions) de 132.000 \u00e0 150.000 euros et cr\u00e9ation du PEA PME, un compte d\u00e9di\u00e9 \u00e0 l\u2019investissement dans les PME-ETI cot\u00e9es ou non cot\u00e9es.<\/p>\n<p>&#8211; <strong>Baisse du taux de r\u00e9mun\u00e9ration du Livret A<\/strong> et du <strong><a href=\"https:\/\/www.toutsurmesfinances.com\/placements\/pel-des-taux-differents-selon-la-date-d-ouverture.html\" target=\"_blank\" rel=\"noopener\">taux du PEL<\/a><\/strong> \u00e0 leur plus bas historique, dans le sillage de la politique de baisse des taux courts men\u00e9e par la Banque centrale europ\u00e9enne (BCE), soutenue par le gouvernement fran\u00e7ais et la Banque de France.<\/p>\n<p>&#8211; <strong>Essor du crowdfunding<\/strong> ou financement participatif sous l&rsquo;impulsion de Fleur Pellerin puis d&rsquo;Emmanuel Macron, tous deux anciens ministres de Fran\u00e7ois Hollande. La premi\u00e8re a favoris\u00e9 l&rsquo;instauration d&rsquo;un cadre juridique propice au financement des start-up et PME et le second l&rsquo;a assoupli.<\/p>\n<p>&#8211; <strong>Craintes sur l&rsquo;assurance vie<\/strong> suite \u00e0 l&rsquo;adoption de la <strong><a href=\"https:\/\/www.toutsurmesfinances.com\/placements\/assurance-vie-et-loi-sapin-2-principe-changements-et-entree-en-vigueur.html\" target=\"_blank\" rel=\"noopener\">loi Sapin 2<\/a><\/strong> \u00e0 l&rsquo;automne 2016, faisant redouter un blocage des contrats d&rsquo;assurance vie, alors que le dispositif vise \u00e0 prot\u00e9ger les petits \u00e9pargnants d&rsquo;une d\u00e9faillance des assureurs en cas de crise de grande ampleur. La nouveaut\u00e9 marquante est ailleurs : les pouvoirs publics ont d\u00e9sormais la possibilit\u00e9 de contraindre les assureurs \u00e0 diminuer les rendements servis sur leurs contrats et fonds en euros, alors que ceux-ci ont atteint un plus bas historique avec une <a href=\"https:\/\/www.toutsurmesfinances.com\/placements\/assurance-vie-classement-et-comparatif-des-taux-de-rendement.html\" target=\"_blank\" rel=\"noopener\">performance moyenne 2016 de 1,80%<\/a> net de frais et avant pr\u00e9l\u00e8vements.<\/p>\n<h2><span class=\"ez-toc-section\" id=\"Frais_de_sante_bilan_positif_avec_une_diminution_du_reste_a_charge\"><\/span><a id=\"sante\"><\/a>Frais de sant\u00e9 : bilan positif avec une diminution du reste \u00e0 charge<span class=\"ez-toc-section-end\"><\/span><\/h2>\n<p>Le poids des d\u00e9penses de sant\u00e9 restant \u00e0 la charge des assur\u00e9s, apr\u00e8s remboursements par la S\u00e9curit\u00e9 sociale et les organismes compl\u00e9mentaires (mutuelles et assurances sant\u00e9), n\u2019a cess\u00e9 de diminuer depuis le d\u00e9but du quinquennat.<\/p>\n<p>Le reste \u00e0 charge mesur\u00e9 par la Drees (Direction de la recherche, des \u00e9tudes, de l&rsquo;\u00e9valuation et des statistiques, rattach\u00e9e au minist\u00e8re de la sant\u00e9) est ainsi tomb\u00e9 de 9,3% des d\u00e9penses de sant\u00e9 en 2011, \u00e0 9,1% en 2012, 8,8% en 2013, 8,6% en 2014 et 8,4% en 2015, soit 247 euros par habitant. Des faits qui d\u00e9mentent l\u2019affirmation d\u2019Arnaud Montebourg, candidat malheureux \u00e0 la primaire de la gauche, qui d\u00e9plorait le 4 d\u00e9cembre 2016 une <em>\u00ab explosion du reste \u00e0 charge \u00bb<\/em> sur France Inter.<\/p>\n<p>Cependant, cette tendance favorable aux assur\u00e9s n\u2019est pas uniquement le fait de la politique de sant\u00e9 men\u00e9e par la ministre Marisol Touraine, qui a conduit \u00e0 l\u2019encadrement des d\u00e9passements d\u2019honoraires (conform\u00e9ment \u00e0 la promesse de campagne n\u00b020 de Fran\u00e7ois Hollande) et \u00e0 la g\u00e9n\u00e9ralisation de la compl\u00e9mentaire sant\u00e9 \u00e0 l\u2019ensemble des salari\u00e9s, entr\u00e9e en vigueur au 1er janvier 2016. Selon la Drees, des <em>\u00ab ph\u00e9nom\u00e8nes de fond \u00bb<\/em> ont permis de diminuer le reste \u00e0 charge, comme l\u2019augmentation du nombre de personnes en affection de longue dur\u00e9e (ALD) ou une <em>\u00ab d\u00e9formation de la consommation de soins vers les soins les mieux rembours\u00e9s \u00bb.<\/em><\/p>\n","protected":false},"excerpt":{"rendered":"<p>Quel est le bilan de la politique men\u00e9e par Fran\u00e7ois Hollande durant son quinquennat en 2012-2017 pour le porte-monnaie des Fran\u00e7ais ? Pression fiscale, pouvoir d\u2019achat, \u00e9pargne, frais de sant\u00e9\u2026 Retour sur le mandat de l&rsquo;ex-pr\u00e9sident de la R\u00e9publique, un peu plus de 100 jours apr\u00e8s l&rsquo;accession d&rsquo;Emmanuel Macron au pouvoir.<\/p>\n","protected":false},"author":13709,"featured_media":22475,"comment_status":"closed","ping_status":"closed","sticky":false,"template":"","format":"standard","meta":{"footnotes":""},"categories":[30],"tags":[],"class_list":["post-1378","post","type-post","status-publish","format-standard","has-post-thumbnail","hentry","category-budget"],"acf":[],"yoast_head":"<!-- This site is optimized with the Yoast SEO plugin v24.9 - https:\/\/yoast.com\/wordpress\/plugins\/seo\/ -->\n<title>Bilan de Francois Hollande : l\u2019impact de sa politique sur le budget des Fran\u00e7ais<\/title>\n<meta name=\"description\" content=\"Quel est le bilan de la politique men\u00e9e par Fran\u00e7ois Hollande durant son quinquennat en 2012-2017 pour le porte-monnaie des Fran\u00e7ais ? Pression fiscale, pouvoir d\u2019achat, \u00e9pargne, frais de sant\u00e9\u2026 Retour sur le mandat de l&#039;ex-pr\u00e9sident de la R\u00e9publique, un\" \/>\n<meta name=\"robots\" content=\"index, follow, max-snippet:-1, max-image-preview:large, max-video-preview:-1\" \/>\n<link rel=\"canonical\" href=\"https:\/\/www.toutsurmesfinances.com\/argent\/a\/bilan-de-francois-hollande-l-impact-de-sa-politique-sur-le-budget-des-francais\" \/>\n<meta property=\"og:locale\" content=\"fr_FR\" \/>\n<meta property=\"og:type\" content=\"article\" \/>\n<meta property=\"og:title\" content=\"Bilan de Francois Hollande : l\u2019impact de sa politique sur le budget des Fran\u00e7ais\" \/>\n<meta property=\"og:description\" content=\"Quel est le bilan de la politique men\u00e9e par Fran\u00e7ois Hollande durant son quinquennat en 2012-2017 pour le porte-monnaie des Fran\u00e7ais ? Pression fiscale, pouvoir d\u2019achat, \u00e9pargne, frais de sant\u00e9\u2026 Retour sur le mandat de l&#039;ex-pr\u00e9sident de la R\u00e9publique, un\" \/>\n<meta property=\"og:url\" content=\"https:\/\/www.toutsurmesfinances.com\/argent\/a\/bilan-de-francois-hollande-l-impact-de-sa-politique-sur-le-budget-des-francais\" \/>\n<meta property=\"og:site_name\" content=\"Argent\" \/>\n<meta property=\"article:published_time\" content=\"2016-12-27T10:55:45+00:00\" \/>\n<meta property=\"article:modified_time\" content=\"2025-07-10T14:19:56+00:00\" \/>\n<meta property=\"og:image\" content=\"https:\/\/www.toutsurmesfinances.com\/argent\/wp-content\/uploads\/sites\/3\/2025\/04\/image-argent-budget.jpg\" \/>\n\t<meta property=\"og:image:width\" content=\"600\" \/>\n\t<meta property=\"og:image:height\" content=\"400\" \/>\n\t<meta property=\"og:image:type\" content=\"image\/jpeg\" \/>\n<meta name=\"author\" content=\"Olivier Brunet\" \/>\n<meta name=\"twitter:card\" content=\"summary_large_image\" \/>\n<meta name=\"twitter:creator\" content=\"@Toutsur\" \/>\n<meta name=\"twitter:site\" content=\"@Toutsur\" \/>\n<meta name=\"twitter:label1\" content=\"\u00c9crit par\" \/>\n\t<meta name=\"twitter:data1\" content=\"Olivier Brunet\" \/>\n\t<meta name=\"twitter:label2\" content=\"Dur\u00e9e de lecture estim\u00e9e\" \/>\n\t<meta name=\"twitter:data2\" content=\"8 minutes\" \/>\n<script type=\"application\/ld+json\" class=\"yoast-schema-graph\">{\"@context\":\"https:\/\/schema.org\",\"@graph\":[{\"@type\":\"Article\",\"@id\":\"https:\/\/www.toutsurmesfinances.com\/argent\/a\/bilan-de-francois-hollande-l-impact-de-sa-politique-sur-le-budget-des-francais#article\",\"isPartOf\":{\"@id\":\"https:\/\/www.toutsurmesfinances.com\/argent\/a\/bilan-de-francois-hollande-l-impact-de-sa-politique-sur-le-budget-des-francais\"},\"author\":{\"name\":\"Olivier Brunet\",\"@id\":\"https:\/\/www.toutsurmesfinances.com\/argent\/#\/schema\/person\/f3692b3163890cd1408bd0dc68a1b55a\"},\"headline\":\"Bilan de Francois Hollande : l\u2019impact de sa politique sur le budget des Fran\u00e7ais\",\"dateModified\":\"2025-07-10T14:19:56+00:00\",\"mainEntityOfPage\":{\"@id\":\"https:\/\/www.toutsurmesfinances.com\/argent\/a\/bilan-de-francois-hollande-l-impact-de-sa-politique-sur-le-budget-des-francais\"},\"wordCount\":1467,\"publisher\":{\"@id\":\"https:\/\/www.toutsurmesfinances.com\/argent\/#organization\"},\"image\":{\"@id\":\"https:\/\/www.toutsurmesfinances.com\/argent\/a\/bilan-de-francois-hollande-l-impact-de-sa-politique-sur-le-budget-des-francais#primaryimage\"},\"thumbnailUrl\":\"https:\/\/www.toutsurmesfinances.com\/argent\/wp-content\/uploads\/sites\/3\/2025\/04\/image-argent-budget.jpg\",\"articleSection\":[\"Budget\"],\"inLanguage\":\"fr-FR\"},{\"@type\":\"WebPage\",\"@id\":\"https:\/\/www.toutsurmesfinances.com\/argent\/a\/bilan-de-francois-hollande-l-impact-de-sa-politique-sur-le-budget-des-francais\",\"url\":\"https:\/\/www.toutsurmesfinances.com\/argent\/a\/bilan-de-francois-hollande-l-impact-de-sa-politique-sur-le-budget-des-francais\",\"name\":\"Bilan de Francois Hollande : l\u2019impact de sa politique sur le budget des Fran\u00e7ais\",\"isPartOf\":{\"@id\":\"https:\/\/www.toutsurmesfinances.com\/argent\/#website\"},\"primaryImageOfPage\":{\"@id\":\"https:\/\/www.toutsurmesfinances.com\/argent\/a\/bilan-de-francois-hollande-l-impact-de-sa-politique-sur-le-budget-des-francais#primaryimage\"},\"image\":{\"@id\":\"https:\/\/www.toutsurmesfinances.com\/argent\/a\/bilan-de-francois-hollande-l-impact-de-sa-politique-sur-le-budget-des-francais#primaryimage\"},\"thumbnailUrl\":\"https:\/\/www.toutsurmesfinances.com\/argent\/wp-content\/uploads\/sites\/3\/2025\/04\/image-argent-budget.jpg\",\"dateModified\":\"2025-07-10T14:19:56+00:00\",\"description\":\"Quel est le bilan de la politique men\u00e9e par Fran\u00e7ois Hollande durant son quinquennat en 2012-2017 pour le porte-monnaie des Fran\u00e7ais ? Pression fiscale, pouvoir d\u2019achat, \u00e9pargne, frais de sant\u00e9\u2026 Retour sur le mandat de l'ex-pr\u00e9sident de la R\u00e9publique, un\",\"breadcrumb\":{\"@id\":\"https:\/\/www.toutsurmesfinances.com\/argent\/a\/bilan-de-francois-hollande-l-impact-de-sa-politique-sur-le-budget-des-francais#breadcrumb\"},\"inLanguage\":\"fr-FR\",\"potentialAction\":[{\"@type\":\"ReadAction\",\"target\":[\"https:\/\/www.toutsurmesfinances.com\/argent\/a\/bilan-de-francois-hollande-l-impact-de-sa-politique-sur-le-budget-des-francais\"]}]},{\"@type\":\"ImageObject\",\"inLanguage\":\"fr-FR\",\"@id\":\"https:\/\/www.toutsurmesfinances.com\/argent\/a\/bilan-de-francois-hollande-l-impact-de-sa-politique-sur-le-budget-des-francais#primaryimage\",\"url\":\"https:\/\/www.toutsurmesfinances.com\/argent\/wp-content\/uploads\/sites\/3\/2025\/04\/image-argent-budget.jpg\",\"contentUrl\":\"https:\/\/www.toutsurmesfinances.com\/argent\/wp-content\/uploads\/sites\/3\/2025\/04\/image-argent-budget.jpg\",\"width\":600,\"height\":400},{\"@type\":\"BreadcrumbList\",\"@id\":\"https:\/\/www.toutsurmesfinances.com\/argent\/a\/bilan-de-francois-hollande-l-impact-de-sa-politique-sur-le-budget-des-francais#breadcrumb\",\"itemListElement\":[{\"@type\":\"ListItem\",\"position\":1,\"name\":\"Accueil\",\"item\":\"https:\/\/www.toutsurmesfinances.com\/argent\/\"},{\"@type\":\"ListItem\",\"position\":2,\"name\":\"Budget\",\"item\":\"https:\/\/www.toutsurmesfinances.com\/argent\/c\/budget\"},{\"@type\":\"ListItem\",\"position\":3,\"name\":\"Bilan de Francois Hollande : l\u2019impact de sa politique sur le budget des Fran\u00e7ais\"}]},{\"@type\":\"WebSite\",\"@id\":\"https:\/\/www.toutsurmesfinances.com\/argent\/#website\",\"url\":\"https:\/\/www.toutsurmesfinances.com\/argent\/\",\"name\":\"Argent\",\"description\":\"\",\"publisher\":{\"@id\":\"https:\/\/www.toutsurmesfinances.com\/argent\/#organization\"},\"potentialAction\":[{\"@type\":\"SearchAction\",\"target\":{\"@type\":\"EntryPoint\",\"urlTemplate\":\"https:\/\/www.toutsurmesfinances.com\/argent\/?s={search_term_string}\"},\"query-input\":{\"@type\":\"PropertyValueSpecification\",\"valueRequired\":true,\"valueName\":\"search_term_string\"}}],\"inLanguage\":\"fr-FR\"},{\"@type\":\"Organization\",\"@id\":\"https:\/\/www.toutsurmesfinances.com\/argent\/#organization\",\"name\":\"Tout Sur Mes Finances\",\"url\":\"https:\/\/www.toutsurmesfinances.com\/argent\/\",\"logo\":{\"@type\":\"ImageObject\",\"inLanguage\":\"fr-FR\",\"@id\":\"https:\/\/www.toutsurmesfinances.com\/argent\/#\/schema\/logo\/image\/\",\"url\":\"https:\/\/www.toutsurmesfinances.com\/argent\/wp-content\/uploads\/sites\/3\/2021\/01\/favicon.png\",\"contentUrl\":\"https:\/\/www.toutsurmesfinances.com\/argent\/wp-content\/uploads\/sites\/3\/2021\/01\/favicon.png\",\"width\":512,\"height\":512,\"caption\":\"Tout Sur Mes Finances\"},\"image\":{\"@id\":\"https:\/\/www.toutsurmesfinances.com\/argent\/#\/schema\/logo\/image\/\"},\"sameAs\":[\"https:\/\/x.com\/Toutsur\"]},{\"@type\":\"Person\",\"@id\":\"https:\/\/www.toutsurmesfinances.com\/argent\/#\/schema\/person\/f3692b3163890cd1408bd0dc68a1b55a\",\"name\":\"Olivier Brunet\",\"image\":{\"@type\":\"ImageObject\",\"inLanguage\":\"fr-FR\",\"@id\":\"https:\/\/www.toutsurmesfinances.com\/argent\/#\/schema\/person\/image\/\",\"url\":\"https:\/\/secure.gravatar.com\/avatar\/59a19214b7bb3163a27d873fa61f9a80?s=96&d=mm&r=g\",\"contentUrl\":\"https:\/\/secure.gravatar.com\/avatar\/59a19214b7bb3163a27d873fa61f9a80?s=96&d=mm&r=g\",\"caption\":\"Olivier Brunet\"},\"description\":\"Olivier Brunet est cofondateur de\u00a0ToutSurMesFinances.com\u00a0et r\u00e9dacteur en chef sp\u00e9cialis\u00e9 en placements et fiscalit\u00e9\u00a0des particuliers. Pr\u00e9sent\u00a0au sein du\u00a0m\u00e9dia\u00a0depuis sa cr\u00e9ation, il en est l\u2019un des piliers \u00e9ditoriaux. Il analyse les strat\u00e9gies d\u2019investissement,\u00a0suit\u00a0les \u00e9volutions fiscales et les\u00a0probl\u00e9matiques\u00a0patrimoniales\u00a0avec une vision long terme, forg\u00e9e par des ann\u00e9es de pratique et de suivi des march\u00e9s.\u00a0\",\"sameAs\":[\"https:\/\/www.toutsurmesfinances.com\/author\/olivier\",\"https:\/\/www.linkedin.com\/in\/obrunet\/\"]}]}<\/script>\n<!-- \/ Yoast SEO plugin. -->","yoast_head_json":{"title":"Bilan de Francois Hollande : l\u2019impact de sa politique sur le budget des Fran\u00e7ais","description":"Quel est le bilan de la politique men\u00e9e par Fran\u00e7ois Hollande durant son quinquennat en 2012-2017 pour le porte-monnaie des Fran\u00e7ais ? Pression fiscale, pouvoir d\u2019achat, \u00e9pargne, frais de sant\u00e9\u2026 Retour sur le mandat de l'ex-pr\u00e9sident de la R\u00e9publique, un","robots":{"index":"index","follow":"follow","max-snippet":"max-snippet:-1","max-image-preview":"max-image-preview:large","max-video-preview":"max-video-preview:-1"},"canonical":"https:\/\/www.toutsurmesfinances.com\/argent\/a\/bilan-de-francois-hollande-l-impact-de-sa-politique-sur-le-budget-des-francais","og_locale":"fr_FR","og_type":"article","og_title":"Bilan de Francois Hollande : l\u2019impact de sa politique sur le budget des Fran\u00e7ais","og_description":"Quel est le bilan de la politique men\u00e9e par Fran\u00e7ois Hollande durant son quinquennat en 2012-2017 pour le porte-monnaie des Fran\u00e7ais ? Pression fiscale, pouvoir d\u2019achat, \u00e9pargne, frais de sant\u00e9\u2026 Retour sur le mandat de l'ex-pr\u00e9sident de la R\u00e9publique, un","og_url":"https:\/\/www.toutsurmesfinances.com\/argent\/a\/bilan-de-francois-hollande-l-impact-de-sa-politique-sur-le-budget-des-francais","og_site_name":"Argent","article_published_time":"2016-12-27T10:55:45+00:00","article_modified_time":"2025-07-10T14:19:56+00:00","og_image":[{"width":600,"height":400,"url":"https:\/\/www.toutsurmesfinances.com\/argent\/wp-content\/uploads\/sites\/3\/2025\/04\/image-argent-budget.jpg","type":"image\/jpeg"}],"author":"Olivier Brunet","twitter_card":"summary_large_image","twitter_creator":"@Toutsur","twitter_site":"@Toutsur","twitter_misc":{"\u00c9crit par":"Olivier Brunet","Dur\u00e9e de lecture estim\u00e9e":"8 minutes"},"schema":{"@context":"https:\/\/schema.org","@graph":[{"@type":"Article","@id":"https:\/\/www.toutsurmesfinances.com\/argent\/a\/bilan-de-francois-hollande-l-impact-de-sa-politique-sur-le-budget-des-francais#article","isPartOf":{"@id":"https:\/\/www.toutsurmesfinances.com\/argent\/a\/bilan-de-francois-hollande-l-impact-de-sa-politique-sur-le-budget-des-francais"},"author":{"name":"Olivier Brunet","@id":"https:\/\/www.toutsurmesfinances.com\/argent\/#\/schema\/person\/f3692b3163890cd1408bd0dc68a1b55a"},"headline":"Bilan de Francois Hollande : l\u2019impact de sa politique sur le budget des Fran\u00e7ais","dateModified":"2025-07-10T14:19:56+00:00","mainEntityOfPage":{"@id":"https:\/\/www.toutsurmesfinances.com\/argent\/a\/bilan-de-francois-hollande-l-impact-de-sa-politique-sur-le-budget-des-francais"},"wordCount":1467,"publisher":{"@id":"https:\/\/www.toutsurmesfinances.com\/argent\/#organization"},"image":{"@id":"https:\/\/www.toutsurmesfinances.com\/argent\/a\/bilan-de-francois-hollande-l-impact-de-sa-politique-sur-le-budget-des-francais#primaryimage"},"thumbnailUrl":"https:\/\/www.toutsurmesfinances.com\/argent\/wp-content\/uploads\/sites\/3\/2025\/04\/image-argent-budget.jpg","articleSection":["Budget"],"inLanguage":"fr-FR"},{"@type":"WebPage","@id":"https:\/\/www.toutsurmesfinances.com\/argent\/a\/bilan-de-francois-hollande-l-impact-de-sa-politique-sur-le-budget-des-francais","url":"https:\/\/www.toutsurmesfinances.com\/argent\/a\/bilan-de-francois-hollande-l-impact-de-sa-politique-sur-le-budget-des-francais","name":"Bilan de Francois Hollande : l\u2019impact de sa politique sur le budget des Fran\u00e7ais","isPartOf":{"@id":"https:\/\/www.toutsurmesfinances.com\/argent\/#website"},"primaryImageOfPage":{"@id":"https:\/\/www.toutsurmesfinances.com\/argent\/a\/bilan-de-francois-hollande-l-impact-de-sa-politique-sur-le-budget-des-francais#primaryimage"},"image":{"@id":"https:\/\/www.toutsurmesfinances.com\/argent\/a\/bilan-de-francois-hollande-l-impact-de-sa-politique-sur-le-budget-des-francais#primaryimage"},"thumbnailUrl":"https:\/\/www.toutsurmesfinances.com\/argent\/wp-content\/uploads\/sites\/3\/2025\/04\/image-argent-budget.jpg","dateModified":"2025-07-10T14:19:56+00:00","description":"Quel est le bilan de la politique men\u00e9e par Fran\u00e7ois Hollande durant son quinquennat en 2012-2017 pour le porte-monnaie des Fran\u00e7ais ? Pression fiscale, pouvoir d\u2019achat, \u00e9pargne, frais de sant\u00e9\u2026 Retour sur le mandat de l'ex-pr\u00e9sident de la R\u00e9publique, un","breadcrumb":{"@id":"https:\/\/www.toutsurmesfinances.com\/argent\/a\/bilan-de-francois-hollande-l-impact-de-sa-politique-sur-le-budget-des-francais#breadcrumb"},"inLanguage":"fr-FR","potentialAction":[{"@type":"ReadAction","target":["https:\/\/www.toutsurmesfinances.com\/argent\/a\/bilan-de-francois-hollande-l-impact-de-sa-politique-sur-le-budget-des-francais"]}]},{"@type":"ImageObject","inLanguage":"fr-FR","@id":"https:\/\/www.toutsurmesfinances.com\/argent\/a\/bilan-de-francois-hollande-l-impact-de-sa-politique-sur-le-budget-des-francais#primaryimage","url":"https:\/\/www.toutsurmesfinances.com\/argent\/wp-content\/uploads\/sites\/3\/2025\/04\/image-argent-budget.jpg","contentUrl":"https:\/\/www.toutsurmesfinances.com\/argent\/wp-content\/uploads\/sites\/3\/2025\/04\/image-argent-budget.jpg","width":600,"height":400},{"@type":"BreadcrumbList","@id":"https:\/\/www.toutsurmesfinances.com\/argent\/a\/bilan-de-francois-hollande-l-impact-de-sa-politique-sur-le-budget-des-francais#breadcrumb","itemListElement":[{"@type":"ListItem","position":1,"name":"Accueil","item":"https:\/\/www.toutsurmesfinances.com\/argent\/"},{"@type":"ListItem","position":2,"name":"Budget","item":"https:\/\/www.toutsurmesfinances.com\/argent\/c\/budget"},{"@type":"ListItem","position":3,"name":"Bilan de Francois Hollande : l\u2019impact de sa politique sur le budget des Fran\u00e7ais"}]},{"@type":"WebSite","@id":"https:\/\/www.toutsurmesfinances.com\/argent\/#website","url":"https:\/\/www.toutsurmesfinances.com\/argent\/","name":"Argent","description":"","publisher":{"@id":"https:\/\/www.toutsurmesfinances.com\/argent\/#organization"},"potentialAction":[{"@type":"SearchAction","target":{"@type":"EntryPoint","urlTemplate":"https:\/\/www.toutsurmesfinances.com\/argent\/?s={search_term_string}"},"query-input":{"@type":"PropertyValueSpecification","valueRequired":true,"valueName":"search_term_string"}}],"inLanguage":"fr-FR"},{"@type":"Organization","@id":"https:\/\/www.toutsurmesfinances.com\/argent\/#organization","name":"Tout Sur Mes Finances","url":"https:\/\/www.toutsurmesfinances.com\/argent\/","logo":{"@type":"ImageObject","inLanguage":"fr-FR","@id":"https:\/\/www.toutsurmesfinances.com\/argent\/#\/schema\/logo\/image\/","url":"https:\/\/www.toutsurmesfinances.com\/argent\/wp-content\/uploads\/sites\/3\/2021\/01\/favicon.png","contentUrl":"https:\/\/www.toutsurmesfinances.com\/argent\/wp-content\/uploads\/sites\/3\/2021\/01\/favicon.png","width":512,"height":512,"caption":"Tout Sur Mes Finances"},"image":{"@id":"https:\/\/www.toutsurmesfinances.com\/argent\/#\/schema\/logo\/image\/"},"sameAs":["https:\/\/x.com\/Toutsur"]},{"@type":"Person","@id":"https:\/\/www.toutsurmesfinances.com\/argent\/#\/schema\/person\/f3692b3163890cd1408bd0dc68a1b55a","name":"Olivier Brunet","image":{"@type":"ImageObject","inLanguage":"fr-FR","@id":"https:\/\/www.toutsurmesfinances.com\/argent\/#\/schema\/person\/image\/","url":"https:\/\/secure.gravatar.com\/avatar\/59a19214b7bb3163a27d873fa61f9a80?s=96&d=mm&r=g","contentUrl":"https:\/\/secure.gravatar.com\/avatar\/59a19214b7bb3163a27d873fa61f9a80?s=96&d=mm&r=g","caption":"Olivier Brunet"},"description":"Olivier Brunet est cofondateur de\u00a0ToutSurMesFinances.com\u00a0et r\u00e9dacteur en chef sp\u00e9cialis\u00e9 en placements et fiscalit\u00e9\u00a0des particuliers. Pr\u00e9sent\u00a0au sein du\u00a0m\u00e9dia\u00a0depuis sa cr\u00e9ation, il en est l\u2019un des piliers \u00e9ditoriaux. Il analyse les strat\u00e9gies d\u2019investissement,\u00a0suit\u00a0les \u00e9volutions fiscales et les\u00a0probl\u00e9matiques\u00a0patrimoniales\u00a0avec une vision long terme, forg\u00e9e par des ann\u00e9es de pratique et de suivi des march\u00e9s.\u00a0","sameAs":["https:\/\/www.toutsurmesfinances.com\/author\/olivier","https:\/\/www.linkedin.com\/in\/obrunet\/"]}]}},"_links":{"self":[{"href":"https:\/\/www.toutsurmesfinances.com\/argent\/wp-json\/wp\/v2\/posts\/1378","targetHints":{"allow":["GET"]}}],"collection":[{"href":"https:\/\/www.toutsurmesfinances.com\/argent\/wp-json\/wp\/v2\/posts"}],"about":[{"href":"https:\/\/www.toutsurmesfinances.com\/argent\/wp-json\/wp\/v2\/types\/post"}],"author":[{"embeddable":true,"href":"https:\/\/www.toutsurmesfinances.com\/argent\/wp-json\/wp\/v2\/users\/13709"}],"replies":[{"embeddable":true,"href":"https:\/\/www.toutsurmesfinances.com\/argent\/wp-json\/wp\/v2\/comments?post=1378"}],"version-history":[{"count":1,"href":"https:\/\/www.toutsurmesfinances.com\/argent\/wp-json\/wp\/v2\/posts\/1378\/revisions"}],"predecessor-version":[{"id":22521,"href":"https:\/\/www.toutsurmesfinances.com\/argent\/wp-json\/wp\/v2\/posts\/1378\/revisions\/22521"}],"wp:featuredmedia":[{"embeddable":true,"href":"https:\/\/www.toutsurmesfinances.com\/argent\/wp-json\/wp\/v2\/media\/22475"}],"wp:attachment":[{"href":"https:\/\/www.toutsurmesfinances.com\/argent\/wp-json\/wp\/v2\/media?parent=1378"}],"wp:term":[{"taxonomy":"category","embeddable":true,"href":"https:\/\/www.toutsurmesfinances.com\/argent\/wp-json\/wp\/v2\/categories?post=1378"},{"taxonomy":"post_tag","embeddable":true,"href":"https:\/\/www.toutsurmesfinances.com\/argent\/wp-json\/wp\/v2\/tags?post=1378"}],"curies":[{"name":"wp","href":"https:\/\/api.w.org\/{rel}","templated":true}]}}