{"id":1426,"date":"2017-01-31T08:38:19","date_gmt":"2017-01-31T07:38:19","guid":{"rendered":"https:\/\/www.toutsurmesfinances.com\/argent\/a\/revenu-universel-impots-retraite-le-programme-de-benoit-hamon-pour-2017"},"modified":"2018-07-19T15:26:15","modified_gmt":"2018-07-19T15:26:15","slug":"revenu-universel-impots-retraite-le-programme-de-benoit-hamon-pour-2017","status":"publish","type":"post","link":"https:\/\/www.toutsurmesfinances.com\/argent\/a\/revenu-universel-impots-retraite-le-programme-de-benoit-hamon-pour-2017","title":{"rendered":"Revenu universel, imp\u00f4ts, retraite : le programme de Beno\u00eet Hamon pour 2017"},"content":{"rendered":"\n<p><strong>&#8211; <a href=\"https:\/\/www.toutsurmesfinances.com\/argent\/a\/revenu-universel-impots-retraite-le-programme-de-benoit-hamon-pour-2017#rue\">Revenu universel d&rsquo;existence<\/a><\/strong><br \/><strong>&#8211; <a href=\"https:\/\/www.toutsurmesfinances.com\/argent\/a\/revenu-universel-impots-retraite-le-programme-de-benoit-hamon-pour-2017#rsa\">RSA \u00e0 600 euros : 1\u00e8re mesure du quinquennat de Hamon<\/a><\/strong><br \/><strong>&#8211; <a href=\"https:\/\/www.toutsurmesfinances.com\/argent\/a\/revenu-universel-impots-retraite-le-programme-de-benoit-hamon-pour-2017#retraites\">Mesures sur les retraites<\/a><\/strong><br \/><strong>&#8211; <a href=\"https:\/\/www.toutsurmesfinances.com\/argent\/a\/revenu-universel-impots-retraite-le-programme-de-benoit-hamon-pour-2017#allocs\">Allocations familiales d\u00e8s le 1er enfant<\/a><\/strong><br \/><strong>&#8211; <a href=\"https:\/\/www.toutsurmesfinances.com\/argent\/a\/revenu-universel-impots-retraite-le-programme-de-benoit-hamon-pour-2017#smic\">Augmentation du Smic de 5% au 1er juillet 2017<\/a><\/strong><br \/><strong>&#8211; <a href=\"https:\/\/www.toutsurmesfinances.com\/argent\/a\/revenu-universel-impots-retraite-le-programme-de-benoit-hamon-pour-2017#fiscalite\">R\u00e9forme fiscale<\/a><\/strong><br \/><strong>&#8211; <a href=\"https:\/\/www.toutsurmesfinances.com\/argent\/a\/revenu-universel-impots-retraite-le-programme-de-benoit-hamon-pour-2017#autres\">Autres mesures sur le pouvoir d&rsquo;achat<\/a><\/strong><\/p>\n<h2><span class=\"ez-toc-section\" id=\"Revenu_universel_dexistence_mise_en_place_et_augmentation_du_montant_par_etapes\"><\/span><a id=\"rue\"><\/a>Revenu universel d&rsquo;existence : mise en place et augmentation du montant par \u00e9tapes<span class=\"ez-toc-section-end\"><\/span><\/h2>\n<h3><span class=\"ez-toc-section\" id=\"Quest-ce_que_cest\"><\/span>Qu&rsquo;est-ce que c&rsquo;est ?<span class=\"ez-toc-section-end\"><\/span><\/h3>\n<p>La cr\u00e9ation en France d\u2019un <strong><a href=\"https:\/\/www.toutsurmesfinances.com\/argent\/a\/revenu-universel-definition-montants-et-propositions\" target=\"_blank\">revenu universel<\/a><\/strong> d\u2019existence (RUE) est la mesure phare du programme politique et \u00e9conomique de Beno\u00eet Hamon. Le vainqueur de la primaire de la gauche veut, s\u2019il est \u00e9lu pr\u00e9sident de la R\u00e9publique, instaurer une <em>\u00ab allocation vers\u00e9e \u00e0 une personne majeure du jour de ses 18 ans jusqu\u2019\u00e0 sa mort qui vient en plus d\u2019un salaire, d\u2019une retraite ou des indemnit\u00e9s ch\u00f4mage qu\u2019elle per\u00e7oit \u00bb.<\/em><\/p>\n<p>Pour le candidat socialiste \u00e0 l\u2019Elys\u00e9e, il s\u2019agit ni plus ni moins de mettre en place <em>\u00ab une nouvelle protection sociale \u00bb<\/em>, une r\u00e9forme profonde et fondatrice qu\u2019il compare souvent lors de ses meetings \u00e0 la cr\u00e9ation de la S\u00e9curit\u00e9 sociale en 1945.<\/p>\n<p>Beno\u00eet Hamon estime que cette r\u00e9forme apporterait une r\u00e9ponse \u00e0 la disparition d\u2019emplois li\u00e9s \u00e0 la r\u00e9volution num\u00e9rique, \u00e0 la <em>\u00ab mont\u00e9e en puissance des machines, des algorithmes, de l\u2019intelligence artificielle qui se substituent aux bras et aux cerveaux des hommes \u00bb.<\/em> Avec le revenu universel, les Fran\u00e7ais devraient, de son point de vue, \u00eatre en capacit\u00e9 de choisir de moins travailler dans ce contexte de rar\u00e9faction des emplois. Le candidat PS, a re\u00e7u le soutien de l&rsquo;ex-candidat \u00e9cologiste Yannick Jadot, veut notamment donner la possibilit\u00e9 \u00e0 chacun de se donner le temps d\u2019accueillir un b\u00e9b\u00e9, d\u2019accompagner un enfant ou un adolescent pendant sa scolarit\u00e9 ou un parent en situation de d\u00e9pendance.<\/p>\n<p>Il s\u2019agit ainsi de cr\u00e9er un nouveau rapport au travail, mais aussi de <em>\u00ab r\u00e9soudre le probl\u00e8me crucial de la r\u00e9partition des richesses \u00bb<\/em> en France. Le 9 mars dans l&rsquo;Emission Politique sur France 2, Beno\u00eet Hamon a pr\u00e9cis\u00e9 sa doctrine en indiquant que <em>\u00ab le revenu universel a trois objectifs : augmenter le pouvoir d&rsquo;achat, \u00e9radiquer la pauvret\u00e9 et ma\u00eetriser les transitions li\u00e9es \u00e0 la transformation du travail qui am\u00e8nent souvent les jeunes actifs \u00e0 se trouver dans des p\u00e9riodes blanches \u00bb.<\/em><\/p>\n<p>On notera que Beno\u00eet Hamon a modifi\u00e9 et affin\u00e9 les modalit\u00e9s d&rsquo;application de son projet de revenu universel au fil de l&rsquo;eau. Lors de son meeting organis\u00e9 le 7 mars 2017 \u00e0 Marseille, Beno\u00eet Hamon a pr\u00e9par\u00e9 les esprits \u00e0 une version \u00ab\u00a0light\u00a0\u00bb de son projet de revenu universel.&nbsp; <em>\u00ab Le revenu universel d&rsquo;existence permettra \u00e0 une majorit\u00e9 des salari\u00e9s, une majorit\u00e9 d&rsquo;actifs, tous les jeunes de b\u00e9n\u00e9ficier ou d&rsquo;un revenu quand ils n&rsquo;en ont pas ou d&rsquo;un compl\u00e9ment de pouvoir d&rsquo;achat, a-t-il d\u00e9clar\u00e9, sugg\u00e9rant l&rsquo;id\u00e9e que tout le monde n&rsquo;y aurait pas droit. Voil\u00e0 ce que nous proposerons dans des conditions de financement qui surprendront Elles d\u00e9mentiront toutes les proph\u00e9ties les plus apocalyptiques qu&rsquo;on a pu entendre selon lesquelles le pays allait \u00eatre \u00e0 terre \u00bb.<\/em> La nouvelle mouture a \u00e9t\u00e9 pr\u00e9sent\u00e9e le jeudi 16 mars 2017 dans le cadre de l&rsquo;annonce de son projet \u00e0 la presse, et d\u00e9taill\u00e9e le lendemain par son \u00e9quipe de campagne.<\/p>\n<h3><span class=\"ez-toc-section\" id=\"Pour_qui_quand_et_pour_quel_montant\"><\/span>Pour qui, quand et pour quel montant ?<span class=\"ez-toc-section-end\"><\/span><\/h3>\n<p>Pour Beno\u00eet Hamon, la cr\u00e9ation du revenu universel d\u2019existence n\u2019interviendrait <em>\u00ab pas du jour au lendemain \u00bb<\/em> mais par \u00e9tapes, son objectif \u00e9tant d\u2019aboutir \u00e0 une g\u00e9n\u00e9ralisation progressive. Ce qu&rsquo;il a r\u00e9affirm\u00e9 le 9 mars 2017 lors de son passage TV sur France 2d\u2019ici la fin du quinquennat, en 2022.<\/p>\n<p>La premi\u00e8re \u00e9tape de l\u2019instauration de ce revenu universel doit \u00eatre mise en place d\u00e8s le 1er janvier 2018.<\/p>\n<p>Le d\u00e9put\u00e9 des Yvelines propose d\u2019accorder le RUE aux 18-25 ans. C&rsquo;est sur ce volet que le projet a fait l&rsquo;objet d&rsquo;une modification substantielle. A l&rsquo;origine, il \u00e9tait question d&rsquo;accorder le RUE sans conditions \u00e0 tous les jeunes qu\u2019ils soient \u00e9tudiants, en formation, en stage, au ch\u00f4mage ou avec un emploi afin qu\u2019ils deviennent <em>\u00ab autonomes vis-\u00e0-vis de leur famille \u00bb<\/em>. D\u00e9sormais, il est question d&rsquo;une modulation ne fonction des revenus per\u00e7us. Ainsi, les \u00e9tudiants devraient percevoir 600 euros et ceux qui ont un petit boulot <em>\u00ab un peu moins \u00bb<\/em>. Dans son programme (page 9), il indique qu&rsquo;un \u00e9tudiant ayant un petit job (1 jour de travail par semaine) percevrait un montant de 518 euros par mois.<\/p>\n<p>Autre limite : un <strong><a href=\"https:\/\/www.toutsurmesfinances.com\/impots\/rattachement-fiscal-des-enfants-majeurs-comment-ca-marche.html\" target=\"_blank\">jeune ayant opt\u00e9 pour le rattachement au foyer fiscal<\/a> <\/strong>de ses parents n&rsquo;aura pas droit au RUE. Sur son site Internet Benoithamon2017.fr, le candidat PS indique clairement que le dispositif vise aussi \u00e0 inciter les jeunes de 18 ans \u00e0 l&rsquo;autonomie fiscale afin de leur permettre de devenir b\u00e9n\u00e9ficiaire du RUE.<\/p>\n<p>Beno\u00eet Hamon a en outre pr\u00e9sent\u00e9, le 9 mars 2017, un nouveau volet dans son projet, visant \u00e0 accorder un compl\u00e9ment de revenus pour <em>\u00ab&nbsp;tout travailleur qui per\u00e7oit un salaire net jusqu\u2019\u00e0 1,9 smic mensuel&nbsp;\u00bb (<\/em>source<em> : <\/em>Le Monde<em>) <\/em>soit 2200 euros de salaire net (source programme de Beno\u00eet Hamon, page 9). Ni le bar\u00e8me de cet aide ni ses modalit\u00e9s d&rsquo;attribution n&rsquo;ont \u00e9t\u00e9 pr\u00e9cis\u00e9es. Pour un salari\u00e9 r\u00e9mun\u00e9r\u00e9 <strong><a href=\"https:\/\/www.toutsurmesfinances.com\/argent\/a\/smic-brut-net-montants-taux-et-revalorisation\" target=\"_blank\">au Smic<\/a><\/strong>, il serait question d&rsquo;un montant de 200 euros par mois.<\/p>\n<p>L&rsquo;un de ses proches, le d\u00e9put\u00e9 PS de la Loire R\u00e9gis Juanico, a publi\u00e9 sur Twitter l&rsquo;un des exemples cit\u00e9s par Beno\u00eet Hamon sur le plateau de l&rsquo;Emission Politique, celui d&rsquo;une assistante maternelle \u00e0 mi-temps.<\/p>\n<blockquote class=\"twitter-tweet\" data-lang=\"fr\">\n<p dir=\"ltr\" lang=\"fr\">Le <a href=\"https:\/\/twitter.com\/hashtag\/RevenuUniversel?src=hash\">#RevenuUniversel<\/a>, \u00e7a change tr\u00e8s concr\u00e8tement le bulletin de paie. <a href=\"https:\/\/twitter.com\/hashtag\/Hamon2017?src=hash\">#Hamon2017<\/a> <a href=\"https:\/\/twitter.com\/hashtag\/LEmissionPolitique?src=hash\">#LEmissionPolitique<\/a> <a href=\"https:\/\/t.co\/pfxLOaSn4W\">pic.twitter.com\/pfxLOaSn4W<\/a><\/p>\n<p> \u2014 R\u00e9gis JUANICO (@Juanico) <a href=\"https:\/\/twitter.com\/Juanico\/status\/839940583091232768\">9 mars 2017<\/a><\/p><\/blockquote>\n<p><strong>Exemples de montants figurant dans son programme (page 9) :<\/strong><\/p>\n<p>&#8211; agriculteur percevant 50% d&rsquo;un Smic : RUE de 397 euros par mois<\/p>\n<p>&#8211; couple d&rsquo;ouvriers au Smic : RUE de 390 euros, soit 145 euros chacun<\/p>\n<p>Pour aider les \u00e9lecteurs \u00e0 conna\u00eetre l&rsquo;impact du reveu universel d&rsquo;existence sur leurs finances personnelles, Beno\u00eet Hamon et son \u00e9quipe de campagne ont mis en ligne un <strong><a href=\"https:\/\/www.benoithamon2017.fr\/rue\/\" target=\"_blank\" rel=\"nofollow\">simulateur de calcul<\/a><\/strong>, o\u00f9 il suffit de renseigner le montant de son salaire brut et celui des allocations diverses d\u00e9j\u00e0 per\u00e7ues. Le r\u00e9sultat est instantan\u00e9 et permet de conna\u00eetre la somme per\u00e7us par mois et sur une ann\u00e9e compl\u00e8te au titre du RUE.<\/p>\n<p>Le revenu universel d&rsquo;existence doit \u00eatre vers\u00e9 sous la forme d&rsquo;une allocation pour les plus bas revenus, et sous la forme d&rsquo;une baisse d&rsquo;imp\u00f4t sur le revenu pour les classes moyennes \u00e9ligibles. Au total, 19 millions de personnes doivent \u00eatre concern\u00e9es, dont environ 10 millions d\u00e8s le 1er janvier 2018. Aucun changement n&rsquo;est pr\u00e9vu pour les personnes gagnant plus que 2800 euros bruts par mois, le projet ne pr\u00e9voyant pas de hausse d&rsquo;imp\u00f4t pour financer le RUE.<\/p>\n<p>S&rsquo;il est \u00e9lu pr\u00e9sident de la R\u00e9publique, Beno\u00eet Hamon entend nommer, d\u00e8s le d\u00e9but de son quinquennat, un haut-commissaire au revenu universel d\u2019existence. Plac\u00e9 sous l\u2019autorit\u00e9 directe du Premier ministre (qui pourrait \u00eatre une femme), il assurera le pilotage des travaux pr\u00e9paratoires \u00e0 la mise en \u0153uvre du Revenu universel d\u2019existence d\u00e9but 2018. En 2019, une grande <em>\u00ab conf\u00e9rence citoyenne \u00bb<\/em> serait organis\u00e9e pour aborder les conditions de la g\u00e9n\u00e9ralisation du revenu universel \u00e0 l\u2019ensemble des Fran\u00e7ais, son montant, son calendrier d\u2019entr\u00e9e en vigueur. Cette conf\u00e9rence s\u2019appuierait notamment sur les retours d\u2019exp\u00e9rience de l\u2019instauration de la r\u00e9forme pour les 18-25 ans sur l\u2019emploi, les salaires dans les branches professionnelles, etc. Beno\u00eet Hamon vise un montant de 750 euros \u00e0 la fin du quinquennat.<\/p>\n<h3><span class=\"ez-toc-section\" id=\"Quelles_demarches_a_accomplir_pour_devenir_beneficiaire\"><\/span>Quelles d\u00e9marches \u00e0 accomplir pour devenir b\u00e9n\u00e9ficiaire ?<span class=\"ez-toc-section-end\"><\/span><\/h3>\n<p>L&rsquo;un des objectifs du RUE est de lutter contre le non-recours aux aides sociales. C&rsquo;est la raison pour laquelle aucune d\u00e9marche ne sera demand\u00e9e pour b\u00e9n\u00e9ficier du RUE, si Beno\u00eet Hamon est \u00e9lu pr\u00e9sident de la R\u00e9publique : il est pr\u00e9vu que son versement soit automatis\u00e9 et vers\u00e9 automatiquement tous les mois<\/p>\n<h3><span class=\"ez-toc-section\" id=\"Quel_cout_et_quel_financement\"><\/span>Quel co\u00fbt et quel financement ?<span class=\"ez-toc-section-end\"><\/span><\/h3>\n<p>Initialement, le co\u00fbt du revenu universel d\u2019existence \u00e9tait chiffr\u00e9 \u00e0 300 milliards d\u2019euros par Beno\u00eet Hamon, dont 45 milliards d\u2019euros pour sa premi\u00e8re \u00e9tape. D\u00e9sormais, il est question de 35 milliards d\u2019euros pour la premi\u00e8re \u00e9tape et de 300 milliards d\u2019euros \u00e0 terme.<\/p>\n<p>A l&rsquo;origine, son financement devait reposer sur un red\u00e9ploiement de certaines aides, une augmentation des imp\u00f4ts pour les plus riches ainsi que sur la lutte contre l\u2019optimisation et la fraude fiscales. D\u00e9sormais, il est question, d&rsquo;apr\u00e8s le cadrage \u00e9conomique de son programme pr\u00e9sent\u00e9 le 17 mars, d&rsquo;une taxe sur les \u00ab\u00a0super-profits\u00a0\u00bb des banques, de lutte contre la fraude et l\u2019optimisation fiscales, un ciblage accru du CICE (cr\u00e9dit d&rsquo;imp\u00f4t comp\u00e9tivit\u00e9 emploi). En revanche, l&rsquo;entourage de Beno\u00eet Hamon a exclu toute hausse d&rsquo;imp\u00f4t sur les m\u00e9nages.&nbsp; A noter que l\u2019ancien conseiller de Martine Aubry veut rompre avec l\u2019objectif d\u2019un d\u00e9ficit public \u00e9gal \u00e0 3% du PIB, estimant que ce crit\u00e8re n\u2019est pas compatible avec la n\u00e9cessit\u00e9 de changer de mod\u00e8le de d\u00e9veloppement \u00e9conomique, social et environnemental. <strong><a href=\"https:\/\/www.toutsurmesfinances.com\/argent\/a\/le-programme-d-emmanuel-macron-pour-2017\" target=\"_blank\">Emmanuel Macron s&rsquo;est d\u00e9clar\u00e9 hostile \u00e0 cette proposition<\/a><\/strong>, jugeant son financement susceptible d&rsquo;accentuer la pression fiscale (on notera que Beno\u00eet Hamon s&rsquo;y est fermement refus\u00e9).<\/p>\n<h2><span class=\"ez-toc-section\" id=\"RSA_hausse_a_600_euros_1ere_mesure_de_son_quinquennat\"><\/span><a id=\"rsa\"><\/a>RSA : hausse \u00e0 600 euros, 1\u00e8re mesure de son quinquennat<span class=\"ez-toc-section-end\"><\/span><\/h2>\n<p>Le candidat PS propose de revaloriser le<strong><a href=\"https:\/\/www.toutsurmesfinances.com\/argent\/a\/rsa-conditions-demande-montants-et-calendrier-de-versement\" target=\"_blank\"> RSA (revenu de solidarit\u00e9 active)<\/a>&nbsp;<\/strong>de 10% \u00e0 600 euros (en fait l\u2019augmentation serait de 11,8% par rapport au montant actuel du RSA, apr\u00e8s sa revalorisation au 1er avril 2017). Cette mesure serait m\u00eame la premi\u00e8re qu&rsquo;il prendrait s&rsquo;il est \u00e9lu \u00e0 l&rsquo;Elys\u00e9e, a-t-il annonc\u00e9 le 10 avril 2017, lors de la pr\u00e9sentation de son plan d&rsquo;action des six premiers mois de son \u00e9ventuel mandat. La revalorisation interviendrait ainsi par d\u00e9cret peu apr\u00e8s le 7 mai 2017 et avant le 1er juillet.<\/p>\n<p>Beno\u00eet Hamon affiche aussi sa volont\u00e9 d&rsquo;accorder le<strong><a href=\"https:\/\/www.toutsurmesfinances.com\/argent\/a\/rsa-conditions-demande-montants-et-calendrier-de-versement\" target=\"_blank\"> RSA (revenu de solidarit\u00e9 active)<\/a> <\/strong>de fa\u00e7on syst\u00e9matique. Son objectif est de faire en sorte que toutes les personnes y ayant droit en b\u00e9n\u00e9ficient, alors qu\u2019un b\u00e9n\u00e9ficiaire potentiel sur trois ne le percevrait pas (une \u00e9tude men\u00e9e en 2010 \u00e9valuait le taux de non-recours \u00e0 35%). L&rsquo;objectif de Beno\u00eet Hamon est de remplacer le RSA par le RUE.<\/p>\n<h2><span class=\"ez-toc-section\" id=\"Retraites_revalorisation_des_pensions_prise_en_compte_accrue_de_la_penibilite\"><\/span><a id=\"retraites\"><\/a>Retraites : revalorisation des pensions, prise en compte accrue de la p\u00e9nibilit\u00e9<span class=\"ez-toc-section-end\"><\/span><\/h2>\n<p>Le volet du programme \u00e9conomique de Beno\u00eet Hamon qui concerne les retraites est l\u2019un des moins document\u00e9s. Il n\u2019a quasiment pas d\u00e9velopp\u00e9 spontan\u00e9ment ce th\u00e8me au cours de ses discours de campagne. Peut-\u00eatre parce qu\u2019il n\u2019a pas l\u2019intention de toucher \u00e0 l\u2019\u00e2ge l\u00e9gal de la retraite, fix\u00e9 \u00e0 62 ans.<\/p>\n<p>En revanche, il entend prendre en compte l\u2019engagement associatif dans le calcul des droits \u00e0 la retraite et am\u00e9liorer la retraite compl\u00e9mentaire des travailleurs ind\u00e9pendants.<\/p>\n<p>D\u2019une fa\u00e7on g\u00e9n\u00e9rale, il souhaite faire en sorte que le contenu du compte p\u00e9nibilit\u00e9, mis en place par la r\u00e9forme des retraites Hollande-Touraine de 2014, <em>\u00ab permette v\u00e9ritablement de partir plus t\u00f4t et d\u2019allonger la dur\u00e9e de la retraite pour ceux qui ont exerc\u00e9 un m\u00e9tier p\u00e9nible \u00bb.<br \/><\/em><\/p>\n<p>Il propose en outre de permettre de transf\u00e9rer des trimestres de cotisation valid\u00e9s entre conjoints. \u00ab<em>&nbsp;J\u2019observe que dans un certain nombre de couples, des travailleurs arrivent \u00e0 valider tous les trimestres pour pouvoir partir avec une retraite \u00e0 taux plein et qu\u2019ils vont au-del\u00e0<\/em>, a-t-il d\u00e9clar\u00e9 lors du premier d\u00e9bat t\u00e9l\u00e9vis\u00e9 de l&rsquo;\u00e9lection pr\u00e9sidentielle sur TF1, le 20 mars 2017. <em>Je propose qu\u2019il y ait d\u00e9sormais la possibilit\u00e9 pour une personne dans le couple de faire don de trimestres suppl\u00e9mentaires \u00e0 son conjoint de fa\u00e7on \u00e0 ce qu\u2019il puisse partir plus t\u00f4t \u00e0 la retraite&nbsp;et avec une pension beaucoup plus \u00e9lev\u00e9e \u00bb.<\/em><\/p>\n<p>Enfin, Beno\u00eet Hamon a l\u2019intention d\u2019am\u00e9liorer le pouvoir d\u2019achat des retrait\u00e9s, en prenant des mesures d\u00e8s 2017, s\u2019il est \u00e9lu pr\u00e9sident de la R\u00e9publique au mois de mai. Il promet ainsi :<br \/>&#8211; une augmentation de 10% l\u2019Aspa (ex-minimum vieillesse)<br \/>&#8211; la revalorisation de 2% des petites et moyennes pensions, \u00e9voqu\u00e9e au d\u00e9but de sa campagne, ne figure plus dans son projet pr\u00e9sent\u00e9 le 16 mars 2017.<\/p>\n<p>En revanche, Beno\u00eet Hamon propose la cr\u00e9ation d&rsquo;une nouvelle allocation \u00ab\u00a0Bien vivre en Ehpad\u00a0\u00bb proportionn\u00e9e en fonction du salaire, pour diminuer la facture des familles de personnes \u00e2g\u00e9es d\u00e9pendantes.<\/p>\n<p><strong>&gt; A lire aussi sur les autres candidats <a href=\"https:\/\/www.toutsurmesfinances.com\/retraite\/presidentielle-2017-les-propositions-des-candidats-sur-la-retraite.html\" target=\"_blank\">Pr\u00e9sidentielle 2017 : les propositions des candidats sur la retraite<\/a><\/strong><\/p>\n<h2><span class=\"ez-toc-section\" id=\"Famille_allocations_familiales_des_le_1er_enfant\"><\/span><a id=\"allocs\"><\/a>Famille : allocations familiales d\u00e8s le 1er enfant<span class=\"ez-toc-section-end\"><\/span><\/h2>\n<p>Beno\u00eet Hamon a annonc\u00e9 le 16 mars 2017 au Parisien qu&rsquo;il entendait \u00e9tendre le droit aux allocations familiales d\u00e8s le premier enfant. <em>\u00ab<\/em> <em>Actuellement, une famille ne per\u00e7oit des allocations qu&rsquo;\u00e0 partir du deuxi\u00e8me enfant, alors que c&rsquo;est \u00e0 l&rsquo;arriv\u00e9e du premier qu&rsquo;elle en a le plus besoin. La poussette, l&rsquo;am\u00e9nagement de la chambre, les v\u00eatements, \u00e7a co\u00fbte cher ! Je suis p\u00e8re, je m&rsquo;en souviens. Et finalement, c&rsquo;est lorsque vous donnez les affaires du premier au second que tombe l&rsquo;allocation familiale. C&rsquo;est incoh\u00e9rent !<\/em> a-t-il justifi\u00e9.<em> Si je veux \u00e9largir ce droit, c&rsquo;est aussi pour soutenir notre d\u00e9mographie \u00bb.<\/em><\/p>\n<p>A ce titre, il est question d&rsquo;instaurer une allocation de 60 euros par mois. Cette aide financi\u00e8re b\u00e9n\u00e9ficierait aux 3,5 millions de familles qui aujourd\u2019hui ne per\u00e7oivent pas d\u2019allocations familiales parce qu\u2019elles n\u2019ont qu\u2019un seul enfant.<\/p>\n<h2><span class=\"ez-toc-section\" id=\"Smic_revalorisation_au_programme_de_5_des_2017\"><\/span><a id=\"smic\"><\/a>Smic : revalorisation au programme de 5% d\u00e8s 2017<span class=\"ez-toc-section-end\"><\/span><\/h2>\n<p>Beno\u00eet Hamon appelle \u00e0 une hausse des r\u00e9mun\u00e9rations tant dans le priv\u00e9 que dans le secteur public (notamment en direction des enseignants). Partant du constat que <strong><a href=\"https:\/\/www.toutsurmesfinances.com\/argent\/a\/smic-brut-net-montants-taux-et-revalorisation\" target=\"_blank\">le Smic<\/a><\/strong> a <em>\u00ab augment\u00e9 plus sous le quinquennat de Nicolas Sarkozy que celui de Fran\u00e7ois Hollande \u00bb<\/em>, il entend proc\u00e9der \u00e0 une revalorisation de 5% quasiment d\u00e8s son arriv\u00e9e au pouvoir, s&rsquo;il est \u00e9lu en mai 2017. Le d\u00e9cret qu&rsquo;il prendrait entrerait en vigueur d\u00e8s le 1er juillet 2017.<\/p>\n<p>Toujours sur le plan des r\u00e9mun\u00e9rations, Beno\u00eet Hamon veut faire respecter l\u2019\u00e9galit\u00e9 salariale femmes-hommes, en renfor\u00e7ant les contr\u00f4les et les sanctions l\u00e9gales en cas de manquement.<\/p>\n<p>Enfin, il a annonc\u00e9 son intention de revaloriser le point d&rsquo;indice des fonctionnaires, revalorisation qui serait <em>\u00ab sup\u00e9rieure&nbsp;\u00bb<\/em> pour les agents de cat\u00e9gorie C (d\u00e9claration lors du meeting de Marseille, le 7 mars 2017).<\/p>\n<h2><span class=\"ez-toc-section\" id=\"Impots_et_taxes_hausse_des_prelevements_sur_les_plus_riches\"><\/span><a id=\"fiscalite\"><\/a>Imp\u00f4ts et taxes : hausse des pr\u00e9l\u00e8vements sur les plus riches<span class=\"ez-toc-section-end\"><\/span><\/h2>\n<p>Le projet de r\u00e9forme fiscale propos\u00e9 par Beno\u00eet Hamon va \u00e0 l\u2019oppos\u00e9 du <strong><a href=\"https:\/\/www.toutsurmesfinances.com\/impots\/impots-le-programme-fiscal-de-francois-fillon-pour-2017.html\" target=\"_blank\">programme pr\u00e9sent\u00e9 par Fran\u00e7ois Fillon<\/a><\/strong>. Le d\u00e9put\u00e9, class\u00e9 \u00e0 gauche du PS, a clairement affich\u00e9 au cours de ses meetings ou de ses interventions t\u00e9l\u00e9vis\u00e9es son intention d\u2019alourdir la pression fiscale sur les plus riches, afin de mieux r\u00e9partir les richesses en France.<\/p>\n<p>Son programme fiscal repose sur deux volets :<br \/>&#8211; une r\u00e9forme en profondeur de l\u2019imp\u00f4t sur le revenu<br \/>&#8211; une refonte des imp\u00f4ts sur la propri\u00e9t\u00e9 autour d\u2019un seul imp\u00f4t sur le patrimoine.<\/p>\n<p>Le contenu de ces r\u00e9formes sera d\u00e9taill\u00e9 par l&rsquo;\u00e9quipe de campagne de Beno\u00eet Hamon dans les jours qui viennent.<\/p>\n<p>Plus de d\u00e9tails :<strong> <a href=\"https:\/\/www.toutsurmesfinances.com\/impots\/presidentielle-2017-le-programme-fiscal-de-benoit-hamon.html\" target=\"_blank\">le programme fiscal de Beno\u00eet Hamon<\/a><\/strong><\/p>\n<h3><span class=\"ez-toc-section\" id=\"Reforme_de_limpot_sur_le_revenu\"><\/span>R\u00e9forme de l\u2019imp\u00f4t sur le revenu<span class=\"ez-toc-section-end\"><\/span><\/h3>\n<p>Le programme de Beno\u00eet Hamon pr\u00e9voit de remettre \u00e0 plat la fiscalit\u00e9 des revenus des m\u00e9nages. Ses propositions pr\u00e9voient ainsi :<br \/>&#8211; \u00e0 l&rsquo;origine il \u00e9tait question d&rsquo;une fusion entre l\u2019imp\u00f4t sur le revenu (IR) et la <a href=\"https:\/\/www.toutsurmesfinances.com\/impots\/csg-definition-taux-calcul-tout-savoir-sur-la-contribution-sociale-generalisee.html\" target=\"_blank\">contribution sociale g\u00e9n\u00e9ralis\u00e9e (CSG)<\/a>;<br \/>&#8211; une individualisation de l\u2019imp\u00f4t en lieu et place du syst\u00e8me actuel de conjugalisation de l\u2019imp\u00f4t qui permet de mettre en commun les revenus du couple pour le calcul de l\u2019IR. Cette r\u00e9forme devrait se mat\u00e9rialiser dans le cadre de l&rsquo;instauration du revenu universel d&rsquo;existence ;<br \/>&#8211; un \u00e9largissement de la base de calcul de l\u2019imp\u00f4t, sachant que l\u2019assiette de la CSG est beaucoup plus large que celle de l\u2019IR ;<br \/>&#8211; une progressivit\u00e9 accrue par la cr\u00e9ation d\u2019au moins 5 nouvelles tranches d&rsquo;imposition.<\/p>\n<p><strong>En savoir plus &gt; <a href=\"https:\/\/www.toutsurmesfinances.com\/impots\/election-presidentielle-2017-impot-sur-le-revenu-le-programme-des-candidats.html\" target=\"_blank\">Election pr\u00e9sidentielle 2017 : imp\u00f4t sur le revenu, le programme des candidats<\/a><\/strong><\/p>\n<h3><span class=\"ez-toc-section\" id=\"Reforme_de_lISF_et_de_la_taxe_fonciere\"><\/span>R\u00e9forme de l\u2019ISF et de la taxe fonci\u00e8re<span class=\"ez-toc-section-end\"><\/span><\/h3>\n<p>Beno\u00eet Hamon propose de r\u00e9former radicalement la fiscalit\u00e9 du patrimoine. L&rsquo;objectif d&rsquo;origine \u00e9tait de financer une partie du revenu universel d\u2019existence. Il s&rsquo;agit d\u00e9sormais d&rsquo;am\u00e9liorer le pouvoir d&rsquo;achat des propri\u00e9taires qui n&rsquo;not pas fini de rembourser leur pr\u00eat immobilier.<\/p>\n<p>Sa r\u00e9forme consisterait \u00e0 remplacer <strong><a href=\"https:\/\/www.toutsurmesfinances.com\/patrimoine\/a\/bareme-isf-seuil-taux-et-calcul-de-l-impot-sur-la-fortune\" target=\"_blank\">l\u2019ISF (imp\u00f4t de solidarit\u00e9 sur la fortune)<\/a><\/strong> et la taxe fonci\u00e8re par un <em>\u00ab imp\u00f4t sur le patrimoine unique, simple et progressif \u00bb<\/em> bas\u00e9 sur la d\u00e9tention d\u2019actifs immobiliers et financiers. Il a \u00e9voqu\u00e9 un taux de 0,65% (taux forfaitaire unique, identique pour tous). Principale inconnue, le seuil d\u2019imposition \u00e0 cette nouvelle taxation, actuellement fix\u00e9 \u00e0 1,3 million d\u2019euros de <strong><a href=\"https:\/\/www.toutsurmesfinances.com\/patrimoine\/a\/isf-qu-est-ce-que-le-patrimoine-net-taxable\" target=\"_blank\">patrimoine net taxable<\/a><\/strong> au 1er janvier de chaque ann\u00e9e pour l\u2019ISF.<\/p>\n<p>Beno\u00eet Hamon sugg\u00e8re que ce nouvel imp\u00f4t soit <em>\u00ab net des dettes pour \u00e9viter que celui qui s\u2019est endett\u00e9 soit aussi tax\u00e9 que celui qui a tout re\u00e7u en h\u00e9ritage \u00bb<\/em>.<\/p>\n<p>Cette r\u00e9forme doit, \u00e0 son avis, s\u2019accompagner d\u2019une simplification. <em>\u00ab La<strong> <a href=\"https:\/\/www.toutsurmesfinances.com\/impots\/taxe-fonciere-mode-d-emploi.html\" target=\"_blank\">taxe fonci\u00e8re<\/a><\/strong> et l\u2019ISF sont aujourd\u2019hui trop complexes, cr\u00e9ent des distorsions et les m\u00e9nages les plus ais\u00e9s arrivent \u00e0 les \u00e9viter \u00bb<\/em>, d\u00e9plore-t-il.<\/p>\n<p><strong>A lire \u00e9galement sur la fiscalit\u00e9 du patrimoine<\/strong><br \/><strong>ISF : le programme de Fran\u00e7ois Fillon pour 2017<\/strong><\/p>\n<h2><span class=\"ez-toc-section\" id=\"Autres_mesures_du_programme_de_Benoit_Hamon_en_faveur_du_pouvoir_dachat\"><\/span><a id=\"autres\"><\/a>Autres mesures du programme de Beno\u00eet Hamon en faveur du pouvoir d&rsquo;achat<span class=\"ez-toc-section-end\"><\/span><\/h2>\n<p>&#8211; Suppression progressive de l&rsquo;avantage fiscal sur le diesel.<\/p>\n<p>&#8211; Suppression des franchises m\u00e9dicales.<\/p>\n<p>&#8211; Hausse de la r\u00e9mun\u00e9ration des chercheurs.<strong><\/p>\n<p><\/strong><\/p>\n<p><strong>E<strong>lection pr\u00e9sidentielle 2017 : le<\/strong> programme des candidats \u00e0 l&rsquo;Elys\u00e9e<br \/><\/strong><\/p>\n<p><strong>&gt; Nathalie Arthaud<\/strong><br \/><strong>&#8211; <a href=\"https:\/\/www.toutsurmesfinances.com\/argent\/a\/nathalie-arthaud-le-programme-de-lutte-ouvriere-pour-2017\" target=\"_blank\">Nathalie Arthaud : le programme de Lutte Ouvri\u00e8re pour 2017<\/a><\/strong><\/p>\n<p><strong>&gt; Philippe Poutou<\/strong><br \/><strong>&#8211; <a href=\"https:\/\/www.toutsurmesfinances.com\/argent\/a\/philippe-poutou-le-programme-anticapitaliste-du-npa-pour-2017\" target=\"_blank\">Philippe Poutou : le programme anticapitaliste du NPA pour 2017<\/a><\/strong><\/p>\n<p><strong><strong><strong>&gt; Jean-Luc M\u00e9lenchon<\/strong><br \/><strong>&#8211; <a href=\"https:\/\/www.toutsurmesfinances.com\/argent\/a\/presidentielle-2017-smic-retraites-fiscalite-le-programme-de-melenchon\" target=\"_blank\">Smic, retraites, fiscalit\u00e9\u2026 le programme de M\u00e9lenchon<\/a><\/strong><\/strong><\/strong><\/p>\n<p><strong>&gt; Emmanuel Macron<\/strong><br \/><strong>&#8211; <a href=\"https:\/\/www.toutsurmesfinances.com\/argent\/a\/le-programme-d-emmanuel-macron-pour-2017\" target=\"_blank\">Pouvoir d\u2019achat, imp\u00f4ts, S\u00e9curit\u00e9 sociale\u2026 Le programme de Macron pour 2017<\/a><\/strong><\/p>\n<p><strong>&gt; Jean Lassalle<\/strong><br \/><strong>&#8211; <a href=\"https:\/\/www.toutsurmesfinances.com\/argent\/a\/jean-lassalle-2017-son-programme-social-fiscal-et-financier-pour-l-election-presidentielle\" target=\"_blank\">Jean Lassalle 2017 : son programme social, fiscal et financier pour l\u2019\u00e9lection pr\u00e9sidentielle<\/a><\/strong><\/p>\n<p><strong>&gt; Jacques Cheminade<\/strong><br \/><strong>&#8211; <a href=\"https:\/\/www.toutsurmesfinances.com\/argent\/a\/jacques-cheminade-son-programme-pour-l-election-presidentielle-2017\" target=\"_blank\">Jacques Cheminade : Smic, retraites, imp\u00f4ts, son programme pour 2017<\/a><\/strong><\/p>\n<p><strong><strong>&gt; Fran\u00e7ois Fillon<\/strong><br \/>&#8211; <a href=\"https:\/\/www.toutsurmesfinances.com\/argent\/a\/pouvoir-d-achat-le-programme-de-fillon-pour-2017\" target=\"_blank\">Pouvoir d\u2019achat : les propositions de Fillon pour 2017<\/a><\/strong><\/p>\n<p><strong>&gt; Fran\u00e7ois Asselineau<\/strong><br \/><strong>&#8211; <a href=\"https:\/\/www.toutsurmesfinances.com\/argent\/a\/francois-asselineau-le-programme-du-candidat-upr-a-l-election-presidentielle-2017\" target=\"_blank\">Fran\u00e7ois Asselineau : le programme du candidat UPR \u00e0 l\u2019\u00e9lection pr\u00e9sidentielle 2017<\/a><\/strong><\/p>\n<p><strong>&gt; Nicolas Dupont-Aignan<\/strong><br \/><strong>&#8211; <a href=\"https:\/\/www.toutsurmesfinances.com\/argent\/a\/dupont-aignan-fiscalite-pouvoir-d-achat-retraite-son-programme-presidentiel-pour-2017\" target=\"_blank\">Dupont-Aignan : fiscalit\u00e9, pouvoir d\u2019achat, retraite, son programme pr\u00e9sidentiel pour 2017<\/a><\/strong><\/p>\n<p><strong>&gt; Marine Le Pen<br \/>&#8211; <a href=\"https:\/\/www.toutsurmesfinances.com\/argent\/a\/marine-le-pen-salaires-retraites-impots-le-programme-du-fn-pour-2017\" target=\"_blank\">Marine Le Pen : salaires, retraites, imp\u00f4ts, le programme du FN pour 2017<br \/><\/a><\/strong><\/p>\n<p><strong>A lire \u00e9galement <br \/>&#8211; <a href=\"https:\/\/www.toutsurmesfinances.com\/argent\/a\/bilan-de-francois-hollande-l-impact-de-sa-politique-sur-le-budget-des-francais\" target=\"_blank\">Pouvoir d&rsquo;achat : budget des Fran\u00e7ais, le bilan du quinquennat de Fran\u00e7ois Hollande<\/a><\/strong><\/p>\n<p>&nbsp;<\/p>\n","protected":false},"excerpt":{"rendered":"<p>Candidat du PS \u00e0 l\u2019\u00e9lection pr\u00e9sidentielle de 2017 apr\u00e8s sa victoire \u00e0 la primaire, Beno\u00eet Hamon propose une politique ancr\u00e9e \u00e0 gauche. Les d\u00e9tails sur son programme fiscal, sur les retraites, le Smic et le revenu universel d\u2019existence, sa proposition phare.<\/p>\n","protected":false},"author":13709,"featured_media":1425,"comment_status":"closed","ping_status":"closed","sticky":false,"template":"","format":"standard","meta":{"footnotes":""},"categories":[30],"tags":[],"class_list":["post-1426","post","type-post","status-publish","format-standard","has-post-thumbnail","hentry","category-budget"],"acf":[],"yoast_head":"<!-- This site is optimized with the Yoast SEO plugin v24.9 - https:\/\/yoast.com\/wordpress\/plugins\/seo\/ -->\n<title>Revenu universel, imp\u00f4ts, retraite : le programme de Beno\u00eet Hamon pour 2017<\/title>\n<meta name=\"description\" content=\"Candidat du PS \u00e0 l\u2019\u00e9lection pr\u00e9sidentielle de 2017 apr\u00e8s sa victoire \u00e0 la primaire, Beno\u00eet Hamon propose une politique ancr\u00e9e \u00e0 gauche. Les d\u00e9tails sur son programme fiscal, sur les retraites, le Smic et le revenu universel d\u2019existence, sa proposition pha\" \/>\n<meta name=\"robots\" content=\"index, follow, max-snippet:-1, max-image-preview:large, max-video-preview:-1\" \/>\n<link rel=\"canonical\" href=\"https:\/\/www.toutsurmesfinances.com\/argent\/a\/revenu-universel-impots-retraite-le-programme-de-benoit-hamon-pour-2017\" \/>\n<meta property=\"og:locale\" content=\"fr_FR\" \/>\n<meta property=\"og:type\" content=\"article\" \/>\n<meta property=\"og:title\" content=\"Revenu universel, imp\u00f4ts, retraite : le programme de Beno\u00eet Hamon pour 2017\" \/>\n<meta property=\"og:description\" content=\"Candidat du PS \u00e0 l\u2019\u00e9lection pr\u00e9sidentielle de 2017 apr\u00e8s sa victoire \u00e0 la primaire, Beno\u00eet Hamon propose une politique ancr\u00e9e \u00e0 gauche. Les d\u00e9tails sur son programme fiscal, sur les retraites, le Smic et le revenu universel d\u2019existence, sa proposition pha\" \/>\n<meta property=\"og:url\" content=\"https:\/\/www.toutsurmesfinances.com\/argent\/a\/revenu-universel-impots-retraite-le-programme-de-benoit-hamon-pour-2017\" \/>\n<meta property=\"og:site_name\" content=\"Argent\" \/>\n<meta property=\"article:published_time\" content=\"2017-01-31T07:38:19+00:00\" \/>\n<meta property=\"article:modified_time\" content=\"2018-07-19T15:26:15+00:00\" \/>\n<meta property=\"og:image\" content=\"https:\/\/www.toutsurmesfinances.com\/argent\/wp-content\/uploads\/sites\/3\/2017\/01\/hamon-programme.jpg\" \/>\n\t<meta property=\"og:image:width\" content=\"823\" \/>\n\t<meta property=\"og:image:height\" content=\"463\" \/>\n\t<meta property=\"og:image:type\" content=\"image\/jpeg\" \/>\n<meta name=\"author\" content=\"Olivier Brunet\" \/>\n<meta name=\"twitter:card\" content=\"summary_large_image\" \/>\n<meta name=\"twitter:creator\" content=\"@Toutsur\" \/>\n<meta name=\"twitter:site\" content=\"@Toutsur\" \/>\n<meta name=\"twitter:label1\" content=\"\u00c9crit par\" \/>\n\t<meta name=\"twitter:data1\" content=\"Olivier Brunet\" \/>\n\t<meta name=\"twitter:label2\" content=\"Dur\u00e9e de lecture estim\u00e9e\" \/>\n\t<meta name=\"twitter:data2\" content=\"16 minutes\" \/>\n<script type=\"application\/ld+json\" class=\"yoast-schema-graph\">{\"@context\":\"https:\/\/schema.org\",\"@graph\":[{\"@type\":\"Article\",\"@id\":\"https:\/\/www.toutsurmesfinances.com\/argent\/a\/revenu-universel-impots-retraite-le-programme-de-benoit-hamon-pour-2017#article\",\"isPartOf\":{\"@id\":\"https:\/\/www.toutsurmesfinances.com\/argent\/a\/revenu-universel-impots-retraite-le-programme-de-benoit-hamon-pour-2017\"},\"author\":{\"name\":\"Olivier Brunet\",\"@id\":\"https:\/\/www.toutsurmesfinances.com\/argent\/#\/schema\/person\/f3692b3163890cd1408bd0dc68a1b55a\"},\"headline\":\"Revenu universel, imp\u00f4ts, retraite : le programme de Beno\u00eet Hamon pour 2017\",\"dateModified\":\"2018-07-19T15:26:15+00:00\",\"mainEntityOfPage\":{\"@id\":\"https:\/\/www.toutsurmesfinances.com\/argent\/a\/revenu-universel-impots-retraite-le-programme-de-benoit-hamon-pour-2017\"},\"wordCount\":3312,\"publisher\":{\"@id\":\"https:\/\/www.toutsurmesfinances.com\/argent\/#organization\"},\"image\":{\"@id\":\"https:\/\/www.toutsurmesfinances.com\/argent\/a\/revenu-universel-impots-retraite-le-programme-de-benoit-hamon-pour-2017#primaryimage\"},\"thumbnailUrl\":\"https:\/\/www.toutsurmesfinances.com\/argent\/wp-content\/uploads\/sites\/3\/2017\/01\/hamon-programme.jpg\",\"articleSection\":[\"Budget\"],\"inLanguage\":\"fr-FR\"},{\"@type\":\"WebPage\",\"@id\":\"https:\/\/www.toutsurmesfinances.com\/argent\/a\/revenu-universel-impots-retraite-le-programme-de-benoit-hamon-pour-2017\",\"url\":\"https:\/\/www.toutsurmesfinances.com\/argent\/a\/revenu-universel-impots-retraite-le-programme-de-benoit-hamon-pour-2017\",\"name\":\"Revenu universel, imp\u00f4ts, retraite : le programme de Beno\u00eet Hamon pour 2017\",\"isPartOf\":{\"@id\":\"https:\/\/www.toutsurmesfinances.com\/argent\/#website\"},\"primaryImageOfPage\":{\"@id\":\"https:\/\/www.toutsurmesfinances.com\/argent\/a\/revenu-universel-impots-retraite-le-programme-de-benoit-hamon-pour-2017#primaryimage\"},\"image\":{\"@id\":\"https:\/\/www.toutsurmesfinances.com\/argent\/a\/revenu-universel-impots-retraite-le-programme-de-benoit-hamon-pour-2017#primaryimage\"},\"thumbnailUrl\":\"https:\/\/www.toutsurmesfinances.com\/argent\/wp-content\/uploads\/sites\/3\/2017\/01\/hamon-programme.jpg\",\"dateModified\":\"2018-07-19T15:26:15+00:00\",\"description\":\"Candidat du PS \u00e0 l\u2019\u00e9lection pr\u00e9sidentielle de 2017 apr\u00e8s sa victoire \u00e0 la primaire, Beno\u00eet Hamon propose une politique ancr\u00e9e \u00e0 gauche. Les d\u00e9tails sur son programme fiscal, sur les retraites, le Smic et le revenu universel d\u2019existence, sa proposition pha\",\"breadcrumb\":{\"@id\":\"https:\/\/www.toutsurmesfinances.com\/argent\/a\/revenu-universel-impots-retraite-le-programme-de-benoit-hamon-pour-2017#breadcrumb\"},\"inLanguage\":\"fr-FR\",\"potentialAction\":[{\"@type\":\"ReadAction\",\"target\":[\"https:\/\/www.toutsurmesfinances.com\/argent\/a\/revenu-universel-impots-retraite-le-programme-de-benoit-hamon-pour-2017\"]}]},{\"@type\":\"ImageObject\",\"inLanguage\":\"fr-FR\",\"@id\":\"https:\/\/www.toutsurmesfinances.com\/argent\/a\/revenu-universel-impots-retraite-le-programme-de-benoit-hamon-pour-2017#primaryimage\",\"url\":\"https:\/\/www.toutsurmesfinances.com\/argent\/wp-content\/uploads\/sites\/3\/2017\/01\/hamon-programme.jpg\",\"contentUrl\":\"https:\/\/www.toutsurmesfinances.com\/argent\/wp-content\/uploads\/sites\/3\/2017\/01\/hamon-programme.jpg\",\"width\":823,\"height\":463,\"caption\":\"Les propositions de Beno\u00eet Hamon ont rythm\u00e9 la primaire \u00e0 gauche. En sera-t-il autant pendant le d\u00e9bat pr\u00e9sidentiel ?\"},{\"@type\":\"BreadcrumbList\",\"@id\":\"https:\/\/www.toutsurmesfinances.com\/argent\/a\/revenu-universel-impots-retraite-le-programme-de-benoit-hamon-pour-2017#breadcrumb\",\"itemListElement\":[{\"@type\":\"ListItem\",\"position\":1,\"name\":\"Accueil\",\"item\":\"https:\/\/www.toutsurmesfinances.com\/argent\/\"},{\"@type\":\"ListItem\",\"position\":2,\"name\":\"Budget\",\"item\":\"https:\/\/www.toutsurmesfinances.com\/argent\/c\/budget\"},{\"@type\":\"ListItem\",\"position\":3,\"name\":\"Revenu universel, imp\u00f4ts, retraite : le programme de Beno\u00eet Hamon pour 2017\"}]},{\"@type\":\"WebSite\",\"@id\":\"https:\/\/www.toutsurmesfinances.com\/argent\/#website\",\"url\":\"https:\/\/www.toutsurmesfinances.com\/argent\/\",\"name\":\"Argent\",\"description\":\"\",\"publisher\":{\"@id\":\"https:\/\/www.toutsurmesfinances.com\/argent\/#organization\"},\"potentialAction\":[{\"@type\":\"SearchAction\",\"target\":{\"@type\":\"EntryPoint\",\"urlTemplate\":\"https:\/\/www.toutsurmesfinances.com\/argent\/?s={search_term_string}\"},\"query-input\":{\"@type\":\"PropertyValueSpecification\",\"valueRequired\":true,\"valueName\":\"search_term_string\"}}],\"inLanguage\":\"fr-FR\"},{\"@type\":\"Organization\",\"@id\":\"https:\/\/www.toutsurmesfinances.com\/argent\/#organization\",\"name\":\"Tout Sur Mes Finances\",\"url\":\"https:\/\/www.toutsurmesfinances.com\/argent\/\",\"logo\":{\"@type\":\"ImageObject\",\"inLanguage\":\"fr-FR\",\"@id\":\"https:\/\/www.toutsurmesfinances.com\/argent\/#\/schema\/logo\/image\/\",\"url\":\"https:\/\/www.toutsurmesfinances.com\/argent\/wp-content\/uploads\/sites\/3\/2021\/01\/favicon.png\",\"contentUrl\":\"https:\/\/www.toutsurmesfinances.com\/argent\/wp-content\/uploads\/sites\/3\/2021\/01\/favicon.png\",\"width\":512,\"height\":512,\"caption\":\"Tout Sur Mes Finances\"},\"image\":{\"@id\":\"https:\/\/www.toutsurmesfinances.com\/argent\/#\/schema\/logo\/image\/\"},\"sameAs\":[\"https:\/\/x.com\/Toutsur\"]},{\"@type\":\"Person\",\"@id\":\"https:\/\/www.toutsurmesfinances.com\/argent\/#\/schema\/person\/f3692b3163890cd1408bd0dc68a1b55a\",\"name\":\"Olivier Brunet\",\"image\":{\"@type\":\"ImageObject\",\"inLanguage\":\"fr-FR\",\"@id\":\"https:\/\/www.toutsurmesfinances.com\/argent\/#\/schema\/person\/image\/\",\"url\":\"https:\/\/secure.gravatar.com\/avatar\/59a19214b7bb3163a27d873fa61f9a80?s=96&d=mm&r=g\",\"contentUrl\":\"https:\/\/secure.gravatar.com\/avatar\/59a19214b7bb3163a27d873fa61f9a80?s=96&d=mm&r=g\",\"caption\":\"Olivier Brunet\"},\"description\":\"Olivier Brunet est cofondateur de\u00a0ToutSurMesFinances.com\u00a0et r\u00e9dacteur en chef sp\u00e9cialis\u00e9 en placements et fiscalit\u00e9\u00a0des particuliers. Pr\u00e9sent\u00a0au sein du\u00a0m\u00e9dia\u00a0depuis sa cr\u00e9ation, il en est l\u2019un des piliers \u00e9ditoriaux. Il analyse les strat\u00e9gies d\u2019investissement,\u00a0suit\u00a0les \u00e9volutions fiscales et les\u00a0probl\u00e9matiques\u00a0patrimoniales\u00a0avec une vision long terme, forg\u00e9e par des ann\u00e9es de pratique et de suivi des march\u00e9s.\u00a0\",\"sameAs\":[\"https:\/\/www.toutsurmesfinances.com\/author\/olivier\",\"https:\/\/www.linkedin.com\/in\/obrunet\/\"]}]}<\/script>\n<!-- \/ Yoast SEO plugin. -->","yoast_head_json":{"title":"Revenu universel, imp\u00f4ts, retraite : le programme de Beno\u00eet Hamon pour 2017","description":"Candidat du PS \u00e0 l\u2019\u00e9lection pr\u00e9sidentielle de 2017 apr\u00e8s sa victoire \u00e0 la primaire, Beno\u00eet Hamon propose une politique ancr\u00e9e \u00e0 gauche. Les d\u00e9tails sur son programme fiscal, sur les retraites, le Smic et le revenu universel d\u2019existence, sa proposition pha","robots":{"index":"index","follow":"follow","max-snippet":"max-snippet:-1","max-image-preview":"max-image-preview:large","max-video-preview":"max-video-preview:-1"},"canonical":"https:\/\/www.toutsurmesfinances.com\/argent\/a\/revenu-universel-impots-retraite-le-programme-de-benoit-hamon-pour-2017","og_locale":"fr_FR","og_type":"article","og_title":"Revenu universel, imp\u00f4ts, retraite : le programme de Beno\u00eet Hamon pour 2017","og_description":"Candidat du PS \u00e0 l\u2019\u00e9lection pr\u00e9sidentielle de 2017 apr\u00e8s sa victoire \u00e0 la primaire, Beno\u00eet Hamon propose une politique ancr\u00e9e \u00e0 gauche. Les d\u00e9tails sur son programme fiscal, sur les retraites, le Smic et le revenu universel d\u2019existence, sa proposition pha","og_url":"https:\/\/www.toutsurmesfinances.com\/argent\/a\/revenu-universel-impots-retraite-le-programme-de-benoit-hamon-pour-2017","og_site_name":"Argent","article_published_time":"2017-01-31T07:38:19+00:00","article_modified_time":"2018-07-19T15:26:15+00:00","og_image":[{"width":823,"height":463,"url":"https:\/\/www.toutsurmesfinances.com\/argent\/wp-content\/uploads\/sites\/3\/2017\/01\/hamon-programme.jpg","type":"image\/jpeg"}],"author":"Olivier Brunet","twitter_card":"summary_large_image","twitter_creator":"@Toutsur","twitter_site":"@Toutsur","twitter_misc":{"\u00c9crit par":"Olivier Brunet","Dur\u00e9e de lecture estim\u00e9e":"16 minutes"},"schema":{"@context":"https:\/\/schema.org","@graph":[{"@type":"Article","@id":"https:\/\/www.toutsurmesfinances.com\/argent\/a\/revenu-universel-impots-retraite-le-programme-de-benoit-hamon-pour-2017#article","isPartOf":{"@id":"https:\/\/www.toutsurmesfinances.com\/argent\/a\/revenu-universel-impots-retraite-le-programme-de-benoit-hamon-pour-2017"},"author":{"name":"Olivier Brunet","@id":"https:\/\/www.toutsurmesfinances.com\/argent\/#\/schema\/person\/f3692b3163890cd1408bd0dc68a1b55a"},"headline":"Revenu universel, imp\u00f4ts, retraite : le programme de Beno\u00eet Hamon pour 2017","dateModified":"2018-07-19T15:26:15+00:00","mainEntityOfPage":{"@id":"https:\/\/www.toutsurmesfinances.com\/argent\/a\/revenu-universel-impots-retraite-le-programme-de-benoit-hamon-pour-2017"},"wordCount":3312,"publisher":{"@id":"https:\/\/www.toutsurmesfinances.com\/argent\/#organization"},"image":{"@id":"https:\/\/www.toutsurmesfinances.com\/argent\/a\/revenu-universel-impots-retraite-le-programme-de-benoit-hamon-pour-2017#primaryimage"},"thumbnailUrl":"https:\/\/www.toutsurmesfinances.com\/argent\/wp-content\/uploads\/sites\/3\/2017\/01\/hamon-programme.jpg","articleSection":["Budget"],"inLanguage":"fr-FR"},{"@type":"WebPage","@id":"https:\/\/www.toutsurmesfinances.com\/argent\/a\/revenu-universel-impots-retraite-le-programme-de-benoit-hamon-pour-2017","url":"https:\/\/www.toutsurmesfinances.com\/argent\/a\/revenu-universel-impots-retraite-le-programme-de-benoit-hamon-pour-2017","name":"Revenu universel, imp\u00f4ts, retraite : le programme de Beno\u00eet Hamon pour 2017","isPartOf":{"@id":"https:\/\/www.toutsurmesfinances.com\/argent\/#website"},"primaryImageOfPage":{"@id":"https:\/\/www.toutsurmesfinances.com\/argent\/a\/revenu-universel-impots-retraite-le-programme-de-benoit-hamon-pour-2017#primaryimage"},"image":{"@id":"https:\/\/www.toutsurmesfinances.com\/argent\/a\/revenu-universel-impots-retraite-le-programme-de-benoit-hamon-pour-2017#primaryimage"},"thumbnailUrl":"https:\/\/www.toutsurmesfinances.com\/argent\/wp-content\/uploads\/sites\/3\/2017\/01\/hamon-programme.jpg","dateModified":"2018-07-19T15:26:15+00:00","description":"Candidat du PS \u00e0 l\u2019\u00e9lection pr\u00e9sidentielle de 2017 apr\u00e8s sa victoire \u00e0 la primaire, Beno\u00eet Hamon propose une politique ancr\u00e9e \u00e0 gauche. Les d\u00e9tails sur son programme fiscal, sur les retraites, le Smic et le revenu universel d\u2019existence, sa proposition pha","breadcrumb":{"@id":"https:\/\/www.toutsurmesfinances.com\/argent\/a\/revenu-universel-impots-retraite-le-programme-de-benoit-hamon-pour-2017#breadcrumb"},"inLanguage":"fr-FR","potentialAction":[{"@type":"ReadAction","target":["https:\/\/www.toutsurmesfinances.com\/argent\/a\/revenu-universel-impots-retraite-le-programme-de-benoit-hamon-pour-2017"]}]},{"@type":"ImageObject","inLanguage":"fr-FR","@id":"https:\/\/www.toutsurmesfinances.com\/argent\/a\/revenu-universel-impots-retraite-le-programme-de-benoit-hamon-pour-2017#primaryimage","url":"https:\/\/www.toutsurmesfinances.com\/argent\/wp-content\/uploads\/sites\/3\/2017\/01\/hamon-programme.jpg","contentUrl":"https:\/\/www.toutsurmesfinances.com\/argent\/wp-content\/uploads\/sites\/3\/2017\/01\/hamon-programme.jpg","width":823,"height":463,"caption":"Les propositions de Beno\u00eet Hamon ont rythm\u00e9 la primaire \u00e0 gauche. En sera-t-il autant pendant le d\u00e9bat pr\u00e9sidentiel ?"},{"@type":"BreadcrumbList","@id":"https:\/\/www.toutsurmesfinances.com\/argent\/a\/revenu-universel-impots-retraite-le-programme-de-benoit-hamon-pour-2017#breadcrumb","itemListElement":[{"@type":"ListItem","position":1,"name":"Accueil","item":"https:\/\/www.toutsurmesfinances.com\/argent\/"},{"@type":"ListItem","position":2,"name":"Budget","item":"https:\/\/www.toutsurmesfinances.com\/argent\/c\/budget"},{"@type":"ListItem","position":3,"name":"Revenu universel, imp\u00f4ts, retraite : le programme de Beno\u00eet Hamon pour 2017"}]},{"@type":"WebSite","@id":"https:\/\/www.toutsurmesfinances.com\/argent\/#website","url":"https:\/\/www.toutsurmesfinances.com\/argent\/","name":"Argent","description":"","publisher":{"@id":"https:\/\/www.toutsurmesfinances.com\/argent\/#organization"},"potentialAction":[{"@type":"SearchAction","target":{"@type":"EntryPoint","urlTemplate":"https:\/\/www.toutsurmesfinances.com\/argent\/?s={search_term_string}"},"query-input":{"@type":"PropertyValueSpecification","valueRequired":true,"valueName":"search_term_string"}}],"inLanguage":"fr-FR"},{"@type":"Organization","@id":"https:\/\/www.toutsurmesfinances.com\/argent\/#organization","name":"Tout Sur Mes Finances","url":"https:\/\/www.toutsurmesfinances.com\/argent\/","logo":{"@type":"ImageObject","inLanguage":"fr-FR","@id":"https:\/\/www.toutsurmesfinances.com\/argent\/#\/schema\/logo\/image\/","url":"https:\/\/www.toutsurmesfinances.com\/argent\/wp-content\/uploads\/sites\/3\/2021\/01\/favicon.png","contentUrl":"https:\/\/www.toutsurmesfinances.com\/argent\/wp-content\/uploads\/sites\/3\/2021\/01\/favicon.png","width":512,"height":512,"caption":"Tout Sur Mes Finances"},"image":{"@id":"https:\/\/www.toutsurmesfinances.com\/argent\/#\/schema\/logo\/image\/"},"sameAs":["https:\/\/x.com\/Toutsur"]},{"@type":"Person","@id":"https:\/\/www.toutsurmesfinances.com\/argent\/#\/schema\/person\/f3692b3163890cd1408bd0dc68a1b55a","name":"Olivier Brunet","image":{"@type":"ImageObject","inLanguage":"fr-FR","@id":"https:\/\/www.toutsurmesfinances.com\/argent\/#\/schema\/person\/image\/","url":"https:\/\/secure.gravatar.com\/avatar\/59a19214b7bb3163a27d873fa61f9a80?s=96&d=mm&r=g","contentUrl":"https:\/\/secure.gravatar.com\/avatar\/59a19214b7bb3163a27d873fa61f9a80?s=96&d=mm&r=g","caption":"Olivier Brunet"},"description":"Olivier Brunet est cofondateur de\u00a0ToutSurMesFinances.com\u00a0et r\u00e9dacteur en chef sp\u00e9cialis\u00e9 en placements et fiscalit\u00e9\u00a0des particuliers. Pr\u00e9sent\u00a0au sein du\u00a0m\u00e9dia\u00a0depuis sa cr\u00e9ation, il en est l\u2019un des piliers \u00e9ditoriaux. Il analyse les strat\u00e9gies d\u2019investissement,\u00a0suit\u00a0les \u00e9volutions fiscales et les\u00a0probl\u00e9matiques\u00a0patrimoniales\u00a0avec une vision long terme, forg\u00e9e par des ann\u00e9es de pratique et de suivi des march\u00e9s.\u00a0","sameAs":["https:\/\/www.toutsurmesfinances.com\/author\/olivier","https:\/\/www.linkedin.com\/in\/obrunet\/"]}]}},"_links":{"self":[{"href":"https:\/\/www.toutsurmesfinances.com\/argent\/wp-json\/wp\/v2\/posts\/1426","targetHints":{"allow":["GET"]}}],"collection":[{"href":"https:\/\/www.toutsurmesfinances.com\/argent\/wp-json\/wp\/v2\/posts"}],"about":[{"href":"https:\/\/www.toutsurmesfinances.com\/argent\/wp-json\/wp\/v2\/types\/post"}],"author":[{"embeddable":true,"href":"https:\/\/www.toutsurmesfinances.com\/argent\/wp-json\/wp\/v2\/users\/13709"}],"replies":[{"embeddable":true,"href":"https:\/\/www.toutsurmesfinances.com\/argent\/wp-json\/wp\/v2\/comments?post=1426"}],"version-history":[{"count":0,"href":"https:\/\/www.toutsurmesfinances.com\/argent\/wp-json\/wp\/v2\/posts\/1426\/revisions"}],"wp:featuredmedia":[{"embeddable":true,"href":"https:\/\/www.toutsurmesfinances.com\/argent\/wp-json\/wp\/v2\/media\/1425"}],"wp:attachment":[{"href":"https:\/\/www.toutsurmesfinances.com\/argent\/wp-json\/wp\/v2\/media?parent=1426"}],"wp:term":[{"taxonomy":"category","embeddable":true,"href":"https:\/\/www.toutsurmesfinances.com\/argent\/wp-json\/wp\/v2\/categories?post=1426"},{"taxonomy":"post_tag","embeddable":true,"href":"https:\/\/www.toutsurmesfinances.com\/argent\/wp-json\/wp\/v2\/tags?post=1426"}],"curies":[{"name":"wp","href":"https:\/\/api.w.org\/{rel}","templated":true}]}}