{"id":1458,"date":"2017-02-10T18:33:25","date_gmt":"2017-02-10T17:33:25","guid":{"rendered":"https:\/\/www.toutsurmesfinances.com\/argent\/a\/le-programme-d-emmanuel-macron-pour-2017"},"modified":"2022-04-25T11:12:59","modified_gmt":"2022-04-25T09:12:59","slug":"le-programme-d-emmanuel-macron-pour-2017","status":"publish","type":"post","link":"https:\/\/www.toutsurmesfinances.com\/argent\/a\/le-programme-d-emmanuel-macron-pour-2017","title":{"rendered":"RSA, Redevance TV, prime, ch\u00e8que alimentaire\u2026 Le programme de Macron pour 2022 en faveur du pouvoir d&rsquo;achat"},"content":{"rendered":"<p>Emmanuel Macron, r\u00e9\u00e9lu pr\u00e9sident de la R\u00e9publique avec 18.779.641 voix, soit 58,54% des suffrages exprim\u00e9s, a pr\u00e9sent\u00e9 son programme pour son second mandat le jeudi 17 mars lors d&rsquo;une conf\u00e9rence de presse \u00e0 Aubervilliers (93), pr\u00e8s de Paris.<\/p>\n<h2><span class=\"ez-toc-section\" id=\"Programme_dEmmanuel_Macron_pour_lelection_presidentielle_2022_en_resume\"><\/span>Programme d&rsquo;Emmanuel Macron pour l&rsquo;\u00e9lection pr\u00e9sidentielle 2022, en r\u00e9sum\u00e9<span class=\"ez-toc-section-end\"><\/span><\/h2>\n<p>Les propositions en mati\u00e8re de pouvoir d&rsquo;achat et de finances personnelles pr\u00e9sent\u00e9es par le pr\u00e9sident de la R\u00e9publique, r\u00e9\u00e9lu pour un second mandat, sont les suivantes, pour son second candidat :<\/p>\n<ul>\n<li>suppression de la redevance TV<\/li>\n<li>all\u00e8gement des droits de succession par la majoration ou la cr\u00e9ation d&rsquo;abattements fiscaux<\/li>\n<li>obligation d&rsquo;activit\u00e9 \/ d\u2019actions d&rsquo;insertion\u00a0 pour les titulaires du <a href=\"https:\/\/www.toutsurmesfinances.com\/argent\/a\/rsa-conditions-demande-montants-et-calendrier-de-versement\">RSA (revenu de solidarit\u00e9 active)<\/a><\/li>\n<li>mise en place de la <em>\u00ab\u00a0solidarit\u00e9 \u00e0 la source \u00bb <\/em>pour les b\u00e9n\u00e9ficiaires d&rsquo;aides sociales<\/li>\n<li>triplement de la prime Macron \u00e0 3.000 euros<\/li>\n<li>d\u00e9veloppement des dispositifs d&rsquo;\u00e9pargne salariale : int\u00e9ressement, participation<\/li>\n<li>versement d&rsquo;un ch\u00e8que alimentaire pour les foyers disposant des plus bas revenus<\/li>\n<li>report de l&rsquo;\u00e2ge l\u00e9gal de d\u00e9part en retraite de 62 \u00e0 65 ans<\/li>\n<li>cr\u00e9ation d&rsquo;un revenu d&rsquo;\u00e9tudes de 500 euros par mois pour les \u00e9tudiants en situation de handicap<\/li>\n<\/ul>\n<p>Globalement, sur la question du pouvoir d&rsquo;achat, l&rsquo;enjeu, pour Emmanuel Macron, est de favoriser la cr\u00e9ation d&#8217;emplois. <em>\u00ab\u00a0La premi\u00e8re mesure de pouvoir d\u2019achat, c\u2019est tout faire, tout faire, tout faire, pour continuer \u00e0 baisser le ch\u00f4mage \u00bb<\/em>, a-t-il d\u00e9clar\u00e9 lors de l&rsquo;\u00e9mission <em>La France face \u00e0 la guerre<\/em>, le 14 mars, sur TF1.<\/p>\n<h2><span class=\"ez-toc-section\" id=\"RSA_15_a_20h_par_semaine_dactivite_obligatoire_pour_les_titulaires\"><\/span>RSA : 15 \u00e0 20h par semaine d&rsquo;activit\u00e9 obligatoire pour les titulaires<span class=\"ez-toc-section-end\"><\/span><\/h2>\n<p>Le RSA (revenu de solidarit\u00e9 active) doit faire l\u2019objet d&rsquo;une r\u00e9forme pour Emmanuel Macron, celui-ci estimant qu&rsquo;il faut assurer <em>\u00ab un meilleur accompagnement et un meilleur \u00e9quilibre entre les droits et les devoirs \u00bb,<\/em> a-t-il d\u00e9clar\u00e9 pendant sa conf\u00e9rence de presse du 17 mars 2022.<\/p>\n<p>L&rsquo;id\u00e9e consiste \u00e0 instaurer des contreparties \u00e0 l&rsquo;octroi de la prestation sociale aux titulaires, afin de favoriser leur retour \u00e0 l&#8217;emploi. <em>\u00ab Il faut un revenu de subsistance pour ces personnes,<\/em> d\u00e9veloppe-t-il, <em>et il faut pouvoir mieux accompagner chacune et chacun, reconna\u00eetre cette dignit\u00e9 et leur demander une part de devoirs, pour toutes celles et tous ceux qui le peuvent [&#8230;], de leur permettre de pouvoir prendre leur part.<\/em> <em>Il y aura, dans cette r\u00e9forme, l\u2019obligation de consacrer 15 \u00e0 20 heures par semaine pour une activit\u00e9 permettant d\u2019aller vers l\u2019insertion professionnelle, soit de formation en insertion, soit d\u2019emploi et d\u2019\u00eatre mieux accompagnement \u00bb.<\/em><\/p>\n<p>Emmanuel Macron veut ainsi <em>\u00ab g\u00e9n\u00e9raliser pour ceux qui sont actuellement b\u00e9n\u00e9ficiaires du RSA \u00bb <\/em>le principe applicable aux 18-25 ans accompagn\u00e9s dans le cadre du contrat d&rsquo;engagement jeune, dispositif d&rsquo;accompagnement \u00e0 la r\u00e9insertion qui remplace la <a href=\"https:\/\/www.toutsurmesfinances.com\/argent\/a\/garantie-jeunes-conditions-montant-et-comment-s-inscrire\">garantie jeune<\/a> depuis le 1er mars 2022.<\/p>\n<h2><span class=\"ez-toc-section\" id=\"Solidarite_a_la_source_pour_eviter_le_non-recours_aux_aides_sociales\"><\/span>Solidarit\u00e9 \u00e0 la source, pour \u00e9viter le non-recours aux aides sociales<span class=\"ez-toc-section-end\"><\/span><\/h2>\n<p>Pour <em>\u00ab se battre contre les in\u00e9galit\u00e9s \u00e0 la racine \u00bb<\/em>, Emmanuel Macron propose de r\u00e9former et simplifier l&rsquo;octroi de plusieurs aides et allocations (il a cit\u00e9 le RSA, la <a href=\"https:\/\/www.toutsurmesfinances.com\/argent\/a\/prime-d-activite-conditions-demande-montant\">prime d&rsquo;activit\u00e9<\/a>, les <a href=\"https:\/\/www.toutsurmesfinances.com\/immobilier\/calcul-simulation-criteres-ce-qu-il-faut-savoir-sur-les-apl.html\">APL<\/a>, les <a href=\"https:\/\/www.toutsurmesfinances.com\/argent\/a\/allocations-familiales-montants-calcul-et-conditions\">allocations familiales<\/a>) en mettant en place ce qu&rsquo;il appelle la <em>\u00ab solidarit\u00e9 \u00e0 la source \u00bb<\/em>, inspir\u00e9e du pr\u00e9l\u00e8vement de l&rsquo;imp\u00f4t \u00e0 la source ou de la r\u00e9forme du versement des aides au logement.<\/p>\n<p>L&rsquo;objectif vise \u00e0 lutter contre :<\/p>\n<ul>\n<li>le non-recours \u00e0 ces aides<\/li>\n<li>la fraude<\/li>\n<\/ul>\n<h2><span class=\"ez-toc-section\" id=\"Suppression_de_la_redevance_tele\"><\/span>Suppression de la redevance t\u00e9l\u00e9<span class=\"ez-toc-section-end\"><\/span><\/h2>\n<p>Emmanuel Macron a annonc\u00e9 son intention de supprimer la <a href=\"https:\/\/www.toutsurmesfinances.com\/impots\/contribution-a-l-audiovisuel-public-tout-savoir-sur-l-ex-redevance-tv.html\">redevance TV<\/a>, sachant que son montant pour 2022 est fix\u00e9 \u00e0 138 euros en m\u00e9tropole et \u00e0 88 euros dans les d\u00e9partements d\u2019Outre-mer.<\/p>\n<p><em>\u00ab\u00a0On doit continuer<\/em> [\u00e0 am\u00e9liorer le pouvoir d\u2019achat] <em>pour que le travail paye mieux<\/em>, a annonc\u00e9 le candidat Macron lors de sa premi\u00e8re r\u00e9union publique qui s\u2019est tenue \u00e0 Poissy (Yvelines), le lundi 7 mars 2022. <em>Comment\u00a0? On supprimera des imp\u00f4ts qui restent, la redevance t\u00e9l\u00e9 en fait partie. C\u2019est coh\u00e9rent avec la <a href=\"https:\/\/www.toutsurmesfinances.com\/impots\/suppression-de-la-taxe-d-habitation-exoneration-par-etapes.html\">suppression de la taxe d\u2019habitation<\/a><\/em> [proposition phare de sa campagne de 2017, appliqu\u00e9e par \u00e9tapes pendant son premier quinquennat], <em>il faut aller au bout\u00a0\u00bb<\/em>, ces deux imp\u00f4ts \u00e9tant pour l\u2019heure collect\u00e9s en m\u00eame temps.<\/p>\n<p>Il a en outre annonc\u00e9 son intention de poursuivre les baisses d&rsquo;imp\u00f4ts, dans le prolongement de celles mises en \u0153uvre durant son premier quinquennat. <em>\u00ab\u00a0Je les baisserai, vous pouvez me faire confiance car c\u2019est ce que j\u2019ai fait pendant les cinq ans qui viennent de s\u2019\u00e9couler \u00bb<\/em>, a fait savoir le candidat Macron durant l&rsquo;\u00e9mission <em>La France face \u00e0 la guerre<\/em>, le 14 mars, sur TF1.<\/p>\n<h2><span class=\"ez-toc-section\" id=\"Droits_de_succession_abattement_en_hausse_et_nouveaux_abattements\"><\/span>Droits de succession : abattement en hausse et nouveaux abattements<span class=\"ez-toc-section-end\"><\/span><\/h2>\n<p>Emmanuel Macron propose de porter le montant de l&rsquo;abattement sur les droits de succession (part du patrimoine non impos\u00e9e, ndlr) de 100.000 euros actuellement \u00e0 150.000 euros en ligne directe (entre parents et enfants) pour tenir compte de la hausse des prix de l&rsquo;immobilier.<\/p>\n<p>il souhaite \u00e9galement cr\u00e9er des abattements pour la transmission en faveur des neveux, ni\u00e8ces, petits-enfants et enfants de conjoints (il n&rsquo;existe pas d&rsquo;abattement sp\u00e9cifique pour ces derniers actuellement, ndlr). Leur montant n&rsquo;est pas sp\u00e9cifi\u00e9.<\/p>\n<p>Enfin, le candidat de La R\u00e9publique en Marche (LREM) a l&rsquo;intention de maintenir le Pacte Dutreil pour la transmission d&rsquo;entreprise (exon\u00e9ration de 75% de la valeur transmise sous conditions).<\/p>\n<h2><span class=\"ez-toc-section\" id=\"Baisses_dimpot_de_75_milliards_deuros_pour_les_menages\"><\/span>Baisses d&rsquo;imp\u00f4t de 7,5 milliards d&rsquo;euros pour les m\u00e9nages<span class=\"ez-toc-section-end\"><\/span><\/h2>\n<p>Emmanuel Macron a annonc\u00e9 une baisse globale d&rsquo;imp\u00f4ts d&rsquo;environ 15 milliards d&rsquo;euros, dont 7,5 milliards d&rsquo;euros pour les m\u00e9nages, au travers notamment :<\/p>\n<ul>\n<li>de la suppression de la redevance audiovisuelle<\/li>\n<li>du rel\u00e8vement de l&rsquo;abattement sur les <a href=\"https:\/\/www.toutsurmesfinances.com\/patrimoine\/a\/droits-de-succession-calcul-exoneration-bareme\">droits de succession<\/a> de 100.000 \u00e0 150.000 euros en lige directe (entre parents et enfants)<\/li>\n<li>de la baisse des charges pour les travailleurs ind\u00e9pendants<\/li>\n<\/ul>\n<h2><span class=\"ez-toc-section\" id=\"Prime_de_pouvoir_dachat_ou_prime_Macron_triplee_a_3000_euros\"><\/span>Prime de pouvoir d\u2019achat ou prime Macron tripl\u00e9e \u00e0 3.000 euros<span class=\"ez-toc-section-end\"><\/span><\/h2>\n<p>La <a href=\"https:\/\/www.toutsurmesfinances.com\/argent\/a\/prime-defiscalisee-conditions-et-versement-de-la-prime-exceptionnelle-de-fin-d-annee\">prime exceptionnelle de pouvoir d\u2019achat<\/a> ou prime Macron a \u00e9t\u00e9 instaur\u00e9e fin 2018 en pleine crise des gilets jaunes et reconduite par deux fois, en 2020 et de juin 2021 \u00e0 mars 2022. Emmanuel Macron a fait savoir, durant sa r\u00e9union publique \u00e0 Poissy, qu\u2019il entendait porter son montant de 1.000 \u00e0 3.000 euros.<\/p>\n<p><em>\u00ab\u00a0Dans mon projet, ce que je veux faire, si les Fran\u00e7aises et les Fran\u00e7ais me font confiance, c\u2019est de pouvoir la tripler en montant, toujours sans charge ni imp\u00f4t\u00a0\u00bb<\/em>, a-t-il d\u00e9clar\u00e9.<em> Pour certains c\u2019est l\u2019\u00e9quivalent de deux \u00e0 trois mois suppl\u00e9mentaires, pour ceux qui ont une r\u00e9mun\u00e9ration plus \u00e9lev\u00e9e \u00e7a peut \u00eatre<\/em>\u00a0 [l\u2019\u00e9quivalent d\u2019un] <em>treizi\u00e8me mois. Le triplement de cette prime, c\u2019est la possibilit\u00e9 pour un employeur<\/em> [\u2026] <em>qui n\u2019a pas envie d\u2019associer ses salari\u00e9s au capital,<\/em> [\u2026] <em>de donner cette prime \u00e0 son maximum \u00bb.<\/em><\/p>\n<p>Le 17 mars, lors de sa conf\u00e9rence de presse, il a fait savoir qu&rsquo;en cas de signature d&rsquo;un accord d&rsquo;int\u00e9ressement, le montant maximum annuel de la prime Macron serait port\u00e9 \u00e0 6.000 euros, contre 2.000 euros actuellement.<\/p>\n<h2><span class=\"ez-toc-section\" id=\"Cheque_alimentaire_pour_favoriser_lachat_de_produits_locaux_bio\"><\/span>Ch\u00e8que alimentaire pour favoriser l\u2019achat de produits locaux, bio<span class=\"ez-toc-section-end\"><\/span><\/h2>\n<p>Le ch\u00e8que alimentaire durable pour les personnes en situation pr\u00e9caire, proposition de la convention citoyenne sur le climat qu\u2019Emmanuel Macron s\u2019est engag\u00e9 \u00e0 reprendre, avant de reporter sa mise en \u0153uvre, figure parmi les premi\u00e8res annonces faites par le candidat LREM \u00e0 l\u2019\u00e9lection pr\u00e9sidentielle en mati\u00e8re de pouvoir d\u2019achat.<\/p>\n<p><em>\u00ab\u00a0Ce que l\u2019on doit faire, c\u2019est mieux accompagner les classes populaires et les classes moyennes pour \u00e9viter la pr\u00e9carit\u00e9 alimentaire et les difficult\u00e9s<\/em>, a-t-il indiqu\u00e9 au cours de sa premi\u00e8re r\u00e9union publique de campagne \u00e0 Poissy (78). <em>C\u2019est pour \u00e7a, c\u2019est le candidat qui vous parle, que nous allons mettre en mettre en place le ch\u00e8que alimentaire<\/em> [\u2026] <em>qui permet d\u2019accompagner<\/em> [les m\u00e9nages dans l\u2019acc\u00e8s \u00e0] <em>une alimentation de qualit\u00e9, tout en luttant contre la pr\u00e9carit\u00e9 alimentaire\u00a0\u00bb<\/em>.<\/p>\n<p>Emmanuel Macron ne s\u2019est pas exprim\u00e9 sur les contours du ch\u00e8que alimentaire. On ne conna\u00eet encore ni les b\u00e9n\u00e9ficiaires potentiels, ni les produits \u00e9ligibles, ni le montant allou\u00e9, ni sa dur\u00e9e.<\/p>\n<p>L\u2019objectif est de favoriser l\u2019achat de produits locaux, durables ou bio. Annonc\u00e9 en d\u00e9cembre 2020, le ch\u00e8que alimentaire n\u2019a finalement pas \u00e9t\u00e9 int\u00e9gr\u00e9 \u00e0 la loi de finances pour 2022, qui pr\u00e9voit le budget de l\u2019\u00c9tat pour l\u2019ann\u00e9e en cours. Le gouvernement a souhait\u00e9, \u00e0 la rentr\u00e9e 2021, reporter sa mise en place <em>\u00ab\u00a0pour permettre une \u00e9valuation fine des sc\u00e9narios possibles, et s&rsquo;assurer que la solution mise en \u0153uvre soit la plus pertinente pour permettre l&rsquo;acc\u00e8s \u00e0 une alimentation durable aux personnes qui en ont besoin\u00a0\u00bb.<\/em><\/p>\n<h2><span class=\"ez-toc-section\" id=\"Reforme_des_retraites_report_de_lage_legal_a_65_ans\"><\/span>R\u00e9forme des retraites : report de l&rsquo;\u00e2ge l\u00e9gal \u00e0 65 ans<span class=\"ez-toc-section-end\"><\/span><\/h2>\n<p><em>\u00ab\u00a0Il n\u2019y a pas d\u2019ind\u00e9pendance sans force \u00e9conomique. Il nous faudra donc travailler plus\u00a0\u00bb<\/em>. C\u2019est avec cette petite phrase de sa lettre aux Fran\u00e7ais, publi\u00e9e le 3 mars 2022, qu\u2019Emmanuel Macron a annonc\u00e9 indirectement la couleur en mati\u00e8re de <a href=\"https:\/\/www.toutsurmesfinances.com\/retraite\/reforme-des-retraites-macron-2017-programme-calendrier.html\">r\u00e9forme des retraites<\/a>.<\/p>\n<p><em>\u00ab Il faut d\u00e9caler l\u2019\u00e2ge l\u00e9gal et le passer \u00e0 65 ans \u00bb<\/em>, a-t-il clairement \u00e9nonc\u00e9 lors de son passage sur TF1 le 14 mars.<\/p>\n<p><em>\u00ab Il est normal, surtout compte tenu de la nature des comptes publics, de la r\u00e9alit\u00e9, que nous travaillions plus,<\/em> a-t-il d\u00e9velopp\u00e9 le 17 mars lors de sa conf\u00e9rence de presse. <em>La r\u00e9forme que propose est diff\u00e9rente de celle de 2017, parce que les conditions \u00e9conomiques ne sont pas les m\u00eames, [\u2026] parce que je tire aussi les enseignements de ce qui n\u2019avait pas \u00e9t\u00e9 compris \u00bb.<\/em><\/p>\n<p>Jugeant fin 2021 que les conditions n\u2019\u00e9taient pas r\u00e9unies pour mener cette r\u00e9forme avant la fin de son quinquennat, il entend cette fois la r\u00e9aliser en abandonnant l\u2019id\u00e9e d\u2019un r\u00e9gime unique.<\/p>\n<p>Sa nouvelle r\u00e9forme pr\u00e9voirait, outre le report progressif de <a href=\"https:\/\/www.toutsurmesfinances.com\/retraite\/age-de-depart-a-la-retraite-quand-partir.html#L%E2%80%99age_legal_de_depart_a_la_retraite\">l&rsquo;\u00e2ge l\u00e9gal de d\u00e9part en retraite<\/a> \u00e0 65 ans :<\/p>\n<ol>\n<li>la suppression des r\u00e9gimes sp\u00e9ciaux (qui seraient conserv\u00e9s pour les retraits actuels). <em>\u00ab <\/em>Je veux mettre fin aux r\u00e9gime sp\u00e9ciaux pour tous les nouveaux entrants <em>\u00bb, a-t-il fait savoir sur TF1 le 14 mars<\/em><\/li>\n<li>l&rsquo;assouplissement du <a href=\"https:\/\/www.toutsurmesfinances.com\/retraite\/cumul-emploi-retraite-un-dispositif-pour-cumuler-sa-retraite-avec-un-revenu-d-activite.html\">cumul emploi-retraite<\/a>, en permettant de se cr\u00e9er de nouveaux droits au travers des cotisations correspondantes<\/li>\n<li>la mise en place d&rsquo;une pension de retraite de 1.100 euros minimum pour une carri\u00e8re compl\u00e8te.<\/li>\n<li>la prise en compte des <em>\u00ab diff\u00e9rences dans les carri\u00e8res \u00bb<\/em><\/li>\n<\/ol>\n<p>L&rsquo;id\u00e9e d&rsquo;une simplification du syst\u00e8me autour de trois r\u00e9gimes de retraite, un pour les salari\u00e9s du priv\u00e9, un pour la fonction publique et un pour les ind\u00e9pendants, un temps \u00e9voqu\u00e9e, ne figurerait donc pas dans son projet.<\/p>\n<h2><span class=\"ez-toc-section\" id=\"Ma_Prime_Adapt_prise_en_charge_de_70_des_couts_dadaptation_du_logement_a_la_perte_dautonomie\"><\/span>Ma Prime Adapt&rsquo; : prise en charge de 70% des co\u00fbts d\u2019adaptation du logement \u00e0 la perte d&rsquo;autonomie<span class=\"ez-toc-section-end\"><\/span><\/h2>\n<p>Sur le mod\u00e8le de <a href=\"https:\/\/www.toutsurmesfinances.com\/immobilier\/prime-unique-a-la-renovation-energetique-ex-cite-mode-demploi.html\">Ma Prime R\u00e9nov&rsquo;<\/a> dans la r\u00e9novation \u00e9nerg\u00e9tique, Emmanuel Macron propose de cr\u00e9er un dispositif unique d&rsquo;aide financi\u00e8re \u00e0 l\u2019adaptation du logement \u00e0 la perte d&rsquo;autonomie et au vieillissement, autour d&rsquo;une aide qui serait baptis\u00e9e Ma Prime Adapt\u2019. Sa vocation est de prendre charge <em>\u00ab jusqu\u2019\u00e0 70% des co\u00fbts des travaux d\u2019adaptation \u00bb, <\/em>en fonction des ressources du foyer.<\/p>\n<h2><span class=\"ez-toc-section\" id=\"Propositions_et_mesures_diverses_du_candidat_Macron\"><\/span>Propositions et mesures diverses du candidat Macron<span class=\"ez-toc-section-end\"><\/span><\/h2>\n<ul>\n<li>d\u00e9ploiement d&rsquo;une <em>\u00ab offre abordable de v\u00e9hicules en mettant en place des m\u00e9canismes de leasing pour accompagner m\u00e9nages les plus modestes \u00bb<\/em><\/li>\n<li>r\u00e9former le compte \u00e9pargne-temps afin de le rendre <em>\u00ab portable, mon\u00e9tisable et universel \u00bb<\/em><\/li>\n<li>poursuite du d\u00e9veloppement de <a href=\"https:\/\/www.toutsurmesfinances.com\/placements\/prime-d-interessement-2018-2019-calcul-plafond-fiscalite-et-deblocage.html\">l\u2019int\u00e9ressement<\/a> et de la <a href=\"https:\/\/www.toutsurmesfinances.com\/placements\/participation-des-salaries-aux-benefices-definition-calcul-deblocage-fiscalite.html\">participation<\/a> (\u00e9pargne salariale)<\/li>\n<li>aide financi\u00e8re aux modes de garde \u00e9tendue jusqu\u2019au 12 ans de l\u2019enfant (6 ans actuellement), via le <a href=\"https:\/\/www.toutsurmesfinances.com\/argent\/a\/cmg-conditions-montant-plafonds-simulation-et-versement\">CMG (compl\u00e9ment de libre choix du mode de garde)<\/a><\/li>\n<li>revalorisation de 50% de <a href=\"https:\/\/www.toutsurmesfinances.com\/argent\/a\/allocation-de-soutien-familial-2017-montant-conditions-duree\">l&rsquo;allocation de soutien familial (ASF)<\/a> pour les m\u00e8res c\u00e9libataires, de 116,11 \u00e0 174 euros<\/li>\n<li>triplement de l\u2019amende pour outrage sexiste, en vigueur depuis le 24 mars 2020, puni d\u2019une amende actuellement fix\u00e9 \u00e0 750 euros<\/li>\n<li>extension du <a href=\"https:\/\/www.toutsurmesfinances.com\/vie-pratique\/a\/pass-culture-conditions-demarches-et-montant\">Pass Culture<\/a> d\u00e8s le coll\u00e8ge<\/li>\n<li>continuer \u00e0 d\u00e9velopper les bilans de sant\u00e9 pr\u00e9ventifs pris en charge \u00e0 100%<\/li>\n<li>meilleures r\u00e9mun\u00e9rations pour les enseignants acceptant de mener de nouvelles missions (aide aux devoirs, accompagnement plus personnalis\u00e9 des \u00e9l\u00e8ves, y compris sur le temps p\u00e9riscolaire)<\/li>\n<li>mesures de simplification : lancement d&rsquo;une e-carte vitale<\/li>\n<li>maintien du Pacte Dutreil pour la transmission d&rsquo;entreprise<\/li>\n<\/ul>\n<h2><span class=\"ez-toc-section\" id=\"Resultat_dEmmanuel_Macron_a_lelection_presidentielle_de_2022\"><\/span>R\u00e9sultat d&rsquo;Emmanuel Macron \u00e0 l\u2019\u00e9lection pr\u00e9sidentielle de 2022<span class=\"ez-toc-section-end\"><\/span><\/h2>\n<p>Emmanuel Macron a \u00e9t\u00e9 r\u00e9\u00e9lu pr\u00e9sident de la R\u00e9publique avec 18.779.641 voix, soit 58,54% des suffrages exprim\u00e9s et 38,52% des citoyens inscrits sur les listes \u00e9lectorales, d&rsquo;apr\u00e8s les<strong> r\u00e9sultats d\u00e9finitifs<\/strong> communiqu\u00e9s par le minist\u00e8re de l&rsquo;Int\u00e9rieur. Il affrontait Marine Le Pen, qui a recueilli 13.297.760 voix (41,46% des suffrages exprim\u00e9s, 27,28% des inscrits).<\/p>\n<p>Il \u00e9tait arriv\u00e9 en t\u00eate du 1er tour de l&rsquo;\u00e9lection pr\u00e9sidentielle de 2022, avec 9.785.578 voix, soit 27,84% des suffrages exprim\u00e9s, sur la base de r\u00e9sultats d\u00e9finitifs (source minist\u00e8re de l&rsquo;Int\u00e9rieur). Il affrontera Marine Le Pen, candidate soutenue par le Rassemblement national, arriv\u00e9e en deuxi\u00e8me position avec un <strong>score de 23,15%<\/strong>.<\/p>\n<p>Emmanuel Macron est arriv\u00e9 en t\u00eate dans les r\u00e9gions suivantes :<\/p>\n<ul>\n<li>Auvergne-Rh\u00f4ne-Alpes : 27,75% (MLP : 22,28%)<\/li>\n<li>Bretagne : 32,79% (MLP : 20,65%)<\/li>\n<li>Centre-Val de Loire : 28,53% (MLP : 25,86%)<\/li>\n<li>Normandie : 29,26% (MLP 27,14%)<\/li>\n<li>Nouvelle-Aquitaine : 27,63% (MLP 22,80%)<\/li>\n<li>Pays de la Loire : 33,28% (MLP 20,78%)<\/li>\n<li>\u00cele-de-France : 30,19% (MLP 12,97%)<\/li>\n<li>Fran\u00e7ais \u00e9tablis hors de France : 45,09% (MLP 5,29%)<\/li>\n<\/ul>\n<p>L&rsquo;\u00cele-de-France est la seule r\u00e9gion de France m\u00e9tropolitaine o\u00f9 Jean-Luc M\u00e9lenchon est arriv\u00e9 en t\u00eate avec 30,24% des suffrages exprim\u00e9s, juste devant Emmanuel Macron. Globalement, Emmanuel Macron obtient ses meilleurs r\u00e9sultats dans le grand-ouest du pays, ainsi que dans les grandes villes.<\/p>\n<p>Marine Le Pen est arriv\u00e9e en t\u00eate dans les r\u00e9gions suivantes :<\/p>\n<ul>\n<li>Bourgogne-Franche-Comt\u00e9 : 27,35% (EM : 26,32%)<\/li>\n<li>Corse : 28,58% (EM 18,11%)<\/li>\n<li>Grand-Est : 29,54% : (EM 27,28%)<\/li>\n<li>Hauts-de-France : 33,35% (EM 25,40%)<\/li>\n<li>Occitanie : 24,62% (EM 23,48%)<\/li>\n<li>Provence-Alpes-C\u00f4te d&rsquo;Azur (Paca) : 27,59% (EM 23,34%)<\/li>\n<\/ul>\n<p>Dans les d\u00e9partements d&rsquo;outre-mer, M\u00e9lenchon a survol\u00e9 le scrutin avec une majorit\u00e9 de suffrages exprim\u00e9s en Guadeloupe, Martinique, Guyane et 40,26% des voix \u00e0 la R\u00e9union. Marine Le Pen est arriv\u00e9e en t\u00eate \u00e0 Mayotte (42,67%), Emmanuel Macron n&rsquo;arrivant qu&rsquo;en troisi\u00e8me position (16,94%).<\/p>\n<h2><span class=\"ez-toc-section\" id=\"Declaration_de_patrimoine_dEmmanuel_Macron\"><\/span>D\u00e9claration de patrimoine d&rsquo;Emmanuel Macron<span class=\"ez-toc-section-end\"><\/span><\/h2>\n<h3>Composition du patrimoine d&rsquo;Emmanuel Macron<\/h3>\n<p>Emmanuel Macron est \u00e0 la t\u00eate d&rsquo;un patrimoine net de 551.546,89 euros au 1er mars 2022, selon sa d\u00e9claration de situation patrimoniale, publi\u00e9e le 8 mars par la Haute autorit\u00e9 pour la transparence de la vie publique (HATVP).<\/p>\n<p>Son patrimoine personnel et les biens communs de son couple sont les suivants (source HATVP, calculs ToutSurMesFinances.com, effectu\u00e9s hors prise en compte des \u00e0-valoir vers\u00e9s par les \u00e9ditions XO) :<\/p>\n<ul>\n<li>immobilier : n\u00e9ant<\/li>\n<li>parts de soci\u00e9t\u00e9 civile immobili\u00e8re (SCI) : n\u00e9ant<\/li>\n<li>Comptes courants : 168 950,68 euros<\/li>\n<li>valeurs non cot\u00e9es : 23.515,60 euros<br \/>\n<em>dont Titres Cr\u00e9dit Mutuel : 730 euros<\/em><br \/>\n<em>Fonds de placement PME : 22.785,60 euros<\/em><\/li>\n<li><a href=\"https:\/\/www.toutsurmesfinances.com\/bourse\/a\/le-compte-titre\">Comptes titres<\/a> : 3.856,81 euros<\/li>\n<li><a href=\"https:\/\/www.toutsurmesfinances.com\/bourse\/a\/le-pea\">Plans d&rsquo;\u00e9pargne en action (PEA)<\/a> : 63.671,65 euros<\/li>\n<li><a href=\"https:\/\/www.toutsurmesfinances.com\/placements\/assurance-vie-fonctionnement-et-explications.html\">Contrat d&rsquo;assurance vie<\/a> : 113.473,77 euros<\/li>\n<li><a href=\"https:\/\/www.toutsurmesfinances.com\/placements\/livret-bleu-plafond-taux-et-conditions-du-livret-a-du-credit-mutuel.html\">Livrets Bleu<\/a> : 46.088,30 euros<\/li>\n<li><a href=\"https:\/\/www.toutsurmesfinances.com\/placements\/livret-ldd-fonctionnement-plafond-taux-du-cousin-du-livret-a.html\">LDD solidaires<\/a> et Livrets Fid\u00e9lit\u00e9 : 244.323,92 euros<\/li>\n<li><a href=\"https:\/\/www.toutsurmesfinances.com\/placements\/cel-compte-epargne-logement-un-complement-du-pel.html\">Comptes \u00e9pargne logement (CEL)<\/a> : 742,60 euros<\/li>\n<li><a href=\"https:\/\/www.toutsurmesfinances.com\/placements\/le-pel.html\">Plans d&rsquo;\u00e9pargne logement (PEL)<\/a> : 9 438,90 euros<\/li>\n<li>TOTAL actifs (A) : 674.062,23 euros<br \/>\ndont liquidit\u00e9s (hors PEL) : 460.105,50 euros<br \/>\ndont placements financiers : 213.956,73 euros<\/li>\n<li>Dette bancaire (B) : 122.515,34 euros<\/li>\n<li>TOTAL actif net (A &#8211; B) : 551.546,89 euros<\/li>\n<\/ul>\n<p>Le patrimoine de l&rsquo;actuel pr\u00e9sident de la R\u00e9publique est compos\u00e9 (hors dettes) :<\/p>\n<ul>\n<li>\u00e0 68,3% de liquidit\u00e9s (comptes courants, livrets r\u00e9glement\u00e9s ou non, disponibles \u00e0 tout moment)<\/li>\n<li>\u00e0 31,7% de placements financiers, PEL inclus, sachant que la composition de son contrat d&rsquo;assurance vie n&rsquo;est pas connue.<\/li>\n<\/ul>\n<p>Il ne d\u00e9tient aucun bien immobilier en son nom propre, ni en commun au sein de son couple, ni au travers de soci\u00e9t\u00e9s civiles immobili\u00e8res.<\/p>\n<h3>Enrichissement d&rsquo;Emmanuel Macron depuis 2017<\/h3>\n<p>Emmanuel Macron a, par rapport \u00e0 sa d\u00e9claration de mars 2017 :<\/p>\n<ul>\n<li>quadrupl\u00e9 le montant de ses liquidit\u00e9s, celles-ci passant de 113.361,30 \u00e0 460.105,50 euros<\/li>\n<li>diminu\u00e9 ses placements financiers de 3,9%<\/li>\n<li>r\u00e9duit son endettement bancaire de plus de la moiti\u00e9 (-59%), soit 124.322,10 euros rembours\u00e9s<\/li>\n<li>augment\u00e9 son patrimoine net personnel et commun \u00e0 son couple de 516.033,72 euros<\/li>\n<\/ul>\n<h3>Salaire de Macron en tant que pr\u00e9sident de la R\u00e9publique<\/h3>\n<p>Emmanuel Macron per\u00e7oit une r\u00e9mun\u00e9ration mensuelle brute en tant que pr\u00e9sident de la R\u00e9publique d&rsquo;environ 15.200 euros, soit 13.500 euros net avant pr\u00e9l\u00e8vement \u00e0 la source et de 8.500 euros net d&rsquo;imp\u00f4t, soit environ 510.000 euros net sur l&rsquo;ensemble de son quinquennat et 493.000 euros sans tenir compte des mois de mars et avril 2022.<\/p>\n<p>D&rsquo;apr\u00e8s sa d\u00e9claration d\u2019int\u00e9r\u00eats et d\u2019activit\u00e9s, sa r\u00e9mun\u00e9ration au titre de son mandat pr\u00e9sidentiel lui a procur\u00e9 le revenu net imposable suivant (incluant la comptabilisation de l&rsquo;avantage en nature de son logement \u00e0 l\u2019\u00c9lys\u00e9e) :<\/p>\n<ul>\n<li>2021 : 196.314 euros<\/li>\n<li>2020 : 196.314 euros<\/li>\n<li>2019 : 196.094 euros<\/li>\n<li>2018 : 195 570 euros<\/li>\n<li>2017 : 115 426 euros<\/li>\n<li><strong>TOTAL : 899 718 euros<\/strong><\/li>\n<\/ul>\n<p>Ci-dessous, un bref rappel ci-dessous des mesures pr\u00e9sent\u00e9es il y a cinq ans, dans le cadre de sa campagne pr\u00e9sidentielle de 2017.<\/p>\n<h2><span class=\"ez-toc-section\" id=\"Programme_2017_dEmmanuel_Macron_sur_le_pouvoir_dachat\"><\/span>Programme 2017 d\u2019Emmanuel Macron sur le pouvoir d&rsquo;achat<span class=\"ez-toc-section-end\"><\/span><\/h2>\n<p>Emmanuel Macron a remport\u00e9 l&rsquo;\u00e9lection pr\u00e9sidentielle de 2017 face \u00e0 Marine Le Pen, avec plus de 20,7 millions de voix, soit 66,1% des suffrages exprim\u00e9s et 43,63% des inscrits, selon les r\u00e9sultats d\u00e9finitifs du minist\u00e8re de l&rsquo;Int\u00e9rieur. Au cours de sa campagne, le vainqueur du premier tour de l&rsquo;\u00e9lection pr\u00e9sidentielle avec 24,01% des suffrages exprim\u00e9s a affirm\u00e9 plusieurs fois vouloir devenir <em>\u00ab le pr\u00e9sident du travail \u00bb<\/em>. <em>\u00ab Pour lib\u00e9rer le travail, je veux qu\u2019il soit moins cher, je veux qu\u2019il paye mieux<\/em>. [\u2026] <em>Donc tous les travailleurs, quel que soit leur statut ou leur cat\u00e9gorie gagneront en pouvoir d\u2019achat durant notre quinquennat \u00bb<\/em>, a clam\u00e9 l&rsquo;\u00e9poux de Brigitte Macron, lors de son meeting de campagne \u00e0 Lyon du 4 f\u00e9vrier 2017.<\/p>\n<p>Les principales mesures pr\u00e9sent\u00e9es en 2017 par celui qui est devenu le huiti\u00e8me pr\u00e9sident de la V\u00e8me R\u00e9publique, \u00e9taient les suivantes :<\/p>\n<h3>Salaires et travail, au c\u0153ur de son programme pour la pr\u00e9sidentielle 2017<\/h3>\n<ul>\n<li>hausse du salaire net gr\u00e2ce \u00e0 la baisse des cotisations, hausse de la CSG afin de r\u00e9duire la <strong><a href=\"https:\/\/www.toutsurmesfinances.com\/argent\/a\/salaire-brut-salaire-net-comment-calculer-son-salaire#difference\" target=\"_blank\" rel=\"noopener noreferrer\">diff\u00e9rence entre le salaire brut et le salaire net<\/a><\/strong><\/li>\n<li>mesure ci-dessus financ\u00e9e par une <strong><a href=\"https:\/\/www.toutsurmesfinances.com\/impots\/augmentation-de-la-csg-le-programme-de-macron.html\" target=\"_blank\" rel=\"noopener noreferrer\">hausse g\u00e9n\u00e9rale de 1,7 point de la CSG<\/a><\/strong> (contribution sociale g\u00e9n\u00e9ralis\u00e9e) sur les salaires, certaines pensions de retraite, les revenus du patrimoine (revenus fonciers) et les placements financiers (livrets imposables, dividendes, assurance vie, PEA, plus-values)<\/li>\n<li>lutte contre les discriminations \u00e0 l\u2019embauche par une syst\u00e9matisation des politiques de testing (source l.ivre R\u00e9volutions, page 143)<\/li>\n<li>droit universel aux allocations ch\u00f4mage, en l&rsquo;\u00e9tendant aux travailleurs ind\u00e9pendants et aux d\u00e9missionnaires (page 131 de son livre co\u00fbt de 1,5 milliard d&rsquo;euros par an)<\/li>\n<li>diminution du plafond d\u2019indemnisation du ch\u00f4mage, actuellement fix\u00e9 \u00e0 plus de 7000 euros par mois<\/li>\n<li>augmentation de 50% de la <strong><a href=\"https:\/\/www.toutsurmesfinances.com\/argent\/a\/prime-d-activite-conditions-demande-montant\" target=\"_blank\" rel=\"noopener noreferrer\">prime d\u2019activit\u00e9<\/a><\/strong><\/li>\n<li>opposition au revenu universel et au principe du Smic jeunes (Salaire transitoire inf\u00e9rieur au Smic alors propos\u00e9 par le Medef).<\/li>\n<\/ul>\n<h3>S\u00e9curit\u00e9 sociale et sant\u00e9<\/h3>\n<p>Pour Emmanuel Macron, la g\u00e9n\u00e9ralisation du droit \u00e0 l\u2019assurance ch\u00f4mage implique que la protection sociale soit <em>\u00ab de moins en moins financ\u00e9e par des cotisations et de plus en plus par l\u2019imp\u00f4t \u00bb<\/em>, ce qui explique son financement par la hausse de la CSG.<\/p>\n<p>Les propositions en mati\u00e8re de d\u00e9penses de sant\u00e9 \u00e9taient les suivantes :<\/p>\n<ul>\n<li>faire \u00e9voluer le mod\u00e8le de r\u00e9mun\u00e9ration de la consultation chez le m\u00e9decin<\/li>\n<li>remboursement \u00e0 100% les proth\u00e8ses dentaires et auditives<\/li>\n<\/ul>\n<h4>Retraites : vers un r\u00e9gime unique<\/h4>\n<ul>\n<li>\u00ab refondation \u00bb du syst\u00e8me de retraite, via la cr\u00e9ation d\u2019un syst\u00e8me de retraite \u00e0 la carte<\/li>\n<li>rapprocher les diff\u00e9rents r\u00e9gimes (35 actuellement) en <em>\u00ab quelques ann\u00e9es \u00bb<\/em> afin de construire <em>\u00ab un r\u00e9gime universel de retraite \u00bb<\/em>, avec des <em>\u00ab r\u00e8gles communes de calcul des pensions \u00bb<\/em>.<\/li>\n<li>prise en compte de la situation des aidants familiaux dans le calcul de l\u2019\u00e2ge de d\u00e9part \u00e0 la retraite (source : lettre du 18 avril 2017 \u00e0 la Conf\u00e9d\u00e9ration Fran\u00e7aise des Retrait\u00e9s)<\/li>\n<li>revalorisation du minimum vieillesse de 100 euros par mois.<\/li>\n<\/ul>\n<h3>Imp\u00f4ts : r\u00e9forme fiscale et stabilit\u00e9 au programme<\/h3>\n<p>Le cadrage budg\u00e9taire du projet d\u2019Emmanuel Macron a \u00e9t\u00e9 pr\u00e9sent\u00e9 le 24 f\u00e9vrier 2017, avant la pr\u00e9sentation de l&rsquo;ensemble de son programme, le 2 mars.Ses propositions fiscales \u00e9taient les suivantes :<\/p>\n<ul>\n<li>stabilit\u00e9 fiscale pendant le quinquennat, principe pos\u00e9 dans son livre R\u00e9volution<\/li>\n<li>baisse de la taxe d&rsquo;habitation, via une exon\u00e9ration progressive pour 80% des m\u00e9nages. \u00e0 l&rsquo;horizon 2020<\/li>\n<li>r\u00e9tablissement d&rsquo;un pr\u00e9l\u00e8vement forfaitaire sur les placements financiers, via un <em>\u00ab pr\u00e9l\u00e8vement forfaitaire unique au taux de l&rsquo;ordre de 30%, pr\u00e9l\u00e8vements sociaux inclus, pour tous les revenus du capital : int\u00e9r\u00eats, loyers, dividendes, plus-values\u00a0\u00bb<\/em> (Source interview Les Echos).<\/li>\n<li>r\u00e9forme et all\u00e8gement de l\u2019ISF, recentr\u00e9 sur l&rsquo;immobilier<\/li>\n<\/ul>\n<h3>Ecologie<\/h3>\n<ul>\n<li>augmentation progressive de la fiscalit\u00e9 sur le gazole <em>\u00ab pour qu\u2019elle rejoigne en fin de quinquennat celle sur l\u2019essence \u00bb<\/em><\/li>\n<li>accompagnement des m\u00e9nages en faveur de l\u2019abandon des v\u00e9hicules diesel avec la mise en place d\u2019un <em>\u00ab prime \u00e0 la conversion \u00bb<\/em> de 1000 euros, valable pour l\u2019achat d\u2019un v\u00e9hicule neuf ou d\u2019occasion, pour les propri\u00e9taires de voitures diesel construits avant 2001<\/li>\n<li>transformation du cr\u00e9dit d&rsquo;imp\u00f4t transition \u00e9nerg\u00e9tique (Cit\u00e9) en prime <em>\u00ab imm\u00e9diatement perceptible \u00bb<\/em><\/li>\n<\/ul>\n<h3>Mesures diverses<\/h3>\n<ul>\n<li>versement d\u2019un pass culturel 500 euros pour les jeunes le jour de leurs 18 ans (France Culture, 27 janvier 2017).<\/li>\n<li>augmentation de 100 euros par mois de l&rsquo;AAH (Allocation adulte handicap\u00e9).<\/li>\n<li>renforcement du droit \u00e0 l&rsquo;oubli pour les emprunteurs qui ont souffert de maladies graves au moment de la souscription de leur assurance de pr\u00eat. <em>\u00ab Les malades de cancers et de l\u2019h\u00e9patite C n\u2019auront plus \u00e0 le mentionner d\u00e8s 5 ans apr\u00e8s leur r\u00e9mission (contre 10 ans aujourd\u2019hui) \u00bb, <\/em>affirme-t-il dans son programme. Il propose aussi de l\u2019\u00e9tendre \u00e0 de nouvelles maladies.<\/li>\n<li>mise en place d&rsquo;un syst\u00e8me de <em>\u00ab contravention lourde et payable imm\u00e9diatement \u00bb<\/em> pour consommation de cannabis en lieu et place de la p\u00e9nalisation syst\u00e9matique. Emmanuel Macron juge une telle mesure <em>\u00ab bien plus dissuasive qu&rsquo;une hypoth\u00e9tique peine de prison dont tout le monde sait qu&rsquo;elle ne sera jamais ex\u00e9cut\u00e9e \u00bb <\/em>page 194 de son livre). De m\u00eame, en cas de vol <em>\u00ab sans aucune autre circonstance aggravante \u00bb<\/em>, il pr\u00e9conise une peine d&rsquo;amende <em>\u00ab lorsque le butin est inf\u00e9rieur \u00e0 une certaine valeur \u00bb.<\/em><\/li>\n<li>augmentation du prix du tabac, en vue de porter le prix \u00e0 10 euros par paquet (d\u00e9claration sur RTL, 3 mars 2017)<\/li>\n<li>cr\u00e9ation d&rsquo;ici la fin du quinquennat d&rsquo;un billet d&rsquo;avion \u00e0 prix aid\u00e9 (trajet m\u00e9tropole-collectivit\u00e9) pour les Fran\u00e7ais issus de l&rsquo;outre-mer en particulier pour les \u00e9tudiants et les entrepreneurs.<\/li>\n<\/ul>\n<p>&nbsp;<\/p>\n","protected":false},"excerpt":{"rendered":"<p>Le programme d&rsquo;Emmanuel Macron pour l&rsquo;\u00e9lection pr\u00e9sidentielle de 2022, arriv\u00e9 en t\u00eate du second tour avec 58,54% des suffrages, s&rsquo;inscrit dans la continuit\u00e9 de celui du quinquennat qui s&rsquo;ach\u00e8ve. R\u00e9sum\u00e9 du programme de Macron et tout savoir sur la politique qu&rsquo;entend mener le fondateur de La R\u00e9publique En Marche ! (LREM) en faveur du pouvoir d\u2019achat<\/p>\n","protected":false},"author":13709,"featured_media":10076,"comment_status":"closed","ping_status":"closed","sticky":false,"template":"","format":"standard","meta":{"footnotes":""},"categories":[30],"tags":[],"class_list":["post-1458","post","type-post","status-publish","format-standard","has-post-thumbnail","hentry","category-budget"],"acf":[],"yoast_head":"<!-- This site is optimized with the Yoast SEO plugin v24.9 - https:\/\/yoast.com\/wordpress\/plugins\/seo\/ -->\n<title>Programme Macron pr\u00e9sidentielle 2022 : RSA, salaires, retraite, imp\u00f4ts<\/title>\n<meta name=\"description\" content=\"Emmanuel Macron, pr\u00e9sident sortant et candidat \u00e0 sa r\u00e9\u00e9lection, d\u00e9voile son programme pour 2022 au gr\u00e9 de ses interventions publiques\" \/>\n<meta name=\"robots\" content=\"index, follow, max-snippet:-1, max-image-preview:large, max-video-preview:-1\" \/>\n<link rel=\"canonical\" href=\"https:\/\/www.toutsurmesfinances.com\/argent\/a\/le-programme-d-emmanuel-macron-pour-2017\" \/>\n<meta property=\"og:locale\" content=\"fr_FR\" \/>\n<meta property=\"og:type\" content=\"article\" \/>\n<meta property=\"og:title\" content=\"Programme Macron pr\u00e9sidentielle 2022 : RSA, salaires, retraite, imp\u00f4ts\" \/>\n<meta property=\"og:description\" content=\"Emmanuel Macron, pr\u00e9sident sortant et candidat \u00e0 sa r\u00e9\u00e9lection, d\u00e9voile son programme pour 2022 au gr\u00e9 de ses interventions publiques\" \/>\n<meta property=\"og:url\" content=\"https:\/\/www.toutsurmesfinances.com\/argent\/a\/le-programme-d-emmanuel-macron-pour-2017\" \/>\n<meta property=\"og:site_name\" content=\"Argent\" \/>\n<meta property=\"article:published_time\" content=\"2017-02-10T17:33:25+00:00\" \/>\n<meta property=\"article:modified_time\" content=\"2022-04-25T09:12:59+00:00\" \/>\n<meta property=\"og:image\" content=\"https:\/\/www.toutsurmesfinances.com\/argent\/wp-content\/uploads\/sites\/3\/2017\/02\/macron-lci08032022.jpg\" \/>\n\t<meta property=\"og:image:width\" content=\"964\" \/>\n\t<meta property=\"og:image:height\" content=\"541\" \/>\n\t<meta property=\"og:image:type\" content=\"image\/jpeg\" \/>\n<meta name=\"author\" content=\"Olivier Brunet\" \/>\n<meta name=\"twitter:card\" content=\"summary_large_image\" \/>\n<meta name=\"twitter:creator\" content=\"@Toutsur\" \/>\n<meta name=\"twitter:site\" content=\"@Toutsur\" \/>\n<meta name=\"twitter:label1\" content=\"\u00c9crit par\" \/>\n\t<meta name=\"twitter:data1\" content=\"Olivier Brunet\" \/>\n\t<meta name=\"twitter:label2\" content=\"Dur\u00e9e de lecture estim\u00e9e\" \/>\n\t<meta name=\"twitter:data2\" content=\"19 minutes\" \/>\n<script type=\"application\/ld+json\" class=\"yoast-schema-graph\">{\"@context\":\"https:\/\/schema.org\",\"@graph\":[{\"@type\":\"Article\",\"@id\":\"https:\/\/www.toutsurmesfinances.com\/argent\/a\/le-programme-d-emmanuel-macron-pour-2017#article\",\"isPartOf\":{\"@id\":\"https:\/\/www.toutsurmesfinances.com\/argent\/a\/le-programme-d-emmanuel-macron-pour-2017\"},\"author\":{\"name\":\"Olivier Brunet\",\"@id\":\"https:\/\/www.toutsurmesfinances.com\/argent\/#\/schema\/person\/f3692b3163890cd1408bd0dc68a1b55a\"},\"headline\":\"RSA, Redevance TV, prime, ch\u00e8que alimentaire\u2026 Le programme de Macron pour 2022 en faveur du pouvoir d&rsquo;achat\",\"dateModified\":\"2022-04-25T09:12:59+00:00\",\"mainEntityOfPage\":{\"@id\":\"https:\/\/www.toutsurmesfinances.com\/argent\/a\/le-programme-d-emmanuel-macron-pour-2017\"},\"wordCount\":3821,\"publisher\":{\"@id\":\"https:\/\/www.toutsurmesfinances.com\/argent\/#organization\"},\"image\":{\"@id\":\"https:\/\/www.toutsurmesfinances.com\/argent\/a\/le-programme-d-emmanuel-macron-pour-2017#primaryimage\"},\"thumbnailUrl\":\"https:\/\/www.toutsurmesfinances.com\/argent\/wp-content\/uploads\/sites\/3\/2017\/02\/macron-lci08032022.jpg\",\"articleSection\":[\"Budget\"],\"inLanguage\":\"fr-FR\"},{\"@type\":\"WebPage\",\"@id\":\"https:\/\/www.toutsurmesfinances.com\/argent\/a\/le-programme-d-emmanuel-macron-pour-2017\",\"url\":\"https:\/\/www.toutsurmesfinances.com\/argent\/a\/le-programme-d-emmanuel-macron-pour-2017\",\"name\":\"Programme Macron pr\u00e9sidentielle 2022 : RSA, salaires, retraite, imp\u00f4ts\",\"isPartOf\":{\"@id\":\"https:\/\/www.toutsurmesfinances.com\/argent\/#website\"},\"primaryImageOfPage\":{\"@id\":\"https:\/\/www.toutsurmesfinances.com\/argent\/a\/le-programme-d-emmanuel-macron-pour-2017#primaryimage\"},\"image\":{\"@id\":\"https:\/\/www.toutsurmesfinances.com\/argent\/a\/le-programme-d-emmanuel-macron-pour-2017#primaryimage\"},\"thumbnailUrl\":\"https:\/\/www.toutsurmesfinances.com\/argent\/wp-content\/uploads\/sites\/3\/2017\/02\/macron-lci08032022.jpg\",\"dateModified\":\"2022-04-25T09:12:59+00:00\",\"description\":\"Emmanuel Macron, pr\u00e9sident sortant et candidat \u00e0 sa r\u00e9\u00e9lection, d\u00e9voile son programme pour 2022 au gr\u00e9 de ses interventions publiques\",\"breadcrumb\":{\"@id\":\"https:\/\/www.toutsurmesfinances.com\/argent\/a\/le-programme-d-emmanuel-macron-pour-2017#breadcrumb\"},\"inLanguage\":\"fr-FR\",\"potentialAction\":[{\"@type\":\"ReadAction\",\"target\":[\"https:\/\/www.toutsurmesfinances.com\/argent\/a\/le-programme-d-emmanuel-macron-pour-2017\"]}]},{\"@type\":\"ImageObject\",\"inLanguage\":\"fr-FR\",\"@id\":\"https:\/\/www.toutsurmesfinances.com\/argent\/a\/le-programme-d-emmanuel-macron-pour-2017#primaryimage\",\"url\":\"https:\/\/www.toutsurmesfinances.com\/argent\/wp-content\/uploads\/sites\/3\/2017\/02\/macron-lci08032022.jpg\",\"contentUrl\":\"https:\/\/www.toutsurmesfinances.com\/argent\/wp-content\/uploads\/sites\/3\/2017\/02\/macron-lci08032022.jpg\",\"width\":964,\"height\":541,\"caption\":\"Source : capture d'\u00e9cran LCI\"},{\"@type\":\"BreadcrumbList\",\"@id\":\"https:\/\/www.toutsurmesfinances.com\/argent\/a\/le-programme-d-emmanuel-macron-pour-2017#breadcrumb\",\"itemListElement\":[{\"@type\":\"ListItem\",\"position\":1,\"name\":\"Accueil\",\"item\":\"https:\/\/www.toutsurmesfinances.com\/argent\/\"},{\"@type\":\"ListItem\",\"position\":2,\"name\":\"Budget\",\"item\":\"https:\/\/www.toutsurmesfinances.com\/argent\/c\/budget\"},{\"@type\":\"ListItem\",\"position\":3,\"name\":\"RSA, Redevance TV, prime, ch\u00e8que alimentaire\u2026 Le programme de Macron pour 2022 en faveur du pouvoir d&rsquo;achat\"}]},{\"@type\":\"WebSite\",\"@id\":\"https:\/\/www.toutsurmesfinances.com\/argent\/#website\",\"url\":\"https:\/\/www.toutsurmesfinances.com\/argent\/\",\"name\":\"Argent\",\"description\":\"\",\"publisher\":{\"@id\":\"https:\/\/www.toutsurmesfinances.com\/argent\/#organization\"},\"potentialAction\":[{\"@type\":\"SearchAction\",\"target\":{\"@type\":\"EntryPoint\",\"urlTemplate\":\"https:\/\/www.toutsurmesfinances.com\/argent\/?s={search_term_string}\"},\"query-input\":{\"@type\":\"PropertyValueSpecification\",\"valueRequired\":true,\"valueName\":\"search_term_string\"}}],\"inLanguage\":\"fr-FR\"},{\"@type\":\"Organization\",\"@id\":\"https:\/\/www.toutsurmesfinances.com\/argent\/#organization\",\"name\":\"Tout Sur Mes Finances\",\"url\":\"https:\/\/www.toutsurmesfinances.com\/argent\/\",\"logo\":{\"@type\":\"ImageObject\",\"inLanguage\":\"fr-FR\",\"@id\":\"https:\/\/www.toutsurmesfinances.com\/argent\/#\/schema\/logo\/image\/\",\"url\":\"https:\/\/www.toutsurmesfinances.com\/argent\/wp-content\/uploads\/sites\/3\/2021\/01\/favicon.png\",\"contentUrl\":\"https:\/\/www.toutsurmesfinances.com\/argent\/wp-content\/uploads\/sites\/3\/2021\/01\/favicon.png\",\"width\":512,\"height\":512,\"caption\":\"Tout Sur Mes Finances\"},\"image\":{\"@id\":\"https:\/\/www.toutsurmesfinances.com\/argent\/#\/schema\/logo\/image\/\"},\"sameAs\":[\"https:\/\/x.com\/Toutsur\"]},{\"@type\":\"Person\",\"@id\":\"https:\/\/www.toutsurmesfinances.com\/argent\/#\/schema\/person\/f3692b3163890cd1408bd0dc68a1b55a\",\"name\":\"Olivier Brunet\",\"image\":{\"@type\":\"ImageObject\",\"inLanguage\":\"fr-FR\",\"@id\":\"https:\/\/www.toutsurmesfinances.com\/argent\/#\/schema\/person\/image\/\",\"url\":\"https:\/\/secure.gravatar.com\/avatar\/59a19214b7bb3163a27d873fa61f9a80?s=96&d=mm&r=g\",\"contentUrl\":\"https:\/\/secure.gravatar.com\/avatar\/59a19214b7bb3163a27d873fa61f9a80?s=96&d=mm&r=g\",\"caption\":\"Olivier Brunet\"},\"description\":\"Olivier Brunet est cofondateur de\u00a0ToutSurMesFinances.com\u00a0et r\u00e9dacteur en chef sp\u00e9cialis\u00e9 en placements et fiscalit\u00e9\u00a0des particuliers. Pr\u00e9sent\u00a0au sein du\u00a0m\u00e9dia\u00a0depuis sa cr\u00e9ation, il en est l\u2019un des piliers \u00e9ditoriaux. Il analyse les strat\u00e9gies d\u2019investissement,\u00a0suit\u00a0les \u00e9volutions fiscales et les\u00a0probl\u00e9matiques\u00a0patrimoniales\u00a0avec une vision long terme, forg\u00e9e par des ann\u00e9es de pratique et de suivi des march\u00e9s.\u00a0\",\"sameAs\":[\"https:\/\/www.toutsurmesfinances.com\/author\/olivier\",\"https:\/\/www.linkedin.com\/in\/obrunet\/\"]}]}<\/script>\n<!-- \/ Yoast SEO plugin. -->","yoast_head_json":{"title":"Programme Macron pr\u00e9sidentielle 2022 : RSA, salaires, retraite, imp\u00f4ts","description":"Emmanuel Macron, pr\u00e9sident sortant et candidat \u00e0 sa r\u00e9\u00e9lection, d\u00e9voile son programme pour 2022 au gr\u00e9 de ses interventions publiques","robots":{"index":"index","follow":"follow","max-snippet":"max-snippet:-1","max-image-preview":"max-image-preview:large","max-video-preview":"max-video-preview:-1"},"canonical":"https:\/\/www.toutsurmesfinances.com\/argent\/a\/le-programme-d-emmanuel-macron-pour-2017","og_locale":"fr_FR","og_type":"article","og_title":"Programme Macron pr\u00e9sidentielle 2022 : RSA, salaires, retraite, imp\u00f4ts","og_description":"Emmanuel Macron, pr\u00e9sident sortant et candidat \u00e0 sa r\u00e9\u00e9lection, d\u00e9voile son programme pour 2022 au gr\u00e9 de ses interventions publiques","og_url":"https:\/\/www.toutsurmesfinances.com\/argent\/a\/le-programme-d-emmanuel-macron-pour-2017","og_site_name":"Argent","article_published_time":"2017-02-10T17:33:25+00:00","article_modified_time":"2022-04-25T09:12:59+00:00","og_image":[{"width":964,"height":541,"url":"https:\/\/www.toutsurmesfinances.com\/argent\/wp-content\/uploads\/sites\/3\/2017\/02\/macron-lci08032022.jpg","type":"image\/jpeg"}],"author":"Olivier Brunet","twitter_card":"summary_large_image","twitter_creator":"@Toutsur","twitter_site":"@Toutsur","twitter_misc":{"\u00c9crit par":"Olivier Brunet","Dur\u00e9e de lecture estim\u00e9e":"19 minutes"},"schema":{"@context":"https:\/\/schema.org","@graph":[{"@type":"Article","@id":"https:\/\/www.toutsurmesfinances.com\/argent\/a\/le-programme-d-emmanuel-macron-pour-2017#article","isPartOf":{"@id":"https:\/\/www.toutsurmesfinances.com\/argent\/a\/le-programme-d-emmanuel-macron-pour-2017"},"author":{"name":"Olivier Brunet","@id":"https:\/\/www.toutsurmesfinances.com\/argent\/#\/schema\/person\/f3692b3163890cd1408bd0dc68a1b55a"},"headline":"RSA, Redevance TV, prime, ch\u00e8que alimentaire\u2026 Le programme de Macron pour 2022 en faveur du pouvoir d&rsquo;achat","dateModified":"2022-04-25T09:12:59+00:00","mainEntityOfPage":{"@id":"https:\/\/www.toutsurmesfinances.com\/argent\/a\/le-programme-d-emmanuel-macron-pour-2017"},"wordCount":3821,"publisher":{"@id":"https:\/\/www.toutsurmesfinances.com\/argent\/#organization"},"image":{"@id":"https:\/\/www.toutsurmesfinances.com\/argent\/a\/le-programme-d-emmanuel-macron-pour-2017#primaryimage"},"thumbnailUrl":"https:\/\/www.toutsurmesfinances.com\/argent\/wp-content\/uploads\/sites\/3\/2017\/02\/macron-lci08032022.jpg","articleSection":["Budget"],"inLanguage":"fr-FR"},{"@type":"WebPage","@id":"https:\/\/www.toutsurmesfinances.com\/argent\/a\/le-programme-d-emmanuel-macron-pour-2017","url":"https:\/\/www.toutsurmesfinances.com\/argent\/a\/le-programme-d-emmanuel-macron-pour-2017","name":"Programme Macron pr\u00e9sidentielle 2022 : RSA, salaires, retraite, imp\u00f4ts","isPartOf":{"@id":"https:\/\/www.toutsurmesfinances.com\/argent\/#website"},"primaryImageOfPage":{"@id":"https:\/\/www.toutsurmesfinances.com\/argent\/a\/le-programme-d-emmanuel-macron-pour-2017#primaryimage"},"image":{"@id":"https:\/\/www.toutsurmesfinances.com\/argent\/a\/le-programme-d-emmanuel-macron-pour-2017#primaryimage"},"thumbnailUrl":"https:\/\/www.toutsurmesfinances.com\/argent\/wp-content\/uploads\/sites\/3\/2017\/02\/macron-lci08032022.jpg","dateModified":"2022-04-25T09:12:59+00:00","description":"Emmanuel Macron, pr\u00e9sident sortant et candidat \u00e0 sa r\u00e9\u00e9lection, d\u00e9voile son programme pour 2022 au gr\u00e9 de ses interventions publiques","breadcrumb":{"@id":"https:\/\/www.toutsurmesfinances.com\/argent\/a\/le-programme-d-emmanuel-macron-pour-2017#breadcrumb"},"inLanguage":"fr-FR","potentialAction":[{"@type":"ReadAction","target":["https:\/\/www.toutsurmesfinances.com\/argent\/a\/le-programme-d-emmanuel-macron-pour-2017"]}]},{"@type":"ImageObject","inLanguage":"fr-FR","@id":"https:\/\/www.toutsurmesfinances.com\/argent\/a\/le-programme-d-emmanuel-macron-pour-2017#primaryimage","url":"https:\/\/www.toutsurmesfinances.com\/argent\/wp-content\/uploads\/sites\/3\/2017\/02\/macron-lci08032022.jpg","contentUrl":"https:\/\/www.toutsurmesfinances.com\/argent\/wp-content\/uploads\/sites\/3\/2017\/02\/macron-lci08032022.jpg","width":964,"height":541,"caption":"Source : capture d'\u00e9cran LCI"},{"@type":"BreadcrumbList","@id":"https:\/\/www.toutsurmesfinances.com\/argent\/a\/le-programme-d-emmanuel-macron-pour-2017#breadcrumb","itemListElement":[{"@type":"ListItem","position":1,"name":"Accueil","item":"https:\/\/www.toutsurmesfinances.com\/argent\/"},{"@type":"ListItem","position":2,"name":"Budget","item":"https:\/\/www.toutsurmesfinances.com\/argent\/c\/budget"},{"@type":"ListItem","position":3,"name":"RSA, Redevance TV, prime, ch\u00e8que alimentaire\u2026 Le programme de Macron pour 2022 en faveur du pouvoir d&rsquo;achat"}]},{"@type":"WebSite","@id":"https:\/\/www.toutsurmesfinances.com\/argent\/#website","url":"https:\/\/www.toutsurmesfinances.com\/argent\/","name":"Argent","description":"","publisher":{"@id":"https:\/\/www.toutsurmesfinances.com\/argent\/#organization"},"potentialAction":[{"@type":"SearchAction","target":{"@type":"EntryPoint","urlTemplate":"https:\/\/www.toutsurmesfinances.com\/argent\/?s={search_term_string}"},"query-input":{"@type":"PropertyValueSpecification","valueRequired":true,"valueName":"search_term_string"}}],"inLanguage":"fr-FR"},{"@type":"Organization","@id":"https:\/\/www.toutsurmesfinances.com\/argent\/#organization","name":"Tout Sur Mes Finances","url":"https:\/\/www.toutsurmesfinances.com\/argent\/","logo":{"@type":"ImageObject","inLanguage":"fr-FR","@id":"https:\/\/www.toutsurmesfinances.com\/argent\/#\/schema\/logo\/image\/","url":"https:\/\/www.toutsurmesfinances.com\/argent\/wp-content\/uploads\/sites\/3\/2021\/01\/favicon.png","contentUrl":"https:\/\/www.toutsurmesfinances.com\/argent\/wp-content\/uploads\/sites\/3\/2021\/01\/favicon.png","width":512,"height":512,"caption":"Tout Sur Mes Finances"},"image":{"@id":"https:\/\/www.toutsurmesfinances.com\/argent\/#\/schema\/logo\/image\/"},"sameAs":["https:\/\/x.com\/Toutsur"]},{"@type":"Person","@id":"https:\/\/www.toutsurmesfinances.com\/argent\/#\/schema\/person\/f3692b3163890cd1408bd0dc68a1b55a","name":"Olivier Brunet","image":{"@type":"ImageObject","inLanguage":"fr-FR","@id":"https:\/\/www.toutsurmesfinances.com\/argent\/#\/schema\/person\/image\/","url":"https:\/\/secure.gravatar.com\/avatar\/59a19214b7bb3163a27d873fa61f9a80?s=96&d=mm&r=g","contentUrl":"https:\/\/secure.gravatar.com\/avatar\/59a19214b7bb3163a27d873fa61f9a80?s=96&d=mm&r=g","caption":"Olivier Brunet"},"description":"Olivier Brunet est cofondateur de\u00a0ToutSurMesFinances.com\u00a0et r\u00e9dacteur en chef sp\u00e9cialis\u00e9 en placements et fiscalit\u00e9\u00a0des particuliers. Pr\u00e9sent\u00a0au sein du\u00a0m\u00e9dia\u00a0depuis sa cr\u00e9ation, il en est l\u2019un des piliers \u00e9ditoriaux. Il analyse les strat\u00e9gies d\u2019investissement,\u00a0suit\u00a0les \u00e9volutions fiscales et les\u00a0probl\u00e9matiques\u00a0patrimoniales\u00a0avec une vision long terme, forg\u00e9e par des ann\u00e9es de pratique et de suivi des march\u00e9s.\u00a0","sameAs":["https:\/\/www.toutsurmesfinances.com\/author\/olivier","https:\/\/www.linkedin.com\/in\/obrunet\/"]}]}},"_links":{"self":[{"href":"https:\/\/www.toutsurmesfinances.com\/argent\/wp-json\/wp\/v2\/posts\/1458","targetHints":{"allow":["GET"]}}],"collection":[{"href":"https:\/\/www.toutsurmesfinances.com\/argent\/wp-json\/wp\/v2\/posts"}],"about":[{"href":"https:\/\/www.toutsurmesfinances.com\/argent\/wp-json\/wp\/v2\/types\/post"}],"author":[{"embeddable":true,"href":"https:\/\/www.toutsurmesfinances.com\/argent\/wp-json\/wp\/v2\/users\/13709"}],"replies":[{"embeddable":true,"href":"https:\/\/www.toutsurmesfinances.com\/argent\/wp-json\/wp\/v2\/comments?post=1458"}],"version-history":[{"count":3,"href":"https:\/\/www.toutsurmesfinances.com\/argent\/wp-json\/wp\/v2\/posts\/1458\/revisions"}],"predecessor-version":[{"id":10335,"href":"https:\/\/www.toutsurmesfinances.com\/argent\/wp-json\/wp\/v2\/posts\/1458\/revisions\/10335"}],"wp:featuredmedia":[{"embeddable":true,"href":"https:\/\/www.toutsurmesfinances.com\/argent\/wp-json\/wp\/v2\/media\/10076"}],"wp:attachment":[{"href":"https:\/\/www.toutsurmesfinances.com\/argent\/wp-json\/wp\/v2\/media?parent=1458"}],"wp:term":[{"taxonomy":"category","embeddable":true,"href":"https:\/\/www.toutsurmesfinances.com\/argent\/wp-json\/wp\/v2\/categories?post=1458"},{"taxonomy":"post_tag","embeddable":true,"href":"https:\/\/www.toutsurmesfinances.com\/argent\/wp-json\/wp\/v2\/tags?post=1458"}],"curies":[{"name":"wp","href":"https:\/\/api.w.org\/{rel}","templated":true}]}}