{"id":1494,"date":"2017-03-15T17:28:53","date_gmt":"2017-03-15T16:28:53","guid":{"rendered":"https:\/\/www.toutsurmesfinances.com\/argent\/a\/guide-shopping-des-tendances-mode-printemps-ete"},"modified":"2025-10-21T16:24:34","modified_gmt":"2025-10-21T14:24:34","slug":"guide-shopping-des-tendances-mode-printemps-ete","status":"publish","type":"post","link":"https:\/\/www.toutsurmesfinances.com\/argent\/a\/guide-shopping-des-tendances-mode-printemps-ete","title":{"rendered":"Guide shopping des tendances mode printemps-\u00e9t\u00e9"},"content":{"rendered":"<h2><span class=\"ez-toc-section\" id=\"Mode_femme_printemps-ete_tendances_et_couleurs_pour_les_robes_pantalons_chaussures_et_accessoires\"><\/span>Mode femme printemps-\u00e9t\u00e9 : tendances et couleurs pour les robes, pantalons, chaussures et accessoires<span class=\"ez-toc-section-end\"><\/span><\/h2>\n<h3><span class=\"ez-toc-section\" id=\"Robe_la_piece_incontournable_des_nouvelles_collections\"><\/span><a id=\"robe\"><\/a>Robe : la pi\u00e8ce incontournable des nouvelles collections<span class=\"ez-toc-section-end\"><\/span><\/h3>\n<h4><span class=\"ez-toc-section\" id=\"Tendance_romantique\"><\/span>Tendance romantique<span class=\"ez-toc-section-end\"><\/span><\/h4>\n<p>En mati\u00e8re de robe, les collections printemps-\u00e9t\u00e9 ont apport\u00e9 leur lot de nouveaut\u00e9s. Dans un esprit romantique, la tendance \u2018gypsy\u2019 c\u2019est-\u00e0-dire la robe longue, fluide et boh\u00e8me, \u00e0 motif floral et v\u00e9g\u00e9tal, avec un empi\u00e8cement en dentelle ou fleuri dans la quasi-totalit\u00e9 des enseignes. En fonction de son budget, on pourra opter pour le <a href=\"http:\/\/shop.mango.com\/FR\/p0\/femme\/vetements\/robe\/longues\/robe-longue-brodee?id=83085560_51&amp;n=1&amp;s=prendas.vestidos\" rel=\"nofollow\">mod\u00e8le brod\u00e9<\/a> de chez Mango \u00e0 79,99 euros. Ba&amp;sh propose cette <a href=\"https:\/\/ba-sh.com\/fr\/fr\/robes\/robe-ora-bash-bleup.html#\/taille-0\/couleur-bleup\" rel=\"nofollow\">robe en soie<\/a> sur fond bleu roi au prix de 340 euros. Chez H&amp;M, le <a href=\"http:\/\/www2.hm.com\/fr_fr\/productpage.0454070001.html#Noir\/roses\" rel=\"nofollow\">mod\u00e8le en mousseline<\/a> \u00e0 39,99 euros constitue une bonne alternative pour les budgets plus r\u00e9duits.<\/p>\n<h4><span class=\"ez-toc-section\" id=\"Tendance_%E2%80%98arty\"><\/span>Tendance \u2018arty\u2019<span class=\"ez-toc-section-end\"><\/span><\/h4>\n<p>Autre th\u00e8me phare de cette p\u00e9riode estivale : les motifs graphiques et couleurs vives. Dans ce genre \u2018arty\u2019, les mod\u00e8les arborent des formes g\u00e9om\u00e9triques appos\u00e9es sur des \u00e9toffes \u2018flashy\u2019. Cette tendance commence \u00e0 envahir les chaines \u00e0 destination notamment des adolescentes et jeunes femmes. Chez Asos, la <a href=\"http:\/\/www.asos.fr\/ginger-fizz\/ginger-fizz-robe-courte-a-mancherons-et-imprime-geometrique\/prd\/7627344?iid=7627344&amp;clr=Bleudecobaltmulticolore&amp;SearchQuery=robe%20g%C3%A9om%C3%A9trique&amp;pgesize=36&amp;pge=0&amp;totalstyles=51&amp;gridsize=3&amp;gridrow=1&amp;gridcolumn=1\" rel=\"nofollow\">robe color\u00e9e \u00e0 motifs g\u00e9om\u00e9triques<\/a> est vendue 53,99 euros. Budget plus r\u00e9duit pour cette <a href=\"http:\/\/www2.hm.com\/fr_fr\/productpage.0502157006.html#Bleu%20fonc\u00e9\/motif\" rel=\"nofollow\">robe t-shirt H&amp;M<\/a> aux couleurs vitamin\u00e9es (14,99 euros).<\/p>\n<h4><span class=\"ez-toc-section\" id=\"Tendance_%E2%80%98athleisure\"><\/span>Tendance \u2018athleisure\u2019<span class=\"ez-toc-section-end\"><\/span><\/h4>\n<p>Cette ann\u00e9e, la robe se d\u00e9cline aussi en mode sportswear, aussi appel\u00e9e \u2018athleisure\u2019, un mix entre athl\u00e9tisme et loisirs (leisure en anglais). Le confort prime pour ce look sportif et n\u00e9anmoins f\u00e9minin. Les robes se transforment en sweat qui se prolongent en-dessous du bassin comme ce mod\u00e8le Pimkie \u00e0 25,99 euros ou celui-ci <a href=\"http:\/\/www.esprit.fr\/robe-sweat-shirt-scintillante-116CC1E027_014\" rel=\"nofollow\">scintillant<\/a> chez Esprit \u00e0 29,99 euros.<\/p>\n<h4><span class=\"ez-toc-section\" id=\"Les_intemporels\"><\/span>Les intemporels<span class=\"ez-toc-section-end\"><\/span><\/h4>\n<p>Ces nouvelles tendances n\u2019\u00e9clipsent pas pour autant les inconditionnelles du genre. La robe blanche ou en jean des saisons derni\u00e8res demeure un classique \u00e0 conserver dans son dressing \u00e0 l\u2019image de ce <a href=\"https:\/\/www.laredoute.fr\/ppdp\/prod-505841243.aspx?docid=00000000000001&amp;docid=00000000000001\">mod\u00e8le court en denim vendu<\/a> par La Redoute \u00e0 39,99 euros.<\/p>\n<h3><span class=\"ez-toc-section\" id=\"Pantalons_et_jupes_taille_haute_flare_et_sportswear\"><\/span><a id=\"bas\"><\/a>Pantalons et jupes : taille haute, flare et sportswear<span class=\"ez-toc-section-end\"><\/span><\/h3>\n<p>Du c\u00f4t\u00e9 des bas, une tendance forte se distingue : la taille haute. Elle se d\u00e9cline dans les pantalons et les jupes midi. En mettant l\u2019accent sur la taille, cette coupe donne une allure plus f\u00e9minine \u00e0 la silhouette. A porter avec une ceinture, pour un effet \u2018taille fine\u2019 renforc\u00e9 comme ce <a href=\"http:\/\/fr.maje.com\/fr\/collection\/pantalons-et-jeans-2\/pierre\/E17PIERRE.html?dwvar_E17PIERRE_color=0103\" rel=\"nofollow\">pantalon fluide de chez Maje<\/a> vendu \u00e0 195 euros, ou la version plus abordable chez Mango pour ce pantalon en cr\u00eape avec ceinture\u00a0\u00e0 39,99 euros. C\u00f4t\u00e9 jupe, le <a href=\"http:\/\/www.sezane.com\/fr\/product\/collection-printemps\/jupe-dino\" rel=\"nofollow\">mod\u00e8le Dino de chez Sezane<\/a> \u00e0 95 euros combine les nouveaut\u00e9s de la saison : taille haute, mati\u00e8re fluide et imprim\u00e9 \u00e0 pois.<\/p>\n<h4><span class=\"ez-toc-section\" id=\"Le_retour_du_patte_deph\"><\/span>Le retour du patte d&rsquo;eph&rsquo;<span class=\"ez-toc-section-end\"><\/span><\/h4>\n<p>Cette saison, les jeans ou pantalons pattes d\u2019eph\u2019 ainsi que les jupes-culottes font leur grand retour. A taille haute toujours, mais ajust\u00e9 aux cuisses et \u00e9vas\u00e9 au pied, le \u2018flare\u2019 marque le retour des ann\u00e9es disco dans les collections. Chez La Redoute, le pantalon flare \u00e0 29,99 euros r\u00e9unit tous les codes de la saison : fluidit\u00e9, allure f\u00e9minine et couleur tendre. A voir aussi en <a href=\"http:\/\/fr.maje.com\/fr\/collection\/pantalons-et-jeans-2\/phil\/E17PHIL.html?dwvar_E17PHIL_color=0169\" rel=\"nofollow\">version jean chez Maje<\/a> \u00e0 165 euros.<\/p>\n<h4><span class=\"ez-toc-section\" id=\"Tendance_sportswear_toujours_jogging\"><\/span>Tendance sportswear toujours : jogging<span class=\"ez-toc-section-end\"><\/span><\/h4>\n<p>Exit la salle de sport, le pantalon de jogging se porte aussi \u00e0 la ville. D\u00e9contract\u00e9 et confortable, le pantalon de survet\u2019 ne manque pourtant pas de style. Mais attention, en version urbaine et chic, le jogging doit imp\u00e9rativement s\u2019associer \u00e0 des tops raffin\u00e9s et f\u00e9minins sans oublier, aux pieds, de porter des talons hauts. Pour les plus audacieuses, le <a href=\"http:\/\/fr.sandro-paris.com\/fr\/femme\/pantalons\/pantalon-streetwear-a-bandes\/P10705E.html?dwvar_P10705E_color=30\" rel=\"nofollow\">mod\u00e8le \u00e0 bandes<\/a> de chez Sandro \u00e0 225 euros en rouge vif ou plus passe partout, en <a href=\"http:\/\/www.thekooples.com\/fr\/jogging-en-molleton-chine-1155350.html\" rel=\"nofollow\">version gris chin\u00e9 chez The Kooples<\/a> \u00e0 67,50 euros.<\/p>\n<h4><span class=\"ez-toc-section\" id=\"Les_intemporels-2\"><\/span>Les intemporels<span class=\"ez-toc-section-end\"><\/span><\/h4>\n<p>En denim brut, blanc, noir ou color\u00e9, le jean slim reste un intemporel cette saison encore. Le jean blanc s\u2019associe en journ\u00e9e avec des chaussures plates et une marini\u00e8re. En soir\u00e9e, avec des talons et petits tops en soie pour un effet d\u00e9contract\u00e9 et \u00e9l\u00e9gant. Promod propose ce <a href=\"http:\/\/www.promod.fr\/femme\/pantalon-skinny-push-up-femme-blanc-R6230004020.html\" rel=\"nofollow\">pantalon basique \u00e0 29,95 euros<\/a>, Diesel offre une <a href=\"http:\/\/store.diesel.com\/fr\/diesel\/super-skinny_cod36602373lb.html#dept=vwlldltd\" rel=\"nofollow\">version ultra-extensible<\/a> \u00e0 210 euros.<\/p>\n<h3><span class=\"ez-toc-section\" id=\"Les_hauts_extra_large_retro_ou_romantique%E2%80%A6\"><\/span><a id=\"hauts\"><\/a>Les hauts : extra large, r\u00e9tro ou romantique\u2026<span class=\"ez-toc-section-end\"><\/span><\/h3>\n<p>Le volume est \u00e0 l\u2019honneur cette saison ! Les coupes amples envahissent les boutiques de pr\u00eat-\u00e0-porter f\u00e9minin\u2026 Chemise masculine d\u00e9structur\u00e9e, blouse \u2018oversize\u2019, manche bouffante ou gigot sont les tops de la saison printemps-\u00e9t\u00e9. Chez Zara, on trouve la <a href=\"https:\/\/www.zara.com\/fr\/fr\/trf\/chemises\/top-ample-%C3%A0-manches-c358032p4333547.html\" rel=\"nofollow\">chemise crois\u00e9e \u00e0 manches volume<\/a>s (25,95 euros), \u00e9galement en <a href=\"http:\/\/shop.mango.com\/FR\/p0\/femme\/vetements\/sweat\/sweat-shirt-manches-bouffantes?id=83095604_91&amp;n=1&amp;s=search\" rel=\"nofollow\">version sweat-shirt chez Mango<\/a> (25,99 euros).<\/p>\n<h4><span class=\"ez-toc-section\" id=\"Les_details_volants_vichy_rayures%E2%80%A6\"><\/span>Les d\u00e9tails : volants, vichy, rayures\u2026<span class=\"ez-toc-section-end\"><\/span><\/h4>\n<p>Les hauts \u00e0 volants sont un autre th\u00e8me fort de cette collection estivale. Ils apportent une touche de fantaisie aux pi\u00e8ces les plus classiques \u00e0 l\u2019image de l\u2019ind\u00e9modable chemise en jean, revisit\u00e9e en <a href=\"https:\/\/www.bershka.com\/fr\/femme\/v%C3%AAtements\/chemises\/chemise-en-denim-%C3%A0-volants-c1010193221p100966097.html?colorId=400\" rel=\"nofollow\">version volants chez Bershka<\/a>\u00a0\u00e0 24,99 euros, ou s\u2019apposent sur une <a href=\"http:\/\/fr.sandro-paris.com\/fr\/femme\/collection-ete\/top-en-dentelle-avec-volants\/E10755E.html?dwvar_E10755E_color=10#start=1\" rel=\"nofollow\">blouse basique en dentelles<\/a> chez Sandro \u00e0 185 euros.<\/p>\n<p>A l\u2019instar du retour du patte d\u2019eph\u2019, la tendance retro se retrouve aussi dans les nouvelles collections du c\u00f4t\u00e9 des imprim\u00e9s avec la grande r\u00e9apparition du motif vichy. L\u2019imprim\u00e9 \u00e0 carreaux se d\u00e9cline dans sa version classique noir et blanc ou plus ludique, en couleurs vives, comme ce\u00a0<a href=\"http:\/\/www.asos.fr\/warehouse\/warehouse-top-vichy-a-manches-froncees\/prd\/7958658?iid=7958658&amp;clr=Vert&amp;SearchQuery=vichy&amp;pgesize=6&amp;pge=0&amp;totalstyles=6&amp;gridsize=3&amp;gridrow=1&amp;gridcolumn=1\" rel=\"nofollow\">top vert Asos<\/a> \u00e0 45,99 euros ou cette <a href=\"http:\/\/www.asos.fr\/pullbear\/pullbear-blouse-a-carreaux-vichy-avec-volants\/prd\/7879949?iid=7879949&amp;clr=Rose&amp;SearchQuery=vichy&amp;pgesize=12&amp;pge=0&amp;totalstyles=12&amp;gridsize=3&amp;gridrow=1&amp;gridcolumn=1\" rel=\"nofollow\">blouse rose<\/a> vendue \u00e9galement chez Asos \u00e0 37,99 euros.<\/p>\n<p><strong>Rayures et motifs graphiques<\/strong><\/p>\n<p>Ils \u00e9taient pr\u00e9sents dans les collections automne-hiver et restent \u00e0 l\u2019honneur encore cette ann\u00e9e. Larges rayures, carreaux, pois, imprim\u00e9s g\u00e9om\u00e9triques\u2026 Ces motifs demeurent mais rev\u00eatent des teintes estivales \u00e0 l\u2019image de cette <a href=\"http:\/\/www.sezane.com\/fr\/product\/collection-printemps\/blouse-holy\" rel=\"nofollow\">blouse Sezane<\/a> (110 euros) ou de ce <a href=\"https:\/\/ba-sh.com\/fr\/fr\/tops-chemises\/top-famous-bash-orangep.html#\/taille-0\/couleur-orangep\" rel=\"nofollow\">top \u00e9vas\u00e9 Ba&amp;sh<\/a> (150 euros).<\/p>\n<h4><span class=\"ez-toc-section\" id=\"Folie_des_logos\"><\/span>Folie des logos<span class=\"ez-toc-section-end\"><\/span><\/h4>\n<p>Emprunt\u00e9 aux codes des ann\u00e9es 90, le logo se colle, de fa\u00e7on discr\u00e8te ou envahissante, sur les tops de cette saison printemps-\u00e9t\u00e9. Rep\u00e9r\u00e9s notamment dans les d\u00e9fil\u00e9s Dolce &amp; Gabbana et Gucci, les enseignes f\u00e9minines s\u2019amusent \u00e0 plaquer des logos, aussi baptis\u00e9s \u2018patchs\u2019 sur les articles de pr\u00eat-\u00e0-porter. Chez Pimkie, les patchs se collent sur une <a href=\"http:\/\/www.pimkie.fr\/p\/chemise-rayee-a-patchs-561325635C19.html\" rel=\"nofollow\">chemise ray\u00e9e bleue et blanche \u00e0 25,99 euros<\/a> et chez Sandro sur un <a href=\"http:\/\/fr.sandro-paris.com\/fr\/femme\/t-shirts\/t-shirt-resille-avec-patchs-serpent-etc.\/T10761E.html?dwvar_T10761E_color=20\" rel=\"nofollow\">top en r\u00e9sille de soir\u00e9e<\/a> (165 euros).<\/p>\n<h4><span class=\"ez-toc-section\" id=\"Les_intemporels-3\"><\/span>Les intemporels<span class=\"ez-toc-section-end\"><\/span><\/h4>\n<p>Encore et toujours, le souffle romantique se r\u00e9pand sur l\u2019ensemble des pi\u00e8ces des nouvelles collections, en passant par les hauts \u00e9videmment. L\u2019imprim\u00e9 liberty, les tops col bateau et bardot, la dentelle, la soie et la mousseline restent des \u2018must have\u2019 cette saison encore comme ce <a href=\"https:\/\/www.massimodutti.com\/fr\/femmes\/chemises-et-chemisiers\/tout-voir\/chemisier-soie-jacquard-fleurs-limited-edition-c911173p7794008.html?colorId=712\" rel=\"nofollow\">chemisier<\/a> (99,95 euros) Massimo Dutti \u00e0 fleurs l\u00e9g\u00e8res et \u00e9paule d\u00e9nud\u00e9e ou cette <a href=\"http:\/\/www.sezane.com\/fr\/product\/collection-printemps\/blouse-abril\" rel=\"nofollow\">blouse<\/a> (80 euros) Sezane en mati\u00e8re jacquard ajour\u00e9e. Des pi\u00e8ces basiques \u00e0 d\u00e9nicher \u00e0 plus petits prix dans les enseignes de mass-market, chez Pimkie par exemple pour ce <a href=\"http:\/\/www.pimkie.fr\/p\/top-bardot-effet-broderie-anglaise-403554D09A07.html?gclid=Cj0KEQiAgJTGBRDLr5_az_Ouk44BEiQAIxaA4u2H9DxVh56ZVUYR2EmPkmA7Fl5UXSEBn5kYFdiFCjMaAv3X8P8HAQ\" rel=\"nofollow\">top bardot \u00e0 19,99 euros<\/a> ou au m\u00eame prix chez H&amp;M pour ce <a href=\"http:\/\/www2.hm.com\/fr_fr\/productpage.0489783004.html#Beige%20clair\" rel=\"nofollow\">d\u00e9bardeur \u00e0 fines bretelles en satin<\/a>.<\/p>\n<h3><span class=\"ez-toc-section\" id=\"Vestes_et_manteaux_parkas_bombers_et_trenchs_fluides_a_lhonneur\"><\/span>Vestes et manteaux : parkas, bombers et trenchs fluides \u00e0 l\u2019honneur<span class=\"ez-toc-section-end\"><\/span><\/h3>\n<p>Les vestes et manteaux des collections printemps-\u00e9t\u00e9 2107 adoptent des mati\u00e8res plus l\u00e9g\u00e8res et une allure moins structur\u00e9e qu\u2019en hiver. Trenchs fluides, parkas l\u00e9g\u00e8res et bombers soyeux composent la panoplie des par-dessus estivaux. C\u00f4t\u00e9 couleurs, les tons pastels et neutres dominent mais c\u2019est le rose, poudr\u00e9 de pr\u00e9f\u00e9rence, qui s\u2019affiche comme la teinte star des par-dessus. C\u2019est le cas pour cette <a href=\"http:\/\/www.comptoirdescotonniers.com\/parka-pocketable-avec-capuche-CANOT_3322.html\" rel=\"nofollow\">parka Comptoir des Cotonniers \u00e0 99 euros<\/a>, ce <a href=\"http:\/\/www.comptoirdescotonniers.com\/parka-pocketable-avec-capuche-CANOT_3322.html\" rel=\"nofollow\">bombers en satin H&amp;M<\/a> \u00e0 29,99 euros ou encore ce <a href=\"http:\/\/www.laredoute.fr\/ppdp\/prod-505703965.aspx?docid=00000000000001&amp;awc=6968_1489314595_556b606ef8e929ce6f1261eb02092694&amp;cod=AFF00080861FR&amp;kard=1&amp;zanpid=136348\" rel=\"nofollow\">trench fluide La Redoute<\/a> \u00e0 79,99 euros.<\/p>\n<h3><span class=\"ez-toc-section\" id=\"Les_accessoires_les_sacs_a_mains_et_bijoux_jouent_sur_les_tailles\"><\/span><a id=\"accessoires\"><\/a>Les accessoires : les sacs \u00e0 mains et bijoux jouent sur les tailles<span class=\"ez-toc-section-end\"><\/span><\/h3>\n<h4><span class=\"ez-toc-section\" id=\"Sacs_a_main_mini_ou_maxi\"><\/span>Sacs \u00e0 main : mini ou maxi<span class=\"ez-toc-section-end\"><\/span><\/h4>\n<p>Les d\u00e9fil\u00e9s de la Fashion Week ont aussi donn\u00e9 le ton en mati\u00e8re d\u2019accessoires. Parmi les tendances notables du c\u00f4t\u00e9 des sacs cette saison, il faudra choisir son camp entre le cabas au format XXL et le sac mini, aussi appel\u00e9 \u2018nano bag\u2019 \u00e0 la contenance r\u00e9duite. Pour la premi\u00e8re cat\u00e9gorie, on trouvera \u00e0 moins de 40 euros chez Mango pour ce <a href=\"http:\/\/shop.mango.com\/FR\/p0\/femme\/accessoires\/sac\/a-main\/sac-seau-coton?id=83017563_99&amp;n=1&amp;s=accesorios.bolsos\" rel=\"nofollow\">sac seau en coton<\/a> ou \u00e0 140 euros pour ce <a href=\"http:\/\/www.vanessabruno.fr\/cabas\/nouveautes\/tous-les-produits\/cabas-moyen---toile-et-paillettes\/6405.html\" rel=\"nofollow\">cabas en toile et paillettes Vanessa Bruno<\/a>. Ils se caract\u00e9risent par une contenance maximale, pratique \u00e0 la ville pour emporter son ordinateur portable et en vacances pour r\u00e9unir tous les accessoires de plage. A l\u2019autre bout du spectre, le sac mini, \u00e0 porter en bandouli\u00e8re ou \u00e0 la main, r\u00e9duit les besoins \u00e0 leur strict minimum. Gu\u00e8re plus de place que pour emporter un porte-monnaie et un t\u00e9l\u00e9phone portable dans ce <a href=\"http:\/\/www.nat-nin.fr\/fr\/edition-limitee-10-ans\/545-coney-island.html#\/coloris-jaune_indomptable\" rel=\"nofollow\">petit sac sph\u00e9rique Nat &amp; Nin<\/a> \u00e0 125 euros ou ce <a href=\"https:\/\/www.zara.com\/fr\/fr\/femme\/sacs\/tout-voir\/sac-bandouli%C3%A8re-avec-anse-en-fleurs-c819022p4258049.html\">mod\u00e8le \u00e0 bandouli\u00e8re bleu pastel Zara<\/a> \u00e0 29,95 euros.<\/p>\n<h4><span class=\"ez-toc-section\" id=\"Bijoux_discretion_ou_extravagance\"><\/span>Bijoux : discr\u00e9tion ou extravagance<span class=\"ez-toc-section-end\"><\/span><\/h4>\n<p>Du c\u00f4t\u00e9 des bijoux aussi, la tendance printemps-\u00e9t\u00e9 joue avec les tailles et les couleurs. Et il y en a pour tous les go\u00fbts. Ethniques, baroques, g\u00e9om\u00e9triques, fins ou imposants, les colliers, bagues et boucles d\u2019oreilles des collections estivales permettent d\u2019alterner allure sobre ou exub\u00e9rante. Les tours de cou ou \u2018ribbon choker\u2019 prosp\u00e8rent dans toutes les grandes enseignes et \u00e0 tous les prix : \u00e0 6 euros chez Forever 21 pour ce c<a href=\"http:\/\/www.forever21.com\/EU\/Product\/Product.aspx?BR=f21&amp;Category=acc_necklace-chokers&amp;ProductID=1000229199&amp;VariantID=\" rel=\"nofollow\">ollier multi-rangs ras-de-cou<\/a> ou \u00e0 39 euros chez Other Stories pour ce \u2018<a href=\"http:\/\/www.stories.com\/fr\/Jewellery\/All_jewellery\/Ribbon_Charm_Choker\/590767-129978131.1\" rel=\"nofollow\">ribbon choker<\/a>\u2019 d\u2019inspiration victorienne. Toujours au rayon des colliers, la tendance \u00e0 l\u2019accumulation a le vent en poupe &#8211; on m\u00e9lange les longueurs des chaines et les tailles de pendentifs \u2013 tout comme l\u2019univers ethnique, alliant pompons, plastrons ou pierres de couleur. Du c\u00f4t\u00e9 des boucles d\u2019oreilles, on ose \u2018l\u2019oversize\u2019 (chez Mango par exemple avec ces <a href=\"http:\/\/shop.mango.com\/FR\/p0\/femme\/accessoires\/bijoux\/boucles-doreille\/boucles-doreilles-pendentifs-combines?id=83023535_OR&amp;n=1&amp;s=accesorios.bisuteria\" rel=\"nofollow\">maxi boucles d\u2019oreilles \u00e0 12,99 euros<\/a>), la fantaisie \u00e0 la mani\u00e8re de ce <a href=\"http:\/\/www.promod.fr\/femme\/boucles-d-oreilles-femme-argent-R6290217932.html\" rel=\"nofollow\">mod\u00e8le attrape-r\u00eaves Promod<\/a> \u00e0 12,95 euros ; ou la sobri\u00e9t\u00e9 avec ces <a href=\"http:\/\/fr.maje.com\/fr\/accessoires\/bijoux\/nuptial\/H16NUPTIAL.html?dwvar_H16NUPTIAL_color=511#start=25\" rel=\"nofollow\">cr\u00e9oles en laiton dor\u00e9 Maje<\/a> \u00e0 47,50 euros.<\/p>\n<h2><span class=\"ez-toc-section\" id=\"Mode_homme_printemps-ete_tendances_et_couleurs_pour_les_chemises_vestes_shorts_et_bermudas\"><\/span><a id=\"homme\"><\/a>Mode homme printemps-\u00e9t\u00e9 : tendances et couleurs pour les chemises, vestes, shorts et bermudas<span class=\"ez-toc-section-end\"><\/span><\/h2>\n<p>Les collections printemps-\u00e9t\u00e9 2017 masculines font la part belle aux pi\u00e8ces vintage, au sportswear, au style militaire. C\u00f4t\u00e9 mati\u00e8re, le denim r\u00e8gne en ma\u00eetre.<\/p>\n<h3><span class=\"ez-toc-section\" id=\"Hauts_jean_rayures_et_carreaux_a_lhonneur\"><\/span><a id=\"hautshomme\"><\/a>Hauts : jean, rayures et carreaux \u00e0 l\u2019honneur<span class=\"ez-toc-section-end\"><\/span><\/h3>\n<p>La veste et la chemise en jean, brut ou vintage, envahissent les rayons Homme des grandes enseignes. Elles sont classiques, chez Zara pour cette <a href=\"https:\/\/www.zara.com\/fr\/fr\/homme\/chemises\/tout-voir\/chemise-en-jean-d%C3%A9chir%C3%A9e-c719520p4197774.html\" rel=\"nofollow\">chemise noire \u00e0 39,95 euros<\/a> et chez Sandro pour ce <a href=\"http:\/\/fr.sandro-paris.com\/fr\/homme\/chemises\/chemise-en-jeans-vintage\/C10850S.html?dwvar_C10850S_color=BLUV\" rel=\"nofollow\">mod\u00e8le \u00e0 l\u2019allure vintage \u00e0 155 euros<\/a>. A l\u2019image des collections f\u00e9minines, les patchs et broderies s\u2019installent aussi sur les vestes comme ce <a href=\"http:\/\/www.asos.fr\/liquor-poker\/liquor-poker-veste-en-jean-a-ornements-et-motif-tigre\/prd\/7687335?iid=7687335&amp;clr=Bleu&amp;SearchQuery=&amp;cid=11908&amp;pgesize=159&amp;pge=0&amp;totalstyles=159&amp;gridsize=3&amp;gridrow=37&amp;gridcolumn=3\" rel=\"nofollow\">motif tigre Asos<\/a> \u00e0 59,99 euros. Veste en suede et bombers, d\u00e9j\u00e0 tendance en 2016, restent des classiques de la saison estivale. Cette ann\u00e9e, on optera pour des mod\u00e8les \u00e0 inscription (<a href=\"https:\/\/www.zara.com\/fr\/fr\/homme\/bombers\/blouson-bomber-capitonn%C3%A9-inscription-c813531p4082467.html\" rel=\"nofollow\">bomber capitonn\u00e9 Zara<\/a> \u00e0 49,95 euros) ou \u00e0 \u00e9cussons (<a href=\"http:\/\/www.thekooples.com\/fr\/blouson-bomber-zippe-noir-ecusson-1274980.html\" rel=\"nofollow\">bomber zipp\u00e9 The Kooples<\/a> \u00e0 315 euros).<\/p>\n<h4><span class=\"ez-toc-section\" id=\"Camouflage_fleurs_et_rayures_marines\"><\/span>Camouflage, fleurs et rayures marines<span class=\"ez-toc-section-end\"><\/span><\/h4>\n<p>Du c\u00f4t\u00e9 des imprim\u00e9s qui font fureur, le motif camouflage donne un look militaire aux chemises, t-shirts ou vestes des nouvelles collections. Il se marie ais\u00e9ment avec d\u2019autres imprim\u00e9s tendance de cette saison \u00e0 l\u2019image des motifs floraux comme cette <a href=\"http:\/\/shop.mango.com\/FR\/p0\/homme\/vetements\/chemise\/imprimes\/chemise-slim-fit-chambray-a-fleurs?id=83060033_TM&amp;n=1&amp;s=prendas_he.camisas_he\" rel=\"nofollow\">chemise \u00e0 fleurs Mango<\/a> \u00e0 39,99 euros \u00e0 associer avec une veste kaki. Les ind\u00e9modables imprim\u00e9s marins restent d\u2019actualit\u00e9. Mais cette saison, les rayures s\u2019affranchissent des traditionnelles marini\u00e8res : elles sont horizontales, verticales, obliques, bicolores ou multicolores. Comme ces <a href=\"https:\/\/www.superdry.fr\/homme\/polos\/details\/66622\/polo-longbeach--gris\" rel=\"nofollow\">polos chez Superdry<\/a> (49,95 euros) ou chez <a href=\"http:\/\/www.lacoste.com\/fr\/sport\/homme\/polos\/polo-golf-lacoste-sport-en-pique-technique-color-block\/DH2102-00.html?dwvar_DH2102-00_color=HXN\" rel=\"nofollow\">Lacoste<\/a> (90 euros).<\/p>\n<h4><span class=\"ez-toc-section\" id=\"Effet_%C2%AB_damier_%C2%BB_noir_et_blanc_ou_carreaux_colores\"><\/span>Effet \u00ab damier \u00bb noir et blanc ou carreaux color\u00e9s<span class=\"ez-toc-section-end\"><\/span><\/h4>\n<p>On notera aussi le retour en force de l\u2019imprim\u00e9 \u00ab damier \u00bb noir et blanc qui emprunte ses codes au mouvement ska et punk. Les carreaux, sur les chemises ou costumes, font toujours la tendance \u00e0 l\u2019image des ces derni\u00e8res ann\u00e9es.<\/p>\n<h3><span class=\"ez-toc-section\" id=\"Bas_tendance_chic_ou_decontractee\"><\/span><a id=\"bashomme\"><\/a>Bas : tendance chic ou d\u00e9contract\u00e9e<span class=\"ez-toc-section-end\"><\/span><\/h3>\n<p>Pi\u00e8ces incontournables des tenues vacanci\u00e8res, les shorts se font cette ann\u00e9e de plus en plus courts, c\u2019est-\u00e0-dire bien au-dessus de du genou. Et la tendance se fait au d\u00e9triment des bermudas \u00e0 longueur mi-mollets qui ont, eux, ont quasiment disparu des \u00e9tals. En version \u2018<a href=\"https:\/\/shop.mango.com\/FR\/p0\/homme\/vetements\/bermudas\/bermuda-5p-coton?id=83077504_56&amp;n=1&amp;s=prendas_he.bermudas_he\" rel=\"nofollow\">casual<\/a>\u2019 chez Mango \u00e0 35,99 euros ou plus chic <a href=\"https:\/\/www.massimodutti.com\/fr\/hommes\/nouveau\/bermuda-coton-lin-%C3%A0-pinces-c1607006p7753105.html?colorId=250\" rel=\"nofollow\">\u00e0 pinces <\/a>chez Massimo Dutti \u00e0 49,95 euros.<\/p>\n<h4><span class=\"ez-toc-section\" id=\"Tendance_sportswear\"><\/span>Tendance sportswear<span class=\"ez-toc-section-end\"><\/span><\/h4>\n<p>Le jogging s\u2019impose aussi dans les vestiaires masculins. Mais cette ann\u00e9e, des accents r\u00e9tro viennent revisiter la pi\u00e8ce \u00e0 travers des mati\u00e8res en jersey et molletonn\u00e9e. Et globalement la tendance sportswear s\u2019impose sur l\u2019ensemble du dressing : shorts, t-shirt et baskets se portent \u00e0 la ville et m\u00eame dans le cadre professionnel. Pour ces bas de jogging, on optera pour des coupes resserr\u00e9es \u00e0 la cheville, \u00e0 d\u00e9nicher chez Sandro par exemple (<a href=\"http:\/\/fr.sandro-paris.com\/fr\/homme\/pantalons-et-shorts\/jogging-technique\/P5462S.html\" rel=\"nofollow\">jogging technique \u00e0 95 euros<\/a>) ou chez Zara (<a href=\"https:\/\/www.zara.com\/fr\/fr\/homme\/pantalons\/joggers\/jogging-biker-d%C3%A9lav%C3%A9-c551503p4129049.html\" rel=\"nofollow\">jogging biker d\u00e9lav\u00e9<\/a> \u00e0 39,95 euros).<\/p>\n<h4><span class=\"ez-toc-section\" id=\"Tendance_chic_le_costume_et_foulard\"><\/span>Tendance chic : le costume et foulard<span class=\"ez-toc-section-end\"><\/span><\/h4>\n<p>Pi\u00e8ce ma\u00eetresse des dressings masculins, le costume des collections printemps-\u00e9t\u00e9 rev\u00eat quelques nouveaut\u00e9s. C\u00f4t\u00e9 coupe, le costume trois pi\u00e8ces est \u00e0 l\u2019honneur. C\u00f4t\u00e9 motifs, les carreaux et les rayures dominent. Et pour les couleurs, on misera sur les teintes vives, jaunes, rouges et bleues. Enfin, si la cravate reste un incontournable, le foulard tendra \u00e0 la remplacer peu \u00e0 peu pour une allure \u2018dandy chic\u2019.<\/p>\n","protected":false},"excerpt":{"rendered":"<p>Alors que les d\u00e9fil\u00e9s de la Fashion Week viennent de s\u2019achever, les grandes tendances rep\u00e9r\u00e9es sur les podiums descendent d\u00e9j\u00e0 dans les rayons des enseignes de pr\u00eat-\u00e0-porter. Pi\u00e8ces embl\u00e9matiques, couleurs, mati\u00e8res, accessoires\u2026 quelles tendances feront la mode du printemps-\u00e9t\u00e9 ? Voici notre guide shopping, par mod\u00e8le, marque et prix, pour des tenues \u00e0 la pointe de la mode d\u00e8s la saison prochaine.<\/p>\n","protected":false},"author":13709,"featured_media":22476,"comment_status":"closed","ping_status":"closed","sticky":false,"template":"","format":"standard","meta":{"footnotes":""},"categories":[31],"tags":[],"class_list":["post-1494","post","type-post","status-publish","format-standard","has-post-thumbnail","hentry","category-consommation"],"acf":[],"yoast_head":"<!-- This site is optimized with the Yoast SEO plugin v24.9 - https:\/\/yoast.com\/wordpress\/plugins\/seo\/ -->\n<title>Mode printemps-\u00e9t\u00e9 homme et femme : tendances, couleurs, prix<\/title>\n<meta name=\"description\" content=\"Alors que les d\u00e9fil\u00e9s de la Fashion Week viennent de s\u2019achever, les grandes tendances rep\u00e9r\u00e9es sur les podiums descendent d\u00e9j\u00e0 dans les rayons des enseignes de pr\u00eat-\u00e0-porter. Pi\u00e8ces embl\u00e9matiques, couleurs, mati\u00e8res, accessoires\u2026 quelles tendances feront\" \/>\n<meta name=\"robots\" content=\"index, follow, max-snippet:-1, max-image-preview:large, max-video-preview:-1\" \/>\n<link rel=\"canonical\" href=\"https:\/\/www.toutsurmesfinances.com\/argent\/a\/guide-shopping-des-tendances-mode-printemps-ete\" \/>\n<meta property=\"og:locale\" content=\"fr_FR\" \/>\n<meta property=\"og:type\" content=\"article\" \/>\n<meta property=\"og:title\" content=\"Mode printemps-\u00e9t\u00e9 homme et femme : tendances, couleurs, prix\" \/>\n<meta property=\"og:description\" content=\"Alors que les d\u00e9fil\u00e9s de la Fashion Week viennent de s\u2019achever, les grandes tendances rep\u00e9r\u00e9es sur les podiums descendent d\u00e9j\u00e0 dans les rayons des enseignes de pr\u00eat-\u00e0-porter. Pi\u00e8ces embl\u00e9matiques, couleurs, mati\u00e8res, accessoires\u2026 quelles tendances feront\" \/>\n<meta property=\"og:url\" content=\"https:\/\/www.toutsurmesfinances.com\/argent\/a\/guide-shopping-des-tendances-mode-printemps-ete\" \/>\n<meta property=\"og:site_name\" content=\"Argent\" \/>\n<meta property=\"article:published_time\" content=\"2017-03-15T16:28:53+00:00\" \/>\n<meta property=\"article:modified_time\" content=\"2025-10-21T14:24:34+00:00\" \/>\n<meta property=\"og:image\" content=\"https:\/\/www.toutsurmesfinances.com\/argent\/wp-content\/uploads\/sites\/3\/2025\/04\/image-argent-consommation.jpg\" \/>\n\t<meta property=\"og:image:width\" content=\"600\" \/>\n\t<meta property=\"og:image:height\" content=\"400\" \/>\n\t<meta property=\"og:image:type\" content=\"image\/jpeg\" \/>\n<meta name=\"author\" content=\"Olivier Brunet\" \/>\n<meta name=\"twitter:card\" content=\"summary_large_image\" \/>\n<meta name=\"twitter:creator\" content=\"@Toutsur\" \/>\n<meta name=\"twitter:site\" content=\"@Toutsur\" \/>\n<meta name=\"twitter:label1\" content=\"\u00c9crit par\" \/>\n\t<meta name=\"twitter:data1\" content=\"Olivier Brunet\" \/>\n\t<meta name=\"twitter:label2\" content=\"Dur\u00e9e de lecture estim\u00e9e\" \/>\n\t<meta name=\"twitter:data2\" content=\"11 minutes\" \/>\n<script type=\"application\/ld+json\" class=\"yoast-schema-graph\">{\"@context\":\"https:\/\/schema.org\",\"@graph\":[{\"@type\":\"Article\",\"@id\":\"https:\/\/www.toutsurmesfinances.com\/argent\/a\/guide-shopping-des-tendances-mode-printemps-ete#article\",\"isPartOf\":{\"@id\":\"https:\/\/www.toutsurmesfinances.com\/argent\/a\/guide-shopping-des-tendances-mode-printemps-ete\"},\"author\":{\"name\":\"Olivier Brunet\",\"@id\":\"https:\/\/www.toutsurmesfinances.com\/argent\/#\/schema\/person\/f3692b3163890cd1408bd0dc68a1b55a\"},\"headline\":\"Guide shopping des tendances mode printemps-\u00e9t\u00e9\",\"dateModified\":\"2025-10-21T14:24:34+00:00\",\"mainEntityOfPage\":{\"@id\":\"https:\/\/www.toutsurmesfinances.com\/argent\/a\/guide-shopping-des-tendances-mode-printemps-ete\"},\"wordCount\":2120,\"publisher\":{\"@id\":\"https:\/\/www.toutsurmesfinances.com\/argent\/#organization\"},\"image\":{\"@id\":\"https:\/\/www.toutsurmesfinances.com\/argent\/a\/guide-shopping-des-tendances-mode-printemps-ete#primaryimage\"},\"thumbnailUrl\":\"https:\/\/www.toutsurmesfinances.com\/argent\/wp-content\/uploads\/sites\/3\/2025\/04\/image-argent-consommation.jpg\",\"articleSection\":[\"Consommation\"],\"inLanguage\":\"fr-FR\"},{\"@type\":\"WebPage\",\"@id\":\"https:\/\/www.toutsurmesfinances.com\/argent\/a\/guide-shopping-des-tendances-mode-printemps-ete\",\"url\":\"https:\/\/www.toutsurmesfinances.com\/argent\/a\/guide-shopping-des-tendances-mode-printemps-ete\",\"name\":\"Mode printemps-\u00e9t\u00e9 homme et femme : tendances, couleurs, prix\",\"isPartOf\":{\"@id\":\"https:\/\/www.toutsurmesfinances.com\/argent\/#website\"},\"primaryImageOfPage\":{\"@id\":\"https:\/\/www.toutsurmesfinances.com\/argent\/a\/guide-shopping-des-tendances-mode-printemps-ete#primaryimage\"},\"image\":{\"@id\":\"https:\/\/www.toutsurmesfinances.com\/argent\/a\/guide-shopping-des-tendances-mode-printemps-ete#primaryimage\"},\"thumbnailUrl\":\"https:\/\/www.toutsurmesfinances.com\/argent\/wp-content\/uploads\/sites\/3\/2025\/04\/image-argent-consommation.jpg\",\"dateModified\":\"2025-10-21T14:24:34+00:00\",\"description\":\"Alors que les d\u00e9fil\u00e9s de la Fashion Week viennent de s\u2019achever, les grandes tendances rep\u00e9r\u00e9es sur les podiums descendent d\u00e9j\u00e0 dans les rayons des enseignes de pr\u00eat-\u00e0-porter. Pi\u00e8ces embl\u00e9matiques, couleurs, mati\u00e8res, accessoires\u2026 quelles tendances feront\",\"breadcrumb\":{\"@id\":\"https:\/\/www.toutsurmesfinances.com\/argent\/a\/guide-shopping-des-tendances-mode-printemps-ete#breadcrumb\"},\"inLanguage\":\"fr-FR\",\"potentialAction\":[{\"@type\":\"ReadAction\",\"target\":[\"https:\/\/www.toutsurmesfinances.com\/argent\/a\/guide-shopping-des-tendances-mode-printemps-ete\"]}]},{\"@type\":\"ImageObject\",\"inLanguage\":\"fr-FR\",\"@id\":\"https:\/\/www.toutsurmesfinances.com\/argent\/a\/guide-shopping-des-tendances-mode-printemps-ete#primaryimage\",\"url\":\"https:\/\/www.toutsurmesfinances.com\/argent\/wp-content\/uploads\/sites\/3\/2025\/04\/image-argent-consommation.jpg\",\"contentUrl\":\"https:\/\/www.toutsurmesfinances.com\/argent\/wp-content\/uploads\/sites\/3\/2025\/04\/image-argent-consommation.jpg\",\"width\":600,\"height\":400},{\"@type\":\"BreadcrumbList\",\"@id\":\"https:\/\/www.toutsurmesfinances.com\/argent\/a\/guide-shopping-des-tendances-mode-printemps-ete#breadcrumb\",\"itemListElement\":[{\"@type\":\"ListItem\",\"position\":1,\"name\":\"Accueil\",\"item\":\"https:\/\/www.toutsurmesfinances.com\/argent\/\"},{\"@type\":\"ListItem\",\"position\":2,\"name\":\"Consommation\",\"item\":\"https:\/\/www.toutsurmesfinances.com\/argent\/c\/consommation\"},{\"@type\":\"ListItem\",\"position\":3,\"name\":\"Guide shopping des tendances mode printemps-\u00e9t\u00e9\"}]},{\"@type\":\"WebSite\",\"@id\":\"https:\/\/www.toutsurmesfinances.com\/argent\/#website\",\"url\":\"https:\/\/www.toutsurmesfinances.com\/argent\/\",\"name\":\"Argent\",\"description\":\"\",\"publisher\":{\"@id\":\"https:\/\/www.toutsurmesfinances.com\/argent\/#organization\"},\"potentialAction\":[{\"@type\":\"SearchAction\",\"target\":{\"@type\":\"EntryPoint\",\"urlTemplate\":\"https:\/\/www.toutsurmesfinances.com\/argent\/?s={search_term_string}\"},\"query-input\":{\"@type\":\"PropertyValueSpecification\",\"valueRequired\":true,\"valueName\":\"search_term_string\"}}],\"inLanguage\":\"fr-FR\"},{\"@type\":\"Organization\",\"@id\":\"https:\/\/www.toutsurmesfinances.com\/argent\/#organization\",\"name\":\"Tout Sur Mes Finances\",\"url\":\"https:\/\/www.toutsurmesfinances.com\/argent\/\",\"logo\":{\"@type\":\"ImageObject\",\"inLanguage\":\"fr-FR\",\"@id\":\"https:\/\/www.toutsurmesfinances.com\/argent\/#\/schema\/logo\/image\/\",\"url\":\"https:\/\/www.toutsurmesfinances.com\/argent\/wp-content\/uploads\/sites\/3\/2021\/01\/favicon.png\",\"contentUrl\":\"https:\/\/www.toutsurmesfinances.com\/argent\/wp-content\/uploads\/sites\/3\/2021\/01\/favicon.png\",\"width\":512,\"height\":512,\"caption\":\"Tout Sur Mes Finances\"},\"image\":{\"@id\":\"https:\/\/www.toutsurmesfinances.com\/argent\/#\/schema\/logo\/image\/\"},\"sameAs\":[\"https:\/\/x.com\/Toutsur\"]},{\"@type\":\"Person\",\"@id\":\"https:\/\/www.toutsurmesfinances.com\/argent\/#\/schema\/person\/f3692b3163890cd1408bd0dc68a1b55a\",\"name\":\"Olivier Brunet\",\"image\":{\"@type\":\"ImageObject\",\"inLanguage\":\"fr-FR\",\"@id\":\"https:\/\/www.toutsurmesfinances.com\/argent\/#\/schema\/person\/image\/\",\"url\":\"https:\/\/secure.gravatar.com\/avatar\/59a19214b7bb3163a27d873fa61f9a80?s=96&d=mm&r=g\",\"contentUrl\":\"https:\/\/secure.gravatar.com\/avatar\/59a19214b7bb3163a27d873fa61f9a80?s=96&d=mm&r=g\",\"caption\":\"Olivier Brunet\"},\"description\":\"Olivier Brunet est cofondateur de\u00a0ToutSurMesFinances.com\u00a0et r\u00e9dacteur en chef sp\u00e9cialis\u00e9 en placements et fiscalit\u00e9\u00a0des particuliers. Pr\u00e9sent\u00a0au sein du\u00a0m\u00e9dia\u00a0depuis sa cr\u00e9ation, il en est l\u2019un des piliers \u00e9ditoriaux. Il analyse les strat\u00e9gies d\u2019investissement,\u00a0suit\u00a0les \u00e9volutions fiscales et les\u00a0probl\u00e9matiques\u00a0patrimoniales\u00a0avec une vision long terme, forg\u00e9e par des ann\u00e9es de pratique et de suivi des march\u00e9s.\u00a0\",\"sameAs\":[\"https:\/\/www.toutsurmesfinances.com\/author\/olivier\",\"https:\/\/www.linkedin.com\/in\/obrunet\/\"]}]}<\/script>\n<!-- \/ Yoast SEO plugin. -->","yoast_head_json":{"title":"Mode printemps-\u00e9t\u00e9 homme et femme : tendances, couleurs, prix","description":"Alors que les d\u00e9fil\u00e9s de la Fashion Week viennent de s\u2019achever, les grandes tendances rep\u00e9r\u00e9es sur les podiums descendent d\u00e9j\u00e0 dans les rayons des enseignes de pr\u00eat-\u00e0-porter. Pi\u00e8ces embl\u00e9matiques, couleurs, mati\u00e8res, accessoires\u2026 quelles tendances feront","robots":{"index":"index","follow":"follow","max-snippet":"max-snippet:-1","max-image-preview":"max-image-preview:large","max-video-preview":"max-video-preview:-1"},"canonical":"https:\/\/www.toutsurmesfinances.com\/argent\/a\/guide-shopping-des-tendances-mode-printemps-ete","og_locale":"fr_FR","og_type":"article","og_title":"Mode printemps-\u00e9t\u00e9 homme et femme : tendances, couleurs, prix","og_description":"Alors que les d\u00e9fil\u00e9s de la Fashion Week viennent de s\u2019achever, les grandes tendances rep\u00e9r\u00e9es sur les podiums descendent d\u00e9j\u00e0 dans les rayons des enseignes de pr\u00eat-\u00e0-porter. Pi\u00e8ces embl\u00e9matiques, couleurs, mati\u00e8res, accessoires\u2026 quelles tendances feront","og_url":"https:\/\/www.toutsurmesfinances.com\/argent\/a\/guide-shopping-des-tendances-mode-printemps-ete","og_site_name":"Argent","article_published_time":"2017-03-15T16:28:53+00:00","article_modified_time":"2025-10-21T14:24:34+00:00","og_image":[{"width":600,"height":400,"url":"https:\/\/www.toutsurmesfinances.com\/argent\/wp-content\/uploads\/sites\/3\/2025\/04\/image-argent-consommation.jpg","type":"image\/jpeg"}],"author":"Olivier Brunet","twitter_card":"summary_large_image","twitter_creator":"@Toutsur","twitter_site":"@Toutsur","twitter_misc":{"\u00c9crit par":"Olivier Brunet","Dur\u00e9e de lecture estim\u00e9e":"11 minutes"},"schema":{"@context":"https:\/\/schema.org","@graph":[{"@type":"Article","@id":"https:\/\/www.toutsurmesfinances.com\/argent\/a\/guide-shopping-des-tendances-mode-printemps-ete#article","isPartOf":{"@id":"https:\/\/www.toutsurmesfinances.com\/argent\/a\/guide-shopping-des-tendances-mode-printemps-ete"},"author":{"name":"Olivier Brunet","@id":"https:\/\/www.toutsurmesfinances.com\/argent\/#\/schema\/person\/f3692b3163890cd1408bd0dc68a1b55a"},"headline":"Guide shopping des tendances mode printemps-\u00e9t\u00e9","dateModified":"2025-10-21T14:24:34+00:00","mainEntityOfPage":{"@id":"https:\/\/www.toutsurmesfinances.com\/argent\/a\/guide-shopping-des-tendances-mode-printemps-ete"},"wordCount":2120,"publisher":{"@id":"https:\/\/www.toutsurmesfinances.com\/argent\/#organization"},"image":{"@id":"https:\/\/www.toutsurmesfinances.com\/argent\/a\/guide-shopping-des-tendances-mode-printemps-ete#primaryimage"},"thumbnailUrl":"https:\/\/www.toutsurmesfinances.com\/argent\/wp-content\/uploads\/sites\/3\/2025\/04\/image-argent-consommation.jpg","articleSection":["Consommation"],"inLanguage":"fr-FR"},{"@type":"WebPage","@id":"https:\/\/www.toutsurmesfinances.com\/argent\/a\/guide-shopping-des-tendances-mode-printemps-ete","url":"https:\/\/www.toutsurmesfinances.com\/argent\/a\/guide-shopping-des-tendances-mode-printemps-ete","name":"Mode printemps-\u00e9t\u00e9 homme et femme : tendances, couleurs, prix","isPartOf":{"@id":"https:\/\/www.toutsurmesfinances.com\/argent\/#website"},"primaryImageOfPage":{"@id":"https:\/\/www.toutsurmesfinances.com\/argent\/a\/guide-shopping-des-tendances-mode-printemps-ete#primaryimage"},"image":{"@id":"https:\/\/www.toutsurmesfinances.com\/argent\/a\/guide-shopping-des-tendances-mode-printemps-ete#primaryimage"},"thumbnailUrl":"https:\/\/www.toutsurmesfinances.com\/argent\/wp-content\/uploads\/sites\/3\/2025\/04\/image-argent-consommation.jpg","dateModified":"2025-10-21T14:24:34+00:00","description":"Alors que les d\u00e9fil\u00e9s de la Fashion Week viennent de s\u2019achever, les grandes tendances rep\u00e9r\u00e9es sur les podiums descendent d\u00e9j\u00e0 dans les rayons des enseignes de pr\u00eat-\u00e0-porter. Pi\u00e8ces embl\u00e9matiques, couleurs, mati\u00e8res, accessoires\u2026 quelles tendances feront","breadcrumb":{"@id":"https:\/\/www.toutsurmesfinances.com\/argent\/a\/guide-shopping-des-tendances-mode-printemps-ete#breadcrumb"},"inLanguage":"fr-FR","potentialAction":[{"@type":"ReadAction","target":["https:\/\/www.toutsurmesfinances.com\/argent\/a\/guide-shopping-des-tendances-mode-printemps-ete"]}]},{"@type":"ImageObject","inLanguage":"fr-FR","@id":"https:\/\/www.toutsurmesfinances.com\/argent\/a\/guide-shopping-des-tendances-mode-printemps-ete#primaryimage","url":"https:\/\/www.toutsurmesfinances.com\/argent\/wp-content\/uploads\/sites\/3\/2025\/04\/image-argent-consommation.jpg","contentUrl":"https:\/\/www.toutsurmesfinances.com\/argent\/wp-content\/uploads\/sites\/3\/2025\/04\/image-argent-consommation.jpg","width":600,"height":400},{"@type":"BreadcrumbList","@id":"https:\/\/www.toutsurmesfinances.com\/argent\/a\/guide-shopping-des-tendances-mode-printemps-ete#breadcrumb","itemListElement":[{"@type":"ListItem","position":1,"name":"Accueil","item":"https:\/\/www.toutsurmesfinances.com\/argent\/"},{"@type":"ListItem","position":2,"name":"Consommation","item":"https:\/\/www.toutsurmesfinances.com\/argent\/c\/consommation"},{"@type":"ListItem","position":3,"name":"Guide shopping des tendances mode printemps-\u00e9t\u00e9"}]},{"@type":"WebSite","@id":"https:\/\/www.toutsurmesfinances.com\/argent\/#website","url":"https:\/\/www.toutsurmesfinances.com\/argent\/","name":"Argent","description":"","publisher":{"@id":"https:\/\/www.toutsurmesfinances.com\/argent\/#organization"},"potentialAction":[{"@type":"SearchAction","target":{"@type":"EntryPoint","urlTemplate":"https:\/\/www.toutsurmesfinances.com\/argent\/?s={search_term_string}"},"query-input":{"@type":"PropertyValueSpecification","valueRequired":true,"valueName":"search_term_string"}}],"inLanguage":"fr-FR"},{"@type":"Organization","@id":"https:\/\/www.toutsurmesfinances.com\/argent\/#organization","name":"Tout Sur Mes Finances","url":"https:\/\/www.toutsurmesfinances.com\/argent\/","logo":{"@type":"ImageObject","inLanguage":"fr-FR","@id":"https:\/\/www.toutsurmesfinances.com\/argent\/#\/schema\/logo\/image\/","url":"https:\/\/www.toutsurmesfinances.com\/argent\/wp-content\/uploads\/sites\/3\/2021\/01\/favicon.png","contentUrl":"https:\/\/www.toutsurmesfinances.com\/argent\/wp-content\/uploads\/sites\/3\/2021\/01\/favicon.png","width":512,"height":512,"caption":"Tout Sur Mes Finances"},"image":{"@id":"https:\/\/www.toutsurmesfinances.com\/argent\/#\/schema\/logo\/image\/"},"sameAs":["https:\/\/x.com\/Toutsur"]},{"@type":"Person","@id":"https:\/\/www.toutsurmesfinances.com\/argent\/#\/schema\/person\/f3692b3163890cd1408bd0dc68a1b55a","name":"Olivier Brunet","image":{"@type":"ImageObject","inLanguage":"fr-FR","@id":"https:\/\/www.toutsurmesfinances.com\/argent\/#\/schema\/person\/image\/","url":"https:\/\/secure.gravatar.com\/avatar\/59a19214b7bb3163a27d873fa61f9a80?s=96&d=mm&r=g","contentUrl":"https:\/\/secure.gravatar.com\/avatar\/59a19214b7bb3163a27d873fa61f9a80?s=96&d=mm&r=g","caption":"Olivier Brunet"},"description":"Olivier Brunet est cofondateur de\u00a0ToutSurMesFinances.com\u00a0et r\u00e9dacteur en chef sp\u00e9cialis\u00e9 en placements et fiscalit\u00e9\u00a0des particuliers. Pr\u00e9sent\u00a0au sein du\u00a0m\u00e9dia\u00a0depuis sa cr\u00e9ation, il en est l\u2019un des piliers \u00e9ditoriaux. Il analyse les strat\u00e9gies d\u2019investissement,\u00a0suit\u00a0les \u00e9volutions fiscales et les\u00a0probl\u00e9matiques\u00a0patrimoniales\u00a0avec une vision long terme, forg\u00e9e par des ann\u00e9es de pratique et de suivi des march\u00e9s.\u00a0","sameAs":["https:\/\/www.toutsurmesfinances.com\/author\/olivier","https:\/\/www.linkedin.com\/in\/obrunet\/"]}]}},"_links":{"self":[{"href":"https:\/\/www.toutsurmesfinances.com\/argent\/wp-json\/wp\/v2\/posts\/1494","targetHints":{"allow":["GET"]}}],"collection":[{"href":"https:\/\/www.toutsurmesfinances.com\/argent\/wp-json\/wp\/v2\/posts"}],"about":[{"href":"https:\/\/www.toutsurmesfinances.com\/argent\/wp-json\/wp\/v2\/types\/post"}],"author":[{"embeddable":true,"href":"https:\/\/www.toutsurmesfinances.com\/argent\/wp-json\/wp\/v2\/users\/13709"}],"replies":[{"embeddable":true,"href":"https:\/\/www.toutsurmesfinances.com\/argent\/wp-json\/wp\/v2\/comments?post=1494"}],"version-history":[{"count":3,"href":"https:\/\/www.toutsurmesfinances.com\/argent\/wp-json\/wp\/v2\/posts\/1494\/revisions"}],"predecessor-version":[{"id":22777,"href":"https:\/\/www.toutsurmesfinances.com\/argent\/wp-json\/wp\/v2\/posts\/1494\/revisions\/22777"}],"wp:featuredmedia":[{"embeddable":true,"href":"https:\/\/www.toutsurmesfinances.com\/argent\/wp-json\/wp\/v2\/media\/22476"}],"wp:attachment":[{"href":"https:\/\/www.toutsurmesfinances.com\/argent\/wp-json\/wp\/v2\/media?parent=1494"}],"wp:term":[{"taxonomy":"category","embeddable":true,"href":"https:\/\/www.toutsurmesfinances.com\/argent\/wp-json\/wp\/v2\/categories?post=1494"},{"taxonomy":"post_tag","embeddable":true,"href":"https:\/\/www.toutsurmesfinances.com\/argent\/wp-json\/wp\/v2\/tags?post=1494"}],"curies":[{"name":"wp","href":"https:\/\/api.w.org\/{rel}","templated":true}]}}