{"id":1496,"date":"2017-03-20T07:47:56","date_gmt":"2017-03-20T06:47:56","guid":{"rendered":"https:\/\/www.toutsurmesfinances.com\/argent\/a\/nathalie-arthaud-le-programme-de-lutte-ouvriere-pour-2017"},"modified":"2017-04-20T15:11:48","modified_gmt":"2017-04-20T15:11:48","slug":"nathalie-arthaud-le-programme-de-lutte-ouvriere-pour-2017","status":"publish","type":"post","link":"https:\/\/www.toutsurmesfinances.com\/argent\/a\/nathalie-arthaud-le-programme-de-lutte-ouvriere-pour-2017","title":{"rendered":"Nathalie Arthaud : le programme de Lutte Ouvri\u00e8re pour 2017"},"content":{"rendered":"<br \/>\n<h2><span class=\"ez-toc-section\" id=\"Nathalie_Arthaud_son_programme_communiste_revolutionnaire_en_bref\"><\/span>Nathalie Arthaud : son programme communiste r&eacute;volutionnaire en bref<span class=\"ez-toc-section-end\"><\/span><\/h2>\n<p>Candidate comme en 2012 de Lutte Ouvri&egrave;re (LO) &agrave; l&rsquo;&eacute;lection pr&eacute;sidentielle, Nathalie Arthaud a pr&eacute;sent&eacute; un programme pour 2017 de nature anticapitaliste et collectiviste, qui refl&egrave;te une vision communiste r&eacute;volutionnaire de la soci&eacute;t&eacute; qu&rsquo;elle d&eacute;fend.<\/p>\n<p>Son projet politique repose sur trois principales revendications :<br \/>&#8211; l&rsquo;interdiction des licenciements et la r&eacute;partition du travail entre tous<br \/>&#8211; l&rsquo;augmentation du Smic net &agrave; 1.800 euros par mois<br \/>&#8211; imposer la transparence sur les comptes des grandes entreprises et des <em>&laquo; grands bourgeois capitalistes &raquo;<\/em> qu&rsquo;elle a l&rsquo;intention d&rsquo;exproprier.<\/p>\n<p>Nathalie Arthaud voit davantage le programme de LO comme un socle <em>&laquo; d&rsquo;objectifs n&eacute;cessaires &agrave; la survie des travailleurs &raquo;, <\/em>des <em><em>&laquo; <\/em>objectifs de lutte sociale <em> &raquo;<\/em>,<\/em> plut&ocirc;t qu&rsquo;un <em>&laquo; catalogue de promesses &raquo;<\/em>.<\/p>\n<p>Lucide sur son r&eacute;sultat au soir du premier tour, l&rsquo;h&eacute;riti&egrave;re d&rsquo;Arlette Laguiller entend avant tout <em>&laquo; d&eacute;fendre le point de vue des travailleurs, des exploit&eacute;s, des ch&ocirc;meurs &raquo;<\/em>, bref la <em>&laquo; classe ouvri&egrave;re &raquo;<\/em> par opposition &agrave; ce qu&rsquo;elle appelle la <em>&laquo; classe capitaliste &raquo;<\/em>. Son objectif : aider les travailleurs &agrave; <em>&laquo; prendre conscience de leurs int&eacute;r&ecirc;ts politiques &raquo;<\/em> et &agrave; contester <em>&laquo; la dictature du capital sur l&rsquo;&eacute;conomie &raquo;<\/em> et la vie politique fran&ccedil;aise.<\/p>\n<p>Partant du principe que les principaux droits acquis par les salari&eacute;s ont &eacute;t&eacute; conquis par la lutte sociale, elle juge que le scrutin pr&eacute;sidentiel ne changera pas leur sort. <em>&laquo; Voter n&rsquo;a jamais chang&eacute; leur vie<\/em>, a-t-elle d&eacute;clar&eacute; lors d&rsquo;une interview sur LCI le 16 mars 2017. <em>Au lendemain de l&rsquo;&eacute;lection pr&eacute;sidentielle que se passera-t-il ? Ceux qui ont en un emploi retourneront au boulot et ceux qui n&rsquo;en n&rsquo;ont pas iront pointer &agrave; p&ocirc;le emploi, &agrave; l&rsquo;agence d&rsquo;int&eacute;rim &raquo;.<\/em><\/p>\n<h2><span class=\"ez-toc-section\" id=\"Interdiction_des_licenciements_lidee-phare_de_son_programme\"><\/span>Interdiction des licenciements, l&rsquo;id&eacute;e-phare de son programme<span class=\"ez-toc-section-end\"><\/span><\/h2>\n<p>Dans son programme 2017, l&rsquo;enseignante en &eacute;conomie et gestion &acirc;g&eacute;e de 47 ans veut <em>&laquo; interdire les licenciements et les plans de suppression d&rsquo;emplois, &agrave; commencer par les entreprises qui font des profits &raquo;. <\/em>Pour elle, il s&rsquo;agit d&rsquo;une <em><em>&laquo; <\/em>mesure de salut public <em>&raquo;<\/em>.<br \/><\/em><\/p>\n<p><em>&laquo; Un travail, un salaire pour tous, est un minimum pour l&rsquo;ensemble du monde du travail, y compris pour ceux qui en sont exclus parce qu&rsquo;ils sont en invalidit&eacute; ou handicap&eacute;s.<\/em> [&hellip;] <em>C&rsquo;est un droit &eacute;l&eacute;mentaire &raquo;<\/em>, a-t-elle revendiqu&eacute; au JT de TF1, le 14 mars 2017.<\/p>\n<p>Pour Nathalie Arthaud, c&rsquo;est une question de principe. <em>&laquo; On ne peut pas accepter qu&rsquo;un grand groupe, que de grands actionnaires, uniquement pour leurs profits individuels, pour leur richesse, pour leur fortune priv&eacute;e saccagent des r&eacute;gions enti&egrave;res et conduisent au ch&ocirc;mage &raquo;<\/em>, estime-t-elle.<\/p>\n<p>Parall&egrave;lement &agrave; l&rsquo;interdiction des licenciements, la porte-parole de LO estime qu&rsquo;il <em>&laquo; faut r&eacute;partir le travail entre tous les travailleurs, sans perte de salaire &raquo;<\/em> afin d&rsquo;&eacute;radiquer le ch&ocirc;mage et la pr&eacute;carit&eacute;. Elle estime que <em>&laquo; le grand patronat a largement de quoi payer &raquo;<\/em>, fustigeant presque &agrave; chacune de ses interviews t&eacute;l&eacute;vis&eacute;es les milliards d&rsquo;euros de dividendes vers&eacute;es chaque ann&eacute;e par les soci&eacute;t&eacute;s du CAC 40.<\/p>\n<p>Augmentation g&eacute;n&eacute;rale des salaires et Smic &agrave; 1.800 euros net<\/p>\n<p>Nathalie Arthaud veut instaurer un salaire d&eacute;cent pour tous, en fixant le salaire minimum &agrave; 1.800 euros net par mois. Elle propose en outre une augmentation <em>&laquo; de tous les salaires &raquo;<\/em> &agrave; hauteur de 300 euros mensuels.<\/p>\n<p>Elle estime, en outre, que les minima sociaux <em>&laquo; doivent &ecirc;tre transform&eacute;s en salaire &raquo;<\/em>, faisant &eacute;cho &agrave; sa proposition d&rsquo;instaurer un droit au travail pour tous. <em>&laquo; Ce n&rsquo;est pas une aum&ocirc;ne pour vivoter en marge de la soci&eacute;t&eacute; que les travailleurs r&eacute;clament : c&rsquo;est au contraire la possibilit&eacute; d&rsquo;y trouver leur place, de contribuer &agrave; son fonctionnement et de pouvoir en retirer de quoi vivre dignement, sans se priver et sans compter chaque sou &raquo;<\/em>, plaide-t-elle dans l&rsquo;expos&eacute; de son programme.<br \/>Enfin, afin de compenser l&rsquo;impact d&rsquo;une augmentation des prix, elle veut faut imposer l&rsquo;indexation des salaires sur le co&ucirc;t de la vie.<\/p>\n<h2><span class=\"ez-toc-section\" id=\"Son_programme_pour_les_retraites_retraite_a_60_ans_et_revalorisation\"><\/span>Son programme pour les retraites : retraite &agrave; 60 ans et revalorisation<span class=\"ez-toc-section-end\"><\/span><\/h2>\n<p>Comme Jean-Luc M&eacute;lenchon et Marine Le Pen, Nathalie Arthaud veut r&eacute;tablir l&rsquo;&acirc;ge l&eacute;gal de d&eacute;part &agrave; la retraite &agrave; 60 ans. Pr&eacute;cis&eacute;ment, elle d&eacute;fend l&rsquo;instauration d&rsquo;une retraite <em>&laquo; &agrave; taux plein &agrave; 60 ans &raquo;<\/em> avec 37,5 annuit&eacute;s de cotisations maximum (soit 150 trimestres, contre 160 trimestres pour M&eacute;lenchon), sachant que la r&eacute;forme des retraites adopt&eacute;e durant le quinquennat de Fran&ccedil;ois Hollande pr&eacute;voit un allongement de la dur&eacute;e de cotisation requise pour b&eacute;n&eacute;ficier du taux plein &agrave; 43 annuit&eacute;s, soit 172 trimestres, &agrave; partir de la g&eacute;n&eacute;ration n&eacute;e en 1973.<\/p>\n<p>Par ailleurs, elle plaide en faveur d&rsquo;une pension de retraite minimum de 1.800 euros net par mois, identique au montant du salaire plancher. Ce qui reviendrait &agrave; plus que doubler l&rsquo;allocation per&ccedil;ue au titre de l&rsquo;Aspa (ex-minimum vieillesse), dont le montant maximum se monte &agrave; 801 euros par mois. Enfin, elle veut indexer la revalorisation des pensions sur le co&ucirc;t de la vie.<\/p>\n<h2><span class=\"ez-toc-section\" id=\"Fiscalite_suppression_de_la_TVA_et_de_limpot_sur_le_revenu_expropriation_des_milliardaires\"><\/span>Fiscalit&eacute; : suppression de la TVA et de l&rsquo;imp&ocirc;t sur le revenu, expropriation des milliardaires<span class=\"ez-toc-section-end\"><\/span><\/h2>\n<p>Favorable &agrave; la suppression de la TVA, imp&ocirc;t qu&rsquo;elle juge injuste car pay&eacute; <em>&laquo; au m&ecirc;me taux, par les riches et par les pauvres &raquo;<\/em>, Nathalie Arthaud plaide &eacute;galement en faveur de l&rsquo;abrogation de l&rsquo;imp&ocirc;t sur le revenu. <em>&laquo; Nous disons que les travailleurs ne doivent pas payer d&rsquo;imp&ocirc;t sur leur salaire &raquo;<\/em>, a-t-elle d&eacute;clar&eacute; au cours d&rsquo;une interview sur Public S&eacute;nat, le 6 mars 2017.<\/p>\n<p>En lieu et place de ces pr&eacute;l&egrave;vements, elle affirme vouloir <em>&laquo; s&rsquo;en prendre aux profits de la bourgeoisie &raquo;<\/em>, que <em>&laquo; la classe capitaliste paye &raquo;<\/em> par l&rsquo;imp&ocirc;t sur le capital et m&ecirc;me la confiscation des biens d&eacute;tenus par les plus riches.<\/p>\n<p><em>&laquo; Il faudra prendre sur ces fortunes, se saisir de leurs comptes en banque, de leurs patrimoines immobiliers, de leurs ch&acirc;teaux, de leurs h&ocirc;tels particuliers, de leurs for&ecirc;ts domaniales. Priver de quelques dizaines de milliards Bernard Arnault ou Liliane Bettencourt ne les r&eacute;duirait pas &agrave; la famine &raquo;<\/em>, clame-t-elle dans son programme. Pour la porte-parole de Lutte Ouvri&egrave;re, cette expropriation doit s&rsquo;effectuer <em>&laquo; sans indemnit&eacute;s ni rachat &raquo;<\/em>.<\/p>\n<h2><span class=\"ez-toc-section\" id=\"Autres_mesures_et_prises_de_positions_politiques_de_Nathalie_Arthaud\"><\/span>Autres mesures et prises de positions politiques de Nathalie Arthaud<span class=\"ez-toc-section-end\"><\/span><\/h2>\n<p>&#8211; Sant&eacute; : la repr&eacute;sente de LO &agrave; l&rsquo;&eacute;lection pr&eacute;sidentielle veut mettre en place la gratuit&eacute; <em>&laquo; de tous les soins &raquo;<\/em> estimant que la sant&eacute; est un <em>&laquo; droit pour tous &raquo;<\/em>. Elle juge que l&rsquo;acc&egrave;s aux soins <em>&laquo; ne doit pas &ecirc;tre soumis aux lois du march&eacute; ni conditionn&eacute; par les revenus &raquo;<\/em>.<br \/>&#8211; Logement : Nathalie Arthaud consid&egrave;re qu&rsquo;il est<em> &laquo; indispensable d&rsquo;interdire les expulsions locatives &raquo;.<\/em> Elle appelle aussi &agrave; r&eacute;quisitionner les logements vacants et &agrave; encadrer les loyers dans le parc immobilier priv&eacute;.<\/p>\n<p><strong>A lire aussi &agrave; propos de la pr&eacute;sidentielle et des programmes des candidats<\/strong><\/p>\n<p><strong>&gt; Philippe Poutou<\/strong><br \/><strong>&#8211; <a href=\"https:\/\/www.toutsurmesfinances.com\/argent\/a\/philippe-poutou-le-programme-anticapitaliste-du-npa-pour-2017\" target=\"_blank\">Philippe Poutou : le programme anticapitaliste du NPA pour 2017<\/a><\/strong><\/p>\n<p><strong><strong><strong>&gt; Jean-Luc M&eacute;lenchon<\/strong><br \/><strong>&#8211; <a href=\"https:\/\/www.toutsurmesfinances.com\/argent\/a\/presidentielle-2017-smic-retraites-fiscalite-le-programme-de-melenchon\" target=\"_blank\">Smic, retraites, fiscalit&eacute;&hellip; le programme de M&eacute;lenchon<\/a><\/strong><\/strong><\/strong><\/p>\n<p><strong><strong><strong>&gt; Beno&icirc;t Hamon<br \/>&#8211; <a href=\"https:\/\/www.toutsurmesfinances.com\/argent\/a\/revenu-universel-impots-retraite-le-programme-de-benoit-hamon-pour-2017\" target=\"_blank\">Revenu universel, Smic, retraites&hellip; le programme de Hamon<\/a><\/strong><\/strong><\/strong><\/p>\n<p><strong>&gt; Emmanuel Macron<\/strong><br \/><strong>&#8211; <a href=\"https:\/\/www.toutsurmesfinances.com\/argent\/a\/le-programme-d-emmanuel-macron-pour-2017\" target=\"_blank\">Pouvoir d&rsquo;achat, imp&ocirc;ts, S&eacute;curit&eacute; sociale&hellip; Le programme de Macron pour 2017<\/a><\/strong><\/p>\n<p><strong>&gt; Jean Lassalle<\/strong><br \/><strong>&#8211; <a href=\"https:\/\/www.toutsurmesfinances.com\/argent\/a\/jean-lassalle-2017-son-programme-social-fiscal-et-financier-pour-l-election-presidentielle\" target=\"_blank\">Jean Lassalle 2017 : son programme social, fiscal et financier pour l&rsquo;&eacute;lection pr&eacute;sidentielle<\/a><\/strong><\/p>\n<p><strong>&gt; Jacques Cheminade<\/strong><br \/><strong>&#8211; <a href=\"https:\/\/www.toutsurmesfinances.com\/argent\/a\/jacques-cheminade-son-programme-pour-l-election-presidentielle-2017\" target=\"_blank\">Jacques Cheminade : Smic, retraites, imp&ocirc;ts, son programme pour 2017<\/a><\/strong><\/p>\n<p><strong><strong>&gt; Fran&ccedil;ois Fillon<\/strong><br \/>&#8211; <a href=\"https:\/\/www.toutsurmesfinances.com\/argent\/a\/pouvoir-d-achat-le-programme-de-fillon-pour-2017\" target=\"_blank\">Pouvoir d&rsquo;achat : les propositions de Fillon pour 2017<\/a><\/strong><\/p>\n<p><strong>&gt; Fran&ccedil;ois Asselineau<\/strong><br \/><strong>&#8211; <a href=\"https:\/\/www.toutsurmesfinances.com\/argent\/a\/francois-asselineau-le-programme-du-candidat-upr-a-l-election-presidentielle-2017\" target=\"_blank\">Fran&ccedil;ois Asselineau : le programme du candidat UPR &agrave; l&rsquo;&eacute;lection pr&eacute;sidentielle 2017<\/a><\/strong><\/p>\n<p><strong>&gt; Nicolas Dupont-Aignan<\/strong><br \/><strong>&#8211; <a href=\"https:\/\/www.toutsurmesfinances.com\/argent\/a\/dupont-aignan-fiscalite-pouvoir-d-achat-retraite-son-programme-presidentiel-pour-2017\" target=\"_blank\">Dupont-Aignan : fiscalit&eacute;, pouvoir d&rsquo;achat, retraite, son programme pr&eacute;sidentiel pour 2017<\/a><\/strong><\/p>\n<p><strong>&gt; Marine Le Pen<br \/>&#8211; <a href=\"https:\/\/www.toutsurmesfinances.com\/argent\/a\/marine-le-pen-salaires-retraites-impots-le-programme-du-fn-pour-2017\" target=\"_blank\">Marine Le Pen : salaires, retraites, imp&ocirc;ts, le programme du FN pour 2017<br \/><\/a><\/strong><\/p>\n<p><strong>A lire &eacute;galement <br \/>&#8211; <a href=\"https:\/\/www.toutsurmesfinances.com\/argent\/a\/bilan-de-francois-hollande-l-impact-de-sa-politique-sur-le-budget-des-francais\" target=\"_blank\">Pouvoir d&rsquo;achat : budget des Fran&ccedil;ais, le bilan du quinquennat de Fran&ccedil;ois Hollande<\/a><\/strong><\/p>\n","protected":false},"excerpt":{"rendered":"<p>Avec son programme pour l\u2019\u00e9lection pr\u00e9sidentielle de 2017, Nathalie Arthaud verse au d\u00e9bat une vision de la soci\u00e9t\u00e9 r\u00e9solument anticapitaliste. Interdiction des licenciements, r\u00e9partition du travail entre tous, retraite \u00e0 60 ans, salaire et pension minimum \u00e0 1.800 euros\u2026 Tout savoir sur le projet politique de la porte-parole de Lutte Ouvri\u00e8re.<\/p>\n","protected":false},"author":13709,"featured_media":1495,"comment_status":"closed","ping_status":"closed","sticky":false,"template":"","format":"standard","meta":{"footnotes":""},"categories":[30],"tags":[],"class_list":["post-1496","post","type-post","status-publish","format-standard","has-post-thumbnail","hentry","category-budget"],"acf":[],"yoast_head":"<!-- This site is optimized with the Yoast SEO plugin v24.9 - https:\/\/yoast.com\/wordpress\/plugins\/seo\/ -->\n<title>Programme 2017 Nathalie Arthaud : salaires, imp\u00f4ts, retraites<\/title>\n<meta name=\"description\" content=\"Avec son programme pour l\u2019\u00e9lection pr\u00e9sidentielle de 2017, Nathalie Arthaud verse au d\u00e9bat une vision de la soci\u00e9t\u00e9 r\u00e9solument anticapitaliste. Interdiction des licenciements, r\u00e9partition du travail entre tous, retraite \u00e0 60 ans, salaire et pension minimu\" \/>\n<meta name=\"robots\" content=\"index, follow, max-snippet:-1, max-image-preview:large, max-video-preview:-1\" \/>\n<link rel=\"canonical\" href=\"https:\/\/www.toutsurmesfinances.com\/argent\/a\/nathalie-arthaud-le-programme-de-lutte-ouvriere-pour-2017\" \/>\n<meta property=\"og:locale\" content=\"fr_FR\" \/>\n<meta property=\"og:type\" content=\"article\" \/>\n<meta property=\"og:title\" content=\"Programme 2017 Nathalie Arthaud : salaires, imp\u00f4ts, retraites\" \/>\n<meta property=\"og:description\" content=\"Avec son programme pour l\u2019\u00e9lection pr\u00e9sidentielle de 2017, Nathalie Arthaud verse au d\u00e9bat une vision de la soci\u00e9t\u00e9 r\u00e9solument anticapitaliste. Interdiction des licenciements, r\u00e9partition du travail entre tous, retraite \u00e0 60 ans, salaire et pension minimu\" \/>\n<meta property=\"og:url\" content=\"https:\/\/www.toutsurmesfinances.com\/argent\/a\/nathalie-arthaud-le-programme-de-lutte-ouvriere-pour-2017\" \/>\n<meta property=\"og:site_name\" content=\"Argent\" \/>\n<meta property=\"article:published_time\" content=\"2017-03-20T06:47:56+00:00\" \/>\n<meta property=\"article:modified_time\" content=\"2017-04-20T15:11:48+00:00\" \/>\n<meta property=\"og:image\" content=\"https:\/\/www.toutsurmesfinances.com\/argent\/wp-content\/uploads\/sites\/3\/2017\/03\/nathalie-arthaud.jpg\" \/>\n\t<meta property=\"og:image:width\" content=\"823\" \/>\n\t<meta property=\"og:image:height\" content=\"463\" \/>\n\t<meta property=\"og:image:type\" content=\"image\/jpeg\" \/>\n<meta name=\"author\" content=\"Olivier Brunet\" \/>\n<meta name=\"twitter:card\" content=\"summary_large_image\" \/>\n<meta name=\"twitter:creator\" content=\"@Toutsur\" \/>\n<meta name=\"twitter:site\" content=\"@Toutsur\" \/>\n<meta name=\"twitter:label1\" content=\"\u00c9crit par\" \/>\n\t<meta name=\"twitter:data1\" content=\"Olivier Brunet\" \/>\n\t<meta name=\"twitter:label2\" content=\"Dur\u00e9e de lecture estim\u00e9e\" \/>\n\t<meta name=\"twitter:data2\" content=\"8 minutes\" \/>\n<script type=\"application\/ld+json\" class=\"yoast-schema-graph\">{\"@context\":\"https:\/\/schema.org\",\"@graph\":[{\"@type\":\"Article\",\"@id\":\"https:\/\/www.toutsurmesfinances.com\/argent\/a\/nathalie-arthaud-le-programme-de-lutte-ouvriere-pour-2017#article\",\"isPartOf\":{\"@id\":\"https:\/\/www.toutsurmesfinances.com\/argent\/a\/nathalie-arthaud-le-programme-de-lutte-ouvriere-pour-2017\"},\"author\":{\"name\":\"Olivier Brunet\",\"@id\":\"https:\/\/www.toutsurmesfinances.com\/argent\/#\/schema\/person\/f3692b3163890cd1408bd0dc68a1b55a\"},\"headline\":\"Nathalie Arthaud : le programme de Lutte Ouvri\u00e8re pour 2017\",\"dateModified\":\"2017-04-20T15:11:48+00:00\",\"mainEntityOfPage\":{\"@id\":\"https:\/\/www.toutsurmesfinances.com\/argent\/a\/nathalie-arthaud-le-programme-de-lutte-ouvriere-pour-2017\"},\"wordCount\":1632,\"publisher\":{\"@id\":\"https:\/\/www.toutsurmesfinances.com\/argent\/#organization\"},\"image\":{\"@id\":\"https:\/\/www.toutsurmesfinances.com\/argent\/a\/nathalie-arthaud-le-programme-de-lutte-ouvriere-pour-2017#primaryimage\"},\"thumbnailUrl\":\"https:\/\/www.toutsurmesfinances.com\/argent\/wp-content\/uploads\/sites\/3\/2017\/03\/nathalie-arthaud.jpg\",\"articleSection\":[\"Budget\"],\"inLanguage\":\"fr-FR\"},{\"@type\":\"WebPage\",\"@id\":\"https:\/\/www.toutsurmesfinances.com\/argent\/a\/nathalie-arthaud-le-programme-de-lutte-ouvriere-pour-2017\",\"url\":\"https:\/\/www.toutsurmesfinances.com\/argent\/a\/nathalie-arthaud-le-programme-de-lutte-ouvriere-pour-2017\",\"name\":\"Programme 2017 Nathalie Arthaud : salaires, imp\u00f4ts, retraites\",\"isPartOf\":{\"@id\":\"https:\/\/www.toutsurmesfinances.com\/argent\/#website\"},\"primaryImageOfPage\":{\"@id\":\"https:\/\/www.toutsurmesfinances.com\/argent\/a\/nathalie-arthaud-le-programme-de-lutte-ouvriere-pour-2017#primaryimage\"},\"image\":{\"@id\":\"https:\/\/www.toutsurmesfinances.com\/argent\/a\/nathalie-arthaud-le-programme-de-lutte-ouvriere-pour-2017#primaryimage\"},\"thumbnailUrl\":\"https:\/\/www.toutsurmesfinances.com\/argent\/wp-content\/uploads\/sites\/3\/2017\/03\/nathalie-arthaud.jpg\",\"dateModified\":\"2017-04-20T15:11:48+00:00\",\"description\":\"Avec son programme pour l\u2019\u00e9lection pr\u00e9sidentielle de 2017, Nathalie Arthaud verse au d\u00e9bat une vision de la soci\u00e9t\u00e9 r\u00e9solument anticapitaliste. Interdiction des licenciements, r\u00e9partition du travail entre tous, retraite \u00e0 60 ans, salaire et pension minimu\",\"breadcrumb\":{\"@id\":\"https:\/\/www.toutsurmesfinances.com\/argent\/a\/nathalie-arthaud-le-programme-de-lutte-ouvriere-pour-2017#breadcrumb\"},\"inLanguage\":\"fr-FR\",\"potentialAction\":[{\"@type\":\"ReadAction\",\"target\":[\"https:\/\/www.toutsurmesfinances.com\/argent\/a\/nathalie-arthaud-le-programme-de-lutte-ouvriere-pour-2017\"]}]},{\"@type\":\"ImageObject\",\"inLanguage\":\"fr-FR\",\"@id\":\"https:\/\/www.toutsurmesfinances.com\/argent\/a\/nathalie-arthaud-le-programme-de-lutte-ouvriere-pour-2017#primaryimage\",\"url\":\"https:\/\/www.toutsurmesfinances.com\/argent\/wp-content\/uploads\/sites\/3\/2017\/03\/nathalie-arthaud.jpg\",\"contentUrl\":\"https:\/\/www.toutsurmesfinances.com\/argent\/wp-content\/uploads\/sites\/3\/2017\/03\/nathalie-arthaud.jpg\",\"width\":823,\"height\":463,\"caption\":\"Nathalie Arthaud lors d&#039;n meeting \u00e0 Nancy.\"},{\"@type\":\"BreadcrumbList\",\"@id\":\"https:\/\/www.toutsurmesfinances.com\/argent\/a\/nathalie-arthaud-le-programme-de-lutte-ouvriere-pour-2017#breadcrumb\",\"itemListElement\":[{\"@type\":\"ListItem\",\"position\":1,\"name\":\"Accueil\",\"item\":\"https:\/\/www.toutsurmesfinances.com\/argent\/\"},{\"@type\":\"ListItem\",\"position\":2,\"name\":\"Budget\",\"item\":\"https:\/\/www.toutsurmesfinances.com\/argent\/c\/budget\"},{\"@type\":\"ListItem\",\"position\":3,\"name\":\"Nathalie Arthaud : le programme de Lutte Ouvri\u00e8re pour 2017\"}]},{\"@type\":\"WebSite\",\"@id\":\"https:\/\/www.toutsurmesfinances.com\/argent\/#website\",\"url\":\"https:\/\/www.toutsurmesfinances.com\/argent\/\",\"name\":\"Argent\",\"description\":\"\",\"publisher\":{\"@id\":\"https:\/\/www.toutsurmesfinances.com\/argent\/#organization\"},\"potentialAction\":[{\"@type\":\"SearchAction\",\"target\":{\"@type\":\"EntryPoint\",\"urlTemplate\":\"https:\/\/www.toutsurmesfinances.com\/argent\/?s={search_term_string}\"},\"query-input\":{\"@type\":\"PropertyValueSpecification\",\"valueRequired\":true,\"valueName\":\"search_term_string\"}}],\"inLanguage\":\"fr-FR\"},{\"@type\":\"Organization\",\"@id\":\"https:\/\/www.toutsurmesfinances.com\/argent\/#organization\",\"name\":\"Tout Sur Mes Finances\",\"url\":\"https:\/\/www.toutsurmesfinances.com\/argent\/\",\"logo\":{\"@type\":\"ImageObject\",\"inLanguage\":\"fr-FR\",\"@id\":\"https:\/\/www.toutsurmesfinances.com\/argent\/#\/schema\/logo\/image\/\",\"url\":\"https:\/\/www.toutsurmesfinances.com\/argent\/wp-content\/uploads\/sites\/3\/2021\/01\/favicon.png\",\"contentUrl\":\"https:\/\/www.toutsurmesfinances.com\/argent\/wp-content\/uploads\/sites\/3\/2021\/01\/favicon.png\",\"width\":512,\"height\":512,\"caption\":\"Tout Sur Mes Finances\"},\"image\":{\"@id\":\"https:\/\/www.toutsurmesfinances.com\/argent\/#\/schema\/logo\/image\/\"},\"sameAs\":[\"https:\/\/x.com\/Toutsur\"]},{\"@type\":\"Person\",\"@id\":\"https:\/\/www.toutsurmesfinances.com\/argent\/#\/schema\/person\/f3692b3163890cd1408bd0dc68a1b55a\",\"name\":\"Olivier Brunet\",\"image\":{\"@type\":\"ImageObject\",\"inLanguage\":\"fr-FR\",\"@id\":\"https:\/\/www.toutsurmesfinances.com\/argent\/#\/schema\/person\/image\/\",\"url\":\"https:\/\/secure.gravatar.com\/avatar\/59a19214b7bb3163a27d873fa61f9a80?s=96&d=mm&r=g\",\"contentUrl\":\"https:\/\/secure.gravatar.com\/avatar\/59a19214b7bb3163a27d873fa61f9a80?s=96&d=mm&r=g\",\"caption\":\"Olivier Brunet\"},\"description\":\"Olivier Brunet est cofondateur de\u00a0ToutSurMesFinances.com\u00a0et r\u00e9dacteur en chef sp\u00e9cialis\u00e9 en placements et fiscalit\u00e9\u00a0des particuliers. Pr\u00e9sent\u00a0au sein du\u00a0m\u00e9dia\u00a0depuis sa cr\u00e9ation, il en est l\u2019un des piliers \u00e9ditoriaux. Il analyse les strat\u00e9gies d\u2019investissement,\u00a0suit\u00a0les \u00e9volutions fiscales et les\u00a0probl\u00e9matiques\u00a0patrimoniales\u00a0avec une vision long terme, forg\u00e9e par des ann\u00e9es de pratique et de suivi des march\u00e9s.\u00a0\",\"sameAs\":[\"https:\/\/www.toutsurmesfinances.com\/author\/olivier\",\"https:\/\/www.linkedin.com\/in\/obrunet\/\"]}]}<\/script>\n<!-- \/ Yoast SEO plugin. -->","yoast_head_json":{"title":"Programme 2017 Nathalie Arthaud : salaires, imp\u00f4ts, retraites","description":"Avec son programme pour l\u2019\u00e9lection pr\u00e9sidentielle de 2017, Nathalie Arthaud verse au d\u00e9bat une vision de la soci\u00e9t\u00e9 r\u00e9solument anticapitaliste. Interdiction des licenciements, r\u00e9partition du travail entre tous, retraite \u00e0 60 ans, salaire et pension minimu","robots":{"index":"index","follow":"follow","max-snippet":"max-snippet:-1","max-image-preview":"max-image-preview:large","max-video-preview":"max-video-preview:-1"},"canonical":"https:\/\/www.toutsurmesfinances.com\/argent\/a\/nathalie-arthaud-le-programme-de-lutte-ouvriere-pour-2017","og_locale":"fr_FR","og_type":"article","og_title":"Programme 2017 Nathalie Arthaud : salaires, imp\u00f4ts, retraites","og_description":"Avec son programme pour l\u2019\u00e9lection pr\u00e9sidentielle de 2017, Nathalie Arthaud verse au d\u00e9bat une vision de la soci\u00e9t\u00e9 r\u00e9solument anticapitaliste. Interdiction des licenciements, r\u00e9partition du travail entre tous, retraite \u00e0 60 ans, salaire et pension minimu","og_url":"https:\/\/www.toutsurmesfinances.com\/argent\/a\/nathalie-arthaud-le-programme-de-lutte-ouvriere-pour-2017","og_site_name":"Argent","article_published_time":"2017-03-20T06:47:56+00:00","article_modified_time":"2017-04-20T15:11:48+00:00","og_image":[{"width":823,"height":463,"url":"https:\/\/www.toutsurmesfinances.com\/argent\/wp-content\/uploads\/sites\/3\/2017\/03\/nathalie-arthaud.jpg","type":"image\/jpeg"}],"author":"Olivier Brunet","twitter_card":"summary_large_image","twitter_creator":"@Toutsur","twitter_site":"@Toutsur","twitter_misc":{"\u00c9crit par":"Olivier Brunet","Dur\u00e9e de lecture estim\u00e9e":"8 minutes"},"schema":{"@context":"https:\/\/schema.org","@graph":[{"@type":"Article","@id":"https:\/\/www.toutsurmesfinances.com\/argent\/a\/nathalie-arthaud-le-programme-de-lutte-ouvriere-pour-2017#article","isPartOf":{"@id":"https:\/\/www.toutsurmesfinances.com\/argent\/a\/nathalie-arthaud-le-programme-de-lutte-ouvriere-pour-2017"},"author":{"name":"Olivier Brunet","@id":"https:\/\/www.toutsurmesfinances.com\/argent\/#\/schema\/person\/f3692b3163890cd1408bd0dc68a1b55a"},"headline":"Nathalie Arthaud : le programme de Lutte Ouvri\u00e8re pour 2017","dateModified":"2017-04-20T15:11:48+00:00","mainEntityOfPage":{"@id":"https:\/\/www.toutsurmesfinances.com\/argent\/a\/nathalie-arthaud-le-programme-de-lutte-ouvriere-pour-2017"},"wordCount":1632,"publisher":{"@id":"https:\/\/www.toutsurmesfinances.com\/argent\/#organization"},"image":{"@id":"https:\/\/www.toutsurmesfinances.com\/argent\/a\/nathalie-arthaud-le-programme-de-lutte-ouvriere-pour-2017#primaryimage"},"thumbnailUrl":"https:\/\/www.toutsurmesfinances.com\/argent\/wp-content\/uploads\/sites\/3\/2017\/03\/nathalie-arthaud.jpg","articleSection":["Budget"],"inLanguage":"fr-FR"},{"@type":"WebPage","@id":"https:\/\/www.toutsurmesfinances.com\/argent\/a\/nathalie-arthaud-le-programme-de-lutte-ouvriere-pour-2017","url":"https:\/\/www.toutsurmesfinances.com\/argent\/a\/nathalie-arthaud-le-programme-de-lutte-ouvriere-pour-2017","name":"Programme 2017 Nathalie Arthaud : salaires, imp\u00f4ts, retraites","isPartOf":{"@id":"https:\/\/www.toutsurmesfinances.com\/argent\/#website"},"primaryImageOfPage":{"@id":"https:\/\/www.toutsurmesfinances.com\/argent\/a\/nathalie-arthaud-le-programme-de-lutte-ouvriere-pour-2017#primaryimage"},"image":{"@id":"https:\/\/www.toutsurmesfinances.com\/argent\/a\/nathalie-arthaud-le-programme-de-lutte-ouvriere-pour-2017#primaryimage"},"thumbnailUrl":"https:\/\/www.toutsurmesfinances.com\/argent\/wp-content\/uploads\/sites\/3\/2017\/03\/nathalie-arthaud.jpg","dateModified":"2017-04-20T15:11:48+00:00","description":"Avec son programme pour l\u2019\u00e9lection pr\u00e9sidentielle de 2017, Nathalie Arthaud verse au d\u00e9bat une vision de la soci\u00e9t\u00e9 r\u00e9solument anticapitaliste. Interdiction des licenciements, r\u00e9partition du travail entre tous, retraite \u00e0 60 ans, salaire et pension minimu","breadcrumb":{"@id":"https:\/\/www.toutsurmesfinances.com\/argent\/a\/nathalie-arthaud-le-programme-de-lutte-ouvriere-pour-2017#breadcrumb"},"inLanguage":"fr-FR","potentialAction":[{"@type":"ReadAction","target":["https:\/\/www.toutsurmesfinances.com\/argent\/a\/nathalie-arthaud-le-programme-de-lutte-ouvriere-pour-2017"]}]},{"@type":"ImageObject","inLanguage":"fr-FR","@id":"https:\/\/www.toutsurmesfinances.com\/argent\/a\/nathalie-arthaud-le-programme-de-lutte-ouvriere-pour-2017#primaryimage","url":"https:\/\/www.toutsurmesfinances.com\/argent\/wp-content\/uploads\/sites\/3\/2017\/03\/nathalie-arthaud.jpg","contentUrl":"https:\/\/www.toutsurmesfinances.com\/argent\/wp-content\/uploads\/sites\/3\/2017\/03\/nathalie-arthaud.jpg","width":823,"height":463,"caption":"Nathalie Arthaud lors d&#039;n meeting \u00e0 Nancy."},{"@type":"BreadcrumbList","@id":"https:\/\/www.toutsurmesfinances.com\/argent\/a\/nathalie-arthaud-le-programme-de-lutte-ouvriere-pour-2017#breadcrumb","itemListElement":[{"@type":"ListItem","position":1,"name":"Accueil","item":"https:\/\/www.toutsurmesfinances.com\/argent\/"},{"@type":"ListItem","position":2,"name":"Budget","item":"https:\/\/www.toutsurmesfinances.com\/argent\/c\/budget"},{"@type":"ListItem","position":3,"name":"Nathalie Arthaud : le programme de Lutte Ouvri\u00e8re pour 2017"}]},{"@type":"WebSite","@id":"https:\/\/www.toutsurmesfinances.com\/argent\/#website","url":"https:\/\/www.toutsurmesfinances.com\/argent\/","name":"Argent","description":"","publisher":{"@id":"https:\/\/www.toutsurmesfinances.com\/argent\/#organization"},"potentialAction":[{"@type":"SearchAction","target":{"@type":"EntryPoint","urlTemplate":"https:\/\/www.toutsurmesfinances.com\/argent\/?s={search_term_string}"},"query-input":{"@type":"PropertyValueSpecification","valueRequired":true,"valueName":"search_term_string"}}],"inLanguage":"fr-FR"},{"@type":"Organization","@id":"https:\/\/www.toutsurmesfinances.com\/argent\/#organization","name":"Tout Sur Mes Finances","url":"https:\/\/www.toutsurmesfinances.com\/argent\/","logo":{"@type":"ImageObject","inLanguage":"fr-FR","@id":"https:\/\/www.toutsurmesfinances.com\/argent\/#\/schema\/logo\/image\/","url":"https:\/\/www.toutsurmesfinances.com\/argent\/wp-content\/uploads\/sites\/3\/2021\/01\/favicon.png","contentUrl":"https:\/\/www.toutsurmesfinances.com\/argent\/wp-content\/uploads\/sites\/3\/2021\/01\/favicon.png","width":512,"height":512,"caption":"Tout Sur Mes Finances"},"image":{"@id":"https:\/\/www.toutsurmesfinances.com\/argent\/#\/schema\/logo\/image\/"},"sameAs":["https:\/\/x.com\/Toutsur"]},{"@type":"Person","@id":"https:\/\/www.toutsurmesfinances.com\/argent\/#\/schema\/person\/f3692b3163890cd1408bd0dc68a1b55a","name":"Olivier Brunet","image":{"@type":"ImageObject","inLanguage":"fr-FR","@id":"https:\/\/www.toutsurmesfinances.com\/argent\/#\/schema\/person\/image\/","url":"https:\/\/secure.gravatar.com\/avatar\/59a19214b7bb3163a27d873fa61f9a80?s=96&d=mm&r=g","contentUrl":"https:\/\/secure.gravatar.com\/avatar\/59a19214b7bb3163a27d873fa61f9a80?s=96&d=mm&r=g","caption":"Olivier Brunet"},"description":"Olivier Brunet est cofondateur de\u00a0ToutSurMesFinances.com\u00a0et r\u00e9dacteur en chef sp\u00e9cialis\u00e9 en placements et fiscalit\u00e9\u00a0des particuliers. Pr\u00e9sent\u00a0au sein du\u00a0m\u00e9dia\u00a0depuis sa cr\u00e9ation, il en est l\u2019un des piliers \u00e9ditoriaux. Il analyse les strat\u00e9gies d\u2019investissement,\u00a0suit\u00a0les \u00e9volutions fiscales et les\u00a0probl\u00e9matiques\u00a0patrimoniales\u00a0avec une vision long terme, forg\u00e9e par des ann\u00e9es de pratique et de suivi des march\u00e9s.\u00a0","sameAs":["https:\/\/www.toutsurmesfinances.com\/author\/olivier","https:\/\/www.linkedin.com\/in\/obrunet\/"]}]}},"_links":{"self":[{"href":"https:\/\/www.toutsurmesfinances.com\/argent\/wp-json\/wp\/v2\/posts\/1496","targetHints":{"allow":["GET"]}}],"collection":[{"href":"https:\/\/www.toutsurmesfinances.com\/argent\/wp-json\/wp\/v2\/posts"}],"about":[{"href":"https:\/\/www.toutsurmesfinances.com\/argent\/wp-json\/wp\/v2\/types\/post"}],"author":[{"embeddable":true,"href":"https:\/\/www.toutsurmesfinances.com\/argent\/wp-json\/wp\/v2\/users\/13709"}],"replies":[{"embeddable":true,"href":"https:\/\/www.toutsurmesfinances.com\/argent\/wp-json\/wp\/v2\/comments?post=1496"}],"version-history":[{"count":1,"href":"https:\/\/www.toutsurmesfinances.com\/argent\/wp-json\/wp\/v2\/posts\/1496\/revisions"}],"predecessor-version":[{"id":1721,"href":"https:\/\/www.toutsurmesfinances.com\/argent\/wp-json\/wp\/v2\/posts\/1496\/revisions\/1721"}],"wp:featuredmedia":[{"embeddable":true,"href":"https:\/\/www.toutsurmesfinances.com\/argent\/wp-json\/wp\/v2\/media\/1495"}],"wp:attachment":[{"href":"https:\/\/www.toutsurmesfinances.com\/argent\/wp-json\/wp\/v2\/media?parent=1496"}],"wp:term":[{"taxonomy":"category","embeddable":true,"href":"https:\/\/www.toutsurmesfinances.com\/argent\/wp-json\/wp\/v2\/categories?post=1496"},{"taxonomy":"post_tag","embeddable":true,"href":"https:\/\/www.toutsurmesfinances.com\/argent\/wp-json\/wp\/v2\/tags?post=1496"}],"curies":[{"name":"wp","href":"https:\/\/api.w.org\/{rel}","templated":true}]}}