{"id":1514,"date":"2017-03-24T17:02:18","date_gmt":"2017-03-24T16:02:18","guid":{"rendered":"https:\/\/www.toutsurmesfinances.com\/argent\/a\/francois-asselineau-le-programme-du-candidat-upr-a-l-election-presidentielle-2017"},"modified":"2017-04-12T17:12:33","modified_gmt":"2017-04-12T17:12:33","slug":"francois-asselineau-le-programme-du-candidat-upr-a-l-election-presidentielle-2017","status":"publish","type":"post","link":"https:\/\/www.toutsurmesfinances.com\/argent\/a\/francois-asselineau-le-programme-du-candidat-upr-a-l-election-presidentielle-2017","title":{"rendered":"Fran\u00e7ois Asselineau : le programme du candidat UPR \u00e0 l\u2019\u00e9lection pr\u00e9sidentielle 2017"},"content":{"rendered":"<br \/>\n<h2><span class=\"ez-toc-section\" id=\"Qui_est_Francois_Asselineau_et_quel_est_son_programme_pour_2017\"><\/span>Qui est Fran&ccedil;ois Asselineau et quel est son programme pour 2017<span class=\"ez-toc-section-end\"><\/span><\/h2>\n<p>Enarque, dipl&ocirc;m&eacute; d&rsquo;une grande &eacute;cole (HEC), haut-fonctionnaire &agrave; l&rsquo;Inspection g&eacute;n&eacute;rale des finances (IGF) et ancien conseiller dans des cabinets minist&eacute;riels sous les gouvernements Balladur et Jupp&eacute;, Fran&ccedil;ois Asselineau est candidat &agrave; l&rsquo;&eacute;lection pr&eacute;sidentielle 2017 en tant que repr&eacute;sentant de l&rsquo;UPR, petit parti de pr&egrave;s de 20.000 adh&eacute;rents qu&rsquo;il a fond&eacute; en mars 2007.<\/p>\n<p>Issu de la droite parlementaire, souverainiste mais <em>&laquo; pas extr&eacute;miste &raquo;<\/em> comme il le souligne souvent, Fran&ccedil;ois Asselineau a pr&eacute;sent&eacute; un projet qui fait le distinguo entre programme pr&eacute;sidentiel et programme l&eacute;gislatif. Positionnant sa campagne &eacute;lectorale sur le terrain r&eacute;galien, de <em>&laquo; l&rsquo;ind&eacute;pendance nationale &raquo; <\/em>et du Frexit (retrait de la France de l&rsquo;Union europ&eacute;enne), il juge que ses concurrents dans la course &agrave; l&rsquo;Elys&eacute;e ont tous un <em>&laquo; programme de premier ministre &raquo;.<\/em><\/p>\n<p>Les priorit&eacute;s de la<em> &laquo; seule nouvelle t&ecirc;te de l&rsquo;&eacute;lection pr&eacute;sidentielle &raquo;<\/em> (LCI, 24 mars 2017) comme il se d&eacute;crit parfois sont la sortie de la France de l&rsquo;UE, de l&rsquo;euro et de l&rsquo;Otan.<\/p>\n<p>Son projet <em>&laquo; s&rsquo;inspire &eacute;troitement du programme du Conseil national de la r&eacute;sistance de 1944 tout en l&rsquo;actualisant aux conditions de 2017 &raquo;<\/em>, comme il l&rsquo;a d&eacute;clar&eacute; lors de la pr&eacute;sentation de son programme au cours d&rsquo;un meeting &agrave; La Plaine Saint-Denis (91) le 14 mars 2017.<\/p>\n<p>Sur le plan &eacute;conomique, Fran&ccedil;ois Asselineau pr&eacute;voit, outre une nationalisation des grandes entreprises de service public, citant p&ecirc;le-m&ecirc;le EDF, GDF (qui s&rsquo;appelle d&eacute;sormais Engie suite &agrave; sa fusion avec Suez), France Telecom (devenu Orange), La Poste ou la SNCF (qui n&rsquo;ont pas &eacute;t&eacute; privatis&eacute;es), les mesures suivantes :<br \/>&#8211; augmentation du Smic net &agrave; 1.300 euros<br \/>&#8211; instauration de taxes sur certaines importations<br \/>&#8211; restauration du r&ocirc;le de la S&eacute;curit&eacute; sociale dans la prise en charge des frais de sant&eacute;<br \/>&#8211; fin de la libre-circulation des capitaux.<\/p>\n<p>On notera que son programme ne comporte aucune mesure fiscale en faveur des m&eacute;nages.<\/p>\n<p>Pour financer son projet, il compte b&eacute;n&eacute;ficier de 52,3 milliards d&rsquo;&eacute;conomies directes et indirectes par an li&eacute;es &agrave; la sortie de l&rsquo;UE et r&eacute;cup&eacute;rer <em>&laquo; 20 milliards d&rsquo;euros suppl&eacute;mentaires &raquo;<\/em> de la lutte contre la fraude fiscale des entreprises et des plus riches, gr&acirc;ce au r&eacute;tablissement d&rsquo;un contr&ocirc;le du mouvement de capitaux.<\/p>\n<p>Pour le pr&eacute;sident de l&rsquo;UPR, son programme n&rsquo;est <em>&laquo; ni de gauche, ni de droite, c&rsquo;est un programme fran&ccedil;ais &raquo;.<\/em><\/p>\n<h2><span class=\"ez-toc-section\" id=\"Revalorisation_du_Smic_de_13_a_1300_euros_nets\"><\/span>Revalorisation du Smic de 13% &agrave; 1.300 euros nets<span class=\"ez-toc-section-end\"><\/span><\/h2>\n<p>Fran&ccedil;ois Asselineau veut relancer la consommation des m&eacute;nages en proc&eacute;dant &agrave; une augmentation du Smic &agrave; 1.300 euros net par mois, ce qui repr&eacute;senterait une augmentation de 13% par rapport au <strong><a href=\"https:\/\/www.toutsurmesfinances.com\/argent\/a\/smic-brut-net-montants-taux-et-revalorisation\" target=\"_blank\">Smic net mensuel<\/a> <\/strong>en vigueur en 2017. L&rsquo;&eacute;narque estime que ce geste <em>&laquo; permettra une relance par une politique de la demande &raquo;<\/em>. Durant sa r&eacute;union publique du 14 mars 2017, il a tenu &agrave; pr&eacute;ciser que cette revalorisation serait une <em>&laquo; op&eacute;ration blanche pour les entreprises &raquo;<\/em>, puisqu&rsquo;il pr&eacute;voit une baisse des charges &laquo; &agrave; due concurrence &raquo; pour ne pas grever le co&ucirc;t du travail.<\/p>\n<p>L&rsquo;ancien directeur de cabinet de Charles Pasqua au conseil g&eacute;n&eacute;ral des Hauts-de-Seine (92) en a profit&eacute; pour fustiger la suppression de 500.000 postes de fonctionnaires pr&eacute;vue dans le programme de Fran&ccedil;ois Fillon, estimant qu&rsquo;une telle mesure entrainerait un <em>&laquo; effondrement de la consommation des m&eacute;nages &raquo;<\/em> et des recettes de TVA et d&rsquo;imp&ocirc;t sur le revenu induites pour l&rsquo;Etat.<\/p>\n<h2><span class=\"ez-toc-section\" id=\"Taxes_a_limportation_au_programme\"><\/span>Taxes &agrave; l&rsquo;importation au programme<span class=\"ez-toc-section-end\"><\/span><\/h2>\n<p>Fran&ccedil;ois Asselineau a l&rsquo;intention de cr&eacute;er une <em>&laquo; taxe verte &agrave; l&rsquo;importation &raquo;<\/em>, une taxe <em>&laquo; sociale environnementale sur les productions import&eacute;es ayant des standards &eacute;cologiques et sociaux de production plus faibles que nos exigences fran&ccedil;aises &raquo;.<\/em><\/p>\n<p>Par ailleurs, <em>&laquo; afin de prot&eacute;ger l&rsquo;agriculture familiale nationale &raquo;<\/em>, il veut mettre en place une taxe &agrave; l&rsquo;importation sur certains produits agricoles. Son niveau serait <em>&laquo; variable selon les productions &raquo;.<\/em> Il souhaite parall&egrave;lement <em>&laquo; garantir un revenu digne et stable aux agriculteurs en favorisant un prix juste &agrave; la vente des productions en r&eacute;glementant les marges &raquo;<\/em> et assurer pour les agriculteurs un <em>&laquo; prix minimum de viabilit&eacute; en-dessous duquel la grande distribution ne pourra pas descendre &raquo;<\/em>.<\/p>\n<h2><span class=\"ez-toc-section\" id=\"Une_Securite_sociale_au_centre_du_systeme_de_sante\"><\/span>Une S&eacute;curit&eacute; sociale au centre du syst&egrave;me de sant&eacute;<span class=\"ez-toc-section-end\"><\/span><\/h2>\n<p>Attach&eacute; &agrave; l&rsquo;h&eacute;ritage de la Lib&eacute;ration et &agrave; ses principes, Fran&ccedil;ois Asselineau veut <em>&laquo; d&eacute;fendre bec et ongles la S&eacute;curit&eacute; sociale &raquo;<\/em> et inscrire son principe dans la Constitution. Il entend ainsi<em> &laquo; r&eacute;affirmer solennellement le r&ocirc;le central de la S&eacute;curit&eacute; sociale pour assurer une justice sociale entre les citoyens fran&ccedil;ais, aux d&eacute;pens des assurances priv&eacute;es &raquo;<\/em>, sans affirmer clairement s&rsquo;il entendait supprimer ces derni&egrave;res.<\/p>\n<p><em>&laquo; Les fran&ccedil;ais ne sont pas des Anglo-saxons : les Fran&ccedil;ais ne veulent pas d&rsquo;une m&eacute;decine diff&eacute;rente pour les riches et les pauvres &raquo;<\/em>, clame-t-il, critiquant la <em>&laquo; marchandisation &raquo;<\/em> de la sant&eacute; et rappelant le principe originel de solidarit&eacute; pos&eacute; par le Conseil national de la r&eacute;sistance selon lequel <em>&laquo; chacun devait contribuer selon ses moyens et recevoir selon ses besoins &raquo;<\/em>.<\/p>\n<p>Plus concr&egrave;tement, il souhaite arr&ecirc;ter les d&eacute;remboursements de m&eacute;dicaments, bloquer les autorisations de commercialisation des mol&eacute;cules inefficaces et <em>&laquo; assurer un meilleur remboursement des frais de sant&eacute; pour tous les Fran&ccedil;ais, notamment, parce que ce n&rsquo;est pas un luxe, sur les soins oculaires et dentaires &raquo;.<\/p>\n<p><\/em><\/p>\n<p><strong>Lire le programme des autres candidats &agrave; l&rsquo;&eacute;lection pr&eacute;sidentielle 2017<\/strong><\/p>\n<p><strong>&gt; Nathalie Arthaud<\/strong><br \/><strong>&#8211; <a href=\"https:\/\/www.toutsurmesfinances.com\/argent\/a\/nathalie-arthaud-le-programme-de-lutte-ouvriere-pour-2017\" target=\"_blank\">Nathalie Arthaud : le programme de Lutte Ouvri&egrave;re pour 2017<\/a><\/strong><\/p>\n<p><strong>&gt; Philippe Poutou<\/strong><br \/><strong>&#8211; <a href=\"https:\/\/www.toutsurmesfinances.com\/argent\/a\/philippe-poutou-le-programme-anticapitaliste-du-npa-pour-2017\" target=\"_blank\">Philippe Poutou : le programme anticapitaliste du NPA pour 2017<\/a><\/strong><\/p>\n<p><strong><strong><strong>&gt; Jean-Luc M&eacute;lenchon<\/strong><br \/><strong>&#8211; <a href=\"https:\/\/www.toutsurmesfinances.com\/argent\/a\/presidentielle-2017-smic-retraites-fiscalite-le-programme-de-melenchon\" target=\"_blank\">Smic, retraites, fiscalit&eacute;&hellip; le programme de M&eacute;lenchon<\/a><\/strong><\/strong><\/strong><\/p>\n<p><strong><strong><strong>&gt; Beno&icirc;t Hamon<br \/>&#8211; <a href=\"https:\/\/www.toutsurmesfinances.com\/argent\/a\/revenu-universel-impots-retraite-le-programme-de-benoit-hamon-pour-2017\" target=\"_blank\">Revenu universel, Smic, retraites&hellip; le programme de Hamon<\/a><\/strong><\/strong><\/strong><\/p>\n<p><strong>&gt; Emmanuel Macron<\/strong><br \/><strong>&#8211; <a href=\"https:\/\/www.toutsurmesfinances.com\/argent\/a\/le-programme-d-emmanuel-macron-pour-2017\" target=\"_blank\">Pouvoir d&rsquo;achat, imp&ocirc;ts, S&eacute;curit&eacute; sociale&hellip; Le programme de Macron pour 2017<\/a><\/strong><\/p>\n<p><strong>&gt; Jean Lassalle<\/strong><br \/><strong>&#8211; <a href=\"https:\/\/www.toutsurmesfinances.com\/argent\/a\/jean-lassalle-2017-son-programme-social-fiscal-et-financier-pour-l-election-presidentielle\" target=\"_blank\">Jean Lassalle 2017 : son programme social, fiscal et financier pour l&rsquo;&eacute;lection pr&eacute;sidentielle<\/a><\/strong><\/p>\n<p><strong>&gt; Jacques Cheminade<\/strong><br \/><strong>&#8211; <a href=\"https:\/\/www.toutsurmesfinances.com\/argent\/a\/jacques-cheminade-son-programme-pour-l-election-presidentielle-2017\" target=\"_blank\">Jacques Cheminade : Smic, retraites, imp&ocirc;ts, son programme pour 2017<\/a><\/strong><\/p>\n<p><strong><strong>&gt; Fran&ccedil;ois Fillon<\/strong><br \/>&#8211; <a href=\"https:\/\/www.toutsurmesfinances.com\/argent\/a\/pouvoir-d-achat-le-programme-de-fillon-pour-2017\" target=\"_blank\">Pouvoir d&rsquo;achat : les propositions de Fillon pour 2017<\/a><\/strong><\/p>\n<p><strong>&gt; Nicolas Dupont-Aignan<\/strong><br \/><strong>&#8211; <a href=\"https:\/\/www.toutsurmesfinances.com\/argent\/a\/dupont-aignan-fiscalite-pouvoir-d-achat-retraite-son-programme-presidentiel-pour-2017\" target=\"_blank\">Dupont-Aignan : fiscalit&eacute;, pouvoir d&rsquo;achat, retraite, son programme pr&eacute;sidentiel pour 2017<\/a><\/strong><\/p>\n<p><strong>&gt; Marine Le Pen<br \/>&#8211; <a href=\"https:\/\/www.toutsurmesfinances.com\/argent\/a\/marine-le-pen-salaires-retraites-impots-le-programme-du-fn-pour-2017\" target=\"_blank\">Marine Le Pen : salaires, retraites, imp&ocirc;ts, le programme du FN pour 2017<br \/><\/a><\/strong><\/p>\n<p><strong>A lire &eacute;galement <br \/>&#8211; <a href=\"https:\/\/www.toutsurmesfinances.com\/argent\/a\/bilan-de-francois-hollande-l-impact-de-sa-politique-sur-le-budget-des-francais\" target=\"_blank\">Pouvoir d&rsquo;achat : budget des Fran&ccedil;ais, le bilan du quinquennat de Fran&ccedil;ois Hollande<\/a><\/strong><\/p>\n","protected":false},"excerpt":{"rendered":"<p>Si la sortie de l\u2019Union europ\u00e9enne et la souverainet\u00e9 de la France sont au c\u0153ur du projet politique de Fran\u00e7ois Asselineau, le candidat de l\u2019UPR (Union Populaire R\u00e9publicaine) \u00e0 l\u2019\u00e9lection pr\u00e9sidentielle 2017 pr\u00e9voit aussi des mesures en faveur du pouvoir d\u2019achat dans son programme l\u00e9gislatif.<\/p>\n","protected":false},"author":13709,"featured_media":1513,"comment_status":"closed","ping_status":"closed","sticky":false,"template":"","format":"standard","meta":{"footnotes":""},"categories":[30],"tags":[],"class_list":["post-1514","post","type-post","status-publish","format-standard","has-post-thumbnail","hentry","category-budget"],"acf":[],"yoast_head":"<!-- This site is optimized with the Yoast SEO plugin v24.9 - https:\/\/yoast.com\/wordpress\/plugins\/seo\/ -->\n<title>Programme 2017 Fran\u00e7ois Asselineau - UPR : Smic, Sant\u00e9, S\u00e9curit\u00e9 sociale\u2026<\/title>\n<meta name=\"description\" content=\"Si la sortie de l\u2019Union europ\u00e9enne et la souverainet\u00e9 de la France sont au c\u0153ur du projet politique de Fran\u00e7ois Asselineau, le candidat de l\u2019UPR (Union Populaire R\u00e9publicaine) \u00e0 l\u2019\u00e9lection pr\u00e9sidentielle 2017 pr\u00e9voit aussi des mesures en faveur du pouvoir\" \/>\n<meta name=\"robots\" content=\"index, follow, max-snippet:-1, max-image-preview:large, max-video-preview:-1\" \/>\n<link rel=\"canonical\" href=\"https:\/\/www.toutsurmesfinances.com\/argent\/a\/francois-asselineau-le-programme-du-candidat-upr-a-l-election-presidentielle-2017\" \/>\n<meta property=\"og:locale\" content=\"fr_FR\" \/>\n<meta property=\"og:type\" content=\"article\" \/>\n<meta property=\"og:title\" content=\"Programme 2017 Fran\u00e7ois Asselineau - UPR : Smic, Sant\u00e9, S\u00e9curit\u00e9 sociale\u2026\" \/>\n<meta property=\"og:description\" content=\"Si la sortie de l\u2019Union europ\u00e9enne et la souverainet\u00e9 de la France sont au c\u0153ur du projet politique de Fran\u00e7ois Asselineau, le candidat de l\u2019UPR (Union Populaire R\u00e9publicaine) \u00e0 l\u2019\u00e9lection pr\u00e9sidentielle 2017 pr\u00e9voit aussi des mesures en faveur du pouvoir\" \/>\n<meta property=\"og:url\" content=\"https:\/\/www.toutsurmesfinances.com\/argent\/a\/francois-asselineau-le-programme-du-candidat-upr-a-l-election-presidentielle-2017\" \/>\n<meta property=\"og:site_name\" content=\"Argent\" \/>\n<meta property=\"article:published_time\" content=\"2017-03-24T16:02:18+00:00\" \/>\n<meta property=\"article:modified_time\" content=\"2017-04-12T17:12:33+00:00\" \/>\n<meta property=\"og:image\" content=\"https:\/\/www.toutsurmesfinances.com\/argent\/wp-content\/uploads\/sites\/3\/2017\/03\/asselineau-2017.jpg\" \/>\n\t<meta property=\"og:image:width\" content=\"823\" \/>\n\t<meta property=\"og:image:height\" content=\"463\" \/>\n\t<meta property=\"og:image:type\" content=\"image\/jpeg\" \/>\n<meta name=\"author\" content=\"Olivier Brunet\" \/>\n<meta name=\"twitter:card\" content=\"summary_large_image\" \/>\n<meta name=\"twitter:creator\" content=\"@Toutsur\" \/>\n<meta name=\"twitter:site\" content=\"@Toutsur\" \/>\n<meta name=\"twitter:label1\" content=\"\u00c9crit par\" \/>\n\t<meta name=\"twitter:data1\" content=\"Olivier Brunet\" \/>\n\t<meta name=\"twitter:label2\" content=\"Dur\u00e9e de lecture estim\u00e9e\" \/>\n\t<meta name=\"twitter:data2\" content=\"7 minutes\" \/>\n<script type=\"application\/ld+json\" class=\"yoast-schema-graph\">{\"@context\":\"https:\/\/schema.org\",\"@graph\":[{\"@type\":\"Article\",\"@id\":\"https:\/\/www.toutsurmesfinances.com\/argent\/a\/francois-asselineau-le-programme-du-candidat-upr-a-l-election-presidentielle-2017#article\",\"isPartOf\":{\"@id\":\"https:\/\/www.toutsurmesfinances.com\/argent\/a\/francois-asselineau-le-programme-du-candidat-upr-a-l-election-presidentielle-2017\"},\"author\":{\"name\":\"Olivier Brunet\",\"@id\":\"https:\/\/www.toutsurmesfinances.com\/argent\/#\/schema\/person\/f3692b3163890cd1408bd0dc68a1b55a\"},\"headline\":\"Fran\u00e7ois Asselineau : le programme du candidat UPR \u00e0 l\u2019\u00e9lection pr\u00e9sidentielle 2017\",\"dateModified\":\"2017-04-12T17:12:33+00:00\",\"mainEntityOfPage\":{\"@id\":\"https:\/\/www.toutsurmesfinances.com\/argent\/a\/francois-asselineau-le-programme-du-candidat-upr-a-l-election-presidentielle-2017\"},\"wordCount\":1340,\"publisher\":{\"@id\":\"https:\/\/www.toutsurmesfinances.com\/argent\/#organization\"},\"image\":{\"@id\":\"https:\/\/www.toutsurmesfinances.com\/argent\/a\/francois-asselineau-le-programme-du-candidat-upr-a-l-election-presidentielle-2017#primaryimage\"},\"thumbnailUrl\":\"https:\/\/www.toutsurmesfinances.com\/argent\/wp-content\/uploads\/sites\/3\/2017\/03\/asselineau-2017.jpg\",\"articleSection\":[\"Budget\"],\"inLanguage\":\"fr-FR\"},{\"@type\":\"WebPage\",\"@id\":\"https:\/\/www.toutsurmesfinances.com\/argent\/a\/francois-asselineau-le-programme-du-candidat-upr-a-l-election-presidentielle-2017\",\"url\":\"https:\/\/www.toutsurmesfinances.com\/argent\/a\/francois-asselineau-le-programme-du-candidat-upr-a-l-election-presidentielle-2017\",\"name\":\"Programme 2017 Fran\u00e7ois Asselineau - UPR : Smic, Sant\u00e9, S\u00e9curit\u00e9 sociale\u2026\",\"isPartOf\":{\"@id\":\"https:\/\/www.toutsurmesfinances.com\/argent\/#website\"},\"primaryImageOfPage\":{\"@id\":\"https:\/\/www.toutsurmesfinances.com\/argent\/a\/francois-asselineau-le-programme-du-candidat-upr-a-l-election-presidentielle-2017#primaryimage\"},\"image\":{\"@id\":\"https:\/\/www.toutsurmesfinances.com\/argent\/a\/francois-asselineau-le-programme-du-candidat-upr-a-l-election-presidentielle-2017#primaryimage\"},\"thumbnailUrl\":\"https:\/\/www.toutsurmesfinances.com\/argent\/wp-content\/uploads\/sites\/3\/2017\/03\/asselineau-2017.jpg\",\"dateModified\":\"2017-04-12T17:12:33+00:00\",\"description\":\"Si la sortie de l\u2019Union europ\u00e9enne et la souverainet\u00e9 de la France sont au c\u0153ur du projet politique de Fran\u00e7ois Asselineau, le candidat de l\u2019UPR (Union Populaire R\u00e9publicaine) \u00e0 l\u2019\u00e9lection pr\u00e9sidentielle 2017 pr\u00e9voit aussi des mesures en faveur du pouvoir\",\"breadcrumb\":{\"@id\":\"https:\/\/www.toutsurmesfinances.com\/argent\/a\/francois-asselineau-le-programme-du-candidat-upr-a-l-election-presidentielle-2017#breadcrumb\"},\"inLanguage\":\"fr-FR\",\"potentialAction\":[{\"@type\":\"ReadAction\",\"target\":[\"https:\/\/www.toutsurmesfinances.com\/argent\/a\/francois-asselineau-le-programme-du-candidat-upr-a-l-election-presidentielle-2017\"]}]},{\"@type\":\"ImageObject\",\"inLanguage\":\"fr-FR\",\"@id\":\"https:\/\/www.toutsurmesfinances.com\/argent\/a\/francois-asselineau-le-programme-du-candidat-upr-a-l-election-presidentielle-2017#primaryimage\",\"url\":\"https:\/\/www.toutsurmesfinances.com\/argent\/wp-content\/uploads\/sites\/3\/2017\/03\/asselineau-2017.jpg\",\"contentUrl\":\"https:\/\/www.toutsurmesfinances.com\/argent\/wp-content\/uploads\/sites\/3\/2017\/03\/asselineau-2017.jpg\",\"width\":823,\"height\":463,\"caption\":\"Programme Fran\u00e7ois Asselineau UPR 2017\"},{\"@type\":\"BreadcrumbList\",\"@id\":\"https:\/\/www.toutsurmesfinances.com\/argent\/a\/francois-asselineau-le-programme-du-candidat-upr-a-l-election-presidentielle-2017#breadcrumb\",\"itemListElement\":[{\"@type\":\"ListItem\",\"position\":1,\"name\":\"Accueil\",\"item\":\"https:\/\/www.toutsurmesfinances.com\/argent\/\"},{\"@type\":\"ListItem\",\"position\":2,\"name\":\"Budget\",\"item\":\"https:\/\/www.toutsurmesfinances.com\/argent\/c\/budget\"},{\"@type\":\"ListItem\",\"position\":3,\"name\":\"Fran\u00e7ois Asselineau : le programme du candidat UPR \u00e0 l\u2019\u00e9lection pr\u00e9sidentielle 2017\"}]},{\"@type\":\"WebSite\",\"@id\":\"https:\/\/www.toutsurmesfinances.com\/argent\/#website\",\"url\":\"https:\/\/www.toutsurmesfinances.com\/argent\/\",\"name\":\"Argent\",\"description\":\"\",\"publisher\":{\"@id\":\"https:\/\/www.toutsurmesfinances.com\/argent\/#organization\"},\"potentialAction\":[{\"@type\":\"SearchAction\",\"target\":{\"@type\":\"EntryPoint\",\"urlTemplate\":\"https:\/\/www.toutsurmesfinances.com\/argent\/?s={search_term_string}\"},\"query-input\":{\"@type\":\"PropertyValueSpecification\",\"valueRequired\":true,\"valueName\":\"search_term_string\"}}],\"inLanguage\":\"fr-FR\"},{\"@type\":\"Organization\",\"@id\":\"https:\/\/www.toutsurmesfinances.com\/argent\/#organization\",\"name\":\"Tout Sur Mes Finances\",\"url\":\"https:\/\/www.toutsurmesfinances.com\/argent\/\",\"logo\":{\"@type\":\"ImageObject\",\"inLanguage\":\"fr-FR\",\"@id\":\"https:\/\/www.toutsurmesfinances.com\/argent\/#\/schema\/logo\/image\/\",\"url\":\"https:\/\/www.toutsurmesfinances.com\/argent\/wp-content\/uploads\/sites\/3\/2021\/01\/favicon.png\",\"contentUrl\":\"https:\/\/www.toutsurmesfinances.com\/argent\/wp-content\/uploads\/sites\/3\/2021\/01\/favicon.png\",\"width\":512,\"height\":512,\"caption\":\"Tout Sur Mes Finances\"},\"image\":{\"@id\":\"https:\/\/www.toutsurmesfinances.com\/argent\/#\/schema\/logo\/image\/\"},\"sameAs\":[\"https:\/\/x.com\/Toutsur\"]},{\"@type\":\"Person\",\"@id\":\"https:\/\/www.toutsurmesfinances.com\/argent\/#\/schema\/person\/f3692b3163890cd1408bd0dc68a1b55a\",\"name\":\"Olivier Brunet\",\"image\":{\"@type\":\"ImageObject\",\"inLanguage\":\"fr-FR\",\"@id\":\"https:\/\/www.toutsurmesfinances.com\/argent\/#\/schema\/person\/image\/\",\"url\":\"https:\/\/secure.gravatar.com\/avatar\/59a19214b7bb3163a27d873fa61f9a80?s=96&d=mm&r=g\",\"contentUrl\":\"https:\/\/secure.gravatar.com\/avatar\/59a19214b7bb3163a27d873fa61f9a80?s=96&d=mm&r=g\",\"caption\":\"Olivier Brunet\"},\"description\":\"Olivier Brunet est cofondateur de\u00a0ToutSurMesFinances.com\u00a0et r\u00e9dacteur en chef sp\u00e9cialis\u00e9 en placements et fiscalit\u00e9\u00a0des particuliers. Pr\u00e9sent\u00a0au sein du\u00a0m\u00e9dia\u00a0depuis sa cr\u00e9ation, il en est l\u2019un des piliers \u00e9ditoriaux. Il analyse les strat\u00e9gies d\u2019investissement,\u00a0suit\u00a0les \u00e9volutions fiscales et les\u00a0probl\u00e9matiques\u00a0patrimoniales\u00a0avec une vision long terme, forg\u00e9e par des ann\u00e9es de pratique et de suivi des march\u00e9s.\u00a0\",\"sameAs\":[\"https:\/\/www.toutsurmesfinances.com\/author\/olivier\",\"https:\/\/www.linkedin.com\/in\/obrunet\/\"]}]}<\/script>\n<!-- \/ Yoast SEO plugin. -->","yoast_head_json":{"title":"Programme 2017 Fran\u00e7ois Asselineau - UPR : Smic, Sant\u00e9, S\u00e9curit\u00e9 sociale\u2026","description":"Si la sortie de l\u2019Union europ\u00e9enne et la souverainet\u00e9 de la France sont au c\u0153ur du projet politique de Fran\u00e7ois Asselineau, le candidat de l\u2019UPR (Union Populaire R\u00e9publicaine) \u00e0 l\u2019\u00e9lection pr\u00e9sidentielle 2017 pr\u00e9voit aussi des mesures en faveur du pouvoir","robots":{"index":"index","follow":"follow","max-snippet":"max-snippet:-1","max-image-preview":"max-image-preview:large","max-video-preview":"max-video-preview:-1"},"canonical":"https:\/\/www.toutsurmesfinances.com\/argent\/a\/francois-asselineau-le-programme-du-candidat-upr-a-l-election-presidentielle-2017","og_locale":"fr_FR","og_type":"article","og_title":"Programme 2017 Fran\u00e7ois Asselineau - UPR : Smic, Sant\u00e9, S\u00e9curit\u00e9 sociale\u2026","og_description":"Si la sortie de l\u2019Union europ\u00e9enne et la souverainet\u00e9 de la France sont au c\u0153ur du projet politique de Fran\u00e7ois Asselineau, le candidat de l\u2019UPR (Union Populaire R\u00e9publicaine) \u00e0 l\u2019\u00e9lection pr\u00e9sidentielle 2017 pr\u00e9voit aussi des mesures en faveur du pouvoir","og_url":"https:\/\/www.toutsurmesfinances.com\/argent\/a\/francois-asselineau-le-programme-du-candidat-upr-a-l-election-presidentielle-2017","og_site_name":"Argent","article_published_time":"2017-03-24T16:02:18+00:00","article_modified_time":"2017-04-12T17:12:33+00:00","og_image":[{"width":823,"height":463,"url":"https:\/\/www.toutsurmesfinances.com\/argent\/wp-content\/uploads\/sites\/3\/2017\/03\/asselineau-2017.jpg","type":"image\/jpeg"}],"author":"Olivier Brunet","twitter_card":"summary_large_image","twitter_creator":"@Toutsur","twitter_site":"@Toutsur","twitter_misc":{"\u00c9crit par":"Olivier Brunet","Dur\u00e9e de lecture estim\u00e9e":"7 minutes"},"schema":{"@context":"https:\/\/schema.org","@graph":[{"@type":"Article","@id":"https:\/\/www.toutsurmesfinances.com\/argent\/a\/francois-asselineau-le-programme-du-candidat-upr-a-l-election-presidentielle-2017#article","isPartOf":{"@id":"https:\/\/www.toutsurmesfinances.com\/argent\/a\/francois-asselineau-le-programme-du-candidat-upr-a-l-election-presidentielle-2017"},"author":{"name":"Olivier Brunet","@id":"https:\/\/www.toutsurmesfinances.com\/argent\/#\/schema\/person\/f3692b3163890cd1408bd0dc68a1b55a"},"headline":"Fran\u00e7ois Asselineau : le programme du candidat UPR \u00e0 l\u2019\u00e9lection pr\u00e9sidentielle 2017","dateModified":"2017-04-12T17:12:33+00:00","mainEntityOfPage":{"@id":"https:\/\/www.toutsurmesfinances.com\/argent\/a\/francois-asselineau-le-programme-du-candidat-upr-a-l-election-presidentielle-2017"},"wordCount":1340,"publisher":{"@id":"https:\/\/www.toutsurmesfinances.com\/argent\/#organization"},"image":{"@id":"https:\/\/www.toutsurmesfinances.com\/argent\/a\/francois-asselineau-le-programme-du-candidat-upr-a-l-election-presidentielle-2017#primaryimage"},"thumbnailUrl":"https:\/\/www.toutsurmesfinances.com\/argent\/wp-content\/uploads\/sites\/3\/2017\/03\/asselineau-2017.jpg","articleSection":["Budget"],"inLanguage":"fr-FR"},{"@type":"WebPage","@id":"https:\/\/www.toutsurmesfinances.com\/argent\/a\/francois-asselineau-le-programme-du-candidat-upr-a-l-election-presidentielle-2017","url":"https:\/\/www.toutsurmesfinances.com\/argent\/a\/francois-asselineau-le-programme-du-candidat-upr-a-l-election-presidentielle-2017","name":"Programme 2017 Fran\u00e7ois Asselineau - UPR : Smic, Sant\u00e9, S\u00e9curit\u00e9 sociale\u2026","isPartOf":{"@id":"https:\/\/www.toutsurmesfinances.com\/argent\/#website"},"primaryImageOfPage":{"@id":"https:\/\/www.toutsurmesfinances.com\/argent\/a\/francois-asselineau-le-programme-du-candidat-upr-a-l-election-presidentielle-2017#primaryimage"},"image":{"@id":"https:\/\/www.toutsurmesfinances.com\/argent\/a\/francois-asselineau-le-programme-du-candidat-upr-a-l-election-presidentielle-2017#primaryimage"},"thumbnailUrl":"https:\/\/www.toutsurmesfinances.com\/argent\/wp-content\/uploads\/sites\/3\/2017\/03\/asselineau-2017.jpg","dateModified":"2017-04-12T17:12:33+00:00","description":"Si la sortie de l\u2019Union europ\u00e9enne et la souverainet\u00e9 de la France sont au c\u0153ur du projet politique de Fran\u00e7ois Asselineau, le candidat de l\u2019UPR (Union Populaire R\u00e9publicaine) \u00e0 l\u2019\u00e9lection pr\u00e9sidentielle 2017 pr\u00e9voit aussi des mesures en faveur du pouvoir","breadcrumb":{"@id":"https:\/\/www.toutsurmesfinances.com\/argent\/a\/francois-asselineau-le-programme-du-candidat-upr-a-l-election-presidentielle-2017#breadcrumb"},"inLanguage":"fr-FR","potentialAction":[{"@type":"ReadAction","target":["https:\/\/www.toutsurmesfinances.com\/argent\/a\/francois-asselineau-le-programme-du-candidat-upr-a-l-election-presidentielle-2017"]}]},{"@type":"ImageObject","inLanguage":"fr-FR","@id":"https:\/\/www.toutsurmesfinances.com\/argent\/a\/francois-asselineau-le-programme-du-candidat-upr-a-l-election-presidentielle-2017#primaryimage","url":"https:\/\/www.toutsurmesfinances.com\/argent\/wp-content\/uploads\/sites\/3\/2017\/03\/asselineau-2017.jpg","contentUrl":"https:\/\/www.toutsurmesfinances.com\/argent\/wp-content\/uploads\/sites\/3\/2017\/03\/asselineau-2017.jpg","width":823,"height":463,"caption":"Programme Fran\u00e7ois Asselineau UPR 2017"},{"@type":"BreadcrumbList","@id":"https:\/\/www.toutsurmesfinances.com\/argent\/a\/francois-asselineau-le-programme-du-candidat-upr-a-l-election-presidentielle-2017#breadcrumb","itemListElement":[{"@type":"ListItem","position":1,"name":"Accueil","item":"https:\/\/www.toutsurmesfinances.com\/argent\/"},{"@type":"ListItem","position":2,"name":"Budget","item":"https:\/\/www.toutsurmesfinances.com\/argent\/c\/budget"},{"@type":"ListItem","position":3,"name":"Fran\u00e7ois Asselineau : le programme du candidat UPR \u00e0 l\u2019\u00e9lection pr\u00e9sidentielle 2017"}]},{"@type":"WebSite","@id":"https:\/\/www.toutsurmesfinances.com\/argent\/#website","url":"https:\/\/www.toutsurmesfinances.com\/argent\/","name":"Argent","description":"","publisher":{"@id":"https:\/\/www.toutsurmesfinances.com\/argent\/#organization"},"potentialAction":[{"@type":"SearchAction","target":{"@type":"EntryPoint","urlTemplate":"https:\/\/www.toutsurmesfinances.com\/argent\/?s={search_term_string}"},"query-input":{"@type":"PropertyValueSpecification","valueRequired":true,"valueName":"search_term_string"}}],"inLanguage":"fr-FR"},{"@type":"Organization","@id":"https:\/\/www.toutsurmesfinances.com\/argent\/#organization","name":"Tout Sur Mes Finances","url":"https:\/\/www.toutsurmesfinances.com\/argent\/","logo":{"@type":"ImageObject","inLanguage":"fr-FR","@id":"https:\/\/www.toutsurmesfinances.com\/argent\/#\/schema\/logo\/image\/","url":"https:\/\/www.toutsurmesfinances.com\/argent\/wp-content\/uploads\/sites\/3\/2021\/01\/favicon.png","contentUrl":"https:\/\/www.toutsurmesfinances.com\/argent\/wp-content\/uploads\/sites\/3\/2021\/01\/favicon.png","width":512,"height":512,"caption":"Tout Sur Mes Finances"},"image":{"@id":"https:\/\/www.toutsurmesfinances.com\/argent\/#\/schema\/logo\/image\/"},"sameAs":["https:\/\/x.com\/Toutsur"]},{"@type":"Person","@id":"https:\/\/www.toutsurmesfinances.com\/argent\/#\/schema\/person\/f3692b3163890cd1408bd0dc68a1b55a","name":"Olivier Brunet","image":{"@type":"ImageObject","inLanguage":"fr-FR","@id":"https:\/\/www.toutsurmesfinances.com\/argent\/#\/schema\/person\/image\/","url":"https:\/\/secure.gravatar.com\/avatar\/59a19214b7bb3163a27d873fa61f9a80?s=96&d=mm&r=g","contentUrl":"https:\/\/secure.gravatar.com\/avatar\/59a19214b7bb3163a27d873fa61f9a80?s=96&d=mm&r=g","caption":"Olivier Brunet"},"description":"Olivier Brunet est cofondateur de\u00a0ToutSurMesFinances.com\u00a0et r\u00e9dacteur en chef sp\u00e9cialis\u00e9 en placements et fiscalit\u00e9\u00a0des particuliers. Pr\u00e9sent\u00a0au sein du\u00a0m\u00e9dia\u00a0depuis sa cr\u00e9ation, il en est l\u2019un des piliers \u00e9ditoriaux. Il analyse les strat\u00e9gies d\u2019investissement,\u00a0suit\u00a0les \u00e9volutions fiscales et les\u00a0probl\u00e9matiques\u00a0patrimoniales\u00a0avec une vision long terme, forg\u00e9e par des ann\u00e9es de pratique et de suivi des march\u00e9s.\u00a0","sameAs":["https:\/\/www.toutsurmesfinances.com\/author\/olivier","https:\/\/www.linkedin.com\/in\/obrunet\/"]}]}},"_links":{"self":[{"href":"https:\/\/www.toutsurmesfinances.com\/argent\/wp-json\/wp\/v2\/posts\/1514","targetHints":{"allow":["GET"]}}],"collection":[{"href":"https:\/\/www.toutsurmesfinances.com\/argent\/wp-json\/wp\/v2\/posts"}],"about":[{"href":"https:\/\/www.toutsurmesfinances.com\/argent\/wp-json\/wp\/v2\/types\/post"}],"author":[{"embeddable":true,"href":"https:\/\/www.toutsurmesfinances.com\/argent\/wp-json\/wp\/v2\/users\/13709"}],"replies":[{"embeddable":true,"href":"https:\/\/www.toutsurmesfinances.com\/argent\/wp-json\/wp\/v2\/comments?post=1514"}],"version-history":[{"count":1,"href":"https:\/\/www.toutsurmesfinances.com\/argent\/wp-json\/wp\/v2\/posts\/1514\/revisions"}],"predecessor-version":[{"id":1722,"href":"https:\/\/www.toutsurmesfinances.com\/argent\/wp-json\/wp\/v2\/posts\/1514\/revisions\/1722"}],"wp:featuredmedia":[{"embeddable":true,"href":"https:\/\/www.toutsurmesfinances.com\/argent\/wp-json\/wp\/v2\/media\/1513"}],"wp:attachment":[{"href":"https:\/\/www.toutsurmesfinances.com\/argent\/wp-json\/wp\/v2\/media?parent=1514"}],"wp:term":[{"taxonomy":"category","embeddable":true,"href":"https:\/\/www.toutsurmesfinances.com\/argent\/wp-json\/wp\/v2\/categories?post=1514"},{"taxonomy":"post_tag","embeddable":true,"href":"https:\/\/www.toutsurmesfinances.com\/argent\/wp-json\/wp\/v2\/tags?post=1514"}],"curies":[{"name":"wp","href":"https:\/\/api.w.org\/{rel}","templated":true}]}}