{"id":1528,"date":"2017-04-12T16:50:13","date_gmt":"2017-04-12T14:50:13","guid":{"rendered":"https:\/\/www.toutsurmesfinances.com\/argent\/a\/jean-lassalle-2017-son-programme-social-fiscal-et-financier-pour-l-election-presidentielle"},"modified":"2018-07-19T15:23:25","modified_gmt":"2018-07-19T15:23:25","slug":"jean-lassalle-2017-son-programme-social-fiscal-et-financier-pour-l-election-presidentielle","status":"publish","type":"post","link":"https:\/\/www.toutsurmesfinances.com\/argent\/a\/jean-lassalle-2017-son-programme-social-fiscal-et-financier-pour-l-election-presidentielle","title":{"rendered":"Jean Lassalle 2017 : son programme social, fiscal et financier pour l\u2019\u00e9lection pr\u00e9sidentielle"},"content":{"rendered":"<br \/>\n<h2><span class=\"ez-toc-section\" id=\"Jean_Lassalle_son_programme_pour_2017_en_bref\"><\/span>Jean Lassalle : son programme pour 2017, en bref<span class=\"ez-toc-section-end\"><\/span><\/h2>\n<p>Jean Lassalle est assur\u00e9ment le candidat le plus hors normes de l&rsquo;\u00e9lection pr\u00e9sidentielle de 2017, et pas seulement sur la forme (son accent b\u00e9arnais, sa taille, son m\u00e9tier &#8211; il est le seul agriculteur de profession parmi les onze candidats &#8211; ou ses initiatives m\u00e9diatiques comme sa gr\u00e8ve de la faim en 2006 ou sa marche de 5.000 km en 2013). Le d\u00e9put\u00e9-maire centriste &#8211; il fut vice-pr\u00e9sident du Modem, le parti de Fran\u00e7ois Bayrou &#8211; incarne une ligne politique ni \u00e0 gauche, ni \u00e0 droite, voulant restaurer le pouvoir de l&rsquo;Etat et de la commune, sans \u00eatre dirigiste sur le plan \u00e9conomique.<\/p>\n<p>Son projet politique, dont l&rsquo;un des principaux objectifs est de combattre la finance sp\u00e9culative et la fraude fiscale, a une teinte particuli\u00e8rement sociale. \u00ab Mon ambition n\u2019est pas de lutter contre la finance, mais d\u2019abattre la finance sp\u00e9culative au profit de l\u2019\u00e9conomie r\u00e9elle et du travail \u00bb, clame le pr\u00e9sident-fondateur du micro-parti R\u00e9sistons ! en pr\u00e9ambule de son programme, pr\u00e9sent\u00e9 le 3 avril 2017, apr\u00e8s tous ses autres rivaux dans la course \u00e0 l&rsquo;Elys\u00e9e.<\/p>\n<p>Pour le pouvoir d&rsquo;achat des Fran\u00e7ais, on peut retenir le deux grandes axes suivants :<br \/>&#8211; Redistribution d&rsquo;un tiers des sommes r\u00e9cup\u00e9r\u00e9es sur l&rsquo;\u00e9vasion fiscale au travers d&rsquo;une baisse d&rsquo;imp\u00f4t de 13,33 milliards d&rsquo;euros<br \/>&#8211; Elaboration d&rsquo;un \u00ab nouveau contrat social \u00bb pr\u00e9voyant la cr\u00e9ation d&rsquo;allocations nouvelles et la majoration de certaines aides financi\u00e8res pour 29 milliards d&rsquo;euros<\/p>\n<h2><span class=\"ez-toc-section\" id=\"Programme_de_lutte_contre_la_finance_speculative\"><\/span>Programme de lutte contre la finance sp\u00e9culative<span class=\"ez-toc-section-end\"><\/span><\/h2>\n<p>D\u00e9non\u00e7ant \u00e0 chacune de ses interventions ce qu&rsquo;il nomme <em>\u00ab l&rsquo;oppression financi\u00e8re \u00bb<\/em>, Jean Lassalle propose plusieurs mesures susceptibles de concerner les m\u00e9nages :<br \/>&#8211; Instaurer une taxe sur les transactions financi\u00e8res au taux de 0,02%, sans pr\u00e9cision sur son champ d&rsquo;application. L&rsquo;id\u00e9e du d\u00e9put\u00e9 des Pyr\u00e9n\u00e9es-Atlantiques semble \u00eatre celle d&rsquo;une taxation <em>\u00ab minime \u00bb<\/em> sur une base large, inspir\u00e9e de la taxe Tobin.<br \/>&#8211; Permettre aux particuliers (comme aux entreprises) d&rsquo;ouvrir un compte de d\u00e9p\u00f4t aupr\u00e8s du Tr\u00e9sor Public constituant un <em>\u00ab pr\u00eat sans int\u00e9r\u00eat ni terme \u00e0 l&rsquo;\u00c9tat \u00bb<\/em><br \/>&#8211; <em>\u00ab Imposer la restitution aux assur\u00e9s des exc\u00e9dents que leur doivent les compagnies d&rsquo;assurances \u00bb<\/em>, sans pr\u00e9cision sur la nature des exc\u00e9dents en question<br \/>&#8211; Renforcer la lutte contre la fraude fiscale via des recrutements au contr\u00f4le des imp\u00f4ts et au Parquet financier.<\/p>\n<h2><span class=\"ez-toc-section\" id=\"Encadrement_du_capitalisme\"><\/span>Encadrement du capitalisme<span class=\"ez-toc-section-end\"><\/span><\/h2>\n<p>Dans le m\u00eame esprit, Jean Lassalle veut favoriser le r\u00e9\u00e9quilibrage du pouvoir dans l&rsquo;entreprise en favorisant le r\u00f4le des salari\u00e9s et en limitant le poids des actionnaires, en particulier pour les soci\u00e9t\u00e9s cot\u00e9es en Bourse.<\/p>\n<p>Sont ainsi pr\u00e9vus dans son programme :<br \/>&#8211; l&rsquo;instauration de la parit\u00e9 salari\u00e9s-actionnaires dans les comit\u00e9s des r\u00e9mun\u00e9rations<br \/>&#8211; la suppression du r\u00e9gime des actions aux porteurs pour les soci\u00e9t\u00e9s cot\u00e9es, qui ne leur permet pas de conna\u00eetre l&rsquo;identit\u00e9 de leurs actionnaires. Jean Lassalle veut imposer un r\u00e9gime de d\u00e9tention enti\u00e8rement nominatif.<br \/>&#8211; la limitation du vote en assembl\u00e9e g\u00e9n\u00e9rale des actionnaires de soci\u00e9t\u00e9s anonymes, en r\u00e9servant ce droit aux d\u00e9tenteurs depuis au moins un an (sauf en cas de contr\u00f4le majoritaire du capital)<br \/>&#8211; l&rsquo;interdiction, \u00e0 l&rsquo;\u00e9chelle de l&rsquo;Europe que <em>\u00ab l\u2019essentiel des revenus d\u2019un dirigeant soit li\u00e9 \u00e0 l\u2019\u00e9volution de court terme d&rsquo;actions de sa soci\u00e9t\u00e9 \u00bb<\/em><br \/>&#8211; la mise en \u0153uvre d&rsquo;un plan de soutien aux entreprises familiales. Il est question, sans plus de pr\u00e9cision, de cr\u00e9er des <em>\u00ab instruments fiscaux afin de pr\u00e9server l&rsquo;outil de production et de r\u00e9sister aux sir\u00e8nes court-termistes des financiers (sic) \u00bb<\/em>.<\/p>\n<h2><span class=\"ez-toc-section\" id=\"Pouvoir_dachat_hausse_du_Smic_net_et_des_heures_supplementaires\"><\/span>Pouvoir d&rsquo;achat : hausse du Smic net et des heures suppl\u00e9mentaires<span class=\"ez-toc-section-end\"><\/span><\/h2>\n<p>Jean Lassalle veut valoriser le travail. Dans son projet, plusieurs propositions vont dans ce sens :<\/p>\n<p>&#8211; Augmentation du <strong><a href=\"https:\/\/www.toutsurmesfinances.com\/argent\/a\/smic-brut-net-montants-taux-et-revalorisation\" target=\"_blank\">Smic net<\/a><\/strong> gr\u00e2ce \u00e0 une baisse des cotisations sur les bas salaires de 2 milliards d&rsquo;euros<br \/>&#8211; Fixation du taux minimum de majoration des heures suppl\u00e9mentaires \u00e0 25 ou 50%, contre 10% actuellement<br \/>&#8211; Incitation \u00e0 l&rsquo;\u00e9pargne salariale. L&rsquo;\u00e9lu centriste veut favoriser les accords de<strong> <a href=\"https:\/\/www.toutsurmesfinances.com\/placements\/participation-des-salaries-aux-benefices-definition-calcul-deblocage-fiscalite.html\" target=\"_blank\">participation des salari\u00e9s aux b\u00e9n\u00e9fices<\/a><\/strong>, sans pr\u00e9ciser de quelle mani\u00e8re.<\/p>\n<p>Par ailleurs, Jean Lassalle veut augmenter le minimum vieillesse de 200 euros par mois et permettre aux locataires du parc priv\u00e9 de logements de sous-louer des chambres, \u00e0 condition de le d\u00e9clarer (il ne pr\u00e9cise pas s&rsquo;il s&rsquo;agit d&rsquo;une <strong><a href=\"https:\/\/www.toutsurmesfinances.com\/impots\/impot-sur-le-revenu-la-declaration-etape-par-etape.html\" target=\"_blank\">d\u00e9claration fiscale<\/a><\/strong> ou administrative).<\/p>\n<h2><span class=\"ez-toc-section\" id=\"Baisse_dimpots_et_fiscalite_ecologique_au_programme\"><\/span>Baisse d&rsquo;imp\u00f4ts et fiscalit\u00e9 \u00e9cologique au programme<span class=\"ez-toc-section-end\"><\/span><\/h2>\n<p>Gr\u00e2ce \u00e0 son plan de lutte contre la fraude et l&rsquo;\u00e9vasion fiscales, Jean Lassalle pr\u00e9voit d\u2019en rendre \u00ab un tiers \u00e0 l\u2019ensemble des contribuables \u00bb, soit plus de 13 milliards d&rsquo;euros, en proc\u00e9dant \u00e0 une baisse <em>\u00ab des taux d\u2019imposition \u00bb<\/em>, en omettant de pr\u00e9ciser de quel imp\u00f4t il s&rsquo;agit. Cet all\u00e8gement de la pression fiscale des m\u00e9nages concernerait <em>\u00ab en premier lieu pour les classes moyennes et les familles \u00bb<\/em>, ce qui laisse supposer une diminution d&rsquo;imp\u00f4t sur le revenu (conjecture de l&rsquo;auteur, NDLR).<\/p>\n<p>Par ailleurs, le maire de Lourdios-Ich\u00e8re (sa ville de naissance et de r\u00e9sidence) propose de renforcer la fiscalit\u00e9 \u00e9cologique via deux mesures :<br \/>&#8211; l&rsquo;application d&rsquo;une taxe carbone sp\u00e9cifique au k\u00e9ros\u00e8ne<br \/>&#8211; la r\u00e9duction de l&rsquo;\u00e9cart de fiscalit\u00e9 entre les carburants essence et diesel en concertation avec les pays limitrophes.<\/p>\n<h2><span class=\"ez-toc-section\" id=\"Retraites_fin_du_calcul_par_trimestres\"><\/span>Retraites : fin du calcul par trimestres<span class=\"ez-toc-section-end\"><\/span><\/h2>\n<p>Jean Lassalle, qui aura 62 ans (<strong><a href=\"https:\/\/www.toutsurmesfinances.com\/retraite\/age-de-depart-a-la-retraite-quand-partir.html\" target=\"_blank\">l&rsquo;\u00e2ge l\u00e9gal de d\u00e9part en retraite<\/a><\/strong>) le 3 mai 2017, propose de mettre un terme aux r\u00e9gimes sp\u00e9ciaux de retraite (SNCF, RATP, etc.), Cette abolition concernerait aussi le r\u00e9gime des parlementaires.<\/p>\n<p>Par ailleurs, il met sur la table un nouveau mode de calcul des droits \u00e0 la retraite, en rupture avec le syst\u00e8me actuel : il veut ainsi tenir compte de la dur\u00e9e travaill\u00e9e, et non plus raisonner en trimestres de cotisation.<\/p>\n<p>De fa\u00e7on plus \u00e9nigmatique, il sugg\u00e8re de ne plus inciter <em>\u00ab au d\u00e9part une fois atteint l&rsquo;\u00e2ge de la retraite \u00bb<\/em>.<\/p>\n<h2><span class=\"ez-toc-section\" id=\"Securite_sociale_les_mesures_de_son_%C2%AB_nouveau_contrat_social_%C2%BB\"><\/span>S\u00e9curit\u00e9 sociale : les mesures de son \u00ab nouveau contrat social \u00bb<span class=\"ez-toc-section-end\"><\/span><\/h2>\n<p>La refondation de la protection sociale est au c\u0153ur de son programme. Le p\u00e8re du rugbyman professionnel Thibault Lassalle veut lancer ce chantier dans le cadre d&rsquo;un conseil national r\u00e9unissant <em>\u00ab toutes les forces politiques et sociales \u00bb<\/em> du pays.<\/p>\n<p>Les principales mesures qu&rsquo;il souhaite voir appliquer \u00e0 ce titre sont les suivantes :<\/p>\n<p>&#8211; Cr\u00e9ation d&rsquo;une allocation d&rsquo;autonomie pour les jeunes de 17-25 ans en formation. Il se d\u00e9clare favorable au principe d&rsquo;un revenu minimum garanti, ou <a href=\"https:\/\/www.toutsurmesfinances.com\/argent\/a\/revenu-universel-definition-montants-et-propositions\" target=\"_blank\">revenu universel<\/a>.<br \/>&#8211; Remboursement \u00e0 100% de toutes les d\u00e9penses de sant\u00e9 par la S\u00e9curit\u00e9 sociale et nationalisation de l&rsquo;Assurance maladie<br \/>&#8211; Cr\u00e9ation d&rsquo;un compte unique des aides sociales dont le versement serait confi\u00e9 \u00e0 la Caf<br \/>&#8211; Revalorisation de l&rsquo;<strong><a href=\"https:\/\/www.toutsurmesfinances.com\/retraite\/tout-savoir-sur-l-allocation-personnalisee-d-autonomie-apa.html\" target=\"_blank\">APA (allocation personnalis\u00e9e d&rsquo;autonomie)<\/a><\/strong> pour les personnes \u00e2g\u00e9es<br \/>&#8211; Versement des allocations familiales d\u00e8s le premier enfant, comme le propose Beno\u00eet Hamon, le candidat PS<br \/>&#8211; Instauration d&rsquo;un montant minimum d&rsquo;<strong><a href=\"https:\/\/www.toutsurmesfinances.com\/argent\/a\/aah-conditions-et-plafonds-montant-versement-et-demarches\" target=\"_blank\">AAH (allocation adulte handicap\u00e9)<\/a><\/strong> ind\u00e9pendamment du niveau de revenus du conjoint<br \/>&#8211; Suppression de la limite d&rsquo;\u00e2ge pour l&rsquo;ouverture du droit \u00e0 la prestation de compensation du handicap (PCH). Actuellement, la premi\u00e8re demande doit s&rsquo;effectuer avant 60 ans, sauf cas particuliers.<\/p>\n<p><strong>Lire le programme des autres candidats \u00e0 l&rsquo;\u00e9lection pr\u00e9sidentielle 2017<\/strong><\/p>\n<p><strong>&gt; Nathalie Arthaud<\/strong><br \/><strong>&#8211; <a href=\"https:\/\/www.toutsurmesfinances.com\/argent\/a\/nathalie-arthaud-le-programme-de-lutte-ouvriere-pour-2017\" target=\"_blank\">Nathalie Arthaud : le programme de Lutte Ouvri\u00e8re pour 2017<\/a><\/strong><\/p>\n<p><strong>&gt; Philippe Poutou<\/strong><br \/><strong>&#8211; <a href=\"https:\/\/www.toutsurmesfinances.com\/argent\/a\/philippe-poutou-le-programme-anticapitaliste-du-npa-pour-2017\" target=\"_blank\">Philippe Poutou : le programme anticapitaliste du NPA pour 2017<\/a><\/strong><\/p>\n<p><strong><strong><strong>&gt; Jean-Luc M\u00e9lenchon<\/strong><br \/><strong>&#8211; <a href=\"https:\/\/www.toutsurmesfinances.com\/argent\/a\/presidentielle-2017-smic-retraites-fiscalite-le-programme-de-melenchon\" target=\"_blank\">Smic, retraites, fiscalit\u00e9\u2026 le programme de M\u00e9lenchon<\/a><\/strong><\/strong><\/strong><\/p>\n<p><strong><strong><strong>&gt; Beno\u00eet Hamon<br \/>&#8211; <a href=\"https:\/\/www.toutsurmesfinances.com\/argent\/a\/revenu-universel-impots-retraite-le-programme-de-benoit-hamon-pour-2017\" target=\"_blank\">Revenu universel, Smic, retraites\u2026 le programme de Hamon<\/a><\/strong><\/strong><\/strong><\/p>\n<p><strong>&gt; Emmanuel Macron<\/strong><br \/><strong>&#8211; <a href=\"https:\/\/www.toutsurmesfinances.com\/argent\/a\/le-programme-d-emmanuel-macron-pour-2017\" target=\"_blank\">Pouvoir d\u2019achat, imp\u00f4ts, S\u00e9curit\u00e9 sociale\u2026 Le programme de Macron pour 2017<\/a><\/strong><\/p>\n<p><strong>&gt; Jacques Cheminade<\/strong><br \/><strong>&#8211; <a href=\"https:\/\/www.toutsurmesfinances.com\/argent\/a\/jacques-cheminade-son-programme-pour-l-election-presidentielle-2017\" target=\"_blank\">Jacques Cheminade : Smic, retraites, imp\u00f4ts, son programme pour 2017<\/a><\/strong><\/p>\n<p><strong><strong>&gt; Fran\u00e7ois Fillon<\/strong><br \/>&#8211; <a href=\"https:\/\/www.toutsurmesfinances.com\/argent\/a\/pouvoir-d-achat-le-programme-de-fillon-pour-2017\" target=\"_blank\">Pouvoir d\u2019achat : les propositions de Fillon pour 2017<\/a><\/strong><\/p>\n<p><strong>&gt; Fran\u00e7ois Asselineau<\/strong><br \/><strong>&#8211; <a href=\"https:\/\/www.toutsurmesfinances.com\/argent\/a\/francois-asselineau-le-programme-du-candidat-upr-a-l-election-presidentielle-2017\" target=\"_blank\">Fran\u00e7ois Asselineau : le programme du candidat UPR \u00e0 l\u2019\u00e9lection pr\u00e9sidentielle 2017<\/a><\/strong><\/p>\n<p><strong>&gt; Nicolas Dupont-Aignan<\/strong><br \/><strong>&#8211; <a href=\"https:\/\/www.toutsurmesfinances.com\/argent\/a\/dupont-aignan-fiscalite-pouvoir-d-achat-retraite-son-programme-presidentiel-pour-2017\" target=\"_blank\">Dupont-Aignan : fiscalit\u00e9, pouvoir d\u2019achat, retraite, son programme pr\u00e9sidentiel pour 2017<\/a><\/strong><\/p>\n<p><strong>&gt; Marine Le Pen<br \/>&#8211; <a href=\"https:\/\/www.toutsurmesfinances.com\/argent\/a\/marine-le-pen-salaires-retraites-impots-le-programme-du-fn-pour-2017\" target=\"_blank\">Marine Le Pen : salaires, retraites, imp\u00f4ts, le programme du FN pour 2017<br \/><\/a><\/strong><\/p>\n<p><strong>A lire aussi<br \/>&#8211; <a href=\"https:\/\/www.toutsurmesfinances.com\/argent\/a\/bilan-de-francois-hollande-l-impact-de-sa-politique-sur-le-budget-des-francais\" target=\"_blank\">Pouvoir d&rsquo;achat : le bilan du futur-ex-pr\u00e9sident Fran\u00e7ois Hollande<\/a><\/strong><\/p>\n","protected":false},"excerpt":{"rendered":"<p>Ni \u00e0 gauche, ni \u00e0 droite, le programme politique de Jean Lassalle conjugue deux priorit\u00e9s, la lutte contre la finance sp\u00e9culative et la cr\u00e9ation de nouveaux droits sociaux. Le candidat du parti R\u00e9sistons ! \u00e0 l&rsquo;\u00e9lection pr\u00e9sidentielle de 2017 veut aussi redistribuer des richesses, sous la forme d&rsquo;une baisse d&rsquo;imp\u00f4t massive en faveur des m\u00e9nages.<\/p>\n","protected":false},"author":13709,"featured_media":1527,"comment_status":"closed","ping_status":"closed","sticky":false,"template":"","format":"standard","meta":{"footnotes":""},"categories":[30],"tags":[],"class_list":["post-1528","post","type-post","status-publish","format-standard","has-post-thumbnail","hentry","category-budget"],"acf":[],"yoast_head":"<!-- This site is optimized with the Yoast SEO plugin v24.9 - https:\/\/yoast.com\/wordpress\/plugins\/seo\/ -->\n<title>Programme Jean Lassalle 2017 : finance, imp\u00f4ts, retraite, S\u00e9curit\u00e9 sociale<\/title>\n<meta name=\"description\" content=\"Ni \u00e0 gauche, ni \u00e0 droite, le programme politique de Jean Lassalle conjugue deux priorit\u00e9s, la lutte contre la finance sp\u00e9culative et la cr\u00e9ation de nouveaux droits sociaux. Le candidat du parti R\u00e9sistons ! \u00e0 l&#039;\u00e9lection pr\u00e9sidentielle de 2017 veut aussi re\" \/>\n<meta name=\"robots\" content=\"index, follow, max-snippet:-1, max-image-preview:large, max-video-preview:-1\" \/>\n<link rel=\"canonical\" href=\"https:\/\/www.toutsurmesfinances.com\/argent\/a\/jean-lassalle-2017-son-programme-social-fiscal-et-financier-pour-l-election-presidentielle\" \/>\n<meta property=\"og:locale\" content=\"fr_FR\" \/>\n<meta property=\"og:type\" content=\"article\" \/>\n<meta property=\"og:title\" content=\"Programme Jean Lassalle 2017 : finance, imp\u00f4ts, retraite, S\u00e9curit\u00e9 sociale\" \/>\n<meta property=\"og:description\" content=\"Ni \u00e0 gauche, ni \u00e0 droite, le programme politique de Jean Lassalle conjugue deux priorit\u00e9s, la lutte contre la finance sp\u00e9culative et la cr\u00e9ation de nouveaux droits sociaux. Le candidat du parti R\u00e9sistons ! \u00e0 l&#039;\u00e9lection pr\u00e9sidentielle de 2017 veut aussi re\" \/>\n<meta property=\"og:url\" content=\"https:\/\/www.toutsurmesfinances.com\/argent\/a\/jean-lassalle-2017-son-programme-social-fiscal-et-financier-pour-l-election-presidentielle\" \/>\n<meta property=\"og:site_name\" content=\"Argent\" \/>\n<meta property=\"article:published_time\" content=\"2017-04-12T14:50:13+00:00\" \/>\n<meta property=\"article:modified_time\" content=\"2018-07-19T15:23:25+00:00\" \/>\n<meta property=\"og:image\" content=\"https:\/\/www.toutsurmesfinances.com\/argent\/wp-content\/uploads\/sites\/3\/2017\/04\/jean-lassalle-2017.jpg\" \/>\n\t<meta property=\"og:image:width\" content=\"823\" \/>\n\t<meta property=\"og:image:height\" content=\"463\" \/>\n\t<meta property=\"og:image:type\" content=\"image\/jpeg\" \/>\n<meta name=\"author\" content=\"Olivier Brunet\" \/>\n<meta name=\"twitter:card\" content=\"summary_large_image\" \/>\n<meta name=\"twitter:creator\" content=\"@Toutsur\" \/>\n<meta name=\"twitter:site\" content=\"@Toutsur\" \/>\n<meta name=\"twitter:label1\" content=\"\u00c9crit par\" \/>\n\t<meta name=\"twitter:data1\" content=\"Olivier Brunet\" \/>\n\t<meta name=\"twitter:label2\" content=\"Dur\u00e9e de lecture estim\u00e9e\" \/>\n\t<meta name=\"twitter:data2\" content=\"7 minutes\" \/>\n<script type=\"application\/ld+json\" class=\"yoast-schema-graph\">{\"@context\":\"https:\/\/schema.org\",\"@graph\":[{\"@type\":\"Article\",\"@id\":\"https:\/\/www.toutsurmesfinances.com\/argent\/a\/jean-lassalle-2017-son-programme-social-fiscal-et-financier-pour-l-election-presidentielle#article\",\"isPartOf\":{\"@id\":\"https:\/\/www.toutsurmesfinances.com\/argent\/a\/jean-lassalle-2017-son-programme-social-fiscal-et-financier-pour-l-election-presidentielle\"},\"author\":{\"name\":\"Olivier Brunet\",\"@id\":\"https:\/\/www.toutsurmesfinances.com\/argent\/#\/schema\/person\/f3692b3163890cd1408bd0dc68a1b55a\"},\"headline\":\"Jean Lassalle 2017 : son programme social, fiscal et financier pour l\u2019\u00e9lection pr\u00e9sidentielle\",\"dateModified\":\"2018-07-19T15:23:25+00:00\",\"mainEntityOfPage\":{\"@id\":\"https:\/\/www.toutsurmesfinances.com\/argent\/a\/jean-lassalle-2017-son-programme-social-fiscal-et-financier-pour-l-election-presidentielle\"},\"wordCount\":1448,\"publisher\":{\"@id\":\"https:\/\/www.toutsurmesfinances.com\/argent\/#organization\"},\"image\":{\"@id\":\"https:\/\/www.toutsurmesfinances.com\/argent\/a\/jean-lassalle-2017-son-programme-social-fiscal-et-financier-pour-l-election-presidentielle#primaryimage\"},\"thumbnailUrl\":\"https:\/\/www.toutsurmesfinances.com\/argent\/wp-content\/uploads\/sites\/3\/2017\/04\/jean-lassalle-2017.jpg\",\"articleSection\":[\"Budget\"],\"inLanguage\":\"fr-FR\"},{\"@type\":\"WebPage\",\"@id\":\"https:\/\/www.toutsurmesfinances.com\/argent\/a\/jean-lassalle-2017-son-programme-social-fiscal-et-financier-pour-l-election-presidentielle\",\"url\":\"https:\/\/www.toutsurmesfinances.com\/argent\/a\/jean-lassalle-2017-son-programme-social-fiscal-et-financier-pour-l-election-presidentielle\",\"name\":\"Programme Jean Lassalle 2017 : finance, imp\u00f4ts, retraite, S\u00e9curit\u00e9 sociale\",\"isPartOf\":{\"@id\":\"https:\/\/www.toutsurmesfinances.com\/argent\/#website\"},\"primaryImageOfPage\":{\"@id\":\"https:\/\/www.toutsurmesfinances.com\/argent\/a\/jean-lassalle-2017-son-programme-social-fiscal-et-financier-pour-l-election-presidentielle#primaryimage\"},\"image\":{\"@id\":\"https:\/\/www.toutsurmesfinances.com\/argent\/a\/jean-lassalle-2017-son-programme-social-fiscal-et-financier-pour-l-election-presidentielle#primaryimage\"},\"thumbnailUrl\":\"https:\/\/www.toutsurmesfinances.com\/argent\/wp-content\/uploads\/sites\/3\/2017\/04\/jean-lassalle-2017.jpg\",\"dateModified\":\"2018-07-19T15:23:25+00:00\",\"description\":\"Ni \u00e0 gauche, ni \u00e0 droite, le programme politique de Jean Lassalle conjugue deux priorit\u00e9s, la lutte contre la finance sp\u00e9culative et la cr\u00e9ation de nouveaux droits sociaux. Le candidat du parti R\u00e9sistons ! \u00e0 l'\u00e9lection pr\u00e9sidentielle de 2017 veut aussi re\",\"breadcrumb\":{\"@id\":\"https:\/\/www.toutsurmesfinances.com\/argent\/a\/jean-lassalle-2017-son-programme-social-fiscal-et-financier-pour-l-election-presidentielle#breadcrumb\"},\"inLanguage\":\"fr-FR\",\"potentialAction\":[{\"@type\":\"ReadAction\",\"target\":[\"https:\/\/www.toutsurmesfinances.com\/argent\/a\/jean-lassalle-2017-son-programme-social-fiscal-et-financier-pour-l-election-presidentielle\"]}]},{\"@type\":\"ImageObject\",\"inLanguage\":\"fr-FR\",\"@id\":\"https:\/\/www.toutsurmesfinances.com\/argent\/a\/jean-lassalle-2017-son-programme-social-fiscal-et-financier-pour-l-election-presidentielle#primaryimage\",\"url\":\"https:\/\/www.toutsurmesfinances.com\/argent\/wp-content\/uploads\/sites\/3\/2017\/04\/jean-lassalle-2017.jpg\",\"contentUrl\":\"https:\/\/www.toutsurmesfinances.com\/argent\/wp-content\/uploads\/sites\/3\/2017\/04\/jean-lassalle-2017.jpg\",\"width\":823,\"height\":463,\"caption\":\"Le programme de Jean Lassalle en faveur du pouvour d&#039;achat pr\u00e9voit plus de 13 milliards d&#039;euros de baisse d&#039;imp\u00f4ts pour les m\u00e9nages\"},{\"@type\":\"BreadcrumbList\",\"@id\":\"https:\/\/www.toutsurmesfinances.com\/argent\/a\/jean-lassalle-2017-son-programme-social-fiscal-et-financier-pour-l-election-presidentielle#breadcrumb\",\"itemListElement\":[{\"@type\":\"ListItem\",\"position\":1,\"name\":\"Accueil\",\"item\":\"https:\/\/www.toutsurmesfinances.com\/argent\/\"},{\"@type\":\"ListItem\",\"position\":2,\"name\":\"Budget\",\"item\":\"https:\/\/www.toutsurmesfinances.com\/argent\/c\/budget\"},{\"@type\":\"ListItem\",\"position\":3,\"name\":\"Jean Lassalle 2017 : son programme social, fiscal et financier pour l\u2019\u00e9lection pr\u00e9sidentielle\"}]},{\"@type\":\"WebSite\",\"@id\":\"https:\/\/www.toutsurmesfinances.com\/argent\/#website\",\"url\":\"https:\/\/www.toutsurmesfinances.com\/argent\/\",\"name\":\"Argent\",\"description\":\"\",\"publisher\":{\"@id\":\"https:\/\/www.toutsurmesfinances.com\/argent\/#organization\"},\"potentialAction\":[{\"@type\":\"SearchAction\",\"target\":{\"@type\":\"EntryPoint\",\"urlTemplate\":\"https:\/\/www.toutsurmesfinances.com\/argent\/?s={search_term_string}\"},\"query-input\":{\"@type\":\"PropertyValueSpecification\",\"valueRequired\":true,\"valueName\":\"search_term_string\"}}],\"inLanguage\":\"fr-FR\"},{\"@type\":\"Organization\",\"@id\":\"https:\/\/www.toutsurmesfinances.com\/argent\/#organization\",\"name\":\"Tout Sur Mes Finances\",\"url\":\"https:\/\/www.toutsurmesfinances.com\/argent\/\",\"logo\":{\"@type\":\"ImageObject\",\"inLanguage\":\"fr-FR\",\"@id\":\"https:\/\/www.toutsurmesfinances.com\/argent\/#\/schema\/logo\/image\/\",\"url\":\"https:\/\/www.toutsurmesfinances.com\/argent\/wp-content\/uploads\/sites\/3\/2021\/01\/favicon.png\",\"contentUrl\":\"https:\/\/www.toutsurmesfinances.com\/argent\/wp-content\/uploads\/sites\/3\/2021\/01\/favicon.png\",\"width\":512,\"height\":512,\"caption\":\"Tout Sur Mes Finances\"},\"image\":{\"@id\":\"https:\/\/www.toutsurmesfinances.com\/argent\/#\/schema\/logo\/image\/\"},\"sameAs\":[\"https:\/\/x.com\/Toutsur\"]},{\"@type\":\"Person\",\"@id\":\"https:\/\/www.toutsurmesfinances.com\/argent\/#\/schema\/person\/f3692b3163890cd1408bd0dc68a1b55a\",\"name\":\"Olivier Brunet\",\"image\":{\"@type\":\"ImageObject\",\"inLanguage\":\"fr-FR\",\"@id\":\"https:\/\/www.toutsurmesfinances.com\/argent\/#\/schema\/person\/image\/\",\"url\":\"https:\/\/secure.gravatar.com\/avatar\/59a19214b7bb3163a27d873fa61f9a80?s=96&d=mm&r=g\",\"contentUrl\":\"https:\/\/secure.gravatar.com\/avatar\/59a19214b7bb3163a27d873fa61f9a80?s=96&d=mm&r=g\",\"caption\":\"Olivier Brunet\"},\"description\":\"Olivier Brunet est cofondateur de\u00a0ToutSurMesFinances.com\u00a0et r\u00e9dacteur en chef sp\u00e9cialis\u00e9 en placements et fiscalit\u00e9\u00a0des particuliers. Pr\u00e9sent\u00a0au sein du\u00a0m\u00e9dia\u00a0depuis sa cr\u00e9ation, il en est l\u2019un des piliers \u00e9ditoriaux. Il analyse les strat\u00e9gies d\u2019investissement,\u00a0suit\u00a0les \u00e9volutions fiscales et les\u00a0probl\u00e9matiques\u00a0patrimoniales\u00a0avec une vision long terme, forg\u00e9e par des ann\u00e9es de pratique et de suivi des march\u00e9s.\u00a0\",\"sameAs\":[\"https:\/\/www.toutsurmesfinances.com\/author\/olivier\",\"https:\/\/www.linkedin.com\/in\/obrunet\/\"]}]}<\/script>\n<!-- \/ Yoast SEO plugin. -->","yoast_head_json":{"title":"Programme Jean Lassalle 2017 : finance, imp\u00f4ts, retraite, S\u00e9curit\u00e9 sociale","description":"Ni \u00e0 gauche, ni \u00e0 droite, le programme politique de Jean Lassalle conjugue deux priorit\u00e9s, la lutte contre la finance sp\u00e9culative et la cr\u00e9ation de nouveaux droits sociaux. Le candidat du parti R\u00e9sistons ! \u00e0 l'\u00e9lection pr\u00e9sidentielle de 2017 veut aussi re","robots":{"index":"index","follow":"follow","max-snippet":"max-snippet:-1","max-image-preview":"max-image-preview:large","max-video-preview":"max-video-preview:-1"},"canonical":"https:\/\/www.toutsurmesfinances.com\/argent\/a\/jean-lassalle-2017-son-programme-social-fiscal-et-financier-pour-l-election-presidentielle","og_locale":"fr_FR","og_type":"article","og_title":"Programme Jean Lassalle 2017 : finance, imp\u00f4ts, retraite, S\u00e9curit\u00e9 sociale","og_description":"Ni \u00e0 gauche, ni \u00e0 droite, le programme politique de Jean Lassalle conjugue deux priorit\u00e9s, la lutte contre la finance sp\u00e9culative et la cr\u00e9ation de nouveaux droits sociaux. Le candidat du parti R\u00e9sistons ! \u00e0 l'\u00e9lection pr\u00e9sidentielle de 2017 veut aussi re","og_url":"https:\/\/www.toutsurmesfinances.com\/argent\/a\/jean-lassalle-2017-son-programme-social-fiscal-et-financier-pour-l-election-presidentielle","og_site_name":"Argent","article_published_time":"2017-04-12T14:50:13+00:00","article_modified_time":"2018-07-19T15:23:25+00:00","og_image":[{"width":823,"height":463,"url":"https:\/\/www.toutsurmesfinances.com\/argent\/wp-content\/uploads\/sites\/3\/2017\/04\/jean-lassalle-2017.jpg","type":"image\/jpeg"}],"author":"Olivier Brunet","twitter_card":"summary_large_image","twitter_creator":"@Toutsur","twitter_site":"@Toutsur","twitter_misc":{"\u00c9crit par":"Olivier Brunet","Dur\u00e9e de lecture estim\u00e9e":"7 minutes"},"schema":{"@context":"https:\/\/schema.org","@graph":[{"@type":"Article","@id":"https:\/\/www.toutsurmesfinances.com\/argent\/a\/jean-lassalle-2017-son-programme-social-fiscal-et-financier-pour-l-election-presidentielle#article","isPartOf":{"@id":"https:\/\/www.toutsurmesfinances.com\/argent\/a\/jean-lassalle-2017-son-programme-social-fiscal-et-financier-pour-l-election-presidentielle"},"author":{"name":"Olivier Brunet","@id":"https:\/\/www.toutsurmesfinances.com\/argent\/#\/schema\/person\/f3692b3163890cd1408bd0dc68a1b55a"},"headline":"Jean Lassalle 2017 : son programme social, fiscal et financier pour l\u2019\u00e9lection pr\u00e9sidentielle","dateModified":"2018-07-19T15:23:25+00:00","mainEntityOfPage":{"@id":"https:\/\/www.toutsurmesfinances.com\/argent\/a\/jean-lassalle-2017-son-programme-social-fiscal-et-financier-pour-l-election-presidentielle"},"wordCount":1448,"publisher":{"@id":"https:\/\/www.toutsurmesfinances.com\/argent\/#organization"},"image":{"@id":"https:\/\/www.toutsurmesfinances.com\/argent\/a\/jean-lassalle-2017-son-programme-social-fiscal-et-financier-pour-l-election-presidentielle#primaryimage"},"thumbnailUrl":"https:\/\/www.toutsurmesfinances.com\/argent\/wp-content\/uploads\/sites\/3\/2017\/04\/jean-lassalle-2017.jpg","articleSection":["Budget"],"inLanguage":"fr-FR"},{"@type":"WebPage","@id":"https:\/\/www.toutsurmesfinances.com\/argent\/a\/jean-lassalle-2017-son-programme-social-fiscal-et-financier-pour-l-election-presidentielle","url":"https:\/\/www.toutsurmesfinances.com\/argent\/a\/jean-lassalle-2017-son-programme-social-fiscal-et-financier-pour-l-election-presidentielle","name":"Programme Jean Lassalle 2017 : finance, imp\u00f4ts, retraite, S\u00e9curit\u00e9 sociale","isPartOf":{"@id":"https:\/\/www.toutsurmesfinances.com\/argent\/#website"},"primaryImageOfPage":{"@id":"https:\/\/www.toutsurmesfinances.com\/argent\/a\/jean-lassalle-2017-son-programme-social-fiscal-et-financier-pour-l-election-presidentielle#primaryimage"},"image":{"@id":"https:\/\/www.toutsurmesfinances.com\/argent\/a\/jean-lassalle-2017-son-programme-social-fiscal-et-financier-pour-l-election-presidentielle#primaryimage"},"thumbnailUrl":"https:\/\/www.toutsurmesfinances.com\/argent\/wp-content\/uploads\/sites\/3\/2017\/04\/jean-lassalle-2017.jpg","dateModified":"2018-07-19T15:23:25+00:00","description":"Ni \u00e0 gauche, ni \u00e0 droite, le programme politique de Jean Lassalle conjugue deux priorit\u00e9s, la lutte contre la finance sp\u00e9culative et la cr\u00e9ation de nouveaux droits sociaux. Le candidat du parti R\u00e9sistons ! \u00e0 l'\u00e9lection pr\u00e9sidentielle de 2017 veut aussi re","breadcrumb":{"@id":"https:\/\/www.toutsurmesfinances.com\/argent\/a\/jean-lassalle-2017-son-programme-social-fiscal-et-financier-pour-l-election-presidentielle#breadcrumb"},"inLanguage":"fr-FR","potentialAction":[{"@type":"ReadAction","target":["https:\/\/www.toutsurmesfinances.com\/argent\/a\/jean-lassalle-2017-son-programme-social-fiscal-et-financier-pour-l-election-presidentielle"]}]},{"@type":"ImageObject","inLanguage":"fr-FR","@id":"https:\/\/www.toutsurmesfinances.com\/argent\/a\/jean-lassalle-2017-son-programme-social-fiscal-et-financier-pour-l-election-presidentielle#primaryimage","url":"https:\/\/www.toutsurmesfinances.com\/argent\/wp-content\/uploads\/sites\/3\/2017\/04\/jean-lassalle-2017.jpg","contentUrl":"https:\/\/www.toutsurmesfinances.com\/argent\/wp-content\/uploads\/sites\/3\/2017\/04\/jean-lassalle-2017.jpg","width":823,"height":463,"caption":"Le programme de Jean Lassalle en faveur du pouvour d&#039;achat pr\u00e9voit plus de 13 milliards d&#039;euros de baisse d&#039;imp\u00f4ts pour les m\u00e9nages"},{"@type":"BreadcrumbList","@id":"https:\/\/www.toutsurmesfinances.com\/argent\/a\/jean-lassalle-2017-son-programme-social-fiscal-et-financier-pour-l-election-presidentielle#breadcrumb","itemListElement":[{"@type":"ListItem","position":1,"name":"Accueil","item":"https:\/\/www.toutsurmesfinances.com\/argent\/"},{"@type":"ListItem","position":2,"name":"Budget","item":"https:\/\/www.toutsurmesfinances.com\/argent\/c\/budget"},{"@type":"ListItem","position":3,"name":"Jean Lassalle 2017 : son programme social, fiscal et financier pour l\u2019\u00e9lection pr\u00e9sidentielle"}]},{"@type":"WebSite","@id":"https:\/\/www.toutsurmesfinances.com\/argent\/#website","url":"https:\/\/www.toutsurmesfinances.com\/argent\/","name":"Argent","description":"","publisher":{"@id":"https:\/\/www.toutsurmesfinances.com\/argent\/#organization"},"potentialAction":[{"@type":"SearchAction","target":{"@type":"EntryPoint","urlTemplate":"https:\/\/www.toutsurmesfinances.com\/argent\/?s={search_term_string}"},"query-input":{"@type":"PropertyValueSpecification","valueRequired":true,"valueName":"search_term_string"}}],"inLanguage":"fr-FR"},{"@type":"Organization","@id":"https:\/\/www.toutsurmesfinances.com\/argent\/#organization","name":"Tout Sur Mes Finances","url":"https:\/\/www.toutsurmesfinances.com\/argent\/","logo":{"@type":"ImageObject","inLanguage":"fr-FR","@id":"https:\/\/www.toutsurmesfinances.com\/argent\/#\/schema\/logo\/image\/","url":"https:\/\/www.toutsurmesfinances.com\/argent\/wp-content\/uploads\/sites\/3\/2021\/01\/favicon.png","contentUrl":"https:\/\/www.toutsurmesfinances.com\/argent\/wp-content\/uploads\/sites\/3\/2021\/01\/favicon.png","width":512,"height":512,"caption":"Tout Sur Mes Finances"},"image":{"@id":"https:\/\/www.toutsurmesfinances.com\/argent\/#\/schema\/logo\/image\/"},"sameAs":["https:\/\/x.com\/Toutsur"]},{"@type":"Person","@id":"https:\/\/www.toutsurmesfinances.com\/argent\/#\/schema\/person\/f3692b3163890cd1408bd0dc68a1b55a","name":"Olivier Brunet","image":{"@type":"ImageObject","inLanguage":"fr-FR","@id":"https:\/\/www.toutsurmesfinances.com\/argent\/#\/schema\/person\/image\/","url":"https:\/\/secure.gravatar.com\/avatar\/59a19214b7bb3163a27d873fa61f9a80?s=96&d=mm&r=g","contentUrl":"https:\/\/secure.gravatar.com\/avatar\/59a19214b7bb3163a27d873fa61f9a80?s=96&d=mm&r=g","caption":"Olivier Brunet"},"description":"Olivier Brunet est cofondateur de\u00a0ToutSurMesFinances.com\u00a0et r\u00e9dacteur en chef sp\u00e9cialis\u00e9 en placements et fiscalit\u00e9\u00a0des particuliers. Pr\u00e9sent\u00a0au sein du\u00a0m\u00e9dia\u00a0depuis sa cr\u00e9ation, il en est l\u2019un des piliers \u00e9ditoriaux. Il analyse les strat\u00e9gies d\u2019investissement,\u00a0suit\u00a0les \u00e9volutions fiscales et les\u00a0probl\u00e9matiques\u00a0patrimoniales\u00a0avec une vision long terme, forg\u00e9e par des ann\u00e9es de pratique et de suivi des march\u00e9s.\u00a0","sameAs":["https:\/\/www.toutsurmesfinances.com\/author\/olivier","https:\/\/www.linkedin.com\/in\/obrunet\/"]}]}},"_links":{"self":[{"href":"https:\/\/www.toutsurmesfinances.com\/argent\/wp-json\/wp\/v2\/posts\/1528","targetHints":{"allow":["GET"]}}],"collection":[{"href":"https:\/\/www.toutsurmesfinances.com\/argent\/wp-json\/wp\/v2\/posts"}],"about":[{"href":"https:\/\/www.toutsurmesfinances.com\/argent\/wp-json\/wp\/v2\/types\/post"}],"author":[{"embeddable":true,"href":"https:\/\/www.toutsurmesfinances.com\/argent\/wp-json\/wp\/v2\/users\/13709"}],"replies":[{"embeddable":true,"href":"https:\/\/www.toutsurmesfinances.com\/argent\/wp-json\/wp\/v2\/comments?post=1528"}],"version-history":[{"count":0,"href":"https:\/\/www.toutsurmesfinances.com\/argent\/wp-json\/wp\/v2\/posts\/1528\/revisions"}],"wp:featuredmedia":[{"embeddable":true,"href":"https:\/\/www.toutsurmesfinances.com\/argent\/wp-json\/wp\/v2\/media\/1527"}],"wp:attachment":[{"href":"https:\/\/www.toutsurmesfinances.com\/argent\/wp-json\/wp\/v2\/media?parent=1528"}],"wp:term":[{"taxonomy":"category","embeddable":true,"href":"https:\/\/www.toutsurmesfinances.com\/argent\/wp-json\/wp\/v2\/categories?post=1528"},{"taxonomy":"post_tag","embeddable":true,"href":"https:\/\/www.toutsurmesfinances.com\/argent\/wp-json\/wp\/v2\/tags?post=1528"}],"curies":[{"name":"wp","href":"https:\/\/api.w.org\/{rel}","templated":true}]}}