{"id":1612,"date":"2017-09-28T20:07:08","date_gmt":"2017-09-28T18:07:08","guid":{"rendered":"https:\/\/www.toutsurmesfinances.com\/argent\/a\/loi-de-finances-2018-mesures"},"modified":"2018-09-28T14:07:56","modified_gmt":"2018-09-28T14:07:56","slug":"loi-de-finances-2018-mesures","status":"publish","type":"post","link":"https:\/\/www.toutsurmesfinances.com\/argent\/a\/loi-de-finances-2018-mesures","title":{"rendered":"Loi de finances 2018 : mesures et dates du PLF 2018"},"content":{"rendered":"\n<p>ISF all\u00e9g\u00e9 et transform\u00e9 en imp\u00f4t immobilier, taxation des signes ext\u00e9rieurs de richesse, assurance vie et flat tax, suppression du Cit\u00e9 (cr\u00e9dit d&rsquo;imp\u00f4t pour la transition \u00e9nerg\u00e9tique), mesures sur l&rsquo;immobilier (sort du PTZ du Pinel en 2018)&#8230; Nombre de dispositions devant entrer en vigueur cette ann\u00e9e sont pr\u00e9vues dans la loi de finances pour 2018 (PLF 2018 devenu LFI 2018 pour loi de finances initiale, compte tenu de sa promulgation) et la deuxi\u00e8me loi de finances rectificative pour 2017 (LFR 2 2017).<\/p>\n<p><strong><a href=\"https:\/\/www.toutsurmesfinances.com\/argent\/a\/loi-de-finances-2018-mesures#dates\">Calendrier PLF 2018<\/a><\/strong><\/p>\n<p style=\"padding-left: 30px;\">&gt; <a href=\"https:\/\/www.toutsurmesfinances.com\/argent\/a\/loi-de-finances-2018-mesures#plf\">Calendrier g\u00e9n\u00e9ral<\/a><br \/>&gt; <a href=\"https:\/\/www.toutsurmesfinances.com\/argent\/a\/loi-de-finances-2018-mesures#an\">Dates du PLF 2018 \u00e0 l&rsquo;Assembl\u00e9e nationale<\/a><br \/>&gt; <a href=\"https:\/\/www.toutsurmesfinances.com\/argent\/a\/loi-de-finances-2018-mesures#senat\">Dates du PLF 2018 au S\u00e9nat<br \/><\/a><\/p>\n<p><strong><a href=\"https:\/\/www.toutsurmesfinances.com\/argent\/a\/loi-de-finances-2018-mesures#mesuresfiscales\">Liste des mesures fiscales du PLF 2018<\/a><\/strong><\/p>\n<p style=\"padding-left: 30px;\">&gt; <a href=\"https:\/\/www.toutsurmesfinances.com\/argent\/a\/loi-de-finances-2018-mesures#bareme\">Bar\u00e8me de l&rsquo;imp\u00f4t sur le revenu 2018<\/a><br \/>&gt; <a href=\"https:\/\/www.toutsurmesfinances.com\/argent\/a\/loi-de-finances-2018-mesures#th\">Exon\u00e9ration de taxe d&rsquo;habitation pour la r\u00e9sidence principale<\/a><br \/>&gt; <a href=\"https:\/\/www.toutsurmesfinances.com\/argent\/a\/loi-de-finances-2018-mesures#cite\">Cr\u00e9dit d&rsquo;imp\u00f4t pour la transition \u00e9nerg\u00e9tique : fin en 2018<br \/><\/a>&gt; <a href=\"https:\/\/www.toutsurmesfinances.com\/argent\/a\/loi-de-finances-2018-mesures#rupturecollective\">Indemnit\u00e9s de rupture conventionnelle collective exon\u00e9r\u00e9es d\u2019imp\u00f4t<\/a><br \/>&gt; <a href=\"https:\/\/www.toutsurmesfinances.com\/argent\/a\/loi-de-finances-2018-mesures#ae\">Auto-entrepreneur : hausse du plafond de CA en 2018<\/a><br \/>&gt; <a href=\"https:\/\/www.toutsurmesfinances.com\/argent\/a\/loi-de-finances-2018-mesures#flattax\">Flat tax : pr\u00e9l\u00e8vement unique de 30% sur les placements<br \/><\/a>&gt; <a href=\"https:\/\/www.toutsurmesfinances.com\/argent\/a\/loi-de-finances-2018-mesures#pvtns\">Plus-values professionnelles des TNS : alignement sur la flat tax<\/a><br \/>&gt; <a href=\"https:\/\/www.toutsurmesfinances.com\/argent\/a\/loi-de-finances-2018-mesures#isfifi\">Fin de l\u2019ISF, cr\u00e9ation de l\u2019IFI<br \/><\/a>&gt; <a href=\"https:\/\/www.toutsurmesfinances.com\/argent\/a\/loi-de-finances-2018-mesures#richesse\">Taxation des signes ext\u00e9rieurs de richesse<\/a><br \/>&gt; <a href=\"https:\/\/www.toutsurmesfinances.com\/argent\/a\/loi-de-finances-2018-mesures#pinel\">Dispositif Loi Pinel prolong\u00e9 et recentr\u00e9<\/a><br \/>&gt; <a href=\"https:\/\/www.toutsurmesfinances.com\/argent\/a\/loi-de-finances-2018-mesures#redevance\">Hausse de la redevance TV en 2018<\/a><br \/>&gt; <a href=\"https:\/\/www.toutsurmesfinances.com\/argent\/a\/loi-de-finances-2018-mesures#gazole\">Augmentation des taxes sur le gazole<\/p>\n<p><\/a><\/p>\n<p><strong><a href=\"https:\/\/www.toutsurmesfinances.com\/argent\/a\/loi-de-finances-2018-mesures#autres\">Autres mesures du Budget de la France 2018 touchant au pouvoir d\u2019achat<\/a><\/strong><\/p>\n<p style=\"padding-left: 30px;\">&gt; <a href=\"https:\/\/www.toutsurmesfinances.com\/argent\/a\/loi-de-finances-2018-mesures#ces\">Compensation de la hausse de CSG 2018 pour les fonctionnaires<\/a><br \/>&gt; <a href=\"https:\/\/www.toutsurmesfinances.com\/argent\/a\/loi-de-finances-2018-mesures#carence\">Jour de carence dans la fonction publique<\/a><br \/>&gt; <a href=\"https:\/\/www.toutsurmesfinances.com\/argent\/a\/loi-de-finances-2018-mesures#ptz\">PTZ : reconduction en 2018-2021 avec des exclusions<\/a><br \/>&gt; <a href=\"https:\/\/www.toutsurmesfinances.com\/argent\/a\/loi-de-finances-2018-mesures#hlm\">Baisse des loyers HLM et gel des APL<\/a><br \/>&gt; <a href=\"https:\/\/www.toutsurmesfinances.com\/argent\/a\/loi-de-finances-2018-mesures#aplaccession\">Suppression de l\u2019APL accession<\/a><br \/>&gt; <a href=\"https:\/\/www.toutsurmesfinances.com\/argent\/a\/loi-de-finances-2018-mesures#primeactivite\">Hausse de la prime d\u2019activit\u00e9<\/a><br \/>&gt; <a href=\"https:\/\/www.toutsurmesfinances.com\/argent\/a\/loi-de-finances-2018-mesures#autohulot\">Prime \u00e0 la casse Hulot, malus auto : changements en 2018<br \/><\/a>&gt; <a href=\"https:\/\/www.toutsurmesfinances.com\/argent\/a\/loi-de-finances-2018-mesures#capitalretraite\">Sortie en capital des contrats Madelin et Article 83 lors du d\u00e9part \u00e0 la retraite<br \/><\/a><\/p>\n<p><strong><a href=\"https:\/\/www.toutsurmesfinances.com\/argent\/a\/loi-de-finances-2018-mesures#plfr\">Mesures du 2\u00e8me projet de loi de finances rectificative pour 2017<\/a><\/strong><\/p>\n<p style=\"padding-left: 30px;\">&gt; <a href=\"https:\/\/www.toutsurmesfinances.com\/argent\/a\/loi-de-finances-2018-mesures#pas\">Modifications du pr\u00e9l\u00e8vement \u00e0 la source de l&rsquo;imp\u00f4t sur le revenu<\/a><br \/>&gt; <a href=\"https:\/\/www.toutsurmesfinances.com\/argent\/a\/loi-de-finances-2018-mesures#interet\">R\u00e9duction du taux d&rsquo;int\u00e9r\u00eat de retard<\/a><br \/>&gt; <a href=\"https:\/\/www.toutsurmesfinances.com\/argent\/a\/loi-de-finances-2018-mesures#liquide\">Baisse de la limite de paiement des imp\u00f4ts en liquide au guichet<\/a><br \/>&gt; <a href=\"https:\/\/www.toutsurmesfinances.com\/argent\/a\/loi-de-finances-2018-mesures#defi\">Maintien de la d\u00e9fiscalisation pour l\u2019investissement forestier de 2018 \u00e0 2020<\/a><\/p>\n<h2><span class=\"ez-toc-section\" id=\"Calendrier_PLF_2018_dates_du_projet_de_loi_de_finances_pour_2018\"><\/span><a id=\"dates\"><\/a>Calendrier PLF 2018 : dates du projet de loi de finances pour 2018<span class=\"ez-toc-section-end\"><\/span><\/h2>\n<h3><span class=\"ez-toc-section\" id=\"Calendrier_general_du_Budget_de_la_France_2018\"><\/span><a id=\"plf\"><\/a>Calendrier g\u00e9n\u00e9ral du Budget de la France 2018<span class=\"ez-toc-section-end\"><\/span><\/h3>\n<p>&#8211; 27 septembre 2017 : pr\u00e9sentation en Conseil des ministres et au Parlement (commissions des finances de l\u2019Assembl\u00e9e nationale et du S\u00e9nat)<br \/>&#8211; 13 d\u00e9cembre 2017 : r\u00e9union de la Commisison mixte paritaire (CMP, 7 d\u00e9put\u00e9s, 7 s\u00e9nateurs, pour aboutir \u00e0 un texte commun : d\u00e9saccord)<br \/>&#8211; 21 d\u00e9cembre 2017 : adoption d\u00e9finitive par le Parlement<br \/>&#8211; 28 d\u00e9cembre 2017 : validation de la quasi-totalit\u00e9 du PLF 2018 par le Conseil constitutionnel<br \/>&#8211; 31 d\u00e9cembre 2017 : publication de la loi de finances initiale (LFI) au <em>Journal Officiel <\/em>sur le site L\u00e9gifrance, au lendemain de la promulgation par le pr\u00e9sident de la R\u00e9publique<br \/>&#8211; 1er janvier 2018 : entr\u00e9e en vigueur de la plupart des mesures<\/p>\n<h3><span class=\"ez-toc-section\" id=\"Calendrier_du_PLF_2018_a_lAssemblee_nationale\"><\/span><a id=\"an\"><\/a>Calendrier du PLF 2018 \u00e0 l&rsquo;Assembl\u00e9e nationale<span class=\"ez-toc-section-end\"><\/span><\/h3>\n<p>&#8211; 27 septembre 2018 : pr\u00e9sentation \u00e0 la commission des finances de l\u2019Assembl\u00e9e nationale<br \/>&#8211; 10-11 octobre 2017 : d\u00e9but de l&rsquo;examen de la premi\u00e8re partie du PLF 2018 par la commission des finances de l\u2019Assembl\u00e9e nationale<br \/>&#8211; 17 octobre 2017 puis du 24 au 27 octobre : suite de l&rsquo;examen par la commission des finances<br \/>&#8211; du 17 au 23 octobre 2017 : discussion de la premi\u00e8re partie du PLF 2018 en s\u00e9ance publique \u00e0 l\u2019Assembl\u00e9e nationale<br \/>&#8211; 24 octobre 2017 : vote de la premi\u00e8re partie du PLF 2018 \u00e0 l\u2019Assembl\u00e9e nationale (365 d\u00e9put\u00e9s pour, 172 contre)<br \/>&#8211; 31 octobre 2017 : d\u00e9but de l&rsquo;examen de la deuxi\u00e8me partie du PLF 2018 \u00e0 l\u2019Assembl\u00e9e nationale<br \/>&#8211; 21 novembre 2017 : vote solennel sur l\u2019ensemble du PLF en 1\u00e8re lecture \u00e0 l\u2019Assembl\u00e9e nationale apr\u00e8s les QAG, questions au gouvernement (356 voix pour, 175 contre et 27 abstentions)<br \/>&#8211; 15 d\u00e9cembre 2017 : adoption en nouvelle lecture par l&rsquo;Assembl\u00e9e nationale<br \/>&#8211; 21 d\u00e9cembre 2017 : adoption en lecture d\u00e9finitive par l&rsquo;Assembl\u00e9e nationale<\/p>\n<h3><span class=\"ez-toc-section\" id=\"Calendrier_du_PLF_2018_au_Senat\"><\/span><a id=\"senat\"><\/a>Calendrier du PLF 2018 au S\u00e9nat<span class=\"ez-toc-section-end\"><\/span><\/h3>\n<p>&#8211; 27 septembre 2017 : audition des ministres devant la commission des finances du S\u00e9nat<br \/>&#8211; 23 octobre 2017 : d\u00e9but de l\u2019examen du texte au S\u00e9nat<br \/>&#8211; 15 novembre 2017 : examen des articles de la 1\u00e8re partie du PLF 2018 en Commission des finances<br \/>&#8211; 23 novembre 2017 : examen d\u00e9finitif des articles de la 2\u00e8me partie du PLF 2018 en Commission des finances<br \/>&#8211; 23 novembre 2017 : d\u00e9but de l&rsquo;examen des articles de la 1\u00e8re partie en s\u00e9ance publique<br \/>&#8211; 28 novembre 2017 : vote de la 1\u00e8re partie en s\u00e9ance publique<br \/>&#8211; 29 novembre 2017 : d\u00e9but de l&rsquo;examen des articles de la 2\u00e8me partie en s\u00e9ance publique<br \/>&#8211; 12 d\u00e9cembre 2017 : vote du S\u00e9nat sur l&rsquo;ensemble du projet de loi de finances (PLF modifi\u00e9)<br \/>&#8211; 19 d\u00e9cembre 2017 : vote du S\u00e9nat sur l&rsquo;ensemble du projet de loi de finances en nouvelle lecture (rejet)<\/p>\n<h2><span class=\"ez-toc-section\" id=\"Liste_des_mesures_fiscales_du_PLF_2018\"><\/span><a id=\"mesuresfiscales\"><\/a>Liste des mesures fiscales du PLF 2018<span class=\"ez-toc-section-end\"><\/span><\/h2>\n<h3><span class=\"ez-toc-section\" id=\"Bareme_de_limpot_sur_le_revenu_seuils_des_tranches_revalorisees_de_1_en_2018\"><\/span><a id=\"bareme\"><\/a>Bar\u00e8me de l&rsquo;imp\u00f4t sur le revenu : seuils des tranches revaloris\u00e9es de 1% en 2018<span class=\"ez-toc-section-end\"><\/span><\/h3>\n<p>Le gouvernement a d\u00e9cid\u00e9 d\u2019actualiser le <strong><a href=\"https:\/\/www.toutsurmesfinances.com\/impots\/bareme-de-l-impot-sur-le-revenu.html\" target=\"_blank\">bar\u00e8me de l&rsquo;imp\u00f4t sur le revenu<\/a><\/strong> (IR) de 1%, correspondant \u00e0 l\u2019\u00e9volution pr\u00e9visionnelle de l\u2019inflation du gouvernement pour 2017. Sans cette disposition, les Fran\u00e7ais perdraient au total 1,1 milliard d\u2019euros de pouvoir d\u2019achat, selon l\u2019\u00e9valuation du minist\u00e8re des Finances.<\/p>\n<p>En appliquant cette revalorisation, le bar\u00e8me de l&rsquo;IR 2018 s&rsquo;\u00e9tablirait comme suit :<br \/>&#8211; 1\u00e8re tranche : de 0 \u00e0 9.807 euros : 0%<br \/>&#8211; 2\u00e8me tranche : de 9.807 \u00e0 27.086 euros : 14%<br \/>&#8211; 3\u00e8me tranche : de 27.086 \u00e0 72.617 euros : 30%<br \/>&#8211; 4\u00e8me tranche : de 72.617 \u00e0 153.783 euros : 41%<br \/>&#8211; 5\u00e8me tranche : au-del\u00e0 de 153.783 : 45%<\/p>\n<p>Ces seuils correspondent au revenu net imposable (RNI) apr\u00e8s prise en compte de l\u2019abattement de 10% pour frais professionnels des salari\u00e9s et sur le montant des pensions de retraite.<\/p>\n<h3><span class=\"ez-toc-section\" id=\"Taxe_dhabitation_2018-2020_exoneration_pour_la_residence_principale\"><\/span><a id=\"th\"><\/a>Taxe d&rsquo;habitation 2018-2020 : exon\u00e9ration pour la r\u00e9sidence principale<span class=\"ez-toc-section-end\"><\/span><\/h3>\n<p>Conform\u00e9ment \u00e0 l\u2019engagement pris par le pr\u00e9sident de la R\u00e9publique Emmanuel Macron, le gouvernement a d\u00e9cid\u00e9 d\u2019accorder dans le PLF 2018 un nouveau d\u00e9gr\u00e8vement de <strong><a href=\"https:\/\/www.toutsurmesfinances.com\/impots\/taxe-d-habitation-mode-d-emploi.html\" target=\"_blank\">taxe d&rsquo;habitation (TH)<\/a><\/strong> aux m\u00e9nages occupant leur logement \u00e0 titre de r\u00e9sidence principale, en dispensant environ 80% des foyers fiscaux de cet imp\u00f4t local d\u2019ici 2020.<\/p>\n<p>Comme pr\u00e9vu, cette <strong><a href=\"https:\/\/www.toutsurmesfinances.com\/impots\/suppression-de-la-taxe-d-habitation-exoneration-par-etapes.html\" target=\"_blank\">exon\u00e9ration de taxe d&rsquo;habitation<\/a><\/strong> s\u2019appliquer progressivement :<br \/>&#8211; abattement fiscal de 30% en 2018<br \/>&#8211; abattement fiscal de 65% en 2019<br \/>&#8211; exon\u00e9ration totale en 2020.<\/p>\n<p>Pour \u00eatre \u00e9ligible \u00e0 la r\u00e9duction d\u2019imp\u00f4t, les ressources du foyer devront \u00eatre inf\u00e9rieures ou \u00e9gales :<br \/>&#8211; \u00e0 27.000 euros de revenu fiscal de r\u00e9f\u00e9rence (RFR) pour une personne seule<br \/>&#8211; \u00e0 43.000 euros de RFR pour un couple sans enfant<br \/>&#8211; \u00e0 52.000 euros de RFR pour un couple avec 2 enfants.<\/p>\n<p>Pour les foyers se situant l\u00e9g\u00e8rement au-dessus de ces seuils, la r\u00e9duction d\u2019imp\u00f4t sera partielle :<br \/>&#8211; jusqu\u2019\u00e0 28.000 euros pour une personne seule<br \/>&#8211; jusqu\u2019\u00e0 45.000 euros pour un couple sans enfant<br \/>&#8211; jusqu\u2019\u00e0 54.000 euros pour un couple avec 2 enfants.<\/p>\n<p>L\u2019\u00e9conomie d\u2019imp\u00f4t correspondante est \u00e9valu\u00e9e par le gouvernement \u00e0 550 euros en moyenne \u00e0 terme par m\u00e9nage b\u00e9n\u00e9ficiaire.<\/p>\n<h3><span class=\"ez-toc-section\" id=\"Credit_dimpot_pour_la_transition_energetique_fin_en_2018\"><\/span><a id=\"cite\"><\/a>Cr\u00e9dit d&rsquo;imp\u00f4t pour la transition \u00e9nerg\u00e9tique : fin en 2018<span class=\"ez-toc-section-end\"><\/span><\/h3>\n<p>Le gouvernement a fait le choix de transformer le <a href=\"https:\/\/www.toutsurmesfinances.com\/immobilier\/cidd-taux-et-travaux-eligibles-au-credit-d-impot-en-2014.html\" target=\"_blank\">cr\u00e9dit d&rsquo;imp\u00f4t pour la transition \u00e9nerg\u00e9tique (Cit\u00e9)<\/a> en prime perceptible imm\u00e9diatement \u00e0 l\u2019issue des travaux et non l&rsquo;ann\u00e9e suivante. Les d\u00e9lais \u00e9tant trop courts pour application d\u00e8s janvier 2018, cette transformation, impliquant la suppression de l\u2019existence du cr\u00e9dit d\u2019imp\u00f4t ne sera applicable qu\u2019en 2019.<\/p>\n<p>En attendant, le Cit\u00e9 va \u00eatre reconduit en 2018 avec quelques modifications (supprim\u00e9 au 1er janvier 2018 pour certains appareils, r\u00e9duit pour d&rsquo;autres pendant 6 mois avant leur suppression) et laiss\u00e9 inchang\u00e9 d\u2019ici la fin de l\u2019ann\u00e9e 2017.<\/p>\n<p>En cas de pose assorti d\u2019un paiement d\u00e9finitif des travaux le 31 d\u00e9cembre 2017 au plus tard, le taux du cr\u00e9dit d\u2019imp\u00f4t est maintenu \u00e0 30% pour les fen\u00eatres, portes d&rsquo;entr\u00e9e et volets isolants, ainsi que pour les chaudi\u00e8res \u00e0 haute performance \u00e9nerg\u00e9tique aliment\u00e9es au fioul.<\/p>\n<p>Le pr\u00e9sident de la R\u00e9publique et le gouvernement ont en effet renonc\u00e9 \u00e0 leur projet qui consistait \u00e0 l\u2019origine \u00e0 durcir le dispositif \u00e0 effet imm\u00e9diat, notamment en diminuant voire en supprimant purement et simplement l\u2019avantage fiscal pour l\u2019achat de certains \u00e9quipements.<\/p>\n<p>Initialement, plusieurs changements avaient \u00e9t\u00e9 act\u00e9s dans le projet de loi de finances :<br \/>&#8211; abaissement du taux du cr\u00e9dit d\u2019imp\u00f4t de 30% \u00e0 15% pour les fen\u00eatres, portes d&rsquo;entr\u00e9e et volets isolants d\u00e8s le 27 septembre 2017 jusqu\u2019au 27 mars 2018<br \/>&#8211; suppression du cr\u00e9dit d\u2019imp\u00f4t pour la pose de ces m\u00eames \u00e9quipements \u00e0 partir du 28 mars 2018<br \/>&#8211; exclusion du b\u00e9n\u00e9fice du Cit\u00e9, d\u00e8s le 27 septembre 2017, des chaudi\u00e8res \u00e0 haute performance \u00e9nerg\u00e9tique aliment\u00e9es au fioul<\/p>\n<p>Les modifications sont entr\u00e9es en vigueur soit au 1er janvier 2018, soit \u00e0 partir du 1er juillet 2018, selon les \u00e9quipements.<\/p>\n<h3><span class=\"ez-toc-section\" id=\"Indemnites_de_rupture_conventionnelle_collective_exonerees_dimpot\"><\/span><a id=\"rupturecollective\"><\/a>Indemnit\u00e9s de rupture conventionnelle collective exon\u00e9r\u00e9es d\u2019imp\u00f4t<span class=\"ez-toc-section-end\"><\/span><\/h3>\n<p>Les ordonnances du 22 septembre 2017 sur le droit du travail pr\u00e9voient l\u2019instauration d\u2019un m\u00e9canisme de rupture conventionnelle collective. Sur proposition du gouvernement par voie d\u2019amendement, la loi de finances pour 2018 pr\u00e9voit d\u2019exon\u00e9rer les indemnit\u00e9s de rupture conventionnelle collective per\u00e7ues par les salari\u00e9s d\u2019imp\u00f4t sur le revenu.<\/p>\n<p>Avec cette <strong><a href=\"https:\/\/www.toutsurmesfinances.com\/impots\/exoneration-fiscale-taxe-fonciere-impot-sur-le-revenu-comment-etre-exonere.html\" target=\"_blank\">exon\u00e9ration fiscale<\/a><\/strong>, le r\u00e9gime d&rsquo;imposition des ruptures conventionnelles collectives est ainsi align\u00e9 sur celui des indemnit\u00e9s de rupture vers\u00e9es dans le cadre d\u2019un plan de sauvegarde de l\u2019emploi (PSE, nom donn\u00e9 \u00e0 ce que l\u2019on nomme un plan social dans le langage courant).<\/p>\n<h3><span class=\"ez-toc-section\" id=\"Auto-entrepreneur_plafond_2018_de_CA_en_augmentation\"><\/span><a id=\"ae\"><\/a>Auto-entrepreneur : plafond 2018 de CA en augmentation<span class=\"ez-toc-section-end\"><\/span><\/h3>\n<p>Le <strong><a href=\"https:\/\/www.toutsurmesfinances.com\/argent\/a\/plafond-auto-entrepreneur-seuil-de-ca-tva-et-augmentation\" target=\"_blank\">plafond de chiffre d&rsquo;affaires annuel<\/a><\/strong> hors taxes ou de recettes des r\u00e9gimes micro-BIC (b\u00e9n\u00e9fices industriels et commerciaux) et micro-BNC (b\u00e9n\u00e9fices non-commerciaux) applicables aux personnes qui travaillent en tant que micro-entrepreneur (nouveau nom du <strong><a href=\"https:\/\/www.toutsurmesfinances.com\/argent\/a\/devenir-ou-etre-auto-entrepreneur-statut-cotisations-impots-inscription\" target=\"_blank\">r\u00e9gime de l&rsquo;auto-entrepreneur<\/a><\/strong>) b\u00e9n\u00e9ficient d\u2019une augmentation significative dans le PLF 2018 :<br \/>&#8211; de 33.200 \u00e0 70.000 euros pour les activit\u00e9s de prestations de services et non-commerciales (professions lib\u00e9rales)<br \/>&#8211; 82.800 \u00e0 170.000 euros en cas d\u2019activit\u00e9 commerciale ou d\u2019h\u00e9bergement.<\/p>\n<p>L\u2019application de ces nouveaux plafonds du r\u00e9gime de la micro-entreprise entrera en vigueur d\u00e8s l&rsquo;imposition des revenus 2017.<\/p>\n<p>Les r\u00e9gimes micro-BIC et micro-BNC permettent \u00e0 leurs b\u00e9n\u00e9ficiaires d\u2019avoir droit \u00e0 un <strong><a href=\"https:\/\/www.toutsurmesfinances.com\/impots\/abattement-fiscal-une-diminution-de-la-base-de-calcul-de-l-impot.html\" target=\"_blank\">abattement fiscal<\/a><\/strong> pour frais professionnels pour le calcul du b\u00e9n\u00e9fice imposable \u00e9gal \u00e0 34%, 50% ou 71% selon la nature de l\u2019activit\u00e9.<\/p>\n<p>En revanche, les limites applicables pour b\u00e9n\u00e9ficier d\u2019une franchise en base de TVA resteront inchang\u00e9es soit :<br \/>&#8211; 82.800 euros pour les activit\u00e9s de commerce et d&rsquo;h\u00e9bergement.<br \/>&#8211; 33.200 euros pour les activit\u00e9s de services et lib\u00e9rales<\/p>\n<h3><span class=\"ez-toc-section\" id=\"Instauration_de_la_flat_tax_en_2018_sauf_pour_lassurance_vie_des_le_27_septembre\"><\/span><a id=\"flattax\"><\/a>Instauration de la flat tax en 2018 sauf pour l\u2019assurance vie d\u00e8s le 27 septembre<span class=\"ez-toc-section-end\"><\/span><\/h3>\n<p>La loi de finances pour 2018 pr\u00e9voit une modification majeure de la fiscalit\u00e9 de l\u2019\u00e9pargne au travers de la cr\u00e9ation d\u2019un <strong><a href=\"https:\/\/www.toutsurmesfinances.com\/impots\/prelevement-forfaitaire-unique.html\" target=\"_blank\">pr\u00e9l\u00e8vement forfaitaire unique (PFU)<\/a><\/strong>, aussi appel\u00e9e flat tax. Objectif affich\u00e9 : orienter l\u2019\u00e9pargne des m\u00e9nages vers l\u2019investissement productif, en faisant en sorte que les choix de l\u2019\u00e9pargnant soient guid\u00e9s par des raisons \u00e9conomiques plut\u00f4t que pour des consid\u00e9rations fiscales.<\/p>\n<p>Ce pr\u00e9l\u00e8vement unique de 30% sur les revenus du capital se d\u00e9compose en un taux d\u2019imp\u00f4t sur le revenu (IR) fixe de 12,8%, et un taux global de pr\u00e9l\u00e8vements sociaux de 17,2% tenant compte de la <strong><a href=\"https:\/\/www.toutsurmesfinances.com\/impots\/augmentation-de-la-csg-le-programme-de-macron.html\" target=\"_blank\">hausse de la CSG<\/a><\/strong> (contribution sociale g\u00e9n\u00e9ralis\u00e9e) pr\u00e9vue dans la loi de financement de la s\u00e9curit\u00e9 sociale pour 2018 (LFSS 2018).<\/p>\n<p>Tous les gains (int\u00e9r\u00eats, dividendes et revenus assimil\u00e9s, plus-values) tir\u00e9s de placements financiers seront soumis \u00e0 ce PFU sauf :<br \/>&#8211; les int\u00e9r\u00eats du livret A, du livret de d\u00e9veloppement durable et solidaire (LDDS, ex-LDD) et du livret d&rsquo;\u00e9pargne populaire (LEP),<br \/>&#8211; les int\u00e9r\u00eats des <strong><a href=\"https:\/\/www.toutsurmesfinances.com\/placements\/cel-compte-epargne-logement-un-complement-du-pel.html\" target=\"_blank\">CEL (comptes d\u2019\u00e9pargne-logement)<\/a><\/strong> et PEL (plans d\u2019\u00e9pargne-logement) ouverts avant le 1er janvier 2018<br \/>&#8211; <strong><a href=\"https:\/\/www.toutsurmesfinances.com\/placements\/epargne-salariale-definition-placements-deblocage-fiscalite.html\" target=\"_blank\">l\u2019\u00e9pargne salariale<\/a><\/strong><br \/>&#8211; le PEA et le PEA PME<br \/>&#8211; les gains des contrats d\u2019assurance vie pour les versements r\u00e9alis\u00e9s au plus tard le 26 septembre 2017. Autrement dit, la flat tax s\u2019applique \u00e0 tout versement effectu\u00e9 depuis le 27 septembre 2017 sur un contrat d\u2019assurance vie nouveau ou ancien, en cas de rachat r\u00e9alis\u00e9 sur un contrat dont l\u2019encours est sup\u00e9rieur \u00e0 150.000 euros.<\/p>\n<p>Sur option, les contribuables y trouvant un int\u00e9r\u00eat auront la possibilit\u00e9 chaque ann\u00e9e d\u2019\u00eatre imposables au bar\u00e8me progressif de l\u2019imp\u00f4t sur le revenu, pour tous leurs revenus de placements.<\/p>\n<p>Le dispositif pr\u00e9voit \u00e9galement plusieurs am\u00e9nagements des r\u00e8gles fiscales en vigueur pour les d\u00e9tenteurs d\u2019actions :<br \/>&#8211; suppression de l\u2019abattement de 40% sur les dividendes en cas d\u2019application de la flat tax (maintien en cas d\u2019option pour l\u2019imposition au bar\u00e8me de l\u2019IR)<br \/>&#8211; suppression des abattements pour dur\u00e9e de d\u00e9tention applicables dans le cadre de la fiscalit\u00e9 des plus-values de cession de valeurs mobili\u00e8res (sauf pour les titres acquis avant le 1er janvier 2018 en cas d&rsquo;option pour le bar\u00e8me de l&rsquo;imp\u00f4t sur le revenu)<br \/>&#8211; r\u00e9gime transitoire d\u2019abattement sp\u00e9cifique pour les plus-values de cession de titres r\u00e9alis\u00e9es par des dirigeants de PME partant \u00e0 la retraite.<\/p>\n<h3><span class=\"ez-toc-section\" id=\"Plus-values_professionnelles_des_TNS_alignement_de_la_fiscalite_sur_la_flat_tax\"><\/span><a id=\"pvtns\"><\/a>Plus-values professionnelles des TNS : alignement de la fiscalit\u00e9 sur la flat tax<span class=\"ez-toc-section-end\"><\/span><\/h3>\n<p>Les plus-values professionnelles \u00e0 long terme (plus de 2 ans) r\u00e9alis\u00e9es par les particuliers au titre de leur activit\u00e9 non salari\u00e9e (commer\u00e7ants, artisans, ind\u00e9pendants et agriculteurs) dans le cadre de leur soci\u00e9t\u00e9 soumise \u00e0 l\u2019IR auraient d\u00fb subir une fiscalit\u00e9 plus \u00e9lev\u00e9e \u00e0 partir du 1er janvier 2018, \u00e0 cause de la hausse du taux de CSG de 1,7 point. Ainsi, le taux d\u2019imposition global serait pass\u00e9 de 31,5% (16% au titre de l\u2019imposition de la plus-value \u00e0 l\u2019IR + 15,5% de pr\u00e9l\u00e8vements sociaux) \u00e0 33,2%.<\/p>\n<p>Pour ne pas p\u00e9naliser ces TNS (travailleurs non-salari\u00e9s) et sur proposition des d\u00e9put\u00e9s LREM, il a \u00e9t\u00e9 d\u00e9cid\u00e9 d\u2019aligner ce r\u00e9gime d\u2019imposition sur la flat tax, soit une taxation globale au taux de 30% dont 12,8% d\u2019imposition sur la plus-value professionnelle \u00e0 long terme \u00e0 l\u2019IR et 17,2% de pr\u00e9l\u00e8vements sociaux.<\/p>\n<h3><span class=\"ez-toc-section\" id=\"De_lISF_2017_a_lIFI_2018_creation_dun_impot_sur_la_fortune_immobiliere\"><\/span><a id=\"isfifi\"><\/a>De l\u2019ISF 2017 \u00e0 l\u2019IFI 2018 : cr\u00e9ation d\u2019un imp\u00f4t sur la fortune immobili\u00e8re<span class=\"ez-toc-section-end\"><\/span><\/h3>\n<p>Un nouvel imp\u00f4t sur la fortune immobili\u00e8re (IFI) verra le jour en 2018 en lieu et place de l\u2019imp\u00f4t de solidarit\u00e9 sur la fortune (ISF) en vigueur depuis 30 ans. Il sera codifi\u00e9 dans les articles 964 \u00e0 983 du Code g\u00e9n\u00e9ral des imp\u00f4ts (CGI).<\/p>\n<p>Cet IFI concernera les patrimoines immobiliers d\u2019une valeur nette de dettes sup\u00e9rieure \u00e0 1,3 million d\u2019euros, comme l\u2019ISF actuel. Le seuil de <strong><a href=\"https:\/\/www.toutsurmesfinances.com\/patrimoine\/a\/isf-qu-est-ce-que-le-patrimoine-net-taxable\" target=\"_blank\">patrimoine net taxable<\/a><\/strong> et le bar\u00e8me de calcul de l\u2019imp\u00f4t sont identiques (6 tranches de 0 \u00e0 1,5%) et le principe d\u2019un plafonnement de l\u2019imposition du patrimoine \u00e0 75% des revenus de l\u2019ann\u00e9e pr\u00e9c\u00e9dente est maintenu dans le cadre de l\u2019IFI. Enfin, les dons \u00e0 des \u0153uvres d&rsquo;int\u00e9r\u00eat g\u00e9n\u00e9ral pourront b\u00e9n\u00e9ficier d&rsquo;une r\u00e9duction d\u2019IFI de 75% alors que la r\u00e9duction ISF-PME, incitation fiscale \u00e0 l\u2019investissement dans les start-up et les jeunes entreprises, n\u2019est pas transpos\u00e9e dans le cadre de la<strong><a href=\"https:\/\/www.toutsurmesfinances.com\/patrimoine\/a\/isf-l-impot-sur-la-fortune-immobiliere-version-emmanuel-macron\" target=\"_blank\"> transformation de l&rsquo;ISF en IFI<\/a><\/strong>.<\/p>\n<p>Les actifs immobiliers non affect\u00e9s \u00e0 l&rsquo;activit\u00e9 professionnelle de leur propri\u00e9taire seront taxables.<\/p>\n<p>Enfin, la d\u00e9claration d\u2019imp\u00f4t sur la fortune immobili\u00e8re sera une annexe de la d\u00e9claration de revenus annuelle, d\u00e8s 2018.<\/p>\n<h3><span class=\"ez-toc-section\" id=\"Taxation_des_signes_exterieurs_de_richesse_lingots_dor_yachts_voitures_de_sport\"><\/span><a id=\"richesse\"><\/a>Taxation des signes ext\u00e9rieurs de richesse : lingots d\u2019or, yachts, voitures de sport<span class=\"ez-toc-section-end\"><\/span><\/h3>\n<p>Pour des raisons politiques, l\u2019Assembl\u00e9e nationale a vot\u00e9 plusieurs dispositions visant \u00e0 compenser symboliquement et (tr\u00e8s) partiellement la suppression de l\u2019ISF qui conduit les opposants de gauche d\u2019Emmanuel Macron \u00e0 le qualifier de \u00ab pr\u00e9sident des riches \u00bb.<\/p>\n<p>Trois surtaxes \u00e0 des taxes existantes ont ainsi \u00e9t\u00e9 adopt\u00e9es :<br \/>&#8211; <strong>Hausse du taux de la taxe sur les m\u00e9taux pr\u00e9cieux de 10 \u00e0 11%<\/strong> : le taux d\u2019imposition \u00e0 la revente de m\u00e9taux pr\u00e9cieux, comme les lingots d\u2019or, en platine, en argent, les d\u00e9bris de m\u00e9taux pr\u00e9cieux et les pi\u00e8ces de monnaie post\u00e9rieures \u00e0 1800 est major\u00e9 de 10% \u00e0 11%, taux auquel il faut ajouter la contribution pour le remboursement de la dette sociale (CRDS) au taux de 0,5%.<\/p>\n<p>&#8211; <strong>Cr\u00e9ation d\u2019une surtaxe \u00e0 la carte grise pour les voitures de sport<\/strong> : le texte pr\u00e9voit l\u2019instauration d\u2019une taxe additionnelle sur l\u2019immatriculation des voitures de sport neuves et d\u2019occasion, dont la puissance fiscale sup\u00e9rieure ou \u00e9gale \u00e0 36 chevaux fiscaux (CV). Son montant est fix\u00e9 \u00e0 500 euros minimum et \u00e0 8000 euros maximum.<\/p>\n<p>&#8211; <strong>Hausse de la taxe de francisation sur les yachts d\u2019au moins 30 m\u00e8tres<\/strong> : le PLF 2018 instaure une surtaxe annuelle pour les d\u00e9tenteurs de grands yachts d\u2019une longueur sup\u00e9rieure ou \u00e9gale \u00e0 30 m\u00e8tres. Ce rel\u00e8vement prend la forme d\u2019un nouveau bar\u00e8me du droit annuel de francisation et de navigation (DAFN, plus connu sous le nom de <strong><a href=\"https:\/\/www.toutsurmesfinances.com\/impots\/taxe-de-francisation-et-de-navigation-d-un-bateau-de-plaisance-ou-d-un-jet-ski-definition-calcul-exonerations.html\" target=\"_blank\">taxe de francisation<\/a><\/strong>) sp\u00e9cifique \u00e0 ce type de bateaux de plaisance. Le montant annuel de la taxe est compris entre 30.000 et 200.000 euros.<\/p>\n<p>On notera que le fait g\u00e9n\u00e9rateur de ces taxes diff\u00e8re totalement de l\u2019ancien ISF et de l\u2019IFI :<br \/>&#8211; la taxe sur les m\u00e9taux pr\u00e9cieux frappe uniquement les cessions et non leur d\u00e9tention<br \/>&#8211; la surtaxe sur les cartes grises n\u2019est due qu\u2019\u00e0 l\u2019achat, c\u2019est donc une taxe \u00ab one shot \u00bb<br \/>&#8211; seule la taxe sur les yachts est une taxe annuelle, mais elle ne devrait concerner que 37 bateaux, selon le d\u00e9compte communiqu\u00e9 par le d\u00e9put\u00e9 socialiste Luc Carvounas.<\/p>\n<h3><span class=\"ez-toc-section\" id=\"Dispositif_Loi_Pinel_achat_immobilier_eligible_en_zone_A_A_bis_et_B1_de_2018_a_2021\"><\/span><a id=\"pinel\"><\/a>Dispositif Loi Pinel : achat immobilier \u00e9ligible en zone A, A bis et B1 de 2018 \u00e0 2021<span class=\"ez-toc-section-end\"><\/span><\/h3>\n<p>Le dispositif Pinel, qui accorde au contribuable domicili\u00e9 en France une r\u00e9duction d\u2019imp\u00f4t sur le revenu en contrepartie de l\u2019achat d\u2019un appartement neuf ou assimil\u00e9 (travaux de r\u00e9habilitation d\u2019un logement ancien) \u00e0 des fins d\u2019investissement locatif est reconduit pour quatre ans, de 2018 \u00e0 2021.<\/p>\n<p>Cette reconduction ne s\u2019effectue pas \u00e0 l\u2019identique. La loi de finances met un terme au droit \u00e0 la Loi Pinel pour les logements situ\u00e9s dans des programmes immobiliers construits dans une commune des zones g\u00e9ographiques B2 et C rendue \u00e9ligible par d\u00e9rogation (agr\u00e9ment du pr\u00e9fet de r\u00e9gion), au motif qu\u2019il y r\u00e8gne une \u00ab moindre tension sur le march\u00e9 locatif \u00bb entre l\u2019offre de biens disponibles et la demande des locataires. Au total, 920 communes seraient exclues du dispositif.<\/p>\n<p>Un dispositif transitoire est cependant pr\u00e9vu pour la zone B2 et la zone C pour permettre la commercialisation jusqu\u2019\u00e0 la fin de l\u2019ann\u00e9e des programmes situ\u00e9s dans les communes agr\u00e9\u00e9es : l&rsquo;\u00e9ligibilit\u00e9 au dispositif Pinel serait maintenue en cas de finalisation de l\u2019acquisition au plus tard le 31 d\u00e9cembre 2018 (et non le 31 mars 2018 comme cela \u00e9tait pr\u00e9vu initialement) sous r\u00e9serve d&rsquo;un d\u00e9p\u00f4t de demande de permis de construire au plus tard le 31 d\u00e9cembre 2017.<\/p>\n<p>Le dispositif est maintenu \u00e0 l\u2019identique du <strong><a href=\"https:\/\/www.toutsurmesfinances.com\/impots\/investissement-locatif-pinel-la-defiscalisation-dans-l-immobilier-neuf.html\" target=\"_blank\">dispositif Loi Pinel 2017<\/a><\/strong> dans les zones A, A bis et B1 (r\u00e9gion parisienne, Genevois fran\u00e7ais, c\u00f4te d\u2019Azur et la plupart des grandes agglom\u00e9rations r\u00e9gionales).<\/p>\n<p>Il est en outre \u00e9tendu aux communes couvertes par un contrat de redynamisation de site de d\u00e9fense (CRDS), qui ont souffert de la disparition d&rsquo;une base militaire.<\/p>\n<p>Enfin une remise \u00e0 plat du zonage pourrait \u00eatre envisag\u00e9e ult\u00e9rieurement. Un rapport d&rsquo;\u00e9valuation devra \u00eatre remis en ce sens par le gouvernement au parlement avant le 1er septembre 2018.<\/p>\n<h3><span class=\"ez-toc-section\" id=\"Hausse_de_la_redevance_TV_2018_1_euro_de_taxe_en_plus\"><\/span><a id=\"redevance\"><\/a>Hausse de la redevance TV 2018 : 1 euro de taxe en plus<span class=\"ez-toc-section-end\"><\/span><\/h3>\n<p>Le PLF 2018 pr\u00e9voit une hausse de 1 euro de la <strong><a href=\"https:\/\/www.toutsurmesfinances.com\/impots\/contribution-a-l-audiovisuel-public-tout-savoir-sur-l-ex-redevance-tv.html\" target=\"_blank\">contribution \u00e0 l&rsquo;audiovisuel public<\/a><\/strong> (CAP, ex-redevance TV) l\u2019an prochain, de 138 \u00e0 139 euros en France m\u00e9tropolitaine et de 88 \u00e0 89 euros dans les d\u00e9partements d\u2019outre-mer.<\/p>\n<p>Cette augmentation correspond \u00e0 l\u2019indexation de cette taxe sur l&rsquo;\u00e9volution pr\u00e9visionnelle de l&rsquo;inflation, sans majoration.<\/p>\n<h3><span class=\"ez-toc-section\" id=\"Hausse_des_taxes_sur_le_gazole_de_2018_a_2021\"><\/span><a id=\"gazole\"><\/a>Hausse des taxes sur le gazole de 2018 \u00e0 2021<span class=\"ez-toc-section-end\"><\/span><\/h3>\n<p>Dans le cadre du plan climat du ministre de la Transition \u00e9cologique et solidaire Nicolas Hulot, le gouvernement a tranch\u00e9 en faveur d\u2019un alignement progressif de la fiscalit\u00e9 du gazole sur celle de l\u2019essence. Cons\u00e9quence, une hausse des taxes sur le diesel de 2,6 centimes par litre de carburant est pr\u00e9vue dans le PLF 2018 chaque ann\u00e9e pendant 4 ans, soit 10,4 centimes par litre au total sur la p\u00e9riode.<\/p>\n<h2><span class=\"ez-toc-section\" id=\"Liste_des_autres_mesures_du_PLF_2018_concernant_le_pouvoir_dachat\"><\/span><a id=\"autres\"><\/a>Liste des autres mesures du PLF 2018 concernant le pouvoir d\u2019achat<span class=\"ez-toc-section-end\"><\/span><\/h2>\n<h3><span class=\"ez-toc-section\" id=\"Suppression_de_la_CES_pour_les_fonctionnaires_en_compensation_de_la_hausse_de_CSG_2018\"><\/span><a id=\"ces\"><\/a>Suppression de la CES pour les fonctionnaires en compensation de la hausse de CSG 2018<span class=\"ez-toc-section-end\"><\/span><\/h3>\n<p>La loi de finances pour 2018 pr\u00e9voit une compensation partielle de l\u2019augmentation de la <strong><a href=\"https:\/\/www.toutsurmesfinances.com\/impots\/csg-definition-taux-calcul-tout-savoir-sur-la-contribution-sociale-generalisee.html\" target=\"_blank\">CSG (contribution sociale g\u00e9n\u00e9ralis\u00e9e)<\/a><\/strong> au 1er janvier prochain pour les fonctionnaires par la suppression de la contribution exceptionnelle de solidarit\u00e9 (CES), dont le taux se monte \u00e0 1%. Cette contribution est pr\u00e9lev\u00e9e sur les r\u00e9mun\u00e9rations des agents et salari\u00e9s du secteur public et des salari\u00e9s des employeurs du secteur public et parapublic.<\/p>\n<p>Contrairement \u00e0 la suppression des cotisations salariales d\u2019assurance ch\u00f4mage et maladie qui interviendra en deux temps pour les salari\u00e9s du priv\u00e9, au 1er janvier puis au 1er octobre 2018, l\u2019abrogation de la CES s\u2019appliquera \u00e0 tous les revenus per\u00e7us \u00e0 partir du 1er janvier prochain.<\/p>\n<p>Le gouvernement a tenu \u00e0 pr\u00e9ciser que cette mesure <em>\u00ab ne constitue qu\u2019un premier pas pour la compensation de la hausse de la CSG pour les agents et les salari\u00e9s du secteur public ou parapublic \u00bb.<\/em><\/p>\n<h3><span class=\"ez-toc-section\" id=\"Jour_de_carence_dans_la_fonction_publique_dEtat_hospitaliere_et_territoriale\"><\/span><a id=\"carence\"><\/a>Jour de carence dans la fonction publique d\u2019Etat, hospitali\u00e8re et territoriale<span class=\"ez-toc-section-end\"><\/span><\/h3>\n<p>Un jour de carence est instaur\u00e9 par le PLF 2018 pour les fonctionnaires en arr\u00eat maladie. En cons\u00e9quence, les agents publics civils et militaires en cong\u00e9 de maladie ne b\u00e9n\u00e9ficieront du maintien de leur r\u00e9mun\u00e9ration par l\u2019employeur qu\u2019\u00e0 partir du deuxi\u00e8me jour de l\u2019arr\u00eat de travail \u00e0 partir de 2018 et non imm\u00e9diatement comme actuellement.<\/p>\n<p>Ce jour de carence sera r\u00e9tabli dans les trois fonctions publiques :<br \/>&#8211; fonction publique d\u2019Etat<br \/>&#8211; fonction publique hospitali\u00e8re<br \/>&#8211; fonction publique territoriale.<\/p>\n<p>Pour les salari\u00e9s du secteur priv\u00e9, le d\u00e9lai de carence est fix\u00e9 \u00e0 trois jours.<\/p>\n<h3><span class=\"ez-toc-section\" id=\"PTZ_2018-2021_ancien_avec_travaux_en_zones_B2_et_C_qui_seront_exclues_pour_limmobilier_neuf\"><\/span><a id=\"ptz\"><\/a>PTZ 2018-2021 : ancien avec travaux en zones B2 et C, qui seront exclues pour l\u2019immobilier neuf<span class=\"ez-toc-section-end\"><\/span><\/h3>\n<p>Le pr\u00eat \u00e0 taux z\u00e9ro (PTZ), dispositif de pr\u00eat sans int\u00e9r\u00eat destin\u00e9 \u00e0 favoriser l\u2019accession \u00e0 la propri\u00e9t\u00e9, est reconduit pour quatre ann\u00e9es, du 1er janvier 2018 au 31 d\u00e9cembre 2021.<br \/>Cette prorogation s\u2019accompagne d\u2019un recentrage :<br \/>&#8211; dans l\u2019immobilier ancien avec travaux : sur les zones B2 et C pour inciter \u00e0 la r\u00e9habilitation des logements<br \/>&#8211; dans l\u2019immobilier neuf : sur les zones A, A bis et B1, o\u00f9 les besoins en logement sont les plus importants. Dans le projet de loi de finances, l\u2019exclusion de la zone C \u00e9tait pr\u00e9vue en 2018 et celle de la zone B2 en 2019. Toutefois, le 6 octobre 2017, Emmanuel Macron et son ministre en charge du logement ont annonc\u00e9 des assouplissements avec un maintien du PTZ dans le neuf dans les zones B2 et C (zones p\u00e9ri-urbaines et zones rurales) pour deux ans, en 2018 et 2019.<\/p>\n<h3><span class=\"ez-toc-section\" id=\"Reduction_de_loyer_dans_les_logements_HLM_et_gel_des_APL_en_octobre_2018\"><\/span><a id=\"hlm\"><\/a>R\u00e9duction de loyer dans les logements HLM et gel des APL en octobre 2018<span class=\"ez-toc-section-end\"><\/span><\/h3>\n<p>La loi de finances 2018 vise \u00e0 instaurer un m\u00e9canisme permettant \u00e0 un organisme HLM de moduler le loyer de l\u2019occupant \u00e0 la baisse si son revenu devient inf\u00e9rieur \u00e0 un certain niveau de ressource. Appel\u00e9 r\u00e9duction de loyer de solidarit\u00e9 (RLS), ce dispositif a notamment pour objectif de diminuer simultan\u00e9ment les <strong><a href=\"https:\/\/www.toutsurmesfinances.com\/immobilier\/calcul-simulation-criteres-ce-qu-il-faut-savoir-sur-les-apl.html\" target=\"_blank\">APL (aides personnalis\u00e9es au logement)<\/a><\/strong> vers\u00e9es directement aux bailleurs sociaux.<\/p>\n<p>De plus, le projet de texte de loi pr\u00e9voit un gel du bar\u00e8me de calcul des APL (synonyme d&rsquo;absence de revalorisation), qui aurait d\u00fb intervenir au 1er octobre 2018, apr\u00e8s la baisse de 5 euros d\u00e9cid\u00e9e pour le 1er octobre 2017.<\/p>\n<h3><span class=\"ez-toc-section\" id=\"Projet_de_suppression_de_lAPL_accession\"><\/span><a id=\"aplaccession\"><\/a>Projet de suppression de l\u2019APL accession<span class=\"ez-toc-section-end\"><\/span><\/h3>\n<p>Le gouvernement a d\u00e9cid\u00e9 de supprimer partiellement l&rsquo;APL accession. Ce dispositif permet aux m\u00e9nages aux revenus modestes devenus propri\u00e9taires de continuer \u00e0 b\u00e9n\u00e9ficier d\u2019une aide au logement pour les aider \u00e0 rembourser leur <strong><a href=\"https:\/\/www.toutsurmesfinances.com\/argent\/a\/pret-a-l-accession-sociale-pas-conditions-d-octroi-apl-accession-et-taux\" target=\"_blank\">pr\u00eat \u00e0 l\u2019accession sociale (PAS)<\/a><\/strong>. Il leur permet ainsi de r\u00e9duire le co\u00fbt de leurs mensualit\u00e9s.<\/p>\n<p>Aucune remise en cause de l&rsquo;APL accession n\u2019est pr\u00e9vue pour les personnes qui la per\u00e7oivent d\u00e9j\u00e0 : elle va continuer \u00e0 \u00eatre vers\u00e9e aux personnes d\u00e9j\u00e0 b\u00e9n\u00e9ficiaires.<\/p>\n<h3><span class=\"ez-toc-section\" id=\"Prime_dactivite_en_hausse_de_20_euros_en_octobre_2018\"><\/span><a id=\"primeactivite\"><\/a>Prime d\u2019activit\u00e9 en hausse de 20 euros en octobre 2018<span class=\"ez-toc-section-end\"><\/span><\/h3>\n<p>Le gouvernement a d\u00e9cid\u00e9 de proc\u00e9der \u00e0 une revalorisation exceptionnelle de la <strong><a href=\"https:\/\/www.toutsurmesfinances.com\/argent\/a\/prime-d-activite-conditions-demande-montant\" target=\"_blank\">prime d\u2019activit\u00e9<\/a><\/strong> de 20 euros par mois \u00e0 partir d\u2019octobre 2018, premi\u00e8re d\u2019une s\u00e9rie d\u2019autres augmentations qui devraient \u00eatre plus cibl\u00e9es. L\u2019objectif affich\u00e9 est d\u2019atteindre \u00e0 terme une augmentation de 80 euros de la prime d\u2019activit\u00e9 d\u2019ici 2022 pour les personnes qui touchent une r\u00e9mun\u00e9ration proche du montant du Smic.<\/p>\n<p>Bercy pr\u00e9cise que cette revalorisation devrait s\u2019accompagner d\u2019un nombre accru de foyers \u00e9ligibles (environ 65.000) dont les revenus mensuels sont l\u00e9g\u00e8rement au-dessus de 1.500 euros pour une personne seule.<\/p>\n<p>En attendant, le PLF 2018 pr\u00e9voit de ne plus prendre en compte en tant que revenus professionnels, pour le calcul du montant de la prime, les pensions d\u2019invalidit\u00e9 et rentes accident du travail et maladie professionnelle.<\/p>\n<h3><span class=\"ez-toc-section\" id=\"Prime_a_la_casse_malus_automobile_nouvelles_conditions_en_2018\"><\/span><a id=\"autohulot\"><\/a>Prime \u00e0 la casse, malus automobile : nouvelles conditions en 2018<span class=\"ez-toc-section-end\"><\/span><\/h3>\n<p>L\u2019ex\u00e9cutif a d\u00e9cid\u00e9 de durcir en 2018 le bar\u00e8me du <strong><a href=\"https:\/\/www.toutsurmesfinances.com\/argent\/a\/malus-ecologique-automobile-montants-de-la-taxe-demande-de-remboursement\" target=\"_blank\">malus automobile<\/a><\/strong>, taxe \u00e0 l\u2019achat d\u2019une voiture consid\u00e9r\u00e9e comme polluante par les pouvoirs publics. Le PLF 2018 pr\u00e9voit, d\u00e8s le 1er janvier 2018, un abaissement du seuil de d\u00e9clenchement du malus de 127 grammes de CO2 par kilom\u00e8tre parcouru en 2017 \u00e0 120 g de CO2\/km en 2018.<\/p>\n<p>Parall\u00e8lement, le montant maximum du malus est major\u00e9 \u00e0 10.500 euros pour les v\u00e9hicules les plus polluants, contre 10.000 euros en 2017. De m\u00eame, les d\u00e9put\u00e9s ont, avec le feu vert du gouvernement, d\u00e9cider d\u2019augmenter le malus automobile sur les voitures d\u2019occasion (VO).<br \/>Selon le nouveau bar\u00e8me vot\u00e9 \u00e0 l&rsquo;Assembl\u00e9e nationale, l\u2019augmentation du malus auto sur les VO est la suivante :<br \/>&#8211; de 12 \u00e0 14 CV inclus : le malus passe de 100 \u00e0 300 euros<br \/>&#8211; \u00e0 partir de 15 CV : le malus passe de 300 \u00e0 1000 euros.<\/p>\n<p>Ce durcissement du malus automobile vise notamment \u00e0 financer l\u2019\u00e9largissement en 2018 de la prime \u00e0 la conversion pour l\u2019achat d\u2019un v\u00e9hicule propre (ou \u00ab <strong><a href=\"https:\/\/www.toutsurmesfinances.com\/argent\/a\/prime-a-la-casse-conditions-et-montant-de-l-aide-a-l-achat-d-une-nouvelle-voiture\" target=\"_blank\">prime \u00e0 la casse<\/a><\/strong> \u00bb) :<br \/>&#8211; aux v\u00e9hicules roulant \u00e0 l\u2019essence les plus anciens (immatricul\u00e9s avant 1997) en vue de leur destruction<br \/>&#8211; \u00e0 tous les Fran\u00e7ais, sans conditions de ressources.<br \/>Par ailleurs, le montant de la prime est doubl\u00e9 de 1.000 \u00e0 2.000 euros pour les <strong><a href=\"https:\/\/www.toutsurmesfinances.com\/impots\/imposable-ou-non-imposable-sur-le-revenu-a-partir-de-combien-paye-t-on-des-impots.html\" target=\"_blank\">m\u00e9nages non imposables<\/a><\/strong> \u00e0 l\u2019imp\u00f4t sur le revenu.<\/p>\n<h3><span class=\"ez-toc-section\" id=\"Sortie_en_capital_des_contrats_Madelin_et_Article_83_lors_du_depart_a_la_retraite\"><\/span><a id=\"capitalretraite\"><\/a>Sortie en capital des contrats Madelin et Article 83 lors du d\u00e9part \u00e0 la retraite<span class=\"ez-toc-section-end\"><\/span><\/h3>\n<p>Sur proposition du d\u00e9put\u00e9 Modem Mohamed Laqhila, l\u2019Assembl\u00e9e nationale a vot\u00e9 une disposition visant \u00e0 autoriser la sortie en capital des <strong><a href=\"https:\/\/www.toutsurmesfinances.com\/retraite\/loi-madelin-fonctionnement-et-calcul-des-deductions-fiscales-des-contrats-de-retraite.html\" target=\"_blank\">contrats d\u2019\u00e9pargne retraite de type Madelin<\/a><\/strong> et Article 83 lors du d\u00e9part \u00e0 la retraite, dans la limite de 20% des droits individuels. La mesure ne figure pas dans le texte final de la loi de finances, ayant \u00e9t\u00e9 censur\u00e9e par le Conseil constitutionnel.<\/p>\n<p>Cette mesure visait \u00e0 aligner le r\u00e9gime des contrats Madelin et Article 83 sur celui du <strong><a href=\"https:\/\/www.toutsurmesfinances.com\/retraite\/le-perp-le-plan-d-epargne-retraite-populaire.html\" target=\"_blank\">Perp (plan d\u2019\u00e9pargne retraite populaire)<\/a><\/strong>, de Pr\u00e9fon-Retraite et de la compl\u00e9mentaire de retraite des hospitaliers (CRH) o\u00f9 cette possibilit\u00e9 de sortie partielle en capital existait d\u00e9j\u00e0.<\/p>\n<h2><span class=\"ez-toc-section\" id=\"Mesures_du_2eme_projet_de_loi_de_finances_rectificative_pour_2017\"><\/span><a id=\"plfr\"><\/a>Mesures du 2\u00e8me projet de loi de finances rectificative pour 2017<span class=\"ez-toc-section-end\"><\/span><\/h2>\n<p>Le deuxi\u00e8me projet de loi de finances rectificative pour 2017 a \u00e9t\u00e9 pr\u00e9sent\u00e9 le 15 novembre 2017 en Conseil des ministres.<br \/>Il a \u00e9t\u00e9 examin\u00e9 par la commission des finances de l&rsquo;Assembl\u00e9e nationale le 29 novembre et en s\u00e9ance publique le 4 d\u00e9cembre. Il a \u00e9t\u00e9 publi\u00e9 au Journal officiel le 30 d\u00e9cembre 2018.<\/p>\n<h3><span class=\"ez-toc-section\" id=\"Modifications_du_prelevement_a_la_source_de_limpot_sur_le_revenu\"><\/span><a id=\"pas\"><\/a>Modifications du pr\u00e9l\u00e8vement \u00e0 la source de l&rsquo;imp\u00f4t sur le revenu<span class=\"ez-toc-section-end\"><\/span><\/h3>\n<p>Le gouvernement a d\u00e9cid\u00e9 de proc\u00e9der \u00e0 quelques retouches au <strong><a href=\"https:\/\/www.toutsurmesfinances.com\/impots\/prelevement-a-la-source-et-impot-sur-le-revenu-fonctionnement-calcul-et-calendrier.html\" target=\"_blank\">pr\u00e9l\u00e8vement \u00e0 la source de l&rsquo;imp\u00f4t sur le revenu<\/a><\/strong> (P AS), dont l\u2019entr\u00e9e en vigueur a fait l\u2019objet d\u2019un report, du 1er janvier 2018 au 1er janvier 2019.<\/p>\n<p>Les am\u00e9nagements apport\u00e9s au PAS sont les suivants :<br \/>&#8211; lancement d\u2019une phase de simulation grandeur nature appel\u00e9e pr\u00e9figuration, pour les employeurs faisant le choix d\u2019y participer, applicable aux bulletins de paie correspondant aux revenus vers\u00e9s \u00e0 leurs salari\u00e9s pour la p\u00e9riode courant du 1er septembre au 31 d\u00e9cembre 2018 (information sur le taux et le montant du PAS, sur le revenu net comme si le PAS s\u2019appliquait d\u00e9j\u00e0)<br \/>&#8211; pas d\u2019application du pr\u00e9l\u00e8vement \u00e0 la source proprement dit \u00e0 la r\u00e9mun\u00e9ration des g\u00e9rants majoritaires de SARL dont les revenus sont tax\u00e9s comme des salaires en vertu de l\u2019article 62 du CGI (Code g\u00e9n\u00e9ral des imp\u00f4ts). Ces dirigeants de soci\u00e9t\u00e9 seront soumis \u00e0 des acomptes contemporains calcul\u00e9s automatiquement par l\u2019administration fiscale \u00e0 partir des \u00e9l\u00e9ments port\u00e9s \u00e0 sa connaissance dans la derni\u00e8re d\u00e9claration de revenus. Ce r\u00e9gime d\u2019acompte sera calqu\u00e9 sur celui des autres travailleurs non salari\u00e9s (TNS)<br \/>&#8211; prise en compte des abattements dont b\u00e9n\u00e9ficient certaines professions pour la d\u00e9termination de la base de calcul du taux du pr\u00e9l\u00e8vement \u00e0 la source<br \/>&#8211; assouplissement des sanctions applicables en cas de modulation \u00e0 la baisse erron\u00e9e du taux du PAS par un contribuable<br \/>&#8211; limitation de l&rsquo;impact fiscal de la d\u00e9ductibilit\u00e9 de l&rsquo;\u00e9pargne retraite individuelle (Perp, Pr\u00e9fon) pour les versements effectu\u00e9s en 2018-2019<br \/>&#8211; transposition aux monuments historiques du calcul des travaux d\u00e9ductibles pour les immeubles de droit commun pour les ann\u00e9es 2018 et 2019<\/p>\n<h3><span class=\"ez-toc-section\" id=\"Reduction_du_taux_de_linteret_de_retard_et_de_linteret_moratoire_de_48_a_24_par_an\"><\/span><a id=\"interet\"><\/a>R\u00e9duction du taux de l&rsquo;int\u00e9r\u00eat de retard et de l&rsquo;int\u00e9r\u00eat moratoire de 4,8% \u00e0 2,4% par an<span class=\"ez-toc-section-end\"><\/span><\/h3>\n<p>A partir du 1er janvier 2018, les int\u00e9r\u00eats de retard r\u00e9clam\u00e9s aux contribuables qui n\u2019ont pas r\u00e9gl\u00e9 leurs imp\u00f4ts dans les d\u00e9lais passeront de 0,40% \u00e0 0,20% par mois, soit une diminution de 4,80% \u00e0 2,40% par an.<\/p>\n<p>Parall\u00e8lement, en cas de d\u00e9cision de justice ou de d\u00e9cision administrative favorable au contribuable (d\u00e9gr\u00e8vement d\u2019imp\u00f4t par exemple), les int\u00e9r\u00eats moratoires dus par l\u2019\u00c9tat seront \u00e9galement diminu\u00e9s de moiti\u00e9.<\/p>\n<p>Cet abaissement doit s&rsquo;appliquer d\u00e8s le 1er janvier \u00e0 tous les int\u00e9r\u00eats courant, y compris ceux aff\u00e9rents \u00e0 des retards de paiement ou \u00e0 des d\u00e9cisions de justice ant\u00e9rieurs \u00e0 cette date.<\/p>\n<h3><span class=\"ez-toc-section\" id=\"Baisse_de_la_limite_de_paiement_des_impots_en_liquide_au_guichet\"><\/span><a id=\"liquide\"><\/a>Baisse de la limite de paiement des imp\u00f4ts en liquide au guichet<span class=\"ez-toc-section-end\"><\/span><\/h3>\n<p>Depuis le 1er janvier 2014, le paiement des imp\u00f4ts et taxes au guichet des Services des imp\u00f4ts des particuliers (SIP) est soumis \u00e0 une limite de 300 euros. Au-del\u00e0, il faut utiliser un autre moyen de paiement. Le gouvernement a pr\u00e9vu d\u2019abaisser ce seuil de paiement en esp\u00e8ces dans une fourchette de 60 \u00e0 300 euros selon les imp\u00f4ts.<\/p>\n<p>Les montants pr\u00e9cis seront fix\u00e9s dans un d\u00e9cret \u00e0 para\u00eetre apr\u00e8s la promulgation de la loi de finances rectificative.<\/p>\n<h3><span class=\"ez-toc-section\" id=\"Defi-foret_defiscalisation_en_faveur_de_linvestissement_forestier_prolongee_sur_la_periode_2018-2020\"><\/span><a id=\"defi\"><\/a>Defi-for\u00eat : d\u00e9fiscalisation en faveur de l\u2019investissement forestier prolong\u00e9e sur la p\u00e9riode 2018-2020<span class=\"ez-toc-section-end\"><\/span><\/h3>\n<p>En vigueur depuis 2001 et prolong\u00e9 par la loi de finances rectificative pour 2013, le dispositif d\u2019encouragement fiscal \u00e0 l\u2019investissement en for\u00eat (Defi-for\u00eat) devait s\u2019\u00e9teindre au 31 d\u00e9cembre 2017. Il b\u00e9n\u00e9ficie dans le cadre de la loi de finances rectificative pour 2017 d\u2019une prolongation sans modification sur trois ans, sur les ann\u00e9es 2018 \u00e0 2020.<\/p>\n<p>Le dispositif comporte quatre volets :<br \/>&#8211; Defi acquisition : r\u00e9duction d\u2019imp\u00f4t de 18% (1026 euros maximum pour une personne, ou 2052 euros en couple) pour l\u2019achat de bois, de terrains nus \u00e0 boiser ou de parts de groupements forestiers<br \/>&#8211; Defi assurance : r\u00e9duction d\u2019imp\u00f4t de 76% en contrepartie de la souscription d\u2019un contrat d\u2019assurance couvrant le risque temp\u00eate<br \/>&#8211; Defi travaux : cr\u00e9dit d\u2019imp\u00f4t de 18% (1125 ou 2250 euros maximum par an) pour travaux forestiers dans des propri\u00e9t\u00e9s bois\u00e9es de plus de 10 hectares<br \/>&#8211; Defi contrat : cr\u00e9dit d\u2019imp\u00f4t de 18% (360 \u00e0 1000 euros par an selon les cas) pour les propri\u00e9taires forestiers ayant sign\u00e9 un contrat de gestion de leurs bois et for\u00eats pour une surface inf\u00e9rieure \u00e0 25 hectares.<\/p>\n<p><strong>A propos du Budget 2019<\/strong><br \/><strong>&#8211; <a href=\"https:\/\/www.toutsurmesfinances.com\/argent\/a\/loi-de-finances-2019-mesures-et-dates-du-plf-2019\" target=\"_blank\">Loi de finances 2019 : mesures et dates du PLF 2019<\/a><\/strong><\/p>\n","protected":false},"excerpt":{"rendered":"<p>La loi de finances pour 2018 (LFI 2018) acte nombre d\u2019engagements pris par le candidat Macron pendant sa campagne, avant son \u00e9lection \u00e0 l\u2019Elys\u00e9e. Tour d\u2019horizon des mesures fiscales et autres dispositions du Budget de la France en faveur ou au d\u00e9triment du pouvoir d\u2019achat des m\u00e9nages dont les mesures phares ont \u00e9t\u00e9 valid\u00e9es le 28 d\u00e9cembre 2017 par le Conseil constitutionnel.<\/p>\n","protected":false},"author":13709,"featured_media":1611,"comment_status":"closed","ping_status":"closed","sticky":false,"template":"","format":"standard","meta":{"footnotes":""},"categories":[30],"tags":[],"class_list":["post-1612","post","type-post","status-publish","format-standard","has-post-thumbnail","hentry","category-budget"],"acf":[],"yoast_head":"<!-- This site is optimized with the Yoast SEO plugin v24.9 - https:\/\/yoast.com\/wordpress\/plugins\/seo\/ -->\n<title>Loi de finances 2018 : mesures et dates du PLF 2018<\/title>\n<meta name=\"description\" content=\"Le projet de loi de finances pour 2018 (PLF 2018) acte nombre d\u2019engagements pris par le candidat Macron pendant sa campagne, avant son \u00e9lection \u00e0 l\u2019Elys\u00e9e. Tour d\u2019horizon des mesures fiscales et autres dispositions du Budget de la France en faveur ou au d\" \/>\n<meta name=\"robots\" content=\"index, follow, max-snippet:-1, max-image-preview:large, max-video-preview:-1\" \/>\n<link rel=\"canonical\" href=\"https:\/\/www.toutsurmesfinances.com\/argent\/a\/loi-de-finances-2018-mesures\" \/>\n<meta property=\"og:locale\" content=\"fr_FR\" \/>\n<meta property=\"og:type\" content=\"article\" \/>\n<meta property=\"og:title\" content=\"Loi de finances 2018 : mesures et dates du PLF 2018\" \/>\n<meta property=\"og:description\" content=\"Le projet de loi de finances pour 2018 (PLF 2018) acte nombre d\u2019engagements pris par le candidat Macron pendant sa campagne, avant son \u00e9lection \u00e0 l\u2019Elys\u00e9e. Tour d\u2019horizon des mesures fiscales et autres dispositions du Budget de la France en faveur ou au d\" \/>\n<meta property=\"og:url\" content=\"https:\/\/www.toutsurmesfinances.com\/argent\/a\/loi-de-finances-2018-mesures\" \/>\n<meta property=\"og:site_name\" content=\"Argent\" \/>\n<meta property=\"article:published_time\" content=\"2017-09-28T18:07:08+00:00\" \/>\n<meta property=\"article:modified_time\" content=\"2018-09-28T14:07:56+00:00\" \/>\n<meta property=\"og:image\" content=\"https:\/\/www.toutsurmesfinances.com\/argent\/wp-content\/uploads\/sites\/3\/2017\/09\/plf-2018.jpg\" \/>\n\t<meta property=\"og:image:width\" content=\"823\" \/>\n\t<meta property=\"og:image:height\" content=\"463\" \/>\n\t<meta property=\"og:image:type\" content=\"image\/jpeg\" \/>\n<meta name=\"author\" content=\"Olivier Brunet\" \/>\n<meta name=\"twitter:card\" content=\"summary_large_image\" \/>\n<meta name=\"twitter:creator\" content=\"@Toutsur\" \/>\n<meta name=\"twitter:site\" content=\"@Toutsur\" \/>\n<meta name=\"twitter:label1\" content=\"\u00c9crit par\" \/>\n\t<meta name=\"twitter:data1\" content=\"Olivier Brunet\" \/>\n\t<meta name=\"twitter:label2\" content=\"Dur\u00e9e de lecture estim\u00e9e\" \/>\n\t<meta name=\"twitter:data2\" content=\"27 minutes\" \/>\n<script type=\"application\/ld+json\" class=\"yoast-schema-graph\">{\"@context\":\"https:\/\/schema.org\",\"@graph\":[{\"@type\":\"Article\",\"@id\":\"https:\/\/www.toutsurmesfinances.com\/argent\/a\/loi-de-finances-2018-mesures#article\",\"isPartOf\":{\"@id\":\"https:\/\/www.toutsurmesfinances.com\/argent\/a\/loi-de-finances-2018-mesures\"},\"author\":{\"name\":\"Olivier Brunet\",\"@id\":\"https:\/\/www.toutsurmesfinances.com\/argent\/#\/schema\/person\/f3692b3163890cd1408bd0dc68a1b55a\"},\"headline\":\"Loi de finances 2018 : mesures et dates du PLF 2018\",\"dateModified\":\"2018-09-28T14:07:56+00:00\",\"mainEntityOfPage\":{\"@id\":\"https:\/\/www.toutsurmesfinances.com\/argent\/a\/loi-de-finances-2018-mesures\"},\"wordCount\":5479,\"publisher\":{\"@id\":\"https:\/\/www.toutsurmesfinances.com\/argent\/#organization\"},\"image\":{\"@id\":\"https:\/\/www.toutsurmesfinances.com\/argent\/a\/loi-de-finances-2018-mesures#primaryimage\"},\"thumbnailUrl\":\"https:\/\/www.toutsurmesfinances.com\/argent\/wp-content\/uploads\/sites\/3\/2017\/09\/plf-2018.jpg\",\"articleSection\":[\"Budget\"],\"inLanguage\":\"fr-FR\"},{\"@type\":\"WebPage\",\"@id\":\"https:\/\/www.toutsurmesfinances.com\/argent\/a\/loi-de-finances-2018-mesures\",\"url\":\"https:\/\/www.toutsurmesfinances.com\/argent\/a\/loi-de-finances-2018-mesures\",\"name\":\"Loi de finances 2018 : mesures et dates du PLF 2018\",\"isPartOf\":{\"@id\":\"https:\/\/www.toutsurmesfinances.com\/argent\/#website\"},\"primaryImageOfPage\":{\"@id\":\"https:\/\/www.toutsurmesfinances.com\/argent\/a\/loi-de-finances-2018-mesures#primaryimage\"},\"image\":{\"@id\":\"https:\/\/www.toutsurmesfinances.com\/argent\/a\/loi-de-finances-2018-mesures#primaryimage\"},\"thumbnailUrl\":\"https:\/\/www.toutsurmesfinances.com\/argent\/wp-content\/uploads\/sites\/3\/2017\/09\/plf-2018.jpg\",\"dateModified\":\"2018-09-28T14:07:56+00:00\",\"description\":\"Le projet de loi de finances pour 2018 (PLF 2018) acte nombre d\u2019engagements pris par le candidat Macron pendant sa campagne, avant son \u00e9lection \u00e0 l\u2019Elys\u00e9e. Tour d\u2019horizon des mesures fiscales et autres dispositions du Budget de la France en faveur ou au d\",\"breadcrumb\":{\"@id\":\"https:\/\/www.toutsurmesfinances.com\/argent\/a\/loi-de-finances-2018-mesures#breadcrumb\"},\"inLanguage\":\"fr-FR\",\"potentialAction\":[{\"@type\":\"ReadAction\",\"target\":[\"https:\/\/www.toutsurmesfinances.com\/argent\/a\/loi-de-finances-2018-mesures\"]}]},{\"@type\":\"ImageObject\",\"inLanguage\":\"fr-FR\",\"@id\":\"https:\/\/www.toutsurmesfinances.com\/argent\/a\/loi-de-finances-2018-mesures#primaryimage\",\"url\":\"https:\/\/www.toutsurmesfinances.com\/argent\/wp-content\/uploads\/sites\/3\/2017\/09\/plf-2018.jpg\",\"contentUrl\":\"https:\/\/www.toutsurmesfinances.com\/argent\/wp-content\/uploads\/sites\/3\/2017\/09\/plf-2018.jpg\",\"width\":823,\"height\":463,\"caption\":\"Le projet de loi de finances pour 2018 a \u00e9t\u00e9 pr\u00e9sent\u00e9 le 27 septembre 2017 par le gouvernement\"},{\"@type\":\"BreadcrumbList\",\"@id\":\"https:\/\/www.toutsurmesfinances.com\/argent\/a\/loi-de-finances-2018-mesures#breadcrumb\",\"itemListElement\":[{\"@type\":\"ListItem\",\"position\":1,\"name\":\"Accueil\",\"item\":\"https:\/\/www.toutsurmesfinances.com\/argent\/\"},{\"@type\":\"ListItem\",\"position\":2,\"name\":\"Budget\",\"item\":\"https:\/\/www.toutsurmesfinances.com\/argent\/c\/budget\"},{\"@type\":\"ListItem\",\"position\":3,\"name\":\"Loi de finances 2018 : mesures et dates du PLF 2018\"}]},{\"@type\":\"WebSite\",\"@id\":\"https:\/\/www.toutsurmesfinances.com\/argent\/#website\",\"url\":\"https:\/\/www.toutsurmesfinances.com\/argent\/\",\"name\":\"Argent\",\"description\":\"\",\"publisher\":{\"@id\":\"https:\/\/www.toutsurmesfinances.com\/argent\/#organization\"},\"potentialAction\":[{\"@type\":\"SearchAction\",\"target\":{\"@type\":\"EntryPoint\",\"urlTemplate\":\"https:\/\/www.toutsurmesfinances.com\/argent\/?s={search_term_string}\"},\"query-input\":{\"@type\":\"PropertyValueSpecification\",\"valueRequired\":true,\"valueName\":\"search_term_string\"}}],\"inLanguage\":\"fr-FR\"},{\"@type\":\"Organization\",\"@id\":\"https:\/\/www.toutsurmesfinances.com\/argent\/#organization\",\"name\":\"Tout Sur Mes Finances\",\"url\":\"https:\/\/www.toutsurmesfinances.com\/argent\/\",\"logo\":{\"@type\":\"ImageObject\",\"inLanguage\":\"fr-FR\",\"@id\":\"https:\/\/www.toutsurmesfinances.com\/argent\/#\/schema\/logo\/image\/\",\"url\":\"https:\/\/www.toutsurmesfinances.com\/argent\/wp-content\/uploads\/sites\/3\/2021\/01\/favicon.png\",\"contentUrl\":\"https:\/\/www.toutsurmesfinances.com\/argent\/wp-content\/uploads\/sites\/3\/2021\/01\/favicon.png\",\"width\":512,\"height\":512,\"caption\":\"Tout Sur Mes Finances\"},\"image\":{\"@id\":\"https:\/\/www.toutsurmesfinances.com\/argent\/#\/schema\/logo\/image\/\"},\"sameAs\":[\"https:\/\/x.com\/Toutsur\"]},{\"@type\":\"Person\",\"@id\":\"https:\/\/www.toutsurmesfinances.com\/argent\/#\/schema\/person\/f3692b3163890cd1408bd0dc68a1b55a\",\"name\":\"Olivier Brunet\",\"image\":{\"@type\":\"ImageObject\",\"inLanguage\":\"fr-FR\",\"@id\":\"https:\/\/www.toutsurmesfinances.com\/argent\/#\/schema\/person\/image\/\",\"url\":\"https:\/\/secure.gravatar.com\/avatar\/59a19214b7bb3163a27d873fa61f9a80?s=96&d=mm&r=g\",\"contentUrl\":\"https:\/\/secure.gravatar.com\/avatar\/59a19214b7bb3163a27d873fa61f9a80?s=96&d=mm&r=g\",\"caption\":\"Olivier Brunet\"},\"description\":\"Olivier Brunet est cofondateur de\u00a0ToutSurMesFinances.com\u00a0et r\u00e9dacteur en chef sp\u00e9cialis\u00e9 en placements et fiscalit\u00e9\u00a0des particuliers. Pr\u00e9sent\u00a0au sein du\u00a0m\u00e9dia\u00a0depuis sa cr\u00e9ation, il en est l\u2019un des piliers \u00e9ditoriaux. Il analyse les strat\u00e9gies d\u2019investissement,\u00a0suit\u00a0les \u00e9volutions fiscales et les\u00a0probl\u00e9matiques\u00a0patrimoniales\u00a0avec une vision long terme, forg\u00e9e par des ann\u00e9es de pratique et de suivi des march\u00e9s.\u00a0\",\"sameAs\":[\"https:\/\/www.toutsurmesfinances.com\/author\/olivier\",\"https:\/\/www.linkedin.com\/in\/obrunet\/\"]}]}<\/script>\n<!-- \/ Yoast SEO plugin. -->","yoast_head_json":{"title":"Loi de finances 2018 : mesures et dates du PLF 2018","description":"Le projet de loi de finances pour 2018 (PLF 2018) acte nombre d\u2019engagements pris par le candidat Macron pendant sa campagne, avant son \u00e9lection \u00e0 l\u2019Elys\u00e9e. Tour d\u2019horizon des mesures fiscales et autres dispositions du Budget de la France en faveur ou au d","robots":{"index":"index","follow":"follow","max-snippet":"max-snippet:-1","max-image-preview":"max-image-preview:large","max-video-preview":"max-video-preview:-1"},"canonical":"https:\/\/www.toutsurmesfinances.com\/argent\/a\/loi-de-finances-2018-mesures","og_locale":"fr_FR","og_type":"article","og_title":"Loi de finances 2018 : mesures et dates du PLF 2018","og_description":"Le projet de loi de finances pour 2018 (PLF 2018) acte nombre d\u2019engagements pris par le candidat Macron pendant sa campagne, avant son \u00e9lection \u00e0 l\u2019Elys\u00e9e. Tour d\u2019horizon des mesures fiscales et autres dispositions du Budget de la France en faveur ou au d","og_url":"https:\/\/www.toutsurmesfinances.com\/argent\/a\/loi-de-finances-2018-mesures","og_site_name":"Argent","article_published_time":"2017-09-28T18:07:08+00:00","article_modified_time":"2018-09-28T14:07:56+00:00","og_image":[{"width":823,"height":463,"url":"https:\/\/www.toutsurmesfinances.com\/argent\/wp-content\/uploads\/sites\/3\/2017\/09\/plf-2018.jpg","type":"image\/jpeg"}],"author":"Olivier Brunet","twitter_card":"summary_large_image","twitter_creator":"@Toutsur","twitter_site":"@Toutsur","twitter_misc":{"\u00c9crit par":"Olivier Brunet","Dur\u00e9e de lecture estim\u00e9e":"27 minutes"},"schema":{"@context":"https:\/\/schema.org","@graph":[{"@type":"Article","@id":"https:\/\/www.toutsurmesfinances.com\/argent\/a\/loi-de-finances-2018-mesures#article","isPartOf":{"@id":"https:\/\/www.toutsurmesfinances.com\/argent\/a\/loi-de-finances-2018-mesures"},"author":{"name":"Olivier Brunet","@id":"https:\/\/www.toutsurmesfinances.com\/argent\/#\/schema\/person\/f3692b3163890cd1408bd0dc68a1b55a"},"headline":"Loi de finances 2018 : mesures et dates du PLF 2018","dateModified":"2018-09-28T14:07:56+00:00","mainEntityOfPage":{"@id":"https:\/\/www.toutsurmesfinances.com\/argent\/a\/loi-de-finances-2018-mesures"},"wordCount":5479,"publisher":{"@id":"https:\/\/www.toutsurmesfinances.com\/argent\/#organization"},"image":{"@id":"https:\/\/www.toutsurmesfinances.com\/argent\/a\/loi-de-finances-2018-mesures#primaryimage"},"thumbnailUrl":"https:\/\/www.toutsurmesfinances.com\/argent\/wp-content\/uploads\/sites\/3\/2017\/09\/plf-2018.jpg","articleSection":["Budget"],"inLanguage":"fr-FR"},{"@type":"WebPage","@id":"https:\/\/www.toutsurmesfinances.com\/argent\/a\/loi-de-finances-2018-mesures","url":"https:\/\/www.toutsurmesfinances.com\/argent\/a\/loi-de-finances-2018-mesures","name":"Loi de finances 2018 : mesures et dates du PLF 2018","isPartOf":{"@id":"https:\/\/www.toutsurmesfinances.com\/argent\/#website"},"primaryImageOfPage":{"@id":"https:\/\/www.toutsurmesfinances.com\/argent\/a\/loi-de-finances-2018-mesures#primaryimage"},"image":{"@id":"https:\/\/www.toutsurmesfinances.com\/argent\/a\/loi-de-finances-2018-mesures#primaryimage"},"thumbnailUrl":"https:\/\/www.toutsurmesfinances.com\/argent\/wp-content\/uploads\/sites\/3\/2017\/09\/plf-2018.jpg","dateModified":"2018-09-28T14:07:56+00:00","description":"Le projet de loi de finances pour 2018 (PLF 2018) acte nombre d\u2019engagements pris par le candidat Macron pendant sa campagne, avant son \u00e9lection \u00e0 l\u2019Elys\u00e9e. Tour d\u2019horizon des mesures fiscales et autres dispositions du Budget de la France en faveur ou au d","breadcrumb":{"@id":"https:\/\/www.toutsurmesfinances.com\/argent\/a\/loi-de-finances-2018-mesures#breadcrumb"},"inLanguage":"fr-FR","potentialAction":[{"@type":"ReadAction","target":["https:\/\/www.toutsurmesfinances.com\/argent\/a\/loi-de-finances-2018-mesures"]}]},{"@type":"ImageObject","inLanguage":"fr-FR","@id":"https:\/\/www.toutsurmesfinances.com\/argent\/a\/loi-de-finances-2018-mesures#primaryimage","url":"https:\/\/www.toutsurmesfinances.com\/argent\/wp-content\/uploads\/sites\/3\/2017\/09\/plf-2018.jpg","contentUrl":"https:\/\/www.toutsurmesfinances.com\/argent\/wp-content\/uploads\/sites\/3\/2017\/09\/plf-2018.jpg","width":823,"height":463,"caption":"Le projet de loi de finances pour 2018 a \u00e9t\u00e9 pr\u00e9sent\u00e9 le 27 septembre 2017 par le gouvernement"},{"@type":"BreadcrumbList","@id":"https:\/\/www.toutsurmesfinances.com\/argent\/a\/loi-de-finances-2018-mesures#breadcrumb","itemListElement":[{"@type":"ListItem","position":1,"name":"Accueil","item":"https:\/\/www.toutsurmesfinances.com\/argent\/"},{"@type":"ListItem","position":2,"name":"Budget","item":"https:\/\/www.toutsurmesfinances.com\/argent\/c\/budget"},{"@type":"ListItem","position":3,"name":"Loi de finances 2018 : mesures et dates du PLF 2018"}]},{"@type":"WebSite","@id":"https:\/\/www.toutsurmesfinances.com\/argent\/#website","url":"https:\/\/www.toutsurmesfinances.com\/argent\/","name":"Argent","description":"","publisher":{"@id":"https:\/\/www.toutsurmesfinances.com\/argent\/#organization"},"potentialAction":[{"@type":"SearchAction","target":{"@type":"EntryPoint","urlTemplate":"https:\/\/www.toutsurmesfinances.com\/argent\/?s={search_term_string}"},"query-input":{"@type":"PropertyValueSpecification","valueRequired":true,"valueName":"search_term_string"}}],"inLanguage":"fr-FR"},{"@type":"Organization","@id":"https:\/\/www.toutsurmesfinances.com\/argent\/#organization","name":"Tout Sur Mes Finances","url":"https:\/\/www.toutsurmesfinances.com\/argent\/","logo":{"@type":"ImageObject","inLanguage":"fr-FR","@id":"https:\/\/www.toutsurmesfinances.com\/argent\/#\/schema\/logo\/image\/","url":"https:\/\/www.toutsurmesfinances.com\/argent\/wp-content\/uploads\/sites\/3\/2021\/01\/favicon.png","contentUrl":"https:\/\/www.toutsurmesfinances.com\/argent\/wp-content\/uploads\/sites\/3\/2021\/01\/favicon.png","width":512,"height":512,"caption":"Tout Sur Mes Finances"},"image":{"@id":"https:\/\/www.toutsurmesfinances.com\/argent\/#\/schema\/logo\/image\/"},"sameAs":["https:\/\/x.com\/Toutsur"]},{"@type":"Person","@id":"https:\/\/www.toutsurmesfinances.com\/argent\/#\/schema\/person\/f3692b3163890cd1408bd0dc68a1b55a","name":"Olivier Brunet","image":{"@type":"ImageObject","inLanguage":"fr-FR","@id":"https:\/\/www.toutsurmesfinances.com\/argent\/#\/schema\/person\/image\/","url":"https:\/\/secure.gravatar.com\/avatar\/59a19214b7bb3163a27d873fa61f9a80?s=96&d=mm&r=g","contentUrl":"https:\/\/secure.gravatar.com\/avatar\/59a19214b7bb3163a27d873fa61f9a80?s=96&d=mm&r=g","caption":"Olivier Brunet"},"description":"Olivier Brunet est cofondateur de\u00a0ToutSurMesFinances.com\u00a0et r\u00e9dacteur en chef sp\u00e9cialis\u00e9 en placements et fiscalit\u00e9\u00a0des particuliers. Pr\u00e9sent\u00a0au sein du\u00a0m\u00e9dia\u00a0depuis sa cr\u00e9ation, il en est l\u2019un des piliers \u00e9ditoriaux. Il analyse les strat\u00e9gies d\u2019investissement,\u00a0suit\u00a0les \u00e9volutions fiscales et les\u00a0probl\u00e9matiques\u00a0patrimoniales\u00a0avec une vision long terme, forg\u00e9e par des ann\u00e9es de pratique et de suivi des march\u00e9s.\u00a0","sameAs":["https:\/\/www.toutsurmesfinances.com\/author\/olivier","https:\/\/www.linkedin.com\/in\/obrunet\/"]}]}},"_links":{"self":[{"href":"https:\/\/www.toutsurmesfinances.com\/argent\/wp-json\/wp\/v2\/posts\/1612","targetHints":{"allow":["GET"]}}],"collection":[{"href":"https:\/\/www.toutsurmesfinances.com\/argent\/wp-json\/wp\/v2\/posts"}],"about":[{"href":"https:\/\/www.toutsurmesfinances.com\/argent\/wp-json\/wp\/v2\/types\/post"}],"author":[{"embeddable":true,"href":"https:\/\/www.toutsurmesfinances.com\/argent\/wp-json\/wp\/v2\/users\/13709"}],"replies":[{"embeddable":true,"href":"https:\/\/www.toutsurmesfinances.com\/argent\/wp-json\/wp\/v2\/comments?post=1612"}],"version-history":[{"count":0,"href":"https:\/\/www.toutsurmesfinances.com\/argent\/wp-json\/wp\/v2\/posts\/1612\/revisions"}],"wp:featuredmedia":[{"embeddable":true,"href":"https:\/\/www.toutsurmesfinances.com\/argent\/wp-json\/wp\/v2\/media\/1611"}],"wp:attachment":[{"href":"https:\/\/www.toutsurmesfinances.com\/argent\/wp-json\/wp\/v2\/media?parent=1612"}],"wp:term":[{"taxonomy":"category","embeddable":true,"href":"https:\/\/www.toutsurmesfinances.com\/argent\/wp-json\/wp\/v2\/categories?post=1612"},{"taxonomy":"post_tag","embeddable":true,"href":"https:\/\/www.toutsurmesfinances.com\/argent\/wp-json\/wp\/v2\/tags?post=1612"}],"curies":[{"name":"wp","href":"https:\/\/api.w.org\/{rel}","templated":true}]}}