{"id":1630,"date":"2017-11-14T12:58:19","date_gmt":"2017-11-14T11:58:19","guid":{"rendered":"https:\/\/www.toutsurmesfinances.com\/argent\/a\/devenir-ou-etre-auto-entrepreneur-statut-cotisations-impots-inscription"},"modified":"2023-06-27T16:24:40","modified_gmt":"2023-06-27T14:24:40","slug":"devenir-ou-etre-auto-entrepreneur-statut-cotisations-impots-inscription","status":"publish","type":"post","link":"https:\/\/www.toutsurmesfinances.com\/argent\/a\/devenir-ou-etre-auto-entrepreneur-statut-cotisations-impots-inscription","title":{"rendered":"Devenir ou \u00eatre auto-entrepreneur : statut, cotisations, imp\u00f4ts, inscription"},"content":{"rendered":"<h2><span class=\"ez-toc-section\" id=\"Auto-entrepreneur_definition_du_statut\"><\/span><a id=\"statut\"><\/a>Auto-entrepreneur : d\u00e9finition du statut<span class=\"ez-toc-section-end\"><\/span><\/h2>\n<h3>Micro-entrepreneur ou auto-entrepreneur, qu&rsquo;est-ce que c&rsquo;est ?<\/h3>\n<p>L\u2019auto-entrepreneur (AE) est un entrepreneur individuel ind\u00e9pendant qui exerce une petite activit\u00e9 professionnelle r\u00e9guli\u00e8re ou occasionnelle, \u00e0 titre principal ou secondaire, comme compl\u00e9ment de revenus ou pour tester un projet\/une id\u00e9e. L\u2019auto-entrepreneur est en principe accessible \u00e0 tous, sous conditions, y compris quand on est sans dipl\u00f4me.<\/p>\n<p>Le r\u00e9gime de l\u2019auto-entrepreneur est relativement r\u00e9cent. Il a \u00e9t\u00e9 cr\u00e9\u00e9 par la loi LME du 4 ao\u00fbt 2008 (ou loi de modernisation de l\u2019\u00e9conomie, n\u00b02008-776). L\u2019appellation du dispositif a chang\u00e9 depuis le 1er janvier 2016 : l\u2019auto-entrepreneur est devenu le micro-entrepreneur dans le cadre de la fusion des r\u00e9gimes de l\u2019auto-entrepreneur et de la micro-entreprise.<\/p>\n<p>Sur le plan juridique, les activit\u00e9s exerc\u00e9es sont de trois natures : activit\u00e9 artisanale, activit\u00e9 commerciale, activit\u00e9 lib\u00e9rale. Dans les faits, on peut d\u00e9nombrer au moins quatre grandes cat\u00e9gories d\u2019auto-entrepreneurs, correspondant \u00e0 quatre types d\u2019activit\u00e9s :<\/p>\n<ol>\n<li>activit\u00e9 commerciale : achat-revente de marchandises (y compris import, export), magasin de vente de v\u00eatements par exemple, etc.<\/li>\n<li>activit\u00e9 d\u2019h\u00e9bergement-restauration : h\u00f4tellerie, chambre d\u2019h\u00f4te, location d\u2019un bien immobilier nu (non meubl\u00e9)<\/li>\n<li>activit\u00e9 de prestations de services commerciales et artisanales : VTC (conducteur de voiture de transport avec chauffeur), agent de nettoyage, coiffeur, agent commercial, etc.<\/li>\n<li>activit\u00e9s non commerciales (professions lib\u00e9rales) : psychologue, consultant, etc.<\/li>\n<\/ol>\n<p>A fin juin 2021, on d\u00e9nombrait plus de 2,2 millions d\u2019auto-entrepreneurs en France dont 1,145 million sont actifs, r\u00e9alisant un chiffre d\u2019affaires d\u2019environ 4.567 euros par trimestre en moyenne (Source : Acoss Stat n\u00b0 337 &#8211; janvier 2022).<\/p>\n<h3>Auto-entrepreneur : un r\u00e9gime simplifi\u00e9, pas un statut<\/h3>\n<p>Par souci de simplification, on entend souvent parler dans le langage courant du statut de l\u2019auto-entrepreneur. Attention cependant, l\u2019auto-entrepreneur n\u2019est pas un statut juridique de soci\u00e9t\u00e9 contrairement \u00e0 la SAS (soci\u00e9t\u00e9 par actions simplifi\u00e9e), \u00e0 la SASU (soci\u00e9t\u00e9 par actions simplifi\u00e9e unipersonnelle) ou \u00e0 l\u2019EURL (entreprise unipersonnelle \u00e0 responsabilit\u00e9 limit\u00e9e). C\u2019est en fait un mode de cr\u00e9ation et de gestion administrative simplifi\u00e9e d\u2019une activit\u00e9 professionnelle sous le statut d\u2019entreprise individuelle (EI).<\/p>\n<p>Il n\u2019y a donc pas de d\u00e9finition juridique propre \u00e0 l\u2019auto-entrepreneur ou micro-entrepreneur. \u00catre auto-entrepreneur, c\u2019est relever simultan\u00e9ment de deux r\u00e9gimes simplifi\u00e9s :<\/p>\n<ul>\n<li>le r\u00e9gime fiscal des micro-entreprises relevant des b\u00e9n\u00e9fices industriels et commerciaux (BIC), appel\u00e9 micro-BIC et\/ou des b\u00e9n\u00e9fices non commerciaux (BNC) pour l\u2019imposition des revenus ou micro-BNC<\/li>\n<li>le r\u00e9gime micro-social pour le calcul des charges sociales.<\/li>\n<\/ul>\n<h3>Avantages et inconv\u00e9nients du \u00ab statut \u00bb d\u2019auto-entrepreneur<\/h3>\n<h4>Avantages du r\u00e9gime de l\u2019auto-entrepreneur<\/h4>\n<p>Les principaux avantages du r\u00e9gime de l\u2019auto-entrepreneur sont les suivants :<\/p>\n<ul>\n<li>inscription simple et gratuite<\/li>\n<li>aucun capital \u00e0 apporter \u00e0 la cr\u00e9ation<\/li>\n<li>absence de cotisations et contributions sociales, ni de frais \u00e0 payer tant que vous n&rsquo;avez pas encaiss\u00e9 vos premi\u00e8res factures.<\/li>\n<li>obligations comptables all\u00e9g\u00e9es (pas de bilan ni compte de r\u00e9sultats \u00e0 \u00e9tablir)<\/li>\n<li>obligations fiscales et d\u00e9claratives r\u00e9duites (pas de d\u00e9claration professionnelle de b\u00e9n\u00e9fices sp\u00e9cifique \u00e0 effectuer)<\/li>\n<li>absence de facturation de TVA (taxe sur la valeur ajout\u00e9e) <strong><a href=\"https:\/\/www.toutsurmesfinances.com\/argent\/a\/plafond-auto-entrepreneur-seuil-de-ca-tva-et-augmentation#tva\" target=\"_blank\" rel=\"noopener noreferrer\">dans la limite du plafond de franchise en base de TVA<\/a><\/strong><\/li>\n<li>montant des charges sociales connu \u00e0 l\u2019avance (charges proportionnelles au CA r\u00e9alis\u00e9)<\/li>\n<\/ul>\n<h4>Inconv\u00e9nients du r\u00e9gime de l\u2019auto-entrepreneur<\/h4>\n<p>Les principaux inconv\u00e9nients du r\u00e9gime de l\u2019auto-entrepreneur sont les suivants :<\/p>\n<ul>\n<li>instabilit\u00e9 juridique et fiscale depuis la cr\u00e9ation du r\u00e9gime en 2009<\/li>\n<li>activit\u00e9s exclues par la loi ou par la r\u00e9glementation (principales exclusions dans les domaines agricole, immobilier et artistique)<\/li>\n<li>r\u00e9gime inadapt\u00e9 \u00e0 certaines activit\u00e9s n\u00e9cessitant d\u2019importants investissements<\/li>\n<li>impossibilit\u00e9 de s\u2019associer<\/li>\n<li>inscription au r\u00e9pertoire des m\u00e9tiers (RM) obligatoire pour les activit\u00e9s artisanales de l\u2019alimentation, du b\u00e2timent, de fabrication et de service<\/li>\n<li>frais d&rsquo;immatriculation \u00e0 un registre pour certaines activit\u00e9s (agents commerciaux, soit 25,19 euros)<\/li>\n<li>chiffre d\u2019affaires annuel soumis \u00e0 un plafond pour rester dans le r\u00e9gime<\/li>\n<li>cotisation fonci\u00e8re des entreprises (CFE, un imp\u00f4t local) due d\u00e8s le 1er euro de chiffre d\u2019affaires \u00e0 partir de la 2\u00e8me ann\u00e9e<\/li>\n<li>TVA non r\u00e9cup\u00e9rable dans la limite du <strong><a href=\"https:\/\/www.toutsurmesfinances.com\/argent\/a\/plafond-auto-entrepreneur-seuil-de-ca-tva-et-augmentation#tva\" target=\"_blank\" rel=\"noopener noreferrer\">plafond de franchise en base de TVA<\/a><\/strong><\/li>\n<li>calcul des cotisations sociales parfois moins int\u00e9ressant que le droit commun<\/li>\n<li>absence de droits \u00e0 l&rsquo;assurance ch\u00f4mage<\/li>\n<li>cotisations sociales calcul\u00e9es \u00e0 titre d\u00e9finitif<\/li>\n<li>charges non d\u00e9ductibles<\/li>\n<li>pas de d\u00e9ficit possible<\/li>\n<li>impossibilit\u00e9 d\u2019opter pour l\u2019imp\u00f4t sur les soci\u00e9t\u00e9s (IS)<\/li>\n<li>limitation de fait de l&#8217;embauche d&rsquo;un salari\u00e9 en raison du <strong><a href=\"https:\/\/www.toutsurmesfinances.com\/argent\/a\/plafond-auto-entrepreneur-seuil-de-ca-tva-et-augmentation\" target=\"_blank\" rel=\"noopener noreferrer\">plafond de chiffre d&rsquo;affaires<\/a><\/strong><\/li>\n<li>patrimoine personnel et professionnel de l\u2019auto-entrepreneur confondus sur le plan juridique (sauf en cas d\u2019option pour l\u2019EIRL)<\/li>\n<li>risque de requalification en contrat de travail en pr\u00e9sence d\u2019un seul client, par exemple son ancien employeur<\/li>\n<li>radiation d\u2019office (radiation automatique) apr\u00e8s deux ann\u00e9es de suite sans chiffre d\u2019affaires<\/li>\n<\/ul>\n<h2><span class=\"ez-toc-section\" id=\"Cumul_dactivites_etre_auto-entrepreneur_et_avoir_un_autre_statut\"><\/span>Cumul d&rsquo;activit\u00e9s : \u00eatre auto-entrepreneur et avoir un autre statut<span class=\"ez-toc-section-end\"><\/span><\/h2>\n<p>La possibilit\u00e9 de cumuler son activit\u00e9 d\u2019auto-entrepreneur avec une autre activit\u00e9 ou un autre statut est un principe au c\u0153ur du dispositif.<\/p>\n<h3>Auto entrepreneur et salari\u00e9<\/h3>\n<p>Un salari\u00e9 \u00e0 temps partiel ou \u00e0 temps plein a le droit d\u2019\u00eatre auto-entrepreneur \/ micro-entrepreneur, par exemple dans le cadre d\u2019une activit\u00e9 secondaire pour b\u00e9n\u00e9ficier d\u2019un compl\u00e9ment de revenus, ou en vue de se lancer dans la cr\u00e9ation d\u2019une entreprise.<\/p>\n<p>L\u2019exercice d\u2019une activit\u00e9 en tant qu\u2019auto-entrepreneur n\u2019affranchit pas le salari\u00e9 de ses obligations vis-\u00e0-vis de son employeur :<\/p>\n<ul>\n<li>obligation de loyaut\u00e9 (la micro-entreprise ne doit pas lui faire concurrence)<\/li>\n<li>obligation d\u2019effectuer son activit\u00e9 d\u2019auto-entrepreneur en dehors des horaires de travail<\/li>\n<li>obligation de respect du contrat de travail (qui peut pr\u00e9voir l&rsquo;interdiction d&rsquo;exercer certaines activit\u00e9s)<\/li>\n<\/ul>\n<h3>Auto-entrepreneur et ch\u00f4mage<\/h3>\n<p>Un demandeur d&#8217;emploi peut devenir micro-entrepreneur. Le dispositif a m\u00eame en partie \u00e9t\u00e9 cr\u00e9\u00e9 pour lutter contre le ch\u00f4mage en permettant \u00e0 un ch\u00f4meur de se lancer facilement dans la cr\u00e9ation d\u2019une entreprise. On peut ainsi b\u00e9n\u00e9ficier de l\u2019aide au cr\u00e9ateur ou repreneur d\u2019entreprise (Acre), qui consiste en un taux r\u00e9duit de cotisations sociales, en formulant sa demande :<\/p>\n<ul>\n<li>soit au moment de l\u2019inscription en tant que micro-entrepreneur<\/li>\n<li>soit sous 45 jours (d\u00e9lai maximum de 45 jours) apr\u00e8s l\u2019adh\u00e9sion au r\u00e9gime de la micro-entreprise.<\/li>\n<\/ul>\n<p>Pour le versement de ses allocations ch\u00f4mage, un ch\u00f4meur indemnis\u00e9 par P\u00f4le emploi a le choix entre deux options :<\/p>\n<ol>\n<li>le maintien de l\u2019allocation ch\u00f4mage, partiellement cumulable avec le chiffre d\u2019affaires de l\u2019auto-entrepreneur<\/li>\n<li>demander le versement de l\u2019Arce (aide \u00e0 la reprise ou cr\u00e9ation d\u2019entreprise) : paiement en deux fois d&rsquo;un capital \u00e9gal \u00e0 une partie des droits au ch\u00f4mage restants (\u00e9gale, depuis le 1er janvier 2023, \u00e0 60% du solde de l\u2019ARE jusqu\u2019\u00e0 expiration des droits ; ce taux \u00e9tait de 45% auparavant). Cette aide est r\u00e9serv\u00e9e aux b\u00e9n\u00e9ficiaires de l\u2019Acre.<\/li>\n<\/ol>\n<p>En cas de choix pour le maintien du versement de <strong><a href=\"https:\/\/www.toutsurmesfinances.com\/argent\/a\/aide-au-retour-a-l-emploi-are-conditions-montants-et-duree\" target=\"_blank\" rel=\"noopener noreferrer\">l\u2019allocation d\u2019aide au retour \u00e0 l\u2019emploi (ARE)<\/a><\/strong>, l\u2019activit\u00e9 d\u2019auto-entrepreneur aura pour inconv\u00e9nient de diminuer son allocation ch\u00f4mage d\u00e8s les premiers euros de chiffre d\u2019affaires per\u00e7us. Cependant, la dur\u00e9e d\u2019indemnisation est prolong\u00e9e, puisqu\u2019il y a un report de la date de fin de droits \u00e0 due proportion du nombre de jours non indemnis\u00e9s. Pour \u00e9viter les mauvaises surprises, mieux vaut mettre de c\u00f4t\u00e9 le trop-per\u00e7u d\u2019indemnit\u00e9s (cela arrive) sur un compte courant ou un livret d\u2019\u00e9pargne de type <strong><a href=\"https:\/\/www.toutsurmesfinances.com\/placements\/livret-a-taux-plafond-interets-fiscalite-l-essentiel-a-savoir.html\" target=\"_blank\" rel=\"noopener noreferrer\">Livret A<\/a><\/strong> pour \u00eatre en capacit\u00e9 de les rembourser le cas \u00e9ch\u00e9ant. L\u2019ARE est per\u00e7ue en totalit\u00e9 uniquement lorsque l\u2019activit\u00e9 ne g\u00e9n\u00e8re aucun revenu.<\/p>\n<p>Il est n\u00e9cessaire d\u2019informer P\u00f4le emploi sur cette activit\u00e9, puis de d\u00e9clarer les revenus per\u00e7us, tous les mois de pr\u00e9f\u00e9rence, pour ajuster le calcul des indemnit\u00e9s ch\u00f4mage. A noter : le traitement des auto-entrepreneurs n\u2019est pas uniforme, il peut varier d\u2019une agence P\u00f4le emploi \u00e0 l\u2019autre.<\/p>\n<h3>Auto-entrepreneur et RSA<\/h3>\n<p>Le cumul entre <strong><a href=\"https:\/\/www.toutsurmesfinances.com\/argent\/a\/rsa-conditions-demande-montants-et-calendrier-de-versement\" target=\"_blank\" rel=\"noopener noreferrer\">RSA (revenu de solidarit\u00e9 active)<\/a><\/strong> et revenus d\u2019auto-entrepreneur est possible. Outre le respect des conditions d\u2019\u00e9ligibilit\u00e9 au RSA, il ne faut pas avoir de salari\u00e9 dans sa micro-entreprise (sauf d\u00e9rogation accord\u00e9e sur demande au Conseil g\u00e9n\u00e9ral).<\/p>\n<p>Pendant 3 mois suivant la cr\u00e9ation de sa micro-entreprise, l\u2019allocataire per\u00e7oit son RSA \u00e0 taux plein (sans r\u00e9duction) en plus de ses revenus d\u2019activit\u00e9. Ensuite, la perception de cette allocation en tant qu\u2019auto-entrepreneur est cependant limit\u00e9e : comme le RSA est une allocation diff\u00e9rentielle (on per\u00e7oit la diff\u00e9rence entre ses revenus et le montant maximum du RSA), l\u2019allocataire percevra un montant de RSA d\u00e9duction faite du chiffre d\u2019affaires net connu par l\u2019organisme payeur.<\/p>\n<p>L\u2019auto-entrepreneur doit renseigner ses revenus d\u2019auto-entrepreneur dans sa <a href=\"https:\/\/www.toutsurmesfinances.com\/vie-pratique\/a\/declaration-trimestrielle-de-ressources-caf-comment-declarer-ses-revenus\">d\u00e9claration trimestrielle de ressources (DTR)<\/a>. Les modalit\u00e9s de d\u00e9claration diff\u00e8rent selon les situations (source CAF de Sa\u00f4ne-et-Loire) :<\/p>\n<ul>\n<li>d\u00e9claration en ligne : d\u00e9clarer le chiffre d\u2019affaires brut r\u00e9alis\u00e9 (avant abattement)<\/li>\n<li>d\u00e9claration papier : d\u00e9clarer le chiffre d\u2019affaires net, apr\u00e8s avoir d\u00e9duit l\u2019abattement<\/li>\n<\/ul>\n<p>Il est recommand\u00e9 de contacter son organisme payeur (CAF ou MSA) pour savoir dans quelles conditions le cumul est possible.<\/p>\n<h3>Auto-entrepreneur et fonctionnaire<\/h3>\n<p>En principe, un agent de la fonction publique n\u2019a pas le droit d\u2019exercer une activit\u00e9 lucrative dans le secteur priv\u00e9 (loi du 13 juillet 1983, d\u00e9cret n\u00b0 2020-69 du 30 janvier 2020). Cependant, des d\u00e9rogations existent. Ainsi, cr\u00e9er une entreprise et exercer une activit\u00e9 en tant qu\u2019auto-entrepreneur tout en \u00e9tant fonctionnaire est permis par la r\u00e9glementation, m\u00eame sans prendre une ann\u00e9e de mise en disponibilit\u00e9, sous certaines conditions et limites sp\u00e9cifiques.<\/p>\n<p>Le cumul d\u2019un emploi public avec une micro-entreprise est possible en dehors des heures de travail, \u00e0 titre accessoire, mais cette facult\u00e9 n\u2019existe pas pour toutes les activit\u00e9s (limitations pr\u00e9vues par le d\u00e9cret n\u00b0 2020-69 du 30 janvier 2020). La liste des professions autoris\u00e9es est la suivante :<\/p>\n<ul>\n<li>activit\u00e9s autoris\u00e9es uniquement sous le r\u00e9gime de micro-entrepreneur : services \u00e0 la personne, vente de biens fabriqu\u00e9s personnellement par l\u2019agent<\/li>\n<li>activit\u00e9s autoris\u00e9es notamment mais pas exclusivement sous le r\u00e9gime de micro-entrepreneur :<br \/>\nexpertise ou consultation<br \/>\nenseignement ou formation<br \/>\nactivit\u00e9 \u00e0 caract\u00e8re sportif ou culturel<br \/>\ntravaux de faible importance r\u00e9alis\u00e9s chez des particuliers.<\/li>\n<\/ul>\n<p>La situation de l\u2019agent public entre aussi en ligne de compte. Les possibilit\u00e9s de cumul sont les suivantes :<\/p>\n<ul>\n<li>pour un agent \u00e0 temps plein (sous condition de demande d&rsquo;autorisation par \u00e9crit \u00e0 son administration) : auto-entrepreneur \u00e0 titre accessoire<\/li>\n<li>pour un agent \u00e0 temps partiel : activit\u00e9s autoris\u00e9es par le d\u00e9cret du 30 janvier 2020 (sous condition de demande d&rsquo;autorisation \u00e0 son administration)<\/li>\n<li>pour un agent \u00e0 temps non complet, dont le temps de travail est inf\u00e9rieur ou \u00e9gal \u00e0 70% de la dur\u00e9e l\u00e9gale de travail (70% de 35 heures soit 24,5 heures maximum par semaine) : possibilit\u00e9 d\u2019\u00eatre auto-entrepreneur sans limitation d\u2019activit\u00e9 (sauf celles propres au r\u00e9gime de la micro-entreprise), sur simple d\u00e9claration \u00e0 l\u2019employeur, sans autorisation requise.<\/li>\n<\/ul>\n<p>Le r\u00e9gime est identique pour les agents non titulaires de la fonction publique.<\/p>\n<h3>Auto-entrepreneur et agriculteur<\/h3>\n<p>Le cumul des activit\u00e9s d&rsquo;exploitant agricole relevant de la MSA et d&rsquo;une activit\u00e9 artisanale, commerciale ou une profession lib\u00e9rale en tant qu&rsquo;auto-entrepreneur est autoris\u00e9. Dans ce cas, le r\u00e9gime de S\u00e9curit\u00e9 sociale dont on rel\u00e8ve est :<\/p>\n<ul>\n<li>soit celui de l&rsquo;activit\u00e9 exerc\u00e9e la plus ancienne<\/li>\n<li>soit celui de l&rsquo;activit\u00e9 qui g\u00e9n\u00e8re le plus de revenus<\/li>\n<\/ul>\n<p>En tant que non-salari\u00e9 agricole exer\u00e7ant une autre activit\u00e9 non salari\u00e9e (on parle de pluriactif), on peut opter pour un seul r\u00e9gime de protection sociale, en remplissant le formulaire Cerfa 15506*02 \u00ab\u00a0Demande d&rsquo;option pour le choix d&rsquo;un seul r\u00e9gime de protection sociale comp\u00e9tent concernant les pluriactifs non-salari\u00e9s\u00a0\u00bb.<\/p>\n<h3>Auto-entrepreneur et retraite<\/h3>\n<p>Cumuler r\u00e9gime de l\u2019auto-entrepreneur et retraite est possible, sous certaines conditions.<br \/>\nPour b\u00e9n\u00e9ficier d&rsquo;un cumul sans limitation de sa pension de retraite et de ses revenus d&rsquo;auto-entrepreneur, il faut r\u00e9unir les conditions suivantes (r\u00e8gles du <strong><a href=\"https:\/\/www.toutsurmesfinances.com\/retraite\/peut-on-etre-a-la-retraite-et-travailler-le-cumul-emploi-retraite.html#integral\" target=\"_blank\" rel=\"noopener noreferrer\">cumul emploi retraite int\u00e9gral<\/a><\/strong>):<\/p>\n<ul>\n<li>avoir fait valoir l\u2019ensemble de ses droits \u00e0 la retraite aupr\u00e8s des r\u00e9gimes obligatoires<\/li>\n<li>avoir <strong><a href=\"https:\/\/www.toutsurmesfinances.com\/retraite\/age-de-depart-a-la-retraite-quand-partir.html\" target=\"_blank\" rel=\"noopener noreferrer\">l\u2019\u00e2ge l\u00e9gal du d\u00e9part \u00e0 la retraite<\/a><\/strong> (62 ans) et une pension \u00e0 taux plein (sans d\u00e9cote) ou l\u2019\u00e2ge du taux plein d&rsquo;un r\u00e9gime de retraite de base (65 \u00e0 67 ans selon l&rsquo;ann\u00e9e de naissance).<\/li>\n<\/ul>\n<p>Autre possibilit\u00e9, en cas de non-respect de ces conditions, l&rsquo;addition des revenus d&rsquo;auto-entrepreneur et de la pension de retraite jusqu&rsquo;\u00e0 un certain plafond (r\u00e8gle du <strong><a href=\"https:\/\/www.toutsurmesfinances.com\/retraite\/peut-on-etre-a-la-retraite-et-travailler-le-cumul-emploi-retraite.html#partiel\" target=\"_blank\" rel=\"noopener noreferrer\">cumul emploi retraite plafonn\u00e9<\/a><\/strong>) variable selon l&rsquo;ancien statut professionnel du retrait\u00e9. Au-del\u00e0 de la limite, le montant de la retraite de base est r\u00e9duit et le versement des retraites compl\u00e9mentaires Agirc-Arrco peut \u00eatre suspendu.<\/p>\n<p>Les cotisations sociales vers\u00e9es en tant qu&rsquo;auto-entrepreneur ne permettent plus d&rsquo;obtenir de nouveaux droits \u00e0 la retraite pour toutes les retraites liquid\u00e9es depuis le 1er janvier 2015. En revanche, les personnes qui ont fait valoir leurs droits \u00e0 la retraite avant cette date peuvent toujours valider de nouveaux droits s&rsquo;ils rel\u00e8vent d\u2019un autre r\u00e9gime que celui auquel ils \u00e9taient affili\u00e9s avant de partir \u00e0 la retraite.<\/p>\n<h3>Auto-entrepreneur et \u00e9tudiant<\/h3>\n<p>Le r\u00e9gime de l\u2019auto-entrepreneur est compatible avec le statut d\u2019\u00e9tudiant. C\u2019est un moyen de se forger une premi\u00e8re exp\u00e9rience entrepreneuriale en utilisant une partie de son temps libre pour financer ses \u00e9tudes ou ses sorties culturelles et festives.<br \/>\nLa micro-entreprise cr\u00e9\u00e9e par un \u00e9tudiant peut \u00eatre en lien avec son cursus (exemple : traduction pour un \u00e9tudiant en langues vivantes), ce qui permet de se constituer un carnet d\u2019adresses de clients ou prospects, d\u2019essuyer les pl\u00e2tres des premi\u00e8res relations commerciales.<\/p>\n<p>Un \u00e9tudiant peut aussi devenir auto-entrepreneur pour faire de sa passion une activit\u00e9 professionnelle r\u00e9mun\u00e9r\u00e9e (photographe, illusionniste, DJ sous conditions\u2026).<\/p>\n<p>Il est cependant essentiel de s\u2019organiser pour que l\u2019auto-entreprise n\u2019empi\u00e8te pas sur les \u00e9tudes, inversement et r\u00e9ciproquement.<\/p>\n<p>Dans le cas particulier d\u2019un \u00e9tudiant boursier souhaitant devenir auto-entrepreneur, il est pr\u00e9f\u00e9rable de demander au Crous si l\u2019activit\u00e9 envisag\u00e9e fait obstacle ou non au versement de la bourse.<\/p>\n<h2><span class=\"ez-toc-section\" id=\"Cotisations_auto-entrepreneur_taux_de_charges_2022\"><\/span><a id=\"cotisations\"><\/a>Cotisations auto-entrepreneur : taux de charges 2022<span class=\"ez-toc-section-end\"><\/span><\/h2>\n<h3>Cotisations sociales : r\u00e9gime particulier pour les auto-entrepreneurs<\/h3>\n<p>Le r\u00e9gime social des auto-entrepreneurs est d\u00e9rogatoire au r\u00e9gime social de droit commun des travailleurs ind\u00e9pendants. Il pr\u00e9voit deux particularit\u00e9s :<\/p>\n<ul>\n<li>les cotisations sociales s\u2019appliquent au chiffre d\u2019affaires, au choix, du mois ou du trimestre \u00e9coul\u00e9<\/li>\n<li>le calcul des cotisations sociales s\u2019effectue selon un taux forfaitaire global, dont le niveau varie selon l\u2019activit\u00e9 exerc\u00e9e.<\/li>\n<\/ul>\n<p>On parle de taux forfaitaire car ce taux comprend toutes les cotisations de protection sociale obligatoire :<\/p>\n<ul>\n<li>maladie-maternit\u00e9<\/li>\n<li><strong><a href=\"https:\/\/www.toutsurmesfinances.com\/argent\/a\/indemnites-journalieres-montants-calcul-plafond-duree-et-versement\" target=\"_blank\" rel=\"noopener noreferrer\">indemnit\u00e9s journali\u00e8res<\/a><\/strong> (artisans et commer\u00e7ants uniquement)<\/li>\n<li>invalidit\u00e9 et d\u00e9c\u00e8s<\/li>\n<li>retraite de base<\/li>\n<li>retraite compl\u00e9mentaire obligatoire<\/li>\n<li><strong><a href=\"https:\/\/www.toutsurmesfinances.com\/argent\/a\/allocations-familiales-montants-calcul-et-conditions\" target=\"_blank\" rel=\"noopener noreferrer\">allocations familiales<\/a><\/strong><\/li>\n<li><strong><a href=\"https:\/\/www.toutsurmesfinances.com\/impots\/csg-definition-taux-calcul-tout-savoir-sur-la-contribution-sociale-generalisee.html\" target=\"_blank\" rel=\"noopener noreferrer\">CSG (contributions sociale g\u00e9n\u00e9ralis\u00e9e)<\/a><\/strong> et CRDS (contribution au remboursement de la dette sociale)<\/li>\n<\/ul>\n<p>En revanche, un auto-entrepreneur ne cotise pas pour le ch\u00f4mage. Il n\u2019a donc droit \u00e0 aucune indemnit\u00e9 au titre de l\u2019arr\u00eat de son activit\u00e9 d\u2019auto-entrepreneur.<\/p>\n<h3>Bar\u00e8me de cotisations 2022<\/h3>\n<p>En 2022, les charges sociales dues par les auto-entrepreneurs sont soumises aux taux de cotisations suivants :<\/p>\n<div id=\"tablepress-267-scroll-wrapper\" class=\"tablepress-scroll-wrapper\">\n\n<table id=\"tablepress-267\" class=\"tablepress tablepress-id-267 tablepress-responsive\">\n<thead>\n<tr class=\"row-1 odd\">\n\t<th colspan=\"2\" class=\"column-1\">Cotisations et charges 2022 du micro-entrepreneur<\/th>\n<\/tr>\n<\/thead>\n<tfoot>\n<tr class=\"row-11 odd\">\n\t<th colspan=\"2\" class=\"column-1\">Source : Urssaf<\/th>\n<\/tr>\n<\/tfoot>\n<tbody class=\"row-hover\">\n<tr class=\"row-2 even\">\n\t<td class=\"column-1\">Activit\u00e9<\/td><td class=\"column-2\">Taux de cotisations<\/td>\n<\/tr>\n<tr class=\"row-3 odd\">\n\t<td class=\"column-1\">Commerce (BIC)<\/td><td class=\"column-2\">12,80%<\/td>\n<\/tr>\n<tr class=\"row-4 even\">\n\t<td class=\"column-1\">Location de chambre d'h\u00f4tes (BIC)<\/td><td class=\"column-2\">12,80%<\/td>\n<\/tr>\n<tr class=\"row-5 odd\">\n\t<td class=\"column-1\">Prestations de services (BIC et BNC)<\/td><td class=\"column-2\">22,00%<\/td>\n<\/tr>\n<tr class=\"row-6 even\">\n\t<td class=\"column-1\">Location meubl\u00e9e (BIC)<\/td><td class=\"column-2\">22,00%<\/td>\n<\/tr>\n<tr class=\"row-7 odd\">\n\t<td class=\"column-1\">Location de biens, comme une voiture  (BIC)<\/td><td class=\"column-2\">22,00%<\/td>\n<\/tr>\n<tr class=\"row-8 even\">\n\t<td class=\"column-1\">Location de meubl\u00e9 de tourisme class\u00e9<\/td><td class=\"column-2\">6,00%<\/td>\n<\/tr>\n<tr class=\"row-9 odd\">\n\t<td class=\"column-1\">Activit\u00e9s non commerciales non r\u00e9glement\u00e9es (BNC)<\/td><td class=\"column-2\">22,00%<\/td>\n<\/tr>\n<tr class=\"row-10 even\">\n\t<td class=\"column-1\">Activit\u00e9s non commerciales r\u00e9glement\u00e9es (BNC)<\/td><td class=\"column-2\">22,20%<\/td>\n<\/tr>\n<\/tbody>\n<\/table>\n\n<\/div><!-- #tablepress-267 from cache -->\n<p>Il faut appliquer ces taux au chiffre d&rsquo;affaires encaiss\u00e9 en 2022.<\/p>\n<p>A ces cotisations s\u2019ajoutent d\u2019autres charges :<\/p>\n<ul>\n<li>la contribution \u00e0 la formation professionnelle (CFP) : taux de 0,10% par an pour les commer\u00e7ants, de 0,30% pour les artisans, de 0,20% pour les professions lib\u00e9rales<\/li>\n<li>la taxe pour frais de chambre consulaire pour les commer\u00e7ants et les artisans (taux variable selon l\u2019activit\u00e9, taux diff\u00e9rent en Alsace et en Moselle) :<\/li>\n<\/ul>\n<div id=\"tablepress-268-scroll-wrapper\" class=\"tablepress-scroll-wrapper\">\n\n<table id=\"tablepress-268\" class=\"tablepress tablepress-id-268 tablepress-responsive\">\n<thead>\n<tr class=\"row-1 odd\">\n\t<th colspan=\"5\" class=\"column-1\">Taux de la taxe pour frais de chambre consulaire<\/th>\n<\/tr>\n<\/thead>\n<tbody class=\"row-hover\">\n<tr class=\"row-2 even\">\n\t<td class=\"column-1\">Activit\u00e9<\/td><td class=\"column-2\">France\u00a0hors Alsace-Moselle<\/td><td class=\"column-3\">Alsace\u00a0<\/td><td class=\"column-4\">Moselle\u00a0<\/td><td class=\"column-5\">\u00a0Chambre consulaire\u00a0b\u00e9n\u00e9ficiaire<\/td>\n<\/tr>\n<tr class=\"row-3 odd\">\n\t<td class=\"column-1\">Prestations de services<\/td><td class=\"column-2\">0,044%<\/td><td class=\"column-3\">0,044%<\/td><td class=\"column-4\">0,044%<\/td><td class=\"column-5\">CCI<\/td>\n<\/tr>\n<tr class=\"row-4 even\">\n\t<td class=\"column-1\">Prestations de services artisanales<\/td><td class=\"column-2\">0,48%<\/td><td class=\"column-3\">0,65%<\/td><td class=\"column-4\">0,83%<\/td><td class=\"column-5\">CMA<\/td>\n<\/tr>\n<tr class=\"row-5 odd\">\n\t<td class=\"column-1\">Vente, restauration, h\u00e9bergement<\/td><td class=\"column-2\">0,015%<\/td><td class=\"column-3\">0,015%<\/td><td class=\"column-4\">0,015%<\/td><td class=\"column-5\">CCI<\/td>\n<\/tr>\n<tr class=\"row-6 even\">\n\t<td class=\"column-1\">Achat-revente pour un artisan<\/td><td class=\"column-2\">0,22%<\/td><td class=\"column-3\">0,29%<\/td><td class=\"column-4\">0,37%<\/td><td class=\"column-5\">CMA<\/td>\n<\/tr>\n<tr class=\"row-7 odd\">\n\t<td class=\"column-1\">Artisan en double immatriculation CCI\/CMA<\/td><td class=\"column-2\">0,007%<\/td><td class=\"column-3\">0,007%<\/td><td class=\"column-4\">0,007%<\/td><td class=\"column-5\">CCI<\/td>\n<\/tr>\n<tr class=\"row-8 even\">\n\t<td colspan=\"5\" class=\"column-1\">Sources : articles 1600 A et, 1601 et 1601-0 A du CGI<\/td>\n<\/tr>\n<\/tbody>\n<\/table>\n\n<\/div><!-- #tablepress-268 from cache -->\n<h2><span class=\"ez-toc-section\" id=\"Impots_impot_sur_le_revenu_prelevement_fiscal_liberatoire_TVA_CFE\"><\/span><a id=\"impots\"><\/a>Imp\u00f4ts : imp\u00f4t sur le revenu, pr\u00e9l\u00e8vement fiscal lib\u00e9ratoire, TVA, CFE<span class=\"ez-toc-section-end\"><\/span><\/h2>\n<h3>Imp\u00f4t sur le revenu de l\u2019auto-entrepreneur<\/h3>\n<p>Un micro-entrepreneur est soumis au r\u00e9gime fiscal de la micro-entreprise. Par d\u00e9faut, c\u2019est l&rsquo;administration fiscale qui proc\u00e8de au calcul du b\u00e9n\u00e9fice imposable au <strong><a href=\"https:\/\/www.toutsurmesfinances.com\/impots\/bareme-de-l-impot-sur-le-revenu.html\" target=\"_blank\" rel=\"noopener noreferrer\">bar\u00e8me de l\u2019imp\u00f4t sur le revenu<\/a><\/strong>. Le calcul et le paiement de l\u2019imp\u00f4t s\u2019effectuent en ann\u00e9e N+1 par rapport \u00e0 l\u2019ann\u00e9e de r\u00e9alisation du chiffre d\u2019affaires (N).<\/p>\n<p>Pour calculer le b\u00e9n\u00e9fice imposable \u00e0 l&rsquo;imp\u00f4t sur le revenu, le fisc applique au chiffre d\u2019affaires un abattement forfaitaire (proportionnel au chiffre d\u2019affaires) afin de tenir compte des frais professionnels. Cet <strong><a href=\"https:\/\/www.toutsurmesfinances.com\/impots\/abattement-fiscal-une-diminution-de-la-base-de-calcul-de-l-impot.html\" target=\"_blank\" rel=\"noopener noreferrer\">abattement fiscal<\/a><\/strong> varie en fonction de la nature de l\u2019activit\u00e9 et se monte \u00e0 :<\/p>\n<ul>\n<li>71% pour les auto-entrepreneurs exer\u00e7ant une activit\u00e9 d&rsquo;achat-revente ou d\u2019h\u00e9bergement,<\/li>\n<li>50% pour les prestations de services<\/li>\n<li>34% pour les activit\u00e9s non commerciales<\/li>\n<\/ul>\n<p>Exemple de calcul pour un auto-entrepreneur r\u00e9alisant une activit\u00e9 de commerce pour l&rsquo;imposition 2022 de ses revenus 2021 :<\/p>\n<p>CA 2021 : 40.000 euros<br \/>\nAbattement fiscal : 71% de 40.000 euros = 28.400 euros<br \/>\nR\u00e9sultat imposable : 11.600 euros (40.000 euros &#8211; 28.400 euros).<\/p>\n<p><strong>&gt; En savoir plus : <a href=\"https:\/\/www.toutsurmesfinances.com\/impots\/auto-entrepreneur-et-impot-comment-remplir-sa-declaration-2042-c-pro.html\" target=\"_blank\" rel=\"noopener noreferrer\">Auto-entrepreneur et imp\u00f4t : comment remplir sa d\u00e9claration 2042 C PRO<\/a><\/strong><\/p>\n<h3>Option fiscale : le pr\u00e9l\u00e8vement forfaitaire lib\u00e9ratoire<\/h3>\n<p>Sur option, il est possible d\u2019\u00eatre soumis \u00e0 un autre mode de calcul et de pr\u00e9l\u00e8vement de l\u2019imp\u00f4t, appel\u00e9 pr\u00e9l\u00e8vement forfaitaire lib\u00e9ratoire ou versement lib\u00e9ratoire de l\u2019imp\u00f4t sur le revenu.<\/p>\n<p>Le principe ? Il s\u2019agit de calculer directement l\u2019imp\u00f4t en proportion du chiffre d\u2019affaires r\u00e9alis\u00e9 (et non sur le b\u00e9n\u00e9fice imposable) et de proc\u00e9der \u00e0 son paiement en m\u00eame temps que les cotisations sociales, tous les mois ou tous les trimestres.<\/p>\n<p>Cette option est exer\u00e7able sous conditions de ressources : le <strong><a href=\"https:\/\/www.toutsurmesfinances.com\/impots\/revenu-fiscal-de-reference-a-quoi-ca-sert.html\" target=\"_blank\" rel=\"noopener noreferrer\">revenu fiscal de r\u00e9f\u00e9rence (RFR)<\/a><\/strong> du foyer fiscal ne doit pas d\u00e9passer 25.710 euros par part fiscale (ou part de quotient familial), montant visible dans <strong><a href=\"https:\/\/www.toutsurmesfinances.com\/impots\/avis-d-imposition-montant-de-l-impot-date-limite-a-quoi-sert-il.html\" target=\"_blank\" rel=\"noopener noreferrer\">l\u2019avis d\u2019imposition<\/a><\/strong> 2021 sur les revenus de 2020.<\/p>\n<p>Pour opter pour le versement lib\u00e9ratoire de l\u2019imp\u00f4t sur le revenu en 2022, la limite varie donc en fonction de la composition du foyer fiscal :<\/p>\n<div id=\"tablepress-266-scroll-wrapper\" class=\"tablepress-scroll-wrapper\">\n\n<table id=\"tablepress-266\" class=\"tablepress tablepress-id-266 tablepress-responsive\">\n<thead>\n<tr class=\"row-1 odd\">\n\t<th colspan=\"3\" class=\"column-1\">Seuil d'\u00e9ligibilit\u00e9 au pr\u00e9l\u00e8vement forfaitaire lib\u00e9ratoire<\/th>\n<\/tr>\n<\/thead>\n<tfoot>\n<tr class=\"row-8 even\">\n\t<th colspan=\"3\" class=\"column-1\">Source : DGFiP, calculs ToutSurMesFinances (pour 4 et 5 parts fiscales)<\/th>\n<\/tr>\n<\/tfoot>\n<tbody class=\"row-hover\">\n<tr class=\"row-2 even\">\n\t<td class=\"column-1\">Personne seule<\/td><td class=\"column-2\">1<\/td><td class=\"column-3\">25.710 \u20ac <\/td>\n<\/tr>\n<tr class=\"row-3 odd\">\n\t<td class=\"column-1\">Couple mari\u00e9 ou pacs\u00e9 sans enfant<\/td><td class=\"column-2\">2<\/td><td class=\"column-3\">51.420 \u20ac<\/td>\n<\/tr>\n<tr class=\"row-4 even\">\n\t<td class=\"column-1\">Couple mari\u00e9 ou pacs\u00e9 avec 1 enfant<\/td><td class=\"column-2\">2,5<\/td><td class=\"column-3\">64.275 \u20ac<\/td>\n<\/tr>\n<tr class=\"row-5 odd\">\n\t<td class=\"column-1\">Couple mari\u00e9 ou pacs\u00e9 avec 2 enfants<\/td><td class=\"column-2\">3<\/td><td class=\"column-3\">77.130 \u20ac<\/td>\n<\/tr>\n<tr class=\"row-6 even\">\n\t<td class=\"column-1\">Couple mari\u00e9 ou pacs\u00e9 avec 3 enfants<\/td><td class=\"column-2\">4<\/td><td class=\"column-3\">102.840 \u20ac<br \/>\n<\/td>\n<\/tr>\n<tr class=\"row-7 odd\">\n\t<td class=\"column-1\">Couple mari\u00e9 ou pacs\u00e9 avec 4 enfants<\/td><td class=\"column-2\">5<\/td><td class=\"column-3\">128.550 \u20ac<br \/>\n<\/td>\n<\/tr>\n<\/tbody>\n<\/table>\n\n<\/div><!-- #tablepress-266 from cache -->\n<p>Les taux de pr\u00e9l\u00e8vement lib\u00e9ratoire sur le revenu varient selon la nature de l\u2019activit\u00e9 de la micro-entreprise :<\/p>\n<ul>\n<li>1% pour les activit\u00e9s de vente de marchandises<\/li>\n<li>1,7% pour les activit\u00e9s de prestations de services<\/li>\n<li>2,2% pour les activit\u00e9s lib\u00e9rales<\/li>\n<\/ul>\n<p>L\u2019option pour le pr\u00e9l\u00e8vement fiscal lib\u00e9ratoire doit \u00eatre exerc\u00e9e :<\/p>\n<ul>\n<li>pour un cr\u00e9ateur de micro-entreprise : au plus tard le dernier jour du 3\u00e8me mois suivant celui de la cr\u00e9ation<\/li>\n<li>chaque ann\u00e9e pour un auto-entrepreneur d\u00e9j\u00e0 en activit\u00e9 : au plus tard le 30 septembre pour une application l\u2019ann\u00e9e suivante<\/li>\n<\/ul>\n<p>La demande doit \u00eatre adress\u00e9e \u00e0 l\u2019Urssaf sur le site <a href=\"https:\/\/www.autoentrepreneur.urssaf.fr\" target=\"_blank\" rel=\"nofollow noopener noreferrer\">www.autoentrepreneur.urssaf.fr<\/a> et non aupr\u00e8s du service des imp\u00f4ts des entreprises (SIE).<\/p>\n<h3>Auto-entrepreneur et TVA<\/h3>\n<p>Depuis les d\u00e9buts du r\u00e9gime, les auto-entrepreneurs travaillaient en franchise de TVA (taxe sur la valeur ajout\u00e9e). Cela signifie qu\u2019un micro-entrepreneur n\u2019a pas \u00e0 facturer de TVA \u00e0 ses clients. Mais il ne peut pas non plus la r\u00e9cup\u00e9rer.<\/p>\n<p>Il est n\u00e9cessaire de faire figurer sur ses factures la mention \u00ab TVA non applicable, article 293 B du code g\u00e9n\u00e9ral des imp\u00f4ts \u00bb.<\/p>\n<p>Cependant, ce r\u00e9gime a en partie \u00e9volu\u00e9 depuis le 1er janvier 2018. En effet, dans le cadre de la r\u00e9forme Macron du r\u00e9gime, le rel\u00e8vement du plafond de chiffre d\u2019affaires ne concerne pas la franchise de TVA.<\/p>\n<p>Autrement dit, en cas de d\u00e9passement du plafond de 94.300 ou 36.500 euros selon la nature de l&rsquo;activit\u00e9, un auto-entrepreneur est tenu de collecter la TVA et de la reverser \u00e0 l\u2019\u00c9tat d\u00e8s le premier mois de franchissement de la limite. L\u2019ann\u00e9e suivante, l\u2019auto-entrepreneur devra collecter la TVA d\u00e8s le premier euro de facturation, m\u00eame si son chiffre d\u2019affaires annuel venait \u00e0 repasser sous le seuil de franchise.<\/p>\n<p>Le d\u00e9passement du seuil de franchise en base de TVA, synonyme de perte de ce r\u00e9gime, intervient \u00e9galement si l&rsquo;autoentrepreneur a r\u00e9alis\u00e9 pendant deux ann\u00e9es cons\u00e9cutives :<\/p>\n<ul>\n<li>entre 85.800 et 94.300 euros de CA pour les activit\u00e9s de vente<\/li>\n<li>entre 34.400 et 36.500 euros de CA pour les activit\u00e9s de services<\/li>\n<\/ul>\n<p>En cas de d\u00e9passement en ann\u00e9es n-1 et n-2, la d\u00e9claration et le paiement de la TVA sont obligatoires en ann\u00e9e n.<\/p>\n<h3>Auto-entrepreneur et CFE (cotisation fonci\u00e8re des entreprises)<\/h3>\n<p>Un contribuable est en principe soumis \u00e0 un imp\u00f4t foncier en tant qu\u2019auto-entrepreneur, la cotisation fonci\u00e8re des entreprises (CFE).<\/p>\n<p>La CFE est due d\u00e8s la deuxi\u00e8me ann\u00e9e d\u2019activit\u00e9 (exon\u00e9ration la premi\u00e8re ann\u00e9e). Le montant de CFE varie selon la commune et est due quel que soit le niveau de chiffre d\u2019affaires, au-del\u00e0 de 5.000 euros.<\/p>\n<p><strong>A noter :<\/strong> le seuil d\u2019exon\u00e9ration de la CFE a \u00e9t\u00e9 port\u00e9 au 1er janvier 2019 de 0 \u00e0 5000 euros de chiffre d\u2019affaires selon une mesure pr\u00e9vue dans la <strong><a href=\"https:\/\/www.toutsurmesfinances.com\/argent\/a\/loi-de-finances-2018-mesures\" target=\"_blank\" rel=\"noopener noreferrer\">loi de finances pour 2018<\/a><\/strong>. Cela s&rsquo;applique pour les impositions au titre de 2019 (l&rsquo;ann\u00e9e 2018 n&rsquo;est pas exon\u00e9r\u00e9e).<\/p>\n<p>L\u2019ann\u00e9e de la cr\u00e9ation de la micro-entreprise, il faut remplir une d\u00e9claration initiale de cotisation fonci\u00e8re des entreprises (formulaire Cerfa n\u00b014187*08 ou num\u00e9ro 1447-C-SD). C\u2019est ce m\u00eame imprim\u00e9 qui permet d\u2019\u00eatre exon\u00e9r\u00e9 au titre de la premi\u00e8re ann\u00e9e d\u2019exploitation de la micro-entreprise.<\/p>\n<p>Autre d\u00e9marche \u00e0 accomplir : cr\u00e9er un \u00ab espace professionnel \u00bb sur le site www.impots.gouv.fr pour consulter ses avis d\u2019imposition et payer en ligne.<\/p>\n<p>Certaines professions sont exon\u00e9r\u00e9es de CFE (liste non exhaustive) :<\/p>\n<ul>\n<li>artisans<\/li>\n<li>vendeurs \u00e0 domicile ind\u00e9pendants (sous conditions)<\/li>\n<li>loueurs en meubl\u00e9 d\u2019une partie de l\u2019habitation principale<\/li>\n<\/ul>\n<h2><span class=\"ez-toc-section\" id=\"Comment_devenir_auto-entrepreneur_demarches_inscription_au_CFE\"><\/span><a id=\"inscription\"><\/a>Comment devenir auto-entrepreneur : d\u00e9marches, inscription au CFE<span class=\"ez-toc-section-end\"><\/span><\/h2>\n<h3>Cr\u00e9ation de micro-entreprise : inscription au CFE obligatoire<\/h3>\n<p>On ne peut pas devenir auto-entrepreneur librement, sans s\u2019inscrire : l\u2019inscription est obligatoire. La d\u00e9marche peut s\u2019effectuer au choix :<\/p>\n<ul>\n<li>en ligne sur le site officiel de l&rsquo;Urssaf, <a href=\"http:\/\/www.lautoentrepreneur.fr\" target=\"_blank\" rel=\"nofollow noopener noreferrer\">www.lautoentrepreneur.fr<\/a> ou sur <a href=\"http:\/\/www.guichet-entreprises.fr\" target=\"_blank\" rel=\"nofollow noopener noreferrer\">www.guichet-entreprises.fr<\/a> quelle que soit son activit\u00e9 (\u00e0 noter : le site <a href=\"http:\/\/www.cfenet.cci.fr\" target=\"_blank\" rel=\"nofollow noopener noreferrer\">www.cfenet.cci.fr<\/a> pour les commer\u00e7ants a cess\u00e9 son activit\u00e9 au 30 juin 2018) ou sur <a href=\"http:\/\/www.cfe.urssaf.fr\" target=\"_blank\" rel=\"nofollow noopener noreferrer\">www.cfe.urssaf.fr<\/a> quand on est profession lib\u00e9rale<\/li>\n<li>sur place dans un Centre de formalit\u00e9s des entreprises (CFE) : CCI (Chambre de commerce et d\u2019industrie) pour les activit\u00e9s commerciales, CMA (Chambre de m\u00e9tiers et de l\u2019artisanat) pour les activit\u00e9s artisanales<\/li>\n<li>par courrier aupr\u00e8s d\u2019un CFE<\/li>\n<\/ul>\n<p>En cas d\u2019inscription sur place ou par correspondance, il faut utiliser les formulaires de d\u00e9claration de d\u00e9but d\u2019activit\u00e9 suivants (disponibles sur Service-public.fr) :<\/p>\n<ul>\n<li>artisan ou commer\u00e7ant : imprim\u00e9 P0 CMB micro-entrepreneur \/ PO (formulaire Cerfa n\u00b015253*02)<\/li>\n<li>profession lib\u00e9rale : imprim\u00e9 P0 PL micro-entrepreneur (formulaire Cerfa n\u00b013821*04)<\/li>\n<\/ul>\n<p>L\u2019inscription est g\u00e9n\u00e9ralement valid\u00e9e sous une semaine \u00e0 10 jours (courrier de l\u2019Insee) apr\u00e8s r\u00e9ception du dossier. L\u2019activit\u00e9 peut d\u00e9buter d\u00e8s la date de d\u00e9but d\u2019activit\u00e9 mentionn\u00e9e dans le formulaire d\u2019inscription.<\/p>\n<h3>D\u00e9claration d&rsquo;activit\u00e9 d&rsquo;auto-entrepreneur : c\u2019est gratuit<\/h3>\n<p>S\u2019inscrire comme auto-entrepreneur est un service gratuit. Les organes officiels ne demandent aucun paiement ni frais d\u2019inscription. L\u2019Urssaf recommande de se m\u00e9fier des services proposant une immatriculation en contrepartie d\u2019une somme d\u2019argent.<\/p>\n<p>L\u2019adh\u00e9sion permet d\u2019\u00eatre automatiquement inscrit au Registre national des entreprises (RNE) de l&rsquo;Insee, d\u2019obtenir un num\u00e9ro Siren (num\u00e9ro d&rsquo;identification \u00e0 9 chiffres de la micro-entreprise) et un code APE (activit\u00e9 principale de l&rsquo;entreprise) \u00e0 4 chiffres et 1 lettre.<\/p>\n<p>Pour certains m\u00e9tiers, la d\u00e9claration de d\u00e9but d\u2019activit\u00e9 n\u00e9cessite aussi une immatriculation :<\/p>\n<ul>\n<li>au registre de commerce des soci\u00e9t\u00e9s (RCS) si l\u2019activit\u00e9 est commerciale<\/li>\n<li>au r\u00e9pertoire des m\u00e9tiers (RM) si l\u2019activit\u00e9 est artisanale<\/li>\n<li>au registre sp\u00e9cial des agents commerciaux (RSAC) si l\u2019activit\u00e9 est celle d\u2019agent commercial (immatriculation payante).<\/li>\n<\/ul>\n<h3>Compte bancaire, formation, assurance : autres d\u00e9marches obligatoires<\/h3>\n<p>Un auto-entrepreneur est dans l\u2019obligation de d\u00e9tenir un compte bancaire s\u00e9par\u00e9 de son compte personnel, d\u00e9di\u00e9 aux flux financiers de sa micro-entreprise. L\u2019ouverture de ce compte s\u00e9par\u00e9 doit intervenir dans un d\u00e9lai d\u2019un an apr\u00e8s l\u2019immatriculation. Pour b\u00e9n\u00e9ficier d\u2019un tarif r\u00e9duit, on peut opter pour une banque en ligne (Boursorama Pro, Axa banque, etc.) ou un compte sans banque (comme celui propos\u00e9 par la fintech Anytime).<\/p>\n<p>Par ailleurs, une personne qui fait le choix de s\u2019installer comme artisan en tant qu\u2019auto-entrepreneur est tenu de suivre un stage de pr\u00e9paration \u00e0 l&rsquo;installation obligatoire (article 28 de la loi du 18 juin 2014) dont le co\u00fbt se situe entre 200 et 400 euros.<\/p>\n<p>De m\u00eame, une assurance professionnelle est obligatoire pour un artisan auto-entrepreneur.<\/p>\n","protected":false},"excerpt":{"rendered":"<p>Devenir auto-entrepreneur, un r\u00eave devenu r\u00e9alit\u00e9 pour des centaines de milliers de Fran\u00e7ais qui ont fait le choix de la micro-entreprise pour sortir du ch\u00f4mage ou gagner plus d\u2019argent \u00e0 c\u00f4t\u00e9 de la retraite ou d\u2019un salaire. Statut, inscription au CFE ou aupr\u00e8s de l\u2019Urssaf, cotisations et charges sociales, imp\u00f4ts\u2026 Tout savoir sur le r\u00e9gime de la micro-entreprise.<\/p>\n","protected":false},"author":13709,"featured_media":1629,"comment_status":"closed","ping_status":"closed","sticky":false,"template":"","format":"standard","meta":{"footnotes":""},"categories":[32],"tags":[],"class_list":["post-1630","post","type-post","status-publish","format-standard","has-post-thumbnail","hentry","category-travail"],"acf":[],"yoast_head":"<!-- This site is optimized with the Yoast SEO plugin v24.9 - https:\/\/yoast.com\/wordpress\/plugins\/seo\/ -->\n<title>Auto-Entrepreneur : statut, d\u00e9marches, charges et imp\u00f4ts<\/title>\n<meta name=\"description\" content=\"Devenir auto-entrepreneur, un r\u00eave devenu r\u00e9alit\u00e9 pour des centaines de milliers de Fran\u00e7ais qui ont fait le choix de la micro-entreprise pour sortir du ch\u00f4mage ou gagner plus d\u2019argent \u00e0 c\u00f4t\u00e9 de la retraite ou d\u2019un salaire. Statut, inscription au CFE ou a\" \/>\n<meta name=\"robots\" content=\"index, follow, max-snippet:-1, max-image-preview:large, max-video-preview:-1\" \/>\n<link rel=\"canonical\" href=\"https:\/\/www.toutsurmesfinances.com\/argent\/a\/devenir-ou-etre-auto-entrepreneur-statut-cotisations-impots-inscription\" \/>\n<meta property=\"og:locale\" content=\"fr_FR\" \/>\n<meta property=\"og:type\" content=\"article\" \/>\n<meta property=\"og:title\" content=\"Auto-Entrepreneur : statut, d\u00e9marches, charges et imp\u00f4ts\" \/>\n<meta property=\"og:description\" content=\"Devenir auto-entrepreneur, un r\u00eave devenu r\u00e9alit\u00e9 pour des centaines de milliers de Fran\u00e7ais qui ont fait le choix de la micro-entreprise pour sortir du ch\u00f4mage ou gagner plus d\u2019argent \u00e0 c\u00f4t\u00e9 de la retraite ou d\u2019un salaire. Statut, inscription au CFE ou a\" \/>\n<meta property=\"og:url\" content=\"https:\/\/www.toutsurmesfinances.com\/argent\/a\/devenir-ou-etre-auto-entrepreneur-statut-cotisations-impots-inscription\" \/>\n<meta property=\"og:site_name\" content=\"Argent\" \/>\n<meta property=\"article:published_time\" content=\"2017-11-14T11:58:19+00:00\" \/>\n<meta property=\"article:modified_time\" content=\"2023-06-27T14:24:40+00:00\" \/>\n<meta property=\"og:image\" content=\"https:\/\/www.toutsurmesfinances.com\/argent\/wp-content\/uploads\/sites\/3\/2017\/11\/auto-entrepreneur.jpg\" \/>\n\t<meta property=\"og:image:width\" content=\"823\" \/>\n\t<meta property=\"og:image:height\" content=\"463\" \/>\n\t<meta property=\"og:image:type\" content=\"image\/jpeg\" \/>\n<meta name=\"author\" content=\"Olivier Brunet\" \/>\n<meta name=\"twitter:card\" content=\"summary_large_image\" \/>\n<meta name=\"twitter:creator\" content=\"@Toutsur\" \/>\n<meta name=\"twitter:site\" content=\"@Toutsur\" \/>\n<meta name=\"twitter:label1\" content=\"\u00c9crit par\" \/>\n\t<meta name=\"twitter:data1\" content=\"Olivier Brunet\" \/>\n\t<meta name=\"twitter:label2\" content=\"Dur\u00e9e de lecture estim\u00e9e\" \/>\n\t<meta name=\"twitter:data2\" content=\"21 minutes\" \/>\n<script type=\"application\/ld+json\" class=\"yoast-schema-graph\">{\"@context\":\"https:\/\/schema.org\",\"@graph\":[{\"@type\":\"Article\",\"@id\":\"https:\/\/www.toutsurmesfinances.com\/argent\/a\/devenir-ou-etre-auto-entrepreneur-statut-cotisations-impots-inscription#article\",\"isPartOf\":{\"@id\":\"https:\/\/www.toutsurmesfinances.com\/argent\/a\/devenir-ou-etre-auto-entrepreneur-statut-cotisations-impots-inscription\"},\"author\":{\"name\":\"Olivier Brunet\",\"@id\":\"https:\/\/www.toutsurmesfinances.com\/argent\/#\/schema\/person\/f3692b3163890cd1408bd0dc68a1b55a\"},\"headline\":\"Devenir ou \u00eatre auto-entrepreneur : statut, cotisations, imp\u00f4ts, inscription\",\"dateModified\":\"2023-06-27T14:24:40+00:00\",\"mainEntityOfPage\":{\"@id\":\"https:\/\/www.toutsurmesfinances.com\/argent\/a\/devenir-ou-etre-auto-entrepreneur-statut-cotisations-impots-inscription\"},\"wordCount\":4255,\"publisher\":{\"@id\":\"https:\/\/www.toutsurmesfinances.com\/argent\/#organization\"},\"image\":{\"@id\":\"https:\/\/www.toutsurmesfinances.com\/argent\/a\/devenir-ou-etre-auto-entrepreneur-statut-cotisations-impots-inscription#primaryimage\"},\"thumbnailUrl\":\"https:\/\/www.toutsurmesfinances.com\/argent\/wp-content\/uploads\/sites\/3\/2017\/11\/auto-entrepreneur.jpg\",\"articleSection\":[\"Travail\"],\"inLanguage\":\"fr-FR\"},{\"@type\":\"WebPage\",\"@id\":\"https:\/\/www.toutsurmesfinances.com\/argent\/a\/devenir-ou-etre-auto-entrepreneur-statut-cotisations-impots-inscription\",\"url\":\"https:\/\/www.toutsurmesfinances.com\/argent\/a\/devenir-ou-etre-auto-entrepreneur-statut-cotisations-impots-inscription\",\"name\":\"Auto-Entrepreneur : statut, d\u00e9marches, charges et imp\u00f4ts\",\"isPartOf\":{\"@id\":\"https:\/\/www.toutsurmesfinances.com\/argent\/#website\"},\"primaryImageOfPage\":{\"@id\":\"https:\/\/www.toutsurmesfinances.com\/argent\/a\/devenir-ou-etre-auto-entrepreneur-statut-cotisations-impots-inscription#primaryimage\"},\"image\":{\"@id\":\"https:\/\/www.toutsurmesfinances.com\/argent\/a\/devenir-ou-etre-auto-entrepreneur-statut-cotisations-impots-inscription#primaryimage\"},\"thumbnailUrl\":\"https:\/\/www.toutsurmesfinances.com\/argent\/wp-content\/uploads\/sites\/3\/2017\/11\/auto-entrepreneur.jpg\",\"dateModified\":\"2023-06-27T14:24:40+00:00\",\"description\":\"Devenir auto-entrepreneur, un r\u00eave devenu r\u00e9alit\u00e9 pour des centaines de milliers de Fran\u00e7ais qui ont fait le choix de la micro-entreprise pour sortir du ch\u00f4mage ou gagner plus d\u2019argent \u00e0 c\u00f4t\u00e9 de la retraite ou d\u2019un salaire. Statut, inscription au CFE ou a\",\"breadcrumb\":{\"@id\":\"https:\/\/www.toutsurmesfinances.com\/argent\/a\/devenir-ou-etre-auto-entrepreneur-statut-cotisations-impots-inscription#breadcrumb\"},\"inLanguage\":\"fr-FR\",\"potentialAction\":[{\"@type\":\"ReadAction\",\"target\":[\"https:\/\/www.toutsurmesfinances.com\/argent\/a\/devenir-ou-etre-auto-entrepreneur-statut-cotisations-impots-inscription\"]}]},{\"@type\":\"ImageObject\",\"inLanguage\":\"fr-FR\",\"@id\":\"https:\/\/www.toutsurmesfinances.com\/argent\/a\/devenir-ou-etre-auto-entrepreneur-statut-cotisations-impots-inscription#primaryimage\",\"url\":\"https:\/\/www.toutsurmesfinances.com\/argent\/wp-content\/uploads\/sites\/3\/2017\/11\/auto-entrepreneur.jpg\",\"contentUrl\":\"https:\/\/www.toutsurmesfinances.com\/argent\/wp-content\/uploads\/sites\/3\/2017\/11\/auto-entrepreneur.jpg\",\"width\":823,\"height\":463,\"caption\":\"Auto entrepreneur , un r\u00e9gime qui permet de cr\u00e9er rapidement et facilement sa micro-entreprise\"},{\"@type\":\"BreadcrumbList\",\"@id\":\"https:\/\/www.toutsurmesfinances.com\/argent\/a\/devenir-ou-etre-auto-entrepreneur-statut-cotisations-impots-inscription#breadcrumb\",\"itemListElement\":[{\"@type\":\"ListItem\",\"position\":1,\"name\":\"Accueil\",\"item\":\"https:\/\/www.toutsurmesfinances.com\/argent\/\"},{\"@type\":\"ListItem\",\"position\":2,\"name\":\"Travail\",\"item\":\"https:\/\/www.toutsurmesfinances.com\/argent\/c\/travail\"},{\"@type\":\"ListItem\",\"position\":3,\"name\":\"Devenir ou \u00eatre auto-entrepreneur : statut, cotisations, imp\u00f4ts, inscription\"}]},{\"@type\":\"WebSite\",\"@id\":\"https:\/\/www.toutsurmesfinances.com\/argent\/#website\",\"url\":\"https:\/\/www.toutsurmesfinances.com\/argent\/\",\"name\":\"Argent\",\"description\":\"\",\"publisher\":{\"@id\":\"https:\/\/www.toutsurmesfinances.com\/argent\/#organization\"},\"potentialAction\":[{\"@type\":\"SearchAction\",\"target\":{\"@type\":\"EntryPoint\",\"urlTemplate\":\"https:\/\/www.toutsurmesfinances.com\/argent\/?s={search_term_string}\"},\"query-input\":{\"@type\":\"PropertyValueSpecification\",\"valueRequired\":true,\"valueName\":\"search_term_string\"}}],\"inLanguage\":\"fr-FR\"},{\"@type\":\"Organization\",\"@id\":\"https:\/\/www.toutsurmesfinances.com\/argent\/#organization\",\"name\":\"Tout Sur Mes Finances\",\"url\":\"https:\/\/www.toutsurmesfinances.com\/argent\/\",\"logo\":{\"@type\":\"ImageObject\",\"inLanguage\":\"fr-FR\",\"@id\":\"https:\/\/www.toutsurmesfinances.com\/argent\/#\/schema\/logo\/image\/\",\"url\":\"https:\/\/www.toutsurmesfinances.com\/argent\/wp-content\/uploads\/sites\/3\/2021\/01\/favicon.png\",\"contentUrl\":\"https:\/\/www.toutsurmesfinances.com\/argent\/wp-content\/uploads\/sites\/3\/2021\/01\/favicon.png\",\"width\":512,\"height\":512,\"caption\":\"Tout Sur Mes Finances\"},\"image\":{\"@id\":\"https:\/\/www.toutsurmesfinances.com\/argent\/#\/schema\/logo\/image\/\"},\"sameAs\":[\"https:\/\/x.com\/Toutsur\"]},{\"@type\":\"Person\",\"@id\":\"https:\/\/www.toutsurmesfinances.com\/argent\/#\/schema\/person\/f3692b3163890cd1408bd0dc68a1b55a\",\"name\":\"Olivier Brunet\",\"image\":{\"@type\":\"ImageObject\",\"inLanguage\":\"fr-FR\",\"@id\":\"https:\/\/www.toutsurmesfinances.com\/argent\/#\/schema\/person\/image\/\",\"url\":\"https:\/\/secure.gravatar.com\/avatar\/59a19214b7bb3163a27d873fa61f9a80?s=96&d=mm&r=g\",\"contentUrl\":\"https:\/\/secure.gravatar.com\/avatar\/59a19214b7bb3163a27d873fa61f9a80?s=96&d=mm&r=g\",\"caption\":\"Olivier Brunet\"},\"description\":\"Olivier Brunet est cofondateur de\u00a0ToutSurMesFinances.com\u00a0et r\u00e9dacteur en chef sp\u00e9cialis\u00e9 en placements et fiscalit\u00e9\u00a0des particuliers. Pr\u00e9sent\u00a0au sein du\u00a0m\u00e9dia\u00a0depuis sa cr\u00e9ation, il en est l\u2019un des piliers \u00e9ditoriaux. Il analyse les strat\u00e9gies d\u2019investissement,\u00a0suit\u00a0les \u00e9volutions fiscales et les\u00a0probl\u00e9matiques\u00a0patrimoniales\u00a0avec une vision long terme, forg\u00e9e par des ann\u00e9es de pratique et de suivi des march\u00e9s.\u00a0\",\"sameAs\":[\"https:\/\/www.toutsurmesfinances.com\/author\/olivier\",\"https:\/\/www.linkedin.com\/in\/obrunet\/\"]}]}<\/script>\n<!-- \/ Yoast SEO plugin. -->","yoast_head_json":{"title":"Auto-Entrepreneur : statut, d\u00e9marches, charges et imp\u00f4ts","description":"Devenir auto-entrepreneur, un r\u00eave devenu r\u00e9alit\u00e9 pour des centaines de milliers de Fran\u00e7ais qui ont fait le choix de la micro-entreprise pour sortir du ch\u00f4mage ou gagner plus d\u2019argent \u00e0 c\u00f4t\u00e9 de la retraite ou d\u2019un salaire. Statut, inscription au CFE ou a","robots":{"index":"index","follow":"follow","max-snippet":"max-snippet:-1","max-image-preview":"max-image-preview:large","max-video-preview":"max-video-preview:-1"},"canonical":"https:\/\/www.toutsurmesfinances.com\/argent\/a\/devenir-ou-etre-auto-entrepreneur-statut-cotisations-impots-inscription","og_locale":"fr_FR","og_type":"article","og_title":"Auto-Entrepreneur : statut, d\u00e9marches, charges et imp\u00f4ts","og_description":"Devenir auto-entrepreneur, un r\u00eave devenu r\u00e9alit\u00e9 pour des centaines de milliers de Fran\u00e7ais qui ont fait le choix de la micro-entreprise pour sortir du ch\u00f4mage ou gagner plus d\u2019argent \u00e0 c\u00f4t\u00e9 de la retraite ou d\u2019un salaire. Statut, inscription au CFE ou a","og_url":"https:\/\/www.toutsurmesfinances.com\/argent\/a\/devenir-ou-etre-auto-entrepreneur-statut-cotisations-impots-inscription","og_site_name":"Argent","article_published_time":"2017-11-14T11:58:19+00:00","article_modified_time":"2023-06-27T14:24:40+00:00","og_image":[{"width":823,"height":463,"url":"https:\/\/www.toutsurmesfinances.com\/argent\/wp-content\/uploads\/sites\/3\/2017\/11\/auto-entrepreneur.jpg","type":"image\/jpeg"}],"author":"Olivier Brunet","twitter_card":"summary_large_image","twitter_creator":"@Toutsur","twitter_site":"@Toutsur","twitter_misc":{"\u00c9crit par":"Olivier Brunet","Dur\u00e9e de lecture estim\u00e9e":"21 minutes"},"schema":{"@context":"https:\/\/schema.org","@graph":[{"@type":"Article","@id":"https:\/\/www.toutsurmesfinances.com\/argent\/a\/devenir-ou-etre-auto-entrepreneur-statut-cotisations-impots-inscription#article","isPartOf":{"@id":"https:\/\/www.toutsurmesfinances.com\/argent\/a\/devenir-ou-etre-auto-entrepreneur-statut-cotisations-impots-inscription"},"author":{"name":"Olivier Brunet","@id":"https:\/\/www.toutsurmesfinances.com\/argent\/#\/schema\/person\/f3692b3163890cd1408bd0dc68a1b55a"},"headline":"Devenir ou \u00eatre auto-entrepreneur : statut, cotisations, imp\u00f4ts, inscription","dateModified":"2023-06-27T14:24:40+00:00","mainEntityOfPage":{"@id":"https:\/\/www.toutsurmesfinances.com\/argent\/a\/devenir-ou-etre-auto-entrepreneur-statut-cotisations-impots-inscription"},"wordCount":4255,"publisher":{"@id":"https:\/\/www.toutsurmesfinances.com\/argent\/#organization"},"image":{"@id":"https:\/\/www.toutsurmesfinances.com\/argent\/a\/devenir-ou-etre-auto-entrepreneur-statut-cotisations-impots-inscription#primaryimage"},"thumbnailUrl":"https:\/\/www.toutsurmesfinances.com\/argent\/wp-content\/uploads\/sites\/3\/2017\/11\/auto-entrepreneur.jpg","articleSection":["Travail"],"inLanguage":"fr-FR"},{"@type":"WebPage","@id":"https:\/\/www.toutsurmesfinances.com\/argent\/a\/devenir-ou-etre-auto-entrepreneur-statut-cotisations-impots-inscription","url":"https:\/\/www.toutsurmesfinances.com\/argent\/a\/devenir-ou-etre-auto-entrepreneur-statut-cotisations-impots-inscription","name":"Auto-Entrepreneur : statut, d\u00e9marches, charges et imp\u00f4ts","isPartOf":{"@id":"https:\/\/www.toutsurmesfinances.com\/argent\/#website"},"primaryImageOfPage":{"@id":"https:\/\/www.toutsurmesfinances.com\/argent\/a\/devenir-ou-etre-auto-entrepreneur-statut-cotisations-impots-inscription#primaryimage"},"image":{"@id":"https:\/\/www.toutsurmesfinances.com\/argent\/a\/devenir-ou-etre-auto-entrepreneur-statut-cotisations-impots-inscription#primaryimage"},"thumbnailUrl":"https:\/\/www.toutsurmesfinances.com\/argent\/wp-content\/uploads\/sites\/3\/2017\/11\/auto-entrepreneur.jpg","dateModified":"2023-06-27T14:24:40+00:00","description":"Devenir auto-entrepreneur, un r\u00eave devenu r\u00e9alit\u00e9 pour des centaines de milliers de Fran\u00e7ais qui ont fait le choix de la micro-entreprise pour sortir du ch\u00f4mage ou gagner plus d\u2019argent \u00e0 c\u00f4t\u00e9 de la retraite ou d\u2019un salaire. Statut, inscription au CFE ou a","breadcrumb":{"@id":"https:\/\/www.toutsurmesfinances.com\/argent\/a\/devenir-ou-etre-auto-entrepreneur-statut-cotisations-impots-inscription#breadcrumb"},"inLanguage":"fr-FR","potentialAction":[{"@type":"ReadAction","target":["https:\/\/www.toutsurmesfinances.com\/argent\/a\/devenir-ou-etre-auto-entrepreneur-statut-cotisations-impots-inscription"]}]},{"@type":"ImageObject","inLanguage":"fr-FR","@id":"https:\/\/www.toutsurmesfinances.com\/argent\/a\/devenir-ou-etre-auto-entrepreneur-statut-cotisations-impots-inscription#primaryimage","url":"https:\/\/www.toutsurmesfinances.com\/argent\/wp-content\/uploads\/sites\/3\/2017\/11\/auto-entrepreneur.jpg","contentUrl":"https:\/\/www.toutsurmesfinances.com\/argent\/wp-content\/uploads\/sites\/3\/2017\/11\/auto-entrepreneur.jpg","width":823,"height":463,"caption":"Auto entrepreneur , un r\u00e9gime qui permet de cr\u00e9er rapidement et facilement sa micro-entreprise"},{"@type":"BreadcrumbList","@id":"https:\/\/www.toutsurmesfinances.com\/argent\/a\/devenir-ou-etre-auto-entrepreneur-statut-cotisations-impots-inscription#breadcrumb","itemListElement":[{"@type":"ListItem","position":1,"name":"Accueil","item":"https:\/\/www.toutsurmesfinances.com\/argent\/"},{"@type":"ListItem","position":2,"name":"Travail","item":"https:\/\/www.toutsurmesfinances.com\/argent\/c\/travail"},{"@type":"ListItem","position":3,"name":"Devenir ou \u00eatre auto-entrepreneur : statut, cotisations, imp\u00f4ts, inscription"}]},{"@type":"WebSite","@id":"https:\/\/www.toutsurmesfinances.com\/argent\/#website","url":"https:\/\/www.toutsurmesfinances.com\/argent\/","name":"Argent","description":"","publisher":{"@id":"https:\/\/www.toutsurmesfinances.com\/argent\/#organization"},"potentialAction":[{"@type":"SearchAction","target":{"@type":"EntryPoint","urlTemplate":"https:\/\/www.toutsurmesfinances.com\/argent\/?s={search_term_string}"},"query-input":{"@type":"PropertyValueSpecification","valueRequired":true,"valueName":"search_term_string"}}],"inLanguage":"fr-FR"},{"@type":"Organization","@id":"https:\/\/www.toutsurmesfinances.com\/argent\/#organization","name":"Tout Sur Mes Finances","url":"https:\/\/www.toutsurmesfinances.com\/argent\/","logo":{"@type":"ImageObject","inLanguage":"fr-FR","@id":"https:\/\/www.toutsurmesfinances.com\/argent\/#\/schema\/logo\/image\/","url":"https:\/\/www.toutsurmesfinances.com\/argent\/wp-content\/uploads\/sites\/3\/2021\/01\/favicon.png","contentUrl":"https:\/\/www.toutsurmesfinances.com\/argent\/wp-content\/uploads\/sites\/3\/2021\/01\/favicon.png","width":512,"height":512,"caption":"Tout Sur Mes Finances"},"image":{"@id":"https:\/\/www.toutsurmesfinances.com\/argent\/#\/schema\/logo\/image\/"},"sameAs":["https:\/\/x.com\/Toutsur"]},{"@type":"Person","@id":"https:\/\/www.toutsurmesfinances.com\/argent\/#\/schema\/person\/f3692b3163890cd1408bd0dc68a1b55a","name":"Olivier Brunet","image":{"@type":"ImageObject","inLanguage":"fr-FR","@id":"https:\/\/www.toutsurmesfinances.com\/argent\/#\/schema\/person\/image\/","url":"https:\/\/secure.gravatar.com\/avatar\/59a19214b7bb3163a27d873fa61f9a80?s=96&d=mm&r=g","contentUrl":"https:\/\/secure.gravatar.com\/avatar\/59a19214b7bb3163a27d873fa61f9a80?s=96&d=mm&r=g","caption":"Olivier Brunet"},"description":"Olivier Brunet est cofondateur de\u00a0ToutSurMesFinances.com\u00a0et r\u00e9dacteur en chef sp\u00e9cialis\u00e9 en placements et fiscalit\u00e9\u00a0des particuliers. Pr\u00e9sent\u00a0au sein du\u00a0m\u00e9dia\u00a0depuis sa cr\u00e9ation, il en est l\u2019un des piliers \u00e9ditoriaux. Il analyse les strat\u00e9gies d\u2019investissement,\u00a0suit\u00a0les \u00e9volutions fiscales et les\u00a0probl\u00e9matiques\u00a0patrimoniales\u00a0avec une vision long terme, forg\u00e9e par des ann\u00e9es de pratique et de suivi des march\u00e9s.\u00a0","sameAs":["https:\/\/www.toutsurmesfinances.com\/author\/olivier","https:\/\/www.linkedin.com\/in\/obrunet\/"]}]}},"_links":{"self":[{"href":"https:\/\/www.toutsurmesfinances.com\/argent\/wp-json\/wp\/v2\/posts\/1630","targetHints":{"allow":["GET"]}}],"collection":[{"href":"https:\/\/www.toutsurmesfinances.com\/argent\/wp-json\/wp\/v2\/posts"}],"about":[{"href":"https:\/\/www.toutsurmesfinances.com\/argent\/wp-json\/wp\/v2\/types\/post"}],"author":[{"embeddable":true,"href":"https:\/\/www.toutsurmesfinances.com\/argent\/wp-json\/wp\/v2\/users\/13709"}],"replies":[{"embeddable":true,"href":"https:\/\/www.toutsurmesfinances.com\/argent\/wp-json\/wp\/v2\/comments?post=1630"}],"version-history":[{"count":3,"href":"https:\/\/www.toutsurmesfinances.com\/argent\/wp-json\/wp\/v2\/posts\/1630\/revisions"}],"predecessor-version":[{"id":12236,"href":"https:\/\/www.toutsurmesfinances.com\/argent\/wp-json\/wp\/v2\/posts\/1630\/revisions\/12236"}],"wp:featuredmedia":[{"embeddable":true,"href":"https:\/\/www.toutsurmesfinances.com\/argent\/wp-json\/wp\/v2\/media\/1629"}],"wp:attachment":[{"href":"https:\/\/www.toutsurmesfinances.com\/argent\/wp-json\/wp\/v2\/media?parent=1630"}],"wp:term":[{"taxonomy":"category","embeddable":true,"href":"https:\/\/www.toutsurmesfinances.com\/argent\/wp-json\/wp\/v2\/categories?post=1630"},{"taxonomy":"post_tag","embeddable":true,"href":"https:\/\/www.toutsurmesfinances.com\/argent\/wp-json\/wp\/v2\/tags?post=1630"}],"curies":[{"name":"wp","href":"https:\/\/api.w.org\/{rel}","templated":true}]}}