{"id":1652,"date":"2018-02-23T12:28:10","date_gmt":"2018-02-23T11:28:10","guid":{"rendered":"https:\/\/www.toutsurmesfinances.com\/argent\/a\/conge-paternite-pour-qui-et-combien-de-jours"},"modified":"2025-02-19T12:01:06","modified_gmt":"2025-02-19T11:01:06","slug":"conge-paternite-pour-qui-et-combien-de-jours","status":"publish","type":"post","link":"https:\/\/www.toutsurmesfinances.com\/argent\/a\/conge-paternite-pour-qui-et-combien-de-jours","title":{"rendered":"Cong\u00e9 paternit\u00e9 : pour qui et combien de jours en 2025 ?"},"content":{"rendered":"<h2><span class=\"ez-toc-section\" id=\"Conge_de_naissance_et_conge_paternite_quelle_difference\"><\/span>Cong\u00e9 de naissance et cong\u00e9 paternit\u00e9, quelle diff\u00e9rence ?<span class=\"ez-toc-section-end\"><\/span><\/h2>\n<p>Instaur\u00e9 en 2002 par <strong>S\u00e9gol\u00e8ne Royal<\/strong>, alors ministre d\u00e9l\u00e9gu\u00e9e \u00e0 la Famille, <strong>le cong\u00e9 de paternit\u00e9 et d\u2019accueil de l\u2019enfant<\/strong> ne doit pas \u00eatre confondu avec le cong\u00e9 de naissance.<\/p>\n<p>Ce dernier, r\u00e9serv\u00e9 aux salari\u00e9s, fonctionnaires et agents publics, correspond \u00e0 3 jours de cong\u00e9 qui doivent \u00eatre pris dans les 15 jours suivant la naissance de l\u2019enfant et qui sont enti\u00e8rement pay\u00e9s par l\u2019employeur qui ne peut les refuser. Il existe un \u00e9quivalent en cas d\u2019adoption de l\u2019enfant (le cong\u00e9 d\u2019adoption).<\/p>\n<p>Le cong\u00e9 de paternit\u00e9, est nettement plus long <em>(voir plus loin)<\/em>. Il est cumulable avec le cong\u00e9 de naissance. Le nouveau p\u00e8re peut b\u00e9n\u00e9ficier des deux cong\u00e9s de mani\u00e8re cons\u00e9cutive.<\/p>\n<h2><span class=\"ez-toc-section\" id=\"Conditions_pour_beneficier_du_conge_paternite\"><\/span>Conditions pour b\u00e9n\u00e9ficier du cong\u00e9 paternit\u00e9<span class=\"ez-toc-section-end\"><\/span><\/h2>\n<p>Contrairement aux id\u00e9es re\u00e7ues, les salari\u00e9s ne sont pas les seuls \u00e0 pouvoir b\u00e9n\u00e9ficier d\u2019un cong\u00e9 de paternit\u00e9. Les fonctionnaires, mais aussi les demandeurs d\u2019emploi (sous certaines conditions), les exploitants agricoles, les travailleurs ind\u00e9pendants (artisans, commer\u00e7ants, chefs d\u2019entreprise, <a href=\"https:\/\/www.toutsurmesfinances.com\/argent\/a\/devenir-ou-etre-auto-entrepreneur-statut-cotisations-impots-inscription\" target=\"_blank\" rel=\"noopener noreferrer\">micro-entrepreneurs<\/a>) et les professions lib\u00e9rales (m\u00e9decins, notaires, avocats, architectes, pharmaciens&#8230;) y ont droit.<\/p>\n<p>Autre faux pr\u00e9jug\u00e9 : le cong\u00e9 paternit\u00e9 n\u2019est pas accessible uniquement au p\u00e8re l\u00e9gal de l\u2019enfant (qui l\u2019a reconnu devant les autorit\u00e9s). La personne qui vit maritalement avec la m\u00e8re peut aussi en profiter. Il peut s\u2019agir du conjoint mari\u00e9, du partenaire <a href=\"https:\/\/www.toutsurmesfinances.com\/vie-pratique\/a\/pacs-demarches-documents-cout-impots-et-rupture\" target=\"_blank\" rel=\"noopener noreferrer\">de PACS <\/a>ou du concubin. Le b\u00e9n\u00e9ficiaire peut \u00eatre une femme dans le cas d\u2019un couple homosexuel.<\/p>\n<h2><span class=\"ez-toc-section\" id=\"Duree_du_conge_paternite_et_quand_le_prendre\"><\/span>Dur\u00e9e du cong\u00e9 paternit\u00e9 et quand le prendre<span class=\"ez-toc-section-end\"><\/span><\/h2>\n<h3><span class=\"ez-toc-section\" id=\"Duree_du_conge_paternite_avant_le_1er_juillet_2021\"><\/span>Dur\u00e9e du cong\u00e9 paternit\u00e9 avant le 1er juillet 2021<span class=\"ez-toc-section-end\"><\/span><\/h3>\n<p>Le cong\u00e9 de paternit\u00e9 et d\u2019accueil de l\u2019enfant durait <strong>11 jours<\/strong> calendaires (samedi, dimanche et jours f\u00e9ri\u00e9s compris). La dur\u00e9e \u00e9tait port\u00e9e \u00e0 <strong>18 jours<\/strong> (idem) pour les naissances multiples (jumeaux, tripl\u00e9s, quadrupl\u00e9s&#8230;).<\/p>\n<p>Le b\u00e9n\u00e9ficiaire pouvait opter pour moins de jours. Dans tous les cas, le cong\u00e9 de paternit\u00e9 n\u2019\u00e9tait pas \u00ab fractionnable \u00bb : les jours devaient \u00eatre pris cons\u00e9cutivement hormis pour les fonctionnaires titularis\u00e9s qui pouvaient les utiliser en deux fois (\u00e0 condition que l\u2019une des p\u00e9riodes dure au moins sept jours).<\/p>\n<p>Autre imp\u00e9ratif : le cong\u00e9 devait d\u00e9buter dans les quatre mois suivants la date de naissance de l\u2019enfant. En revanche, il pouvait se poursuivre au-del\u00e0 de ce d\u00e9lai.<\/p>\n<h3><span class=\"ez-toc-section\" id=\"Duree_du_conge_paternite_depuis_le_1er_juillet_2021\"><\/span>Dur\u00e9e du cong\u00e9 paternit\u00e9 depuis le 1er juillet 2021<span class=\"ez-toc-section-end\"><\/span><\/h3>\n<p>La loi de financement de la S\u00e9curit\u00e9 sociale (LFSS) pour 2021 a instaur\u00e9 un allongement de la dur\u00e9e du cong\u00e9 de paternit\u00e9 et d&rsquo;accueil de l&rsquo;enfant. Depuis le 1er juillet 2021, il est pass\u00e9 de 11 jours \u00e0<strong> 25 jours<\/strong> (de 18 \u00e0 <strong>32 jours<\/strong> pour les naissances multiples). Le nouveau p\u00e8re peut prendre moins de jours s&rsquo;il le souhaite.<\/p>\n<p>Cet allongement s&rsquo;applique aux salari\u00e9s, aux salari\u00e9s agricoles, aux non-salari\u00e9s agricoles (chefs d&rsquo;exploitation, collaborateurs agricoles, aides familiaux), aux travailleurs ind\u00e9pendants (artisans, commer\u00e7ants, chefs d&rsquo;entreprise, micro-entrepreneurs), aux professions lib\u00e9rales (m\u00e9decins, avocats, architectes, chirurgiens-dentistes, experts-comptables&#8230;), aux fonctionnaires et aux agents des r\u00e9gimes dits \u00absp\u00e9ciaux \u00bb (EDF, SNCF, RATP&#8230;).<\/p>\n<p>Cette mesure, qui reprend une des mesures du rapport de la commission des 1.000 premiers jours remis le 10 septembre 2020, vise \u00e0 favoriser la cr\u00e9ation de liens d&rsquo;attachement entre le second parent et l&rsquo;enfant, et \u00e0 contribuer \u00e0 l&rsquo;\u00e9galit\u00e9 entre les hommes et les femmes, en incitant \u00e0 un r\u00e9\u00e9quilibrage des t\u00e2ches domestiques et en r\u00e9duisant les in\u00e9galit\u00e9s de carri\u00e8res entre les femmes et les hommes.<\/p>\n<p>Dans cet optique, le gouvernement a souhait\u00e9 rendre en partie obligatoire le cong\u00e9 de paternit\u00e9 : le nouveau parent doit prendre au minimum 4 jours qui s&rsquo;ajoutent aux 3 jours du cong\u00e9 de naissance. Depuis le 1er juillet 2021, l&#8217;employeur ne peut ainsi plus employer le salari\u00e9 durant les <strong>7 jours<\/strong> suivant la naissance de son enfant. Par ailleurs, le nouveau cong\u00e9 de paternit\u00e9 peut \u00eatre pris dans les six mois suivant la naissance de l&rsquo;enfant (au lieu de quatre mois avant le 1er juillet 2021), et ce, en une ou plusieurs fois.<\/p>\n<h3><span class=\"ez-toc-section\" id=\"Duree_du_conge_paternite_en_cas_dhospitalisation\"><\/span>Dur\u00e9e du cong\u00e9 paternit\u00e9 en cas d&rsquo;hospitalisation<span class=\"ez-toc-section-end\"><\/span><\/h3>\n<p>Depuis le 1er juillet 2019, les p\u00e8res dont le nouveau-n\u00e9 est admis apr\u00e8s l&rsquo;accouchement dans un service de r\u00e9animation ou de soins intensifs disposent d&rsquo;un cong\u00e9 de paternit\u00e9 suppl\u00e9mentaire de <strong>30 jours<\/strong> qui s&rsquo;ajoute au cong\u00e9 \u00ab classique \u00bb de 11 ou 18 jours (25 ou 32 jours depuis le 1er juillet 2021).<\/p>\n<p>Les papas salari\u00e9s b\u00e9n\u00e9ficient d&rsquo;une indemnit\u00e9 journali\u00e8re (IJ) plafonn\u00e9e \u00e0 100,36 euros par jour durant ce cong\u00e9. Les travailleurs ind\u00e9pendants (artisans, commer\u00e7ants, entrepreneurs) et les professionnels lib\u00e9raux touchent, eux, une IJ forfaitaire de 63,52 euros par jour.<\/p>\n<p>Pour b\u00e9n\u00e9ficier de ce cong\u00e9 suppl\u00e9mentaire, le p\u00e8re doit pr\u00e9senter <em>\u00ab\u00a0sans d\u00e9lai\u00a0\u00bb<\/em> \u00e0 son employeur et \u00e0 sa CPAM (dans le cas des salari\u00e9s), \u00e0 sa caisse de SSI (pour les ind\u00e9pendants et les lib\u00e9raux) ou \u00e0 sa caisse de MSA (pour les agriculteurs) un bulletin d&rsquo;hospitalisation \u00e9tabli au nom de l&rsquo;enfant. Ce document doit provenir (au choix) d&rsquo;une :<\/p>\n<ul>\n<li>unit\u00e9 de n\u00e9onatologie d\u2019un \u00e9tablissement ou service de sant\u00e9 public ou priv\u00e9<\/li>\n<li>unit\u00e9 de r\u00e9animation n\u00e9onatale d\u2019un \u00e9tablissement ou service de sant\u00e9 public ou priv\u00e9<\/li>\n<li>unit\u00e9 de p\u00e9diatrie de nouveau-n\u00e9s et de nourrissons d\u2019un \u00e9tablissement ou service de sant\u00e9 public ou priv\u00e9<\/li>\n<li>unit\u00e9 indiff\u00e9renci\u00e9e de r\u00e9animation p\u00e9diatrique et n\u00e9onatale d\u2019un \u00e9tablissement ou service de sant\u00e9 public ou priv\u00e9.<\/li>\n<\/ul>\n<p>Le bulletin d\u2019hospitalisation de l\u2019enfant doit pr\u00e9ciser les informations suivantes :<\/p>\n<ul>\n<li>le pr\u00e9nom et le nom de l\u2019enfant<\/li>\n<li>la date de naissance de l\u2019enfant<\/li>\n<li>la date de d\u00e9but et le cas \u00e9ch\u00e9ant la date pr\u00e9visionnelle de fin d\u2019hospitalisation de l\u2019enfant<\/li>\n<li>l\u2019unit\u00e9 de soins dans laquelle l\u2019enfant est hospitalis\u00e9.<\/li>\n<\/ul>\n<p>Lorsque l\u2019hospitalisation se poursuit au-del\u00e0 de 15 jours, le bulletin doit \u00eatre renouvel\u00e9 tous les 15 jours pour permettre le versement des indemnit\u00e9s journali\u00e8res, sans attendre la p\u00e9riode de fin du b\u00e9n\u00e9fice du cong\u00e9. Dans tous les cas, un bulletin doit \u00eatre produit \u00e0 la fin de l\u2019hospitalisation de l\u2019enfant afin de pr\u00e9ciser la date de fin de droit au cong\u00e9.<\/p>\n<h2><span class=\"ez-toc-section\" id=\"Conge_paternite_2025_montant_qui_paie_et_quand\"><\/span>Cong\u00e9 paternit\u00e9 2025 : montant, qui paie et quand ?<span class=\"ez-toc-section-end\"><\/span><\/h2>\n<p>Durant le cong\u00e9 de paternit\u00e9, le b\u00e9n\u00e9ficiaire ne travaille pas (ou ne recherche plus d\u2019emploi) pour s\u2019occuper du nouveau-n\u00e9. Pour compenser l\u2019absence de r\u00e9mun\u00e9ration (sauf dans le cas des fonctionnaires), il per\u00e7oit <a href=\"https:\/\/www.toutsurmesfinances.com\/argent\/a\/indemnites-journalieres-montants-calcul-plafond-duree-et-versement\" target=\"_blank\" rel=\"noopener noreferrer\">des indemnit\u00e9s journali\u00e8res<\/a> (<strong>IJ<\/strong>) vers\u00e9es par son organisme de protection sociale obligatoire. Les conditions et les montants de l\u2019indemnisation varient en fonction du statut professionnel du b\u00e9n\u00e9ficiaire.<\/p>\n<h3><span class=\"ez-toc-section\" id=\"Pour_les_salaries\"><\/span>Pour les salari\u00e9s<span class=\"ez-toc-section-end\"><\/span><\/h3>\n<p>Pour percevoir des IJ au titre du cong\u00e9 de paternit\u00e9 et d\u2019accueil de l\u2019enfant, le salari\u00e9 doit \u00eatre affili\u00e9 depuis au moins 10 mois \u00e0 l\u2019<strong>Assurance maladie<\/strong>, la branche maladie et pr\u00e9voyance du r\u00e9gime g\u00e9n\u00e9ral de la S\u00e9curit\u00e9 sociale.<\/p>\n<p>En outre, il doit avoir effectu\u00e9 au moins 150 heures de travail salari\u00e9 ou assimil\u00e9 au cours des trois mois civils ou des 90 jours pr\u00e9c\u00e9dant le d\u00e9but du cong\u00e9 ou avoir cotis\u00e9 sur un salaire au moins \u00e9gal \u00e0 1.015 fois le montant du <a href=\"https:\/\/www.toutsurmesfinances.com\/argent\/a\/smic-brut-net-montants-taux-et-revalorisation\" target=\"_blank\" rel=\"noopener noreferrer\">Smic<\/a> horaire (soit 112.058,20 euros bruts depuis le 1er janvier 2025) au cours des six mois civils pr\u00e9c\u00e9dant le d\u00e9but du cong\u00e9.<\/p>\n<p>Les travailleurs saisonniers, int\u00e9rimaires ou en contrat \u00e0 dur\u00e9e d\u00e9termin\u00e9e (<strong>CDD<\/strong>) doivent, eux, justifier d\u2019au moins 600 heures travaill\u00e9es ou avoir cotis\u00e9 sur un salaire au moins \u00e9gal \u00e0 2.030 fois le montant du Smic horaire (24.116,40 euros bruts depuis le 1er janvier 2025) au cours de l&rsquo;ann\u00e9e pr\u00e9c\u00e9dant le d\u00e9but du cong\u00e9.<\/p>\n<p>Le montant de l\u2019IJ correspond au gain journalier de base. Celui-ci \u00e9quivaut au total des salaires des trois mois (ou des 12 mois en cas d&rsquo;activit\u00e9 saisonni\u00e8re ou discontinue) pr\u00e9c\u00e9dant le cong\u00e9 dans la limite du <a href=\"https:\/\/www.toutsurmesfinances.com\/argent\/a\/plafond-de-la-securite-sociale-pss-definition-montants-et-revalorisation\" target=\"_blank\" rel=\"noopener noreferrer\">plafond mensuel de S\u00e9curit\u00e9 sociale<\/a> (<strong>PMSS<\/strong>), divis\u00e9 par 91,25. On retire du r\u00e9sultat 21% de taux forfaitaire de cotisations et de contributions sociales.<\/p>\n<p>Sachant que le PMSS est fix\u00e9 \u00e0 3.925 euros au 1er janvier 2025, le montant de l\u2019indemnit\u00e9 journali\u00e8re ne peut exc\u00e9der <strong>101,94\u00a0euros par jour<\/strong>. Pour arriver \u00e0 ce r\u00e9sultat, on applique la formule : [(3.925 x 3)] \/ 91,25] &#8211; 21% de [(3.925 x 3)] \/ 91,25]. Cette formule est pr\u00e9vue dans l&rsquo;<a href=\"https:\/\/www.legifrance.gouv.fr\/affichCodeArticle.do?idArticle=LEGIARTI000029396178&amp;cidTexte=LEGITEXT000006073189&amp;dateTexte=20150101\" target=\"_blank\" rel=\"nofollow noopener noreferrer\">article R.331-5 du Code de la S\u00e9curit\u00e9 sociale<\/a>, qui renvoie aux articles R.323-4 et R.323-8 pour le calcul du gain journalier de base\u00a0et \u00e0 l\u2019application de d\u00e9cret n\u00b02013-266 du 28 mars 2013 pour l\u2019application du taux forfaitaire de cotisation fix\u00e9 \u00e0 21% par l\u2019arr\u00eat\u00e9 du 28 mars 2013.<\/p>\n<p>L\u2019IJ ne peut \u00eatre inf\u00e9rieure \u00e0 <strong>11,02 euros par jour <\/strong>en 2025. Les indemnit\u00e9s sont vers\u00e9es par la Caisse primaire d&rsquo;assurance maladie (<strong>CPAM<\/strong>) tous les 14 jours.<\/p>\n<div class=\"td-paragraph-padding-1\">\n<p><strong>\u00c0 NOTER :<\/strong> la convention collective, l\u2019accord d\u2019entreprise ou de branche professionnelle du salari\u00e9 peut pr\u00e9voir de meilleures conditions d\u2019indemnisation pouvant aller jusqu&rsquo;au maintien int\u00e9gral du salaire. Dans ces cas-l\u00e0, l\u2019employeur compl\u00e8te les IJ de l\u2019Assurance maladie. Deux syst\u00e8mes sont alors possibles : soit le b\u00e9n\u00e9ficiaire per\u00e7oit les indemnit\u00e9s de la S\u00e9curit\u00e9 sociale et un compl\u00e9ment de la part de son employeur, soit c&rsquo;est l&#8217;employeur qui per\u00e7oit les IJ de la S\u00e9cu et c&rsquo;est lui qui verse le revenu de remplacement (dont son compl\u00e9ment) au salari\u00e9 (proc\u00e9dure dite de \u00ab subrogation \u00bb).<\/p>\n<\/div>\n<h3><span class=\"ez-toc-section\" id=\"Pour_les_fonctionnaires\"><\/span>Pour les fonctionnaires<span class=\"ez-toc-section-end\"><\/span><\/h3>\n<p>Durant leur cong\u00e9 de paternit\u00e9, le traitement indiciaire des agents titulaires et non titulaires (stagiaires, vacataires, contractuels) des trois fonctions publiques est maintenu.<\/p>\n<p>Dans la fonction publique d\u2019\u00c9tat, les fonctionnaires titularis\u00e9s et les agents non titulaires (contractuels, vacataires) occupant leur poste depuis plus de six mois per\u00e7oivent en plus leurs primes et indemnit\u00e9s. Dans les fonctions publiques territoriale et hospitali\u00e8re, les primes et indemnit\u00e9s peuvent \u00eatre maintenues si le r\u00e8glement de la collectivit\u00e9 locale ou de l\u2019h\u00f4pital public le pr\u00e9voit.<\/p>\n<p>Les agents non titulaires des trois fonctions publiques recrut\u00e9s depuis moins de six mois per\u00e7oivent les indemnit\u00e9s journali\u00e8res de l\u2019Assurance maladie dans les m\u00eames conditions que les salari\u00e9s du secteur priv\u00e9 <em>(voir plus haut).<\/em><\/p>\n<h3><span class=\"ez-toc-section\" id=\"Pour_les_demandeurs_demploi\"><\/span>Pour les demandeurs d\u2019emploi<span class=\"ez-toc-section-end\"><\/span><\/h3>\n<p>Les demandeurs d\u2019emploi qui per\u00e7oivent <a href=\"https:\/\/www.toutsurmesfinances.com\/argent\/a\/aide-au-retour-a-l-emploi-are-conditions-montants-et-duree\" target=\"_blank\" rel=\"noopener noreferrer\">une allocation ch\u00f4mage vers\u00e9e par France Travail (ex-P\u00f4le emploi)<\/a>, qui en ont per\u00e7u une allocation dans les 12 derniers mois ou qui ont cess\u00e9 leur activit\u00e9 depuis moins de 12 mois, ont droit aux IJ au titre du cong\u00e9 de paternit\u00e9.<\/p>\n<p>Les modalit\u00e9s de calcul du montant de l\u2019indemnisation sont identiques \u00e0 celles des salari\u00e9s (voir plus haut). L\u2019IJ ne peut donc d\u00e9passer <strong>101,94<\/strong> <strong>euros par jour<\/strong> en 2025. Elle est vers\u00e9e tous les 14 jours par l\u2019Assurance maladie.<\/p>\n<p>Le paiement des IJ pendant le cong\u00e9 de paternit\u00e9 entra\u00eene la suspension du versement de l\u2019allocation ch\u00f4mage. La dur\u00e9e d\u2019indemnisation par P\u00f4le emploi est repouss\u00e9e d\u2019autant.<\/p>\n<p><strong>\u00c0 SAVOIR :<\/strong> les IJ au titre du cong\u00e9 paternit\u00e9 ne sont pas cumulables avec :<\/p>\n<ul>\n<li><a href=\"https:\/\/www.toutsurmesfinances.com\/argent\/a\/indemnites-journalieres-montants-calcul-plafond-duree-et-versement\" target=\"_blank\" rel=\"noopener noreferrer\">les indemnit\u00e9s journali\u00e8res vers\u00e9es pour maladie<\/a>, accident du travail ou maladie professionnelle<\/li>\n<li>le compl\u00e9ment de libre choix d&rsquo;activit\u00e9 de <a style=\"background-color: transparent\" href=\"https:\/\/www.toutsurmesfinances.com\/argent\/a\/paje-conditions-plafonds-montant-de-l-allocation-et-versement\" target=\"_blank\" rel=\"noopener noreferrer\">la prestation d&rsquo;accueil du jeune enfant <\/a><span style=\"background-color: transparent\">(<\/span><strong style=\"background-color: transparent\">Paje<\/strong><span style=\"background-color: transparent\">) \u00e0 taux plein<\/span><\/li>\n<li>le compl\u00e9ment de libre choix d&rsquo;activit\u00e9 de la Paje \u00e0 taux partiel le mois d&rsquo;ouverture du droit<\/li>\n<li>l&rsquo;allocation journali\u00e8re de pr\u00e9sence parentale (<strong style=\"background-color: transparent\">AJPP<\/strong><span style=\"background-color: transparent\">)<\/span><\/li>\n<li>les allocations vers\u00e9es par France Travail.<\/li>\n<\/ul>\n<h3><span class=\"ez-toc-section\" id=\"Pour_les_agriculteurs\"><\/span>Pour les agriculteurs<span class=\"ez-toc-section-end\"><\/span><\/h3>\n<p>Le chef d\u2019exploitation doit \u00eatre affili\u00e9 depuis au moins 6 mois \u00e0 l\u2019Assurance maladie des exploitants agricoles (<strong>Amexa<\/strong>), la branche maladie et pr\u00e9voyance de la Mutualit\u00e9 sociale agricole (<strong>MSA<\/strong>).<\/p>\n<p>Durant le cong\u00e9 de paternit\u00e9, l\u2019exploitant agricole doit se faire remplacer pour \u00eatre indemnis\u00e9. S\u2019il existe un service de remplacement dans son d\u00e9partement de r\u00e9sidence, il doit en priorit\u00e9 faire appel \u00e0 ce service. Le montant de l\u2019allocation de remplacement correspond au co\u00fbt des journ\u00e9es factur\u00e9es par le service de remplacement auquel sont retranch\u00e9es les contributions sociales (<a href=\"https:\/\/www.toutsurmesfinances.com\/impots\/csg-definition-taux-calcul-tout-savoir-sur-la-contribution-sociale-generalisee.html\" target=\"_blank\" rel=\"noopener noreferrer\">CSG<\/a> et CRDS) qui demeurent \u00e0 la charge de l\u2019exploitant agricole. La MSA verse directement l\u2019allocation au service de remplacement.<\/p>\n<p>En l\u2019absence d\u2019un tel service dans le d\u00e9partement, le chef d\u2019exploitation est autoris\u00e9 \u00e0 embaucher un salari\u00e9 pour le remplacer durant son absence. La MSA rembourse \u00e0 l\u2019exploitant agricole les frais engag\u00e9s, sur pr\u00e9sentation de la copie du contrat de travail et du bulletin de salaire. L\u2019allocation est plafonn\u00e9e au salaire conventionnel correspondant \u00e0 l&#8217;emploi.<\/p>\n<p>Un <a href=\"https:\/\/www.legifrance.gouv.fr\/jorf\/id\/JORFTEXT000049465270\" target=\"_blank\" rel=\"nofollow noopener noreferrer\">d\u00e9cret<\/a>, publi\u00e9 dans le <em>Journal Officiel <\/em>du 24 avril 2024, est venu assouplir la r\u00e8gle des 7 jours de cong\u00e9 paternit\u00e9 \u00e0 prendre \u00e0 la naissance de l&rsquo;enfant pour les exploitants agricoles. Depuis le 25 avril 2024, les agriculteurs ont la possibilit\u00e9 de prendre ce cong\u00e9 obligatoire soit <em>\u00ab\u00a0\u00e0 compter de la date d&rsquo;accouchement initialement pr\u00e9vue\u00a0\u00bb<\/em>, soit <em>\u00ab\u00a0dans un d\u00e9lai maximal de quinze jours \u00e0 compter de la naissance effective de l&rsquo;enfant\u00a0\u00bb<\/em>, pr\u00e9cise le texte. Cette mesure devrait permettre aux chefs d&rsquo;exploitation de mieux s&rsquo;organiser dans un tel moment, alors qu&rsquo;ils \u00e9prouvent des difficult\u00e9s \u00e0 se faire remplacer ou qu&rsquo;ils sont susceptibles d&rsquo;avoir \u00e0 g\u00e9rer un pic d&rsquo;activit\u00e9 sur l&rsquo;exploitation agricole.<\/p>\n<h3><span class=\"ez-toc-section\" id=\"Pour_les_artisans_commercants_et_professions_liberales\"><\/span>Pour les artisans, commer\u00e7ants et professions lib\u00e9rales<span class=\"ez-toc-section-end\"><\/span><\/h3>\n<p>Pour percevoir des IJ au titre du cong\u00e9 de paternit\u00e9, les travailleurs non-salari\u00e9s non-agricoles (<strong>TNSNA<\/strong>), c\u2019est-\u00e0-dire les artisans, les commer\u00e7ants, les entrepreneurs et les professionnels lib\u00e9raux, doivent justifier d\u2019au moins 6 mois d\u2019affiliation \u00e0 <a href=\"https:\/\/www.toutsurmesfinances.com\/retraite\/suppression-du-rsi-quelles-consequences-pour-les-independants.html\" target=\"_blank\" rel=\"noopener noreferrer\">la S\u00e9curit\u00e9 sociale des ind\u00e9pendants (<strong>SSI<\/strong>)<\/a>, qui remplace le R\u00e9gime social des ind\u00e9pendants (RSI) depuis 2018.<\/p>\n<p>Si le TNSNA d\u00e9clare plus de 4.383,20 euros de revenus professionnels annuels moyens pour les trois derni\u00e8re ann\u00e9es, il re\u00e7oit une indemnisation forfaitaire \u00e9quivalente \u00e0 1\/730 au plafond annuel de la S\u00e9curit\u00e9 sociale (PASS). Le PASS ayant \u00e9t\u00e9 fix\u00e9 \u00e0 47.100 euros au 1er janvier 2025, elle s&rsquo;\u00e9l\u00e8ve \u00e0 <strong>64,52 euros par jour<\/strong> cette ann\u00e9e.<\/p>\n<p>En de\u00e7\u00e0 de 4.383,20 euros euros de revenus annuels (un cas de figure possible chez les micro-entrepreneurs), l&rsquo;ind\u00e9pendant per\u00e7oit 10% de l\u2019IJ forfaitaire, soit 6,452 euros par jour en 2025.<\/p>\n<h2><span class=\"ez-toc-section\" id=\"Conge_paternite_demarches_et_lettre_type\"><\/span>Cong\u00e9 paternit\u00e9 : d\u00e9marches et lettre type<span class=\"ez-toc-section-end\"><\/span><\/h2>\n<p>Les salari\u00e9s et les fonctionnaires doivent pr\u00e9venir de leur d\u00e9cision de prendre un cong\u00e9 de paternit\u00e9 et de la dur\u00e9e choisie de celui-ci (dans la limite de 25 jours calendaires ou 32 jours calendaires pour les naissances multiples) au moins un mois avant le d\u00e9part envisag\u00e9. L\u2019employeur ne peut pas refuser le cong\u00e9. En revanche, le cong\u00e9 ne peut pas \u00eatre d\u00e9cal\u00e9 dans le temps sans l\u2019accord de l\u2019employeur.<\/p>\n<p>Parall\u00e8lement, les salari\u00e9s, mais aussi les travailleurs ind\u00e9pendants, les professions lib\u00e9rales et les exploitants agricoles doivent pr\u00e9venir leur caisse d\u2019assurance maladie obligatoire apr\u00e8s la naissance de l\u2019enfant. Il s\u2019agit de la Caisse primaire d&rsquo;assurance maladie (<strong>CPAM<\/strong>) de leur lieu de r\u00e9sidence pour les trois premiers et de la caisse de Mutualit\u00e9 sociale agricole (<strong>MSA<\/strong>) pour les quatri\u00e8mes.<\/p>\n<h3><span class=\"ez-toc-section\" id=\"Modele_de_lettre_pour_lemployeur\"><\/span>Mod\u00e8le de lettre pour l&#8217;employeur<span class=\"ez-toc-section-end\"><\/span><\/h3>\n<p>Une lettre type de demande de cong\u00e9 de paternit\u00e9 \u00e0 l\u2019employeur est disponible sur <a href=\"https:\/\/www.service-public.fr\/particuliers\/vosdroits\/R32176\" target=\"_blank\" rel=\"nofollow noopener noreferrer\">le site service-public.fr<\/a>. Il est fortement conseill\u00e9 d\u2019envoyer le courrier en recommand\u00e9 avec accus\u00e9 de r\u00e9ception (<strong>AR<\/strong>).<\/p>\n<h3><span class=\"ez-toc-section\" id=\"Informer_la_caisse_dassurance_maladie_documents_a_fournir\"><\/span>Informer la caisse d&rsquo;assurance maladie : documents \u00e0 fournir<span class=\"ez-toc-section-end\"><\/span><\/h3>\n<p>Plusieurs pi\u00e8ces justificatives doivent \u00eatre communiqu\u00e9es \u00e0 la caisse d\u2019assurance maladie obligatoire. La nature des documents d\u00e9pend si le demandeur du cong\u00e9 de paternit\u00e9 est ou non le p\u00e8re l\u00e9gal du nouveau-n\u00e9.<\/p>\n<p>Le p\u00e8re de l\u2019enfant doit transmettre \u00e0 la caisse (au choix) :<\/p>\n<ul>\n<li>une copie int\u00e9grale de l\u2019acte de naissance de l\u2019enfant<\/li>\n<li>une copie du livret de famille remis \u00e0 jour (avec la mention de la naissance)<\/li>\n<li>une copie de la reconnaissance de l\u2019enfant<\/li>\n<li>une copie de l&rsquo;acte d&rsquo;enfant sans vie et un certificat m\u00e9dical d&rsquo;accouchement d&rsquo;un enfant n\u00e9 mort et viable en cas de naissance d\u2019enfant d\u00e9c\u00e9d\u00e9<\/li>\n<\/ul>\n<p>Le conjoint (mari\u00e9, pacs\u00e9 ou concubin) de la m\u00e8re doit transmettre \u00e0 la caisse une copie int\u00e9grale de l\u2019acte de naissance de l\u2019enfant ou, en cas de naissance d\u2019enfant d\u00e9c\u00e9d\u00e9, une copie de l&rsquo;acte d&rsquo;enfant sans vie et un certificat m\u00e9dical d&rsquo;accouchement d&rsquo;un enfant. En outre, pour prouver son lien avec la m\u00e8re, il doit produire (au choix) :<\/p>\n<ul>\n<li>un extrait d&rsquo;acte de mariage<\/li>\n<li>une copie du <a style=\"background-color: transparent\" href=\"https:\/\/www.toutsurmesfinances.com\/vie-pratique\/a\/pacs-demarches-documents-cout-impots-et-rupture\" target=\"_blank\" rel=\"noopener noreferrer\">PACS<\/a><\/li>\n<li>un certificat de vie commune ou de concubinage datant de moins d&rsquo;un an ou, \u00e0 d\u00e9faut, une attestation sur l&rsquo;honneur de vie maritale cosign\u00e9e par la m\u00e8re de l&rsquo;enfant.<\/li>\n<\/ul>\n<p><strong>\u00c0 SAVOIR :<\/strong> l\u2019employeur des salari\u00e9s doit envoyer \u00e0 l\u2019Assurance maladie une attestation de salaire. C\u2019est sur la base de ce document que la caisse calcule le montant des IJ.<\/p>\n<h2><span class=\"ez-toc-section\" id=\"Simulation_indemnite_de_conge_paternite\"><\/span>Simulation indemnit\u00e9 de cong\u00e9 paternit\u00e9<span class=\"ez-toc-section-end\"><\/span><\/h2>\n<p>L\u2019Assurance maladie met \u00e0 la disposition des salari\u00e9s <a href=\"https:\/\/www.ameli.fr\/simulateur\" target=\"_blank\" rel=\"nofollow noopener noreferrer\">un simulateur en ligne<\/a> visant \u00e0 estimant les indemnit\u00e9s journali\u00e8res vers\u00e9es \u00e0 la naissance d\u2019un enfant, dont les IJ au titre du cong\u00e9 de paternit\u00e9.<\/p>\n","protected":false},"excerpt":{"rendered":"<p>S\u2019ils le souhaitent, les jeunes p\u00e8res peuvent prendre des jours de cong\u00e9 \u00e0 la suite de la naissance d\u2019un enfant. Depuis le 1er juillet 2019, ils b\u00e9n\u00e9ficient d&rsquo;un cong\u00e9 de paternit\u00e9 suppl\u00e9mentaire en cas de prise en charge du nouveau n\u00e9 dans un service de soins intensifs ou de r\u00e9animation. Le cong\u00e9 de paternit\u00e9 \u00ab\u00a0classique\u00a0\u00bb est pass\u00e9 de 11 \u00e0 25 jours (dont 7 jours obligatoires) depuis le 1er juillet 2021.<\/p>\n","protected":false},"author":13713,"featured_media":1651,"comment_status":"closed","ping_status":"closed","sticky":false,"template":"","format":"standard","meta":{"footnotes":""},"categories":[33],"tags":[],"class_list":["post-1652","post","type-post","status-publish","format-standard","has-post-thumbnail","hentry","category-famille"],"acf":[],"yoast_head":"<!-- This site is optimized with the Yoast SEO plugin v24.9 - https:\/\/yoast.com\/wordpress\/plugins\/seo\/ -->\n<title>Cong\u00e9 paternit\u00e9 2025\u00a0: dur\u00e9e, montant et d\u00e9marches<\/title>\n<meta name=\"description\" content=\"S\u2019ils le souhaitent, les jeunes p\u00e8res peuvent prendre des jours de cong\u00e9 \u00e0 la suite de la naissance d\u2019un enfant. Le cong\u00e9 de paternit\u00e9 est pass\u00e9 \u00e0 25 jours.\" \/>\n<meta name=\"robots\" content=\"index, follow, max-snippet:-1, max-image-preview:large, max-video-preview:-1\" \/>\n<link rel=\"canonical\" href=\"https:\/\/www.toutsurmesfinances.com\/argent\/a\/conge-paternite-pour-qui-et-combien-de-jours\" \/>\n<meta property=\"og:locale\" content=\"fr_FR\" \/>\n<meta property=\"og:type\" content=\"article\" \/>\n<meta property=\"og:title\" content=\"Cong\u00e9 paternit\u00e9 2025\u00a0: dur\u00e9e, montant et d\u00e9marches\" \/>\n<meta property=\"og:description\" content=\"S\u2019ils le souhaitent, les jeunes p\u00e8res peuvent prendre des jours de cong\u00e9 \u00e0 la suite de la naissance d\u2019un enfant. Le cong\u00e9 de paternit\u00e9 est pass\u00e9 \u00e0 25 jours.\" \/>\n<meta property=\"og:url\" content=\"https:\/\/www.toutsurmesfinances.com\/argent\/a\/conge-paternite-pour-qui-et-combien-de-jours\" \/>\n<meta property=\"og:site_name\" content=\"Argent\" \/>\n<meta property=\"article:published_time\" content=\"2018-02-23T11:28:10+00:00\" \/>\n<meta property=\"article:modified_time\" content=\"2025-02-19T11:01:06+00:00\" \/>\n<meta property=\"og:image\" content=\"https:\/\/www.toutsurmesfinances.com\/argent\/wp-content\/uploads\/sites\/3\/2018\/02\/conge-pater.jpg\" \/>\n\t<meta property=\"og:image:width\" content=\"823\" \/>\n\t<meta property=\"og:image:height\" content=\"463\" \/>\n\t<meta property=\"og:image:type\" content=\"image\/jpeg\" \/>\n<meta name=\"author\" content=\"Jean-Philippe Dubosc\" \/>\n<meta name=\"twitter:card\" content=\"summary_large_image\" \/>\n<meta name=\"twitter:creator\" content=\"@Toutsur\" \/>\n<meta name=\"twitter:site\" content=\"@Toutsur\" \/>\n<meta name=\"twitter:label1\" content=\"\u00c9crit par\" \/>\n\t<meta name=\"twitter:data1\" content=\"Jean-Philippe Dubosc\" \/>\n\t<meta name=\"twitter:label2\" content=\"Dur\u00e9e de lecture estim\u00e9e\" \/>\n\t<meta name=\"twitter:data2\" content=\"14 minutes\" \/>\n<script type=\"application\/ld+json\" class=\"yoast-schema-graph\">{\"@context\":\"https:\/\/schema.org\",\"@graph\":[{\"@type\":\"Article\",\"@id\":\"https:\/\/www.toutsurmesfinances.com\/argent\/a\/conge-paternite-pour-qui-et-combien-de-jours#article\",\"isPartOf\":{\"@id\":\"https:\/\/www.toutsurmesfinances.com\/argent\/a\/conge-paternite-pour-qui-et-combien-de-jours\"},\"author\":{\"name\":\"Jean-Philippe Dubosc\",\"@id\":\"https:\/\/www.toutsurmesfinances.com\/argent\/#\/schema\/person\/addc9e9b3978fa7947ead71bab57694c\"},\"headline\":\"Cong\u00e9 paternit\u00e9 : pour qui et combien de jours en 2025 ?\",\"dateModified\":\"2025-02-19T11:01:06+00:00\",\"mainEntityOfPage\":{\"@id\":\"https:\/\/www.toutsurmesfinances.com\/argent\/a\/conge-paternite-pour-qui-et-combien-de-jours\"},\"wordCount\":2931,\"publisher\":{\"@id\":\"https:\/\/www.toutsurmesfinances.com\/argent\/#organization\"},\"image\":{\"@id\":\"https:\/\/www.toutsurmesfinances.com\/argent\/a\/conge-paternite-pour-qui-et-combien-de-jours#primaryimage\"},\"thumbnailUrl\":\"https:\/\/www.toutsurmesfinances.com\/argent\/wp-content\/uploads\/sites\/3\/2018\/02\/conge-pater.jpg\",\"articleSection\":[\"Famille\"],\"inLanguage\":\"fr-FR\"},{\"@type\":\"WebPage\",\"@id\":\"https:\/\/www.toutsurmesfinances.com\/argent\/a\/conge-paternite-pour-qui-et-combien-de-jours\",\"url\":\"https:\/\/www.toutsurmesfinances.com\/argent\/a\/conge-paternite-pour-qui-et-combien-de-jours\",\"name\":\"Cong\u00e9 paternit\u00e9 2025\u00a0: dur\u00e9e, montant et d\u00e9marches\",\"isPartOf\":{\"@id\":\"https:\/\/www.toutsurmesfinances.com\/argent\/#website\"},\"primaryImageOfPage\":{\"@id\":\"https:\/\/www.toutsurmesfinances.com\/argent\/a\/conge-paternite-pour-qui-et-combien-de-jours#primaryimage\"},\"image\":{\"@id\":\"https:\/\/www.toutsurmesfinances.com\/argent\/a\/conge-paternite-pour-qui-et-combien-de-jours#primaryimage\"},\"thumbnailUrl\":\"https:\/\/www.toutsurmesfinances.com\/argent\/wp-content\/uploads\/sites\/3\/2018\/02\/conge-pater.jpg\",\"dateModified\":\"2025-02-19T11:01:06+00:00\",\"description\":\"S\u2019ils le souhaitent, les jeunes p\u00e8res peuvent prendre des jours de cong\u00e9 \u00e0 la suite de la naissance d\u2019un enfant. Le cong\u00e9 de paternit\u00e9 est pass\u00e9 \u00e0 25 jours.\",\"breadcrumb\":{\"@id\":\"https:\/\/www.toutsurmesfinances.com\/argent\/a\/conge-paternite-pour-qui-et-combien-de-jours#breadcrumb\"},\"inLanguage\":\"fr-FR\",\"potentialAction\":[{\"@type\":\"ReadAction\",\"target\":[\"https:\/\/www.toutsurmesfinances.com\/argent\/a\/conge-paternite-pour-qui-et-combien-de-jours\"]}]},{\"@type\":\"ImageObject\",\"inLanguage\":\"fr-FR\",\"@id\":\"https:\/\/www.toutsurmesfinances.com\/argent\/a\/conge-paternite-pour-qui-et-combien-de-jours#primaryimage\",\"url\":\"https:\/\/www.toutsurmesfinances.com\/argent\/wp-content\/uploads\/sites\/3\/2018\/02\/conge-pater.jpg\",\"contentUrl\":\"https:\/\/www.toutsurmesfinances.com\/argent\/wp-content\/uploads\/sites\/3\/2018\/02\/conge-pater.jpg\",\"width\":823,\"height\":463,\"caption\":\"Les jeunes p\u00e8res ont droit \u00e0 11 jours de cong\u00e9 pour s&#039;occuper de leur nouveau-n\u00e9\"},{\"@type\":\"BreadcrumbList\",\"@id\":\"https:\/\/www.toutsurmesfinances.com\/argent\/a\/conge-paternite-pour-qui-et-combien-de-jours#breadcrumb\",\"itemListElement\":[{\"@type\":\"ListItem\",\"position\":1,\"name\":\"Accueil\",\"item\":\"https:\/\/www.toutsurmesfinances.com\/argent\/\"},{\"@type\":\"ListItem\",\"position\":2,\"name\":\"Famille\",\"item\":\"https:\/\/www.toutsurmesfinances.com\/argent\/c\/famille\"},{\"@type\":\"ListItem\",\"position\":3,\"name\":\"Cong\u00e9 paternit\u00e9 : pour qui et combien de jours en 2025 ?\"}]},{\"@type\":\"WebSite\",\"@id\":\"https:\/\/www.toutsurmesfinances.com\/argent\/#website\",\"url\":\"https:\/\/www.toutsurmesfinances.com\/argent\/\",\"name\":\"Argent\",\"description\":\"\",\"publisher\":{\"@id\":\"https:\/\/www.toutsurmesfinances.com\/argent\/#organization\"},\"potentialAction\":[{\"@type\":\"SearchAction\",\"target\":{\"@type\":\"EntryPoint\",\"urlTemplate\":\"https:\/\/www.toutsurmesfinances.com\/argent\/?s={search_term_string}\"},\"query-input\":{\"@type\":\"PropertyValueSpecification\",\"valueRequired\":true,\"valueName\":\"search_term_string\"}}],\"inLanguage\":\"fr-FR\"},{\"@type\":\"Organization\",\"@id\":\"https:\/\/www.toutsurmesfinances.com\/argent\/#organization\",\"name\":\"Tout Sur Mes Finances\",\"url\":\"https:\/\/www.toutsurmesfinances.com\/argent\/\",\"logo\":{\"@type\":\"ImageObject\",\"inLanguage\":\"fr-FR\",\"@id\":\"https:\/\/www.toutsurmesfinances.com\/argent\/#\/schema\/logo\/image\/\",\"url\":\"https:\/\/www.toutsurmesfinances.com\/argent\/wp-content\/uploads\/sites\/3\/2021\/01\/favicon.png\",\"contentUrl\":\"https:\/\/www.toutsurmesfinances.com\/argent\/wp-content\/uploads\/sites\/3\/2021\/01\/favicon.png\",\"width\":512,\"height\":512,\"caption\":\"Tout Sur Mes Finances\"},\"image\":{\"@id\":\"https:\/\/www.toutsurmesfinances.com\/argent\/#\/schema\/logo\/image\/\"},\"sameAs\":[\"https:\/\/x.com\/Toutsur\"]},{\"@type\":\"Person\",\"@id\":\"https:\/\/www.toutsurmesfinances.com\/argent\/#\/schema\/person\/addc9e9b3978fa7947ead71bab57694c\",\"name\":\"Jean-Philippe Dubosc\",\"image\":{\"@type\":\"ImageObject\",\"inLanguage\":\"fr-FR\",\"@id\":\"https:\/\/www.toutsurmesfinances.com\/argent\/#\/schema\/person\/image\/\",\"url\":\"https:\/\/secure.gravatar.com\/avatar\/a3cba30cdda1afe79f6ebffc6e952291?s=96&d=mm&r=g\",\"contentUrl\":\"https:\/\/secure.gravatar.com\/avatar\/a3cba30cdda1afe79f6ebffc6e952291?s=96&d=mm&r=g\",\"caption\":\"Jean-Philippe Dubosc\"},\"description\":\"Jean-Philippe Dubosc est r\u00e9dacteur en chef de ToutSurMesFinances.com et sp\u00e9cialiste des questions de retraite obligatoire et d\u2019\u00e9pargne. Pr\u00e9sent au sein du m\u00e9dia depuis plus de 13 ans, il analyse les r\u00e9formes, les dispositifs r\u00e9glementaires et les strat\u00e9gies de d\u00e9part \u00e0 la retraite, avec une approche fond\u00e9e sur une lecture rigoureuse des textes et une connaissance approfondie des diff\u00e9rents r\u00e9gimes de retraite.\",\"sameAs\":[\"https:\/\/www.toutsurmesfinances.com\/author\/jpdubosc\",\"https:\/\/fr.linkedin.com\/in\/jpdubosc\"]}]}<\/script>\n<!-- \/ Yoast SEO plugin. -->","yoast_head_json":{"title":"Cong\u00e9 paternit\u00e9 2025\u00a0: dur\u00e9e, montant et d\u00e9marches","description":"S\u2019ils le souhaitent, les jeunes p\u00e8res peuvent prendre des jours de cong\u00e9 \u00e0 la suite de la naissance d\u2019un enfant. Le cong\u00e9 de paternit\u00e9 est pass\u00e9 \u00e0 25 jours.","robots":{"index":"index","follow":"follow","max-snippet":"max-snippet:-1","max-image-preview":"max-image-preview:large","max-video-preview":"max-video-preview:-1"},"canonical":"https:\/\/www.toutsurmesfinances.com\/argent\/a\/conge-paternite-pour-qui-et-combien-de-jours","og_locale":"fr_FR","og_type":"article","og_title":"Cong\u00e9 paternit\u00e9 2025\u00a0: dur\u00e9e, montant et d\u00e9marches","og_description":"S\u2019ils le souhaitent, les jeunes p\u00e8res peuvent prendre des jours de cong\u00e9 \u00e0 la suite de la naissance d\u2019un enfant. Le cong\u00e9 de paternit\u00e9 est pass\u00e9 \u00e0 25 jours.","og_url":"https:\/\/www.toutsurmesfinances.com\/argent\/a\/conge-paternite-pour-qui-et-combien-de-jours","og_site_name":"Argent","article_published_time":"2018-02-23T11:28:10+00:00","article_modified_time":"2025-02-19T11:01:06+00:00","og_image":[{"width":823,"height":463,"url":"https:\/\/www.toutsurmesfinances.com\/argent\/wp-content\/uploads\/sites\/3\/2018\/02\/conge-pater.jpg","type":"image\/jpeg"}],"author":"Jean-Philippe Dubosc","twitter_card":"summary_large_image","twitter_creator":"@Toutsur","twitter_site":"@Toutsur","twitter_misc":{"\u00c9crit par":"Jean-Philippe Dubosc","Dur\u00e9e de lecture estim\u00e9e":"14 minutes"},"schema":{"@context":"https:\/\/schema.org","@graph":[{"@type":"Article","@id":"https:\/\/www.toutsurmesfinances.com\/argent\/a\/conge-paternite-pour-qui-et-combien-de-jours#article","isPartOf":{"@id":"https:\/\/www.toutsurmesfinances.com\/argent\/a\/conge-paternite-pour-qui-et-combien-de-jours"},"author":{"name":"Jean-Philippe Dubosc","@id":"https:\/\/www.toutsurmesfinances.com\/argent\/#\/schema\/person\/addc9e9b3978fa7947ead71bab57694c"},"headline":"Cong\u00e9 paternit\u00e9 : pour qui et combien de jours en 2025 ?","dateModified":"2025-02-19T11:01:06+00:00","mainEntityOfPage":{"@id":"https:\/\/www.toutsurmesfinances.com\/argent\/a\/conge-paternite-pour-qui-et-combien-de-jours"},"wordCount":2931,"publisher":{"@id":"https:\/\/www.toutsurmesfinances.com\/argent\/#organization"},"image":{"@id":"https:\/\/www.toutsurmesfinances.com\/argent\/a\/conge-paternite-pour-qui-et-combien-de-jours#primaryimage"},"thumbnailUrl":"https:\/\/www.toutsurmesfinances.com\/argent\/wp-content\/uploads\/sites\/3\/2018\/02\/conge-pater.jpg","articleSection":["Famille"],"inLanguage":"fr-FR"},{"@type":"WebPage","@id":"https:\/\/www.toutsurmesfinances.com\/argent\/a\/conge-paternite-pour-qui-et-combien-de-jours","url":"https:\/\/www.toutsurmesfinances.com\/argent\/a\/conge-paternite-pour-qui-et-combien-de-jours","name":"Cong\u00e9 paternit\u00e9 2025\u00a0: dur\u00e9e, montant et d\u00e9marches","isPartOf":{"@id":"https:\/\/www.toutsurmesfinances.com\/argent\/#website"},"primaryImageOfPage":{"@id":"https:\/\/www.toutsurmesfinances.com\/argent\/a\/conge-paternite-pour-qui-et-combien-de-jours#primaryimage"},"image":{"@id":"https:\/\/www.toutsurmesfinances.com\/argent\/a\/conge-paternite-pour-qui-et-combien-de-jours#primaryimage"},"thumbnailUrl":"https:\/\/www.toutsurmesfinances.com\/argent\/wp-content\/uploads\/sites\/3\/2018\/02\/conge-pater.jpg","dateModified":"2025-02-19T11:01:06+00:00","description":"S\u2019ils le souhaitent, les jeunes p\u00e8res peuvent prendre des jours de cong\u00e9 \u00e0 la suite de la naissance d\u2019un enfant. Le cong\u00e9 de paternit\u00e9 est pass\u00e9 \u00e0 25 jours.","breadcrumb":{"@id":"https:\/\/www.toutsurmesfinances.com\/argent\/a\/conge-paternite-pour-qui-et-combien-de-jours#breadcrumb"},"inLanguage":"fr-FR","potentialAction":[{"@type":"ReadAction","target":["https:\/\/www.toutsurmesfinances.com\/argent\/a\/conge-paternite-pour-qui-et-combien-de-jours"]}]},{"@type":"ImageObject","inLanguage":"fr-FR","@id":"https:\/\/www.toutsurmesfinances.com\/argent\/a\/conge-paternite-pour-qui-et-combien-de-jours#primaryimage","url":"https:\/\/www.toutsurmesfinances.com\/argent\/wp-content\/uploads\/sites\/3\/2018\/02\/conge-pater.jpg","contentUrl":"https:\/\/www.toutsurmesfinances.com\/argent\/wp-content\/uploads\/sites\/3\/2018\/02\/conge-pater.jpg","width":823,"height":463,"caption":"Les jeunes p\u00e8res ont droit \u00e0 11 jours de cong\u00e9 pour s&#039;occuper de leur nouveau-n\u00e9"},{"@type":"BreadcrumbList","@id":"https:\/\/www.toutsurmesfinances.com\/argent\/a\/conge-paternite-pour-qui-et-combien-de-jours#breadcrumb","itemListElement":[{"@type":"ListItem","position":1,"name":"Accueil","item":"https:\/\/www.toutsurmesfinances.com\/argent\/"},{"@type":"ListItem","position":2,"name":"Famille","item":"https:\/\/www.toutsurmesfinances.com\/argent\/c\/famille"},{"@type":"ListItem","position":3,"name":"Cong\u00e9 paternit\u00e9 : pour qui et combien de jours en 2025 ?"}]},{"@type":"WebSite","@id":"https:\/\/www.toutsurmesfinances.com\/argent\/#website","url":"https:\/\/www.toutsurmesfinances.com\/argent\/","name":"Argent","description":"","publisher":{"@id":"https:\/\/www.toutsurmesfinances.com\/argent\/#organization"},"potentialAction":[{"@type":"SearchAction","target":{"@type":"EntryPoint","urlTemplate":"https:\/\/www.toutsurmesfinances.com\/argent\/?s={search_term_string}"},"query-input":{"@type":"PropertyValueSpecification","valueRequired":true,"valueName":"search_term_string"}}],"inLanguage":"fr-FR"},{"@type":"Organization","@id":"https:\/\/www.toutsurmesfinances.com\/argent\/#organization","name":"Tout Sur Mes Finances","url":"https:\/\/www.toutsurmesfinances.com\/argent\/","logo":{"@type":"ImageObject","inLanguage":"fr-FR","@id":"https:\/\/www.toutsurmesfinances.com\/argent\/#\/schema\/logo\/image\/","url":"https:\/\/www.toutsurmesfinances.com\/argent\/wp-content\/uploads\/sites\/3\/2021\/01\/favicon.png","contentUrl":"https:\/\/www.toutsurmesfinances.com\/argent\/wp-content\/uploads\/sites\/3\/2021\/01\/favicon.png","width":512,"height":512,"caption":"Tout Sur Mes Finances"},"image":{"@id":"https:\/\/www.toutsurmesfinances.com\/argent\/#\/schema\/logo\/image\/"},"sameAs":["https:\/\/x.com\/Toutsur"]},{"@type":"Person","@id":"https:\/\/www.toutsurmesfinances.com\/argent\/#\/schema\/person\/addc9e9b3978fa7947ead71bab57694c","name":"Jean-Philippe Dubosc","image":{"@type":"ImageObject","inLanguage":"fr-FR","@id":"https:\/\/www.toutsurmesfinances.com\/argent\/#\/schema\/person\/image\/","url":"https:\/\/secure.gravatar.com\/avatar\/a3cba30cdda1afe79f6ebffc6e952291?s=96&d=mm&r=g","contentUrl":"https:\/\/secure.gravatar.com\/avatar\/a3cba30cdda1afe79f6ebffc6e952291?s=96&d=mm&r=g","caption":"Jean-Philippe Dubosc"},"description":"Jean-Philippe Dubosc est r\u00e9dacteur en chef de ToutSurMesFinances.com et sp\u00e9cialiste des questions de retraite obligatoire et d\u2019\u00e9pargne. Pr\u00e9sent au sein du m\u00e9dia depuis plus de 13 ans, il analyse les r\u00e9formes, les dispositifs r\u00e9glementaires et les strat\u00e9gies de d\u00e9part \u00e0 la retraite, avec une approche fond\u00e9e sur une lecture rigoureuse des textes et une connaissance approfondie des diff\u00e9rents r\u00e9gimes de retraite.","sameAs":["https:\/\/www.toutsurmesfinances.com\/author\/jpdubosc","https:\/\/fr.linkedin.com\/in\/jpdubosc"]}]}},"_links":{"self":[{"href":"https:\/\/www.toutsurmesfinances.com\/argent\/wp-json\/wp\/v2\/posts\/1652","targetHints":{"allow":["GET"]}}],"collection":[{"href":"https:\/\/www.toutsurmesfinances.com\/argent\/wp-json\/wp\/v2\/posts"}],"about":[{"href":"https:\/\/www.toutsurmesfinances.com\/argent\/wp-json\/wp\/v2\/types\/post"}],"author":[{"embeddable":true,"href":"https:\/\/www.toutsurmesfinances.com\/argent\/wp-json\/wp\/v2\/users\/13713"}],"replies":[{"embeddable":true,"href":"https:\/\/www.toutsurmesfinances.com\/argent\/wp-json\/wp\/v2\/comments?post=1652"}],"version-history":[{"count":4,"href":"https:\/\/www.toutsurmesfinances.com\/argent\/wp-json\/wp\/v2\/posts\/1652\/revisions"}],"predecessor-version":[{"id":14322,"href":"https:\/\/www.toutsurmesfinances.com\/argent\/wp-json\/wp\/v2\/posts\/1652\/revisions\/14322"}],"wp:featuredmedia":[{"embeddable":true,"href":"https:\/\/www.toutsurmesfinances.com\/argent\/wp-json\/wp\/v2\/media\/1651"}],"wp:attachment":[{"href":"https:\/\/www.toutsurmesfinances.com\/argent\/wp-json\/wp\/v2\/media?parent=1652"}],"wp:term":[{"taxonomy":"category","embeddable":true,"href":"https:\/\/www.toutsurmesfinances.com\/argent\/wp-json\/wp\/v2\/categories?post=1652"},{"taxonomy":"post_tag","embeddable":true,"href":"https:\/\/www.toutsurmesfinances.com\/argent\/wp-json\/wp\/v2\/tags?post=1652"}],"curies":[{"name":"wp","href":"https:\/\/api.w.org\/{rel}","templated":true}]}}