{"id":23148,"date":"2026-03-11T10:48:36","date_gmt":"2026-03-11T09:48:36","guid":{"rendered":"https:\/\/www.toutsurmesfinances.com\/argent\/?p=23148"},"modified":"2026-03-18T11:42:22","modified_gmt":"2026-03-18T10:42:22","slug":"vignette-critair-prix-et-obligation","status":"publish","type":"post","link":"https:\/\/www.toutsurmesfinances.com\/argent\/a\/vignette-critair-prix-et-obligation","title":{"rendered":"Vignette Crit\u2019Air 2026 : prix et obligation"},"content":{"rendered":"<h2><span class=\"ez-toc-section\" id=\"En_bref_lessentiel_sur_la_vignette_CritAir_en_2026\"><\/span>En bref : l\u2019essentiel sur la vignette Crit\u2019Air en 2026<strong><br \/>\n<\/strong><span class=\"ez-toc-section-end\"><\/span><\/h2>\n<ul>\n<li><strong>Classification officielle<\/strong> : six pastilles classent les v\u00e9hicules selon leurs \u00e9missions polluantes, de Crit\u2019Air 0 (\u00e9lectrique) \u00e0 Crit\u2019Air 5 (diesel ancien)<\/li>\n<li><strong style=\"background-color: transparent;letter-spacing: 0em\">Crit\u00e8res d&rsquo;attribution :<\/strong><span style=\"background-color: transparent;letter-spacing: 0em\"> le classement d\u00e9pend de la motorisation, de la date de la premi\u00e8re immatriculation et de la norme europ\u00e9enne d&rsquo;\u00e9missions<\/span><\/li>\n<li><strong style=\"background-color: transparent;letter-spacing: 0em\">Usage obligatoire\u00a0:<\/strong><span style=\"background-color: transparent;letter-spacing: 0em\"> le certificat est requis pour circuler dans les zones \u00e0 faibles \u00e9missions (ZFE-m) ou lors des mesures de circulation diff\u00e9renci\u00e9e (pics de pollution)<\/span><\/li>\n<li><strong style=\"background-color: transparent;letter-spacing: 0em\">Prix unique 2026<\/strong><span style=\"background-color: transparent;letter-spacing: 0em\"> : le tarif officiel de la vignette Crit\u2019Air s\u2019\u00e9l\u00e8ve \u00e0 3,85 euros pour un v\u00e9hicule immatricul\u00e9 en France, frais de port inclus<\/span><\/li>\n<li><strong style=\"background-color: transparent;letter-spacing: 0em\">Canaux de commande officiels<\/strong><span style=\"background-color: transparent;letter-spacing: 0em\"> : la pastille s&rsquo;obtient exclusivement sur le site du gouvernement ou par voie postale. Tout tarif r\u00e9clam\u00e9 sup\u00e9rieur \u00e0 3,85 euros (hors immatriculation \u00e0 l\u2019\u00e9tranger) sugg\u00e8re l\u2019utilisation d\u2019un site interm\u00e9diaire non officiel.<\/span><\/li>\n<\/ul>\n<h2><span class=\"ez-toc-section\" id=\"Vignette_CritAir_est-elle_obligatoire_en_2026\"><\/span>Vignette Crit\u2019Air : est-elle obligatoire en 2026 ?<span class=\"ez-toc-section-end\"><\/span><\/h2>\n<h3><span class=\"ez-toc-section\" id=\"Dans_quels_cas_la_vignette_est_obligatoire\"><\/span>Dans quels cas la vignette est obligatoire<span class=\"ez-toc-section-end\"><\/span><\/h3>\n<p>La vignette Crit&rsquo;Air est obligatoire dans les villes ayant mis en place une zone \u00e0 faibles \u00e9missions mobilit\u00e9 (ZFE-m) ou un dispositif de circulation diff\u00e9renci\u00e9e (altern\u00e9e). Ces dispositifs limitent la circulation selon le niveau d\u2019\u00e9missions des v\u00e9hicules motoris\u00e9s.<\/p>\n<p>Le certificat qualit\u00e9 de l\u2019air est aussi exig\u00e9 lors du d\u00e9clenchement d&rsquo;une alerte \u00e0 la pollution atmosph\u00e9rique dans les agglom\u00e9rations concern\u00e9es.<\/p>\n<h3><span class=\"ez-toc-section\" id=\"Dans_quels_cas_elle_ne_lest_pas\"><\/span>Dans quels cas elle ne l\u2019est pas<span class=\"ez-toc-section-end\"><\/span><\/h3>\n<p>En dehors des zones \u00e0 circulation restreinte et des mesures temporaires anti-pollution, la vignette Crit&rsquo;Air n&rsquo;est pas requise. Les v\u00e9hicules circulant uniquement en milieu rural ou dans des villes sans restriction n\u2019ont donc pas l&rsquo;obligation d&rsquo;en \u00eatre \u00e9quip\u00e9s.<\/p>\n<p>Son obtention reste n\u00e9anmoins recommand\u00e9e en pr\u00e9vision de d\u00e9placements occasionnels dans une zone r\u00e9glement\u00e9e.<\/p>\n<p><span>\ud83d\udccc <\/span>Pour en savoir plus sur les restrictions de circulation et les amendes li\u00e9es \u00e0 la vignette Crit&rsquo;Air, consulter notre article d\u00e9di\u00e9 : <a href=\"https:\/\/www.toutsurmesfinances.com\/argent\/a\/regles-de-la-vignette-critair-restrictions-et-amendes-par-ville\">R\u00e8gles de la vignette Crit\u2019Air 2026 : restrictions et amendes par ville<\/a><\/p>\n<h3><span class=\"ez-toc-section\" id=\"A_verifier_avant_de_prendre_la_route\"><\/span>\u00c0 v\u00e9rifier avant de prendre la route<span class=\"ez-toc-section-end\"><\/span><\/h3>\n<p>Avant tout d\u00e9placement avec son v\u00e9hicule motoris\u00e9, plusieurs points doivent \u00eatre examin\u00e9s pour s\u2019assurer d\u2019\u00eatre en conformit\u00e9 avec l\u2019obligation de d\u00e9tention d\u2019une vignette Crit\u2019Air :<\/p>\n<ul>\n<li><strong>La ville est-elle en ZFE ? :<\/strong> dans ce cas, la vignette Crit\u2019Air est n\u00e9cessaire pour circuler (elle permet d\u2019identifier la cat\u00e9gorie environnementale du v\u00e9hicule)<\/li>\n<li><strong>La classe Crit&rsquo;Air du v\u00e9hicule est-elle autoris\u00e9e ? :<\/strong> selon la r\u00e9glementation locale, certaines cat\u00e9gories de v\u00e9hicules peuvent \u00eatre exclues de la circulation<\/li>\n<li><strong>Les horaires sont-ils concern\u00e9s ? :<\/strong> les restrictions de circulation ne s&rsquo;appliquent pas n\u00e9cessairement toute la journ\u00e9e. Certaines ZFE limitent leurs contraintes \u00e0 des plages horaires pr\u00e9cises, en semaine uniquement par exemple, laissant la circulation libre le soir ou le week-end<\/li>\n<li><strong>Une alerte pollution est-elle active ? :<\/strong> en cas de pic de pollution atmosph\u00e9rique, des mesures de circulation diff\u00e9renci\u00e9e peuvent \u00eatre d\u00e9clench\u00e9es temporairement par les autorit\u00e9s locales, y compris dans des villes ne disposant pas de ZFE permanente<\/li>\n<li><strong>La vignette est-elle coll\u00e9e et lisible ? : <\/strong>le certificat qualit\u00e9 de l\u2019air doit \u00eatre correctement appos\u00e9e sur le v\u00e9hicule et visible de l\u2019ext\u00e9rieur. Une exposition prolong\u00e9e au soleil peut alt\u00e9rer ses couleurs et sa lisibilit\u00e9.<\/li>\n<\/ul>\n<h2><span class=\"ez-toc-section\" id=\"Quel_classement_CritAir_pour_son_vehicule\"><\/span>Quel classement Crit\u2019Air pour son v\u00e9hicule ?<span class=\"ez-toc-section-end\"><\/span><\/h2>\n<p>La classification Crit\u2019Air est organis\u00e9e selon six cat\u00e9gories de vignettes, du v\u00e9hicule le moins polluant au plus polluant :<\/p>\n<ul>\n<li><strong>Crit\u2019Air 0 :<\/strong> v\u00e9hicules 100% \u00e9lectriques et hydrog\u00e8ne<\/li>\n<li><strong>Crit\u2019Air 1 :<\/strong> v\u00e9hicules essence r\u00e9cents et hybrides rechargeables<\/li>\n<li><strong>Crit\u2019Air 2 :<\/strong> essence et diesel relativement r\u00e9cents<\/li>\n<li><strong>Crit\u2019Air 3 :<\/strong> v\u00e9hicules plus anciens<\/li>\n<li><strong>Crit\u2019Air 4 et 5 :<\/strong> v\u00e9hicules diesel les plus polluants<\/li>\n<li><strong>Non class\u00e9s :<\/strong> v\u00e9hicules les plus polluants n\u2019ayant pas droit au certificat qualit\u00e9 de l\u2019air<\/li>\n<\/ul>\n<p>Le classement ne change pas dans le temps, sauf en cas de transformation homologu\u00e9e du v\u00e9hicule.<\/p>\n<p>La vignette Crit\u2019Air classe les v\u00e9hicules motoris\u00e9s selon trois crit\u00e8res\u00a0:<\/p>\n<ul>\n<li>le type de motorisation du v\u00e9hicule (essence, diesel, hybride, \u00e9lectrique, GPL\u2026)<\/li>\n<li>l\u2019ann\u00e9e de la premi\u00e8re mise en circulation du v\u00e9hicule<\/li>\n<li>la norme europ\u00e9enne d&rsquo;\u00e9missions polluantes (\u00ab norme Euro \u00bb)<\/li>\n<\/ul>\n<p>La vignette Crit\u2019Air concerne l\u2019ensemble des v\u00e9hicules terrestres \u00e0 moteur, quel que soit le type d\u2019\u00e9nergie ou de carburant. Il s\u2019agit :<\/p>\n<ul>\n<li>des voitures particuli\u00e8res<\/li>\n<li>des deux-roues motoris\u00e9s (motos, cyclomoteurs, scooters)<\/li>\n<li>des tricycles motoris\u00e9s<\/li>\n<li>des quadricycles motoris\u00e9s<\/li>\n<li>des v\u00e9hicules utilitaires l\u00e9gers<\/li>\n<li>des autobus<\/li>\n<li>des autocars<\/li>\n<li>des poids lourds<\/li>\n<\/ul>\n<p>Certains v\u00e9hicules sont, en revanche, exempt\u00e9s\u00a0:<\/p>\n<ul>\n<li>les engins agricoles (tracteurs, moissonneuses-batteuses, ensileuses\u2026)<\/li>\n<li>les engins de chantier (tractopelles, b\u00e9tonni\u00e8res, grues, niveleuses\u2026)<\/li>\n<li>les v\u00e9hicules \u00e0 usage m\u00e9dical (ambulances de transport sanitaire, de transport d\u2019organes ou de produits sanguins labiles, m\u00e9decins de garde\u2026)<\/li>\n<li>les v\u00e9hicules d\u2019urgence (v\u00e9hicules de police, de gendarmerie et des douanes<\/li>\n<li>les v\u00e9hicules de particuliers \u00e9quip\u00e9s du macaron handicap\u00e9 (titulaires de la carte mobilit\u00e9 inclusion \u00ab stationnement \u00bb)<\/li>\n<li>les v\u00e9hicules de services de d\u00e9pannage (sous r\u00e9serve de d\u00e9tention d\u2019une autorisation d\u00e9livr\u00e9e par la commune ou l\u2019\u00c9tat)<\/li>\n<li>les v\u00e9hicules des entreprises publiques (SNCF, Banque de France, EDF\u2026)<\/li>\n<li>les v\u00e9hicules de d\u00e9m\u00e9nagement (sous r\u00e9serve de la pr\u00e9sentation d\u2019une d\u00e9rogation durant leur intervention)<\/li>\n<li>les convois exceptionnels<\/li>\n<li>les poids lourds d\u2019approvisionnement (sous r\u00e9serve d\u2019avoir l\u2019autorisation de la commune qu\u2019ils traversent)<\/li>\n<li>les voitures de collection<\/li>\n<\/ul>\n<div id=\"tablepress-62-scroll-wrapper\" class=\"tablepress-scroll-wrapper\">\n\n<table id=\"tablepress-62\" class=\"tablepress tablepress-id-62 tablepress-responsive\">\n<thead>\n<tr class=\"row-1\">\n\t<th class=\"column-1\">Classe<\/th><th colspan=\"6\" class=\"column-2\">Date de premi\u00e8re immatriculation ou Norme Euro<\/th>\n<\/tr>\n<\/thead>\n<tfoot>\n<tr class=\"row-11\">\n\t<th colspan=\"7\" class=\"column-1\"><em>Source\u00a0: certificat-air.gouv.fr<\/em><\/th>\n<\/tr>\n<\/tfoot>\n<tbody class=\"row-hover\">\n<tr class=\"row-2\">\n\t<td class=\"column-1\"><\/td><td colspan=\"2\" class=\"column-2\"><strong>Voitures<\/strong><\/td><td colspan=\"2\" class=\"column-4\"><strong>V\u00e9hicules utilitaires l\u00e9gers<\/strong><\/td><td colspan=\"2\" class=\"column-6\"><strong>Deux-roues, tricycles et quadricycles \u00e0 moteur<\/strong><\/td>\n<\/tr>\n<tr class=\"row-3\">\n\t<td class=\"column-1\"><strong>Crit'Air 0 (verte)<\/strong> <br \/>\n<img loading=\"lazy\" decoding=\"async\" src=\"https:\/\/www.toutsurmesfinances.com\/argent\/wp-content\/uploads\/sites\/3\/2019\/06\/crit-air-verte.jpg\" alt=\"\" width=\"102\" height=\"102\" class=\"alignnone size-full wp-image-2533\" \/><\/td><td colspan=\"6\" class=\"column-2\"><br \/>\nTous les v\u00e9hicules 100% \u00e9lectriques et hydrog\u00e8ne<\/td>\n<\/tr>\n<tr class=\"row-4\">\n\t<td class=\"column-1\"><\/td><td class=\"column-2\"><strong>Essence<\/strong><\/td><td class=\"column-3\"><strong>Diesel<\/strong><\/td><td class=\"column-4\"><strong>Essence<\/strong><\/td><td class=\"column-5\"><strong>Diesel<\/strong><\/td><td class=\"column-6\"><strong>50 cm3 et moins<\/strong><\/td><td class=\"column-7\"><strong>Plus de 50 cm3<\/strong><\/td>\n<\/tr>\n<tr class=\"row-5\">\n\t<td class=\"column-1\"><strong>\u00a0Crit'Air 1 (violette)<\/strong><br \/>\n<img loading=\"lazy\" decoding=\"async\" src=\"https:\/\/www.toutsurmesfinances.com\/argent\/wp-content\/uploads\/sites\/3\/2019\/06\/crit-air-violette.jpg\" alt=\"\" width=\"101\" height=\"102\" class=\"alignnone size-full wp-image-2538\" \/><\/td><td class=\"column-2\"><br \/>\n\u00c0 partir du 01\/01\/2011<\/td><td class=\"column-3\"><br \/>\nAucun v\u00e9hicule concern\u00e9<\/td><td class=\"column-4\"><br \/>\n<p><strong>Euro 5 et 6<\/strong><\/p> \u00c0 partir du 01\/01\/2011<\/td><td class=\"column-5\"><br \/>\nAucun v\u00e9hicule concern\u00e9<\/td><td class=\"column-6\"><br \/>\n<p><strong>Euro 4<\/strong><\/p> \u00c0 partir du 01\/01\/2018<\/td><td class=\"column-7\"><br \/>\n<p><strong>Euro 4<\/strong><\/p> \u00c0 partir du 01\/01\/2017<\/td>\n<\/tr>\n<tr class=\"row-6\">\n\t<td class=\"column-1\"><strong>\u00a0Crit'Air 2 (jaune)<\/strong><br \/>\n<img loading=\"lazy\" decoding=\"async\" src=\"https:\/\/www.toutsurmesfinances.com\/argent\/wp-content\/uploads\/sites\/3\/2019\/06\/crit-air-jaune.jpg\" alt=\"\" width=\"104\" height=\"104\" class=\"alignnone size-full wp-image-2539\" \/><\/td><td class=\"column-2\">Entre le 01\/01\/2006 et le 31\/12\/2010<\/td><td class=\"column-3\"><p><strong>Euro 5 et 6<\/strong><\/p>\u00c0 partir du 01\/01\/2011<\/td><td class=\"column-4\"><p><strong>Euro 4<\/strong><\/p> Entre le 01\/01\/2006 et le 31\/12\/2010<\/td><td class=\"column-5\"><p><strong>Euro 5 et 6<\/strong><\/p> \u00c0 partir du 01\/01\/2011<\/td><td class=\"column-6\"><p><strong>Euro 3<\/strong><\/p> Entre le 01\/01\/2007 et le 31\/12\/2017<\/td><td class=\"column-7\"><p><strong>Euro 3<\/strong><\/p> Entre le 01\/01\/2007 et le 31\/12\/2016<\/td>\n<\/tr>\n<tr class=\"row-7\">\n\t<td class=\"column-1\"><strong>\u00a0Crit'Air 3 (orange)<\/strong><br \/>\n<img loading=\"lazy\" decoding=\"async\" src=\"https:\/\/www.toutsurmesfinances.com\/argent\/wp-content\/uploads\/sites\/3\/2019\/06\/crit-air-orange.jpg\" alt=\"\" width=\"103\" height=\"104\" class=\"alignnone size-full wp-image-2540\" \/><\/td><td class=\"column-2\">Entre le 01\/01\/1997 et le 31\/12\/2005<\/td><td class=\"column-3\"><p><strong>Euro 4<\/strong><\/p> Entre le 01\/01\/2006 et le 31\/12\/2010<\/td><td class=\"column-4\"><p><strong>Euro 2 et 3<\/strong><\/p> Entre le 01\/01\/1997 et le 31\/12\/2005<\/td><td class=\"column-5\"><p><strong>Euro 4<\/strong><\/p> Entre le 01\/01\/2006 et le 31\/12\/2010<\/td><td colspan=\"2\" class=\"column-6\"><p><strong>Euro 2<\/strong><\/p> Tous les deux-roues entre le 01\/07\/2004 et le 31\/12\/2006<\/td>\n<\/tr>\n<tr class=\"row-8\">\n\t<td class=\"column-1\"><strong>\u00a0Crit'Air 4 (bordeaux)<\/strong><br \/>\n<img loading=\"lazy\" decoding=\"async\" src=\"https:\/\/www.toutsurmesfinances.com\/argent\/wp-content\/uploads\/sites\/3\/2019\/06\/crit-air-bordeaux.jpg\" alt=\"\" width=\"103\" height=\"102\" class=\"alignnone size-full wp-image-2541\" \/><\/td><td rowspan=\"2\" class=\"column-2\">Pas de voitures essence concern\u00e9es<\/td><td class=\"column-3\"><p><strong>Euro 3<\/strong><\/p> Entre le 01\/01\/2001 et le 31\/12\/2005<\/td><td rowspan=\"2\" class=\"column-4\">Pas de voitures essence concern\u00e9es<\/td><td class=\"column-5\"><p><strong>Euro 3<\/strong><\/p> Entre le 01\/01\/2001 et le 31\/12\/2005<\/td><td colspan=\"2\" class=\"column-6\"><p><strong>Pas de norme tout type<\/strong><\/p> Tous les deux-roues entre le 01\/06\/2000 et le 30\/06\/2004<\/td>\n<\/tr>\n<tr class=\"row-9\">\n\t<td class=\"column-1\"><strong>\u00a0Crit'Air 5 (grise) <\/strong><br \/>\n<img loading=\"lazy\" decoding=\"async\" src=\"https:\/\/www.toutsurmesfinances.com\/argent\/wp-content\/uploads\/sites\/3\/2019\/06\/crit-air-grise.jpg\" alt=\"\" width=\"102\" height=\"102\" class=\"alignnone size-full wp-image-2542\" \/><\/td><td class=\"column-3\"><p><strong>Euro 2<\/strong><\/p> Entre le 01\/01\/1997 et le 31\/12\/2000<\/td><td class=\"column-5\"><p><strong>Euro 2<\/strong><\/p> Entre le 01\/01\/1997 et le 31\/12\/2000<\/td><td colspan=\"2\" class=\"column-6\"><br \/>\nPas de deux-roues concern\u00e9s<\/td>\n<\/tr>\n<tr class=\"row-10\">\n\t<td class=\"column-1\"><br \/>\n<strong>Non class\u00e9s<\/strong><\/td><td class=\"column-2\"><strong>Euro 1<\/strong> et avant Jusqu'au 31\/12\/1996<\/td><td class=\"column-3\"><strong>Euro 1<\/strong> et avant Jusqu'au 31\/12\/1996<\/td><td class=\"column-4\"><strong>Euro 1<\/strong> et avant Jusqu'au 30\/09\/1997<\/td><td class=\"column-5\"><strong>Euro 1<\/strong> et avant Jusqu'au 30\/09\/1997<\/td><td colspan=\"2\" class=\"column-6\"><p><strong>Pas de norme tout type<\/strong><\/p> Jusqu'au 31\/05\/2000<\/td>\n<\/tr>\n<\/tbody>\n<\/table>\n\n<\/div><!-- #tablepress-62 from cache -->\n<p><em>Source\u00a0:<\/em> <a href=\"https:\/\/www.certificat-air.gouv.fr\/\" target=\"_blank\" rel=\"nofollow noopener\">https:\/\/www.certificat-air.gouv.fr<\/a><\/p>\n<h3><span class=\"ez-toc-section\" id=\"Comment_connaitre_sa_classe\"><\/span>Comment conna\u00eetre sa classe<span class=\"ez-toc-section-end\"><\/span><\/h3>\n<p>Plusieurs moyens permettent d\u2019identifier la classe du v\u00e9hicule :<\/p>\n<ul>\n<li><strong>Lecture directe sur la carte grise :<\/strong> pour les immatriculations au format SIV (type \u00ab AA-123-AA \u00bb), la norme Euro est indiqu\u00e9e dans le champ V.9. C\u2019est cette donn\u00e9e qui d\u00e9termine la couleur de la vignette<\/li>\n<li><strong>Documents d\u2019achat <\/strong>: la classe peut aussi figurer sur la facture d\u2019achat du v\u00e9hicule ou dans la documentation technique remise par le constructeur<\/li>\n<li><strong>Obligation d&rsquo;affichage en point de vente :<\/strong> depuis le 1er janvier 2020 (loi d&rsquo;orientation des mobilit\u00e9s du 24 d\u00e9cembre 2019), les vendeurs et loueurs professionnels ont l&rsquo;obligation d&rsquo;afficher clairement la vignette Crit\u2019Air sur chaque v\u00e9hicule neuf ou d\u2019occasion qu\u2019ils proposent<\/li>\n<li><strong>Outil pratique : <\/strong>l\u2019\u00c9tat met \u00e0 disposition un simulateur officiel en ligne (<a href=\"https:\/\/www.certificat-air.gouv.fr\/simulation\" target=\"_blank\" rel=\"nofollow noopener\"><u>acc\u00e9der au simulateur<\/u><\/a>). Il suffit de renseigner la motorisation, le type de v\u00e9hicule et la norme Euro pour obtenir une estimation imm\u00e9diate<br \/>\n<span>\u27a1\ufe0f <\/span>Attention : les r\u00e9sultats de la simulation sont purement indicatifs. Seules les donn\u00e9es enregistr\u00e9es dans le Service d&rsquo;Immatriculation des V\u00e9hicules (SIV) font foi lors de l&rsquo;\u00e9dition d\u00e9finitive du certificat qualit\u00e9 de l&rsquo;air.<\/li>\n<\/ul>\n<h3><span class=\"ez-toc-section\" id=\"Exemples_de_classement_CritAir\"><\/span>Exemples de classement Crit\u2019Air<span class=\"ez-toc-section-end\"><\/span><\/h3>\n<div id=\"tablepress-508-scroll-wrapper\" class=\"tablepress-scroll-wrapper\">\n\n<table id=\"tablepress-508\" class=\"tablepress tablepress-id-508 tablepress-responsive\">\n<thead>\n<tr class=\"row-1 odd\">\n\t<th class=\"column-1\"><strong>V\u00e9hicule<\/strong><\/th><th class=\"column-2\"><strong>Motorisation<\/strong><\/th><th class=\"column-3\"><strong>Ann\u00e9e de mise en circulation<\/strong><\/th><th class=\"column-4\"><strong>Classe Crit'Air<\/strong><\/th>\n<\/tr>\n<\/thead>\n<tbody class=\"row-hover\">\n<tr class=\"row-2 even\">\n\t<td class=\"column-1\">Renault Clio<\/td><td class=\"column-2\">Essence (norme Euro 5 ou 6)<\/td><td class=\"column-3\">2022<\/td><td class=\"column-4\">Crit'Air 1<\/td>\n<\/tr>\n<tr class=\"row-3 odd\">\n\t<td class=\"column-1\">Peugeot 208<\/td><td class=\"column-2\">\u00c9lectrique<\/td><td class=\"column-3\">2021<\/td><td class=\"column-4\">Crit'Air 0<\/td>\n<\/tr>\n<tr class=\"row-4 even\">\n\t<td class=\"column-1\">Volkswagen Golf<\/td><td class=\"column-2\">Diesel (norme Euro 5 ou 6)<\/td><td class=\"column-3\">2013<\/td><td class=\"column-4\">Crit'Air 2<\/td>\n<\/tr>\n<tr class=\"row-5 odd\">\n\t<td class=\"column-1\">Renault M\u00e9gane<\/td><td class=\"column-2\">Essence (norme Euro 2 ou 3)<\/td><td class=\"column-3\">2004<\/td><td class=\"column-4\">Crit'Air 3<\/td>\n<\/tr>\n<tr class=\"row-6 even\">\n\t<td class=\"column-1\">Citro\u00ebn C3<\/td><td class=\"column-2\">Diesel (norme Euro 3)<\/td><td class=\"column-3\">2003<\/td><td class=\"column-4\">Crit'Air 4<\/td>\n<\/tr>\n<tr class=\"row-7 odd\">\n\t<td class=\"column-1\">Ford Focus<\/td><td class=\"column-2\">Diesel (norme Euro 2)<\/td><td class=\"column-3\">1999<\/td><td class=\"column-4\">Crit'Air 5<\/td>\n<\/tr>\n<tr class=\"row-8 even\">\n\t<td class=\"column-1\">Peugeot 306<\/td><td class=\"column-2\">Diesel (norme Euro 1 et avant)<\/td><td class=\"column-3\">1995<\/td><td class=\"column-4\">Non class\u00e9<\/td>\n<\/tr>\n<tr class=\"row-9 odd\">\n\t<td class=\"column-1\">Toyota Yaris<\/td><td class=\"column-2\">Hybride rechargeable essence<\/td><td class=\"column-3\">2019<\/td><td class=\"column-4\">Crit'Air 1<\/td>\n<\/tr>\n<\/tbody>\n<\/table>\n\n<\/div><!-- #tablepress-508 from cache -->\n<p>&nbsp;<\/p>\n<h2><span class=\"ez-toc-section\" id=\"Prix_de_la_vignette_CritAir_en_2026\"><\/span>Prix de la vignette Crit\u2019Air en 2026<span class=\"ez-toc-section-end\"><\/span><\/h2>\n<h3><span class=\"ez-toc-section\" id=\"Prix_officiel_de_la_vignette_CritAir_en_France\"><\/span>Prix officiel de la vignette Crit\u2019Air en France<span class=\"ez-toc-section-end\"><\/span><\/h3>\n<p>Le tarif officiel de la vignette Crit\u2019Air, fix\u00e9 par l\u2019\u00c9tat, s\u2019\u00e9l\u00e8ve en 2026 \u00e0 3,11 euros TTC pour un v\u00e9hicule motoris\u00e9 immatricul\u00e9 en France m\u00e9tropolitaine. \u00c0 ce montant, s\u2019ajoutent les frais d\u2019acheminement postal, d\u2019un montant de 0,74 euros. Le co\u00fbt total de la vignette Crit\u2019Air s\u2019\u00e9l\u00e8ve donc \u00e0 <strong>3,85 euros par v\u00e9hicule (frais de port inclus), pour un envoi en France<\/strong>.<\/p>\n<p>Ce prix est unique, quel que soit le type de v\u00e9hicule ou son classement Crit\u2019Air.<\/p>\n<h3><span class=\"ez-toc-section\" id=\"Prix_pour_un_vehicule_immatricule_a_letranger\"><\/span>Prix pour un v\u00e9hicule immatricul\u00e9 \u00e0 l\u2019\u00e9tranger<span class=\"ez-toc-section-end\"><\/span><\/h3>\n<p>La vignette Crit&rsquo;Air co\u00fbte davantage pour un v\u00e9hicule immatricul\u00e9 \u00e0 l&rsquo;\u00e9tranger, en raison des frais d\u2019exp\u00e9dition internationaux. Le tarif pour la d\u00e9livrance du certificat reste fix\u00e9 \u00e0 3,11 euros, auquel s\u2019ajoutent 2 euros d\u2019affranchissement.<\/p>\n<p>En 2026, la vignette Crit&rsquo;Air co\u00fbte au total <strong>5,11 euros pour un v\u00e9hicule immatricul\u00e9 hors de France<\/strong>.<\/p>\n<h2><span class=\"ez-toc-section\" id=\"Commander_la_vignette_etapes_essentielles\"><\/span>Commander la vignette : \u00e9tapes essentielles<span class=\"ez-toc-section-end\"><\/span><\/h2>\n<h3><span class=\"ez-toc-section\" id=\"Informations_a_preparer\"><\/span>Informations \u00e0 pr\u00e9parer<span class=\"ez-toc-section-end\"><\/span><\/h3>\n<p>Pour gagner du temps lors de la demande du certificat, il est conseill\u00e9 de r\u00e9unir les \u00e9l\u00e9ments suivants avant de se connecter au site officiel :<\/p>\n<ul>\n<li><strong>Donn\u00e9es de la carte grise<\/strong> : num\u00e9ro d\u2019immatriculation, date de premi\u00e8re mise en circulation, type de carburant et norme Euro (champ V.9)<\/li>\n<li><strong style=\"background-color: transparent;letter-spacing: 0em\">Coordonn\u00e9es<\/strong><span style=\"background-color: transparent;letter-spacing: 0em\"> : une adresse e-mail valide pour recevoir la confirmation de commande, la facture d\u00e9mat\u00e9rialis\u00e9e et le suivi de livraison<\/span><\/li>\n<li><strong style=\"background-color: transparent;letter-spacing: 0em\">Adresse de livraison<\/strong><span style=\"background-color: transparent;letter-spacing: 0em\"> : l&rsquo;adresse postale exacte (destinataire et code postal). Attention : pour un v\u00e9hicule immatricul\u00e9 en France, la vignette est envoy\u00e9e \u00e0 l&rsquo;adresse figurant sur la carte grise<\/span><\/li>\n<li><strong style=\"background-color: transparent;letter-spacing: 0em\">Moyen de paiement<\/strong><span style=\"background-color: transparent;letter-spacing: 0em\"> : une carte bancaire (Visa ou Mastercard). Le r\u00e8glement par PayPal est exclusivement r\u00e9serv\u00e9 aux v\u00e9hicules immatricul\u00e9s \u00e0 l\u2019\u00e9tranger.<\/span><\/li>\n<\/ul>\n<h3><span class=\"ez-toc-section\" id=\"Deroulement_de_la_commande\"><\/span>D\u00e9roulement de la commande<span class=\"ez-toc-section-end\"><\/span><\/h3>\n<p>La commande du certificat qualit\u00e9 de l\u2019air s&rsquo;effectue en ligne depuis le site officiel (<a href=\"https:\/\/www.certificat-air.gouv.fr\/certificat\" target=\"_blank\" rel=\"nofollow noopener\">https:\/\/www.certificat-air.gouv.fr\/certificat<\/a>). Voici les \u00e9tapes \u00e0 suivre pour proc\u00e9der \u00e0 la demande d&rsquo;une vignette Crit\u2019Air par voie \u00e9lectronique :<\/p>\n<ul>\n<li>1\/ Saisir le num\u00e9ro d&rsquo;immatriculation du v\u00e9hicule<\/li>\n<li>2\/ Renseigner les caract\u00e9ristiques du v\u00e9hicule (type, motorisation, ann\u00e9e)<\/li>\n<li>3\/ Remplir ensuite son nom, pr\u00e9nom et adresse \u00e9lectronique<\/li>\n<li>4\/ V\u00e9rifier la classe Crit&rsquo;Air attribu\u00e9e au v\u00e9hicule<\/li>\n<li>5\/ Saisir l&rsquo;adresse postale de livraison de la vignette<\/li>\n<li>6\/ Proc\u00e9der au paiement par carte bancaire sur une page s\u00e9curis\u00e9e<\/li>\n<li>7\/ Confirmer la commande.<\/li>\n<\/ul>\n<p>Une fois la commande valid\u00e9e, un r\u00e9capitulatif de commande est envoy\u00e9 par e-mail. Il peut servir de justificatif provisoire en attendant la r\u00e9ception de la vignette.<\/p>\n<p><strong><span>\u27a1\ufe0f<\/span> <\/strong>Les personnes ne disposant pas d\u2019Internet ou qui ne souhaitent pas s\u2019acquitter de la redevance en ligne peuvent faire une demande de vignette Crit\u2019Air par voie postale (uniquement pour les v\u00e9hicules immatricul\u00e9s en France). Elles doivent se munir d\u2019une demande de certificat (le formulaire est accessible ici\u00a0: <a href=\"https:\/\/www.certificat-air.gouv.fr\/files\/CQA_Formulaire_demande_courrier.pdf\" target=\"_blank\" rel=\"nofollow noopener\">https:\/\/www.certificat-air.gouv.fr\/files\/CQA_Formulaire_demande_courrier.pdf<\/a>). Une fois rempli, le document est \u00e0 adresser \u00e0 :<\/p>\n<p>Service de d\u00e9livrance des certificats qualit\u00e9 de l\u2019air<br \/>\nBP 50637<br \/>\n59506 &#8211; DOUAI CEDEX<\/p>\n<p>Le paiement de 3,85 euros se fait uniquement par ch\u00e8que, \u00e9tabli \u00e0 l\u2019ordre de \u00ab Imprimerie Nationale SA \u00bb.<\/p>\n<h3><span class=\"ez-toc-section\" id=\"Delais_et_suivi\"><\/span>D\u00e9lais et suivi<span class=\"ez-toc-section-end\"><\/span><\/h3>\n<p>Une fois la demande valid\u00e9e, le certificat qualit\u00e9 de l&rsquo;air est g\u00e9n\u00e9ralement exp\u00e9di\u00e9 sous quelques jours.<\/p>\n<ul>\n<li><strong>D\u00e9lai moyen : <\/strong>il convient de pr\u00e9voir environ une semaine pour recevoir la vignette au domicile en France m\u00e9tropolitaine, selon les d\u00e9lais de la Poste<\/li>\n<li><strong style=\"background-color: transparent;letter-spacing: 0em\">Suivi en ligne : <\/strong><span style=\"background-color: transparent;letter-spacing: 0em\">d\u00e8s r\u00e9ception de la facture par e-mail (sous 24h), l&rsquo;utilisateur peut suivre l&rsquo;avancement du dossier sur le site officiel via l&rsquo;onglet \u00ab Suivre votre commande \u00bb<\/span><\/li>\n<li><strong style=\"background-color: transparent;letter-spacing: 0em\">Assistance : <\/strong><span style=\"background-color: transparent;letter-spacing: 0em\">en cas de retard anormal, le service de d\u00e9livrance est joignable<br \/>\n<\/span><strong>\u00a0 \u00a0 \u00a0&#8211; en ligne : <\/strong>via le formulaire de contact officiel\u00a0;<br \/>\n<strong>\u00a0 \u00a0 \u00a0&#8211; par t\u00e9l\u00e9phone : <\/strong>au 0 800 97 00 33 (appel gratuit, du lundi au vendredi, 9h-17h).<\/li>\n<\/ul>\n<p><strong>\u00c0 anticiper : <\/strong>il est recommand\u00e9 de commander la vignette au moins 15 jours avant un trajet en zone \u00e0 faibles \u00e9missions (ZFE-m). Cela permet de parer aux \u00e9ventuels al\u00e9as d&rsquo;acheminement et de circuler sans risque de sanction.<\/p>\n<h2><span class=\"ez-toc-section\" id=\"Ou_coller_la_vignette_et_erreurs_a_eviter\"><\/span>O\u00f9 coller la vignette et erreurs \u00e0 \u00e9viter<span class=\"ez-toc-section-end\"><\/span><\/h2>\n<h3><span class=\"ez-toc-section\" id=\"Emplacement_sur_une_voiture\"><\/span>Emplacement sur une voiture<span class=\"ez-toc-section-end\"><\/span><\/h3>\n<p>Pour les voitures, utilitaires ou poids lourds, le certificat qualit\u00e9 de l&rsquo;air doit \u00eatre fix\u00e9 \u00e0 l\u2019int\u00e9rieur du v\u00e9hicule de mani\u00e8re \u00e0 \u00eatre imm\u00e9diatement lisible par les agents de police ou de gendarmerie.<\/p>\n<ul>\n<li><strong>Emplacement recommand\u00e9 : <\/strong>la vignette se colle \u00e0 l&rsquo;int\u00e9rieur du pare-brise, id\u00e9alement en bas \u00e0 droite (c\u00f4t\u00e9 passager)<\/li>\n<li><strong>Conditions de visibilit\u00e9 : <\/strong>l&rsquo;autocollant ne doit \u00eatre masqu\u00e9 par aucun \u00e9l\u00e9ment (r\u00e9troviseur, montants, essuie-glaces ou \u00e9tiquette de contr\u00f4le technique) et ne doit pas entraver le champ de vision du conducteur<\/li>\n<li><strong>Mode de fixation : <\/strong>le certificat doit \u00eatre appliqu\u00e9 directement sur le vitrage, sans support plastique ni pochette de protection.<\/li>\n<\/ul>\n<p>Emplacements non conformes \u00e0 proscrire :<\/p>\n<ul>\n<li>le tableau de bord (non fix\u00e9 au vitrage) ;<\/li>\n<li>les vitres lat\u00e9rales ou la lunette arri\u00e8re ;<\/li>\n<li>la face ext\u00e9rieure du pare-brise (risque de d\u00e9gradation imm\u00e9diate par les intemp\u00e9ries).<\/li>\n<\/ul>\n<h3><span class=\"ez-toc-section\" id=\"Emplacement_sur_un_deux-roues\"><\/span>Emplacement sur un deux-roues<span class=\"ez-toc-section-end\"><\/span><\/h3>\n<p>Pour les motos, scooters et cyclomoteurs, la vignette autocollante Crit\u2019Air doit \u00eatre plac\u00e9e :<\/p>\n<ul>\n<li>sur la fourche, de pr\u00e9f\u00e9rence sur le garde-boue avant, sur le car\u00e9nage avant droit ou sur la partie sup\u00e9rieure de la fourche t\u00e9lescopique<\/li>\n<li>\u00e0 un endroit visible et accessible pour les contr\u00f4les, sans \u00eatre cach\u00e9e par un car\u00e9nage ou un accessoire<\/li>\n<li>dans une pochette de protection transparente si le v\u00e9hicule est fr\u00e9quemment expos\u00e9 aux intemp\u00e9ries, afin de pr\u00e9server la lisibilit\u00e9 de la vignette.<\/li>\n<\/ul>\n<p><strong><span>\u27a1\ufe0f <\/span><\/strong>Le certificat qualit\u00e9 de l\u2019air peut \u00eatre appos\u00e9 sur la bulle, si le deux-roues en poss\u00e8de une. En revanche, il n&rsquo;est pas possible de le positionner sur le garde-boue arri\u00e8re, sur lequel la plaque d\u2019immatriculation est fix\u00e9e.<\/p>\n<h2><span class=\"ez-toc-section\" id=\"FAQ\"><\/span>FAQ<span class=\"ez-toc-section-end\"><\/span><\/h2>\n\n<h3><span class=\"ez-toc-section\" id=\"Comment_eviter_les_faux_sites\"><\/span>Comment \u00e9viter les faux sites ?<span class=\"ez-toc-section-end\"><\/span><\/h3>\n<p>La commande doit s&rsquo;effectuer exclusivement sur le portail officiel. Il convient de saisir directement l&rsquo;adresse dans son navigateur pour \u00e9viter les liens sponsoris\u00e9s trompeurs. Tout tarif sup\u00e9rieur \u00e0 <strong>3,85 euros<\/strong> constitue un signal d&rsquo;alarme, r\u00e9v\u00e9lant la pr\u00e9sence d&rsquo;un interm\u00e9diaire facturant des frais abusifs.<\/p>\n\n\n<h3><span class=\"ez-toc-section\" id=\"La_vignette_CritAir_a-t-elle_une_duree_de_validite\"><\/span>La vignette Crit\u2019Air a-t-elle une dur\u00e9e de validit\u00e9\u00a0?<span class=\"ez-toc-section-end\"><\/span><\/h3>\n<p>La vignette Crit\u2019Air n\u2019a pas de date d\u2019expiration. Une fois obtenue, elle est valable \u00e0 vie pour le v\u00e9hicule concern\u00e9, tant que l\u2019immatriculation ne change pas et que la vignette reste lisible. Il n\u2019est donc pas n\u00e9cessaire de la renouveler chaque ann\u00e9e, ni lors du contr\u00f4le technique, ni lors d&rsquo;un changement de propri\u00e9taire.<\/p>\n<p>La seule situation qui impose d&rsquo;en commander une nouvelle est la d\u00e9t\u00e9rioration ou la perte de la vignette, par exemple \u00e0 l&rsquo;occasion d&rsquo;un remplacement de pare-brise. Dans ce cas, une nouvelle commande s\u2019impose, pour \u00eatre de nouveau en r\u00e8gle.<\/p>\n\n\n<h3><span class=\"ez-toc-section\" id=\"Peut-on_decoller_et_recoller_la_vignette_CritAir\"><\/span>Peut-on d\u00e9coller et recoller la vignette Crit\u2019Air ?<span class=\"ez-toc-section-end\"><\/span><\/h3>\n<p>La vignette Crit&rsquo;Air est con\u00e7ue pour \u00eatre coll\u00e9e une seule fois et d\u00e9finitivement. Une fois pos\u00e9e, il n\u2019est pas possible de la d\u00e9coller proprement pour la recoller ailleurs.<\/p>\n<p><strong>Actions \u00e0 proscrire :<\/strong><\/p>\n<ul>\n<li>la transf\u00e9rer la vignette d&rsquo;un v\u00e9hicule \u00e0 un autre<\/li>\n<li>la d\u00e9placer en cas de remplacement du pare-brise<\/li>\n<li>la r\u00e9utiliser apr\u00e8s une vente du v\u00e9hicule<\/li>\n<\/ul>\n<p><strong>En cas de d\u00e9t\u00e9rioration, de perte ou de remplacement du pare-brise\u00a0:<\/strong> effectuer une nouvelle commande pour obtenir une autre vignette correspondant au v\u00e9hicule.<\/p>\n\n\n<h3><span class=\"ez-toc-section\" id=\"Ma_vignette_CritAir_change-t-elle_en_cas_de_retrofit_electrique\"><\/span>Ma vignette Crit&rsquo;Air change-t-elle en cas de r\u00e9trofit \u00e9lectrique\u00a0?<span class=\"ez-toc-section-end\"><\/span><\/h3>\n<p>Apr\u00e8s un r\u00e9trofit homologu\u00e9 d\u2019un v\u00e9hicule thermique en v\u00e9hicule \u00e9lectrique et l\u2019obtention du nouveau certificat d\u2019immatriculation, le v\u00e9hicule acc\u00e8de \u00e0 la classe Crit&rsquo;Air 0. La commande d\u2019une nouvelle vignette Crit&rsquo;Air 0 (pastille verte) est alors obligatoire pour remplacer l&rsquo;ancien certificat devenu caduc.<\/p>\n\n\n<h3><span class=\"ez-toc-section\" id=\"Les_vehicules_de_collection_sont-ils_concernes_par_lobligation_CritAir\"><\/span>Les v\u00e9hicules de collection sont-ils concern\u00e9s par l\u2019obligation Crit\u2019Air ?<span class=\"ez-toc-section-end\"><\/span><\/h3>\n<p>Seuls les v\u00e9hicules portant la mention \u00ab v\u00e9hicule de collection \u00bb sur la carte grise peuvent b\u00e9n\u00e9ficier de d\u00e9rogations locales dans les ZFE. Sans cette pr\u00e9cision administrative, un v\u00e9hicule ancien reste soumis aux restrictions classiques. Une v\u00e9rification des r\u00e8gles sp\u00e9cifiques dans l\u2019agglom\u00e9ration est indispensable.<\/p>\n\n<script type=\"application\/ld+json\">{\"@context\":\"https:\/\/schema.org\",\"@type\":\"FAQPage\",\"mainEntity\":[{\"@type\":\"Question\",\"name\":\"Comment \\u00e9viter les faux sites ?\",\"acceptedAnswer\":{\"@type\":\"Answer\",\"text\":\"La commande doit s&rsquo;effectuer exclusivement sur le portail officiel. Il convient de saisir directement l&rsquo;adresse dans son navigateur pour \\u00e9viter les liens sponsoris\\u00e9s trompeurs. Tout tarif sup\\u00e9rieur \\u00e0 3,85 euros constitue un signal d&rsquo;alarme, r\\u00e9v\\u00e9lant la pr\\u00e9sence d&rsquo;un interm\\u00e9diaire facturant des frais abusifs.\"}},{\"@type\":\"Question\",\"name\":\"La vignette Crit\\u2019Air a-t-elle une dur\\u00e9e de validit\\u00e9\\u00a0?\",\"acceptedAnswer\":{\"@type\":\"Answer\",\"text\":\"La vignette Crit\\u2019Air n\\u2019a pas de date d\\u2019expiration. Une fois obtenue, elle est valable \\u00e0 vie pour le v\\u00e9hicule concern\\u00e9, tant que l\\u2019immatriculation ne change pas et que la vignette reste lisible. Il n\\u2019est donc pas n\\u00e9cessaire de la renouveler chaque ann\\u00e9e, ni lors du contr\\u00f4le technique, ni lors d&rsquo;un changement de propri\\u00e9taire.\\nLa seule situation qui impose d&rsquo;en commander une nouvelle est la d\\u00e9t\\u00e9rioration ou la perte de la vignette, par exemple \\u00e0 l&rsquo;occasion d&rsquo;un remplacement de pare-brise. Dans ce cas, une nouvelle commande s\\u2019impose, pour \\u00eatre de nouveau en r\\u00e8gle.\"}},{\"@type\":\"Question\",\"name\":\"Peut-on d\\u00e9coller et recoller la vignette Crit\\u2019Air ?\",\"acceptedAnswer\":{\"@type\":\"Answer\",\"text\":\"La vignette Crit&rsquo;Air est con\\u00e7ue pour \\u00eatre coll\\u00e9e une seule fois et d\\u00e9finitivement. Une fois pos\\u00e9e, il n\\u2019est pas possible de la d\\u00e9coller proprement pour la recoller ailleurs.\\nActions \\u00e0 proscrire :\\n\\nla transf\\u00e9rer la vignette d&rsquo;un v\\u00e9hicule \\u00e0 un autre\\nla d\\u00e9placer en cas de remplacement du pare-brise\\nla r\\u00e9utiliser apr\\u00e8s une vente du v\\u00e9hicule\\n\\nEn cas de d\\u00e9t\\u00e9rioration, de perte ou de remplacement du pare-brise\\u00a0: effectuer une nouvelle commande pour obtenir une autre vignette correspondant au v\\u00e9hicule.\"}},{\"@type\":\"Question\",\"name\":\"Ma vignette Crit&rsquo;Air change-t-elle en cas de r\\u00e9trofit \\u00e9lectrique\\u00a0?\",\"acceptedAnswer\":{\"@type\":\"Answer\",\"text\":\"Apr\\u00e8s un r\\u00e9trofit homologu\\u00e9 d\\u2019un v\\u00e9hicule thermique en v\\u00e9hicule \\u00e9lectrique et l\\u2019obtention du nouveau certificat d\\u2019immatriculation, le v\\u00e9hicule acc\\u00e8de \\u00e0 la classe Crit&rsquo;Air 0. La commande d\\u2019une nouvelle vignette Crit&rsquo;Air 0 (pastille verte) est alors obligatoire pour remplacer l&rsquo;ancien certificat devenu caduc.\"}},{\"@type\":\"Question\",\"name\":\"Les v\\u00e9hicules de collection sont-ils concern\\u00e9s par l\\u2019obligation Crit\\u2019Air ?\",\"acceptedAnswer\":{\"@type\":\"Answer\",\"text\":\"Seuls les v\\u00e9hicules portant la mention \\u00ab v\\u00e9hicule de collection \\u00bb sur la carte grise peuvent b\\u00e9n\\u00e9ficier de d\\u00e9rogations locales dans les ZFE. Sans cette pr\\u00e9cision administrative, un v\\u00e9hicule ancien reste soumis aux restrictions classiques. Une v\\u00e9rification des r\\u00e8gles sp\\u00e9cifiques dans l\\u2019agglom\\u00e9ration est indispensable.\"}}]}<\/script>\n","protected":false},"excerpt":{"rendered":"<p>Obligatoire pour circuler en 2026 au sein des zones \u00e0 faibles \u00e9missions (ZFE) d\u00e9ploy\u00e9es dans de nombreuses agglom\u00e9rations fran\u00e7aises, la vignette Crit&rsquo;Air classe les v\u00e9hicules selon leur niveau d\u2019\u00e9missions polluantes pour r\u00e9guler la circulation. Prix officiel, d\u00e9marches de commande, conditions d&rsquo;obligation : voici l&rsquo;essentiel pour \u00eatre en r\u00e8gle sur la route.<\/p>\n","protected":false},"author":13719,"featured_media":22475,"comment_status":"closed","ping_status":"closed","sticky":false,"template":"","format":"standard","meta":{"footnotes":""},"categories":[30],"tags":[],"class_list":["post-23148","post","type-post","status-publish","format-standard","has-post-thumbnail","hentry","category-budget"],"acf":[],"yoast_head":"<!-- This site is optimized with the Yoast SEO plugin v24.9 - https:\/\/yoast.com\/wordpress\/plugins\/seo\/ -->\n<title>Crit\u2019Air 2026 : prix, obligation et commande<\/title>\n<meta name=\"description\" content=\"Tout savoir sur la vignette Crit\u2019Air en 2026 : prix officiel, obligations de circulation, classement de votre v\u00e9hicule et \u00e9tapes pour commander en ligne.\" \/>\n<meta name=\"robots\" content=\"index, follow, max-snippet:-1, max-image-preview:large, max-video-preview:-1\" \/>\n<link rel=\"canonical\" href=\"https:\/\/www.toutsurmesfinances.com\/argent\/a\/vignette-critair-prix-et-obligation\" \/>\n<meta property=\"og:locale\" content=\"fr_FR\" \/>\n<meta property=\"og:type\" content=\"article\" \/>\n<meta property=\"og:title\" content=\"Crit\u2019Air 2026 : prix, obligation et commande\" \/>\n<meta property=\"og:description\" content=\"Tout savoir sur la vignette Crit\u2019Air en 2026 : prix officiel, obligations de circulation, classement de votre v\u00e9hicule et \u00e9tapes pour commander en ligne.\" \/>\n<meta property=\"og:url\" content=\"https:\/\/www.toutsurmesfinances.com\/argent\/a\/vignette-critair-prix-et-obligation\" \/>\n<meta property=\"og:site_name\" content=\"Argent\" \/>\n<meta property=\"article:published_time\" content=\"2026-03-11T09:48:36+00:00\" \/>\n<meta property=\"article:modified_time\" content=\"2026-03-18T10:42:22+00:00\" \/>\n<meta property=\"og:image\" content=\"https:\/\/www.toutsurmesfinances.com\/argent\/wp-content\/uploads\/sites\/3\/2025\/04\/image-argent-budget.jpg\" \/>\n\t<meta property=\"og:image:width\" content=\"600\" \/>\n\t<meta property=\"og:image:height\" content=\"400\" \/>\n\t<meta property=\"og:image:type\" content=\"image\/jpeg\" \/>\n<meta name=\"author\" content=\"Loic Farge\" \/>\n<meta name=\"twitter:card\" content=\"summary_large_image\" \/>\n<meta name=\"twitter:creator\" content=\"@Toutsur\" \/>\n<meta name=\"twitter:site\" content=\"@Toutsur\" \/>\n<meta name=\"twitter:label1\" content=\"\u00c9crit par\" \/>\n\t<meta name=\"twitter:data1\" content=\"Loic Farge\" \/>\n\t<meta name=\"twitter:label2\" content=\"Dur\u00e9e de lecture estim\u00e9e\" \/>\n\t<meta name=\"twitter:data2\" content=\"12 minutes\" \/>\n<script type=\"application\/ld+json\" class=\"yoast-schema-graph\">{\"@context\":\"https:\/\/schema.org\",\"@graph\":[{\"@type\":\"Article\",\"@id\":\"https:\/\/www.toutsurmesfinances.com\/argent\/a\/vignette-critair-prix-et-obligation#article\",\"isPartOf\":{\"@id\":\"https:\/\/www.toutsurmesfinances.com\/argent\/a\/vignette-critair-prix-et-obligation\"},\"author\":{\"name\":\"Loic Farge\",\"@id\":\"https:\/\/www.toutsurmesfinances.com\/argent\/#\/schema\/person\/441d2f49b49f36caada20af210ea82db\"},\"headline\":\"Vignette Crit\u2019Air 2026 : prix et obligation\",\"dateModified\":\"2026-03-18T10:42:22+00:00\",\"mainEntityOfPage\":{\"@id\":\"https:\/\/www.toutsurmesfinances.com\/argent\/a\/vignette-critair-prix-et-obligation\"},\"wordCount\":2588,\"publisher\":{\"@id\":\"https:\/\/www.toutsurmesfinances.com\/argent\/#organization\"},\"image\":{\"@id\":\"https:\/\/www.toutsurmesfinances.com\/argent\/a\/vignette-critair-prix-et-obligation#primaryimage\"},\"thumbnailUrl\":\"https:\/\/www.toutsurmesfinances.com\/argent\/wp-content\/uploads\/sites\/3\/2025\/04\/image-argent-budget.jpg\",\"articleSection\":[\"Budget\"],\"inLanguage\":\"fr-FR\"},{\"@type\":\"WebPage\",\"@id\":\"https:\/\/www.toutsurmesfinances.com\/argent\/a\/vignette-critair-prix-et-obligation\",\"url\":\"https:\/\/www.toutsurmesfinances.com\/argent\/a\/vignette-critair-prix-et-obligation\",\"name\":\"Crit\u2019Air 2026 : prix, obligation et commande\",\"isPartOf\":{\"@id\":\"https:\/\/www.toutsurmesfinances.com\/argent\/#website\"},\"primaryImageOfPage\":{\"@id\":\"https:\/\/www.toutsurmesfinances.com\/argent\/a\/vignette-critair-prix-et-obligation#primaryimage\"},\"image\":{\"@id\":\"https:\/\/www.toutsurmesfinances.com\/argent\/a\/vignette-critair-prix-et-obligation#primaryimage\"},\"thumbnailUrl\":\"https:\/\/www.toutsurmesfinances.com\/argent\/wp-content\/uploads\/sites\/3\/2025\/04\/image-argent-budget.jpg\",\"dateModified\":\"2026-03-18T10:42:22+00:00\",\"description\":\"Tout savoir sur la vignette Crit\u2019Air en 2026 : prix officiel, obligations de circulation, classement de votre v\u00e9hicule et \u00e9tapes pour commander en ligne.\",\"breadcrumb\":{\"@id\":\"https:\/\/www.toutsurmesfinances.com\/argent\/a\/vignette-critair-prix-et-obligation#breadcrumb\"},\"inLanguage\":\"fr-FR\",\"potentialAction\":[{\"@type\":\"ReadAction\",\"target\":[\"https:\/\/www.toutsurmesfinances.com\/argent\/a\/vignette-critair-prix-et-obligation\"]}]},{\"@type\":\"ImageObject\",\"inLanguage\":\"fr-FR\",\"@id\":\"https:\/\/www.toutsurmesfinances.com\/argent\/a\/vignette-critair-prix-et-obligation#primaryimage\",\"url\":\"https:\/\/www.toutsurmesfinances.com\/argent\/wp-content\/uploads\/sites\/3\/2025\/04\/image-argent-budget.jpg\",\"contentUrl\":\"https:\/\/www.toutsurmesfinances.com\/argent\/wp-content\/uploads\/sites\/3\/2025\/04\/image-argent-budget.jpg\",\"width\":600,\"height\":400},{\"@type\":\"BreadcrumbList\",\"@id\":\"https:\/\/www.toutsurmesfinances.com\/argent\/a\/vignette-critair-prix-et-obligation#breadcrumb\",\"itemListElement\":[{\"@type\":\"ListItem\",\"position\":1,\"name\":\"Accueil\",\"item\":\"https:\/\/www.toutsurmesfinances.com\/argent\/\"},{\"@type\":\"ListItem\",\"position\":2,\"name\":\"Budget\",\"item\":\"https:\/\/www.toutsurmesfinances.com\/argent\/c\/budget\"},{\"@type\":\"ListItem\",\"position\":3,\"name\":\"Vignette Crit\u2019Air 2026 : prix et obligation\"}]},{\"@type\":\"WebSite\",\"@id\":\"https:\/\/www.toutsurmesfinances.com\/argent\/#website\",\"url\":\"https:\/\/www.toutsurmesfinances.com\/argent\/\",\"name\":\"Argent\",\"description\":\"\",\"publisher\":{\"@id\":\"https:\/\/www.toutsurmesfinances.com\/argent\/#organization\"},\"potentialAction\":[{\"@type\":\"SearchAction\",\"target\":{\"@type\":\"EntryPoint\",\"urlTemplate\":\"https:\/\/www.toutsurmesfinances.com\/argent\/?s={search_term_string}\"},\"query-input\":{\"@type\":\"PropertyValueSpecification\",\"valueRequired\":true,\"valueName\":\"search_term_string\"}}],\"inLanguage\":\"fr-FR\"},{\"@type\":\"Organization\",\"@id\":\"https:\/\/www.toutsurmesfinances.com\/argent\/#organization\",\"name\":\"Tout Sur Mes Finances\",\"url\":\"https:\/\/www.toutsurmesfinances.com\/argent\/\",\"logo\":{\"@type\":\"ImageObject\",\"inLanguage\":\"fr-FR\",\"@id\":\"https:\/\/www.toutsurmesfinances.com\/argent\/#\/schema\/logo\/image\/\",\"url\":\"https:\/\/www.toutsurmesfinances.com\/argent\/wp-content\/uploads\/sites\/3\/2021\/01\/favicon.png\",\"contentUrl\":\"https:\/\/www.toutsurmesfinances.com\/argent\/wp-content\/uploads\/sites\/3\/2021\/01\/favicon.png\",\"width\":512,\"height\":512,\"caption\":\"Tout Sur Mes Finances\"},\"image\":{\"@id\":\"https:\/\/www.toutsurmesfinances.com\/argent\/#\/schema\/logo\/image\/\"},\"sameAs\":[\"https:\/\/x.com\/Toutsur\"]},{\"@type\":\"Person\",\"@id\":\"https:\/\/www.toutsurmesfinances.com\/argent\/#\/schema\/person\/441d2f49b49f36caada20af210ea82db\",\"name\":\"Loic Farge\",\"image\":{\"@type\":\"ImageObject\",\"inLanguage\":\"fr-FR\",\"@id\":\"https:\/\/www.toutsurmesfinances.com\/argent\/#\/schema\/person\/image\/\",\"url\":\"https:\/\/secure.gravatar.com\/avatar\/d6ba1a4c295f842490f4602774c31c1d?s=96&d=mm&r=g\",\"contentUrl\":\"https:\/\/secure.gravatar.com\/avatar\/d6ba1a4c295f842490f4602774c31c1d?s=96&d=mm&r=g\",\"caption\":\"Loic Farge\"},\"description\":\"Lo\u00efc Farge est journaliste sp\u00e9cialis\u00e9 en immobilier. Il travaille chez\u00a0ToutSurMesFinances.com\u00a0depuis pr\u00e8s de 10 ans. Il couvre l\u2019ensemble des th\u00e9matiques li\u00e9es \u00e0 l\u2019immobilier : march\u00e9, financement, r\u00e9glementation, fiscalit\u00e9 et investissement locatif.\",\"sameAs\":[\"https:\/\/www.toutsurmesfinances.com\/author\/loic\",\"https:\/\/www.linkedin.com\/in\/loc-farge-4b742725\/\"]}]}<\/script>\n<!-- \/ Yoast SEO plugin. -->","yoast_head_json":{"title":"Crit\u2019Air 2026 : prix, obligation et commande","description":"Tout savoir sur la vignette Crit\u2019Air en 2026 : prix officiel, obligations de circulation, classement de votre v\u00e9hicule et \u00e9tapes pour commander en ligne.","robots":{"index":"index","follow":"follow","max-snippet":"max-snippet:-1","max-image-preview":"max-image-preview:large","max-video-preview":"max-video-preview:-1"},"canonical":"https:\/\/www.toutsurmesfinances.com\/argent\/a\/vignette-critair-prix-et-obligation","og_locale":"fr_FR","og_type":"article","og_title":"Crit\u2019Air 2026 : prix, obligation et commande","og_description":"Tout savoir sur la vignette Crit\u2019Air en 2026 : prix officiel, obligations de circulation, classement de votre v\u00e9hicule et \u00e9tapes pour commander en ligne.","og_url":"https:\/\/www.toutsurmesfinances.com\/argent\/a\/vignette-critair-prix-et-obligation","og_site_name":"Argent","article_published_time":"2026-03-11T09:48:36+00:00","article_modified_time":"2026-03-18T10:42:22+00:00","og_image":[{"width":600,"height":400,"url":"https:\/\/www.toutsurmesfinances.com\/argent\/wp-content\/uploads\/sites\/3\/2025\/04\/image-argent-budget.jpg","type":"image\/jpeg"}],"author":"Loic Farge","twitter_card":"summary_large_image","twitter_creator":"@Toutsur","twitter_site":"@Toutsur","twitter_misc":{"\u00c9crit par":"Loic Farge","Dur\u00e9e de lecture estim\u00e9e":"12 minutes"},"schema":{"@context":"https:\/\/schema.org","@graph":[{"@type":"Article","@id":"https:\/\/www.toutsurmesfinances.com\/argent\/a\/vignette-critair-prix-et-obligation#article","isPartOf":{"@id":"https:\/\/www.toutsurmesfinances.com\/argent\/a\/vignette-critair-prix-et-obligation"},"author":{"name":"Loic Farge","@id":"https:\/\/www.toutsurmesfinances.com\/argent\/#\/schema\/person\/441d2f49b49f36caada20af210ea82db"},"headline":"Vignette Crit\u2019Air 2026 : prix et obligation","dateModified":"2026-03-18T10:42:22+00:00","mainEntityOfPage":{"@id":"https:\/\/www.toutsurmesfinances.com\/argent\/a\/vignette-critair-prix-et-obligation"},"wordCount":2588,"publisher":{"@id":"https:\/\/www.toutsurmesfinances.com\/argent\/#organization"},"image":{"@id":"https:\/\/www.toutsurmesfinances.com\/argent\/a\/vignette-critair-prix-et-obligation#primaryimage"},"thumbnailUrl":"https:\/\/www.toutsurmesfinances.com\/argent\/wp-content\/uploads\/sites\/3\/2025\/04\/image-argent-budget.jpg","articleSection":["Budget"],"inLanguage":"fr-FR"},{"@type":"WebPage","@id":"https:\/\/www.toutsurmesfinances.com\/argent\/a\/vignette-critair-prix-et-obligation","url":"https:\/\/www.toutsurmesfinances.com\/argent\/a\/vignette-critair-prix-et-obligation","name":"Crit\u2019Air 2026 : prix, obligation et commande","isPartOf":{"@id":"https:\/\/www.toutsurmesfinances.com\/argent\/#website"},"primaryImageOfPage":{"@id":"https:\/\/www.toutsurmesfinances.com\/argent\/a\/vignette-critair-prix-et-obligation#primaryimage"},"image":{"@id":"https:\/\/www.toutsurmesfinances.com\/argent\/a\/vignette-critair-prix-et-obligation#primaryimage"},"thumbnailUrl":"https:\/\/www.toutsurmesfinances.com\/argent\/wp-content\/uploads\/sites\/3\/2025\/04\/image-argent-budget.jpg","dateModified":"2026-03-18T10:42:22+00:00","description":"Tout savoir sur la vignette Crit\u2019Air en 2026 : prix officiel, obligations de circulation, classement de votre v\u00e9hicule et \u00e9tapes pour commander en ligne.","breadcrumb":{"@id":"https:\/\/www.toutsurmesfinances.com\/argent\/a\/vignette-critair-prix-et-obligation#breadcrumb"},"inLanguage":"fr-FR","potentialAction":[{"@type":"ReadAction","target":["https:\/\/www.toutsurmesfinances.com\/argent\/a\/vignette-critair-prix-et-obligation"]}]},{"@type":"ImageObject","inLanguage":"fr-FR","@id":"https:\/\/www.toutsurmesfinances.com\/argent\/a\/vignette-critair-prix-et-obligation#primaryimage","url":"https:\/\/www.toutsurmesfinances.com\/argent\/wp-content\/uploads\/sites\/3\/2025\/04\/image-argent-budget.jpg","contentUrl":"https:\/\/www.toutsurmesfinances.com\/argent\/wp-content\/uploads\/sites\/3\/2025\/04\/image-argent-budget.jpg","width":600,"height":400},{"@type":"BreadcrumbList","@id":"https:\/\/www.toutsurmesfinances.com\/argent\/a\/vignette-critair-prix-et-obligation#breadcrumb","itemListElement":[{"@type":"ListItem","position":1,"name":"Accueil","item":"https:\/\/www.toutsurmesfinances.com\/argent\/"},{"@type":"ListItem","position":2,"name":"Budget","item":"https:\/\/www.toutsurmesfinances.com\/argent\/c\/budget"},{"@type":"ListItem","position":3,"name":"Vignette Crit\u2019Air 2026 : prix et obligation"}]},{"@type":"WebSite","@id":"https:\/\/www.toutsurmesfinances.com\/argent\/#website","url":"https:\/\/www.toutsurmesfinances.com\/argent\/","name":"Argent","description":"","publisher":{"@id":"https:\/\/www.toutsurmesfinances.com\/argent\/#organization"},"potentialAction":[{"@type":"SearchAction","target":{"@type":"EntryPoint","urlTemplate":"https:\/\/www.toutsurmesfinances.com\/argent\/?s={search_term_string}"},"query-input":{"@type":"PropertyValueSpecification","valueRequired":true,"valueName":"search_term_string"}}],"inLanguage":"fr-FR"},{"@type":"Organization","@id":"https:\/\/www.toutsurmesfinances.com\/argent\/#organization","name":"Tout Sur Mes Finances","url":"https:\/\/www.toutsurmesfinances.com\/argent\/","logo":{"@type":"ImageObject","inLanguage":"fr-FR","@id":"https:\/\/www.toutsurmesfinances.com\/argent\/#\/schema\/logo\/image\/","url":"https:\/\/www.toutsurmesfinances.com\/argent\/wp-content\/uploads\/sites\/3\/2021\/01\/favicon.png","contentUrl":"https:\/\/www.toutsurmesfinances.com\/argent\/wp-content\/uploads\/sites\/3\/2021\/01\/favicon.png","width":512,"height":512,"caption":"Tout Sur Mes Finances"},"image":{"@id":"https:\/\/www.toutsurmesfinances.com\/argent\/#\/schema\/logo\/image\/"},"sameAs":["https:\/\/x.com\/Toutsur"]},{"@type":"Person","@id":"https:\/\/www.toutsurmesfinances.com\/argent\/#\/schema\/person\/441d2f49b49f36caada20af210ea82db","name":"Loic Farge","image":{"@type":"ImageObject","inLanguage":"fr-FR","@id":"https:\/\/www.toutsurmesfinances.com\/argent\/#\/schema\/person\/image\/","url":"https:\/\/secure.gravatar.com\/avatar\/d6ba1a4c295f842490f4602774c31c1d?s=96&d=mm&r=g","contentUrl":"https:\/\/secure.gravatar.com\/avatar\/d6ba1a4c295f842490f4602774c31c1d?s=96&d=mm&r=g","caption":"Loic Farge"},"description":"Lo\u00efc Farge est journaliste sp\u00e9cialis\u00e9 en immobilier. Il travaille chez\u00a0ToutSurMesFinances.com\u00a0depuis pr\u00e8s de 10 ans. Il couvre l\u2019ensemble des th\u00e9matiques li\u00e9es \u00e0 l\u2019immobilier : march\u00e9, financement, r\u00e9glementation, fiscalit\u00e9 et investissement locatif.","sameAs":["https:\/\/www.toutsurmesfinances.com\/author\/loic","https:\/\/www.linkedin.com\/in\/loc-farge-4b742725\/"]}]}},"_links":{"self":[{"href":"https:\/\/www.toutsurmesfinances.com\/argent\/wp-json\/wp\/v2\/posts\/23148","targetHints":{"allow":["GET"]}}],"collection":[{"href":"https:\/\/www.toutsurmesfinances.com\/argent\/wp-json\/wp\/v2\/posts"}],"about":[{"href":"https:\/\/www.toutsurmesfinances.com\/argent\/wp-json\/wp\/v2\/types\/post"}],"author":[{"embeddable":true,"href":"https:\/\/www.toutsurmesfinances.com\/argent\/wp-json\/wp\/v2\/users\/13719"}],"replies":[{"embeddable":true,"href":"https:\/\/www.toutsurmesfinances.com\/argent\/wp-json\/wp\/v2\/comments?post=23148"}],"version-history":[{"count":4,"href":"https:\/\/www.toutsurmesfinances.com\/argent\/wp-json\/wp\/v2\/posts\/23148\/revisions"}],"predecessor-version":[{"id":23186,"href":"https:\/\/www.toutsurmesfinances.com\/argent\/wp-json\/wp\/v2\/posts\/23148\/revisions\/23186"}],"wp:featuredmedia":[{"embeddable":true,"href":"https:\/\/www.toutsurmesfinances.com\/argent\/wp-json\/wp\/v2\/media\/22475"}],"wp:attachment":[{"href":"https:\/\/www.toutsurmesfinances.com\/argent\/wp-json\/wp\/v2\/media?parent=23148"}],"wp:term":[{"taxonomy":"category","embeddable":true,"href":"https:\/\/www.toutsurmesfinances.com\/argent\/wp-json\/wp\/v2\/categories?post=23148"},{"taxonomy":"post_tag","embeddable":true,"href":"https:\/\/www.toutsurmesfinances.com\/argent\/wp-json\/wp\/v2\/tags?post=23148"}],"curies":[{"name":"wp","href":"https:\/\/api.w.org\/{rel}","templated":true}]}}