{"id":23164,"date":"2026-03-18T09:25:42","date_gmt":"2026-03-18T08:25:42","guid":{"rendered":"https:\/\/www.toutsurmesfinances.com\/argent\/?p=23164"},"modified":"2026-03-18T09:56:03","modified_gmt":"2026-03-18T08:56:03","slug":"regles-de-la-vignette-critair-restrictions-et-amendes-par-ville","status":"publish","type":"post","link":"https:\/\/www.toutsurmesfinances.com\/argent\/a\/regles-de-la-vignette-critair-restrictions-et-amendes-par-ville","title":{"rendered":"R\u00e8gles de la vignette Crit\u2019Air 2026 : restrictions et amendes par ville"},"content":{"rendered":"<h2><span class=\"ez-toc-section\" id=\"Regles_2026_dans_les_grandes_villes\"><\/span>R\u00e8gles 2026 dans les grandes villes<span class=\"ez-toc-section-end\"><\/span><\/h2>\n<p>La vignette Crit\u2019Air conditionne la circulation dans plusieurs grandes villes fran\u00e7aises. En 2026, chaque m\u00e9tropole applique ses propres restrictions au sein de sa zone \u00e0 faibles \u00e9missions (ZFE). Les r\u00e8gles varient sensiblement d\u2019une ville \u00e0 l\u2019autre : p\u00e9rim\u00e8tre, cat\u00e9gories interdites, horaires, d\u00e9rogations. Voici un tour d&rsquo;horizon complet, ville par ville.<\/p>\n<p>\ud83d\udca1Pour v\u00e9rifier le classement de son v\u00e9hicule et conna\u00eetre la d\u00e9marche pour commander sa vignette, consulter notre article d\u00e9di\u00e9 : <a href=\"https:\/\/www.toutsurmesfinances.com\/argent\/a\/vignettes-pollution-cirt-air-2017-fonctionnement-demande-et-prix\"><u>Prix, commande et obligations de la vignette Crit&rsquo;Air<\/u><\/a>.<\/p>\n<h3><span class=\"ez-toc-section\" id=\"Regles_derogatoires_communes_a_toutes_les_ZFE\"><\/span>R\u00e8gles d\u00e9rogatoires communes \u00e0 toutes les ZFE<strong><br \/>\n<\/strong><span class=\"ez-toc-section-end\"><\/span><\/h3>\n<p>Dans toutes les agglom\u00e9rations soumises \u00e0 zone \u00e0 faible \u00e9missions mobilit\u00e9 (ZFE-m), certains v\u00e9hicules motoris\u00e9s b\u00e9n\u00e9ficient d\u2019exemptions nationales permanentes, quelle que soit leur vignette Crit&rsquo;Air. Aucune d\u00e9marche n&rsquo;est n\u00e9cessaire.<\/p>\n<p>Ces<strong> d\u00e9rogations nationales permanentes<\/strong> concernent\u00a0notamment :<\/p>\n<ul>\n<li>les v\u00e9hicules d&rsquo;int\u00e9r\u00eat g\u00e9n\u00e9ral prioritaires : police, gendarmerie, douanes, pompiers, Samu, s\u00e9curit\u00e9 civile, minist\u00e8re de la D\u00e9fense ;<\/li>\n<li>les titulaires d&rsquo;une carte mobilit\u00e9 inclusion (CMI), comportant la mention \u00ab stationnement pour personnes handicap\u00e9es \u00bb ou \u00ab invalidit\u00e9 \u00bb, ou d\u2019une carte europ\u00e9enne de stationnement ;<\/li>\n<li>les v\u00e9hicules de transport en commun \u00e0 faibles \u00e9missions ;<\/li>\n<li>les v\u00e9hicules de collection immatricul\u00e9s en carte grise \u00ab\u00a0collection\u00a0\u00bb.<\/li>\n<\/ul>\n<p>Des <strong>d\u00e9rogations temporaires<\/strong>, d\u00e9livr\u00e9es sur justificatif, sont accord\u00e9es \u00e0 certaines professions (liste non exhaustive) :<\/p>\n<ul>\n<li>commer\u00e7ants et livreurs<\/li>\n<li>artisans et professionnels du BTP<\/li>\n<li>professionnels de sant\u00e9 effectuant des visites \u00e0 domicile (m\u00e9decins, infirmiers, etc.).<strong><br \/>\n<\/strong><\/li>\n<\/ul>\n<h3><span class=\"ez-toc-section\" id=\"CritAir_a_Paris_en_2026\"><\/span>Crit\u2019Air \u00e0 Paris en 2026<span class=\"ez-toc-section-end\"><\/span><\/h3>\n<p><strong>P\u00e9rim\u00e8tre d\u2019application\u00a0de Crit\u2019Air<\/strong><\/p>\n<p>Paris fait partie de la ZFE du Grand Paris, qui couvre \u00e9galement 77 villes (situ\u00e9es \u00e0 l\u2019int\u00e9rieur de l\u2019autoroute A86) sur les 131 que compte la m\u00e9tropole du Grand Paris.<\/p>\n<p>L\u2019ensemble de la ville de Paris (les vingt arrondissements de la capitale) est concern\u00e9 par la r\u00e9glementation li\u00e9e \u00e0 la vignette Crit\u2019Air. Le bois de Vincennes et le bois de Boulogne sont inclus dans le p\u00e9rim\u00e8tre de la ZFE de Paris.<\/p>\n<p><strong>V\u00e9hicules motoris\u00e9s soumis \u00e0 restriction de circulation\u00a0\u00e0 Paris<\/strong><\/p>\n<p>Depuis le 1<sup>er<\/sup> janvier 2025, les v\u00e9hicules Crit&rsquo;Air 3, 4, 5 et non class\u00e9s ne peuvent plus circuler \u00e0 certaines heures dans Paris intra-muros, ainsi que sur le boulevard p\u00e9riph\u00e9rique. Sont notamment concern\u00e9s la majorit\u00e9 des diesels immatricul\u00e9s avant 2011 et les voitures essence d\u2019avant 2006.<\/p>\n<p><strong>Horaires d\u2019interdiction de circuler<\/strong><\/p>\n<ul>\n<li><strong>Voitures particuli\u00e8res, utilitaires l\u00e9gers, deux-roues, tricycles et quadricycles<\/strong> : lundi au vendredi, de 8 heures \u00e0 20 heures, jours f\u00e9ri\u00e9s except\u00e9s ;<\/li>\n<li><strong>Bus, autocars et poids lourds<\/strong> : 7 jours sur 7, de 8 heures \u00e0 20 heures, week-ends et jours f\u00e9ri\u00e9s inclus.<\/li>\n<\/ul>\n<p><strong>D\u00e9rogations locales<\/strong><\/p>\n<p>Les conducteurs de v\u00e9hicules Crit\u2019Air 3 \u00e0 5, ou non class\u00e9s, peuvent exceptionnellement circuler dans la ZFE parisienne gr\u00e2ce au Pass ZFE 24 heures. Ce dispositif d\u00e9rogatoire donne droit \u00e0 une journ\u00e9e de circulation au sein du p\u00e9rim\u00e8tre dans la limite de 24 journ\u00e9es pleines (de 00h00 \u00e0 23h59) par an, entre le 1<sup>er<\/sup> janvier et le 31 d\u00e9cembre de chaque ann\u00e9e, hors week-ends et jours f\u00e9ri\u00e9s.<\/p>\n<p>Aucun justificatif n\u2019est demand\u00e9. Il faut toutefois enregistrer son v\u00e9hicule sur la plateforme de demande des d\u00e9rogations au moins 15 jours avant la premi\u00e8re utilisation.<\/p>\n<p><strong>Calendrier pr\u00e9visionnel<\/strong><\/p>\n<p>L&rsquo;interdiction des v\u00e9hicules diesel Crit&rsquo;Air 2 \u00e0 Paris est envisag\u00e9e pour juillet 2028 (\u00e0 confirmer).<\/p>\n<h3><span class=\"ez-toc-section\" id=\"CritAir_a_Lyon_en_2026\"><\/span>Crit\u2019Air \u00e0 Lyon en 2026<span class=\"ez-toc-section-end\"><\/span><\/h3>\n<p>\u00c0 Lyon, la ZFE figure parmi les plus contraignantes de France. Depuis le 1er janvier 2025, les v\u00e9hicules Crit&rsquo;Air 3, 4, 5 et non class\u00e9s sont interdits de circulation et de stationnement tous les jours, \u00e0 toute heure.<\/p>\n<p><strong>P\u00e9rim\u00e8tre d\u2019application de Crit\u2019Air<br \/>\n<\/strong><\/p>\n<p>La ZFE de Lyon, pilot\u00e9e par la M\u00e9tropole du Grand Lyon, s\u2019applique \u00e0 la ville de Lyon, \u00e0 Caluire-et-Cuire et aux secteurs de Villeurbanne, Bron et V\u00e9nissieux situ\u00e9s \u00e0 l\u2019int\u00e9rieur du p\u00e9riph\u00e9rique Laurent Bonnevay (inclus).<\/p>\n<p><strong>V\u00e9hicules motoris\u00e9s soumis \u00e0 restriction de circulation\u00a0\u00e0 Lyon<br \/>\n<\/strong>Depuis le 1<sup>er<\/sup> janvier 2025, la m\u00e9tropole de Lyon interdit la circulation et le stationnement des v\u00e9hicules Crit\u2019Air 3, 4, 5 et non class\u00e9s dans le p\u00e9rim\u00e8tre de la ZFE lyonnaise.<\/p>\n<p>Cela concerne :<\/p>\n<ul>\n<li>les voitures diesel immatricul\u00e9es pour la premi\u00e8re fois avant le 1<sup>er<\/sup> janvier 2011\u00a0;<\/li>\n<li>les voitures essence et hybrides immatricul\u00e9es pour la premi\u00e8re fois avant le 1<sup>er<\/sup> janvier 2006 ;<\/li>\n<li>les deux-roues, tricycles et quadricycles \u00e0 moteur immatricul\u00e9s entre 2004 et 2006 ;<\/li>\n<li>les poids lourds et les v\u00e9hicules utilitaires l\u00e9gers destin\u00e9s au transport de marchandises class\u00e9s Crit\u2019air 5, 4 et 3 ou non class\u00e9s.<\/li>\n<\/ul>\n<p><strong>Horaires d\u2019interdiction de circuler<\/strong><\/p>\n<p>Dans la ZFE lyonnaise, l\u2019interdiction li\u00e9e \u00e0 la r\u00e9glementation Crit\u2019Air s\u2019applique 24 heures sur 24 et 7 jours sur 7.<\/p>\n<p><strong>D\u00e9rogations locales<\/strong><\/p>\n<p>La M\u00e9tropole de Lyon a mis en place plusieurs d\u00e9rogations individuelles, accord\u00e9es sur demande et pour une dur\u00e9e limit\u00e9e\u00a0 :<\/p>\n<ul>\n<li>D\u00e9rogation \u00ab\u00a0horaires d\u00e9cal\u00e9s\u00a0\u00bb\u00a0(en vigueur jusqu\u2019au 31 d\u00e9cembre 2027)\u00a0: les travailleurs d\u00e9tenteurs d&rsquo;un v\u00e9hicule Crit&rsquo;Air 3 (voiture ou deux-roues) peuvent circuler dans la ZFE 52 jours maximum par an, \u00e0 tout moment de la journ\u00e9e, si leur activit\u00e9 professionnelle a lieu entre 21 heures et 6 heures\u00a0;<\/li>\n<li>D\u00e9rogation \u00ab actifs Crit\u2019Air 3 \u00bb (en vigueur jusqu\u2019au 31 d\u00e9cembre 2027) : pour les actifs habitant ou travaillant dans l\u2019une des cinq communes concern\u00e9es par la ZFE (Lyon, Villeurbanne, Bron, Caluire-et-Cuire et V\u00e9nissieux) et dont le revenu fiscal de r\u00e9f\u00e9rence par part ne d\u00e9passe pas 16 300 euros ;<\/li>\n<li>D\u00e9rogation \u00ab petit rouleur \u00bb : permet aux particuliers et aux professionnels qui utilisent leur v\u00e9hicule ponctuellement de circuler dans la ZFE 52 jours maximum par an ;<\/li>\n<li>D\u00e9rogation pour d\u00e9lais de livraison rallong\u00e9s : les personnes qui ont command\u00e9 un nouveau v\u00e9hicule propre (Crit\u2019Air 0 ou 1) et sont confront\u00e9es \u00e0 des d\u00e9lais de livraison plus longs que pr\u00e9vus peuvent b\u00e9n\u00e9ficier d\u2019une d\u00e9rogation de six mois non renouvelable.<\/li>\n<\/ul>\n<p><strong>Calendrier pr\u00e9visionnel<\/strong><\/p>\n<p>L&rsquo;interdiction des v\u00e9hicules Crit&rsquo;Air 2 dans la ZFE lyonnaise est fix\u00e9e au 1<sup>er<\/sup> janvier 2028 (\u00e0 confirmer).<\/p>\n<h3><span class=\"ez-toc-section\" id=\"CritAir_a_Nantes_en_2026\"><\/span>Crit\u2019Air \u00e0 Nantes en 2026<span class=\"ez-toc-section-end\"><\/span><\/h3>\n<p>Nantes figure parmi les ZFE les moins restrictives de France. Seuls les v\u00e9hicules tr\u00e8s anciens dits \u00ab non class\u00e9s \u00bb &#8211; et, depuis le 1<sup>er<\/sup> janvier 2025, les utilitaires et poids lourds Crit&rsquo;Air 4 et 5 &#8211; sont concern\u00e9s par les restrictions.<\/p>\n<p><strong>P\u00e9rim\u00e8tre d\u2019application\u00a0de Crit\u2019Air<\/strong><\/p>\n<p>\u00c0 Nantes, la r\u00e9glementation Crit\u2019Air s\u2019applique dans le p\u00e9rim\u00e8tre qui comprend toute la zone interne au boulevard p\u00e9riph\u00e9rique. Ce dernier n\u2019est pas inclus dans la ZFE, afin de permettre le transit des v\u00e9hicules.<\/p>\n<p><strong>V\u00e9hicules motoris\u00e9s soumis \u00e0 restriction de circulation\u00a0\u00e0 Nantes<\/strong><\/p>\n<p>Seuls v\u00e9hicules tr\u00e8s anciens (dits \u00ab non class\u00e9s \u00bb) sont interdits de circulation dans le p\u00e9rim\u00e8tre. Sont concern\u00e9s :<\/p>\n<ul>\n<li>\u00a0les voitures mises en service avant le 1<sup>er<\/sup> janvier 1997\u00a0;<\/li>\n<li>les utilitaires l\u00e9gers mis en service avant le 1<sup>er<\/sup> octobre 1997\u00a0;<\/li>\n<li>les poids lourds mis en service avant le 1er octobre 2001 ;<\/li>\n<li>les deux-roues, tricycles et quadricycles \u00e0 moteur mis en circulation avant le 1<sup>er<\/sup> juin 2000.<\/li>\n<\/ul>\n<p>Depuis le 1<sup>er<\/sup> janvier 2025, les v\u00e9hicules utilitaires et les poids lourds class\u00e9s Crit\u2019Air 4, Crit\u2019Air 5 ou non class\u00e9s ne peuvent plus circuler dans le p\u00e9rim\u00e8tre de la ZFE.<\/p>\n<p>\u26a0\ufe0f \u00c0 Nantes, les restrictions portent uniquement sur la circulation : il reste possible de laisser son v\u00e9hicule stationn\u00e9 sur l&rsquo;espace public, y compris pendant les horaires de restriction.<\/p>\n<p><strong>Horaires d\u2019interdiction de circuler<\/strong><\/p>\n<p>La r\u00e9glementation Crit\u2019Air interdit la circulation des v\u00e9hicules concern\u00e9s du lundi au vendredi, hors jours f\u00e9ri\u00e9s, aux heures de pointe (de 7 heures \u00e0 9 heures et de 16 heures \u00e0 19 heures).<\/p>\n<p>En dehors de ces plages horaires, tous les v\u00e9hicules peuvent circuler librement. Ils doivent toutefois afficher une vignette Crit\u2019Air pour pouvoir circuler dans la zone.<\/p>\n<p><strong>D\u00e9rogations locales<\/strong><\/p>\n<p>Nantes M\u00e9tropole pr\u00e9voit plusieurs d\u00e9rogations individuelles ou professionnelles, accord\u00e9es sur demande :<\/p>\n<ul>\n<li>pour les v\u00e9hicules pour lesquels les alternatives de mobilit\u00e9 sont difficiles \u00e0 envisager (v\u00e9hicule de march\u00e9, v\u00e9hicules sanitaires, certains types de v\u00e9hicules utilitaires de chantier sp\u00e9cifiques, v\u00e9hicules des forains) ;<\/li>\n<li>pour soutenir les activit\u00e9s solidaires (aide aux personnes en situation pr\u00e9caire, aide \u00e0 domicile, s\u00e9curit\u00e9 civile, m\u00e9decins et infirmiers en intervention) ;<\/li>\n<li>pour soutenir les entreprises en difficult\u00e9 ;<\/li>\n<li>pour les v\u00e9hicules des personnes travaillant en horaires d\u00e9cal\u00e9s et pour qui l\u2019alternative \u00e0 la voiture individuelle est tr\u00e8s difficile ;<\/li>\n<li>pour les v\u00e9hicules interdits de circuler dans la ZFE, dont le propri\u00e9taire peut justifier de l\u2019achat d\u2019un nouveau v\u00e9hicule conforme, avec des d\u00e9lais de livraison importants.<\/li>\n<\/ul>\n<p><strong>Calendrier pr\u00e9visionnel<\/strong><\/p>\n<p>Pour l\u2019instant, Nantes M\u00e9tropole n\u2019a pas annonc\u00e9 d\u2019interdiction concernant les voitures particuli\u00e8res dans la ZFE.<\/p>\n<h3><span class=\"ez-toc-section\" id=\"CritAir_a_Strasbourg_en_2026\"><\/span>Crit\u2019Air \u00e0 Strasbourg en 2026<span class=\"ez-toc-section-end\"><\/span><\/h3>\n<p>Depuis le 1er janvier 2025, les v\u00e9hicules Crit&rsquo;Air 4, Crit&rsquo;Air 5 et non class\u00e9s sont interdits de circulation dans la ZFE strasbourgeoise, tous les jours, \u00e0 toute heure.<strong><br \/>\n<\/strong><\/p>\n<p><strong>P\u00e9rim\u00e8tre d\u2019application de Crit\u2019Air<\/strong><\/p>\n<p>La ZFE de Strasbourg est l&rsquo;une des plus \u00e9tendues de France. Elle couvre l&rsquo;ensemble des 33 communes de l&rsquo;Eurom\u00e9tropole de Strasbourg.<\/p>\n<p>Quelques axes autoroutiers en sont toutefois exclus, afin de permettre aux v\u00e9hicules en transit de contourner la zone par le nord et le sud : l&rsquo;A4 et l&rsquo;A35 au nord de l&rsquo;\u00e9changeur A4\/A35 \u00e0 Vendenheim, ainsi que la M35 jusqu&rsquo;\u00e0 l&rsquo;\u00e9changeur n\u00b010 de Geispolsheim.<\/p>\n<p><strong>V\u00e9hicules motoris\u00e9s soumis \u00e0 restriction de circulation \u00e0 Strasbourg<\/strong><\/p>\n<p>Depuis le 1<sup>er<\/sup> janvier 2025, les v\u00e9hicules class\u00e9s Crit\u2019Air 4 (v\u00e9hicules diesel immatricul\u00e9s entre\u00a02001 et\u00a02005), Crit\u2019Air 5\u00a0(v\u00e9hicules diesel immatricul\u00e9s entre\u00a01997 et\u00a02000) et \u00ab\u00a0non class\u00e9s\u00a0\u00bb ne peuvent plus circuler dans la ZFE strasbourgeoise.<\/p>\n<p><strong>Horaires d\u2019interdiction de circuler<\/strong><\/p>\n<p>Dans la ZFE de Strasbourg, les v\u00e9hicules motoris\u00e9s de classe Crit\u2019Air 4 et Crit\u2019Air 5, ainsi que les \u00ab non class\u00e9s \u00bb, sont interdits de circulation 24 heures sur 24 et 7 jours sur 7.<\/p>\n<p><strong>D\u00e9rogations locales<\/strong><\/p>\n<p>L&rsquo;Eurom\u00e9tropole de Strasbourg a instaur\u00e9 des d\u00e9rogations individuelles locales \u00e0 la r\u00e9glementation li\u00e9e \u00e0 la vignette Crit\u2019Air :<\/p>\n<ul>\n<li>Pass ZFE 24 heures (sur demande)<strong>\u00a0: <\/strong>utilisable jusqu&rsquo;\u00e0 24 fois par an, il permet de circuler dans le p\u00e9rim\u00e8tre de la zone pendant 24 heures cons\u00e9cutives, dans la limite de 24 jours par an\u00a0;<\/li>\n<li>d\u00e9rogations temporaires (sur pr\u00e9sentation d\u2019un justificatif) : octroy\u00e9es pour une dur\u00e9e maximale de trois ans, elles concernent notamment les v\u00e9hicules d&rsquo;approvisionnement des march\u00e9s, les v\u00e9hicules sp\u00e9cialement am\u00e9nag\u00e9s pour le transport d&rsquo;animaux vivants dans le cadre d&rsquo;une activit\u00e9 \u00e9conomique ou sportive ou encore les v\u00e9hicules affect\u00e9s au transport de marchandises dangereuses.<\/li>\n<\/ul>\n<p><strong>Calendrier pr\u00e9visionnel<\/strong><\/p>\n<p>L\u2019interdiction d\u00e9finitive des v\u00e9hicules Crit&rsquo;Air 3 dans la ZFE strasbourgeoise est act\u00e9e pour d\u00e9but 2027.<\/p>\n<h3><span class=\"ez-toc-section\" id=\"CritAir_a_Bordeaux_en_2026\"><\/span>Crit\u2019Air \u00e0 Bordeaux en 2026<span class=\"ez-toc-section-end\"><\/span><\/h3>\n<p>Bordeaux applique l\u2019une des r\u00e9glementations les plus souples parmi les grandes m\u00e9tropoles fran\u00e7aises. Seuls les v\u00e9hicules non class\u00e9s &#8211; trop anciens pour obtenir une vignette Crit&rsquo;Air &#8211; sont interdits dans la zone intra-rocade, tous les jours et \u00e0 toute heure.<\/p>\n<p><strong>P\u00e9rim\u00e8tre d\u2019application de Crit\u2019Air<\/strong><\/p>\n<p>La ZFE bordelaise correspond \u00e0 toute la zone int\u00e9rieure \u00e0 la rocade (ou \u00ab intra-rocade \u00bb). La r\u00e9glementation s\u2019applique donc \u00e0 la quasi-totalit\u00e9 de la commune de Bordeaux, ainsi qu\u2019\u00e0 plusieurs communes de la m\u00e9tropole situ\u00e9es \u00e0 l\u2019int\u00e9rieur de cette rocade.<\/p>\n<p>La rocade elle-m\u00eame n\u2019est pas incluse dans la zone soumise aux restrictions Crit\u2019Air. Elle reste donc accessible \u00e0 tous les v\u00e9hicules motoris\u00e9s.<\/p>\n<p><strong>V\u00e9hicules motoris\u00e9s soumis \u00e0 restriction de circulation \u00e0 Bordeaux<\/strong><\/p>\n<p>\u00c0 Bordeaux, seuls les v\u00e9hicules dits \u00ab non class\u00e9s \u00bb (ceux qui ne peuvent pas obtenir de vignette Crit&rsquo;Air) sont interdits de circulation et de stationnement dans la zone intra-rocade.<\/p>\n<p>Cela concerne\u00a0:<\/p>\n<ul>\n<li>les voitures particuli\u00e8res (essence et diesel) immatricul\u00e9es avant le 1<sup>er<\/sup> janvier 1997 ;<\/li>\n<li>les utilitaires l\u00e9gers (essence et diesel) immatricul\u00e9s avant le 1<sup>er<\/sup> octobre 1997 ;<\/li>\n<li>les poids lourds, bus et cars (essence et diesel) immatricul\u00e9s avant le 1<sup>er<\/sup> octobre 2001 ;<\/li>\n<li>les deux-roues motoris\u00e9s immatricul\u00e9s avant le 1<sup>er<\/sup> juin 2000.<\/li>\n<\/ul>\n<p>Aucune interdiction permanente de circulation ne s\u2019applique encore aux autres v\u00e9hicules motoris\u00e9s \u00e0 Bordeaux en dehors des \u00e9pisodes de pollution. Les 100% \u00e9lectriques, \u00e0 hydrog\u00e8ne, ainsi que ceux class\u00e9s du Crit&rsquo;Air 1 \u00e0 5, peuvent donc y circuler et y stationner librement.<\/p>\n<p>\ud83d\udccc \u00c0 noter : m\u00eame pour les v\u00e9hicules autoris\u00e9s \u00e0 circuler, l\u2019affichage de la vignette Crit&rsquo;Air sur le pare-brise reste obligatoire dans la zone intra-rocade.<\/p>\n<p><strong>Horaires d\u2019interdiction de circuler<\/strong><\/p>\n<p>Dans la ZFE de Bordeaux, la mesure d\u2019interdiction des v\u00e9hicules non class\u00e9s s\u2019applique 24 heures sur 24 et 7 jours sur 7.<\/p>\n<p><strong>D\u00e9rogations locales<\/strong><\/p>\n<p>La demande de d\u00e9rogation individuelle \u00e0 Bordeaux concerne les v\u00e9hicules non class\u00e9s. Il peut s\u2019agir :<\/p>\n<ul>\n<li>d\u2019une une d\u00e9rogation temporaire, d&rsquo;une dur\u00e9e maximale de trois ans (sur pr\u00e9sentation de justificatifs) ;<\/li>\n<li><span style=\"background-color: transparent;letter-spacing: 0em\">du Pass ZFE 24 heures, qui donne droit \u00e0 stationner et circuler librement dans l\u2019intra-rocade pendant 24 heures (il peut \u00eatre sollicit\u00e9 jusqu\u2019\u00e0 24 fois par an maximum).<\/span><\/li>\n<\/ul>\n<p><strong>Calendrier pr\u00e9visionnel<\/strong><\/p>\n<p>L&rsquo;extension des restrictions \u00e0 d&rsquo;autres cat\u00e9gories Crit&rsquo;Air n\u2019est pas envisag\u00e9e \u00e0 cette heure.<\/p>\n<h3><span class=\"ez-toc-section\" id=\"CritAir_a_Toulouse_en_2026\"><\/span>Crit\u2019Air \u00e0 Toulouse en 2026<span class=\"ez-toc-section-end\"><\/span><\/h3>\n<p>Depuis le 1er janvier 2023, les v\u00e9hicules Crit&rsquo;Air 4, 5 et non class\u00e9s sont interdits de circulation et de stationnement dans la ZFE de Toulouse, sans restriction horaire ni distinction entre jours de la semaine et week-end.<\/p>\n<p><strong>P\u00e9rim\u00e8tre d\u2019application de Crit\u2019Air<\/strong><\/p>\n<p>Le p\u00e9rim\u00e8tre li\u00e9 \u00e0 la r\u00e9glementation Crit\u2019Air couvre la commune de Toulouse \u00e0 l\u2019int\u00e9rieur de la rocade, c\u2019est-\u00e0-dire le secteur d\u00e9limit\u00e9 par le p\u00e9riph\u00e9rique toulousain (A620 \/ A61 \/ A62 \/ A64). Une partie du p\u00e9riph\u00e9rique Ouest et de la route d\u2019Auch (A624) y sont incluses.<\/p>\n<p>La rocade \u00ab ext\u00e9rieure \u00bb elle-m\u00eame n\u2019est pas concern\u00e9e par les interdictions de circulation, soit la rocade Est, la rocade Arc-en-Ciel, le Fil d\u2019Ariane, les autoroutes A68, A62, A620, A621, A624, A64 et A61.<\/p>\n<p><strong>V\u00e9hicules motoris\u00e9s soumis \u00e0 restriction de circulation \u00e0 Toulouse<\/strong><\/p>\n<p>Depuis le 1<sup>er<\/sup> janvier 2023, tous les v\u00e9hicules motoris\u00e9s Crit\u2019Air 4, 5 et non class\u00e9s sont interdits de circulation et de stationnement dans la zone environnementale de Toulouse.<\/p>\n<p>Concr\u00e8tement, cela concerne les diesels immatricul\u00e9s avant le 1<sup>er<\/sup> juillet 2004 et les v\u00e9hicules trop anciens pour obtenir une vignette (immatricul\u00e9s avant le 31 d\u00e9cembre 1996).<\/p>\n<p><strong>Horaires d\u2019interdiction de circuler<\/strong><\/p>\n<p>Pour les v\u00e9hicules jug\u00e9s trop polluants, les restrictions de circulation \u00e0 Toulouse s\u2019appliquent en continu, 7 jours sur 7 et 24 heures sur 24, sans cr\u00e9neaux horaires ni distinction entre jours de semaine et week-end.<\/p>\n<p><strong>D\u00e9rogations locales<\/strong><\/p>\n<p>Plusieurs dispositifs d\u00e9rogatoires permettent aux v\u00e9hicules interdits de circuler \u00e0 Toulouse dans certaines conditions :<\/p>\n<ul>\n<li>le \u00ab pass petit rouleur \u00bb (sur demande) : il permet de circuler dans la zone jusqu&rsquo;\u00e0 52 jours par an pendant trois ans maximum, quelle que soit la vignette Crit&rsquo;Air du v\u00e9hicule ;<\/li>\n<li>des d\u00e9rogations temporaires, disponibles pour certains v\u00e9hicules sp\u00e9cifiques (commer\u00e7ants ambulants, b\u00e9tonni\u00e8res\u2026) ;<\/li>\n<li>des d\u00e9rogations prolong\u00e9es, accord\u00e9es aux professionnels exer\u00e7ant des activit\u00e9s essentielles.<\/li>\n<\/ul>\n<p><strong>Calendrier pr\u00e9visionnel<\/strong><\/p>\n<p>Pour l\u2019instant, Toulouse M\u00e9tropole n\u2019a pas annonc\u00e9 de restriction de circulation des v\u00e9hicules motoris\u00e9s Crit\u2019Air 3. Ils restent autoris\u00e9s \u00e0 circuler dans la ZFE de Toulouse.<\/p>\n<h3><span class=\"ez-toc-section\" id=\"CritAir_a_Lille_en_2026\"><\/span>Crit\u2019Air \u00e0 Lille en 2026<span class=\"ez-toc-section-end\"><\/span><\/h3>\n<p>\u00c0 Lille, l&rsquo;application de la r\u00e9glementation ZFE est minimale. Seuls les v\u00e9hicules non class\u00e9s &#8211; immatricul\u00e9s avant 1997 pour les voitures &#8211; sont interdits de circulation depuis le 1er janvier 2025, \u00e0 toute heure et sans distinction de jour.<\/p>\n<p><strong>P\u00e9rim\u00e8tre d\u2019application de Crit\u2019Air<\/strong><\/p>\n<p>La ville de Lille fait partie de la zone \u00e0 faibles \u00e9missions mobilit\u00e9 de la M\u00e9tropole europ\u00e9enne de Lille (MEL), qui s\u2019applique aux 95 communes de la MEL et aux axes routiers situ\u00e9s \u00e0 l\u2019int\u00e9rieur de ce p\u00e9rim\u00e8tre : A1, A25, A22, A27, A23, N227, N356, N41, N47.<\/p>\n<p>La r\u00e9glementation Crit\u2019Air s\u2019applique dans toute la commune de Lille, ainsi qu\u2019\u00e0 Lomme et Hellemmes (deux communes administrativement int\u00e9gr\u00e9es \u00e0 la ville de Lille).<\/p>\n<p><strong>V\u00e9hicules motoris\u00e9s soumis \u00e0 restriction de circulation\u00a0\u00e0 Lille<\/strong><\/p>\n<p>\u00c0 Lille, seuls les v\u00e9hicules non class\u00e9s ne sont plus autoris\u00e9s \u00e0 circuler depuis le 1<sup>er<\/sup> janvier 2025. Il s\u2019agit\u00a0:<\/p>\n<ul>\n<li>des voitures particuli\u00e8res immatricul\u00e9es avant le 1<sup>er<\/sup> janvier 1997 ;<\/li>\n<li>des v\u00e9hicules utilitaires l\u00e9gers immatricul\u00e9s avant le 1<sup>er<\/sup> octobre 1997 ;<\/li>\n<li>des poids lourds immatricul\u00e9s avant le 1<sup>er<\/sup> octobre 2001 ;<\/li>\n<li>des deux-roues immatricul\u00e9s avant le 1<sup>er<\/sup> juin 2000.<\/li>\n<\/ul>\n<p>\ud83d\udccc Pour l\u2019ensemble des v\u00e9hicules, la vignette Crit\u2019Air est obligatoire pour circuler dans toute la ville de Lille.<\/p>\n<p><strong>Horaires d\u2019interdiction de circuler<\/strong><\/p>\n<p>Dans la ZFE de Lille, la mesure d\u2019interdiction des v\u00e9hicules non class\u00e9s s\u2019applique sans cr\u00e9neaux horaires sp\u00e9cifiques (24 heures sur 24 et 7 jours sur 7).<\/p>\n<p><strong>D\u00e9rogations locales<\/strong><\/p>\n<p>Deux d\u00e9rogations sp\u00e9cifiques ont \u00e9t\u00e9 mises en place par la MEL pour les particuliers conducteurs de v\u00e9hicules non class\u00e9s (sur demande) :<\/p>\n<ul>\n<li>un pass \u00ab petit rouleur \u00bb, pour les automobilistes ne d\u00e9passant pas 8.000 kilom\u00e8tres par an ;<\/li>\n<li>une d\u00e9rogation pour les d\u00e9tenteurs d&rsquo;une carte \u00ab Pass Pass \u00bb avec un abonnement mensuel ou annuel.<\/li>\n<\/ul>\n<p><strong>Calendrier pr\u00e9visionnel<\/strong><\/p>\n<p>Pour l\u2019instant, la m\u00e9tropole lilloise a choisi une application minimale du dispositif, en se limitant \u00e0 l\u2019interdiction des v\u00e9hicules non class\u00e9s.<\/p>\n<h3><span class=\"ez-toc-section\" id=\"Regles_CritAir_par_ville_en_2026_tableau_recapitulatif\"><\/span>R\u00e8gles Crit&rsquo;Air par ville en 2026 : tableau r\u00e9capitulatif<span class=\"ez-toc-section-end\"><\/span><\/h3>\n<p>Le tableau suivant synth\u00e9tise les principales r\u00e8gles en vigueur dans sept grandes villes fran\u00e7aises : v\u00e9hicules interdits, horaires et d\u00e9rogations accord\u00e9es.<\/p>\n<div id=\"tablepress-509-scroll-wrapper\" class=\"tablepress-scroll-wrapper\">\n\n<table id=\"tablepress-509\" class=\"tablepress tablepress-id-509 tablepress-responsive\">\n<thead>\n<tr class=\"row-1 odd\">\n\t<th class=\"column-1\"><strong>Ville<\/strong><\/th><th class=\"column-2\"><strong>V\u00e9hicules interdits<\/strong><\/th><th class=\"column-3\"><strong>Horaires d\u2019application<\/strong><\/th><th class=\"column-4\"><strong>D\u00e9rogations locales<\/strong><\/th>\n<\/tr>\n<\/thead>\n<tbody class=\"row-hover\">\n<tr class=\"row-2 even\">\n\t<td class=\"column-1\"><strong>Paris<\/strong><\/td><td class=\"column-2\">- Crit'Air 3<br \/>\n- Crit\u2019Air 4<br \/>\n- Crit\u2019Air 5<br \/>\n- V\u00e9hicules non class\u00e9s<\/td><td class=\"column-3\">Lundi \u00e0 vendredi, de 8 heures \u00e0 20 heures (v\u00e9hicules particuliers, v\u00e9hicules utilitaires l\u00e9gers, deux-roues, tricycles et quadricycles)<br \/>\n<br \/>\n7j\/7, entre 8 heures et 20 heures (poids lourds, autocars, bus)<\/td><td class=\"column-4\">Pass ZFE 24 heures<\/td>\n<\/tr>\n<tr class=\"row-3 odd\">\n\t<td class=\"column-1\"><strong>Lyon<\/strong><\/td><td class=\"column-2\">- Crit'Air 3<br \/>\n- Crit\u2019Air 4<br \/>\n- Crit\u2019Air 5<br \/>\n- V\u00e9hicules non class\u00e9s<\/td><td class=\"column-3\">7j\/7 et 24h\/24<\/td><td class=\"column-4\">- \u00ab horaires d\u00e9cal\u00e9s \u00bb<br \/>\n- \u00a0\u00ab actifs Crit\u2019Air 3 \u00bb<br \/>\n- \u00a0\u00ab petit rouleur \u00bb<br \/>\n- \u00a0d\u00e9lais de livraison rallong\u00e9s<\/td>\n<\/tr>\n<tr class=\"row-4 even\">\n\t<td class=\"column-1\"><strong>Nantes<\/strong><\/td><td class=\"column-2\">- Crit\u2019Air 4<br \/>\n- Crit\u2019Air 5<br \/>\n- V\u00e9hicules non class\u00e9s (utilitaires et poids lourds uniquement)<\/td><td class=\"column-3\">Lundi au vendredi (hors jours f\u00e9ri\u00e9s), de 7 heures \u00e0 9 heures et de 16 heures \u00e0 19 heures<\/td><td class=\"column-4\">- \u00ab horaires d\u00e9cal\u00e9s \u00bb<br \/>\n- d\u00e9rogations temporaires (soutien aux activit\u00e9s solidaires, aux entreprises en difficult\u00e9, etc.)<br \/>\n- d\u00e9lais de livraison rallong\u00e9s<\/td>\n<\/tr>\n<tr class=\"row-5 odd\">\n\t<td class=\"column-1\"><strong>Strasbourg<\/strong><\/td><td class=\"column-2\">- Crit\u2019Air 4<br \/>\n- Crit\u2019Air 5<br \/>\n- V\u00e9hicules non class\u00e9s<\/td><td class=\"column-3\">7j\/7 et 24h\/24<\/td><td class=\"column-4\">- Pass ZFE 24 heures<br \/>\n- D\u00e9rogations temporaires<\/td>\n<\/tr>\n<tr class=\"row-6 even\">\n\t<td class=\"column-1\"><strong>Bordeaux<\/strong><\/td><td class=\"column-2\">V\u00e9hicules non class\u00e9s<\/td><td class=\"column-3\">7j\/7 et 24h\/24<\/td><td class=\"column-4\">- Pass ZFE 24 heures<br \/>\n- D\u00e9rogation temporaire<\/td>\n<\/tr>\n<tr class=\"row-7 odd\">\n\t<td class=\"column-1\"><strong>Toulouse<\/strong><\/td><td class=\"column-2\">- Crit\u2019Air 4<br \/>\n- Crit\u2019Air 5<br \/>\n- V\u00e9hicules non class\u00e9s<\/td><td class=\"column-3\">7j\/7 et 24h\/24<\/td><td class=\"column-4\">- \u00ab pass petit rouleur \u00bb<br \/>\n- d\u00e9rogations temporaires<br \/>\n- d\u00e9rogations prolong\u00e9es<\/td>\n<\/tr>\n<tr class=\"row-8 even\">\n\t<td class=\"column-1\"><strong>Lille<\/strong><\/td><td class=\"column-2\">V\u00e9hicules non class\u00e9s<\/td><td class=\"column-3\">7j\/7 et 24h\/24<\/td><td class=\"column-4\">- pass \u00ab petit rouleur \u00bb<br \/>\n- d\u00e9tenteurs d'une carte \u00ab Pass Pass \u00bb<\/td>\n<\/tr>\n<\/tbody>\n<\/table>\n\n<\/div><!-- #tablepress-509 from cache -->\n<p><em>Sources\u00a0: ZFE, Toutsurmesfinances.com<\/em><\/p>\n<h2><span class=\"ez-toc-section\" id=\"Amendes_et_controles_ce_que_lon_risque\"><\/span>Amendes et contr\u00f4les : ce que l\u2019on risque<span class=\"ez-toc-section-end\"><\/span><\/h2>\n<h3><span class=\"ez-toc-section\" id=\"Absence_de_vignette_ou_classe_interdite\"><\/span>Absence de vignette ou classe interdite<span class=\"ez-toc-section-end\"><\/span><\/h3>\n<p>Circuler dans une ZFE sans vignette Crit&rsquo;Air, ou avec une vignette correspondant \u00e0 une classe interdite, constitue une infraction au Code de la route (article R411-19-1). Les sanctions sont les suivantes :<\/p>\n<ul>\n<li>68 euros d\u2019amende forfaitaire pour les voitures particuli\u00e8res, deux-roues et utilitaires l\u00e9gers ;<\/li>\n<li>135 euros d\u2019amende forfaitaire pour les poids lourds, bus et autocars.<\/li>\n<\/ul>\n<p>L\u2019infraction peut \u00e9galement entra\u00eener l&rsquo;immobilisation du v\u00e9hicule et sa mise en fourri\u00e8re. Aucun point de permis n&rsquo;est retir\u00e9.<\/p>\n<p><strong>Contr\u00f4les et verbalisations : la situation ville par ville<\/strong><\/p>\n<p>Dans la pratique, la situation est tr\u00e8s contrast\u00e9e selon les villes :<\/p>\n<ul>\n<li>Paris : p\u00e9riode p\u00e9dagogique prolong\u00e9e, pas de verbalisation avant janvier 2027 ;<\/li>\n<li>Lyon : verbalisation des Crit&rsquo;Air 3 \u00e0 partir du 1<sup>er<\/sup> juillet 2026\u00a0;<\/li>\n<li>Grenoble : verbalisation effective pour Crit&rsquo;Air 4, Crit\u2019Air 5 et les v\u00e9hicules non class\u00e9s, p\u00e9dagogie pour Crit&rsquo;Air 3 jusqu&rsquo;au 30 juin 2026 ;<\/li>\n<li>Nantes, Toulouse, Bordeaux, Lille : approche p\u00e9dagogique.<\/li>\n<\/ul>\n<h3><span class=\"ez-toc-section\" id=\"Majorations_possibles\"><\/span>Majorations possibles<span class=\"ez-toc-section-end\"><\/span><\/h3>\n<p>En cas de non-paiement dans les d\u00e9lais, l\u2019amende de 68 euros peut \u00eatre major\u00e9e \u00e0 180 euros. Un r\u00e8glement rapide permet de la minorer \u00e0 45 euros.<\/p>\n<p>Pour les poids lourds et transports collectifs, l&rsquo;amende de 135 euros peut \u00eatre major\u00e9e jusqu&rsquo;\u00e0 375 euros en cas de non-paiement.<\/p>\n<h2><span class=\"ez-toc-section\" id=\"Cas_pratiques\"><\/span>Cas pratiques<span class=\"ez-toc-section-end\"><\/span><\/h2>\n<h3><span class=\"ez-toc-section\" id=\"Vehicule_immatricule_a_letranger\"><\/span>V\u00e9hicule immatricul\u00e9 \u00e0 l\u2019\u00e9tranger<span class=\"ez-toc-section-end\"><\/span><\/h3>\n<p>Les v\u00e9hicules immatricul\u00e9s \u00e0 l\u2019\u00e9tranger doivent eux aussi respecter les r\u00e8gles de circulation dans les zones \u00e0 faibles \u00e9missions lorsqu\u2019ils circulent dans une ville fran\u00e7aise concern\u00e9e. Les conducteurs doivent donc se procurer une vignette Crit\u2019Air, m\u00eame pour un s\u00e9jour temporaire en France.<\/p>\n<p>Sans vignette, un v\u00e9hicule \u00e9tranger est consid\u00e9r\u00e9 comme non class\u00e9. Cela peut entra\u00eener une interdiction de circulation dans certaines ZFE et exposer le conducteur \u00e0 une amende en cas de contr\u00f4le.<\/p>\n<h3><span class=\"ez-toc-section\" id=\"Que_faire_si_je_nai_pas_encore_recu_la_vignette\"><\/span>Que faire si je n\u2019ai pas encore re\u00e7u la vignette ?<span class=\"ez-toc-section-end\"><\/span><\/h3>\n<p>Apr\u00e8s avoir command\u00e9 une vignette Crit\u2019Air, le conducteur re\u00e7oit g\u00e9n\u00e9ralement un justificatif provisoire par courrier \u00e9lectronique. Ce document peut \u00eatre utilis\u00e9 temporairement pour circuler l\u00e9galement dans les ZFE, en attendant la r\u00e9ception de la vignette d\u00e9finitive.<\/p>\n<p>En cas de contr\u00f4le : pr\u00e9senter le justificatif. Il atteste que la demande de vignette a bien \u00e9t\u00e9 effectu\u00e9e.<\/p>\n<h3><span class=\"ez-toc-section\" id=\"Pare-brise_remplace_que_faire\"><\/span>Pare-brise remplac\u00e9 : que faire ?<span class=\"ez-toc-section-end\"><\/span><\/h3>\n<p>La vignette Crit\u2019Air \u00e9tant coll\u00e9e sur le pare-brise, elle est g\u00e9n\u00e9ralement d\u00e9truite lors du remplacement de celui-ci.<\/p>\n<p>En cas de bris de pare-brise, le conducteur doit imp\u00e9rativement en commander une nouvelle en ligne, m\u00eame si le v\u00e9hicule poss\u00e8de d\u00e9j\u00e0 une classification.<\/p>\n<p>Une fois la nouvelle vignette Crit\u2019Air re\u00e7ue, elle doit \u00eatre appos\u00e9e \u00e0 l&rsquo;int\u00e9rieur du nouveau pare-brise, en bas \u00e0 droite, lisible de l&rsquo;ext\u00e9rieur.<\/p>\n<h2><span class=\"ez-toc-section\" id=\"FAQ_Vignette_CritAir_dans_les_grandes_villes\"><\/span>FAQ Vignette Crit\u2019Air dans les grandes villes<span class=\"ez-toc-section-end\"><\/span><\/h2>\n\n<h3><span class=\"ez-toc-section\" id=\"Peut-on_contester_une_amende_liee_a_la_vignette_CritAir\"><\/span>Peut-on contester une amende li\u00e9e \u00e0 la vignette Crit\u2019Air ?<span class=\"ez-toc-section-end\"><\/span><\/h3>\n<p>Il est possible de contester une amende li\u00e9e \u00e0 la vignette Crit\u2019Air, comme pour toute contravention routi\u00e8re.<\/p>\n<p>La contestation doit \u00eatre effectu\u00e9e dans les d\u00e9lais indiqu\u00e9s sur l\u2019avis de contravention. Le conducteur doit alors apporter des \u00e9l\u00e9ments justifiant sa contestation.<\/p>\n<p><strong>Important : <\/strong>contester ne suspend pas automatiquement le paiement de l\u2019amende. Pour \u00e9viter une majoration, il est indispensable de respecter scrupuleusement la proc\u00e9dure indiqu\u00e9e sur l&rsquo;avis de contravention.<\/p>\n\n\n<h3><span class=\"ez-toc-section\" id=\"Les_visiteurs_de_passage_sont-ils_soumis_aux_memes_regles_que_les_residents\"><\/span>Les visiteurs de passage sont-ils soumis aux m\u00eames r\u00e8gles que les r\u00e9sidents ?<span class=\"ez-toc-section-end\"><\/span><\/h3>\n<p>Les r\u00e8gles li\u00e9es \u00e0 la vignette Crit\u2019Air s\u2019appliquent \u00e0 tous les conducteurs, qu\u2019ils r\u00e9sident dans la ville concern\u00e9e ou qu\u2019ils soient simplement de passage.<\/p>\n<p>Ainsi, un visiteur occasionnel (conducteur d\u2019une autre r\u00e9gion ou de l\u2019\u00e9tranger, par exemple) doit obligatoirement disposer d\u2019une vignette Crit\u2019Air valide et respecter les restrictions de circulation en vigueur dans la ville concern\u00e9e. \u00c0 d\u00e9faut, il s\u2019expose aux m\u00eames sanctions que les habitants.<\/p>\n\n\n<h3><span class=\"ez-toc-section\" id=\"Les_restrictions_changent-elles_en_cas_dalerte_pollution\"><\/span>Les restrictions changent-elles en cas d&rsquo;alerte pollution ?<span class=\"ez-toc-section-end\"><\/span><\/h3>\n<p>En cas de pic de pollution, les autorit\u00e9s peuvent mettre en place des mesures de circulation diff\u00e9renci\u00e9e, souvent plus strictes que les r\u00e8gles habituelles de la ZFE.<strong><br \/>\n<\/strong><br \/>\nDans ce cas, seuls les v\u00e9hicules les moins polluants sont autoris\u00e9s \u00e0 circuler, m\u00eame en dehors des zones \u00e0 faibles \u00e9missions. Ces mesures sont d\u00e9cid\u00e9es par le pr\u00e9fet, qui fixe les modalit\u00e9s exactes (p\u00e9rim\u00e8tre, cat\u00e9gories de v\u00e9hicules autoris\u00e9es, horaires). Elles s\u2019appliquent g\u00e9n\u00e9ralement pour une dur\u00e9e limit\u00e9e, le temps que la qualit\u00e9 de l\u2019air s\u2019am\u00e9liore.<\/p>\n\n<script type=\"application\/ld+json\">{\"@context\":\"https:\/\/schema.org\",\"@type\":\"FAQPage\",\"mainEntity\":[{\"@type\":\"Question\",\"name\":\"Peut-on contester une amende li\\u00e9e \\u00e0 la vignette Crit\\u2019Air ?\",\"acceptedAnswer\":{\"@type\":\"Answer\",\"text\":\"Il est possible de contester une amende li\\u00e9e \\u00e0 la vignette Crit\\u2019Air, comme pour toute contravention routi\\u00e8re.\\nLa contestation doit \\u00eatre effectu\\u00e9e dans les d\\u00e9lais indiqu\\u00e9s sur l\\u2019avis de contravention. Le conducteur doit alors apporter des \\u00e9l\\u00e9ments justifiant sa contestation.\\nImportant : contester ne suspend pas automatiquement le paiement de l\\u2019amende. Pour \\u00e9viter une majoration, il est indispensable de respecter scrupuleusement la proc\\u00e9dure indiqu\\u00e9e sur l&rsquo;avis de contravention.\"}},{\"@type\":\"Question\",\"name\":\"Les visiteurs de passage sont-ils soumis aux m\\u00eames r\\u00e8gles que les r\\u00e9sidents ?\",\"acceptedAnswer\":{\"@type\":\"Answer\",\"text\":\"Les r\\u00e8gles li\\u00e9es \\u00e0 la vignette Crit\\u2019Air s\\u2019appliquent \\u00e0 tous les conducteurs, qu\\u2019ils r\\u00e9sident dans la ville concern\\u00e9e ou qu\\u2019ils soient simplement de passage.\\nAinsi, un visiteur occasionnel (conducteur d\\u2019une autre r\\u00e9gion ou de l\\u2019\\u00e9tranger, par exemple) doit obligatoirement disposer d\\u2019une vignette Crit\\u2019Air valide et respecter les restrictions de circulation en vigueur dans la ville concern\\u00e9e. \\u00c0 d\\u00e9faut, il s\\u2019expose aux m\\u00eames sanctions que les habitants.\"}},{\"@type\":\"Question\",\"name\":\"Les restrictions changent-elles en cas d&rsquo;alerte pollution ?\",\"acceptedAnswer\":{\"@type\":\"Answer\",\"text\":\"En cas de pic de pollution, les autorit\\u00e9s peuvent mettre en place des mesures de circulation diff\\u00e9renci\\u00e9e, souvent plus strictes que les r\\u00e8gles habituelles de la ZFE.\\n\\nDans ce cas, seuls les v\\u00e9hicules les moins polluants sont autoris\\u00e9s \\u00e0 circuler, m\\u00eame en dehors des zones \\u00e0 faibles \\u00e9missions. Ces mesures sont d\\u00e9cid\\u00e9es par le pr\\u00e9fet, qui fixe les modalit\\u00e9s exactes (p\\u00e9rim\\u00e8tre, cat\\u00e9gories de v\\u00e9hicules autoris\\u00e9es, horaires). Elles s\\u2019appliquent g\\u00e9n\\u00e9ralement pour une dur\\u00e9e limit\\u00e9e, le temps que la qualit\\u00e9 de l\\u2019air s\\u2019am\\u00e9liore.\"}}]}<\/script>\n","protected":false},"excerpt":{"rendered":"<p>La vignette Crit\u2019Air conditionne la circulation des v\u00e9hicules motoris\u00e9s dans plusieurs grandes villes fran\u00e7aises. En 2026, chaque m\u00e9tropole applique ses propres restrictions dans les zones \u00e0 faibles \u00e9missions (ZFE). Voici l\u2019essentiel des r\u00e8gles et des amendes en vigueur.<\/p>\n","protected":false},"author":13719,"featured_media":22475,"comment_status":"closed","ping_status":"closed","sticky":false,"template":"","format":"standard","meta":{"footnotes":""},"categories":[30],"tags":[],"class_list":["post-23164","post","type-post","status-publish","format-standard","has-post-thumbnail","hentry","category-budget"],"acf":[],"yoast_head":"<!-- This site is optimized with the Yoast SEO plugin v24.9 - https:\/\/yoast.com\/wordpress\/plugins\/seo\/ -->\n<title>Crit\u2019Air 2026 : restrictions et amendes par ville<\/title>\n<meta name=\"description\" content=\"Paris, Lyon, Toulouse\u2026 Quelles vignettes Crit&#039;Air sont interdites dans votre ville en 2026 ? Horaires, p\u00e9rim\u00e8tres et montant des amendes.\" \/>\n<meta name=\"robots\" content=\"index, follow, max-snippet:-1, max-image-preview:large, max-video-preview:-1\" \/>\n<link rel=\"canonical\" href=\"https:\/\/www.toutsurmesfinances.com\/argent\/a\/regles-de-la-vignette-critair-restrictions-et-amendes-par-ville\" \/>\n<meta property=\"og:locale\" content=\"fr_FR\" \/>\n<meta property=\"og:type\" content=\"article\" \/>\n<meta property=\"og:title\" content=\"Crit\u2019Air 2026 : restrictions et amendes par ville\" \/>\n<meta property=\"og:description\" content=\"Paris, Lyon, Toulouse\u2026 Quelles vignettes Crit&#039;Air sont interdites dans votre ville en 2026 ? Horaires, p\u00e9rim\u00e8tres et montant des amendes.\" \/>\n<meta property=\"og:url\" content=\"https:\/\/www.toutsurmesfinances.com\/argent\/a\/regles-de-la-vignette-critair-restrictions-et-amendes-par-ville\" \/>\n<meta property=\"og:site_name\" content=\"Argent\" \/>\n<meta property=\"article:published_time\" content=\"2026-03-18T08:25:42+00:00\" \/>\n<meta property=\"article:modified_time\" content=\"2026-03-18T08:56:03+00:00\" \/>\n<meta property=\"og:image\" content=\"https:\/\/www.toutsurmesfinances.com\/argent\/wp-content\/uploads\/sites\/3\/2025\/04\/image-argent-budget.jpg\" \/>\n\t<meta property=\"og:image:width\" content=\"600\" \/>\n\t<meta property=\"og:image:height\" content=\"400\" \/>\n\t<meta property=\"og:image:type\" content=\"image\/jpeg\" \/>\n<meta name=\"author\" content=\"Loic Farge\" \/>\n<meta name=\"twitter:card\" content=\"summary_large_image\" \/>\n<meta name=\"twitter:creator\" content=\"@Toutsur\" \/>\n<meta name=\"twitter:site\" content=\"@Toutsur\" \/>\n<meta name=\"twitter:label1\" content=\"\u00c9crit par\" \/>\n\t<meta name=\"twitter:data1\" content=\"Loic Farge\" \/>\n\t<meta name=\"twitter:label2\" content=\"Dur\u00e9e de lecture estim\u00e9e\" \/>\n\t<meta name=\"twitter:data2\" content=\"18 minutes\" \/>\n<script type=\"application\/ld+json\" class=\"yoast-schema-graph\">{\"@context\":\"https:\/\/schema.org\",\"@graph\":[{\"@type\":\"Article\",\"@id\":\"https:\/\/www.toutsurmesfinances.com\/argent\/a\/regles-de-la-vignette-critair-restrictions-et-amendes-par-ville#article\",\"isPartOf\":{\"@id\":\"https:\/\/www.toutsurmesfinances.com\/argent\/a\/regles-de-la-vignette-critair-restrictions-et-amendes-par-ville\"},\"author\":{\"name\":\"Loic Farge\",\"@id\":\"https:\/\/www.toutsurmesfinances.com\/argent\/#\/schema\/person\/441d2f49b49f36caada20af210ea82db\"},\"headline\":\"R\u00e8gles de la vignette Crit\u2019Air 2026 : restrictions et amendes par ville\",\"dateModified\":\"2026-03-18T08:56:03+00:00\",\"mainEntityOfPage\":{\"@id\":\"https:\/\/www.toutsurmesfinances.com\/argent\/a\/regles-de-la-vignette-critair-restrictions-et-amendes-par-ville\"},\"wordCount\":3758,\"publisher\":{\"@id\":\"https:\/\/www.toutsurmesfinances.com\/argent\/#organization\"},\"image\":{\"@id\":\"https:\/\/www.toutsurmesfinances.com\/argent\/a\/regles-de-la-vignette-critair-restrictions-et-amendes-par-ville#primaryimage\"},\"thumbnailUrl\":\"https:\/\/www.toutsurmesfinances.com\/argent\/wp-content\/uploads\/sites\/3\/2025\/04\/image-argent-budget.jpg\",\"articleSection\":[\"Budget\"],\"inLanguage\":\"fr-FR\"},{\"@type\":\"WebPage\",\"@id\":\"https:\/\/www.toutsurmesfinances.com\/argent\/a\/regles-de-la-vignette-critair-restrictions-et-amendes-par-ville\",\"url\":\"https:\/\/www.toutsurmesfinances.com\/argent\/a\/regles-de-la-vignette-critair-restrictions-et-amendes-par-ville\",\"name\":\"Crit\u2019Air 2026 : restrictions et amendes par ville\",\"isPartOf\":{\"@id\":\"https:\/\/www.toutsurmesfinances.com\/argent\/#website\"},\"primaryImageOfPage\":{\"@id\":\"https:\/\/www.toutsurmesfinances.com\/argent\/a\/regles-de-la-vignette-critair-restrictions-et-amendes-par-ville#primaryimage\"},\"image\":{\"@id\":\"https:\/\/www.toutsurmesfinances.com\/argent\/a\/regles-de-la-vignette-critair-restrictions-et-amendes-par-ville#primaryimage\"},\"thumbnailUrl\":\"https:\/\/www.toutsurmesfinances.com\/argent\/wp-content\/uploads\/sites\/3\/2025\/04\/image-argent-budget.jpg\",\"dateModified\":\"2026-03-18T08:56:03+00:00\",\"description\":\"Paris, Lyon, Toulouse\u2026 Quelles vignettes Crit'Air sont interdites dans votre ville en 2026 ? Horaires, p\u00e9rim\u00e8tres et montant des amendes.\",\"breadcrumb\":{\"@id\":\"https:\/\/www.toutsurmesfinances.com\/argent\/a\/regles-de-la-vignette-critair-restrictions-et-amendes-par-ville#breadcrumb\"},\"inLanguage\":\"fr-FR\",\"potentialAction\":[{\"@type\":\"ReadAction\",\"target\":[\"https:\/\/www.toutsurmesfinances.com\/argent\/a\/regles-de-la-vignette-critair-restrictions-et-amendes-par-ville\"]}]},{\"@type\":\"ImageObject\",\"inLanguage\":\"fr-FR\",\"@id\":\"https:\/\/www.toutsurmesfinances.com\/argent\/a\/regles-de-la-vignette-critair-restrictions-et-amendes-par-ville#primaryimage\",\"url\":\"https:\/\/www.toutsurmesfinances.com\/argent\/wp-content\/uploads\/sites\/3\/2025\/04\/image-argent-budget.jpg\",\"contentUrl\":\"https:\/\/www.toutsurmesfinances.com\/argent\/wp-content\/uploads\/sites\/3\/2025\/04\/image-argent-budget.jpg\",\"width\":600,\"height\":400},{\"@type\":\"BreadcrumbList\",\"@id\":\"https:\/\/www.toutsurmesfinances.com\/argent\/a\/regles-de-la-vignette-critair-restrictions-et-amendes-par-ville#breadcrumb\",\"itemListElement\":[{\"@type\":\"ListItem\",\"position\":1,\"name\":\"Accueil\",\"item\":\"https:\/\/www.toutsurmesfinances.com\/argent\/\"},{\"@type\":\"ListItem\",\"position\":2,\"name\":\"Budget\",\"item\":\"https:\/\/www.toutsurmesfinances.com\/argent\/c\/budget\"},{\"@type\":\"ListItem\",\"position\":3,\"name\":\"R\u00e8gles de la vignette Crit\u2019Air 2026 : restrictions et amendes par ville\"}]},{\"@type\":\"WebSite\",\"@id\":\"https:\/\/www.toutsurmesfinances.com\/argent\/#website\",\"url\":\"https:\/\/www.toutsurmesfinances.com\/argent\/\",\"name\":\"Argent\",\"description\":\"\",\"publisher\":{\"@id\":\"https:\/\/www.toutsurmesfinances.com\/argent\/#organization\"},\"potentialAction\":[{\"@type\":\"SearchAction\",\"target\":{\"@type\":\"EntryPoint\",\"urlTemplate\":\"https:\/\/www.toutsurmesfinances.com\/argent\/?s={search_term_string}\"},\"query-input\":{\"@type\":\"PropertyValueSpecification\",\"valueRequired\":true,\"valueName\":\"search_term_string\"}}],\"inLanguage\":\"fr-FR\"},{\"@type\":\"Organization\",\"@id\":\"https:\/\/www.toutsurmesfinances.com\/argent\/#organization\",\"name\":\"Tout Sur Mes Finances\",\"url\":\"https:\/\/www.toutsurmesfinances.com\/argent\/\",\"logo\":{\"@type\":\"ImageObject\",\"inLanguage\":\"fr-FR\",\"@id\":\"https:\/\/www.toutsurmesfinances.com\/argent\/#\/schema\/logo\/image\/\",\"url\":\"https:\/\/www.toutsurmesfinances.com\/argent\/wp-content\/uploads\/sites\/3\/2021\/01\/favicon.png\",\"contentUrl\":\"https:\/\/www.toutsurmesfinances.com\/argent\/wp-content\/uploads\/sites\/3\/2021\/01\/favicon.png\",\"width\":512,\"height\":512,\"caption\":\"Tout Sur Mes Finances\"},\"image\":{\"@id\":\"https:\/\/www.toutsurmesfinances.com\/argent\/#\/schema\/logo\/image\/\"},\"sameAs\":[\"https:\/\/x.com\/Toutsur\"]},{\"@type\":\"Person\",\"@id\":\"https:\/\/www.toutsurmesfinances.com\/argent\/#\/schema\/person\/441d2f49b49f36caada20af210ea82db\",\"name\":\"Loic Farge\",\"image\":{\"@type\":\"ImageObject\",\"inLanguage\":\"fr-FR\",\"@id\":\"https:\/\/www.toutsurmesfinances.com\/argent\/#\/schema\/person\/image\/\",\"url\":\"https:\/\/secure.gravatar.com\/avatar\/d6ba1a4c295f842490f4602774c31c1d?s=96&d=mm&r=g\",\"contentUrl\":\"https:\/\/secure.gravatar.com\/avatar\/d6ba1a4c295f842490f4602774c31c1d?s=96&d=mm&r=g\",\"caption\":\"Loic Farge\"},\"description\":\"Lo\u00efc Farge est journaliste sp\u00e9cialis\u00e9 en immobilier. Il travaille chez\u00a0ToutSurMesFinances.com\u00a0depuis pr\u00e8s de 10 ans. Il couvre l\u2019ensemble des th\u00e9matiques li\u00e9es \u00e0 l\u2019immobilier : march\u00e9, financement, r\u00e9glementation, fiscalit\u00e9 et investissement locatif.\",\"sameAs\":[\"https:\/\/www.toutsurmesfinances.com\/author\/loic\",\"https:\/\/www.linkedin.com\/in\/loc-farge-4b742725\/\"]}]}<\/script>\n<!-- \/ Yoast SEO plugin. -->","yoast_head_json":{"title":"Crit\u2019Air 2026 : restrictions et amendes par ville","description":"Paris, Lyon, Toulouse\u2026 Quelles vignettes Crit'Air sont interdites dans votre ville en 2026 ? Horaires, p\u00e9rim\u00e8tres et montant des amendes.","robots":{"index":"index","follow":"follow","max-snippet":"max-snippet:-1","max-image-preview":"max-image-preview:large","max-video-preview":"max-video-preview:-1"},"canonical":"https:\/\/www.toutsurmesfinances.com\/argent\/a\/regles-de-la-vignette-critair-restrictions-et-amendes-par-ville","og_locale":"fr_FR","og_type":"article","og_title":"Crit\u2019Air 2026 : restrictions et amendes par ville","og_description":"Paris, Lyon, Toulouse\u2026 Quelles vignettes Crit'Air sont interdites dans votre ville en 2026 ? Horaires, p\u00e9rim\u00e8tres et montant des amendes.","og_url":"https:\/\/www.toutsurmesfinances.com\/argent\/a\/regles-de-la-vignette-critair-restrictions-et-amendes-par-ville","og_site_name":"Argent","article_published_time":"2026-03-18T08:25:42+00:00","article_modified_time":"2026-03-18T08:56:03+00:00","og_image":[{"width":600,"height":400,"url":"https:\/\/www.toutsurmesfinances.com\/argent\/wp-content\/uploads\/sites\/3\/2025\/04\/image-argent-budget.jpg","type":"image\/jpeg"}],"author":"Loic Farge","twitter_card":"summary_large_image","twitter_creator":"@Toutsur","twitter_site":"@Toutsur","twitter_misc":{"\u00c9crit par":"Loic Farge","Dur\u00e9e de lecture estim\u00e9e":"18 minutes"},"schema":{"@context":"https:\/\/schema.org","@graph":[{"@type":"Article","@id":"https:\/\/www.toutsurmesfinances.com\/argent\/a\/regles-de-la-vignette-critair-restrictions-et-amendes-par-ville#article","isPartOf":{"@id":"https:\/\/www.toutsurmesfinances.com\/argent\/a\/regles-de-la-vignette-critair-restrictions-et-amendes-par-ville"},"author":{"name":"Loic Farge","@id":"https:\/\/www.toutsurmesfinances.com\/argent\/#\/schema\/person\/441d2f49b49f36caada20af210ea82db"},"headline":"R\u00e8gles de la vignette Crit\u2019Air 2026 : restrictions et amendes par ville","dateModified":"2026-03-18T08:56:03+00:00","mainEntityOfPage":{"@id":"https:\/\/www.toutsurmesfinances.com\/argent\/a\/regles-de-la-vignette-critair-restrictions-et-amendes-par-ville"},"wordCount":3758,"publisher":{"@id":"https:\/\/www.toutsurmesfinances.com\/argent\/#organization"},"image":{"@id":"https:\/\/www.toutsurmesfinances.com\/argent\/a\/regles-de-la-vignette-critair-restrictions-et-amendes-par-ville#primaryimage"},"thumbnailUrl":"https:\/\/www.toutsurmesfinances.com\/argent\/wp-content\/uploads\/sites\/3\/2025\/04\/image-argent-budget.jpg","articleSection":["Budget"],"inLanguage":"fr-FR"},{"@type":"WebPage","@id":"https:\/\/www.toutsurmesfinances.com\/argent\/a\/regles-de-la-vignette-critair-restrictions-et-amendes-par-ville","url":"https:\/\/www.toutsurmesfinances.com\/argent\/a\/regles-de-la-vignette-critair-restrictions-et-amendes-par-ville","name":"Crit\u2019Air 2026 : restrictions et amendes par ville","isPartOf":{"@id":"https:\/\/www.toutsurmesfinances.com\/argent\/#website"},"primaryImageOfPage":{"@id":"https:\/\/www.toutsurmesfinances.com\/argent\/a\/regles-de-la-vignette-critair-restrictions-et-amendes-par-ville#primaryimage"},"image":{"@id":"https:\/\/www.toutsurmesfinances.com\/argent\/a\/regles-de-la-vignette-critair-restrictions-et-amendes-par-ville#primaryimage"},"thumbnailUrl":"https:\/\/www.toutsurmesfinances.com\/argent\/wp-content\/uploads\/sites\/3\/2025\/04\/image-argent-budget.jpg","dateModified":"2026-03-18T08:56:03+00:00","description":"Paris, Lyon, Toulouse\u2026 Quelles vignettes Crit'Air sont interdites dans votre ville en 2026 ? Horaires, p\u00e9rim\u00e8tres et montant des amendes.","breadcrumb":{"@id":"https:\/\/www.toutsurmesfinances.com\/argent\/a\/regles-de-la-vignette-critair-restrictions-et-amendes-par-ville#breadcrumb"},"inLanguage":"fr-FR","potentialAction":[{"@type":"ReadAction","target":["https:\/\/www.toutsurmesfinances.com\/argent\/a\/regles-de-la-vignette-critair-restrictions-et-amendes-par-ville"]}]},{"@type":"ImageObject","inLanguage":"fr-FR","@id":"https:\/\/www.toutsurmesfinances.com\/argent\/a\/regles-de-la-vignette-critair-restrictions-et-amendes-par-ville#primaryimage","url":"https:\/\/www.toutsurmesfinances.com\/argent\/wp-content\/uploads\/sites\/3\/2025\/04\/image-argent-budget.jpg","contentUrl":"https:\/\/www.toutsurmesfinances.com\/argent\/wp-content\/uploads\/sites\/3\/2025\/04\/image-argent-budget.jpg","width":600,"height":400},{"@type":"BreadcrumbList","@id":"https:\/\/www.toutsurmesfinances.com\/argent\/a\/regles-de-la-vignette-critair-restrictions-et-amendes-par-ville#breadcrumb","itemListElement":[{"@type":"ListItem","position":1,"name":"Accueil","item":"https:\/\/www.toutsurmesfinances.com\/argent\/"},{"@type":"ListItem","position":2,"name":"Budget","item":"https:\/\/www.toutsurmesfinances.com\/argent\/c\/budget"},{"@type":"ListItem","position":3,"name":"R\u00e8gles de la vignette Crit\u2019Air 2026 : restrictions et amendes par ville"}]},{"@type":"WebSite","@id":"https:\/\/www.toutsurmesfinances.com\/argent\/#website","url":"https:\/\/www.toutsurmesfinances.com\/argent\/","name":"Argent","description":"","publisher":{"@id":"https:\/\/www.toutsurmesfinances.com\/argent\/#organization"},"potentialAction":[{"@type":"SearchAction","target":{"@type":"EntryPoint","urlTemplate":"https:\/\/www.toutsurmesfinances.com\/argent\/?s={search_term_string}"},"query-input":{"@type":"PropertyValueSpecification","valueRequired":true,"valueName":"search_term_string"}}],"inLanguage":"fr-FR"},{"@type":"Organization","@id":"https:\/\/www.toutsurmesfinances.com\/argent\/#organization","name":"Tout Sur Mes Finances","url":"https:\/\/www.toutsurmesfinances.com\/argent\/","logo":{"@type":"ImageObject","inLanguage":"fr-FR","@id":"https:\/\/www.toutsurmesfinances.com\/argent\/#\/schema\/logo\/image\/","url":"https:\/\/www.toutsurmesfinances.com\/argent\/wp-content\/uploads\/sites\/3\/2021\/01\/favicon.png","contentUrl":"https:\/\/www.toutsurmesfinances.com\/argent\/wp-content\/uploads\/sites\/3\/2021\/01\/favicon.png","width":512,"height":512,"caption":"Tout Sur Mes Finances"},"image":{"@id":"https:\/\/www.toutsurmesfinances.com\/argent\/#\/schema\/logo\/image\/"},"sameAs":["https:\/\/x.com\/Toutsur"]},{"@type":"Person","@id":"https:\/\/www.toutsurmesfinances.com\/argent\/#\/schema\/person\/441d2f49b49f36caada20af210ea82db","name":"Loic Farge","image":{"@type":"ImageObject","inLanguage":"fr-FR","@id":"https:\/\/www.toutsurmesfinances.com\/argent\/#\/schema\/person\/image\/","url":"https:\/\/secure.gravatar.com\/avatar\/d6ba1a4c295f842490f4602774c31c1d?s=96&d=mm&r=g","contentUrl":"https:\/\/secure.gravatar.com\/avatar\/d6ba1a4c295f842490f4602774c31c1d?s=96&d=mm&r=g","caption":"Loic Farge"},"description":"Lo\u00efc Farge est journaliste sp\u00e9cialis\u00e9 en immobilier. Il travaille chez\u00a0ToutSurMesFinances.com\u00a0depuis pr\u00e8s de 10 ans. Il couvre l\u2019ensemble des th\u00e9matiques li\u00e9es \u00e0 l\u2019immobilier : march\u00e9, financement, r\u00e9glementation, fiscalit\u00e9 et investissement locatif.","sameAs":["https:\/\/www.toutsurmesfinances.com\/author\/loic","https:\/\/www.linkedin.com\/in\/loc-farge-4b742725\/"]}]}},"_links":{"self":[{"href":"https:\/\/www.toutsurmesfinances.com\/argent\/wp-json\/wp\/v2\/posts\/23164","targetHints":{"allow":["GET"]}}],"collection":[{"href":"https:\/\/www.toutsurmesfinances.com\/argent\/wp-json\/wp\/v2\/posts"}],"about":[{"href":"https:\/\/www.toutsurmesfinances.com\/argent\/wp-json\/wp\/v2\/types\/post"}],"author":[{"embeddable":true,"href":"https:\/\/www.toutsurmesfinances.com\/argent\/wp-json\/wp\/v2\/users\/13719"}],"replies":[{"embeddable":true,"href":"https:\/\/www.toutsurmesfinances.com\/argent\/wp-json\/wp\/v2\/comments?post=23164"}],"version-history":[{"count":3,"href":"https:\/\/www.toutsurmesfinances.com\/argent\/wp-json\/wp\/v2\/posts\/23164\/revisions"}],"predecessor-version":[{"id":23182,"href":"https:\/\/www.toutsurmesfinances.com\/argent\/wp-json\/wp\/v2\/posts\/23164\/revisions\/23182"}],"wp:featuredmedia":[{"embeddable":true,"href":"https:\/\/www.toutsurmesfinances.com\/argent\/wp-json\/wp\/v2\/media\/22475"}],"wp:attachment":[{"href":"https:\/\/www.toutsurmesfinances.com\/argent\/wp-json\/wp\/v2\/media?parent=23164"}],"wp:term":[{"taxonomy":"category","embeddable":true,"href":"https:\/\/www.toutsurmesfinances.com\/argent\/wp-json\/wp\/v2\/categories?post=23164"},{"taxonomy":"post_tag","embeddable":true,"href":"https:\/\/www.toutsurmesfinances.com\/argent\/wp-json\/wp\/v2\/tags?post=23164"}],"curies":[{"name":"wp","href":"https:\/\/api.w.org\/{rel}","templated":true}]}}