{"id":4303,"date":"2020-04-02T11:22:44","date_gmt":"2020-04-02T09:22:44","guid":{"rendered":"https:\/\/www.toutsurmesfinances.com\/argent\/?p=4303"},"modified":"2020-07-31T11:58:11","modified_gmt":"2020-07-31T09:58:11","slug":"coronavirus-et-aides-pour-les-independants-auto-entrepreneurs-tpe","status":"publish","type":"post","link":"https:\/\/www.toutsurmesfinances.com\/argent\/a\/coronavirus-et-aides-pour-les-independants-auto-entrepreneurs-tpe","title":{"rendered":"Coronavirus et aides pour les ind\u00e9pendants, auto-entrepreneurs, TPE"},"content":{"rendered":"<p>Lors de l&rsquo;annonce de la date de fin du confinement, fix\u00e9e le lundi 11 mai 2020, Emmanuel Macron a indiqu\u00e9 avoir <em>\u00ab demand\u00e9 au gouvernement d\u2019accro\u00eetre fortement les aides, de les simplifier \u00bb<\/em>, tout en appelant les banques et compagnies d&rsquo;assurance \u00e0 contribuer davantage.<\/p>\n<h2><span class=\"ez-toc-section\" id=\"Report_de_cotisations_sociales_Urssaf_pour_les_TPE_et_independants\"><\/span>Report de cotisations sociales Urssaf pour les TPE et ind\u00e9pendants<span class=\"ez-toc-section-end\"><\/span><\/h2>\n<p>Un report des pr\u00e9l\u00e8vements des cotisations a \u00e9t\u00e9 instaur\u00e9 conform\u00e9ment \u00e0 la d\u00e9claration faite par Emmanuel Macron le lundi 16 mars, afin d\u2019aider les entrepreneurs \u00e0 surmonter la crise du coronavirus. Le gouvernement a annonc\u00e9 un report de la date de paiement jusqu\u2019\u00e0 3 mois.<\/p>\n<p>Mis en place dans un premier temps pour le mois de mars, le sursis de paiement des cotisations a fait l&rsquo;objet d&rsquo;un prolongement pour le mois d&rsquo;avril, a annonc\u00e9 le ministre de l&rsquo;Action et des Comptes publics G\u00e9rald Darmanin, le 3 avril 2020.<\/p>\n<p>Pour les TPE-PME, les charges cotisations salariales et patronales sont report\u00e9es\u00a0sans p\u00e9nalit\u00e9 ni majoration :<\/p>\n<ul>\n<li>pour l&rsquo;\u00e9ch\u00e9ance du 15 avril 2020 (moins de 50 salari\u00e9s)<\/li>\n<li>pour l\u2019\u00e9ch\u00e9ance du 5 avril 2020 (plus de 50 salari\u00e9s)<\/li>\n<li>pour l\u2019\u00e9ch\u00e9ance du 15 mars 2020 (moins de 50 salari\u00e9s)<\/li>\n<\/ul>\n<p>Le report s\u2019applique \u00e0 tout ou partie des cotisations (uniquement les charges patronales par exemple ou charges patronales + salariales).<\/p>\n<p>Pour les travailleurs ind\u00e9pendants, le report de paiement des cotisations Urssaf est automatique et vise\u00a0:<\/p>\n<ul>\n<li>l&rsquo;\u00e9ch\u00e9ance mensuelle du 20 avril (mesure annonc\u00e9e le 3 avril 2020)<\/li>\n<li>l\u2019\u00e9ch\u00e9ance mensuelle du 5 avril<\/li>\n<li>l\u2019\u00e9ch\u00e9ance mensuelle du 20 mars<\/li>\n<\/ul>\n<p>Le montant de l\u2019\u00e9ch\u00e9ance ainsi report\u00e9e sera liss\u00e9 sur les \u00e9ch\u00e9ances suivantes (d\u2019avril \u00e0 d\u00e9cembre 2020, de mai 2020 \u00e0 janvier 2021).<\/p>\n<p>Le pr\u00e9sident de la R\u00e9publique et le ministre de l\u2019\u00c9conomie Bruno Le Maire ont fait savoir les 13 et 14 avril que ces reports de charges sont susceptibles d&rsquo;\u00eatre transform\u00e9es de fa\u00e7on cibl\u00e9e en annulation de charge pour les entreprises des secteurs les plus sinistr\u00e9s, le chef de l\u2019\u00c9tat citant notamment les secteurs du tourisme, de l\u2019h\u00f4tellerie, de la restauration, de la culture et de l\u2019\u00e9v\u00e9nementiel.<\/p>\n<p>Le report de pr\u00e9l\u00e8vement des cotisations concerne \u00e9galement les cotisations de retraite compl\u00e9mentaire :<\/p>\n<ul>\n<li>pour le 25 avril 2020<\/li>\n<li>pour le 25 mars 2020.<\/li>\n<\/ul>\n<h2><span class=\"ez-toc-section\" id=\"Aide_financiere_exceptionnelle_du_CPSTI_pour_les_independants_et_auto-entrepreneurs\"><\/span>Aide financi\u00e8re exceptionnelle du CPSTI pour les ind\u00e9pendants et auto-entrepreneurs<span class=\"ez-toc-section-end\"><\/span><\/h2>\n<p>Une aide exceptionnelle est propos\u00e9e par le Conseil de la protection sociale des travailleurs ind\u00e9pendants (CPSTI) aux ind\u00e9pendants p\u00e9nalis\u00e9s par la crise du coronavirus.<\/p>\n<p>Deux dispositifs sont accessibles :<\/p>\n<ol>\n<li>l&rsquo;aide financi\u00e8re exceptionnelle \u00ab CPSTI RCI COVID-19 \u00bb d&rsquo;un montant maximum de 1.250 euros accord\u00e9e automatiquement (sous conditions)<\/li>\n<li>l&rsquo;aide accord\u00e9e dans le cadre de l\u2019action sociale des Urssaf.<\/li>\n<\/ol>\n<h3>Aide CPSTI RCI COVID-19 d&rsquo;un montant de 1.250 euros<\/h3>\n<p>Une aide financi\u00e8re exceptionnelle \u00e0 destination de tous les artisans et commer\u00e7ants, baptis\u00e9e \u00ab Aide CPSTI RCI COVID-19 \u00bb a \u00e9t\u00e9 mise en place le 10 avril 2020 par le CPSTI et avec l&rsquo;accord de l\u2019\u00c9tat pour un montant maximum de 1.250 euros. Ce soutien est financ\u00e9 par les r\u00e9serves du R\u00e9gime Compl\u00e9mentaire des Ind\u00e9pendants (RCI).<\/p>\n<p>Cette aide fera l\u2019objet d\u2019un versement <em>\u00ab en une seule fois avant la fin du mois d\u2019avril \u00bb<\/em>.<\/p>\n<p>Seront \u00e9ligibles les artisans et commer\u00e7ants :<\/p>\n<ul>\n<li>en activit\u00e9 au 15 mars 2020<\/li>\n<li>dont l&rsquo;entreprise est immatricul\u00e9e au RCI avant le 1er janvier 2019<\/li>\n<\/ul>\n<p>Le montant de 1.250 euros est un montant maximum, modulable en fonction de montant cotis\u00e9 au RCI en 2018 : si un TNS a cotis\u00e9 2.000 euros en 2018, il obtiendra 1.250 euros ; s&rsquo;il n&rsquo;a cotis\u00e9 que 500 euros, la somme vers\u00e9e sera limit\u00e9e \u00e0 500 euros.<\/p>\n<p>Le gouvernement a d\u00e9cid\u00e9 que le montant de cette aide serait exon\u00e9r\u00e9 d\u2019imp\u00f4t sur le revenu ainsi que de cotisations et de contributions sociales.<\/p>\n<h3>Aide de l&rsquo;action sociale CPSTI<\/h3>\n<p>L&rsquo;aide de l&rsquo;action sociale peut \u00eatre mobilis\u00e9e par un travailleur non-salari\u00e9 qui n&rsquo;est pas \u00e9ligible \u00e0 l&rsquo;aide de 1.500 euros financ\u00e9e par le fonds de solidarit\u00e9. Cette aide de l&rsquo;action sociale peut prendre la forme\u00a0:<\/p>\n<ul>\n<li>d\u2019une aide financi\u00e8re exceptionnelle<\/li>\n<li>ou d\u2019une prise en charge de cotisations<\/li>\n<\/ul>\n<p>L\u2019aide est accord\u00e9e sur demande \u00e0 tout travailleur ind\u00e9pendant affili\u00e9, quel que soit son statut\u00a0:<\/p>\n<ul>\n<li>artisan<\/li>\n<li>commer\u00e7ant<\/li>\n<li>profession lib\u00e9rale de sant\u00e9 ou non<\/li>\n<li>auto-entrepreneur<\/li>\n<\/ul>\n<p>Les trois conditions d\u2019\u00e9ligibilit\u00e9 \u00e0 l\u2019aide sociale de l\u2019Urssaf sont les suivantes\u00a0(conditions cumulatives) :<\/p>\n<ol>\n<li>avoir pay\u00e9 des cotisations au moins une fois depuis son installation<\/li>\n<li>affiliation effective avant le 1er janvier 2020<\/li>\n<li>manque \u00e0 gagner significatif en lien avec l\u2019\u00e9pid\u00e9mie de Covid-19\u00a0: suspension totale de l\u2019activit\u00e9 ou perte de chiffre d\u2019affaires significative<\/li>\n<\/ol>\n<p>Le formulaire de demande est \u00e0 t\u00e9l\u00e9charger au format PDF en <a href=\"https:\/\/www.secu-independants.fr\/fileadmin\/mediatheque\/Espace_telechargement\/Formulaires\/Formulaire_AFE_ACED_coronavirus.pdf\" target=\"_blank\" rel=\"nofollow noopener\">cliquant ici<\/a><\/p>\n<p>Le document de demande d\u2019aide sociale doit \u00eatre adress\u00e9 par e-mail \u00e0 l&rsquo;Urssaf de la r\u00e9gion dont l\u2019entreprise d\u00e9pend, compl\u00e9t\u00e9e d\u2019un RIB et du dernier avis d\u2019imposition.<\/p>\n<h2><span class=\"ez-toc-section\" id=\"Aide_exceptionnelle_de_la_Cipav_pour_les_auto-entrepreneurs\"><\/span>Aide exceptionnelle de la Cipav pour les auto-entrepreneurs<span class=\"ez-toc-section-end\"><\/span><\/h2>\n<p>La Caisse interprofessionnelle de pr\u00e9voyance et d&rsquo;assurance vieillesse (<strong>Cipav<\/strong>) &#8211; <a href=\"https:\/\/www.toutsurmesfinances.com\/retraite\/cipav-la-retraite-obligatoire-des-professions-liberales-de-la-construction-et-non-reglementees.html\" target=\"_blank\" rel=\"noopener\">la caisse de pr\u00e9voyance et de retraite des architectes, des professions lib\u00e9rales non r\u00e9glement\u00e9es et des micro-entrepreneurs (la nouvelle appellation des auto-entrepreneurs) exer\u00e7ant une activit\u00e9 lib\u00e9rale<\/a> (ceux exer\u00e7ant une activit\u00e9 artisanale ou commerciale d\u00e9pendent du r\u00e9gime g\u00e9n\u00e9rale de la S\u00e9curit\u00e9 sociale) a annonc\u00e9, le 23 juillet 2020, l&rsquo;attribution d&rsquo;une aide exceptionnelle aux au titre du Covid-19 aux micro-entrepreneurs lib\u00e9raux. Le montant de cette aide correspond aux cotisations de retraite compl\u00e9mentaire vers\u00e9es dans le cadre du forfait social calcul\u00e9 sur le chiffre d&rsquo;affaires r\u00e9alis\u00e9 en 2019. Il ne peut exc\u00e9der 1.392 euros (le plafond des cotisations de retraite compl\u00e9mentaire).<\/p>\n<p>Pour b\u00e9n\u00e9ficier de l&rsquo;aide exceptionnelle de la Cipav, le micro-entrepreneur lib\u00e9ral doit remplir les crit\u00e8res suivants :<\/p>\n<ul>\n<li>\u00eatre en activit\u00e9 au 1er avril 2020<\/li>\n<li>avoir \u00e9t\u00e9 affili\u00e9 \u00e0 la Cipav avant le 1er janvier 2020<\/li>\n<li>\u00eatre \u00e0 jour des cotisations dues au titre du forfait social calcul\u00e9 sur le chiffre d\u2019affaires 2019 et ant\u00e9rieurs<\/li>\n<li>avoir acquitt\u00e9 au moins 30 euros de cotisations de retraite compl\u00e9mentaire au titre du forfait social calcul\u00e9 sur le chiffre d\u2019affaires 2019<\/li>\n<li>ne pas exercer son activit\u00e9 en cumul emploi-retraite<\/li>\n<li>effectuer une demande aupr\u00e8s de la Cipav avant le 18 septembre 2020 via la messagerie s\u00e9curis\u00e9e disponible sur le compte personnel cr\u00e9\u00e9 sur cipav.fr<\/li>\n<\/ul>\n<p>Si le micro-entrepreneur est \u00e9ligible \u00e0 l&rsquo;aide, la Cipav lui envoie un e-mail lui pr\u00e9cisant le montant de son aide et lui demandant de lui transmettre un relev\u00e9 d&rsquo;identit\u00e9 bancaire (RIB). La caisse se charge ensuite d&rsquo;envoyer le RIB \u00e0 l&rsquo;Urssaf ou, pour les micro-entrepreneurs vivant dans un d\u00e9partement d&rsquo;Outre-mer (DOM), \u00e0 la caisse g\u00e9n\u00e9rale de S\u00e9curit\u00e9 sociale (CGSS). L&rsquo;Urssaf ou la CGSS verse l&rsquo;aide directement sur le compte en banque du micro-entrepreneur.<\/p>\n<h2><span class=\"ez-toc-section\" id=\"1IS_CFE_CVAE_report_ou_delai_de_paiement_des_impots_directs\"><\/span>1IS, CFE, CVAE\u00a0: report ou d\u00e9lai de paiement des imp\u00f4ts directs<span class=\"ez-toc-section-end\"><\/span><\/h2>\n<p>Un <strong>report du paiement des imp\u00f4ts directs<\/strong> peut \u00eatre accord\u00e9 sur demande aupr\u00e8s de l\u2019administration fiscale pour les prochaines \u00e9ch\u00e9ances fiscales <span style=\"text-decoration: underline\">pour les mois de mars et avril 2020<\/span>.<\/p>\n<p>Ce report de paiement est accord\u00e9 sur simple demande\u00a0:<\/p>\n<ul>\n<li>pour une dur\u00e9e de 3 mois<\/li>\n<li>sans justificatif<\/li>\n<li>sans p\u00e9nalit\u00e9, ni majoration<\/li>\n<\/ul>\n<p>Le d\u00e9calage des \u00e9ch\u00e9ances s\u2019effectue par un formulaire de demande simplifi\u00e9e, intitul\u00e9 <em>\u00ab\u00a0Difficult\u00e9s li\u00e9es au Coronavirus &#8211; Covid 19 Demande de d\u00e9lai de paiement et\/ou de remise d\u2019imp\u00f4t\u00a0\u00bb<\/em>. Le document est \u00e0 t\u00e9l\u00e9charger sur Impots.gouv.fr <a href=\"https:\/\/www.impots.gouv.fr\/portail\/files\/media\/1_metier\/2_professionnel\/EV\/4_difficultes\/440_situation_difficile\/formulaire_fiscal_simplifie_delai_ou_remise_coronavirus.pdf\" target=\"_blank\" rel=\"nofollow noopener\">au format PDF<\/a> ou OpenDocument (.odt). La demande est \u00e0 envoyer au SIE (service des imp\u00f4ts des entreprises) dont l\u2019entreprise rel\u00e8ve.<\/p>\n<p>Dans le formulaire de demande, il faut pr\u00e9ciser\u00a0:<\/p>\n<ul>\n<li>le ou les imp\u00f4ts directs concern\u00e9s<\/li>\n<li>la date de l\u2019\u00e9ch\u00e9ance<\/li>\n<li>le montant restant d\u00fb<\/li>\n<\/ul>\n<p>Le report des \u00e9ch\u00e9ances d&rsquo;imp\u00f4ts directs vise notamment\u00a0:<\/p>\n<ul>\n<li>l\u2019acompte d&rsquo;imp\u00f4t sur les soci\u00e9t\u00e9s (IS)<\/li>\n<li>la taxe sur les salaires<\/li>\n<li>la contribution fonci\u00e8re des entreprises (CFE)<\/li>\n<li>la cotisation sur la valeur ajout\u00e9e des entreprises (CVAE)<\/li>\n<\/ul>\n<p>Le formulaire de demande report d\u2019\u00e9ch\u00e9ances fiscales peut aussi \u00eatre utilis\u00e9 pour solliciter une remise totale ou partielle d\u2019imp\u00f4ts directs, d\u2019int\u00e9r\u00eats de retard et\/ou de p\u00e9nalit\u00e9s. La remise n\u2019est ouverte qu\u2019aux entreprises souffrant de difficult\u00e9s financi\u00e8res <em>\u00ab\u00a0caract\u00e9ris\u00e9es qu\u2019un report de paiement ne suffit pas \u00e0 surmonter\u00a0\u00bb<\/em>, est-il indiqu\u00e9 sur le formulaire de demande.<\/p>\n<p>Les imp\u00f4ts suivants ne sont pas \u00e9ligibles aux mesures de report d\u2019\u00e9ch\u00e9ances fiscales, ni aux demandes de remise\u00a0:<\/p>\n<ul>\n<li>TVA et taxes assimil\u00e9es<\/li>\n<li>reversement du pr\u00e9l\u00e8vement \u00e0 la source (PAS)<\/li>\n<li>reversement de la taxe sur les conventions d&rsquo;assurance (TSCA)<\/li>\n<\/ul>\n<p>Les entreprises qui le peuvent sont appel\u00e9es par le gouvernement \u00e0 continuer\u00a0<em>\u00ab \u00e0 participer au financement de la solidarit\u00e9 nationale \u00bb.<\/em><\/p>\n<h2><span class=\"ez-toc-section\" id=\"Credits_de_TVA_remboursements_acceleres\"><\/span>Cr\u00e9dits de TVA : remboursements acc\u00e9l\u00e9r\u00e9s<span class=\"ez-toc-section-end\"><\/span><\/h2>\n<p>Un traitement acc\u00e9l\u00e9r\u00e9 des demandes de remboursement des cr\u00e9dits de TVA (taxe sur la valeur ajout\u00e9e) est mis en \u0153uvre par la DGFiP, a annonc\u00e9 le 22 mars 2020 le ministre de l&rsquo;Action et des Comptes publics G\u00e9rald Darmanin, dans un communiqu\u00e9 de presse.<\/p>\n<p>Le communiqu\u00e9 pr\u00e9cise qu\u2019il s\u2019agit <em>\u00ab\u00a0d&rsquo;apporter une aide financi\u00e8re aux entreprises en difficult\u00e9\u00a0\u00bb<\/em>. On peut en d\u00e9duire que toutes les entreprises ne sont pas susceptibles d\u2019y pr\u00e9tendre.<\/p>\n<p>La demande ne concerne bien s\u00fbr que les entreprises dont le montant de TVA d\u00e9ductible est sup\u00e9rieur \u00e0 celui de la TVA collect\u00e9e.<\/p>\n<p>La demande de remboursement de cr\u00e9dit de TVA s\u2019effectue en ligne, au travers d\u2019une t\u00e9l\u00e9proc\u00e9dure\u00a0:<\/p>\n<ul>\n<li>en direct depuis l\u2019espace professionnel sur Impots.gouv.fr<\/li>\n<li>par une proc\u00e9dure EDI (\u00e9change de donn\u00e9es informatis\u00e9) via son expert-comptable ou son prestataire EDI<\/li>\n<\/ul>\n<p>Les \u00e9tapes du d\u00e9p\u00f4t de la demande de remboursement de TVA sont les suivantes\u00a0:<\/p>\n<ol>\n<li>Connexion \u00e0 \u00ab\u00a0Votre espace Professionnel\u00a0\u00bb sur Impots.gouv.fr<\/li>\n<li>Cliquer sur la rubrique \u00ab Mes services \u00bb<\/li>\n<li>S\u00e9lectionner le bouton \u00ab D\u00e9clarer TVA \u00bb<\/li>\n<li>Choisir l\u2019option \u00ab\u00a0Effectuez une demande de remboursement de cr\u00e9dits de TVA\u00a0\u00bb (en bas de l\u2019\u00e9cran)<\/li>\n<li>Indiquer la p\u00e9riode de r\u00e9f\u00e9rence<\/li>\n<li>Choisir et remplir le formulaire 3519 (pour un remboursement en cours d\u2019ann\u00e9e et pour les usagers relevant du r\u00e9gime r\u00e9el normal)<\/li>\n<\/ol>\n<h2><span class=\"ez-toc-section\" id=\"Suspension_des_loyers_des_locaux_commerciaux_et_professionnels\"><\/span>Suspension des loyers\u00a0des locaux commerciaux et professionnels<span class=\"ez-toc-section-end\"><\/span><\/h2>\n<p>Une suspension des loyers des locaux commerciaux et professionnels en faveur des tr\u00e8s petites entreprises a \u00e9t\u00e9 annonc\u00e9e par Emmanuel Macron lors de son allocution du 16 mars 2020, prononc\u00e9e la veille de l\u2019entr\u00e9e en vigueur du confinement de la population. <em>\u00ab\u00a0Pour les plus petites d\u2019entre elles et tant que la situation durera, celles qui font face \u00e0 des difficult\u00e9s n\u2019auront rien \u00e0 d\u00e9bourser. [\u2026] Les loyers devront \u00eatre suspendus\u00a0\u00bb<\/em>, a d\u00e9clar\u00e9 le chef de l\u2019\u00c9tat.<\/p>\n<p>Le 20 mars, les principales f\u00e9d\u00e9rations de propri\u00e9taires bailleurs ont, sans attendre les textes l\u00e9gislatifs et r\u00e9glementaires, demand\u00e9 \u00e0 leurs membres\u00a0:<\/p>\n<ul>\n<li>de suspendre les loyers et charges locatives pour l\u2019\u00e9ch\u00e9ance d\u2019avril et\/ou de mensualiser les \u00e9ch\u00e9ances trimestrielles afin de soulager la tr\u00e9sorerie des entreprises concern\u00e9es par les fermetures administratives d\u2019\u00e9tablissements accueillant du public (arr\u00eat\u00e9 du 15 mars 2020)<\/li>\n<li>d\u2019\u00e9tudier <em>\u00ab\u00a0avec bienveillance\u00a0\u00bb<\/em> des mesures d\u2019accompagnement (loyers et charges diff\u00e9r\u00e9s, mensualisation, d\u00e9lais de paiement, etc.) en faveur des entreprises touch\u00e9es par la crise sans \u00eatre directement vis\u00e9es par les interdictions r\u00e9glementaires d\u2019accueillir du public<\/li>\n<\/ul>\n<p>L\u2019ordonnance du 25 mars 2020 a pr\u00e9cis\u00e9 le champ des locataires \u00e9ligibles au report de loyers. Il s\u2019agit des ind\u00e9pendants, professions lib\u00e9rales, <a href=\"https:\/\/www.toutsurmesfinances.com\/argent\/a\/aide-exceptionnelle-independants-auto-entrepreneurs\">auto-entrepreneurs<\/a> et TPE b\u00e9n\u00e9ficiaires du fonds de solidarit\u00e9 permettant de percevoir une <a href=\"https:\/\/www.toutsurmesfinances.com\/argent\/a\/aide-exceptionnelle-independants-auto-entrepreneurs\">aide financi\u00e8re directe de 1.500 euros<\/a>.<\/p>\n<p>En cas de d\u00e9faut de paiement des loyers et\/ou charges locatives professionnels et commerciaux pour les motifs et pendant la p\u00e9riode vis\u00e9s par les textes, le preneur (locataire) ne devra encourir aucune des sanctions suivantes\u00a0:<\/p>\n<ul>\n<li>p\u00e9nalit\u00e9s financi\u00e8res<\/li>\n<li>int\u00e9r\u00eats de retard<\/li>\n<li>dommages-int\u00e9r\u00eats<\/li>\n<li>astreinte<\/li>\n<li>ex\u00e9cution de clause r\u00e9solutoire<\/li>\n<li>ex\u00e9cution de clause p\u00e9nale<\/li>\n<li>ex\u00e9cution de toute clause pr\u00e9voyant une d\u00e9ch\u00e9ance<\/li>\n<li>activation des garanties ou cautions<\/li>\n<\/ul>\n<p>La dur\u00e9e du report des loyers commerciaux et professionnels pour les locataires \u00e9ligibles aux dispositions l\u00e9gislatives et r\u00e9glementaires du 30 mars sera d\u2019au minimum quatre mois et douze jours.<\/p>\n<p>En effet, l\u2019ordonnance s\u2019applique aux loyers et charges locatives <em>\u00ab\u00a0dont l&rsquo;\u00e9ch\u00e9ance de paiement intervient entre le 12 mars 2020 et l&rsquo;expiration d&rsquo;un d\u00e9lai de deux mois apr\u00e8s la date de cessation de l&rsquo;\u00e9tat d&rsquo;urgence sanitaire d\u00e9clar\u00e9 par l&rsquo;article 4 de la loi du 23 mars 2020\u00a0\u00bb<\/em>. L\u2019\u00e9tat d\u2019urgence devant durer au minimum deux mois, la suspension des loyers court donc au moins jusqu\u2019au 24 juillet.<\/p>\n<h2><span class=\"ez-toc-section\" id=\"Report_des_factures_deau_de_gaz_et_delectricite\"><\/span>Report des factures d\u2019eau de gaz et d\u2019\u00e9lectricit\u00e9<span class=\"ez-toc-section-end\"><\/span><\/h2>\n<p>Un report des factures des factures d\u2019eau, de gaz et d\u2019\u00e9lectricit\u00e9 est pr\u00e9vu par l\u2019ordonnance n\u00b0 2020-316 du 25 mars 2020 et le d\u00e9cret d\u2019application du 30 mars (en passe d\u2019\u00eatre modifi\u00e9 par un nouveau d\u00e9cret pour \u00e9largir le public d\u2019entreprises \u00e9ligibles). Les factures de t\u00e9l\u00e9communications (t\u00e9l\u00e9phonie, acc\u00e8s \u00e0 Internet) ne sont pas concern\u00e9es par le dispositif.<\/p>\n<p>La suspension des factures doit s\u2019effectuer sans p\u00e9nalit\u00e9s financi\u00e8res, sans frais ni indemnit\u00e9s.<\/p>\n<p>En pratique, il est demand\u00e9 aux fournisseurs d\u2019\u00e9nergie (sauf ceux qui alimentent 100.000 clients ou moins) et d\u2019eau potable d\u2019accorder aux demandeurs le report des \u00e9ch\u00e9ances de paiement des factures exigibles entre le 12 mars 2020 et la date de fin de l\u2019\u00e9tat d\u2019urgence sanitaire pr\u00e9vu le 24 mai \u00e0 ce stade.<\/p>\n<p>Il ne s\u2019agit donc pas d\u2019une annulation, mais bien d\u2019un d\u00e9calage dans le temps\u00a0: le montant des \u00e9ch\u00e9ances ainsi report\u00e9es sera r\u00e9parti de mani\u00e8re \u00e9gale une dur\u00e9e d\u2019au moins six mois sur les \u00e9ch\u00e9ances futures qui interviendront apr\u00e8s le dernier jour du mois suivant la date de fin de l\u2019\u00e9tat d\u2019urgence sanitaire (cens\u00e9 durer deux mois \u00e0 compter du 25 mars 2020). Ainsi, en cas de fin de l\u2019\u00e9tat d\u2019urgence sanitaire le jeudi 24 mai, les sommes dues seraient report\u00e9es \u00e0 partir des \u00e9ch\u00e9ances de paiement du mois de juillet.<\/p>\n<p>Les entreprises concern\u00e9es sont celles qui ont droit <a href=\"https:\/\/www.toutsurmesfinances.com\/argent\/a\/aide-exceptionnelle-independants-auto-entrepreneurs\">au fonds de solidarit\u00e9<\/a> (TPE, ind\u00e9pendants, professions lib\u00e9rales, auto-entrepreneurs). Les conditions sont les suivantes\u00a0:<\/p>\n<ul>\n<li>effectif inf\u00e9rieur ou \u00e9gal \u00e0 10 salari\u00e9s<\/li>\n<li>CA hors taxes du dernier exercice clos inf\u00e9rieur \u00e0 1 million d\u2019euros<\/li>\n<li>b\u00e9n\u00e9fice imposable du dernier exercice inf\u00e9rieur \u00e0 60.000 euros r\u00e9mun\u00e9ration du dirigeant incluse<\/li>\n<li>activit\u00e9 soumise \u00e0 interdiction administrative d\u2019accueillir du public entre le 1er et le 31 mars 2020 ou perte de chiffre d\u2019affaires sup\u00e9rieure \u00e0 50% en mars 2020 par rapport \u00e0 mars 2019<\/li>\n<\/ul>\n<p>La demande de report est \u00e0 formuler par chaque entreprise \u00e9ligible aupr\u00e8s du service commercial \/ clients de ses fournisseurs d\u2019eau, de gaz et\/ou d\u2019\u00e9lectricit\u00e9.<\/p>\n<p>Concr\u00e8tement, les entreprises concern\u00e9es doivent adresser d\u00e8s que possible une demande de report \u00e0 l\u2019amiable \u00e0 leur fournisseur d\u2019\u00e9nergie par mail ou par t\u00e9l\u00e9phone.<\/p>\n<p>En cas de difficult\u00e9s de tr\u00e9sorerie ne permettant pas de payer les factures pr\u00e9c\u00e9dentes ant\u00e9rieures au 12 mars, il est possible de n\u00e9gocier un nouvel \u00e9ch\u00e9ancier avec son\/ses fournisseurs d\u2019eau et d\u2019\u00e9nergie.<\/p>\n<p>En compl\u00e9ment des reports de paiement des factures d\u2019\u00e9lectricit\u00e9, de gaz et d\u2019eau potable, les fournisseurs n\u2019ont pas le droit de proc\u00e9der aux op\u00e9rations suivantes sur les contrats fourniture d\u2019\u00e9lectricit\u00e9, de gaz, d\u2019eau pour non-paiement depuis le 26 mars (date d\u2019entr\u00e9e en vigueur de l\u2019ordonnance)\u00a0:<\/p>\n<ul>\n<li>suspension du contrat<\/li>\n<li>interruption du contrat<\/li>\n<li>r\u00e9duction de d\u00e9bit<\/li>\n<li>r\u00e9siliation du contrat<\/li>\n<\/ul>\n<h2><span class=\"ez-toc-section\" id=\"Fonds_de_solidarite_aide_financiere_de_6500_euros_maximum_par_mois\"><\/span>Fonds de solidarit\u00e9\u00a0: aide financi\u00e8re de 6.500 euros maximum par mois<span class=\"ez-toc-section-end\"><\/span><\/h2>\n<p>Un fonds de solidarit\u00e9, cofinanc\u00e9 par l\u2019\u00c9tat, les r\u00e9gions et les assureurs a \u00e9t\u00e9 mis en place par le gouvernement afin d\u2019accorder une <a href=\"https:\/\/www.toutsurmesfinances.com\/argent\/a\/aide-exceptionnelle-independants-auto-entrepreneurs\">aide financi\u00e8re exceptionnelle de 1.500 euros<\/a> par mois aux TPE, travailleurs ind\u00e9pendants et auto-entrepreneurs touch\u00e9s par une chute d\u2019activit\u00e9 ou par une fermeture administrative caus\u00e9e par l\u2019\u00e9pid\u00e9mie de Covid-19. La demande s\u2019effectue en ligne aupr\u00e8s de l\u2019administration fiscale sur Impots.gouv.fr, via \u00ab\u00a0Votre espace particulier\u00a0\u00bb.<\/p>\n<p>Un compl\u00e9ment de 5.000 euros (montant major\u00e9 par rapport aux 2.000 euros initialement propos\u00e9s) peut \u00eatre accord\u00e9 au cas par cas aux entreprises au bord de la faillite, sur demande sp\u00e9cifique instruite par les r\u00e9gions.<\/p>\n<p>Les conditions d\u2019\u00e9ligibilit\u00e9 au fonds de solidarit\u00e9 sont les suivantes\u00a0:<\/p>\n<ul>\n<li>entreprise cr\u00e9\u00e9e avant le 1er f\u00e9vrier 2020<\/li>\n<li>chiffre d\u2019affaires inf\u00e9rieur \u00e0 1 million d\u2019euros (dernier exercice)<\/li>\n<li>b\u00e9n\u00e9fice annuel imposable inf\u00e9rieur \u00e0 60.000 euros r\u00e9mun\u00e9ration du dirigeant incluse<\/li>\n<li>perte de chiffre d\u2019affaires minimum de 50% pour les mois de mars et avril<\/li>\n<li>ou fermeture administrative entre le 1er et le 31 mars 2020 d\u00e9cid\u00e9e dans le cadre du confinement<\/li>\n<\/ul>\n<p>De nouveaux assouplissements du dispositif sont annonc\u00e9s pour le mois d&rsquo;avril afin d&rsquo;en \u00e9largir la cible :<\/p>\n<ul>\n<li>ouverture aux soci\u00e9t\u00e9s ayant d\u00e9pos\u00e9 le bilan<\/li>\n<li>calcul de la perte de CA par rapport aux douze derniers mois glissants<\/li>\n<\/ul>\n<p>Le fonds et l\u2019indemnisation associ\u00e9e dureront tant que l\u2019\u00e9tat d\u2019urgence sanitaire ne sera pas lev\u00e9, soit au minimum jusqu\u2019au 24 mai prochain.<\/p>\n<h2><span class=\"ez-toc-section\" id=\"Demande_dindemnites_journalieres_pour_arret_de_travail_pour_les_independants_et_auto-entrepreneurs\"><\/span>Demande d\u2019indemnit\u00e9s journali\u00e8res pour arr\u00eat de travail pour les ind\u00e9pendants et auto-entrepreneurs<span class=\"ez-toc-section-end\"><\/span><\/h2>\n<p>Une demande <a href=\"https:\/\/www.toutsurmesfinances.com\/argent\/a\/indemnites-journalieres-montants-calcul-plafond-duree-et-versement\">d\u2019indemnit\u00e9s journali\u00e8res<\/a> peut \u00eatre effectu\u00e9e par tout ind\u00e9pendant, entrepreneur ou professionnel de sant\u00e9 lib\u00e9ral contraint de garder \u00e0 domicile son ou ses enfants \u00e2g\u00e9s de moins de 16 ans ou handicap\u00e9s (sans condition d\u2019\u00e2ge), en raison de la fermeture administrative de son \u00e9tablissement d\u2019accueil (cr\u00e8che ou autre structure d\u2019accueil de jeunes enfants, \u00e9cole, coll\u00e8ge, lyc\u00e9e).<\/p>\n<p>Dans ce cas, la demande s\u2019effectue dans prescription m\u00e9dicale, via un syst\u00e8me d\u2019auto-d\u00e9claration\u00a0: la d\u00e9claration <a href=\"https:\/\/www.toutsurmesfinances.com\/argent\/a\/arret-de-travail\">d\u2019arr\u00eat de travail<\/a> s\u2019effectue de fa\u00e7on simplifi\u00e9e sur le site declare.ameli.fr, rubrique \u00ab\u00a0Vous \u00eates employeur ou ind\u00e9pendant\u00a0\u00bb (bloc de droite). L\u2019arr\u00eat de travail peut \u00eatre fix\u00e9 pour une dur\u00e9e de 1 \u00e0 21 jours calendaires.<\/p>\n<p>La proc\u00e9dure simplifi\u00e9e est \u00e9galement ouverte\u00a0:<\/p>\n<ul>\n<li>\u00e0 toute personne souffrant d\u2019une affection de longue dur\u00e9e<\/li>\n<li>\u00e0 toute femme enceinte dans leur 3\u00e8me trimestre de grossesse<\/li>\n<\/ul>\n<p>En cas d\u2019infection au Covid-19, l\u2019arr\u00eat de travail doit \u00eatre prescrit par un m\u00e9decin et l\u2019indemnisation dure pendant 20 jours maximum.<\/p>\n<p>Dans tous les cas (garde d\u2019enfant, ALD, femme enceinte au troisi\u00e8me trimestre et infection au nouveau coronavirus), les modalit\u00e9s de calcul des indemnit\u00e9s journali\u00e8res sont identiques, avec un montant maximum de 45,55 euros bruts par jour (sauf majoration pour parents de familles nombreuses \u00e0 partir du 31\u00e8me jour d\u2019indemnisation).<\/p>\n<h2><span class=\"ez-toc-section\" id=\"Pret_de_tresorerie_garanti_par_lEtat_PGE_via_Bpifrance\"><\/span>Pr\u00eat de tr\u00e9sorerie garanti par l\u2019\u00c9tat (PGE) via Bpifrance<span class=\"ez-toc-section-end\"><\/span><\/h2>\n<p>Un pr\u00eat garanti par l\u2019\u00c9tat (PGE) peut \u00eatre accord\u00e9 \u00e0 toute\u00a0 entreprise non financi\u00e8res immatricul\u00e9e en France, quelle que soit sa taille, du 16 mars au 31 d\u00e9cembre 2020.<\/p>\n<p>La garantie de l&rsquo;\u00c9tat couvre 90% du pr\u00eat (montant du capital + int\u00e9r\u00eats) pour toutes les TPE, micro-entreprises et ind\u00e9pendants, ce qui limite le risque support\u00e9 par la banque \u00e0 10% du pr\u00eat. Sur ce risque, la banque est tenue de ne pas exiger de garantie ou de s\u00fbret\u00e9 sur le patrimoine du professionnel ou du chef d\u2019entreprise. Le co\u00fbt de la garantie de l\u2019\u00c9tat est fix\u00e9 \u00e0 0,25% pour la premi\u00e8re ann\u00e9e, mais la somme correspondante ne sera pas exigible pendant 12 mois \u00e0 compter de la signature (co\u00fbt de la garantie port\u00e9 par la banque pr\u00eateuse la premi\u00e8re ann\u00e9e).<\/p>\n<p>La garantie comptorte un d\u00e9lai de carence de deux mois : la banque pr\u00eateuse est effectivement couverte par la garantie de l\u2019Etat \u00e0 partir de ce d\u00e9lai. En revanche, en cas de d\u00e9faillance de l&#8217;emprunteur dans un d\u00e9lai de deux mois, la banque n&rsquo;est pas couverte, ce qui peut favoriser sa frilosit\u00e9.<\/p>\n<p>Le pr\u00eat est accord\u00e9 quelle que soit sa forme juridique (micro-entreprise, entreprise individuelle, soci\u00e9t\u00e9) et son activit\u00e9 (artisan, commer\u00e7ant, profession lib\u00e9rale, exploitant agricole, association ou fondation ayant une activit\u00e9 \u00e9conomique).<\/p>\n<p>Le montant du pr\u00eat peut repr\u00e9senter (plafond) :<\/p>\n<ul>\n<li>jusqu\u2019\u00e0 3 mois de chiffre d\u2019affaires hors taxes 2019 (ou du dernier exercice comptable clos) pour les entreprises cr\u00e9\u00e9es existant avant le 1er janvier 2019<\/li>\n<li>ou deux ann\u00e9es de masse salariale 2019 pour les entreprises innovantes ou cr\u00e9\u00e9es depuis le 1er janvier 2019<\/li>\n<\/ul>\n<p>Le CA pris en compte est celui figurant sur la liasse fiscale.<\/p>\n<p>Le pr\u00eat est \u00e9ligible s\u2019il pr\u00e9sente les caract\u00e9ristiques suivantes (source arr\u00eat\u00e9 du 23 mars 2020) :<\/p>\n<ul>\n<li>diff\u00e9r\u00e9 d&rsquo;amortissement de douze mois minimum (ou franchise\u00a0: aucun remboursement n\u2019est exig\u00e9 la premi\u00e8re ann\u00e9e)<\/li>\n<li>clause permettant \u00e0 l\u2019emprunteur de choisir sa dur\u00e9e d\u2019amortissement du capital sur 1, 2, 3, 4 ou 5 ans maximum<\/li>\n<\/ul>\n<p>La dur\u00e9e du pr\u00eat est donc fix\u00e9e pour un an minimum et six ans maximum.<\/p>\n<p>Le taux du pr\u00eat garanti par l&rsquo;\u00c9tat n\u2019est pas r\u00e9glement\u00e9, il peut \u00eatre variable d\u2019une banque \u00e0 l\u2019autre. Chez la Soci\u00e9t\u00e9 G\u00e9n\u00e9rale, il est par exemple fix\u00e9 \u00e0 0% hors co\u00fbt de la garantie. Il faut ajouter au co\u00fbt de la garantie celui de l&rsquo;assurance emprunteur (d\u00e9c\u00e8s-invalidit\u00e9) sur la t\u00eate du dirigeant.<\/p>\n<p>La demande de pr\u00eat PGE s\u2019effectue aupr\u00e8s de son ou de ses \u00e9tablissements bancaires habituels. En cas de pr\u00e9-accord, l\u2019entreprise emprunteuse doit formuler une demande d\u2019attestation Pr\u00eat Garanti par l\u2019\u00c9tat \u00e0 cette adresse\u00a0: <a href=\"https:\/\/attestation-pge.bpifrance.fr\/description\" target=\"_blank\" rel=\"nofollow noopener\">https:\/\/attestation-pge.bpifrance.fr\/description<\/a><\/p>\n<p>Pour obtenir cette attestation (sous la forme d\u2019un num\u00e9ro unique), il faut disposer d\u2019un compte en ligne Bpifrance ou en cr\u00e9er un. L\u2019attestation est exig\u00e9e par la banque ou les banques pr\u00eateuses pour valider d\u00e9finitivement le financement puis d\u00e9bloquer les fonds. Selon nos informations, les d\u00e9lais de d\u00e9blocage de fonds les plus courts sont de 9 jours \u00e0 compter de la signature de l&rsquo;offre, incluant un d\u00e9lai de r\u00e9flexion de 5 jours de la banque courant \u00e0 compter de la r\u00e9ception d\u2019un dossier simplifi\u00e9 attestant la conformit\u00e9 aux crit\u00e8res d\u2019\u00e9ligibilit\u00e9.<\/p>\n<p>En cas de refus de pr\u00eat garanti PGE aupr\u00e8s de sa banque habituelle, le demandeur peut solliciter une autre banque, un courtier en cr\u00e9dit ou s\u2019adresser \u00e0 la m\u00e9diation du cr\u00e9dit<\/p>\n<p><em><strong>Attention\u00a0<\/strong>: la demande d\u2019attestation \/ de num\u00e9ro unique ne doit \u00eatre effectu\u00e9e qu\u2019apr\u00e8s obtention d\u2019un pr\u00e9-accord.<\/em><\/p>\n","protected":false},"excerpt":{"rendered":"<p>Aide de 1.500 euros, report de cotisations Urssaf, d\u2019imp\u00f4ts, de loyers, de factures, pr\u00eat de tr\u00e9sorerie garanti par l\u2019\u00c9tat\u2026 Toutes les mesures d\u2019aide prises par le gouvernement et les administrations pour soutenir les ind\u00e9pendants, auto-entrepreneurs et tr\u00e8s petites entreprises (TPE) dont l\u2019activit\u00e9 est p\u00e9nalis\u00e9e par l\u2019\u00e9pid\u00e9mie de coronavirus. <\/p>\n","protected":false},"author":13709,"featured_media":4304,"comment_status":"closed","ping_status":"closed","sticky":false,"template":"","format":"standard","meta":{"footnotes":""},"categories":[37],"tags":[],"class_list":["post-4303","post","type-post","status-publish","format-standard","has-post-thumbnail","hentry","category-aides-financieres"],"acf":[],"yoast_head":"<!-- This site is optimized with the Yoast SEO plugin v24.9 - https:\/\/yoast.com\/wordpress\/plugins\/seo\/ -->\n<title>Aides financi\u00e8res Covid-19 ind\u00e9pendants, auto-entrepreneurs, TPE<\/title>\n<meta name=\"description\" content=\"Aide de 1.500 \u20ac, report ou annulation de cotisations Urssaf, d\u2019imp\u00f4ts, de loyers et factures, pr\u00eat de tr\u00e9sorerie garanti par l\u2019\u00c9tat. Toutes les mesures d\u2019aide prises par le gouvernement et les administrations pour soutenir les ind\u00e9pendants, auto-entrepreneurs et tr\u00e8s petites entreprises (TPE) dont l\u2019activit\u00e9 est p\u00e9nalis\u00e9e par l\u2019\u00e9pid\u00e9mie de coronavirus.\" \/>\n<meta name=\"robots\" content=\"index, follow, max-snippet:-1, max-image-preview:large, max-video-preview:-1\" \/>\n<link rel=\"canonical\" href=\"https:\/\/www.toutsurmesfinances.com\/argent\/a\/coronavirus-et-aides-pour-les-independants-auto-entrepreneurs-tpe\" \/>\n<meta property=\"og:locale\" content=\"fr_FR\" \/>\n<meta property=\"og:type\" content=\"article\" \/>\n<meta property=\"og:title\" content=\"Aides financi\u00e8res Covid-19 ind\u00e9pendants, auto-entrepreneurs, TPE\" \/>\n<meta property=\"og:description\" content=\"Aide de 1.500 \u20ac, report ou annulation de cotisations Urssaf, d\u2019imp\u00f4ts, de loyers et factures, pr\u00eat de tr\u00e9sorerie garanti par l\u2019\u00c9tat. Toutes les mesures d\u2019aide prises par le gouvernement et les administrations pour soutenir les ind\u00e9pendants, auto-entrepreneurs et tr\u00e8s petites entreprises (TPE) dont l\u2019activit\u00e9 est p\u00e9nalis\u00e9e par l\u2019\u00e9pid\u00e9mie de coronavirus.\" \/>\n<meta property=\"og:url\" content=\"https:\/\/www.toutsurmesfinances.com\/argent\/a\/coronavirus-et-aides-pour-les-independants-auto-entrepreneurs-tpe\" \/>\n<meta property=\"og:site_name\" content=\"Argent\" \/>\n<meta property=\"article:published_time\" content=\"2020-04-02T09:22:44+00:00\" \/>\n<meta property=\"article:modified_time\" content=\"2020-07-31T09:58:11+00:00\" \/>\n<meta property=\"og:image\" content=\"https:\/\/www.toutsurmesfinances.com\/argent\/wp-content\/uploads\/sites\/3\/2020\/04\/aides-tpeaeindes.jpg\" \/>\n\t<meta property=\"og:image:width\" content=\"823\" \/>\n\t<meta property=\"og:image:height\" content=\"463\" \/>\n\t<meta property=\"og:image:type\" content=\"image\/jpeg\" \/>\n<meta name=\"author\" content=\"Olivier Brunet\" \/>\n<meta name=\"twitter:card\" content=\"summary_large_image\" \/>\n<meta name=\"twitter:creator\" content=\"@Toutsur\" \/>\n<meta name=\"twitter:site\" content=\"@Toutsur\" \/>\n<meta name=\"twitter:label1\" content=\"\u00c9crit par\" \/>\n\t<meta name=\"twitter:data1\" content=\"Olivier Brunet\" \/>\n\t<meta name=\"twitter:label2\" content=\"Dur\u00e9e de lecture estim\u00e9e\" \/>\n\t<meta name=\"twitter:data2\" content=\"19 minutes\" \/>\n<script type=\"application\/ld+json\" class=\"yoast-schema-graph\">{\"@context\":\"https:\/\/schema.org\",\"@graph\":[{\"@type\":\"Article\",\"@id\":\"https:\/\/www.toutsurmesfinances.com\/argent\/a\/coronavirus-et-aides-pour-les-independants-auto-entrepreneurs-tpe#article\",\"isPartOf\":{\"@id\":\"https:\/\/www.toutsurmesfinances.com\/argent\/a\/coronavirus-et-aides-pour-les-independants-auto-entrepreneurs-tpe\"},\"author\":{\"name\":\"Olivier Brunet\",\"@id\":\"https:\/\/www.toutsurmesfinances.com\/argent\/#\/schema\/person\/f3692b3163890cd1408bd0dc68a1b55a\"},\"headline\":\"Coronavirus et aides pour les ind\u00e9pendants, auto-entrepreneurs, TPE\",\"dateModified\":\"2020-07-31T09:58:11+00:00\",\"mainEntityOfPage\":{\"@id\":\"https:\/\/www.toutsurmesfinances.com\/argent\/a\/coronavirus-et-aides-pour-les-independants-auto-entrepreneurs-tpe\"},\"wordCount\":3870,\"publisher\":{\"@id\":\"https:\/\/www.toutsurmesfinances.com\/argent\/#organization\"},\"image\":{\"@id\":\"https:\/\/www.toutsurmesfinances.com\/argent\/a\/coronavirus-et-aides-pour-les-independants-auto-entrepreneurs-tpe#primaryimage\"},\"thumbnailUrl\":\"https:\/\/www.toutsurmesfinances.com\/argent\/wp-content\/uploads\/sites\/3\/2020\/04\/aides-tpeaeindes.jpg\",\"articleSection\":[\"Aides financi\u00e8res\"],\"inLanguage\":\"fr-FR\"},{\"@type\":\"WebPage\",\"@id\":\"https:\/\/www.toutsurmesfinances.com\/argent\/a\/coronavirus-et-aides-pour-les-independants-auto-entrepreneurs-tpe\",\"url\":\"https:\/\/www.toutsurmesfinances.com\/argent\/a\/coronavirus-et-aides-pour-les-independants-auto-entrepreneurs-tpe\",\"name\":\"Aides financi\u00e8res Covid-19 ind\u00e9pendants, auto-entrepreneurs, TPE\",\"isPartOf\":{\"@id\":\"https:\/\/www.toutsurmesfinances.com\/argent\/#website\"},\"primaryImageOfPage\":{\"@id\":\"https:\/\/www.toutsurmesfinances.com\/argent\/a\/coronavirus-et-aides-pour-les-independants-auto-entrepreneurs-tpe#primaryimage\"},\"image\":{\"@id\":\"https:\/\/www.toutsurmesfinances.com\/argent\/a\/coronavirus-et-aides-pour-les-independants-auto-entrepreneurs-tpe#primaryimage\"},\"thumbnailUrl\":\"https:\/\/www.toutsurmesfinances.com\/argent\/wp-content\/uploads\/sites\/3\/2020\/04\/aides-tpeaeindes.jpg\",\"dateModified\":\"2020-07-31T09:58:11+00:00\",\"description\":\"Aide de 1.500 \u20ac, report ou annulation de cotisations Urssaf, d\u2019imp\u00f4ts, de loyers et factures, pr\u00eat de tr\u00e9sorerie garanti par l\u2019\u00c9tat. Toutes les mesures d\u2019aide prises par le gouvernement et les administrations pour soutenir les ind\u00e9pendants, auto-entrepreneurs et tr\u00e8s petites entreprises (TPE) dont l\u2019activit\u00e9 est p\u00e9nalis\u00e9e par l\u2019\u00e9pid\u00e9mie de coronavirus.\",\"breadcrumb\":{\"@id\":\"https:\/\/www.toutsurmesfinances.com\/argent\/a\/coronavirus-et-aides-pour-les-independants-auto-entrepreneurs-tpe#breadcrumb\"},\"inLanguage\":\"fr-FR\",\"potentialAction\":[{\"@type\":\"ReadAction\",\"target\":[\"https:\/\/www.toutsurmesfinances.com\/argent\/a\/coronavirus-et-aides-pour-les-independants-auto-entrepreneurs-tpe\"]}]},{\"@type\":\"ImageObject\",\"inLanguage\":\"fr-FR\",\"@id\":\"https:\/\/www.toutsurmesfinances.com\/argent\/a\/coronavirus-et-aides-pour-les-independants-auto-entrepreneurs-tpe#primaryimage\",\"url\":\"https:\/\/www.toutsurmesfinances.com\/argent\/wp-content\/uploads\/sites\/3\/2020\/04\/aides-tpeaeindes.jpg\",\"contentUrl\":\"https:\/\/www.toutsurmesfinances.com\/argent\/wp-content\/uploads\/sites\/3\/2020\/04\/aides-tpeaeindes.jpg\",\"width\":823,\"height\":463},{\"@type\":\"BreadcrumbList\",\"@id\":\"https:\/\/www.toutsurmesfinances.com\/argent\/a\/coronavirus-et-aides-pour-les-independants-auto-entrepreneurs-tpe#breadcrumb\",\"itemListElement\":[{\"@type\":\"ListItem\",\"position\":1,\"name\":\"Accueil\",\"item\":\"https:\/\/www.toutsurmesfinances.com\/argent\/\"},{\"@type\":\"ListItem\",\"position\":2,\"name\":\"Aides financi\u00e8res\",\"item\":\"https:\/\/www.toutsurmesfinances.com\/argent\/c\/aides-financieres\"},{\"@type\":\"ListItem\",\"position\":3,\"name\":\"Coronavirus et aides pour les ind\u00e9pendants, auto-entrepreneurs, TPE\"}]},{\"@type\":\"WebSite\",\"@id\":\"https:\/\/www.toutsurmesfinances.com\/argent\/#website\",\"url\":\"https:\/\/www.toutsurmesfinances.com\/argent\/\",\"name\":\"Argent\",\"description\":\"\",\"publisher\":{\"@id\":\"https:\/\/www.toutsurmesfinances.com\/argent\/#organization\"},\"potentialAction\":[{\"@type\":\"SearchAction\",\"target\":{\"@type\":\"EntryPoint\",\"urlTemplate\":\"https:\/\/www.toutsurmesfinances.com\/argent\/?s={search_term_string}\"},\"query-input\":{\"@type\":\"PropertyValueSpecification\",\"valueRequired\":true,\"valueName\":\"search_term_string\"}}],\"inLanguage\":\"fr-FR\"},{\"@type\":\"Organization\",\"@id\":\"https:\/\/www.toutsurmesfinances.com\/argent\/#organization\",\"name\":\"Tout Sur Mes Finances\",\"url\":\"https:\/\/www.toutsurmesfinances.com\/argent\/\",\"logo\":{\"@type\":\"ImageObject\",\"inLanguage\":\"fr-FR\",\"@id\":\"https:\/\/www.toutsurmesfinances.com\/argent\/#\/schema\/logo\/image\/\",\"url\":\"https:\/\/www.toutsurmesfinances.com\/argent\/wp-content\/uploads\/sites\/3\/2021\/01\/favicon.png\",\"contentUrl\":\"https:\/\/www.toutsurmesfinances.com\/argent\/wp-content\/uploads\/sites\/3\/2021\/01\/favicon.png\",\"width\":512,\"height\":512,\"caption\":\"Tout Sur Mes Finances\"},\"image\":{\"@id\":\"https:\/\/www.toutsurmesfinances.com\/argent\/#\/schema\/logo\/image\/\"},\"sameAs\":[\"https:\/\/x.com\/Toutsur\"]},{\"@type\":\"Person\",\"@id\":\"https:\/\/www.toutsurmesfinances.com\/argent\/#\/schema\/person\/f3692b3163890cd1408bd0dc68a1b55a\",\"name\":\"Olivier Brunet\",\"image\":{\"@type\":\"ImageObject\",\"inLanguage\":\"fr-FR\",\"@id\":\"https:\/\/www.toutsurmesfinances.com\/argent\/#\/schema\/person\/image\/\",\"url\":\"https:\/\/secure.gravatar.com\/avatar\/59a19214b7bb3163a27d873fa61f9a80?s=96&d=mm&r=g\",\"contentUrl\":\"https:\/\/secure.gravatar.com\/avatar\/59a19214b7bb3163a27d873fa61f9a80?s=96&d=mm&r=g\",\"caption\":\"Olivier Brunet\"},\"description\":\"Olivier Brunet est cofondateur de\u00a0ToutSurMesFinances.com\u00a0et r\u00e9dacteur en chef sp\u00e9cialis\u00e9 en placements et fiscalit\u00e9\u00a0des particuliers. Pr\u00e9sent\u00a0au sein du\u00a0m\u00e9dia\u00a0depuis sa cr\u00e9ation, il en est l\u2019un des piliers \u00e9ditoriaux. Il analyse les strat\u00e9gies d\u2019investissement,\u00a0suit\u00a0les \u00e9volutions fiscales et les\u00a0probl\u00e9matiques\u00a0patrimoniales\u00a0avec une vision long terme, forg\u00e9e par des ann\u00e9es de pratique et de suivi des march\u00e9s.\u00a0\",\"sameAs\":[\"https:\/\/www.toutsurmesfinances.com\/author\/olivier\",\"https:\/\/www.linkedin.com\/in\/obrunet\/\"]}]}<\/script>\n<!-- \/ Yoast SEO plugin. -->","yoast_head_json":{"title":"Aides financi\u00e8res Covid-19 ind\u00e9pendants, auto-entrepreneurs, TPE","description":"Aide de 1.500 \u20ac, report ou annulation de cotisations Urssaf, d\u2019imp\u00f4ts, de loyers et factures, pr\u00eat de tr\u00e9sorerie garanti par l\u2019\u00c9tat. Toutes les mesures d\u2019aide prises par le gouvernement et les administrations pour soutenir les ind\u00e9pendants, auto-entrepreneurs et tr\u00e8s petites entreprises (TPE) dont l\u2019activit\u00e9 est p\u00e9nalis\u00e9e par l\u2019\u00e9pid\u00e9mie de coronavirus.","robots":{"index":"index","follow":"follow","max-snippet":"max-snippet:-1","max-image-preview":"max-image-preview:large","max-video-preview":"max-video-preview:-1"},"canonical":"https:\/\/www.toutsurmesfinances.com\/argent\/a\/coronavirus-et-aides-pour-les-independants-auto-entrepreneurs-tpe","og_locale":"fr_FR","og_type":"article","og_title":"Aides financi\u00e8res Covid-19 ind\u00e9pendants, auto-entrepreneurs, TPE","og_description":"Aide de 1.500 \u20ac, report ou annulation de cotisations Urssaf, d\u2019imp\u00f4ts, de loyers et factures, pr\u00eat de tr\u00e9sorerie garanti par l\u2019\u00c9tat. Toutes les mesures d\u2019aide prises par le gouvernement et les administrations pour soutenir les ind\u00e9pendants, auto-entrepreneurs et tr\u00e8s petites entreprises (TPE) dont l\u2019activit\u00e9 est p\u00e9nalis\u00e9e par l\u2019\u00e9pid\u00e9mie de coronavirus.","og_url":"https:\/\/www.toutsurmesfinances.com\/argent\/a\/coronavirus-et-aides-pour-les-independants-auto-entrepreneurs-tpe","og_site_name":"Argent","article_published_time":"2020-04-02T09:22:44+00:00","article_modified_time":"2020-07-31T09:58:11+00:00","og_image":[{"width":823,"height":463,"url":"https:\/\/www.toutsurmesfinances.com\/argent\/wp-content\/uploads\/sites\/3\/2020\/04\/aides-tpeaeindes.jpg","type":"image\/jpeg"}],"author":"Olivier Brunet","twitter_card":"summary_large_image","twitter_creator":"@Toutsur","twitter_site":"@Toutsur","twitter_misc":{"\u00c9crit par":"Olivier Brunet","Dur\u00e9e de lecture estim\u00e9e":"19 minutes"},"schema":{"@context":"https:\/\/schema.org","@graph":[{"@type":"Article","@id":"https:\/\/www.toutsurmesfinances.com\/argent\/a\/coronavirus-et-aides-pour-les-independants-auto-entrepreneurs-tpe#article","isPartOf":{"@id":"https:\/\/www.toutsurmesfinances.com\/argent\/a\/coronavirus-et-aides-pour-les-independants-auto-entrepreneurs-tpe"},"author":{"name":"Olivier Brunet","@id":"https:\/\/www.toutsurmesfinances.com\/argent\/#\/schema\/person\/f3692b3163890cd1408bd0dc68a1b55a"},"headline":"Coronavirus et aides pour les ind\u00e9pendants, auto-entrepreneurs, TPE","dateModified":"2020-07-31T09:58:11+00:00","mainEntityOfPage":{"@id":"https:\/\/www.toutsurmesfinances.com\/argent\/a\/coronavirus-et-aides-pour-les-independants-auto-entrepreneurs-tpe"},"wordCount":3870,"publisher":{"@id":"https:\/\/www.toutsurmesfinances.com\/argent\/#organization"},"image":{"@id":"https:\/\/www.toutsurmesfinances.com\/argent\/a\/coronavirus-et-aides-pour-les-independants-auto-entrepreneurs-tpe#primaryimage"},"thumbnailUrl":"https:\/\/www.toutsurmesfinances.com\/argent\/wp-content\/uploads\/sites\/3\/2020\/04\/aides-tpeaeindes.jpg","articleSection":["Aides financi\u00e8res"],"inLanguage":"fr-FR"},{"@type":"WebPage","@id":"https:\/\/www.toutsurmesfinances.com\/argent\/a\/coronavirus-et-aides-pour-les-independants-auto-entrepreneurs-tpe","url":"https:\/\/www.toutsurmesfinances.com\/argent\/a\/coronavirus-et-aides-pour-les-independants-auto-entrepreneurs-tpe","name":"Aides financi\u00e8res Covid-19 ind\u00e9pendants, auto-entrepreneurs, TPE","isPartOf":{"@id":"https:\/\/www.toutsurmesfinances.com\/argent\/#website"},"primaryImageOfPage":{"@id":"https:\/\/www.toutsurmesfinances.com\/argent\/a\/coronavirus-et-aides-pour-les-independants-auto-entrepreneurs-tpe#primaryimage"},"image":{"@id":"https:\/\/www.toutsurmesfinances.com\/argent\/a\/coronavirus-et-aides-pour-les-independants-auto-entrepreneurs-tpe#primaryimage"},"thumbnailUrl":"https:\/\/www.toutsurmesfinances.com\/argent\/wp-content\/uploads\/sites\/3\/2020\/04\/aides-tpeaeindes.jpg","dateModified":"2020-07-31T09:58:11+00:00","description":"Aide de 1.500 \u20ac, report ou annulation de cotisations Urssaf, d\u2019imp\u00f4ts, de loyers et factures, pr\u00eat de tr\u00e9sorerie garanti par l\u2019\u00c9tat. Toutes les mesures d\u2019aide prises par le gouvernement et les administrations pour soutenir les ind\u00e9pendants, auto-entrepreneurs et tr\u00e8s petites entreprises (TPE) dont l\u2019activit\u00e9 est p\u00e9nalis\u00e9e par l\u2019\u00e9pid\u00e9mie de coronavirus.","breadcrumb":{"@id":"https:\/\/www.toutsurmesfinances.com\/argent\/a\/coronavirus-et-aides-pour-les-independants-auto-entrepreneurs-tpe#breadcrumb"},"inLanguage":"fr-FR","potentialAction":[{"@type":"ReadAction","target":["https:\/\/www.toutsurmesfinances.com\/argent\/a\/coronavirus-et-aides-pour-les-independants-auto-entrepreneurs-tpe"]}]},{"@type":"ImageObject","inLanguage":"fr-FR","@id":"https:\/\/www.toutsurmesfinances.com\/argent\/a\/coronavirus-et-aides-pour-les-independants-auto-entrepreneurs-tpe#primaryimage","url":"https:\/\/www.toutsurmesfinances.com\/argent\/wp-content\/uploads\/sites\/3\/2020\/04\/aides-tpeaeindes.jpg","contentUrl":"https:\/\/www.toutsurmesfinances.com\/argent\/wp-content\/uploads\/sites\/3\/2020\/04\/aides-tpeaeindes.jpg","width":823,"height":463},{"@type":"BreadcrumbList","@id":"https:\/\/www.toutsurmesfinances.com\/argent\/a\/coronavirus-et-aides-pour-les-independants-auto-entrepreneurs-tpe#breadcrumb","itemListElement":[{"@type":"ListItem","position":1,"name":"Accueil","item":"https:\/\/www.toutsurmesfinances.com\/argent\/"},{"@type":"ListItem","position":2,"name":"Aides financi\u00e8res","item":"https:\/\/www.toutsurmesfinances.com\/argent\/c\/aides-financieres"},{"@type":"ListItem","position":3,"name":"Coronavirus et aides pour les ind\u00e9pendants, auto-entrepreneurs, TPE"}]},{"@type":"WebSite","@id":"https:\/\/www.toutsurmesfinances.com\/argent\/#website","url":"https:\/\/www.toutsurmesfinances.com\/argent\/","name":"Argent","description":"","publisher":{"@id":"https:\/\/www.toutsurmesfinances.com\/argent\/#organization"},"potentialAction":[{"@type":"SearchAction","target":{"@type":"EntryPoint","urlTemplate":"https:\/\/www.toutsurmesfinances.com\/argent\/?s={search_term_string}"},"query-input":{"@type":"PropertyValueSpecification","valueRequired":true,"valueName":"search_term_string"}}],"inLanguage":"fr-FR"},{"@type":"Organization","@id":"https:\/\/www.toutsurmesfinances.com\/argent\/#organization","name":"Tout Sur Mes Finances","url":"https:\/\/www.toutsurmesfinances.com\/argent\/","logo":{"@type":"ImageObject","inLanguage":"fr-FR","@id":"https:\/\/www.toutsurmesfinances.com\/argent\/#\/schema\/logo\/image\/","url":"https:\/\/www.toutsurmesfinances.com\/argent\/wp-content\/uploads\/sites\/3\/2021\/01\/favicon.png","contentUrl":"https:\/\/www.toutsurmesfinances.com\/argent\/wp-content\/uploads\/sites\/3\/2021\/01\/favicon.png","width":512,"height":512,"caption":"Tout Sur Mes Finances"},"image":{"@id":"https:\/\/www.toutsurmesfinances.com\/argent\/#\/schema\/logo\/image\/"},"sameAs":["https:\/\/x.com\/Toutsur"]},{"@type":"Person","@id":"https:\/\/www.toutsurmesfinances.com\/argent\/#\/schema\/person\/f3692b3163890cd1408bd0dc68a1b55a","name":"Olivier Brunet","image":{"@type":"ImageObject","inLanguage":"fr-FR","@id":"https:\/\/www.toutsurmesfinances.com\/argent\/#\/schema\/person\/image\/","url":"https:\/\/secure.gravatar.com\/avatar\/59a19214b7bb3163a27d873fa61f9a80?s=96&d=mm&r=g","contentUrl":"https:\/\/secure.gravatar.com\/avatar\/59a19214b7bb3163a27d873fa61f9a80?s=96&d=mm&r=g","caption":"Olivier Brunet"},"description":"Olivier Brunet est cofondateur de\u00a0ToutSurMesFinances.com\u00a0et r\u00e9dacteur en chef sp\u00e9cialis\u00e9 en placements et fiscalit\u00e9\u00a0des particuliers. Pr\u00e9sent\u00a0au sein du\u00a0m\u00e9dia\u00a0depuis sa cr\u00e9ation, il en est l\u2019un des piliers \u00e9ditoriaux. Il analyse les strat\u00e9gies d\u2019investissement,\u00a0suit\u00a0les \u00e9volutions fiscales et les\u00a0probl\u00e9matiques\u00a0patrimoniales\u00a0avec une vision long terme, forg\u00e9e par des ann\u00e9es de pratique et de suivi des march\u00e9s.\u00a0","sameAs":["https:\/\/www.toutsurmesfinances.com\/author\/olivier","https:\/\/www.linkedin.com\/in\/obrunet\/"]}]}},"_links":{"self":[{"href":"https:\/\/www.toutsurmesfinances.com\/argent\/wp-json\/wp\/v2\/posts\/4303","targetHints":{"allow":["GET"]}}],"collection":[{"href":"https:\/\/www.toutsurmesfinances.com\/argent\/wp-json\/wp\/v2\/posts"}],"about":[{"href":"https:\/\/www.toutsurmesfinances.com\/argent\/wp-json\/wp\/v2\/types\/post"}],"author":[{"embeddable":true,"href":"https:\/\/www.toutsurmesfinances.com\/argent\/wp-json\/wp\/v2\/users\/13709"}],"replies":[{"embeddable":true,"href":"https:\/\/www.toutsurmesfinances.com\/argent\/wp-json\/wp\/v2\/comments?post=4303"}],"version-history":[{"count":4,"href":"https:\/\/www.toutsurmesfinances.com\/argent\/wp-json\/wp\/v2\/posts\/4303\/revisions"}],"predecessor-version":[{"id":5034,"href":"https:\/\/www.toutsurmesfinances.com\/argent\/wp-json\/wp\/v2\/posts\/4303\/revisions\/5034"}],"wp:featuredmedia":[{"embeddable":true,"href":"https:\/\/www.toutsurmesfinances.com\/argent\/wp-json\/wp\/v2\/media\/4304"}],"wp:attachment":[{"href":"https:\/\/www.toutsurmesfinances.com\/argent\/wp-json\/wp\/v2\/media?parent=4303"}],"wp:term":[{"taxonomy":"category","embeddable":true,"href":"https:\/\/www.toutsurmesfinances.com\/argent\/wp-json\/wp\/v2\/categories?post=4303"},{"taxonomy":"post_tag","embeddable":true,"href":"https:\/\/www.toutsurmesfinances.com\/argent\/wp-json\/wp\/v2\/tags?post=4303"}],"curies":[{"name":"wp","href":"https:\/\/api.w.org\/{rel}","templated":true}]}}