{"id":9306,"date":"2021-12-10T15:28:47","date_gmt":"2021-12-10T14:28:47","guid":{"rendered":"https:\/\/www.toutsurmesfinances.com\/argent\/?p=9306"},"modified":"2025-01-17T18:04:49","modified_gmt":"2025-01-17T17:04:49","slug":"prestation-de-compensation-du-handicap-pch-conditions-montant-demarches","status":"publish","type":"post","link":"https:\/\/www.toutsurmesfinances.com\/argent\/a\/prestation-de-compensation-du-handicap-pch-conditions-montant-demarches","title":{"rendered":"Prestation de compensation du handicap (PCH) 2025 : conditions, montant, d\u00e9marches"},"content":{"rendered":"<h2><span class=\"ez-toc-section\" id=\"Prestation_de_compensation_du_handicap_PCH_definition\"><\/span>Prestation de compensation du handicap (PCH) : d\u00e9finition<span class=\"ez-toc-section-end\"><\/span><\/h2>\n<p>La prestation de compensation du handicap (PCH) a \u00e9t\u00e9 cr\u00e9\u00e9e en 2006 pour remplacer l\u2019allocation compensatrice pour tierce personne (ACTP). Issue de la <a href=\"https:\/\/www.legifrance.gouv.fr\/jorf\/id\/JORFTEXT000000809647\" target=\"_blank\" rel=\"nofollow noopener noreferrer\">loi du 11 f\u00e9vrier 2005 pour l&rsquo;\u00e9galit\u00e9 des droits et des chances, la participation et la citoyennet\u00e9 des personnes handicap\u00e9es<\/a>, la PCH une <strong>aide financi\u00e8re personnalis\u00e9e<\/strong>\u00a0qui sert \u00e0 compenser les surco\u00fbts g\u00e9n\u00e9r\u00e9s par la perte d&rsquo;autonomie dans la r\u00e9alisation des actes de la vie quotidienne du fait du handicap.<\/p>\n<p>La PCH permet ainsi de b\u00e9n\u00e9ficier de la prise en charge, \u00e0 taux plein ou \u00e0 taux partiel (dans des limites pr\u00e9d\u00e9termin\u00e9es), de certains frais li\u00e9s au handicap et\/ou \u00e0 la perte d\u2019autonomie. Plafonn\u00e9e, cette aide modulable comprend <strong>cinq formes de prestations<\/strong>. Son montant vient, par exemple, financer toute aide humaine ou technique, mais aussi l&rsquo;adaptation et l\u2019am\u00e9nagement du v\u00e9hicule ou du logement d&rsquo;une personne handicap\u00e9e. De son c\u00f4t\u00e9, le volet \u00ab aide animali\u00e8re \u00bb de la PCH permet notamment la prise en charge des frais d\u2019acquisition et d\u2019entretien des chiens d\u2019assistance ou chiens guide d\u2019aveugle. Ce n\u2019est donc pas une allocation \u00e0 proprement parler, puisque la PCH intervient <em>a posteriori<\/em> des d\u00e9penses engag\u00e9es.<\/p>\n<p>La prestation de compensation du handicap est bas\u00e9e sur le degr\u00e9 d\u2019autonomie, les ressources, l\u2019\u00e2ge, et le lieu de r\u00e9sidence de la personne qui en fait la demande. Contrairement \u00e0 certaines aides financi\u00e8res destin\u00e9es aux personnes \u00e0 mobilit\u00e9 r\u00e9duite (PMR) et en situation de handicap, l&rsquo;attribution de la PCH adulte ou enfant n&rsquo;est pas conditionn\u00e9e \u00e0 un taux d&rsquo;incapacit\u00e9.<\/p>\n<p>Les dur\u00e9es d\u2019attribution des cinq formes d&rsquo;aides sp\u00e9cifiques constituant la PCH sont actuellement variables. Depuis le 1<sup>er<\/sup> janvier 2022, dans un souci de simplification administrative, elles ont \u00e9t\u00e9 uniformis\u00e9es, pour \u00eatre fix\u00e9es \u00e0 dix ans. Dans certains cas, la PCH peut \u00eatre attribu\u00e9e sans limitation de dur\u00e9e depuis cette date.<\/p>\n<h2><span class=\"ez-toc-section\" id=\"Les_conditions_dattribution_de_la_PCH_en_2025\"><\/span>Les conditions d\u2019attribution de la PCH en 2025<span class=\"ez-toc-section-end\"><\/span><\/h2>\n<h3>Les conditions li\u00e9es \u00e0 l\u2019autonomie<\/h3>\n<p>Le b\u00e9n\u00e9fice de la prestation de compensation du handicap est accord\u00e9, en premier lieu, au regard du d\u00e9faut d&rsquo;autonomie du demandeur dans des t\u00e2ches primordiales de la vie quotidienne. Au nombre de 20 actuellement, ces activit\u00e9s importantes de la vie sont list\u00e9es \u00e0 <a href=\"https:\/\/www.legifrance.gouv.fr\/codes\/article_lc\/LEGIARTI000042855653\" target=\"_blank\" rel=\"nofollow noopener noreferrer\">l\u2019annexe 2-5 Code de l\u2019action sociale et des familles (CASF)<\/a>. Elles rel\u00e8vent des domaines de la mobilit\u00e9 (se mettre debout, marcher&#8230;), de l\u2019entretien personnel (se laver, s&rsquo;habiller, prendre ses repas&#8230;), de la communication (parler, entendre et comprendre&#8230;), ainsi que des t\u00e2ches et exigences g\u00e9n\u00e9rales et des relations avec autrui (gestion du stress, orientation dans le temps et dans l\u2019espace&#8230;).<\/p>\n<p><strong>IMPORTANT :<\/strong> depuis le 1er janvier 2023, les personnes atteintes de surdic\u00e9cit\u00e9 (dites aussi sourdaveugles) peuvent aussi b\u00e9n\u00e9ficier du financement d\u2019un auxiliaire de vie pour accomplir des actes de la vie quotidienne. Ces personnes qui cumulent une d\u00e9ficience auditive et une d\u00e9ficience visuelle ont acc\u00e8s, en fonction de l\u2019importance de celles-ci, \u00e0 un forfait de 30, 50 ou 80 heures d\u2019aide humaine par mois.<\/p>\n<p>Pour percevoir la PCH, il faut se trouver dans l&rsquo;une des deux situations suivantes :<\/p>\n<ul>\n<li>soit le demandeur il est <strong>dans l&rsquo;impossibilit\u00e9 de r\u00e9aliser seul l&rsquo;une des activit\u00e9s du quotidien<\/strong> pr\u00e9cit\u00e9es (on parle de \u00ab difficult\u00e9 absolue \u00bb)<\/li>\n<li>soit <strong>la r\u00e9alisation d&rsquo;au moins deux de ces activit\u00e9s essentielles est difficile et incompl\u00e8te<\/strong> par la personne seule (on parle de \u00ab difficult\u00e9 grave \u00bb).<\/li>\n<\/ul>\n<p>Les difficult\u00e9s rencontr\u00e9es par le demandeur doivent \u00eatre d\u00e9finitives ou d&rsquo;une dur\u00e9e pr\u00e9visible d&rsquo;au moins un an.<\/p>\n<h3>Les conditions d\u2019\u00e2ge pour b\u00e9n\u00e9ficier de la PCH<\/h3>\n<p>Des conditions li\u00e9es \u00e0 l&rsquo;\u00e2ge sont requises pour b\u00e9n\u00e9ficier de la PCH. Elles ont \u00e9t\u00e9 partiellement assouplies par la <a href=\"https:\/\/www.legifrance.gouv.fr\/jorf\/id\/JORFTEXT000041697004\" target=\"_blank\" rel=\"nofollow noopener noreferrer\">loi du 6 mars 2020<\/a>.<\/p>\n<p>Jusque-l\u00e0, la limite d&rsquo;\u00e2ge pour solliciter la prestation compensatoire du handicap \u00e9tait fix\u00e9e \u00e0 60 ans. Celle-ci pouvait n\u00e9anmoins \u00eatre demand\u00e9e de fa\u00e7on d\u00e9rogatoire jusqu&rsquo;\u00e0 75 ans si la personne exer\u00e7ait toujours une activit\u00e9 professionnelle ou si elle pouvait prouver qu&rsquo;elle r\u00e9pondait aux crit\u00e8res du droit d\u2019ouverture \u00e0 la PCH avant l\u2019\u00e2ge de 60 ans ; apr\u00e8s 75 ans, il \u00e9tait trop tard pour en faire la demande : la personne \u00e9tait alors \u00e9ligible \u00e0 l&rsquo;allocation personnalis\u00e9e d&rsquo;autonomie (APA).<\/p>\n<p>Gr\u00e2ce \u00e0 l&rsquo;application du nouveau texte de loi, la barri\u00e8re d&rsquo;\u00e2ge de 75 ans pour b\u00e9n\u00e9ficier de la PCH a enfin saut\u00e9 depuis le 1<sup>er<\/sup> janvier 2021. Autrement dit, une personne de 75 ans et plus, dont le handicap a \u00e9t\u00e9 reconnu avant 60 ans, peut d\u00e9sormais faire une demande de PCH, \u00e0 condition qu&rsquo;elle en remplisse les conditions d\u2019acc\u00e8s et qu\u2019elle n\u2019ope pas pour l\u2019allocation personnalis\u00e9e d\u2019autonomie.<\/p>\n<p>Par ailleurs, la PCH est ouverte \u00e0 un enfant et \u00e0 un adolescent atteint de handicap. Ses parents peuvent en faire la demande avant qu\u2019il ait atteint l\u2019\u00e2ge de 20 ans (jusqu\u2019\u00e0 la veille de ses 20 ans), s\u2019il souffre d\u2019un handicap donnant droit \u00e0 la PCH, et uniquement s&rsquo;il touche d\u00e9j\u00e0, sous certaines conditions, l&rsquo;<a href=\"https:\/\/www.toutsurmesfinances.com\/argent\/a\/allocation-d-education-de-l-enfant-handicape-aeeh-conditions-montant-demarches\">allocation d&rsquo;\u00e9ducation de l&rsquo;enfant handicap\u00e9 (AEEH)<\/a>.<\/p>\n<h3>Les conditions li\u00e9es aux ressources<\/h3>\n<p>Si l&rsquo;acc\u00e8s \u00e0 la prestation de compensation du handicap n&rsquo;est pas soumis \u00e0 conditions de ressources, ces derni\u00e8res sont pourtant prises en compte pour d\u00e9terminer le taux de la prise en charge de la PCH. Une participation est laiss\u00e9e \u00e0 la charge du b\u00e9n\u00e9ficiaire\u00a0; elle est <strong>fonction de son niveau de ressources<\/strong>.<\/p>\n<p>Ce sont les ressources annuelles de la personne handicap\u00e9e (ou des parents, pour un enfant handicap\u00e9) qui d\u00e9terminent le taux de prise en charge de la PCH. La prise en charge \u00e0 taux plein ou \u00e0 taux partiel varie selon que ces ressources d\u00e9passent ou non deux fois le montant annuel de la majoration pour tierce personne (MTP), soit <strong>30.398,54 euros annuels<\/strong> en 2025 (ou 80% si elles sont sup\u00e9rieures \u00e0 ce plafond).<\/p>\n<p>Les ressources prises en compte pour d\u00e9terminer le taux de prise en charge sont celles per\u00e7ues au cours de l\u2019ann\u00e9e civile pr\u00e9c\u00e9dant celle de la demande, selon l\u2019<a href=\"https:\/\/www.legifrance.gouv.fr\/codes\/article_lc\/LEGIARTI000006905896\" target=\"_blank\" rel=\"nofollow noopener noreferrer\">article R 245-45 du Code de l\u2019action sociale et des familles<\/a>. Ce sont donc celles de l&rsquo;ann\u00e9e N-1 (2024 pour une demande en 2025, par exemple). La Direction g\u00e9n\u00e9rale des finances publiques (DGFiP) pr\u00e9cise qu&rsquo;il s&rsquo;agit des <strong>revenus avant pr\u00e9l\u00e8vement \u00e0 la source<\/strong>.<\/p>\n<p>Seuls les revenus du patrimoine (revenus de capitaux mobiliers, revenus fonciers\u2026) sont retenus pour la d\u00e9termination du taux de prise en charge. Comme l&rsquo;indique la loi du 11 f\u00e9vrier 2005 instituant la PCH, de tr\u00e8s nombreux revenus sont exclus du calcul du plafond. Parmi <strong>les ressources qui ne sont pas prises en compte<\/strong> figurent notamment (liste non exhaustive) :<\/p>\n<ul>\n<li>les revenus d\u2019activit\u00e9 professionnelle du demandeur<\/li>\n<li>les revenus d\u2019activit\u00e9 du conjoint, du concubin, du pacs\u00e9, de l\u2019aidant familial qui, vivant au foyer de l\u2019int\u00e9ress\u00e9, en assure l\u2019aide effective, de ses parents m\u00eame lorsque l\u2019int\u00e9ress\u00e9 est domicili\u00e9 chez eux<\/li>\n<li>les rentes viag\u00e8res, sous certaines conditions<\/li>\n<li>les revenus de remplacement : avantage de vieillesse ou d\u2019invalidit\u00e9, allocations vers\u00e9es aux travailleurs priv\u00e9s d\u2019emploi, indemnit\u00e9s de maladie, maternit\u00e9, maladies professionnelles, accidents du travail, <a href=\"https:\/\/www.toutsurmesfinances.com\/argent\/a\/pension-alimentaire-montant-grille-indicative-calcul\">pension alimentaire<\/a>, <a href=\"https:\/\/www.toutsurmesfinances.com\/argent\/a\/bourse-etudiante-montants-conditions-demande-et-dossier\">bourses d\u2019\u00e9tudiant<\/a><\/li>\n<li>les prestations sociales \u00e0 objet sp\u00e9cialis\u00e9 : <a href=\"https:\/\/www.toutsurmesfinances.com\/immobilier\/calcul-simulation-criteres-ce-qu-il-faut-savoir-sur-les-apl.html\">allocation de logement<\/a>, <a href=\"https:\/\/www.toutsurmesfinances.com\/argent\/a\/rsa-conditions-demande-montants-et-calendrier-de-versement\">RSA<\/a>, <a href=\"https:\/\/www.toutsurmesfinances.com\/argent\/a\/aides-au-demenagement-caf-aide-mobili-pass-pole-emploi#La_prime_de_demenagement_de_la_CAF_pour_les_familles\">prime de d\u00e9m\u00e9nagement<\/a><\/li>\n<\/ul>\n<h3>Les conditions de lieu de r\u00e9sidence<\/h3>\n<p>Pour pr\u00e9tendre \u00e0 la prestation de compensation du handicap, le demandeur doit justifier d\u2019une<strong> r\u00e9sidence stable et r\u00e9guli\u00e8re en France (m\u00e9tropole et Outre-mer)<\/strong>, qu&rsquo;il loge \u00e0 son domicile ou dans un \u00e9tablissement social, m\u00e9dico-social ou dans un \u00e9tablissement de sant\u00e9.<\/p>\n<p>Les personnes sans domicile stable ou fixe doivent effectuer une demande de domiciliation pour pouvoir obtenir la PCH. Une personne \u00e9trang\u00e8re r\u00e9sidant en France depuis au moins trois mois doit d\u00e9tenir une carte de r\u00e9sident ou un titre de s\u00e9jour valide pour obtenir l&rsquo;aide.<\/p>\n<p>D&rsquo;un\u00a0d\u00e9partement \u00e0 l&rsquo;autre, l&rsquo;appr\u00e9ciation de la situation des personnes handicap\u00e9es varie. En cas de d\u00e9m\u00e9nagement dans un autre d\u00e9partement, il faut pr\u00e9venir la MDPH du nouveau d\u00e9partement pour lui demander de transf\u00e9rer son dossier de PCH.<\/p>\n<p>Sur d\u00e9rogation, les demandeurs h\u00e9berg\u00e9s en centre de soin en Europe et n\u2019ayant pu obtenir de place dans un \u00e9tablissement fran\u00e7ais, peuvent \u00e9galement pr\u00e9tendre \u00e0 la PCH. Ne sont concern\u00e9s que les \u00e9tablissements situ\u00e9s :<\/p>\n<ul>\n<li>en Belgique<\/li>\n<li>au Luxembourg<\/li>\n<li>en Allemagne<\/li>\n<li>en Suisse<\/li>\n<li>en Italie<\/li>\n<li>en Espagne<\/li>\n<\/ul>\n<p><strong>ATTENTION :<\/strong> en cas d&rsquo;h\u00e9bergement dans l&rsquo;un de ces pays, la dur\u00e9e du s\u00e9jour doit \u00eatre comprise entre un et cinq ans. Par ailleurs, la demande de PCH doit \u00eatre effectu\u00e9e avant le d\u00e9part de France.<\/p>\n<h2><span class=\"ez-toc-section\" id=\"Les_aides_financees_par_la_PCH\"><\/span>Les aides financ\u00e9es par la PCH<span class=\"ez-toc-section-end\"><\/span><\/h2>\n<p>La prestation de compensation du handicap permet de prendre en charge financi\u00e8rement les frais li\u00e9s \u00e0 cinq types d\u2019aides. Toutefois, la PCH ne permet \u00e0 elle seule de r\u00e9pondre \u00e0 l\u2019ensemble des besoins de compensation.<\/p>\n<h3>L\u2019aide humaine<\/h3>\n<p>D\u00e9termin\u00e9e par l\u2019<a href=\"https:\/\/www.legifrance.gouv.fr\/codes\/article_lc\/LEGIARTI000042855653\/\" target=\"_blank\" rel=\"nofollow noopener noreferrer\">annexe 2-5 du Code de l\u2019action sociale (CASF)<\/a>, l\u2019aide humaine est destin\u00e9e \u00e0 couvrir l\u2019intervention d\u2019une tierce personne ou d\u2019un aidant familial (membre de la famille qui n&rsquo;est pas salari\u00e9 pour cette aide) pour :<\/p>\n<ul>\n<li><strong>l\u2019accompagnement<\/strong> de la personne en situation de handicap pour l\u2019accomplissement des actes essentiels de l\u2019existence (pr\u00e9paration des repas, alimentation, toilette, habillage, vaisselle, d\u00e9placements dans le logement\u2026)<\/li>\n<li><strong>la surveillance r\u00e9guli\u00e8re<\/strong> de la personne souffrant de handicap, afin d\u2019\u00e9viter qu\u2019elle ne s\u2019expose \u00e0 un danger mena\u00e7ant son int\u00e9grit\u00e9 ou sa s\u00e9curit\u00e9<\/li>\n<li><strong>les frais suppl\u00e9mentaires<\/strong> dus \u00e0 une activit\u00e9 professionnelle ou une fonction \u00e9lective<\/li>\n<\/ul>\n<p>L\u2019aide humaine peut se traduire soit par une suppl\u00e9ance partielle (quand la personne en situation de handicap ne peut r\u00e9aliser seule l\u2019int\u00e9gralit\u00e9 d\u2019une activit\u00e9), soit par une suppl\u00e9ance compl\u00e8te (quand l\u2019activit\u00e9 doit \u00eatre enti\u00e8rement r\u00e9alis\u00e9e par l\u2019aidant). Elle peut avoir lieu \u00e0 n\u2019importe quel endroit, y compris sur le lieu de travail.<\/p>\n<p>En plus des droits \u00e0 compensation pr\u00e9vus dans l&rsquo;attribution de la prestation de compensation du handicap, un forfait d&rsquo;aide humaine est accord\u00e9, sous conditions, aux personnes en situation de handicap auditif et\/ou visuel. Le forfait li\u00e9 \u00e0 la perte auditive est accord\u00e9 aux individus atteints de <strong>surdit\u00e9 s\u00e9v\u00e8re ou profonde<\/strong> (sup\u00e9rieure \u00e0 70 d\u00e9cibels) et qui recourent \u00e0 un dispositif de communication n\u00e9cessitant l&rsquo;aide d&rsquo;une personne. Concernant le forfait li\u00e9 au handicap visuel, il cible les personnes atteintes de <strong>c\u00e9cit\u00e9<\/strong>, c&rsquo;est-\u00e0-dire dont la vision centrale est nulle ou inf\u00e9rieure \u00e0 1\/20 de la vision normale.<\/p>\n<h3>L\u2019aide technique<\/h3>\n<p>Selon la d\u00e9finition inscrite dans le Code de l&rsquo;action sociale et des familles, les aides techniques sont \u00ab <strong>tout instrument, \u00e9quipement ou syst\u00e8me technique adapt\u00e9 ou sp\u00e9cialement con\u00e7u<\/strong> pour compenser une limitation d&rsquo;activit\u00e9 rencontr\u00e9e par une personne du fait de son handicap, acquis ou lou\u00e9 par la personne handicap\u00e9e pour son usage personnel \u00bb.<\/p>\n<p>Dans le cadre de la CPH, l&rsquo;aide technique est destin\u00e9e \u00e0 l&rsquo;achat de mat\u00e9riels compensant le handicap, comme un fauteuil roulant, une planche de bain, un rehausseur de toilettes ou encore une audioproth\u00e8se.<\/p>\n<p>L\u2019aide technique offre \u00e9galement la possibilit\u00e9 d\u2019acheter du mat\u00e9riel de pu\u00e9riculture sp\u00e9cialis\u00e9, de type table \u00e0 langer r\u00e9glable ou poussette.<\/p>\n<h3>L\u2019aide li\u00e9e \u00e0 l&rsquo;am\u00e9nagement du logement et du v\u00e9hicule<\/h3>\n<p>L\u2019aide \u00e0 l\u2019am\u00e9nagement du logement, prise en charge dans le cadre de la PCH, permet de <strong>financer des travaux li\u00e9s au handicap au domicile du b\u00e9n\u00e9ficiaire<\/strong> (l&rsquo;installation d&rsquo;un fauteuil dans la douche pour \u00e9viter les chutes, par exemple). Les travaux doivent servir \u00e0 compenser les limitations d&rsquo;activit\u00e9, \u00e0 titre provisoire (pr\u00e9visible d\u2019au moins un an) ou d\u00e9finitif.<\/p>\n<p>\u00c0 noter que l&rsquo;am\u00e9nagement du <strong>domicile d\u2019un aidant qui h\u00e9berge son proche souffrant de handicap<\/strong> peut aussi \u00eatre pris en charge par l\u2019aide \u00e0 l\u2019am\u00e9nagement du logement de la PCH : il importe toutefois que l\u2019aidant familial soit ascendant, descendant ou collat\u00e9ral jusqu\u2019au 4\u00e8me degr\u00e9 du conjoint, concubin ou partenaire de Pacs.<\/p>\n<p>L\u2019am\u00e9nagement du logement concerne la r\u00e9sidence principale. Si la personne est locataire, l\u2019accord du propri\u00e9taire pour effectuer ces op\u00e9rations est obligatoire et doit \u00eatre transmis lors de l\u2019\u00e9valuation.<\/p>\n<p>Dans le cas o\u00f9 le logement n&rsquo;est pas am\u00e9nageable, la PCH peut aussi couvrir une partie des <strong>frais de d\u00e9m\u00e9nagement<\/strong>.<\/p>\n<p>De son c\u00f4t\u00e9, l&rsquo;aide au transport sert \u00e0 couvrir les <strong>d\u00e9penses d&rsquo;am\u00e9nagement du v\u00e9hicule<\/strong> d\u2019une personne souffrant de handicap (conducteur ou passager), ainsi que les <strong>surco\u00fbts li\u00e9s aux trajets<\/strong>. Pour y \u00eatre \u00e9ligible, la personne doit avoir un permis de conduire portant la mention \u00ab poste de conduite adapt\u00e9 \u00bb. Une indemnit\u00e9 kilom\u00e9trique pour les trajets en voiture particuli\u00e8re peut aussi \u00eatre vers\u00e9e.<\/p>\n<h3>L\u2019aide animali\u00e8re<\/h3>\n<p>Si la situation de handicap le justifie, il est possible de demander une aide animali\u00e8re dans le cadre de la PCH. Cette aide est alors destin\u00e9e \u00e0<strong> l\u2019acquisition et \u00e0 l\u2019entretien d\u2019un animal<\/strong> dont le r\u00f4le est de maintenir ou d\u2019am\u00e9liorer l\u2019autonomie de la personne handicap\u00e9e dans la vie quotidienne. Il peut s&rsquo;agir, par exemple, d&rsquo;un chien guide d&rsquo;aveugle ou d&rsquo;assistance.<\/p>\n<p><strong>IMPORTANT :<\/strong> l&rsquo;aide animali\u00e8re n&rsquo;est valable que pour les animaux agr\u00e9\u00e9s et \u00e9duqu\u00e9s par des \u00e9ducateurs qualifi\u00e9s et agr\u00e9\u00e9s.<\/p>\n<h3>Les aides sp\u00e9cifiques ou exceptionnelles<\/h3>\n<p>L&rsquo;aide PCH permet \u00e9galement la prise en charge des charges sp\u00e9cifiques ou exceptionnelles li\u00e9es au handicap. Ces charges, qui couvrent des besoins mat\u00e9riels ou humains, ne sont pas prises en compte par un des autres \u00e9l\u00e9ments de la PCH cit\u00e9s pr\u00e9c\u00e9demment.<\/p>\n<p>Sont consid\u00e9r\u00e9es comme sp\u00e9cifiques certaines d\u00e9penses <strong>permanentes et pr\u00e9visibles<\/strong>. Il peut s&rsquo;agir, par exemple, des frais li\u00e9s \u00e0 un contrat d&rsquo;entretien d&rsquo;un fauteuil roulant, mais aussi \u00e0 l&rsquo;achat de changes, d&rsquo;alimentation sp\u00e9cifique ou encore de piles.<\/p>\n<p>Les charges exceptionnelles, elles, correspondent \u00e0 des d\u00e9penses <strong>ponctuelles<\/strong> li\u00e9es au handicap. On peut citer la r\u00e9paration d\u2019une aide technique (un lit m\u00e9dicalis\u00e9, par exemple), mais aussi le surco\u00fbt pour des vacances adapt\u00e9es. Ces d\u00e9penses doivent \u00eatre justifi\u00e9es.<\/p>\n<h2><span class=\"ez-toc-section\" id=\"Les_aides_exclues_du_benefice_de_la_PCH\"><\/span>Les aides exclues du b\u00e9n\u00e9fice de la PCH<span class=\"ez-toc-section-end\"><\/span><\/h2>\n<p>La prestation compensatoire du handicap ne permet pas de financer l\u2019aide \u00e0 la vie domestique de la personne en situation de handicap. En d\u2019autres termes, les d\u00e9penses li\u00e9es \u00e0 la r\u00e9alisation du m\u00e9nage, des courses ou encore de l\u2019entretien du linge restent \u00e0 la charge du b\u00e9n\u00e9ficiaire de la PCH. Si celui-ci a besoin d\u2019une aide-m\u00e9nag\u00e8re, il peut en faire la demande aupr\u00e8s du centre d&rsquo;action sociale de sa ville ou de la mairie. Pour information, cette aide-m\u00e9nag\u00e8re \u00e0 domicile est cumulable avec la PCH.<\/p>\n<p>Par ailleurs, la PCH ne finance pas non plus le co\u00fbt de l\u2019accueil en \u00e9tablissement m\u00e9dico-social ou en maison de retraite m\u00e9dicalis\u00e9e.<\/p>\n<h2><span class=\"ez-toc-section\" id=\"Quel_taux_de_prise_en_charge_de_la_PCH_pour_chaque_aide_eligible\"><\/span>Quel taux de prise en charge de la PCH pour chaque aide \u00e9ligible ?<span class=\"ez-toc-section-end\"><\/span><\/h2>\n<p>Le taux maximum de prise en charge de la PCH dans le cadre des d\u00e9penses g\u00e9n\u00e9r\u00e9es pour compenser le handicap s&rsquo;\u00e9l\u00e8ve en 2025 \u00e0 :<\/p>\n<ul>\n<li><strong>100% (taux plein)<\/strong> des montants limites par type d&rsquo;aide si les ressources annuelles de la personne handicap\u00e9e (ou de ses parents) sont inf\u00e9rieures ou \u00e9gales au seuil impos\u00e9 (il est de 30.398,54 euros en 2025)<\/li>\n<li><strong>80% (taux partiel)<\/strong> des montants limites par type d&rsquo;aide si les ressources annuelles sont sup\u00e9rieures \u00e0 ce plafond (ce dernier est fix\u00e9 \u00e0 30.398,54 euros en 2025)<\/li>\n<\/ul>\n<p>Selon l\u2019aide et le statut de l\u2019aidant, le taux qui s\u2019applique varie. C\u2019est en fonction de ce taux qu\u2019est d\u00e9termin\u00e9 le montant maximal attribu\u00e9 au titre de la PCH pour chacun de ses \u00e9l\u00e9ments.<\/p>\n<h3>Le taux de prise en charge de l\u2019aide humaine<\/h3>\n<p>Le taux de prise en charge de l\u2019aide humaine (\u00e0 100% ou \u00e0 80%) d\u00e9pend de la modalit\u00e9 de l\u2019aide humaine \u00e0 laquelle il est fait appel pour soutenir la personne handicap\u00e9e dans ses actes de la vie quotidienne ou pour la surveiller.<\/p>\n<p>Le tableau ci-dessous indique les diff\u00e9rents taux de prise en charge de la compensation du handicap dans son volet aide humaine :<\/p>\n<div id=\"tablepress-227-scroll-wrapper\" class=\"tablepress-scroll-wrapper\">\n\n<table id=\"tablepress-227\" class=\"tablepress tablepress-id-227 tablepress-responsive\">\n<thead>\n<tr class=\"row-1 odd\">\n\t<th colspan=\"3\" class=\"column-1\"><strong>PCH 2025\u00a0: taux de prise en charge de l\u2019aide humaine<\/strong><\/th>\n<\/tr>\n<\/thead>\n<tfoot>\n<tr class=\"row-10 even\">\n\t<th colspan=\"3\" class=\"column-1\"><em>Source\u00a0: Direction g\u00e9n\u00e9rale de la coh\u00e9sion sociale<\/em><\/th>\n<\/tr>\n<\/tfoot>\n<tbody class=\"row-hover\">\n<tr class=\"row-2 even\">\n\t<td class=\"column-1\"><strong>Modalit\u00e9 de l\u2019aide humaine<\/strong><\/td><td class=\"column-2\"><strong>Prise en charge taux plein<\/strong><\/td><td class=\"column-3\"><strong>Prise en charge taux partiel<\/strong><\/td>\n<\/tr>\n<tr class=\"row-3 odd\">\n\t<td rowspan=\"2\" class=\"column-1\"><strong>Emploi direct d\u2019une tierce personne<\/strong><\/td><td class=\"column-2\">100% dans la limite de 18,96 euros\/heure (cas g\u00e9n\u00e9ral)<\/td><td class=\"column-3\">80% dans la limite de 18,96 euros\/heure (cas g\u00e9n\u00e9ral)<\/td>\n<\/tr>\n<tr class=\"row-4 even\">\n\t<td class=\"column-2\">100% dans la limite de 19,71 euros\/heure (si r\u00e9alisation de gestes li\u00e9s \u00e0 des soins ou aspirations endo-trach\u00e9ales)<\/td><td class=\"column-3\">80% dans la limite de 19,71 euros\/heure (si r\u00e9alisation de gestes li\u00e9s \u00e0 des soins ou aspirations endo-trach\u00e9ales)<\/td>\n<\/tr>\n<tr class=\"row-5 odd\">\n\t<td rowspan=\"2\" class=\"column-1\"><strong>Recours \u00e0 un service mandataire<\/strong><\/td><td class=\"column-2\">100% dans la limite de 20,86 euros\/heure (cas g\u00e9n\u00e9ral)<\/td><td class=\"column-3\">80% dans la limite de 20,86 euros\/heure (cas g\u00e9n\u00e9ral)<\/td>\n<\/tr>\n<tr class=\"row-6 even\">\n\t<td class=\"column-2\">100% dans la limite de 21,68 euros\/heure (si r\u00e9alisation de gestes li\u00e9s \u00e0 des soins ou aspirations endo-trach\u00e9ales)<\/td><td class=\"column-3\">80% dans la limite de 21,68 euros\/heure (si r\u00e9alisation de gestes li\u00e9s \u00e0 des soins ou aspirations endo-trach\u00e9ales)<\/td>\n<\/tr>\n<tr class=\"row-7 odd\">\n\t<td class=\"column-1\"><strong>Recours \u00e0 un service de prestataire agr\u00e9\u00e9<\/strong><\/td><td class=\"column-2\">100% dans la limite de 24,58 euros\/heure ou dans la limite du montant pr\u00e9vu dans la convention pass\u00e9e entre le service prestataire et le d\u00e9partement<\/td><td class=\"column-3\">80% dans la limite de 24,58 euros\/heure ou dans la limite du montant pr\u00e9vu dans la convention pass\u00e9e entre le service prestataire et le d\u00e9partement<\/td>\n<\/tr>\n<tr class=\"row-8 even\">\n\t<td class=\"column-1\"><strong>Aidant familial d\u00e9dommag\u00e9<\/strong><\/td><td class=\"column-2\">100% dans la limite d\u2019un d\u00e9dommagement \u00e0 hauteur de 4,69 euros\/heure<\/td><td class=\"column-3\">80% dans la limite d\u2019un d\u00e9dommagement \u00e0 hauteur de 4,69 euros\/heure<\/td>\n<\/tr>\n<tr class=\"row-9 odd\">\n\t<td class=\"column-1\"><strong>Aidant familial d\u00e9dommag\u00e9 ayant r\u00e9duit ou abandonn\u00e9 une activit\u00e9 professionnelle<\/strong><\/td><td class=\"column-2\">100% dans la limite d\u2019un d\u00e9dommagement \u00e0 hauteur de 7,04 euros\/heure<\/td><td class=\"column-3\">80% dans la limite d\u2019un d\u00e9dommagement \u00e0 hauteur de 7,04 euros\/heure<\/td>\n<\/tr>\n<\/tbody>\n<\/table>\n\n<\/div><!-- #tablepress-227 from cache -->\n<p>&nbsp;<\/p>\n<p>La dur\u00e9e maximale d\u2019attribution des aides humaines est fix\u00e9e \u00e0 dix ans.<\/p>\n<h3>Le taux de prise en charge de l\u2019aide technique<\/h3>\n<p>Le niveau de remboursement de l\u2019aide destin\u00e9e \u00e0 compenser une limitation d\u2019activit\u00e9 rencontr\u00e9e par une personne du fait de son handicap (achat ou location de mat\u00e9riel) \u00e9volue selon qu\u2019il s\u2019agisse de produits inscrits ou non dans la liste des produits et prestations remboursables (LPPR) par l\u2019Assurance maladie. Le plus simple est de se renseigner aupr\u00e8s de sa caisse primaire d\u2019Assurance maladie.<\/p>\n<p>Le 1<sup>er<\/sup> janvier 2022, la dur\u00e9e d&rsquo;attribution maximale des aides technique est pass\u00e9e \u00e0 dix ans, contre trois ans pr\u00e9c\u00e9demment, comme pr\u00e9cis\u00e9 dans un arr\u00eat\u00e9 <a href=\"https:\/\/www.legifrance.gouv.fr\/jorf\/id\/JORFTEXT000044264834\" target=\"_blank\" rel=\"nofollow noopener noreferrer\">paru au Journal Officiel du 29 octobre 2021<\/a>. Par ailleurs, le montant maximal attribuable est d\u00e9sormais fix\u00e9 \u00e0 13.200 euros, soit 3,3 fois plus que la valeur ant\u00e9rieure.<\/p>\n<p>Le tableau ci-apr\u00e8s fixe le taux de prise en charge de l\u2019aide technique en 2025, selon que les mat\u00e9riels figurent ou non dans la LPPR :<\/p>\n<div id=\"tablepress-228-scroll-wrapper\" class=\"tablepress-scroll-wrapper\">\n\n<table id=\"tablepress-228\" class=\"tablepress tablepress-id-228 tablepress-responsive\">\n<thead>\n<tr class=\"row-1 odd\">\n\t<th colspan=\"3\" class=\"column-1\"><strong>PCH 2025 : taux de prise en charge de l\u2019aide technique<\/strong><\/th>\n<\/tr>\n<\/thead>\n<tfoot>\n<tr class=\"row-5 odd\">\n\t<th colspan=\"3\" class=\"column-1\"><em>Source\u00a0: Direction g\u00e9n\u00e9rale de la coh\u00e9sion sociale<\/em><\/th>\n<\/tr>\n<\/tfoot>\n<tbody class=\"row-hover\">\n<tr class=\"row-2 even\">\n\t<td class=\"column-1\"><strong>Mat\u00e9riel<\/strong><\/td><td class=\"column-2\"><strong>Prise en charge taux plein<\/strong><\/td><td class=\"column-3\"><strong>Prise en charge taux partiel<\/strong><\/td>\n<\/tr>\n<tr class=\"row-3 odd\">\n\t<td class=\"column-1\"><strong>Mat\u00e9riel inscrit sur la liste des produits et prestations remboursables (LPPR)<\/strong><\/td><td class=\"column-2\">100% dans la limite de 13.200 euros tous les dix ans<\/td><td class=\"column-3\">80% dans la limite de 13.200 euros tous les dix ans<\/td>\n<\/tr>\n<tr class=\"row-4 even\">\n\t<td class=\"column-1\"><strong>Mat\u00e9riel non inscrit sur la LPPR<\/strong><\/td><td class=\"column-2\">75% dans la limite de 13.200 euros tous les dix ans<\/td><td class=\"column-3\">75% dans la limite de 13.200 euros tous les dix ans<\/td>\n<\/tr>\n<\/tbody>\n<\/table>\n\n<\/div><!-- #tablepress-228 from cache -->\n<p>&nbsp;<\/p>\n<h3>Le taux de prise en charge de l\u2019am\u00e9nagement du logement<\/h3>\n<p>Au titre de l\u2019am\u00e9nagement du logement, les taux de prise en charge (\u00e0 taux plein ou \u00e0 taux partiel) sont \u00e9valu\u00e9s sur la base du montant des devis.<\/p>\n<p>Le tableau suivant indique les taux de prise en charge du co\u00fbt de l\u2019am\u00e9nagement du logement dans le cadre de la PCH en 2025 :<\/p>\n<div id=\"tablepress-229-scroll-wrapper\" class=\"tablepress-scroll-wrapper\">\n\n<table id=\"tablepress-229\" class=\"tablepress tablepress-id-229 tablepress-responsive\">\n<thead>\n<tr class=\"row-1 odd\">\n\t<th colspan=\"3\" class=\"column-1\"><strong>PCH 2025 : taux de prise en charge de l\u2019am\u00e9nagement du logement<\/strong><\/th>\n<\/tr>\n<\/thead>\n<tfoot>\n<tr class=\"row-5 odd\">\n\t<th colspan=\"3\" class=\"column-1\"><em>Source\u00a0: Direction g\u00e9n\u00e9rale de la coh\u00e9sion sociale<\/em><\/th>\n<\/tr>\n<\/tfoot>\n<tbody class=\"row-hover\">\n<tr class=\"row-2 even\">\n\t<td class=\"column-1\"><strong>Montant des travaux<\/strong><\/td><td class=\"column-2\"><strong>Prise en charge taux plein<\/strong><\/td><td class=\"column-3\"><strong>Prise en charge taux partiel<\/strong><\/td>\n<\/tr>\n<tr class=\"row-3 odd\">\n\t<td class=\"column-1\"><strong>Travaux jusqu\u2019\u00e0 1.500 euros<\/strong><\/td><td class=\"column-2\">100% dans la limite de 10.000 euros par p\u00e9riode de dix ans<\/td><td class=\"column-3\">80% dans la limite de 10.000 euros par p\u00e9riode de dix ans<\/td>\n<\/tr>\n<tr class=\"row-4 even\">\n\t<td class=\"column-1\"><strong>Travaux sup\u00e9rieurs \u00e0 1.500 euros<\/strong><\/td><td class=\"column-2\">50% dans la limite de 10.000 euros par p\u00e9riode de dix ans<\/td><td class=\"column-3\">50% dans la limite de 10.000 euros par p\u00e9riode de dix ans<\/td>\n<\/tr>\n<\/tbody>\n<\/table>\n\n<\/div><!-- #tablepress-229 from cache -->\n<p>&nbsp;<\/p>\n<p>En ce qui concerne les co\u00fbts entra\u00een\u00e9s par le d\u00e9m\u00e9nagement dans un logement r\u00e9pondant aux normes r\u00e9glementaires d\u2019accessibilit\u00e9 et l\u2019installation des \u00e9quipements n\u00e9cessaires &#8211; lorsque l\u2019am\u00e9nagement du logement est impossible ou jug\u00e9 trop co\u00fbteux -, la prise en charge se fait dans la limite de 3.000 euros maximum par p\u00e9riode de dix ans.<\/p>\n<h3>Le taux de prise en charge de l\u2019aide au transport<\/h3>\n<p>Le taux de prise en charge de l&rsquo;aide PCH \u00e0 l&rsquo;am\u00e9nagement du v\u00e9hicule d\u00e9pend du montant des frais engag\u00e9s et du fait que les ressources annuelles du demandeur d\u00e9passe ou non la limite (30.398,54 euros en 2025). C&rsquo;est un autre bar\u00e8me qui d&rsquo;applique si les trajets sont effectu\u00e9s avec d&rsquo;autres moyens de transports qu&rsquo;en voiture particuli\u00e8re.<\/p>\n<p>Conform\u00e9ment \u00e0 un arr\u00eat\u00e9, paru au Journal Officiel du 29 octobre 2021, la dur\u00e9e d&rsquo;attribution maximale de l\u2019am\u00e9nagement du v\u00e9hicule et des surco\u00fbts li\u00e9s au transport est pass\u00e9 \u00e0 dix ans le 1<sup>er<\/sup> janvier 2022, contre cinq ans auparavant. En outre, les aides \u00e0 l&rsquo;am\u00e9nagement du v\u00e9hicule sont pass\u00e9es de 5.000 \u00e0 10.000 euros.<\/p>\n<p>Les taux et r\u00e8gles de prise en charge de la PCH aides aux transports figurent dans le tableau suivant :<\/p>\n<div id=\"tablepress-230-scroll-wrapper\" class=\"tablepress-scroll-wrapper\">\n\n<table id=\"tablepress-230\" class=\"tablepress tablepress-id-230 tablepress-responsive\">\n<thead>\n<tr class=\"row-1 odd\">\n\t<th colspan=\"3\" class=\"column-1\"><strong>PCH 2025 : taux de prise en charge de l\u2019aide au transport<\/strong><\/th>\n<\/tr>\n<\/thead>\n<tfoot>\n<tr class=\"row-7 odd\">\n\t<th colspan=\"3\" class=\"column-1\"><em>Source\u00a0: Direction g\u00e9n\u00e9rale de la coh\u00e9sion sociale<\/em><\/th>\n<\/tr>\n<\/tfoot>\n<tbody class=\"row-hover\">\n<tr class=\"row-2 even\">\n\t<td class=\"column-1\"><strong>Nature de l\u2019aide<\/strong><\/td><td class=\"column-2\"><strong>Prise en charge taux plein<\/strong><\/td><td class=\"column-3\"><strong>Prise en charge taux partiel<\/strong><\/td>\n<\/tr>\n<tr class=\"row-3 odd\">\n\t<td class=\"column-1\"><strong>Frais d\u2019am\u00e9nagement du v\u00e9hicule jusqu\u2019\u00e0 1.500 euros<\/strong><\/td><td class=\"column-2\">100%<\/td><td class=\"column-3\">80%<\/td>\n<\/tr>\n<tr class=\"row-4 even\">\n\t<td class=\"column-1\"><strong>Frais d\u2019am\u00e9nagement du v\u00e9hicule au-del\u00e0 de 1.500 euros<\/strong><\/td><td class=\"column-2\">75% dans la limite de 10.000 euros sur dix ans<\/td><td class=\"column-3\">75% dans la limite de 10.000 euros sur dix ans<\/td>\n<\/tr>\n<tr class=\"row-5 odd\">\n\t<td class=\"column-1\"><strong>Surco\u00fbt li\u00e9 au trajet en voiture particuli\u00e8re<\/strong><\/td><td class=\"column-2\">100% dans la limite de 0,50 euro\/kilom\u00e8tre et de 12.000 euros sur une p\u00e9riode de dix ans<\/td><td class=\"column-3\">80% dans la limite de 0,50 euro\/kilom\u00e8tre et de 12.000 euros sur une p\u00e9riode de dix ans<\/td>\n<\/tr>\n<tr class=\"row-6 even\">\n\t<td class=\"column-1\"><strong>Surco\u00fbt li\u00e9 au trajet avec d'autres moyens de transport<\/strong><\/td><td class=\"column-2\">75% dans la limite de 10.000 euros sur une p\u00e9riode de dix ans<\/td><td class=\"column-3\">75% dans la limite de 10.000 euros sur une p\u00e9riode de dix ans<\/td>\n<\/tr>\n<\/tbody>\n<\/table>\n\n<\/div><!-- #tablepress-230 from cache -->\n<p>&nbsp;<\/p>\n<p><strong>\u00c0 NOTER :<\/strong> des surco\u00fbts li\u00e9s aux transports peuvent \u00eatre pris en charge lorsqu\u2019il s\u2019agit :<\/p>\n<ul>\n<li>soit de trajets r\u00e9guliers, fr\u00e9quents ou correspondants \u00e0 un d\u00e9part annuel en cong\u00e9s de la personne handicap\u00e9e<\/li>\n<li>soit de d\u00e9placements entre le domicile et l\u2019h\u00f4pital ou un \u00e9tablissement m\u00e9dico-social, d\u00e8s lors qu\u2019ils sont effectu\u00e9s par un tiers ou lorsque la distance aller-retour est sup\u00e9rieure \u00e0 50 kilom\u00e8tres<\/li>\n<\/ul>\n<h3>Le taux de prise en charge de l\u2019aide animali\u00e8re<\/h3>\n<p>La prise en charge de l&rsquo;aide animali\u00e8re de la prestation de compensation du handicap est fonction des ressources annuelles du b\u00e9n\u00e9ficiaire de la PCH. Depuis le 1er janvier 2022, elle peut atteindre, \u00e0 taux plein, 100% dans la limite de 6.000 euros tous les dix ans, conform\u00e9ment \u00e0 l\u2019arr\u00eat\u00e9 paru au <em>Journal Officiel<\/em> du 29 octobre 2021. Il faut compter 80% \u00e0 taux partiel dans les m\u00eames conditions.<\/p>\n<p>Auparavant, le montant maximal\u00a0attribuable \u00e9tait fix\u00e9 \u00e0 3.000 euros pour toute p\u00e9riode de cinq ans.<\/p>\n<p>Les taux de prise en charge de la PCH aide animali\u00e8re figurent dans le tableau ci-dessous :<\/p>\n<div id=\"tablepress-231-scroll-wrapper\" class=\"tablepress-scroll-wrapper\">\n\n<table id=\"tablepress-231\" class=\"tablepress tablepress-id-231 tablepress-responsive\">\n<thead>\n<tr class=\"row-1 odd\">\n\t<th colspan=\"3\" class=\"column-1\"><strong>PCH 2025 : taux de prise en charge de l\u2019aide animali\u00e8re<\/strong><\/th>\n<\/tr>\n<\/thead>\n<tfoot>\n<tr class=\"row-4 even\">\n\t<th colspan=\"3\" class=\"column-1\"><em>Source\u00a0: Direction g\u00e9n\u00e9rale de la coh\u00e9sion sociale<\/em><\/th>\n<\/tr>\n<\/tfoot>\n<tbody class=\"row-hover\">\n<tr class=\"row-2 even\">\n\t<td class=\"column-1\"><\/td><td class=\"column-2\"><strong>Prise en charge taux plein<\/strong><\/td><td class=\"column-3\"><strong>Prise en charge taux partiel<\/strong><\/td>\n<\/tr>\n<tr class=\"row-3 odd\">\n\t<td class=\"column-1\"><strong>Frais li\u00e9s \u00e0 l'acquisition et \u00e0 l'entretien d'un animal<\/strong><\/td><td class=\"column-2\">100% dans la limite de 6.000 euros sur une p\u00e9riode de dix ans<\/td><td class=\"column-3\">80% dans la limite de 6.000 euros sur une p\u00e9riode de dix ans<\/td>\n<\/tr>\n<\/tbody>\n<\/table>\n\n<\/div><!-- #tablepress-231 from cache -->\n<p>&nbsp;<\/p>\n<h3>Le taux de prise en charge de l&rsquo;aide sp\u00e9cifique ou exceptionnelle<\/h3>\n<p>La prise en charge des aides sp\u00e9cifiques et exceptionnelles de la PCH est plafonn\u00e9e.<\/p>\n<p>Les aides sp\u00e9cifiques (d\u00e9penses permanentes) sont prises en charge \u00e0 75% dans la limite de 100 euros par mois. La dur\u00e9e maximale d\u2019attribution des charges sp\u00e9cifiques est fix\u00e9e \u00e0 dix ans.<\/p>\n<p>De leur c\u00f4t\u00e9, les aides exceptionnelles (ponctuelles) sont, depuis le 1er janvier 2022, prises en charge \u00e0 75% dans la limite de 6.000 euros tous les dix ans. C&rsquo;est un arr\u00eat\u00e9, paru au <em>Journal Officiel<\/em> du 29 octobre 2021, qui a modifi\u00e9 les r\u00e8gles. Auparavant, le plafond des aides exceptionnelles \u00e9tait fix\u00e9 \u00e0 1.800 euros sur trois ans.<\/p>\n<p>Les taux de prise en charge des aides sp\u00e9cifiques et exceptionnelles la PCH sont indiqu\u00e9es dans le tableau suivant :<\/p>\n<div id=\"tablepress-232-scroll-wrapper\" class=\"tablepress-scroll-wrapper\">\n\n<table id=\"tablepress-232\" class=\"tablepress tablepress-id-232 tablepress-responsive\">\n<thead>\n<tr class=\"row-1 odd\">\n\t<th colspan=\"2\" class=\"column-1\"><strong>PCH 2025 : taux de prise en charge de l\u2019aide sp\u00e9cifique ou exceptionnelle<\/strong><\/th>\n<\/tr>\n<\/thead>\n<tfoot>\n<tr class=\"row-5 odd\">\n\t<th colspan=\"2\" class=\"column-1\"><em>Source\u00a0: Direction g\u00e9n\u00e9rale de la coh\u00e9sion sociale<\/em><\/th>\n<\/tr>\n<\/tfoot>\n<tbody class=\"row-hover\">\n<tr class=\"row-2 even\">\n\t<td class=\"column-1\"><\/td><td class=\"column-2\"><strong>Prise en charge (taux plein et partiel)<\/strong><\/td>\n<\/tr>\n<tr class=\"row-3 odd\">\n\t<td class=\"column-1\"><strong>Charges sp\u00e9cifiques<\/strong><\/td><td class=\"column-2\">75% dans la limite de 100 euros\/mois<\/td>\n<\/tr>\n<tr class=\"row-4 even\">\n\t<td class=\"column-1\"><strong>Charges exceptionnelles<\/strong><\/td><td class=\"column-2\">75% dans la limite de 6.000 euros par p\u00e9riode de dix ans<\/td>\n<\/tr>\n<\/tbody>\n<\/table>\n\n<\/div><!-- #tablepress-232 from cache -->\n<p>&nbsp;<\/p>\n<h2><span class=\"ez-toc-section\" id=\"Les_demarches_a_effectuer_pour_beneficier_de_la_PCH\"><\/span>Les d\u00e9marches \u00e0 effectuer pour b\u00e9n\u00e9ficier de la PCH<span class=\"ez-toc-section-end\"><\/span><\/h2>\n<h3>Comment faire une demande de PCH<\/h3>\n<p>Le versement de la prestation de compensation du handicap, destin\u00e9e \u00e0 rembourser les d\u00e9penses li\u00e9es \u00e0 la perte d\u2019autonomie des personnes handicap\u00e9es r\u00e9pondant aux crit\u00e8res d&rsquo;attribution, n&rsquo;est pas automatique. En d&rsquo;autres termes, <strong>une demande est n\u00e9cessaire pour obtenir la PCH<\/strong>, que ce soit pour un adulte ou pour un enfant.<\/p>\n<p>Cela passe par la constitution d\u2019un dossier. En premier lieu, il faut compl\u00e9ter, dater et signer un formulaire de demande de prestation : il s&rsquo;agit du formulaire Cerfa n\u00b015692*01 \u00ab Demande \u00e0 la MDPH \u00bb. Ce document peut \u00eatre retir\u00e9 aupr\u00e8s de la Maison d\u00e9partementale pour les personnes handicap\u00e9es (MDPH) ou t\u00e9l\u00e9charg\u00e9 \u00e0 <a href=\"https:\/\/www.formulaires.service-public.fr\/gf\/cerfa_15692.do\" target=\"_blank\" rel=\"nofollow noopener noreferrer\">cette adresse<\/a>.<\/p>\n<p>Outre le formulaire de demande de PCH, le demandeur doit fournir plusieurs <strong>pi\u00e8ces justificatives<\/strong> pour que son dossier soit complet. Il s&rsquo;agit a minima des documents suivants :<\/p>\n<ul>\n<li>un certificat m\u00e9dical du m\u00e9decin traitant ou du sp\u00e9cialiste, avec le visa du praticien, dat\u00e9 et sign\u00e9, datant obligatoirement de moins de six mois<\/li>\n<li>une photocopie recto et verso de la carte d&rsquo;identit\u00e9 (ou un titre de s\u00e9jour) en cours de validit\u00e9). Si le demandeur fournit un livret de famille, un passeport ou un extrait d\u2019acte de naissance, toutes les pages doivent \u00eatre photocopi\u00e9es<\/li>\n<li>\u00a0un justificatif de domicile de moins de trois mois (facture d&rsquo;\u00e9nergie, d&rsquo;eau, de t\u00e9l\u00e9phone fixe&#8230;). Si le demandeur est h\u00e9berg\u00e9, il lui faut fournir une attestation d&rsquo;h\u00e9bergement ainsi qu&rsquo;un justificatif de domicile au nom de la personne qui l&rsquo;h\u00e9berge<\/li>\n<li>pour les mineurs (moins de 18 ans), la photocopie du jugement attestant des modalit\u00e9s d\u2019exercice de l\u2019autorit\u00e9 parentale<\/li>\n<li>si le demandeur b\u00e9n\u00e9ficie d\u2019une mesure de protection (tutelle, curatelle ou sauvegarde de justice), une copie du jugement doit \u00eatre jointe au dossier<\/li>\n<\/ul>\n<p><strong>IMPORTANT :<\/strong> s&rsquo;agissant des personnes atteintes de surdit\u00e9, de c\u00e9cit\u00e9 ou d&rsquo;un autre handicap auditif ou visuel, le certificat m\u00e9dical \u00e0 fournir doit \u00eatre agr\u00e9ment\u00e9 d&rsquo;un compte rendu de bilan auditif ou ophtalmologique.<\/p>\n<p>En compl\u00e9ment de ces documents, n\u00e9cessaires pour la recevabilit\u00e9 du dossier, des pi\u00e8ces compl\u00e9mentaires peuvent \u00eatre demand\u00e9es lors de l\u2019\u00e9valuation de la situation. Il peut s&rsquo;agit, en particulier, de devis ou de factures pour b\u00e9n\u00e9ficier de l&rsquo;aide technique, mais aussi de devis pour les am\u00e9nagements du logement ou du v\u00e9hicule, ou pour les surco\u00fbts li\u00e9s aux transports.<\/p>\n<p>Il est fortement conseill\u00e9 de retourner le dossier de demande \u00e0 sa MDPH en <strong>lettre recommand\u00e9e avec accus\u00e9 de r\u00e9ception (AR)<\/strong>. \u00c0 noter que certaines MDPH proposent d\u00e9sormais une <strong>saisie en ligne<\/strong>. Il est \u00e9galement possible de remettre le dossier <strong>en main propre \u00e0 sa MDPH<\/strong> : il sera plus facile de v\u00e9rifier sur place si la demande n\u00e9cessite de fournir des pi\u00e8ces manquantes ou compl\u00e9mentaires.<\/p>\n<p>C&rsquo;est ensuite la commission d\u00e9partementale d&rsquo;aide aux personnes handicap\u00e9es (CDAPH) qui se r\u00e9unit ensuite pour statuer. Elle \u00e9tudie notamment les souhaits exprim\u00e9s par la personne handicap\u00e9e ou son repr\u00e9sentant l\u00e9gal, dans la partie \u00ab Vie quotidienne \u00bb (anciennement \u00ab Projet de vie \u00bb) du formulaire. La r\u00e9ponse\u00a0 intervient g\u00e9n\u00e9ralement dans un d\u00e9lai de quatre mois \u00e0 partir de la date de d\u00e9p\u00f4t de la demande. En l&rsquo;absence de r\u00e9ponse au-del\u00e0 de quatre mois, la demande est consid\u00e9r\u00e9e comme rejet\u00e9e.<\/p>\n<p><strong>\u00c0 NOTER :<\/strong> dans certaines situations bien sp\u00e9cifiques, il est possible de demander la PCH en urgence. Cette proc\u00e9dure permet de demander au pr\u00e9sident du conseil d\u00e9partemental de verser par anticipation des montants au titre de cette prestation, alors m\u00eame qu\u2019aucune d\u00e9cision n\u2019a encore \u00e9t\u00e9 prise au niveau de la MDPH. Une demande particuli\u00e8re doit \u00eatre adress\u00e9e \u00e0 la MDPH ; elle doit comporter la nature de l&rsquo;aide, le montant pr\u00e9visible et les documents justifiant du caract\u00e8re urgent de la demande.<\/p>\n<h2><span class=\"ez-toc-section\" id=\"Quel_est_le_montant_de_la_prestation_de_compensation_du_handicap\"><\/span>Quel est le montant de la prestation de compensation du handicap ?<span class=\"ez-toc-section-end\"><\/span><\/h2>\n<p>La prestation de compensation du handicap n&rsquo;est <strong>pas une allocation au montant fixe<\/strong>. Il s&rsquo;agit d&rsquo;une allocation destin\u00e9e \u00e0 d\u00e9dommager les demandeurs d&rsquo;un certain nombre de frais occasionn\u00e9s, r\u00e9guli\u00e8rement ou ponctuellement, par la situation de handicap.<\/p>\n<p>La PCH comprend cinq formes d\u2019aide, chacune d&rsquo;elle poss\u00e9dant ses propres calculs. Concernant l\u2019aide humaine, sa prise en charge est limit\u00e9e \u00e0 un plafond fix\u00e9 en heures, selon un tarif horaire.<\/p>\n<p>Chaque \u00e9l\u00e9ment de la prestation est assorti de tarifs ou de montants maximums attribuables pour une dur\u00e9e maximale. Au final, le montant de chacun des \u00e9l\u00e9ments de la PCH est d\u00e9termin\u00e9 par des plafonds et par le taux de prise en charge d\u00e9fini selon les revenus du demandeur ou b\u00e9n\u00e9ficiaire.<\/p>\n<p>En revanche, le montant global de la PCH accord\u00e9e par b\u00e9n\u00e9ficiaire ne fait pas l\u2019objet d\u2019un plafond.<\/p>\n<p><strong>\u00c0 NOTER :<\/strong> un arr\u00eat\u00e9, <a href=\"https:\/\/www.legifrance.gouv.fr\/jorf\/id\/JORFTEXT000044264834\" target=\"_blank\" rel=\"nofollow noopener noreferrer\">publi\u00e9 le 29 octobre 2021 au Journal Officiel<\/a>, a act\u00e9 une revalorisation des montants maximaux attribuables pour les \u00e9l\u00e9ments de la PCH \u00e0 compter du 1<sup>er<\/sup> janvier 2022, hormis ceux qui s\u2019appliquent \u00e0 l\u2019aide humaine (les tarifs horaires \u00e9tant calcul\u00e9s sur la base du <a href=\"https:\/\/www.toutsurmesfinances.com\/argent\/a\/smic-brut-net-montants-taux-et-revalorisation\">Smic<\/a> net).<\/p>\n<p>Selon les derniers chiffres communiqu\u00e9s par la Caisse nationale de solidarit\u00e9 pour l&rsquo;autonomie (CNSA), on comptait 385.496 b\u00e9n\u00e9ficiaires de la PCH au 31 d\u00e9cembre 2019. Les montants moyens attribu\u00e9s \u00e0 titre ponctuel se sont \u00e9lev\u00e9s en 2020 \u00e0 :<\/p>\n<ul>\n<li>2.894 euros pour l\u2019\u00e9l\u00e9ment \u00ab am\u00e9nagement du logement \u00bb<\/li>\n<li>2.569 euros pour l\u2019\u00e9l\u00e9ment \u00ab am\u00e9nagement du v\u00e9hicule \u00bb<\/li>\n<li>884 euros pour l\u2019\u00e9l\u00e9ment \u00ab aides techniques \u00bb<\/li>\n<li>662 euros pour l\u2019\u00e9l\u00e9ment \u00ab charges exceptionnelles \u00bb<\/li>\n<li>384 euros pour l\u2019\u00e9l\u00e9ment \u00ab surco\u00fbt des frais de transport \u00bb<\/li>\n<\/ul>\n<p>Toujours selon la CNSA, les montants attribu\u00e9s \u00e0 titre mensuel en 2020 ont atteint :<\/p>\n<ul>\n<li>796 euros pour l\u2019\u00e9l\u00e9ment \u00ab aides humaines \u00bb<\/li>\n<li>64 euros pour l\u2019\u00e9l\u00e9ment \u00ab charges sp\u00e9cifiques \u00bb<\/li>\n<li>45 euros pour l\u2019\u00e9l\u00e9ment \u00ab aides animali\u00e8res \u00bb<\/li>\n<\/ul>\n<h3>Le montant de l\u2019aide humaine<\/h3>\n<p>Le montant de l\u2019aide humaine est fix\u00e9 \u00e0 un <strong>montant horaire<\/strong>, d\u00e9fini selon la personne qui r\u00e9alise l\u2019accompagnement du b\u00e9n\u00e9ficiaire de la PCH.<\/p>\n<p>Le tableau ci-apr\u00e8s indique les tarifs horaires applicables au titre de l\u2019aide humaine PCH en 2025 :<\/p>\n<div id=\"tablepress-233-scroll-wrapper\" class=\"tablepress-scroll-wrapper\">\n\n<table id=\"tablepress-233\" class=\"tablepress tablepress-id-233 tablepress-responsive\">\n<thead>\n<tr class=\"row-1 odd\">\n\t<th colspan=\"2\" class=\"column-1\"><strong>PCH 2025 : tarifs horaires pour les aides humaines<\/strong><\/th>\n<\/tr>\n<\/thead>\n<tfoot>\n<tr class=\"row-10 even\">\n\t<th colspan=\"2\" class=\"column-1\"><em>Source\u00a0: Direction g\u00e9n\u00e9rale de la coh\u00e9sion sociale<\/em><\/th>\n<\/tr>\n<\/tfoot>\n<tbody class=\"row-hover\">\n<tr class=\"row-2 even\">\n\t<td class=\"column-1\"><strong>Statut de l\u2019aidant<\/strong><\/td><td class=\"column-2\"><strong>Tarif horaire PCH<\/strong><\/td>\n<\/tr>\n<tr class=\"row-3 odd\">\n\t<td class=\"column-1\">Emploi direct d\u2019une tierce personne (principe g\u00e9n\u00e9ral)<\/td><td class=\"column-2\">18,96 euros\/heure<\/td>\n<\/tr>\n<tr class=\"row-4 even\">\n\t<td class=\"column-1\">Emploi direct d\u2019une tierce personne (si r\u00e9alisation de gestes li\u00e9s \u00e0 des soins ou aspirations endo-trach\u00e9ales)<\/td><td class=\"column-2\">19,71 euros\/heure<\/td>\n<\/tr>\n<tr class=\"row-5 odd\">\n\t<td class=\"column-1\">Service mandataire (principe g\u00e9n\u00e9ral)<\/td><td class=\"column-2\">20,86 euros\/heure<\/td>\n<\/tr>\n<tr class=\"row-6 even\">\n\t<td class=\"column-1\">Service mandataire (si r\u00e9alisation de gestes li\u00e9s \u00e0 des soins ou aspirations endo-trach\u00e9ales)<\/td><td class=\"column-2\">21,68 euros\/heure<\/td>\n<\/tr>\n<tr class=\"row-7 odd\">\n\t<td class=\"column-1\">Service prestataire agr\u00e9\u00e9<\/td><td class=\"column-2\">24,58 euros<br \/>\nou prix pr\u00e9vu dans la convention pass\u00e9e entre le d\u00e9partement et ce service<\/td>\n<\/tr>\n<tr class=\"row-8 even\">\n\t<td class=\"column-1\">Aidant familial d\u00e9dommag\u00e9<\/td><td class=\"column-2\">4,69 euros\/heure<\/td>\n<\/tr>\n<tr class=\"row-9 odd\">\n\t<td class=\"column-1\">Aidant familial d\u00e9dommag\u00e9 ayant r\u00e9duit ou abandonn\u00e9 une activit\u00e9 professionnelle<\/td><td class=\"column-2\">7,04 euros\/heure<\/td>\n<\/tr>\n<\/tbody>\n<\/table>\n\n<\/div><!-- #tablepress-233 from cache -->\n<p>&nbsp;<\/p>\n<p><strong>IMPORTANT :<\/strong> le versement du montant de la PCH est r\u00e9duit, le temps de la p\u00e9riode d\u2019h\u00e9bergement ou d\u2019hospitalisation du b\u00e9n\u00e9ficiaire <em>(voir plus bas)<\/em><\/p>\n<h3>Le montant de l\u2019aide technique<\/h3>\n<p>Concernant le montant de l&rsquo;aide technique PCH, le montant total au titre des aides techniques \u00e0 taux plein est plafonn\u00e9 depuis le 1er janvier 2022 \u00e0 <strong>13.200 euros par p\u00e9riode de dix ans<\/strong> (contre un plafond de 3.960 euros par p\u00e9riode de trois ans, auparavant). Il faut compter 80% dans la limite de 13.200 euros tous les dix ans au taux partiel.<\/p>\n<p>En r\u00e8gle g\u00e9n\u00e9rale, un tarif de remboursement est attribu\u00e9 \u00e0 chaque mat\u00e9riel ou type de frais. En revanche, pour les mat\u00e9riels ne figurant sur la liste des produits et prestations remboursables (LPPR), le remboursement \u00e9quivaut \u00e0 75% du prix d\u2019achat, dans la limite du montant maximum attribuable.<\/p>\n<h3>Le montant maximum de l\u2019am\u00e9nagement du logement<\/h3>\n<p>Dans le cadre de l&rsquo;aide \u00e0 l&rsquo;am\u00e9nagement du logement, les travaux peuvent \u00eatre couverts \u00e0 hauteur maximum de<strong> 10.000 euros par p\u00e9riode de dix ans<\/strong>.<\/p>\n<p>Si le montant des d\u00e9penses est inf\u00e9rieur \u00e0 1.500 euros, 100% des travaux sont pris en charge \u00e0 taux plein (le b\u00e9n\u00e9ficiaire de la PCH n&rsquo;a aucun reste \u00e0 charge), et 80% \u00e0 taux partiel.<\/p>\n<p>Pour les travaux d&rsquo;am\u00e9nagement dont le montant exc\u00e8de 1.500 euros, ce sont 50% des frais qui sont pris en charge, \u00e0 concurrence du montant maximum de 10.000 euros pour toute p\u00e9riode de dix ans.<\/p>\n<p>Le d\u00e9m\u00e9nagement &#8211; rendu n\u00e9cessaire lorsque l&rsquo;am\u00e9nagement du logement de la personne handicap\u00e9e est impossible ou trop co\u00fbteux &#8211; est aussi couvert, \u00e0 hauteur de<strong> 3.000 euros par p\u00e9riode de dix ans<\/strong>.<\/p>\n<h3>Le montant maximum des aides au transport<\/h3>\n<p>Pour l\u2019am\u00e9nagement du v\u00e9hicule et le surco\u00fbt li\u00e9 aux transports, le montant maximal attribuable de l&rsquo;aide PCH est fix\u00e9 depuis le 1er janvier 2022 \u00e0 <strong>10.000 euros par p\u00e9riode de dix ans<\/strong> (au lieu de 5.000 euros par p\u00e9riode de cinq ans).<strong>\u00a0 \u00a0 \u00a0 \u00a0<\/strong><\/p>\n<p>Le montant maximum attribuable au titre des surco\u00fbts li\u00e9s au transport est major\u00e9 lorsque, pour un trajet domicile &#8211; lieu de travail ou un trajet domicile &#8211; \u00e9tablissement (social, m\u00e9dico-social ou de sant\u00e9) :<\/p>\n<ul>\n<li>la personne handicap\u00e9e est oblig\u00e9e d&rsquo;avoir recours \u00e0 un transport assur\u00e9 par un tiers<\/li>\n<li>la personne handicap\u00e9e doit effectuer un d\u00e9placement aller et retour sup\u00e9rieur \u00e0 50 kilom\u00e8tres<strong style=\"background-color: transparent\">\u00a0 \u00a0<\/strong><\/li>\n<\/ul>\n<h3>Le montant de l\u2019aide animali\u00e8re<\/h3>\n<p>Depuis le 1er janvier 2022, la PCH aide animali\u00e8re prend en charge les frais d\u2019acquisition et d\u2019entretien d\u2019un animal d\u2019assistance (un chien d&rsquo;aveugle, par exemple) \u00e0 hauteur d\u2019un montant total maximal de <strong>6.000 euros par p\u00e9riode de dix ans<\/strong>. Auparavant, le \u00a0plafond de la PCH aide animali\u00e8re \u00e9tait fix\u00e9 \u00e0 3.000 euros par p\u00e9riode de cinq ans.<\/p>\n<h3>Le montant de l&rsquo;aide sp\u00e9cifique ou exceptionnelle<\/h3>\n<p>Le montant maximum attribuable au titre de l\u2019\u00e9l\u00e9ment charges sp\u00e9cifiques de la PCH (des d\u00e9penses permanentes et pr\u00e9visibles li\u00e9es au handicap) s&rsquo;\u00e9l\u00e8ve actuellement \u00e0 <strong>100 euros par mois, par p\u00e9riode de dix ans<\/strong>.<\/p>\n<p>De son c\u00f4t\u00e9, le plafond appliqu\u00e9 pour le remboursement de l\u2019\u00e9l\u00e9ment charges exceptionnelles de la PCH (des d\u00e9penses ponctuelles li\u00e9es au handicap) est fix\u00e9 depuis le 1er janvier 2022 \u00e0 <strong>6.000 euros, par p\u00e9riode de dix ans<\/strong>. Ce plafond \u00e9tait, auparavant, fix\u00e9 \u00e0 1.800 euros, par p\u00e9riode de trois ans.<\/p>\n<h2><span class=\"ez-toc-section\" id=\"Prestation_de_compensation_du_handicap_%C2%AB_parentalite_%C2%BB\"><\/span>Prestation de compensation du handicap \u00ab parentalit\u00e9 \u00bb<span class=\"ez-toc-section-end\"><\/span><\/h2>\n<p>Depuis le 1<sup>er<\/sup> janvier 2021, les parents en situation de handicap qui b\u00e9n\u00e9ficient de la PCH ont droit \u00e0 une nouvelle aide humaine : la prestation de PCH \u00ab parentalit\u00e9 \u00bb. Conform\u00e9ment \u00e0 un <a href=\"https:\/\/www.legifrance.gouv.fr\/jorf\/id\/JORFTEXT000042845177\" target=\"_blank\" rel=\"nofollow noopener noreferrer\">d\u00e9cret paru le 1er janvier 2021 au Journal Officiel<\/a>, cette aide est attribu\u00e9e aux parents handicap\u00e9s ayant des enfants, \u00e0 condition de :<\/p>\n<ul>\n<li>b\u00e9n\u00e9ficier de la PCH aide humaine, pour obtenir l\u2019aide humaine \u00e0 la parentalit\u00e9<\/li>\n<li>b\u00e9n\u00e9ficier de la PCH pour obtenir l\u2019aide technique \u00e0 la parentalit\u00e9<\/li>\n<\/ul>\n<p>L\u2019aide humaine \u00e0 la parentalit\u00e9 permet au parent handicap\u00e9 de r\u00e9mun\u00e9rer quelqu\u2019un pour l\u2019aider \u00e0 s\u2019occuper de son enfant. Quant \u00e0 l\u2019aide technique \u00e0 la parentalit\u00e9, elle permet au parent d\u2019acheter du mat\u00e9riel adapt\u00e9 pour l\u2019aider \u00e0 s\u2019occuper de son enfant (table \u00e0 langer, poussette\u2026). Dans le cas o\u00f9 les deux parents de l\u2019enfant sont en situation de handicap, ils touchent chacun (sous r\u00e9serve de respecter les conditions d\u2019attribution) l\u2019aide humaine \u00e0 la parentalit\u00e9 et l\u2019aide technique \u00e0 la parentalit\u00e9.<\/p>\n<p><strong>\u00c0 NOTER :<\/strong> un parent handicap\u00e9 b\u00e9n\u00e9ficiant de l\u2019aide technique de la PCH peut aussi recevoir l\u2019aide technique \u00e0 la parentalit\u00e9. Condition <em>sine qua non<\/em>\u00a0: les deux aides ne financent pas le m\u00eame mat\u00e9riel.<\/p>\n<p>La demande de PCH parentalit\u00e9 &#8211; via le formulaire de \u00ab Demande \u00e0 la MDPH \u00bb au titre de l\u2019aide \u00e0 la parentalit\u00e9 pour les personnes ayant un droit ouvert \u00e0 la PCH ou via le service de demande en ligne de sa MDPH &#8211; peut \u00eatre faite avant la naissance de l\u2019enfant ou \u00e0 tout moment avant l\u2019\u00e2ge limite d\u2019attribution de cette aide. Une fois cette limite d\u2019\u00e2ge pass\u00e9e, les versements s\u2019arr\u00eatent. En revanche, les parents en situation de handicap continuent \u00e0 b\u00e9n\u00e9ficier des autres aides de la PCH.<\/p>\n<p>Le tableau ci-apr\u00e8s fixe le montant de l\u2019aide humaine \u00e0 la parentalit\u00e9, variable selon l\u2019\u00e2ge de l\u2019enfant :<\/p>\n<div id=\"tablepress-236-scroll-wrapper\" class=\"tablepress-scroll-wrapper\">\n\n<table id=\"tablepress-236\" class=\"tablepress tablepress-id-236 tablepress-responsive\">\n<thead>\n<tr class=\"row-1 odd\">\n\t<th colspan=\"3\" class=\"column-1\"><strong>PCH parentalit\u00e9 2025\u00a0: montant des forfaits pour les aides humaines<\/strong><\/th>\n<\/tr>\n<\/thead>\n<tfoot>\n<tr class=\"row-7 odd\">\n\t<th colspan=\"3\" class=\"column-1\"><em>Source\u00a0: Direction g\u00e9n\u00e9rale de la coh\u00e9sion sociale<\/em><\/th>\n<\/tr>\n<\/tfoot>\n<tbody class=\"row-hover\">\n<tr class=\"row-2 even\">\n\t<td class=\"column-1\"><strong>\u00c2ge de l\u2019enfant<\/strong><\/td><td class=\"column-2\"><strong>Monoparentalit\u00e9 (Oui \/ Non)<\/strong><\/td><td class=\"column-3\"><strong>Montant mensuel<\/strong><\/td>\n<\/tr>\n<tr class=\"row-3 odd\">\n\t<td rowspan=\"2\" class=\"column-1\"><strong>Moins de 3 ans<\/strong><\/td><td class=\"column-2\">Non<\/td><td class=\"column-3\">900 euros<\/td>\n<\/tr>\n<tr class=\"row-4 even\">\n\t<td class=\"column-2\">Oui<\/td><td class=\"column-3\">1.350 euros<\/td>\n<\/tr>\n<tr class=\"row-5 odd\">\n\t<td rowspan=\"2\" class=\"column-1\"><strong>De 3 \u00e0 7 ans<\/strong><\/td><td class=\"column-2\">Non<\/td><td class=\"column-3\">450 euros<\/td>\n<\/tr>\n<tr class=\"row-6 even\">\n\t<td class=\"column-2\">Oui<\/td><td class=\"column-3\">675 euros<\/td>\n<\/tr>\n<\/tbody>\n<\/table>\n\n<\/div><!-- #tablepress-236 from cache -->\n<p>&nbsp;<\/p>\n<p><strong>IMPORTANT\u00a0:<\/strong> si le parent handicap\u00e9 a plusieurs enfants de moins de 7 ans, des jumeaux ou des tripl\u00e9s, il re\u00e7oit chaque mois l\u2019aide humaine \u00e0 la parentalit\u00e9 correspondant \u00e0 la somme vers\u00e9e pour l\u2019enfant le plus jeune.<\/p>\n<p>Le tableau suivant indique le montant de l\u2019aide technique \u00e0 la parentalit\u00e9, attribu\u00e9e automatiquement \u00e0 l&rsquo;occasion de la naissance de l\u2019enfant et \u00e0 son troisi\u00e8me et sixi\u00e8me anniversaire :<\/p>\n<div id=\"tablepress-237-scroll-wrapper\" class=\"tablepress-scroll-wrapper\">\n\n<table id=\"tablepress-237\" class=\"tablepress tablepress-id-237 tablepress-responsive\">\n<thead>\n<tr class=\"row-1 odd\">\n\t<th colspan=\"2\" class=\"column-1\"><strong>PCH parentalit\u00e9 2025\u00a0: montant des forfaits pour les aides techniques<\/strong><\/th>\n<\/tr>\n<\/thead>\n<tfoot>\n<tr class=\"row-6 even\">\n\t<th colspan=\"2\" class=\"column-1\"><em>Source\u00a0: Direction g\u00e9n\u00e9rale de la coh\u00e9sion sociale<\/em><\/th>\n<\/tr>\n<\/tfoot>\n<tbody class=\"row-hover\">\n<tr class=\"row-2 even\">\n\t<td class=\"column-1\"><strong>Date de versement de l\u2019aide technique<\/strong><\/td><td class=\"column-2\"><strong>Montant<\/strong><\/td>\n<\/tr>\n<tr class=\"row-3 odd\">\n\t<td class=\"column-1\">Naissance<\/td><td class=\"column-2\">1.400 euros<\/td>\n<\/tr>\n<tr class=\"row-4 even\">\n\t<td class=\"column-1\">3<sup>\u00e8me<\/sup> anniversaire de l\u2019enfant<\/td><td class=\"column-2\">1.200 euros<\/td>\n<\/tr>\n<tr class=\"row-5 odd\">\n\t<td class=\"column-1\">6<sup>\u00e8me<\/sup> anniversaire de l\u2019enfant<\/td><td class=\"column-2\">1.000 euros<\/td>\n<\/tr>\n<\/tbody>\n<\/table>\n\n<\/div><!-- #tablepress-237 from cache -->\n<p>&nbsp;<\/p>\n<p><strong>IMPORTANT\u00a0: <\/strong>un parent handicap\u00e9 qui a plusieurs enfants \u00e2g\u00e9s de moins de 6 ans re\u00e7oit somme d\u2019argent pour chaque enfant au titre de l\u2019aide technique \u00e0 la parentalit\u00e9. Le montant varie selon l\u2019\u00e2ge de l\u2019enfant. Pour chaque enfant, il touche :<\/p>\n<ul>\n<li>1.400 euros \u00e0 la naissance de chaque enfant<\/li>\n<li>1.200 euros aux 3 ans de chaque enfant<\/li>\n<li>1.000 euros aux 6 ans de chaque enfant<\/li>\n<\/ul>\n<p><em>Exemple :<br \/>\nUn parent en situation de handicap en couple \u00e9l\u00e8ve deux enfants, l\u2019un qui va avoir 3 ans et l\u2019autre qui va avoir 6 ans.<br \/>\n* Pour l\u2019aide humaine, le parent re\u00e7oit 900 euros par mois jusqu\u2019aux 3 ans du plus jeune enfant. Puis il re\u00e7oit 450 euros par mois \u00e0 partir des 3 ans du plus jeune enfant jusqu\u2019\u00e0 ses 7 ans<br \/>\n* Pour l\u2019aide technique, le parent re\u00e7oit trois versements : 1.200 euros aux 3 ans du plus jeune enfant, puis 1.000 euros aux 6 ans de chaque enfant.<br \/>\n<\/em><\/p>\n<p>Le versement de la PCH \u00ab\u00a0parentalit\u00e9\u00a0\u00bb se d\u00e9roule selon les m\u00eames modalit\u00e9s que la PCH classique.<\/p>\n<h2><span class=\"ez-toc-section\" id=\"PCH_et_hebergement_en_etablissement\"><\/span>PCH et h\u00e9bergement en \u00e9tablissement<span class=\"ez-toc-section-end\"><\/span><\/h2>\n<p>Les diff\u00e9rents \u00e9l\u00e9ments constitutifs de la PCH (aide humaine, aide technique, am\u00e9nagement logement&#8230;) peuvent \u00eatre attribu\u00e9s aux personnes en situation de handicap h\u00e9berg\u00e9es dans un \u00e9tablissement social, m\u00e9dico-social ou de sant\u00e9, \u00e0 la condition que l\u2019accueil donne lieu \u00e0 une prise en charge par l\u2019assurance maladie ou par l\u2019aide sociale.<\/p>\n<p>Une personne qui a une PCH en cours de validit\u00e9 et se trouve hospitalis\u00e9e ou h\u00e9berg\u00e9e d\u2019un \u00e9tablissement pendant plus de 45 jours cons\u00e9cutifs (ou plus de 60 jours quand la personne handicap\u00e9e est dans l&rsquo;obligation de licencier son ou ses aides \u00e0 domicile \u00e0 la suite de son hospitalisation ou de son h\u00e9bergement), le montant de l\u2019aide humaine vers\u00e9 est <strong>r\u00e9duit \u00e0 hauteur de 10% du montant per\u00e7u<\/strong>, dans la limite de montants minimum et maximum d\u00e9termin\u00e9s r\u00e9glementairement.<\/p>\n<p>De la m\u00eame mani\u00e8re, lorsque une personne demande \u00e0 b\u00e9n\u00e9ficier d\u2019une aide humaine pour les p\u00e9riode d\u2019interruption d\u2019h\u00e9bergement, le montant journalier de l\u2019aide humaine au cours de la p\u00e9riode de son hospitalisation ou de son h\u00e9bergement est r\u00e9duit \u00e0 hauteur de 10% du montant fix\u00e9 par la CDAPH.<\/p>\n<p>Le tableau suivant fixe les montants de l\u2019aide humaine de la PCH pour les personnes h\u00e9berg\u00e9es \u00e0 temps complet dans un \u00e9tablissement social, m\u00e9dico-social ou de sant\u00e9 :<\/p>\n<div id=\"tablepress-234-scroll-wrapper\" class=\"tablepress-scroll-wrapper\">\n\n<table id=\"tablepress-234\" class=\"tablepress tablepress-id-234 tablepress-responsive\">\n<thead>\n<tr class=\"row-1 odd\">\n\t<th colspan=\"3\" class=\"column-1\"><strong>PCH aide humaine\u00a0: r\u00e9duction en cas d\u2019hospitalisation ou d\u2019h\u00e9bergement dans un \u00e9tablissement<\/strong><\/th>\n<\/tr>\n<\/thead>\n<tfoot>\n<tr class=\"row-5 odd\">\n\t<th colspan=\"3\" class=\"column-1\"><em>Source\u00a0: Direction g\u00e9n\u00e9rale de la coh\u00e9sion sociale<\/em><\/th>\n<\/tr>\n<\/tfoot>\n<tbody class=\"row-hover\">\n<tr class=\"row-2 even\">\n\t<td class=\"column-1\"><\/td><td class=\"column-2\"><strong>Montant minimum<\/strong><\/td><td class=\"column-3\"><strong>Montant maximum<\/strong><\/td>\n<\/tr>\n<tr class=\"row-3 odd\">\n\t<td class=\"column-1\">En cours de droit \u00e0 la PCH \u00e0 domicile, le montant est r\u00e9duit \u00e0\u00a0:<\/td><td class=\"column-2\">55,34 euros\/mois<br \/>\n(4,75 x Smic horaire brut)<\/td><td class=\"column-3\">110,67 euros\/mois<br \/>\n(9,5 x Smic horaire brut)<\/td>\n<\/tr>\n<tr class=\"row-4 even\">\n\t<td class=\"column-1\">Demande durant le s\u00e9jour<\/td><td class=\"column-2\">1,86 euro\/jour<br \/>\n(0,16 x Smic horaire brut)<\/td><td class=\"column-3\">3,73 euros\/jour<br \/>\n(0,32 x Smic horaire brut)<\/td>\n<\/tr>\n<\/tbody>\n<\/table>\n\n<\/div><!-- #tablepress-234 from cache -->\n<p>&nbsp;<\/p>\n<p>Le montant est r\u00e9tabli pendant les p\u00e9riodes d\u2019interruption de l\u2019hospitalisation ou de l\u2019h\u00e9bergement du b\u00e9n\u00e9ficiaire de la PCH.<\/p>\n<p><strong>\u00c0 NOTER :<\/strong> en dehors de ces r\u00e8gles appliqu\u00e9es \u00e0 l&rsquo;aide humaine, les tarifs des autres \u00e9l\u00e9ments de la PCH restent inchang\u00e9s pour une personne \u00e0 domicile ou accueillie en \u00e9tablissement.<\/p>\n<h2><span class=\"ez-toc-section\" id=\"Comment_se_passe_le_versement_de_la_PCH\"><\/span>Comment se passe le versement de la PCH ?<span class=\"ez-toc-section-end\"><\/span><\/h2>\n<p>Selon la d\u00e9cision de la commission des droits et de l&rsquo;autonomie des personnes handicap\u00e9es (CDAPH), la prestation de compensation du handicap est une aide financi\u00e8re vers\u00e9e <strong>mensuellement, ponctuellement ou annuellement<\/strong>\u00a0par le conseil g\u00e9n\u00e9ral du d\u00e9partement o\u00f9 se trouve le lieu de domiciliation de la personne handicap\u00e9e (<a href=\"https:\/\/www.legifrance.gouv.fr\/codes\/article_lc\/LEGIARTI000041700011\" target=\"_blank\" rel=\"nofollow noopener noreferrer\">article L 245-13 du Code de l&rsquo;action sociale et des familles<\/a>).<\/p>\n<p>En cas de versement mensuel, les b\u00e9n\u00e9ficiaires de la PCH la re\u00e7oivent, en g\u00e9n\u00e9ral, en fin de mois sur leur compte bancaire. Le virement est effectu\u00e9 par la MDPH du d\u00e9partement o\u00f9 le b\u00e9n\u00e9ficiaire r\u00e9side. Les versements mensuels de la prestation ne sont pas subordonn\u00e9s \u00e0 la pr\u00e9sentation de factures.<\/p>\n<p>Pour tous les \u00e9l\u00e9ments de la PCH, \u00e0 l\u2019exclusion de l\u2019aide humaine, il est possible, sur demande, qu\u2019elle donne lieu \u00e0 un ou plusieurs versements ponctuels (le nombre de versements est toutefois limit\u00e9 \u00e0 trois). Concernant les versements ponctuels, la personne doit conserver, pendant deux ans, les justificatifs de ses d\u00e9penses.<\/p>\n<p>Seule l\u2019aide humaine peut \u00eatre vers\u00e9e sous forme de <a href=\"https:\/\/www.toutsurmesfinances.com\/argent\/a\/cesu-types-de-cheques-fonctionnement-et-declaration\">ch\u00e8que emploi service universel (Cesu)<\/a>, \u00e0 condition que :<\/p>\n<ul>\n<li>le b\u00e9n\u00e9ficiaire ou le repr\u00e9sentant l\u00e9gal soit d\u2019accord<\/li>\n<li>l\u2019aidant soit un salari\u00e9 ou un service d\u2019aide \u00e0 domicile agr\u00e9\u00e9<\/li>\n<\/ul>\n<p><strong>IMPORTANT :<\/strong> les\u00a0 sommes vers\u00e9es ne sont pas r\u00e9cup\u00e9rables. La PCH ne pas faire l\u2019objet d\u2019une r\u00e9cup\u00e9ration :<\/p>\n<ul>\n<li>ni du vivant du b\u00e9n\u00e9ficiaire en cas d&rsquo;am\u00e9lioration financi\u00e8re de sa situation (s\u2019il re\u00e7oit une <a href=\"https:\/\/www.toutsurmesfinances.com\/patrimoine\/a\/droits-de-donation-calcul-abattement-bareme\">donation<\/a> ou un h\u00e9ritage, par exemple)<\/li>\n<li>ni \u00e0 son d\u00e9c\u00e8s sur sa <a href=\"https:\/\/www.toutsurmesfinances.com\/patrimoine\/a\/droits-de-succession-calcul-exoneration-bareme\">succession<\/a><\/li>\n<\/ul>\n<h2><span class=\"ez-toc-section\" id=\"Quelle_est_la_duree_dattribution_de_la_PCH\"><\/span>Quelle est la dur\u00e9e d\u2019attribution de la PCH ?<span class=\"ez-toc-section-end\"><\/span><\/h2>\n<p>La PCH est attribu\u00e9e pour une <strong>dur\u00e9e minimale d&rsquo;un an<\/strong>.<\/p>\n<p>Depuis le 1<sup>er<\/sup> janvier 2022, la dur\u00e9e maximale d\u2019attribution de la prestation de compensation du handicap est port\u00e9e \u00e0 <strong>dix ans pour tous les types de prestations<\/strong> (<a href=\"https:\/\/www.legifrance.gouv.fr\/jorf\/id\/JORFTEXT000044264834\" target=\"_blank\" rel=\"nofollow noopener noreferrer\">d\u00e9cret du 27 octobre 2021<\/a>).<\/p>\n<p>Auparavant, en fonction des d\u00e9penses qu&rsquo;elle couvrait, la dur\u00e9e maximale d\u2019attribution de la PCH \u00e9tait variable. Elle pouvait aller :<\/p>\n<ul>\n<li><strong>jusqu&rsquo;\u00e0 trois ans :<\/strong> pour l\u2019\u00e9l\u00e9ment aides techniques et l&rsquo;\u00e9l\u00e9ment charges exceptionnelles<\/li>\n<li><strong>jusqu&rsquo;\u00e0 cinq ans :<\/strong> pour l&rsquo;am\u00e9nagement du v\u00e9hicule et surco\u00fbts r\u00e9sultant du transport, ainsi que pour l\u2019\u00e9l\u00e9ment aide animali\u00e8re<\/li>\n<li><strong>jusqu&rsquo;\u00e0 dix ans :<\/strong> pour l\u2019\u00e9l\u00e9ment aide humaine, pour les am\u00e9nagements du logement et pour l&rsquo;\u00e9l\u00e9ment pour les charges sp\u00e9cifiques<\/li>\n<\/ul>\n<p>En revanche, la PCH est vers\u00e9e \u00e0 vie (sans limitation de dur\u00e9e) si l&rsquo;\u00e9tat de sant\u00e9 du b\u00e9n\u00e9ficiaire ne peut pas s&rsquo;am\u00e9liorer, autrement dit si le handicap est d\u00e9finitif.<\/p>\n<h2><span class=\"ez-toc-section\" id=\"Comment_renouveler_la_PCH\"><\/span>Comment renouveler la PCH ?<span class=\"ez-toc-section-end\"><\/span><\/h2>\n<p>Le b\u00e9n\u00e9ficiaire de la prestation de compensation du handicap peut effectuer une <strong>demande de renouvellement<\/strong> aupr\u00e8s de la MDPH de son d\u00e9partement. Le non-renouvellement entra\u00eene automatiquement un arr\u00eat des paiements. C&rsquo;est pourquoi il est recommand\u00e9 d&rsquo;effectuer cette demande au moins six mois avant l&rsquo;expiration de la p\u00e9riode d&rsquo;attribution de la PCH.<\/p>\n<p>Dans le cadre de ce renouvellement, le b\u00e9n\u00e9ficiaire doit joindre un nouveau certificat m\u00e9dical datant de moins de six mois. En cas de n\u00e9cessit\u00e9, un nouveau projet de vie peut aussi \u00eatre joint au dossier.<\/p>\n<p>Lors d\u2019une demande de renouvellement, la date d\u2019ouverture des droits au renouvellement est le lendemain de la date de fin de droits de la premi\u00e8re demande.<\/p>\n<p>Lors d\u2019un renouvellement de PCH, l\u2019assur\u00e9 qui percevait l\u2019aide avant 60 ans peut continuer \u00e0 la percevoir s\u2019il en remplit toujours les conditions et tant qu\u2019il n\u2019opte pour l\u2019<a href=\"https:\/\/www.toutsurmesfinances.com\/retraite\/tout-savoir-sur-l-allocation-personnalisee-d-autonomie-apa.html\">allocation personnalis\u00e9e d\u2019autonomie<\/a> (APA) s&rsquo;il y est \u00e9ligible.<\/p>\n<p><strong>\u00c0 NOTER :<\/strong> les b\u00e9n\u00e9ficiaires d&rsquo;une allocation compensatrice tierce personne (ACTP, remplac\u00e9e depuis 2006 par la prestation de compensation du handicap) obtenue avant l&rsquo;\u00e2ge de 60 ans peuvent soit solliciter le renouvellement de l&rsquo;ACTP aupr\u00e8s de leur maison d\u00e9partementale des personnes handicap\u00e9es, soit y renoncer d\u00e9finitivement en d\u00e9posant une demande de PCH ou d&rsquo;APA. Lorsque le b\u00e9n\u00e9ficiaire n&rsquo;exprime aucun choix, il est pr\u00e9sum\u00e9 vouloir d\u00e9sormais b\u00e9n\u00e9ficier de la prestation de compensation.<\/p>\n<h2><span class=\"ez-toc-section\" id=\"Suspension_et_interruption_de_la_PCH\"><\/span>Suspension et interruption de la PCH<span class=\"ez-toc-section-end\"><\/span><\/h2>\n<p>Le versement de la PCH peut \u00eatre suspendu par le pr\u00e9sident du conseil d\u00e9partemental, en cas de manquement du b\u00e9n\u00e9ficiaire \u00e0 ses obligations d\u00e9claratives et apr\u00e8s que le b\u00e9n\u00e9ficiaire a \u00e9t\u00e9 mis en mesure de faire conna\u00eetre ses observations dans un d\u00e9lai d\u2019un mois apr\u00e8s notification d\u2019un courrier.<\/p>\n<p>La suspension est lev\u00e9e lorsque le b\u00e9n\u00e9ficiaire apporte les justifications exig\u00e9es ou s\u2019acquitte de ses obligations d\u00e9claratives. Dans ce cas, les sommes dont le versement a \u00e9t\u00e9 suspendu lui sont restitu\u00e9es. Dans le cas contraire, seules les montants justifi\u00e9s lui sont rembours\u00e9es.<\/p>\n<p>L&rsquo;interruption de la PCH intervient lorsque celui qui la touche cesse de remplir les conditions au vu desquelles le b\u00e9n\u00e9fice de la prestation lui a \u00e9t\u00e9 attribu\u00e9.<\/p>\n<p>Que se passe-t-il en cas d&rsquo;indu ? La r\u00e9cup\u00e9ration des sommes ind\u00fbment vers\u00e9es s&rsquo;effectue en priorit\u00e9 par retenue sur les versements ult\u00e9rieurs de la prestation. \u00c0 d\u00e9faut, elle peut se faire par le biais d&rsquo;une proc\u00e9dure de recouvrement amiable, voire forc\u00e9e (faute d&rsquo;accord) par les comptables du Tr\u00e9sor.<\/p>\n<p>Le b\u00e9n\u00e9ficiaire qui conteste une suspension ou une interruption du versement de la CPH dispose d&rsquo;un droit de recours amiable ou contentieux (dans les deux mois de la notification de la d\u00e9cision).<\/p>\n<h2><span class=\"ez-toc-section\" id=\"Remboursement_ou_non_de_la_PCH_au_deces_du_beneficiaire\"><\/span>Remboursement ou non de la PCH au d\u00e9c\u00e8s du b\u00e9n\u00e9ficiaire ?<span class=\"ez-toc-section-end\"><\/span><\/h2>\n<p>Les sommes vers\u00e9es au b\u00e9n\u00e9ficiaire de la PCH n&rsquo;ont <strong>pas \u00e0 \u00eatre rembours\u00e9es par ses h\u00e9ritiers \u00e0 son d\u00e9c\u00e8s<\/strong>. Elles ne sont donc pas r\u00e9cup\u00e9rables. Il ne peut \u00eatre exerc\u00e9 aucun recours en r\u00e9cup\u00e9ration de cette prestation, ni \u00e0 l&rsquo;encontre de la succession du b\u00e9n\u00e9ficiaire d\u00e9c\u00e9d\u00e9, ni sur le l\u00e9gataire ou le donataire.<\/p>\n<p><strong>\u00c0 NOTER :<\/strong> le droit \u00e0 la prestation s\u2019\u00e9teint \u00e0 compter du premier jour du mois qui suit le d\u00e9c\u00e8s du b\u00e9n\u00e9ficiaire de la PCH.<\/p>\n<h2><span class=\"ez-toc-section\" id=\"Les_regles_de_cumul_de_la_PCH_avec_dautres_aides\"><\/span>Les r\u00e8gles de cumul de la PCH avec d\u2019autres aides<span class=\"ez-toc-section-end\"><\/span><\/h2>\n<h3>PCH et allocation d\u2019\u00e9ducation de l\u2019enfant handicap\u00e9 (AEEH)<\/h3>\n<p>\u00c0 l\u2019exception de l\u2019\u00e9l\u00e9ment relatif \u00e0 l\u2019aide humaine, les enfants et les jeunes de moins de 20 ans b\u00e9n\u00e9ficiaires de l\u2019<a href=\"https:\/\/www.toutsurmesfinances.com\/argent\/a\/allocation-d-education-de-l-enfant-handicape-aeeh-conditions-montant-demarches\">allocation d\u2019\u00e9ducation de l\u2019enfant handicap\u00e9 (AEEH)<\/a> peuvent demander la PCH. Mais ce cumul ne concerne que la prestation de compensation li\u00e9e \u00e0 l\u2019am\u00e9nagement du logement, du v\u00e9hicule ou aux surco\u00fbts r\u00e9sultant du transport avec l\u2019AEEH, \u00e0 partir du moment o\u00f9 l\u2019enfant remplit les crit\u00e8res du handicap.<\/p>\n<p>Si la famille de l&rsquo;enfant per\u00e7oit l&rsquo;AAEH de base, celle-ci peut \u00eatre cumul\u00e9e avec les diff\u00e9rents \u00e9l\u00e9ments de la PCH. En revanche, si elle per\u00e7oit l&rsquo;AEEH de base et un compl\u00e9ment de l&rsquo;AEEH, le cumul ne peut s&rsquo;op\u00e9rer qu&rsquo;avec l&rsquo;\u00e9l\u00e9ment de la PCH relatif \u00e0 l&rsquo;am\u00e9nagement du logement, \u00e0 l&rsquo;am\u00e9nagement du v\u00e9hicule ou \u00e0 l&rsquo;aide au transport.<\/p>\n<p>Depuis le 1<sup>er<\/sup> avril 2008, les parents b\u00e9n\u00e9ficiaires de l\u2019AEEH de base peuvent choisir entre le compl\u00e9ment de l\u2019AEEH ou la PCH. Ceux qui optent pour la seconde solution conservent n\u00e9anmoins l\u2019AEEH de base.<\/p>\n<h3>PCH et l\u2019allocation aux adultes handicap\u00e9s (AAH)<\/h3>\n<p>Pour un adulte, la prestation de compensation du handicap peut \u00eatre cumul\u00e9e avec l&rsquo;<a href=\"https:\/\/www.toutsurmesfinances.com\/argent\/a\/aah-conditions-et-plafonds-montant-versement-et-demarches\">allocation aux adultes handicap\u00e9s (AAH)<\/a>. Les deux aides ne sont pas incompatibles. Toutefois, pour les percevoir, la personne handicap\u00e9e doit v\u00e9rifier qu&rsquo;elle remplit bien toutes les conditions relatives \u00e0 chacune d&rsquo;entre elles.<\/p>\n<p><strong>\u00c0 NOTER :<\/strong> la PCH peut \u00e9galement \u00eatre cumul\u00e9e avec la majoration pour la vie autonome (MVA), allocation qui s&rsquo;ajoute elle-m\u00eame \u00e0 l\u2019AAH.<\/p>\n<h3>PCH et allocation compensatrice pour tierce personne (ACTP)<\/h3>\n<p>La prestation de compensation pour le handicap ne peut pas se cumuler avec l&rsquo;allocation compensatrice tierce personne (ACTP), qu&rsquo;elle a remplac\u00e9e en 2006.<\/p>\n<p>En revanche, les personnes percevant une ACTP peuvent, sans limite d&rsquo;\u00e2ge, demander aupr\u00e8s de leur maison d\u00e9partementale pour les personnes handicap\u00e9es (MDPH) \u00e0 b\u00e9n\u00e9ficier de la PCH \u00e0 la place de cette allocation.<\/p>\n<p><strong>ATTENTION :<\/strong> le choix de la PCH est d\u00e9finitif. Autrement dit, aucun retour \u00e0 l\u2019ACTP n\u2019est possible.<\/p>\n<h3>PCH et majoration pour tierce personne (MTP)<\/h3>\n<p>La prestation de compensation est cumulable avec la majoration pour tierce personne (MTP). Dans ce cas, la personne handicap\u00e9e doit obligatoirement, lors de sa demande de PCH, d\u00e9clarer qu&rsquo;elle touche la MTP. Le montant per\u00e7u au titre de la MTP est alors d\u00e9duit de l&rsquo;\u00e9l\u00e9ment aide humaine de la PCH.<\/p>\n<p><strong>ATTENTION :<\/strong> l\u2019allocation compensatrice pour tierce personne (ACTP, d\u00e9sormais remplac\u00e9e par la PCH) et la MTP ne sont pas cumulables.<\/p>\n<h3>PCH et allocation personnalis\u00e9e d&rsquo;autonomie (APA)<\/h3>\n<p>La PCH n&rsquo;est pas cumulable avec l&rsquo;<a href=\"https:\/\/www.toutsurmesfinances.com\/retraite\/tout-savoir-sur-l-allocation-personnalisee-d-autonomie-apa.html\">allocation personnalis\u00e9e d&rsquo;autonomie (APA)<\/a>.<\/p>\n<p>En revanche, il existe \u00e0 tout moment un droit d\u2019option entre APA et PCH pour les personnes \u00e9ligibles \u00e0 ces deux aides. Ainsi, une personne handicap\u00e9e qui a obtenu le b\u00e9n\u00e9fice de la PCH avant 60 ans et qui remplit les conditions pour pr\u00e9tendre \u00e0 l\u2019APA peut choisir, lorsqu\u2019elle atteint 60 ans et \u00e0 chaque renouvellement de la PCH, entre le maintien de la PCH et le b\u00e9n\u00e9fice de l\u2019APA.<\/p>\n<h2><span class=\"ez-toc-section\" id=\"La_PCH_imposable_ou_non_imposable\"><\/span>La PCH, imposable ou non imposable ?<span class=\"ez-toc-section-end\"><\/span><\/h2>\n<p>\u00c0 l&rsquo;instar de l&rsquo;ensemble des prestations li\u00e9es \u00e0 une situation de handicap, la prestation de compensation du handicap est <strong>exon\u00e9r\u00e9e de l&rsquo;imp\u00f4t sur le revenu pour la personne en situation de handicap<\/strong> b\u00e9n\u00e9ficiaire de la prestation (en application du 9 ter de l&rsquo;article 81 du Code g\u00e9n\u00e9ral des imp\u00f4ts).<\/p>\n<p>Dans le cas o\u00f9 le b\u00e9n\u00e9ficiaire de la PCH embauche <strong>un ou une salari\u00e9e \u00e0 son domicile<\/strong>, il doit d\u00e9clarer cet emploi en tant qu\u2019employeur. L\u2019aidant salari\u00e9 est tenu de d\u00e9clarer ses revenus aux imp\u00f4ts.<\/p>\n<p>La r\u00e9alit\u00e9 est diff\u00e9rente pour un <strong>aidant familial b\u00e9n\u00e9ficiant d\u2019un d\u00e9dommagement par le biais de la PCH<\/strong>. Jusqu\u2019en 2019, un aidant familial qui percevait la PCH dans le cadre de l\u2019aide humaine devait inscrire le montant du d\u00e9dommagement re\u00e7u avec ses autres revenus dans sa d\u00e9claration n\u00b0 2042. La PCH \u00e9tait imposable en b\u00e9n\u00e9fices non commerciaux et \u00e9tait assujettie \u00e0 des cotisations (<a href=\"https:\/\/www.toutsurmesfinances.com\/impots\/csg-definition-taux-calcul-tout-savoir-sur-la-contribution-sociale-generalisee.html\">CSG<\/a> et CRDS). Mais depuis le 1<sup>er<\/sup> janvier 2020, le d\u00e9dommagement de l\u2019aidant familial n\u2019est plus imposable et il n\u2019y a plus de cotisations \u00e0 payer.<\/p>\n","protected":false},"excerpt":{"rendered":"<p>La prestation de compensation du handicap (PCH), distribu\u00e9e par le d\u00e9partement, est une aide financi\u00e8re modulable destin\u00e9e \u00e0 prendre en charge, de mani\u00e8re totale ou partielle, les d\u00e9penses li\u00e9es \u00e0 la perte d\u2019autonomie dans la vie quotidienne. Plusieurs conditions doivent \u00eatre remplies pour b\u00e9n\u00e9ficier du versement de la PCH, dont la dur\u00e9e d\u2019attribution maximale a \u00e9t\u00e9 \u00e9tendue \u00e0 10 ans en 2022.<\/p>\n","protected":false},"author":13719,"featured_media":9318,"comment_status":"closed","ping_status":"closed","sticky":false,"template":"","format":"standard","meta":{"footnotes":""},"categories":[37],"tags":[],"class_list":["post-9306","post","type-post","status-publish","format-standard","has-post-thumbnail","hentry","category-aides-financieres"],"acf":[],"yoast_head":"<!-- This site is optimized with the Yoast SEO plugin v24.9 - https:\/\/yoast.com\/wordpress\/plugins\/seo\/ -->\n<title>Prestation de compensation du handicap (PCH) 2025 : conditions, montant, d\u00e9marches<\/title>\n<meta name=\"description\" content=\"La PCH, vers\u00e9e par le d\u00e9partement, est une aide financi\u00e8re personnalis\u00e9e et modulable qui permet de rembourser les d\u00e9penses li\u00e9es \u00e0 la perte d&#039;autonomie.\" \/>\n<meta name=\"robots\" content=\"index, follow, max-snippet:-1, max-image-preview:large, max-video-preview:-1\" \/>\n<link rel=\"canonical\" href=\"https:\/\/www.toutsurmesfinances.com\/argent\/a\/prestation-de-compensation-du-handicap-pch-conditions-montant-demarches\" \/>\n<meta property=\"og:locale\" content=\"fr_FR\" \/>\n<meta property=\"og:type\" content=\"article\" \/>\n<meta property=\"og:title\" content=\"Prestation de compensation du handicap (PCH) 2025 : conditions, montant, d\u00e9marches\" \/>\n<meta property=\"og:description\" content=\"La PCH, vers\u00e9e par le d\u00e9partement, est une aide financi\u00e8re personnalis\u00e9e et modulable qui permet de rembourser les d\u00e9penses li\u00e9es \u00e0 la perte d&#039;autonomie.\" \/>\n<meta property=\"og:url\" content=\"https:\/\/www.toutsurmesfinances.com\/argent\/a\/prestation-de-compensation-du-handicap-pch-conditions-montant-demarches\" \/>\n<meta property=\"og:site_name\" content=\"Argent\" \/>\n<meta property=\"article:published_time\" content=\"2021-12-10T14:28:47+00:00\" \/>\n<meta property=\"article:modified_time\" content=\"2025-01-17T17:04:49+00:00\" \/>\n<meta property=\"og:image\" content=\"https:\/\/www.toutsurmesfinances.com\/argent\/wp-content\/uploads\/sites\/3\/2021\/12\/pch-montage.jpg\" \/>\n\t<meta property=\"og:image:width\" content=\"823\" \/>\n\t<meta property=\"og:image:height\" content=\"463\" \/>\n\t<meta property=\"og:image:type\" content=\"image\/jpeg\" \/>\n<meta name=\"author\" content=\"Loic Farge\" \/>\n<meta name=\"twitter:card\" content=\"summary_large_image\" \/>\n<meta name=\"twitter:title\" content=\"Tout sur la prestation de compensation du handicap\" \/>\n<meta name=\"twitter:description\" content=\"La PCH est une aide financi\u00e8re personnalis\u00e9e et modulable qui permet de rembourser les d\u00e9penses li\u00e9es \u00e0 la perte d&#039;autonomie\" \/>\n<meta name=\"twitter:creator\" content=\"@Toutsur\" \/>\n<meta name=\"twitter:site\" content=\"@Toutsur\" \/>\n<meta name=\"twitter:label1\" content=\"\u00c9crit par\" \/>\n\t<meta name=\"twitter:data1\" content=\"Loic Farge\" \/>\n\t<meta name=\"twitter:label2\" content=\"Dur\u00e9e de lecture estim\u00e9e\" \/>\n\t<meta name=\"twitter:data2\" content=\"39 minutes\" \/>\n<script type=\"application\/ld+json\" class=\"yoast-schema-graph\">{\"@context\":\"https:\/\/schema.org\",\"@graph\":[{\"@type\":\"Article\",\"@id\":\"https:\/\/www.toutsurmesfinances.com\/argent\/a\/prestation-de-compensation-du-handicap-pch-conditions-montant-demarches#article\",\"isPartOf\":{\"@id\":\"https:\/\/www.toutsurmesfinances.com\/argent\/a\/prestation-de-compensation-du-handicap-pch-conditions-montant-demarches\"},\"author\":{\"name\":\"Loic Farge\",\"@id\":\"https:\/\/www.toutsurmesfinances.com\/argent\/#\/schema\/person\/441d2f49b49f36caada20af210ea82db\"},\"headline\":\"Prestation de compensation du handicap (PCH) 2025 : conditions, montant, d\u00e9marches\",\"dateModified\":\"2025-01-17T17:04:49+00:00\",\"mainEntityOfPage\":{\"@id\":\"https:\/\/www.toutsurmesfinances.com\/argent\/a\/prestation-de-compensation-du-handicap-pch-conditions-montant-demarches\"},\"wordCount\":8052,\"publisher\":{\"@id\":\"https:\/\/www.toutsurmesfinances.com\/argent\/#organization\"},\"image\":{\"@id\":\"https:\/\/www.toutsurmesfinances.com\/argent\/a\/prestation-de-compensation-du-handicap-pch-conditions-montant-demarches#primaryimage\"},\"thumbnailUrl\":\"https:\/\/www.toutsurmesfinances.com\/argent\/wp-content\/uploads\/sites\/3\/2021\/12\/pch-montage.jpg\",\"articleSection\":[\"Aides financi\u00e8res\"],\"inLanguage\":\"fr-FR\"},{\"@type\":\"WebPage\",\"@id\":\"https:\/\/www.toutsurmesfinances.com\/argent\/a\/prestation-de-compensation-du-handicap-pch-conditions-montant-demarches\",\"url\":\"https:\/\/www.toutsurmesfinances.com\/argent\/a\/prestation-de-compensation-du-handicap-pch-conditions-montant-demarches\",\"name\":\"Prestation de compensation du handicap (PCH) 2025 : conditions, montant, d\u00e9marches\",\"isPartOf\":{\"@id\":\"https:\/\/www.toutsurmesfinances.com\/argent\/#website\"},\"primaryImageOfPage\":{\"@id\":\"https:\/\/www.toutsurmesfinances.com\/argent\/a\/prestation-de-compensation-du-handicap-pch-conditions-montant-demarches#primaryimage\"},\"image\":{\"@id\":\"https:\/\/www.toutsurmesfinances.com\/argent\/a\/prestation-de-compensation-du-handicap-pch-conditions-montant-demarches#primaryimage\"},\"thumbnailUrl\":\"https:\/\/www.toutsurmesfinances.com\/argent\/wp-content\/uploads\/sites\/3\/2021\/12\/pch-montage.jpg\",\"dateModified\":\"2025-01-17T17:04:49+00:00\",\"description\":\"La PCH, vers\u00e9e par le d\u00e9partement, est une aide financi\u00e8re personnalis\u00e9e et modulable qui permet de rembourser les d\u00e9penses li\u00e9es \u00e0 la perte d'autonomie.\",\"breadcrumb\":{\"@id\":\"https:\/\/www.toutsurmesfinances.com\/argent\/a\/prestation-de-compensation-du-handicap-pch-conditions-montant-demarches#breadcrumb\"},\"inLanguage\":\"fr-FR\",\"potentialAction\":[{\"@type\":\"ReadAction\",\"target\":[\"https:\/\/www.toutsurmesfinances.com\/argent\/a\/prestation-de-compensation-du-handicap-pch-conditions-montant-demarches\"]}]},{\"@type\":\"ImageObject\",\"inLanguage\":\"fr-FR\",\"@id\":\"https:\/\/www.toutsurmesfinances.com\/argent\/a\/prestation-de-compensation-du-handicap-pch-conditions-montant-demarches#primaryimage\",\"url\":\"https:\/\/www.toutsurmesfinances.com\/argent\/wp-content\/uploads\/sites\/3\/2021\/12\/pch-montage.jpg\",\"contentUrl\":\"https:\/\/www.toutsurmesfinances.com\/argent\/wp-content\/uploads\/sites\/3\/2021\/12\/pch-montage.jpg\",\"width\":823,\"height\":463},{\"@type\":\"BreadcrumbList\",\"@id\":\"https:\/\/www.toutsurmesfinances.com\/argent\/a\/prestation-de-compensation-du-handicap-pch-conditions-montant-demarches#breadcrumb\",\"itemListElement\":[{\"@type\":\"ListItem\",\"position\":1,\"name\":\"Accueil\",\"item\":\"https:\/\/www.toutsurmesfinances.com\/argent\/\"},{\"@type\":\"ListItem\",\"position\":2,\"name\":\"Aides financi\u00e8res\",\"item\":\"https:\/\/www.toutsurmesfinances.com\/argent\/c\/aides-financieres\"},{\"@type\":\"ListItem\",\"position\":3,\"name\":\"Prestation de compensation du handicap (PCH) 2025 : conditions, montant, d\u00e9marches\"}]},{\"@type\":\"WebSite\",\"@id\":\"https:\/\/www.toutsurmesfinances.com\/argent\/#website\",\"url\":\"https:\/\/www.toutsurmesfinances.com\/argent\/\",\"name\":\"Argent\",\"description\":\"\",\"publisher\":{\"@id\":\"https:\/\/www.toutsurmesfinances.com\/argent\/#organization\"},\"potentialAction\":[{\"@type\":\"SearchAction\",\"target\":{\"@type\":\"EntryPoint\",\"urlTemplate\":\"https:\/\/www.toutsurmesfinances.com\/argent\/?s={search_term_string}\"},\"query-input\":{\"@type\":\"PropertyValueSpecification\",\"valueRequired\":true,\"valueName\":\"search_term_string\"}}],\"inLanguage\":\"fr-FR\"},{\"@type\":\"Organization\",\"@id\":\"https:\/\/www.toutsurmesfinances.com\/argent\/#organization\",\"name\":\"Tout Sur Mes Finances\",\"url\":\"https:\/\/www.toutsurmesfinances.com\/argent\/\",\"logo\":{\"@type\":\"ImageObject\",\"inLanguage\":\"fr-FR\",\"@id\":\"https:\/\/www.toutsurmesfinances.com\/argent\/#\/schema\/logo\/image\/\",\"url\":\"https:\/\/www.toutsurmesfinances.com\/argent\/wp-content\/uploads\/sites\/3\/2021\/01\/favicon.png\",\"contentUrl\":\"https:\/\/www.toutsurmesfinances.com\/argent\/wp-content\/uploads\/sites\/3\/2021\/01\/favicon.png\",\"width\":512,\"height\":512,\"caption\":\"Tout Sur Mes Finances\"},\"image\":{\"@id\":\"https:\/\/www.toutsurmesfinances.com\/argent\/#\/schema\/logo\/image\/\"},\"sameAs\":[\"https:\/\/x.com\/Toutsur\"]},{\"@type\":\"Person\",\"@id\":\"https:\/\/www.toutsurmesfinances.com\/argent\/#\/schema\/person\/441d2f49b49f36caada20af210ea82db\",\"name\":\"Loic Farge\",\"image\":{\"@type\":\"ImageObject\",\"inLanguage\":\"fr-FR\",\"@id\":\"https:\/\/www.toutsurmesfinances.com\/argent\/#\/schema\/person\/image\/\",\"url\":\"https:\/\/secure.gravatar.com\/avatar\/d6ba1a4c295f842490f4602774c31c1d?s=96&d=mm&r=g\",\"contentUrl\":\"https:\/\/secure.gravatar.com\/avatar\/d6ba1a4c295f842490f4602774c31c1d?s=96&d=mm&r=g\",\"caption\":\"Loic Farge\"},\"description\":\"Lo\u00efc Farge est journaliste sp\u00e9cialis\u00e9 en immobilier. Il travaille chez\u00a0ToutSurMesFinances.com\u00a0depuis pr\u00e8s de 10 ans. Il couvre l\u2019ensemble des th\u00e9matiques li\u00e9es \u00e0 l\u2019immobilier : march\u00e9, financement, r\u00e9glementation, fiscalit\u00e9 et investissement locatif.\",\"sameAs\":[\"https:\/\/www.toutsurmesfinances.com\/author\/loic\",\"https:\/\/www.linkedin.com\/in\/loc-farge-4b742725\/\"]}]}<\/script>\n<!-- \/ Yoast SEO plugin. -->","yoast_head_json":{"title":"Prestation de compensation du handicap (PCH) 2025 : conditions, montant, d\u00e9marches","description":"La PCH, vers\u00e9e par le d\u00e9partement, est une aide financi\u00e8re personnalis\u00e9e et modulable qui permet de rembourser les d\u00e9penses li\u00e9es \u00e0 la perte d'autonomie.","robots":{"index":"index","follow":"follow","max-snippet":"max-snippet:-1","max-image-preview":"max-image-preview:large","max-video-preview":"max-video-preview:-1"},"canonical":"https:\/\/www.toutsurmesfinances.com\/argent\/a\/prestation-de-compensation-du-handicap-pch-conditions-montant-demarches","og_locale":"fr_FR","og_type":"article","og_title":"Prestation de compensation du handicap (PCH) 2025 : conditions, montant, d\u00e9marches","og_description":"La PCH, vers\u00e9e par le d\u00e9partement, est une aide financi\u00e8re personnalis\u00e9e et modulable qui permet de rembourser les d\u00e9penses li\u00e9es \u00e0 la perte d'autonomie.","og_url":"https:\/\/www.toutsurmesfinances.com\/argent\/a\/prestation-de-compensation-du-handicap-pch-conditions-montant-demarches","og_site_name":"Argent","article_published_time":"2021-12-10T14:28:47+00:00","article_modified_time":"2025-01-17T17:04:49+00:00","og_image":[{"width":823,"height":463,"url":"https:\/\/www.toutsurmesfinances.com\/argent\/wp-content\/uploads\/sites\/3\/2021\/12\/pch-montage.jpg","type":"image\/jpeg"}],"author":"Loic Farge","twitter_card":"summary_large_image","twitter_title":"Tout sur la prestation de compensation du handicap","twitter_description":"La PCH est une aide financi\u00e8re personnalis\u00e9e et modulable qui permet de rembourser les d\u00e9penses li\u00e9es \u00e0 la perte d'autonomie","twitter_creator":"@Toutsur","twitter_site":"@Toutsur","twitter_misc":{"\u00c9crit par":"Loic Farge","Dur\u00e9e de lecture estim\u00e9e":"39 minutes"},"schema":{"@context":"https:\/\/schema.org","@graph":[{"@type":"Article","@id":"https:\/\/www.toutsurmesfinances.com\/argent\/a\/prestation-de-compensation-du-handicap-pch-conditions-montant-demarches#article","isPartOf":{"@id":"https:\/\/www.toutsurmesfinances.com\/argent\/a\/prestation-de-compensation-du-handicap-pch-conditions-montant-demarches"},"author":{"name":"Loic Farge","@id":"https:\/\/www.toutsurmesfinances.com\/argent\/#\/schema\/person\/441d2f49b49f36caada20af210ea82db"},"headline":"Prestation de compensation du handicap (PCH) 2025 : conditions, montant, d\u00e9marches","dateModified":"2025-01-17T17:04:49+00:00","mainEntityOfPage":{"@id":"https:\/\/www.toutsurmesfinances.com\/argent\/a\/prestation-de-compensation-du-handicap-pch-conditions-montant-demarches"},"wordCount":8052,"publisher":{"@id":"https:\/\/www.toutsurmesfinances.com\/argent\/#organization"},"image":{"@id":"https:\/\/www.toutsurmesfinances.com\/argent\/a\/prestation-de-compensation-du-handicap-pch-conditions-montant-demarches#primaryimage"},"thumbnailUrl":"https:\/\/www.toutsurmesfinances.com\/argent\/wp-content\/uploads\/sites\/3\/2021\/12\/pch-montage.jpg","articleSection":["Aides financi\u00e8res"],"inLanguage":"fr-FR"},{"@type":"WebPage","@id":"https:\/\/www.toutsurmesfinances.com\/argent\/a\/prestation-de-compensation-du-handicap-pch-conditions-montant-demarches","url":"https:\/\/www.toutsurmesfinances.com\/argent\/a\/prestation-de-compensation-du-handicap-pch-conditions-montant-demarches","name":"Prestation de compensation du handicap (PCH) 2025 : conditions, montant, d\u00e9marches","isPartOf":{"@id":"https:\/\/www.toutsurmesfinances.com\/argent\/#website"},"primaryImageOfPage":{"@id":"https:\/\/www.toutsurmesfinances.com\/argent\/a\/prestation-de-compensation-du-handicap-pch-conditions-montant-demarches#primaryimage"},"image":{"@id":"https:\/\/www.toutsurmesfinances.com\/argent\/a\/prestation-de-compensation-du-handicap-pch-conditions-montant-demarches#primaryimage"},"thumbnailUrl":"https:\/\/www.toutsurmesfinances.com\/argent\/wp-content\/uploads\/sites\/3\/2021\/12\/pch-montage.jpg","dateModified":"2025-01-17T17:04:49+00:00","description":"La PCH, vers\u00e9e par le d\u00e9partement, est une aide financi\u00e8re personnalis\u00e9e et modulable qui permet de rembourser les d\u00e9penses li\u00e9es \u00e0 la perte d'autonomie.","breadcrumb":{"@id":"https:\/\/www.toutsurmesfinances.com\/argent\/a\/prestation-de-compensation-du-handicap-pch-conditions-montant-demarches#breadcrumb"},"inLanguage":"fr-FR","potentialAction":[{"@type":"ReadAction","target":["https:\/\/www.toutsurmesfinances.com\/argent\/a\/prestation-de-compensation-du-handicap-pch-conditions-montant-demarches"]}]},{"@type":"ImageObject","inLanguage":"fr-FR","@id":"https:\/\/www.toutsurmesfinances.com\/argent\/a\/prestation-de-compensation-du-handicap-pch-conditions-montant-demarches#primaryimage","url":"https:\/\/www.toutsurmesfinances.com\/argent\/wp-content\/uploads\/sites\/3\/2021\/12\/pch-montage.jpg","contentUrl":"https:\/\/www.toutsurmesfinances.com\/argent\/wp-content\/uploads\/sites\/3\/2021\/12\/pch-montage.jpg","width":823,"height":463},{"@type":"BreadcrumbList","@id":"https:\/\/www.toutsurmesfinances.com\/argent\/a\/prestation-de-compensation-du-handicap-pch-conditions-montant-demarches#breadcrumb","itemListElement":[{"@type":"ListItem","position":1,"name":"Accueil","item":"https:\/\/www.toutsurmesfinances.com\/argent\/"},{"@type":"ListItem","position":2,"name":"Aides financi\u00e8res","item":"https:\/\/www.toutsurmesfinances.com\/argent\/c\/aides-financieres"},{"@type":"ListItem","position":3,"name":"Prestation de compensation du handicap (PCH) 2025 : conditions, montant, d\u00e9marches"}]},{"@type":"WebSite","@id":"https:\/\/www.toutsurmesfinances.com\/argent\/#website","url":"https:\/\/www.toutsurmesfinances.com\/argent\/","name":"Argent","description":"","publisher":{"@id":"https:\/\/www.toutsurmesfinances.com\/argent\/#organization"},"potentialAction":[{"@type":"SearchAction","target":{"@type":"EntryPoint","urlTemplate":"https:\/\/www.toutsurmesfinances.com\/argent\/?s={search_term_string}"},"query-input":{"@type":"PropertyValueSpecification","valueRequired":true,"valueName":"search_term_string"}}],"inLanguage":"fr-FR"},{"@type":"Organization","@id":"https:\/\/www.toutsurmesfinances.com\/argent\/#organization","name":"Tout Sur Mes Finances","url":"https:\/\/www.toutsurmesfinances.com\/argent\/","logo":{"@type":"ImageObject","inLanguage":"fr-FR","@id":"https:\/\/www.toutsurmesfinances.com\/argent\/#\/schema\/logo\/image\/","url":"https:\/\/www.toutsurmesfinances.com\/argent\/wp-content\/uploads\/sites\/3\/2021\/01\/favicon.png","contentUrl":"https:\/\/www.toutsurmesfinances.com\/argent\/wp-content\/uploads\/sites\/3\/2021\/01\/favicon.png","width":512,"height":512,"caption":"Tout Sur Mes Finances"},"image":{"@id":"https:\/\/www.toutsurmesfinances.com\/argent\/#\/schema\/logo\/image\/"},"sameAs":["https:\/\/x.com\/Toutsur"]},{"@type":"Person","@id":"https:\/\/www.toutsurmesfinances.com\/argent\/#\/schema\/person\/441d2f49b49f36caada20af210ea82db","name":"Loic Farge","image":{"@type":"ImageObject","inLanguage":"fr-FR","@id":"https:\/\/www.toutsurmesfinances.com\/argent\/#\/schema\/person\/image\/","url":"https:\/\/secure.gravatar.com\/avatar\/d6ba1a4c295f842490f4602774c31c1d?s=96&d=mm&r=g","contentUrl":"https:\/\/secure.gravatar.com\/avatar\/d6ba1a4c295f842490f4602774c31c1d?s=96&d=mm&r=g","caption":"Loic Farge"},"description":"Lo\u00efc Farge est journaliste sp\u00e9cialis\u00e9 en immobilier. Il travaille chez\u00a0ToutSurMesFinances.com\u00a0depuis pr\u00e8s de 10 ans. Il couvre l\u2019ensemble des th\u00e9matiques li\u00e9es \u00e0 l\u2019immobilier : march\u00e9, financement, r\u00e9glementation, fiscalit\u00e9 et investissement locatif.","sameAs":["https:\/\/www.toutsurmesfinances.com\/author\/loic","https:\/\/www.linkedin.com\/in\/loc-farge-4b742725\/"]}]}},"_links":{"self":[{"href":"https:\/\/www.toutsurmesfinances.com\/argent\/wp-json\/wp\/v2\/posts\/9306","targetHints":{"allow":["GET"]}}],"collection":[{"href":"https:\/\/www.toutsurmesfinances.com\/argent\/wp-json\/wp\/v2\/posts"}],"about":[{"href":"https:\/\/www.toutsurmesfinances.com\/argent\/wp-json\/wp\/v2\/types\/post"}],"author":[{"embeddable":true,"href":"https:\/\/www.toutsurmesfinances.com\/argent\/wp-json\/wp\/v2\/users\/13719"}],"replies":[{"embeddable":true,"href":"https:\/\/www.toutsurmesfinances.com\/argent\/wp-json\/wp\/v2\/comments?post=9306"}],"version-history":[{"count":4,"href":"https:\/\/www.toutsurmesfinances.com\/argent\/wp-json\/wp\/v2\/posts\/9306\/revisions"}],"predecessor-version":[{"id":14089,"href":"https:\/\/www.toutsurmesfinances.com\/argent\/wp-json\/wp\/v2\/posts\/9306\/revisions\/14089"}],"wp:featuredmedia":[{"embeddable":true,"href":"https:\/\/www.toutsurmesfinances.com\/argent\/wp-json\/wp\/v2\/media\/9318"}],"wp:attachment":[{"href":"https:\/\/www.toutsurmesfinances.com\/argent\/wp-json\/wp\/v2\/media?parent=9306"}],"wp:term":[{"taxonomy":"category","embeddable":true,"href":"https:\/\/www.toutsurmesfinances.com\/argent\/wp-json\/wp\/v2\/categories?post=9306"},{"taxonomy":"post_tag","embeddable":true,"href":"https:\/\/www.toutsurmesfinances.com\/argent\/wp-json\/wp\/v2\/tags?post=9306"}],"curies":[{"name":"wp","href":"https:\/\/api.w.org\/{rel}","templated":true}]}}