{"id":49112,"date":"2023-12-08T19:34:59","date_gmt":"2023-12-08T18:34:59","guid":{"rendered":"https:\/\/www.toutsurmesfinances.com\/bourse\/?p=49112"},"modified":"2023-12-18T09:57:29","modified_gmt":"2023-12-18T08:57:29","slug":"stif-introduction-en-bourse","status":"publish","type":"post","link":"https:\/\/www.toutsurmesfinances.com\/bourse\/a\/stif-introduction-en-bourse","title":{"rendered":"STIF : introduction en Bourse pour percer sur le march\u00e9 de la protection anti-explosion des syst\u00e8mes de stockage d\u2019\u00e9nergie"},"content":{"rendered":"<h2><span class=\"ez-toc-section\" id=\"STIF_introduction_en_Bourse_sur_Euronext_Growth\"><\/span>STIF : introduction en Bourse sur Euronext Growth<span class=\"ez-toc-section-end\"><\/span><\/h2>\n<p>STIF, PME industrielle sp\u00e9cialis\u00e9e dans la fabrication de composants pour diff\u00e9rents march\u00e9s de niche, a boucl\u00e9 avec succ\u00e8s son introduction en Bourse sur Euronext Growth, le compartiment de la Bourse de Paris d\u00e9di\u00e9 aux PME-ETI de croissance. \u00c0 cette occasion, la soci\u00e9t\u00e9 a lev\u00e9 9 millions d\u2019euros, par \u00e9mission d\u2019actions nouvelles.<\/p>\n<p>La lev\u00e9e de capitaux vise \u00e0 financer la croissance de la soci\u00e9t\u00e9, notamment un plan d\u2019investissement principalement consacr\u00e9 \u00e0 l\u2019augmentation de ses capacit\u00e9s de production \u00e0 l\u2019international, le renforcement au capital de sa filiale asiatique et les besoins de tr\u00e9sorerie li\u00e9s \u00e0 l\u2019accroissement anticip\u00e9 de l\u2019activit\u00e9.<\/p>\n<p>Une cession de titres par les actionnaires familiaux est intervenue au travers de l&rsquo;exercice int\u00e9gral de la clause d\u2019extension, compte tenu de la forte demande, l&rsquo;offre de titres ayant \u00e9t\u00e9 sursouscrite \u00e0 hauteur de 1,7 fois. L\u2019op\u00e9ration avait re\u00e7u un engagement de souscription de la part de la soci\u00e9t\u00e9 de gestion Vatel Capital pour un montant de 4 millions d\u2019euros, couvrant 44% des titres propos\u00e9s \u00e0 la souscription.<\/p>\n<h2><span class=\"ez-toc-section\" id=\"Prix_de_laction_STIF_FR001400MDW2_ALSTI\"><\/span>Prix de l\u2019action STIF (FR001400MDW2, ALSTI)<span class=\"ez-toc-section-end\"><\/span><\/h2>\n<p>L\u2019action STIF a \u00e9t\u00e9 propos\u00e9e au prix unitaire de 6,50 euros, dans le cadre d\u2019une offre \u00e0 prix ferme (OPF), sans fourchette de prix.<\/p>\n<p>L\u2019augmentation de capital ayant \u00e9t\u00e9 r\u00e9alis\u00e9 100%, la capitalisation boursi\u00e8re ressort \u00e0 pr\u00e8s de 33,05 millions d\u2019euros post-op\u00e9ration.<\/p>\n<p>Le flottant (part du capital d\u00e9tenue par le public) s\u2019\u00e9tablit \u00e0 31,32% au maximum, hors prise en compte de la participation de Vatel Capital (qui atteint 12,1%), les actionnaires familiaux ayant proc\u00e9d\u00e9 \u00e0 la cession de 207.692 actions existantes.<\/p>\n<h2><span class=\"ez-toc-section\" id=\"STIF_une_PME_familiale_et_industrielle_sur_des_marches_de_niche\"><\/span>STIF\u00a0: une PME familiale et industrielle sur des march\u00e9s de niche<span class=\"ez-toc-section-end\"><\/span><\/h2>\n<p>Cr\u00e9\u00e9e en 1984 par Manuel Burgos, p\u00e8re de l\u2019actuel PDG Jos\u00e9 Burgos, STIF est une PME industrielle et familiale bas\u00e9e \u00e0 Saint-Georges-sur-Loire pr\u00e8s d\u2019Angers, sp\u00e9cialis\u00e9e dans la fabrication de composants, principalement m\u00e9talliques, sur trois march\u00e9s de niche\u00a0:<\/p>\n<ul>\n<li>les godets d\u2019\u00e9l\u00e9vateurs pour le transport de mat\u00e9riaux en vrac (grains, sable, min\u00e9raux, pellets, etc.), sachant que la soci\u00e9t\u00e9 s\u2019adresse principalement au march\u00e9 agro-alimentaire<\/li>\n<li>les raccords \u00e0 compression servant \u00e0 relier les tubes sans soudure pour les syst\u00e8mes de transport pneumatique de mat\u00e9riaux en vrac<\/li>\n<li>les \u00e9quipements de protection passive contre les explosions de poussi\u00e8res en milieu industriel, servant \u00e0 r\u00e9duire les risques d\u2019explosions connexes et de propagation de flammes (activit\u00e9 lanc\u00e9e en 2010, en forte croissance)<\/li>\n<\/ul>\n<p>La soci\u00e9t\u00e9 a lanc\u00e9 en 2022 une nouvelle activit\u00e9 d\u00e9di\u00e9e \u00e0 la protection passive contre les risques d\u2019explosion des syst\u00e8mes de stockage d\u2019\u00e9nergie produite \u00e0 partir de sources renouvelables (ou BESS, pour Battery Energy Storage System). <em>\u00ab\u00a0Les BESS contiennent des batteries au Lithium-Ion dont le dysfonctionnement peut entra\u00eener un emballement thermique, jusqu\u2019\u00e0 l\u2019incendie ou l\u2019explosion,<\/em> explique Jos\u00e9 Burgos. <em>Notre nouvelle gamme de produits de s\u00e9curit\u00e9 destin\u00e9s aux syst\u00e8mes de stockage des \u00e9nergies par batteries nous ouvre un gisement de croissance important pour les ann\u00e9es \u00e0 venir, dans un secteur en pleine expansion\u00a0\u00bb.<\/em><\/p>\n<p>La gamme de produits est constitu\u00e9e\u00a0principalement d\u2019\u00e9vents d\u2019explosion install\u00e9s sur les toits des conteneurs, destin\u00e9s \u00e0 s\u2019ouvrir \u00e0 une pression pr\u00e9d\u00e9termin\u00e9e au cours d\u2019une explosion pour permettre de rel\u00e2cher la pression et les flammes dans l\u2019air ext\u00e9rieur.<\/p>\n<p>La soci\u00e9t\u00e9 dispose de trois sites de production, dont deux en France et un en Chine ouvert en 2011, et r\u00e9alise les trois quarts de son acticit\u00e9 \u00e0 l\u2019export, dans plus de 80 pays en 2022.<\/p>\n<p>STIF soci\u00e9t\u00e9 a engag\u00e9 un plan d\u2019investissements de 12 millions d\u2019euros pour soutenir sa croissance\u00a0; une partie de la lev\u00e9e de fonds vise \u00e0 contribuer \u00e0 son financement.<\/p>\n<h2><span class=\"ez-toc-section\" id=\"Un_historique_de_croissance_rentable\"><\/span>Un historique de croissance rentable<span class=\"ez-toc-section-end\"><\/span><\/h2>\n<p>STIF a r\u00e9alis\u00e9 en 2022 un chiffre d\u2019affaires de 31,17 millions d\u2019euros en hausse de 17% par rapport \u00e0 l\u2019exercice pr\u00e9c\u00e9dent, tir\u00e9 par l\u2019essor de l\u2019activit\u00e9 dans le domaine de la protection contre les explosions (+49%).<\/p>\n<p>Jos\u00e9 Burgos signale que l\u2019entreprise <em>\u00ab a toujours \u00e9t\u00e9 rentable depuis sa cr\u00e9ation \u00bb<\/em>, avec une rentabilit\u00e9 nette d\u2019au moins 5%. En 2022, la marge brute d\u2019exploitation (Ebitda) a atteint 11,2% (12,8% en 2021)\u00a0; et le r\u00e9sultat d\u2019exploitation s\u2019est appr\u00e9ci\u00e9 de 7% par rapport \u00e0 2021 \u00e0 2,69 millions d\u2019euros, pour un r\u00e9sultat net part du groupe de 1,71 millions d\u2019euros (+11%).<\/p>\n<p>L\u2019entreprise affiche des capitaux propres de 4,5 millions d\u2019euros pour une dette financi\u00e8re nette de 4,2 millions d\u2019euros \u00e0 fin 2022.<\/p>\n<h2><span class=\"ez-toc-section\" id=\"Un_objectif_de_doublement_du_CA_a_horizon_2025_de_80_ME_en_2027\"><\/span>Un objectif de doublement du CA \u00e0 horizon 2025, de 80 M\u20ac en 2027<span class=\"ez-toc-section-end\"><\/span><\/h2>\n<p>STIF vise \u00e0 fin 2025 :<\/p>\n<ul>\n<li>un chiffre d\u2019affaires de 61 millions d\u2019euros (31 millions d\u2019euros en 2022), soit une croissance moyenne annuelle de 25% de 2022 \u00e0 2025<\/li>\n<li>cette croissance doit principalement provenir des activit\u00e9s anti-explosion, sur les march\u00e9s des poussi\u00e8res et des BESS, sur lequel STIF entend prendre rapidement des parts de march\u00e9<\/li>\n<li>une rentabilit\u00e9 d\u2019EBITDA sup\u00e9rieure \u00e0 12%<\/li>\n<\/ul>\n<p>Puis \u00e0 fin 2027 :<\/p>\n<ul>\n<li>un chiffre d\u2019affaires de 80 millions d\u2019euros, compos\u00e9 \u00e0 70% de vente de protection des BESS contre les explosions<\/li>\n<li>pour une marge d\u2019EBITDA sup\u00e9rieure \u00e0 15%<\/li>\n<\/ul>\n<p>Pour ce faire, le groupe entend :<\/p>\n<ul>\n<li>devenir un acteur de r\u00e9f\u00e9rence sur le march\u00e9 des BESS<\/li>\n<li>renforcer ses fortes commerciales (embauches place, ouverture de bureaux commerciaux aux \u00c9tats-Unis, Arabie-Saoudite et Cor\u00e9e du Sud<\/li>\n<li>d\u00e9velopper ses capacit\u00e9s de production, en particulier en Chine et aux \u00c9tats-Unis<\/li>\n<li>am\u00e9liorer sa productivit\u00e9 industrielle (afin notamment d\u2019optimiser la gestion du besoin en fonds de roulement)<\/li>\n<li>b\u00e9n\u00e9ficier d\u2019une meilleure couverture de ses frais fixes<\/li>\n<li>augmenter sa profitabilit\u00e9 gr\u00e2ce \u00e0 l\u2019essor des nouvelles activit\u00e9s, plus rentables que les activit\u00e9s historique (mix-produits plus favorable)<\/li>\n<\/ul>\n<h2><span class=\"ez-toc-section\" id=\"Levee_de_fonds_destinees_a_financer_la_croissance_et_les_investissements\"><\/span>Lev\u00e9e de fonds destin\u00e9es \u00e0 financer la croissance et les investissements<span class=\"ez-toc-section-end\"><\/span><\/h2>\n<p>Le groupe a l\u2019intention d\u2019affecter le produit de la lev\u00e9e de fonds de la fa\u00e7on suivante :<\/p>\n<ul>\n<li>31% pour l\u2019ouverture d\u2019une unit\u00e9 de production aux \u00c9tats-Unis, le doublement de la capacit\u00e9 de celle en Chine et le r\u00e9am\u00e9nagement de l\u2019usine en France<\/li>\n<li>24% d\u00e9di\u00e9s \u00e0 la recherche et d\u00e9veloppement, \u00e0 l\u2019acquisition d\u2019un banc de tests d\u2019explosion (activit\u00e9 actuellement sous-trait\u00e9e)<\/li>\n<li>24% consacr\u00e9s au renforcement de sa participation au capital de sa filiale asiatique (de 51% \u00e0 70%) et au rachat de 10% du capital de son partenaire am\u00e9ricain Boss Products<\/li>\n<li>21% d\u00e9di\u00e9s au financement de l\u2019activit\u00e9, comprenant un remboursement des dettes \u00e0 court terme et le financement des besoins de tr\u00e9sorerie li\u00e9s \u00e0 l\u2019accroissement de l\u2019activit\u00e9<\/li>\n<\/ul>\n<h2><span class=\"ez-toc-section\" id=\"IPO_STIF_modalites_code_ISIN\"><\/span>IPO STIF : modalit\u00e9s, code ISIN<span class=\"ez-toc-section-end\"><\/span><\/h2>\n<h3>Modalit\u00e9s de l\u2019introduction en Bourse de la soci\u00e9t\u00e9 STIF<\/h3>\n<ul>\n<li>March\u00e9 de cotation : Euronext Growth Paris<\/li>\n<li>Code mn\u00e9monique de l\u2019action : ALSTI<\/li>\n<li>Code ISIN : FR001400MDW2<\/li>\n<li>Prix d\u2019introduction : 6,50 euros<\/li>\n<li>Nature de l\u2019op\u00e9ration : augmentation de capital uniquement pour l&rsquo;offre initiale<\/li>\n<li>Nombre de titres offerts : 1.384.615 actions nouvelles pour l\u2019offre initiale, 207.692 actions existantes dans le cadre de la clause d&rsquo;extension<\/li>\n<li>\u00c9ligibilit\u00e9 des titres : <a href=\"https:\/\/www.toutsurmesfinances.com\/bourse\/a\/le-pea\">PEA<\/a>, <a href=\"https:\/\/www.toutsurmesfinances.com\/bourse\/a\/pea-pme-conditions-fonctionnement-et-fiscalite-du-pea-dedie-aux-pme-eti\">PEA-PME<\/a>, <a href=\"https:\/\/www.toutsurmesfinances.com\/bourse\/a\/le-compte-titre\">compte-titres ordinaire (CTO)<\/a><\/li>\n<\/ul>\n<h3>Dates de l\u2019IPO<\/h3>\n<ul>\n<li>6 d\u00e9cembre 2023 : approbation du prospectus par l\u2019Autorit\u00e9 des march\u00e9s financiers (AMF)<\/li>\n<li>7 d\u00e9cembre 2023 : ouverture de la p\u00e9riode de souscription<\/li>\n<li>14 d\u00e9cembre 2023 : cl\u00f4ture de l\u2019offre \u00e0 prix ferme (OPF) \u00e0 17 heures pour les souscriptions au guichet de banque et \u00e0 20 heures pour les ordres pass\u00e9s en ligne<\/li>\n<li>15 d\u00e9cembre 2023 : annonce du r\u00e9sultat de l\u2019offre<\/li>\n<li><strong>19 d\u00e9cembre 2023 : r\u00e8glement-livraison des titres<\/strong><\/li>\n<li><strong>20 d\u00e9cembre 2023 : d\u00e9but des n\u00e9gociations des actions sur Euronext Growth<\/strong><\/li>\n<\/ul>\n","protected":false},"excerpt":{"rendered":"<p>STIF, PME familiale bas\u00e9e \u00e0 Saint-Georges-sur-Loire en Anjou, a lev\u00e9 9 millions d\u2019euros pour financer ses investissements et accompagner sa croissance, qui doit \u00eatre tir\u00e9e par ses ventes de syst\u00e8mes de protection passive contre les explosions.<\/p>\n","protected":false},"author":13709,"featured_media":49115,"comment_status":"closed","ping_status":"closed","sticky":false,"template":"","format":"standard","meta":{"footnotes":""},"categories":[124],"tags":[],"class_list":["post-49112","post","type-post","status-publish","format-standard","has-post-thumbnail","hentry","category-ipo-intros"],"acf":[],"yoast_head":"<!-- This site is optimized with the Yoast SEO plugin v24.9 - https:\/\/yoast.com\/wordpress\/plugins\/seo\/ -->\n<title>IPO STIF : prix introduction en Bourse, objectifs, modalit\u00e9s<\/title>\n<meta name=\"description\" content=\"STIF, PME familiale bas\u00e9e \u00e0 Saint-Georges-sur-Loire en Anjou, a lev\u00e9 9 M\u20ac \u00e0 lors de son introduction en Bourse.\" \/>\n<meta name=\"robots\" content=\"index, follow, max-snippet:-1, max-image-preview:large, max-video-preview:-1\" \/>\n<link rel=\"canonical\" href=\"https:\/\/www.toutsurmesfinances.com\/bourse\/a\/stif-introduction-en-bourse\" \/>\n<meta property=\"og:locale\" content=\"fr_FR\" \/>\n<meta property=\"og:type\" content=\"article\" \/>\n<meta property=\"og:title\" content=\"IPO STIF : prix introduction en Bourse, objectifs, modalit\u00e9s\" \/>\n<meta property=\"og:description\" content=\"STIF, PME familiale bas\u00e9e \u00e0 Saint-Georges-sur-Loire en Anjou, a lev\u00e9 9 M\u20ac \u00e0 lors de son introduction en Bourse.\" \/>\n<meta property=\"og:url\" content=\"https:\/\/www.toutsurmesfinances.com\/bourse\/a\/stif-introduction-en-bourse\" \/>\n<meta property=\"og:site_name\" content=\"Bourse\" \/>\n<meta property=\"article:published_time\" content=\"2023-12-08T18:34:59+00:00\" \/>\n<meta property=\"article:modified_time\" content=\"2023-12-18T08:57:29+00:00\" \/>\n<meta property=\"og:image\" content=\"https:\/\/www.toutsurmesfinances.com\/bourse\/wp-content\/uploads\/sites\/10\/2023\/12\/stif-ipo.jpg\" \/>\n\t<meta property=\"og:image:width\" content=\"4915\" \/>\n\t<meta property=\"og:image:height\" content=\"2765\" \/>\n\t<meta property=\"og:image:type\" content=\"image\/jpeg\" \/>\n<meta name=\"author\" content=\"Olivier Brunet\" \/>\n<meta name=\"twitter:card\" content=\"summary_large_image\" \/>\n<meta name=\"twitter:creator\" content=\"@TSMF_Bourse\" \/>\n<meta name=\"twitter:site\" content=\"@TSMF_Bourse\" \/>\n<meta name=\"twitter:label1\" content=\"\u00c9crit par\" \/>\n\t<meta name=\"twitter:data1\" content=\"Olivier Brunet\" \/>\n\t<meta name=\"twitter:label2\" content=\"Dur\u00e9e de lecture estim\u00e9e\" \/>\n\t<meta name=\"twitter:data2\" content=\"6 minutes\" \/>\n<script type=\"application\/ld+json\" class=\"yoast-schema-graph\">{\"@context\":\"https:\/\/schema.org\",\"@graph\":[{\"@type\":\"Article\",\"@id\":\"https:\/\/www.toutsurmesfinances.com\/bourse\/a\/stif-introduction-en-bourse#article\",\"isPartOf\":{\"@id\":\"https:\/\/www.toutsurmesfinances.com\/bourse\/a\/stif-introduction-en-bourse\"},\"author\":{\"name\":\"Olivier Brunet\",\"@id\":\"https:\/\/www.toutsurmesfinances.com\/bourse\/#\/schema\/person\/f3692b3163890cd1408bd0dc68a1b55a\"},\"headline\":\"STIF : introduction en Bourse pour percer sur le march\u00e9 de la protection anti-explosion des syst\u00e8mes de stockage d\u2019\u00e9nergie\",\"dateModified\":\"2023-12-18T08:57:29+00:00\",\"mainEntityOfPage\":{\"@id\":\"https:\/\/www.toutsurmesfinances.com\/bourse\/a\/stif-introduction-en-bourse\"},\"wordCount\":1273,\"publisher\":{\"@id\":\"https:\/\/www.toutsurmesfinances.com\/bourse\/#organization\"},\"image\":{\"@id\":\"https:\/\/www.toutsurmesfinances.com\/bourse\/a\/stif-introduction-en-bourse#primaryimage\"},\"thumbnailUrl\":\"https:\/\/www.toutsurmesfinances.com\/bourse\/wp-content\/uploads\/sites\/10\/2023\/12\/stif-ipo.jpg\",\"articleSection\":[\"IPO - intros\"],\"inLanguage\":\"fr-FR\"},{\"@type\":\"WebPage\",\"@id\":\"https:\/\/www.toutsurmesfinances.com\/bourse\/a\/stif-introduction-en-bourse\",\"url\":\"https:\/\/www.toutsurmesfinances.com\/bourse\/a\/stif-introduction-en-bourse\",\"name\":\"IPO STIF : prix introduction en Bourse, objectifs, modalit\u00e9s\",\"isPartOf\":{\"@id\":\"https:\/\/www.toutsurmesfinances.com\/bourse\/#website\"},\"primaryImageOfPage\":{\"@id\":\"https:\/\/www.toutsurmesfinances.com\/bourse\/a\/stif-introduction-en-bourse#primaryimage\"},\"image\":{\"@id\":\"https:\/\/www.toutsurmesfinances.com\/bourse\/a\/stif-introduction-en-bourse#primaryimage\"},\"thumbnailUrl\":\"https:\/\/www.toutsurmesfinances.com\/bourse\/wp-content\/uploads\/sites\/10\/2023\/12\/stif-ipo.jpg\",\"dateModified\":\"2023-12-18T08:57:29+00:00\",\"description\":\"STIF, PME familiale bas\u00e9e \u00e0 Saint-Georges-sur-Loire en Anjou, a lev\u00e9 9 M\u20ac \u00e0 lors de son introduction en Bourse.\",\"breadcrumb\":{\"@id\":\"https:\/\/www.toutsurmesfinances.com\/bourse\/a\/stif-introduction-en-bourse#breadcrumb\"},\"inLanguage\":\"fr-FR\",\"potentialAction\":[{\"@type\":\"ReadAction\",\"target\":[\"https:\/\/www.toutsurmesfinances.com\/bourse\/a\/stif-introduction-en-bourse\"]}]},{\"@type\":\"ImageObject\",\"inLanguage\":\"fr-FR\",\"@id\":\"https:\/\/www.toutsurmesfinances.com\/bourse\/a\/stif-introduction-en-bourse#primaryimage\",\"url\":\"https:\/\/www.toutsurmesfinances.com\/bourse\/wp-content\/uploads\/sites\/10\/2023\/12\/stif-ipo.jpg\",\"contentUrl\":\"https:\/\/www.toutsurmesfinances.com\/bourse\/wp-content\/uploads\/sites\/10\/2023\/12\/stif-ipo.jpg\",\"width\":4915,\"height\":2765},{\"@type\":\"BreadcrumbList\",\"@id\":\"https:\/\/www.toutsurmesfinances.com\/bourse\/a\/stif-introduction-en-bourse#breadcrumb\",\"itemListElement\":[{\"@type\":\"ListItem\",\"position\":1,\"name\":\"Accueil\",\"item\":\"https:\/\/www.toutsurmesfinances.com\/bourse\/\"},{\"@type\":\"ListItem\",\"position\":2,\"name\":\"STIF : introduction en Bourse pour percer sur le march\u00e9 de la protection anti-explosion des syst\u00e8mes de stockage d\u2019\u00e9nergie\"}]},{\"@type\":\"WebSite\",\"@id\":\"https:\/\/www.toutsurmesfinances.com\/bourse\/#website\",\"url\":\"https:\/\/www.toutsurmesfinances.com\/bourse\/\",\"name\":\"Bourse\",\"description\":\"\",\"publisher\":{\"@id\":\"https:\/\/www.toutsurmesfinances.com\/bourse\/#organization\"},\"potentialAction\":[{\"@type\":\"SearchAction\",\"target\":{\"@type\":\"EntryPoint\",\"urlTemplate\":\"https:\/\/www.toutsurmesfinances.com\/bourse\/?s={search_term_string}\"},\"query-input\":{\"@type\":\"PropertyValueSpecification\",\"valueRequired\":true,\"valueName\":\"search_term_string\"}}],\"inLanguage\":\"fr-FR\"},{\"@type\":\"Organization\",\"@id\":\"https:\/\/www.toutsurmesfinances.com\/bourse\/#organization\",\"name\":\"Tout Sur Mes Finances\",\"url\":\"https:\/\/www.toutsurmesfinances.com\/bourse\/\",\"logo\":{\"@type\":\"ImageObject\",\"inLanguage\":\"fr-FR\",\"@id\":\"https:\/\/www.toutsurmesfinances.com\/bourse\/#\/schema\/logo\/image\/\",\"url\":\"https:\/\/www.toutsurmesfinances.com\/bourse\/wp-content\/uploads\/sites\/10\/2021\/01\/favicon.png\",\"contentUrl\":\"https:\/\/www.toutsurmesfinances.com\/bourse\/wp-content\/uploads\/sites\/10\/2021\/01\/favicon.png\",\"width\":512,\"height\":512,\"caption\":\"Tout Sur Mes Finances\"},\"image\":{\"@id\":\"https:\/\/www.toutsurmesfinances.com\/bourse\/#\/schema\/logo\/image\/\"},\"sameAs\":[\"https:\/\/x.com\/TSMF_Bourse\"]},{\"@type\":\"Person\",\"@id\":\"https:\/\/www.toutsurmesfinances.com\/bourse\/#\/schema\/person\/f3692b3163890cd1408bd0dc68a1b55a\",\"name\":\"Olivier Brunet\",\"image\":{\"@type\":\"ImageObject\",\"inLanguage\":\"fr-FR\",\"@id\":\"https:\/\/www.toutsurmesfinances.com\/bourse\/#\/schema\/person\/image\/\",\"url\":\"https:\/\/secure.gravatar.com\/avatar\/59a19214b7bb3163a27d873fa61f9a80?s=96&d=mm&r=g\",\"contentUrl\":\"https:\/\/secure.gravatar.com\/avatar\/59a19214b7bb3163a27d873fa61f9a80?s=96&d=mm&r=g\",\"caption\":\"Olivier Brunet\"},\"description\":\"Olivier Brunet est cofondateur de\u00a0ToutSurMesFinances.com\u00a0et r\u00e9dacteur en chef sp\u00e9cialis\u00e9 en placements et fiscalit\u00e9\u00a0des particuliers. Pr\u00e9sent\u00a0au sein du\u00a0m\u00e9dia\u00a0depuis sa cr\u00e9ation, il en est l\u2019un des piliers \u00e9ditoriaux. Il analyse les strat\u00e9gies d\u2019investissement,\u00a0suit\u00a0les \u00e9volutions fiscales et les\u00a0probl\u00e9matiques\u00a0patrimoniales\u00a0avec une vision long terme, forg\u00e9e par des ann\u00e9es de pratique et de suivi des march\u00e9s.\u00a0\",\"sameAs\":[\"https:\/\/www.toutsurmesfinances.com\/author\/olivier\",\"https:\/\/www.linkedin.com\/in\/obrunet\/\"]}]}<\/script>\n<!-- \/ Yoast SEO plugin. -->","yoast_head_json":{"title":"IPO STIF : prix introduction en Bourse, objectifs, modalit\u00e9s","description":"STIF, PME familiale bas\u00e9e \u00e0 Saint-Georges-sur-Loire en Anjou, a lev\u00e9 9 M\u20ac \u00e0 lors de son introduction en Bourse.","robots":{"index":"index","follow":"follow","max-snippet":"max-snippet:-1","max-image-preview":"max-image-preview:large","max-video-preview":"max-video-preview:-1"},"canonical":"https:\/\/www.toutsurmesfinances.com\/bourse\/a\/stif-introduction-en-bourse","og_locale":"fr_FR","og_type":"article","og_title":"IPO STIF : prix introduction en Bourse, objectifs, modalit\u00e9s","og_description":"STIF, PME familiale bas\u00e9e \u00e0 Saint-Georges-sur-Loire en Anjou, a lev\u00e9 9 M\u20ac \u00e0 lors de son introduction en Bourse.","og_url":"https:\/\/www.toutsurmesfinances.com\/bourse\/a\/stif-introduction-en-bourse","og_site_name":"Bourse","article_published_time":"2023-12-08T18:34:59+00:00","article_modified_time":"2023-12-18T08:57:29+00:00","og_image":[{"width":4915,"height":2765,"url":"https:\/\/www.toutsurmesfinances.com\/bourse\/wp-content\/uploads\/sites\/10\/2023\/12\/stif-ipo.jpg","type":"image\/jpeg"}],"author":"Olivier Brunet","twitter_card":"summary_large_image","twitter_creator":"@TSMF_Bourse","twitter_site":"@TSMF_Bourse","twitter_misc":{"\u00c9crit par":"Olivier Brunet","Dur\u00e9e de lecture estim\u00e9e":"6 minutes"},"schema":{"@context":"https:\/\/schema.org","@graph":[{"@type":"Article","@id":"https:\/\/www.toutsurmesfinances.com\/bourse\/a\/stif-introduction-en-bourse#article","isPartOf":{"@id":"https:\/\/www.toutsurmesfinances.com\/bourse\/a\/stif-introduction-en-bourse"},"author":{"name":"Olivier Brunet","@id":"https:\/\/www.toutsurmesfinances.com\/bourse\/#\/schema\/person\/f3692b3163890cd1408bd0dc68a1b55a"},"headline":"STIF : introduction en Bourse pour percer sur le march\u00e9 de la protection anti-explosion des syst\u00e8mes de stockage d\u2019\u00e9nergie","dateModified":"2023-12-18T08:57:29+00:00","mainEntityOfPage":{"@id":"https:\/\/www.toutsurmesfinances.com\/bourse\/a\/stif-introduction-en-bourse"},"wordCount":1273,"publisher":{"@id":"https:\/\/www.toutsurmesfinances.com\/bourse\/#organization"},"image":{"@id":"https:\/\/www.toutsurmesfinances.com\/bourse\/a\/stif-introduction-en-bourse#primaryimage"},"thumbnailUrl":"https:\/\/www.toutsurmesfinances.com\/bourse\/wp-content\/uploads\/sites\/10\/2023\/12\/stif-ipo.jpg","articleSection":["IPO - intros"],"inLanguage":"fr-FR"},{"@type":"WebPage","@id":"https:\/\/www.toutsurmesfinances.com\/bourse\/a\/stif-introduction-en-bourse","url":"https:\/\/www.toutsurmesfinances.com\/bourse\/a\/stif-introduction-en-bourse","name":"IPO STIF : prix introduction en Bourse, objectifs, modalit\u00e9s","isPartOf":{"@id":"https:\/\/www.toutsurmesfinances.com\/bourse\/#website"},"primaryImageOfPage":{"@id":"https:\/\/www.toutsurmesfinances.com\/bourse\/a\/stif-introduction-en-bourse#primaryimage"},"image":{"@id":"https:\/\/www.toutsurmesfinances.com\/bourse\/a\/stif-introduction-en-bourse#primaryimage"},"thumbnailUrl":"https:\/\/www.toutsurmesfinances.com\/bourse\/wp-content\/uploads\/sites\/10\/2023\/12\/stif-ipo.jpg","dateModified":"2023-12-18T08:57:29+00:00","description":"STIF, PME familiale bas\u00e9e \u00e0 Saint-Georges-sur-Loire en Anjou, a lev\u00e9 9 M\u20ac \u00e0 lors de son introduction en Bourse.","breadcrumb":{"@id":"https:\/\/www.toutsurmesfinances.com\/bourse\/a\/stif-introduction-en-bourse#breadcrumb"},"inLanguage":"fr-FR","potentialAction":[{"@type":"ReadAction","target":["https:\/\/www.toutsurmesfinances.com\/bourse\/a\/stif-introduction-en-bourse"]}]},{"@type":"ImageObject","inLanguage":"fr-FR","@id":"https:\/\/www.toutsurmesfinances.com\/bourse\/a\/stif-introduction-en-bourse#primaryimage","url":"https:\/\/www.toutsurmesfinances.com\/bourse\/wp-content\/uploads\/sites\/10\/2023\/12\/stif-ipo.jpg","contentUrl":"https:\/\/www.toutsurmesfinances.com\/bourse\/wp-content\/uploads\/sites\/10\/2023\/12\/stif-ipo.jpg","width":4915,"height":2765},{"@type":"BreadcrumbList","@id":"https:\/\/www.toutsurmesfinances.com\/bourse\/a\/stif-introduction-en-bourse#breadcrumb","itemListElement":[{"@type":"ListItem","position":1,"name":"Accueil","item":"https:\/\/www.toutsurmesfinances.com\/bourse\/"},{"@type":"ListItem","position":2,"name":"STIF : introduction en Bourse pour percer sur le march\u00e9 de la protection anti-explosion des syst\u00e8mes de stockage d\u2019\u00e9nergie"}]},{"@type":"WebSite","@id":"https:\/\/www.toutsurmesfinances.com\/bourse\/#website","url":"https:\/\/www.toutsurmesfinances.com\/bourse\/","name":"Bourse","description":"","publisher":{"@id":"https:\/\/www.toutsurmesfinances.com\/bourse\/#organization"},"potentialAction":[{"@type":"SearchAction","target":{"@type":"EntryPoint","urlTemplate":"https:\/\/www.toutsurmesfinances.com\/bourse\/?s={search_term_string}"},"query-input":{"@type":"PropertyValueSpecification","valueRequired":true,"valueName":"search_term_string"}}],"inLanguage":"fr-FR"},{"@type":"Organization","@id":"https:\/\/www.toutsurmesfinances.com\/bourse\/#organization","name":"Tout Sur Mes Finances","url":"https:\/\/www.toutsurmesfinances.com\/bourse\/","logo":{"@type":"ImageObject","inLanguage":"fr-FR","@id":"https:\/\/www.toutsurmesfinances.com\/bourse\/#\/schema\/logo\/image\/","url":"https:\/\/www.toutsurmesfinances.com\/bourse\/wp-content\/uploads\/sites\/10\/2021\/01\/favicon.png","contentUrl":"https:\/\/www.toutsurmesfinances.com\/bourse\/wp-content\/uploads\/sites\/10\/2021\/01\/favicon.png","width":512,"height":512,"caption":"Tout Sur Mes Finances"},"image":{"@id":"https:\/\/www.toutsurmesfinances.com\/bourse\/#\/schema\/logo\/image\/"},"sameAs":["https:\/\/x.com\/TSMF_Bourse"]},{"@type":"Person","@id":"https:\/\/www.toutsurmesfinances.com\/bourse\/#\/schema\/person\/f3692b3163890cd1408bd0dc68a1b55a","name":"Olivier Brunet","image":{"@type":"ImageObject","inLanguage":"fr-FR","@id":"https:\/\/www.toutsurmesfinances.com\/bourse\/#\/schema\/person\/image\/","url":"https:\/\/secure.gravatar.com\/avatar\/59a19214b7bb3163a27d873fa61f9a80?s=96&d=mm&r=g","contentUrl":"https:\/\/secure.gravatar.com\/avatar\/59a19214b7bb3163a27d873fa61f9a80?s=96&d=mm&r=g","caption":"Olivier Brunet"},"description":"Olivier Brunet est cofondateur de\u00a0ToutSurMesFinances.com\u00a0et r\u00e9dacteur en chef sp\u00e9cialis\u00e9 en placements et fiscalit\u00e9\u00a0des particuliers. Pr\u00e9sent\u00a0au sein du\u00a0m\u00e9dia\u00a0depuis sa cr\u00e9ation, il en est l\u2019un des piliers \u00e9ditoriaux. Il analyse les strat\u00e9gies d\u2019investissement,\u00a0suit\u00a0les \u00e9volutions fiscales et les\u00a0probl\u00e9matiques\u00a0patrimoniales\u00a0avec une vision long terme, forg\u00e9e par des ann\u00e9es de pratique et de suivi des march\u00e9s.\u00a0","sameAs":["https:\/\/www.toutsurmesfinances.com\/author\/olivier","https:\/\/www.linkedin.com\/in\/obrunet\/"]}]}},"_links":{"self":[{"href":"https:\/\/www.toutsurmesfinances.com\/bourse\/wp-json\/wp\/v2\/posts\/49112","targetHints":{"allow":["GET"]}}],"collection":[{"href":"https:\/\/www.toutsurmesfinances.com\/bourse\/wp-json\/wp\/v2\/posts"}],"about":[{"href":"https:\/\/www.toutsurmesfinances.com\/bourse\/wp-json\/wp\/v2\/types\/post"}],"author":[{"embeddable":true,"href":"https:\/\/www.toutsurmesfinances.com\/bourse\/wp-json\/wp\/v2\/users\/13709"}],"replies":[{"embeddable":true,"href":"https:\/\/www.toutsurmesfinances.com\/bourse\/wp-json\/wp\/v2\/comments?post=49112"}],"version-history":[{"count":3,"href":"https:\/\/www.toutsurmesfinances.com\/bourse\/wp-json\/wp\/v2\/posts\/49112\/revisions"}],"predecessor-version":[{"id":49119,"href":"https:\/\/www.toutsurmesfinances.com\/bourse\/wp-json\/wp\/v2\/posts\/49112\/revisions\/49119"}],"wp:featuredmedia":[{"embeddable":true,"href":"https:\/\/www.toutsurmesfinances.com\/bourse\/wp-json\/wp\/v2\/media\/49115"}],"wp:attachment":[{"href":"https:\/\/www.toutsurmesfinances.com\/bourse\/wp-json\/wp\/v2\/media?parent=49112"}],"wp:term":[{"taxonomy":"category","embeddable":true,"href":"https:\/\/www.toutsurmesfinances.com\/bourse\/wp-json\/wp\/v2\/categories?post=49112"},{"taxonomy":"post_tag","embeddable":true,"href":"https:\/\/www.toutsurmesfinances.com\/bourse\/wp-json\/wp\/v2\/tags?post=49112"}],"curies":[{"name":"wp","href":"https:\/\/api.w.org\/{rel}","templated":true}]}}