{"id":12479,"date":"2014-02-21T11:40:49","date_gmt":"2014-02-21T10:40:49","guid":{"rendered":"https:\/\/www.toutsurmesfinances.com\/immobilier\/cidd-taux-et-travaux-eligibles-au-credit-d-impot-en-2014.html"},"modified":"2025-10-21T16:19:46","modified_gmt":"2025-10-21T14:19:46","slug":"cidd-taux-et-travaux-eligibles-au-credit-d-impot-en-2014","status":"publish","type":"post","link":"https:\/\/www.toutsurmesfinances.com\/immobilier\/cidd-taux-et-travaux-eligibles-au-credit-d-impot-en-2014.html","title":{"rendered":"Cr\u00e9dit d\u2019imp\u00f4t \u00e0 la r\u00e9novation : les r\u00e8gles \u00e0 suivre pour le CITE"},"content":{"rendered":"<h2><span class=\"ez-toc-section\" id=\"Credit_dimpot_a_la_renovation_definition_du_CITE\"><\/span>Cr\u00e9dit d&rsquo;imp\u00f4t \u00e0 la r\u00e9novation : d\u00e9finition du CITE<span class=\"ez-toc-section-end\"><\/span><\/h2>\n<p>Le cr\u00e9dit d&rsquo;imp\u00f4t pour la transition \u00e9nerg\u00e9tique (CITE) est un avantage fiscal octroy\u00e9 aux particuliers propri\u00e9taires qui r\u00e9alisent certains travaux d&rsquo;isolation et d&rsquo;\u00e9conomies d&rsquo;\u00e9nergies sur leur r\u00e9sidence principale.<\/p>\n<p>Tous les logements achev\u00e9s depuis plus de deux ans sont concern\u00e9s, aussi bien les maisons que les appartements. En revanche, tous les travaux de r\u00e9novation n&rsquo;ouvrent pas droit au CITE : seules certaines op\u00e9rations et certains \u00e9quipements sont vis\u00e9s par la loi (article 200 quater du CGI &#8211; Code g\u00e9n\u00e9ral des imp\u00f4ts). De m\u00eame, plusieurs conditions s&rsquo;appliquent au calcul de l&rsquo;avantage fiscal, notamment un plafond de d\u00e9penses. Enfin, les travaux doivent \u00eatre r\u00e9alis\u00e9s en respectant plusieurs exigences, comme la qualification des professionnels par exemple.<\/p>\n<p>Il \u00e9tait possible de b\u00e9n\u00e9ficier du CITE (ex-cr\u00e9dit d&rsquo;imp\u00f4t au d\u00e9veloppement durable ou CIDD) pour des d\u00e9penses engag\u00e9es jusqu&rsquo;au 31 d\u00e9cembre 2020, pour la plupart des \u00e9quipements et travaux \u00e9ligibles. Des changements ont eu lieu en 2018, en 2019 et en 2020 pour le cr\u00e9dit d&rsquo;imp\u00f4t, qui a \u00e9t\u00e9 progressivement transform\u00e9 en <a href=\"https:\/\/www.toutsurmesfinances.com\/immobilier\/prime-unique-a-la-renovation-energetique-ex-cite-mode-demploi.html\">prime forfaitaire unique<\/a>, conform\u00e9ment \u00e0 la\u00a0<a href=\"https:\/\/www.toutsurmesfinances.com\/argent\/a\/loi-de-finances-2020-dates-et-dispositions-du-plf-2020\">loi de finances (PLF) pour 2020<\/a>, promulgu\u00e9e le 28 d\u00e9cembre 2019. Depuis le 1er janvier 2020, le champ des aides est r\u00e9duit.<\/p>\n<p>Depuis 2020, le CITE est fix\u00e9 forfaitairement, selon la nature des travaux. Il ne peut exc\u00e9der 75% de la d\u00e9pense. Ces d\u00e9penses sont plafonn\u00e9es \u00e0 2.400 euros pour une personne seule et \u00e0 4.800 euros pour un couple soumis \u00e0 une d\u00e9claration d&rsquo;imp\u00f4ts commune. Le plafond est major\u00e9 de 120 euros par personne \u00e0 charge (pour chaque enfant en garde altern\u00e9e, la majoration du plafond est fix\u00e9e \u00e0 60 euros).<\/p>\n<h2><span class=\"ez-toc-section\" id=\"Le_CITE_remplace_par_une_prime_unique_des_2020\"><\/span>Le CITE remplac\u00e9 par une prime unique d\u00e8s 2020<span class=\"ez-toc-section-end\"><\/span><\/h2>\n<p>Le cr\u00e9dit d\u2019imp\u00f4t pour la transition \u00e9cologique (CITE) a \u00e9t\u00e9 progressivement transform\u00e9 en prime unique \u00e0 la r\u00e9novation \u00e9nerg\u00e9tique en 2020 et 2021. \u00c0 compter du 1er janvier 2021, le CITE a donc disparu au profit de <a href=\"https:\/\/www.toutsurmesfinances.com\/immobilier\/prime-unique-a-la-renovation-energetique-ex-cite-mode-demploi.html\">MaPrimeR\u00e9nov&rsquo;<\/a>. Cette nouvelle prime fusionne le CITE et l\u2019aide de l&rsquo;Agence nationale de l&rsquo;habitat (Anah) \u00ab Habiter Mieux Agilit\u00e9 \u00bb, attribu\u00e9e aux \u00ab gestes simples de r\u00e9novation \u00bb (travaux d&rsquo;isolation, installation d&rsquo;\u00e9quipements).<\/p>\n<p>Le nouveau dispositif, annonc\u00e9 par le gouvernement comme \u00ab\u00a0plus simple, plus juste et plus efficace \u00bb, s&rsquo;inscrit dans la\u00a0<a href=\"https:\/\/www.toutsurmesfinances.com\/argent\/a\/loi-de-finances-2020-dates-et-dispositions-du-plf-2020\">loi de finances (PLF) pour 2020<\/a>, d\u00e9finitivement promulgu\u00e9e le 28 d\u00e9cembre 2019.<\/p>\n<p>La transformation int\u00e9grale du CITE s&rsquo;est d\u00e9roul\u00e9e en deux temps :<\/p>\n<ul>\n<li><strong>\u00e0 partir du 1er janvier 2020<\/strong>, MaPrimeRenov&rsquo; a concern\u00e9 les m\u00e9nages aux revenus modestes (selon les conditions de ressources de l&rsquo;Anah). Les m\u00e9nages non \u00e9ligibles \u00e0 MaPrimeRenov&rsquo; ont pu b\u00e9n\u00e9ficier, sous certaines conditions, d&rsquo;un CITE transitoire jusqu&rsquo;au 31 d\u00e9cembre 2020<\/li>\n<li><strong>au 1er janvier 2021 :<\/strong> suppression d\u00e9finitive du CITE au profit de MaPrimeRenov, alors \u00e9tendue \u00e0 tous les m\u00e9nages<\/li>\n<\/ul>\n<h2><span class=\"ez-toc-section\" id=\"CITE_les_travaux_eligibles_en_2021\"><\/span>CITE : les travaux \u00e9ligibles en 2021<span class=\"ez-toc-section-end\"><\/span><\/h2>\n<p>Si vous avez engag\u00e9es en 2020 des d\u00e9penses pour l\u2019installation d\u2019un foyer ferm\u00e9 ou d\u2019un insert \u00e0 b\u00fbches ou \u00e0 granul\u00e9s, vous b\u00e9n\u00e9ficiez en 2021 du CITE \u00e0 hauteur d\u2019un montant forfaitaire de 600 euros.<\/p>\n<p>Le cr\u00e9dit d&rsquo;imp\u00f4t pour la transition \u00e9cologique est d\u00e9sormais supprim\u00e9 pour les d\u00e9penses effectu\u00e9es depuis le 1er janvier 2021. Toutefois, conform\u00e9ment \u00e0 <a href=\"https:\/\/www.legifrance.gouv.fr\/jorf\/id\/JORFTEXT000042753580\" target=\"_blank\" rel=\"nofollow noopener noreferrer\">la loi de finances pour 2021<\/a>, des dispositions transitoires ont \u00e9t\u00e9 mise en place jusqu&rsquo;\u00e0 l&rsquo;extinction du CITE.<\/p>\n<p>Sont ainsi concern\u00e9s par ces mesures transitoires, qui permettent encore de b\u00e9n\u00e9ficier du CITE en 2021 :<\/p>\n<ul>\n<li>les d\u00e9penses de travaux d&rsquo;am\u00e9lioration de l&rsquo;efficacit\u00e9 \u00e9nerg\u00e9tique du logement engag\u00e9es en 2018 et pay\u00e9es en 2020 (sur justification de l\u2019acceptation d\u2019un devis et du versement d\u2019un acompte). Les d\u00e9penses (acompte et solde) doivent \u00eatre renseign\u00e9es sur la d\u00e9claration d&rsquo;imp\u00f4t sur les revenus per\u00e7us en 2020, \u00e0 remplir au printemps 2021)<\/li>\n<li>les d\u00e9penses pay\u00e9es en 2021 si le contribuable justifie de l\u2019acceptation d\u2019un devis et du paiement d\u2019un acompte en 2019 ou en 2020. C&rsquo;est le CITE dans sa version en vigueur en 2020 qui s&rsquo;applique. Les d\u00e9penses engendr\u00e9es figureront sur la d\u00e9claration d&rsquo;imp\u00f4t sur les revenus de l&rsquo;ann\u00e9e 2020, d\u00e9pos\u00e9e au printemps 2021<\/li>\n<li>les d\u00e9penses engag\u00e9es en 2020 pour les foyers ferm\u00e9s et inserts \u00e0 b\u00fbches ou granul\u00e9s, \u00e0 hauteur d\u2019un montant forfaitaire de 600 euros<\/li>\n<\/ul>\n<p>Dans les cas \u00e9voqu\u00e9s ci-avant, le CITE n&rsquo;est pas cumulable avec le dispositif MaPrimeR\u00e9nov\u2019.<\/p>\n<p>Outre la nature des op\u00e9rations, l\u2019octroi du cr\u00e9dit d\u2019imp\u00f4t est soumis au respect de caract\u00e9ristiques techniques pr\u00e9cises et \u00e0 l\u2019atteinte d\u2019objectifs d\u2019efficacit\u00e9 \u00e9nerg\u00e9tique. Ces conditions sont\u00a0<a href=\"http:\/\/www.ademe.fr\/particuliers-eco-citoyens\/financer-projet\/renovation\/credit-dimpot-transition-energetique-2016\" target=\"_blank\" rel=\"nofollow noopener noreferrer\">d\u00e9taill\u00e9es sur le site Internet de l\u2019Ademe<\/a>.<\/p>\n<h2><span class=\"ez-toc-section\" id=\"CITE_les_travaux_eligibles_en_2020\"><\/span>CITE : les travaux \u00e9ligibles en 2020<span class=\"ez-toc-section-end\"><\/span><\/h2>\n<h3><span class=\"ez-toc-section\" id=\"Les_travaux_eligibles_aux_menages_aux_revenus_intermediaires_en_2020\"><\/span>Les travaux \u00e9ligibles aux m\u00e9nages aux revenus interm\u00e9diaires en 2020<span class=\"ez-toc-section-end\"><\/span><\/h3>\n<p>Voici la liste des acquisitions et des installations qui leurs donnaient droit \u00e0 une r\u00e9duction fiscale au titre du CITE \u00ab r\u00e9siduel \u00bb en 2020 pour des travaux individuels :<\/p>\n<ul>\n<li>pompe \u00e0 chaleur g\u00e9othermique, capteurs horizontaux et verticaux<\/li>\n<li>chaudi\u00e8re \u00e0 granul\u00e9s (pellets)<\/li>\n<li>chauffage solaire combin\u00e9<\/li>\n<li>chaudi\u00e8re \u00e0 b\u00fbches<\/li>\n<li>pompe \u00e0 chaleur air-eau<\/li>\n<li>chauffe-eau solaire individuel<\/li>\n<li>ventilation double flux<\/li>\n<li>po\u00eale \u00e0 granul\u00e9s<\/li>\n<li>cuisini\u00e8re \u00e0 granul\u00e9s<\/li>\n<li>po\u00eale \u00e0 b\u00fbches<\/li>\n<li>cuisini\u00e8re \u00e0 b\u00fbches<\/li>\n<li>partie thermique d&rsquo;un \u00e9quipement\u00a0(syst\u00e8me hybride photovolta\u00efque et thermique) eau<\/li>\n<li>chaudi\u00e8re \u00e0 tr\u00e8s haute performance \u00e9nerg\u00e9tique individuelles ou collectives, sauf si elles sont aliment\u00e9es au fioul (\u00e9ligibilit\u00e9 supprim\u00e9e depuis le 27 septembre 2017)<\/li>\n<li>raccordement au r\u00e9seau de chaleur et\/ou de froid (en m\u00e9tropole et en Outre-mer)<\/li>\n<li>chauffe-eau thermodynamique<\/li>\n<li>d\u00e9pose de cuve \u00e0 fioul<\/li>\n<li>audit \u00e9nerg\u00e9tique<\/li>\n<li>isolation des murs par l&rsquo;ext\u00e9rieur<\/li>\n<li>isolation des toitures et terrasses<\/li>\n<li>isolation thermique des parois vitr\u00e9es (en remplacement de simple vitrage)<\/li>\n<li>isolation des rampants de toiture<\/li>\n<li>isolation des plafonds de combles<\/li>\n<li>isolation des murs par l&rsquo;int\u00e9rieur<\/li>\n<li>protection des parois vitr\u00e9es ou opaques contre les rayonnements solaires<\/li>\n<li><a href=\"https:\/\/www.toutsurmesfinances.com\/impots\/credit-d-impot-borne-de-recharge-electrique.html\">bornes de recharge de v\u00e9hicules \u00e9lectriques<\/a>.<\/li>\n<\/ul>\n<p>En 2020, les m\u00e9nages interm\u00e9diaires pouvaient b\u00e9n\u00e9ficier d&rsquo;un avantage fiscal au titre du CITE \u00ab r\u00e9siduel \u00bb pour les travaux collectifs suivants :<\/p>\n<ul>\n<li>pompe \u00e0 chaleur g\u00e9othermique, capteurs horizontaux et verticaux<\/li>\n<li>chaudi\u00e8re \u00e0 granul\u00e9s (pellets)<\/li>\n<li>chaudi\u00e8re \u00e0 b\u00fbches<\/li>\n<li>pompe \u00e0 chaleur air-eau<\/li>\n<li>ventilation double flux<\/li>\n<li>chauffe-eau solaire collectif<\/li>\n<li>raccordement au r\u00e9seau de chaleur et\/ou de froid (en m\u00e9tropole et en Outre-mer)<\/li>\n<li>chauffe-eau thermodynamique<\/li>\n<li>d\u00e9pose de cuve \u00e0 fioul<\/li>\n<li>audit \u00e9nerg\u00e9tique<\/li>\n<li>isolation des murs par l&rsquo;ext\u00e9rieur<\/li>\n<li>isolation des toitures et terrasses<\/li>\n<li>isolation des rampants de toiture<\/li>\n<li>isolation des plafonds de combles<\/li>\n<li>isolation des murs par l&rsquo;int\u00e9rieur<\/li>\n<li>protection des parois vitr\u00e9es ou opaques contre les rayonnements solaires<\/li>\n<li>bornes de recharge de v\u00e9hicules \u00e9lectriques<\/li>\n<\/ul>\n<p>\u00c0 noter : les chantiers de r\u00e9novation globale \u00e9taient \u00e9galement \u00e9ligibles au CITE en 2020 pour les m\u00e9nages aux revenus interm\u00e9diaires, avec un forfait de 150 euros\/m\u00b2 de surface habitable.<\/p>\n<h3><span class=\"ez-toc-section\" id=\"Les_travaux_eligibles_aux_menages_aux_hauts_revenus_en_2020\"><\/span>Les travaux \u00e9ligibles aux m\u00e9nages aux hauts revenus en 2020<span class=\"ez-toc-section-end\"><\/span><\/h3>\n<p>Les 20% m\u00e9nages dont les revenus sont les plus \u00e9lev\u00e9s (d\u00e9ciles de revenus 9 et 10), qui captaient pr\u00e8s de 50% du CITE jusqu&rsquo;\u00e0 pr\u00e9sent, ont \u00e9t\u00e9 dans un premier temps exclus de la nouvelle prime unique forfaitaire. Ils pouvaient alors profiter du CITE \u00ab r\u00e9siduel \u00bb, mais uniquement pour quelques travaux d&rsquo;isolation.<\/p>\n<p>Les travaux individuels et collectifs \u00e9ligibles \u00e9taient les suivants :<\/p>\n<ul>\n<li>isolation des murs par l&rsquo;ext\u00e9rieur<\/li>\n<li>isolation des toitures et terrasses<\/li>\n<li>isolation des rampants de toiture<\/li>\n<li>isolation des plafonds de combles<\/li>\n<li>isolation des murs par l&rsquo;int\u00e9rieur<\/li>\n<\/ul>\n<h2><span class=\"ez-toc-section\" id=\"Les_baremes_2020_du_CITE_%C2%AB_residuel_%C2%BB\"><\/span>Les bar\u00e8mes 2020 du CITE\u00a0\u00ab r\u00e9siduel \u00bb<span class=\"ez-toc-section-end\"><\/span><\/h2>\n<h3><span class=\"ez-toc-section\" id=\"Les_baremes_2020_pour_les_menages_aux_revenus_intermediaires\"><\/span>Les bar\u00e8mes 2020 pour les m\u00e9nages aux revenus interm\u00e9diaires<span class=\"ez-toc-section-end\"><\/span><\/h3>\n<p>Le tableau ci-dessous donne les bar\u00e8mes de l&rsquo;avantage fiscal auquel pouvaient pr\u00e9tendre les m\u00e9nages aux revenus interm\u00e9diaires (ceux dont les revenus sont sup\u00e9rieurs aux seuils d\u2019\u00e9ligibilit\u00e9 des aides de l\u2019Anah mais inf\u00e9rieurs \u00e0 27.706 euros par an pour la premi\u00e8re part de quotient familial) au titre du CITE en 2020, en fonction des travaux r\u00e9alis\u00e9s et des \u00e9quipements install\u00e9s \u00e0 titre individuel entre le 1er janvier et le 31 d\u00e9cembre 2020.<\/p>\n<div id=\"tablepress-39-scroll-wrapper\" class=\"tablepress-scroll-wrapper\">\n\n<table id=\"tablepress-39\" class=\"tablepress tablepress-id-39 tablepress-responsive\">\n<thead>\n<tr class=\"row-1 odd\">\n\t<th colspan=\"2\" class=\"column-1\"><strong>CITE\u00a02020 des m\u00e9nages interm\u00e9diaires : bar\u00e8mes pour les travaux individuels<\/strong><\/th>\n<\/tr>\n<\/thead>\n<tbody class=\"row-hover\">\n<tr class=\"row-2 even\">\n\t<td class=\"column-1\"><strong>\u00c9quipements \/ Travaux<\/strong><\/td><td class=\"column-2\"><strong>Bar\u00e8me 2020<\/strong><\/td>\n<\/tr>\n<tr class=\"row-3 odd\">\n\t<td class=\"column-1\">Pompe \u00e0 chaleur g\u00e9othermique, capteurs horizontaux et verticaux<\/td><td class=\"column-2\">4.000 euros<\/td>\n<\/tr>\n<tr class=\"row-4 even\">\n\t<td class=\"column-1\">Chaudi\u00e8re \u00e0 granul\u00e9s<\/td><td class=\"column-2\">4.000 euros<\/td>\n<\/tr>\n<tr class=\"row-5 odd\">\n\t<td class=\"column-1\">Chauffage solaire combin\u00e9<\/td><td class=\"column-2\">3.000 euros<\/td>\n<\/tr>\n<tr class=\"row-6 even\">\n\t<td class=\"column-1\">Chaudi\u00e8re \u00e0 b\u00fbches<\/td><td class=\"column-2\">3.000 euros<\/td>\n<\/tr>\n<tr class=\"row-7 odd\">\n\t<td class=\"column-1\">Pompe \u00e0 chaleur air-eau<\/td><td class=\"column-2\">2.000 euros<\/td>\n<\/tr>\n<tr class=\"row-8 even\">\n\t<td class=\"column-1\">Chauffe-eau solaire individuel<\/td><td class=\"column-2\">2.000 euros<\/td>\n<\/tr>\n<tr class=\"row-9 odd\">\n\t<td class=\"column-1\">Ventilation double flux<\/td><td class=\"column-2\">2.000 euros<\/td>\n<\/tr>\n<tr class=\"row-10 even\">\n\t<td class=\"column-1\">Po\u00eales \u00e0 granul\u00e9s, cuisini\u00e8res \u00e0 granul\u00e9s<\/td><td class=\"column-2\">1.500 euros<\/td>\n<\/tr>\n<tr class=\"row-11 odd\">\n\t<td class=\"column-1\">Po\u00eale \u00e0 b\u00fbches, cuisini\u00e8res \u00e0 b\u00fbches<\/td><td class=\"column-2\">1.000 euros<\/td>\n<\/tr>\n<tr class=\"row-12 even\">\n\t<td class=\"column-1\">Partie thermique d\u2019un \u00e9quipement PVT eau<\/td><td class=\"column-2\">1.000 euros<\/td>\n<\/tr>\n<tr class=\"row-13 odd\">\n\t<td class=\"column-1\">Chaudi\u00e8res gaz \u00e0 tr\u00e8s haute performance \u00e9nerg\u00e9tique<\/td><td class=\"column-2\">0 euros<\/td>\n<\/tr>\n<tr class=\"row-14 even\">\n\t<td class=\"column-1\">Raccordement aux r\u00e9seaux de chaleur et\/ou de froid<\/td><td class=\"column-2\">400 euros<\/td>\n<\/tr>\n<tr class=\"row-15 odd\">\n\t<td class=\"column-1\">Chauffe-eau thermodynamique<\/td><td class=\"column-2\">400 euros<\/td>\n<\/tr>\n<tr class=\"row-16 even\">\n\t<td class=\"column-1\">D\u00e9pose de cuve \u00e0 fioul<\/td><td class=\"column-2\">400 euros<\/td>\n<\/tr>\n<tr class=\"row-17 odd\">\n\t<td class=\"column-1\">Audit \u00e9nerg\u00e9tique<\/td><td class=\"column-2\">300 euros<\/td>\n<\/tr>\n<tr class=\"row-18 even\">\n\t<td class=\"column-1\">Isolation des murs par l\u2019ext\u00e9rieur<\/td><td class=\"column-2\">50 euros\/m2<\/td>\n<\/tr>\n<tr class=\"row-19 odd\">\n\t<td class=\"column-1\">Isolation des toitures et des terrasses<\/td><td class=\"column-2\">50 euros\/m2<\/td>\n<\/tr>\n<tr class=\"row-20 even\">\n\t<td class=\"column-1\">Isolation thermique des parois vitr\u00e9es (en remplacement de simple vitrage)<\/td><td class=\"column-2\">40 euros\/\u00e9quipement<\/td>\n<\/tr>\n<tr class=\"row-21 odd\">\n\t<td class=\"column-1\">Isolation des rampants de toiture \/ plafonds de combles<\/td><td class=\"column-2\">15 euros\/m2<\/td>\n<\/tr>\n<tr class=\"row-22 even\">\n\t<td class=\"column-1\">Isolation des murs par l\u2019int\u00e9rieur<\/td><td class=\"column-2\">15 euros\/m2<\/td>\n<\/tr>\n<tr class=\"row-23 odd\">\n\t<td class=\"column-1\">Protection des parois vitr\u00e9es ou opaques contre les rayonnements solaires<\/td><td class=\"column-2\">15 euros\/m2<\/td>\n<\/tr>\n<tr class=\"row-24 even\">\n\t<td class=\"column-1\">Borne de recharge pour v\u00e9hicule \u00e9lectrique<\/td><td class=\"column-2\">300 euros<\/td>\n<\/tr>\n<tr class=\"row-25 odd\">\n\t<td class=\"column-1\"><em>Source : minist\u00e8re de la Coh\u00e9sion des territoires et des Relations avec les collectivit\u00e9s territoriales<\/em><\/td><td class=\"column-2\"><\/td>\n<\/tr>\n<\/tbody>\n<\/table>\n\n<\/div><!-- #tablepress-39 from cache -->\n<p>Le tableau ci-dessous indique les bar\u00e8mes pour des\u00a0travaux r\u00e9alis\u00e9s et des \u00e9quipements install\u00e9s \u00e0 titre collectif au cours de l&rsquo;ann\u00e9e 2020.<\/p>\n<div id=\"tablepress-41-scroll-wrapper\" class=\"tablepress-scroll-wrapper\">\n\n<table id=\"tablepress-41\" class=\"tablepress tablepress-id-41 tablepress-responsive\">\n<thead>\n<tr class=\"row-1 odd\">\n\t<th colspan=\"2\" class=\"column-1\"><em>CITE\u00a02020 des m\u00e9nages interm\u00e9diaires : bar\u00e8mes pour les travaux collectifs<\/em><\/th>\n<\/tr>\n<\/thead>\n<tfoot>\n<tr class=\"row-20 even\">\n\t<th colspan=\"2\" class=\"column-1\"><em>Source : minist\u00e8re de la Coh\u00e9sion des territoires et des Relations avec les collectivit\u00e9s territoriales<\/em><\/th>\n<\/tr>\n<\/tfoot>\n<tbody class=\"row-hover\">\n<tr class=\"row-2 even\">\n\t<td class=\"column-1\">\u00c9quipements \/ Travaux<\/td><td class=\"column-2\">Bar\u00e8me 2020 (par logement)<\/td>\n<\/tr>\n<tr class=\"row-3 odd\">\n\t<td class=\"column-1\">Pompe \u00e0 chaleur g\u00e9othermique, capteurs horizontaux et verticaux<\/td><td class=\"column-2\">1.000 euros<\/td>\n<\/tr>\n<tr class=\"row-4 even\">\n\t<td class=\"column-1\">Chaudi\u00e8re \u00e0 granul\u00e9s<\/td><td class=\"column-2\">1.000 euros<\/td>\n<\/tr>\n<tr class=\"row-5 odd\">\n\t<td class=\"column-1\">Chaudi\u00e8re \u00e0 b\u00fbches<\/td><td class=\"column-2\">1.000 euros<\/td>\n<\/tr>\n<tr class=\"row-6 even\">\n\t<td class=\"column-1\">Pompe \u00e0 chaleur air-eau<\/td><td class=\"column-2\">1.000 euros<\/td>\n<\/tr>\n<tr class=\"row-7 odd\">\n\t<td class=\"column-1\">Chauffe-eau solaire collectif<\/td><td class=\"column-2\">350 euros<\/td>\n<\/tr>\n<tr class=\"row-8 even\">\n\t<td class=\"column-1\">Ventilation double flux<\/td><td class=\"column-2\">1.000 euros<\/td>\n<\/tr>\n<tr class=\"row-9 odd\">\n\t<td class=\"column-1\">Chaudi\u00e8res gaz \u00e0 tr\u00e8s haute performance \u00e9nerg\u00e9tique<\/td><td class=\"column-2\">0 euro<\/td>\n<\/tr>\n<tr class=\"row-10 even\">\n\t<td class=\"column-1\">Raccordement aux r\u00e9seaux de chaleur et\/ou de froid<\/td><td class=\"column-2\">150 euros<\/td>\n<\/tr>\n<tr class=\"row-11 odd\">\n\t<td class=\"column-1\">Chauffe-eau thermodynamique<\/td><td class=\"column-2\">150 euros<\/td>\n<\/tr>\n<tr class=\"row-12 even\">\n\t<td class=\"column-1\">D\u00e9pose de cuve \u00e0 fioul<\/td><td class=\"column-2\">150 euros<\/td>\n<\/tr>\n<tr class=\"row-13 odd\">\n\t<td class=\"column-1\">Audit \u00e9nerg\u00e9tique<\/td><td class=\"column-2\">150 euros<\/td>\n<\/tr>\n<tr class=\"row-14 even\">\n\t<td class=\"column-1\">Isolation des murs par l\u2019ext\u00e9rieur<\/td><td class=\"column-2\">50 euros\/m2<\/td>\n<\/tr>\n<tr class=\"row-15 odd\">\n\t<td class=\"column-1\">Isolation des toitures et des terrasses<\/td><td class=\"column-2\">50 euros\/m2<\/td>\n<\/tr>\n<tr class=\"row-16 even\">\n\t<td class=\"column-1\">Isolation des rampants de toiture \/ plafonds de combles<\/td><td class=\"column-2\">15 euros\/m2<\/td>\n<\/tr>\n<tr class=\"row-17 odd\">\n\t<td class=\"column-1\">Isolation des murs par l\u2019int\u00e9rieur<\/td><td class=\"column-2\">15 euros\/m2<\/td>\n<\/tr>\n<tr class=\"row-18 even\">\n\t<td class=\"column-1\">Protection des parois vitr\u00e9es ou opaques contre les rayonnements solaires<\/td><td class=\"column-2\">15 euros\/m2<\/td>\n<\/tr>\n<tr class=\"row-19 odd\">\n\t<td class=\"column-1\">Borne de recharge pour v\u00e9hicule \u00e9lectrique<\/td><td class=\"column-2\">300 euros<\/td>\n<\/tr>\n<\/tbody>\n<\/table>\n\n<\/div><!-- #tablepress-41 from cache -->\n<h3><span class=\"ez-toc-section\" id=\"Les_baremes_2020_pour_les_menages_aux_haut_revenus\"><\/span>Les bar\u00e8mes 2020 pour les m\u00e9nages aux haut revenus<span class=\"ez-toc-section-end\"><\/span><\/h3>\n<p>Le tableau ci-dessous pr\u00e9cise les bar\u00e8mes de l&rsquo;avantage fiscal auquel ont pu pr\u00e9tendre les m\u00e9nages ais\u00e9s (d\u00e9ciles de revenus 9 et 10) au titre du CITE \u00ab r\u00e9siduel \u00bb en 2020, en fonction des travaux r\u00e9alis\u00e9s et des \u00e9quipements install\u00e9s (entre le 1er janvier et le 31 d\u00e9cembre 2020) \u00e0 titre individuel.<\/p>\n<div id=\"tablepress-40-scroll-wrapper\" class=\"tablepress-scroll-wrapper\">\n\n<table id=\"tablepress-40\" class=\"tablepress tablepress-id-40 tablepress-responsive\">\n<thead>\n<tr class=\"row-1 odd\">\n\t<th colspan=\"2\" class=\"column-1\"><strong>CITE\u00a02020 des m\u00e9nages ais\u00e9s : bar\u00e8mes pour les travaux individuels<\/strong><\/th>\n<\/tr>\n<\/thead>\n<tbody class=\"row-hover\">\n<tr class=\"row-2 even\">\n\t<td class=\"column-1\"><strong>\u00c9quipements \/ Travaux<\/strong><\/td><td class=\"column-2\"><strong>Bar\u00e8me 2020<\/strong><\/td>\n<\/tr>\n<tr class=\"row-3 odd\">\n\t<td class=\"column-1\">Pompe \u00e0 chaleur g\u00e9othermique, capteurs horizontaux et verticaux<\/td><td class=\"column-2\">0 euro<\/td>\n<\/tr>\n<tr class=\"row-4 even\">\n\t<td class=\"column-1\">Chaudi\u00e8re \u00e0 granul\u00e9s<\/td><td class=\"column-2\">0 euro<\/td>\n<\/tr>\n<tr class=\"row-5 odd\">\n\t<td class=\"column-1\">Chauffage solaire combin\u00e9<\/td><td class=\"column-2\">0 euro<\/td>\n<\/tr>\n<tr class=\"row-6 even\">\n\t<td class=\"column-1\">Chaudi\u00e8re \u00e0 b\u00fbches<\/td><td class=\"column-2\">0 euro<\/td>\n<\/tr>\n<tr class=\"row-7 odd\">\n\t<td class=\"column-1\">Pompe \u00e0 chaleur air-eau<\/td><td class=\"column-2\">0 euro<\/td>\n<\/tr>\n<tr class=\"row-8 even\">\n\t<td class=\"column-1\">Chauffe-eau solaire individuel<\/td><td class=\"column-2\">0 euro<\/td>\n<\/tr>\n<tr class=\"row-9 odd\">\n\t<td class=\"column-1\">Ventilation double flux<\/td><td class=\"column-2\">0 euro<\/td>\n<\/tr>\n<tr class=\"row-10 even\">\n\t<td class=\"column-1\">Po\u00eales \u00e0 granul\u00e9s, cuisini\u00e8res \u00e0 granul\u00e9s<\/td><td class=\"column-2\">0 euro<\/td>\n<\/tr>\n<tr class=\"row-11 odd\">\n\t<td class=\"column-1\">Po\u00eale \u00e0 b\u00fbches, cuisini\u00e8res \u00e0 b\u00fbches<\/td><td class=\"column-2\">0 euro<\/td>\n<\/tr>\n<tr class=\"row-12 even\">\n\t<td class=\"column-1\">Partie thermique d\u2019un \u00e9quipement PVT eau<\/td><td class=\"column-2\">0 euro<\/td>\n<\/tr>\n<tr class=\"row-13 odd\">\n\t<td class=\"column-1\">Chaudi\u00e8res gaz \u00e0 tr\u00e8s haute performance \u00e9nerg\u00e9tique<\/td><td class=\"column-2\">0 euro<\/td>\n<\/tr>\n<tr class=\"row-14 even\">\n\t<td class=\"column-1\">Raccordement aux r\u00e9seaux de chaleur et\/ou de froid<\/td><td class=\"column-2\">0 euro<\/td>\n<\/tr>\n<tr class=\"row-15 odd\">\n\t<td class=\"column-1\">Chauffe-eau thermodynamique<\/td><td class=\"column-2\">0 euro<\/td>\n<\/tr>\n<tr class=\"row-16 even\">\n\t<td class=\"column-1\">D\u00e9pose de cuve \u00e0 fioul<\/td><td class=\"column-2\">0 euro<\/td>\n<\/tr>\n<tr class=\"row-17 odd\">\n\t<td class=\"column-1\">Audit \u00e9nerg\u00e9tique<\/td><td class=\"column-2\">0 euro<\/td>\n<\/tr>\n<tr class=\"row-18 even\">\n\t<td class=\"column-1\">Isolation des murs par l\u2019ext\u00e9rieur<\/td><td class=\"column-2\">25 euros\/m2<\/td>\n<\/tr>\n<tr class=\"row-19 odd\">\n\t<td class=\"column-1\">Isolation des toitures et des terrasses<\/td><td class=\"column-2\">25 euros\/m2<\/td>\n<\/tr>\n<tr class=\"row-20 even\">\n\t<td class=\"column-1\">Isolation thermique des parois vitr\u00e9es (en remplacement de simple vitrage)<\/td><td class=\"column-2\">0 euro<\/td>\n<\/tr>\n<tr class=\"row-21 odd\">\n\t<td class=\"column-1\">Isolation des rampants de toiture \/ plafonds de combles<\/td><td class=\"column-2\">10 euros\/m2<\/td>\n<\/tr>\n<tr class=\"row-22 even\">\n\t<td class=\"column-1\">Isolation des murs par l\u2019int\u00e9rieur<\/td><td class=\"column-2\">10 euros\/m2<\/td>\n<\/tr>\n<tr class=\"row-23 odd\">\n\t<td class=\"column-1\">Protection des parois vitr\u00e9es ou opaques contre les rayonnements solaires<\/td><td class=\"column-2\">0 euro<\/td>\n<\/tr>\n<tr class=\"row-24 even\">\n\t<td class=\"column-1\">Borne de recharge pour v\u00e9hicule \u00e9lectrique<\/td><td class=\"column-2\">300 euros<\/td>\n<\/tr>\n<tr class=\"row-25 odd\">\n\t<td class=\"column-1\"><em>Source : minist\u00e8re de la Coh\u00e9sion des territoires et des Relations avec les collectivit\u00e9s territoriales<\/em><\/td><td class=\"column-2\"><\/td>\n<\/tr>\n<\/tbody>\n<\/table>\n\n<\/div><!-- #tablepress-40 from cache -->\n<p>Le tableau suivant\u00a0donne les bar\u00e8mes de l&rsquo;avantage fiscal auquel peuvent avoir droit les m\u00e9nages aux revenus les plus hauts pour des\u00a0travaux r\u00e9alis\u00e9s et des \u00e9quipements install\u00e9s \u00e0 titre collectif jusqu&rsquo;au 31 d\u00e9cembre 2020.<\/p>\n<div id=\"tablepress-42-scroll-wrapper\" class=\"tablepress-scroll-wrapper\">\n\n<table id=\"tablepress-42\" class=\"tablepress tablepress-id-42 tablepress-responsive\">\n<thead>\n<tr class=\"row-1 odd\">\n\t<th colspan=\"2\" class=\"column-1\"><em>CITE\u00a02020 des m\u00e9nages ais\u00e9s : bar\u00e8mes pour les travaux collectifs<\/em><\/th>\n<\/tr>\n<\/thead>\n<tfoot>\n<tr class=\"row-20 even\">\n\t<th colspan=\"2\" class=\"column-1\"><em>Source : minist\u00e8re de la Coh\u00e9sion des territoires et des Relations avec les collectivit\u00e9s territoriales<\/em><\/th>\n<\/tr>\n<\/tfoot>\n<tbody class=\"row-hover\">\n<tr class=\"row-2 even\">\n\t<td class=\"column-1\">\u00c9quipements \/ Travaux<\/td><td class=\"column-2\">Bar\u00e8me 2020 (par logement)<\/td>\n<\/tr>\n<tr class=\"row-3 odd\">\n\t<td class=\"column-1\">Pompe \u00e0 chaleur g\u00e9othermique, capteurs horizontaux et verticaux<\/td><td class=\"column-2\">0 euro<\/td>\n<\/tr>\n<tr class=\"row-4 even\">\n\t<td class=\"column-1\">Chaudi\u00e8re \u00e0 granul\u00e9s<\/td><td class=\"column-2\">0 euro<\/td>\n<\/tr>\n<tr class=\"row-5 odd\">\n\t<td class=\"column-1\">Chaudi\u00e8re \u00e0 b\u00fbches<\/td><td class=\"column-2\">0 euro<\/td>\n<\/tr>\n<tr class=\"row-6 even\">\n\t<td class=\"column-1\">Pompe \u00e0 chaleur air-eau<\/td><td class=\"column-2\">0 euro<\/td>\n<\/tr>\n<tr class=\"row-7 odd\">\n\t<td class=\"column-1\">Chauffe-eau solaire collectif<\/td><td class=\"column-2\">0 euro<\/td>\n<\/tr>\n<tr class=\"row-8 even\">\n\t<td class=\"column-1\">Ventilation double flux<\/td><td class=\"column-2\">0 euro<\/td>\n<\/tr>\n<tr class=\"row-9 odd\">\n\t<td class=\"column-1\">Chaudi\u00e8res gaz \u00e0 tr\u00e8s haute performance \u00e9nerg\u00e9tique<\/td><td class=\"column-2\">0 euro<\/td>\n<\/tr>\n<tr class=\"row-10 even\">\n\t<td class=\"column-1\">Raccordement aux r\u00e9seaux de chaleur et\/ou de froid<\/td><td class=\"column-2\">0 euro<\/td>\n<\/tr>\n<tr class=\"row-11 odd\">\n\t<td class=\"column-1\">Chauffe-eau thermodynamique<\/td><td class=\"column-2\">0 euro<\/td>\n<\/tr>\n<tr class=\"row-12 even\">\n\t<td class=\"column-1\">D\u00e9pose de cuve \u00e0 fioul<\/td><td class=\"column-2\">0 euro<\/td>\n<\/tr>\n<tr class=\"row-13 odd\">\n\t<td class=\"column-1\">Audit \u00e9nerg\u00e9tique<\/td><td class=\"column-2\">0 euro<\/td>\n<\/tr>\n<tr class=\"row-14 even\">\n\t<td class=\"column-1\">Isolation des murs par l\u2019ext\u00e9rieur<\/td><td class=\"column-2\">25 euros\/m2<\/td>\n<\/tr>\n<tr class=\"row-15 odd\">\n\t<td class=\"column-1\">Isolation des toitures et des terrasses<\/td><td class=\"column-2\">25 euros\/m2<\/td>\n<\/tr>\n<tr class=\"row-16 even\">\n\t<td class=\"column-1\">Isolation des rampants de toiture \/ plafonds de combles<\/td><td class=\"column-2\">10 euros\/m2<\/td>\n<\/tr>\n<tr class=\"row-17 odd\">\n\t<td class=\"column-1\">Isolation des murs par l\u2019int\u00e9rieur<\/td><td class=\"column-2\">10 euros\/m2<\/td>\n<\/tr>\n<tr class=\"row-18 even\">\n\t<td class=\"column-1\">Protection des parois vitr\u00e9es ou opaques contre les rayonnements solaires<\/td><td class=\"column-2\">0 euro<\/td>\n<\/tr>\n<tr class=\"row-19 odd\">\n\t<td class=\"column-1\">Borne de recharge pour v\u00e9hicule \u00e9lectrique<\/td><td class=\"column-2\">300 euros<\/td>\n<\/tr>\n<\/tbody>\n<\/table>\n\n<\/div><!-- #tablepress-42 from cache -->\n<h3><span class=\"ez-toc-section\" id=\"Equipements_mixtes_comprenant_des_elements_photovoltaiques\"><\/span>\u00c9quipements mixtes (comprenant des \u00e9l\u00e9ments photovolta\u00efques)<span class=\"ez-toc-section-end\"><\/span><\/h3>\n<p>Depuis le 1<sup>er<\/sup> janvier 2014, les investissements dans les panneaux photovolta\u00efques qui utilisent l&rsquo;\u00e9nergie solaire pour produire de l&rsquo;\u00e9lectricit\u00e9 sont exclus du champ du cr\u00e9dit d&rsquo;imp\u00f4t.<\/p>\n<p>Des dispositions particuli\u00e8res sont pr\u00e9vues pour les \u00e9quipements mixtes, qui combinent un \u00e9quipement \u00e9ligible au CITE et un \u00e9quipement photovolta\u00efque. L&rsquo;avantage fiscal est ainsi calcul\u00e9 sur la base du co\u00fbt total de l&rsquo;\u00e9quipement mixte, \u00ab <em>d&rsquo;une part dans la limite d&rsquo;une surface de capteurs solaires, et d&rsquo;autre part apr\u00e8s application \u00e0 cette surface ainsi d\u00e9termin\u00e9e d&rsquo;un plafond de d\u00e9penses par m\u00e8tre carr\u00e9 de capteurs solaires<\/em> \u00bb, indique le site internet de l&rsquo;Agence nationale d&rsquo;information sur le logement (Anil). Ces modalit\u00e9s, variables suivant les types de capteurs solaires, sont pr\u00e9cis\u00e9es dans un <a href=\"https:\/\/www.legifrance.gouv.fr\/eli\/arrete\/2015\/12\/30\/FCPE1531835A\/jo\" target=\"_blank\" rel=\"noopener noreferrer\"><strong>arr\u00eat\u00e9 dat\u00e9 du 30 d\u00e9cembre 2015<\/strong><\/a>.<\/p>\n<p>Ce mode de calcul pr\u00e9vaut pour les d\u00e9penses pay\u00e9es apr\u00e8s le 30 septembre 2015, sauf si un devis a \u00e9t\u00e9 sign\u00e9 et un acompte vers\u00e9 avant cette date.<\/p>\n<h2><span class=\"ez-toc-section\" id=\"Credit_dimpot_2020_fenetres_et_chaudieres_quelle_aide_fiscale\"><\/span>Cr\u00e9dit d&rsquo;imp\u00f4t 2020 : fen\u00eatres et chaudi\u00e8res, quelle aide fiscale ?<span class=\"ez-toc-section-end\"><\/span><\/h2>\n<h3><span class=\"ez-toc-section\" id=\"Credit_dimpot_transition_energetique_2020_quels_changements\"><\/span>Cr\u00e9dit d&rsquo;imp\u00f4t transition \u00e9nerg\u00e9tique 2020 : quels changements ?<span class=\"ez-toc-section-end\"><\/span><\/h3>\n<p>Le gouvernement d&rsquo;\u00c9douard Philippe a, conform\u00e9ment aux engagements pris par Emmanuel Macron pendant sa campagne pr\u00e9sidentielle, d\u00e9cid\u00e9 de cr\u00e9er une nouvelle aide \u00e0 la r\u00e9alisation de travaux de r\u00e9novation \u00e9nerg\u00e9tique sous la forme d&rsquo;une prime \u00e0 percevoir imm\u00e9diatement apr\u00e8s l&rsquo;ach\u00e8vement des travaux. Cette aide financi\u00e8re remplace d\u00e9finitivement le cr\u00e9dit d&rsquo;imp\u00f4t depuis le 1er janvier 2021.<\/p>\n<p>Faute de temps pour la mise en \u0153uvre de MaPrimeR\u00e9nov&rsquo; d\u00e8s 2019, l&rsquo;ex\u00e9cutif avait opt\u00e9 pour une p\u00e9riode de transition pr\u00e9voyant :<\/p>\n<ul>\n<li>la reconduction du cr\u00e9dit d&rsquo;imp\u00f4t en 2018 et 2019<\/li>\n<li>sa modification puis sa suppression en deux temps pour les portes, fen\u00eatres et volets<\/li>\n<li>sa suppression d\u00e8s le 1<sup>er<\/sup> janvier 2018 pour les chaudi\u00e8res au fioul, les portes et les volets<\/li>\n<li>sa r\u00e9introduction pour les fen\u00eatres en 2019 avec un taux de cr\u00e9dit d&rsquo;imp\u00f4t minor\u00e9 (15%)<\/li>\n<li>son extension d\u00e9penses de d\u00e9sinstallation d&rsquo;une cuve \u00e0 fioul avec un taux de cr\u00e9dit d&rsquo;imp\u00f4t major\u00e9 (50%)<\/li>\n<\/ul>\n<p>Invit\u00e9 sur Europe 1 le 17 d\u00e9cembre 2018, Fran\u00e7ois de Rugy, qui occupait alors le poste de\u00a0ministre de la Transition \u00e9cologique, avait annonc\u00e9 que le gouvernement a finalement d\u00e9cid\u00e9 de \u00ab r\u00e9\u00e9largir le CITE au changement de fen\u00eatres \u00bb. Il avait pr\u00e9cis\u00e9 que le dispositif concernerait le remplacement de simple vitrage par des doubles vitrages et que le cr\u00e9dit d\u2019imp\u00f4t serait plafonn\u00e9 \u00e0 100 euros par fen\u00eatre. La mesure s&rsquo;applique pour l&rsquo;ann\u00e9e 2019. \u00ab Il ne s&rsquo;agit pas de subventionner n&rsquo;importe quel type de fen\u00eatre \u00bb, avait-t-il pr\u00e9venu.<\/p>\n<p>Un arr\u00eat\u00e9 du 1er mars 2019,<strong> <a href=\"https:\/\/www.legifrance.gouv.fr\/affichTexte.do?cidTexte=JORFTEXT000038203960&amp;dateTexte=&amp;categorieLien=id\" target=\"_blank\" rel=\"noopener noreferrer\">paru au Journal officiel du 7 mars 2019<\/a><\/strong>, a apport\u00e9 des pr\u00e9cisions quant aux contours de l&rsquo;application du CITE pour les chaudi\u00e8res jusqu&rsquo;au 31 d\u00e9cembre 2019. Des plafonds de d\u00e9penses s&rsquo;appliquent ainsi pour ces appareils dont l&rsquo;efficacit\u00e9 \u00e9nerg\u00e9tique saisonni\u00e8re (c&rsquo;est-\u00e0-dire leur rendement en chauffage) doit atteindre 92% :<\/p>\n<ul>\n<li>pour les <strong>panneaux solaires thermiques<\/strong>, les m\u00e9nages modestes disposent du CITE dans les limites d&rsquo;un plafonds de 1.300 euros TTC le m\u00e8tre carr\u00e9 pour une solution \u00e0 circulation de liquide (1.000 euros TTC pour les autres m\u00e9nages), de 520 euros TTC pour de l&rsquo;a\u00e9rothermique ou de l&rsquo;hybride thermique-\u00e9lectrique \u00e0 circulation de liquide dans la limite d&rsquo;une surface de 10 m\u00e8tres carr\u00e9s de capteurs (400 euros TTC pour les autres foyers), et de\u00a0260 euros TTC pour de l&rsquo;hybride thermique-\u00e9lectrique \u00e0 vecteur air (200 euros TTC pour les autres m\u00e9nages)<\/li>\n<li>en mati\u00e8re de production d&rsquo;eau sanitaire, le plafond de d\u00e9penses pour l&rsquo;acquisition d&rsquo;un<strong style=\"background-color: transparent\"> chauffe-eau thermodynamique<\/strong><span style=\"background-color: transparent\"> est fix\u00e9 \u00e0 4.000 euros TTC pour les m\u00e9nages modestes et \u00e0 3.000 euros TTC pour les autres m\u00e9nages<\/span><\/li>\n<li>pour b\u00e9n\u00e9ficier du CITE, le plafond financier pour l&rsquo;achat d&rsquo;une <strong style=\"background-color: transparent\">chaudi\u00e8re \u00e0 micro-g\u00e9n\u00e9ration \u00e0 gaz<\/strong><span style=\"background-color: transparent\"> (production \u00e9lectrique inf\u00e9rieure ou \u00e9gale \u00e0 3 kilovoltamp\u00e8res par logement) s&rsquo;\u00e9tablit \u00e0 3.350 euros TTC par logement.<\/span><\/li>\n<\/ul>\n<p>La\u00a0<a href=\"https:\/\/www.toutsurmesfinances.com\/argent\/a\/loi-de-finances-2020-dates-et-dispositions-du-plf-2020\">loi de finances (PLF) 2020<\/a>\u00a0pour 2020 a initi\u00e9 une \u00e9volution quant aux aides accord\u00e9es aux m\u00e9nages \u00e9ligibles aux dispositifs d&rsquo;aides pour les travaux engag\u00e9s depuis le 1er janvier 2020. Ainsi, l<span style=\"background-color: transparent\">es m\u00e9nages\u00a0<\/span><span style=\"background-color: transparent\">\u00ab<\/span><span style=\"background-color: transparent\">\u00a0interm\u00e9diaires\u00a0<\/span><span style=\"background-color: transparent\">\u00bb (seuil entre d\u00e9ciles de revenus de 5 \u00e0 8) ne b\u00e9n\u00e9ficient plus du CITE pour les chaudi\u00e8res \u00e0 gaz, m\u00eame celles \u00e0 tr\u00e8s haute performance \u00e9nerg\u00e9tique. En revanche, les m\u00e9nages \u00ab modestes \u00bb et \u00ab tr\u00e8s modestes \u00bb et (situ\u00e9s jusqu&rsquo;au d\u00e9cile 4) peuvent b\u00e9n\u00e9ficier de la nouvelle prime de transition \u00e9nerg\u00e9tique pour ce type d&rsquo;\u00e9quipement.<br \/>\n<\/span><\/p>\n<p>Autre nouveaut\u00e9 introduite par la loi de finances pour 2020 : les frais de pose sont d\u00e9sormais inclus pour tous les gestes engag\u00e9s, m\u00eame ceux qui sont actuellement exclus. Cela concerne :<\/p>\n<ul>\n<li>la pose de mat\u00e9riaux d\u2019isolation thermique des parois vitr\u00e9es<\/li>\n<li>la pose d&rsquo;\u00e9quipements de raccordement \u00e0 un r\u00e9seau de chaleur ou de froid aliment\u00e9s majoritairement par des \u00e9nergies renouvelables ou de r\u00e9cup\u00e9ration<\/li>\n<li>la pose d&rsquo;une ventilation m\u00e9canique contr\u00f4l\u00e9e \u00e0 double flux<\/li>\n<\/ul>\n<p>Concernant les<strong> fen\u00eatres<\/strong>, elles b\u00e9n\u00e9ficient jusqu&rsquo;au 31 d\u00e9cembre 2019 d&rsquo;un taux r\u00e9duit de 15%, pour les remplacements de simple vitrage, dans la limite d&rsquo;un plafond de 670 euros par \u00e9quipement. Le cr\u00e9dit d&rsquo;imp\u00f4t est limit\u00e9 \u00e0 100 euros par fen\u00eatre. Le PLF 2020 pr\u00e9voit un geste sp\u00e9cifique avec une aide fix\u00e9e selon l&rsquo;\u00e9quipement install\u00e9 (elle devrait toujours \u00eatre de 100 euros).<\/p>\n<h3><span class=\"ez-toc-section\" id=\"Isolation_fenetres_poele_a_bois%E2%80%A6_Ce_qui_change_ou_pas_pour_le_credit_dimpot_2017-2018-2019-2020\"><\/span>Isolation, fen\u00eatres, po\u00eale \u00e0 bois&#8230; Ce qui change ou pas pour le cr\u00e9dit d&rsquo;imp\u00f4t 2017-2018-2019-2020<span class=\"ez-toc-section-end\"><\/span><\/h3>\n<p>Plus pr\u00e9cis\u00e9ment, voici ce qui a ou va changer (ou non) d&rsquo;ici le 31 d\u00e9cembre 2019 :<\/p>\n<ul>\n<li><strong>maintien des conditions en vigueur jusqu&rsquo;au 31 d\u00e9cembre 2017<\/strong><\/li>\n<li><strong>fin du droit au cr\u00e9dit d&rsquo;imp\u00f4t pour pose de portes d&rsquo;entr\u00e9e<\/strong> et\/ou de volets isolants \u00e0 partir depuis le 1<sup>er<\/sup> janvier 2018<\/li>\n<li><strong>r\u00e9duction du taux du cr\u00e9dit d&rsquo;imp\u00f4t pour travaux d&rsquo;isolation de 30 \u00e0 15%<\/strong> au titre de l&rsquo;achat de fen\u00eatres isolantes (passage du simple vitrage au double vitrage) du 1<sup>er<\/sup> janvier au 30 juin 2018<\/li>\n<li><strong>fin du droit au cr\u00e9dit d&rsquo;imp\u00f4t en cas de pose de fen\u00eatres<\/strong> isolantes du 1<sup>er<\/sup> juillet 2018 au 31 d\u00e9cembre 2018<\/li>\n<li><strong>fin du droit au cr\u00e9dit d&rsquo;imp\u00f4t pour les chaudi\u00e8res<\/strong> \u00e0 haute performance \u00e9nerg\u00e9tique utilisant le fioul comme source d&rsquo;\u00e9nergie les moins performantes depuis le 1<sup>er<\/sup> janvier 2018. Une exception \u00e9tait pr\u00e9vue pour les chaudi\u00e8res au fioul respectant des crit\u00e8res de performance \u00e9nerg\u00e9tique renforc\u00e9s, mais elles ont finalement \u00e9t\u00e9 totalement sorties du dispositif du CITE. Dans ce cas, le cr\u00e9dit d&rsquo;imp\u00f4t \u00e9tait maintenu du 1<sup>er<\/sup> janvier au 30 juin 2018 au taux r\u00e9duit de 15%.<\/li>\n<li><strong>extension du cr\u00e9dit d&rsquo;imp\u00f4t<\/strong> en faveur de la transition \u00e9nerg\u00e9tique aux prestations d&rsquo;audit et d&rsquo;accompagnement et aux prestations de raccordement \u00e0 un r\u00e9seau de chaleur du 1<sup>er<\/sup> janvier au 31 d\u00e9cembre 2019<\/li>\n<li><strong>extension du cr\u00e9dit d&rsquo;imp\u00f4t<\/strong> \u00e0 la d\u00e9pose des chaudi\u00e8res au fioul du 1<sup>er<\/sup> janvier au 31 d\u00e9cembre 2019<\/li>\n<li><strong>maintien du cr\u00e9dit d&rsquo;imp\u00f4t pour l&rsquo;isolation des combles<\/strong>, le changement de chaudi\u00e8re et l&rsquo;installation d&rsquo;\u00e9quipements de chauffage (dont les po\u00eales \u00e0 bois et foyers ferm\u00e9s\/inserts dont le rendement \u00e9nerg\u00e9tique est sup\u00e9rieur ou \u00e9gal \u00e0 70%) et d&rsquo;eau chaude sanitaire utilisant des sources d&rsquo;\u00e9nergies renouvelables (bois, biomasse, g\u00e9othermie, pompe \u00e0 chaleur, solaire thermique, r\u00e9seau de chaleur)<\/li>\n<li><strong>suppression du cr\u00e9dit d&rsquo;imp\u00f4t le 31 d\u00e9cembre 2019 pour tous types de travaux<\/strong> et remplacement par une prime \u00e0 compter du 1<sup>er<\/sup> janvier 2020<\/li>\n<\/ul>\n<p>Ces dispositions figurent dans <a href=\"https:\/\/www.legifrance.gouv.fr\/affichCode.do?idSectionTA=LEGISCTA000006191624&amp;cidTexte=LEGITEXT000006069577\" target=\"_blank\" rel=\"noopener noreferrer\">l&rsquo;article 200 quater du Code g\u00e9n\u00e9ral des imp\u00f4ts<\/a> et la loi de finances pour 2019.<\/p>\n<h3><span class=\"ez-toc-section\" id=\"Chaudiere_fenetres_ancien_taux_du_credit_dimpot_applicable_selon_la_date_de_devis\"><\/span>Chaudi\u00e8re, fen\u00eatres : ancien taux du cr\u00e9dit d&rsquo;imp\u00f4t applicable selon la date de devis<span class=\"ez-toc-section-end\"><\/span><\/h3>\n<p>Il est possible dans certains cas de d\u00e9roger \u00e0 l&rsquo;application imm\u00e9diate de la r\u00e9duction ou de la suppression du cr\u00e9dit d&rsquo;imp\u00f4t pour les portes, fen\u00eatres, volets et chaudi\u00e8res au fioul.<\/p>\n<p>Tout d\u00e9pend de la date d&rsquo;acceptation du devis du professionnel RGE et de versement du premier acompte\u00a0 :<\/p>\n<ul>\n<li><strong>pour les fen\u00eatres<\/strong> : taux de 30% avant le 1<sup>er<\/sup> janvier 2018, taux de 15% du 1<sup>er<\/sup> janvier au 30 juin 2018 inclus, 0 ensuite<\/li>\n<li><strong>pour les portes et volets<\/strong> : taux de 30% avant le 1<sup>er<\/sup> janvier 2018, 0 ensuite<\/li>\n<li><strong>pour les chaudi\u00e8res au fioul<\/strong> : taux de 30% avant le 1<sup>er<\/sup> janvier 2018, 0 ensuite (ou 15% pour les chaudi\u00e8res les plus performantes jusqu&rsquo;au 30 juin 2018)<\/li>\n<\/ul>\n<p>Dans tous les cas, le paiement int\u00e9gral de l&rsquo;installateur devait \u00eatre effectu\u00e9 le 31 d\u00e9cembre 2018 au plus tard.<\/p>\n<p><span style=\"font-size: 14pt\">Taux de 30% et d\u00e9claration des travaux<\/span><\/p>\n<p>Si le CITE s&rsquo;av\u00e8re complexe, il n&rsquo;est pas difficile d&rsquo;appr\u00e9hender l&rsquo;avantage fiscal qu&rsquo;il procure. Contrairement aux it\u00e9rations pr\u00e9c\u00e9dentes du CIDD, qui proposaient <a href=\"https:\/\/www.toutsurmesfinances.com\/impots\/credit-d-impot-comment-l-utiliser-pour-baisser-ou-annuler-son-impot.html\" target=\"_blank\" rel=\"noopener noreferrer\"><strong>un cr\u00e9dit d&rsquo;imp\u00f4t<\/strong><\/a> variable selon la nature des travaux, un seul taux (30%) est \u00e0 retenir. Et ce, quels que soient les chantiers engag\u00e9s, du moment qu&rsquo;ils sont \u00e9ligibles au dispositif, sauf exceptions.<\/p>\n<p>Seules deux cat\u00e9gories d&rsquo;installations font l&rsquo;objet, de fa\u00e7on transitoire, d&rsquo;un taux de cr\u00e9dit d&rsquo;imp\u00f4t diff\u00e9rent (15% ou 50%)<\/p>\n<p><strong>&gt; taux de 15% :<\/strong><br \/>\n&#8211; du 1er janvier au 30 juin 2018 : pour la pose de fen\u00eatres \u00e0 double vitrage et l&rsquo;installation de certaines chaudi\u00e8res au fioul \u00e0 tr\u00e8s hautes performances \u00e9nerg\u00e9tiques<br \/>\n&#8211; du 1er janvier au 31 d\u00e9cembre 2019 pour le remplacement de fen\u00eatres \u00e0 simple vitrage par du double vitrage<\/p>\n<p><strong>&gt; taux de 50% :<\/strong><br \/>\n&#8211; du 1er janvier au 31 d\u00e9cembre 2019 pour la d\u00e9pose d&rsquo;une chaudi\u00e8re au fioul<\/p>\n<p>Pour toucher la carotte fiscale, les particuliers doivent informer l&rsquo;administration des travaux r\u00e9alis\u00e9s et de leur montant <a href=\"http:\/\/www.toutsurlesimpots.com\/impots-2015-comment-declarer-le-credit-d-impot-a-la-renovation.html\" target=\"_blank\" rel=\"noopener noreferrer\"><strong>au moment de d\u00e9clarer leurs revenus<\/strong><\/a>. Ainsi, des travaux achev\u00e9s en 2018 devaient \u00eatre inscrits dans la d\u00e9claration 2019 pour diminuer l&rsquo;imp\u00f4t \u00e0 payer cette m\u00eame ann\u00e9e. En l&rsquo;absence de d\u00e9claration, le fisc n&rsquo;\u00e9tait pas en mesure de calculer le cr\u00e9dit d&rsquo;imp\u00f4t.<\/p>\n<h3><span class=\"ez-toc-section\" id=\"La_date_a_retenir\"><\/span>La date \u00e0 retenir<span class=\"ez-toc-section-end\"><\/span><\/h3>\n<p>En cas de doute pour la d\u00e9claration, il faut se r\u00e9f\u00e9rer \u00e0 la date de paiement d\u00e9finitif des travaux. S&rsquo;ils avaient \u00e9t\u00e9 lanc\u00e9s en 2017 apr\u00e8s acceptation d&rsquo;un devis et paiement d&rsquo;un acompte, mais r\u00e9gl\u00e9s d\u00e9finitivement apr\u00e8s le 1<sup>er<\/sup> janvier 2018, ils devaient ainsi \u00eatre d\u00e9clar\u00e9s au fisc avec les revenus de 2018. Soit dans la <strong><a href=\"https:\/\/www.toutsurmesfinances.com\/impots\/impot-sur-le-revenu-la-declaration-etape-par-etape.html\" target=\"_blank\" rel=\"noopener noreferrer\">d\u00e9claration de revenus effectu\u00e9e en 2019<\/a><\/strong> selon les conditions d&rsquo;application de la loi pr\u00e9vues par l&rsquo;administration fiscale au Bofip (ex-bulletin officiel des imp\u00f4ts).<\/p>\n<h2><span class=\"ez-toc-section\" id=\"Les_depenses_prises_en_compte\"><\/span>Les d\u00e9penses prises en compte<span class=\"ez-toc-section-end\"><\/span><\/h2>\n<p>Le cr\u00e9dit d&rsquo;imp\u00f4t est calcul\u00e9 \u00e0 partir du montant des d\u00e9penses \u00e9ligibles toutes taxes comprises, hors main d&rsquo;\u0153uvre dans la plupart des cas.<\/p>\n<h3><span class=\"ez-toc-section\" id=\"Nature_des_depenses\"><\/span>Nature des d\u00e9penses<span class=\"ez-toc-section-end\"><\/span><\/h3>\n<p>Un particulier ne peut pas toucher le cr\u00e9dit d&rsquo;imp\u00f4t s&rsquo;il ach\u00e8te lui-m\u00eame les \u00e9quipements et proc\u00e8de aux travaux. Il est oblig\u00e9 de recourir aux services d&rsquo;un professionnel pour l&rsquo;acquisition et l&rsquo;installation des \u00e9quipements. La m\u00eame entreprise doit r\u00e9aliser et facturer les travaux.<\/p>\n<p>Elle peut toutefois faire appel \u00e0 des sous-traitants. Les d\u00e9penses assum\u00e9es par ceux-ci doivent \u00eatre factur\u00e9es par l&rsquo;entreprise \u00ab principale \u00bb afin qu&rsquo;elles soient int\u00e9gr\u00e9es dans le calcul de l&rsquo;avantage fiscal.<\/p>\n<p style=\"background-color: #e5e5e5\"><strong>ATTENTION :<\/strong>\u00a0depuis le 1<sup>er<\/sup> janvier 2016, une visite pr\u00e9alable \u00e0 l&rsquo;\u00e9tablissement du devis est obligatoire pour valider l&rsquo;ad\u00e9quation des \u00e9quipements, mat\u00e9riaux et appareils \u00e0 installer avec le logement. Elle peut \u00eatre r\u00e9alis\u00e9e par l&rsquo;entreprise principale ou son sous-traitant. En l&rsquo;absence de visite, le cr\u00e9dit d&rsquo;imp\u00f4t n&rsquo;est pas d\u00e9livr\u00e9.<\/p>\n<h3><span class=\"ez-toc-section\" id=\"Plafonds_de_8000_ou_16000_euros_sur_5_ans\"><\/span>Plafonds de 8.000 ou 16.000 euros sur 5 ans<span class=\"ez-toc-section-end\"><\/span><\/h3>\n<p>La g\u00e9n\u00e9rosit\u00e9 du CITE a ses limites. Des plafonds de d\u00e9penses s&rsquo;appliquent, de 8.000 euros pour une personne seule ou 16.000 euros pour un couple. Ces seuils sont relev\u00e9s de 400 euros par personne \u00e0 charge suppl\u00e9mentaire, un montant qui s&rsquo;\u00e9l\u00e8ve \u00e0 200 euros par enfant dans le cas d&rsquo;une r\u00e9sidence altern\u00e9e. Le cr\u00e9dit d&rsquo;imp\u00f4t ne peut ainsi exc\u00e9der 2.400 euros pour un c\u00e9libataire, une personne veuve ou une personne divorc\u00e9e, et 4.800 euros pour un couple sans enfant. Cette somme est major\u00e9e de 120 euros par personne \u00e0 charge suppl\u00e9mentaire. Ces 120 euros sont divis\u00e9s par deux en cas de r\u00e9sidence altern\u00e9e d&rsquo;un enfant.<\/p>\n<p><strong>ATTENTION :<\/strong>\u00a0ces plafonds ont chang\u00e9 depuis le 1er janvier 2020.<\/p>\n<p>Ces limites sont appr\u00e9ci\u00e9es sur cinq ann\u00e9es : un particulier c\u00e9libataire qui avait inscrit 8.000 euros de d\u00e9penses \u00e9ligibles sur sa d\u00e9claration 2018 n&rsquo;a pas pu recourir \u00e0 nouveau au CITE en 2019. \u00c0 l&rsquo;inverse, si cette personne n&rsquo;avait d\u00e9clar\u00e9 que 3.000 euros de travaux en 2016, elle avait pu b\u00e9n\u00e9ficier de l&rsquo;avantage fiscal pour des travaux r\u00e9alis\u00e9s en 2018, dans la limite de 5.000 euros (8.000 \u2013 3.000).<\/p>\n<h3><span class=\"ez-toc-section\" id=\"Deduction_des_aides_et_subventions\"><\/span>D\u00e9duction des aides et subventions<span class=\"ez-toc-section-end\"><\/span><\/h3>\n<p>Le montant des d\u00e9penses \u00e0 d\u00e9clarer doit \u00eatre diminu\u00e9 des aides et subventions per\u00e7ues pour la r\u00e9alisation des travaux. \u00ab <em>Si vous b\u00e9n\u00e9ficiez d&rsquo;une autre aide publique pour l&rsquo;achat des \u00e9quipements et des mat\u00e9riaux (conseil r\u00e9gional, conseil g\u00e9n\u00e9ral, Agence nationale de l&rsquo;habitat), le calcul sera sur le co\u00fbt de l&rsquo;\u00e9quipement d\u00e9ductions faites des aides per\u00e7ues<\/em> \u00bb, explique ainsi l&rsquo;Agence de l&rsquo;environnement et de la ma\u00eetrise de l&rsquo;\u00e9nergie (Ademe) sur son site internet.<\/p>\n<p>En revanche, les sommes re\u00e7ues au titre d&rsquo;un <a href=\"https:\/\/www.toutsurmesfinances.com\/immobilier\/eco-ptz-les-conditions-en-vigueur-en-2015.html\" target=\"_blank\" rel=\"noopener noreferrer\"><strong>\u00e9co pr\u00eat \u00e0 taux z\u00e9ro (\u00e9co-PTZ)<\/strong><\/a> n&rsquo;ont pas \u00e0 \u00eatre d\u00e9duites.<\/p>\n<p style=\"background-color: #e5e5e5\"><strong>\u00c0 SAVOIR :<\/strong>\u00a0il n&rsquo;est pas possible de b\u00e9n\u00e9ficier du CITE et du cr\u00e9dit d&rsquo;imp\u00f4t d&rsquo;aide \u00e0 la personne (adaptation du logement pour les personnes \u00e2g\u00e9es ou handicap\u00e9es) au titre des m\u00eames d\u00e9penses. En revanche, le <a href=\"https:\/\/www.toutsurmesfinances.com\/immobilier\/eco-ptz-les-conditions-en-vigueur-en-2015.html#cumul-cite\" target=\"_blank\" rel=\"noopener noreferrer\"><strong>cumul du CITE et de l&rsquo;\u00e9co-PTZ<\/strong><\/a> est autoris\u00e9, sans conditions de revenus depuis le 1<sup>er<\/sup> mars 2016.<\/p>\n<h2><span class=\"ez-toc-section\" id=\"Les_professionnels_competents_RGE_et_signes_de_qualite\"><\/span>Les professionnels comp\u00e9tents (RGE et signes de qualit\u00e9)<span class=\"ez-toc-section-end\"><\/span><\/h2>\n<p>Recourir \u00e0 un professionnel pour b\u00e9n\u00e9ficier du CITE est obligatoire. Dans la majorit\u00e9 des cas, le donneur d&rsquo;ordre doit obligatoirement faire appel \u00e0 un professionnel d\u00e9tenteur du label RGE (Reconnu garant de l&rsquo;environnement).<\/p>\n<h3><span class=\"ez-toc-section\" id=\"Label_RGE_et_signes_de_qualite\"><\/span>Label RGE et signes de qualit\u00e9<span class=\"ez-toc-section-end\"><\/span><\/h3>\n<p>Attention toutefois, il ne suffit pas de faire appel \u00e0 n&rsquo;importe quel professionnel RGE : suivant la cat\u00e9gorie des travaux, l&rsquo;entreprise doit \u00e9galement arborer les signes de qualit\u00e9 d\u00e9livr\u00e9s par les organismes de qualification Qualibat, Qualit&rsquo;EnR, Qualifelec ou ceux de certification C\u00e9quami et Certibat.<\/p>\n<p>Une m\u00eame entreprise peut prendre en charge une grosse r\u00e9novation, touchant \u00e0 plusieurs types de travaux* (isolation du toit et des murs et installation d&rsquo;une chaudi\u00e8re hautement performante par exemple) et proposer une offre globale. Elle doit cependant d\u00e9tenir un des signes suivants :<\/p>\n<ul>\n<li>NF maison r\u00e9nov\u00e9e ou NF maison r\u00e9nov\u00e9e HQE (C\u00e9quami)<\/li>\n<li>offre globale de r\u00e9novation \u00e9nerg\u00e9tique (Certibat)<\/li>\n<li>codes 8632 et 8633 (Efficacit\u00e9 \u00e9nerg\u00e9tique \u00ab Offre Globale \u00bb, Qualibat).<\/li>\n<\/ul>\n<p>Sur son site internet, l&rsquo;Ademe d\u00e9taille dans un fascicule <a href=\"https:\/\/librairie.ademe.fr\/batiment\/8614-10392-quelles-qualifications-et-certifications-rge-pour-quels-travaux-au-1er-octobre-2025.html#\/44-type_de_produit-format_electronique\" target=\"_blank\" rel=\"noopener noreferrer\"><strong>les certifications et qualifications \u00e0 retenir en fonction du type de travaux<\/strong><\/a>. Pour faciliter les recherches, le site renovation-info-service.gouv.fr propose un outil de recherche pour <a href=\"http:\/\/renovation-info-service.gouv.fr\/trouvez-un-professionnel\" target=\"_blank\" rel=\"noopener noreferrer\"><strong>trouver une entreprise RGE pr\u00e8s de chez soi<\/strong><\/a>.<\/p>\n<p><em>*Huit cat\u00e9gories au total : chaudi\u00e8re \u00e0 haute performance \u00e9nerg\u00e9tique ou micro-cog\u00e9n\u00e9ration gaz ; fen\u00eatres, volets, portes ext\u00e9rieures ; isolation des murs et planchers bas ; isolation du toit ; chauffage et\/ou eau chaude solaire ; chauffage et\/ou eau chaude au bois ; pompe \u00e0 chaleur ; forage g\u00e9othermique.<\/em><\/p>\n<h3><span class=\"ez-toc-section\" id=\"Dispense_de_label_RGE\"><\/span>Dispense de label RGE<span class=\"ez-toc-section-end\"><\/span><\/h3>\n<p>Quelques exceptions existent pour les op\u00e9rations suivantes :<\/p>\n<ul>\n<li>pose d&rsquo;un appareil de r\u00e9gulation ou de programmation du chauffage<\/li>\n<li>pose d&rsquo;un compteur individuel pour le chauffage et l&rsquo;eau chaude sanitaire dans les copropri\u00e9t\u00e9s<\/li>\n<li>isolation thermique des chaudi\u00e8res et canalisations<\/li>\n<li>installation d&rsquo;\u00e9quipements de raccordement \u00e0 un r\u00e9seau de chaleur<\/li>\n<li>installation d&rsquo;\u00e9quipements de production d&rsquo;\u00e9lectricit\u00e9 utilisant l&rsquo;\u00e9nergie hydraulique ou de biomasse<\/li>\n<li>r\u00e9alisation d&rsquo;un DPE non obligatoire<\/li>\n<li>installation d&rsquo;une borne de recharge de v\u00e9hicules \u00e9lectriques.<\/li>\n<\/ul>\n<h2><span class=\"ez-toc-section\" id=\"Les_justificatifs_a_transmettre\"><\/span>Les justificatifs \u00e0 transmettre<span class=\"ez-toc-section-end\"><\/span><\/h2>\n<p>La loi ne retient aucun justificatif \u00e0 fournir obligatoirement au fisc suite \u00e0 la r\u00e9alisation des travaux.<\/p>\n<p>Il est toutefois n\u00e9cessaire de conserver pr\u00e9cieusement les factures pendant au moins trois ans, pour les pr\u00e9senter \u00e0 l&rsquo;administration en cas de contr\u00f4le fiscal. Elles doivent d\u00e9tailler :<\/p>\n<ul>\n<li>l&rsquo;adresse du logement<\/li>\n<li>la nature, l&rsquo;appellation et le montant des travaux<\/li>\n<li>le d\u00e9tail des cat\u00e9gories de travaux<\/li>\n<li>les caract\u00e9ristiques de performance des mat\u00e9riaux et appareils install\u00e9s<\/li>\n<li>la qualification professionnelle de l&rsquo;entreprise.<\/li>\n<\/ul>\n<h2><span class=\"ez-toc-section\" id=\"Les_cas_particuliers\"><\/span>Les cas particuliers<span class=\"ez-toc-section-end\"><\/span><\/h2>\n<h3><span class=\"ez-toc-section\" id=\"Coproprietaires\"><\/span>Copropri\u00e9taires<span class=\"ez-toc-section-end\"><\/span><\/h3>\n<p>Les copropri\u00e9taires peuvent profiter du CITE, non seulement pour des travaux sur leur r\u00e9sidence principale mais \u00e9galement au titre des d\u00e9penses qu&rsquo;ils assument pour la r\u00e9novation des \u00e9quipements communs de la copropri\u00e9t\u00e9.<\/p>\n<p>Dans ce cas de figure, la date \u00e0 retenir est celle du r\u00e8glement de la facture par le syndic, et non celle de l&rsquo;appel de fonds. \u00ab <em>Il appartient au syndic de fournir aux copropri\u00e9taires une attestation ou tout autre document \u00e9tablissant formellement la date du paiement des travaux<\/em> \u00bb, pr\u00e9cise l&rsquo;Anil.<\/p>\n<h3><span class=\"ez-toc-section\" id=\"Locataires\"><\/span>Locataires<span class=\"ez-toc-section-end\"><\/span><\/h3>\n<p>Lorsqu&rsquo;un locataire r\u00e9alise des travaux \u00e9ligibles au CITE dans le logement qu&rsquo;il occupe, il peut b\u00e9n\u00e9ficier de l&rsquo;avantage fiscal, quand bien m\u00eame le logement ne lui appartient pas. Mais si le propri\u00e9taire lui rembourse les montants d\u00e9bours\u00e9s dans un d\u00e9lai de cinq ans, le cr\u00e9dit d&rsquo;imp\u00f4t doit \u00eatre restitu\u00e9 au fisc.<\/p>\n<h2><span class=\"ez-toc-section\" id=\"Cumul_eco-PTZ_et_credit_dimpot_2020\"><\/span>Cumul \u00e9co-PTZ et cr\u00e9dit d&rsquo;imp\u00f4t 2020<span class=\"ez-toc-section-end\"><\/span><\/h2>\n<p>Peut-on cumuler <a href=\"https:\/\/www.toutsurmesfinances.com\/immobilier\/eco-ptz-les-conditions-en-vigueur-en-2015.html\">\u00e9co-pr\u00eat \u00e0 taux z\u00e9ro<\/a> (\u00e9co-PTZ) et CITE ? Oui ! Depuis le 1<sup>er<\/sup> mars 2016, la loi permet de cumuler l&rsquo;\u00e9co-PTZ avec le cr\u00e9dit d&rsquo;imp\u00f4t transition \u00e9nerg\u00e9tique sans conditions de ressources. Il est ainsi possible de b\u00e9n\u00e9ficier d&rsquo;un \u00e9co-PTZ ET du cr\u00e9dit d&rsquo;imp\u00f4t quel que soit son niveau de revenus pour toute offre d&rsquo;\u00e9co-pr\u00eat \u00e0 taux z\u00e9ro \u00e9mise en 2020.<\/p>\n<p>L&rsquo;\u00e9co-PTZ est une avance remboursable sans int\u00e9r\u00eats sur 15 ans, d&rsquo;un montant maximum de 30.000 euros. Elle permet de financer les travaux de r\u00e9novation \u00e9nerg\u00e9tique d&rsquo;un logement utilis\u00e9 en tant que r\u00e9sidence principale que le demandeur de l&rsquo;aide soit propri\u00e9taire occupant ou propri\u00e9taire bailleur.<\/p>\n","protected":false},"excerpt":{"rendered":"<p>R\u00e9aliser des travaux de r\u00e9novation \u00e9nerg\u00e9tique pour b\u00e9n\u00e9ficier d&rsquo;un remboursement ou d&rsquo;une baisse d&rsquo;imp\u00f4t, c&rsquo;est le principe du cr\u00e9dit d&rsquo;imp\u00f4t pour la transition \u00e9nerg\u00e9tique (CITE), remplac\u00e9 depuis le 1er janvier 2021 par le dispositif MaPrimeR\u00e9nov&rsquo;. \u00c0 la cl\u00e9, des \u00e9conomies d&rsquo;\u00e9nergie et un avantage fiscal, \u00e0 condition de bien respecter les conditions fix\u00e9es par la loi.<\/p>\n","protected":false},"author":13710,"featured_media":22862,"comment_status":"closed","ping_status":"closed","sticky":false,"template":"","format":"standard","meta":{"footnotes":""},"categories":[19],"tags":[],"class_list":["post-12479","post","type-post","status-publish","format-standard","has-post-thumbnail","hentry","category-travaux"],"acf":[],"yoast_head":"<!-- This site is optimized with the Yoast SEO plugin v24.9 - https:\/\/yoast.com\/wordpress\/plugins\/seo\/ -->\n<title>Cr\u00e9dit d&#039;imp\u00f4t pour la transition \u00e9nerg\u00e9tique (CITE) 2020-2021<\/title>\n<meta name=\"description\" content=\"R\u00e9aliser des travaux de r\u00e9novation \u00e9nerg\u00e9tique pour b\u00e9n\u00e9ficier d&#039;un remboursement ou d&#039;une baisse d&#039;imp\u00f4t, c&#039;\u00e9tait le principe du cITE.\" \/>\n<meta name=\"robots\" content=\"index, follow, max-snippet:-1, max-image-preview:large, max-video-preview:-1\" \/>\n<link rel=\"canonical\" href=\"https:\/\/www.toutsurmesfinances.com\/immobilier\/cidd-taux-et-travaux-eligibles-au-credit-d-impot-en-2014.html\" \/>\n<meta property=\"og:locale\" content=\"fr_FR\" \/>\n<meta property=\"og:type\" content=\"article\" \/>\n<meta property=\"og:title\" content=\"Cr\u00e9dit d&#039;imp\u00f4t pour la transition \u00e9nerg\u00e9tique (CITE) 2020-2021\" \/>\n<meta property=\"og:description\" content=\"R\u00e9aliser des travaux de r\u00e9novation \u00e9nerg\u00e9tique pour b\u00e9n\u00e9ficier d&#039;un remboursement ou d&#039;une baisse d&#039;imp\u00f4t, c&#039;\u00e9tait le principe du cITE.\" \/>\n<meta property=\"og:url\" content=\"https:\/\/www.toutsurmesfinances.com\/immobilier\/cidd-taux-et-travaux-eligibles-au-credit-d-impot-en-2014.html\" \/>\n<meta property=\"og:site_name\" content=\"Immobilier\" \/>\n<meta property=\"article:published_time\" content=\"2014-02-21T10:40:49+00:00\" \/>\n<meta property=\"article:modified_time\" content=\"2025-10-21T14:19:46+00:00\" \/>\n<meta property=\"og:image\" content=\"https:\/\/www.toutsurmesfinances.com\/immobilier\/wp-content\/uploads\/sites\/5\/2025\/04\/image-immobilier-travaux.jpg\" \/>\n\t<meta property=\"og:image:width\" content=\"600\" \/>\n\t<meta property=\"og:image:height\" content=\"400\" \/>\n\t<meta property=\"og:image:type\" content=\"image\/jpeg\" \/>\n<meta name=\"author\" content=\"Thibault Fingonnet\" \/>\n<meta name=\"twitter:card\" content=\"summary_large_image\" \/>\n<meta name=\"twitter:creator\" content=\"@Toutsur\" \/>\n<meta name=\"twitter:site\" content=\"@Toutsur\" \/>\n<meta name=\"twitter:label1\" content=\"\u00c9crit par\" \/>\n\t<meta name=\"twitter:data1\" content=\"Thibault Fingonnet\" \/>\n\t<meta name=\"twitter:label2\" content=\"Dur\u00e9e de lecture estim\u00e9e\" \/>\n\t<meta name=\"twitter:data2\" content=\"22 minutes\" \/>\n<script type=\"application\/ld+json\" class=\"yoast-schema-graph\">{\"@context\":\"https:\/\/schema.org\",\"@graph\":[{\"@type\":\"Article\",\"@id\":\"https:\/\/www.toutsurmesfinances.com\/immobilier\/cidd-taux-et-travaux-eligibles-au-credit-d-impot-en-2014.html#article\",\"isPartOf\":{\"@id\":\"https:\/\/www.toutsurmesfinances.com\/immobilier\/cidd-taux-et-travaux-eligibles-au-credit-d-impot-en-2014.html\"},\"author\":{\"name\":\"Thibault Fingonnet\",\"@id\":\"https:\/\/www.toutsurmesfinances.com\/immobilier\/#\/schema\/person\/86ed62048219a3c310268cf8e534d65e\"},\"headline\":\"Cr\u00e9dit d\u2019imp\u00f4t \u00e0 la r\u00e9novation : les r\u00e8gles \u00e0 suivre pour le CITE\",\"dateModified\":\"2025-10-21T14:19:46+00:00\",\"mainEntityOfPage\":{\"@id\":\"https:\/\/www.toutsurmesfinances.com\/immobilier\/cidd-taux-et-travaux-eligibles-au-credit-d-impot-en-2014.html\"},\"wordCount\":4680,\"publisher\":{\"@id\":\"https:\/\/www.toutsurmesfinances.com\/immobilier\/#organization\"},\"image\":{\"@id\":\"https:\/\/www.toutsurmesfinances.com\/immobilier\/cidd-taux-et-travaux-eligibles-au-credit-d-impot-en-2014.html#primaryimage\"},\"thumbnailUrl\":\"https:\/\/www.toutsurmesfinances.com\/immobilier\/wp-content\/uploads\/sites\/5\/2025\/04\/image-immobilier-travaux.jpg\",\"articleSection\":[\"Travaux\"],\"inLanguage\":\"fr-FR\"},{\"@type\":\"WebPage\",\"@id\":\"https:\/\/www.toutsurmesfinances.com\/immobilier\/cidd-taux-et-travaux-eligibles-au-credit-d-impot-en-2014.html\",\"url\":\"https:\/\/www.toutsurmesfinances.com\/immobilier\/cidd-taux-et-travaux-eligibles-au-credit-d-impot-en-2014.html\",\"name\":\"Cr\u00e9dit d'imp\u00f4t pour la transition \u00e9nerg\u00e9tique (CITE) 2020-2021\",\"isPartOf\":{\"@id\":\"https:\/\/www.toutsurmesfinances.com\/immobilier\/#website\"},\"primaryImageOfPage\":{\"@id\":\"https:\/\/www.toutsurmesfinances.com\/immobilier\/cidd-taux-et-travaux-eligibles-au-credit-d-impot-en-2014.html#primaryimage\"},\"image\":{\"@id\":\"https:\/\/www.toutsurmesfinances.com\/immobilier\/cidd-taux-et-travaux-eligibles-au-credit-d-impot-en-2014.html#primaryimage\"},\"thumbnailUrl\":\"https:\/\/www.toutsurmesfinances.com\/immobilier\/wp-content\/uploads\/sites\/5\/2025\/04\/image-immobilier-travaux.jpg\",\"dateModified\":\"2025-10-21T14:19:46+00:00\",\"description\":\"R\u00e9aliser des travaux de r\u00e9novation \u00e9nerg\u00e9tique pour b\u00e9n\u00e9ficier d'un remboursement ou d'une baisse d'imp\u00f4t, c'\u00e9tait le principe du cITE.\",\"breadcrumb\":{\"@id\":\"https:\/\/www.toutsurmesfinances.com\/immobilier\/cidd-taux-et-travaux-eligibles-au-credit-d-impot-en-2014.html#breadcrumb\"},\"inLanguage\":\"fr-FR\",\"potentialAction\":[{\"@type\":\"ReadAction\",\"target\":[\"https:\/\/www.toutsurmesfinances.com\/immobilier\/cidd-taux-et-travaux-eligibles-au-credit-d-impot-en-2014.html\"]}]},{\"@type\":\"ImageObject\",\"inLanguage\":\"fr-FR\",\"@id\":\"https:\/\/www.toutsurmesfinances.com\/immobilier\/cidd-taux-et-travaux-eligibles-au-credit-d-impot-en-2014.html#primaryimage\",\"url\":\"https:\/\/www.toutsurmesfinances.com\/immobilier\/wp-content\/uploads\/sites\/5\/2025\/04\/image-immobilier-travaux.jpg\",\"contentUrl\":\"https:\/\/www.toutsurmesfinances.com\/immobilier\/wp-content\/uploads\/sites\/5\/2025\/04\/image-immobilier-travaux.jpg\",\"width\":600,\"height\":400},{\"@type\":\"BreadcrumbList\",\"@id\":\"https:\/\/www.toutsurmesfinances.com\/immobilier\/cidd-taux-et-travaux-eligibles-au-credit-d-impot-en-2014.html#breadcrumb\",\"itemListElement\":[{\"@type\":\"ListItem\",\"position\":1,\"name\":\"Accueil\",\"item\":\"https:\/\/www.toutsurmesfinances.com\/immobilier\/\"},{\"@type\":\"ListItem\",\"position\":2,\"name\":\"Travaux\",\"item\":\"https:\/\/www.toutsurmesfinances.com\/immobilier\/c\/travaux\"},{\"@type\":\"ListItem\",\"position\":3,\"name\":\"Cr\u00e9dit d\u2019imp\u00f4t \u00e0 la r\u00e9novation : les r\u00e8gles \u00e0 suivre pour le CITE\"}]},{\"@type\":\"WebSite\",\"@id\":\"https:\/\/www.toutsurmesfinances.com\/immobilier\/#website\",\"url\":\"https:\/\/www.toutsurmesfinances.com\/immobilier\/\",\"name\":\"Immobilier\",\"description\":\"\",\"publisher\":{\"@id\":\"https:\/\/www.toutsurmesfinances.com\/immobilier\/#organization\"},\"potentialAction\":[{\"@type\":\"SearchAction\",\"target\":{\"@type\":\"EntryPoint\",\"urlTemplate\":\"https:\/\/www.toutsurmesfinances.com\/immobilier\/?s={search_term_string}\"},\"query-input\":{\"@type\":\"PropertyValueSpecification\",\"valueRequired\":true,\"valueName\":\"search_term_string\"}}],\"inLanguage\":\"fr-FR\"},{\"@type\":\"Organization\",\"@id\":\"https:\/\/www.toutsurmesfinances.com\/immobilier\/#organization\",\"name\":\"Tout Sur Mes Finances\",\"url\":\"https:\/\/www.toutsurmesfinances.com\/immobilier\/\",\"logo\":{\"@type\":\"ImageObject\",\"inLanguage\":\"fr-FR\",\"@id\":\"https:\/\/www.toutsurmesfinances.com\/immobilier\/#\/schema\/logo\/image\/\",\"url\":\"https:\/\/www.toutsurmesfinances.com\/immobilier\/wp-content\/uploads\/sites\/5\/2021\/01\/favicon.png\",\"contentUrl\":\"https:\/\/www.toutsurmesfinances.com\/immobilier\/wp-content\/uploads\/sites\/5\/2021\/01\/favicon.png\",\"width\":512,\"height\":512,\"caption\":\"Tout Sur Mes Finances\"},\"image\":{\"@id\":\"https:\/\/www.toutsurmesfinances.com\/immobilier\/#\/schema\/logo\/image\/\"},\"sameAs\":[\"https:\/\/x.com\/Toutsur\"]},{\"@type\":\"Person\",\"@id\":\"https:\/\/www.toutsurmesfinances.com\/immobilier\/#\/schema\/person\/86ed62048219a3c310268cf8e534d65e\",\"name\":\"Thibault Fingonnet\",\"image\":{\"@type\":\"ImageObject\",\"inLanguage\":\"fr-FR\",\"@id\":\"https:\/\/www.toutsurmesfinances.com\/immobilier\/#\/schema\/person\/image\/\",\"url\":\"https:\/\/secure.gravatar.com\/avatar\/07dc3aa2788dfbdc4f0f9bc0f6cd7593?s=96&d=mm&r=g\",\"contentUrl\":\"https:\/\/secure.gravatar.com\/avatar\/07dc3aa2788dfbdc4f0f9bc0f6cd7593?s=96&d=mm&r=g\",\"caption\":\"Thibault Fingonnet\"},\"description\":\"Thibault Fingonnet est journaliste sp\u00e9cialis\u00e9 en finances personnelles et en immobilier. Il a collabor\u00e9 avec ToutSurMesFinances de 2012 \u00e0 2017, notamment en tant que responsable \u00e9ditorial du p\u00f4le immobilier.\",\"sameAs\":[\"https:\/\/www.toutsurmesfinances.com\/author\/thibaultfingonnet\",\"https:\/\/www.linkedin.com\/in\/thibault-fingonnet-1a25a431\/\"]}]}<\/script>\n<!-- \/ Yoast SEO plugin. -->","yoast_head_json":{"title":"Cr\u00e9dit d'imp\u00f4t pour la transition \u00e9nerg\u00e9tique (CITE) 2020-2021","description":"R\u00e9aliser des travaux de r\u00e9novation \u00e9nerg\u00e9tique pour b\u00e9n\u00e9ficier d'un remboursement ou d'une baisse d'imp\u00f4t, c'\u00e9tait le principe du cITE.","robots":{"index":"index","follow":"follow","max-snippet":"max-snippet:-1","max-image-preview":"max-image-preview:large","max-video-preview":"max-video-preview:-1"},"canonical":"https:\/\/www.toutsurmesfinances.com\/immobilier\/cidd-taux-et-travaux-eligibles-au-credit-d-impot-en-2014.html","og_locale":"fr_FR","og_type":"article","og_title":"Cr\u00e9dit d'imp\u00f4t pour la transition \u00e9nerg\u00e9tique (CITE) 2020-2021","og_description":"R\u00e9aliser des travaux de r\u00e9novation \u00e9nerg\u00e9tique pour b\u00e9n\u00e9ficier d'un remboursement ou d'une baisse d'imp\u00f4t, c'\u00e9tait le principe du cITE.","og_url":"https:\/\/www.toutsurmesfinances.com\/immobilier\/cidd-taux-et-travaux-eligibles-au-credit-d-impot-en-2014.html","og_site_name":"Immobilier","article_published_time":"2014-02-21T10:40:49+00:00","article_modified_time":"2025-10-21T14:19:46+00:00","og_image":[{"width":600,"height":400,"url":"https:\/\/www.toutsurmesfinances.com\/immobilier\/wp-content\/uploads\/sites\/5\/2025\/04\/image-immobilier-travaux.jpg","type":"image\/jpeg"}],"author":"Thibault Fingonnet","twitter_card":"summary_large_image","twitter_creator":"@Toutsur","twitter_site":"@Toutsur","twitter_misc":{"\u00c9crit par":"Thibault Fingonnet","Dur\u00e9e de lecture estim\u00e9e":"22 minutes"},"schema":{"@context":"https:\/\/schema.org","@graph":[{"@type":"Article","@id":"https:\/\/www.toutsurmesfinances.com\/immobilier\/cidd-taux-et-travaux-eligibles-au-credit-d-impot-en-2014.html#article","isPartOf":{"@id":"https:\/\/www.toutsurmesfinances.com\/immobilier\/cidd-taux-et-travaux-eligibles-au-credit-d-impot-en-2014.html"},"author":{"name":"Thibault Fingonnet","@id":"https:\/\/www.toutsurmesfinances.com\/immobilier\/#\/schema\/person\/86ed62048219a3c310268cf8e534d65e"},"headline":"Cr\u00e9dit d\u2019imp\u00f4t \u00e0 la r\u00e9novation : les r\u00e8gles \u00e0 suivre pour le CITE","dateModified":"2025-10-21T14:19:46+00:00","mainEntityOfPage":{"@id":"https:\/\/www.toutsurmesfinances.com\/immobilier\/cidd-taux-et-travaux-eligibles-au-credit-d-impot-en-2014.html"},"wordCount":4680,"publisher":{"@id":"https:\/\/www.toutsurmesfinances.com\/immobilier\/#organization"},"image":{"@id":"https:\/\/www.toutsurmesfinances.com\/immobilier\/cidd-taux-et-travaux-eligibles-au-credit-d-impot-en-2014.html#primaryimage"},"thumbnailUrl":"https:\/\/www.toutsurmesfinances.com\/immobilier\/wp-content\/uploads\/sites\/5\/2025\/04\/image-immobilier-travaux.jpg","articleSection":["Travaux"],"inLanguage":"fr-FR"},{"@type":"WebPage","@id":"https:\/\/www.toutsurmesfinances.com\/immobilier\/cidd-taux-et-travaux-eligibles-au-credit-d-impot-en-2014.html","url":"https:\/\/www.toutsurmesfinances.com\/immobilier\/cidd-taux-et-travaux-eligibles-au-credit-d-impot-en-2014.html","name":"Cr\u00e9dit d'imp\u00f4t pour la transition \u00e9nerg\u00e9tique (CITE) 2020-2021","isPartOf":{"@id":"https:\/\/www.toutsurmesfinances.com\/immobilier\/#website"},"primaryImageOfPage":{"@id":"https:\/\/www.toutsurmesfinances.com\/immobilier\/cidd-taux-et-travaux-eligibles-au-credit-d-impot-en-2014.html#primaryimage"},"image":{"@id":"https:\/\/www.toutsurmesfinances.com\/immobilier\/cidd-taux-et-travaux-eligibles-au-credit-d-impot-en-2014.html#primaryimage"},"thumbnailUrl":"https:\/\/www.toutsurmesfinances.com\/immobilier\/wp-content\/uploads\/sites\/5\/2025\/04\/image-immobilier-travaux.jpg","dateModified":"2025-10-21T14:19:46+00:00","description":"R\u00e9aliser des travaux de r\u00e9novation \u00e9nerg\u00e9tique pour b\u00e9n\u00e9ficier d'un remboursement ou d'une baisse d'imp\u00f4t, c'\u00e9tait le principe du cITE.","breadcrumb":{"@id":"https:\/\/www.toutsurmesfinances.com\/immobilier\/cidd-taux-et-travaux-eligibles-au-credit-d-impot-en-2014.html#breadcrumb"},"inLanguage":"fr-FR","potentialAction":[{"@type":"ReadAction","target":["https:\/\/www.toutsurmesfinances.com\/immobilier\/cidd-taux-et-travaux-eligibles-au-credit-d-impot-en-2014.html"]}]},{"@type":"ImageObject","inLanguage":"fr-FR","@id":"https:\/\/www.toutsurmesfinances.com\/immobilier\/cidd-taux-et-travaux-eligibles-au-credit-d-impot-en-2014.html#primaryimage","url":"https:\/\/www.toutsurmesfinances.com\/immobilier\/wp-content\/uploads\/sites\/5\/2025\/04\/image-immobilier-travaux.jpg","contentUrl":"https:\/\/www.toutsurmesfinances.com\/immobilier\/wp-content\/uploads\/sites\/5\/2025\/04\/image-immobilier-travaux.jpg","width":600,"height":400},{"@type":"BreadcrumbList","@id":"https:\/\/www.toutsurmesfinances.com\/immobilier\/cidd-taux-et-travaux-eligibles-au-credit-d-impot-en-2014.html#breadcrumb","itemListElement":[{"@type":"ListItem","position":1,"name":"Accueil","item":"https:\/\/www.toutsurmesfinances.com\/immobilier\/"},{"@type":"ListItem","position":2,"name":"Travaux","item":"https:\/\/www.toutsurmesfinances.com\/immobilier\/c\/travaux"},{"@type":"ListItem","position":3,"name":"Cr\u00e9dit d\u2019imp\u00f4t \u00e0 la r\u00e9novation : les r\u00e8gles \u00e0 suivre pour le CITE"}]},{"@type":"WebSite","@id":"https:\/\/www.toutsurmesfinances.com\/immobilier\/#website","url":"https:\/\/www.toutsurmesfinances.com\/immobilier\/","name":"Immobilier","description":"","publisher":{"@id":"https:\/\/www.toutsurmesfinances.com\/immobilier\/#organization"},"potentialAction":[{"@type":"SearchAction","target":{"@type":"EntryPoint","urlTemplate":"https:\/\/www.toutsurmesfinances.com\/immobilier\/?s={search_term_string}"},"query-input":{"@type":"PropertyValueSpecification","valueRequired":true,"valueName":"search_term_string"}}],"inLanguage":"fr-FR"},{"@type":"Organization","@id":"https:\/\/www.toutsurmesfinances.com\/immobilier\/#organization","name":"Tout Sur Mes Finances","url":"https:\/\/www.toutsurmesfinances.com\/immobilier\/","logo":{"@type":"ImageObject","inLanguage":"fr-FR","@id":"https:\/\/www.toutsurmesfinances.com\/immobilier\/#\/schema\/logo\/image\/","url":"https:\/\/www.toutsurmesfinances.com\/immobilier\/wp-content\/uploads\/sites\/5\/2021\/01\/favicon.png","contentUrl":"https:\/\/www.toutsurmesfinances.com\/immobilier\/wp-content\/uploads\/sites\/5\/2021\/01\/favicon.png","width":512,"height":512,"caption":"Tout Sur Mes Finances"},"image":{"@id":"https:\/\/www.toutsurmesfinances.com\/immobilier\/#\/schema\/logo\/image\/"},"sameAs":["https:\/\/x.com\/Toutsur"]},{"@type":"Person","@id":"https:\/\/www.toutsurmesfinances.com\/immobilier\/#\/schema\/person\/86ed62048219a3c310268cf8e534d65e","name":"Thibault Fingonnet","image":{"@type":"ImageObject","inLanguage":"fr-FR","@id":"https:\/\/www.toutsurmesfinances.com\/immobilier\/#\/schema\/person\/image\/","url":"https:\/\/secure.gravatar.com\/avatar\/07dc3aa2788dfbdc4f0f9bc0f6cd7593?s=96&d=mm&r=g","contentUrl":"https:\/\/secure.gravatar.com\/avatar\/07dc3aa2788dfbdc4f0f9bc0f6cd7593?s=96&d=mm&r=g","caption":"Thibault Fingonnet"},"description":"Thibault Fingonnet est journaliste sp\u00e9cialis\u00e9 en finances personnelles et en immobilier. Il a collabor\u00e9 avec ToutSurMesFinances de 2012 \u00e0 2017, notamment en tant que responsable \u00e9ditorial du p\u00f4le immobilier.","sameAs":["https:\/\/www.toutsurmesfinances.com\/author\/thibaultfingonnet","https:\/\/www.linkedin.com\/in\/thibault-fingonnet-1a25a431\/"]}]}},"_links":{"self":[{"href":"https:\/\/www.toutsurmesfinances.com\/immobilier\/wp-json\/wp\/v2\/posts\/12479","targetHints":{"allow":["GET"]}}],"collection":[{"href":"https:\/\/www.toutsurmesfinances.com\/immobilier\/wp-json\/wp\/v2\/posts"}],"about":[{"href":"https:\/\/www.toutsurmesfinances.com\/immobilier\/wp-json\/wp\/v2\/types\/post"}],"author":[{"embeddable":true,"href":"https:\/\/www.toutsurmesfinances.com\/immobilier\/wp-json\/wp\/v2\/users\/13710"}],"replies":[{"embeddable":true,"href":"https:\/\/www.toutsurmesfinances.com\/immobilier\/wp-json\/wp\/v2\/comments?post=12479"}],"version-history":[{"count":4,"href":"https:\/\/www.toutsurmesfinances.com\/immobilier\/wp-json\/wp\/v2\/posts\/12479\/revisions"}],"predecessor-version":[{"id":22987,"href":"https:\/\/www.toutsurmesfinances.com\/immobilier\/wp-json\/wp\/v2\/posts\/12479\/revisions\/22987"}],"wp:featuredmedia":[{"embeddable":true,"href":"https:\/\/www.toutsurmesfinances.com\/immobilier\/wp-json\/wp\/v2\/media\/22862"}],"wp:attachment":[{"href":"https:\/\/www.toutsurmesfinances.com\/immobilier\/wp-json\/wp\/v2\/media?parent=12479"}],"wp:term":[{"taxonomy":"category","embeddable":true,"href":"https:\/\/www.toutsurmesfinances.com\/immobilier\/wp-json\/wp\/v2\/categories?post=12479"},{"taxonomy":"post_tag","embeddable":true,"href":"https:\/\/www.toutsurmesfinances.com\/immobilier\/wp-json\/wp\/v2\/tags?post=12479"}],"curies":[{"name":"wp","href":"https:\/\/api.w.org\/{rel}","templated":true}]}}