{"id":13490,"date":"2015-08-04T10:46:36","date_gmt":"2015-08-04T08:46:36","guid":{"rendered":"https:\/\/www.toutsurmesfinances.com\/immobilier\/encadrement-des-loyers-quels-recours-pour-le-locataire.html"},"modified":"2025-08-18T15:11:21","modified_gmt":"2025-08-18T13:11:21","slug":"encadrement-des-loyers-quels-recours-pour-le-locataire","status":"publish","type":"post","link":"https:\/\/www.toutsurmesfinances.com\/immobilier\/encadrement-des-loyers-quels-recours-pour-le-locataire.html","title":{"rendered":"Encadrement des loyers : quels recours pour le locataire ?"},"content":{"rendered":"<section class=\"l-section wpb_row height_small\"><div class=\"l-section-h i-cf\"><div class=\"g-cols vc_row via_flex valign_top type_default stacking_default\"><div class=\"vc_col-sm-12 wpb_column vc_column_container\"><div class=\"vc_column-inner\"><div class=\"wpb_wrapper\"><div class=\"wpb_text_column\"><div class=\"wpb_wrapper\"><p><strong>Sommaire<\/strong><\/p>\n<p><strong>&#8211; <a href=\"https:\/\/www.toutsurmesfinances.com\/immobilier\/encadrement-des-loyers-quels-recours-pour-le-locataire.html#baux-aout-2015\">Pour les baux sign\u00e9s apr\u00e8s le 1er ao\u00fbt 2015<\/a><\/strong><br \/>\n<strong>&#8211; <a href=\"https:\/\/www.toutsurmesfinances.com\/immobilier\/encadrement-des-loyers-quels-recours-pour-le-locataire.html#contester-bail-loyer\">Comment contester le bail ou le loyer<\/a><\/strong><br \/>\n<strong>&#8211; <a href=\"https:\/\/www.toutsurmesfinances.com\/immobilier\/encadrement-des-loyers-quels-recours-pour-le-locataire.html#commission-departementale-conciliation\">Comment saisir la commission d\u00e9partementale de conciliation ?<\/a><\/strong><br \/>\n<strong>&#8211; <a href=\"https:\/\/www.toutsurmesfinances.com\/immobilier\/encadrement-des-loyers-quels-recours-pour-le-locataire.html#contester-complement-loyer\">Comment contester le compl\u00e9ment de loyer<\/a><\/strong><br \/>\n<strong>&#8211; <a href=\"https:\/\/www.toutsurmesfinances.com\/immobilier\/encadrement-des-loyers-quels-recours-pour-le-locataire.html#contacts-utiles\">Contacts utiles<\/a><\/strong><\/p>\n<p>Depuis l&rsquo;annonce de <a href=\"https:\/\/www.toutsurmesfinances.com\/immobilier\/projet-de-loi-alur-ce-qui-va-changer-pour-les-locataires-et-proprietaires.html\" target=\"_blank\" rel=\"noopener noreferrer\"><strong>la loi Alur sur le logement<\/strong><\/a>, le message \u00e9tait clair : <a href=\"https:\/\/www.toutsurmesfinances.com\/immobilier\/l-encadrement-des-loyers-comment-ca-marche.html\" target=\"_blank\" rel=\"noopener noreferrer\"><strong>l&rsquo;encadrement des loyers<\/strong><\/a> doit faire baisser les prix les plus \u00e9lev\u00e9s. Mieux encore, le locataire peut lui m\u00eame demander et obtenir la diminution du loyer. Une facult\u00e9 ouverte aux locataires parisiens, qui b\u00e9n\u00e9ficient du dispositif depuis le 1er ao\u00fbt 2015. Et force est de constater que la loi n&rsquo;est pas toujours bien appliqu\u00e9e : une enqu\u00eate d\u00e9voil\u00e9e le 25 octobre 2015 par l&rsquo;association de consommateurs CLCV r\u00e9v\u00e8le que seules 62% des annonces de location pass\u00e9es \u00e0 Paris sont conformes \u00e0 la l\u00e9gislation. En d&rsquo;autres termes, plus d&rsquo;un tiers des annonces ne respectent pas l&rsquo;encadrement des loyers (49% des annonces de particuliers, 25% de celles pass\u00e9es via un professionnel). D&rsquo;o\u00f9 l&rsquo;importance de conna\u00eetre les moyens de recours pour les locataires.<\/p>\n<p style=\"background-color: #e5e5e5\"><strong>A noter :<\/strong> L&rsquo;encadrement des loyers entrera en vigueur \u00e0 Lille au 1er f\u00e9vrier 2017. Il sera \u00e9galement mis en place en banlieue parisienne (412 communes) \u00e0 l&rsquo;horizon 2018.<\/p>\n<h2><span class=\"ez-toc-section\" id=\"Uniquement_pour_les_baux_signes_apres_le_1er_aout_2015\"><\/span><a name=\"baux-aout-2015\"><\/a>Uniquement pour les baux sign\u00e9s apr\u00e8s le 1er ao\u00fbt 2015<span class=\"ez-toc-section-end\"><\/span><\/h2>\n<p>En premier lieu, il faut rappeler que l&rsquo;encadrement des loyers ne s&rsquo;applique pas \u00e0 tous les contrats de location parisiens. Il concerne uniquement les baux sign\u00e9s ou explicitement renouvel\u00e9s apr\u00e8s le 1er ao\u00fbt 2015. Si le bail a \u00e9t\u00e9 sign\u00e9 avant cette date, le locataire ne peut pas se pr\u00e9valoir du dispositif pour exiger une diminution de son loyer. Autrement dit, la plupart des locataires parisiens vont devoir patienter avant de se lancer.<\/p>\n<p>De plus, tous les loyers soumis au dispositif ne sont pas condamn\u00e9s \u00e0 baisser. En effet, si le bailleur ne d\u00e9passe pas le loyer de r\u00e9f\u00e9rence major\u00e9 de 20% applicable \u00e0 son bien, le locataire ne pourra pas obtenir de diminution.<\/p>\n<p>A Lille, l&rsquo;encadrement entre en vigueur \u00e0 partir du 1er f\u00e9vrier 2017. Les baux sign\u00e9s apr\u00e8s cette date seront donc soumis aux r\u00e8gles du dispositif.<\/p>\n<p style=\"background-color: #e5e5e5\"><strong>A lire \u00e9galement : <a href=\"https:\/\/www.toutsurmesfinances.com\/immobilier\/comment-savoir-si-mon-loyer-est-trop-cher-a-paris.html\" target=\"_blank\" rel=\"noopener noreferrer\">Comment savoir si mon loyer est trop cher \u00e0 Paris ou \u00e0 Lille ?<\/a><\/strong><\/p>\n<h2><span class=\"ez-toc-section\" id=\"Comment_contester_le_bail_ou_le_loyer\"><\/span><a name=\"contester-bail-loyer\"><\/a>Comment contester le bail ou le loyer<span class=\"ez-toc-section-end\"><\/span><\/h2>\n<h3><span class=\"ez-toc-section\" id=\"Lors_dune_relocation\"><\/span><em>Lors d&rsquo;une relocation<\/em><span class=\"ez-toc-section-end\"><\/span><\/h3>\n<p>Si le bail propos\u00e9 n&rsquo;est pas conforme au <strong>contrat-type impos\u00e9 par la loi<\/strong> au regard de l&rsquo;encadrement des loyers (mentions manquantes, loyer sur\u00e9lev\u00e9), le candidat locataire peut le signaler et refuser de le signer en l&rsquo;absence de modifications, au risque de perdre le logement.<\/p>\n<p>S&rsquo;il signe un bail qui ne pr\u00e9sente pas <a href=\"http:\/\/www.drihl.ile-de-france.developpement-durable.gouv.fr\/IMG\/pdf\/recueil-idf-033-2016-06-raa-special-pdf_cle076ba9.pdf\" target=\"_blank\" rel=\"nofollow noopener noreferrer\">les loyers de r\u00e9f\u00e9rence utilis\u00e9s par l&rsquo;encadrement des loyers<\/a>, \u00ab <em>le locataire peut, dans un d\u00e9lai d&rsquo;un mois \u00e0 compter de la prise d&rsquo;effet du contrat de location, mettre en demeure par courrier recommand\u00e9 avec accus\u00e9 de r\u00e9ception le propri\u00e9taire de porter ces informations au bail<\/em> \u00bb, indique l&rsquo;association de consommateurs CLCV <a href=\"https:\/\/www.www.clcv.org\/actualites\/encadrement-des-loyers-que-faire-en-cas-de-conflit.html\" target=\"_blank\" rel=\"noopener noreferrer\">sur son site internet<\/a>.<\/p>\n<p>Si le bailleur rejette la demande ou n&rsquo;y r\u00e9pond pas, le locataire peut faire appel \u00e0 <a href=\"https:\/\/www.toutsurmesfinances.com\/immobilier\/location-une-commission-de-conciliation-pour-regler-les-litiges.html\" target=\"_blank\" rel=\"noopener noreferrer\"><strong>la commission d\u00e9partementale de conciliation (CDC)<\/strong><\/a> ou saisir directement le tribunal d&rsquo;instance comp\u00e9tent. Il dispose de trois ans \u00e0 compter de la signature du bail pour saisir la justice, selon l&rsquo;agence d\u00e9partementale d&rsquo;information sur le logement de Paris (Adil 75). S&rsquo;il obtient gain de cause, le propri\u00e9taire devra lui rembourser le trop-per\u00e7u depuis la prise d&rsquo;effet du bail.<\/p>\n<h3><span class=\"ez-toc-section\" id=\"Lors_dun_renouvellement_de_bail\"><\/span><em>Lors d&rsquo;un renouvellement de bail<\/em><span class=\"ez-toc-section-end\"><\/span><\/h3>\n<p>Lorsqu&rsquo;un locataire s&rsquo;acquitte d\u00e9j\u00e0 d&rsquo;un loyer sup\u00e9rieur \u00e0 la r\u00e9f\u00e9rence m\u00e9diane major\u00e9e de 20%*, il peut demander sa diminution au moment du renouvellement du bail. Pour ce faire, il doit faire une proposition au bailleur au moins cinq mois avant le terme du contrat, dans les m\u00eames conditions que pour l&rsquo;envoi d&rsquo;un <strong>pr\u00e9avis de d\u00e9part<\/strong> (lettre recommand\u00e9e, remise en mains propres&#8230;). En cas d&rsquo;\u00e9chec, l&rsquo;occupant doit alors faire appel \u00e0 la CDC puis au tribunal d&rsquo;instance, et ce avant l&rsquo;\u00e9ch\u00e9ance du bail en cours. \u00ab <em>A d\u00e9faut de saisine du tribunal, le contrat sera reconduit de plein droit aux conditions ant\u00e9rieures du loyer<\/em> \u00bb, pr\u00e9vient l&rsquo;Adil.<\/p>\n<p><em>*Hors compl\u00e9ment de loyer<\/em><\/p>\n<p>&nbsp;<\/p>\n<p style=\"background-color: #e5e5e5\"><a name=\"commission-departementale-conciliation\"><\/a><strong>Comment saisir la commission d\u00e9partementale de conciliation ?<\/strong><\/p>\n<p>Les locataires parisiens qui souhaitent saisir la CDC doivent lui adresser un courrier \u00e0 l&rsquo;adresse suivante :<\/p>\n<p>Pr\u00e9fecture de Paris et d&rsquo;Ile-de-France<br \/>\nDirection r\u00e9gionale et interd\u00e9partementale de l&rsquo;h\u00e9bergement et du logement de Paris (DRIHL 75)<br \/>\nSecr\u00e9tariat de la commission d\u00e9partementale de conciliation<br \/>\n5, rue Leblanc 75911 Paris cedex 15.<\/p>\n<p>La saisine peut prendre la forme d&rsquo;un courrier sur papier libre ou d&rsquo;une fiche officielle vis\u00e9e par le pr\u00e9fet de Paris (<a href=\"http:\/\/www.drihl.ile-de-france.developpement-durable.gouv.fr\/IMG\/pdf\/Fiche_saisine_CDC_de_Paris-1_cle5cf81e.pdf\" target=\"_blank\" rel=\"nofollow noopener noreferrer\"><strong>voir la fiche de saisine ici<\/strong><\/a>). Des pi\u00e8ces suppl\u00e9mentaires peuvent \u00e9galement \u00eatre demand\u00e9es (<strong>voir la liste ici<\/strong>).<\/p>\n<h2><span class=\"ez-toc-section\" id=\"Comment_contester_le_complement_de_loyer\"><\/span><a name=\"contester-complement-loyer\"><\/a>Comment contester le compl\u00e9ment de loyer<span class=\"ez-toc-section-end\"><\/span><\/h2>\n<p>La loi permet aux bailleurs de pratiquer des prix sup\u00e9rieurs aux loyers de r\u00e9f\u00e9rence major\u00e9s de 20% si le logement pr\u00e9sente des caract\u00e9ristiques particuli\u00e8res qui n&rsquo;ont pas \u00e9t\u00e9 prises en compte pour fixer le loyer de base. \u00ab <em>Le propri\u00e9taire qui exige un compl\u00e9ment de loyer en sus du loyer de r\u00e9f\u00e9rence major\u00e9 doit indiquer dans le contrat de location les caract\u00e9ristiques du logement qui en justifient, selon lui, l&rsquo;application<\/em> \u00bb, pr\u00e9cise CLCV.<\/p>\n<p>Pour contester ce compl\u00e9ment (annulation ou diminution), le locataire dispose de trois mois \u00e0 compter de la signature du bail pour saisir la CDC. En cas d&rsquo;\u00e9chec de la conciliation, il devra saisir le tribunal d&rsquo;instance dans les trois mois suivant la r\u00e9ception de l&rsquo;avis de la CDC. Il n&rsquo;est ici pas possible de saisir directement la justice sans passer par la CDC. Si le locataire obtient gain de cause, le bailleur devra lui rembourser le trop-per\u00e7u depuis la prise d&rsquo;effet du bail.<\/p>\n<p style=\"background-color: #e5e5e5\"><a name=\"contacts-utiles\"><\/a><strong>Contacts utiles<\/strong><\/p>\n<p>Pour obtenir des informations sur le fonctionnement de l&rsquo;encadrement des loyers et les recours possibles, les locataires peuvent solliciter les interlocuteurs suivants :<\/p>\n<p>&#8211; L&rsquo;agence d\u00e9partementale d&rsquo;information sur le logement de Paris (Adil 75) \u2013 01 42 79 50 49 &#8211; <a href=\"http:\/\/www.adil75.org\/\" target=\"_blank\" rel=\"nofollow noopener noreferrer\">www.adil75.org<\/a> ;<\/p>\n<p>&#8211; Commission d\u00e9partementale de conciliation de Paris \u2013 01 82 52 50 00 &#8211; <a href=\"mailto:cdc-paris.uthl75@developpement-durable.gouv.fr\" target=\"_blank\" rel=\"nofollow noopener noreferrer\">cdc-paris.uthl75@developpement-durable.gouv.fr<\/a>.<\/p>\n<p><em><strong>Associations de consommateurs<br \/>\n<\/strong><\/em><br \/>\n&#8211; Consommation, logement et cadre de vie (CLCV) de Paris : 01 75 43 30 40 \u00a0\u2013 <a href=\"mailto:accueil@clcvparis.org\" target=\"_blank\" rel=\"nofollow noopener noreferrer\">accueil@clcvparis.org<\/a> \u2013 <a href=\"http:\/\/clcvparis.org\/\" target=\"_blank\" rel=\"nofollow noopener noreferrer\">clcvparis.org<\/a>\u00a0;<\/p>\n<p>&#8211; UFC \u2013 Que choisir de Paris : Paris Nord-Est \u2013 01 42 41 85 04 \u2013 <a href=\"http:\/\/www.ufc-quechoisir-paris-nord-est.org\/\" target=\"_blank\" rel=\"nofollow noopener noreferrer\">ufc-quechoisir-paris-nord-est.org<\/a> \/\/ Paris Ouest \u2013 01 56 68 97 48 \u2013 <a href=\"http:\/\/parisouest.ufcquechoisir.fr\/\" target=\"_blank\" rel=\"nofollow noopener noreferrer\">parisouest.ufcquechoisir.fr<\/a> ;<\/p>\n<p>&#8211; Conf\u00e9d\u00e9ration g\u00e9n\u00e9rale du logement (CGL) de Paris : 01 43 66 49 11 &#8211; <a href=\"mailto:upcgl.contact@gmail.com\" target=\"_blank\" rel=\"nofollow noopener noreferrer\">upcgl.contact@gmail.com<\/a> \u2013 <a href=\"http:\/\/www.cglparis.com\/\" target=\"_blank\" rel=\"nofollow noopener noreferrer\">www.cglparis.com<\/a> ;<\/p>\n<p>&#8211; Conf\u00e9d\u00e9ration nationale du logement (CNL) de Paris : 01 47 00 96 20 \u2013 <a href=\"mailto:cnl75@free.fr\" target=\"_blank\" rel=\"nofollow noopener noreferrer\">cnl75@free.fr<\/a> \u2013 <a href=\"http:\/\/www.lacnl75.com\/\" target=\"_blank\" rel=\"nofollow noopener noreferrer\">lacnl75.org<\/a>.<\/p>\n<\/div><\/div><\/div><\/div><\/div><\/div><\/div><\/section>\n","protected":false},"excerpt":{"rendered":"<p>L&rsquo;encadrement des loyers permet \u00e0 certains locataires de contester le montant dont ils s&rsquo;acquittent mois apr\u00e8s mois pour se loger. Ils ont \u00e9galement la possibilit\u00e9 de s&rsquo;opposer au compl\u00e9ment de loyer qui autorise les propri\u00e9taires \u00e0 d\u00e9passer les bornes du dispositif. Mais suivant la situation, les d\u00e9marches ne sont pas les m\u00eames. D\u00e9cryptage.<\/p>\n","protected":false},"author":13710,"featured_media":22860,"comment_status":"closed","ping_status":"closed","sticky":false,"template":"","format":"standard","meta":{"footnotes":""},"categories":[9],"tags":[],"class_list":["post-13490","post","type-post","status-publish","format-standard","has-post-thumbnail","hentry","category-demarches"],"acf":[],"yoast_head":"<!-- This site is optimized with the Yoast SEO plugin v24.9 - https:\/\/yoast.com\/wordpress\/plugins\/seo\/ -->\n<title>Locataires : mon loyer est trop cher, que faire ?<\/title>\n<meta name=\"description\" content=\"L&#039;encadrement des loyers \u00e0 Paris, en vigueur depuis le 1er ao\u00fbt, doit permettre \u00e0 certains locataires de contester le montant dont ils s&#039;acquittent mois apr\u00e8s mois. Ils ont \u00e9galement la possibilit\u00e9 de s&#039;opposer au compl\u00e9ment de loyer qui permet de d\u00e9pa\" \/>\n<meta name=\"robots\" content=\"index, follow, max-snippet:-1, max-image-preview:large, max-video-preview:-1\" \/>\n<link rel=\"canonical\" href=\"https:\/\/www.toutsurmesfinances.com\/immobilier\/encadrement-des-loyers-quels-recours-pour-le-locataire.html\" \/>\n<meta property=\"og:locale\" content=\"fr_FR\" \/>\n<meta property=\"og:type\" content=\"article\" \/>\n<meta property=\"og:title\" content=\"Locataires : mon loyer est trop cher, que faire ?\" \/>\n<meta property=\"og:description\" content=\"L&#039;encadrement des loyers \u00e0 Paris, en vigueur depuis le 1er ao\u00fbt, doit permettre \u00e0 certains locataires de contester le montant dont ils s&#039;acquittent mois apr\u00e8s mois. Ils ont \u00e9galement la possibilit\u00e9 de s&#039;opposer au compl\u00e9ment de loyer qui permet de d\u00e9pa\" \/>\n<meta property=\"og:url\" content=\"https:\/\/www.toutsurmesfinances.com\/immobilier\/encadrement-des-loyers-quels-recours-pour-le-locataire.html\" \/>\n<meta property=\"og:site_name\" content=\"Immobilier\" \/>\n<meta property=\"article:published_time\" content=\"2015-08-04T08:46:36+00:00\" \/>\n<meta property=\"article:modified_time\" content=\"2025-08-18T13:11:21+00:00\" \/>\n<meta property=\"og:image\" content=\"https:\/\/www.toutsurmesfinances.com\/immobilier\/wp-content\/uploads\/sites\/5\/2025\/04\/image-immobilier-location.jpg\" \/>\n\t<meta property=\"og:image:width\" content=\"600\" \/>\n\t<meta property=\"og:image:height\" content=\"400\" \/>\n\t<meta property=\"og:image:type\" content=\"image\/jpeg\" \/>\n<meta name=\"author\" content=\"Thibault Fingonnet\" \/>\n<meta name=\"twitter:card\" content=\"summary_large_image\" \/>\n<meta name=\"twitter:creator\" content=\"@Toutsur\" \/>\n<meta name=\"twitter:site\" content=\"@Toutsur\" \/>\n<meta name=\"twitter:label1\" content=\"\u00c9crit par\" \/>\n\t<meta name=\"twitter:data1\" content=\"Thibault Fingonnet\" \/>\n\t<meta name=\"twitter:label2\" content=\"Dur\u00e9e de lecture estim\u00e9e\" \/>\n\t<meta name=\"twitter:data2\" content=\"6 minutes\" \/>\n<script type=\"application\/ld+json\" class=\"yoast-schema-graph\">{\"@context\":\"https:\/\/schema.org\",\"@graph\":[{\"@type\":\"Article\",\"@id\":\"https:\/\/www.toutsurmesfinances.com\/immobilier\/encadrement-des-loyers-quels-recours-pour-le-locataire.html#article\",\"isPartOf\":{\"@id\":\"https:\/\/www.toutsurmesfinances.com\/immobilier\/encadrement-des-loyers-quels-recours-pour-le-locataire.html\"},\"author\":{\"name\":\"Thibault Fingonnet\",\"@id\":\"https:\/\/www.toutsurmesfinances.com\/immobilier\/#\/schema\/person\/86ed62048219a3c310268cf8e534d65e\"},\"headline\":\"Encadrement des loyers : quels recours pour le locataire ?\",\"dateModified\":\"2025-08-18T13:11:21+00:00\",\"mainEntityOfPage\":{\"@id\":\"https:\/\/www.toutsurmesfinances.com\/immobilier\/encadrement-des-loyers-quels-recours-pour-le-locataire.html\"},\"wordCount\":1173,\"publisher\":{\"@id\":\"https:\/\/www.toutsurmesfinances.com\/immobilier\/#organization\"},\"image\":{\"@id\":\"https:\/\/www.toutsurmesfinances.com\/immobilier\/encadrement-des-loyers-quels-recours-pour-le-locataire.html#primaryimage\"},\"thumbnailUrl\":\"https:\/\/www.toutsurmesfinances.com\/immobilier\/wp-content\/uploads\/sites\/5\/2025\/04\/image-immobilier-location.jpg\",\"articleSection\":[\"D\u00e9marches\"],\"inLanguage\":\"fr-FR\"},{\"@type\":\"WebPage\",\"@id\":\"https:\/\/www.toutsurmesfinances.com\/immobilier\/encadrement-des-loyers-quels-recours-pour-le-locataire.html\",\"url\":\"https:\/\/www.toutsurmesfinances.com\/immobilier\/encadrement-des-loyers-quels-recours-pour-le-locataire.html\",\"name\":\"Locataires : mon loyer est trop cher, que faire ?\",\"isPartOf\":{\"@id\":\"https:\/\/www.toutsurmesfinances.com\/immobilier\/#website\"},\"primaryImageOfPage\":{\"@id\":\"https:\/\/www.toutsurmesfinances.com\/immobilier\/encadrement-des-loyers-quels-recours-pour-le-locataire.html#primaryimage\"},\"image\":{\"@id\":\"https:\/\/www.toutsurmesfinances.com\/immobilier\/encadrement-des-loyers-quels-recours-pour-le-locataire.html#primaryimage\"},\"thumbnailUrl\":\"https:\/\/www.toutsurmesfinances.com\/immobilier\/wp-content\/uploads\/sites\/5\/2025\/04\/image-immobilier-location.jpg\",\"dateModified\":\"2025-08-18T13:11:21+00:00\",\"description\":\"L'encadrement des loyers \u00e0 Paris, en vigueur depuis le 1er ao\u00fbt, doit permettre \u00e0 certains locataires de contester le montant dont ils s'acquittent mois apr\u00e8s mois. Ils ont \u00e9galement la possibilit\u00e9 de s'opposer au compl\u00e9ment de loyer qui permet de d\u00e9pa\",\"breadcrumb\":{\"@id\":\"https:\/\/www.toutsurmesfinances.com\/immobilier\/encadrement-des-loyers-quels-recours-pour-le-locataire.html#breadcrumb\"},\"inLanguage\":\"fr-FR\",\"potentialAction\":[{\"@type\":\"ReadAction\",\"target\":[\"https:\/\/www.toutsurmesfinances.com\/immobilier\/encadrement-des-loyers-quels-recours-pour-le-locataire.html\"]}]},{\"@type\":\"ImageObject\",\"inLanguage\":\"fr-FR\",\"@id\":\"https:\/\/www.toutsurmesfinances.com\/immobilier\/encadrement-des-loyers-quels-recours-pour-le-locataire.html#primaryimage\",\"url\":\"https:\/\/www.toutsurmesfinances.com\/immobilier\/wp-content\/uploads\/sites\/5\/2025\/04\/image-immobilier-location.jpg\",\"contentUrl\":\"https:\/\/www.toutsurmesfinances.com\/immobilier\/wp-content\/uploads\/sites\/5\/2025\/04\/image-immobilier-location.jpg\",\"width\":600,\"height\":400},{\"@type\":\"BreadcrumbList\",\"@id\":\"https:\/\/www.toutsurmesfinances.com\/immobilier\/encadrement-des-loyers-quels-recours-pour-le-locataire.html#breadcrumb\",\"itemListElement\":[{\"@type\":\"ListItem\",\"position\":1,\"name\":\"Accueil\",\"item\":\"https:\/\/www.toutsurmesfinances.com\/immobilier\/\"},{\"@type\":\"ListItem\",\"position\":2,\"name\":\"Location\",\"item\":\"https:\/\/www.toutsurmesfinances.com\/immobilier\/c\/location\"},{\"@type\":\"ListItem\",\"position\":3,\"name\":\"D\u00e9marches\",\"item\":\"https:\/\/www.toutsurmesfinances.com\/immobilier\/c\/demarches\"},{\"@type\":\"ListItem\",\"position\":4,\"name\":\"Encadrement des loyers : quels recours pour le locataire ?\"}]},{\"@type\":\"WebSite\",\"@id\":\"https:\/\/www.toutsurmesfinances.com\/immobilier\/#website\",\"url\":\"https:\/\/www.toutsurmesfinances.com\/immobilier\/\",\"name\":\"Immobilier\",\"description\":\"\",\"publisher\":{\"@id\":\"https:\/\/www.toutsurmesfinances.com\/immobilier\/#organization\"},\"potentialAction\":[{\"@type\":\"SearchAction\",\"target\":{\"@type\":\"EntryPoint\",\"urlTemplate\":\"https:\/\/www.toutsurmesfinances.com\/immobilier\/?s={search_term_string}\"},\"query-input\":{\"@type\":\"PropertyValueSpecification\",\"valueRequired\":true,\"valueName\":\"search_term_string\"}}],\"inLanguage\":\"fr-FR\"},{\"@type\":\"Organization\",\"@id\":\"https:\/\/www.toutsurmesfinances.com\/immobilier\/#organization\",\"name\":\"Tout Sur Mes Finances\",\"url\":\"https:\/\/www.toutsurmesfinances.com\/immobilier\/\",\"logo\":{\"@type\":\"ImageObject\",\"inLanguage\":\"fr-FR\",\"@id\":\"https:\/\/www.toutsurmesfinances.com\/immobilier\/#\/schema\/logo\/image\/\",\"url\":\"https:\/\/www.toutsurmesfinances.com\/immobilier\/wp-content\/uploads\/sites\/5\/2021\/01\/favicon.png\",\"contentUrl\":\"https:\/\/www.toutsurmesfinances.com\/immobilier\/wp-content\/uploads\/sites\/5\/2021\/01\/favicon.png\",\"width\":512,\"height\":512,\"caption\":\"Tout Sur Mes Finances\"},\"image\":{\"@id\":\"https:\/\/www.toutsurmesfinances.com\/immobilier\/#\/schema\/logo\/image\/\"},\"sameAs\":[\"https:\/\/x.com\/Toutsur\"]},{\"@type\":\"Person\",\"@id\":\"https:\/\/www.toutsurmesfinances.com\/immobilier\/#\/schema\/person\/86ed62048219a3c310268cf8e534d65e\",\"name\":\"Thibault Fingonnet\",\"image\":{\"@type\":\"ImageObject\",\"inLanguage\":\"fr-FR\",\"@id\":\"https:\/\/www.toutsurmesfinances.com\/immobilier\/#\/schema\/person\/image\/\",\"url\":\"https:\/\/secure.gravatar.com\/avatar\/07dc3aa2788dfbdc4f0f9bc0f6cd7593?s=96&d=mm&r=g\",\"contentUrl\":\"https:\/\/secure.gravatar.com\/avatar\/07dc3aa2788dfbdc4f0f9bc0f6cd7593?s=96&d=mm&r=g\",\"caption\":\"Thibault Fingonnet\"},\"description\":\"Thibault Fingonnet est journaliste sp\u00e9cialis\u00e9 en finances personnelles et en immobilier. Il a collabor\u00e9 avec ToutSurMesFinances de 2012 \u00e0 2017, notamment en tant que responsable \u00e9ditorial du p\u00f4le immobilier.\",\"sameAs\":[\"https:\/\/www.toutsurmesfinances.com\/author\/thibaultfingonnet\",\"https:\/\/www.linkedin.com\/in\/thibault-fingonnet-1a25a431\/\"]}]}<\/script>\n<!-- \/ Yoast SEO plugin. -->","yoast_head_json":{"title":"Locataires : mon loyer est trop cher, que faire ?","description":"L'encadrement des loyers \u00e0 Paris, en vigueur depuis le 1er ao\u00fbt, doit permettre \u00e0 certains locataires de contester le montant dont ils s'acquittent mois apr\u00e8s mois. Ils ont \u00e9galement la possibilit\u00e9 de s'opposer au compl\u00e9ment de loyer qui permet de d\u00e9pa","robots":{"index":"index","follow":"follow","max-snippet":"max-snippet:-1","max-image-preview":"max-image-preview:large","max-video-preview":"max-video-preview:-1"},"canonical":"https:\/\/www.toutsurmesfinances.com\/immobilier\/encadrement-des-loyers-quels-recours-pour-le-locataire.html","og_locale":"fr_FR","og_type":"article","og_title":"Locataires : mon loyer est trop cher, que faire ?","og_description":"L'encadrement des loyers \u00e0 Paris, en vigueur depuis le 1er ao\u00fbt, doit permettre \u00e0 certains locataires de contester le montant dont ils s'acquittent mois apr\u00e8s mois. Ils ont \u00e9galement la possibilit\u00e9 de s'opposer au compl\u00e9ment de loyer qui permet de d\u00e9pa","og_url":"https:\/\/www.toutsurmesfinances.com\/immobilier\/encadrement-des-loyers-quels-recours-pour-le-locataire.html","og_site_name":"Immobilier","article_published_time":"2015-08-04T08:46:36+00:00","article_modified_time":"2025-08-18T13:11:21+00:00","og_image":[{"width":600,"height":400,"url":"https:\/\/www.toutsurmesfinances.com\/immobilier\/wp-content\/uploads\/sites\/5\/2025\/04\/image-immobilier-location.jpg","type":"image\/jpeg"}],"author":"Thibault Fingonnet","twitter_card":"summary_large_image","twitter_creator":"@Toutsur","twitter_site":"@Toutsur","twitter_misc":{"\u00c9crit par":"Thibault Fingonnet","Dur\u00e9e de lecture estim\u00e9e":"6 minutes"},"schema":{"@context":"https:\/\/schema.org","@graph":[{"@type":"Article","@id":"https:\/\/www.toutsurmesfinances.com\/immobilier\/encadrement-des-loyers-quels-recours-pour-le-locataire.html#article","isPartOf":{"@id":"https:\/\/www.toutsurmesfinances.com\/immobilier\/encadrement-des-loyers-quels-recours-pour-le-locataire.html"},"author":{"name":"Thibault Fingonnet","@id":"https:\/\/www.toutsurmesfinances.com\/immobilier\/#\/schema\/person\/86ed62048219a3c310268cf8e534d65e"},"headline":"Encadrement des loyers : quels recours pour le locataire ?","dateModified":"2025-08-18T13:11:21+00:00","mainEntityOfPage":{"@id":"https:\/\/www.toutsurmesfinances.com\/immobilier\/encadrement-des-loyers-quels-recours-pour-le-locataire.html"},"wordCount":1173,"publisher":{"@id":"https:\/\/www.toutsurmesfinances.com\/immobilier\/#organization"},"image":{"@id":"https:\/\/www.toutsurmesfinances.com\/immobilier\/encadrement-des-loyers-quels-recours-pour-le-locataire.html#primaryimage"},"thumbnailUrl":"https:\/\/www.toutsurmesfinances.com\/immobilier\/wp-content\/uploads\/sites\/5\/2025\/04\/image-immobilier-location.jpg","articleSection":["D\u00e9marches"],"inLanguage":"fr-FR"},{"@type":"WebPage","@id":"https:\/\/www.toutsurmesfinances.com\/immobilier\/encadrement-des-loyers-quels-recours-pour-le-locataire.html","url":"https:\/\/www.toutsurmesfinances.com\/immobilier\/encadrement-des-loyers-quels-recours-pour-le-locataire.html","name":"Locataires : mon loyer est trop cher, que faire ?","isPartOf":{"@id":"https:\/\/www.toutsurmesfinances.com\/immobilier\/#website"},"primaryImageOfPage":{"@id":"https:\/\/www.toutsurmesfinances.com\/immobilier\/encadrement-des-loyers-quels-recours-pour-le-locataire.html#primaryimage"},"image":{"@id":"https:\/\/www.toutsurmesfinances.com\/immobilier\/encadrement-des-loyers-quels-recours-pour-le-locataire.html#primaryimage"},"thumbnailUrl":"https:\/\/www.toutsurmesfinances.com\/immobilier\/wp-content\/uploads\/sites\/5\/2025\/04\/image-immobilier-location.jpg","dateModified":"2025-08-18T13:11:21+00:00","description":"L'encadrement des loyers \u00e0 Paris, en vigueur depuis le 1er ao\u00fbt, doit permettre \u00e0 certains locataires de contester le montant dont ils s'acquittent mois apr\u00e8s mois. Ils ont \u00e9galement la possibilit\u00e9 de s'opposer au compl\u00e9ment de loyer qui permet de d\u00e9pa","breadcrumb":{"@id":"https:\/\/www.toutsurmesfinances.com\/immobilier\/encadrement-des-loyers-quels-recours-pour-le-locataire.html#breadcrumb"},"inLanguage":"fr-FR","potentialAction":[{"@type":"ReadAction","target":["https:\/\/www.toutsurmesfinances.com\/immobilier\/encadrement-des-loyers-quels-recours-pour-le-locataire.html"]}]},{"@type":"ImageObject","inLanguage":"fr-FR","@id":"https:\/\/www.toutsurmesfinances.com\/immobilier\/encadrement-des-loyers-quels-recours-pour-le-locataire.html#primaryimage","url":"https:\/\/www.toutsurmesfinances.com\/immobilier\/wp-content\/uploads\/sites\/5\/2025\/04\/image-immobilier-location.jpg","contentUrl":"https:\/\/www.toutsurmesfinances.com\/immobilier\/wp-content\/uploads\/sites\/5\/2025\/04\/image-immobilier-location.jpg","width":600,"height":400},{"@type":"BreadcrumbList","@id":"https:\/\/www.toutsurmesfinances.com\/immobilier\/encadrement-des-loyers-quels-recours-pour-le-locataire.html#breadcrumb","itemListElement":[{"@type":"ListItem","position":1,"name":"Accueil","item":"https:\/\/www.toutsurmesfinances.com\/immobilier\/"},{"@type":"ListItem","position":2,"name":"Location","item":"https:\/\/www.toutsurmesfinances.com\/immobilier\/c\/location"},{"@type":"ListItem","position":3,"name":"D\u00e9marches","item":"https:\/\/www.toutsurmesfinances.com\/immobilier\/c\/demarches"},{"@type":"ListItem","position":4,"name":"Encadrement des loyers : quels recours pour le locataire ?"}]},{"@type":"WebSite","@id":"https:\/\/www.toutsurmesfinances.com\/immobilier\/#website","url":"https:\/\/www.toutsurmesfinances.com\/immobilier\/","name":"Immobilier","description":"","publisher":{"@id":"https:\/\/www.toutsurmesfinances.com\/immobilier\/#organization"},"potentialAction":[{"@type":"SearchAction","target":{"@type":"EntryPoint","urlTemplate":"https:\/\/www.toutsurmesfinances.com\/immobilier\/?s={search_term_string}"},"query-input":{"@type":"PropertyValueSpecification","valueRequired":true,"valueName":"search_term_string"}}],"inLanguage":"fr-FR"},{"@type":"Organization","@id":"https:\/\/www.toutsurmesfinances.com\/immobilier\/#organization","name":"Tout Sur Mes Finances","url":"https:\/\/www.toutsurmesfinances.com\/immobilier\/","logo":{"@type":"ImageObject","inLanguage":"fr-FR","@id":"https:\/\/www.toutsurmesfinances.com\/immobilier\/#\/schema\/logo\/image\/","url":"https:\/\/www.toutsurmesfinances.com\/immobilier\/wp-content\/uploads\/sites\/5\/2021\/01\/favicon.png","contentUrl":"https:\/\/www.toutsurmesfinances.com\/immobilier\/wp-content\/uploads\/sites\/5\/2021\/01\/favicon.png","width":512,"height":512,"caption":"Tout Sur Mes Finances"},"image":{"@id":"https:\/\/www.toutsurmesfinances.com\/immobilier\/#\/schema\/logo\/image\/"},"sameAs":["https:\/\/x.com\/Toutsur"]},{"@type":"Person","@id":"https:\/\/www.toutsurmesfinances.com\/immobilier\/#\/schema\/person\/86ed62048219a3c310268cf8e534d65e","name":"Thibault Fingonnet","image":{"@type":"ImageObject","inLanguage":"fr-FR","@id":"https:\/\/www.toutsurmesfinances.com\/immobilier\/#\/schema\/person\/image\/","url":"https:\/\/secure.gravatar.com\/avatar\/07dc3aa2788dfbdc4f0f9bc0f6cd7593?s=96&d=mm&r=g","contentUrl":"https:\/\/secure.gravatar.com\/avatar\/07dc3aa2788dfbdc4f0f9bc0f6cd7593?s=96&d=mm&r=g","caption":"Thibault Fingonnet"},"description":"Thibault Fingonnet est journaliste sp\u00e9cialis\u00e9 en finances personnelles et en immobilier. Il a collabor\u00e9 avec ToutSurMesFinances de 2012 \u00e0 2017, notamment en tant que responsable \u00e9ditorial du p\u00f4le immobilier.","sameAs":["https:\/\/www.toutsurmesfinances.com\/author\/thibaultfingonnet","https:\/\/www.linkedin.com\/in\/thibault-fingonnet-1a25a431\/"]}]}},"_links":{"self":[{"href":"https:\/\/www.toutsurmesfinances.com\/immobilier\/wp-json\/wp\/v2\/posts\/13490","targetHints":{"allow":["GET"]}}],"collection":[{"href":"https:\/\/www.toutsurmesfinances.com\/immobilier\/wp-json\/wp\/v2\/posts"}],"about":[{"href":"https:\/\/www.toutsurmesfinances.com\/immobilier\/wp-json\/wp\/v2\/types\/post"}],"author":[{"embeddable":true,"href":"https:\/\/www.toutsurmesfinances.com\/immobilier\/wp-json\/wp\/v2\/users\/13710"}],"replies":[{"embeddable":true,"href":"https:\/\/www.toutsurmesfinances.com\/immobilier\/wp-json\/wp\/v2\/comments?post=13490"}],"version-history":[{"count":3,"href":"https:\/\/www.toutsurmesfinances.com\/immobilier\/wp-json\/wp\/v2\/posts\/13490\/revisions"}],"predecessor-version":[{"id":22925,"href":"https:\/\/www.toutsurmesfinances.com\/immobilier\/wp-json\/wp\/v2\/posts\/13490\/revisions\/22925"}],"wp:featuredmedia":[{"embeddable":true,"href":"https:\/\/www.toutsurmesfinances.com\/immobilier\/wp-json\/wp\/v2\/media\/22860"}],"wp:attachment":[{"href":"https:\/\/www.toutsurmesfinances.com\/immobilier\/wp-json\/wp\/v2\/media?parent=13490"}],"wp:term":[{"taxonomy":"category","embeddable":true,"href":"https:\/\/www.toutsurmesfinances.com\/immobilier\/wp-json\/wp\/v2\/categories?post=13490"},{"taxonomy":"post_tag","embeddable":true,"href":"https:\/\/www.toutsurmesfinances.com\/immobilier\/wp-json\/wp\/v2\/tags?post=13490"}],"curies":[{"name":"wp","href":"https:\/\/api.w.org\/{rel}","templated":true}]}}