{"id":14025,"date":"2016-06-30T15:25:55","date_gmt":"2016-06-30T13:25:55","guid":{"rendered":"https:\/\/www.toutsurmesfinances.com\/immobilier\/baisse-ou-suppression-des-apl-en-2016-qui-est-concerne.html"},"modified":"2023-12-21T09:06:20","modified_gmt":"2023-12-21T08:06:20","slug":"baisse-ou-suppression-des-apl-en-2016-qui-est-concerne","status":"publish","type":"post","link":"https:\/\/www.toutsurmesfinances.com\/immobilier\/baisse-ou-suppression-des-apl-en-2016-qui-est-concerne.html","title":{"rendered":"Hausse, baisse ou suppression des APL en 2023 : qui est concern\u00e9 ?"},"content":{"rendered":"<h2><span class=\"ez-toc-section\" id=\"Un_nouveau_calcul_des_APL_depuis_janvier_2021\"><\/span>Un nouveau calcul des APL depuis janvier 2021<span class=\"ez-toc-section-end\"><\/span><\/h2>\n<p>Pr\u00e9vue d&rsquo;abord en janvier 2019, ensuite en avril 2019, puis en janvier 2020, la r\u00e9forme tant annonc\u00e9e du mode de calcul de l&rsquo;aide personnalis\u00e9 au logement (APL) devait s&rsquo;appliquer <a href=\"https:\/\/www.toutsurmesfinances.com\/immobilier\/calcul-simulation-criteres-ce-qu-il-faut-savoir-sur-les-apl.html#APL_du_changement_dans_le_calcul_a_partir_de_2020\">\u00e0 compter du 1er avril 2020<\/a>. Mais face \u00e0 la propagation de l&rsquo;\u00e9pid\u00e9mie de coronavirus, le gouvernement a annonc\u00e9 par voie de communiqu\u00e9, le 17 mars 2020, avoir pris la d\u00e9cision de d\u00e9caler la mise en \u0153uvre de la r\u00e9forme des \u00ab APL en temps r\u00e9el \u00bb. <a href=\"https:\/\/www.legifrance.gouv.fr\/affichTexte.do?cidTexte=JORFTEXT000041810739&amp;dateTexte=&amp;categorieLien=id\" target=\"_blank\" rel=\"nofollow noopener noreferrer\">Un d\u00e9cret paru au Journal Officiel le 21 avril 2020<\/a>\u00a0a renvoy\u00e9 l&rsquo;entr\u00e9e en vigueur de la r\u00e9forme \u00ab au plus tard au 1er janvier 2021 \u00bb. C&rsquo;est bien \u00e0 cette date du\u00a0<strong>1er janvier 2021 <\/strong>que la r\u00e9forme des APL est entr\u00e9e en vigueur.<\/p>\n<p>Qu&rsquo;est-ce qui a chang\u00e9 ? Les aides au logement ne sont d\u00e9sormais plus attribu\u00e9es en fonction des revenus du b\u00e9n\u00e9ficiaire per\u00e7us l&rsquo;ann\u00e9e N-2 (exemple : les revenus de 2018 pour une demande en 2020), avec une r\u00e9vision une fois par an, en janvier.<\/p>\n<p>Dor\u00e9navant, les aides au logement sont calcul\u00e9es sur la base des revenus des douze derniers mois connus. Par ailleurs, le montant est r\u00e9\u00e9valu\u00e9 automatiquement chaque trimestre, en fonction de nouveaux \u00e9l\u00e9ments \u00e9ventuels (hausse ou baisse de revenu, changement de situation). Cela permet donc de calculer tous les trois les droits des b\u00e9n\u00e9ficiaires. \u00c0 noter que le mode de calcul, la nature des ressources et les crit\u00e8res d&rsquo;\u00e9ligibilit\u00e9 restent identiques.<\/p>\n<p>Cette r\u00e9forme peut s&rsquo;appliquer gr\u00e2ce \u00e0 la mise en place du <a href=\"https:\/\/www.toutsurmesfinances.com\/impots\/prelevement-a-la-source-et-impot-sur-le-revenu-fonctionnement-calcul-et-calendrier.html\">pr\u00e9l\u00e8vement \u00e0 la source de l\u2019imp\u00f4t sur le revenu<\/a> (PAS ou PALS), entr\u00e9 en vigueur le 1er janvier 2019. De fait, les <a href=\"https:\/\/www.toutsurmesfinances.com\/argent\/a\/calendrier-de-paiement-et-dates-de-versements-de-la-caf\">caisses d&rsquo;allocations familiales<\/a> (ou les MSA) peuvent recueillir aupr\u00e8s de l&rsquo;administration fiscale les informations li\u00e9es aux salaires des allocataires. Elles peuvent ainsi plus facilement ajuster le montant des aides. Le b\u00e9n\u00e9ficiaire touche donc les APL directement index\u00e9es sur ses revenus du moment.<\/p>\n<p>Outre le fait que le nouveau syst\u00e8me permet aux caisses d&rsquo;avoir une comptabilit\u00e9 en temps r\u00e9el des b\u00e9n\u00e9ficiaires de APL, il risque de p\u00e9naliser certaines cat\u00e9gories de la population. Ainsi, du fait de l&rsquo;automaticit\u00e9 de la prise en compte des fluctuations de leurs revenus, les apprentis, les jeunes travailleurs ou les int\u00e9rimaires peuvent sortir du circuit des aides au logement ou voir le montant des APL fortement rabot\u00e9.<\/p>\n<p>Ceux qui profitent de la r\u00e9forme en 2021 sont ceux qui ont vu leurs revenus baisser en 2020 : leur aide a augment\u00e9 en 2021, sans attendre 2022 (comme cela aurait d\u00fb se passer avec l&rsquo;ancien syst\u00e8me). Ceux dont les revenus ont augment\u00e9 en 2020 voient leur aide au logement diminuer progressivement. Pour tous, le montant de l&rsquo;aide est r\u00e9\u00e9valu\u00e9 (\u00e0 la hausse ou \u00e0 la baisse) au gr\u00e9 de la r\u00e9gularisation trimestrielle. Enfin, pour ceux dont les revenus n&rsquo;\u00e9voluent pas, le montant de l&rsquo;APL ne change pas.<\/p>\n<p>Pour conna\u00eetre le nouveau montant de leur aide, les personnes qui b\u00e9n\u00e9ficient d\u00e9j\u00e0 des APL peuvent consulter leur espace \u00ab\u00a0Mon Compte\u00a0\u00bb sur le site caf.fr. Les futurs allocataires, eux, ont la possibilit\u00e9 d&rsquo;effectuer des simulations sur le site Internet de la CAF ou de consulter la plateforme Mesdroitssociaux.gouv.fr.<\/p>\n<h2><span class=\"ez-toc-section\" id=\"2023_vers_une_revalorisation_des_aides_au_logement\"><\/span>2023 : vers une revalorisation des aides au logement ?<span class=\"ez-toc-section-end\"><\/span><\/h2>\n<p>Compte tenu de l&rsquo;inflation de plus en plus pesante sur les finances des m\u00e9nages, le gouvernement a annonc\u00e9 que le montant de l&rsquo;APL serait revu \u00e0 la hausse en 2023. On ignore encore, pour l&rsquo;heure, la teneur de cette augmentation.<\/p>\n<p>L&rsquo;\u00e9ventuelle revalorisation sera calcul\u00e9e en fonction de l&rsquo;inflation constat\u00e9e effectivement entre les mois de f\u00e9vrier 2022 et janvier 2023. Elle devrait aussi tenir comte du \u00ab bouclier loyer \u00bb qui limite, au moins jusqu&rsquo;au 30 juin 2023, l\u2019indice de revalorisation des loyers (IRL) \u00e0 3,5\u2009% en m\u00e9tropole.<\/p>\n<h2><span class=\"ez-toc-section\" id=\"2022_une_hausse_des_APL_de_35_au_1er_juillet\"><\/span>2022 : une hausse des APL de 3,5% au 1er juillet<span class=\"ez-toc-section-end\"><\/span><\/h2>\n<p>Un augmentation des APL de 3,5% au 1er juillet 2022 a \u00e9t\u00e9 act\u00e9e durant l&rsquo;\u00e9t\u00e9. La mesure a consist\u00e9 \u00e0 augmenter les param\u00e8tres de calcul de l&rsquo;APL au travers :<\/p>\n<ul>\n<li>d&rsquo;une revalorisation l\u00e9gale de 3,5% des param\u00e8tres des d\u00e9penses de logement prises en compte, vot\u00e9e par le Parlement le 3 ao\u00fbt<\/li>\n<li>d&rsquo;une revalorisation de 4% des param\u00e8tres de ressources prises en compte dans le calcul des APL, via un d\u00e9cret et un arr\u00eat\u00e9 publi\u00e9s le 31 juillet 2022 (+3,5% pour le montant forfaitaire de ressources applicable aux \u00e9tudiants).<\/li>\n<\/ul>\n<p>Il s&rsquo;agit, en r\u00e9alit\u00e9, de l&rsquo;application anticip\u00e9e d&rsquo;une augmentation qui intervient traditionnellement le 1er octobre (et le 1er janvier s&rsquo;agissant des ressources prises en compte) sur la base de l\u2019\u00e9volution de l&rsquo;<a href=\"https:\/\/www.toutsurmesfinances.com\/immobilier\/indice-de-loyer-fonctionnement-et-calcul-de-l-irl.html\">indice de r\u00e9f\u00e9rence des loyers (IRL) <\/a>constat\u00e9 au deuxi\u00e8me trimestre de l\u2019ann\u00e9e en cours.<\/p>\n<p>Le ministre de l&rsquo;\u00c9conomie, Bruno Le Maire, a confirm\u00e9, le 27 juin sur BFMTV, que les aides personnalis\u00e9es au logement (APL) allaient augmenter de 3,5% d\u00e8s le 1er juillet 2022.<\/p>\n<h2><span class=\"ez-toc-section\" id=\"2021_les_APL_revalorisees_de_042\"><\/span>2021 : <strong>\u00a0les APL revaloris\u00e9es de 0,42 %<\/strong><span class=\"ez-toc-section-end\"><\/span><\/h2>\n<p>Les aides personnalis\u00e9es au logement ont augment\u00e9 de 0,42% au 1er octobre 2021. Cette l\u00e9g\u00e8re revalorisation correspond \u00e0 la hausse moyenne des loyers, d&rsquo;apr\u00e8s l&rsquo;Insee. C&rsquo;est la premi\u00e8re fois depuis trois ans que le montant des APL est r\u00e9\u00e9valu\u00e9 en fonction de l&rsquo;<a href=\"https:\/\/www.toutsurmesfinances.com\/immobilier\/indice-de-loyer-fonctionnement-et-calcul-de-l-irl.html\">indice de r\u00e9f\u00e9rence des loyers (IRL)<\/a>.<\/p>\n<p>Cette hausse des aides au logement fait suite \u00e0 un gel de la revalorisation en 2018, et \u00e0 une d\u00e9sindexation des APL sur l\u2019IRL inscrite dans les budgets 2019 et 2020.<\/p>\n<h2><span class=\"ez-toc-section\" id=\"2020_revalorisation_des_APL_plafonnee_a_03\"><\/span>2020 :\u00a0revalorisation des APL plafonn\u00e9e \u00e0 0,3%<span class=\"ez-toc-section-end\"><\/span><\/h2>\n<p>Comme en 2019, les aides au logement ont connu un quasi-gel. Une revalorisation de seulement 0,3% a \u00e9t\u00e9 appliqu\u00e9e le 1er octobre 2020. Elle \u00e9tait inscrite lors des projets de loi de finances 2019 et 2020.<\/p>\n<h2><span class=\"ez-toc-section\" id=\"2019_une_sous-revalorisation_du_montant_des_APL\"><\/span>2019 : une sous-revalorisation du montant des APL<span class=\"ez-toc-section-end\"><\/span><\/h2>\n<p>Apr\u00e8s la baisse de 5 euros du montant des aides personnalis\u00e9es au logement d\u00e9cid\u00e9e en 2017 par le gouvernement, puis le gel de leur revalorisation en 2018, c&rsquo;est une sous-indexation plafonn\u00e9e \u00e0 0,3% qui s&rsquo;est appliqu\u00e9e le 1er octobre 2019. Un chiffre qui se situe bien en-de\u00e7\u00e0 de l&rsquo;inflation (qui atteint plus de 1%).<\/p>\n<p>C&rsquo;est aussi un niveau bien moins \u00e9lev\u00e9 que la hausse de\u00a0l\u2019indice de r\u00e9f\u00e9rence des loyers (IRL), qui \u00e9tait de 1,53% au deuxi\u00e8me\u00a0semestre 2019.<\/p>\n<p>La hausse de 0,3% vot\u00e9e pour le 1er octobre 2020 dans le cadre de la loi de finances 2019 a, en revanche, \u00e9t\u00e9 retoqu\u00e9e par le Conseil constitutionnel.<\/p>\n<h2><span class=\"ez-toc-section\" id=\"Pas_de_revalorisation_des_APL_au_1er_octobre_2018\"><\/span>Pas de revalorisation des APL au 1<sup>er<\/sup> octobre 2018<span class=\"ez-toc-section-end\"><\/span><\/h2>\n<p>Habituellement, le montant des APL est revaloris\u00e9 au 1<sup>er<\/sup> octobre. Or dans l&rsquo;article 126 de la loi de Finances pour 2018, une petite note pr\u00e9cise que \u00ab l&rsquo;indexation au 1er octobre des param\u00e8tres du bar\u00e8me de l&rsquo;aide personnalis\u00e9e au logement, de l&rsquo;allocation de logement familiale et de l&rsquo;allocation de logement sociale pr\u00e9vue, respectivement, au septi\u00e8me alin\u00e9a de l&rsquo;article L. 351-3 du code de la construction et de l&rsquo;habitation, au deuxi\u00e8me alin\u00e9a de l&rsquo;article L. 542-5 du code de la s\u00e9curit\u00e9 sociale et au troisi\u00e8me alin\u00e9a de l&rsquo;article L. 831-4 du m\u00eame code, n&rsquo;est pas appliqu\u00e9e en 2018 \u00bb. D&rsquo;apr\u00e8s la Fondation Abb\u00e9 Pierre, qui a r\u00e9v\u00e9l\u00e9 cette absence de revalorisation, la perte moyenne avoisine les 5 euros par mois. La revalorisation \u00e9tait jusqu&rsquo;\u00e0 pr\u00e9sent effectu\u00e9e par rapport \u00e0 l&rsquo;indice de r\u00e9f\u00e9rence des loyers (IRL). Le montant moyen des APL \u00e9tant de 231 euros par mois et la pr\u00e9vision de l&rsquo;IRL de 1,8%, la hausse au 1er octobre 2018 aurait d\u00fb \u00eatre d&rsquo;environ 4,20 euros.<\/p>\n<h2><span class=\"ez-toc-section\" id=\"Baisse_des_APL_depuis_2018_dans_le_parc_social\"><\/span>Baisse des APL depuis 2018 dans le parc social<span class=\"ez-toc-section-end\"><\/span><\/h2>\n<p>L&rsquo;article 126 de la loi de finances 2018 pr\u00e9voit une r\u00e9duction du montant de l&rsquo;aide personnalis\u00e9e au logement (APL) depuis le 1<sup>er<\/sup> mars 2018. Pour que cette mesure ne se traduise pas par une hausse des loyers pour les locataires du parc social, un m\u00e9canisme de r\u00e9duction de loyer de solidarit\u00e9 (RLS) a \u00e9t\u00e9 instaur\u00e9 par un d\u00e9cret et deux arr\u00eat\u00e9s publi\u00e9s au <a href=\"https:\/\/www.legifrance.gouv.fr\/eli\/decret\/2018\/2\/27\/TERL1801557D\/jo\/texte\" target=\"_blank\" rel=\"nofollow noopener noreferrer\">Journal officiel du 27 f\u00e9vrier 201<\/a><a href=\"https:\/\/www.legifrance.gouv.fr\/eli\/decret\/2018\/2\/27\/TERL1801557D\/jo\/texte\" target=\"_blank\" rel=\"noopener noreferrer\">8<\/a>.<\/p>\n<p>Ainsi une RLS est appliqu\u00e9e par les bailleurs aux locataires dont les ressources sont inf\u00e9rieures \u00e0 un plafond, en fonction de la composition du foyer et de la zone g\u00e9ographique de r\u00e9sidence. Cette baisse est fix\u00e9e chaque ann\u00e9e par d\u00e9cret.<\/p>\n<p>Un arr\u00eat\u00e9, <a href=\"https:\/\/www.legifrance.gouv.fr\/jorf\/id\/JORFTEXT000048100093\" target=\"_blank\" rel=\"nofollow noopener noreferrer\">paru au <em>Journal Officiel<\/em> du 24 septembre 2023<\/a>, a modifi\u00e9 les montants de la r\u00e9duction de loyer de solidarit\u00e9 dus \u00e0 compter du 1er octobre 2023. Ces nouveaux montants mensuels concernent aux locataires dont les ressources sont inf\u00e9rieures \u00e0 un plafond, lequel est fonction de la composition du foyer et de la zone g\u00e9ographique (zones I, II, III, qui correspondent \u00e0 celles appliqu\u00e9es pour le calcul des aides personnelles au logement). \u00c0 noter que les limites de plafonds de ressources, fix\u00e9es par <a href=\"https:\/\/www.legifrance.gouv.fr\/jorf\/id\/JORFTEXT000046848188\" target=\"_blank\" rel=\"nofollow noopener noreferrer\">un d\u00e9cret du 31 d\u00e9cembre 2022<\/a>, restent inchang\u00e9es pour le b\u00e9n\u00e9fice de la r\u00e9duction de loyer de solidarit\u00e9 \u00e0 partir du 1er octobre 2023.<\/p>\n<p>\u00c0 compter du 1er octobre 2023, la r\u00e9duction s&rsquo;\u00e9l\u00e8ve, par exemple, \u00e0 45,08 euros par mois pour un b\u00e9n\u00e9ficiaire isol\u00e9 en zone III (contre 42,76 euros auparavant) et \u00e0 74,43 euros pour un b\u00e9n\u00e9ficiaire isol\u00e9 ou un couple avec une personne \u00e0 charge en zone I (contre 71,14 euros jusque-l\u00e0).<\/p>\n<p>Le tableau ci-dessous fixe les montants de la r\u00e9duction loyer de solidarit\u00e9 applicables \u00e0 compter du 1er octobre 2023 :<\/p>\n<div id=\"tablepress-86-scroll-wrapper\" class=\"tablepress-scroll-wrapper\">\n\n<table id=\"tablepress-86\" class=\"tablepress tablepress-id-86 tablepress-responsive\">\n<thead>\n<tr class=\"row-1 odd\">\n\t<th colspan=\"4\" class=\"column-1\"><strong>Montants mensuels de la r\u00e9duction de loyer de solidarit\u00e9<\/strong><\/th>\n<\/tr>\n<\/thead>\n<tfoot>\n<tr class=\"row-8 even\">\n\t<th colspan=\"4\" class=\"column-1\"><em>Source\u00a0: Arr\u00eat\u00e9 du 29 d\u00e9cembre 2023 (paru au JO du 30 d\u00e9cembre 2023)<\/em><\/th>\n<\/tr>\n<\/tfoot>\n<tbody class=\"row-hover\">\n<tr class=\"row-2 even\">\n\t<td rowspan=\"2\" class=\"column-1\"><strong>D\u00e9signation<\/strong><\/td><td colspan=\"3\" class=\"column-2\"><strong>Montant mensuel (en euros)<\/strong><\/td>\n<\/tr>\n<tr class=\"row-3 odd\">\n\t<td class=\"column-2\"><strong>Zone I<\/strong><\/td><td class=\"column-3\"><strong>Zone II<\/strong><\/td><td class=\"column-4\"><strong>Zone III<\/strong><\/td>\n<\/tr>\n<tr class=\"row-4 even\">\n\t<td class=\"column-1\">B\u00e9n\u00e9ficiaire isol\u00e9<\/td><td class=\"column-2\">55,20 euros<\/td><td class=\"column-3\">48,45 euros<\/td><td class=\"column-4\">45,36 euros<\/td>\n<\/tr>\n<tr class=\"row-5 odd\">\n\t<td class=\"column-1\">Couple sans personne \u00e0 charge<\/td><td class=\"column-2\">66,73 euros<\/td><td class=\"column-3\">59,15 euros<\/td><td class=\"column-4\">54,92 euros<\/td>\n<\/tr>\n<tr class=\"row-6 even\">\n\t<td class=\"column-1\">Personne seule ou couple ayant une personne \u00e0 charge<\/td><td class=\"column-2\">75,31 euros<\/td><td class=\"column-3\">66,06 euros<\/td><td class=\"column-4\">61,42 euros<\/td>\n<\/tr>\n<tr class=\"row-7 odd\">\n\t<td class=\"column-1\">Par personne \u00e0 charge suppl\u00e9mentaire<\/td><td class=\"column-2\">10,78 euros<\/td><td class=\"column-3\">9,60 euros<\/td><td class=\"column-4\">8,65 euros<\/td>\n<\/tr>\n<\/tbody>\n<\/table>\n\n<\/div><!-- #tablepress-86 from cache -->\n<p>&nbsp;<\/p>\n<h2><span class=\"ez-toc-section\" id=\"Baisse_des_APL_en_octobre_2017\"><\/span>Baisse des APL en octobre 2017<span class=\"ez-toc-section-end\"><\/span><\/h2>\n<p>Le gouvernement d&rsquo;\u00c9douard Philippe a annonc\u00e9 le 22 juillet 2017 une diminution du montant des APL de 5 euros par mois et par foyer \u00e0 partir du mois d&rsquo;octobre 2017. Il s&rsquo;agit d&rsquo;une baisse g\u00e9n\u00e9ralis\u00e9e, quel que soit le niveau de revenus ou la situation. Les modalit\u00e9s pr\u00e9cises de cette minoration du montant vers\u00e9 ont \u00e9t\u00e9 d\u00e9taill\u00e9s dans un d\u00e9cret et un arr\u00eat\u00e9 publi\u00e9s au Journal Officiel le 29 septembre 2017. Ainsi, le r\u00e9sultat issu de la formule de calcul des APL est <em>\u00ab minor\u00e9 d&rsquo;un montant fix\u00e9 forfaitairement par arr\u00eat\u00e9 \u00bb<\/em>, \u00e0 5 euros par mois.<\/p>\n<p>Par ailleurs, le seuil de versement des APL a \u00e9t\u00e9 ramen\u00e9 de 15 \u00e0 10 euros de montant minimum afin d&rsquo;\u00e9viter une suppression pure et simple des aides au logement de 50.000 foyers b\u00e9n\u00e9ficiaires environ. Dans le cas contraire, un allocataire touchant auparavant 19 euros par mois aurait vu son allocation r\u00e9duite \u00e0 z\u00e9ro. Dans ce cas et gr\u00e2ce au dispositif adopt\u00e9, ses APL se monteront \u00e0 14 euros.<\/p>\n<p>Le d\u00e9cret et l&rsquo;arr\u00eat\u00e9 sont entr\u00e9s en vigueur le 1<sup>er<\/sup> octobre 2017 et s&rsquo;appliquent aux prestations dues \u00e0 compter de cette date. Compte tenu du <strong><a href=\"https:\/\/www.toutsurmesfinances.com\/argent\/a\/calendrier-de-paiement-et-dates-de-versements-de-la-caf\" target=\"_blank\" rel=\"noopener noreferrer\">calendrier de paiement de la CAF<\/a><\/strong>, bas\u00e9 sur un versement \u00e0 terme \u00e9chu le 5 du mois suivant, la premi\u00e8re diminution a eu lieu lors du versement du lundi 6 novembre 2017 au titre du mois d&rsquo;octobre.<\/p>\n<h2><span class=\"ez-toc-section\" id=\"Quels_locataires_touches_par_la_baisse_des_APL_au_1er_juillet_2016\"><\/span>Quels locataires touch\u00e9s par la baisse des APL au 1er juillet 2016 ?<span class=\"ez-toc-section-end\"><\/span><\/h2>\n<p><a href=\"https:\/\/www.toutsurmesfinances.com\/immobilier\/calcul-simulation-criteres-ce-qu-il-faut-savoir-sur-les-apl.html\" target=\"_blank\" rel=\"noopener noreferrer\"><strong>Les r\u00e8gles de calcul des APL<\/strong><\/a> ont chang\u00e9 au 1er juillet 2016. Au-dessus d&rsquo;un certain montant de loyer, les allocations logement (APL, ALF et <strong><a href=\"https:\/\/www.toutsurmesfinances.com\/argent\/a\/allocation-de-logement-sociale-caf-et-msa-conditions-demarches\" target=\"_blank\" rel=\"noopener noreferrer\">ALS<\/a><\/strong>) ont diminu\u00e9. Pour certains locataires, qui s&rsquo;acquittent d&rsquo;une charge encore plus \u00e9lev\u00e9e, la sanction est plus rude puisque leur aide au logement est carr\u00e9ment supprim\u00e9e.<\/p>\n<p>Selon les estimations du gouvernement de l&rsquo;\u00e9poque (Manuel Valls Premier ministre), 80.000 foyers devraient perdre au moins une partie de leur allocation logement. Les locataires de Paris et d&rsquo;Ile-de-France sont les plus concern\u00e9s.<\/p>\n<p>Dans le d\u00e9tail, voici les seuils de loyers \u00e0 partir desquels les allocations logement sont devenues d\u00e9gressives au 1<sup>er<\/sup> juillet 2016. Ils ont \u00e9t\u00e9 calcul\u00e9s sur la base d&rsquo;un <strong><a href=\"https:\/\/www.legifrance.gouv.fr\/affichTexte.do;jsessionid=0D4F988143163D8391F4223C308F76F1.tpdila10v_3?cidTexte=JORFTEXT000032851702&amp;dateTexte=&amp;oldAction=rechJO&amp;categorieLien=id&amp;idJO=JORFCONT000032851428\" target=\"_blank\" rel=\"nofollow noopener noreferrer\">arr\u00eat\u00e9 dat\u00e9 du 5 juillet 2016<\/a>.<\/strong><\/p>\n<div id=\"tablepress-19-scroll-wrapper\" class=\"tablepress-scroll-wrapper\">\n\n<table id=\"tablepress-19\" class=\"tablepress tablepress-id-19 tablepress-responsive\">\n<thead>\n<tr class=\"row-1 odd\">\n\t<th colspan=\"4\" class=\"column-1\"><strong>Les loyers \u00e0 partir desquels les aides au logement diminuent<\/strong><\/th>\n<\/tr>\n<\/thead>\n<tbody class=\"row-hover\">\n<tr class=\"row-2 even\">\n\t<td class=\"column-1\"><strong>Localisation \/<br \/>\nComposition du foyer<\/strong><\/td><td class=\"column-2\"><strong>\u00cele-de-France<\/strong><\/td><td class=\"column-3\"><strong>Agglom\u00e9rations de plus de 100.000 habitants et Corse<\/strong><\/td><td class=\"column-4\"><strong>Reste du pays<\/strong><\/td>\n<\/tr>\n<tr class=\"row-3 odd\">\n\t<td class=\"column-1\"><strong>C\u00e9libataire<\/strong><\/td><td class=\"column-2\">995,69 euros<\/td><td class=\"column-3\">638,08 euros<\/td><td class=\"column-4\">598,28 euros<\/td>\n<\/tr>\n<tr class=\"row-4 even\">\n\t<td class=\"column-1\"><strong>Couple<\/strong><\/td><td class=\"column-2\">1.200,88 euros<\/td><td class=\"column-3\">781 euros<\/td><td class=\"column-4\">724,98 euros<\/td>\n<\/tr>\n<tr class=\"row-5 odd\">\n\t<td class=\"column-1\"><strong>Couple avec un enfant<\/strong><\/td><td class=\"column-2\">1.375,25 euros<\/td><td class=\"column-3\">878,83 euros<\/td><td class=\"column-4\">812,88 euros<\/td>\n<\/tr>\n<tr class=\"row-6 even\">\n\t<td class=\"column-1\"><strong>Couple avec deux enfants<\/strong><\/td><td class=\"column-2\">1.554,14 euros<\/td><td class=\"column-3\">1.006,73 euros<\/td><td class=\"column-4\">929,38 euros<\/td>\n<\/tr>\n<\/tbody>\n<\/table>\n\n<\/div><!-- #tablepress-19 from cache -->\n<p><strong style=\"background-color: transparent\">Lecture du tableau :<\/strong><span style=\"background-color: transparent\">\u00a0un c\u00e9libataire install\u00e9 \u00e0 Paris ou dans sa banlieue subit une baisse de son allocation logement si son loyer d\u00e9passe 995 euros, contre 1.200 euros pour un couple. S&rsquo;il vit \u00e0 Lyon (agglom\u00e9ration de plus de 100.000 habitants), le plafond 2016 se situe \u00e0 638 euros (781 euros pour un couple).<\/span><\/p>\n<h2><span class=\"ez-toc-section\" id=\"Qui_a_connu_une_suppression_des_APL_et_autres_allocations_logement_au_1er_juillet_2016\"><\/span>Qui a connu une suppression des APL et autres allocations logement au 1er juillet 2016 ?<span class=\"ez-toc-section-end\"><\/span><\/h2>\n<p>Les locataires dont le loyer d\u00e9passe les limites pr\u00e9c\u00e9dentes ne sont pas n\u00e9cessairement au bout de leurs peines. Le calcul des aides au logement int\u00e8gre d\u00e9sormais des plafonds de prix \u00e0 la location au-del\u00e0 desquels les aides au logement ne sont plus vers\u00e9es.<\/p>\n<p>Le tableau suivant d\u00e9taille les montants de loyer entra\u00eenant la suppression des APL, suivant la composition du foyer et sa localisation.<\/p>\n<div id=\"tablepress-20-scroll-wrapper\" class=\"tablepress-scroll-wrapper\">\n\n<table id=\"tablepress-20\" class=\"tablepress tablepress-id-20 tablepress-responsive\">\n<thead>\n<tr class=\"row-1 odd\">\n\t<th colspan=\"4\" class=\"column-1\"><strong>Seuils de loyers au-del\u00e0 desquels l'aide au logement est supprim\u00e9e<\/strong><\/th>\n<\/tr>\n<\/thead>\n<tbody class=\"row-hover\">\n<tr class=\"row-2 even\">\n\t<td class=\"column-1\"><strong>Localisation \/<br \/>\nComposition du foyer<\/strong><\/td><td class=\"column-2\"><strong>\u00cele-de-France<\/strong><\/td><td class=\"column-3\"><strong>Agglom\u00e9rations de plus de 100.000 habitants et Corse<\/strong><\/td><td class=\"column-4\"><strong>Reste du pays<\/strong><\/td>\n<\/tr>\n<tr class=\"row-3 odd\">\n\t<td class=\"column-1\"><strong>C\u00e9libataire<\/strong><\/td><td class=\"column-2\">1.171,40 euros<\/td><td class=\"column-3\">791,21 euros<\/td><td class=\"column-4\">741,21 euros<\/td>\n<\/tr>\n<tr class=\"row-4 even\">\n\t<td class=\"column-1\"><strong>Couple<\/strong><\/td><td class=\"column-2\">1.412,80 euros<\/td><td class=\"column-3\">968,44 euros<\/td><td class=\"column-4\">898,97 euros<\/td>\n<\/tr>\n<tr class=\"row-5 odd\">\n\t<td class=\"column-1\"><strong>Couple avec un enfant<\/strong><\/td><td class=\"column-2\">1.596,76 euros<\/td><td class=\"column-3\">1.089,74 euros<\/td><td class=\"column-4\">1.007,97 euros<\/td>\n<\/tr>\n<tr class=\"row-6 even\">\n\t<td class=\"column-1\"><strong>Couple avec deux enfants<\/strong><\/td><td class=\"column-2\">1.828,40 euros<\/td><td class=\"column-3\">1.248,33 euros<\/td><td class=\"column-4\">1.152,43 euros<\/td>\n<\/tr>\n<\/tbody>\n<\/table>\n\n<\/div><!-- #tablepress-20 from cache -->\n<p><strong style=\"line-height: 1.3em;background-color: transparent\">Lecture du tableau :<\/strong><span style=\"line-height: 1.3em;background-color: transparent\"> Un c\u00e9libataire habitant en \u00cele-de-France s&rsquo;acquittant d&rsquo;un loyer sup\u00e9rieur \u00e0 1.170 euros et qui touchait une aide au logement avant le 1<sup>er<\/sup> juillet 2016 n&rsquo;en a plus b\u00e9n\u00e9fici\u00e9 apr\u00e8s cette date. M\u00eame chose pour un couple parisien qui paye 1.412 euros par mois pour sa location. \u00c0 Nice, un c\u00e9libataire avec un loyer de plus de 790 euros ne touchae plus d&rsquo;allocations logement (968 euros pour un couple).<\/span><\/p>\n<h2><span class=\"ez-toc-section\" id=\"Pourquoi_un_tel_coup_de_rabot_sur_les_aides_au_logement\"><\/span>Pourquoi un tel coup de rabot sur les aides au logement ?<span class=\"ez-toc-section-end\"><\/span><\/h2>\n<p>La d\u00e9cision de diminuer ou supprimer les APL des locataires qui supportent un montant de loyers \u00e9lev\u00e9 remonte \u00e0 la fin de l&rsquo;ann\u00e9e 2015. Dans le cadre du Budget 2016, le gouvernement a fait voter une r\u00e9forme des aides au logement qui est entr\u00e9 progressivement en vigueur cette ann\u00e9e-l\u00e0. Outre la d\u00e9gressivit\u00e9 des allocations logement \u00e0 partir du 1<sup>er<\/sup> juillet, celle-ci a supprim\u00e9 les aides per\u00e7ues par <strong>les enfants majeurs dont les parents paient l&rsquo;imp\u00f4t de solidarit\u00e9 sur la fortune<\/strong> (ISF) depuis 1<sup>er<\/sup> octobre 2016.<\/p>\n<h2><span class=\"ez-toc-section\" id=\"Le_patrimoine_pris_en_compte_dans_le_calcul_des_aides_a_partir_du_1er_octobre_2016\"><\/span>Le patrimoine pris en compte dans le calcul des aides \u00e0 partir du 1er octobre 2016<span class=\"ez-toc-section-end\"><\/span><\/h2>\n<p>Une autre nouveaut\u00e9 est entr\u00e9e en vigueur plus tardivement, depuis le 1<sup>er<\/sup> octobre 2016. Le patrimoine des b\u00e9n\u00e9ficiaires est pris en compte dans le calcul des aides d\u00e8s lors qu&rsquo;il d\u00e9passe 30.000 euros. \u00ab <em>Livrets d&rsquo;\u00e9pargne et biens immobiliers en r\u00e9sidence secondaire seront ainsi r\u00e9int\u00e9gr\u00e9s dans la base de calcul pour l&rsquo;attribution de l&rsquo;aide<\/em> \u00bb, explique la Conf\u00e9d\u00e9ration nationale du logement (CNL) dans un communiqu\u00e9 diffus\u00e9 le 13 septembre 2016. L&rsquo;association de consommateurs, qui a vot\u00e9 contre le projet de d\u00e9cret pr\u00e9sent\u00e9 devant le Conseil national de l&rsquo;habitat, demande au gouvernement d&rsquo;exclure <a href=\"https:\/\/www.toutsurmesfinances.com\/placements\/le-livret-a-ou-l-epargne-pour-tous.html\" target=\"_blank\" rel=\"noopener noreferrer\"><strong>le Livret A<\/strong><\/a> et <a href=\"https:\/\/www.toutsurmesfinances.com\/placements\/lep-plafond-taux-et-conditions-du-livret-d-epargne-populaire.html\"><strong>le livret d&rsquo;\u00e9pargne populaire (LEP)<\/strong><\/a> de cette r\u00e9forme. L&rsquo;association CLCV s&rsquo;inqui\u00e8te quant \u00e0 elle des cons\u00e9quences de cette r\u00e9forme pour\u00a0\u00ab <em>les personnes victimes d&rsquo;accidents de la vie<\/em> \u00bb.\u00a0\u00ab <em>L&rsquo;indemnit\u00e9 per\u00e7ue par un salari\u00e9 en cas de licenciement pourra mener \u00e0 une r\u00e9duction, voire \u00e0 une suppression de l&rsquo;allocation logement<\/em> \u00bb, donne-t-elle en exemple.\u00a0D&rsquo;apr\u00e8s les estimations du Parlement, 10% des b\u00e9n\u00e9ficiaires seraient impact\u00e9s par cette mesure, soit environ 650.000 foyers.<\/p>\n<p>Plus pr\u00e9cis\u00e9ment, le patrimoine pris en compte dans l&rsquo;assiette des ressources retenues pour le calcul de l&rsquo;allocation logement\u00a0\u00ab <em>selon des modalit\u00e9s similaires \u00e0 celles retenues pour d&rsquo;autres aides ou prestations sociales (<a href=\"https:\/\/www.toutsurmesfinances.com\/retraite\/tout-savoir-sur-l-allocation-personnalisee-d-autonomie-apa.html\" target=\"_blank\" rel=\"noopener noreferrer\"><strong>APA &#8211; allocation personnalis\u00e9e d&rsquo;autonomie<\/strong><\/a> ou RSA) \u00e0 savoir 50% de leur valeur locative s&rsquo;il s&rsquo;agit d&rsquo;immeubles b\u00e2tis, \u00e0 80% de cette valeur s&rsquo;il s&rsquo;agit de terrains non b\u00e2tis et \u00e0 3% du montant des capitaux<\/em> \u00bb, explique le minist\u00e8re du Logement. Le d\u00e9cret d&rsquo;application de cette r\u00e9forme, paru au Journal Officiel du 16 octobre 2016, ajoute que \u00ab <em>lorsque la valeur du patrimoine est sup\u00e9rieure \u00e0 30 000 euros, seul le patrimoine n&rsquo;ayant pas produit, au cours de l&rsquo;ann\u00e9e civile de r\u00e9f\u00e9rence, de revenus retenus pour l&rsquo;\u00e9tablissement de l&rsquo;imp\u00f4t sur le revenu (&#8230;) est pris en compte pour le calcul de l&rsquo;aide<\/em> \u00bb. Le minist\u00e8re du Logement a \u00e9galement indiqu\u00e9 que\u00a0les personnes qui per\u00e7oivent l&rsquo;allocation adulte handicap\u00e9 (AAH) ou qui vivent dans un \u00e9tablissement d&rsquo;h\u00e9bergement pour personnes \u00e2g\u00e9es d\u00e9pendantes (Ehpad) ne sont pas concern\u00e9es par cette r\u00e9forme.<\/p>\n<p>Un argumentaire repris par le Premier ministre Manuel Valls lors de son discours devant le congr\u00e8s HLM tenu \u00e0 Nantes le 27 septembre. Le locataire de Matignon a soulign\u00e9 \u00e0 cette occasion que cette r\u00e9forme vise \u00e0\u00a0\u00ab <em>r\u00e9tablir un \u00e9quilibre entre ceux qui ont un patrimoine et ceux qui n&rsquo;en ont pas<\/em> \u00bb.<\/p>\n<p style=\"background-color: #e5e5e5\"><strong>Pour aller plus loin : <a href=\"https:\/\/www.toutsurmesfinances.com\/immobilier\/les-perdants-de-la-reforme-des-apl.html\" target=\"_blank\" rel=\"noopener noreferrer\">les perdants de la r\u00e9forme des APL<\/a><\/strong><\/p>\n<h2><span class=\"ez-toc-section\" id=\"Revalorisation_limitee_des_APL_au_1er_octobre_2016\"><\/span>Revalorisation limit\u00e9e des APL au 1er octobre 2016<span class=\"ez-toc-section-end\"><\/span><\/h2>\n<p>Outre la r\u00e9forme, le 1<sup>er<\/sup> octobre 2016 a marqu\u00e9 la date de la revalorisation des aides en logement. Celle-ci a \u00e9t\u00e9 calcul\u00e9e sur la base de l&rsquo;\u00e9volution de <a href=\"https:\/\/www.toutsurmesfinances.com\/immobilier\/indice-de-loyer-fonctionnement-et-calcul-de-l-irl.html\" target=\"_blank\" rel=\"noopener noreferrer\"><strong>l&rsquo;indice de r\u00e9f\u00e9rence des loyers (IRL)<\/strong><\/a> du 2<sup>\u00e8me<\/sup> trimestre 2016, \u00e0 savoir 0,06%. Les APL ont ainsi augment\u00e9 tr\u00e8s faiblement.<\/p>\n<h2><span class=\"ez-toc-section\" id=\"En_resume_qui_est_perdant\"><\/span>En r\u00e9sum\u00e9, qui est perdant ?<span class=\"ez-toc-section-end\"><\/span><\/h2>\n<ul>\n<li>les locataires qui paient un loyer \u00e9lev\u00e9<\/li>\n<li>les locataires dont les parents paient l&rsquo;IFI (ex-ISF)<\/li>\n<li>les locataires qui d\u00e9tiennent une r\u00e9sidence secondaire (\u00e0 partir du 1er octobre)<\/li>\n<li>les locataires qui disposent d&rsquo;un patrimoine de plus de 30.000 euros (livrets d&rsquo;\u00e9pargne&#8230; \u00e0 partir du 1er octobre)<\/li>\n<\/ul>\n","protected":false},"excerpt":{"rendered":"<p>Les APL, qui connaissent de nouvelles r\u00e8gles de calcul depuis le 1er janvier 2021, ont \u00e9t\u00e9 revaloris\u00e9es de 0,42% au 1er octobre 2021 puis ont b\u00e9n\u00e9fici\u00e9 d&rsquo;une augmentation de 3,5% au 1er juillet 2022, en avance de 3 mois par rapport au calendrier habituel. Elles avaient d\u00e9j\u00e0 \u00e9t\u00e9 revaloris\u00e9es de 0,3% le 1er octobre 2019 et le 1er octobre 2020. Baisse de 5 euros par mois prononc\u00e9e en 2017, gel de la revalorisation en 2018&#8230; : l&rsquo;aide a aussi subi de nombreux coups de rabot ces derni\u00e8res ann\u00e9es. Retour sur les diff\u00e9rentes \u00e9volution des APL.<\/p>\n","protected":false},"author":13710,"featured_media":17777,"comment_status":"closed","ping_status":"closed","sticky":false,"template":"","format":"standard","meta":{"footnotes":""},"categories":[7],"tags":[],"class_list":["post-14025","post","type-post","status-publish","format-standard","has-post-thumbnail","hentry","category-aides"],"acf":[],"yoast_head":"<!-- This site is optimized with the Yoast SEO plugin v24.9 - https:\/\/yoast.com\/wordpress\/plugins\/seo\/ -->\n<title>Hausse, baisse ou suppression des APL 2023, quand et pour qui ?<\/title>\n<meta name=\"description\" content=\"Apr\u00e8s trois ann\u00e9es de gel, les allocations personnalis\u00e9es au logement ont \u00e9t\u00e9 revaloris\u00e9es de 0,42% en octobre 2021 puis de 3,5% au 1er juillet 2022.\" \/>\n<meta name=\"robots\" content=\"index, follow, max-snippet:-1, max-image-preview:large, max-video-preview:-1\" \/>\n<link rel=\"canonical\" href=\"https:\/\/www.toutsurmesfinances.com\/immobilier\/baisse-ou-suppression-des-apl-en-2016-qui-est-concerne.html\" \/>\n<meta property=\"og:locale\" content=\"fr_FR\" \/>\n<meta property=\"og:type\" content=\"article\" \/>\n<meta property=\"og:title\" content=\"Hausse, baisse ou suppression des APL 2023, quand et pour qui ?\" \/>\n<meta property=\"og:description\" content=\"Apr\u00e8s trois ann\u00e9es de gel, les allocations personnalis\u00e9es au logement ont \u00e9t\u00e9 revaloris\u00e9es de 0,42% en octobre 2021 puis de 3,5% au 1er juillet 2022.\" \/>\n<meta property=\"og:url\" content=\"https:\/\/www.toutsurmesfinances.com\/immobilier\/baisse-ou-suppression-des-apl-en-2016-qui-est-concerne.html\" \/>\n<meta property=\"og:site_name\" content=\"Immobilier\" \/>\n<meta property=\"article:published_time\" content=\"2016-06-30T13:25:55+00:00\" \/>\n<meta property=\"article:modified_time\" content=\"2023-12-21T08:06:20+00:00\" \/>\n<meta property=\"og:image\" content=\"https:\/\/www.toutsurmesfinances.com\/immobilier\/wp-content\/uploads\/sites\/5\/2019\/04\/immeuble-blanc-facade.jpg\" \/>\n\t<meta property=\"og:image:width\" content=\"823\" \/>\n\t<meta property=\"og:image:height\" content=\"463\" \/>\n\t<meta property=\"og:image:type\" content=\"image\/jpeg\" \/>\n<meta name=\"author\" content=\"Thibault Fingonnet\" \/>\n<meta name=\"twitter:card\" content=\"summary_large_image\" \/>\n<meta name=\"twitter:creator\" content=\"@Toutsur\" \/>\n<meta name=\"twitter:site\" content=\"@Toutsur\" \/>\n<meta name=\"twitter:label1\" content=\"\u00c9crit par\" \/>\n\t<meta name=\"twitter:data1\" content=\"Thibault Fingonnet\" \/>\n\t<meta name=\"twitter:label2\" content=\"Dur\u00e9e de lecture estim\u00e9e\" \/>\n\t<meta name=\"twitter:data2\" content=\"14 minutes\" \/>\n<script type=\"application\/ld+json\" class=\"yoast-schema-graph\">{\"@context\":\"https:\/\/schema.org\",\"@graph\":[{\"@type\":\"Article\",\"@id\":\"https:\/\/www.toutsurmesfinances.com\/immobilier\/baisse-ou-suppression-des-apl-en-2016-qui-est-concerne.html#article\",\"isPartOf\":{\"@id\":\"https:\/\/www.toutsurmesfinances.com\/immobilier\/baisse-ou-suppression-des-apl-en-2016-qui-est-concerne.html\"},\"author\":{\"name\":\"Thibault Fingonnet\",\"@id\":\"https:\/\/www.toutsurmesfinances.com\/immobilier\/#\/schema\/person\/86ed62048219a3c310268cf8e534d65e\"},\"headline\":\"Hausse, baisse ou suppression des APL en 2023 : qui est concern\u00e9 ?\",\"dateModified\":\"2023-12-21T08:06:20+00:00\",\"mainEntityOfPage\":{\"@id\":\"https:\/\/www.toutsurmesfinances.com\/immobilier\/baisse-ou-suppression-des-apl-en-2016-qui-est-concerne.html\"},\"wordCount\":2868,\"publisher\":{\"@id\":\"https:\/\/www.toutsurmesfinances.com\/immobilier\/#organization\"},\"image\":{\"@id\":\"https:\/\/www.toutsurmesfinances.com\/immobilier\/baisse-ou-suppression-des-apl-en-2016-qui-est-concerne.html#primaryimage\"},\"thumbnailUrl\":\"https:\/\/www.toutsurmesfinances.com\/immobilier\/wp-content\/uploads\/sites\/5\/2019\/04\/immeuble-blanc-facade.jpg\",\"articleSection\":[\"Aides\"],\"inLanguage\":\"fr-FR\"},{\"@type\":\"WebPage\",\"@id\":\"https:\/\/www.toutsurmesfinances.com\/immobilier\/baisse-ou-suppression-des-apl-en-2016-qui-est-concerne.html\",\"url\":\"https:\/\/www.toutsurmesfinances.com\/immobilier\/baisse-ou-suppression-des-apl-en-2016-qui-est-concerne.html\",\"name\":\"Hausse, baisse ou suppression des APL 2023, quand et pour qui ?\",\"isPartOf\":{\"@id\":\"https:\/\/www.toutsurmesfinances.com\/immobilier\/#website\"},\"primaryImageOfPage\":{\"@id\":\"https:\/\/www.toutsurmesfinances.com\/immobilier\/baisse-ou-suppression-des-apl-en-2016-qui-est-concerne.html#primaryimage\"},\"image\":{\"@id\":\"https:\/\/www.toutsurmesfinances.com\/immobilier\/baisse-ou-suppression-des-apl-en-2016-qui-est-concerne.html#primaryimage\"},\"thumbnailUrl\":\"https:\/\/www.toutsurmesfinances.com\/immobilier\/wp-content\/uploads\/sites\/5\/2019\/04\/immeuble-blanc-facade.jpg\",\"dateModified\":\"2023-12-21T08:06:20+00:00\",\"description\":\"Apr\u00e8s trois ann\u00e9es de gel, les allocations personnalis\u00e9es au logement ont \u00e9t\u00e9 revaloris\u00e9es de 0,42% en octobre 2021 puis de 3,5% au 1er juillet 2022.\",\"breadcrumb\":{\"@id\":\"https:\/\/www.toutsurmesfinances.com\/immobilier\/baisse-ou-suppression-des-apl-en-2016-qui-est-concerne.html#breadcrumb\"},\"inLanguage\":\"fr-FR\",\"potentialAction\":[{\"@type\":\"ReadAction\",\"target\":[\"https:\/\/www.toutsurmesfinances.com\/immobilier\/baisse-ou-suppression-des-apl-en-2016-qui-est-concerne.html\"]}]},{\"@type\":\"ImageObject\",\"inLanguage\":\"fr-FR\",\"@id\":\"https:\/\/www.toutsurmesfinances.com\/immobilier\/baisse-ou-suppression-des-apl-en-2016-qui-est-concerne.html#primaryimage\",\"url\":\"https:\/\/www.toutsurmesfinances.com\/immobilier\/wp-content\/uploads\/sites\/5\/2019\/04\/immeuble-blanc-facade.jpg\",\"contentUrl\":\"https:\/\/www.toutsurmesfinances.com\/immobilier\/wp-content\/uploads\/sites\/5\/2019\/04\/immeuble-blanc-facade.jpg\",\"width\":823,\"height\":463},{\"@type\":\"BreadcrumbList\",\"@id\":\"https:\/\/www.toutsurmesfinances.com\/immobilier\/baisse-ou-suppression-des-apl-en-2016-qui-est-concerne.html#breadcrumb\",\"itemListElement\":[{\"@type\":\"ListItem\",\"position\":1,\"name\":\"Accueil\",\"item\":\"https:\/\/www.toutsurmesfinances.com\/immobilier\/\"},{\"@type\":\"ListItem\",\"position\":2,\"name\":\"Aides\",\"item\":\"https:\/\/www.toutsurmesfinances.com\/immobilier\/c\/aides\"},{\"@type\":\"ListItem\",\"position\":3,\"name\":\"Hausse, baisse ou suppression des APL en 2023 : qui est concern\u00e9 ?\"}]},{\"@type\":\"WebSite\",\"@id\":\"https:\/\/www.toutsurmesfinances.com\/immobilier\/#website\",\"url\":\"https:\/\/www.toutsurmesfinances.com\/immobilier\/\",\"name\":\"Immobilier\",\"description\":\"\",\"publisher\":{\"@id\":\"https:\/\/www.toutsurmesfinances.com\/immobilier\/#organization\"},\"potentialAction\":[{\"@type\":\"SearchAction\",\"target\":{\"@type\":\"EntryPoint\",\"urlTemplate\":\"https:\/\/www.toutsurmesfinances.com\/immobilier\/?s={search_term_string}\"},\"query-input\":{\"@type\":\"PropertyValueSpecification\",\"valueRequired\":true,\"valueName\":\"search_term_string\"}}],\"inLanguage\":\"fr-FR\"},{\"@type\":\"Organization\",\"@id\":\"https:\/\/www.toutsurmesfinances.com\/immobilier\/#organization\",\"name\":\"Tout Sur Mes Finances\",\"url\":\"https:\/\/www.toutsurmesfinances.com\/immobilier\/\",\"logo\":{\"@type\":\"ImageObject\",\"inLanguage\":\"fr-FR\",\"@id\":\"https:\/\/www.toutsurmesfinances.com\/immobilier\/#\/schema\/logo\/image\/\",\"url\":\"https:\/\/www.toutsurmesfinances.com\/immobilier\/wp-content\/uploads\/sites\/5\/2021\/01\/favicon.png\",\"contentUrl\":\"https:\/\/www.toutsurmesfinances.com\/immobilier\/wp-content\/uploads\/sites\/5\/2021\/01\/favicon.png\",\"width\":512,\"height\":512,\"caption\":\"Tout Sur Mes Finances\"},\"image\":{\"@id\":\"https:\/\/www.toutsurmesfinances.com\/immobilier\/#\/schema\/logo\/image\/\"},\"sameAs\":[\"https:\/\/x.com\/Toutsur\"]},{\"@type\":\"Person\",\"@id\":\"https:\/\/www.toutsurmesfinances.com\/immobilier\/#\/schema\/person\/86ed62048219a3c310268cf8e534d65e\",\"name\":\"Thibault Fingonnet\",\"image\":{\"@type\":\"ImageObject\",\"inLanguage\":\"fr-FR\",\"@id\":\"https:\/\/www.toutsurmesfinances.com\/immobilier\/#\/schema\/person\/image\/\",\"url\":\"https:\/\/secure.gravatar.com\/avatar\/07dc3aa2788dfbdc4f0f9bc0f6cd7593?s=96&d=mm&r=g\",\"contentUrl\":\"https:\/\/secure.gravatar.com\/avatar\/07dc3aa2788dfbdc4f0f9bc0f6cd7593?s=96&d=mm&r=g\",\"caption\":\"Thibault Fingonnet\"},\"description\":\"Thibault Fingonnet est journaliste sp\u00e9cialis\u00e9 en finances personnelles et en immobilier. Il a collabor\u00e9 avec ToutSurMesFinances de 2012 \u00e0 2017, notamment en tant que responsable \u00e9ditorial du p\u00f4le immobilier.\",\"sameAs\":[\"https:\/\/www.toutsurmesfinances.com\/author\/thibaultfingonnet\",\"https:\/\/www.linkedin.com\/in\/thibault-fingonnet-1a25a431\/\"]}]}<\/script>\n<!-- \/ Yoast SEO plugin. -->","yoast_head_json":{"title":"Hausse, baisse ou suppression des APL 2023, quand et pour qui ?","description":"Apr\u00e8s trois ann\u00e9es de gel, les allocations personnalis\u00e9es au logement ont \u00e9t\u00e9 revaloris\u00e9es de 0,42% en octobre 2021 puis de 3,5% au 1er juillet 2022.","robots":{"index":"index","follow":"follow","max-snippet":"max-snippet:-1","max-image-preview":"max-image-preview:large","max-video-preview":"max-video-preview:-1"},"canonical":"https:\/\/www.toutsurmesfinances.com\/immobilier\/baisse-ou-suppression-des-apl-en-2016-qui-est-concerne.html","og_locale":"fr_FR","og_type":"article","og_title":"Hausse, baisse ou suppression des APL 2023, quand et pour qui ?","og_description":"Apr\u00e8s trois ann\u00e9es de gel, les allocations personnalis\u00e9es au logement ont \u00e9t\u00e9 revaloris\u00e9es de 0,42% en octobre 2021 puis de 3,5% au 1er juillet 2022.","og_url":"https:\/\/www.toutsurmesfinances.com\/immobilier\/baisse-ou-suppression-des-apl-en-2016-qui-est-concerne.html","og_site_name":"Immobilier","article_published_time":"2016-06-30T13:25:55+00:00","article_modified_time":"2023-12-21T08:06:20+00:00","og_image":[{"width":823,"height":463,"url":"https:\/\/www.toutsurmesfinances.com\/immobilier\/wp-content\/uploads\/sites\/5\/2019\/04\/immeuble-blanc-facade.jpg","type":"image\/jpeg"}],"author":"Thibault Fingonnet","twitter_card":"summary_large_image","twitter_creator":"@Toutsur","twitter_site":"@Toutsur","twitter_misc":{"\u00c9crit par":"Thibault Fingonnet","Dur\u00e9e de lecture estim\u00e9e":"14 minutes"},"schema":{"@context":"https:\/\/schema.org","@graph":[{"@type":"Article","@id":"https:\/\/www.toutsurmesfinances.com\/immobilier\/baisse-ou-suppression-des-apl-en-2016-qui-est-concerne.html#article","isPartOf":{"@id":"https:\/\/www.toutsurmesfinances.com\/immobilier\/baisse-ou-suppression-des-apl-en-2016-qui-est-concerne.html"},"author":{"name":"Thibault Fingonnet","@id":"https:\/\/www.toutsurmesfinances.com\/immobilier\/#\/schema\/person\/86ed62048219a3c310268cf8e534d65e"},"headline":"Hausse, baisse ou suppression des APL en 2023 : qui est concern\u00e9 ?","dateModified":"2023-12-21T08:06:20+00:00","mainEntityOfPage":{"@id":"https:\/\/www.toutsurmesfinances.com\/immobilier\/baisse-ou-suppression-des-apl-en-2016-qui-est-concerne.html"},"wordCount":2868,"publisher":{"@id":"https:\/\/www.toutsurmesfinances.com\/immobilier\/#organization"},"image":{"@id":"https:\/\/www.toutsurmesfinances.com\/immobilier\/baisse-ou-suppression-des-apl-en-2016-qui-est-concerne.html#primaryimage"},"thumbnailUrl":"https:\/\/www.toutsurmesfinances.com\/immobilier\/wp-content\/uploads\/sites\/5\/2019\/04\/immeuble-blanc-facade.jpg","articleSection":["Aides"],"inLanguage":"fr-FR"},{"@type":"WebPage","@id":"https:\/\/www.toutsurmesfinances.com\/immobilier\/baisse-ou-suppression-des-apl-en-2016-qui-est-concerne.html","url":"https:\/\/www.toutsurmesfinances.com\/immobilier\/baisse-ou-suppression-des-apl-en-2016-qui-est-concerne.html","name":"Hausse, baisse ou suppression des APL 2023, quand et pour qui ?","isPartOf":{"@id":"https:\/\/www.toutsurmesfinances.com\/immobilier\/#website"},"primaryImageOfPage":{"@id":"https:\/\/www.toutsurmesfinances.com\/immobilier\/baisse-ou-suppression-des-apl-en-2016-qui-est-concerne.html#primaryimage"},"image":{"@id":"https:\/\/www.toutsurmesfinances.com\/immobilier\/baisse-ou-suppression-des-apl-en-2016-qui-est-concerne.html#primaryimage"},"thumbnailUrl":"https:\/\/www.toutsurmesfinances.com\/immobilier\/wp-content\/uploads\/sites\/5\/2019\/04\/immeuble-blanc-facade.jpg","dateModified":"2023-12-21T08:06:20+00:00","description":"Apr\u00e8s trois ann\u00e9es de gel, les allocations personnalis\u00e9es au logement ont \u00e9t\u00e9 revaloris\u00e9es de 0,42% en octobre 2021 puis de 3,5% au 1er juillet 2022.","breadcrumb":{"@id":"https:\/\/www.toutsurmesfinances.com\/immobilier\/baisse-ou-suppression-des-apl-en-2016-qui-est-concerne.html#breadcrumb"},"inLanguage":"fr-FR","potentialAction":[{"@type":"ReadAction","target":["https:\/\/www.toutsurmesfinances.com\/immobilier\/baisse-ou-suppression-des-apl-en-2016-qui-est-concerne.html"]}]},{"@type":"ImageObject","inLanguage":"fr-FR","@id":"https:\/\/www.toutsurmesfinances.com\/immobilier\/baisse-ou-suppression-des-apl-en-2016-qui-est-concerne.html#primaryimage","url":"https:\/\/www.toutsurmesfinances.com\/immobilier\/wp-content\/uploads\/sites\/5\/2019\/04\/immeuble-blanc-facade.jpg","contentUrl":"https:\/\/www.toutsurmesfinances.com\/immobilier\/wp-content\/uploads\/sites\/5\/2019\/04\/immeuble-blanc-facade.jpg","width":823,"height":463},{"@type":"BreadcrumbList","@id":"https:\/\/www.toutsurmesfinances.com\/immobilier\/baisse-ou-suppression-des-apl-en-2016-qui-est-concerne.html#breadcrumb","itemListElement":[{"@type":"ListItem","position":1,"name":"Accueil","item":"https:\/\/www.toutsurmesfinances.com\/immobilier\/"},{"@type":"ListItem","position":2,"name":"Aides","item":"https:\/\/www.toutsurmesfinances.com\/immobilier\/c\/aides"},{"@type":"ListItem","position":3,"name":"Hausse, baisse ou suppression des APL en 2023 : qui est concern\u00e9 ?"}]},{"@type":"WebSite","@id":"https:\/\/www.toutsurmesfinances.com\/immobilier\/#website","url":"https:\/\/www.toutsurmesfinances.com\/immobilier\/","name":"Immobilier","description":"","publisher":{"@id":"https:\/\/www.toutsurmesfinances.com\/immobilier\/#organization"},"potentialAction":[{"@type":"SearchAction","target":{"@type":"EntryPoint","urlTemplate":"https:\/\/www.toutsurmesfinances.com\/immobilier\/?s={search_term_string}"},"query-input":{"@type":"PropertyValueSpecification","valueRequired":true,"valueName":"search_term_string"}}],"inLanguage":"fr-FR"},{"@type":"Organization","@id":"https:\/\/www.toutsurmesfinances.com\/immobilier\/#organization","name":"Tout Sur Mes Finances","url":"https:\/\/www.toutsurmesfinances.com\/immobilier\/","logo":{"@type":"ImageObject","inLanguage":"fr-FR","@id":"https:\/\/www.toutsurmesfinances.com\/immobilier\/#\/schema\/logo\/image\/","url":"https:\/\/www.toutsurmesfinances.com\/immobilier\/wp-content\/uploads\/sites\/5\/2021\/01\/favicon.png","contentUrl":"https:\/\/www.toutsurmesfinances.com\/immobilier\/wp-content\/uploads\/sites\/5\/2021\/01\/favicon.png","width":512,"height":512,"caption":"Tout Sur Mes Finances"},"image":{"@id":"https:\/\/www.toutsurmesfinances.com\/immobilier\/#\/schema\/logo\/image\/"},"sameAs":["https:\/\/x.com\/Toutsur"]},{"@type":"Person","@id":"https:\/\/www.toutsurmesfinances.com\/immobilier\/#\/schema\/person\/86ed62048219a3c310268cf8e534d65e","name":"Thibault Fingonnet","image":{"@type":"ImageObject","inLanguage":"fr-FR","@id":"https:\/\/www.toutsurmesfinances.com\/immobilier\/#\/schema\/person\/image\/","url":"https:\/\/secure.gravatar.com\/avatar\/07dc3aa2788dfbdc4f0f9bc0f6cd7593?s=96&d=mm&r=g","contentUrl":"https:\/\/secure.gravatar.com\/avatar\/07dc3aa2788dfbdc4f0f9bc0f6cd7593?s=96&d=mm&r=g","caption":"Thibault Fingonnet"},"description":"Thibault Fingonnet est journaliste sp\u00e9cialis\u00e9 en finances personnelles et en immobilier. Il a collabor\u00e9 avec ToutSurMesFinances de 2012 \u00e0 2017, notamment en tant que responsable \u00e9ditorial du p\u00f4le immobilier.","sameAs":["https:\/\/www.toutsurmesfinances.com\/author\/thibaultfingonnet","https:\/\/www.linkedin.com\/in\/thibault-fingonnet-1a25a431\/"]}]}},"_links":{"self":[{"href":"https:\/\/www.toutsurmesfinances.com\/immobilier\/wp-json\/wp\/v2\/posts\/14025","targetHints":{"allow":["GET"]}}],"collection":[{"href":"https:\/\/www.toutsurmesfinances.com\/immobilier\/wp-json\/wp\/v2\/posts"}],"about":[{"href":"https:\/\/www.toutsurmesfinances.com\/immobilier\/wp-json\/wp\/v2\/types\/post"}],"author":[{"embeddable":true,"href":"https:\/\/www.toutsurmesfinances.com\/immobilier\/wp-json\/wp\/v2\/users\/13710"}],"replies":[{"embeddable":true,"href":"https:\/\/www.toutsurmesfinances.com\/immobilier\/wp-json\/wp\/v2\/comments?post=14025"}],"version-history":[{"count":5,"href":"https:\/\/www.toutsurmesfinances.com\/immobilier\/wp-json\/wp\/v2\/posts\/14025\/revisions"}],"predecessor-version":[{"id":22265,"href":"https:\/\/www.toutsurmesfinances.com\/immobilier\/wp-json\/wp\/v2\/posts\/14025\/revisions\/22265"}],"wp:featuredmedia":[{"embeddable":true,"href":"https:\/\/www.toutsurmesfinances.com\/immobilier\/wp-json\/wp\/v2\/media\/17777"}],"wp:attachment":[{"href":"https:\/\/www.toutsurmesfinances.com\/immobilier\/wp-json\/wp\/v2\/media?parent=14025"}],"wp:term":[{"taxonomy":"category","embeddable":true,"href":"https:\/\/www.toutsurmesfinances.com\/immobilier\/wp-json\/wp\/v2\/categories?post=14025"},{"taxonomy":"post_tag","embeddable":true,"href":"https:\/\/www.toutsurmesfinances.com\/immobilier\/wp-json\/wp\/v2\/tags?post=14025"}],"curies":[{"name":"wp","href":"https:\/\/api.w.org\/{rel}","templated":true}]}}