{"id":18389,"date":"2019-12-10T11:08:11","date_gmt":"2019-12-10T10:08:11","guid":{"rendered":"https:\/\/www.toutsurmesfinances.com\/immobilier\/?p=18389"},"modified":"2020-01-20T17:53:45","modified_gmt":"2020-01-20T16:53:45","slug":"bail-reel-solidaire-a-paris","status":"publish","type":"post","link":"https:\/\/www.toutsurmesfinances.com\/immobilier\/bail-reel-solidaire-a-paris.html","title":{"rendered":"Bail r\u00e9el solidaire : appartement pas cher \u00e0 Paris pour les classes moyennes"},"content":{"rendered":"<h2><span class=\"ez-toc-section\" id=\"Logement_a_5000_euros_le_metre_carre_a_Paris_comment_ca_marche\"><\/span>Logement \u00e0 5.000 euros le m\u00e8tre carr\u00e9 \u00e0 Paris\u00a0: comment \u00e7a marche<span class=\"ez-toc-section-end\"><\/span><\/h2>\n<h3><span class=\"ez-toc-section\" id=\"Permettre_aux_classes_moyennes_lachat_dun_logement_a_Paris\"><\/span>Permettre aux classes moyennes l\u2019achat d\u2019un logement \u00e0 Paris<span class=\"ez-toc-section-end\"><\/span><\/h3>\n<p>Anne Hidalgo, maire de Paris depuis 2014, et son adjoint au Logement Ian Brossat, ont d\u00e9cid\u00e9 de lancer une offre de logements neufs \u00e0 5.000 euros le m\u00e8tre carr\u00e9 \u00e0 Paris en utilisant un nouveau dispositif permettant de dissocier la propri\u00e9t\u00e9 des murs et du terrain\u00a0: le bail r\u00e9el solidaire (BRS) consenti par un organisme de foncier solidaire (OFS), la Fonci\u00e8re de la Ville de Paris.<\/p>\n<p>Ian Brossat a pr\u00e9sent\u00e9 les principales modalit\u00e9s du dispositif dans une interview publi\u00e9e le 24 novembre 2019 dans le JDD, ainsi que sur son compte Twitter. Son objectif est de <em>\u00ab\u00a0vendre des logements 2 fois moins cher que le prix de march\u00e9\u00a0\u00bb<\/em>, soit autour de 5.000 euros le m\u00e8tre carr\u00e9, et de favoriser la sortie d\u2019une partie de la population de son logement social.<\/p>\n<p>On observera cependant que l\u2019\u00e9lu compare des chiffres non comparables, l\u2019offre \u00e9labor\u00e9e \u00e9tant constitu\u00e9e de logements neufs, alors que sa r\u00e9f\u00e9rence \u00e0 10.000 euros correspond aux prix moyens de l\u2019immobilier ancien \u00e0 Paris (il y a trop peu d\u2019appartements neufs mis en vente \u00e0 Paris pour disposer d\u2019une valeur de march\u00e9 comparable repr\u00e9sentative).<\/p>\n<p>L\u2019acqu\u00e9reur ne sera ainsi pas propri\u00e9taire du sol et des murs comme dans le cadre d\u2019un achat immobilier classique, mais uniquement des murs au travers d\u2019un droit au logement issu du bail r\u00e9el solidaire. Le droit acquis constitue un droit de jouissance du logement proche de la pleine propri\u00e9t\u00e9 (on parle de \u00ab\u00a0droits r\u00e9els\u00a0\u00bb), que l\u2019on peut revendre ou transmettre par succession, o\u00f9 l\u2019on peut effectuer des travaux de r\u00e9novation.<\/p>\n<h3><span class=\"ez-toc-section\" id=\"Bail_reel_solidaire_BRS_a_Paris_dissociation_du_foncier_et_du_bati\"><\/span>Bail r\u00e9el solidaire (BRS) \u00e0 Paris\u00a0: dissociation du foncier et du b\u00e2ti<span class=\"ez-toc-section-end\"><\/span><\/h3>\n<p>L\u2019ex\u00e9cutif parisien a choisi la dissociation du foncier et du b\u00e2ti pour offrir la possibilit\u00e9 aux classes moyennes vivant ou travaillant \u00e0 Paris d\u2019acc\u00e9der \u00e0 la propri\u00e9t\u00e9 \u00e0 prix d\u00e9cot\u00e9 (prix de vente plafonn\u00e9 \u00e0 5.015 euros TTC le m\u00e8tre carr\u00e9).<\/p>\n<p>Le lancement d\u2019une offre de logements abordables \u00e0 destination des familles des classes moyennes s\u2019inscrit dans le cadre du dispositif du bail r\u00e9el solidaire (BRS), entr\u00e9 en vigueur au mois de mai 2017.<\/p>\n<p>Pour ce faire, la Ville de Paris a cr\u00e9\u00e9 un organisme de foncier solidaire parisien, la Fonci\u00e8re de la Ville de Paris, en association avec les organismes HLM Paris Habitat OPH, la RIVP et Elogie-SIEMP.<\/p>\n<p>La Fonci\u00e8re de la Ville de Paris, qui doit d\u00e9marrer son activit\u00e9 d\u00e9but 2020 apr\u00e8s obtention de son agr\u00e9ment par l\u2019\u00c9tat, a vocation a \u00e0 acqu\u00e9rir des terrains pour y construire des logements ou des fonciers d\u00e9j\u00e0 b\u00e2tis.<\/p>\n<p>Ensuite, les programmes immobiliers seront revendus sous la forme de droits r\u00e9els qu\u2019un particulier peut acheter \u00e0 cr\u00e9dit ou comptant. Ce dispositif permet d\u2019acheter un droit au logement voisin de la pleine propri\u00e9t\u00e9 classique, \u00e0 un prix tr\u00e8s largement inf\u00e9rieur au prix de la pleine propri\u00e9t\u00e9, puisque le terrain n\u2019est pas compris dans son prix d\u2019achat.<\/p>\n<p>Dans le cadre du bail r\u00e9el solidaire, plusieurs limites sont impos\u00e9es \u00e0 l\u2019acqu\u00e9reur en contrepartie de la d\u00e9cote qu\u2019il obtient sur le prix d\u2019achat\u00a0par rapport au march\u00e9 :<\/p>\n<ul>\n<li>acquisition sur dossier sous conditions de ressources<\/li>\n<li>dur\u00e9e du bail de 99 ans maximum<\/li>\n<li>paiement d\u2019une redevance \u00e0 la Fonci\u00e8re de la Ville de Paris de 2 euros par m\u00e8tre carr\u00e9 et par mois<\/li>\n<li>obligation de r\u00e9sidence principale<\/li>\n<li>revente \u00e0 un acqu\u00e9reur \u00e9ligible (conditions de ressources \u00e0 respecter) \u00e0 prix r\u00e9glement\u00e9 (ind\u00e9pendamment des prix du march\u00e9 libre).<\/li>\n<\/ul>\n<p>L\u2019acquisition par un propri\u00e9taire bailleur en vue d\u2019une mise en location est impossible dans ce cadre.<\/p>\n<p>Ian Brosset veut proscrire tout <em>\u00ab\u00a0risque d&rsquo;enrichissement personnel au d\u00e9triment de la collectivit\u00e9\u00a0\u00bb<\/em>.<\/p>\n<p>C\u2019est dans cette optique qu\u2019un m\u00e9canisme sera mis en place pour interdire <em>\u00ab\u00a0toute possibilit\u00e9 de sp\u00e9culation\u00a0\u00bb<\/em> afin de conserver la vocation sociale des appartements. Il est question de plafonner le prix \u00e0 la revente via un m\u00e9canisme d\u2019indexation de la valeur des droits au logement administr\u00e9 par la Fonci\u00e8re de la Ville de Paris, <em>a priori<\/em> en fonction de l\u2019inflation, de fa\u00e7on \u00e0 d\u00e9corr\u00e9ler sa revalorisation de la hausse des prix de l\u2019immobilier ancien.<\/p>\n<h2><span class=\"ez-toc-section\" id=\"Achat_de_logement_a_Paris_avec_une_TVA_a_taux_reduit\"><\/span>Achat de logement \u00e0 Paris avec une TVA \u00e0 taux r\u00e9duit<span class=\"ez-toc-section-end\"><\/span><\/h2>\n<p>Dans le cadre du bail r\u00e9el solidaire, l\u2019acheteur d\u2019un logement neuf b\u00e9n\u00e9ficie d\u2019un taux de TVA r\u00e9duit \u00e0 5,5%, contre 20% pour un logement neuf classique. Cela permet de contribuer \u00e0 la baisse sur le prix de vente en compl\u00e9ment du dispositif BRS lui-m\u00eame.<\/p>\n<p>L\u2019application d\u2019un taux de TVA r\u00e9duit sur la vente des droits r\u00e9els immobiliers attach\u00e9s au logement par la Fonci\u00e8re de la Ville de Paris aux acheteurs, est pr\u00e9vue \u00e0 l\u2019article 278 sexies du CGI (Code g\u00e9n\u00e9ral des imp\u00f4ts).<\/p>\n<p>Le logement ayant b\u00e9n\u00e9fici\u00e9 de ce taux r\u00e9duit de TVA doit \u00eatre affect\u00e9 \u00e0 la r\u00e9sidence principale de l\u2019occupant, comme le pr\u00e9voit le CGI, et \u00ab\u00a0pendant toute la dur\u00e9e du contrat\u00a0\u00bb, comme le pr\u00e9cise l\u2019administration au BOFiP (r\u00e9f\u00e9rence\u00a0: BOI-TVA-IMM-20-20-50 \u00a7).<\/p>\n<h2><span class=\"ez-toc-section\" id=\"Appartement_a_5000_euros_le_metre_carre_a_Paris_pour_qui\"><\/span>Appartement \u00e0 5.000 euros le m\u00e8tre carr\u00e9 \u00e0 Paris, pour qui\u00a0?<span class=\"ez-toc-section-end\"><\/span><\/h2>\n<p>Ian Brossat a annonc\u00e9 que les appartements commercialis\u00e9s dans le cadre du bail r\u00e9el solidaire seront destin\u00e9s aux <em>\u00ab\u00a0classes moyennes qui n&rsquo;ont pas les moyens de devenir propri\u00e9taires \u00e0 Paris\u00a0\u00bb<\/em>. Les candidats \u00e0 l\u2019acquisition en BRS \u00e0 Paris devront respecter des plafonds de ressources (voir partie suivante).<\/p>\n<p>L\u2019\u00e9lu communiste a pr\u00e9cis\u00e9 que les logements mis en vente seront des <em>\u00ab\u00a0logements familiaux, de trois ou quatre pi\u00e8ces\u00a0\u00bb<\/em>.<\/p>\n<p>Les logements seront attribu\u00e9s par une commission de s\u00e9lection cr\u00e9\u00e9e sp\u00e9cialement. Ian Brossat s\u2019est engag\u00e9 \u00e0 ce que la proc\u00e9dure d\u2019attribution soit transparente et les dossiers anonymes.<\/p>\n<p>Quatre crit\u00e8res d\u2019attribution seront pris en compte, d\u2019apr\u00e8s ses annonces\u00a0:<\/p>\n<ol>\n<li>revenus \u00e0 ne pas d\u00e9passer<\/li>\n<li>composition de la famille (au moins un ou deux enfants dans le foyer)<\/li>\n<li>lien avec Paris\u00a0: vivre \u00e0 Paris ou y travailler sans y r\u00e9sider<\/li>\n<li>le fait de sortir d\u2019un logement social pour acc\u00e9der \u00e0 la propri\u00e9t\u00e9 (un quart des logements r\u00e9serv\u00e9s aux locataires d\u2019un logement social)<\/li>\n<\/ol>\n<h2><span class=\"ez-toc-section\" id=\"Plafond_de_revenus_pour_beneficier_du_bail_reel_solidaire_a_Paris\"><\/span>Plafond de revenus pour b\u00e9n\u00e9ficier du bail r\u00e9el solidaire \u00e0 Paris<span class=\"ez-toc-section-end\"><\/span><\/h2>\n<p>Pour esp\u00e9rer b\u00e9n\u00e9ficier d\u2019un BRS, un m\u00e9nage ne doit pas d\u00e9passer un plafond de ressources au moment de la signature du contrat de r\u00e9servation.<\/p>\n<p>La limite de revenus \u00e0 ne pas d\u00e9passer, qui correspond au bar\u00e8me du <a href=\"https:\/\/www.toutsurmesfinances.com\/argent\/a\/psla-2017-definition-plafonds-avantages-inconvenients-revente\">PSLA<\/a> (Pr\u00eat social location accession, un dispositif d\u2019accession \u00e0 la propri\u00e9t\u00e9 pour les locataires d\u2019un logement social), est la suivante\u00a0pour une r\u00e9servation en 2020 :<\/p>\n<div id=\"tablepress-44-scroll-wrapper\" class=\"tablepress-scroll-wrapper\">\n\n<table id=\"tablepress-44\" class=\"tablepress tablepress-id-44 tablepress-responsive\">\n<thead>\n<tr class=\"row-1 odd\">\n\t<th colspan=\"3\" class=\"column-1\"><strong>Revenu fiscal 2017 pour une r\u00e9servation en 2019 <\/strong><\/th>\n<\/tr>\n<\/thead>\n<tbody class=\"row-hover\">\n<tr class=\"row-2 even\">\n\t<td class=\"column-1\"><strong>Nombre de personnes dans le foyer<\/strong><\/td><td class=\"column-2\">Revenu annuel maximum<\/td><td class=\"column-3\">Revenu mensuel maximum<\/td>\n<\/tr>\n<tr class=\"row-3 odd\">\n\t<td class=\"column-1\"><strong>1<\/strong><\/td><td class=\"column-2\">32 637 \u20ac<\/td><td class=\"column-3\">2 719 \u20ac<\/td>\n<\/tr>\n<tr class=\"row-4 even\">\n\t<td class=\"column-1\">2<\/td><td class=\"column-2\">45 691 \u20ac<\/td><td class=\"column-3\">3 807 \u20ac<\/td>\n<\/tr>\n<tr class=\"row-5 odd\">\n\t<td class=\"column-1\">3<\/td><td class=\"column-2\">52 219 \u20ac<\/td><td class=\"column-3\">4 351 \u20ac<\/td>\n<\/tr>\n<tr class=\"row-6 even\">\n\t<td class=\"column-1\">4<\/td><td class=\"column-2\">59 400 \u20ac<\/td><td class=\"column-3\">4 950 \u20ac<\/td>\n<\/tr>\n<tr class=\"row-7 odd\">\n\t<td class=\"column-1\">5 et plus<\/td><td class=\"column-2\">67 756 \u20ac<\/td><td class=\"column-3\">5 646 \u20ac<\/td>\n<\/tr>\n<tr class=\"row-8 even\">\n\t<td colspan=\"3\" class=\"column-1\"><em>Source : HLM.coop, calculs ToutSurMesFinances.com<\/em><\/td>\n<\/tr>\n<\/tbody>\n<\/table>\n\n<\/div>\n<p>Pour rappel, les bar\u00e8mes pour une r\u00e9servation en 2019 :<\/p>\n<div id=\"tablepress-35-scroll-wrapper\" class=\"tablepress-scroll-wrapper\">\n\n<table id=\"tablepress-35\" class=\"tablepress tablepress-id-35 tablepress-responsive\">\n<thead>\n<tr class=\"row-1 odd\">\n\t<th colspan=\"3\" class=\"column-1\"><strong>Revenu fiscal 2017 pour une r\u00e9servation en 2019 <\/strong><\/th>\n<\/tr>\n<\/thead>\n<tbody class=\"row-hover\">\n<tr class=\"row-2 even\">\n\t<td class=\"column-1\"><strong>Nombre de personnes dans le foyer<\/strong><\/td><td class=\"column-2\">Revenu annuel maximum<\/td><td class=\"column-3\">Revenu mensuel maximum<\/td>\n<\/tr>\n<tr class=\"row-3 odd\">\n\t<td class=\"column-1\"><strong>1<\/strong><\/td><td class=\"column-2\">32 442 \u20ac<\/td><td class=\"column-3\">2 704 \u20ac<\/td>\n<\/tr>\n<tr class=\"row-4 even\">\n\t<td class=\"column-1\">2<\/td><td class=\"column-2\">45 418 \u20ac<\/td><td class=\"column-3\">3 785 \u20ac<\/td>\n<\/tr>\n<tr class=\"row-5 odd\">\n\t<td class=\"column-1\">3<\/td><td class=\"column-2\">51 908 \u20ac<\/td><td class=\"column-3\">4 326 \u20ac<\/td>\n<\/tr>\n<tr class=\"row-6 even\">\n\t<td class=\"column-1\">4<\/td><td class=\"column-2\">59 046 \u20ac<\/td><td class=\"column-3\">4 921 \u20ac<\/td>\n<\/tr>\n<tr class=\"row-7 odd\">\n\t<td class=\"column-1\">5 et plus<\/td><td class=\"column-2\">67 352 \u20ac<\/td><td class=\"column-3\">5 613 \u20ac<\/td>\n<\/tr>\n<tr class=\"row-8 even\">\n\t<td colspan=\"3\" class=\"column-1\"><em>Source : HLM.coop, calculs ToutSurMesFinances.com<\/em><\/td>\n<\/tr>\n<\/tbody>\n<\/table>\n\n<\/div>\n<p>Les plafonds varient selon le nombre de personnes vivant dans le foyer. Les revenus pris en compte sont le <a href=\"https:\/\/www.toutsurmesfinances.com\/impots\/revenu-fiscal-de-reference-a-quoi-ca-sert.html\">revenu fiscal de r\u00e9f\u00e9rence (RFR)<\/a> de l\u2019ann\u00e9e n-2, soit\u00a0:<\/p>\n<ul>\n<li>revenus 2017 pour une acquisition en 2019 (avis d\u2019imposition 2018)<\/li>\n<li>revenus 2018 pour une acquisition en 2020 (avis d\u2019imposition 2019)<\/li>\n<li>revenus 2019 pour une acquisition en 2021 (avis d\u2019imposition 2020)<\/li>\n<\/ul>\n<p>Les plafonds de ressources sont r\u00e9vis\u00e9s le 1er janvier de chaque ann\u00e9e, en fonction de l&rsquo;\u00e9volution de l&rsquo;indice des prix \u00e0 la consommation hors tabac sur un an du 1er octobre de l&rsquo;avant-derni\u00e8re ann\u00e9e au 1er octobre de l&rsquo;ann\u00e9e qui pr\u00e9c\u00e8de, soit du 1er octobre 2018 au 1er octobre 2019 pour le bar\u00e8me qui entrera en vigueur en 2020 (+0,77% selon nos calculs).<\/p>\n<h2><span class=\"ez-toc-section\" id=\"Prix_dachat_des_appartements_en_BRS_a_Paris\"><\/span>Prix d\u2019achat des appartements en BRS \u00e0 Paris<span class=\"ez-toc-section-end\"><\/span><\/h2>\n<p>Le prix d\u2019achat des logements commercialis\u00e9s dans le cadre du bail r\u00e9el solidaire \u00e0 Paris seront commercialis\u00e9s au prix maximum de :<\/p>\n<ul>\n<li>4.886 euros hors taxes par m\u00e8tre carr\u00e9 (m\u00b2), soit 5.155 euros TTC \/ m\u00b2, sur la base du bar\u00e8me r\u00e9glementaire en vigueur en 2020<\/li>\n<li>4.754 euros HT \/ m\u00b2, soit 5.015 euros TTC \/ m\u00b2 en 2019<\/li>\n<\/ul>\n<p>Il s\u2019agit d\u2019un prix maximum mais celui-ci pourra varier d\u2019un bien \u00e0 l\u2019autre et d\u2019un programme \u00e0 l\u2019autre en fonction de la localisation, de la surface notamment.<\/p>\n<p>Il faudra attendre le lancement des premiers programmes pour conna\u00eetre le prix de vente des appartements dans le cadre du bail r\u00e9el solidaire \u00e0 Paris.<\/p>\n<h2><span class=\"ez-toc-section\" id=\"Paris_13_14_18_et_20_ou_seront_situes_les_programmes_immobiliers\"><\/span>Paris 13, 14, 18, et 20\u00a0: o\u00f9 seront situ\u00e9s les programmes immobiliers\u00a0?<span class=\"ez-toc-section-end\"><\/span><\/h2>\n<p>Les premiers programmes, repr\u00e9sentant 1.000 logements au total (au lieu de 500 initialement), seront situ\u00e9s dans les secteurs suivants\u00a0:<\/p>\n<ul>\n<li>ZAC B\u00e9dier-Oudin\u00e9 (75013, secteur Porte d\u2019Ivry)<\/li>\n<li>ZAC Saint-Vincent-de-Paul (75014, site de l\u2019ancien h\u00f4pital)<\/li>\n<li>\u00celot Croisset (75018, secteur porte de Clignancourt)<\/li>\n<li>ZAC Gare des Mines (75018, entre Porte de la Chapelle et Porte d&rsquo;Aubervilliers)<\/li>\n<li>ZAC Python-Duvernois (75020, entre Porte de Bagnolet et Porte de Vincennes)<\/li>\n<\/ul>\n<p>Quatre autres sites sont par ailleurs \u00e0 l&rsquo;\u00e9tude en vue de mettre en vente plusieurs dizaines de logements suppl\u00e9mentaires.<\/p>\n","protected":false},"excerpt":{"rendered":"<p>La Ville de Paris veut proposer des appartements \u00e0 la vente \u00e0 Paris \u00e0 moiti\u00e9 prix gr\u00e2ce \u00e0 la dissociation entre le foncier et le b\u00e2ti dans le cadre du dispositif du bail r\u00e9el solidaire. Objectifs affich\u00e9s : favoriser la sortie de la classe moyenne du logement social et limiter la hausse des prix dans la dur\u00e9e. <\/p>\n","protected":false},"author":13709,"featured_media":18390,"comment_status":"closed","ping_status":"closed","sticky":false,"template":"","format":"standard","meta":{"footnotes":""},"categories":[14],"tags":[],"class_list":["post-18389","post","type-post","status-publish","format-standard","has-post-thumbnail","hentry","category-reglementation"],"acf":[],"yoast_head":"<!-- This site is optimized with the Yoast SEO plugin v24.9 - https:\/\/yoast.com\/wordpress\/plugins\/seo\/ -->\n<title>Conditions pour acheter un appartement \u00e0 5000 \u20ac\/m\u00b2 \u00e0 Paris<\/title>\n<meta name=\"description\" content=\"La Ville de Paris veut proposer des appartements \u00e0 la vente \u00e0 Paris \u00e0 moiti\u00e9 prix gr\u00e2ce \u00e0 la dissociation entre le foncier et le b\u00e2ti dans le cadre du dispositif du bail r\u00e9el solidaire. Objectifs affich\u00e9s : favoriser la sortie de la classe moyenne du logement social et limiter la hausse des prix dans la dur\u00e9e.\" \/>\n<meta name=\"robots\" content=\"index, follow, max-snippet:-1, max-image-preview:large, max-video-preview:-1\" \/>\n<link rel=\"canonical\" href=\"https:\/\/www.toutsurmesfinances.com\/immobilier\/bail-reel-solidaire-a-paris.html\" \/>\n<meta property=\"og:locale\" content=\"fr_FR\" \/>\n<meta property=\"og:type\" content=\"article\" \/>\n<meta property=\"og:title\" content=\"Conditions pour acheter un appartement \u00e0 5000 \u20ac\/m\u00b2 \u00e0 Paris\" \/>\n<meta property=\"og:description\" content=\"La Ville de Paris veut proposer des appartements \u00e0 la vente \u00e0 Paris \u00e0 moiti\u00e9 prix gr\u00e2ce \u00e0 la dissociation entre le foncier et le b\u00e2ti dans le cadre du dispositif du bail r\u00e9el solidaire. Objectifs affich\u00e9s : favoriser la sortie de la classe moyenne du logement social et limiter la hausse des prix dans la dur\u00e9e.\" \/>\n<meta property=\"og:url\" content=\"https:\/\/www.toutsurmesfinances.com\/immobilier\/bail-reel-solidaire-a-paris.html\" \/>\n<meta property=\"og:site_name\" content=\"Immobilier\" \/>\n<meta property=\"article:published_time\" content=\"2019-12-10T10:08:11+00:00\" \/>\n<meta property=\"article:modified_time\" content=\"2020-01-20T16:53:45+00:00\" \/>\n<meta property=\"og:image\" content=\"https:\/\/www.toutsurmesfinances.com\/immobilier\/wp-content\/uploads\/sites\/5\/2019\/12\/construction-paris-5000.jpg\" \/>\n\t<meta property=\"og:image:width\" content=\"823\" \/>\n\t<meta property=\"og:image:height\" content=\"463\" \/>\n\t<meta property=\"og:image:type\" content=\"image\/jpeg\" \/>\n<meta name=\"author\" content=\"Olivier Brunet\" \/>\n<meta name=\"twitter:card\" content=\"summary_large_image\" \/>\n<meta name=\"twitter:creator\" content=\"@Toutsur\" \/>\n<meta name=\"twitter:site\" content=\"@Toutsur\" \/>\n<meta name=\"twitter:label1\" content=\"\u00c9crit par\" \/>\n\t<meta name=\"twitter:data1\" content=\"Olivier Brunet\" \/>\n\t<meta name=\"twitter:label2\" content=\"Dur\u00e9e de lecture estim\u00e9e\" \/>\n\t<meta name=\"twitter:data2\" content=\"8 minutes\" \/>\n<script type=\"application\/ld+json\" class=\"yoast-schema-graph\">{\"@context\":\"https:\/\/schema.org\",\"@graph\":[{\"@type\":\"Article\",\"@id\":\"https:\/\/www.toutsurmesfinances.com\/immobilier\/bail-reel-solidaire-a-paris.html#article\",\"isPartOf\":{\"@id\":\"https:\/\/www.toutsurmesfinances.com\/immobilier\/bail-reel-solidaire-a-paris.html\"},\"author\":{\"name\":\"Olivier Brunet\",\"@id\":\"https:\/\/www.toutsurmesfinances.com\/immobilier\/#\/schema\/person\/f3692b3163890cd1408bd0dc68a1b55a\"},\"headline\":\"Bail r\u00e9el solidaire : appartement pas cher \u00e0 Paris pour les classes moyennes\",\"dateModified\":\"2020-01-20T16:53:45+00:00\",\"mainEntityOfPage\":{\"@id\":\"https:\/\/www.toutsurmesfinances.com\/immobilier\/bail-reel-solidaire-a-paris.html\"},\"wordCount\":1532,\"publisher\":{\"@id\":\"https:\/\/www.toutsurmesfinances.com\/immobilier\/#organization\"},\"image\":{\"@id\":\"https:\/\/www.toutsurmesfinances.com\/immobilier\/bail-reel-solidaire-a-paris.html#primaryimage\"},\"thumbnailUrl\":\"https:\/\/www.toutsurmesfinances.com\/immobilier\/wp-content\/uploads\/sites\/5\/2019\/12\/construction-paris-5000.jpg\",\"articleSection\":[\"R\u00e9glementation\"],\"inLanguage\":\"fr-FR\"},{\"@type\":\"WebPage\",\"@id\":\"https:\/\/www.toutsurmesfinances.com\/immobilier\/bail-reel-solidaire-a-paris.html\",\"url\":\"https:\/\/www.toutsurmesfinances.com\/immobilier\/bail-reel-solidaire-a-paris.html\",\"name\":\"Conditions pour acheter un appartement \u00e0 5000 \u20ac\/m\u00b2 \u00e0 Paris\",\"isPartOf\":{\"@id\":\"https:\/\/www.toutsurmesfinances.com\/immobilier\/#website\"},\"primaryImageOfPage\":{\"@id\":\"https:\/\/www.toutsurmesfinances.com\/immobilier\/bail-reel-solidaire-a-paris.html#primaryimage\"},\"image\":{\"@id\":\"https:\/\/www.toutsurmesfinances.com\/immobilier\/bail-reel-solidaire-a-paris.html#primaryimage\"},\"thumbnailUrl\":\"https:\/\/www.toutsurmesfinances.com\/immobilier\/wp-content\/uploads\/sites\/5\/2019\/12\/construction-paris-5000.jpg\",\"dateModified\":\"2020-01-20T16:53:45+00:00\",\"description\":\"La Ville de Paris veut proposer des appartements \u00e0 la vente \u00e0 Paris \u00e0 moiti\u00e9 prix gr\u00e2ce \u00e0 la dissociation entre le foncier et le b\u00e2ti dans le cadre du dispositif du bail r\u00e9el solidaire. Objectifs affich\u00e9s : favoriser la sortie de la classe moyenne du logement social et limiter la hausse des prix dans la dur\u00e9e.\",\"breadcrumb\":{\"@id\":\"https:\/\/www.toutsurmesfinances.com\/immobilier\/bail-reel-solidaire-a-paris.html#breadcrumb\"},\"inLanguage\":\"fr-FR\",\"potentialAction\":[{\"@type\":\"ReadAction\",\"target\":[\"https:\/\/www.toutsurmesfinances.com\/immobilier\/bail-reel-solidaire-a-paris.html\"]}]},{\"@type\":\"ImageObject\",\"inLanguage\":\"fr-FR\",\"@id\":\"https:\/\/www.toutsurmesfinances.com\/immobilier\/bail-reel-solidaire-a-paris.html#primaryimage\",\"url\":\"https:\/\/www.toutsurmesfinances.com\/immobilier\/wp-content\/uploads\/sites\/5\/2019\/12\/construction-paris-5000.jpg\",\"contentUrl\":\"https:\/\/www.toutsurmesfinances.com\/immobilier\/wp-content\/uploads\/sites\/5\/2019\/12\/construction-paris-5000.jpg\",\"width\":823,\"height\":463},{\"@type\":\"BreadcrumbList\",\"@id\":\"https:\/\/www.toutsurmesfinances.com\/immobilier\/bail-reel-solidaire-a-paris.html#breadcrumb\",\"itemListElement\":[{\"@type\":\"ListItem\",\"position\":1,\"name\":\"Accueil\",\"item\":\"https:\/\/www.toutsurmesfinances.com\/immobilier\/\"},{\"@type\":\"ListItem\",\"position\":2,\"name\":\"Achat\",\"item\":\"https:\/\/www.toutsurmesfinances.com\/immobilier\/c\/achat\"},{\"@type\":\"ListItem\",\"position\":3,\"name\":\"R\u00e9glementation\",\"item\":\"https:\/\/www.toutsurmesfinances.com\/immobilier\/c\/reglementation\"},{\"@type\":\"ListItem\",\"position\":4,\"name\":\"Bail r\u00e9el solidaire : appartement pas cher \u00e0 Paris pour les classes moyennes\"}]},{\"@type\":\"WebSite\",\"@id\":\"https:\/\/www.toutsurmesfinances.com\/immobilier\/#website\",\"url\":\"https:\/\/www.toutsurmesfinances.com\/immobilier\/\",\"name\":\"Immobilier\",\"description\":\"\",\"publisher\":{\"@id\":\"https:\/\/www.toutsurmesfinances.com\/immobilier\/#organization\"},\"potentialAction\":[{\"@type\":\"SearchAction\",\"target\":{\"@type\":\"EntryPoint\",\"urlTemplate\":\"https:\/\/www.toutsurmesfinances.com\/immobilier\/?s={search_term_string}\"},\"query-input\":{\"@type\":\"PropertyValueSpecification\",\"valueRequired\":true,\"valueName\":\"search_term_string\"}}],\"inLanguage\":\"fr-FR\"},{\"@type\":\"Organization\",\"@id\":\"https:\/\/www.toutsurmesfinances.com\/immobilier\/#organization\",\"name\":\"Tout Sur Mes Finances\",\"url\":\"https:\/\/www.toutsurmesfinances.com\/immobilier\/\",\"logo\":{\"@type\":\"ImageObject\",\"inLanguage\":\"fr-FR\",\"@id\":\"https:\/\/www.toutsurmesfinances.com\/immobilier\/#\/schema\/logo\/image\/\",\"url\":\"https:\/\/www.toutsurmesfinances.com\/immobilier\/wp-content\/uploads\/sites\/5\/2021\/01\/favicon.png\",\"contentUrl\":\"https:\/\/www.toutsurmesfinances.com\/immobilier\/wp-content\/uploads\/sites\/5\/2021\/01\/favicon.png\",\"width\":512,\"height\":512,\"caption\":\"Tout Sur Mes Finances\"},\"image\":{\"@id\":\"https:\/\/www.toutsurmesfinances.com\/immobilier\/#\/schema\/logo\/image\/\"},\"sameAs\":[\"https:\/\/x.com\/Toutsur\"]},{\"@type\":\"Person\",\"@id\":\"https:\/\/www.toutsurmesfinances.com\/immobilier\/#\/schema\/person\/f3692b3163890cd1408bd0dc68a1b55a\",\"name\":\"Olivier Brunet\",\"image\":{\"@type\":\"ImageObject\",\"inLanguage\":\"fr-FR\",\"@id\":\"https:\/\/www.toutsurmesfinances.com\/immobilier\/#\/schema\/person\/image\/\",\"url\":\"https:\/\/secure.gravatar.com\/avatar\/59a19214b7bb3163a27d873fa61f9a80?s=96&d=mm&r=g\",\"contentUrl\":\"https:\/\/secure.gravatar.com\/avatar\/59a19214b7bb3163a27d873fa61f9a80?s=96&d=mm&r=g\",\"caption\":\"Olivier Brunet\"},\"description\":\"Olivier Brunet est cofondateur de\u00a0ToutSurMesFinances.com\u00a0et r\u00e9dacteur en chef sp\u00e9cialis\u00e9 en placements et fiscalit\u00e9\u00a0des particuliers. Pr\u00e9sent\u00a0au sein du\u00a0m\u00e9dia\u00a0depuis sa cr\u00e9ation, il en est l\u2019un des piliers \u00e9ditoriaux. Il analyse les strat\u00e9gies d\u2019investissement,\u00a0suit\u00a0les \u00e9volutions fiscales et les\u00a0probl\u00e9matiques\u00a0patrimoniales\u00a0avec une vision long terme, forg\u00e9e par des ann\u00e9es de pratique et de suivi des march\u00e9s.\u00a0\",\"sameAs\":[\"https:\/\/www.toutsurmesfinances.com\/author\/olivier\",\"https:\/\/www.linkedin.com\/in\/obrunet\/\"]}]}<\/script>\n<!-- \/ Yoast SEO plugin. -->","yoast_head_json":{"title":"Conditions pour acheter un appartement \u00e0 5000 \u20ac\/m\u00b2 \u00e0 Paris","description":"La Ville de Paris veut proposer des appartements \u00e0 la vente \u00e0 Paris \u00e0 moiti\u00e9 prix gr\u00e2ce \u00e0 la dissociation entre le foncier et le b\u00e2ti dans le cadre du dispositif du bail r\u00e9el solidaire. Objectifs affich\u00e9s : favoriser la sortie de la classe moyenne du logement social et limiter la hausse des prix dans la dur\u00e9e.","robots":{"index":"index","follow":"follow","max-snippet":"max-snippet:-1","max-image-preview":"max-image-preview:large","max-video-preview":"max-video-preview:-1"},"canonical":"https:\/\/www.toutsurmesfinances.com\/immobilier\/bail-reel-solidaire-a-paris.html","og_locale":"fr_FR","og_type":"article","og_title":"Conditions pour acheter un appartement \u00e0 5000 \u20ac\/m\u00b2 \u00e0 Paris","og_description":"La Ville de Paris veut proposer des appartements \u00e0 la vente \u00e0 Paris \u00e0 moiti\u00e9 prix gr\u00e2ce \u00e0 la dissociation entre le foncier et le b\u00e2ti dans le cadre du dispositif du bail r\u00e9el solidaire. Objectifs affich\u00e9s : favoriser la sortie de la classe moyenne du logement social et limiter la hausse des prix dans la dur\u00e9e.","og_url":"https:\/\/www.toutsurmesfinances.com\/immobilier\/bail-reel-solidaire-a-paris.html","og_site_name":"Immobilier","article_published_time":"2019-12-10T10:08:11+00:00","article_modified_time":"2020-01-20T16:53:45+00:00","og_image":[{"width":823,"height":463,"url":"https:\/\/www.toutsurmesfinances.com\/immobilier\/wp-content\/uploads\/sites\/5\/2019\/12\/construction-paris-5000.jpg","type":"image\/jpeg"}],"author":"Olivier Brunet","twitter_card":"summary_large_image","twitter_creator":"@Toutsur","twitter_site":"@Toutsur","twitter_misc":{"\u00c9crit par":"Olivier Brunet","Dur\u00e9e de lecture estim\u00e9e":"8 minutes"},"schema":{"@context":"https:\/\/schema.org","@graph":[{"@type":"Article","@id":"https:\/\/www.toutsurmesfinances.com\/immobilier\/bail-reel-solidaire-a-paris.html#article","isPartOf":{"@id":"https:\/\/www.toutsurmesfinances.com\/immobilier\/bail-reel-solidaire-a-paris.html"},"author":{"name":"Olivier Brunet","@id":"https:\/\/www.toutsurmesfinances.com\/immobilier\/#\/schema\/person\/f3692b3163890cd1408bd0dc68a1b55a"},"headline":"Bail r\u00e9el solidaire : appartement pas cher \u00e0 Paris pour les classes moyennes","dateModified":"2020-01-20T16:53:45+00:00","mainEntityOfPage":{"@id":"https:\/\/www.toutsurmesfinances.com\/immobilier\/bail-reel-solidaire-a-paris.html"},"wordCount":1532,"publisher":{"@id":"https:\/\/www.toutsurmesfinances.com\/immobilier\/#organization"},"image":{"@id":"https:\/\/www.toutsurmesfinances.com\/immobilier\/bail-reel-solidaire-a-paris.html#primaryimage"},"thumbnailUrl":"https:\/\/www.toutsurmesfinances.com\/immobilier\/wp-content\/uploads\/sites\/5\/2019\/12\/construction-paris-5000.jpg","articleSection":["R\u00e9glementation"],"inLanguage":"fr-FR"},{"@type":"WebPage","@id":"https:\/\/www.toutsurmesfinances.com\/immobilier\/bail-reel-solidaire-a-paris.html","url":"https:\/\/www.toutsurmesfinances.com\/immobilier\/bail-reel-solidaire-a-paris.html","name":"Conditions pour acheter un appartement \u00e0 5000 \u20ac\/m\u00b2 \u00e0 Paris","isPartOf":{"@id":"https:\/\/www.toutsurmesfinances.com\/immobilier\/#website"},"primaryImageOfPage":{"@id":"https:\/\/www.toutsurmesfinances.com\/immobilier\/bail-reel-solidaire-a-paris.html#primaryimage"},"image":{"@id":"https:\/\/www.toutsurmesfinances.com\/immobilier\/bail-reel-solidaire-a-paris.html#primaryimage"},"thumbnailUrl":"https:\/\/www.toutsurmesfinances.com\/immobilier\/wp-content\/uploads\/sites\/5\/2019\/12\/construction-paris-5000.jpg","dateModified":"2020-01-20T16:53:45+00:00","description":"La Ville de Paris veut proposer des appartements \u00e0 la vente \u00e0 Paris \u00e0 moiti\u00e9 prix gr\u00e2ce \u00e0 la dissociation entre le foncier et le b\u00e2ti dans le cadre du dispositif du bail r\u00e9el solidaire. Objectifs affich\u00e9s : favoriser la sortie de la classe moyenne du logement social et limiter la hausse des prix dans la dur\u00e9e.","breadcrumb":{"@id":"https:\/\/www.toutsurmesfinances.com\/immobilier\/bail-reel-solidaire-a-paris.html#breadcrumb"},"inLanguage":"fr-FR","potentialAction":[{"@type":"ReadAction","target":["https:\/\/www.toutsurmesfinances.com\/immobilier\/bail-reel-solidaire-a-paris.html"]}]},{"@type":"ImageObject","inLanguage":"fr-FR","@id":"https:\/\/www.toutsurmesfinances.com\/immobilier\/bail-reel-solidaire-a-paris.html#primaryimage","url":"https:\/\/www.toutsurmesfinances.com\/immobilier\/wp-content\/uploads\/sites\/5\/2019\/12\/construction-paris-5000.jpg","contentUrl":"https:\/\/www.toutsurmesfinances.com\/immobilier\/wp-content\/uploads\/sites\/5\/2019\/12\/construction-paris-5000.jpg","width":823,"height":463},{"@type":"BreadcrumbList","@id":"https:\/\/www.toutsurmesfinances.com\/immobilier\/bail-reel-solidaire-a-paris.html#breadcrumb","itemListElement":[{"@type":"ListItem","position":1,"name":"Accueil","item":"https:\/\/www.toutsurmesfinances.com\/immobilier\/"},{"@type":"ListItem","position":2,"name":"Achat","item":"https:\/\/www.toutsurmesfinances.com\/immobilier\/c\/achat"},{"@type":"ListItem","position":3,"name":"R\u00e9glementation","item":"https:\/\/www.toutsurmesfinances.com\/immobilier\/c\/reglementation"},{"@type":"ListItem","position":4,"name":"Bail r\u00e9el solidaire : appartement pas cher \u00e0 Paris pour les classes moyennes"}]},{"@type":"WebSite","@id":"https:\/\/www.toutsurmesfinances.com\/immobilier\/#website","url":"https:\/\/www.toutsurmesfinances.com\/immobilier\/","name":"Immobilier","description":"","publisher":{"@id":"https:\/\/www.toutsurmesfinances.com\/immobilier\/#organization"},"potentialAction":[{"@type":"SearchAction","target":{"@type":"EntryPoint","urlTemplate":"https:\/\/www.toutsurmesfinances.com\/immobilier\/?s={search_term_string}"},"query-input":{"@type":"PropertyValueSpecification","valueRequired":true,"valueName":"search_term_string"}}],"inLanguage":"fr-FR"},{"@type":"Organization","@id":"https:\/\/www.toutsurmesfinances.com\/immobilier\/#organization","name":"Tout Sur Mes Finances","url":"https:\/\/www.toutsurmesfinances.com\/immobilier\/","logo":{"@type":"ImageObject","inLanguage":"fr-FR","@id":"https:\/\/www.toutsurmesfinances.com\/immobilier\/#\/schema\/logo\/image\/","url":"https:\/\/www.toutsurmesfinances.com\/immobilier\/wp-content\/uploads\/sites\/5\/2021\/01\/favicon.png","contentUrl":"https:\/\/www.toutsurmesfinances.com\/immobilier\/wp-content\/uploads\/sites\/5\/2021\/01\/favicon.png","width":512,"height":512,"caption":"Tout Sur Mes Finances"},"image":{"@id":"https:\/\/www.toutsurmesfinances.com\/immobilier\/#\/schema\/logo\/image\/"},"sameAs":["https:\/\/x.com\/Toutsur"]},{"@type":"Person","@id":"https:\/\/www.toutsurmesfinances.com\/immobilier\/#\/schema\/person\/f3692b3163890cd1408bd0dc68a1b55a","name":"Olivier Brunet","image":{"@type":"ImageObject","inLanguage":"fr-FR","@id":"https:\/\/www.toutsurmesfinances.com\/immobilier\/#\/schema\/person\/image\/","url":"https:\/\/secure.gravatar.com\/avatar\/59a19214b7bb3163a27d873fa61f9a80?s=96&d=mm&r=g","contentUrl":"https:\/\/secure.gravatar.com\/avatar\/59a19214b7bb3163a27d873fa61f9a80?s=96&d=mm&r=g","caption":"Olivier Brunet"},"description":"Olivier Brunet est cofondateur de\u00a0ToutSurMesFinances.com\u00a0et r\u00e9dacteur en chef sp\u00e9cialis\u00e9 en placements et fiscalit\u00e9\u00a0des particuliers. Pr\u00e9sent\u00a0au sein du\u00a0m\u00e9dia\u00a0depuis sa cr\u00e9ation, il en est l\u2019un des piliers \u00e9ditoriaux. Il analyse les strat\u00e9gies d\u2019investissement,\u00a0suit\u00a0les \u00e9volutions fiscales et les\u00a0probl\u00e9matiques\u00a0patrimoniales\u00a0avec une vision long terme, forg\u00e9e par des ann\u00e9es de pratique et de suivi des march\u00e9s.\u00a0","sameAs":["https:\/\/www.toutsurmesfinances.com\/author\/olivier","https:\/\/www.linkedin.com\/in\/obrunet\/"]}]}},"_links":{"self":[{"href":"https:\/\/www.toutsurmesfinances.com\/immobilier\/wp-json\/wp\/v2\/posts\/18389","targetHints":{"allow":["GET"]}}],"collection":[{"href":"https:\/\/www.toutsurmesfinances.com\/immobilier\/wp-json\/wp\/v2\/posts"}],"about":[{"href":"https:\/\/www.toutsurmesfinances.com\/immobilier\/wp-json\/wp\/v2\/types\/post"}],"author":[{"embeddable":true,"href":"https:\/\/www.toutsurmesfinances.com\/immobilier\/wp-json\/wp\/v2\/users\/13709"}],"replies":[{"embeddable":true,"href":"https:\/\/www.toutsurmesfinances.com\/immobilier\/wp-json\/wp\/v2\/comments?post=18389"}],"version-history":[{"count":3,"href":"https:\/\/www.toutsurmesfinances.com\/immobilier\/wp-json\/wp\/v2\/posts\/18389\/revisions"}],"predecessor-version":[{"id":18522,"href":"https:\/\/www.toutsurmesfinances.com\/immobilier\/wp-json\/wp\/v2\/posts\/18389\/revisions\/18522"}],"wp:featuredmedia":[{"embeddable":true,"href":"https:\/\/www.toutsurmesfinances.com\/immobilier\/wp-json\/wp\/v2\/media\/18390"}],"wp:attachment":[{"href":"https:\/\/www.toutsurmesfinances.com\/immobilier\/wp-json\/wp\/v2\/media?parent=18389"}],"wp:term":[{"taxonomy":"category","embeddable":true,"href":"https:\/\/www.toutsurmesfinances.com\/immobilier\/wp-json\/wp\/v2\/categories?post=18389"},{"taxonomy":"post_tag","embeddable":true,"href":"https:\/\/www.toutsurmesfinances.com\/immobilier\/wp-json\/wp\/v2\/tags?post=18389"}],"curies":[{"name":"wp","href":"https:\/\/api.w.org\/{rel}","templated":true}]}}