{"id":54861,"date":"2014-04-08T13:26:21","date_gmt":"2014-04-08T11:26:21","guid":{"rendered":"https:\/\/www.toutsurmesfinances.com\/impots\/60-ans-de-tva-en-dates-cles.html"},"modified":"2021-12-02T12:00:21","modified_gmt":"2021-12-02T11:00:21","slug":"60-ans-de-tva-en-dates-cles","status":"publish","type":"post","link":"https:\/\/www.toutsurmesfinances.com\/impots\/60-ans-de-tva-en-dates-cles.html","title":{"rendered":"60 ans de TVA en dates cl\u00e9s"},"content":{"rendered":"<section class=\"l-section wpb_row height_small\"><div class=\"l-section-h i-cf\"><div class=\"g-cols vc_row via_flex valign_top type_default stacking_default\"><div class=\"vc_col-sm-12 wpb_column vc_column_container\"><div class=\"vc_column-inner\"><div class=\"wpb_wrapper\"><div class=\"wpb_text_column\"><div class=\"wpb_wrapper\"><p><strong>1952<\/strong> : Maurice Laur\u00e9 publie un livre intitul\u00e9 \u00ab<em> La taxe sur la valeur ajout\u00e9e<\/em> \u00bb. La cr\u00e9ation de la TVA est en marche.<\/p>\n<p>&nbsp;<\/p>\n<p><strong>10 avril 1954<\/strong> : A l&rsquo;initiative de Maurice Laur\u00e9, alors directeur adjoint de la Direction g\u00e9n\u00e9rale des imp\u00f4ts (DGI), la taxe sur la valeur ajout\u00e9e est vot\u00e9e \u00e0 l&rsquo;Assembl\u00e9e nationale. C&rsquo;est une v\u00e9ritable r\u00e9volution fiscale qui s&rsquo;op\u00e8re, les deux taxes (\u00e0 la production et sur les transactions) sur la consommation jusqu&rsquo;ici en vigueur disparaissent au profit de la TVA. Il existe alors deux taux : le taux normal \u00e0 16,8% et le taux r\u00e9duit portant sur les produits de premi\u00e8re n\u00e9cessit\u00e9 \u00e0 7,5%. Seules les grandes entreprises doivent s&rsquo;acquitter de la TVA.<\/p>\n<p><strong>6 janvier 1966<\/strong> : La loi n\u00b066-10, soutenue par le ministre des Finances de l&rsquo;\u00e9poque, Val\u00e9ry Giscard d&rsquo;Estaing, \u00e9tend le champ d&rsquo;application de la TVA \u00e0 l&rsquo;ensemble des acteurs \u00e9conomiques (commer\u00e7ants, prestataires de services&#8230;) et donc \u00e0 tous les produits et services. Le taux interm\u00e9diaire est \u00e9galement cr\u00e9\u00e9 : il s&rsquo;\u00e9l\u00e8ve \u00e0 12%.<\/p>\n<p><strong>1967<\/strong> : G\u00e9n\u00e9ralisation de la TVA dans l&rsquo;Europe des six. A savoir la R\u00e9publique F\u00e9d\u00e9rale d&rsquo;Allemagne (RFA), la Belgique, l&rsquo;Italie, le Luxembourg, les Pays-Bas et bien s\u00fbr la France qui poss\u00e8de d\u00e9j\u00e0 la TVA.<\/p>\n<p><strong>1993<\/strong> : Naissance du march\u00e9 unique europ\u00e9en qui abolit les contr\u00f4les douaniers sur les marchandises circulant \u00e0 l&rsquo;int\u00e9rieur de l&rsquo;espace europ\u00e9en. Il faut alors repenser le principe de la TVA \u00e0 l&rsquo;\u00e9chelle europ\u00e9enne. Les exportations sont ainsi exon\u00e9r\u00e9es de TVA. Dans un souci d&rsquo;harmonisation, le taux minimal de TVA est fix\u00e9 \u00e0 15%. Il n&rsquo;existe toutefois pas de taux maximal en vigueur au sein de l&rsquo;Union europ\u00e9enne.<\/p>\n<p><strong>1995<\/strong> : Quinze pays membres de l&rsquo;Union europ\u00e9enne ont ratifi\u00e9 la TVA : l&rsquo;Europe des six (la RFA est devenue l&rsquo;Allemagne r\u00e9unifi\u00e9e en 1990) \u00e0 laquelle sont venus s&rsquo;ajouter le Danemark (1967), l&rsquo;Irlande (1972), le Royaume-Uni (1973), la Gr\u00e8ce (1986), le Portugal (1989), l&rsquo;Espagne (1986), l&rsquo;Autriche, la Finlande et la Su\u00e8de (1995). Aujourd&rsquo;hui, 153 pays sur les 183 reconnus par l&rsquo;ONU ont adopt\u00e9 la TVA. Le taux normal de TVA passe cette m\u00eame ann\u00e9e au-dessus de la barre des 20% (20,6%).<\/p>\n<p><strong>2000<\/strong> : Le taux normal de TVA est abaiss\u00e9 d&rsquo;un point, passant ainsi de 20,6 \u00e0 19,6%. La plupart des biens et services sont soumis \u00e0 ce taux qui demeurera inchang\u00e9 jusqu&rsquo;en 2014.<\/p>\n<p><strong>2007<\/strong> : Alors Premier ministre du pr\u00e9sident de la R\u00e9publique Nicolas Sarkozy, Fran\u00e7ois Fillon annonce l&rsquo;ouverture du chantier de la TVA sociale. Le but ? Augmenter d&rsquo;un \u00e0 deux points les taux de TVA pour ensuite redistribuer le surplus de recettes fiscales en diminuant les cotisations sociales qui p\u00e8sent sur les salaires. Les discussions avec les partenaires sociaux sont lanc\u00e9es. Nicolas Sarkozy promet sa mise en application avant la fin de son mandat en 2012.<\/p>\n<p><strong>1er janvier 2014<\/strong> : <a href=\"https:\/\/www.toutsurmesfinances.com\/impots\/tva-quels-produits-et-services-aux-taux-de-5-5-10-et-20-en-2014.html\" target=\"_blank\" rel=\"noopener noreferrer\">Refonte de deux des quatre taux de TVA <\/a>en vigueur. Le taux normal passe de 19,6 \u00e0 20% et le taux interm\u00e9diaire de 7 \u00e0 10%. Le taux r\u00e9duit reste finalement inchang\u00e9 \u00e0 5,5% alors qu&rsquo;il devait \u00eatre r\u00e9duit \u00e0 5%. En \u00e9change, l&rsquo;ex\u00e9cutif abaisse la TVA sur plusieurs autres produits et services (travaux de r\u00e9novation \u00e9nerg\u00e9tiques, induits&#8230;). Le taux \u00e0 2,1% demeure \u00e9galement inchang\u00e9.<\/p>\n<p><strong>10 avril 2014<\/strong> : La TVA f\u00eate ses 60 ans. C&rsquo;est l&rsquo;heure du bilan pour cette grande dame.<\/p>\n<p>&nbsp;<\/p>\n<p><strong>Les taux de TVA actuellement en vigueur<\/strong> :<br \/>\n<a href=\"https:\/\/www.toutsurmesfinances.com\/impots\/tva-2014-nouveaux-produits-a-5-5-au-benefice-des-menages.html\" target=\"_blank\" rel=\"noopener noreferrer\">TVA 2014 : nouveaux produits \u00e0 5,5% au b\u00e9n\u00e9fice des m\u00e9nages<\/a><\/p>\n<\/div><\/div><\/div><\/div><\/div><\/div><\/div><\/section>\n","protected":false},"excerpt":{"rendered":"<p>La taxe sur la valeur ajout\u00e9e (TVA) va souffler ses bougies ! A l&rsquo;occasion de son 60\u00e8me anniversaire le 10 avril 2014, retour sur les dates cl\u00e9s de cette r\u00e9volution fiscale fran\u00e7aise.<\/p>\n","protected":false},"author":13712,"featured_media":54860,"comment_status":"closed","ping_status":"closed","sticky":false,"template":"","format":"standard","meta":{"footnotes":""},"categories":[23],"tags":[],"class_list":["post-54861","post","type-post","status-publish","format-standard","has-post-thumbnail","hentry","category-tva"],"acf":[],"yoast_head":"<!-- This site is optimized with the Yoast SEO plugin v24.9 - https:\/\/yoast.com\/wordpress\/plugins\/seo\/ -->\n<title>60 ans de TVA en dates cl\u00e9s<\/title>\n<meta name=\"description\" content=\"La taxe sur la valeur ajout\u00e9e (TVA) a \u00e9t\u00e9 vot\u00e9e il y a 60 ans le 10 avril 1954. Retour sur 60 ans de TVA en dates cl\u00e9s.\" \/>\n<meta name=\"robots\" content=\"index, follow, max-snippet:-1, max-image-preview:large, max-video-preview:-1\" \/>\n<link rel=\"canonical\" href=\"https:\/\/www.toutsurmesfinances.com\/impots\/60-ans-de-tva-en-dates-cles.html\" \/>\n<meta property=\"og:locale\" content=\"fr_FR\" \/>\n<meta property=\"og:type\" content=\"article\" \/>\n<meta property=\"og:title\" content=\"60 ans de TVA en dates cl\u00e9s\" \/>\n<meta property=\"og:description\" content=\"La taxe sur la valeur ajout\u00e9e (TVA) a \u00e9t\u00e9 vot\u00e9e il y a 60 ans le 10 avril 1954. Retour sur 60 ans de TVA en dates cl\u00e9s.\" \/>\n<meta property=\"og:url\" content=\"https:\/\/www.toutsurmesfinances.com\/impots\/60-ans-de-tva-en-dates-cles.html\" \/>\n<meta property=\"og:site_name\" content=\"Imp\u00f4ts\" \/>\n<meta property=\"article:published_time\" content=\"2014-04-08T11:26:21+00:00\" \/>\n<meta property=\"article:modified_time\" content=\"2021-12-02T11:00:21+00:00\" \/>\n<meta property=\"og:image\" content=\"https:\/\/www.toutsurmesfinances.com\/impots\/wp-content\/uploads\/sites\/6\/2014\/04\/tiquets-consommation-fotolia.jpg\" \/>\n\t<meta property=\"og:image:width\" content=\"480\" \/>\n\t<meta property=\"og:image:height\" content=\"360\" \/>\n\t<meta property=\"og:image:type\" content=\"image\/jpeg\" \/>\n<meta name=\"author\" content=\"Solenne Dimofski\" \/>\n<meta name=\"twitter:card\" content=\"summary_large_image\" \/>\n<meta name=\"twitter:creator\" content=\"@Toutsur\" \/>\n<meta name=\"twitter:site\" content=\"@Toutsur\" \/>\n<meta name=\"twitter:label1\" content=\"\u00c9crit par\" \/>\n\t<meta name=\"twitter:data1\" content=\"Solenne Dimofski\" \/>\n\t<meta name=\"twitter:label2\" content=\"Dur\u00e9e de lecture estim\u00e9e\" \/>\n\t<meta name=\"twitter:data2\" content=\"3 minutes\" \/>\n<script type=\"application\/ld+json\" class=\"yoast-schema-graph\">{\"@context\":\"https:\/\/schema.org\",\"@graph\":[{\"@type\":\"Article\",\"@id\":\"https:\/\/www.toutsurmesfinances.com\/impots\/60-ans-de-tva-en-dates-cles.html#article\",\"isPartOf\":{\"@id\":\"https:\/\/www.toutsurmesfinances.com\/impots\/60-ans-de-tva-en-dates-cles.html\"},\"author\":{\"name\":\"Solenne Dimofski\",\"@id\":\"https:\/\/www.toutsurmesfinances.com\/impots\/#\/schema\/person\/0db982772f347427a245285a30f55036\"},\"headline\":\"60 ans de TVA en dates cl\u00e9s\",\"dateModified\":\"2021-12-02T11:00:21+00:00\",\"mainEntityOfPage\":{\"@id\":\"https:\/\/www.toutsurmesfinances.com\/impots\/60-ans-de-tva-en-dates-cles.html\"},\"wordCount\":601,\"publisher\":{\"@id\":\"https:\/\/www.toutsurmesfinances.com\/impots\/#organization\"},\"image\":{\"@id\":\"https:\/\/www.toutsurmesfinances.com\/impots\/60-ans-de-tva-en-dates-cles.html#primaryimage\"},\"thumbnailUrl\":\"https:\/\/www.toutsurmesfinances.com\/impots\/wp-content\/uploads\/sites\/6\/2014\/04\/tiquets-consommation-fotolia.jpg\",\"articleSection\":[\"TVA\"],\"inLanguage\":\"fr-FR\"},{\"@type\":\"WebPage\",\"@id\":\"https:\/\/www.toutsurmesfinances.com\/impots\/60-ans-de-tva-en-dates-cles.html\",\"url\":\"https:\/\/www.toutsurmesfinances.com\/impots\/60-ans-de-tva-en-dates-cles.html\",\"name\":\"60 ans de TVA en dates cl\u00e9s\",\"isPartOf\":{\"@id\":\"https:\/\/www.toutsurmesfinances.com\/impots\/#website\"},\"primaryImageOfPage\":{\"@id\":\"https:\/\/www.toutsurmesfinances.com\/impots\/60-ans-de-tva-en-dates-cles.html#primaryimage\"},\"image\":{\"@id\":\"https:\/\/www.toutsurmesfinances.com\/impots\/60-ans-de-tva-en-dates-cles.html#primaryimage\"},\"thumbnailUrl\":\"https:\/\/www.toutsurmesfinances.com\/impots\/wp-content\/uploads\/sites\/6\/2014\/04\/tiquets-consommation-fotolia.jpg\",\"dateModified\":\"2021-12-02T11:00:21+00:00\",\"description\":\"La taxe sur la valeur ajout\u00e9e (TVA) a \u00e9t\u00e9 vot\u00e9e il y a 60 ans le 10 avril 1954. Retour sur 60 ans de TVA en dates cl\u00e9s.\",\"breadcrumb\":{\"@id\":\"https:\/\/www.toutsurmesfinances.com\/impots\/60-ans-de-tva-en-dates-cles.html#breadcrumb\"},\"inLanguage\":\"fr-FR\",\"potentialAction\":[{\"@type\":\"ReadAction\",\"target\":[\"https:\/\/www.toutsurmesfinances.com\/impots\/60-ans-de-tva-en-dates-cles.html\"]}]},{\"@type\":\"ImageObject\",\"inLanguage\":\"fr-FR\",\"@id\":\"https:\/\/www.toutsurmesfinances.com\/impots\/60-ans-de-tva-en-dates-cles.html#primaryimage\",\"url\":\"https:\/\/www.toutsurmesfinances.com\/impots\/wp-content\/uploads\/sites\/6\/2014\/04\/tiquets-consommation-fotolia.jpg\",\"contentUrl\":\"https:\/\/www.toutsurmesfinances.com\/impots\/wp-content\/uploads\/sites\/6\/2014\/04\/tiquets-consommation-fotolia.jpg\",\"width\":480,\"height\":360,\"caption\":\"Il y a 60 ans, le 10 avril 1954, \u00e9tait cr\u00e9\u00e9e la taxe sur la valeur ajout\u00e9e (TVA). (Fotolia)\"},{\"@type\":\"BreadcrumbList\",\"@id\":\"https:\/\/www.toutsurmesfinances.com\/impots\/60-ans-de-tva-en-dates-cles.html#breadcrumb\",\"itemListElement\":[{\"@type\":\"ListItem\",\"position\":1,\"name\":\"Accueil\",\"item\":\"https:\/\/www.toutsurmesfinances.com\/impots\/\"},{\"@type\":\"ListItem\",\"position\":2,\"name\":\"Taxes\",\"item\":\"https:\/\/www.toutsurmesfinances.com\/impots\/c\/taxes\"},{\"@type\":\"ListItem\",\"position\":3,\"name\":\"TVA\",\"item\":\"https:\/\/www.toutsurmesfinances.com\/impots\/c\/tva\"},{\"@type\":\"ListItem\",\"position\":4,\"name\":\"60 ans de TVA en dates cl\u00e9s\"}]},{\"@type\":\"WebSite\",\"@id\":\"https:\/\/www.toutsurmesfinances.com\/impots\/#website\",\"url\":\"https:\/\/www.toutsurmesfinances.com\/impots\/\",\"name\":\"Imp\u00f4ts\",\"description\":\"\",\"publisher\":{\"@id\":\"https:\/\/www.toutsurmesfinances.com\/impots\/#organization\"},\"potentialAction\":[{\"@type\":\"SearchAction\",\"target\":{\"@type\":\"EntryPoint\",\"urlTemplate\":\"https:\/\/www.toutsurmesfinances.com\/impots\/?s={search_term_string}\"},\"query-input\":{\"@type\":\"PropertyValueSpecification\",\"valueRequired\":true,\"valueName\":\"search_term_string\"}}],\"inLanguage\":\"fr-FR\"},{\"@type\":\"Organization\",\"@id\":\"https:\/\/www.toutsurmesfinances.com\/impots\/#organization\",\"name\":\"Tout Sur Mes Finances\",\"url\":\"https:\/\/www.toutsurmesfinances.com\/impots\/\",\"logo\":{\"@type\":\"ImageObject\",\"inLanguage\":\"fr-FR\",\"@id\":\"https:\/\/www.toutsurmesfinances.com\/impots\/#\/schema\/logo\/image\/\",\"url\":\"https:\/\/www.toutsurmesfinances.com\/impots\/wp-content\/uploads\/sites\/6\/2021\/01\/favicon.png\",\"contentUrl\":\"https:\/\/www.toutsurmesfinances.com\/impots\/wp-content\/uploads\/sites\/6\/2021\/01\/favicon.png\",\"width\":512,\"height\":512,\"caption\":\"Tout Sur Mes Finances\"},\"image\":{\"@id\":\"https:\/\/www.toutsurmesfinances.com\/impots\/#\/schema\/logo\/image\/\"},\"sameAs\":[\"https:\/\/x.com\/Toutsur\"]},{\"@type\":\"Person\",\"@id\":\"https:\/\/www.toutsurmesfinances.com\/impots\/#\/schema\/person\/0db982772f347427a245285a30f55036\",\"name\":\"Solenne Dimofski\",\"image\":{\"@type\":\"ImageObject\",\"inLanguage\":\"fr-FR\",\"@id\":\"https:\/\/www.toutsurmesfinances.com\/impots\/#\/schema\/person\/image\/\",\"url\":\"https:\/\/secure.gravatar.com\/avatar\/c847f59fd93e14cf682fd090abd73a23?s=96&d=mm&r=g\",\"contentUrl\":\"https:\/\/secure.gravatar.com\/avatar\/c847f59fd93e14cf682fd090abd73a23?s=96&d=mm&r=g\",\"caption\":\"Solenne Dimofski\"},\"description\":\"Solenne Dimofski est journaliste sp\u00e9cialis\u00e9e en finances personnelles et consommation. Elle a \u00e9t\u00e9 r\u00e9dactrice chez ToutSurMesFinances de 2013 \u00e0 2017, o\u00f9 elle a couvert l\u2019actualit\u00e9 financi\u00e8re (assurance, placements, immobilier, imp\u00f4ts, retraite) et occup\u00e9 les fonctions de secr\u00e9taire de r\u00e9daction. Elle a \u00e9galement \u00e9t\u00e9 responsable de la rubrique Assurance et r\u00e9dactrice en chef du Mag Mes Finances.\",\"sameAs\":[\"https:\/\/www.toutsurmesfinances.com\/author\/solenne\",\"https:\/\/www.linkedin.com\/in\/solenne-dimofski-solennedim\/\"]}]}<\/script>\n<!-- \/ Yoast SEO plugin. -->","yoast_head_json":{"title":"60 ans de TVA en dates cl\u00e9s","description":"La taxe sur la valeur ajout\u00e9e (TVA) a \u00e9t\u00e9 vot\u00e9e il y a 60 ans le 10 avril 1954. Retour sur 60 ans de TVA en dates cl\u00e9s.","robots":{"index":"index","follow":"follow","max-snippet":"max-snippet:-1","max-image-preview":"max-image-preview:large","max-video-preview":"max-video-preview:-1"},"canonical":"https:\/\/www.toutsurmesfinances.com\/impots\/60-ans-de-tva-en-dates-cles.html","og_locale":"fr_FR","og_type":"article","og_title":"60 ans de TVA en dates cl\u00e9s","og_description":"La taxe sur la valeur ajout\u00e9e (TVA) a \u00e9t\u00e9 vot\u00e9e il y a 60 ans le 10 avril 1954. Retour sur 60 ans de TVA en dates cl\u00e9s.","og_url":"https:\/\/www.toutsurmesfinances.com\/impots\/60-ans-de-tva-en-dates-cles.html","og_site_name":"Imp\u00f4ts","article_published_time":"2014-04-08T11:26:21+00:00","article_modified_time":"2021-12-02T11:00:21+00:00","og_image":[{"width":480,"height":360,"url":"https:\/\/www.toutsurmesfinances.com\/impots\/wp-content\/uploads\/sites\/6\/2014\/04\/tiquets-consommation-fotolia.jpg","type":"image\/jpeg"}],"author":"Solenne Dimofski","twitter_card":"summary_large_image","twitter_creator":"@Toutsur","twitter_site":"@Toutsur","twitter_misc":{"\u00c9crit par":"Solenne Dimofski","Dur\u00e9e de lecture estim\u00e9e":"3 minutes"},"schema":{"@context":"https:\/\/schema.org","@graph":[{"@type":"Article","@id":"https:\/\/www.toutsurmesfinances.com\/impots\/60-ans-de-tva-en-dates-cles.html#article","isPartOf":{"@id":"https:\/\/www.toutsurmesfinances.com\/impots\/60-ans-de-tva-en-dates-cles.html"},"author":{"name":"Solenne Dimofski","@id":"https:\/\/www.toutsurmesfinances.com\/impots\/#\/schema\/person\/0db982772f347427a245285a30f55036"},"headline":"60 ans de TVA en dates cl\u00e9s","dateModified":"2021-12-02T11:00:21+00:00","mainEntityOfPage":{"@id":"https:\/\/www.toutsurmesfinances.com\/impots\/60-ans-de-tva-en-dates-cles.html"},"wordCount":601,"publisher":{"@id":"https:\/\/www.toutsurmesfinances.com\/impots\/#organization"},"image":{"@id":"https:\/\/www.toutsurmesfinances.com\/impots\/60-ans-de-tva-en-dates-cles.html#primaryimage"},"thumbnailUrl":"https:\/\/www.toutsurmesfinances.com\/impots\/wp-content\/uploads\/sites\/6\/2014\/04\/tiquets-consommation-fotolia.jpg","articleSection":["TVA"],"inLanguage":"fr-FR"},{"@type":"WebPage","@id":"https:\/\/www.toutsurmesfinances.com\/impots\/60-ans-de-tva-en-dates-cles.html","url":"https:\/\/www.toutsurmesfinances.com\/impots\/60-ans-de-tva-en-dates-cles.html","name":"60 ans de TVA en dates cl\u00e9s","isPartOf":{"@id":"https:\/\/www.toutsurmesfinances.com\/impots\/#website"},"primaryImageOfPage":{"@id":"https:\/\/www.toutsurmesfinances.com\/impots\/60-ans-de-tva-en-dates-cles.html#primaryimage"},"image":{"@id":"https:\/\/www.toutsurmesfinances.com\/impots\/60-ans-de-tva-en-dates-cles.html#primaryimage"},"thumbnailUrl":"https:\/\/www.toutsurmesfinances.com\/impots\/wp-content\/uploads\/sites\/6\/2014\/04\/tiquets-consommation-fotolia.jpg","dateModified":"2021-12-02T11:00:21+00:00","description":"La taxe sur la valeur ajout\u00e9e (TVA) a \u00e9t\u00e9 vot\u00e9e il y a 60 ans le 10 avril 1954. Retour sur 60 ans de TVA en dates cl\u00e9s.","breadcrumb":{"@id":"https:\/\/www.toutsurmesfinances.com\/impots\/60-ans-de-tva-en-dates-cles.html#breadcrumb"},"inLanguage":"fr-FR","potentialAction":[{"@type":"ReadAction","target":["https:\/\/www.toutsurmesfinances.com\/impots\/60-ans-de-tva-en-dates-cles.html"]}]},{"@type":"ImageObject","inLanguage":"fr-FR","@id":"https:\/\/www.toutsurmesfinances.com\/impots\/60-ans-de-tva-en-dates-cles.html#primaryimage","url":"https:\/\/www.toutsurmesfinances.com\/impots\/wp-content\/uploads\/sites\/6\/2014\/04\/tiquets-consommation-fotolia.jpg","contentUrl":"https:\/\/www.toutsurmesfinances.com\/impots\/wp-content\/uploads\/sites\/6\/2014\/04\/tiquets-consommation-fotolia.jpg","width":480,"height":360,"caption":"Il y a 60 ans, le 10 avril 1954, \u00e9tait cr\u00e9\u00e9e la taxe sur la valeur ajout\u00e9e (TVA). (Fotolia)"},{"@type":"BreadcrumbList","@id":"https:\/\/www.toutsurmesfinances.com\/impots\/60-ans-de-tva-en-dates-cles.html#breadcrumb","itemListElement":[{"@type":"ListItem","position":1,"name":"Accueil","item":"https:\/\/www.toutsurmesfinances.com\/impots\/"},{"@type":"ListItem","position":2,"name":"Taxes","item":"https:\/\/www.toutsurmesfinances.com\/impots\/c\/taxes"},{"@type":"ListItem","position":3,"name":"TVA","item":"https:\/\/www.toutsurmesfinances.com\/impots\/c\/tva"},{"@type":"ListItem","position":4,"name":"60 ans de TVA en dates cl\u00e9s"}]},{"@type":"WebSite","@id":"https:\/\/www.toutsurmesfinances.com\/impots\/#website","url":"https:\/\/www.toutsurmesfinances.com\/impots\/","name":"Imp\u00f4ts","description":"","publisher":{"@id":"https:\/\/www.toutsurmesfinances.com\/impots\/#organization"},"potentialAction":[{"@type":"SearchAction","target":{"@type":"EntryPoint","urlTemplate":"https:\/\/www.toutsurmesfinances.com\/impots\/?s={search_term_string}"},"query-input":{"@type":"PropertyValueSpecification","valueRequired":true,"valueName":"search_term_string"}}],"inLanguage":"fr-FR"},{"@type":"Organization","@id":"https:\/\/www.toutsurmesfinances.com\/impots\/#organization","name":"Tout Sur Mes Finances","url":"https:\/\/www.toutsurmesfinances.com\/impots\/","logo":{"@type":"ImageObject","inLanguage":"fr-FR","@id":"https:\/\/www.toutsurmesfinances.com\/impots\/#\/schema\/logo\/image\/","url":"https:\/\/www.toutsurmesfinances.com\/impots\/wp-content\/uploads\/sites\/6\/2021\/01\/favicon.png","contentUrl":"https:\/\/www.toutsurmesfinances.com\/impots\/wp-content\/uploads\/sites\/6\/2021\/01\/favicon.png","width":512,"height":512,"caption":"Tout Sur Mes Finances"},"image":{"@id":"https:\/\/www.toutsurmesfinances.com\/impots\/#\/schema\/logo\/image\/"},"sameAs":["https:\/\/x.com\/Toutsur"]},{"@type":"Person","@id":"https:\/\/www.toutsurmesfinances.com\/impots\/#\/schema\/person\/0db982772f347427a245285a30f55036","name":"Solenne Dimofski","image":{"@type":"ImageObject","inLanguage":"fr-FR","@id":"https:\/\/www.toutsurmesfinances.com\/impots\/#\/schema\/person\/image\/","url":"https:\/\/secure.gravatar.com\/avatar\/c847f59fd93e14cf682fd090abd73a23?s=96&d=mm&r=g","contentUrl":"https:\/\/secure.gravatar.com\/avatar\/c847f59fd93e14cf682fd090abd73a23?s=96&d=mm&r=g","caption":"Solenne Dimofski"},"description":"Solenne Dimofski est journaliste sp\u00e9cialis\u00e9e en finances personnelles et consommation. Elle a \u00e9t\u00e9 r\u00e9dactrice chez ToutSurMesFinances de 2013 \u00e0 2017, o\u00f9 elle a couvert l\u2019actualit\u00e9 financi\u00e8re (assurance, placements, immobilier, imp\u00f4ts, retraite) et occup\u00e9 les fonctions de secr\u00e9taire de r\u00e9daction. Elle a \u00e9galement \u00e9t\u00e9 responsable de la rubrique Assurance et r\u00e9dactrice en chef du Mag Mes Finances.","sameAs":["https:\/\/www.toutsurmesfinances.com\/author\/solenne","https:\/\/www.linkedin.com\/in\/solenne-dimofski-solennedim\/"]}]}},"_links":{"self":[{"href":"https:\/\/www.toutsurmesfinances.com\/impots\/wp-json\/wp\/v2\/posts\/54861","targetHints":{"allow":["GET"]}}],"collection":[{"href":"https:\/\/www.toutsurmesfinances.com\/impots\/wp-json\/wp\/v2\/posts"}],"about":[{"href":"https:\/\/www.toutsurmesfinances.com\/impots\/wp-json\/wp\/v2\/types\/post"}],"author":[{"embeddable":true,"href":"https:\/\/www.toutsurmesfinances.com\/impots\/wp-json\/wp\/v2\/users\/13712"}],"replies":[{"embeddable":true,"href":"https:\/\/www.toutsurmesfinances.com\/impots\/wp-json\/wp\/v2\/comments?post=54861"}],"version-history":[{"count":3,"href":"https:\/\/www.toutsurmesfinances.com\/impots\/wp-json\/wp\/v2\/posts\/54861\/revisions"}],"predecessor-version":[{"id":68775,"href":"https:\/\/www.toutsurmesfinances.com\/impots\/wp-json\/wp\/v2\/posts\/54861\/revisions\/68775"}],"wp:featuredmedia":[{"embeddable":true,"href":"https:\/\/www.toutsurmesfinances.com\/impots\/wp-json\/wp\/v2\/media\/54860"}],"wp:attachment":[{"href":"https:\/\/www.toutsurmesfinances.com\/impots\/wp-json\/wp\/v2\/media?parent=54861"}],"wp:term":[{"taxonomy":"category","embeddable":true,"href":"https:\/\/www.toutsurmesfinances.com\/impots\/wp-json\/wp\/v2\/categories?post=54861"},{"taxonomy":"post_tag","embeddable":true,"href":"https:\/\/www.toutsurmesfinances.com\/impots\/wp-json\/wp\/v2\/tags?post=54861"}],"curies":[{"name":"wp","href":"https:\/\/api.w.org\/{rel}","templated":true}]}}