{"id":56129,"date":"2015-09-25T10:09:54","date_gmt":"2015-09-25T08:09:54","guid":{"rendered":"https:\/\/www.toutsurmesfinances.com\/impots\/prelevements-sociaux-payes-a-tort-des-expatries-exclus-de-la-procedure-de-restitution.html"},"modified":"2021-12-08T10:51:25","modified_gmt":"2021-12-08T09:51:25","slug":"prelevements-sociaux-payes-a-tort-des-expatries-exclus-de-la-procedure-de-restitution","status":"publish","type":"post","link":"https:\/\/www.toutsurmesfinances.com\/impots\/prelevements-sociaux-payes-a-tort-des-expatries-exclus-de-la-procedure-de-restitution.html","title":{"rendered":"Pr\u00e9l\u00e8vements sociaux pay\u00e9s \u00e0 tort : des expatri\u00e9s exclus de la proc\u00e9dure de restitution"},"content":{"rendered":"<section class=\"l-section wpb_row height_small\"><div class=\"l-section-h i-cf\"><div class=\"g-cols vc_row via_flex valign_top type_default stacking_default\"><div class=\"vc_col-sm-12 wpb_column vc_column_container\"><div class=\"vc_column-inner\"><div class=\"wpb_wrapper\"><div class=\"wpb_text_column\"><div class=\"wpb_wrapper\"><p>On en sait un peu plus sur les r\u00e8gles de remboursement des pr\u00e9l\u00e8vements sociaux (CSG, CRDS, etc.) r\u00e9gl\u00e9s \u00e0 tort par les non-r\u00e9sidents propri\u00e9taires de biens immobiliers en France, affili\u00e9s au syst\u00e8me de s\u00e9curit\u00e9 sociale d&rsquo;un autre \u00c9tat. La proc\u00e9dure de restitution, induite par une d\u00e9cision du Conseil d&rsquo;Etat du 27 juillet 2015 qui reconna\u00eet la non-conformit\u00e9 de cette taxation au droit communautaire, ne concernera pas tous les contribuables assujettis ni toutes les ann\u00e9es d&rsquo;imposition, selon des sources parlementaires convergentes.<\/p>\n<h2><span class=\"ez-toc-section\" id=\"Remboursement_de_la_CSG-CRDS_prelevee_en_2013_2014_et_2015\"><\/span>Remboursement de la CSG-CRDS pr\u00e9lev\u00e9e en 2013, 2014 et 2015<span class=\"ez-toc-section-end\"><\/span><\/h2>\n<p>Les revenus fonciers (loyers) et les plus-values immobili\u00e8res tir\u00e9s par des non-r\u00e9sidents d&rsquo;immeubles situ\u00e9s dans l&rsquo;Hexagone sont soumis aux pr\u00e9l\u00e8vements sociaux (15,5%) depuis le 17 ao\u00fbt 2012, suite \u00e0 une disposition prise dans le cadre des premi\u00e8res mesures fiscales d\u00e9cid\u00e9s au d\u00e9but du quinquennat de Fran\u00e7ois Hollande. Mais seuls <em>\u00ab les pr\u00e9l\u00e8vements op\u00e9r\u00e9s en 2013, 2014 et 2015 seraient rembours\u00e9s \u00e0 tous les contribuables non-r\u00e9sidents concern\u00e9s qui en feront la demande aupr\u00e8s de la Direction g\u00e9n\u00e9rale des finances publiques \u00bb<\/em>, r\u00e9v\u00e8le <a href=\"http:\/\/www.pyleborgn.eu\/2015\/09\/position-du-gouvernement-sur-la-csg-et-la-crds\/\" target=\"_blank\" rel=\"nofollow noopener noreferrer\">sur son blog<\/a> le d\u00e9put\u00e9 socialiste Pierre-Yves Le Borgn&rsquo;. En effet, le dispositif <em>\u00ab exclurait l&rsquo;ann\u00e9e 2012 en vertu des r\u00e8gles de prescription \u00bb,<\/em> pr\u00e9cise-t-il. Ce que confirment implicitement dans un communiqu\u00e9 commun les s\u00e9nateurs PS repr\u00e9sentant les Fran\u00e7ais de l&rsquo;\u00e9tranger Richard Yung, H\u00e9l\u00e8ne Conway-Mouret, Jean-Yves Leconte et Claudine Lepage. <em>\u00ab Nous souhaitons que tous les revenus ind\u00fbment pr\u00e9lev\u00e9s depuis 2012 soient couverts. \u00bb<\/em><\/p>\n<p>En plus de cette limite temporelle, le gouvernement en aurait fix\u00e9 une autre sur la d\u00e9finition des non-r\u00e9sidents \u00e9ligibles. Le m\u00e9canisme de remboursement <em>\u00ab ne s&rsquo;adresserait qu&rsquo;aux contribuables non-r\u00e9sidents \u00e9tablis dans l&rsquo;Union europ\u00e9enne ainsi qu&rsquo;en Suisse, Liechtenstein, Norv\u00e8ge et Islande \u00bb<\/em>, indique Pierre-Yves Le Borgn&rsquo;. <em>\u00ab Ce remboursement b\u00e9n\u00e9ficiera notamment aux Fran\u00e7ais \u00e9tablis dans un autre \u00c9tat membre de l&rsquo;UE qui ne sont pas affili\u00e9s au r\u00e9gime fran\u00e7ais de s\u00e9curit\u00e9 sociale \u00bb<\/em>, confirment partiellement les quatre s\u00e9nateurs socialistes. En d&rsquo;autres termes, les pr\u00e9l\u00e8vements sociaux effectu\u00e9s \u00e0 tort sur les revenus immobiliers de source fran\u00e7aise per\u00e7us par des personnes r\u00e9sidant hors d&rsquo;Europe n&rsquo;ouvriraient pas le droit au moindre euro rembours\u00e9.<\/p>\n<h2><span class=\"ez-toc-section\" id=\"%C2%AB_Deux_categories_de_Francais_de_letranger_%C2%BB\"><\/span>\u00ab Deux cat\u00e9gories de Fran\u00e7ais de l&rsquo;\u00e9tranger \u00bb<span class=\"ez-toc-section-end\"><\/span><\/h2>\n<p><em>\u00ab Il para\u00eet injuste et discriminatoire que les contribuables r\u00e9sidant hors de l&rsquo;UE qui ne sont pas affili\u00e9s au r\u00e9gime fran\u00e7ais de s\u00e9curit\u00e9 sociale soient exclus du remboursement. Ce faisant, le gouvernement cr\u00e9e deux cat\u00e9gories de Fran\u00e7ais de l&rsquo;\u00e9tranger, <\/em>fustigent les s\u00e9nateurs PS<em>. Nous l&rsquo;appelons \u00e0 revenir sur sa d\u00e9cision. \u00bb<\/em> M\u00eame indignation du c\u00f4t\u00e9 de Pierre-Yves Le Borgn&rsquo;.<em> \u00ab Ne rembourser qu&rsquo;une partie des non-r\u00e9sidents conduirait \u00e0 une rupture d&rsquo;\u00e9galit\u00e9 devant les charges publiques \u00bb<\/em>, s&rsquo;offusque le repr\u00e9sentant des Fran\u00e7ais vivant en Allemagne, en Europe centrale, orientale et dans les Balkans.<\/p>\n<p>Quant \u00e0 la proc\u00e9dure de restitution proprement dite, <em>\u00ab chacun devra faire une demande de remboursement \u00bb<\/em>, d&rsquo;apr\u00e8s les s\u00e9nateurs. Les contribuables devront monter un dossier comportant <em>\u00ab les actes d&rsquo;imposition \u00bb<\/em> et des pi\u00e8ces justificatives<em> \u00ab apportant la preuve de leur affiliation au r\u00e9gime de s\u00e9curit\u00e9 sociale de leur pays de r\u00e9sidence \u00bb,<\/em> pr\u00e9cise Pierre-Yves Le Borgn&rsquo;. Ce dernier indique que les sommes pay\u00e9es seraient <em>\u00ab int\u00e9gralement restitu\u00e9es, major\u00e9es du taux d&rsquo;int\u00e9r\u00eat l\u00e9gal \u00bb<\/em>. Selon le d\u00e9put\u00e9, les r\u00e8gles de remboursement vont faire l&rsquo;objet d&rsquo;une <em>\u00ab communication imminente du gouvernement \u00bb.<\/em> Contact\u00e9, le minist\u00e8re des Finances n&rsquo;a pas encore r\u00e9pondu \u00e0 nos demandes de pr\u00e9cisions.<\/p>\n<p>En attendant, les avis d&rsquo;imposition envoy\u00e9s par l&rsquo;administration fiscale exigent \u00e0 nouveau le versement des pr\u00e9l\u00e8vements sociaux sur les revenus immobiliers touch\u00e9s en 2014&#8230;<\/p>\n<\/div><\/div><\/div><\/div><\/div><\/div><\/div><\/section>\n","protected":false},"excerpt":{"rendered":"<p>Les contours du m\u00e9canisme de remboursement des pr\u00e9l\u00e8vements sociaux sur le patrimoine immobilier ind\u00fbment r\u00e9gl\u00e9s par les non-r\u00e9sidents fran\u00e7ais affili\u00e9s \u00e0 un autre r\u00e9gime de S\u00e9curit\u00e9 sociale se pr\u00e9cisent. Mauvaise nouvelle, le gouvernement aurait fix\u00e9 deux limites importantes : l&rsquo;ann\u00e9e 2012 et les ressortissants extra-europ\u00e9ens n&rsquo;y auraient pas droit.  \u00a0<\/p>\n","protected":false},"author":13709,"featured_media":56128,"comment_status":"closed","ping_status":"closed","sticky":false,"template":"","format":"standard","meta":{"footnotes":""},"categories":[16],"tags":[],"class_list":["post-56129","post","type-post","status-publish","format-standard","has-post-thumbnail","hentry","category-prelevements-sociaux"],"acf":[],"yoast_head":"<!-- This site is optimized with the Yoast SEO plugin v24.9 - https:\/\/yoast.com\/wordpress\/plugins\/seo\/ -->\n<title>Pr\u00e9l\u00e8vements sociaux pay\u00e9s \u00e0 tort : des expatri\u00e9s exclus de la proc\u00e9dure de restitution<\/title>\n<meta name=\"description\" content=\"Les contours du m\u00e9canisme de remboursement des pr\u00e9l\u00e8vements sociaux sur le patrimoine immobilier ind\u00fbment r\u00e9gl\u00e9s par les non-r\u00e9sidents fran\u00e7ais affili\u00e9s \u00e0 un autre r\u00e9gime de S\u00e9curit\u00e9 sociale se pr\u00e9cisent. Mauvaise nouvelle, le gouvernement aurait fix\u00e9 deu\" \/>\n<meta name=\"robots\" content=\"index, follow, max-snippet:-1, max-image-preview:large, max-video-preview:-1\" \/>\n<link rel=\"canonical\" href=\"https:\/\/www.toutsurmesfinances.com\/impots\/prelevements-sociaux-payes-a-tort-des-expatries-exclus-de-la-procedure-de-restitution.html\" \/>\n<meta property=\"og:locale\" content=\"fr_FR\" \/>\n<meta property=\"og:type\" content=\"article\" \/>\n<meta property=\"og:title\" content=\"Pr\u00e9l\u00e8vements sociaux pay\u00e9s \u00e0 tort : des expatri\u00e9s exclus de la proc\u00e9dure de restitution\" \/>\n<meta property=\"og:description\" content=\"Les contours du m\u00e9canisme de remboursement des pr\u00e9l\u00e8vements sociaux sur le patrimoine immobilier ind\u00fbment r\u00e9gl\u00e9s par les non-r\u00e9sidents fran\u00e7ais affili\u00e9s \u00e0 un autre r\u00e9gime de S\u00e9curit\u00e9 sociale se pr\u00e9cisent. Mauvaise nouvelle, le gouvernement aurait fix\u00e9 deu\" \/>\n<meta property=\"og:url\" content=\"https:\/\/www.toutsurmesfinances.com\/impots\/prelevements-sociaux-payes-a-tort-des-expatries-exclus-de-la-procedure-de-restitution.html\" \/>\n<meta property=\"og:site_name\" content=\"Imp\u00f4ts\" \/>\n<meta property=\"article:published_time\" content=\"2015-09-25T08:09:54+00:00\" \/>\n<meta property=\"article:modified_time\" content=\"2021-12-08T09:51:25+00:00\" \/>\n<meta property=\"og:image\" content=\"https:\/\/www.toutsurmesfinances.com\/impots\/wp-content\/uploads\/sites\/6\/2015\/09\/sip-nr-noisy.jpg\" \/>\n\t<meta property=\"og:image:width\" content=\"823\" \/>\n\t<meta property=\"og:image:height\" content=\"463\" \/>\n\t<meta property=\"og:image:type\" content=\"image\/jpeg\" \/>\n<meta name=\"author\" content=\"Olivier Brunet\" \/>\n<meta name=\"twitter:card\" content=\"summary_large_image\" \/>\n<meta name=\"twitter:creator\" content=\"@Toutsur\" \/>\n<meta name=\"twitter:site\" content=\"@Toutsur\" \/>\n<meta name=\"twitter:label1\" content=\"\u00c9crit par\" \/>\n\t<meta name=\"twitter:data1\" content=\"Olivier Brunet\" \/>\n\t<meta name=\"twitter:label2\" content=\"Dur\u00e9e de lecture estim\u00e9e\" \/>\n\t<meta name=\"twitter:data2\" content=\"3 minutes\" \/>\n<script type=\"application\/ld+json\" class=\"yoast-schema-graph\">{\"@context\":\"https:\/\/schema.org\",\"@graph\":[{\"@type\":\"Article\",\"@id\":\"https:\/\/www.toutsurmesfinances.com\/impots\/prelevements-sociaux-payes-a-tort-des-expatries-exclus-de-la-procedure-de-restitution.html#article\",\"isPartOf\":{\"@id\":\"https:\/\/www.toutsurmesfinances.com\/impots\/prelevements-sociaux-payes-a-tort-des-expatries-exclus-de-la-procedure-de-restitution.html\"},\"author\":{\"name\":\"Olivier Brunet\",\"@id\":\"https:\/\/www.toutsurmesfinances.com\/impots\/#\/schema\/person\/f3692b3163890cd1408bd0dc68a1b55a\"},\"headline\":\"Pr\u00e9l\u00e8vements sociaux pay\u00e9s \u00e0 tort : des expatri\u00e9s exclus de la proc\u00e9dure de restitution\",\"dateModified\":\"2021-12-08T09:51:25+00:00\",\"mainEntityOfPage\":{\"@id\":\"https:\/\/www.toutsurmesfinances.com\/impots\/prelevements-sociaux-payes-a-tort-des-expatries-exclus-de-la-procedure-de-restitution.html\"},\"wordCount\":700,\"publisher\":{\"@id\":\"https:\/\/www.toutsurmesfinances.com\/impots\/#organization\"},\"image\":{\"@id\":\"https:\/\/www.toutsurmesfinances.com\/impots\/prelevements-sociaux-payes-a-tort-des-expatries-exclus-de-la-procedure-de-restitution.html#primaryimage\"},\"thumbnailUrl\":\"https:\/\/www.toutsurmesfinances.com\/impots\/wp-content\/uploads\/sites\/6\/2015\/09\/sip-nr-noisy.jpg\",\"articleSection\":[\"Pr\u00e9l\u00e8vements sociaux\"],\"inLanguage\":\"fr-FR\"},{\"@type\":\"WebPage\",\"@id\":\"https:\/\/www.toutsurmesfinances.com\/impots\/prelevements-sociaux-payes-a-tort-des-expatries-exclus-de-la-procedure-de-restitution.html\",\"url\":\"https:\/\/www.toutsurmesfinances.com\/impots\/prelevements-sociaux-payes-a-tort-des-expatries-exclus-de-la-procedure-de-restitution.html\",\"name\":\"Pr\u00e9l\u00e8vements sociaux pay\u00e9s \u00e0 tort : des expatri\u00e9s exclus de la proc\u00e9dure de restitution\",\"isPartOf\":{\"@id\":\"https:\/\/www.toutsurmesfinances.com\/impots\/#website\"},\"primaryImageOfPage\":{\"@id\":\"https:\/\/www.toutsurmesfinances.com\/impots\/prelevements-sociaux-payes-a-tort-des-expatries-exclus-de-la-procedure-de-restitution.html#primaryimage\"},\"image\":{\"@id\":\"https:\/\/www.toutsurmesfinances.com\/impots\/prelevements-sociaux-payes-a-tort-des-expatries-exclus-de-la-procedure-de-restitution.html#primaryimage\"},\"thumbnailUrl\":\"https:\/\/www.toutsurmesfinances.com\/impots\/wp-content\/uploads\/sites\/6\/2015\/09\/sip-nr-noisy.jpg\",\"dateModified\":\"2021-12-08T09:51:25+00:00\",\"description\":\"Les contours du m\u00e9canisme de remboursement des pr\u00e9l\u00e8vements sociaux sur le patrimoine immobilier ind\u00fbment r\u00e9gl\u00e9s par les non-r\u00e9sidents fran\u00e7ais affili\u00e9s \u00e0 un autre r\u00e9gime de S\u00e9curit\u00e9 sociale se pr\u00e9cisent. Mauvaise nouvelle, le gouvernement aurait fix\u00e9 deu\",\"breadcrumb\":{\"@id\":\"https:\/\/www.toutsurmesfinances.com\/impots\/prelevements-sociaux-payes-a-tort-des-expatries-exclus-de-la-procedure-de-restitution.html#breadcrumb\"},\"inLanguage\":\"fr-FR\",\"potentialAction\":[{\"@type\":\"ReadAction\",\"target\":[\"https:\/\/www.toutsurmesfinances.com\/impots\/prelevements-sociaux-payes-a-tort-des-expatries-exclus-de-la-procedure-de-restitution.html\"]}]},{\"@type\":\"ImageObject\",\"inLanguage\":\"fr-FR\",\"@id\":\"https:\/\/www.toutsurmesfinances.com\/impots\/prelevements-sociaux-payes-a-tort-des-expatries-exclus-de-la-procedure-de-restitution.html#primaryimage\",\"url\":\"https:\/\/www.toutsurmesfinances.com\/impots\/wp-content\/uploads\/sites\/6\/2015\/09\/sip-nr-noisy.jpg\",\"contentUrl\":\"https:\/\/www.toutsurmesfinances.com\/impots\/wp-content\/uploads\/sites\/6\/2015\/09\/sip-nr-noisy.jpg\",\"width\":823,\"height\":463,\"caption\":\"CSG-CRDS pay\u00e9e \u00e0 tort : des expatri\u00e9s exclus de la proc\u00e9dure de restitution (en photo le service des imp\u00f4ts des non-r\u00e9sidents en banlieue parisienne)\"},{\"@type\":\"BreadcrumbList\",\"@id\":\"https:\/\/www.toutsurmesfinances.com\/impots\/prelevements-sociaux-payes-a-tort-des-expatries-exclus-de-la-procedure-de-restitution.html#breadcrumb\",\"itemListElement\":[{\"@type\":\"ListItem\",\"position\":1,\"name\":\"Accueil\",\"item\":\"https:\/\/www.toutsurmesfinances.com\/impots\/\"},{\"@type\":\"ListItem\",\"position\":2,\"name\":\"Pr\u00e9l\u00e8vements sociaux\",\"item\":\"https:\/\/www.toutsurmesfinances.com\/impots\/c\/prelevements-sociaux\"},{\"@type\":\"ListItem\",\"position\":3,\"name\":\"Pr\u00e9l\u00e8vements sociaux pay\u00e9s \u00e0 tort : des expatri\u00e9s exclus de la proc\u00e9dure de restitution\"}]},{\"@type\":\"WebSite\",\"@id\":\"https:\/\/www.toutsurmesfinances.com\/impots\/#website\",\"url\":\"https:\/\/www.toutsurmesfinances.com\/impots\/\",\"name\":\"Imp\u00f4ts\",\"description\":\"\",\"publisher\":{\"@id\":\"https:\/\/www.toutsurmesfinances.com\/impots\/#organization\"},\"potentialAction\":[{\"@type\":\"SearchAction\",\"target\":{\"@type\":\"EntryPoint\",\"urlTemplate\":\"https:\/\/www.toutsurmesfinances.com\/impots\/?s={search_term_string}\"},\"query-input\":{\"@type\":\"PropertyValueSpecification\",\"valueRequired\":true,\"valueName\":\"search_term_string\"}}],\"inLanguage\":\"fr-FR\"},{\"@type\":\"Organization\",\"@id\":\"https:\/\/www.toutsurmesfinances.com\/impots\/#organization\",\"name\":\"Tout Sur Mes Finances\",\"url\":\"https:\/\/www.toutsurmesfinances.com\/impots\/\",\"logo\":{\"@type\":\"ImageObject\",\"inLanguage\":\"fr-FR\",\"@id\":\"https:\/\/www.toutsurmesfinances.com\/impots\/#\/schema\/logo\/image\/\",\"url\":\"https:\/\/www.toutsurmesfinances.com\/impots\/wp-content\/uploads\/sites\/6\/2021\/01\/favicon.png\",\"contentUrl\":\"https:\/\/www.toutsurmesfinances.com\/impots\/wp-content\/uploads\/sites\/6\/2021\/01\/favicon.png\",\"width\":512,\"height\":512,\"caption\":\"Tout Sur Mes Finances\"},\"image\":{\"@id\":\"https:\/\/www.toutsurmesfinances.com\/impots\/#\/schema\/logo\/image\/\"},\"sameAs\":[\"https:\/\/x.com\/Toutsur\"]},{\"@type\":\"Person\",\"@id\":\"https:\/\/www.toutsurmesfinances.com\/impots\/#\/schema\/person\/f3692b3163890cd1408bd0dc68a1b55a\",\"name\":\"Olivier Brunet\",\"image\":{\"@type\":\"ImageObject\",\"inLanguage\":\"fr-FR\",\"@id\":\"https:\/\/www.toutsurmesfinances.com\/impots\/#\/schema\/person\/image\/\",\"url\":\"https:\/\/secure.gravatar.com\/avatar\/59a19214b7bb3163a27d873fa61f9a80?s=96&d=mm&r=g\",\"contentUrl\":\"https:\/\/secure.gravatar.com\/avatar\/59a19214b7bb3163a27d873fa61f9a80?s=96&d=mm&r=g\",\"caption\":\"Olivier Brunet\"},\"description\":\"Olivier Brunet est cofondateur de\u00a0ToutSurMesFinances.com\u00a0et r\u00e9dacteur en chef sp\u00e9cialis\u00e9 en placements et fiscalit\u00e9\u00a0des particuliers. Pr\u00e9sent\u00a0au sein du\u00a0m\u00e9dia\u00a0depuis sa cr\u00e9ation, il en est l\u2019un des piliers \u00e9ditoriaux. Il analyse les strat\u00e9gies d\u2019investissement,\u00a0suit\u00a0les \u00e9volutions fiscales et les\u00a0probl\u00e9matiques\u00a0patrimoniales\u00a0avec une vision long terme, forg\u00e9e par des ann\u00e9es de pratique et de suivi des march\u00e9s.\u00a0\",\"sameAs\":[\"https:\/\/www.toutsurmesfinances.com\/author\/olivier\",\"https:\/\/www.linkedin.com\/in\/obrunet\/\"]}]}<\/script>\n<!-- \/ Yoast SEO plugin. -->","yoast_head_json":{"title":"Pr\u00e9l\u00e8vements sociaux pay\u00e9s \u00e0 tort : des expatri\u00e9s exclus de la proc\u00e9dure de restitution","description":"Les contours du m\u00e9canisme de remboursement des pr\u00e9l\u00e8vements sociaux sur le patrimoine immobilier ind\u00fbment r\u00e9gl\u00e9s par les non-r\u00e9sidents fran\u00e7ais affili\u00e9s \u00e0 un autre r\u00e9gime de S\u00e9curit\u00e9 sociale se pr\u00e9cisent. Mauvaise nouvelle, le gouvernement aurait fix\u00e9 deu","robots":{"index":"index","follow":"follow","max-snippet":"max-snippet:-1","max-image-preview":"max-image-preview:large","max-video-preview":"max-video-preview:-1"},"canonical":"https:\/\/www.toutsurmesfinances.com\/impots\/prelevements-sociaux-payes-a-tort-des-expatries-exclus-de-la-procedure-de-restitution.html","og_locale":"fr_FR","og_type":"article","og_title":"Pr\u00e9l\u00e8vements sociaux pay\u00e9s \u00e0 tort : des expatri\u00e9s exclus de la proc\u00e9dure de restitution","og_description":"Les contours du m\u00e9canisme de remboursement des pr\u00e9l\u00e8vements sociaux sur le patrimoine immobilier ind\u00fbment r\u00e9gl\u00e9s par les non-r\u00e9sidents fran\u00e7ais affili\u00e9s \u00e0 un autre r\u00e9gime de S\u00e9curit\u00e9 sociale se pr\u00e9cisent. Mauvaise nouvelle, le gouvernement aurait fix\u00e9 deu","og_url":"https:\/\/www.toutsurmesfinances.com\/impots\/prelevements-sociaux-payes-a-tort-des-expatries-exclus-de-la-procedure-de-restitution.html","og_site_name":"Imp\u00f4ts","article_published_time":"2015-09-25T08:09:54+00:00","article_modified_time":"2021-12-08T09:51:25+00:00","og_image":[{"width":823,"height":463,"url":"https:\/\/www.toutsurmesfinances.com\/impots\/wp-content\/uploads\/sites\/6\/2015\/09\/sip-nr-noisy.jpg","type":"image\/jpeg"}],"author":"Olivier Brunet","twitter_card":"summary_large_image","twitter_creator":"@Toutsur","twitter_site":"@Toutsur","twitter_misc":{"\u00c9crit par":"Olivier Brunet","Dur\u00e9e de lecture estim\u00e9e":"3 minutes"},"schema":{"@context":"https:\/\/schema.org","@graph":[{"@type":"Article","@id":"https:\/\/www.toutsurmesfinances.com\/impots\/prelevements-sociaux-payes-a-tort-des-expatries-exclus-de-la-procedure-de-restitution.html#article","isPartOf":{"@id":"https:\/\/www.toutsurmesfinances.com\/impots\/prelevements-sociaux-payes-a-tort-des-expatries-exclus-de-la-procedure-de-restitution.html"},"author":{"name":"Olivier Brunet","@id":"https:\/\/www.toutsurmesfinances.com\/impots\/#\/schema\/person\/f3692b3163890cd1408bd0dc68a1b55a"},"headline":"Pr\u00e9l\u00e8vements sociaux pay\u00e9s \u00e0 tort : des expatri\u00e9s exclus de la proc\u00e9dure de restitution","dateModified":"2021-12-08T09:51:25+00:00","mainEntityOfPage":{"@id":"https:\/\/www.toutsurmesfinances.com\/impots\/prelevements-sociaux-payes-a-tort-des-expatries-exclus-de-la-procedure-de-restitution.html"},"wordCount":700,"publisher":{"@id":"https:\/\/www.toutsurmesfinances.com\/impots\/#organization"},"image":{"@id":"https:\/\/www.toutsurmesfinances.com\/impots\/prelevements-sociaux-payes-a-tort-des-expatries-exclus-de-la-procedure-de-restitution.html#primaryimage"},"thumbnailUrl":"https:\/\/www.toutsurmesfinances.com\/impots\/wp-content\/uploads\/sites\/6\/2015\/09\/sip-nr-noisy.jpg","articleSection":["Pr\u00e9l\u00e8vements sociaux"],"inLanguage":"fr-FR"},{"@type":"WebPage","@id":"https:\/\/www.toutsurmesfinances.com\/impots\/prelevements-sociaux-payes-a-tort-des-expatries-exclus-de-la-procedure-de-restitution.html","url":"https:\/\/www.toutsurmesfinances.com\/impots\/prelevements-sociaux-payes-a-tort-des-expatries-exclus-de-la-procedure-de-restitution.html","name":"Pr\u00e9l\u00e8vements sociaux pay\u00e9s \u00e0 tort : des expatri\u00e9s exclus de la proc\u00e9dure de restitution","isPartOf":{"@id":"https:\/\/www.toutsurmesfinances.com\/impots\/#website"},"primaryImageOfPage":{"@id":"https:\/\/www.toutsurmesfinances.com\/impots\/prelevements-sociaux-payes-a-tort-des-expatries-exclus-de-la-procedure-de-restitution.html#primaryimage"},"image":{"@id":"https:\/\/www.toutsurmesfinances.com\/impots\/prelevements-sociaux-payes-a-tort-des-expatries-exclus-de-la-procedure-de-restitution.html#primaryimage"},"thumbnailUrl":"https:\/\/www.toutsurmesfinances.com\/impots\/wp-content\/uploads\/sites\/6\/2015\/09\/sip-nr-noisy.jpg","dateModified":"2021-12-08T09:51:25+00:00","description":"Les contours du m\u00e9canisme de remboursement des pr\u00e9l\u00e8vements sociaux sur le patrimoine immobilier ind\u00fbment r\u00e9gl\u00e9s par les non-r\u00e9sidents fran\u00e7ais affili\u00e9s \u00e0 un autre r\u00e9gime de S\u00e9curit\u00e9 sociale se pr\u00e9cisent. Mauvaise nouvelle, le gouvernement aurait fix\u00e9 deu","breadcrumb":{"@id":"https:\/\/www.toutsurmesfinances.com\/impots\/prelevements-sociaux-payes-a-tort-des-expatries-exclus-de-la-procedure-de-restitution.html#breadcrumb"},"inLanguage":"fr-FR","potentialAction":[{"@type":"ReadAction","target":["https:\/\/www.toutsurmesfinances.com\/impots\/prelevements-sociaux-payes-a-tort-des-expatries-exclus-de-la-procedure-de-restitution.html"]}]},{"@type":"ImageObject","inLanguage":"fr-FR","@id":"https:\/\/www.toutsurmesfinances.com\/impots\/prelevements-sociaux-payes-a-tort-des-expatries-exclus-de-la-procedure-de-restitution.html#primaryimage","url":"https:\/\/www.toutsurmesfinances.com\/impots\/wp-content\/uploads\/sites\/6\/2015\/09\/sip-nr-noisy.jpg","contentUrl":"https:\/\/www.toutsurmesfinances.com\/impots\/wp-content\/uploads\/sites\/6\/2015\/09\/sip-nr-noisy.jpg","width":823,"height":463,"caption":"CSG-CRDS pay\u00e9e \u00e0 tort : des expatri\u00e9s exclus de la proc\u00e9dure de restitution (en photo le service des imp\u00f4ts des non-r\u00e9sidents en banlieue parisienne)"},{"@type":"BreadcrumbList","@id":"https:\/\/www.toutsurmesfinances.com\/impots\/prelevements-sociaux-payes-a-tort-des-expatries-exclus-de-la-procedure-de-restitution.html#breadcrumb","itemListElement":[{"@type":"ListItem","position":1,"name":"Accueil","item":"https:\/\/www.toutsurmesfinances.com\/impots\/"},{"@type":"ListItem","position":2,"name":"Pr\u00e9l\u00e8vements sociaux","item":"https:\/\/www.toutsurmesfinances.com\/impots\/c\/prelevements-sociaux"},{"@type":"ListItem","position":3,"name":"Pr\u00e9l\u00e8vements sociaux pay\u00e9s \u00e0 tort : des expatri\u00e9s exclus de la proc\u00e9dure de restitution"}]},{"@type":"WebSite","@id":"https:\/\/www.toutsurmesfinances.com\/impots\/#website","url":"https:\/\/www.toutsurmesfinances.com\/impots\/","name":"Imp\u00f4ts","description":"","publisher":{"@id":"https:\/\/www.toutsurmesfinances.com\/impots\/#organization"},"potentialAction":[{"@type":"SearchAction","target":{"@type":"EntryPoint","urlTemplate":"https:\/\/www.toutsurmesfinances.com\/impots\/?s={search_term_string}"},"query-input":{"@type":"PropertyValueSpecification","valueRequired":true,"valueName":"search_term_string"}}],"inLanguage":"fr-FR"},{"@type":"Organization","@id":"https:\/\/www.toutsurmesfinances.com\/impots\/#organization","name":"Tout Sur Mes Finances","url":"https:\/\/www.toutsurmesfinances.com\/impots\/","logo":{"@type":"ImageObject","inLanguage":"fr-FR","@id":"https:\/\/www.toutsurmesfinances.com\/impots\/#\/schema\/logo\/image\/","url":"https:\/\/www.toutsurmesfinances.com\/impots\/wp-content\/uploads\/sites\/6\/2021\/01\/favicon.png","contentUrl":"https:\/\/www.toutsurmesfinances.com\/impots\/wp-content\/uploads\/sites\/6\/2021\/01\/favicon.png","width":512,"height":512,"caption":"Tout Sur Mes Finances"},"image":{"@id":"https:\/\/www.toutsurmesfinances.com\/impots\/#\/schema\/logo\/image\/"},"sameAs":["https:\/\/x.com\/Toutsur"]},{"@type":"Person","@id":"https:\/\/www.toutsurmesfinances.com\/impots\/#\/schema\/person\/f3692b3163890cd1408bd0dc68a1b55a","name":"Olivier Brunet","image":{"@type":"ImageObject","inLanguage":"fr-FR","@id":"https:\/\/www.toutsurmesfinances.com\/impots\/#\/schema\/person\/image\/","url":"https:\/\/secure.gravatar.com\/avatar\/59a19214b7bb3163a27d873fa61f9a80?s=96&d=mm&r=g","contentUrl":"https:\/\/secure.gravatar.com\/avatar\/59a19214b7bb3163a27d873fa61f9a80?s=96&d=mm&r=g","caption":"Olivier Brunet"},"description":"Olivier Brunet est cofondateur de\u00a0ToutSurMesFinances.com\u00a0et r\u00e9dacteur en chef sp\u00e9cialis\u00e9 en placements et fiscalit\u00e9\u00a0des particuliers. Pr\u00e9sent\u00a0au sein du\u00a0m\u00e9dia\u00a0depuis sa cr\u00e9ation, il en est l\u2019un des piliers \u00e9ditoriaux. Il analyse les strat\u00e9gies d\u2019investissement,\u00a0suit\u00a0les \u00e9volutions fiscales et les\u00a0probl\u00e9matiques\u00a0patrimoniales\u00a0avec une vision long terme, forg\u00e9e par des ann\u00e9es de pratique et de suivi des march\u00e9s.\u00a0","sameAs":["https:\/\/www.toutsurmesfinances.com\/author\/olivier","https:\/\/www.linkedin.com\/in\/obrunet\/"]}]}},"_links":{"self":[{"href":"https:\/\/www.toutsurmesfinances.com\/impots\/wp-json\/wp\/v2\/posts\/56129","targetHints":{"allow":["GET"]}}],"collection":[{"href":"https:\/\/www.toutsurmesfinances.com\/impots\/wp-json\/wp\/v2\/posts"}],"about":[{"href":"https:\/\/www.toutsurmesfinances.com\/impots\/wp-json\/wp\/v2\/types\/post"}],"author":[{"embeddable":true,"href":"https:\/\/www.toutsurmesfinances.com\/impots\/wp-json\/wp\/v2\/users\/13709"}],"replies":[{"embeddable":true,"href":"https:\/\/www.toutsurmesfinances.com\/impots\/wp-json\/wp\/v2\/comments?post=56129"}],"version-history":[{"count":3,"href":"https:\/\/www.toutsurmesfinances.com\/impots\/wp-json\/wp\/v2\/posts\/56129\/revisions"}],"predecessor-version":[{"id":68990,"href":"https:\/\/www.toutsurmesfinances.com\/impots\/wp-json\/wp\/v2\/posts\/56129\/revisions\/68990"}],"wp:featuredmedia":[{"embeddable":true,"href":"https:\/\/www.toutsurmesfinances.com\/impots\/wp-json\/wp\/v2\/media\/56128"}],"wp:attachment":[{"href":"https:\/\/www.toutsurmesfinances.com\/impots\/wp-json\/wp\/v2\/media?parent=56129"}],"wp:term":[{"taxonomy":"category","embeddable":true,"href":"https:\/\/www.toutsurmesfinances.com\/impots\/wp-json\/wp\/v2\/categories?post=56129"},{"taxonomy":"post_tag","embeddable":true,"href":"https:\/\/www.toutsurmesfinances.com\/impots\/wp-json\/wp\/v2\/tags?post=56129"}],"curies":[{"name":"wp","href":"https:\/\/api.w.org\/{rel}","templated":true}]}}