{"id":56376,"date":"2016-02-05T11:37:06","date_gmt":"2016-02-05T10:37:06","guid":{"rendered":"https:\/\/www.toutsurmesfinances.com\/impots\/fiscalite-des-plus-values-sarkozy-et-fillon-veulent-enterrer-la-reforme-hollande.html"},"modified":"2021-12-08T10:04:45","modified_gmt":"2021-12-08T09:04:45","slug":"fiscalite-des-plus-values-sarkozy-et-fillon-veulent-enterrer-la-reforme-hollande","status":"publish","type":"post","link":"https:\/\/www.toutsurmesfinances.com\/impots\/fiscalite-des-plus-values-sarkozy-et-fillon-veulent-enterrer-la-reforme-hollande.html","title":{"rendered":"Fiscalit\u00e9 des plus-values : Sarkozy et Fillon veulent enterrer la r\u00e9forme Hollande"},"content":{"rendered":"<section class=\"l-section wpb_row height_small\"><div class=\"l-section-h i-cf\"><div class=\"g-cols vc_row via_flex valign_top type_default stacking_default\"><div class=\"vc_col-sm-12 wpb_column vc_column_container\"><div class=\"vc_column-inner\"><div class=\"wpb_wrapper\"><div class=\"wpb_text_column\"><div class=\"wpb_wrapper\"><p>Plusieurs points communs se d\u00e9gagent des programmes \u00e9conomiques et fiscaux d\u00e9taill\u00e9s cette semaine par Nicolas Sarkozy et Fran\u00e7ois Fillon. Outre la <a href=\"https:\/\/www.toutsurmesfinances.com\/patrimoine\/a\/suppression-de-l-isf-j-aurais-du-aller-au-bout-regrette-nicolas-sarkozy\" target=\"_blank\" rel=\"noopener noreferrer\">suppression de l&rsquo;ISF<\/a>, les deux anciennes t\u00eates de l&rsquo;ex\u00e9cutif s&rsquo;accordent sur la n\u00e9cessit\u00e9 de revenir sur l&rsquo;une des r\u00e9formes phares de Fran\u00e7ois Hollande, l&rsquo;alignement de la fiscalit\u00e9 du capital sur celle des salaires. A savoir l&rsquo;imposition des plus-values sur valeurs mobili\u00e8res (actions principalement) au bar\u00e8me de l&rsquo;imp\u00f4t sur le revenu, qui reste l&rsquo;un des principaux marqueurs de gauche de la politique fiscale men\u00e9e par l&rsquo;actuel pr\u00e9sident de la R\u00e9publique depuis 2012.<\/p>\n<h2><span class=\"ez-toc-section\" id=\"%C2%AB_Erreur_%C2%BB_pour_Sarkozy_%C2%AB_absurde_%C2%BB_pour_Fillon\"><\/span><em>\u00ab Erreur \u00bb<\/em> pour Sarkozy, <em>\u00ab absurde \u00bb<\/em> pour Fillon<span class=\"ez-toc-section-end\"><\/span><\/h2>\n<p><em>\u00ab L&rsquo;alignement de la fiscalit\u00e9 du capital sur celle du travail d\u00e9cid\u00e9e par Fran\u00e7ois Hollande en 2012 a \u00e9t\u00e9 une profonde erreur \u00e9conomique qu&rsquo;il faudra corriger \u00bb<\/em>, juge Nicolas Sarkozy, dans son entretien accord\u00e9 aux Echos. M\u00eame son de cloche du c\u00f4t\u00e9 de Fran\u00e7ois Fillon.<em> \u00ab Aujourd&rsquo;hui les plus-values mobili\u00e8res sont tax\u00e9es au bar\u00e8me de l&rsquo;imp\u00f4t sur le revenu, ce qui est absurde : un revenu du capital comporte bien plus de risque qu&rsquo;un revenu du travail \u00bb<\/em>, a soulign\u00e9 l&rsquo;ancien Premier ministre \u00e0 l&rsquo;occasion de la pr\u00e9sentation de son \u00ab new deal entrepreneurial \u00bb.<\/p>\n<p>L&rsquo;un comme l&rsquo;autre estiment que le r\u00e9gime fiscal applicable aux plus-values doit inciter les Fran\u00e7ais \u00e0 oser la cr\u00e9ation d&rsquo;entreprises et l&rsquo;investissement en actions. L&rsquo;alignement instaur\u00e9 par l&rsquo;actuelle majorit\u00e9 <em>\u00ab est contradictoire avec le besoin d&rsquo;encourager l&rsquo;investissement \u00bb,<\/em> affirme l&rsquo;ancien pr\u00e9sident de la R\u00e9publique quand son ex-Premier ministre consid\u00e8re qu&rsquo;il faut <em>\u00ab r\u00e9compenser l&rsquo;audace \u00bb.<\/em><\/p>\n<h2><span class=\"ez-toc-section\" id=\"Fillon_propose_un_impot_sur_les_plus-values_%C2%AB_modere_forfaitaire_%C2%BB\"><\/span>Fillon propose un imp\u00f4t sur les plus-values <em>\u00ab mod\u00e9r\u00e9, forfaitaire \u00bb<\/em><span class=\"ez-toc-section-end\"><\/span><\/h2>\n<p>Ce dernier propose d&rsquo;ailleurs <em>\u00ab la cr\u00e9ation d&rsquo;un imp\u00f4t sur les plus-values mod\u00e9r\u00e9, forfaitaire et non progressif \u00bb<\/em> en lieu et place du m\u00e9canisme actuel, o\u00f9 l&rsquo;imp\u00f4t sur la plus-value peut \u00eatre nul (pour un contribuable non imposable) et atteindre jusqu&rsquo;\u00e0 45% \u00e0 la tranche la plus \u00e9lev\u00e9e du bar\u00e8me, hors pr\u00e9l\u00e8vements sociaux (15,5%). <em>\u00ab Je veux inciter les Fran\u00e7ais \u00e0 investir dans leurs PME. [&#8230;] L&rsquo;innovation, la prise de risque doivent \u00eatre valoris\u00e9es et soutenues \u00bb<\/em>, d\u00e9clare l&rsquo;ancien locataire de Matignon, tout en se gardant d&rsquo;annoncer un taux d&rsquo;imposition, qui avait \u00e9t\u00e9 major\u00e9 de 19% \u00e0 24% en 2012 avant l&rsquo;application du r\u00e9gime actuel.<\/p>\n<p>Les deux t\u00e9nors des R\u00e9publicains omettent cependant de pr\u00e9ciser qu&rsquo;\u00e0 la suite du mouvement des pigeons et des assises de l&rsquo;entrepreneuriat, Fran\u00e7ois Hollande a fait machine arri\u00e8re en all\u00e9geant la fiscalit\u00e9 des plus-values d&rsquo;actions via un r\u00e9gime d&rsquo;abattements pour dur\u00e9e de d\u00e9tention destin\u00e9 \u00e0 favoriser l&rsquo;investissement \u00e0 long terme, tout particuli\u00e8rement en faveur des PME de moins de 10 ans.<\/p>\n<\/div><\/div><\/div><\/div><\/div><\/div><\/div><\/section>\n","protected":false},"excerpt":{"rendered":"<p>Nicolas Sarkozy et Fran\u00e7ois Fillon s&rsquo;opposent pour prendre le leadership de la droite dans la course \u00e0 l&rsquo;\u00e9lection pr\u00e9sidentielle de 2017. Mais ils s&rsquo;accordent sur la volont\u00e9 de revenir sur l&rsquo;alignement de la fiscalit\u00e9 du capital sur celle du travail d\u00e9cid\u00e9e par Fran\u00e7ois Hollande en 2012.  \u00a0<\/p>\n","protected":false},"author":13709,"featured_media":56375,"comment_status":"closed","ping_status":"closed","sticky":false,"template":"","format":"standard","meta":{"footnotes":""},"categories":[21],"tags":[],"class_list":["post-56376","post","type-post","status-publish","format-standard","has-post-thumbnail","hentry","category-politique"],"acf":[],"yoast_head":"<!-- This site is optimized with the Yoast SEO plugin v24.9 - https:\/\/yoast.com\/wordpress\/plugins\/seo\/ -->\n<title>Fiscalit\u00e9 des plus-values : Sarkozy et Fillon veulent enterrer la r\u00e9forme Hollande<\/title>\n<meta name=\"description\" content=\"Nicolas Sarkozy et Fran\u00e7ois Fillon s&#039;opposent pour prendre le leadership de la droite dans la course \u00e0 l&#039;\u00e9lection pr\u00e9sidentielle de 2017. Mais ils s&#039;accordent sur la volont\u00e9 de revenir sur l&#039;alignement de la fiscalit\u00e9 du capital sur celle du travail d\" \/>\n<meta name=\"robots\" content=\"index, follow, max-snippet:-1, max-image-preview:large, max-video-preview:-1\" \/>\n<link rel=\"canonical\" href=\"https:\/\/www.toutsurmesfinances.com\/impots\/fiscalite-des-plus-values-sarkozy-et-fillon-veulent-enterrer-la-reforme-hollande.html\" \/>\n<meta property=\"og:locale\" content=\"fr_FR\" \/>\n<meta property=\"og:type\" content=\"article\" \/>\n<meta property=\"og:title\" content=\"Fiscalit\u00e9 des plus-values : Sarkozy et Fillon veulent enterrer la r\u00e9forme Hollande\" \/>\n<meta property=\"og:description\" content=\"Nicolas Sarkozy et Fran\u00e7ois Fillon s&#039;opposent pour prendre le leadership de la droite dans la course \u00e0 l&#039;\u00e9lection pr\u00e9sidentielle de 2017. Mais ils s&#039;accordent sur la volont\u00e9 de revenir sur l&#039;alignement de la fiscalit\u00e9 du capital sur celle du travail d\" \/>\n<meta property=\"og:url\" content=\"https:\/\/www.toutsurmesfinances.com\/impots\/fiscalite-des-plus-values-sarkozy-et-fillon-veulent-enterrer-la-reforme-hollande.html\" \/>\n<meta property=\"og:site_name\" content=\"Imp\u00f4ts\" \/>\n<meta property=\"article:published_time\" content=\"2016-02-05T10:37:06+00:00\" \/>\n<meta property=\"article:modified_time\" content=\"2021-12-08T09:04:45+00:00\" \/>\n<meta property=\"og:image\" content=\"https:\/\/www.toutsurmesfinances.com\/impots\/wp-content\/uploads\/sites\/6\/2016\/02\/plus-values-mobformulaire.jpg\" \/>\n\t<meta property=\"og:image:width\" content=\"823\" \/>\n\t<meta property=\"og:image:height\" content=\"463\" \/>\n\t<meta property=\"og:image:type\" content=\"image\/jpeg\" \/>\n<meta name=\"author\" content=\"Olivier Brunet\" \/>\n<meta name=\"twitter:card\" content=\"summary_large_image\" \/>\n<meta name=\"twitter:creator\" content=\"@Toutsur\" \/>\n<meta name=\"twitter:site\" content=\"@Toutsur\" \/>\n<meta name=\"twitter:label1\" content=\"\u00c9crit par\" \/>\n\t<meta name=\"twitter:data1\" content=\"Olivier Brunet\" \/>\n\t<meta name=\"twitter:label2\" content=\"Dur\u00e9e de lecture estim\u00e9e\" \/>\n\t<meta name=\"twitter:data2\" content=\"2 minutes\" \/>\n<script type=\"application\/ld+json\" class=\"yoast-schema-graph\">{\"@context\":\"https:\/\/schema.org\",\"@graph\":[{\"@type\":\"Article\",\"@id\":\"https:\/\/www.toutsurmesfinances.com\/impots\/fiscalite-des-plus-values-sarkozy-et-fillon-veulent-enterrer-la-reforme-hollande.html#article\",\"isPartOf\":{\"@id\":\"https:\/\/www.toutsurmesfinances.com\/impots\/fiscalite-des-plus-values-sarkozy-et-fillon-veulent-enterrer-la-reforme-hollande.html\"},\"author\":{\"name\":\"Olivier Brunet\",\"@id\":\"https:\/\/www.toutsurmesfinances.com\/impots\/#\/schema\/person\/f3692b3163890cd1408bd0dc68a1b55a\"},\"headline\":\"Fiscalit\u00e9 des plus-values : Sarkozy et Fillon veulent enterrer la r\u00e9forme Hollande\",\"dateModified\":\"2021-12-08T09:04:45+00:00\",\"mainEntityOfPage\":{\"@id\":\"https:\/\/www.toutsurmesfinances.com\/impots\/fiscalite-des-plus-values-sarkozy-et-fillon-veulent-enterrer-la-reforme-hollande.html\"},\"wordCount\":514,\"publisher\":{\"@id\":\"https:\/\/www.toutsurmesfinances.com\/impots\/#organization\"},\"image\":{\"@id\":\"https:\/\/www.toutsurmesfinances.com\/impots\/fiscalite-des-plus-values-sarkozy-et-fillon-veulent-enterrer-la-reforme-hollande.html#primaryimage\"},\"thumbnailUrl\":\"https:\/\/www.toutsurmesfinances.com\/impots\/wp-content\/uploads\/sites\/6\/2016\/02\/plus-values-mobformulaire.jpg\",\"articleSection\":[\"Politique\"],\"inLanguage\":\"fr-FR\"},{\"@type\":\"WebPage\",\"@id\":\"https:\/\/www.toutsurmesfinances.com\/impots\/fiscalite-des-plus-values-sarkozy-et-fillon-veulent-enterrer-la-reforme-hollande.html\",\"url\":\"https:\/\/www.toutsurmesfinances.com\/impots\/fiscalite-des-plus-values-sarkozy-et-fillon-veulent-enterrer-la-reforme-hollande.html\",\"name\":\"Fiscalit\u00e9 des plus-values : Sarkozy et Fillon veulent enterrer la r\u00e9forme Hollande\",\"isPartOf\":{\"@id\":\"https:\/\/www.toutsurmesfinances.com\/impots\/#website\"},\"primaryImageOfPage\":{\"@id\":\"https:\/\/www.toutsurmesfinances.com\/impots\/fiscalite-des-plus-values-sarkozy-et-fillon-veulent-enterrer-la-reforme-hollande.html#primaryimage\"},\"image\":{\"@id\":\"https:\/\/www.toutsurmesfinances.com\/impots\/fiscalite-des-plus-values-sarkozy-et-fillon-veulent-enterrer-la-reforme-hollande.html#primaryimage\"},\"thumbnailUrl\":\"https:\/\/www.toutsurmesfinances.com\/impots\/wp-content\/uploads\/sites\/6\/2016\/02\/plus-values-mobformulaire.jpg\",\"dateModified\":\"2021-12-08T09:04:45+00:00\",\"description\":\"Nicolas Sarkozy et Fran\u00e7ois Fillon s'opposent pour prendre le leadership de la droite dans la course \u00e0 l'\u00e9lection pr\u00e9sidentielle de 2017. Mais ils s'accordent sur la volont\u00e9 de revenir sur l'alignement de la fiscalit\u00e9 du capital sur celle du travail d\",\"breadcrumb\":{\"@id\":\"https:\/\/www.toutsurmesfinances.com\/impots\/fiscalite-des-plus-values-sarkozy-et-fillon-veulent-enterrer-la-reforme-hollande.html#breadcrumb\"},\"inLanguage\":\"fr-FR\",\"potentialAction\":[{\"@type\":\"ReadAction\",\"target\":[\"https:\/\/www.toutsurmesfinances.com\/impots\/fiscalite-des-plus-values-sarkozy-et-fillon-veulent-enterrer-la-reforme-hollande.html\"]}]},{\"@type\":\"ImageObject\",\"inLanguage\":\"fr-FR\",\"@id\":\"https:\/\/www.toutsurmesfinances.com\/impots\/fiscalite-des-plus-values-sarkozy-et-fillon-veulent-enterrer-la-reforme-hollande.html#primaryimage\",\"url\":\"https:\/\/www.toutsurmesfinances.com\/impots\/wp-content\/uploads\/sites\/6\/2016\/02\/plus-values-mobformulaire.jpg\",\"contentUrl\":\"https:\/\/www.toutsurmesfinances.com\/impots\/wp-content\/uploads\/sites\/6\/2016\/02\/plus-values-mobformulaire.jpg\",\"width\":823,\"height\":463,\"caption\":\"La droite veut revenir sur la r\u00e9forme du r\u00e9gime fiscal des plus-values\"},{\"@type\":\"BreadcrumbList\",\"@id\":\"https:\/\/www.toutsurmesfinances.com\/impots\/fiscalite-des-plus-values-sarkozy-et-fillon-veulent-enterrer-la-reforme-hollande.html#breadcrumb\",\"itemListElement\":[{\"@type\":\"ListItem\",\"position\":1,\"name\":\"Accueil\",\"item\":\"https:\/\/www.toutsurmesfinances.com\/impots\/\"},{\"@type\":\"ListItem\",\"position\":2,\"name\":\"Politique\",\"item\":\"https:\/\/www.toutsurmesfinances.com\/impots\/c\/politique\"},{\"@type\":\"ListItem\",\"position\":3,\"name\":\"Fiscalit\u00e9 des plus-values : Sarkozy et Fillon veulent enterrer la r\u00e9forme Hollande\"}]},{\"@type\":\"WebSite\",\"@id\":\"https:\/\/www.toutsurmesfinances.com\/impots\/#website\",\"url\":\"https:\/\/www.toutsurmesfinances.com\/impots\/\",\"name\":\"Imp\u00f4ts\",\"description\":\"\",\"publisher\":{\"@id\":\"https:\/\/www.toutsurmesfinances.com\/impots\/#organization\"},\"potentialAction\":[{\"@type\":\"SearchAction\",\"target\":{\"@type\":\"EntryPoint\",\"urlTemplate\":\"https:\/\/www.toutsurmesfinances.com\/impots\/?s={search_term_string}\"},\"query-input\":{\"@type\":\"PropertyValueSpecification\",\"valueRequired\":true,\"valueName\":\"search_term_string\"}}],\"inLanguage\":\"fr-FR\"},{\"@type\":\"Organization\",\"@id\":\"https:\/\/www.toutsurmesfinances.com\/impots\/#organization\",\"name\":\"Tout Sur Mes Finances\",\"url\":\"https:\/\/www.toutsurmesfinances.com\/impots\/\",\"logo\":{\"@type\":\"ImageObject\",\"inLanguage\":\"fr-FR\",\"@id\":\"https:\/\/www.toutsurmesfinances.com\/impots\/#\/schema\/logo\/image\/\",\"url\":\"https:\/\/www.toutsurmesfinances.com\/impots\/wp-content\/uploads\/sites\/6\/2021\/01\/favicon.png\",\"contentUrl\":\"https:\/\/www.toutsurmesfinances.com\/impots\/wp-content\/uploads\/sites\/6\/2021\/01\/favicon.png\",\"width\":512,\"height\":512,\"caption\":\"Tout Sur Mes Finances\"},\"image\":{\"@id\":\"https:\/\/www.toutsurmesfinances.com\/impots\/#\/schema\/logo\/image\/\"},\"sameAs\":[\"https:\/\/x.com\/Toutsur\"]},{\"@type\":\"Person\",\"@id\":\"https:\/\/www.toutsurmesfinances.com\/impots\/#\/schema\/person\/f3692b3163890cd1408bd0dc68a1b55a\",\"name\":\"Olivier Brunet\",\"image\":{\"@type\":\"ImageObject\",\"inLanguage\":\"fr-FR\",\"@id\":\"https:\/\/www.toutsurmesfinances.com\/impots\/#\/schema\/person\/image\/\",\"url\":\"https:\/\/secure.gravatar.com\/avatar\/59a19214b7bb3163a27d873fa61f9a80?s=96&d=mm&r=g\",\"contentUrl\":\"https:\/\/secure.gravatar.com\/avatar\/59a19214b7bb3163a27d873fa61f9a80?s=96&d=mm&r=g\",\"caption\":\"Olivier Brunet\"},\"description\":\"Olivier Brunet est cofondateur de\u00a0ToutSurMesFinances.com\u00a0et r\u00e9dacteur en chef sp\u00e9cialis\u00e9 en placements et fiscalit\u00e9\u00a0des particuliers. Pr\u00e9sent\u00a0au sein du\u00a0m\u00e9dia\u00a0depuis sa cr\u00e9ation, il en est l\u2019un des piliers \u00e9ditoriaux. Il analyse les strat\u00e9gies d\u2019investissement,\u00a0suit\u00a0les \u00e9volutions fiscales et les\u00a0probl\u00e9matiques\u00a0patrimoniales\u00a0avec une vision long terme, forg\u00e9e par des ann\u00e9es de pratique et de suivi des march\u00e9s.\u00a0\",\"sameAs\":[\"https:\/\/www.toutsurmesfinances.com\/author\/olivier\",\"https:\/\/www.linkedin.com\/in\/obrunet\/\"]}]}<\/script>\n<!-- \/ Yoast SEO plugin. -->","yoast_head_json":{"title":"Fiscalit\u00e9 des plus-values : Sarkozy et Fillon veulent enterrer la r\u00e9forme Hollande","description":"Nicolas Sarkozy et Fran\u00e7ois Fillon s'opposent pour prendre le leadership de la droite dans la course \u00e0 l'\u00e9lection pr\u00e9sidentielle de 2017. Mais ils s'accordent sur la volont\u00e9 de revenir sur l'alignement de la fiscalit\u00e9 du capital sur celle du travail d","robots":{"index":"index","follow":"follow","max-snippet":"max-snippet:-1","max-image-preview":"max-image-preview:large","max-video-preview":"max-video-preview:-1"},"canonical":"https:\/\/www.toutsurmesfinances.com\/impots\/fiscalite-des-plus-values-sarkozy-et-fillon-veulent-enterrer-la-reforme-hollande.html","og_locale":"fr_FR","og_type":"article","og_title":"Fiscalit\u00e9 des plus-values : Sarkozy et Fillon veulent enterrer la r\u00e9forme Hollande","og_description":"Nicolas Sarkozy et Fran\u00e7ois Fillon s'opposent pour prendre le leadership de la droite dans la course \u00e0 l'\u00e9lection pr\u00e9sidentielle de 2017. Mais ils s'accordent sur la volont\u00e9 de revenir sur l'alignement de la fiscalit\u00e9 du capital sur celle du travail d","og_url":"https:\/\/www.toutsurmesfinances.com\/impots\/fiscalite-des-plus-values-sarkozy-et-fillon-veulent-enterrer-la-reforme-hollande.html","og_site_name":"Imp\u00f4ts","article_published_time":"2016-02-05T10:37:06+00:00","article_modified_time":"2021-12-08T09:04:45+00:00","og_image":[{"width":823,"height":463,"url":"https:\/\/www.toutsurmesfinances.com\/impots\/wp-content\/uploads\/sites\/6\/2016\/02\/plus-values-mobformulaire.jpg","type":"image\/jpeg"}],"author":"Olivier Brunet","twitter_card":"summary_large_image","twitter_creator":"@Toutsur","twitter_site":"@Toutsur","twitter_misc":{"\u00c9crit par":"Olivier Brunet","Dur\u00e9e de lecture estim\u00e9e":"2 minutes"},"schema":{"@context":"https:\/\/schema.org","@graph":[{"@type":"Article","@id":"https:\/\/www.toutsurmesfinances.com\/impots\/fiscalite-des-plus-values-sarkozy-et-fillon-veulent-enterrer-la-reforme-hollande.html#article","isPartOf":{"@id":"https:\/\/www.toutsurmesfinances.com\/impots\/fiscalite-des-plus-values-sarkozy-et-fillon-veulent-enterrer-la-reforme-hollande.html"},"author":{"name":"Olivier Brunet","@id":"https:\/\/www.toutsurmesfinances.com\/impots\/#\/schema\/person\/f3692b3163890cd1408bd0dc68a1b55a"},"headline":"Fiscalit\u00e9 des plus-values : Sarkozy et Fillon veulent enterrer la r\u00e9forme Hollande","dateModified":"2021-12-08T09:04:45+00:00","mainEntityOfPage":{"@id":"https:\/\/www.toutsurmesfinances.com\/impots\/fiscalite-des-plus-values-sarkozy-et-fillon-veulent-enterrer-la-reforme-hollande.html"},"wordCount":514,"publisher":{"@id":"https:\/\/www.toutsurmesfinances.com\/impots\/#organization"},"image":{"@id":"https:\/\/www.toutsurmesfinances.com\/impots\/fiscalite-des-plus-values-sarkozy-et-fillon-veulent-enterrer-la-reforme-hollande.html#primaryimage"},"thumbnailUrl":"https:\/\/www.toutsurmesfinances.com\/impots\/wp-content\/uploads\/sites\/6\/2016\/02\/plus-values-mobformulaire.jpg","articleSection":["Politique"],"inLanguage":"fr-FR"},{"@type":"WebPage","@id":"https:\/\/www.toutsurmesfinances.com\/impots\/fiscalite-des-plus-values-sarkozy-et-fillon-veulent-enterrer-la-reforme-hollande.html","url":"https:\/\/www.toutsurmesfinances.com\/impots\/fiscalite-des-plus-values-sarkozy-et-fillon-veulent-enterrer-la-reforme-hollande.html","name":"Fiscalit\u00e9 des plus-values : Sarkozy et Fillon veulent enterrer la r\u00e9forme Hollande","isPartOf":{"@id":"https:\/\/www.toutsurmesfinances.com\/impots\/#website"},"primaryImageOfPage":{"@id":"https:\/\/www.toutsurmesfinances.com\/impots\/fiscalite-des-plus-values-sarkozy-et-fillon-veulent-enterrer-la-reforme-hollande.html#primaryimage"},"image":{"@id":"https:\/\/www.toutsurmesfinances.com\/impots\/fiscalite-des-plus-values-sarkozy-et-fillon-veulent-enterrer-la-reforme-hollande.html#primaryimage"},"thumbnailUrl":"https:\/\/www.toutsurmesfinances.com\/impots\/wp-content\/uploads\/sites\/6\/2016\/02\/plus-values-mobformulaire.jpg","dateModified":"2021-12-08T09:04:45+00:00","description":"Nicolas Sarkozy et Fran\u00e7ois Fillon s'opposent pour prendre le leadership de la droite dans la course \u00e0 l'\u00e9lection pr\u00e9sidentielle de 2017. Mais ils s'accordent sur la volont\u00e9 de revenir sur l'alignement de la fiscalit\u00e9 du capital sur celle du travail d","breadcrumb":{"@id":"https:\/\/www.toutsurmesfinances.com\/impots\/fiscalite-des-plus-values-sarkozy-et-fillon-veulent-enterrer-la-reforme-hollande.html#breadcrumb"},"inLanguage":"fr-FR","potentialAction":[{"@type":"ReadAction","target":["https:\/\/www.toutsurmesfinances.com\/impots\/fiscalite-des-plus-values-sarkozy-et-fillon-veulent-enterrer-la-reforme-hollande.html"]}]},{"@type":"ImageObject","inLanguage":"fr-FR","@id":"https:\/\/www.toutsurmesfinances.com\/impots\/fiscalite-des-plus-values-sarkozy-et-fillon-veulent-enterrer-la-reforme-hollande.html#primaryimage","url":"https:\/\/www.toutsurmesfinances.com\/impots\/wp-content\/uploads\/sites\/6\/2016\/02\/plus-values-mobformulaire.jpg","contentUrl":"https:\/\/www.toutsurmesfinances.com\/impots\/wp-content\/uploads\/sites\/6\/2016\/02\/plus-values-mobformulaire.jpg","width":823,"height":463,"caption":"La droite veut revenir sur la r\u00e9forme du r\u00e9gime fiscal des plus-values"},{"@type":"BreadcrumbList","@id":"https:\/\/www.toutsurmesfinances.com\/impots\/fiscalite-des-plus-values-sarkozy-et-fillon-veulent-enterrer-la-reforme-hollande.html#breadcrumb","itemListElement":[{"@type":"ListItem","position":1,"name":"Accueil","item":"https:\/\/www.toutsurmesfinances.com\/impots\/"},{"@type":"ListItem","position":2,"name":"Politique","item":"https:\/\/www.toutsurmesfinances.com\/impots\/c\/politique"},{"@type":"ListItem","position":3,"name":"Fiscalit\u00e9 des plus-values : Sarkozy et Fillon veulent enterrer la r\u00e9forme Hollande"}]},{"@type":"WebSite","@id":"https:\/\/www.toutsurmesfinances.com\/impots\/#website","url":"https:\/\/www.toutsurmesfinances.com\/impots\/","name":"Imp\u00f4ts","description":"","publisher":{"@id":"https:\/\/www.toutsurmesfinances.com\/impots\/#organization"},"potentialAction":[{"@type":"SearchAction","target":{"@type":"EntryPoint","urlTemplate":"https:\/\/www.toutsurmesfinances.com\/impots\/?s={search_term_string}"},"query-input":{"@type":"PropertyValueSpecification","valueRequired":true,"valueName":"search_term_string"}}],"inLanguage":"fr-FR"},{"@type":"Organization","@id":"https:\/\/www.toutsurmesfinances.com\/impots\/#organization","name":"Tout Sur Mes Finances","url":"https:\/\/www.toutsurmesfinances.com\/impots\/","logo":{"@type":"ImageObject","inLanguage":"fr-FR","@id":"https:\/\/www.toutsurmesfinances.com\/impots\/#\/schema\/logo\/image\/","url":"https:\/\/www.toutsurmesfinances.com\/impots\/wp-content\/uploads\/sites\/6\/2021\/01\/favicon.png","contentUrl":"https:\/\/www.toutsurmesfinances.com\/impots\/wp-content\/uploads\/sites\/6\/2021\/01\/favicon.png","width":512,"height":512,"caption":"Tout Sur Mes Finances"},"image":{"@id":"https:\/\/www.toutsurmesfinances.com\/impots\/#\/schema\/logo\/image\/"},"sameAs":["https:\/\/x.com\/Toutsur"]},{"@type":"Person","@id":"https:\/\/www.toutsurmesfinances.com\/impots\/#\/schema\/person\/f3692b3163890cd1408bd0dc68a1b55a","name":"Olivier Brunet","image":{"@type":"ImageObject","inLanguage":"fr-FR","@id":"https:\/\/www.toutsurmesfinances.com\/impots\/#\/schema\/person\/image\/","url":"https:\/\/secure.gravatar.com\/avatar\/59a19214b7bb3163a27d873fa61f9a80?s=96&d=mm&r=g","contentUrl":"https:\/\/secure.gravatar.com\/avatar\/59a19214b7bb3163a27d873fa61f9a80?s=96&d=mm&r=g","caption":"Olivier Brunet"},"description":"Olivier Brunet est cofondateur de\u00a0ToutSurMesFinances.com\u00a0et r\u00e9dacteur en chef sp\u00e9cialis\u00e9 en placements et fiscalit\u00e9\u00a0des particuliers. Pr\u00e9sent\u00a0au sein du\u00a0m\u00e9dia\u00a0depuis sa cr\u00e9ation, il en est l\u2019un des piliers \u00e9ditoriaux. Il analyse les strat\u00e9gies d\u2019investissement,\u00a0suit\u00a0les \u00e9volutions fiscales et les\u00a0probl\u00e9matiques\u00a0patrimoniales\u00a0avec une vision long terme, forg\u00e9e par des ann\u00e9es de pratique et de suivi des march\u00e9s.\u00a0","sameAs":["https:\/\/www.toutsurmesfinances.com\/author\/olivier","https:\/\/www.linkedin.com\/in\/obrunet\/"]}]}},"_links":{"self":[{"href":"https:\/\/www.toutsurmesfinances.com\/impots\/wp-json\/wp\/v2\/posts\/56376","targetHints":{"allow":["GET"]}}],"collection":[{"href":"https:\/\/www.toutsurmesfinances.com\/impots\/wp-json\/wp\/v2\/posts"}],"about":[{"href":"https:\/\/www.toutsurmesfinances.com\/impots\/wp-json\/wp\/v2\/types\/post"}],"author":[{"embeddable":true,"href":"https:\/\/www.toutsurmesfinances.com\/impots\/wp-json\/wp\/v2\/users\/13709"}],"replies":[{"embeddable":true,"href":"https:\/\/www.toutsurmesfinances.com\/impots\/wp-json\/wp\/v2\/comments?post=56376"}],"version-history":[{"count":3,"href":"https:\/\/www.toutsurmesfinances.com\/impots\/wp-json\/wp\/v2\/posts\/56376\/revisions"}],"predecessor-version":[{"id":68913,"href":"https:\/\/www.toutsurmesfinances.com\/impots\/wp-json\/wp\/v2\/posts\/56376\/revisions\/68913"}],"wp:featuredmedia":[{"embeddable":true,"href":"https:\/\/www.toutsurmesfinances.com\/impots\/wp-json\/wp\/v2\/media\/56375"}],"wp:attachment":[{"href":"https:\/\/www.toutsurmesfinances.com\/impots\/wp-json\/wp\/v2\/media?parent=56376"}],"wp:term":[{"taxonomy":"category","embeddable":true,"href":"https:\/\/www.toutsurmesfinances.com\/impots\/wp-json\/wp\/v2\/categories?post=56376"},{"taxonomy":"post_tag","embeddable":true,"href":"https:\/\/www.toutsurmesfinances.com\/impots\/wp-json\/wp\/v2\/tags?post=56376"}],"curies":[{"name":"wp","href":"https:\/\/api.w.org\/{rel}","templated":true}]}}