{"id":56693,"date":"2016-10-26T16:49:02","date_gmt":"2016-10-26T14:49:02","guid":{"rendered":"https:\/\/www.toutsurmesfinances.com\/impots\/election-presidentielle-2017-impot-sur-le-revenu-le-programme-des-candidats.html"},"modified":"2025-07-08T16:48:42","modified_gmt":"2025-07-08T14:48:42","slug":"election-presidentielle-2017-impot-sur-le-revenu-le-programme-des-candidats","status":"publish","type":"post","link":"https:\/\/www.toutsurmesfinances.com\/impots\/election-presidentielle-2017-impot-sur-le-revenu-le-programme-des-candidats.html","title":{"rendered":"Election pr\u00e9sidentielle 2017 : imp\u00f4t sur le revenu, le programme des candidats"},"content":{"rendered":"<section class=\"l-section wpb_row height_small\"><div class=\"l-section-h i-cf\"><div class=\"g-cols vc_row via_flex valign_top type_default stacking_default\"><div class=\"vc_col-sm-12 wpb_column vc_column_container\"><div class=\"vc_column-inner\"><div class=\"wpb_wrapper\"><div class=\"wpb_text_column\"><div class=\"wpb_wrapper\"><p><strong>CANDIDATS AU 2\u00e8me TOUR<\/strong><\/p>\n<p><strong><a href=\"https:\/\/www.toutsurmesfinances.com\/impots\/election-presidentielle-2017-impot-sur-le-revenu-le-programme-des-candidats.html#lepen\">Programme de Marine Le Pen<\/a><\/strong><\/p>\n<p><strong><a href=\"https:\/\/www.toutsurmesfinances.com\/impots\/election-presidentielle-2017-impot-sur-le-revenu-le-programme-des-candidats.html#macron\">Programme d&rsquo;Emmanuel Macron<\/a><\/strong><\/p>\n<p><strong>CANDIDATS ELIMINES AU 1er TOUR<\/strong><\/p>\n<p><strong><a href=\"https:\/\/www.toutsurmesfinances.com\/impots\/election-presidentielle-2017-impot-sur-le-revenu-le-programme-des-candidats.html#droite\">Programme de Fran\u00e7ois Fillon<\/a><\/strong><\/p>\n<p><a href=\"https:\/\/www.toutsurmesfinances.com\/impots\/election-presidentielle-2017-impot-sur-le-revenu-le-programme-des-candidats.html#fillon\">&#8211; Candidat \u00e9limin\u00e9 au 2\u00e8me tour de la primaire de droite<\/a><\/p>\n<p style=\"margin-left: 30px\"><a href=\"https:\/\/www.toutsurmesfinances.com\/impots\/election-presidentielle-2017-impot-sur-le-revenu-le-programme-des-candidats.html#juppe\">&gt; Alain Jupp\u00e9<\/a><\/p>\n<p><a href=\"https:\/\/www.toutsurmesfinances.com\/impots\/election-presidentielle-2017-impot-sur-le-revenu-le-programme-des-candidats.html#sarkozy\">&#8211; Candidats \u00e9limin\u00e9s au 1er tour<\/a><\/p>\n<p style=\"margin-left: 30px\"><a href=\"https:\/\/www.toutsurmesfinances.com\/impots\/election-presidentielle-2017-impot-sur-le-revenu-le-programme-des-candidats.html#sarkozy\">&gt; Nicolas Sarkozy<\/a><\/p>\n<p style=\"margin-left: 30px\"><a href=\"https:\/\/www.toutsurmesfinances.com\/impots\/election-presidentielle-2017-impot-sur-le-revenu-le-programme-des-candidats.html#nkm\">&gt; Nathalie Kosciuzko-Morizet<\/a><\/p>\n<p style=\"margin-left: 30px\"><a href=\"https:\/\/www.toutsurmesfinances.com\/impots\/election-presidentielle-2017-impot-sur-le-revenu-le-programme-des-candidats.html#blm\">&gt; Bruno Le Maire<\/a><\/p>\n<p style=\"margin-left: 30px\"><a href=\"https:\/\/www.toutsurmesfinances.com\/impots\/election-presidentielle-2017-impot-sur-le-revenu-le-programme-des-candidats.html#poisson\">&gt; Jean-Fr\u00e9d\u00e9ric Poisson<\/a><\/p>\n<p style=\"margin-left: 30px\"><a href=\"https:\/\/www.toutsurmesfinances.com\/impots\/election-presidentielle-2017-impot-sur-le-revenu-le-programme-des-candidats.html#cope\">&gt; Jean-Fran\u00e7ois Cop\u00e9<\/a><\/p>\n<p><a href=\"https:\/\/www.toutsurmesfinances.com\/impots\/election-presidentielle-2017-impot-sur-le-revenu-le-programme-des-candidats.html#impact\">&gt; Impact des propositions sur le montant de l&rsquo;IR<\/a><\/p>\n<p><strong><a href=\"https:\/\/www.toutsurmesfinances.com\/impots\/election-presidentielle-2017-impot-sur-le-revenu-le-programme-des-candidats.html#election\">Propositions fiscales du candidat PS<\/a><\/strong><\/p>\n<p style=\"margin-left: 30px\"><strong><a href=\"https:\/\/www.toutsurmesfinances.com\/impots\/election-presidentielle-2017-impot-sur-le-revenu-le-programme-des-candidats.html#hamon\">&gt; Beno\u00eet Hamon<\/a><\/strong><\/p>\n<p><a href=\"https:\/\/www.toutsurmesfinances.com\/impots\/election-presidentielle-2017-impot-sur-le-revenu-le-programme-des-candidats.html#valls\">Candidat \u00e9limin\u00e9 au 2\u00e8me tour de la primaire \u00e0 gauche<\/a><\/p>\n<p style=\"margin-left: 30px\"><a href=\"https:\/\/www.toutsurmesfinances.com\/impots\/election-presidentielle-2017-impot-sur-le-revenu-le-programme-des-candidats.html#valls\">&gt; Manuel Valls<\/a><\/p>\n<p><a href=\"https:\/\/www.toutsurmesfinances.com\/impots\/election-presidentielle-2017-impot-sur-le-revenu-le-programme-des-candidats.html#montebourg\">&#8211; Candidats \u00e9limin\u00e9s \u00e0 l&rsquo;issue du 1er tour<\/a><\/p>\n<p style=\"margin-left: 30px\"><a href=\"https:\/\/www.toutsurmesfinances.com\/impots\/election-presidentielle-2017-impot-sur-le-revenu-le-programme-des-candidats.html#montebourg\">&gt; Arnaud Montebourg<\/a><\/p>\n<p style=\"margin-left: 30px\"><a href=\"https:\/\/www.toutsurmesfinances.com\/impots\/election-presidentielle-2017-impot-sur-le-revenu-le-programme-des-candidats.html#peillon\">&gt; Vincent Peillon<\/a><\/p>\n<p style=\"margin-left: 30px\"><a href=\"https:\/\/www.toutsurmesfinances.com\/impots\/election-presidentielle-2017-impot-sur-le-revenu-le-programme-des-candidats.html#derugy\">&gt; Fran\u00e7ois de Rugy<\/a><\/p>\n<p style=\"margin-left: 30px\"><a href=\"https:\/\/www.toutsurmesfinances.com\/impots\/election-presidentielle-2017-impot-sur-le-revenu-le-programme-des-candidats.html#pinel\">&gt; Sylvia Pinel<\/a><\/p>\n<p style=\"margin-left: 30px\"><a href=\"https:\/\/www.toutsurmesfinances.com\/impots\/election-presidentielle-2017-impot-sur-le-revenu-le-programme-des-candidats.html#derugy\">&gt;\u00a0Jean-Luc Bennhamias<\/a><\/p>\n<p style=\"margin-left: 30px\"><a href=\"https:\/\/www.toutsurmesfinances.com\/impots\/election-presidentielle-2017-impot-sur-le-revenu-le-programme-des-candidats.html#debats\">&gt; Dates des d\u00e9bats de la primaire \u00e0 gauche<\/a><\/p>\n<p><a href=\"https:\/\/www.toutsurmesfinances.com\/impots\/election-presidentielle-2017-impot-sur-le-revenu-le-programme-des-candidats.html#melenchon\"><strong>Programme de Jean-Luc M\u00e9lenchon<\/strong><\/a><\/p>\n<p><a href=\"https:\/\/www.toutsurmesfinances.com\/impots\/election-presidentielle-2017-impot-sur-le-revenu-le-programme-des-candidats.html#nda\"><strong>Programme de Nicolas Dupont-Aignan<\/strong><\/a><\/p>\n<p><strong>Programmes <a href=\"https:\/\/www.toutsurmesfinances.com\/argent\/a\/nathalie-arthaud-le-programme-de-lutte-ouvriere-pour-2017\" target=\"_blank\" rel=\"noopener noreferrer\">de Nathalie Arthaud<\/a> et de Philippe Poutou<\/strong><\/p>\n<p>Sans programme fiscal, les deux candidats d&rsquo;extr\u00eame-gauche mettent plut\u00f4t en avant des mesures de nature r\u00e9volutionnaire (expropriation des plus riches notamment). On peut tout de m\u00eame noter\u00a0 que Nathalie Arthaud propose de supprimer l&rsquo;imp\u00f4t sur le revenu.<\/p>\n<p><a href=\"https:\/\/www.toutsurmesfinances.com\/impots\/election-presidentielle-2017-impot-sur-le-revenu-le-programme-des-candidats.html#cheminade\"><strong>Programme de Jacques Cheminade<\/strong><\/a><\/p>\n<p><a href=\"https:\/\/www.toutsurmesfinances.com\/argent\/a\/francois-asselineau-le-programme-du-candidat-upr-a-l-election-presidentielle-2017\" target=\"_blank\" rel=\"noopener noreferrer\"><strong>Programme de Fran\u00e7ois Asselineau<\/strong><\/a><\/p>\n<p>Le candidat de l&rsquo;UPR (Union populaire r\u00e9publicaine) ne propose pas de mesure sp\u00e9cifique \u00e0 l&rsquo;imp\u00f4t sur le revenu dans son programme.<\/p>\n<p><strong>Programme de Jean Lassalle<\/strong><\/p>\n<p>Jean Lassalle a \u00e9t\u00e9 le dernier des 11 candidats \u00e0 pr\u00e9senter son projet pr\u00e9sidentiel. Dans son <strong><a href=\"https:\/\/www.toutsurmesfinances.com\/argent\/a\/jean-lassalle-2017-son-programme-social-fiscal-et-financier-pour-l-election-presidentielle\" target=\"_blank\" rel=\"noopener noreferrer\">programme pour 2017<\/a><\/strong>, le candidat centriste annonce une baisse d&rsquo;imp\u00f4t de 13,33 milliards d&rsquo;euros, prioritairement en direction des classes moyennes et des familles, sans pr\u00e9ciser si son geste porte sp\u00e9cifiquement sur l&rsquo;imp\u00f4t sur le revenu.<\/p>\n<h2><span class=\"ez-toc-section\" id=\"Le_programme_de_Marine_Le_Pen_en_vue_de_lelection_presidentielle\"><\/span><a name=\"lepen\"><\/a>Le programme de Marine Le Pen en vue de l&rsquo;\u00e9lection pr\u00e9sidentielle<span class=\"ez-toc-section-end\"><\/span><\/h2>\n<p>Marine Le Pen (FN) a \u00e9voqu\u00e9 dans le cadre de la pr\u00e9sentation de son projet \u00e9conomique en juin 2016 un \u00e9largissement de l&rsquo;assiette imposable des particuliers, une r\u00e9duction des taux d&rsquo;imposition et un objectif de simplification du Code g\u00e9n\u00e9ral des imp\u00f4ts (CGI).<\/p>\n<p>Toutefois, ces dispositions n&rsquo;ont pas \u00e9t\u00e9 reprises dans les 144 engagements de son projet pr\u00e9sidentiel. Les principales propositions fiscales \u00e0 retenir sont les suivantes :<br \/>\n&#8211; baisse d&rsquo;imp\u00f4t sur le revenu de 10% pour les contribuables taxables dans les tranches \u00e0 14%, 30% et 41%<br \/>\n&#8211; r\u00e9tablissement de la majoration des pensions de retraite pour les parents de 3 enfants ou plus<br \/>\n&#8211; rel\u00e8vement progressif du plafond du quotient familial<br \/>\n&#8211; suppression du pr\u00e9l\u00e8vement de l&rsquo;imp\u00f4t \u00e0 la source<\/p>\n<p><strong>&gt; Plus de d\u00e9tails sur le <a href=\"https:\/\/www.toutsurmesfinances.com\/impots\/presidentielle-2017-le-programme-fiscal-de-marine-le-pen.html\" target=\"_blank\" rel=\"noopener noreferrer\">programme fiscal de Marine Le Pen<\/a><\/strong><\/p>\n<p>En janvier 2017, la pr\u00e9sidente du Front National a annonc\u00e9 son souhait de r\u00e9tablir la d\u00e9fiscalisation des heures suppl\u00e9mentaires, tout comme Manuel Valls. Volont\u00e9 qu&rsquo;elle a r\u00e9affirm\u00e9 dans ses 144 engagements de campagne (mesure n\u00b064)<\/p>\n<h2><span class=\"ez-toc-section\" id=\"Le_programme_fiscal_dEmmanuel_Macron_pour_2017\"><\/span><a name=\"macron\"><\/a>Le programme fiscal d&rsquo;Emmanuel Macron pour 2017<span class=\"ez-toc-section-end\"><\/span><\/h2>\n<p>Si Emmanuel Macron est \u00e9lu pr\u00e9sident de la R\u00e9publique, la fiscalit\u00e9 des revenus du capital fera l&rsquo;objet d&rsquo;une r\u00e9forme en profondeur avec l&rsquo;instauration d&rsquo;un pr\u00e9l\u00e8vement forfaitaire unique au taux de de 30% (pr\u00e9l\u00e8vements sociaux inclus tenant compte d&rsquo;un rel\u00e8vement du taux de CSG), sur les int\u00e9r\u00eats, les loyers (revenus fonciers), les dividendes, les plus-values (sources : interview Les Echos, programme). Il a pr\u00e9cis\u00e9 sur son site Internet En-marche.fr que les m\u00e9nages qui y ont int\u00e9r\u00eat pourront opter pour le bar\u00e8me de l&rsquo;imp\u00f4t sur le revenu. En d&rsquo;autres termes, l&rsquo;application du pr\u00e9l\u00e8vement unique ne sera pas obligatoire, les contribuables les plus modestes auront la possibilit\u00e9 de d\u00e9roger.<\/p>\n<p>Il pr\u00e9voit par ailleurs d&rsquo;instaurer la possibilit\u00e9 d&rsquo;individualiser le calcul de l&rsquo;imp\u00f4t sur le revenu au sein d&rsquo;un couple.<\/p>\n<p>Du c\u00f4t\u00e9 des gestes en faveur des contribuables, aucune baisse d&rsquo;imp\u00f4t sur le revenu n&rsquo;est pr\u00e9vue, les all\u00e9gements d&rsquo;imp\u00f4ts imagin\u00e9s par l&rsquo;ancien ministre de l&rsquo;Economie devant porter sur la taxe d&rsquo;habitation (80% de contribuables exon\u00e9r\u00e9s d&rsquo;ici 2020) et les cotisations salariales.<\/p>\n<h2><span class=\"ez-toc-section\" id=\"Impot_sur_le_revenu_les_propositions_de_Francois_Fillon\"><\/span><a name=\"droite\"><\/a>Imp\u00f4t sur le revenu : les propositions de Fran\u00e7ois Fillon<span class=\"ez-toc-section-end\"><\/span><\/h2>\n<h3><span class=\"ez-toc-section\" id=\"Projet_fiscal_de_Francois_Fillon_LR\"><\/span><a name=\"fillon\"><\/a>Projet fiscal de Fran\u00e7ois Fillon (LR)<span class=\"ez-toc-section-end\"><\/span><\/h3>\n<p>La priorit\u00e9 num\u00e9ro un de Fran\u00e7ois Fillon, gagnant de la primaire de la droite et du centre, est la lib\u00e9ration de l&rsquo;\u00e9conomie. Sur le plan fiscal, ce principe se traduit par la volont\u00e9 de <em>\u00ab rendre \u00e0 chacun la libert\u00e9 de profiter des fruits de son travail \u00bb<\/em> en proc\u00e9dant \u00e0 une diminution progressive de la fiscalit\u00e9 des m\u00e9nages. Les principaux b\u00e9n\u00e9ficiaires du <strong><a href=\"https:\/\/www.toutsurmesfinances.com\/impots\/impots-le-programme-fiscal-de-francois-fillon-pour-2017.html\" target=\"_blank\" rel=\"noopener noreferrer\">programme fiscal du candidat de la droite<\/a> <\/strong>r\u00e9publicaine seraient les m\u00e9nages ais\u00e9s avec enfants et disposant d&rsquo;un capital g\u00e9n\u00e9rateur de revenus.<\/p>\n<p>En pratique, ses propositions pour l&rsquo;imp\u00f4t sur le revenu pr\u00e9sent\u00e9es en mars 2017 dans le cadre de son \u00ab\u00a0projet pour la France\u00a0\u00bb sont les suivantes :<\/p>\n<p>&#8211; Rel\u00e8vement progressif du plafond du quotient familial de 1.510 \u00e0 3.000 euros.<\/p>\n<p>&#8211; Mise en place d&rsquo;un taux unique d&rsquo;imposition des revenus de l&rsquo;\u00e9pargne financi\u00e8re (int\u00e9r\u00eats, dividendes, plus-values) \u00e0 30%, pr\u00e9l\u00e8vements sociaux inclus.<\/p>\n<p>&#8211; Maintien de l&rsquo;exon\u00e9ration d&rsquo;imp\u00f4t sur les int\u00e9r\u00eats du Livret A<\/p>\n<p>&#8211; Maintien du r\u00e9gime fiscal de l&rsquo;assurance vie<\/p>\n<p>&#8211; Cr\u00e9ation d&rsquo;une r\u00e9duction d&rsquo;imp\u00f4t sur le revenu de 30% dans la limite d&rsquo;un million d&rsquo;euros pour un couple en contyrepartie de l&rsquo;investissement dans des PME<\/p>\n<p>&#8211; Doublement du plafond du PEA PME (enveloppe de placements en actions de PME-ETI en franchise d&rsquo;imp\u00f4t sur le revenu au-del\u00e0 de 5 ans) de 75.000 \u00e0 150.000 euros<\/p>\n<p>&#8211; Abrogation du pr\u00e9l\u00e8vement \u00e0 la source<\/p>\n<p>&#8211; Maintien des aides fiscales aux particuliers employeurs<\/p>\n<p>&#8211; Cr\u00e9ation d&rsquo;une incitation fiscale \u00e0 la souscription de contrats d&rsquo;assurance d\u00e9pendance<\/p>\n<p>&#8211; Instauration d&rsquo;une\u00a0<em>\u00ab d\u00e9fiscalisation sp\u00e9cifique\u00a0\u00bb<\/em> pour la r\u00e9habilitation des logements dans les petites villes et centres-bourgs<\/p>\n<p>&#8211; Prolongation du dispositif de <strong>d\u00e9fiscalisation Outre-mer <\/strong>(loi\u00a0Girardin) jusqu\u2019en 2027 et mesures \u00e0 prendre en vue de <em>\u00ab la simplifier r\u00e9solument\u00a0\u00bb<\/em><\/p>\n<p>&nbsp;<\/p>\n<p><strong>Pour rappel, les mesures propos\u00e9es initialement par Fran\u00e7ois Fillon dans le cadre de la primaire :<\/strong><\/p>\n<p>&#8211; Simplification du bar\u00e8me de l&rsquo;imp\u00f4t sur le revenu, \u00e9largissement de son assiette.<\/p>\n<p>&#8211; Rel\u00e8vement du <a href=\"https:\/\/www.toutsurmesfinances.com\/impots\/quotient-familial-montants-des-plafonds-pour-l-impot-sur-le-revenu.html\" target=\"_blank\" rel=\"noopener noreferrer\">plafond du quotient familial <\/a>\u00e0 3.000 euros par demi-part fiscale suppl\u00e9mentaire, contre 1.510 euros actuellement.<\/p>\n<p>&#8211; Instauration d&rsquo;une flat tax (imp\u00f4t forfaitaire \u00e0 taux unique) de 30% sur tous les revenus du capital. Dans ce cadre, l&rsquo;ancien Premier ministre propose le maintien de l&rsquo;abattement de 40% sur les dividendes<\/p>\n<p>&#8211; Mise en place d&rsquo;une r\u00e9duction d&rsquo;imp\u00f4t sur le revenu pour favoriser l&rsquo;investissement dans les PME et les start-up. Cet avantage fiscal serait fix\u00e9 \u00e0 30% des sommes investies jusqu&rsquo;\u00e0 un plafond d&rsquo;un million d&rsquo;euros. Il s&rsquo;agit notamment de contrebalancer la disparition du dispositif de <a href=\"https:\/\/www.toutsurmesfinances.com\/patrimoine\/a\/defiscalisation-isf-comparatif-des-reductions-isf\" target=\"_blank\" rel=\"noopener noreferrer\">d\u00e9fiscalisation ISF<\/a>-PME, dans le cadre de la suppression envisag\u00e9e de l&rsquo;ISF.<\/p>\n<p>&#8211; Instauration d&rsquo;un dispositif unique d&rsquo;incitation fiscale \u00e0 l&rsquo;investissement immobilier locatif, bas\u00e9 sur un amortissement sur 20 \u00e0 30 ans, en remplacement notamment du <a href=\"https:\/\/www.toutsurmesfinances.com\/immobilier\/loi-pinel-comment-utiliser-le-dispositif-d-investissement-immobilier.html\" target=\"_blank\" rel=\"noopener noreferrer\">dispositif de d\u00e9fiscalisation Pinel<\/a>.<\/p>\n<p>&#8211; Cr\u00e9ation d&rsquo;un statut de bailleur priv\u00e9<\/p>\n<p>&#8211; Abrogation de la r\u00e9forme du pr\u00e9l\u00e8vement \u00e0 la source de l&rsquo;imp\u00f4t sur le revenu.<\/p>\n<h3><span class=\"ez-toc-section\" id=\"Programme_dAlain_Juppe_LR\"><\/span><a name=\"juppe\"><\/a>Programme d&rsquo;Alain Jupp\u00e9 (LR)<span class=\"ez-toc-section-end\"><\/span><\/h3>\n<p>Alain Jupp\u00e9, finaliste de la primaire 2016 de la droite ne promet pas de baisse g\u00e9n\u00e9rale et imm\u00e9diate de l&rsquo;imp\u00f4t sur le revenu.\u00a0Alain Jupp\u00e9 juge une telle mesure <em>\u00ab irr\u00e9aliste ou irresponsable \u00bb<\/em> en raison de la situation d\u00e9ficitaire des finances de l&rsquo;Etat.<\/p>\n<p>Les propositions fiscales d&rsquo;Alain Jupp\u00e9 pour les m\u00e9nages sont les suivantes :<\/p>\n<p>&#8211; Rel\u00e8vement d\u00e8s 2017 du plafond du quotient familial \u00e0 2.500 euros par demi-part fiscale suppl\u00e9mentaire, un geste pour les familles ais\u00e9es (1,3 million de foyers concern\u00e9s) dont le co\u00fbt est estim\u00e9 \u00e0 2 milliards d&rsquo;euros.<\/p>\n<p>&#8211; Mise en place d&rsquo;un m\u00e9canisme <a href=\"https:\/\/www.toutsurmesfinances.com\/impots\/exoneration-fiscale-taxe-fonciere-impot-sur-le-revenu-comment-etre-exonere.html\" target=\"_blank\" rel=\"noopener noreferrer\">d&rsquo;exon\u00e9ration fiscale<\/a> pour les salari\u00e9s qui verraient leurs revenus augmenter gr\u00e2ce \u00e0 la ren\u00e9gociation sur l&rsquo;allongement du temps de travail.<\/p>\n<p>&#8211; R\u00e9tablissement de la taxation forfaitaire des revenus de placement (int\u00e9r\u00eats, <a href=\"https:\/\/www.toutsurmesfinances.com\/bourse\/a\/dividende-versement-et-imposition-des-distributions-aux-actionnaires\" target=\"_blank\" rel=\"noopener\">dividendes d&rsquo;actions<\/a>), supprim\u00e9e par Fran\u00e7ois Hollande, \u00e0 un taux <em>\u00ab autour de 20% \u00bb<\/em> auquel s&rsquo;ajouteraient les pr\u00e9l\u00e8vements sociaux dont le taux resterait maintenu au niveau actuel, soit 15,5%. Sur option, les contribuables qui y ont int\u00e9r\u00eat (non imposables ou dans la tranche \u00e0 14%) auraient la possibilit\u00e9 de soumettre ces revenus au bar\u00e8me progressif de l&rsquo;imp\u00f4t sur le revenu.<\/p>\n<p>&#8211; Maintien de l&rsquo;abattement de 40 % sur les dividendes en cas d&rsquo;imposition au bar\u00e8me de l&rsquo;IR mais pas en cas d&rsquo;application du pr\u00e9l\u00e8vement forfaitaire.<\/p>\n<p>&#8211; R\u00e9forme de la <a href=\"https:\/\/www.toutsurmesfinances.com\/impots\/plus-values-de-cession-de-titres-imposition-et-declaration.html\" target=\"_blank\" rel=\"noopener noreferrer\">fiscalit\u00e9 des plus-values<\/a> mobili\u00e8res avec un syst\u00e8me mixte, combinant imposition au bar\u00e8me de l&rsquo;imp\u00f4t sur le revenu en cas de d\u00e9tention sur une dur\u00e9e courte (moins de 2 ans) et taux forfaitaire au-del\u00e0. Cette imposition forfaitaire d\u00e9cro\u00eetrait <em>\u00ab fortement \u00bb<\/em> avec la dur\u00e9e de d\u00e9tention, soit 23% de pr\u00e9l\u00e8vements sociaux inclus au bout de 6 ans. Une option d&rsquo;imposition au bar\u00e8me de l&rsquo;imp\u00f4t sur le revenu serait mise en place en faveur des contribuables pour qui ce choix serait plus favorable.<\/p>\n<p>&#8211; Renforcement de la r\u00e9duction d&rsquo;imp\u00f4t pour investissement dans les PME et les start-up (dispositif Madelin) dont le taux actuel est de 18%, soumis \u00e0 une double limite.<\/p>\n<p>&#8211; Relance d&rsquo;un dispositif de d\u00e9fiscalisation outre-mer.<\/p>\n<p>&#8211; Report de la r\u00e9forme du <a href=\"https:\/\/www.toutsurmesfinances.com\/impots\/prelevement-a-la-source-et-impot-sur-le-revenu-fonctionnement-calcul-et-calendrier.html\" target=\"_blank\" rel=\"noopener noreferrer\">pr\u00e9l\u00e8vement \u00e0 la source de l&rsquo;imp\u00f4t<\/a>, \u00e0 laquelle Alain Jupp\u00e9 n&rsquo;est pas oppos\u00e9 sur le principe.<\/p>\n<h3><span class=\"ez-toc-section\" id=\"Programme_de_Nicolas_Sarkozy_LR\"><\/span><a name=\"sarkozy\"><\/a>Programme de Nicolas Sarkozy (LR)<span class=\"ez-toc-section-end\"><\/span><\/h3>\n<p>Les baisses d&rsquo;imp\u00f4ts, en particulier pour les m\u00e9nages, sont au c\u0153ur du programme \u00e9conomique de Nicolas Sarkozy. L&rsquo;ancien pr\u00e9sident de la R\u00e9publique entend notamment r\u00e9tablir plusieurs dispositions qui ont \u00e9t\u00e9 supprim\u00e9es par Fran\u00e7ois Hollande, peu apr\u00e8s son arriv\u00e9e au pouvoir :<\/p>\n<p>&#8211; R\u00e9tablissement de la d\u00e9fiscalisation des heures suppl\u00e9mentaires<\/p>\n<p>&#8211; Baisse de 10% de l&rsquo;imp\u00f4t sur le revenu, d\u00e8s l&rsquo;\u00e9t\u00e9 2017 pour tous les contribuables imposables, quelle que soit leur tranche d&rsquo;imposition (les foyers non imposables ne seraient donc pas concern\u00e9s)<\/p>\n<p>&#8211; Cr\u00e9ation d&rsquo;un r\u00e9gime optionnel d&rsquo;imposition \u00e0 taux fixe (<em>\u00ab taxation proportionnelle lib\u00e9ratoire \u00bb<\/em>) pour tous les revenus de placement \u00e0 taux fixe (int\u00e9r\u00eats) ou variables (dividendes) et les plus-values de cession de valeurs mobili\u00e8res. Nicolas Sarkozy propose un taux unique de 26%, pr\u00e9l\u00e8vements sociaux inclus<\/p>\n<p>&#8211; Instauration d&rsquo;un r\u00e9gime similaire pour les revenus fonciers (loyers) au taux de 33,33 % pr\u00e9l\u00e8vements sociaux inclus<\/p>\n<p>&#8211; Abrogation du pr\u00e9l\u00e8vement \u00e0 la source.<\/p>\n<h3><span class=\"ez-toc-section\" id=\"Programme_de_Nathalie_Kosciusko-Morizet_LR\"><\/span><a name=\"nkm\"><\/a>Programme de Nathalie Kosciusko-Morizet (LR)<span class=\"ez-toc-section-end\"><\/span><\/h3>\n<p>Nathalie Kosciusko-Morizet est probablement la candidate de la primaire de la droite dont le programme fiscal s&rsquo;inscrit le plus en rupture avec l&rsquo;existant. Un positionnement en phase avec le courant du <em>\u00ab progr\u00e8s \u00bb<\/em> qu&rsquo;elle revendique, par opposition \u00e0 une droite qu&rsquo;elle juge plus conservatrice (ligne Sarkozy, Fillon, Cop\u00e9). Ce cr\u00e9do se traduit par une r\u00e9forme radicale du syst\u00e8me d&rsquo;imposition des revenus et des aides aux personnes en difficult\u00e9, en vue de les simplifier et de les rendre plus compr\u00e9hensibles :<\/p>\n<p>&#8211; Suppression du bar\u00e8me de l&rsquo;imp\u00f4t sur le revenu<\/p>\n<p>&#8211; Mise en place d&rsquo;une flat tax, un imp\u00f4t proportionnel au revenu \u00e0 taux unique (autour de 20%) d\u00e8s le premier euro per\u00e7u<\/p>\n<p>&#8211; Instauration en parall\u00e8le d&rsquo;un revenu de base de 470 euros pour chaque Fran\u00e7ais actif, qu&rsquo;il soit ch\u00f4meur ou non. Ce revenu de base serait notamment issu de la fusion de plusieurs allocations (RSA, ASS, prime d&rsquo;activit\u00e9, mais pas l&rsquo;AHH ni l&rsquo;Aspa). Pour NKM, cette double r\u00e9forme permettrait \u00ab de garantir que chaque Fran\u00e7ais paye l&rsquo;imp\u00f4t sur le revenu \u00bb.<\/p>\n<p>&#8211; Cr\u00e9ation d&rsquo;un m\u00e9canisme, inspir\u00e9 du financement participatif, permettant \u00e0 chaque contribuable d&rsquo;affecter chaque ann\u00e9e 5% de son imp\u00f4t au minist\u00e8re de son choix, en fonction des projets pr\u00e9sent\u00e9s par les minist\u00e8res qui lui semblent les plus pertinents. Nathalie Kosciusko-Morizet entend ainsi <em>\u00ab donner du sens \u00e0 la fiscalit\u00e9 \u00bb<\/em> et r\u00e9tablir le consentement \u00e0 l&rsquo;imp\u00f4t.<\/p>\n<h3><span class=\"ez-toc-section\" id=\"Programme_de_Bruno_Le_Maire_LR\"><\/span><a name=\"blm\"><\/a>Programme de Bruno Le Maire (LR)<span class=\"ez-toc-section-end\"><\/span><\/h3>\n<p>La baisse des imp\u00f4ts figure parmi les 12 chantiers prioritaires de Bruno Le Maire. Si son programme est similaire \u00e0 celui de ses rivaux sur la fiscalit\u00e9 des familles ais\u00e9es avec enfants \u00e0 charge et des revenus du capital, il s&rsquo;en distingue nettement s&rsquo;agissant de la r\u00e9forme de l&rsquo;imposition des revenus du travail et des retraites :<\/p>\n<p>&#8211; R\u00e9tablissement du plafond de la demi-part de quotient familial \u00e0 2.336 euros par enfant (seuil en vigueur avant le coup de rabot d\u00e9cid\u00e9 par Fran\u00e7ois Hollande en 2013)<\/p>\n<p>&#8211; Diminution en deux \u00e9tapes du taux de contribution sociale g\u00e9n\u00e9ralis\u00e9e (CSG) afin d&rsquo;all\u00e9ger la fiscalit\u00e9 de tous les m\u00e9nages, et pas uniquement celle des contribuables imposable \u00e0 l&rsquo;IR. La premi\u00e8re moiti\u00e9 de la baisse serait effective au 1er janvier 2018 pour aboutir \u00e0 un taux unique de CSG de 6% au 1er janvier 2019 pour l&rsquo;ensemble des revenus (contre 6,2% \u00e0 8,2% selon le type de revenus actuellement). Le taux r\u00e9duit de CSG (3,8%) et les cas d&rsquo;exon\u00e9ration seraient maintenus.<\/p>\n<p>&#8211; R\u00e9tablissement d&rsquo;un pr\u00e9l\u00e8vement forfaitaire lib\u00e9ratoire sur les revenus de placement et du patrimoine (exception faite des revenus fonciers) au taux fixe de 25%, compl\u00e9t\u00e9 par 6% de CSG. Les autres pr\u00e9l\u00e8vements sociaux (CRDS, pr\u00e9l\u00e8vements additionnels) seraient supprim\u00e9s. Les contribuables qui y auraient int\u00e9r\u00eat pourraient choisir le bar\u00e8me de l&rsquo;IR, notamment pour l&rsquo;imposition des plus-values de cession d&rsquo;actions en cas de d\u00e9tention longue.<\/p>\n<p>&#8211; R\u00e9novation des dispositifs de d\u00e9fiscalisation outre-mer.<\/p>\n<p>&#8211; Cr\u00e9ation d&rsquo;un avantage fiscal pour le propri\u00e9taire bailleur signataire d&rsquo;un contrat <em>\u00ab loyer abordable \u00bb<\/em> pour la location d&rsquo;un logement dans l&rsquo;ancien ou le neuf. Les loyers seraient impos\u00e9s \u00e0 un taux r\u00e9duit et fixe de 10% en contrepartie d&rsquo;un engagement de location de 9 ans.<\/p>\n<h3><span class=\"ez-toc-section\" id=\"Programme_de_Jean-Frederic_Poisson_PCD\"><\/span><a name=\"poisson\"><\/a>Programme de Jean-Fr\u00e9d\u00e9ric Poisson (PCD)<span class=\"ez-toc-section-end\"><\/span><\/h3>\n<p>De tous les candidats \u00e0 la primaire de la droite et du centre, Jean-Fr\u00e9d\u00e9ric Poisson, qui fait du projet de civilisation un enjeu central, est le moins pr\u00e9cis en mati\u00e8re de r\u00e9forme fiscale. Le pr\u00e9sident du PCD (Parti Chr\u00e9tien-D\u00e9mocrate) d\u00e9clare simplement \u00eatre attach\u00e9 au <em>\u00ab maintien de la progressivit\u00e9 de l&rsquo;imp\u00f4t \u00bb<\/em> et \u00e0 une imposition de tous les foyers fiscaux, m\u00eame symbolique.<\/p>\n<p>Comme Nathalie Kosciusko-Morizet (avec laquelle il partage peu de convictions sur d&rsquo;autres sujets), il se dit favorable \u00e0 l&rsquo;instauration d&rsquo;un revenu de base universel, qui remplacerait diverses allocations actuelles.<\/p>\n<p>Jean-Fr\u00e9d\u00e9ric Poisson s&rsquo;est prononc\u00e9 contre l&rsquo;instauration de la retenue \u00e0 la source de l&rsquo;imp\u00f4t sur le revenu.<\/p>\n<h3><span class=\"ez-toc-section\" id=\"Programme_de_Jean-Francois_Cope_LR\"><\/span><a name=\"cope\"><\/a>Programme de Jean-Fran\u00e7ois Cop\u00e9 (LR)<span class=\"ez-toc-section-end\"><\/span><\/h3>\n<p>Candidat de la <em>\u00ab droite d\u00e9complex\u00e9e \u00bb<\/em> et lib\u00e9ral convaincu, Jean-Fran\u00e7ois Cop\u00e9 entend simplifier et all\u00e9ger la fiscalit\u00e9 qui p\u00e8se sur les m\u00e9nages en agissant vite, par voie d&rsquo;ordonnances, afin de <em>\u00ab r\u00e9duire la pression fiscale \u00bb<\/em>, de cr\u00e9er un <em>\u00ab choc fiscal positif \u00bb<\/em>.<\/p>\n<p>Ses propositions de r\u00e9forme de l&rsquo;imp\u00f4t sur le revenu sont les suivantes :<\/p>\n<p>&#8211; Baisse de l&rsquo;imp\u00f4t sur le revenu (IR) de 5 milliards d&rsquo;euros.<\/p>\n<p>&#8211; R\u00e9tablissement d&rsquo;une demi-part fiscale suppl\u00e9mentaire pour les veufs et veuves (progressivement supprim\u00e9e de 2008 \u00e0 2012).<\/p>\n<p>&#8211; R\u00e9tablissement d&rsquo;un pr\u00e9l\u00e8vement fiscal lib\u00e9ratoire (supprim\u00e9 en 2013) sur les revenus du capital et du patrimoine \u00e0 taux unique, en lieu et place de l&rsquo;assujettissement au <a href=\"https:\/\/www.toutsurmesfinances.com\/impots\/bareme-de-l-impot-sur-le-revenu.html\" target=\"_blank\" rel=\"noopener noreferrer\">bar\u00e8me de l&rsquo;imp\u00f4t sur le revenu<\/a>. Ce pr\u00e9l\u00e8vement lib\u00e9ratoire est propos\u00e9 \u00e0 26% sur les int\u00e9r\u00eats, les dividendes, et les plus-values de valeurs mobili\u00e8res (actions, <a href=\"https:\/\/www.toutsurmesfinances.com\/placements\/sicav-et-fcp-definition-avantages-frais-fiscalite-des-opcvm.html\" target=\"_blank\" rel=\"noopener noreferrer\">Sicav et FCP<\/a>), d&rsquo;une part, et de 33% sur les revenus fonciers (loyers), d&rsquo;autre part.<\/p>\n<p>&#8211; Instauration d&rsquo;un statut de bailleur priv\u00e9, avec une imposition all\u00e9g\u00e9e en contrepartie de loyers mod\u00e9r\u00e9s.<\/p>\n<p>&#8211; Interdiction du rattachement fiscal au foyer des parents pour un \u00e9tudiant b\u00e9n\u00e9ficiaire de l&rsquo;APL ou d&rsquo;une autre allocation logement.<\/p>\n<h3><span class=\"ez-toc-section\" id=\"Limpact_des_propositions_sur_le_montant_de_limpot_des_Francais\"><\/span><a name=\"impact\"><\/a>L&rsquo;impact des propositions sur le montant de l&rsquo;imp\u00f4t des Fran\u00e7ais<span class=\"ez-toc-section-end\"><\/span><\/h3>\n<p>La start-up Finansemble a, avec l&rsquo;aide de son <a href=\"http:\/\/www.finansemble.fr\/defiscalisator\" target=\"_blank\" rel=\"nofollow noopener noreferrer\">simulateur D\u00e9fiscalisator<\/a>, calcul\u00e9 les cons\u00e9quences des mesures propos\u00e9es par les principaux candidats \u00e0 la primaire sur l&rsquo;imp\u00f4t sur le revenu pay\u00e9 par plusieurs profils-types de m\u00e9nages. Parmi les deux qualifi\u00e9s pour le second tour, le mieux disant est\u00a0Fran\u00e7ois Fillon.<\/p>\n<p><img decoding=\"async\" src=\"https:\/\/www.toutsurmesfinances.com\/images\/impots\/simulations-defiscalisator-primaires.jpg\" alt=\"simulation impact propositions primaires\" width=\"100%\" \/><\/p>\n<p>&nbsp;<\/p>\n<h2><span class=\"ez-toc-section\" id=\"Les_propositions_des_candidats_a_la_primaire_de_la_gauche\"><\/span><a name=\"election\"><\/a>Les propositions des candidats \u00e0 la primaire de la gauche<span class=\"ez-toc-section-end\"><\/span><\/h2>\n<p>Sur le reste de l&rsquo;\u00e9chiquier politique, les propositions fiscales des candidats potentiels ou av\u00e9r\u00e9s \u00e0 l&rsquo;\u00e9lection pr\u00e9sidentielle de 2017 commencent \u00e0 voir le jour. C&rsquo;est par exemple le cas des candidats \u00e0 la primaire de la gauche (Parti socialiste, PRG et \u00e9cologistes), \u00e0 laquelle Fran\u00e7ois Hollande ne pr\u00e9sentera pas. Il a en effet jet\u00e9 l&rsquo;\u00e9ponge pour la course \u00e0 sa propre succession. Cette primaire organis\u00e9e par la Belle Alliance Populaire (BAP) a \u00e9t\u00e9 organis\u00e9e les dimanches 22 et 29 janvier. Beno\u00eet Hamon en est sorti gagnant, avec 58,71% des suffrages exprim\u00e9s au second tour.<\/p>\n<p>Les 7 candidats et leurs r\u00e9sultats au premier tour \u00e9taient les suivants :<br \/>\n<strong>&#8211; <a href=\"https:\/\/www.toutsurmesfinances.com\/impots\/election-presidentielle-2017-impot-sur-le-revenu-le-programme-des-candidats.html#hamon\">Benoit Hamon <\/a>(PS) <\/strong><strong>: <\/strong>36,03% des voix<br \/>\n&#8211; <a href=\"https:\/\/www.toutsurmesfinances.com\/impots\/election-presidentielle-2017-impot-sur-le-revenu-le-programme-des-candidats.html#valls\">Manuel Valls <\/a>(PS) : 31,48% des voix<strong><br \/>\n&#8211; <a href=\"https:\/\/www.toutsurmesfinances.com\/impots\/election-presidentielle-2017-impot-sur-le-revenu-le-programme-des-candidats.html#montebourg\">Arnaud Montebourg<\/a> (PS)<\/strong> <strong>: <\/strong>17,52% des voix<br \/>\n<strong>&#8211; <a href=\"https:\/\/www.toutsurmesfinances.com\/impots\/election-presidentielle-2017-impot-sur-le-revenu-le-programme-des-candidats.html#peillon\">Vincent Peillon<\/a> (PS)<\/strong> <strong>: <\/strong>6,81% des voix<br \/>\n&#8211; <a href=\"https:\/\/www.toutsurmesfinances.com\/impots\/election-presidentielle-2017-impot-sur-le-revenu-le-programme-des-candidats.html#derugy\">Fran\u00e7ois de Rugy<\/a> (Ecologistes)<strong><strong> : <\/strong>3,83% des voix<br \/>\n&#8211; <a href=\"https:\/\/www.toutsurmesfinances.com\/impots\/election-presidentielle-2017-impot-sur-le-revenu-le-programme-des-candidats.html#pinel\">Sylvia Pinel <\/a>(Parti Radical de Gauche &#8211; PRG)<\/strong> <strong>: <\/strong>2% des voix<br \/>\n<strong>&#8211; <a href=\"https:\/\/www.toutsurmesfinances.com\/impots\/election-presidentielle-2017-impot-sur-le-revenu-le-programme-des-candidats.html#benhamias\">Jean-Luc Bennhamias <\/a>(Front D\u00e9mocrate) : <\/strong>1,02% des voix<br \/>\nVotes blancs et nuls <strong>: <\/strong>1,31% des voix<\/p>\n<p>Tous ont esquiss\u00e9 les grandes lignes de leur programme fiscal.<\/p>\n<h3><span class=\"ez-toc-section\" id=\"Programme_de_Benoit_Hamon\"><\/span><a name=\"hamon\"><\/a>Programme de Beno\u00eet Hamon<span class=\"ez-toc-section-end\"><\/span><\/h3>\n<p>Arriv\u00e9 en t\u00eate du 1er tour des primaires citoyennes avec 36,03% des voix,\u00a0Beno\u00eet Hamon est sorti vainqueur de la primaire du PS. Situ\u00e9 \u00e0 l&rsquo;aile gauche du Parti socialiste, il promet une <em>\u00ab v\u00e9ritable r\u00e9volution fiscale \u00bb<\/em> au travers d&rsquo;une vaste r\u00e9forme visant \u00e0 rendre l&rsquo;imp\u00f4t sur le revenu plus simple, plus lisible et plus progressif.<\/p>\n<p>Le d\u00e9put\u00e9 des Yvelines propose, dans ce cadre de cette r\u00e9forme fiscale :<br \/>\n&#8211; la fusion l&rsquo;IR avec la CSG (contribution sociale g\u00e9n\u00e9ralis\u00e9e)<br \/>\n&#8211; l&rsquo;\u00e9largissement de l&rsquo;assiette (base servant au calcul de l&rsquo;imp\u00f4t) de cet imp\u00f4t global sur le revenu, induit par la fusion IR-CSG<br \/>\n&#8211; l&rsquo;individualisation de l&rsquo;imp\u00f4t, synonyme de fin du quotient conjugal (mise en commun des revenus du couple pour le calcul de l&rsquo;imp\u00f4t)<br \/>\n&#8211; l&rsquo;augmentation du nombre de tranches d&rsquo;imposition.<\/p>\n<p>Beno\u00eet Hamon propose par ailleurs de rendre <em>\u00ab la fiscalit\u00e9 incitative pour guider l\u2019\u00e9pargne vers des investissements verts \u00bb<\/em> en vue de favoriser la transition \u00e9cologique.<\/p>\n<p><strong>&gt; En savoir plus <a href=\"https:\/\/www.toutsurmesfinances.com\/argent\/a\/revenu-universel-impots-retraite-le-programme-de-benoit-hamon-pour-2017\" target=\"_blank\" rel=\"noopener noreferrer\">Revenu universel, imp\u00f4ts, retraite : le programme de Beno\u00eet Hamon pour 2017<br \/>\n<\/a><\/strong><\/p>\n<h3><span class=\"ez-toc-section\" id=\"Programme_de_Manuel_Valls\"><\/span><a name=\"valls\"><\/a>Programme de Manuel Valls<span class=\"ez-toc-section-end\"><\/span><\/h3>\n<p>Qualifi\u00e9 au second tour en deuxi\u00e8me position, derri\u00e8re Beno\u00eet Hamon, Manuel Valls a recueilli 31,48% des voix au 1er tour. Au deuxi\u00e8me tour, il a \u00e9t\u00e9 largement battu en recueillant 41,29% des voix. Dans un entretien au Parisien paru le 11 d\u00e9cembre 2016, le candidat \u00e0 la primaire socialiste, a \u00e9voqu\u00e9 une s\u00e9rie de mesures en faveur du pouvoir d&rsquo;achat, au travers de baisses d&rsquo;imp\u00f4t cibl\u00e9es. L&rsquo;ex-Premier ministre a d\u00e9clar\u00e9 vouloir revenir sur plusieurs mesures embl\u00e9matiques du ras-le-bol fiscal du d\u00e9but du quinquennat de Fran\u00e7ois Hollande. L&rsquo;ancien maire d&rsquo;Evry propose ainsi :<\/p>\n<p>&#8211; le r\u00e9tablissement de la d\u00e9fiscalisation des heures suppl\u00e9mentaires en vue d&rsquo;am\u00e9liorer le pouvoir d&rsquo;achat des salari\u00e9s<\/p>\n<p>&#8211; l&rsquo;exon\u00e9ration des majorations de pensions pour les veufs (pour les personnes ayant eu 3 enfants ou plus), sachant que la fiscalisation entr\u00e9e en vigueur en 2013 s&rsquo;applique \u00e0 tous les retrait\u00e9s ayant \u00e9t\u00e9 \u00e0 la t\u00eate d&rsquo;une famille nombreuses, et non les seuls veuves et veufs<\/p>\n<p>&#8211; le r\u00e9tablissement int\u00e9gral de la demi-part fiscale des veuves<\/p>\n<h3><span class=\"ez-toc-section\" id=\"Programme_dArnaud_Montebourg\"><\/span><a name=\"montebourg\"><\/a>Programme d&rsquo;Arnaud Montebourg<span class=\"ez-toc-section-end\"><\/span><\/h3>\n<p>D\u00e8s sa d\u00e9claration de candidature \u00e0 Frangy-en-Bresse, le 21 ao\u00fbt 2016, Arnaud Montebourg a annonc\u00e9 sa volont\u00e9 de<em> \u00ab revaloriser le travail \u00bb<\/em> et de soutenir le pouvoir d&rsquo;achat en proc\u00e9dant \u00e0 <em>\u00ab l&rsquo;annulation progressive des hausses d&rsquo;imp\u00f4ts de ces 5 derni\u00e8res ann\u00e9es sur les revenus du travail des classes moyennes et populaires \u00bb.<\/em><\/p>\n<p>Cette volont\u00e9 de diminuer la pression fiscale ne passerait pas par l&rsquo;imp\u00f4t sur le revenu mais par la CSG (contribution sociale g\u00e9n\u00e9ralis\u00e9e) dont le taux est actuellement fix\u00e9 \u00e0 7,5% sur les salaires (8% en incluant la CRDS) et \u00e0 6,6% sur les pensions de retraite (sachant que pour les petites retraites, le taux de CSG peut \u00eatre r\u00e9duit \u00e0 3,8% ou nul). A l&rsquo;occasion de la pr\u00e9sentation de son programme, l&rsquo;ancien ministre de l&rsquo;Economie et du Redressement a ainsi annonc\u00e9 la restitution de <em>\u00ab 800 euros de pouvoir d&rsquo;achat aux Fran\u00e7ais par une baisse de la contribution sociale g\u00e9n\u00e9ralis\u00e9e \u00bb<\/em> sans pr\u00e9ciser sur combien d&rsquo;ann\u00e9e s&rsquo;\u00e9talerait ce coup de pouce.<\/p>\n<p>Seraient concern\u00e9s les salari\u00e9s touchant de 1 \u00e0 1,3 Smic ainsi que les petites retraites.<\/p>\n<h3><span class=\"ez-toc-section\" id=\"Programme_de_Vincent_Peillon\"><\/span><a name=\"peillon\"><\/a>Programme de Vincent Peillon<span class=\"ez-toc-section-end\"><\/span><\/h3>\n<p>Vincent Peillon qui s&rsquo;est positionn\u00e9 comme le candidat en mesure d&rsquo;effectuer une synth\u00e8se entre l&rsquo;aile gauche du PS et une ligne plus sociale-lib\u00e9rale incarn\u00e9e par Manuel Valls, n&rsquo;a pas l&rsquo;intention de lancer imm\u00e9diatement une r\u00e9forme de l&rsquo;imposition des revenus.<\/p>\n<p>Il entend, <em>\u00ab dans la deuxi\u00e8me moiti\u00e9 du quinquennat \u00bb<\/em> et<em> \u00ab une fois la r\u00e9forme du pr\u00e9l\u00e8vement \u00e0 la source r\u00e9alis\u00e9e, le rapprochement entre la CSG et l&rsquo;imp\u00f4t sur le revenu \u00bb<\/em>. Cependant, l&rsquo;ancien ministre de l&rsquo;Education nationale n&rsquo;use pas le terme de fusion entre ces deux pr\u00e9l\u00e8vements et parle de l&rsquo;instauration d&rsquo;une CSG progressive, dont le taux serait plus bas pour les m\u00e9nages modestes et plus \u00e9lev\u00e9 pour les Fran\u00e7ais les plus ais\u00e9s.<\/p>\n<p>Cette r\u00e9forme serait le fruit d&rsquo;une concertation et de travaux pr\u00e9alables, \u00e9voquant \u00e0 ce titre de <em>\u00ab longues \u00e9tudes pr\u00e9paratoires et un dialogue constant avec les Fran\u00e7ais \u00bb.<\/em><\/p>\n<p>&nbsp;<\/p>\n<h3><span class=\"ez-toc-section\" id=\"Programme_de_Sylvia_Pinel\"><\/span><a name=\"pinel\"><\/a>Programme de Sylvia Pinel<span class=\"ez-toc-section-end\"><\/span><\/h3>\n<p>Sylvia Pinel pr\u00f4ne un all\u00e8gement de la pression fiscale sur les m\u00e9nages <em>\u00ab en particulier pour les classes moyennes qui ont support\u00e9 l&rsquo;essentiel de l&rsquo;effort fiscal des ann\u00e9es de crise, d\u00e8s que sera trouv\u00e9 le chemin d&rsquo;une croissance plus forte \u00bb.<\/em> La pr\u00e9sidente du Parti radical de gauche (PRG) ne donne cependant aucun chiffrage.<\/p>\n<p>La vice-pr\u00e9sidente de la r\u00e9gion Occitanie pr\u00e9cise que cet all\u00e8gement fiscal s&rsquo;effectuerait sans grand chambardement.<em> \u00ab Mon programme ne pr\u00e9voit pas de r\u00e9forme significative de la fiscalit\u00e9 des particuliers \u00bb,<\/em> pr\u00e9cise-t-elle.<\/p>\n<p>En revanche, l&rsquo;ex-ministre du Logement propose des incitations fiscales cibl\u00e9es, notamment au travers de<em> \u00ab l&rsquo;extension des aides fiscales \u00e0 l&rsquo;investissement logement aux op\u00e9rations de r\u00e9novation \u00bb<\/em>, sachant que le dispositif de d\u00e9fiscalisation qui porte son nom (\u00ab loi Pinel \u00bb) porte principalement sur le logement neuf, et <strong><a href=\"https:\/\/www.toutsurmesfinances.com\/immobilier\/loi-pinel-et-investissement-immobilier-dans-l-ancien-principe-conditions-et-calcul.html\" target=\"_blank\" rel=\"noopener noreferrer\">se d\u00e9cline d\u00e9j\u00e0 dans l&rsquo;immobilier ancien<\/a><\/strong> associ\u00e9 \u00e0 des travaux de r\u00e9habilitation.<\/p>\n<p>Dans le m\u00eame esprit, une proposition de Sylvia Pinel pr\u00e9voit un <em>\u00ab renforcement des dispositifs d&rsquo;aide fiscale \u00e0 l&rsquo;investissement \u00bb<\/em> dans les collectivit\u00e9s d&rsquo;outre-mer, <em>\u00ab dans tous les secteurs productifs \u00bb<\/em>. Ce dispositif, connu sous le nom de <strong><a href=\"https:\/\/www.toutsurmesfinances.com\/impots\/girardin-industriel-fonctionnement-et-risques-de-la-defiscalisation-outre-mer.html\" target=\"_blank\" rel=\"noopener noreferrer\">d\u00e9fiscalisation en Girardin industriel<\/a><\/strong>, b\u00e9n\u00e9ficie chaque ann\u00e9e \u00e0 quelques milliers de contribuables tr\u00e8s ais\u00e9s.<\/p>\n<h3><span class=\"ez-toc-section\" id=\"Programme_de_Francois_de_Rugy\"><\/span><a name=\"derugy\"><\/a>Programme de Fran\u00e7ois de Rugy<span class=\"ez-toc-section-end\"><\/span><\/h3>\n<p>Le d\u00e9put\u00e9 de Loire-Atlantique se pr\u00e9sente comme le candidat \u00e9cologiste de la primaire de la gauche. Ce qui ne l&#8217;emp\u00eache pas de s&rsquo;int\u00e9resser aux questions fiscales avec plusieurs propositions parmi les 66 mesures de son programme.<\/p>\n<p>Fran\u00e7ois de Rugy souhaite d&rsquo;abord (mesure 17) restaurer l&rsquo;acceptation de l&rsquo;imp\u00f4t sur le revenu. Il propose ainsi <em>\u00ab pour rendre l&rsquo;imp\u00f4t compr\u00e9hensible \u00bb<\/em>, la diffusion annuelle \u00e0 chaque foyer fiscal d&rsquo;une <em>\u00ab estimation personnalis\u00e9e \u00bb<\/em> des d\u00e9penses r\u00e9alis\u00e9es par l&rsquo;Etat \u00e0 son b\u00e9n\u00e9fice. Cet envoi serait effectu\u00e9 en compl\u00e9ment des avis d&rsquo;imposition sur le revenu.<\/p>\n<p>L&rsquo;ancien adjoint en charge des transports de Jean-Marc Ayrault \u00e0 la mairie de Nantes propose en outre une baisse d&rsquo;imp\u00f4t, conditionn\u00e9e toutefois \u00e0 la situation des comptes publics et au niveau de la croissance \u00e9conomique.<\/p>\n<p>Si le contexte le permet, cette baisse d&rsquo;imp\u00f4t ciblerait les classes moyennes (foyers fiscaux dont les ressources seront inf\u00e9rieures ou \u00e9gales \u00e0 1,5 fois le revenu m\u00e9dian soit 2675 euros par mois) et les c\u00e9libataires <em>\u00ab sur lesquels p\u00e8se aujourd&rsquo;hui une forte pression fiscale \u00bb<\/em>, de l&rsquo;avis du vice-pr\u00e9sident de l&rsquo;Assembl\u00e9e nationale.<\/p>\n<h3><span class=\"ez-toc-section\" id=\"Programme_de_Jean-Luc_Bennhamias\"><\/span><a name=\"benhamias\"><\/a>Programme de Jean-Luc Bennhamias<span class=\"ez-toc-section-end\"><\/span><\/h3>\n<p>Le programme de Jean-Luc Bennhamias (Front D\u00e9mocrate) pr\u00e9sente la particularit\u00e9 de ne pr\u00e9voir aucune mesure fiscale pour les m\u00e9nages.<\/p>\n<h3><span class=\"ez-toc-section\" id=\"Dates_et_chaines_de_diffusion_des_debats_televises\"><\/span><a name=\"debats\"><\/a>Dates et cha\u00eenes de diffusion des d\u00e9bats t\u00e9l\u00e9vis\u00e9s<span class=\"ez-toc-section-end\"><\/span><\/h3>\n<p>&#8211; D\u00e9bat n\u00b01 : jeudi 12 janvier sur TF1 et RTL<br \/>\n&#8211; D\u00e9bat n\u00b02 : dimanche 15 janvier sur BFM TV et i&gt;T\u00e9l\u00e9<br \/>\n&#8211; D\u00e9bat n\u00b03 : jeudi 19 janvier sur France 2 et Europe 1<br \/>\n&#8211; D\u00e9bat du second tour : mercredi 25 janvier sur TF1, France 2 et France Inter<\/p>\n<h2><span class=\"ez-toc-section\" id=\"Revolution_fiscale_au_programme_de_Jean-Luc_Melenchon\"><\/span><a name=\"melenchon\"><\/a>R\u00e9volution fiscale au programme de Jean-Luc M\u00e9lenchon<span class=\"ez-toc-section-end\"><\/span><\/h2>\n<p>Taxation des plus riches, remise \u00e0 plat de l&rsquo;imp\u00f4t sur le revenu, suppression des niches fiscales \u00e0 anti-\u00e9cologiques&#8230; C&rsquo;est \u00e0 une v\u00e9ritable \u00ab\u00a0r\u00e9volution fiscale\u00a0\u00bb que Jean-Luc M\u00e9lenchon pr\u00e9pare les esprits, qui l&rsquo;assume compl\u00e8tement. Pour l&rsquo;imp\u00f4t sur le revenu, son programme pr\u00e9voit notamment :<\/p>\n<p>&#8211; l&rsquo;\u00e9talement du bar\u00e8me de l&rsquo;imp\u00f4t sur le revenu sur 14 tranches afin de ne pas faire peser tout cet imp\u00f4t sur les seules classes moyennes<\/p>\n<p>&#8211; la cr\u00e9ation d&rsquo;une tranche d&rsquo;imposition \u00e0 90% au-del\u00e0 de 400.000 euros de revenus annuels<\/p>\n<p>&#8211; la suppression du quotient familial ( demi-parts ou parts fiscales suppl\u00e9mentaires attribu\u00e9es au titre des enfants \u00e0 charge) et son remplacement par un cr\u00e9dit d&rsquo;imp\u00f4t par enfant<\/p>\n<p>&#8211; la suppression des avantages fiscaux associ\u00e9s aux contrats de retraite par capitalisation (Perp, etc.).<\/p>\n<p><strong>En savoir plus &gt; <a href=\"https:\/\/www.toutsurmesfinances.com\/impots\/impots-et-taxes-le-programme-de-jean-luc-melenchon-pour-2017.html\" target=\"_blank\" rel=\"noopener noreferrer\">Le programme fiscal de Jean-Luc M\u00e9lenchon<br \/>\n<\/a><\/strong><\/p>\n<p><strong><a name=\"nda\"><\/a><span style=\"font-size: 14pt\">Programme de Nicolas Dupont-Aignan<\/span><\/strong><\/p>\n<p>Le programme de\u00a0 <strong><a href=\"https:\/\/www.toutsurmesfinances.com\/impots\/nicolas-dupont-aignan-impots-et-taxes-son-programme-presidentiel-2017.html\" target=\"_blank\" rel=\"noopener noreferrer\">Nicolas Dupont-Aignan (Debout La France)<\/a><\/strong> pr\u00e9voit, en vue de r\u00e9compenser le travail et d&rsquo;am\u00e9liorer le pouvoir d&rsquo;achat des Fran\u00e7ais,trois dispositions principales en mati\u00e8re d&rsquo;imp\u00f4t sur le revenu :<br \/>\n&#8211; une baisse d&rsquo;imp\u00f4t sur le revenu de 10%<br \/>\n&#8211; un r\u00e9tablissement de la demi-part fiscale des veuves<br \/>\n&#8211; la restauration de la d\u00e9fiscalisation des heures suppl\u00e9mentaires<\/p>\n<p><strong><a name=\"cheminade\"><\/a><span style=\"font-size: 14pt\">Programme de Jacques Cheminade<\/span><br \/>\n<\/strong><\/p>\n<p><a href=\"https:\/\/www.toutsurmesfinances.com\/argent\/a\/jacques-cheminade-son-programme-pour-l-election-presidentielle-2017\" target=\"_blank\" rel=\"noopener noreferrer\">Jacques Cheminade (Solidarit\u00e9 &amp; Progr\u00e8s) <\/a>propose :<\/p>\n<p>&#8211; \u00e0 court terme : d&rsquo;abaisser le plafond des niches fiscales de 10.000 euros \u00e0 8.000 euros<br \/>\n&#8211; \u00e0 moyen long terme de fusionner l&rsquo;imp\u00f4t sur le revenu avec la CSG<strong><br \/>\n<\/strong><\/p>\n<\/div><\/div><\/div><\/div><\/div><\/div><\/div><\/section>\n","protected":false},"excerpt":{"rendered":"<p>R\u00e9forme de l&rsquo;imp\u00f4t sur le revenu, baisse d&rsquo;imp\u00f4ts&#8230; Quel est le programme de politique fiscale de Marine Le Pen et d&rsquo;Emmanuel Macron, qualifi\u00e9s au second tour de l&rsquo;\u00e9lection pr\u00e9sidentielle 2017 ? Le d\u00e9tail des projets de la candidate FN et du candidat d&rsquo;En Marche !.   \u00a0<\/p>\n","protected":false},"author":13709,"featured_media":72111,"comment_status":"closed","ping_status":"closed","sticky":false,"template":"","format":"standard","meta":{"footnotes":""},"categories":[21],"tags":[],"class_list":["post-56693","post","type-post","status-publish","format-standard","has-post-thumbnail","hentry","category-politique"],"acf":[],"yoast_head":"<!-- This site is optimized with the Yoast SEO plugin v24.9 - https:\/\/yoast.com\/wordpress\/plugins\/seo\/ -->\n<title>Election pr\u00e9sidentielle 2017 : imp\u00f4t sur le revenu, programme de Macron et de Le Pen<\/title>\n<meta name=\"description\" content=\"R\u00e9forme de l&#039;imp\u00f4t sur le revenu, baisse d&#039;imp\u00f4ts... Quel est le programme de politique fiscale de Marine Le Pen et Emmanuel Macron, qualifi\u00e9s au second tour de l&#039;\u00e9lection pr\u00e9sidentielle 2017 ? Le d\u00e9tail des projets de la candidate FN et du candidat d&#039;En\" \/>\n<meta name=\"robots\" content=\"index, follow, max-snippet:-1, max-image-preview:large, max-video-preview:-1\" \/>\n<link rel=\"canonical\" href=\"https:\/\/www.toutsurmesfinances.com\/impots\/election-presidentielle-2017-impot-sur-le-revenu-le-programme-des-candidats.html\" \/>\n<meta property=\"og:locale\" content=\"fr_FR\" \/>\n<meta property=\"og:type\" content=\"article\" \/>\n<meta property=\"og:title\" content=\"Election pr\u00e9sidentielle 2017 : imp\u00f4t sur le revenu, programme de Macron et de Le Pen\" \/>\n<meta property=\"og:description\" content=\"R\u00e9forme de l&#039;imp\u00f4t sur le revenu, baisse d&#039;imp\u00f4ts... Quel est le programme de politique fiscale de Marine Le Pen et Emmanuel Macron, qualifi\u00e9s au second tour de l&#039;\u00e9lection pr\u00e9sidentielle 2017 ? Le d\u00e9tail des projets de la candidate FN et du candidat d&#039;En\" \/>\n<meta property=\"og:url\" content=\"https:\/\/www.toutsurmesfinances.com\/impots\/election-presidentielle-2017-impot-sur-le-revenu-le-programme-des-candidats.html\" \/>\n<meta property=\"og:site_name\" content=\"Imp\u00f4ts\" \/>\n<meta property=\"article:published_time\" content=\"2016-10-26T14:49:02+00:00\" \/>\n<meta property=\"article:modified_time\" content=\"2025-07-08T14:48:42+00:00\" \/>\n<meta property=\"og:image\" content=\"https:\/\/www.toutsurmesfinances.com\/impots\/wp-content\/uploads\/sites\/6\/2025\/04\/image-impots-politique.jpg\" \/>\n\t<meta property=\"og:image:width\" content=\"600\" \/>\n\t<meta property=\"og:image:height\" content=\"400\" \/>\n\t<meta property=\"og:image:type\" content=\"image\/jpeg\" \/>\n<meta name=\"author\" content=\"Olivier Brunet\" \/>\n<meta name=\"twitter:card\" content=\"summary_large_image\" \/>\n<meta name=\"twitter:creator\" content=\"@Toutsur\" \/>\n<meta name=\"twitter:site\" content=\"@Toutsur\" \/>\n<meta name=\"twitter:label1\" content=\"\u00c9crit par\" \/>\n\t<meta name=\"twitter:data1\" content=\"Olivier Brunet\" \/>\n\t<meta name=\"twitter:label2\" content=\"Dur\u00e9e de lecture estim\u00e9e\" \/>\n\t<meta name=\"twitter:data2\" content=\"21 minutes\" \/>\n<script type=\"application\/ld+json\" class=\"yoast-schema-graph\">{\"@context\":\"https:\/\/schema.org\",\"@graph\":[{\"@type\":\"Article\",\"@id\":\"https:\/\/www.toutsurmesfinances.com\/impots\/election-presidentielle-2017-impot-sur-le-revenu-le-programme-des-candidats.html#article\",\"isPartOf\":{\"@id\":\"https:\/\/www.toutsurmesfinances.com\/impots\/election-presidentielle-2017-impot-sur-le-revenu-le-programme-des-candidats.html\"},\"author\":{\"name\":\"Olivier Brunet\",\"@id\":\"https:\/\/www.toutsurmesfinances.com\/impots\/#\/schema\/person\/f3692b3163890cd1408bd0dc68a1b55a\"},\"headline\":\"Election pr\u00e9sidentielle 2017 : imp\u00f4t sur le revenu, le programme des candidats\",\"dateModified\":\"2025-07-08T14:48:42+00:00\",\"mainEntityOfPage\":{\"@id\":\"https:\/\/www.toutsurmesfinances.com\/impots\/election-presidentielle-2017-impot-sur-le-revenu-le-programme-des-candidats.html\"},\"wordCount\":4604,\"publisher\":{\"@id\":\"https:\/\/www.toutsurmesfinances.com\/impots\/#organization\"},\"image\":{\"@id\":\"https:\/\/www.toutsurmesfinances.com\/impots\/election-presidentielle-2017-impot-sur-le-revenu-le-programme-des-candidats.html#primaryimage\"},\"thumbnailUrl\":\"https:\/\/www.toutsurmesfinances.com\/impots\/wp-content\/uploads\/sites\/6\/2025\/04\/image-impots-politique.jpg\",\"articleSection\":[\"Politique\"],\"inLanguage\":\"fr-FR\"},{\"@type\":\"WebPage\",\"@id\":\"https:\/\/www.toutsurmesfinances.com\/impots\/election-presidentielle-2017-impot-sur-le-revenu-le-programme-des-candidats.html\",\"url\":\"https:\/\/www.toutsurmesfinances.com\/impots\/election-presidentielle-2017-impot-sur-le-revenu-le-programme-des-candidats.html\",\"name\":\"Election pr\u00e9sidentielle 2017 : imp\u00f4t sur le revenu, programme de Macron et de Le Pen\",\"isPartOf\":{\"@id\":\"https:\/\/www.toutsurmesfinances.com\/impots\/#website\"},\"primaryImageOfPage\":{\"@id\":\"https:\/\/www.toutsurmesfinances.com\/impots\/election-presidentielle-2017-impot-sur-le-revenu-le-programme-des-candidats.html#primaryimage\"},\"image\":{\"@id\":\"https:\/\/www.toutsurmesfinances.com\/impots\/election-presidentielle-2017-impot-sur-le-revenu-le-programme-des-candidats.html#primaryimage\"},\"thumbnailUrl\":\"https:\/\/www.toutsurmesfinances.com\/impots\/wp-content\/uploads\/sites\/6\/2025\/04\/image-impots-politique.jpg\",\"dateModified\":\"2025-07-08T14:48:42+00:00\",\"description\":\"R\u00e9forme de l'imp\u00f4t sur le revenu, baisse d'imp\u00f4ts... Quel est le programme de politique fiscale de Marine Le Pen et Emmanuel Macron, qualifi\u00e9s au second tour de l'\u00e9lection pr\u00e9sidentielle 2017 ? Le d\u00e9tail des projets de la candidate FN et du candidat d'En\",\"breadcrumb\":{\"@id\":\"https:\/\/www.toutsurmesfinances.com\/impots\/election-presidentielle-2017-impot-sur-le-revenu-le-programme-des-candidats.html#breadcrumb\"},\"inLanguage\":\"fr-FR\",\"potentialAction\":[{\"@type\":\"ReadAction\",\"target\":[\"https:\/\/www.toutsurmesfinances.com\/impots\/election-presidentielle-2017-impot-sur-le-revenu-le-programme-des-candidats.html\"]}]},{\"@type\":\"ImageObject\",\"inLanguage\":\"fr-FR\",\"@id\":\"https:\/\/www.toutsurmesfinances.com\/impots\/election-presidentielle-2017-impot-sur-le-revenu-le-programme-des-candidats.html#primaryimage\",\"url\":\"https:\/\/www.toutsurmesfinances.com\/impots\/wp-content\/uploads\/sites\/6\/2025\/04\/image-impots-politique.jpg\",\"contentUrl\":\"https:\/\/www.toutsurmesfinances.com\/impots\/wp-content\/uploads\/sites\/6\/2025\/04\/image-impots-politique.jpg\",\"width\":600,\"height\":400},{\"@type\":\"BreadcrumbList\",\"@id\":\"https:\/\/www.toutsurmesfinances.com\/impots\/election-presidentielle-2017-impot-sur-le-revenu-le-programme-des-candidats.html#breadcrumb\",\"itemListElement\":[{\"@type\":\"ListItem\",\"position\":1,\"name\":\"Accueil\",\"item\":\"https:\/\/www.toutsurmesfinances.com\/impots\/\"},{\"@type\":\"ListItem\",\"position\":2,\"name\":\"Politique\",\"item\":\"https:\/\/www.toutsurmesfinances.com\/impots\/c\/politique\"},{\"@type\":\"ListItem\",\"position\":3,\"name\":\"Election pr\u00e9sidentielle 2017 : imp\u00f4t sur le revenu, le programme des candidats\"}]},{\"@type\":\"WebSite\",\"@id\":\"https:\/\/www.toutsurmesfinances.com\/impots\/#website\",\"url\":\"https:\/\/www.toutsurmesfinances.com\/impots\/\",\"name\":\"Imp\u00f4ts\",\"description\":\"\",\"publisher\":{\"@id\":\"https:\/\/www.toutsurmesfinances.com\/impots\/#organization\"},\"potentialAction\":[{\"@type\":\"SearchAction\",\"target\":{\"@type\":\"EntryPoint\",\"urlTemplate\":\"https:\/\/www.toutsurmesfinances.com\/impots\/?s={search_term_string}\"},\"query-input\":{\"@type\":\"PropertyValueSpecification\",\"valueRequired\":true,\"valueName\":\"search_term_string\"}}],\"inLanguage\":\"fr-FR\"},{\"@type\":\"Organization\",\"@id\":\"https:\/\/www.toutsurmesfinances.com\/impots\/#organization\",\"name\":\"Tout Sur Mes Finances\",\"url\":\"https:\/\/www.toutsurmesfinances.com\/impots\/\",\"logo\":{\"@type\":\"ImageObject\",\"inLanguage\":\"fr-FR\",\"@id\":\"https:\/\/www.toutsurmesfinances.com\/impots\/#\/schema\/logo\/image\/\",\"url\":\"https:\/\/www.toutsurmesfinances.com\/impots\/wp-content\/uploads\/sites\/6\/2021\/01\/favicon.png\",\"contentUrl\":\"https:\/\/www.toutsurmesfinances.com\/impots\/wp-content\/uploads\/sites\/6\/2021\/01\/favicon.png\",\"width\":512,\"height\":512,\"caption\":\"Tout Sur Mes Finances\"},\"image\":{\"@id\":\"https:\/\/www.toutsurmesfinances.com\/impots\/#\/schema\/logo\/image\/\"},\"sameAs\":[\"https:\/\/x.com\/Toutsur\"]},{\"@type\":\"Person\",\"@id\":\"https:\/\/www.toutsurmesfinances.com\/impots\/#\/schema\/person\/f3692b3163890cd1408bd0dc68a1b55a\",\"name\":\"Olivier Brunet\",\"image\":{\"@type\":\"ImageObject\",\"inLanguage\":\"fr-FR\",\"@id\":\"https:\/\/www.toutsurmesfinances.com\/impots\/#\/schema\/person\/image\/\",\"url\":\"https:\/\/secure.gravatar.com\/avatar\/59a19214b7bb3163a27d873fa61f9a80?s=96&d=mm&r=g\",\"contentUrl\":\"https:\/\/secure.gravatar.com\/avatar\/59a19214b7bb3163a27d873fa61f9a80?s=96&d=mm&r=g\",\"caption\":\"Olivier Brunet\"},\"description\":\"Olivier Brunet est cofondateur de\u00a0ToutSurMesFinances.com\u00a0et r\u00e9dacteur en chef sp\u00e9cialis\u00e9 en placements et fiscalit\u00e9\u00a0des particuliers. Pr\u00e9sent\u00a0au sein du\u00a0m\u00e9dia\u00a0depuis sa cr\u00e9ation, il en est l\u2019un des piliers \u00e9ditoriaux. Il analyse les strat\u00e9gies d\u2019investissement,\u00a0suit\u00a0les \u00e9volutions fiscales et les\u00a0probl\u00e9matiques\u00a0patrimoniales\u00a0avec une vision long terme, forg\u00e9e par des ann\u00e9es de pratique et de suivi des march\u00e9s.\u00a0\",\"sameAs\":[\"https:\/\/www.toutsurmesfinances.com\/author\/olivier\",\"https:\/\/www.linkedin.com\/in\/obrunet\/\"]}]}<\/script>\n<!-- \/ Yoast SEO plugin. -->","yoast_head_json":{"title":"Election pr\u00e9sidentielle 2017 : imp\u00f4t sur le revenu, programme de Macron et de Le Pen","description":"R\u00e9forme de l'imp\u00f4t sur le revenu, baisse d'imp\u00f4ts... Quel est le programme de politique fiscale de Marine Le Pen et Emmanuel Macron, qualifi\u00e9s au second tour de l'\u00e9lection pr\u00e9sidentielle 2017 ? Le d\u00e9tail des projets de la candidate FN et du candidat d'En","robots":{"index":"index","follow":"follow","max-snippet":"max-snippet:-1","max-image-preview":"max-image-preview:large","max-video-preview":"max-video-preview:-1"},"canonical":"https:\/\/www.toutsurmesfinances.com\/impots\/election-presidentielle-2017-impot-sur-le-revenu-le-programme-des-candidats.html","og_locale":"fr_FR","og_type":"article","og_title":"Election pr\u00e9sidentielle 2017 : imp\u00f4t sur le revenu, programme de Macron et de Le Pen","og_description":"R\u00e9forme de l'imp\u00f4t sur le revenu, baisse d'imp\u00f4ts... Quel est le programme de politique fiscale de Marine Le Pen et Emmanuel Macron, qualifi\u00e9s au second tour de l'\u00e9lection pr\u00e9sidentielle 2017 ? Le d\u00e9tail des projets de la candidate FN et du candidat d'En","og_url":"https:\/\/www.toutsurmesfinances.com\/impots\/election-presidentielle-2017-impot-sur-le-revenu-le-programme-des-candidats.html","og_site_name":"Imp\u00f4ts","article_published_time":"2016-10-26T14:49:02+00:00","article_modified_time":"2025-07-08T14:48:42+00:00","og_image":[{"width":600,"height":400,"url":"https:\/\/www.toutsurmesfinances.com\/impots\/wp-content\/uploads\/sites\/6\/2025\/04\/image-impots-politique.jpg","type":"image\/jpeg"}],"author":"Olivier Brunet","twitter_card":"summary_large_image","twitter_creator":"@Toutsur","twitter_site":"@Toutsur","twitter_misc":{"\u00c9crit par":"Olivier Brunet","Dur\u00e9e de lecture estim\u00e9e":"21 minutes"},"schema":{"@context":"https:\/\/schema.org","@graph":[{"@type":"Article","@id":"https:\/\/www.toutsurmesfinances.com\/impots\/election-presidentielle-2017-impot-sur-le-revenu-le-programme-des-candidats.html#article","isPartOf":{"@id":"https:\/\/www.toutsurmesfinances.com\/impots\/election-presidentielle-2017-impot-sur-le-revenu-le-programme-des-candidats.html"},"author":{"name":"Olivier Brunet","@id":"https:\/\/www.toutsurmesfinances.com\/impots\/#\/schema\/person\/f3692b3163890cd1408bd0dc68a1b55a"},"headline":"Election pr\u00e9sidentielle 2017 : imp\u00f4t sur le revenu, le programme des candidats","dateModified":"2025-07-08T14:48:42+00:00","mainEntityOfPage":{"@id":"https:\/\/www.toutsurmesfinances.com\/impots\/election-presidentielle-2017-impot-sur-le-revenu-le-programme-des-candidats.html"},"wordCount":4604,"publisher":{"@id":"https:\/\/www.toutsurmesfinances.com\/impots\/#organization"},"image":{"@id":"https:\/\/www.toutsurmesfinances.com\/impots\/election-presidentielle-2017-impot-sur-le-revenu-le-programme-des-candidats.html#primaryimage"},"thumbnailUrl":"https:\/\/www.toutsurmesfinances.com\/impots\/wp-content\/uploads\/sites\/6\/2025\/04\/image-impots-politique.jpg","articleSection":["Politique"],"inLanguage":"fr-FR"},{"@type":"WebPage","@id":"https:\/\/www.toutsurmesfinances.com\/impots\/election-presidentielle-2017-impot-sur-le-revenu-le-programme-des-candidats.html","url":"https:\/\/www.toutsurmesfinances.com\/impots\/election-presidentielle-2017-impot-sur-le-revenu-le-programme-des-candidats.html","name":"Election pr\u00e9sidentielle 2017 : imp\u00f4t sur le revenu, programme de Macron et de Le Pen","isPartOf":{"@id":"https:\/\/www.toutsurmesfinances.com\/impots\/#website"},"primaryImageOfPage":{"@id":"https:\/\/www.toutsurmesfinances.com\/impots\/election-presidentielle-2017-impot-sur-le-revenu-le-programme-des-candidats.html#primaryimage"},"image":{"@id":"https:\/\/www.toutsurmesfinances.com\/impots\/election-presidentielle-2017-impot-sur-le-revenu-le-programme-des-candidats.html#primaryimage"},"thumbnailUrl":"https:\/\/www.toutsurmesfinances.com\/impots\/wp-content\/uploads\/sites\/6\/2025\/04\/image-impots-politique.jpg","dateModified":"2025-07-08T14:48:42+00:00","description":"R\u00e9forme de l'imp\u00f4t sur le revenu, baisse d'imp\u00f4ts... Quel est le programme de politique fiscale de Marine Le Pen et Emmanuel Macron, qualifi\u00e9s au second tour de l'\u00e9lection pr\u00e9sidentielle 2017 ? Le d\u00e9tail des projets de la candidate FN et du candidat d'En","breadcrumb":{"@id":"https:\/\/www.toutsurmesfinances.com\/impots\/election-presidentielle-2017-impot-sur-le-revenu-le-programme-des-candidats.html#breadcrumb"},"inLanguage":"fr-FR","potentialAction":[{"@type":"ReadAction","target":["https:\/\/www.toutsurmesfinances.com\/impots\/election-presidentielle-2017-impot-sur-le-revenu-le-programme-des-candidats.html"]}]},{"@type":"ImageObject","inLanguage":"fr-FR","@id":"https:\/\/www.toutsurmesfinances.com\/impots\/election-presidentielle-2017-impot-sur-le-revenu-le-programme-des-candidats.html#primaryimage","url":"https:\/\/www.toutsurmesfinances.com\/impots\/wp-content\/uploads\/sites\/6\/2025\/04\/image-impots-politique.jpg","contentUrl":"https:\/\/www.toutsurmesfinances.com\/impots\/wp-content\/uploads\/sites\/6\/2025\/04\/image-impots-politique.jpg","width":600,"height":400},{"@type":"BreadcrumbList","@id":"https:\/\/www.toutsurmesfinances.com\/impots\/election-presidentielle-2017-impot-sur-le-revenu-le-programme-des-candidats.html#breadcrumb","itemListElement":[{"@type":"ListItem","position":1,"name":"Accueil","item":"https:\/\/www.toutsurmesfinances.com\/impots\/"},{"@type":"ListItem","position":2,"name":"Politique","item":"https:\/\/www.toutsurmesfinances.com\/impots\/c\/politique"},{"@type":"ListItem","position":3,"name":"Election pr\u00e9sidentielle 2017 : imp\u00f4t sur le revenu, le programme des candidats"}]},{"@type":"WebSite","@id":"https:\/\/www.toutsurmesfinances.com\/impots\/#website","url":"https:\/\/www.toutsurmesfinances.com\/impots\/","name":"Imp\u00f4ts","description":"","publisher":{"@id":"https:\/\/www.toutsurmesfinances.com\/impots\/#organization"},"potentialAction":[{"@type":"SearchAction","target":{"@type":"EntryPoint","urlTemplate":"https:\/\/www.toutsurmesfinances.com\/impots\/?s={search_term_string}"},"query-input":{"@type":"PropertyValueSpecification","valueRequired":true,"valueName":"search_term_string"}}],"inLanguage":"fr-FR"},{"@type":"Organization","@id":"https:\/\/www.toutsurmesfinances.com\/impots\/#organization","name":"Tout Sur Mes Finances","url":"https:\/\/www.toutsurmesfinances.com\/impots\/","logo":{"@type":"ImageObject","inLanguage":"fr-FR","@id":"https:\/\/www.toutsurmesfinances.com\/impots\/#\/schema\/logo\/image\/","url":"https:\/\/www.toutsurmesfinances.com\/impots\/wp-content\/uploads\/sites\/6\/2021\/01\/favicon.png","contentUrl":"https:\/\/www.toutsurmesfinances.com\/impots\/wp-content\/uploads\/sites\/6\/2021\/01\/favicon.png","width":512,"height":512,"caption":"Tout Sur Mes Finances"},"image":{"@id":"https:\/\/www.toutsurmesfinances.com\/impots\/#\/schema\/logo\/image\/"},"sameAs":["https:\/\/x.com\/Toutsur"]},{"@type":"Person","@id":"https:\/\/www.toutsurmesfinances.com\/impots\/#\/schema\/person\/f3692b3163890cd1408bd0dc68a1b55a","name":"Olivier Brunet","image":{"@type":"ImageObject","inLanguage":"fr-FR","@id":"https:\/\/www.toutsurmesfinances.com\/impots\/#\/schema\/person\/image\/","url":"https:\/\/secure.gravatar.com\/avatar\/59a19214b7bb3163a27d873fa61f9a80?s=96&d=mm&r=g","contentUrl":"https:\/\/secure.gravatar.com\/avatar\/59a19214b7bb3163a27d873fa61f9a80?s=96&d=mm&r=g","caption":"Olivier Brunet"},"description":"Olivier Brunet est cofondateur de\u00a0ToutSurMesFinances.com\u00a0et r\u00e9dacteur en chef sp\u00e9cialis\u00e9 en placements et fiscalit\u00e9\u00a0des particuliers. Pr\u00e9sent\u00a0au sein du\u00a0m\u00e9dia\u00a0depuis sa cr\u00e9ation, il en est l\u2019un des piliers \u00e9ditoriaux. Il analyse les strat\u00e9gies d\u2019investissement,\u00a0suit\u00a0les \u00e9volutions fiscales et les\u00a0probl\u00e9matiques\u00a0patrimoniales\u00a0avec une vision long terme, forg\u00e9e par des ann\u00e9es de pratique et de suivi des march\u00e9s.\u00a0","sameAs":["https:\/\/www.toutsurmesfinances.com\/author\/olivier","https:\/\/www.linkedin.com\/in\/obrunet\/"]}]}},"_links":{"self":[{"href":"https:\/\/www.toutsurmesfinances.com\/impots\/wp-json\/wp\/v2\/posts\/56693","targetHints":{"allow":["GET"]}}],"collection":[{"href":"https:\/\/www.toutsurmesfinances.com\/impots\/wp-json\/wp\/v2\/posts"}],"about":[{"href":"https:\/\/www.toutsurmesfinances.com\/impots\/wp-json\/wp\/v2\/types\/post"}],"author":[{"embeddable":true,"href":"https:\/\/www.toutsurmesfinances.com\/impots\/wp-json\/wp\/v2\/users\/13709"}],"replies":[{"embeddable":true,"href":"https:\/\/www.toutsurmesfinances.com\/impots\/wp-json\/wp\/v2\/comments?post=56693"}],"version-history":[{"count":3,"href":"https:\/\/www.toutsurmesfinances.com\/impots\/wp-json\/wp\/v2\/posts\/56693\/revisions"}],"predecessor-version":[{"id":72178,"href":"https:\/\/www.toutsurmesfinances.com\/impots\/wp-json\/wp\/v2\/posts\/56693\/revisions\/72178"}],"wp:featuredmedia":[{"embeddable":true,"href":"https:\/\/www.toutsurmesfinances.com\/impots\/wp-json\/wp\/v2\/media\/72111"}],"wp:attachment":[{"href":"https:\/\/www.toutsurmesfinances.com\/impots\/wp-json\/wp\/v2\/media?parent=56693"}],"wp:term":[{"taxonomy":"category","embeddable":true,"href":"https:\/\/www.toutsurmesfinances.com\/impots\/wp-json\/wp\/v2\/categories?post=56693"},{"taxonomy":"post_tag","embeddable":true,"href":"https:\/\/www.toutsurmesfinances.com\/impots\/wp-json\/wp\/v2\/tags?post=56693"}],"curies":[{"name":"wp","href":"https:\/\/api.w.org\/{rel}","templated":true}]}}