{"id":56731,"date":"2017-03-23T12:25:34","date_gmt":"2017-03-23T11:25:34","guid":{"rendered":"https:\/\/www.toutsurmesfinances.com\/impots\/nicolas-dupont-aignan-impots-et-taxes-son-programme-presidentiel-2017.html"},"modified":"2018-07-19T09:53:23","modified_gmt":"2018-07-19T09:53:23","slug":"nicolas-dupont-aignan-impots-et-taxes-son-programme-presidentiel-2017","status":"publish","type":"post","link":"https:\/\/www.toutsurmesfinances.com\/impots\/nicolas-dupont-aignan-impots-et-taxes-son-programme-presidentiel-2017.html","title":{"rendered":"Nicolas Dupont-Aignan : imp\u00f4ts et taxes, son programme pr\u00e9sidentiel 2017"},"content":{"rendered":"\n<p><strong>&#8211; <a href=\"https:\/\/www.toutsurmesfinances.com\/impots\/nicolas-dupont-aignan-impots-et-taxes-son-programme-presidentiel-2017.html#resume\">Le programme fiscal de Nicolas Dupont-Aignan, en r\u00e9sum\u00e9<\/a><\/strong><br \/><strong>&#8211; <a href=\"https:\/\/www.toutsurmesfinances.com\/impots\/nicolas-dupont-aignan-impots-et-taxes-son-programme-presidentiel-2017.html#ir\">Baisse d&rsquo;imp\u00f4t sur le revenu de 10%<\/a><\/strong><br \/><strong>&#8211; <a href=\"https:\/\/www.toutsurmesfinances.com\/impots\/nicolas-dupont-aignan-impots-et-taxes-son-programme-presidentiel-2017.html#defisc\">D\u00e9fiscalisation des heures suppl\u00e9mentaires<\/a><\/strong><br \/><strong>&#8211; <a href=\"https:\/\/www.toutsurmesfinances.com\/impots\/nicolas-dupont-aignan-impots-et-taxes-son-programme-presidentiel-2017.html#succession\">Quintuplement de l&rsquo;abattement fiscal surles droits de succession <\/a><\/strong><br \/><strong>&#8211; <a href=\"https:\/\/www.toutsurmesfinances.com\/impots\/nicolas-dupont-aignan-impots-et-taxes-son-programme-presidentiel-2017.html#patrimoine\">Incitations fiscales \u00e0 la restauration du patrimoine<\/a><\/strong><br \/><strong>&#8211; <a href=\"https:\/\/www.toutsurmesfinances.com\/impots\/nicolas-dupont-aignan-impots-et-taxes-son-programme-presidentiel-2017.html#isf\">All\u00e8gement de l&rsquo;ISF<\/a><\/strong><br \/><strong>&#8211; <a href=\"https:\/\/www.toutsurmesfinances.com\/impots\/nicolas-dupont-aignan-impots-et-taxes-son-programme-presidentiel-2017.html#autres\">Autres mesures fiscales de son programme<\/a><\/strong><\/p>\n<h2><span class=\"ez-toc-section\" id=\"En_resume_les_grandes_lignes_du_programme_fiscal_de_Dupont-Aignan_pour_2017\"><\/span><a name=\"resume\"><\/a>En r\u00e9sum\u00e9, les grandes lignes du programme fiscal de Dupont-Aignan pour 2017<span class=\"ez-toc-section-end\"><\/span><\/h2>\n<p>Nicolas Dupont-Aignan (NDA) a recueilli 1 695 186 voix au 1er tour de l&rsquo;\u00e9lection pr\u00e9sidentielle, soit 4,70% des suffrages exprim\u00e9s. Il a annonc\u00e9 son alliance avec Marine Le Pen le 28 avril 2017 sur France 2. &nbsp;D\u00e9non\u00e7ant souvent le <em>\u00ab racket \u00bb<\/em> ou le <em>\u00ab matraquage fiscal \u00bb<\/em> impos\u00e9 aux Fran\u00e7ais sous Fran\u00e7ois Hollande sans effet substantiel sur les cr\u00e9ations d&#8217;emplois ou le poids de la dette publique, NDA propose dans son <strong><a href=\"https:\/\/www.toutsurmesfinances.com\/argent\/a\/dupont-aignan-fiscalite-pouvoir-d-achat-retraite-son-programme-presidentiel-pour-2017\" target=\"_blank\">programme pr\u00e9sidentiel <\/a><\/strong>une <em>\u00ab baisse massive d&rsquo;imp\u00f4ts pour relancer la croissance \u00bb<\/em> (interview vid\u00e9o dans la matinale des Echos, le 13 mars 2017). <em>\u00ab Ce n&rsquo;est pas No\u00ebl, c&rsquo;est mettre fin \u00e0 cette politique de matraquage fiscal.<\/em> [&#8230;] <em>Si nous ne rendons pas de pouvoir d&rsquo;achat aux Fran\u00e7ais, il n&rsquo;y aura pas de relance \u00e9conomique \u00bb<\/em>, a-t-il ajout\u00e9 la veille sur RTL et LCI.<\/p>\n<p>S&rsquo;il avait \u00e9t\u00e9 \u00e9lu pr\u00e9sident de la R\u00e9publique le dimanche 7 mai 2017, il aurait, au 64\u00e8me jour de son quinquennat, organis\u00e9 un Conseil des ministres sur le budget et la fiscalit\u00e9 en vue d&rsquo;appliquer les principales mesures fiscales de son programme :<br \/>&#8211; baisse l&rsquo;imp\u00f4t sur le revenu de 10%<br \/>&#8211; abrogation du pr\u00e9l\u00e8vement \u00e0 la source de l&rsquo;imp\u00f4t sur le revenu<br \/>&#8211; gel des taux de TVA pour 10 ans<br \/>&#8211; suppression des droits de succession jusqu&rsquo;\u00e0 500.000 euros par enfant (100.000 euros actuellement).<\/p>\n<p><em>\u00ab J&rsquo;ai fait campagne sur la baisse des imp\u00f4ts. J&rsquo;ai demand\u00e9 au ministre des Finances de provoquer un grand contre-choc fiscal pour redonner confiance aux Fran\u00e7ais dans l&rsquo;\u00e9conomie \u00bb,<\/em> \u00e9crit-t-il dans son livre programme Mon agenda de pr\u00e9sident, 100 jours pour tout changer.<\/p>\n<p>Cet all\u00e8gement de la fiscalit\u00e9 des m\u00e9nages, chiffr\u00e9 \u00e0 18 milliards d&rsquo;euros en ann\u00e9e pleine \u00e0 l&rsquo;horizon 2022, serait financ\u00e9 par :<br \/>&#8211; l&rsquo;arr\u00eat de la contribution nette de la France au budget de l&rsquo;Union europ\u00e9enne<br \/>&#8211; le financement de la dette de l&rsquo;Etat sans int\u00e9r\u00eat<br \/>&#8211; la lutte contre la grande fraude fiscale, notamment la fraude \u00e0 la TVA<\/p>\n<h2><span class=\"ez-toc-section\" id=\"Baisse_dimpot_sur_le_revenu_pour_les_classes_moyennes\"><\/span><a name=\"ir\"><\/a>Baisse d&rsquo;imp\u00f4t sur le revenu pour les classes moyennes<span class=\"ez-toc-section-end\"><\/span><\/h2>\n<p><em>\u00ab Je remarque que les pays qui ont r\u00e9ussi sont ceux qui ont pris le risque d&rsquo;une baisse d&rsquo;imp\u00f4ts franche \u00bb,<\/em> assume Nicolas Dupont-Aignan (d\u00e9claration sur RTL et LCI, le 12 mars 2017), qui propose une diminution de l&rsquo;imp\u00f4t sur le revenu (IR) de 10% <em>\u00ab pour tous les foyers imposables \u00bb.<\/em><\/p>\n<p>Un geste qui s&rsquo;adresse avant tout aux classes moyennes et qui va b\u00e9n\u00e9ficier aux plus ais\u00e9s, sachant que plus de la moiti\u00e9 des foyers fiscaux sont d&rsquo;ores-et-d\u00e9j\u00e0 non imposables.<\/p>\n<p>En compl\u00e9ment de cette r\u00e9duction d&rsquo;imp\u00f4t globale, le d\u00e9but\u00e9-maire d&rsquo;Yerres dans l&rsquo;Essonne (91) a inscrit plusieurs baisses d&rsquo;imp\u00f4t cibl\u00e9es dans son programme :<br \/>&#8211; restauration de la demi-part fiscale des veuves (apr\u00e8s sa suppression progressive \u00e9tal\u00e9e de 2008 \u00e0 2012)<br \/>&#8211; r\u00e9tablissement du plafond de l&rsquo;avantage tir\u00e9 du quotient familial \u00e0 2.336 euros par demi-part fiscale (limite en vigueur avant le coup de rabot appliqu\u00e9e sous Fran\u00e7ois Hollande en deux temps entre 2013 et 2014) contre 1.512 euros actuellement<br \/>&#8211; instauration d&rsquo;une part fiscale compl\u00e8te aux familles ayant un enfant handicap\u00e9, applicable d\u00e8s 50% de taux d&rsquo;incapacit\u00e9<br \/>&#8211; cr\u00e9ation d&rsquo;une r\u00e9duction d&rsquo;IR sur le prix de la carte grise <em>\u00ab pour les v\u00e9hicules fabriqu\u00e9s en France \u00bb.<\/em><\/p>\n<h2><span class=\"ez-toc-section\" id=\"Defiscalisation_des_heures_supplementaires_au_programme\"><\/span><a name=\"defisc\"><\/a>D\u00e9fiscalisation des heures suppl\u00e9mentaires au programme<span class=\"ez-toc-section-end\"><\/span><\/h2>\n<p>Le pr\u00e9sident de Debout la France (DLF, anciennement Debout la R\u00e9publique), qui se pr\u00e9sente en pr\u00e9ambule de son programme comme le <em>\u00ab candidat du travail, du m\u00e9rite et de la relance \u00e9conomique \u00bb<\/em>, veut r\u00e9tablir le dispositif d&rsquo;exon\u00e9ration d&rsquo;imp\u00f4t sur le revenu pour les heures suppl\u00e9mentaires, supprim\u00e9 d\u00e8s le d\u00e9but du quinquennat de Fran\u00e7ois Hollande en 2012.<\/p>\n<p>Pour Nicolas Dupont-Aignan, cette mesure r\u00e9pond \u00e0 un triple objectif : la relance du pouvoir d&rsquo;achat, la r\u00e9compense du travail et l&rsquo;assouplissement des 35 heures.<\/p>\n<p>Il veut <em>\u00ab inciter les Fran\u00e7ais \u00e0 travailler plus et \u00e0 gagner plus. C&rsquo;\u00e9tait une bonne mesure qui a march\u00e9, pourquoi l&rsquo;avoir supprim\u00e9e ? \u00bb<\/em>, s&rsquo;interroge-t-il dans un discours tenu le 8 mars 2017 \u00e0 Paris. <em>\u00ab Quand quelque chose marche, on le garde, on le reprend \u00bb<\/em>, a-t-il poursuivi sur RMC et BFM TV, le 21 mars 2017, au micro de Jean-Jacques Bourdin.<\/p>\n<p><em>\u00ab Je veux d\u00e9fiscaliser les heures suppl\u00e9mentaires pour faire sauter le verrou des 35 heures \u00bb<\/em>, a-t-il ajout\u00e9 sur RTL et LCI, le 12 mars 2017.<\/p>\n<h2><span class=\"ez-toc-section\" id=\"Suppression_des_droits_de_succession_jusqua_500000_euros_par_enfant\"><\/span><a name=\"succession\"><\/a>Suppression des droits de succession jusqu&rsquo;\u00e0 500.000 euros par enfant<span class=\"ez-toc-section-end\"><\/span><\/h2>\n<p>Le candidat souverainiste \u00e0 l&rsquo;\u00e9lection pr\u00e9sidentielle veut accorder une exon\u00e9ration totale \u00e0 toutes les successions en ligne directe (parents-enfants, NDLR) \u00ab \u00e0 hauteur de 500.000 euros par part b\u00e9n\u00e9ficiaire \u00bb, contre un abattement de 100.000 euros actuellement en vigueur.<\/p>\n<p><em>\u00ab Je supprimerai les droits de succession jusqu&rsquo;\u00e0 500.000 euros pour que le travail d&rsquo;une vie puisse \u00eatre rendu aux enfants, pour que l&rsquo;argent circule, pour que les grands-parents mettent le pied \u00e0 l&rsquo;\u00e9trier des petits-enfants. Apr\u00e8s tous les imp\u00f4ts pay\u00e9s, on peut bien rendre les efforts de sa vie<\/em> [\u00e0 ses proches] \u00bb, a-t-il clam\u00e9 lors de son meeting parisien du 8 mars 2017. Il sugg\u00e8re ainsi que les donations entre grands-parents et petits-enfants b\u00e9n\u00e9ficieraient \u00e9galement de cette exon\u00e9ration. Ce que Alexis Villepelet, responsable du projet politique de Debout la France, a confirm\u00e9 \u00e0 Toutsurmesfinances.com. Pr\u00e9cis\u00e9ment, <a href=\"https:\/\/www.toutsurmesfinances.com\/impots\/abattement-fiscal-une-diminution-de-la-base-de-calcul-de-l-impot.html\" target=\"_blank\"><strong>l&rsquo;abattement fiscal<\/strong> <\/a>serait de 250.000 euros, renouvelable tous les 5 ans.<\/p>\n<p>Enfin, il entend faciliter la transmission d&rsquo;entreprises en les exon\u00e9rant de droits de succession et de donation <em>\u00ab sur 90% de leur valeur \u00bb, c<\/em>ontre 75% actuellement sous conditions (les titres devant notamment faire l&rsquo;objet d&rsquo;un engagement collectif de conservation).<\/p>\n<h2><span class=\"ez-toc-section\" id=\"Incitations_fiscales_a_la_restauration_du_patrimoine\"><\/span><a name=\"patrimoine\"><\/a>Incitations fiscales \u00e0 la restauration du patrimoine<span class=\"ez-toc-section-end\"><\/span><\/h2>\n<p>Tr\u00e8s attach\u00e9 au patrimoine historique et architectural Fran\u00e7ais, NDA veut lancer un \u00ab plan de pr\u00e9servation et de valorisation du patrimoine national \u00bb (source : Mon agenda de pr\u00e9sident, 100 jours pour tout changer).<\/p>\n<p>Pour ce faire, il entend <em>\u00ab r\u00e9tablir dans sa pl\u00e9nitude \u00bb<\/em> le<strong><a href=\"https:\/\/www.toutsurmesfinances.com\/impots\/loi-malraux-defiscalisation-par-l-investissement-dans-l-immobilier-ancien.html\" target=\"_blank\"> dispositif Malraux <\/a><\/strong>qui permet de d\u00e9fiscaliser les sommes investies par les propri\u00e9taires d&rsquo;immeubles anciens dans l&rsquo;entretien du patrimoine. Il est notamment question de <em>\u00ab d\u00e9plafonner la d\u00e9duction fiscale \u00bb<\/em> et de la <em>\u00ab sanctuariser \u00bb.<\/em><\/p>\n<p>En compl\u00e9ment, il propose la cr\u00e9ation d&rsquo;un <em>\u00ab fonds de sauvegarde du patrimoine rural \u00bb<\/em> abond\u00e9 par des particuliers, qui ouvrirait droit \u00e0 une <em>\u00ab d\u00e9duction fiscale \u00bb<\/em> de 66%, dans une limite de 7.500 euros par an. <em>\u00ab L&rsquo;Etat seul ne peut entretenir l&rsquo;h\u00e9ritage d&rsquo;un pays bien dot\u00e9 comme la France \u00bb,<\/em> souligne-t-il dans son livre-programme.<\/p>\n<h2><span class=\"ez-toc-section\" id=\"ISF_residence_principale_exoneree_et_ISF_PME_deplafonne\"><\/span><a name=\"isf\"><\/a>ISF : r\u00e9sidence principale exon\u00e9r\u00e9e et ISF PME d\u00e9plafonn\u00e9<span class=\"ez-toc-section-end\"><\/span><\/h2>\n<p>Nicolas Dupont-Aignan propose d&rsquo;all\u00e9ger substantiellement l&rsquo;ISF (imp\u00f4t de solidarit\u00e9 sur la fortune), essentiellement au travers de deux dispositions :<br \/>&#8211; Sortie de la r\u00e9sidence principale du <strong><a href=\"https:\/\/www.toutsurmesfinances.com\/patrimoine\/a\/isf-qu-est-ce-que-le-patrimoine-net-taxable\" target=\"_blank\">patrimoine net taxable<\/a> <\/strong>\u00e0 l&rsquo;ISF<br \/>&#8211; D\u00e9plafonnement de la r\u00e9duction ISF PME (actuellement limit\u00e9e \u00e0 45.000 euros par an)<\/p>\n<h2><span class=\"ez-toc-section\" id=\"Autres_mesures_fiscales_de_son_programme\"><\/span><a name=\"autres\"><\/a>Autres mesures fiscales de son programme<span class=\"ez-toc-section-end\"><\/span><\/h2>\n<p>&#8211; exon\u00e9ration du forfait social sur les sommes vers\u00e9es au titre de la participation aux b\u00e9n\u00e9fices des entreprises (contre un taux de 8%, 16% ou 20% selon les situations actuellement)<br \/>&#8211; diminution du taux de TVA sur les travaux d&rsquo;am\u00e9nagement de la maison des plus de 65 ans en vue de leur permettre de rester \u00e0 domicile<br \/>&#8211; exon\u00e9ration de droits de mutation (droits de mutation \u00e0 titre on\u00e9reux ou DMTO, dus par l\u2019acqu\u00e9reur lors d\u2019une transaction immobili\u00e8re, taux de 3,8% ou de 4,5% selon le d\u00e9partement) pour les primo-acc\u00e9dants<br \/>&#8211; exon\u00e9ration de taxation sur les plus-values immobili\u00e8res au bout de 10 ans (contre 22 ans au titre de l&rsquo;imp\u00f4t sur le revenu et 30 ans au titre des pr\u00e9l\u00e8vements sociaux)<\/p>\n<p><strong>Consulter le programme fiscal des cinq candidats favoris de l&rsquo;\u00e9lection pr\u00e9sidentielle selon les sondages<br \/><\/strong><\/p>\n<p><strong>&gt; <a href=\"https:\/\/www.toutsurmesfinances.com\/impots\/impots-et-taxes-le-programme-de-jean-luc-melenchon-pour-2017.html\" target=\"_blank\">Programme fiscal de Jean-Luc M\u00e9lenchon<\/a><\/strong><\/p>\n<p><strong>&gt; <\/strong><a href=\"https:\/\/www.toutsurmesfinances.com\/impots\/presidentielle-2017-le-programme-fiscal-de-benoit-hamon.html\" target=\"_blank\"><strong>Programme fiscal de Beno\u00eet Hamon<\/strong><\/a><\/p>\n<p><strong>&gt;<\/strong> <a href=\"https:\/\/www.toutsurmesfinances.com\/impots\/fiscalite-taxe-d-habitation-le-programme-d-emmanuel-macron-pour-2017.html\" target=\"_blank\"><strong>Programme fiscal d&rsquo;Emmanuel Macron<\/strong><\/a><\/p>\n<p><strong>&gt; <a href=\"https:\/\/www.toutsurmesfinances.com\/impots\/impots-le-programme-fiscal-de-francois-fillon-pour-2017.html\" target=\"_blank\">Programme fiscal de Fran\u00e7ois Fillon<\/a><\/strong><\/p>\n<p><strong>&gt; <a href=\"https:\/\/www.toutsurmesfinances.com\/impots\/presidentielle-2017-le-programme-fiscal-de-marine-le-pen.html\" target=\"_blank\">Programme fiscal de Marine Le Pen<br \/><\/a><\/strong><\/p>\n<p><strong>A lire \u00e9galement sur le scrutin pr\u00e9sidentiel de 2017<\/strong><br \/><strong>&#8211; <a href=\"https:\/\/www.toutsurmesfinances.com\/impots\/impots-et-taxes-le-programme-des-candidats-a-la-presidentielle-2017.html\" target=\"_blank\">Imp\u00f4ts et taxes : le programme des 11 candidats \u00e0 la pr\u00e9sidentielle 2017<\/a><\/strong><\/p>\n","protected":false},"excerpt":{"rendered":"<p>Le programme fiscal de Nicolas Dupont-Aignan pour la pr\u00e9sidentielle 2017 pr\u00e9voit une baisse massive des imp\u00f4ts sur le revenu et sur les successions. Objectif de cette politique : restaurer le pouvoir d&rsquo;achat afin de rendre leur confiance aux Fran\u00e7ais.  \u00a0<\/p>\n","protected":false},"author":13709,"featured_media":63374,"comment_status":"closed","ping_status":"closed","sticky":false,"template":"","format":"standard","meta":{"footnotes":""},"categories":[21],"tags":[],"class_list":["post-56731","post","type-post","status-publish","format-standard","has-post-thumbnail","hentry","category-politique"],"acf":[],"yoast_head":"<!-- This site is optimized with the Yoast SEO plugin v24.9 - https:\/\/yoast.com\/wordpress\/plugins\/seo\/ -->\n<title>Nicolas Dupont-Aignan : programme imp\u00f4ts Debout la France 2017<\/title>\n<meta name=\"description\" content=\"Le programme fiscal de Nicolas Dupont-Aignan pour la pr\u00e9sidentielle 2017 pr\u00e9voit une baisse massive des imp\u00f4ts sur le revenu et sur les successions. Objectif de cette politique : restaurer le pouvoir d&#039;achat afin de rendre leur confiance aux Fran\u00e7ais.\" \/>\n<meta name=\"robots\" content=\"index, follow, max-snippet:-1, max-image-preview:large, max-video-preview:-1\" \/>\n<link rel=\"canonical\" href=\"https:\/\/www.toutsurmesfinances.com\/impots\/nicolas-dupont-aignan-impots-et-taxes-son-programme-presidentiel-2017.html\" \/>\n<meta property=\"og:locale\" content=\"fr_FR\" \/>\n<meta property=\"og:type\" content=\"article\" \/>\n<meta property=\"og:title\" content=\"Nicolas Dupont-Aignan : programme imp\u00f4ts Debout la France 2017\" \/>\n<meta property=\"og:description\" content=\"Le programme fiscal de Nicolas Dupont-Aignan pour la pr\u00e9sidentielle 2017 pr\u00e9voit une baisse massive des imp\u00f4ts sur le revenu et sur les successions. Objectif de cette politique : restaurer le pouvoir d&#039;achat afin de rendre leur confiance aux Fran\u00e7ais.\" \/>\n<meta property=\"og:url\" content=\"https:\/\/www.toutsurmesfinances.com\/impots\/nicolas-dupont-aignan-impots-et-taxes-son-programme-presidentiel-2017.html\" \/>\n<meta property=\"og:site_name\" content=\"Imp\u00f4ts\" \/>\n<meta property=\"article:published_time\" content=\"2017-03-23T11:25:34+00:00\" \/>\n<meta property=\"article:modified_time\" content=\"2018-07-19T09:53:23+00:00\" \/>\n<meta property=\"og:image\" content=\"https:\/\/www.toutsurmesfinances.com\/impots\/wp-content\/uploads\/sites\/6\/2019\/04\/nda-2017.jpg\" \/>\n\t<meta property=\"og:image:width\" content=\"823\" \/>\n\t<meta property=\"og:image:height\" content=\"463\" \/>\n\t<meta property=\"og:image:type\" content=\"image\/jpeg\" \/>\n<meta name=\"author\" content=\"Olivier Brunet\" \/>\n<meta name=\"twitter:card\" content=\"summary_large_image\" \/>\n<meta name=\"twitter:creator\" content=\"@Toutsur\" \/>\n<meta name=\"twitter:site\" content=\"@Toutsur\" \/>\n<meta name=\"twitter:label1\" content=\"\u00c9crit par\" \/>\n\t<meta name=\"twitter:data1\" content=\"Olivier Brunet\" \/>\n\t<meta name=\"twitter:label2\" content=\"Dur\u00e9e de lecture estim\u00e9e\" \/>\n\t<meta name=\"twitter:data2\" content=\"7 minutes\" \/>\n<script type=\"application\/ld+json\" class=\"yoast-schema-graph\">{\"@context\":\"https:\/\/schema.org\",\"@graph\":[{\"@type\":\"Article\",\"@id\":\"https:\/\/www.toutsurmesfinances.com\/impots\/nicolas-dupont-aignan-impots-et-taxes-son-programme-presidentiel-2017.html#article\",\"isPartOf\":{\"@id\":\"https:\/\/www.toutsurmesfinances.com\/impots\/nicolas-dupont-aignan-impots-et-taxes-son-programme-presidentiel-2017.html\"},\"author\":{\"name\":\"Olivier Brunet\",\"@id\":\"https:\/\/www.toutsurmesfinances.com\/impots\/#\/schema\/person\/f3692b3163890cd1408bd0dc68a1b55a\"},\"headline\":\"Nicolas Dupont-Aignan : imp\u00f4ts et taxes, son programme pr\u00e9sidentiel 2017\",\"dateModified\":\"2018-07-19T09:53:23+00:00\",\"mainEntityOfPage\":{\"@id\":\"https:\/\/www.toutsurmesfinances.com\/impots\/nicolas-dupont-aignan-impots-et-taxes-son-programme-presidentiel-2017.html\"},\"wordCount\":1430,\"publisher\":{\"@id\":\"https:\/\/www.toutsurmesfinances.com\/impots\/#organization\"},\"image\":{\"@id\":\"https:\/\/www.toutsurmesfinances.com\/impots\/nicolas-dupont-aignan-impots-et-taxes-son-programme-presidentiel-2017.html#primaryimage\"},\"thumbnailUrl\":\"https:\/\/www.toutsurmesfinances.com\/impots\/wp-content\/uploads\/sites\/6\/2019\/04\/nda-2017.jpg\",\"articleSection\":[\"Politique\"],\"inLanguage\":\"fr-FR\"},{\"@type\":\"WebPage\",\"@id\":\"https:\/\/www.toutsurmesfinances.com\/impots\/nicolas-dupont-aignan-impots-et-taxes-son-programme-presidentiel-2017.html\",\"url\":\"https:\/\/www.toutsurmesfinances.com\/impots\/nicolas-dupont-aignan-impots-et-taxes-son-programme-presidentiel-2017.html\",\"name\":\"Nicolas Dupont-Aignan : programme imp\u00f4ts Debout la France 2017\",\"isPartOf\":{\"@id\":\"https:\/\/www.toutsurmesfinances.com\/impots\/#website\"},\"primaryImageOfPage\":{\"@id\":\"https:\/\/www.toutsurmesfinances.com\/impots\/nicolas-dupont-aignan-impots-et-taxes-son-programme-presidentiel-2017.html#primaryimage\"},\"image\":{\"@id\":\"https:\/\/www.toutsurmesfinances.com\/impots\/nicolas-dupont-aignan-impots-et-taxes-son-programme-presidentiel-2017.html#primaryimage\"},\"thumbnailUrl\":\"https:\/\/www.toutsurmesfinances.com\/impots\/wp-content\/uploads\/sites\/6\/2019\/04\/nda-2017.jpg\",\"dateModified\":\"2018-07-19T09:53:23+00:00\",\"description\":\"Le programme fiscal de Nicolas Dupont-Aignan pour la pr\u00e9sidentielle 2017 pr\u00e9voit une baisse massive des imp\u00f4ts sur le revenu et sur les successions. Objectif de cette politique : restaurer le pouvoir d'achat afin de rendre leur confiance aux Fran\u00e7ais.\",\"breadcrumb\":{\"@id\":\"https:\/\/www.toutsurmesfinances.com\/impots\/nicolas-dupont-aignan-impots-et-taxes-son-programme-presidentiel-2017.html#breadcrumb\"},\"inLanguage\":\"fr-FR\",\"potentialAction\":[{\"@type\":\"ReadAction\",\"target\":[\"https:\/\/www.toutsurmesfinances.com\/impots\/nicolas-dupont-aignan-impots-et-taxes-son-programme-presidentiel-2017.html\"]}]},{\"@type\":\"ImageObject\",\"inLanguage\":\"fr-FR\",\"@id\":\"https:\/\/www.toutsurmesfinances.com\/impots\/nicolas-dupont-aignan-impots-et-taxes-son-programme-presidentiel-2017.html#primaryimage\",\"url\":\"https:\/\/www.toutsurmesfinances.com\/impots\/wp-content\/uploads\/sites\/6\/2019\/04\/nda-2017.jpg\",\"contentUrl\":\"https:\/\/www.toutsurmesfinances.com\/impots\/wp-content\/uploads\/sites\/6\/2019\/04\/nda-2017.jpg\",\"width\":823,\"height\":463},{\"@type\":\"BreadcrumbList\",\"@id\":\"https:\/\/www.toutsurmesfinances.com\/impots\/nicolas-dupont-aignan-impots-et-taxes-son-programme-presidentiel-2017.html#breadcrumb\",\"itemListElement\":[{\"@type\":\"ListItem\",\"position\":1,\"name\":\"Accueil\",\"item\":\"https:\/\/www.toutsurmesfinances.com\/impots\/\"},{\"@type\":\"ListItem\",\"position\":2,\"name\":\"Politique\",\"item\":\"https:\/\/www.toutsurmesfinances.com\/impots\/c\/politique\"},{\"@type\":\"ListItem\",\"position\":3,\"name\":\"Nicolas Dupont-Aignan : imp\u00f4ts et taxes, son programme pr\u00e9sidentiel 2017\"}]},{\"@type\":\"WebSite\",\"@id\":\"https:\/\/www.toutsurmesfinances.com\/impots\/#website\",\"url\":\"https:\/\/www.toutsurmesfinances.com\/impots\/\",\"name\":\"Imp\u00f4ts\",\"description\":\"\",\"publisher\":{\"@id\":\"https:\/\/www.toutsurmesfinances.com\/impots\/#organization\"},\"potentialAction\":[{\"@type\":\"SearchAction\",\"target\":{\"@type\":\"EntryPoint\",\"urlTemplate\":\"https:\/\/www.toutsurmesfinances.com\/impots\/?s={search_term_string}\"},\"query-input\":{\"@type\":\"PropertyValueSpecification\",\"valueRequired\":true,\"valueName\":\"search_term_string\"}}],\"inLanguage\":\"fr-FR\"},{\"@type\":\"Organization\",\"@id\":\"https:\/\/www.toutsurmesfinances.com\/impots\/#organization\",\"name\":\"Tout Sur Mes Finances\",\"url\":\"https:\/\/www.toutsurmesfinances.com\/impots\/\",\"logo\":{\"@type\":\"ImageObject\",\"inLanguage\":\"fr-FR\",\"@id\":\"https:\/\/www.toutsurmesfinances.com\/impots\/#\/schema\/logo\/image\/\",\"url\":\"https:\/\/www.toutsurmesfinances.com\/impots\/wp-content\/uploads\/sites\/6\/2021\/01\/favicon.png\",\"contentUrl\":\"https:\/\/www.toutsurmesfinances.com\/impots\/wp-content\/uploads\/sites\/6\/2021\/01\/favicon.png\",\"width\":512,\"height\":512,\"caption\":\"Tout Sur Mes Finances\"},\"image\":{\"@id\":\"https:\/\/www.toutsurmesfinances.com\/impots\/#\/schema\/logo\/image\/\"},\"sameAs\":[\"https:\/\/x.com\/Toutsur\"]},{\"@type\":\"Person\",\"@id\":\"https:\/\/www.toutsurmesfinances.com\/impots\/#\/schema\/person\/f3692b3163890cd1408bd0dc68a1b55a\",\"name\":\"Olivier Brunet\",\"image\":{\"@type\":\"ImageObject\",\"inLanguage\":\"fr-FR\",\"@id\":\"https:\/\/www.toutsurmesfinances.com\/impots\/#\/schema\/person\/image\/\",\"url\":\"https:\/\/secure.gravatar.com\/avatar\/59a19214b7bb3163a27d873fa61f9a80?s=96&d=mm&r=g\",\"contentUrl\":\"https:\/\/secure.gravatar.com\/avatar\/59a19214b7bb3163a27d873fa61f9a80?s=96&d=mm&r=g\",\"caption\":\"Olivier Brunet\"},\"description\":\"Olivier Brunet est cofondateur de\u00a0ToutSurMesFinances.com\u00a0et r\u00e9dacteur en chef sp\u00e9cialis\u00e9 en placements et fiscalit\u00e9\u00a0des particuliers. Pr\u00e9sent\u00a0au sein du\u00a0m\u00e9dia\u00a0depuis sa cr\u00e9ation, il en est l\u2019un des piliers \u00e9ditoriaux. Il analyse les strat\u00e9gies d\u2019investissement,\u00a0suit\u00a0les \u00e9volutions fiscales et les\u00a0probl\u00e9matiques\u00a0patrimoniales\u00a0avec une vision long terme, forg\u00e9e par des ann\u00e9es de pratique et de suivi des march\u00e9s.\u00a0\",\"sameAs\":[\"https:\/\/www.toutsurmesfinances.com\/author\/olivier\",\"https:\/\/www.linkedin.com\/in\/obrunet\/\"]}]}<\/script>\n<!-- \/ Yoast SEO plugin. -->","yoast_head_json":{"title":"Nicolas Dupont-Aignan : programme imp\u00f4ts Debout la France 2017","description":"Le programme fiscal de Nicolas Dupont-Aignan pour la pr\u00e9sidentielle 2017 pr\u00e9voit une baisse massive des imp\u00f4ts sur le revenu et sur les successions. Objectif de cette politique : restaurer le pouvoir d'achat afin de rendre leur confiance aux Fran\u00e7ais.","robots":{"index":"index","follow":"follow","max-snippet":"max-snippet:-1","max-image-preview":"max-image-preview:large","max-video-preview":"max-video-preview:-1"},"canonical":"https:\/\/www.toutsurmesfinances.com\/impots\/nicolas-dupont-aignan-impots-et-taxes-son-programme-presidentiel-2017.html","og_locale":"fr_FR","og_type":"article","og_title":"Nicolas Dupont-Aignan : programme imp\u00f4ts Debout la France 2017","og_description":"Le programme fiscal de Nicolas Dupont-Aignan pour la pr\u00e9sidentielle 2017 pr\u00e9voit une baisse massive des imp\u00f4ts sur le revenu et sur les successions. Objectif de cette politique : restaurer le pouvoir d'achat afin de rendre leur confiance aux Fran\u00e7ais.","og_url":"https:\/\/www.toutsurmesfinances.com\/impots\/nicolas-dupont-aignan-impots-et-taxes-son-programme-presidentiel-2017.html","og_site_name":"Imp\u00f4ts","article_published_time":"2017-03-23T11:25:34+00:00","article_modified_time":"2018-07-19T09:53:23+00:00","og_image":[{"width":823,"height":463,"url":"https:\/\/www.toutsurmesfinances.com\/impots\/wp-content\/uploads\/sites\/6\/2019\/04\/nda-2017.jpg","type":"image\/jpeg"}],"author":"Olivier Brunet","twitter_card":"summary_large_image","twitter_creator":"@Toutsur","twitter_site":"@Toutsur","twitter_misc":{"\u00c9crit par":"Olivier Brunet","Dur\u00e9e de lecture estim\u00e9e":"7 minutes"},"schema":{"@context":"https:\/\/schema.org","@graph":[{"@type":"Article","@id":"https:\/\/www.toutsurmesfinances.com\/impots\/nicolas-dupont-aignan-impots-et-taxes-son-programme-presidentiel-2017.html#article","isPartOf":{"@id":"https:\/\/www.toutsurmesfinances.com\/impots\/nicolas-dupont-aignan-impots-et-taxes-son-programme-presidentiel-2017.html"},"author":{"name":"Olivier Brunet","@id":"https:\/\/www.toutsurmesfinances.com\/impots\/#\/schema\/person\/f3692b3163890cd1408bd0dc68a1b55a"},"headline":"Nicolas Dupont-Aignan : imp\u00f4ts et taxes, son programme pr\u00e9sidentiel 2017","dateModified":"2018-07-19T09:53:23+00:00","mainEntityOfPage":{"@id":"https:\/\/www.toutsurmesfinances.com\/impots\/nicolas-dupont-aignan-impots-et-taxes-son-programme-presidentiel-2017.html"},"wordCount":1430,"publisher":{"@id":"https:\/\/www.toutsurmesfinances.com\/impots\/#organization"},"image":{"@id":"https:\/\/www.toutsurmesfinances.com\/impots\/nicolas-dupont-aignan-impots-et-taxes-son-programme-presidentiel-2017.html#primaryimage"},"thumbnailUrl":"https:\/\/www.toutsurmesfinances.com\/impots\/wp-content\/uploads\/sites\/6\/2019\/04\/nda-2017.jpg","articleSection":["Politique"],"inLanguage":"fr-FR"},{"@type":"WebPage","@id":"https:\/\/www.toutsurmesfinances.com\/impots\/nicolas-dupont-aignan-impots-et-taxes-son-programme-presidentiel-2017.html","url":"https:\/\/www.toutsurmesfinances.com\/impots\/nicolas-dupont-aignan-impots-et-taxes-son-programme-presidentiel-2017.html","name":"Nicolas Dupont-Aignan : programme imp\u00f4ts Debout la France 2017","isPartOf":{"@id":"https:\/\/www.toutsurmesfinances.com\/impots\/#website"},"primaryImageOfPage":{"@id":"https:\/\/www.toutsurmesfinances.com\/impots\/nicolas-dupont-aignan-impots-et-taxes-son-programme-presidentiel-2017.html#primaryimage"},"image":{"@id":"https:\/\/www.toutsurmesfinances.com\/impots\/nicolas-dupont-aignan-impots-et-taxes-son-programme-presidentiel-2017.html#primaryimage"},"thumbnailUrl":"https:\/\/www.toutsurmesfinances.com\/impots\/wp-content\/uploads\/sites\/6\/2019\/04\/nda-2017.jpg","dateModified":"2018-07-19T09:53:23+00:00","description":"Le programme fiscal de Nicolas Dupont-Aignan pour la pr\u00e9sidentielle 2017 pr\u00e9voit une baisse massive des imp\u00f4ts sur le revenu et sur les successions. Objectif de cette politique : restaurer le pouvoir d'achat afin de rendre leur confiance aux Fran\u00e7ais.","breadcrumb":{"@id":"https:\/\/www.toutsurmesfinances.com\/impots\/nicolas-dupont-aignan-impots-et-taxes-son-programme-presidentiel-2017.html#breadcrumb"},"inLanguage":"fr-FR","potentialAction":[{"@type":"ReadAction","target":["https:\/\/www.toutsurmesfinances.com\/impots\/nicolas-dupont-aignan-impots-et-taxes-son-programme-presidentiel-2017.html"]}]},{"@type":"ImageObject","inLanguage":"fr-FR","@id":"https:\/\/www.toutsurmesfinances.com\/impots\/nicolas-dupont-aignan-impots-et-taxes-son-programme-presidentiel-2017.html#primaryimage","url":"https:\/\/www.toutsurmesfinances.com\/impots\/wp-content\/uploads\/sites\/6\/2019\/04\/nda-2017.jpg","contentUrl":"https:\/\/www.toutsurmesfinances.com\/impots\/wp-content\/uploads\/sites\/6\/2019\/04\/nda-2017.jpg","width":823,"height":463},{"@type":"BreadcrumbList","@id":"https:\/\/www.toutsurmesfinances.com\/impots\/nicolas-dupont-aignan-impots-et-taxes-son-programme-presidentiel-2017.html#breadcrumb","itemListElement":[{"@type":"ListItem","position":1,"name":"Accueil","item":"https:\/\/www.toutsurmesfinances.com\/impots\/"},{"@type":"ListItem","position":2,"name":"Politique","item":"https:\/\/www.toutsurmesfinances.com\/impots\/c\/politique"},{"@type":"ListItem","position":3,"name":"Nicolas Dupont-Aignan : imp\u00f4ts et taxes, son programme pr\u00e9sidentiel 2017"}]},{"@type":"WebSite","@id":"https:\/\/www.toutsurmesfinances.com\/impots\/#website","url":"https:\/\/www.toutsurmesfinances.com\/impots\/","name":"Imp\u00f4ts","description":"","publisher":{"@id":"https:\/\/www.toutsurmesfinances.com\/impots\/#organization"},"potentialAction":[{"@type":"SearchAction","target":{"@type":"EntryPoint","urlTemplate":"https:\/\/www.toutsurmesfinances.com\/impots\/?s={search_term_string}"},"query-input":{"@type":"PropertyValueSpecification","valueRequired":true,"valueName":"search_term_string"}}],"inLanguage":"fr-FR"},{"@type":"Organization","@id":"https:\/\/www.toutsurmesfinances.com\/impots\/#organization","name":"Tout Sur Mes Finances","url":"https:\/\/www.toutsurmesfinances.com\/impots\/","logo":{"@type":"ImageObject","inLanguage":"fr-FR","@id":"https:\/\/www.toutsurmesfinances.com\/impots\/#\/schema\/logo\/image\/","url":"https:\/\/www.toutsurmesfinances.com\/impots\/wp-content\/uploads\/sites\/6\/2021\/01\/favicon.png","contentUrl":"https:\/\/www.toutsurmesfinances.com\/impots\/wp-content\/uploads\/sites\/6\/2021\/01\/favicon.png","width":512,"height":512,"caption":"Tout Sur Mes Finances"},"image":{"@id":"https:\/\/www.toutsurmesfinances.com\/impots\/#\/schema\/logo\/image\/"},"sameAs":["https:\/\/x.com\/Toutsur"]},{"@type":"Person","@id":"https:\/\/www.toutsurmesfinances.com\/impots\/#\/schema\/person\/f3692b3163890cd1408bd0dc68a1b55a","name":"Olivier Brunet","image":{"@type":"ImageObject","inLanguage":"fr-FR","@id":"https:\/\/www.toutsurmesfinances.com\/impots\/#\/schema\/person\/image\/","url":"https:\/\/secure.gravatar.com\/avatar\/59a19214b7bb3163a27d873fa61f9a80?s=96&d=mm&r=g","contentUrl":"https:\/\/secure.gravatar.com\/avatar\/59a19214b7bb3163a27d873fa61f9a80?s=96&d=mm&r=g","caption":"Olivier Brunet"},"description":"Olivier Brunet est cofondateur de\u00a0ToutSurMesFinances.com\u00a0et r\u00e9dacteur en chef sp\u00e9cialis\u00e9 en placements et fiscalit\u00e9\u00a0des particuliers. Pr\u00e9sent\u00a0au sein du\u00a0m\u00e9dia\u00a0depuis sa cr\u00e9ation, il en est l\u2019un des piliers \u00e9ditoriaux. Il analyse les strat\u00e9gies d\u2019investissement,\u00a0suit\u00a0les \u00e9volutions fiscales et les\u00a0probl\u00e9matiques\u00a0patrimoniales\u00a0avec une vision long terme, forg\u00e9e par des ann\u00e9es de pratique et de suivi des march\u00e9s.\u00a0","sameAs":["https:\/\/www.toutsurmesfinances.com\/author\/olivier","https:\/\/www.linkedin.com\/in\/obrunet\/"]}]}},"_links":{"self":[{"href":"https:\/\/www.toutsurmesfinances.com\/impots\/wp-json\/wp\/v2\/posts\/56731","targetHints":{"allow":["GET"]}}],"collection":[{"href":"https:\/\/www.toutsurmesfinances.com\/impots\/wp-json\/wp\/v2\/posts"}],"about":[{"href":"https:\/\/www.toutsurmesfinances.com\/impots\/wp-json\/wp\/v2\/types\/post"}],"author":[{"embeddable":true,"href":"https:\/\/www.toutsurmesfinances.com\/impots\/wp-json\/wp\/v2\/users\/13709"}],"replies":[{"embeddable":true,"href":"https:\/\/www.toutsurmesfinances.com\/impots\/wp-json\/wp\/v2\/comments?post=56731"}],"version-history":[{"count":2,"href":"https:\/\/www.toutsurmesfinances.com\/impots\/wp-json\/wp\/v2\/posts\/56731\/revisions"}],"predecessor-version":[{"id":63373,"href":"https:\/\/www.toutsurmesfinances.com\/impots\/wp-json\/wp\/v2\/posts\/56731\/revisions\/63373"}],"wp:featuredmedia":[{"embeddable":true,"href":"https:\/\/www.toutsurmesfinances.com\/impots\/wp-json\/wp\/v2\/media\/63374"}],"wp:attachment":[{"href":"https:\/\/www.toutsurmesfinances.com\/impots\/wp-json\/wp\/v2\/media?parent=56731"}],"wp:term":[{"taxonomy":"category","embeddable":true,"href":"https:\/\/www.toutsurmesfinances.com\/impots\/wp-json\/wp\/v2\/categories?post=56731"},{"taxonomy":"post_tag","embeddable":true,"href":"https:\/\/www.toutsurmesfinances.com\/impots\/wp-json\/wp\/v2\/tags?post=56731"}],"curies":[{"name":"wp","href":"https:\/\/api.w.org\/{rel}","templated":true}]}}