{"id":72672,"date":"2026-04-29T16:44:09","date_gmt":"2026-04-29T14:44:09","guid":{"rendered":"https:\/\/www.toutsurmesfinances.com\/impots\/?p=72672"},"modified":"2026-04-29T17:20:49","modified_gmt":"2026-04-29T15:20:49","slug":"impots-comment-declarer-les-frais-de-garde-denfants","status":"publish","type":"post","link":"https:\/\/www.toutsurmesfinances.com\/impots\/impots-comment-declarer-les-frais-de-garde-denfants.html","title":{"rendered":"Imp\u00f4ts 2026 : comment d\u00e9clarer les frais de garde d\u2019enfants"},"content":{"rendered":"<h2><span class=\"ez-toc-section\" id=\"Frais_de_garde_un_credit_dimpot_pas_une_deduction\"><\/span><strong>Frais de garde : un cr\u00e9dit d\u2019imp\u00f4t, pas une d\u00e9duction<\/strong><span class=\"ez-toc-section-end\"><\/span><\/h2>\n<p>Les frais de garde des jeunes enfants ne viennent pas en d\u00e9duction des revenus imposables. L\u2019avantage fiscal prend la forme d\u2019un cr\u00e9dit d\u2019imp\u00f4t.<\/p>\n<p>Le montant calcul\u00e9 est directement d\u00e9duit de l\u2019imp\u00f4t d\u00fb. Et si le cr\u00e9dit d\u00e9passe l\u2019imp\u00f4t, ou si le foyer n\u2019est pas imposable, l\u2019administration fiscale rembourse la diff\u00e9rence.<\/p>\n<h2><span class=\"ez-toc-section\" id=\"Les_enfants_et_les_modes_de_garde_eligibles_au_credit_dimpot\"><\/span><strong>Les enfants et les modes de garde \u00e9ligibles au cr\u00e9dit d\u2019imp\u00f4t<\/strong><span class=\"ez-toc-section-end\"><\/span><\/h2>\n<p>Tous les frais de garde n\u2019ouvrent pas droit au cr\u00e9dit d\u2019imp\u00f4t. L\u2019\u00e9ligibilit\u00e9 des d\u00e9penses d\u00e9pend de trois crit\u00e8res : l\u2019\u00e2ge de l\u2019enfant, le mode de garde et le lieu o\u00f9 elle est assur\u00e9e.<\/p>\n<h3><span class=\"ez-toc-section\" id=\"_Les_conditions_dage_de_lenfant\"><\/span><strong>\u00a0Les conditions d\u2019\u00e2ge de l\u2019enfant<\/strong><span class=\"ez-toc-section-end\"><\/span><\/h3>\n<p>Le cr\u00e9dit d\u2019imp\u00f4t pour frais de garde hors domicile concerne les enfants de moins de 6 ans au 1<sup>er<\/sup> janvier de l\u2019ann\u00e9e des revenus d\u00e9clar\u00e9s. Pour la d\u00e9claration 2026 portant sur les revenus 2025, l\u2019enfant doit donc \u00eatre n\u00e9 apr\u00e8s le 31 d\u00e9cembre 2018, c\u2019est-\u00e0-dire en 2019 ou apr\u00e8s.<\/p>\n<p><strong>IMPORTANT :<\/strong> c\u2019est l\u2019\u00e2ge au 1<sup>er<\/sup> janvier qui compte, pas la date \u00e0 laquelle les d\u00e9penses ont \u00e9t\u00e9 engag\u00e9es. Si l\u2019enfant a eu 6 ans le 15 mars 2025, par exemple, il avait encore moins de 6 ans au 1<sup>er<\/sup> janvier 2025 : il est donc possible de b\u00e9n\u00e9ficier du cr\u00e9dit d\u2019imp\u00f4t pour l\u2019ensemble des d\u00e9penses de l\u2019ann\u00e9e 2025.<\/p>\n<p>L\u2019enfant doit, par ailleurs, \u00eatre <strong>\u00e0 la charge du foyer fiscal<\/strong> (enfant du foyer, ou enfant rattach\u00e9). En cas de concubinage, seul le parent qui compte l\u2019enfant \u00e0 sa charge peut b\u00e9n\u00e9ficier du cr\u00e9dit d\u2019imp\u00f4t.<\/p>\n<h3><span class=\"ez-toc-section\" id=\"_Les_modes_de_garde_eligibles_hors_domicile\"><\/span>\u00a0<strong>Les modes de garde \u00e9ligibles hors domicile<\/strong><span class=\"ez-toc-section-end\"><\/span><\/h3>\n<p>Pour la garde \u00e0 l\u2019ext\u00e9rieur du domicile, les structures de garde reconnues par l\u2019administration fiscale (source\u00a0: article 200 quater B du code g\u00e9n\u00e9ral des imp\u00f4ts [CGI]) sont les suivantes\u00a0:<\/p>\n<ul>\n<li>cr\u00e8che collective<\/li>\n<li>cr\u00e8che familiale<\/li>\n<li>cr\u00e8che parentale<\/li>\n<li>halte-garderie<\/li>\n<li>garderie p\u00e9riscolaire<\/li>\n<li>garderie post-scolaire<\/li>\n<li>jardin d\u2019enfants<\/li>\n<li>jardin maternel<\/li>\n<li>centre de loisirs sans h\u00e9bergement<\/li>\n<li>assistante maternelle agr\u00e9\u00e9e<\/li>\n<\/ul>\n<h3><span class=\"ez-toc-section\" id=\"La_garde_denfant_a_domicile\"><\/span><strong>La garde d\u2019enfant \u00e0 domicile<\/strong><span class=\"ez-toc-section-end\"><\/span><\/h3>\n<p>Quand l\u2019enfant est gard\u00e9 au domicile des parents (par une baby-sitter, une nounou employ\u00e9e directement, ou via une soci\u00e9t\u00e9 de services \u00e0 la personne), il ne s\u2019agit pas du m\u00eame cr\u00e9dit d\u2019imp\u00f4t. Ces d\u00e9penses ouvrent droit \u00e0 un avantage fiscal dans le cadre des services \u00e0 la personne (pr\u00e9vu \u00e0 l\u2019article 199 sexdecies du CGI), avec d\u2019autres r\u00e8gles, d\u2019autres plafonds et des cases distinctes dans la d\u00e9claration de revenus.<\/p>\n<p>Ce second dispositif concerne \u00e9galement les enfants de plus de 6 ans gard\u00e9s au domicile : c\u2019est alors la seule fa\u00e7on de b\u00e9n\u00e9ficier d\u2019un avantage fiscal pour les frais de garde.<\/p>\n<p>Les personnes b\u00e9n\u00e9ficiaires du cr\u00e9dit d\u2019imp\u00f4t pour l\u2019emploi d\u2019un salari\u00e9 \u00e0 domicile doivent renseigner, dans leur d\u00e9claration de revenus (dans l\u2019annexe 2042 RICI &#8211; r\u00e9ductions et cr\u00e9dits d\u2019imp\u00f4t), depuis 2023, les activit\u00e9s de service \u00e0 la personne au titre desquelles elles ont engag\u00e9 des d\u00e9penses \u00e9ligibles. Il faut choisir et d\u00e9tailler les d\u00e9penses correspondantes, parmi les d\u00e9penses suivantes au titre des frais de garde :<\/p>\n<ul>\n<li>garde d\u2019enfants de moins de 3 ans et de moins de 18 ans handicap\u00e9s \u00e0 domicile : case BDA\u00a0;<\/li>\n<li>accompagnement des enfants de moins de 3 ans et de moins de 18 ans handicap\u00e9s : case BDB\u00a0;<\/li>\n<li>garde d\u2019enfants de 3 ans et plus \u00e0 domicile : case BDI\u00a0;<\/li>\n<li>accompagnement des enfants de 3 ans et plus : case BDJ<\/li>\n<\/ul>\n<p>Le total est automatiquement report\u00e9 en case 7DB.<\/p>\n<p><strong>Nouveaut\u00e9 pour la d\u00e9claration 2026<\/strong> : les parents qui emploient un salari\u00e9 pour la garde de leur enfant \u00e0 domicile doivent apporter deux pr\u00e9cisions compl\u00e9mentaires lors du remplissage des cases BDA, BDB, BDI ou BDJ :<\/p>\n<ul>\n<li>le statut du salari\u00e9 ou de la structure r\u00e9mun\u00e9r\u00e9e (salari\u00e9 employ\u00e9 directement, association, entreprise agr\u00e9\u00e9e, organisme public) ;<\/li>\n<li>le mode de recours choisi (emploi direct, mandataire, prestataire ou salari\u00e9 mis \u00e0 disposition).<\/li>\n<\/ul>\n<p>Cette obligation s\u2019applique \u00e0 l\u2019ensemble des d\u00e9penses de services \u00e0 la personne d\u00e9clar\u00e9es en case 7DB. <strong>Elle est d\u00e9taill\u00e9e dans notre article sur <\/strong><a href=\"https:\/\/www.toutsurmesfinances.com\/impots\/impots-les-nouveautes-de-la-declaration-des-revenus-2025-en-2026.html\"><strong>les nouveaut\u00e9s de la d\u00e9claration 2026<\/strong><\/a>.<\/p>\n<p>Les deux cr\u00e9dits d\u2019imp\u00f4t peuvent se cumuler si l\u2019enfant est gard\u00e9 \u00e0 la fois \u00e0 domicile (par une nounou) et hors domicile (en cr\u00e8che, par exemple).<\/p>\n<h3><span class=\"ez-toc-section\" id=\"Garde_a_domicile_comment_renseigner_le_detail_du_type_de_depense\"><\/span><strong>Garde \u00e0 domicile : comment renseigner le d\u00e9tail du type de d\u00e9pense<\/strong><span class=\"ez-toc-section-end\"><\/span><\/h3>\n<p>Pour les contribuables qui emploient un salari\u00e9 pour garder leur enfant \u00e0 domicile (case 7DB), la d\u00e9claration en ligne demande de d\u00e9tailler chaque type de d\u00e9pense engag\u00e9e en 2025.<\/p>\n<p>\ud83d\udca1 <strong>\u00c0 savoir<\/strong> : pour saisir le d\u00e9tail des d\u00e9penses, il faut <strong>cliquer sur le pictogramme crayon (<\/strong><strong>\u270f\ufe0f<\/strong><strong>) \u00e0 droite de la case 7DB<\/strong>. Sans cette manipulation, le tableau de d\u00e9tail ne s\u2019\u2019affiche pas et la d\u00e9claration reste incompl\u00e8te.<\/p>\n<p><img loading=\"lazy\" decoding=\"async\" class=\"alignnone wp-image-72659\" src=\"https:\/\/www.toutsurmesfinances.com\/impots\/wp-content\/uploads\/sites\/6\/2026\/04\/saisie-case-7db-300x149.webp\" alt=\"d\u00e9claration impot\" width=\"906\" height=\"450\" srcset=\"https:\/\/www.toutsurmesfinances.com\/impots\/wp-content\/uploads\/sites\/6\/2026\/04\/saisie-case-7db-300x149.webp 300w, https:\/\/www.toutsurmesfinances.com\/impots\/wp-content\/uploads\/sites\/6\/2026\/04\/saisie-case-7db-scaled.webp 823w\" sizes=\"auto, (max-width: 906px) 100vw, 906px\" \/><br \/>\n<em>Source : capture d\u2019\u00e9cran impots.gouv.fr, parcours d\u00e9claratif 2026<\/em><\/p>\n<p>La fen\u00eatre propos\u00e9e par l\u2019administration recense 27 types de d\u00e9penses \u00e9ligibles aux services \u00e0 la personne dans la colonne \u00ab\u00a0Type de d\u00e9pense\u00a0\u00bb. Pour les frais de garde, quatre types de d\u00e9pense sont \u00e0 conna\u00eetre :<\/p>\n<ul>\n<li>garde d\u2019enfants de moins de 3 ans et de moins de 18 ans handicap\u00e9s \u00e0 domicile (ligne BDA)<\/li>\n<li>accompagnement des enfants de moins de 3 ans et de moins de 18 ans handicap\u00e9s (ligne BDB)<\/li>\n<li>garde d\u2019enfants de 3 ans et plus \u00e0 domicile (ligne BDI)<\/li>\n<li>accompagnement des enfants de 3 ans et plus (ligne BDJ)<\/li>\n<\/ul>\n<p><img loading=\"lazy\" decoding=\"async\" class=\"alignnone wp-image-72658\" src=\"https:\/\/www.toutsurmesfinances.com\/impots\/wp-content\/uploads\/sites\/6\/2026\/04\/detail-depenses-servicesalapersonne-300x106.webp\" alt=\"\" width=\"926\" height=\"327\" srcset=\"https:\/\/www.toutsurmesfinances.com\/impots\/wp-content\/uploads\/sites\/6\/2026\/04\/detail-depenses-servicesalapersonne-300x106.webp 300w, https:\/\/www.toutsurmesfinances.com\/impots\/wp-content\/uploads\/sites\/6\/2026\/04\/detail-depenses-servicesalapersonne-scaled.webp 823w\" sizes=\"auto, (max-width: 926px) 100vw, 926px\" \/><\/p>\n<p>Dans la fen\u00eatre qui s\u2019ouvre, six informations sont \u00e0 renseigner pour chaque ligne, de gauche \u00e0 droite\u00a0:<\/p>\n<ul>\n<li><strong>Identit\u00e9 du salari\u00e9 ou de l\u2019entreprise<\/strong> : nom et pr\u00e9nom du salari\u00e9 employ\u00e9 directement, ou raison sociale du prestataire (association, entreprise, organisme public).<\/li>\n<li><strong>Nature de l\u2019organisme<\/strong> : s\u00e9lectionner dans le menu d\u00e9roulant le statut correspondant (salari\u00e9 \u00e0 domicile, association, entreprise, organisme public ou priv\u00e9). <em>Champ ajout\u00e9 pour la d\u00e9claration 2026.<\/em><\/li>\n<li><strong>Modalit\u00e9s d\u2019intervention<\/strong> : pr\u00e9ciser le mode de recours (emploi direct, mandataire, mise \u00e0 disposition d\u2019un salari\u00e9, prestataire). <em>Champ ajout\u00e9 pour la d\u00e9claration 2026.<\/em><\/li>\n<li><strong>Type de d\u00e9pense<\/strong> : choisir l\u2019activit\u00e9 concern\u00e9e dans le menu d\u00e9roulant parmi les quatre concern\u00e9es pour les frais de garde d\u2019enfant \u00e0 domicile (voir ci-dessus).<\/li>\n<li><strong>Montant de la d\u00e9pense<\/strong> : saisir le montant annuel total des sommes vers\u00e9es en 2025 (salaire net + cotisations sociales pour un salari\u00e9 employ\u00e9 directement, ou facture pour un prestataire).<\/li>\n<li><strong>Montant de l\u2019aide per\u00e7ue<\/strong> : indiquer dans la derni\u00e8re case, situ\u00e9e \u00e0 droite, le montant des aides re\u00e7ues (CMG, aide de l\u2019employeur via Cesu pr\u00e9financ\u00e9, APA, PCH\u2026).<\/li>\n<\/ul>\n<p>&nbsp;<\/p>\n<p>Si plusieurs salari\u00e9s ou prestataires sont intervenus en 2025 pour la garde des enfants, l\u2019op\u00e9ration doit \u00eatre r\u00e9p\u00e9t\u00e9e \u00e0 raison d\u2019une ligne par intervenant. Exemple : une ligne pour la nounou employ\u00e9e du 1er janvier au 30 juin, une ligne pour la soci\u00e9t\u00e9 de services \u00e0 la personne intervenue en juillet, une ligne pour la nouvelle nounou employ\u00e9e du 1er septembre au 31 d\u00e9cembre. Il suffit pour cela de cliquer sur le bouton \u00ab <strong>Ajouter une ligne<\/strong> \u00bb.<\/p>\n<p>Une fois les diff\u00e9rents salari\u00e9s ou prestataires d\u00e9clar\u00e9s, cliquer sur le bouton \u00ab <strong>Valider<\/strong> \u00bb (en bas \u00e0 droite). Le total est alors automatiquement report\u00e9 en case 7DB.<\/p>\n<h2><span class=\"ez-toc-section\" id=\"Comment_calculer_son_credit_dimpot_pour_frais_de_garde\"><\/span><strong>Comment calculer son cr\u00e9dit d\u2019imp\u00f4t pour frais de garde ?<\/strong><span class=\"ez-toc-section-end\"><\/span><\/h2>\n<p>Le montant du cr\u00e9dit d\u2019imp\u00f4t ne correspond pas \u00e0 l\u2019ensemble des frais pay\u00e9s dans l\u2019ann\u00e9e. Il se calcule \u00e0 partir des d\u00e9penses r\u00e9ellement retenues par le fisc, apr\u00e8s d\u00e9duction des aides per\u00e7ues et dans la limite d\u2019un plafond par enfant.<\/p>\n<h3><span class=\"ez-toc-section\" id=\"Frais_de_garde_quel_plafond_de_depenses_pour_limpot_2026\"><\/span><strong>Frais de garde : quel plafond de d\u00e9penses pour l\u2019imp\u00f4t 2026 ?<\/strong><span class=\"ez-toc-section-end\"><\/span><\/h3>\n<p>Le cr\u00e9dit d\u2019imp\u00f4t est \u00e9gal \u00e0 50% des d\u00e9penses prises en compte, dans la limite de plafonds annuels qui varient selon le mode de garde et la situation familiale.<\/p>\n<p><strong>Tableau 1 &#8211; Garde hors domicile &#8211; enfants de moins de 6 ans<\/strong><\/p>\n<div id=\"tablepress-392-scroll-wrapper\" class=\"tablepress-scroll-wrapper\">\n\n<table id=\"tablepress-392\" class=\"tablepress tablepress-id-392 tablepress-responsive\">\n<thead>\n<tr class=\"row-1 odd\">\n\t<th class=\"column-1\">Situation<\/th><th class=\"column-2\">Plafond de d\u00e9penses<\/th><th class=\"column-3\">Cr\u00e9dit d'imp\u00f4t maximum<\/th>\n<\/tr>\n<\/thead>\n<tbody class=\"row-hover\">\n<tr class=\"row-2 even\">\n\t<td class=\"column-1\">Garde principale (charge exclusive)<\/td><td class=\"column-2\">3 500 euros par enfants<\/td><td class=\"column-3\">1 750 euros par enfant<\/td>\n<\/tr>\n<tr class=\"row-3 odd\">\n\t<td class=\"column-1\">Garde altern\u00e9e (r\u00e9sidence partag\u00e9e)<\/td><td class=\"column-2\">1 750 euros par enfant<\/td><td class=\"column-3\">875 euros par parent et par enfant<\/td>\n<\/tr>\n<\/tbody>\n<\/table>\n\n<\/div><!-- #tablepress-392 from cache -->\n<p><em>Source\u00a0: article 200 quater B du CGI, BOFiP (BOI-IR-RICI-300, BOI-IR-RICI-150)<\/em><\/p>\n<p><strong>Tableau 2 &#8211; Garde \u00e0 domicile<\/strong><\/p>\n<div id=\"tablepress-393-scroll-wrapper\" class=\"tablepress-scroll-wrapper\">\n\n<table id=\"tablepress-393\" class=\"tablepress tablepress-id-393 tablepress-responsive\">\n<thead>\n<tr class=\"row-1 odd\">\n\t<th class=\"column-1\">Situation<\/th><th class=\"column-2\">Plafond de d\u00e9penses<\/th><th class=\"column-3\">Cr\u00e9dit d'imp\u00f4t maximum<\/th>\n<\/tr>\n<\/thead>\n<tbody class=\"row-hover\">\n<tr class=\"row-2 even\">\n\t<td class=\"column-1\">Plafond de base<\/td><td class=\"column-2\">12 000 euros par foyer<\/td><td class=\"column-3\">6 000 euros<\/td>\n<\/tr>\n<tr class=\"row-3 odd\">\n\t<td class=\"column-1\">Majoration par enfant \u00e0 charge<\/td><td class=\"column-2\">+ 1 500 euros<\/td><td class=\"column-3\">+ 750 euros<\/td>\n<\/tr>\n<tr class=\"row-4 even\">\n\t<td class=\"column-1\">Majoration par enfant en r\u00e9sidence altern\u00e9e<\/td><td class=\"column-2\">+ 750 euros<\/td><td class=\"column-3\">+ 375 euros<\/td>\n<\/tr>\n<tr class=\"row-5 odd\">\n\t<td class=\"column-1\">Plafond major\u00e9 maximum<\/td><td class=\"column-2\">15 000 euros<\/td><td class=\"column-3\">7 500 euros<\/td>\n<\/tr>\n<tr class=\"row-6 even\">\n\t<td class=\"column-1\">1re ann\u00e9e d\u2019emploi d\u2019un salari\u00e9 \u00e0 domicile<\/td><td class=\"column-2\">15 000 euros de base (+ majorations jusqu\u2019\u00e0 18\u00a0000 euros)<\/td><td class=\"column-3\">Jusqu\u2019\u00e0 9 000 euros<\/td>\n<\/tr>\n<tr class=\"row-7 odd\">\n\t<td class=\"column-1\">Foyer avec un membre handicap\u00e9 (invalidit\u00e9 \u2265 80%, pension 3\u00e8me cat\u00e9gorie ou compl\u00e9ment AEEH)<\/td><td class=\"column-2\">20 000 euros (sans majoration)<\/td><td class=\"column-3\">10 000 \u20ac<\/td>\n<\/tr>\n<\/tbody>\n<\/table>\n\n<\/div><!-- #tablepress-393 from cache -->\n<p><em>Source : article 199 sexdecies du CGI, BOFiP (BOI-IR-RICI-300, BOI-IR-RICI-150)<\/em><\/p>\n<p><strong>\u00c0 noter :<\/strong> le plafond de 3 500 euros par enfant pour la garde hors domicile est en vigueur depuis les revenus 2024. Il a \u00e9t\u00e9 relev\u00e9 par rapport \u00e0 l\u2019ancien plafond de 2 300 euros applicable jusqu\u2019aux revenus 2023. L\u2019ensemble de ces avantages fiscaux entre dans le <u>plafond global des niches fiscales (<\/u>souvent appel\u00e9 plafond des niches fiscales), fix\u00e9 \u00e0 10 000 euros par foyer pour les revenus 2025.<\/p>\n<h3><span class=\"ez-toc-section\" id=\"Les_depenses_a_inclure_et_celles_a_exclure\"><\/span><strong>Les d\u00e9penses \u00e0 inclure et celles \u00e0 exclure<\/strong><span class=\"ez-toc-section-end\"><\/span><\/h3>\n<p>Pour le calcul du cr\u00e9dit d\u2019imp\u00f4t, il faut d\u00e9clarer les d\u00e9penses effectivement support\u00e9es pour la garde d\u2019enfant.<\/p>\n<p>Sont pris en compte :<\/p>\n<ul>\n<li>les tarifs factur\u00e9s par la cr\u00e8che, la halte-garderie ou la garderie (frais d\u2019accueil, de surveillance) ;<br \/>\npour une assistante maternelle agr\u00e9\u00e9e : le salaire net vers\u00e9, augment\u00e9 des cotisations sociales pay\u00e9es \u00e0<\/li>\n<li>l\u2019Urssaf (le total figure sur l\u2019attestation fiscale annuelle Pajemploi) ;<\/li>\n<li>les indemnit\u00e9s d\u2019entretien vers\u00e9es \u00e0 l\u2019assistante maternelle, retenues forfaitairement \u00e0 2,65 euros par journ\u00e9e d\u2019accueil pour la d\u00e9claration 2026 (sommes li\u00e9es aux achats de jeux et mat\u00e9riels d\u2019\u00e9veil ainsi que la consommation d\u2019eau, d\u2019\u00e9lectricit\u00e9 et de chauffage notamment).<\/li>\n<\/ul>\n<p>Sont en revanche exclus :<\/p>\n<ul>\n<li>les frais de cantine scolaire, quel que soit l\u2019\u00e2ge de l\u2019enfant (moins de 6 ans, 6 ans ou plus) et quel que soit le type d\u2019\u00e9tablissement fr\u00e9quent\u00e9 (\u00e9cole maternelle, \u00e9cole primaire, \u00e9cole publique, \u00e9cole priv\u00e9e), contrairement au temps p\u00e9riscolaire d\u2019encadrement pour un enfant de moins de 6 ans ;<\/li>\n<li>les frais annexes sans lien direct avec la garde (sorties, activit\u00e9s payantes, fournitures, frais m\u00e9dicaux&#8230;) ;<\/li>\n<li>tout montant factur\u00e9 mais non encore r\u00e9gl\u00e9 au titre de l\u2019ann\u00e9e 2025 (seules les sommes effectivement pay\u00e9es en 2025 entrent en compte pour la d\u00e9claration 2026).<\/li>\n<\/ul>\n<h3><span class=\"ez-toc-section\" id=\"Les_aides_a_deduire_avant_le_calcul\"><\/span><strong>Les aides \u00e0 d\u00e9duire avant le calcul<\/strong><span class=\"ez-toc-section-end\"><\/span><\/h3>\n<p>Quel que soit le mode de garde (accueil par une assistante maternelle, cr\u00e8che, nounou \u00e0 domicile\u2026), les parents doivent effectuer un petit calcul avant de renseigner les d\u00e9penses effectu\u00e9es en 2025 s\u2019ils ont per\u00e7u des aides pour financer leurs frais de garde.<\/p>\n<p>Les aides \u00e0 prendre en compte sont :<\/p>\n<ul>\n<li>le compl\u00e9ment de libre choix du mode de garde (CMG), vers\u00e9 par la CAF ou la MSA ;<\/li>\n<li>l\u2019aide vers\u00e9e par le comit\u00e9 d\u2019entreprise (CE) ou l\u2019employeur (aide directe sur la fiche de paie ou au travers du ch\u00e8que emploi service universel ou Cesu pr\u00e9-financ\u00e9).<\/li>\n<\/ul>\n<p>C\u2019est donc le montant net, apr\u00e8s d\u00e9duction de ces aides, qui doit \u00eatre mentionn\u00e9 dans la d\u00e9claration de revenus 2026.<\/p>\n<h3><span class=\"ez-toc-section\" id=\"Exemples_chiffres_ce_que_recupere_reellement_un_parent\"><\/span><strong>Exemples chiffr\u00e9s : ce que r\u00e9cup\u00e8re r\u00e9ellement un parent<\/strong><span class=\"ez-toc-section-end\"><\/span><\/h3>\n<p><strong><u>Cas 1 : d\u00e9penses nettes sous le plafond<\/u><\/strong><\/p>\n<p><strong>Situation<\/strong> : un couple mari\u00e9 avec un enfant de 3 ans gard\u00e9 par une assistante maternelle agr\u00e9\u00e9e.<\/p>\n<p><strong>D\u00e9penses annuelles de frais de garde <\/strong>(salaire net + cotisations) : 4 200 euros.<\/p>\n<p><strong>Aides per\u00e7ues<\/strong> : le foyer per\u00e7oit 180 euros par mois de CMG de la CAF.<\/p>\n<p>Le calcul est le suivant\u00a0:<\/p>\n<p>CMG annuel \u00e0 d\u00e9duire : 180 \u00d7 12 = 2 160 euros<\/p>\n<p>Montant net \u00e0 d\u00e9clarer : 4 200 euros &#8211; 2 160 euros = 2 040 euros (soit un montant inf\u00e9rieur au plafond de 3 500 euros)<\/p>\n<p>Cr\u00e9dit d\u2019imp\u00f4t : 2 040 euros \u00d7 50% = 1 020 euros<\/p>\n<p>Le montant \u00e0 reporter dans la d\u00e9claration 2026 est de 2 040 euros. L\u2019administration calcule automatiquement le cr\u00e9dit d\u2019imp\u00f4t \u00e0 50%, soit 1 020 euros qui viennent r\u00e9duire l\u2019imp\u00f4t d\u00fb.<\/p>\n<p><strong><u>Cas 2 : d\u00e9penses nettes au-dessus du plafond<\/u> : <\/strong><\/p>\n<p><strong>Situation<\/strong> : un parent seul avec un enfant de 4 ans en garde principale dans une cr\u00e8che.<br \/>\n<strong>D\u00e9penses annuelles totales <\/strong>(salaire net + cotisations) : 5 200 euros.<br \/>\n<strong>Aides per\u00e7ues<\/strong> : le parent per\u00e7oit 100 euros par mois de CMG de la CAF.<\/p>\n<p>D\u00e9tail du calcul :<\/p>\n<p>CMG annuel \u00e0 d\u00e9duire : 100 \u00d7 12 = 1 200 euros<\/p>\n<p>Montant net \u00e0 d\u00e9clarer : 5 200 euros &#8211; 1 200 = 4 000 euros (soit un montant sup\u00e9rieur au plafond de 3 500 euros)<\/p>\n<p>D\u00e9penses retenues pour le calcul : 3 500 euros<\/p>\n<p>Cr\u00e9dit d\u2019imp\u00f4t : 1 750 euros (soit 50% de 3 500 euros)<\/p>\n<p>Les 500 euros de d\u00e9penses au-del\u00e0 du plafond (4 000 &#8211; 3\u00a0500 euros) ne g\u00e9n\u00e8rent aucun avantage fiscal suppl\u00e9mentaire. En cons\u00e9quence, 1 750 euros est le cr\u00e9dit d\u2019imp\u00f4t maximum que le parent peut obtenir.<\/p>\n<h2><span class=\"ez-toc-section\" id=\"Frais_de_garde_2025_et_impot_2026_quelle_case_dans_la_declaration\"><\/span><strong>Frais de garde 2025 et imp\u00f4t 2026 : quelle case dans la d\u00e9claration<\/strong><span class=\"ez-toc-section-end\"><\/span><\/h2>\n<p>Les frais de garde d\u2019enfant se d\u00e9clarent sur le formulaire 2042-RICI (r\u00e9ductions et cr\u00e9dits d\u2019imp\u00f4t), \u00e0 joindre \u00e0 la d\u00e9claration de revenus principale.<\/p>\n<p>Ce formulaire couvre deux situations distinctes :<\/p>\n<ul>\n<li>la garde hors domicile (cr\u00e8che, assistante maternelle agr\u00e9\u00e9e, garderie p\u00e9riscolaire\u2026), relevant du cr\u00e9dit d\u2019imp\u00f4t pr\u00e9vu \u00e0 l\u2019article 200 quater B du CGI ;<\/li>\n<li>la garde \u00e0 domicile (nounou \u00e0 la maison, baby-sitter\u2026), relevant du cr\u00e9dit d\u2019imp\u00f4t pour emploi d\u2019un salari\u00e9 \u00e0 domicile pr\u00e9vu \u00e0 l\u2019article 199 sexdecies du CGI.<br \/>\nLes cases \u00e0 renseigner diff\u00e8rent selon le cas.<\/li>\n<\/ul>\n<h3><span class=\"ez-toc-section\" id=\"Les_cases_a_remplir_pour_la_garde_principale\"><\/span><strong>Les cases \u00e0 remplir pour la garde principale<\/strong><span class=\"ez-toc-section-end\"><\/span><\/h3>\n<p>Lorsque l\u2019enfant est b\u00e9b\u00e9, gard\u00e9 en cr\u00e8che, en halte-garderie ou chez une assistante maternelle agr\u00e9\u00e9e, ou qu\u2019il est accueilli en garderie p\u00e9riscolaire le matin et\/ou le soir quand il est scolaris\u00e9 \u00e0 l\u2019\u00e9cole maternelle, il faut se rendre dans la rubrique \u00ab Frais de garde des enfants de moins de 6 ans au 1<sup>er<\/sup> janvier 2025 \u00bb.<\/p>\n<p>Pour les enfants \u00e0 charge, il faut renseigner les d\u00e9penses pour chaque enfant, de la fa\u00e7on suivante :<\/p>\n<ul>\n<li><strong>case 7GA<\/strong>\u00a0: d\u00e9penses pour le 1<sup>er<\/sup> enfant \u00e0 charge<\/li>\n<li><strong>case 7GB<\/strong>\u00a0: 2<sup>\u00e8me<\/sup> enfant \u00e0 charge<\/li>\n<li><strong>case 7GC<\/strong>\u00a0: 3<sup>\u00e8me<\/sup> enfant \u00e0 charge<\/li>\n<li><strong>case 7GD<\/strong>\u00a0: 4<sup>\u00e8me<\/sup> enfant \u00e0 charge<\/li>\n<\/ul>\n<p>La somme d\u00e9clar\u00e9e est prise en compte dans la limite de 3 500 euros par enfant \u00e0 charge et par an.<\/p>\n<p>En plus de la case \u00e0 remplir, le fisc demande d\u2019indiquer dans un cadre pr\u00e9vu \u00e0 cet effet l\u2019identit\u00e9 et l\u2019adresse du ou des b\u00e9n\u00e9ficiaires du paiement (assistante maternelle, cr\u00e8che\u2026), ainsi que les sommes correspondantes.<\/p>\n<p>IMPORTANT\u00a0: les grands-parents qui financent les frais de garde du ou des jeunes enfants de leur enfant majeur faisant l\u2019objet d\u2019un rattachement au foyer fiscal peuvent b\u00e9n\u00e9ficier du cr\u00e9dit d\u2019imp\u00f4t au titre des frais de garde (source : BOFiP &#8211; BOI-IR-RICI-300 \u00a720). Ils doivent d\u00e9clarer les d\u00e9penses comme si le jeune parent les assumait seul.<\/p>\n<h3><span class=\"ez-toc-section\" id=\"Les_cases_a_remplir_en_cas_de_garde_alternee\"><\/span><strong>Les cases \u00e0 remplir en cas de garde altern\u00e9e<\/strong><span class=\"ez-toc-section-end\"><\/span><\/h3>\n<p>Lorsque la charge de l\u2019enfant de moins de 6 ans est partag\u00e9e \u00e0 \u00e9galit\u00e9 entre les deux parents (garde altern\u00e9e ou r\u00e9sidence altern\u00e9e), chaque parent d\u00e9clare sa part des d\u00e9penses dans les cases suivantes :<\/p>\n<ul>\n<li><strong>case 7GE<\/strong>\u00a0: d\u00e9penses pour le 1<sup>er<\/sup> enfant en r\u00e9sidence altern\u00e9e<\/li>\n<li><strong>case 7GF<\/strong>\u00a0: 2<sup>\u00e8me<\/sup> enfant en r\u00e9sidence altern\u00e9e<\/li>\n<li><strong>case 7GG<\/strong>\u00a0: 3<sup>\u00e8me<\/sup> enfant en r\u00e9sidence altern\u00e9e<\/li>\n<li><strong>case 7GM<\/strong>\u00a0: 4<sup>\u00e8me<\/sup> enfant en r\u00e9sidence altern\u00e9e<\/li>\n<\/ul>\n<p>La d\u00e9claration des d\u00e9penses s\u2019effectue enfant par enfant.<\/p>\n<p>Dans ce cas de figure, le plafond est r\u00e9duit de moiti\u00e9 : 1 750 euros de d\u00e9penses par parent, soit un cr\u00e9dit d\u2019imp\u00f4t maximum de 875 euros.<\/p>\n<h3><span class=\"ez-toc-section\" id=\"Ou_trouver_le_bon_formulaire\"><\/span><strong>O\u00f9 trouver le bon formulaire ?<\/strong><span class=\"ez-toc-section-end\"><\/span><\/h3>\n<p>Lors de la d\u00e9claration en ligne des revenus per\u00e7us en 2025 (sur le site impots.gouv.fr), le formulaire 2042-RICI s\u2019affiche automatiquement \u00e0 l\u2019\u00e9tape 3 du parcours d\u00e9claratif, d\u00e8s lors que la rubrique \u00ab R\u00e9ductions et cr\u00e9dits d\u2019imp\u00f4t \u00bb est coch\u00e9e. Les cases 7GA \u00e0 7GG apparaissent dans la section \u00ab Frais de garde des enfants de moins de 6 ans \u00bb.<\/p>\n<p>Si la d\u00e9claration 2026 se fait en version papier, le 2042-RICI n\u2019est pas automatiquement joint au formulaire 2042 pr\u00e9-rempli envoy\u00e9 par courrier. Le formulaire annexe doit \u00eatre t\u00e9l\u00e9charg\u00e9 s\u00e9par\u00e9ment sur impots.gouv.fr, imprim\u00e9, rempli \u00e0 la main et joint \u00e0 la d\u00e9claration principale avant envoi par courrier au centre des finances publiques. Le 2042-RICI est \u00e9galement disponible \u00e0 retirer directement au guichet d\u2019un centre des finances publiques.<\/p>\n<h3><span class=\"ez-toc-section\" id=\"Comment_verifier_les_donnees_pre-remplies_via_Pajemploi\"><\/span><strong>Comment v\u00e9rifier les donn\u00e9es pr\u00e9-remplies via Pajemploi<\/strong><span class=\"ez-toc-section-end\"><\/span><\/h3>\n<p>Pour les particuliers-employeurs utilisateurs du service Pajemploi de l\u2019Urssaf pour l\u2019\u00e9tablissement des fiches de paie, les montants vers\u00e9s en 2025 sont automatiquement pr\u00e9-remplis dans la d\u00e9claration en ligne. Il suffit de v\u00e9rifier que le montant affich\u00e9 correspond bien aux sommes \u00e9ligibles (donc hors repas et apr\u00e8s d\u00e9duction des aides). En cas d\u2019\u00e9cart, c\u2019est le montant de l\u2019attestation fiscale qui fait foi. La valeur pr\u00e9-remplie peut \u00eatre corrig\u00e9e directement dans le parcours en ligne.<\/p>\n<p>En cas de contr\u00f4le, l\u2019administration peut demander l\u2019attestation fiscale Pajemploi ou les justificatifs de l\u2019\u00e9tablissement de garde.<\/p>\n<h3><span class=\"ez-toc-section\" id=\"Apres_un_divorce_quels_frais_de_garde_declarer_en_garde_partagee\"><\/span><strong>Apr\u00e8s un divorce, quels frais de garde d\u00e9clarer en garde partag\u00e9e ?<\/strong><span class=\"ez-toc-section-end\"><\/span><\/h3>\n<p>En cas de s\u00e9paration ou de divorce, la r\u00e8gle d\u00e9pend de la r\u00e9partition de la charge de l\u2019enfant :<\/p>\n<ul>\n<li>si l\u2019enfant est \u00e0 charge exclusive : le parent d\u00e9clare l\u2019int\u00e9gralit\u00e9 des frais de garde (cases 7GA\/7GB\/7GC), dans la limite de 3 500 euros ;<\/li>\n<li>si l\u2019enfant est en r\u00e9sidence altern\u00e9e (charge partag\u00e9e \u00e0 \u00e9galit\u00e9) : chaque parent d\u00e9clare sa part dans les cases 7GE\/7GF\/7GG, et le plafond est r\u00e9duit \u00e0 1 750 euros par parent ;<\/li>\n<li>si un seul parent assume la totalit\u00e9 des frais de garde d\u2019un enfant en r\u00e9sidence altern\u00e9e : il peut d\u00e9clarer l\u2019int\u00e9gralit\u00e9 des d\u00e9penses les cases 7GE, 7GF ou 7GG, mais dans la limite du plafond r\u00e9duit (1 750 euros).<\/li>\n<\/ul>\n<h3><span class=\"ez-toc-section\" id=\"Frais_de_garde_en_cas_de_concubinage\"><\/span><strong>Frais de garde en cas de concubinage<\/strong><span class=\"ez-toc-section-end\"><\/span><\/h3>\n<p>Si les parents vivent en concubinage (deux d\u00e9clarations de revenus s\u00e9par\u00e9es sont alors \u00e9tablies), seul le parent qui compte son enfant de moins de 6 ans \u00e0 charge peut b\u00e9n\u00e9ficier du cr\u00e9dit d\u2019imp\u00f4t, en veillant \u00e0 ce que les factures soient bien \u00e0 son nom pour produire un justificatif de d\u00e9penses en cas de demande de l\u2019administration.<\/p>\n<p>Si les deux parents assument financi\u00e8rement \u00e0 part \u00e9gales leur enfant, le montant du cr\u00e9dit d\u2019imp\u00f4t est diminu\u00e9 de moiti\u00e9 pour chacun des parents. La d\u00e9claration s\u2019effectue alors comme en r\u00e9sidence altern\u00e9e, dans les cases 7GE, 7GF ou 7GG, avec un plafond r\u00e9duit \u00e0 1 750 euros par parent.<\/p>\n<h2><span class=\"ez-toc-section\" id=\"Une_nouvelle_procedure_de_controle_a_la_source\"><\/span><strong>Une nouvelle proc\u00e9dure de contr\u00f4le \u00e0 la source<\/strong><span class=\"ez-toc-section-end\"><\/span><\/h2>\n<p>Depuis la d\u00e9claration 2025 sur les revenus 2024, l\u2019administration dispose d\u2019une proc\u00e9dure de contr\u00f4le renforc\u00e9e \u00e0 la source, codifi\u00e9e \u00e0 l&rsquo;article <a href=\"https:\/\/www.legifrance.gouv.fr\/codes\/article_lc\/LEGIARTI000051181876\"><u>L. 16 AA du Livre des proc\u00e9dures fiscales<\/u><\/a>.\u00a0Comme le rappelle le dossier de presse de la Direction g\u00e9n\u00e9rale des Finances publiques (DGFiP) pour la campagne 2026, cette proc\u00e9dure permet \u00ab la d\u00e9tection pr\u00e9coce d\u2019indices permettant de ne pas tenir compte, en cas de doute s\u00e9rieux, de d\u00e9penses d\u00e9clar\u00e9es pour b\u00e9n\u00e9ficier ind\u00fbment d\u2019un cr\u00e9dit d\u2019imp\u00f4t \u00bb (\u00e9ditorial de David Amiel, ministre de l\u2019Action et des Comptes publics, dossier de presse 2026).<\/p>\n<p>Les agents peuvent d\u00e9sormais, dans le cadre du parcours d\u00e9claratif en ligne, demander au contribuable des justificatifs sous 30 jours, en cas de d\u00e9claration d\u2019un montant de d\u00e9penses important ou en forte hausse par rapport \u00e0 l\u2019ann\u00e9e pr\u00e9c\u00e9dente. Si l\u2019administration les consid\u00e8re comme non valables, le cr\u00e9dit d\u2019imp\u00f4t ne sera pas octroy\u00e9.<\/p>\n<p>Cette proc\u00e9dure de contr\u00f4le \u00e0 la source vise \u00e0 lutter contre les tentatives de fraude, s\u2019appuyant notamment sur de fausses factures de d\u00e9penses de services \u00e0 la personne.<\/p>\n<p>En dehors de cette proc\u00e9dure sp\u00e9cifique, aucun justificatif n\u2019est \u00e0 joindre \u00e0 l\u2019administration. Il faut simplement conserver ses factures ou feuilles de paie pour les mettre \u00e0 disposition des agents en cas de demande pour v\u00e9rification.<\/p>\n<h2><span class=\"ez-toc-section\" id=\"Frais_de_garde_et_impots_les_erreurs_frequentes_a_eviter\"><\/span><strong>Frais de garde et imp\u00f4ts : les erreurs fr\u00e9quentes \u00e0 \u00e9viter<\/strong><span class=\"ez-toc-section-end\"><\/span><\/h2>\n<p>Quelques erreurs reviennent chaque ann\u00e9e et peuvent conduire \u00e0 un cr\u00e9dit d\u2019imp\u00f4t sous-estim\u00e9, voire \u00e0 une demande de remboursement de la part de l\u2019administration.<\/p>\n<p>Parmi les plus fr\u00e9quentes, citons\u00a0:<\/p>\n<ul>\n<li><strong>ne pas d\u00e9duire les aides avant de d\u00e9clarer.<\/strong> Le CMG et les aides de l\u2019employeur doivent \u00eatre soustraits du montant brut des d\u00e9penses avant de renseigner les cases. D\u00e9clarer le montant brut fausse le calcul du cr\u00e9dit d\u2019imp\u00f4t\u00a0;<\/li>\n<li><strong>oublier les cotisations sociales pour une assistante maternelle.<\/strong> La somme \u00e0 d\u00e9clarer inclut le salaire net et <strong>les cotisations sociales<\/strong> acquitt\u00e9es. Le total figure sur l\u2019attestation Pajemploi\u00a0;<\/li>\n<li><strong>inclure les frais de nourriture.<\/strong> Les frais de repas et de go\u00fbters, qu\u2019ils soient factur\u00e9s par une cr\u00e8che ou une assistante maternelle, n\u2019entrent jamais dans le calcul. Seuls les frais directement li\u00e9s \u00e0 la garde sont \u00e9ligibles\u00a0;<\/li>\n<li><strong>confondre les cases en garde altern\u00e9e.<\/strong> Utiliser les cases 7GA\/7GB au lieu des cases 7GE\/7GF entra\u00eene l\u2019application du mauvais plafond (3 500 euros au lieu de 1 750 euros). L\u2019administration peut rectifier ou r\u00e9clamer un remboursement\u00a0;<\/li>\n<li><strong>ne pas conserver les justificatifs.<\/strong> Aucun document n\u2019est \u00e0 joindre \u00e0 la d\u00e9claration, mais les factures et les bulletins de salaire doivent \u00eatre conserv\u00e9s trois ans minimum. En cas de contr\u00f4le, l\u2019administration peut les r\u00e9clamer\u00a0;<\/li>\n<li><strong>d\u00e9clarer des d\u00e9penses r\u00e9gl\u00e9es l\u2019ann\u00e9e suivante.<\/strong> Une facture de d\u00e9cembre 2025 pay\u00e9e en janvier 2026 ne peut pas figurer dans la d\u00e9claration 2026. Elle sera prise en compte dans la d\u00e9claration 2027.<\/li>\n<\/ul>\n<h2><span class=\"ez-toc-section\" id=\"Quand_et_comment_le_credit_dimpot_est-il_verse\"><\/span><strong>Quand et comment le cr\u00e9dit d\u2019imp\u00f4t est-il vers\u00e9 ?<\/strong><span class=\"ez-toc-section-end\"><\/span><\/h2>\n<p>Depuis la mise en place du pr\u00e9l\u00e8vement \u00e0 la source, le cr\u00e9dit d\u2019imp\u00f4t est vers\u00e9 en deux temps\u00a0:<\/p>\n<ul>\n<li>un acompte de 60% est vers\u00e9 en janvier, calcul\u00e9 sur le cr\u00e9dit d\u2019imp\u00f4t obtenu l\u2019ann\u00e9e pr\u00e9c\u00e9dente (en janvier 2026, l\u2019acompte vers\u00e9 \u00e9tait calcul\u00e9 sur la base des d\u00e9penses d\u00e9clar\u00e9es au printemps 2025 au titre des revenus 2024) ;<\/li>\n<li>le solde est ensuite vers\u00e9 \u00e0 l\u2019\u00e9t\u00e9, apr\u00e8s traitement de la d\u00e9claration et en fonction des d\u00e9penses r\u00e9ellement d\u00e9clar\u00e9es (\u00e0 l\u2019\u00e9t\u00e9 2026, pour cette ann\u00e9e).<\/li>\n<\/ul>\n<p>Si l\u2019acompte de janvier \u00e9tait trop \u00e9lev\u00e9, le trop-per\u00e7u est repris en septembre.<\/p>\n<p>Pour les d\u00e9penses 2025 d\u00e9clar\u00e9es en 2026, l\u2019avance de 60 % de janvier 2026 a \u00e9t\u00e9 calcul\u00e9e sur la base de la d\u00e9claration d\u00e9pos\u00e9e au printemps 2025.<\/p>\n<p>En cas de premi\u00e8re demande de ce cr\u00e9dit d\u2019imp\u00f4t, il n\u2019y a pas d\u2019avance : la totalit\u00e9 est vers\u00e9e \u00e0 l\u2019\u00e9t\u00e9. Par exemple, si des frais de garde d\u2019enfant sont engag\u00e9s pour la premi\u00e8re fois en 2025 (aucune d\u00e9claration de tels frais r\u00e9alis\u00e9s en 2024), aucun acompte n\u2019a \u00e9t\u00e9 vers\u00e9 en janvier 2026 : le cr\u00e9dit d\u2019imp\u00f4t sera int\u00e9gralement rembours\u00e9 \u00e0 l\u2019\u00e9t\u00e9 2026.<\/p>\n<p>Le cr\u00e9dit d\u2019imp\u00f4t est vers\u00e9 par virement bancaire ou, \u00e0 d\u00e9faut de coordonn\u00e9es bancaires enregistr\u00e9es aupr\u00e8s du fisc, par ch\u00e8que.<\/p>\n<h2><span class=\"ez-toc-section\" id=\"FAQ_declaration_de_frais_de_garde_denfants\"><\/span><strong>FAQ d\u00e9claration de frais de garde d\u2019enfants<\/strong><span class=\"ez-toc-section-end\"><\/span><\/h2>\n<h3><strong>Peut-on d\u00e9clarer une nounou et une cr\u00e8che la m\u00eame ann\u00e9e ?<\/strong><\/h3>\n<p>Oui, mais il faut distinguer les situations.<\/p>\n<ul>\n<li>Si les deux modes de garde sont \u00e0 l\u2019ext\u00e9rieur du domicile et concernent le m\u00eame enfant, on additionne les d\u00e9penses nettes dans la case correspondant \u00e0 cet enfant (7GA pour le premier enfant \u00e0 charge, 7GB pour le deuxi\u00e8me, etc.), dans la limite du plafond annuel de 3 500 euros par enfant ;<\/li>\n<li>Si l\u2019un des modes de garde est une garde \u00e0 domicile, les deux cr\u00e9dits d\u2019imp\u00f4t sont cumulables : les frais de garde hors domicile (cr\u00e8che, assistante maternelle\u2026) se d\u00e9clarent cases 7GA\/7GB, et les frais de garde \u00e0 domicile case 7DB (section \u00ab Emploi \u00e0 domicile \u00bb), avec un plafond distinct.<\/li>\n<\/ul>\n<p>Dans les deux cas, une m\u00eame d\u00e9pense ne peut pas \u00eatre compt\u00e9e deux fois.<\/p>\n<h3><strong>Peut-on d\u00e9clarer les frais de garde apr\u00e8s 6 ans ?<\/strong><\/h3>\n<p>Pour le cr\u00e9dit d\u2019imp\u00f4t des frais de garde \u00e0 l\u2019ext\u00e9rieur du domicile, non : l\u2019enfant doit avoir moins de 6 ans au 1<sup>er<\/sup> janvier 2025 pour la d\u00e9claration 2026.<\/p>\n<p>Pass\u00e9 cet \u00e2ge, la seule option est le cr\u00e9dit d\u2019imp\u00f4t pour emploi d\u2019un salari\u00e9 \u00e0 domicile (article 199 sexdecies du CGI), qui concerne uniquement les frais de garde au domicile des parents, d\u00e9clar\u00e9s case 7DB.<\/p>\n<h3><strong>Les frais de cantine ou de repas sont-ils pris en compte ?<\/strong><\/h3>\n<p>Non. Les frais de nourriture sont exclus du calcul du cr\u00e9dit d\u2019imp\u00f4t, qu\u2019ils soient factur\u00e9s par une cr\u00e8che, une assistante maternelle ou tout autre mode de garde. Les frais de cantine scolaire ne b\u00e9n\u00e9ficient d\u2019aucun avantage fiscal, quel que soit l\u2019\u00e2ge de l\u2019enfant et le type d\u2019\u00e9tablissement (\u00e9cole maternelle, \u00e9l\u00e9mentaire, publique ou priv\u00e9e).<\/p>\n<p>Lorsque l\u2019enfant est scolaris\u00e9, seuls les frais de garderie p\u00e9riscolaire, de garderie post-scolaire et de centre de loisirs ouvrent droit au cr\u00e9dit d\u2019imp\u00f4t.<\/p>\n<h3><strong>Mon enfant est gard\u00e9 \u00e0 la fois chez une assistante maternelle et en garderie p\u00e9riscolaire : comment je d\u00e9clare ?<\/strong><\/h3>\n<p>Ces deux modes de garde sont \u00e9ligibles au m\u00eame cr\u00e9dit d\u2019imp\u00f4t (article 200 quater B du CGI) d\u00e8s lors qu\u2019ils sont exerc\u00e9s hors du domicile. Les d\u00e9penses nettes des deux (apr\u00e8s d\u00e9duction des aides) sont \u00e0 additionner et \u00e0 reporter dans la case correspondant au rang de l\u2019enfant (7GA pour le premier enfant \u00e0 charge, 7GB pour le deuxi\u00e8me, etc.), dans la limite de 3 500 euros par enfant, ou 1 750 euros en r\u00e9sidence altern\u00e9e.<\/p>\n<p>La d\u00e9claration en ligne demande d\u2019indiquer l\u2019identit\u00e9 et l\u2019adresse de chaque prestataire s\u00e9par\u00e9ment, ainsi que les sommes vers\u00e9es \u00e0 chacun.<\/p>\n<h3><strong>Peut-on b\u00e9n\u00e9ficier du cr\u00e9dit d\u2019imp\u00f4t si l\u2019on n\u2019est pas imposable ?<\/strong><\/h3>\n<p>Oui. C\u2019est tout l\u2019int\u00e9r\u00eat d\u2019un cr\u00e9dit d\u2019imp\u00f4t par rapport \u00e0 une r\u00e9duction d\u2019imp\u00f4t, qui ne profite qu\u2019aux foyers imposables. Le cr\u00e9dit d\u2019imp\u00f4t b\u00e9n\u00e9ficie \u00e0 tous, que l\u2019on soit imposable ou non. S\u2019il d\u00e9passe l\u2019imp\u00f4t d\u00fb &#8211; ou si le foyer n\u2019est pas imposable -, l\u2019administration fiscale rembourse la somme correspondante par virement bancaire, ou par ch\u00e8que si les coordonn\u00e9es bancaires ne sont pas enregistr\u00e9es, sous r\u00e9serve que le montant atteigne le seuil minimal de remboursement.<\/p>\n","protected":false},"excerpt":{"rendered":"<p>Frais de garde : un cr\u00e9dit d\u2019imp\u00f4t, pas une d\u00e9duction Les frais de garde des jeunes enfants ne viennent pas en d\u00e9duction des revenus imposables. L\u2019avantage fiscal prend la forme d\u2019un cr\u00e9dit d\u2019imp\u00f4t. Le montant calcul\u00e9 est directement d\u00e9duit de l\u2019imp\u00f4t d\u00fb. Et si le cr\u00e9dit d\u00e9passe l\u2019imp\u00f4t, ou si le foyer n\u2019est pas imposable,&#8230;<\/p>\n","protected":false},"author":13709,"featured_media":72110,"comment_status":"closed","ping_status":"closed","sticky":false,"template":"","format":"standard","meta":{"footnotes":""},"categories":[8],"tags":[],"class_list":["post-72672","post","type-post","status-publish","format-standard","has-post-thumbnail","hentry","category-declaration"],"acf":[],"yoast_head":"<!-- This site is optimized with the Yoast SEO plugin v24.9 - https:\/\/yoast.com\/wordpress\/plugins\/seo\/ -->\n<title>Imp\u00f4ts 2026 : comment d\u00e9clarer les frais de garde d\u2019enfants<\/title>\n<meta name=\"description\" content=\"Frais de garde : un cr\u00e9dit d\u2019imp\u00f4t, pas une d\u00e9duction Les frais de garde des jeunes enfants ne viennent pas en d\u00e9duction des revenus imposables.\" \/>\n<meta name=\"robots\" content=\"index, follow, max-snippet:-1, max-image-preview:large, max-video-preview:-1\" \/>\n<link rel=\"canonical\" href=\"https:\/\/www.toutsurmesfinances.com\/impots\/impots-comment-declarer-les-frais-de-garde-denfants.html\" \/>\n<meta property=\"og:locale\" content=\"fr_FR\" \/>\n<meta property=\"og:type\" content=\"article\" \/>\n<meta property=\"og:title\" content=\"Imp\u00f4ts 2026 : comment d\u00e9clarer les frais de garde d\u2019enfants\" \/>\n<meta property=\"og:description\" content=\"Frais de garde : un cr\u00e9dit d\u2019imp\u00f4t, pas une d\u00e9duction Les frais de garde des jeunes enfants ne viennent pas en d\u00e9duction des revenus imposables.\" \/>\n<meta property=\"og:url\" content=\"https:\/\/www.toutsurmesfinances.com\/impots\/impots-comment-declarer-les-frais-de-garde-denfants.html\" \/>\n<meta property=\"og:site_name\" content=\"Imp\u00f4ts\" \/>\n<meta property=\"article:published_time\" content=\"2026-04-29T14:44:09+00:00\" \/>\n<meta property=\"article:modified_time\" content=\"2026-04-29T15:20:49+00:00\" \/>\n<meta property=\"og:image\" content=\"https:\/\/www.toutsurmesfinances.com\/impots\/wp-content\/uploads\/sites\/6\/2025\/04\/image-impots-impots-sur-le-revenu.jpg\" \/>\n\t<meta property=\"og:image:width\" content=\"600\" \/>\n\t<meta property=\"og:image:height\" content=\"400\" \/>\n\t<meta property=\"og:image:type\" content=\"image\/jpeg\" \/>\n<meta name=\"author\" content=\"Olivier Brunet\" \/>\n<meta name=\"twitter:card\" content=\"summary_large_image\" \/>\n<meta name=\"twitter:creator\" content=\"@Toutsur\" \/>\n<meta name=\"twitter:site\" content=\"@Toutsur\" \/>\n<meta name=\"twitter:label1\" content=\"\u00c9crit par\" \/>\n\t<meta name=\"twitter:data1\" content=\"Olivier Brunet\" \/>\n\t<meta name=\"twitter:label2\" content=\"Dur\u00e9e de lecture estim\u00e9e\" \/>\n\t<meta name=\"twitter:data2\" content=\"21 minutes\" \/>\n<script type=\"application\/ld+json\" class=\"yoast-schema-graph\">{\"@context\":\"https:\/\/schema.org\",\"@graph\":[{\"@type\":\"Article\",\"@id\":\"https:\/\/www.toutsurmesfinances.com\/impots\/impots-comment-declarer-les-frais-de-garde-denfants.html#article\",\"isPartOf\":{\"@id\":\"https:\/\/www.toutsurmesfinances.com\/impots\/impots-comment-declarer-les-frais-de-garde-denfants.html\"},\"author\":{\"name\":\"Olivier Brunet\",\"@id\":\"https:\/\/www.toutsurmesfinances.com\/impots\/#\/schema\/person\/f3692b3163890cd1408bd0dc68a1b55a\"},\"headline\":\"Imp\u00f4ts 2026 : comment d\u00e9clarer les frais de garde d\u2019enfants\",\"dateModified\":\"2026-04-29T15:20:49+00:00\",\"mainEntityOfPage\":{\"@id\":\"https:\/\/www.toutsurmesfinances.com\/impots\/impots-comment-declarer-les-frais-de-garde-denfants.html\"},\"wordCount\":4413,\"publisher\":{\"@id\":\"https:\/\/www.toutsurmesfinances.com\/impots\/#organization\"},\"image\":{\"@id\":\"https:\/\/www.toutsurmesfinances.com\/impots\/impots-comment-declarer-les-frais-de-garde-denfants.html#primaryimage\"},\"thumbnailUrl\":\"https:\/\/www.toutsurmesfinances.com\/impots\/wp-content\/uploads\/sites\/6\/2025\/04\/image-impots-impots-sur-le-revenu.jpg\",\"articleSection\":[\"D\u00e9claration\"],\"inLanguage\":\"fr-FR\"},{\"@type\":\"WebPage\",\"@id\":\"https:\/\/www.toutsurmesfinances.com\/impots\/impots-comment-declarer-les-frais-de-garde-denfants.html\",\"url\":\"https:\/\/www.toutsurmesfinances.com\/impots\/impots-comment-declarer-les-frais-de-garde-denfants.html\",\"name\":\"Imp\u00f4ts 2026 : comment d\u00e9clarer les frais de garde d\u2019enfants\",\"isPartOf\":{\"@id\":\"https:\/\/www.toutsurmesfinances.com\/impots\/#website\"},\"primaryImageOfPage\":{\"@id\":\"https:\/\/www.toutsurmesfinances.com\/impots\/impots-comment-declarer-les-frais-de-garde-denfants.html#primaryimage\"},\"image\":{\"@id\":\"https:\/\/www.toutsurmesfinances.com\/impots\/impots-comment-declarer-les-frais-de-garde-denfants.html#primaryimage\"},\"thumbnailUrl\":\"https:\/\/www.toutsurmesfinances.com\/impots\/wp-content\/uploads\/sites\/6\/2025\/04\/image-impots-impots-sur-le-revenu.jpg\",\"dateModified\":\"2026-04-29T15:20:49+00:00\",\"description\":\"Frais de garde : un cr\u00e9dit d\u2019imp\u00f4t, pas une d\u00e9duction Les frais de garde des jeunes enfants ne viennent pas en d\u00e9duction des revenus imposables.\",\"breadcrumb\":{\"@id\":\"https:\/\/www.toutsurmesfinances.com\/impots\/impots-comment-declarer-les-frais-de-garde-denfants.html#breadcrumb\"},\"inLanguage\":\"fr-FR\",\"potentialAction\":[{\"@type\":\"ReadAction\",\"target\":[\"https:\/\/www.toutsurmesfinances.com\/impots\/impots-comment-declarer-les-frais-de-garde-denfants.html\"]}]},{\"@type\":\"ImageObject\",\"inLanguage\":\"fr-FR\",\"@id\":\"https:\/\/www.toutsurmesfinances.com\/impots\/impots-comment-declarer-les-frais-de-garde-denfants.html#primaryimage\",\"url\":\"https:\/\/www.toutsurmesfinances.com\/impots\/wp-content\/uploads\/sites\/6\/2025\/04\/image-impots-impots-sur-le-revenu.jpg\",\"contentUrl\":\"https:\/\/www.toutsurmesfinances.com\/impots\/wp-content\/uploads\/sites\/6\/2025\/04\/image-impots-impots-sur-le-revenu.jpg\",\"width\":600,\"height\":400},{\"@type\":\"BreadcrumbList\",\"@id\":\"https:\/\/www.toutsurmesfinances.com\/impots\/impots-comment-declarer-les-frais-de-garde-denfants.html#breadcrumb\",\"itemListElement\":[{\"@type\":\"ListItem\",\"position\":1,\"name\":\"Accueil\",\"item\":\"https:\/\/www.toutsurmesfinances.com\/impots\/\"},{\"@type\":\"ListItem\",\"position\":2,\"name\":\"Imp\u00f4t sur le revenu\",\"item\":\"https:\/\/www.toutsurmesfinances.com\/impots\/c\/impot-sur-le-revenu\"},{\"@type\":\"ListItem\",\"position\":3,\"name\":\"D\u00e9claration\",\"item\":\"https:\/\/www.toutsurmesfinances.com\/impots\/c\/declaration\"},{\"@type\":\"ListItem\",\"position\":4,\"name\":\"Imp\u00f4ts 2026 : comment d\u00e9clarer les frais de garde d\u2019enfants\"}]},{\"@type\":\"WebSite\",\"@id\":\"https:\/\/www.toutsurmesfinances.com\/impots\/#website\",\"url\":\"https:\/\/www.toutsurmesfinances.com\/impots\/\",\"name\":\"Imp\u00f4ts\",\"description\":\"\",\"publisher\":{\"@id\":\"https:\/\/www.toutsurmesfinances.com\/impots\/#organization\"},\"potentialAction\":[{\"@type\":\"SearchAction\",\"target\":{\"@type\":\"EntryPoint\",\"urlTemplate\":\"https:\/\/www.toutsurmesfinances.com\/impots\/?s={search_term_string}\"},\"query-input\":{\"@type\":\"PropertyValueSpecification\",\"valueRequired\":true,\"valueName\":\"search_term_string\"}}],\"inLanguage\":\"fr-FR\"},{\"@type\":\"Organization\",\"@id\":\"https:\/\/www.toutsurmesfinances.com\/impots\/#organization\",\"name\":\"Tout Sur Mes Finances\",\"url\":\"https:\/\/www.toutsurmesfinances.com\/impots\/\",\"logo\":{\"@type\":\"ImageObject\",\"inLanguage\":\"fr-FR\",\"@id\":\"https:\/\/www.toutsurmesfinances.com\/impots\/#\/schema\/logo\/image\/\",\"url\":\"https:\/\/www.toutsurmesfinances.com\/impots\/wp-content\/uploads\/sites\/6\/2021\/01\/favicon.png\",\"contentUrl\":\"https:\/\/www.toutsurmesfinances.com\/impots\/wp-content\/uploads\/sites\/6\/2021\/01\/favicon.png\",\"width\":512,\"height\":512,\"caption\":\"Tout Sur Mes Finances\"},\"image\":{\"@id\":\"https:\/\/www.toutsurmesfinances.com\/impots\/#\/schema\/logo\/image\/\"},\"sameAs\":[\"https:\/\/x.com\/Toutsur\"]},{\"@type\":\"Person\",\"@id\":\"https:\/\/www.toutsurmesfinances.com\/impots\/#\/schema\/person\/f3692b3163890cd1408bd0dc68a1b55a\",\"name\":\"Olivier Brunet\",\"image\":{\"@type\":\"ImageObject\",\"inLanguage\":\"fr-FR\",\"@id\":\"https:\/\/www.toutsurmesfinances.com\/impots\/#\/schema\/person\/image\/\",\"url\":\"https:\/\/secure.gravatar.com\/avatar\/59a19214b7bb3163a27d873fa61f9a80?s=96&d=mm&r=g\",\"contentUrl\":\"https:\/\/secure.gravatar.com\/avatar\/59a19214b7bb3163a27d873fa61f9a80?s=96&d=mm&r=g\",\"caption\":\"Olivier Brunet\"},\"description\":\"Olivier Brunet est cofondateur de\u00a0ToutSurMesFinances.com\u00a0et r\u00e9dacteur en chef sp\u00e9cialis\u00e9 en placements et fiscalit\u00e9\u00a0des particuliers. Pr\u00e9sent\u00a0au sein du\u00a0m\u00e9dia\u00a0depuis sa cr\u00e9ation, il en est l\u2019un des piliers \u00e9ditoriaux. Il analyse les strat\u00e9gies d\u2019investissement,\u00a0suit\u00a0les \u00e9volutions fiscales et les\u00a0probl\u00e9matiques\u00a0patrimoniales\u00a0avec une vision long terme, forg\u00e9e par des ann\u00e9es de pratique et de suivi des march\u00e9s.\u00a0\",\"sameAs\":[\"https:\/\/www.toutsurmesfinances.com\/author\/olivier\",\"https:\/\/www.linkedin.com\/in\/obrunet\/\"]}]}<\/script>\n<!-- \/ Yoast SEO plugin. -->","yoast_head_json":{"title":"Imp\u00f4ts 2026 : comment d\u00e9clarer les frais de garde d\u2019enfants","description":"Frais de garde : un cr\u00e9dit d\u2019imp\u00f4t, pas une d\u00e9duction Les frais de garde des jeunes enfants ne viennent pas en d\u00e9duction des revenus imposables.","robots":{"index":"index","follow":"follow","max-snippet":"max-snippet:-1","max-image-preview":"max-image-preview:large","max-video-preview":"max-video-preview:-1"},"canonical":"https:\/\/www.toutsurmesfinances.com\/impots\/impots-comment-declarer-les-frais-de-garde-denfants.html","og_locale":"fr_FR","og_type":"article","og_title":"Imp\u00f4ts 2026 : comment d\u00e9clarer les frais de garde d\u2019enfants","og_description":"Frais de garde : un cr\u00e9dit d\u2019imp\u00f4t, pas une d\u00e9duction Les frais de garde des jeunes enfants ne viennent pas en d\u00e9duction des revenus imposables.","og_url":"https:\/\/www.toutsurmesfinances.com\/impots\/impots-comment-declarer-les-frais-de-garde-denfants.html","og_site_name":"Imp\u00f4ts","article_published_time":"2026-04-29T14:44:09+00:00","article_modified_time":"2026-04-29T15:20:49+00:00","og_image":[{"width":600,"height":400,"url":"https:\/\/www.toutsurmesfinances.com\/impots\/wp-content\/uploads\/sites\/6\/2025\/04\/image-impots-impots-sur-le-revenu.jpg","type":"image\/jpeg"}],"author":"Olivier Brunet","twitter_card":"summary_large_image","twitter_creator":"@Toutsur","twitter_site":"@Toutsur","twitter_misc":{"\u00c9crit par":"Olivier Brunet","Dur\u00e9e de lecture estim\u00e9e":"21 minutes"},"schema":{"@context":"https:\/\/schema.org","@graph":[{"@type":"Article","@id":"https:\/\/www.toutsurmesfinances.com\/impots\/impots-comment-declarer-les-frais-de-garde-denfants.html#article","isPartOf":{"@id":"https:\/\/www.toutsurmesfinances.com\/impots\/impots-comment-declarer-les-frais-de-garde-denfants.html"},"author":{"name":"Olivier Brunet","@id":"https:\/\/www.toutsurmesfinances.com\/impots\/#\/schema\/person\/f3692b3163890cd1408bd0dc68a1b55a"},"headline":"Imp\u00f4ts 2026 : comment d\u00e9clarer les frais de garde d\u2019enfants","dateModified":"2026-04-29T15:20:49+00:00","mainEntityOfPage":{"@id":"https:\/\/www.toutsurmesfinances.com\/impots\/impots-comment-declarer-les-frais-de-garde-denfants.html"},"wordCount":4413,"publisher":{"@id":"https:\/\/www.toutsurmesfinances.com\/impots\/#organization"},"image":{"@id":"https:\/\/www.toutsurmesfinances.com\/impots\/impots-comment-declarer-les-frais-de-garde-denfants.html#primaryimage"},"thumbnailUrl":"https:\/\/www.toutsurmesfinances.com\/impots\/wp-content\/uploads\/sites\/6\/2025\/04\/image-impots-impots-sur-le-revenu.jpg","articleSection":["D\u00e9claration"],"inLanguage":"fr-FR"},{"@type":"WebPage","@id":"https:\/\/www.toutsurmesfinances.com\/impots\/impots-comment-declarer-les-frais-de-garde-denfants.html","url":"https:\/\/www.toutsurmesfinances.com\/impots\/impots-comment-declarer-les-frais-de-garde-denfants.html","name":"Imp\u00f4ts 2026 : comment d\u00e9clarer les frais de garde d\u2019enfants","isPartOf":{"@id":"https:\/\/www.toutsurmesfinances.com\/impots\/#website"},"primaryImageOfPage":{"@id":"https:\/\/www.toutsurmesfinances.com\/impots\/impots-comment-declarer-les-frais-de-garde-denfants.html#primaryimage"},"image":{"@id":"https:\/\/www.toutsurmesfinances.com\/impots\/impots-comment-declarer-les-frais-de-garde-denfants.html#primaryimage"},"thumbnailUrl":"https:\/\/www.toutsurmesfinances.com\/impots\/wp-content\/uploads\/sites\/6\/2025\/04\/image-impots-impots-sur-le-revenu.jpg","dateModified":"2026-04-29T15:20:49+00:00","description":"Frais de garde : un cr\u00e9dit d\u2019imp\u00f4t, pas une d\u00e9duction Les frais de garde des jeunes enfants ne viennent pas en d\u00e9duction des revenus imposables.","breadcrumb":{"@id":"https:\/\/www.toutsurmesfinances.com\/impots\/impots-comment-declarer-les-frais-de-garde-denfants.html#breadcrumb"},"inLanguage":"fr-FR","potentialAction":[{"@type":"ReadAction","target":["https:\/\/www.toutsurmesfinances.com\/impots\/impots-comment-declarer-les-frais-de-garde-denfants.html"]}]},{"@type":"ImageObject","inLanguage":"fr-FR","@id":"https:\/\/www.toutsurmesfinances.com\/impots\/impots-comment-declarer-les-frais-de-garde-denfants.html#primaryimage","url":"https:\/\/www.toutsurmesfinances.com\/impots\/wp-content\/uploads\/sites\/6\/2025\/04\/image-impots-impots-sur-le-revenu.jpg","contentUrl":"https:\/\/www.toutsurmesfinances.com\/impots\/wp-content\/uploads\/sites\/6\/2025\/04\/image-impots-impots-sur-le-revenu.jpg","width":600,"height":400},{"@type":"BreadcrumbList","@id":"https:\/\/www.toutsurmesfinances.com\/impots\/impots-comment-declarer-les-frais-de-garde-denfants.html#breadcrumb","itemListElement":[{"@type":"ListItem","position":1,"name":"Accueil","item":"https:\/\/www.toutsurmesfinances.com\/impots\/"},{"@type":"ListItem","position":2,"name":"Imp\u00f4t sur le revenu","item":"https:\/\/www.toutsurmesfinances.com\/impots\/c\/impot-sur-le-revenu"},{"@type":"ListItem","position":3,"name":"D\u00e9claration","item":"https:\/\/www.toutsurmesfinances.com\/impots\/c\/declaration"},{"@type":"ListItem","position":4,"name":"Imp\u00f4ts 2026 : comment d\u00e9clarer les frais de garde d\u2019enfants"}]},{"@type":"WebSite","@id":"https:\/\/www.toutsurmesfinances.com\/impots\/#website","url":"https:\/\/www.toutsurmesfinances.com\/impots\/","name":"Imp\u00f4ts","description":"","publisher":{"@id":"https:\/\/www.toutsurmesfinances.com\/impots\/#organization"},"potentialAction":[{"@type":"SearchAction","target":{"@type":"EntryPoint","urlTemplate":"https:\/\/www.toutsurmesfinances.com\/impots\/?s={search_term_string}"},"query-input":{"@type":"PropertyValueSpecification","valueRequired":true,"valueName":"search_term_string"}}],"inLanguage":"fr-FR"},{"@type":"Organization","@id":"https:\/\/www.toutsurmesfinances.com\/impots\/#organization","name":"Tout Sur Mes Finances","url":"https:\/\/www.toutsurmesfinances.com\/impots\/","logo":{"@type":"ImageObject","inLanguage":"fr-FR","@id":"https:\/\/www.toutsurmesfinances.com\/impots\/#\/schema\/logo\/image\/","url":"https:\/\/www.toutsurmesfinances.com\/impots\/wp-content\/uploads\/sites\/6\/2021\/01\/favicon.png","contentUrl":"https:\/\/www.toutsurmesfinances.com\/impots\/wp-content\/uploads\/sites\/6\/2021\/01\/favicon.png","width":512,"height":512,"caption":"Tout Sur Mes Finances"},"image":{"@id":"https:\/\/www.toutsurmesfinances.com\/impots\/#\/schema\/logo\/image\/"},"sameAs":["https:\/\/x.com\/Toutsur"]},{"@type":"Person","@id":"https:\/\/www.toutsurmesfinances.com\/impots\/#\/schema\/person\/f3692b3163890cd1408bd0dc68a1b55a","name":"Olivier Brunet","image":{"@type":"ImageObject","inLanguage":"fr-FR","@id":"https:\/\/www.toutsurmesfinances.com\/impots\/#\/schema\/person\/image\/","url":"https:\/\/secure.gravatar.com\/avatar\/59a19214b7bb3163a27d873fa61f9a80?s=96&d=mm&r=g","contentUrl":"https:\/\/secure.gravatar.com\/avatar\/59a19214b7bb3163a27d873fa61f9a80?s=96&d=mm&r=g","caption":"Olivier Brunet"},"description":"Olivier Brunet est cofondateur de\u00a0ToutSurMesFinances.com\u00a0et r\u00e9dacteur en chef sp\u00e9cialis\u00e9 en placements et fiscalit\u00e9\u00a0des particuliers. Pr\u00e9sent\u00a0au sein du\u00a0m\u00e9dia\u00a0depuis sa cr\u00e9ation, il en est l\u2019un des piliers \u00e9ditoriaux. Il analyse les strat\u00e9gies d\u2019investissement,\u00a0suit\u00a0les \u00e9volutions fiscales et les\u00a0probl\u00e9matiques\u00a0patrimoniales\u00a0avec une vision long terme, forg\u00e9e par des ann\u00e9es de pratique et de suivi des march\u00e9s.\u00a0","sameAs":["https:\/\/www.toutsurmesfinances.com\/author\/olivier","https:\/\/www.linkedin.com\/in\/obrunet\/"]}]}},"_links":{"self":[{"href":"https:\/\/www.toutsurmesfinances.com\/impots\/wp-json\/wp\/v2\/posts\/72672","targetHints":{"allow":["GET"]}}],"collection":[{"href":"https:\/\/www.toutsurmesfinances.com\/impots\/wp-json\/wp\/v2\/posts"}],"about":[{"href":"https:\/\/www.toutsurmesfinances.com\/impots\/wp-json\/wp\/v2\/types\/post"}],"author":[{"embeddable":true,"href":"https:\/\/www.toutsurmesfinances.com\/impots\/wp-json\/wp\/v2\/users\/13709"}],"replies":[{"embeddable":true,"href":"https:\/\/www.toutsurmesfinances.com\/impots\/wp-json\/wp\/v2\/comments?post=72672"}],"version-history":[{"count":3,"href":"https:\/\/www.toutsurmesfinances.com\/impots\/wp-json\/wp\/v2\/posts\/72672\/revisions"}],"predecessor-version":[{"id":72677,"href":"https:\/\/www.toutsurmesfinances.com\/impots\/wp-json\/wp\/v2\/posts\/72672\/revisions\/72677"}],"wp:featuredmedia":[{"embeddable":true,"href":"https:\/\/www.toutsurmesfinances.com\/impots\/wp-json\/wp\/v2\/media\/72110"}],"wp:attachment":[{"href":"https:\/\/www.toutsurmesfinances.com\/impots\/wp-json\/wp\/v2\/media?parent=72672"}],"wp:term":[{"taxonomy":"category","embeddable":true,"href":"https:\/\/www.toutsurmesfinances.com\/impots\/wp-json\/wp\/v2\/categories?post=72672"},{"taxonomy":"post_tag","embeddable":true,"href":"https:\/\/www.toutsurmesfinances.com\/impots\/wp-json\/wp\/v2\/tags?post=72672"}],"curies":[{"name":"wp","href":"https:\/\/api.w.org\/{rel}","templated":true}]}}