{"id":1779,"date":"2009-06-01T11:46:23","date_gmt":"2009-06-01T09:46:23","guid":{"rendered":"https:\/\/www.toutsurmesfinances.com\/patrimoine\/a\/3-questions-a-charles-henri-berbain-dg-delegue-en-charge-des-activites-de-marches-et-damien-dujardin-directeur-de-la-campagne-isf-d-arkeon-finance"},"modified":"2025-09-09T18:16:51","modified_gmt":"2025-09-09T16:16:51","slug":"3-questions-a-charles-henri-berbain-dg-delegue-en-charge-des-activites-de-marches-et-damien-dujardin-directeur-de-la-campagne-isf-d-arkeon-finance","status":"publish","type":"post","link":"https:\/\/www.toutsurmesfinances.com\/patrimoine\/a\/3-questions-a-charles-henri-berbain-dg-delegue-en-charge-des-activites-de-marches-et-damien-dujardin-directeur-de-la-campagne-isf-d-arkeon-finance","title":{"rendered":"3 questions \u00e0 Charles-Henri Berbain, DG d\u00e9l\u00e9gu\u00e9 en charge des activit\u00e9s de march\u00e9s et Damien Dujardin directeur de la campagne ISF d\u2019Ark\u00e9on Finance"},"content":{"rendered":"<p>&nbsp;<\/p>\n<table border=\"0\">\n<tbody>\n<tr>\n<td>\n<p style=\"text-align: center\"><span style=\"font-size: 8pt\">C.-H. Berbain<\/span><\/p>\n<\/td>\n<td><strong>Quelle est la sp\u00e9cificit\u00e9 de la d\u00e9marche d&rsquo;Ark\u00e9on Finance permettant aux redevables de l&rsquo;ISF de souscrire en direct aux augmentations de capital de soci\u00e9t\u00e9s \u00e9ligibles \u00e0 la loi TEPA ?<br \/>\n<\/strong><br \/>\nNotre c\u0153ur de m\u00e9tier consiste \u00e0 trouver des financements pour des petites et moyennes entreprises (PME). Il se base sur une salle de march\u00e9 d\u00e9di\u00e9e aux clients institutionnels et une activit\u00e9 Corporate qui cherche des entreprises sur le terrain. Depuis 6 ans, nous avons men\u00e9 plus de 60 op\u00e9rations et lev\u00e9 plus de 800 millions d&rsquo;euros. Dans le cadre de la loi TEPA, notre id\u00e9e a \u00e9t\u00e9 d&rsquo;utiliser notre sourcing pour permettre aux personnes assujetties \u00e0 l&rsquo;ISF de souscrire en direct aux augmentations de capital.<\/td>\n<\/tr>\n<\/tbody>\n<\/table>\n<table border=\"0\">\n<tbody>\n<tr>\n<td>\n<p style=\"text-align: left\"><strong>Comment avez-vous choisi les soci\u00e9t\u00e9s que vous pr\u00e9sentez aux investisseurs ?<\/strong><\/p>\n<p>Ark\u00e9on Finance a s\u00e9lectionn\u00e9 50 soci\u00e9t\u00e9s qui ouvrent leur capital \u00e0 des investisseurs souhaitant d\u00e9duire leurs souscriptions du montant de leur ISF 2009 parmi un gisement tr\u00e8s large de plusieurs centaines de PME. Nous avons effectu\u00e9 notre s\u00e9lection \u00e0 partir de notre exp\u00e9rience et de notre sensibilit\u00e9 issue du savoir-faire de notre salle de march\u00e9. Il en ressort un panel d&rsquo;entreprises tr\u00e8s diversifi\u00e9 de la vielle soci\u00e9t\u00e9 positionn\u00e9e sur un secteur d\u00e9fensif avec un volume d&rsquo;affaires important \u00e0 des profils de start-up que l&rsquo;on voit plus rarement en Bourse. Cette s\u00e9lection r\u00e9pond tant aux attentes de certains investisseurs dont la s\u00e9curit\u00e9 est le ma\u00eetre-mot qu&rsquo;aux aspirations de ceux qui profitent de l&rsquo;avantage fiscal pour prendre des paris.<\/td>\n<td><img loading=\"lazy\" decoding=\"async\" class=\" alignleft size-full wp-image-1778\" style=\"float: left\" src=\"https:\/\/www.toutsurmesfinances.com\/patrimoine\/wp-content\/uploads\/sites\/2\/2009\/06\/damiendujardin_arkeon.jpg\" alt=\"damiendujardin_arkeon\" width=\"125\" height=\"176\" \/><\/p>\n<p style=\"text-align: center\"><span style=\"font-size: 8pt\">D. Dujardin<\/span><\/p>\n<\/td>\n<\/tr>\n<\/tbody>\n<\/table>\n<p style=\"text-align: left\"><strong>Pourquoi avoir d\u00e9cid\u00e9 d&rsquo;inscrire ces PME sur le March\u00e9 Libre post-op\u00e9rations ?<\/strong><\/p>\n<p style=\"text-align: left\">Certes le March\u00e9 Libre est par essence un march\u00e9 non organis\u00e9 mais la PME \u00e9tant sur le devant de la sc\u00e8ne, la communication devient plus simple. L&rsquo;inscription sur le March\u00e9 Libre conf\u00e8re une notori\u00e9t\u00e9 \u00e0 ces PME et incite \u00e0 la transparence puisque nous les accompagnerons durant leur parcours. Leurs actionnaires disposeront donc d&rsquo;un acc\u00e8s continu aux informations au travers de nos services et d&rsquo;une liquidit\u00e9 au terme de la p\u00e9riode de d\u00e9tention de 5 ans. Le March\u00e9 Libre \u00e9tant l&rsquo;antichambre de la Bourse, certaines PME pourront faire leur acclimatation aux march\u00e9s financiers, beaucoup ayant vocation \u00e0 \u00e9largir leur base actionnariale et \u00e0 passer dans un second temps sur le march\u00e9 Alternext ou le march\u00e9 r\u00e9glement\u00e9. Enfin, le March\u00e9 Libre leur procure un outil pour lever des fonds ult\u00e9rieurement.<\/p>\n<table style=\"border: thin solid #b0b0b0;width: 100%;text-align: left;background-color: #e0e0dd\" border=\"0\" cellpadding=\"5\">\n<tbody>\n<tr>\n<td><strong>En savoir plus &#8211; liens utiles<\/strong><\/p>\n<p>&#8211; <strong>Dossier sp\u00e9cial TEPA ISF 2009 : jusqu&rsquo;\u00e0 mi-juin pour investir dans des PME<\/strong><\/p>\n<p>&#8211; <strong><span style=\"color: #2c79b3\">Le texte officiel &#8211; Loi TEPA du 21 ao\u00fbt 2007 : art. 885-0 V bis CGI<\/span><\/strong><\/td>\n<\/tr>\n<\/tbody>\n<\/table>\n","protected":false},"excerpt":{"rendered":"<p>\u00ab Nous avons s\u00e9lectionn\u00e9 un panel tr\u00e8s diversifi\u00e9 d&rsquo;entreprises de la soci\u00e9t\u00e9 positionn\u00e9e sur un secteur d\u00e9fensif avec un volume d&rsquo;affaires important \u00e0 des profils de start-up \u00bb.<\/p>\n","protected":false},"author":13709,"featured_media":22469,"comment_status":"closed","ping_status":"closed","sticky":false,"template":"","format":"standard","meta":{"footnotes":""},"categories":[29],"tags":[],"class_list":["post-1779","post","type-post","status-publish","format-standard","has-post-thumbnail","hentry","category-fiscalite"],"acf":[],"yoast_head":"<!-- This site is optimized with the Yoast SEO plugin v24.9 - https:\/\/yoast.com\/wordpress\/plugins\/seo\/ -->\n<title>ISF : interview Arkeon Finance<\/title>\n<meta name=\"description\" content=\"3 questions \u00e0 Charles-Henri Berbain, DG d\u00e9l\u00e9gu\u00e9 en charge des activit\u00e9s de march\u00e9s et Damien Dujardin directeur de la campagne ISF d\u2019Ark\u00e9on Finance\" \/>\n<meta name=\"robots\" content=\"index, follow, max-snippet:-1, max-image-preview:large, max-video-preview:-1\" \/>\n<link rel=\"canonical\" href=\"https:\/\/www.toutsurmesfinances.com\/patrimoine\/a\/3-questions-a-charles-henri-berbain-dg-delegue-en-charge-des-activites-de-marches-et-damien-dujardin-directeur-de-la-campagne-isf-d-arkeon-finance\" \/>\n<meta property=\"og:locale\" content=\"fr_FR\" \/>\n<meta property=\"og:type\" content=\"article\" \/>\n<meta property=\"og:title\" content=\"ISF : interview Arkeon Finance\" \/>\n<meta property=\"og:description\" content=\"3 questions \u00e0 Charles-Henri Berbain, DG d\u00e9l\u00e9gu\u00e9 en charge des activit\u00e9s de march\u00e9s et Damien Dujardin directeur de la campagne ISF d\u2019Ark\u00e9on Finance\" \/>\n<meta property=\"og:url\" content=\"https:\/\/www.toutsurmesfinances.com\/patrimoine\/a\/3-questions-a-charles-henri-berbain-dg-delegue-en-charge-des-activites-de-marches-et-damien-dujardin-directeur-de-la-campagne-isf-d-arkeon-finance\" \/>\n<meta property=\"og:site_name\" content=\"Patrimoine\" \/>\n<meta property=\"article:published_time\" content=\"2009-06-01T09:46:23+00:00\" \/>\n<meta property=\"article:modified_time\" content=\"2025-09-09T16:16:51+00:00\" \/>\n<meta property=\"og:image\" content=\"https:\/\/www.toutsurmesfinances.com\/patrimoine\/wp-content\/uploads\/sites\/2\/2025\/04\/image-patrimoine-fiscalite.jpg\" \/>\n\t<meta property=\"og:image:width\" content=\"600\" \/>\n\t<meta property=\"og:image:height\" content=\"400\" \/>\n\t<meta property=\"og:image:type\" content=\"image\/jpeg\" \/>\n<meta name=\"author\" content=\"Olivier Brunet\" \/>\n<meta name=\"twitter:card\" content=\"summary_large_image\" \/>\n<meta name=\"twitter:creator\" content=\"@Toutsur\" \/>\n<meta name=\"twitter:site\" content=\"@Toutsur\" \/>\n<meta name=\"twitter:label1\" content=\"\u00c9crit par\" \/>\n\t<meta name=\"twitter:data1\" content=\"Olivier Brunet\" \/>\n\t<meta name=\"twitter:label2\" content=\"Dur\u00e9e de lecture estim\u00e9e\" \/>\n\t<meta name=\"twitter:data2\" content=\"3 minutes\" \/>\n<script type=\"application\/ld+json\" class=\"yoast-schema-graph\">{\"@context\":\"https:\/\/schema.org\",\"@graph\":[{\"@type\":\"Article\",\"@id\":\"https:\/\/www.toutsurmesfinances.com\/patrimoine\/a\/3-questions-a-charles-henri-berbain-dg-delegue-en-charge-des-activites-de-marches-et-damien-dujardin-directeur-de-la-campagne-isf-d-arkeon-finance#article\",\"isPartOf\":{\"@id\":\"https:\/\/www.toutsurmesfinances.com\/patrimoine\/a\/3-questions-a-charles-henri-berbain-dg-delegue-en-charge-des-activites-de-marches-et-damien-dujardin-directeur-de-la-campagne-isf-d-arkeon-finance\"},\"author\":{\"name\":\"Olivier Brunet\",\"@id\":\"https:\/\/www.toutsurmesfinances.com\/patrimoine\/#\/schema\/person\/f3692b3163890cd1408bd0dc68a1b55a\"},\"headline\":\"3 questions \u00e0 Charles-Henri Berbain, DG d\u00e9l\u00e9gu\u00e9 en charge des activit\u00e9s de march\u00e9s et Damien Dujardin directeur de la campagne ISF d\u2019Ark\u00e9on Finance\",\"dateModified\":\"2025-09-09T16:16:51+00:00\",\"mainEntityOfPage\":{\"@id\":\"https:\/\/www.toutsurmesfinances.com\/patrimoine\/a\/3-questions-a-charles-henri-berbain-dg-delegue-en-charge-des-activites-de-marches-et-damien-dujardin-directeur-de-la-campagne-isf-d-arkeon-finance\"},\"wordCount\":488,\"publisher\":{\"@id\":\"https:\/\/www.toutsurmesfinances.com\/patrimoine\/#organization\"},\"image\":{\"@id\":\"https:\/\/www.toutsurmesfinances.com\/patrimoine\/a\/3-questions-a-charles-henri-berbain-dg-delegue-en-charge-des-activites-de-marches-et-damien-dujardin-directeur-de-la-campagne-isf-d-arkeon-finance#primaryimage\"},\"thumbnailUrl\":\"https:\/\/www.toutsurmesfinances.com\/patrimoine\/wp-content\/uploads\/sites\/2\/2025\/04\/image-patrimoine-fiscalite.jpg\",\"articleSection\":[\"Fiscalit\u00e9\"],\"inLanguage\":\"fr-FR\"},{\"@type\":\"WebPage\",\"@id\":\"https:\/\/www.toutsurmesfinances.com\/patrimoine\/a\/3-questions-a-charles-henri-berbain-dg-delegue-en-charge-des-activites-de-marches-et-damien-dujardin-directeur-de-la-campagne-isf-d-arkeon-finance\",\"url\":\"https:\/\/www.toutsurmesfinances.com\/patrimoine\/a\/3-questions-a-charles-henri-berbain-dg-delegue-en-charge-des-activites-de-marches-et-damien-dujardin-directeur-de-la-campagne-isf-d-arkeon-finance\",\"name\":\"ISF : interview Arkeon Finance\",\"isPartOf\":{\"@id\":\"https:\/\/www.toutsurmesfinances.com\/patrimoine\/#website\"},\"primaryImageOfPage\":{\"@id\":\"https:\/\/www.toutsurmesfinances.com\/patrimoine\/a\/3-questions-a-charles-henri-berbain-dg-delegue-en-charge-des-activites-de-marches-et-damien-dujardin-directeur-de-la-campagne-isf-d-arkeon-finance#primaryimage\"},\"image\":{\"@id\":\"https:\/\/www.toutsurmesfinances.com\/patrimoine\/a\/3-questions-a-charles-henri-berbain-dg-delegue-en-charge-des-activites-de-marches-et-damien-dujardin-directeur-de-la-campagne-isf-d-arkeon-finance#primaryimage\"},\"thumbnailUrl\":\"https:\/\/www.toutsurmesfinances.com\/patrimoine\/wp-content\/uploads\/sites\/2\/2025\/04\/image-patrimoine-fiscalite.jpg\",\"dateModified\":\"2025-09-09T16:16:51+00:00\",\"description\":\"3 questions \u00e0 Charles-Henri Berbain, DG d\u00e9l\u00e9gu\u00e9 en charge des activit\u00e9s de march\u00e9s et Damien Dujardin directeur de la campagne ISF d\u2019Ark\u00e9on Finance\",\"breadcrumb\":{\"@id\":\"https:\/\/www.toutsurmesfinances.com\/patrimoine\/a\/3-questions-a-charles-henri-berbain-dg-delegue-en-charge-des-activites-de-marches-et-damien-dujardin-directeur-de-la-campagne-isf-d-arkeon-finance#breadcrumb\"},\"inLanguage\":\"fr-FR\",\"potentialAction\":[{\"@type\":\"ReadAction\",\"target\":[\"https:\/\/www.toutsurmesfinances.com\/patrimoine\/a\/3-questions-a-charles-henri-berbain-dg-delegue-en-charge-des-activites-de-marches-et-damien-dujardin-directeur-de-la-campagne-isf-d-arkeon-finance\"]}]},{\"@type\":\"ImageObject\",\"inLanguage\":\"fr-FR\",\"@id\":\"https:\/\/www.toutsurmesfinances.com\/patrimoine\/a\/3-questions-a-charles-henri-berbain-dg-delegue-en-charge-des-activites-de-marches-et-damien-dujardin-directeur-de-la-campagne-isf-d-arkeon-finance#primaryimage\",\"url\":\"https:\/\/www.toutsurmesfinances.com\/patrimoine\/wp-content\/uploads\/sites\/2\/2025\/04\/image-patrimoine-fiscalite.jpg\",\"contentUrl\":\"https:\/\/www.toutsurmesfinances.com\/patrimoine\/wp-content\/uploads\/sites\/2\/2025\/04\/image-patrimoine-fiscalite.jpg\",\"width\":600,\"height\":400},{\"@type\":\"BreadcrumbList\",\"@id\":\"https:\/\/www.toutsurmesfinances.com\/patrimoine\/a\/3-questions-a-charles-henri-berbain-dg-delegue-en-charge-des-activites-de-marches-et-damien-dujardin-directeur-de-la-campagne-isf-d-arkeon-finance#breadcrumb\",\"itemListElement\":[{\"@type\":\"ListItem\",\"position\":1,\"name\":\"Accueil\",\"item\":\"https:\/\/www.toutsurmesfinances.com\/patrimoine\/\"},{\"@type\":\"ListItem\",\"position\":2,\"name\":\"Fiscalit\u00e9\",\"item\":\"https:\/\/www.toutsurmesfinances.com\/patrimoine\/c\/fiscalite\"},{\"@type\":\"ListItem\",\"position\":3,\"name\":\"3 questions \u00e0 Charles-Henri Berbain, DG d\u00e9l\u00e9gu\u00e9 en charge des activit\u00e9s de march\u00e9s et Damien Dujardin directeur de la campagne ISF d\u2019Ark\u00e9on Finance\"}]},{\"@type\":\"WebSite\",\"@id\":\"https:\/\/www.toutsurmesfinances.com\/patrimoine\/#website\",\"url\":\"https:\/\/www.toutsurmesfinances.com\/patrimoine\/\",\"name\":\"Patrimoine\",\"description\":\"\",\"publisher\":{\"@id\":\"https:\/\/www.toutsurmesfinances.com\/patrimoine\/#organization\"},\"potentialAction\":[{\"@type\":\"SearchAction\",\"target\":{\"@type\":\"EntryPoint\",\"urlTemplate\":\"https:\/\/www.toutsurmesfinances.com\/patrimoine\/?s={search_term_string}\"},\"query-input\":{\"@type\":\"PropertyValueSpecification\",\"valueRequired\":true,\"valueName\":\"search_term_string\"}}],\"inLanguage\":\"fr-FR\"},{\"@type\":\"Organization\",\"@id\":\"https:\/\/www.toutsurmesfinances.com\/patrimoine\/#organization\",\"name\":\"Tout Sur Mes Finances\",\"url\":\"https:\/\/www.toutsurmesfinances.com\/patrimoine\/\",\"logo\":{\"@type\":\"ImageObject\",\"inLanguage\":\"fr-FR\",\"@id\":\"https:\/\/www.toutsurmesfinances.com\/patrimoine\/#\/schema\/logo\/image\/\",\"url\":\"https:\/\/www.toutsurmesfinances.com\/patrimoine\/wp-content\/uploads\/sites\/2\/2021\/01\/favicon.png\",\"contentUrl\":\"https:\/\/www.toutsurmesfinances.com\/patrimoine\/wp-content\/uploads\/sites\/2\/2021\/01\/favicon.png\",\"width\":512,\"height\":512,\"caption\":\"Tout Sur Mes Finances\"},\"image\":{\"@id\":\"https:\/\/www.toutsurmesfinances.com\/patrimoine\/#\/schema\/logo\/image\/\"},\"sameAs\":[\"https:\/\/x.com\/Toutsur\"]},{\"@type\":\"Person\",\"@id\":\"https:\/\/www.toutsurmesfinances.com\/patrimoine\/#\/schema\/person\/f3692b3163890cd1408bd0dc68a1b55a\",\"name\":\"Olivier Brunet\",\"image\":{\"@type\":\"ImageObject\",\"inLanguage\":\"fr-FR\",\"@id\":\"https:\/\/www.toutsurmesfinances.com\/patrimoine\/#\/schema\/person\/image\/\",\"url\":\"https:\/\/secure.gravatar.com\/avatar\/59a19214b7bb3163a27d873fa61f9a80?s=96&d=mm&r=g\",\"contentUrl\":\"https:\/\/secure.gravatar.com\/avatar\/59a19214b7bb3163a27d873fa61f9a80?s=96&d=mm&r=g\",\"caption\":\"Olivier Brunet\"},\"description\":\"Olivier Brunet est cofondateur de\u00a0ToutSurMesFinances.com\u00a0et r\u00e9dacteur en chef sp\u00e9cialis\u00e9 en placements et fiscalit\u00e9\u00a0des particuliers. Pr\u00e9sent\u00a0au sein du\u00a0m\u00e9dia\u00a0depuis sa cr\u00e9ation, il en est l\u2019un des piliers \u00e9ditoriaux. Il analyse les strat\u00e9gies d\u2019investissement,\u00a0suit\u00a0les \u00e9volutions fiscales et les\u00a0probl\u00e9matiques\u00a0patrimoniales\u00a0avec une vision long terme, forg\u00e9e par des ann\u00e9es de pratique et de suivi des march\u00e9s.\u00a0\",\"sameAs\":[\"https:\/\/www.toutsurmesfinances.com\/author\/olivier\",\"https:\/\/www.linkedin.com\/in\/obrunet\/\"]}]}<\/script>\n<!-- \/ Yoast SEO plugin. -->","yoast_head_json":{"title":"ISF : interview Arkeon Finance","description":"3 questions \u00e0 Charles-Henri Berbain, DG d\u00e9l\u00e9gu\u00e9 en charge des activit\u00e9s de march\u00e9s et Damien Dujardin directeur de la campagne ISF d\u2019Ark\u00e9on Finance","robots":{"index":"index","follow":"follow","max-snippet":"max-snippet:-1","max-image-preview":"max-image-preview:large","max-video-preview":"max-video-preview:-1"},"canonical":"https:\/\/www.toutsurmesfinances.com\/patrimoine\/a\/3-questions-a-charles-henri-berbain-dg-delegue-en-charge-des-activites-de-marches-et-damien-dujardin-directeur-de-la-campagne-isf-d-arkeon-finance","og_locale":"fr_FR","og_type":"article","og_title":"ISF : interview Arkeon Finance","og_description":"3 questions \u00e0 Charles-Henri Berbain, DG d\u00e9l\u00e9gu\u00e9 en charge des activit\u00e9s de march\u00e9s et Damien Dujardin directeur de la campagne ISF d\u2019Ark\u00e9on Finance","og_url":"https:\/\/www.toutsurmesfinances.com\/patrimoine\/a\/3-questions-a-charles-henri-berbain-dg-delegue-en-charge-des-activites-de-marches-et-damien-dujardin-directeur-de-la-campagne-isf-d-arkeon-finance","og_site_name":"Patrimoine","article_published_time":"2009-06-01T09:46:23+00:00","article_modified_time":"2025-09-09T16:16:51+00:00","og_image":[{"width":600,"height":400,"url":"https:\/\/www.toutsurmesfinances.com\/patrimoine\/wp-content\/uploads\/sites\/2\/2025\/04\/image-patrimoine-fiscalite.jpg","type":"image\/jpeg"}],"author":"Olivier Brunet","twitter_card":"summary_large_image","twitter_creator":"@Toutsur","twitter_site":"@Toutsur","twitter_misc":{"\u00c9crit par":"Olivier Brunet","Dur\u00e9e de lecture estim\u00e9e":"3 minutes"},"schema":{"@context":"https:\/\/schema.org","@graph":[{"@type":"Article","@id":"https:\/\/www.toutsurmesfinances.com\/patrimoine\/a\/3-questions-a-charles-henri-berbain-dg-delegue-en-charge-des-activites-de-marches-et-damien-dujardin-directeur-de-la-campagne-isf-d-arkeon-finance#article","isPartOf":{"@id":"https:\/\/www.toutsurmesfinances.com\/patrimoine\/a\/3-questions-a-charles-henri-berbain-dg-delegue-en-charge-des-activites-de-marches-et-damien-dujardin-directeur-de-la-campagne-isf-d-arkeon-finance"},"author":{"name":"Olivier Brunet","@id":"https:\/\/www.toutsurmesfinances.com\/patrimoine\/#\/schema\/person\/f3692b3163890cd1408bd0dc68a1b55a"},"headline":"3 questions \u00e0 Charles-Henri Berbain, DG d\u00e9l\u00e9gu\u00e9 en charge des activit\u00e9s de march\u00e9s et Damien Dujardin directeur de la campagne ISF d\u2019Ark\u00e9on Finance","dateModified":"2025-09-09T16:16:51+00:00","mainEntityOfPage":{"@id":"https:\/\/www.toutsurmesfinances.com\/patrimoine\/a\/3-questions-a-charles-henri-berbain-dg-delegue-en-charge-des-activites-de-marches-et-damien-dujardin-directeur-de-la-campagne-isf-d-arkeon-finance"},"wordCount":488,"publisher":{"@id":"https:\/\/www.toutsurmesfinances.com\/patrimoine\/#organization"},"image":{"@id":"https:\/\/www.toutsurmesfinances.com\/patrimoine\/a\/3-questions-a-charles-henri-berbain-dg-delegue-en-charge-des-activites-de-marches-et-damien-dujardin-directeur-de-la-campagne-isf-d-arkeon-finance#primaryimage"},"thumbnailUrl":"https:\/\/www.toutsurmesfinances.com\/patrimoine\/wp-content\/uploads\/sites\/2\/2025\/04\/image-patrimoine-fiscalite.jpg","articleSection":["Fiscalit\u00e9"],"inLanguage":"fr-FR"},{"@type":"WebPage","@id":"https:\/\/www.toutsurmesfinances.com\/patrimoine\/a\/3-questions-a-charles-henri-berbain-dg-delegue-en-charge-des-activites-de-marches-et-damien-dujardin-directeur-de-la-campagne-isf-d-arkeon-finance","url":"https:\/\/www.toutsurmesfinances.com\/patrimoine\/a\/3-questions-a-charles-henri-berbain-dg-delegue-en-charge-des-activites-de-marches-et-damien-dujardin-directeur-de-la-campagne-isf-d-arkeon-finance","name":"ISF : interview Arkeon Finance","isPartOf":{"@id":"https:\/\/www.toutsurmesfinances.com\/patrimoine\/#website"},"primaryImageOfPage":{"@id":"https:\/\/www.toutsurmesfinances.com\/patrimoine\/a\/3-questions-a-charles-henri-berbain-dg-delegue-en-charge-des-activites-de-marches-et-damien-dujardin-directeur-de-la-campagne-isf-d-arkeon-finance#primaryimage"},"image":{"@id":"https:\/\/www.toutsurmesfinances.com\/patrimoine\/a\/3-questions-a-charles-henri-berbain-dg-delegue-en-charge-des-activites-de-marches-et-damien-dujardin-directeur-de-la-campagne-isf-d-arkeon-finance#primaryimage"},"thumbnailUrl":"https:\/\/www.toutsurmesfinances.com\/patrimoine\/wp-content\/uploads\/sites\/2\/2025\/04\/image-patrimoine-fiscalite.jpg","dateModified":"2025-09-09T16:16:51+00:00","description":"3 questions \u00e0 Charles-Henri Berbain, DG d\u00e9l\u00e9gu\u00e9 en charge des activit\u00e9s de march\u00e9s et Damien Dujardin directeur de la campagne ISF d\u2019Ark\u00e9on Finance","breadcrumb":{"@id":"https:\/\/www.toutsurmesfinances.com\/patrimoine\/a\/3-questions-a-charles-henri-berbain-dg-delegue-en-charge-des-activites-de-marches-et-damien-dujardin-directeur-de-la-campagne-isf-d-arkeon-finance#breadcrumb"},"inLanguage":"fr-FR","potentialAction":[{"@type":"ReadAction","target":["https:\/\/www.toutsurmesfinances.com\/patrimoine\/a\/3-questions-a-charles-henri-berbain-dg-delegue-en-charge-des-activites-de-marches-et-damien-dujardin-directeur-de-la-campagne-isf-d-arkeon-finance"]}]},{"@type":"ImageObject","inLanguage":"fr-FR","@id":"https:\/\/www.toutsurmesfinances.com\/patrimoine\/a\/3-questions-a-charles-henri-berbain-dg-delegue-en-charge-des-activites-de-marches-et-damien-dujardin-directeur-de-la-campagne-isf-d-arkeon-finance#primaryimage","url":"https:\/\/www.toutsurmesfinances.com\/patrimoine\/wp-content\/uploads\/sites\/2\/2025\/04\/image-patrimoine-fiscalite.jpg","contentUrl":"https:\/\/www.toutsurmesfinances.com\/patrimoine\/wp-content\/uploads\/sites\/2\/2025\/04\/image-patrimoine-fiscalite.jpg","width":600,"height":400},{"@type":"BreadcrumbList","@id":"https:\/\/www.toutsurmesfinances.com\/patrimoine\/a\/3-questions-a-charles-henri-berbain-dg-delegue-en-charge-des-activites-de-marches-et-damien-dujardin-directeur-de-la-campagne-isf-d-arkeon-finance#breadcrumb","itemListElement":[{"@type":"ListItem","position":1,"name":"Accueil","item":"https:\/\/www.toutsurmesfinances.com\/patrimoine\/"},{"@type":"ListItem","position":2,"name":"Fiscalit\u00e9","item":"https:\/\/www.toutsurmesfinances.com\/patrimoine\/c\/fiscalite"},{"@type":"ListItem","position":3,"name":"3 questions \u00e0 Charles-Henri Berbain, DG d\u00e9l\u00e9gu\u00e9 en charge des activit\u00e9s de march\u00e9s et Damien Dujardin directeur de la campagne ISF d\u2019Ark\u00e9on Finance"}]},{"@type":"WebSite","@id":"https:\/\/www.toutsurmesfinances.com\/patrimoine\/#website","url":"https:\/\/www.toutsurmesfinances.com\/patrimoine\/","name":"Patrimoine","description":"","publisher":{"@id":"https:\/\/www.toutsurmesfinances.com\/patrimoine\/#organization"},"potentialAction":[{"@type":"SearchAction","target":{"@type":"EntryPoint","urlTemplate":"https:\/\/www.toutsurmesfinances.com\/patrimoine\/?s={search_term_string}"},"query-input":{"@type":"PropertyValueSpecification","valueRequired":true,"valueName":"search_term_string"}}],"inLanguage":"fr-FR"},{"@type":"Organization","@id":"https:\/\/www.toutsurmesfinances.com\/patrimoine\/#organization","name":"Tout Sur Mes Finances","url":"https:\/\/www.toutsurmesfinances.com\/patrimoine\/","logo":{"@type":"ImageObject","inLanguage":"fr-FR","@id":"https:\/\/www.toutsurmesfinances.com\/patrimoine\/#\/schema\/logo\/image\/","url":"https:\/\/www.toutsurmesfinances.com\/patrimoine\/wp-content\/uploads\/sites\/2\/2021\/01\/favicon.png","contentUrl":"https:\/\/www.toutsurmesfinances.com\/patrimoine\/wp-content\/uploads\/sites\/2\/2021\/01\/favicon.png","width":512,"height":512,"caption":"Tout Sur Mes Finances"},"image":{"@id":"https:\/\/www.toutsurmesfinances.com\/patrimoine\/#\/schema\/logo\/image\/"},"sameAs":["https:\/\/x.com\/Toutsur"]},{"@type":"Person","@id":"https:\/\/www.toutsurmesfinances.com\/patrimoine\/#\/schema\/person\/f3692b3163890cd1408bd0dc68a1b55a","name":"Olivier Brunet","image":{"@type":"ImageObject","inLanguage":"fr-FR","@id":"https:\/\/www.toutsurmesfinances.com\/patrimoine\/#\/schema\/person\/image\/","url":"https:\/\/secure.gravatar.com\/avatar\/59a19214b7bb3163a27d873fa61f9a80?s=96&d=mm&r=g","contentUrl":"https:\/\/secure.gravatar.com\/avatar\/59a19214b7bb3163a27d873fa61f9a80?s=96&d=mm&r=g","caption":"Olivier Brunet"},"description":"Olivier Brunet est cofondateur de\u00a0ToutSurMesFinances.com\u00a0et r\u00e9dacteur en chef sp\u00e9cialis\u00e9 en placements et fiscalit\u00e9\u00a0des particuliers. Pr\u00e9sent\u00a0au sein du\u00a0m\u00e9dia\u00a0depuis sa cr\u00e9ation, il en est l\u2019un des piliers \u00e9ditoriaux. Il analyse les strat\u00e9gies d\u2019investissement,\u00a0suit\u00a0les \u00e9volutions fiscales et les\u00a0probl\u00e9matiques\u00a0patrimoniales\u00a0avec une vision long terme, forg\u00e9e par des ann\u00e9es de pratique et de suivi des march\u00e9s.\u00a0","sameAs":["https:\/\/www.toutsurmesfinances.com\/author\/olivier","https:\/\/www.linkedin.com\/in\/obrunet\/"]}]}},"_links":{"self":[{"href":"https:\/\/www.toutsurmesfinances.com\/patrimoine\/wp-json\/wp\/v2\/posts\/1779","targetHints":{"allow":["GET"]}}],"collection":[{"href":"https:\/\/www.toutsurmesfinances.com\/patrimoine\/wp-json\/wp\/v2\/posts"}],"about":[{"href":"https:\/\/www.toutsurmesfinances.com\/patrimoine\/wp-json\/wp\/v2\/types\/post"}],"author":[{"embeddable":true,"href":"https:\/\/www.toutsurmesfinances.com\/patrimoine\/wp-json\/wp\/v2\/users\/13709"}],"replies":[{"embeddable":true,"href":"https:\/\/www.toutsurmesfinances.com\/patrimoine\/wp-json\/wp\/v2\/comments?post=1779"}],"version-history":[{"count":1,"href":"https:\/\/www.toutsurmesfinances.com\/patrimoine\/wp-json\/wp\/v2\/posts\/1779\/revisions"}],"predecessor-version":[{"id":22525,"href":"https:\/\/www.toutsurmesfinances.com\/patrimoine\/wp-json\/wp\/v2\/posts\/1779\/revisions\/22525"}],"wp:featuredmedia":[{"embeddable":true,"href":"https:\/\/www.toutsurmesfinances.com\/patrimoine\/wp-json\/wp\/v2\/media\/22469"}],"wp:attachment":[{"href":"https:\/\/www.toutsurmesfinances.com\/patrimoine\/wp-json\/wp\/v2\/media?parent=1779"}],"wp:term":[{"taxonomy":"category","embeddable":true,"href":"https:\/\/www.toutsurmesfinances.com\/patrimoine\/wp-json\/wp\/v2\/categories?post=1779"},{"taxonomy":"post_tag","embeddable":true,"href":"https:\/\/www.toutsurmesfinances.com\/patrimoine\/wp-json\/wp\/v2\/tags?post=1779"}],"curies":[{"name":"wp","href":"https:\/\/api.w.org\/{rel}","templated":true}]}}