{"id":1813,"date":"2011-01-28T13:50:10","date_gmt":"2011-01-28T12:50:10","guid":{"rendered":"https:\/\/www.toutsurmesfinances.com\/patrimoine\/a\/www-memoire-lavoixdunord-fr-avis-de-deces-de-la-region-nord-pas-de-calais"},"modified":"2014-09-10T09:58:12","modified_gmt":"2014-09-10T09:58:12","slug":"www-memoire-lavoixdunord-fr-avis-de-deces-de-la-region-nord-pas-de-calais","status":"publish","type":"post","link":"https:\/\/www.toutsurmesfinances.com\/patrimoine\/a\/www-memoire-lavoixdunord-fr-avis-de-deces-de-la-region-nord-pas-de-calais","title":{"rendered":"www.memoire.lavoixdunord.fr : avis de d\u00e9c\u00e8s de la r\u00e9gion Nord-Pas-de-Calais"},"content":{"rendered":"\n<p>Le site Memoire.lavoixdunord.fr permet de consulter les avis de d\u00e9c\u00e8s de la r\u00e9gion Nord-Pas-de-Calais parus dans les journaux La Voix du Nord, Nord Eclair et Nord Littoral depuis le 1er janvier 2009.<\/p>\n<p>Pour acc\u00e9der aux avis de d\u00e9c\u00e8s, il faut pr\u00e9alablement s\u2019inscrire (gratuitement) via un formulaire. <\/p>\n<p>Le site Internet propose aussi aux familles des d\u00e9funts de g\u00e9rer un espace Famille afin de perp\u00e9tuer la m\u00e9moire du d\u00e9funt avec des messages de condol\u00e9ances, des t\u00e9moignages, des photos.<\/p>\n<p><strong>Lien web<br \/><\/strong><a href=\"http:\/\/www.memoire.lavoixdunord.fr\" target=\"_blank\" rel=\"nofollow\"><strong>&gt;&gt; Acc\u00e9der \u00e0 l&rsquo;espace avis de d\u00e9c\u00e8s du site Internet Memoire.lavoixdunord.fr<\/strong><\/a><\/p>\n<p>&nbsp;<\/p>\n<div>&nbsp;<\/div>\n","protected":false},"excerpt":{"rendered":"<p>.<\/p>\n","protected":false},"author":13709,"featured_media":0,"comment_status":"closed","ping_status":"closed","sticky":false,"template":"","format":"standard","meta":{"footnotes":""},"categories":[28],"tags":[],"class_list":["post-1813","post","type-post","status-publish","format-standard","hentry","category-transmission"],"acf":[],"yoast_head":"<!-- This site is optimized with the Yoast SEO plugin v24.9 - https:\/\/yoast.com\/wordpress\/plugins\/seo\/ -->\n<title>www.memoire.lavoixdunord.fr : avis de d\u00e9c\u00e8s de la r\u00e9gion Nord-Pas-de-Calais<\/title>\n<meta name=\"description\" content=\"Pr\u00e9sentation du site d&#039;avis de d\u00e9c\u00e8s www.memoire.lavoixdunord.fr (r\u00e9gion Nord-Pas-de-Calais)\" \/>\n<meta name=\"robots\" content=\"index, follow, max-snippet:-1, max-image-preview:large, max-video-preview:-1\" \/>\n<link rel=\"canonical\" href=\"https:\/\/www.toutsurmesfinances.com\/patrimoine\/a\/www-memoire-lavoixdunord-fr-avis-de-deces-de-la-region-nord-pas-de-calais\" \/>\n<meta property=\"og:locale\" content=\"fr_FR\" \/>\n<meta property=\"og:type\" content=\"article\" \/>\n<meta property=\"og:title\" content=\"www.memoire.lavoixdunord.fr : avis de d\u00e9c\u00e8s de la r\u00e9gion Nord-Pas-de-Calais\" \/>\n<meta property=\"og:description\" content=\"Pr\u00e9sentation du site d&#039;avis de d\u00e9c\u00e8s www.memoire.lavoixdunord.fr (r\u00e9gion Nord-Pas-de-Calais)\" \/>\n<meta property=\"og:url\" content=\"https:\/\/www.toutsurmesfinances.com\/patrimoine\/a\/www-memoire-lavoixdunord-fr-avis-de-deces-de-la-region-nord-pas-de-calais\" \/>\n<meta property=\"og:site_name\" content=\"Patrimoine\" \/>\n<meta property=\"article:published_time\" content=\"2011-01-28T12:50:10+00:00\" \/>\n<meta property=\"article:modified_time\" content=\"2014-09-10T09:58:12+00:00\" \/>\n<meta name=\"author\" content=\"Olivier Brunet\" \/>\n<meta name=\"twitter:card\" content=\"summary_large_image\" \/>\n<meta name=\"twitter:creator\" content=\"@Toutsur\" \/>\n<meta name=\"twitter:site\" content=\"@Toutsur\" \/>\n<meta name=\"twitter:label1\" content=\"\u00c9crit par\" \/>\n\t<meta name=\"twitter:data1\" content=\"Olivier Brunet\" \/>\n\t<meta name=\"twitter:label2\" content=\"Dur\u00e9e de lecture estim\u00e9e\" \/>\n\t<meta name=\"twitter:data2\" content=\"1 minute\" \/>\n<script type=\"application\/ld+json\" class=\"yoast-schema-graph\">{\"@context\":\"https:\/\/schema.org\",\"@graph\":[{\"@type\":\"Article\",\"@id\":\"https:\/\/www.toutsurmesfinances.com\/patrimoine\/a\/www-memoire-lavoixdunord-fr-avis-de-deces-de-la-region-nord-pas-de-calais#article\",\"isPartOf\":{\"@id\":\"https:\/\/www.toutsurmesfinances.com\/patrimoine\/a\/www-memoire-lavoixdunord-fr-avis-de-deces-de-la-region-nord-pas-de-calais\"},\"author\":{\"name\":\"Olivier Brunet\",\"@id\":\"https:\/\/www.toutsurmesfinances.com\/patrimoine\/#\/schema\/person\/f3692b3163890cd1408bd0dc68a1b55a\"},\"headline\":\"www.memoire.lavoixdunord.fr : avis de d\u00e9c\u00e8s de la r\u00e9gion Nord-Pas-de-Calais\",\"dateModified\":\"2014-09-10T09:58:12+00:00\",\"mainEntityOfPage\":{\"@id\":\"https:\/\/www.toutsurmesfinances.com\/patrimoine\/a\/www-memoire-lavoixdunord-fr-avis-de-deces-de-la-region-nord-pas-de-calais\"},\"wordCount\":127,\"publisher\":{\"@id\":\"https:\/\/www.toutsurmesfinances.com\/patrimoine\/#organization\"},\"articleSection\":[\"Transmission\"],\"inLanguage\":\"fr-FR\"},{\"@type\":\"WebPage\",\"@id\":\"https:\/\/www.toutsurmesfinances.com\/patrimoine\/a\/www-memoire-lavoixdunord-fr-avis-de-deces-de-la-region-nord-pas-de-calais\",\"url\":\"https:\/\/www.toutsurmesfinances.com\/patrimoine\/a\/www-memoire-lavoixdunord-fr-avis-de-deces-de-la-region-nord-pas-de-calais\",\"name\":\"www.memoire.lavoixdunord.fr : avis de d\u00e9c\u00e8s de la r\u00e9gion Nord-Pas-de-Calais\",\"isPartOf\":{\"@id\":\"https:\/\/www.toutsurmesfinances.com\/patrimoine\/#website\"},\"dateModified\":\"2014-09-10T09:58:12+00:00\",\"description\":\"Pr\u00e9sentation du site d'avis de d\u00e9c\u00e8s www.memoire.lavoixdunord.fr (r\u00e9gion Nord-Pas-de-Calais)\",\"breadcrumb\":{\"@id\":\"https:\/\/www.toutsurmesfinances.com\/patrimoine\/a\/www-memoire-lavoixdunord-fr-avis-de-deces-de-la-region-nord-pas-de-calais#breadcrumb\"},\"inLanguage\":\"fr-FR\",\"potentialAction\":[{\"@type\":\"ReadAction\",\"target\":[\"https:\/\/www.toutsurmesfinances.com\/patrimoine\/a\/www-memoire-lavoixdunord-fr-avis-de-deces-de-la-region-nord-pas-de-calais\"]}]},{\"@type\":\"BreadcrumbList\",\"@id\":\"https:\/\/www.toutsurmesfinances.com\/patrimoine\/a\/www-memoire-lavoixdunord-fr-avis-de-deces-de-la-region-nord-pas-de-calais#breadcrumb\",\"itemListElement\":[{\"@type\":\"ListItem\",\"position\":1,\"name\":\"Accueil\",\"item\":\"https:\/\/www.toutsurmesfinances.com\/patrimoine\/\"},{\"@type\":\"ListItem\",\"position\":2,\"name\":\"Transmission\",\"item\":\"https:\/\/www.toutsurmesfinances.com\/patrimoine\/c\/transmission\"},{\"@type\":\"ListItem\",\"position\":3,\"name\":\"www.memoire.lavoixdunord.fr : avis de d\u00e9c\u00e8s de la r\u00e9gion Nord-Pas-de-Calais\"}]},{\"@type\":\"WebSite\",\"@id\":\"https:\/\/www.toutsurmesfinances.com\/patrimoine\/#website\",\"url\":\"https:\/\/www.toutsurmesfinances.com\/patrimoine\/\",\"name\":\"Patrimoine\",\"description\":\"\",\"publisher\":{\"@id\":\"https:\/\/www.toutsurmesfinances.com\/patrimoine\/#organization\"},\"potentialAction\":[{\"@type\":\"SearchAction\",\"target\":{\"@type\":\"EntryPoint\",\"urlTemplate\":\"https:\/\/www.toutsurmesfinances.com\/patrimoine\/?s={search_term_string}\"},\"query-input\":{\"@type\":\"PropertyValueSpecification\",\"valueRequired\":true,\"valueName\":\"search_term_string\"}}],\"inLanguage\":\"fr-FR\"},{\"@type\":\"Organization\",\"@id\":\"https:\/\/www.toutsurmesfinances.com\/patrimoine\/#organization\",\"name\":\"Tout Sur Mes Finances\",\"url\":\"https:\/\/www.toutsurmesfinances.com\/patrimoine\/\",\"logo\":{\"@type\":\"ImageObject\",\"inLanguage\":\"fr-FR\",\"@id\":\"https:\/\/www.toutsurmesfinances.com\/patrimoine\/#\/schema\/logo\/image\/\",\"url\":\"https:\/\/www.toutsurmesfinances.com\/patrimoine\/wp-content\/uploads\/sites\/2\/2021\/01\/favicon.png\",\"contentUrl\":\"https:\/\/www.toutsurmesfinances.com\/patrimoine\/wp-content\/uploads\/sites\/2\/2021\/01\/favicon.png\",\"width\":512,\"height\":512,\"caption\":\"Tout Sur Mes Finances\"},\"image\":{\"@id\":\"https:\/\/www.toutsurmesfinances.com\/patrimoine\/#\/schema\/logo\/image\/\"},\"sameAs\":[\"https:\/\/x.com\/Toutsur\"]},{\"@type\":\"Person\",\"@id\":\"https:\/\/www.toutsurmesfinances.com\/patrimoine\/#\/schema\/person\/f3692b3163890cd1408bd0dc68a1b55a\",\"name\":\"Olivier Brunet\",\"image\":{\"@type\":\"ImageObject\",\"inLanguage\":\"fr-FR\",\"@id\":\"https:\/\/www.toutsurmesfinances.com\/patrimoine\/#\/schema\/person\/image\/\",\"url\":\"https:\/\/secure.gravatar.com\/avatar\/59a19214b7bb3163a27d873fa61f9a80?s=96&d=mm&r=g\",\"contentUrl\":\"https:\/\/secure.gravatar.com\/avatar\/59a19214b7bb3163a27d873fa61f9a80?s=96&d=mm&r=g\",\"caption\":\"Olivier Brunet\"},\"description\":\"Olivier Brunet est cofondateur de\u00a0ToutSurMesFinances.com\u00a0et r\u00e9dacteur en chef sp\u00e9cialis\u00e9 en placements et fiscalit\u00e9\u00a0des particuliers. Pr\u00e9sent\u00a0au sein du\u00a0m\u00e9dia\u00a0depuis sa cr\u00e9ation, il en est l\u2019un des piliers \u00e9ditoriaux. Il analyse les strat\u00e9gies d\u2019investissement,\u00a0suit\u00a0les \u00e9volutions fiscales et les\u00a0probl\u00e9matiques\u00a0patrimoniales\u00a0avec une vision long terme, forg\u00e9e par des ann\u00e9es de pratique et de suivi des march\u00e9s.\u00a0\",\"sameAs\":[\"https:\/\/www.toutsurmesfinances.com\/author\/olivier\",\"https:\/\/www.linkedin.com\/in\/obrunet\/\"]}]}<\/script>\n<!-- \/ Yoast SEO plugin. -->","yoast_head_json":{"title":"www.memoire.lavoixdunord.fr : avis de d\u00e9c\u00e8s de la r\u00e9gion Nord-Pas-de-Calais","description":"Pr\u00e9sentation du site d'avis de d\u00e9c\u00e8s www.memoire.lavoixdunord.fr (r\u00e9gion Nord-Pas-de-Calais)","robots":{"index":"index","follow":"follow","max-snippet":"max-snippet:-1","max-image-preview":"max-image-preview:large","max-video-preview":"max-video-preview:-1"},"canonical":"https:\/\/www.toutsurmesfinances.com\/patrimoine\/a\/www-memoire-lavoixdunord-fr-avis-de-deces-de-la-region-nord-pas-de-calais","og_locale":"fr_FR","og_type":"article","og_title":"www.memoire.lavoixdunord.fr : avis de d\u00e9c\u00e8s de la r\u00e9gion Nord-Pas-de-Calais","og_description":"Pr\u00e9sentation du site d'avis de d\u00e9c\u00e8s www.memoire.lavoixdunord.fr (r\u00e9gion Nord-Pas-de-Calais)","og_url":"https:\/\/www.toutsurmesfinances.com\/patrimoine\/a\/www-memoire-lavoixdunord-fr-avis-de-deces-de-la-region-nord-pas-de-calais","og_site_name":"Patrimoine","article_published_time":"2011-01-28T12:50:10+00:00","article_modified_time":"2014-09-10T09:58:12+00:00","author":"Olivier Brunet","twitter_card":"summary_large_image","twitter_creator":"@Toutsur","twitter_site":"@Toutsur","twitter_misc":{"\u00c9crit par":"Olivier Brunet","Dur\u00e9e de lecture estim\u00e9e":"1 minute"},"schema":{"@context":"https:\/\/schema.org","@graph":[{"@type":"Article","@id":"https:\/\/www.toutsurmesfinances.com\/patrimoine\/a\/www-memoire-lavoixdunord-fr-avis-de-deces-de-la-region-nord-pas-de-calais#article","isPartOf":{"@id":"https:\/\/www.toutsurmesfinances.com\/patrimoine\/a\/www-memoire-lavoixdunord-fr-avis-de-deces-de-la-region-nord-pas-de-calais"},"author":{"name":"Olivier Brunet","@id":"https:\/\/www.toutsurmesfinances.com\/patrimoine\/#\/schema\/person\/f3692b3163890cd1408bd0dc68a1b55a"},"headline":"www.memoire.lavoixdunord.fr : avis de d\u00e9c\u00e8s de la r\u00e9gion Nord-Pas-de-Calais","dateModified":"2014-09-10T09:58:12+00:00","mainEntityOfPage":{"@id":"https:\/\/www.toutsurmesfinances.com\/patrimoine\/a\/www-memoire-lavoixdunord-fr-avis-de-deces-de-la-region-nord-pas-de-calais"},"wordCount":127,"publisher":{"@id":"https:\/\/www.toutsurmesfinances.com\/patrimoine\/#organization"},"articleSection":["Transmission"],"inLanguage":"fr-FR"},{"@type":"WebPage","@id":"https:\/\/www.toutsurmesfinances.com\/patrimoine\/a\/www-memoire-lavoixdunord-fr-avis-de-deces-de-la-region-nord-pas-de-calais","url":"https:\/\/www.toutsurmesfinances.com\/patrimoine\/a\/www-memoire-lavoixdunord-fr-avis-de-deces-de-la-region-nord-pas-de-calais","name":"www.memoire.lavoixdunord.fr : avis de d\u00e9c\u00e8s de la r\u00e9gion Nord-Pas-de-Calais","isPartOf":{"@id":"https:\/\/www.toutsurmesfinances.com\/patrimoine\/#website"},"dateModified":"2014-09-10T09:58:12+00:00","description":"Pr\u00e9sentation du site d'avis de d\u00e9c\u00e8s www.memoire.lavoixdunord.fr (r\u00e9gion Nord-Pas-de-Calais)","breadcrumb":{"@id":"https:\/\/www.toutsurmesfinances.com\/patrimoine\/a\/www-memoire-lavoixdunord-fr-avis-de-deces-de-la-region-nord-pas-de-calais#breadcrumb"},"inLanguage":"fr-FR","potentialAction":[{"@type":"ReadAction","target":["https:\/\/www.toutsurmesfinances.com\/patrimoine\/a\/www-memoire-lavoixdunord-fr-avis-de-deces-de-la-region-nord-pas-de-calais"]}]},{"@type":"BreadcrumbList","@id":"https:\/\/www.toutsurmesfinances.com\/patrimoine\/a\/www-memoire-lavoixdunord-fr-avis-de-deces-de-la-region-nord-pas-de-calais#breadcrumb","itemListElement":[{"@type":"ListItem","position":1,"name":"Accueil","item":"https:\/\/www.toutsurmesfinances.com\/patrimoine\/"},{"@type":"ListItem","position":2,"name":"Transmission","item":"https:\/\/www.toutsurmesfinances.com\/patrimoine\/c\/transmission"},{"@type":"ListItem","position":3,"name":"www.memoire.lavoixdunord.fr : avis de d\u00e9c\u00e8s de la r\u00e9gion Nord-Pas-de-Calais"}]},{"@type":"WebSite","@id":"https:\/\/www.toutsurmesfinances.com\/patrimoine\/#website","url":"https:\/\/www.toutsurmesfinances.com\/patrimoine\/","name":"Patrimoine","description":"","publisher":{"@id":"https:\/\/www.toutsurmesfinances.com\/patrimoine\/#organization"},"potentialAction":[{"@type":"SearchAction","target":{"@type":"EntryPoint","urlTemplate":"https:\/\/www.toutsurmesfinances.com\/patrimoine\/?s={search_term_string}"},"query-input":{"@type":"PropertyValueSpecification","valueRequired":true,"valueName":"search_term_string"}}],"inLanguage":"fr-FR"},{"@type":"Organization","@id":"https:\/\/www.toutsurmesfinances.com\/patrimoine\/#organization","name":"Tout Sur Mes Finances","url":"https:\/\/www.toutsurmesfinances.com\/patrimoine\/","logo":{"@type":"ImageObject","inLanguage":"fr-FR","@id":"https:\/\/www.toutsurmesfinances.com\/patrimoine\/#\/schema\/logo\/image\/","url":"https:\/\/www.toutsurmesfinances.com\/patrimoine\/wp-content\/uploads\/sites\/2\/2021\/01\/favicon.png","contentUrl":"https:\/\/www.toutsurmesfinances.com\/patrimoine\/wp-content\/uploads\/sites\/2\/2021\/01\/favicon.png","width":512,"height":512,"caption":"Tout Sur Mes Finances"},"image":{"@id":"https:\/\/www.toutsurmesfinances.com\/patrimoine\/#\/schema\/logo\/image\/"},"sameAs":["https:\/\/x.com\/Toutsur"]},{"@type":"Person","@id":"https:\/\/www.toutsurmesfinances.com\/patrimoine\/#\/schema\/person\/f3692b3163890cd1408bd0dc68a1b55a","name":"Olivier Brunet","image":{"@type":"ImageObject","inLanguage":"fr-FR","@id":"https:\/\/www.toutsurmesfinances.com\/patrimoine\/#\/schema\/person\/image\/","url":"https:\/\/secure.gravatar.com\/avatar\/59a19214b7bb3163a27d873fa61f9a80?s=96&d=mm&r=g","contentUrl":"https:\/\/secure.gravatar.com\/avatar\/59a19214b7bb3163a27d873fa61f9a80?s=96&d=mm&r=g","caption":"Olivier Brunet"},"description":"Olivier Brunet est cofondateur de\u00a0ToutSurMesFinances.com\u00a0et r\u00e9dacteur en chef sp\u00e9cialis\u00e9 en placements et fiscalit\u00e9\u00a0des particuliers. Pr\u00e9sent\u00a0au sein du\u00a0m\u00e9dia\u00a0depuis sa cr\u00e9ation, il en est l\u2019un des piliers \u00e9ditoriaux. Il analyse les strat\u00e9gies d\u2019investissement,\u00a0suit\u00a0les \u00e9volutions fiscales et les\u00a0probl\u00e9matiques\u00a0patrimoniales\u00a0avec une vision long terme, forg\u00e9e par des ann\u00e9es de pratique et de suivi des march\u00e9s.\u00a0","sameAs":["https:\/\/www.toutsurmesfinances.com\/author\/olivier","https:\/\/www.linkedin.com\/in\/obrunet\/"]}]}},"_links":{"self":[{"href":"https:\/\/www.toutsurmesfinances.com\/patrimoine\/wp-json\/wp\/v2\/posts\/1813","targetHints":{"allow":["GET"]}}],"collection":[{"href":"https:\/\/www.toutsurmesfinances.com\/patrimoine\/wp-json\/wp\/v2\/posts"}],"about":[{"href":"https:\/\/www.toutsurmesfinances.com\/patrimoine\/wp-json\/wp\/v2\/types\/post"}],"author":[{"embeddable":true,"href":"https:\/\/www.toutsurmesfinances.com\/patrimoine\/wp-json\/wp\/v2\/users\/13709"}],"replies":[{"embeddable":true,"href":"https:\/\/www.toutsurmesfinances.com\/patrimoine\/wp-json\/wp\/v2\/comments?post=1813"}],"version-history":[{"count":0,"href":"https:\/\/www.toutsurmesfinances.com\/patrimoine\/wp-json\/wp\/v2\/posts\/1813\/revisions"}],"wp:attachment":[{"href":"https:\/\/www.toutsurmesfinances.com\/patrimoine\/wp-json\/wp\/v2\/media?parent=1813"}],"wp:term":[{"taxonomy":"category","embeddable":true,"href":"https:\/\/www.toutsurmesfinances.com\/patrimoine\/wp-json\/wp\/v2\/categories?post=1813"},{"taxonomy":"post_tag","embeddable":true,"href":"https:\/\/www.toutsurmesfinances.com\/patrimoine\/wp-json\/wp\/v2\/tags?post=1813"}],"curies":[{"name":"wp","href":"https:\/\/api.w.org\/{rel}","templated":true}]}}