{"id":2009,"date":"2010-12-17T15:25:17","date_gmt":"2010-12-17T14:25:17","guid":{"rendered":"https:\/\/www.toutsurmesfinances.com\/patrimoine\/a\/le-taux-de-reduction-pour-investissement-direct-dans-une-pme-finalement-ramene-a-50"},"modified":"2012-12-12T14:19:41","modified_gmt":"2012-12-12T14:19:41","slug":"le-taux-de-reduction-pour-investissement-direct-dans-une-pme-finalement-ramene-a-50","status":"publish","type":"post","link":"https:\/\/www.toutsurmesfinances.com\/patrimoine\/a\/le-taux-de-reduction-pour-investissement-direct-dans-une-pme-finalement-ramene-a-50","title":{"rendered":"Le taux de r\u00e9duction pour investissement direct dans une PME finalement ramen\u00e9 \u00e0 50%"},"content":{"rendered":"<p>Les d\u00e9put\u00e9s ont finalement obtenu gain de cause. Les deux chambres ont adopt\u00e9 le 15 d\u00e9cembre le texte \u00e9labor\u00e9 par la commission mixte paritaire (7 d\u00e9put\u00e9s, 7 s\u00e9nateurs), dont la fixation \u00e0 50% du taux de r\u00e9duction d&rsquo;ISF au titre des souscriptions directes au capital de PME \u00e9ligibles \u00e0 la loi Tepa.<\/p>\n<p>Le coup de rabot n&rsquo;aura donc pas \u00e9t\u00e9 limit\u00e9 \u00e0 10 points, soit un taux de r\u00e9duction 67,5%, tel qu&rsquo;initialement propos\u00e9 par le rapporteur g\u00e9n\u00e9ral de la commission des finances Philippe Marini. Le plafond de r\u00e9duction a quant \u00e0 lui \u00e9t\u00e9 rabot\u00e9 de 10%, de 50.000 \u00e0 45.000 euros par an.<\/p>\n<p><strong>Retour d&rsquo;une \u00ab rationalit\u00e9 \u00e9conomique \u00bb<br \/><\/strong><br \/>\u00ab Le S\u00e9nat nous a suivis, en consid\u00e9rant que d\u00e8s lors qu&rsquo;un investissement est subventionn\u00e9 pour les trois quarts par un cr\u00e9dit d&rsquo;imp\u00f4t, il n&rsquo;y a plus de rationalit\u00e9 \u00e9conomique : on est pr\u00eat \u00e0 investir dans n&rsquo;importe quoi et le dispositif n&rsquo;a plus de finalit\u00e9 \u00e9conomique mais seulement fiscale. Un taux de 50 % permettra une meilleure responsabilisation \u00bb, a consid\u00e9r\u00e9 le d\u00e9put\u00e9 UMP Gilles Carrez, rapporteur de la commission mixte paritaire.<\/p>\n<p>Pour le ministre de l&rsquo;\u00e9conomie Fran\u00e7ois Baroin, \u00ab nous avons, me semble-t-il, trouv\u00e9 un bon point d&rsquo;accord \u00bb.<\/p>\n","protected":false},"excerpt":{"rendered":"<p>Le dispositif ISF-PME remodel\u00e9 par le PLF 2011 n&rsquo;accorde plus d&rsquo;avantage de taux entre souscription directe et investissement via un v\u00e9hicule collectif.<\/p>\n","protected":false},"author":13709,"featured_media":0,"comment_status":"closed","ping_status":"closed","sticky":false,"template":"","format":"standard","meta":{"footnotes":""},"categories":[29],"tags":[],"class_list":["post-2009","post","type-post","status-publish","format-standard","hentry","category-fiscalite"],"acf":[],"yoast_head":"<!-- This site is optimized with the Yoast SEO plugin v24.9 - https:\/\/yoast.com\/wordpress\/plugins\/seo\/ -->\n<title>Le taux de r\u00e9duction pour investissement direct dans une PME finalement ramen\u00e9 \u00e0 50%<\/title>\n<meta name=\"description\" content=\"Le dispositif ISF-PME remodel\u00e9 par le PLF 2011 n&#039;accorde plus d&#039;avantage de taux entre souscription directe et investissement via un v\u00e9hicule collectif.\" \/>\n<meta name=\"robots\" content=\"index, follow, max-snippet:-1, max-image-preview:large, max-video-preview:-1\" \/>\n<link rel=\"canonical\" href=\"https:\/\/www.toutsurmesfinances.com\/patrimoine\/a\/le-taux-de-reduction-pour-investissement-direct-dans-une-pme-finalement-ramene-a-50\" \/>\n<meta property=\"og:locale\" content=\"fr_FR\" \/>\n<meta property=\"og:type\" content=\"article\" \/>\n<meta property=\"og:title\" content=\"Le taux de r\u00e9duction pour investissement direct dans une PME finalement ramen\u00e9 \u00e0 50%\" \/>\n<meta property=\"og:description\" content=\"Le dispositif ISF-PME remodel\u00e9 par le PLF 2011 n&#039;accorde plus d&#039;avantage de taux entre souscription directe et investissement via un v\u00e9hicule collectif.\" \/>\n<meta property=\"og:url\" content=\"https:\/\/www.toutsurmesfinances.com\/patrimoine\/a\/le-taux-de-reduction-pour-investissement-direct-dans-une-pme-finalement-ramene-a-50\" \/>\n<meta property=\"og:site_name\" content=\"Patrimoine\" \/>\n<meta property=\"article:published_time\" content=\"2010-12-17T14:25:17+00:00\" \/>\n<meta property=\"article:modified_time\" content=\"2012-12-12T14:19:41+00:00\" \/>\n<meta name=\"author\" content=\"Olivier Brunet\" \/>\n<meta name=\"twitter:card\" content=\"summary_large_image\" \/>\n<meta name=\"twitter:creator\" content=\"@Toutsur\" \/>\n<meta name=\"twitter:site\" content=\"@Toutsur\" \/>\n<meta name=\"twitter:label1\" content=\"\u00c9crit par\" \/>\n\t<meta name=\"twitter:data1\" content=\"Olivier Brunet\" \/>\n\t<meta name=\"twitter:label2\" content=\"Dur\u00e9e de lecture estim\u00e9e\" \/>\n\t<meta name=\"twitter:data2\" content=\"1 minute\" \/>\n<script type=\"application\/ld+json\" class=\"yoast-schema-graph\">{\"@context\":\"https:\/\/schema.org\",\"@graph\":[{\"@type\":\"Article\",\"@id\":\"https:\/\/www.toutsurmesfinances.com\/patrimoine\/a\/le-taux-de-reduction-pour-investissement-direct-dans-une-pme-finalement-ramene-a-50#article\",\"isPartOf\":{\"@id\":\"https:\/\/www.toutsurmesfinances.com\/patrimoine\/a\/le-taux-de-reduction-pour-investissement-direct-dans-une-pme-finalement-ramene-a-50\"},\"author\":{\"name\":\"Olivier Brunet\",\"@id\":\"https:\/\/www.toutsurmesfinances.com\/patrimoine\/#\/schema\/person\/f3692b3163890cd1408bd0dc68a1b55a\"},\"headline\":\"Le taux de r\u00e9duction pour investissement direct dans une PME finalement ramen\u00e9 \u00e0 50%\",\"dateModified\":\"2012-12-12T14:19:41+00:00\",\"mainEntityOfPage\":{\"@id\":\"https:\/\/www.toutsurmesfinances.com\/patrimoine\/a\/le-taux-de-reduction-pour-investissement-direct-dans-une-pme-finalement-ramene-a-50\"},\"wordCount\":220,\"publisher\":{\"@id\":\"https:\/\/www.toutsurmesfinances.com\/patrimoine\/#organization\"},\"articleSection\":[\"Fiscalit\u00e9\"],\"inLanguage\":\"fr-FR\"},{\"@type\":\"WebPage\",\"@id\":\"https:\/\/www.toutsurmesfinances.com\/patrimoine\/a\/le-taux-de-reduction-pour-investissement-direct-dans-une-pme-finalement-ramene-a-50\",\"url\":\"https:\/\/www.toutsurmesfinances.com\/patrimoine\/a\/le-taux-de-reduction-pour-investissement-direct-dans-une-pme-finalement-ramene-a-50\",\"name\":\"Le taux de r\u00e9duction pour investissement direct dans une PME finalement ramen\u00e9 \u00e0 50%\",\"isPartOf\":{\"@id\":\"https:\/\/www.toutsurmesfinances.com\/patrimoine\/#website\"},\"dateModified\":\"2012-12-12T14:19:41+00:00\",\"description\":\"Le dispositif ISF-PME remodel\u00e9 par le PLF 2011 n'accorde plus d'avantage de taux entre souscription directe et investissement via un v\u00e9hicule collectif.\",\"breadcrumb\":{\"@id\":\"https:\/\/www.toutsurmesfinances.com\/patrimoine\/a\/le-taux-de-reduction-pour-investissement-direct-dans-une-pme-finalement-ramene-a-50#breadcrumb\"},\"inLanguage\":\"fr-FR\",\"potentialAction\":[{\"@type\":\"ReadAction\",\"target\":[\"https:\/\/www.toutsurmesfinances.com\/patrimoine\/a\/le-taux-de-reduction-pour-investissement-direct-dans-une-pme-finalement-ramene-a-50\"]}]},{\"@type\":\"BreadcrumbList\",\"@id\":\"https:\/\/www.toutsurmesfinances.com\/patrimoine\/a\/le-taux-de-reduction-pour-investissement-direct-dans-une-pme-finalement-ramene-a-50#breadcrumb\",\"itemListElement\":[{\"@type\":\"ListItem\",\"position\":1,\"name\":\"Accueil\",\"item\":\"https:\/\/www.toutsurmesfinances.com\/patrimoine\/\"},{\"@type\":\"ListItem\",\"position\":2,\"name\":\"Fiscalit\u00e9\",\"item\":\"https:\/\/www.toutsurmesfinances.com\/patrimoine\/c\/fiscalite\"},{\"@type\":\"ListItem\",\"position\":3,\"name\":\"Le taux de r\u00e9duction pour investissement direct dans une PME finalement ramen\u00e9 \u00e0 50%\"}]},{\"@type\":\"WebSite\",\"@id\":\"https:\/\/www.toutsurmesfinances.com\/patrimoine\/#website\",\"url\":\"https:\/\/www.toutsurmesfinances.com\/patrimoine\/\",\"name\":\"Patrimoine\",\"description\":\"\",\"publisher\":{\"@id\":\"https:\/\/www.toutsurmesfinances.com\/patrimoine\/#organization\"},\"potentialAction\":[{\"@type\":\"SearchAction\",\"target\":{\"@type\":\"EntryPoint\",\"urlTemplate\":\"https:\/\/www.toutsurmesfinances.com\/patrimoine\/?s={search_term_string}\"},\"query-input\":{\"@type\":\"PropertyValueSpecification\",\"valueRequired\":true,\"valueName\":\"search_term_string\"}}],\"inLanguage\":\"fr-FR\"},{\"@type\":\"Organization\",\"@id\":\"https:\/\/www.toutsurmesfinances.com\/patrimoine\/#organization\",\"name\":\"Tout Sur Mes Finances\",\"url\":\"https:\/\/www.toutsurmesfinances.com\/patrimoine\/\",\"logo\":{\"@type\":\"ImageObject\",\"inLanguage\":\"fr-FR\",\"@id\":\"https:\/\/www.toutsurmesfinances.com\/patrimoine\/#\/schema\/logo\/image\/\",\"url\":\"https:\/\/www.toutsurmesfinances.com\/patrimoine\/wp-content\/uploads\/sites\/2\/2021\/01\/favicon.png\",\"contentUrl\":\"https:\/\/www.toutsurmesfinances.com\/patrimoine\/wp-content\/uploads\/sites\/2\/2021\/01\/favicon.png\",\"width\":512,\"height\":512,\"caption\":\"Tout Sur Mes Finances\"},\"image\":{\"@id\":\"https:\/\/www.toutsurmesfinances.com\/patrimoine\/#\/schema\/logo\/image\/\"},\"sameAs\":[\"https:\/\/x.com\/Toutsur\"]},{\"@type\":\"Person\",\"@id\":\"https:\/\/www.toutsurmesfinances.com\/patrimoine\/#\/schema\/person\/f3692b3163890cd1408bd0dc68a1b55a\",\"name\":\"Olivier Brunet\",\"image\":{\"@type\":\"ImageObject\",\"inLanguage\":\"fr-FR\",\"@id\":\"https:\/\/www.toutsurmesfinances.com\/patrimoine\/#\/schema\/person\/image\/\",\"url\":\"https:\/\/secure.gravatar.com\/avatar\/59a19214b7bb3163a27d873fa61f9a80?s=96&d=mm&r=g\",\"contentUrl\":\"https:\/\/secure.gravatar.com\/avatar\/59a19214b7bb3163a27d873fa61f9a80?s=96&d=mm&r=g\",\"caption\":\"Olivier Brunet\"},\"description\":\"Olivier Brunet est cofondateur de\u00a0ToutSurMesFinances.com\u00a0et r\u00e9dacteur en chef sp\u00e9cialis\u00e9 en placements et fiscalit\u00e9\u00a0des particuliers. Pr\u00e9sent\u00a0au sein du\u00a0m\u00e9dia\u00a0depuis sa cr\u00e9ation, il en est l\u2019un des piliers \u00e9ditoriaux. Il analyse les strat\u00e9gies d\u2019investissement,\u00a0suit\u00a0les \u00e9volutions fiscales et les\u00a0probl\u00e9matiques\u00a0patrimoniales\u00a0avec une vision long terme, forg\u00e9e par des ann\u00e9es de pratique et de suivi des march\u00e9s.\u00a0\",\"sameAs\":[\"https:\/\/www.toutsurmesfinances.com\/author\/olivier\",\"https:\/\/www.linkedin.com\/in\/obrunet\/\"]}]}<\/script>\n<!-- \/ Yoast SEO plugin. -->","yoast_head_json":{"title":"Le taux de r\u00e9duction pour investissement direct dans une PME finalement ramen\u00e9 \u00e0 50%","description":"Le dispositif ISF-PME remodel\u00e9 par le PLF 2011 n'accorde plus d'avantage de taux entre souscription directe et investissement via un v\u00e9hicule collectif.","robots":{"index":"index","follow":"follow","max-snippet":"max-snippet:-1","max-image-preview":"max-image-preview:large","max-video-preview":"max-video-preview:-1"},"canonical":"https:\/\/www.toutsurmesfinances.com\/patrimoine\/a\/le-taux-de-reduction-pour-investissement-direct-dans-une-pme-finalement-ramene-a-50","og_locale":"fr_FR","og_type":"article","og_title":"Le taux de r\u00e9duction pour investissement direct dans une PME finalement ramen\u00e9 \u00e0 50%","og_description":"Le dispositif ISF-PME remodel\u00e9 par le PLF 2011 n'accorde plus d'avantage de taux entre souscription directe et investissement via un v\u00e9hicule collectif.","og_url":"https:\/\/www.toutsurmesfinances.com\/patrimoine\/a\/le-taux-de-reduction-pour-investissement-direct-dans-une-pme-finalement-ramene-a-50","og_site_name":"Patrimoine","article_published_time":"2010-12-17T14:25:17+00:00","article_modified_time":"2012-12-12T14:19:41+00:00","author":"Olivier Brunet","twitter_card":"summary_large_image","twitter_creator":"@Toutsur","twitter_site":"@Toutsur","twitter_misc":{"\u00c9crit par":"Olivier Brunet","Dur\u00e9e de lecture estim\u00e9e":"1 minute"},"schema":{"@context":"https:\/\/schema.org","@graph":[{"@type":"Article","@id":"https:\/\/www.toutsurmesfinances.com\/patrimoine\/a\/le-taux-de-reduction-pour-investissement-direct-dans-une-pme-finalement-ramene-a-50#article","isPartOf":{"@id":"https:\/\/www.toutsurmesfinances.com\/patrimoine\/a\/le-taux-de-reduction-pour-investissement-direct-dans-une-pme-finalement-ramene-a-50"},"author":{"name":"Olivier Brunet","@id":"https:\/\/www.toutsurmesfinances.com\/patrimoine\/#\/schema\/person\/f3692b3163890cd1408bd0dc68a1b55a"},"headline":"Le taux de r\u00e9duction pour investissement direct dans une PME finalement ramen\u00e9 \u00e0 50%","dateModified":"2012-12-12T14:19:41+00:00","mainEntityOfPage":{"@id":"https:\/\/www.toutsurmesfinances.com\/patrimoine\/a\/le-taux-de-reduction-pour-investissement-direct-dans-une-pme-finalement-ramene-a-50"},"wordCount":220,"publisher":{"@id":"https:\/\/www.toutsurmesfinances.com\/patrimoine\/#organization"},"articleSection":["Fiscalit\u00e9"],"inLanguage":"fr-FR"},{"@type":"WebPage","@id":"https:\/\/www.toutsurmesfinances.com\/patrimoine\/a\/le-taux-de-reduction-pour-investissement-direct-dans-une-pme-finalement-ramene-a-50","url":"https:\/\/www.toutsurmesfinances.com\/patrimoine\/a\/le-taux-de-reduction-pour-investissement-direct-dans-une-pme-finalement-ramene-a-50","name":"Le taux de r\u00e9duction pour investissement direct dans une PME finalement ramen\u00e9 \u00e0 50%","isPartOf":{"@id":"https:\/\/www.toutsurmesfinances.com\/patrimoine\/#website"},"dateModified":"2012-12-12T14:19:41+00:00","description":"Le dispositif ISF-PME remodel\u00e9 par le PLF 2011 n'accorde plus d'avantage de taux entre souscription directe et investissement via un v\u00e9hicule collectif.","breadcrumb":{"@id":"https:\/\/www.toutsurmesfinances.com\/patrimoine\/a\/le-taux-de-reduction-pour-investissement-direct-dans-une-pme-finalement-ramene-a-50#breadcrumb"},"inLanguage":"fr-FR","potentialAction":[{"@type":"ReadAction","target":["https:\/\/www.toutsurmesfinances.com\/patrimoine\/a\/le-taux-de-reduction-pour-investissement-direct-dans-une-pme-finalement-ramene-a-50"]}]},{"@type":"BreadcrumbList","@id":"https:\/\/www.toutsurmesfinances.com\/patrimoine\/a\/le-taux-de-reduction-pour-investissement-direct-dans-une-pme-finalement-ramene-a-50#breadcrumb","itemListElement":[{"@type":"ListItem","position":1,"name":"Accueil","item":"https:\/\/www.toutsurmesfinances.com\/patrimoine\/"},{"@type":"ListItem","position":2,"name":"Fiscalit\u00e9","item":"https:\/\/www.toutsurmesfinances.com\/patrimoine\/c\/fiscalite"},{"@type":"ListItem","position":3,"name":"Le taux de r\u00e9duction pour investissement direct dans une PME finalement ramen\u00e9 \u00e0 50%"}]},{"@type":"WebSite","@id":"https:\/\/www.toutsurmesfinances.com\/patrimoine\/#website","url":"https:\/\/www.toutsurmesfinances.com\/patrimoine\/","name":"Patrimoine","description":"","publisher":{"@id":"https:\/\/www.toutsurmesfinances.com\/patrimoine\/#organization"},"potentialAction":[{"@type":"SearchAction","target":{"@type":"EntryPoint","urlTemplate":"https:\/\/www.toutsurmesfinances.com\/patrimoine\/?s={search_term_string}"},"query-input":{"@type":"PropertyValueSpecification","valueRequired":true,"valueName":"search_term_string"}}],"inLanguage":"fr-FR"},{"@type":"Organization","@id":"https:\/\/www.toutsurmesfinances.com\/patrimoine\/#organization","name":"Tout Sur Mes Finances","url":"https:\/\/www.toutsurmesfinances.com\/patrimoine\/","logo":{"@type":"ImageObject","inLanguage":"fr-FR","@id":"https:\/\/www.toutsurmesfinances.com\/patrimoine\/#\/schema\/logo\/image\/","url":"https:\/\/www.toutsurmesfinances.com\/patrimoine\/wp-content\/uploads\/sites\/2\/2021\/01\/favicon.png","contentUrl":"https:\/\/www.toutsurmesfinances.com\/patrimoine\/wp-content\/uploads\/sites\/2\/2021\/01\/favicon.png","width":512,"height":512,"caption":"Tout Sur Mes Finances"},"image":{"@id":"https:\/\/www.toutsurmesfinances.com\/patrimoine\/#\/schema\/logo\/image\/"},"sameAs":["https:\/\/x.com\/Toutsur"]},{"@type":"Person","@id":"https:\/\/www.toutsurmesfinances.com\/patrimoine\/#\/schema\/person\/f3692b3163890cd1408bd0dc68a1b55a","name":"Olivier Brunet","image":{"@type":"ImageObject","inLanguage":"fr-FR","@id":"https:\/\/www.toutsurmesfinances.com\/patrimoine\/#\/schema\/person\/image\/","url":"https:\/\/secure.gravatar.com\/avatar\/59a19214b7bb3163a27d873fa61f9a80?s=96&d=mm&r=g","contentUrl":"https:\/\/secure.gravatar.com\/avatar\/59a19214b7bb3163a27d873fa61f9a80?s=96&d=mm&r=g","caption":"Olivier Brunet"},"description":"Olivier Brunet est cofondateur de\u00a0ToutSurMesFinances.com\u00a0et r\u00e9dacteur en chef sp\u00e9cialis\u00e9 en placements et fiscalit\u00e9\u00a0des particuliers. Pr\u00e9sent\u00a0au sein du\u00a0m\u00e9dia\u00a0depuis sa cr\u00e9ation, il en est l\u2019un des piliers \u00e9ditoriaux. Il analyse les strat\u00e9gies d\u2019investissement,\u00a0suit\u00a0les \u00e9volutions fiscales et les\u00a0probl\u00e9matiques\u00a0patrimoniales\u00a0avec une vision long terme, forg\u00e9e par des ann\u00e9es de pratique et de suivi des march\u00e9s.\u00a0","sameAs":["https:\/\/www.toutsurmesfinances.com\/author\/olivier","https:\/\/www.linkedin.com\/in\/obrunet\/"]}]}},"_links":{"self":[{"href":"https:\/\/www.toutsurmesfinances.com\/patrimoine\/wp-json\/wp\/v2\/posts\/2009","targetHints":{"allow":["GET"]}}],"collection":[{"href":"https:\/\/www.toutsurmesfinances.com\/patrimoine\/wp-json\/wp\/v2\/posts"}],"about":[{"href":"https:\/\/www.toutsurmesfinances.com\/patrimoine\/wp-json\/wp\/v2\/types\/post"}],"author":[{"embeddable":true,"href":"https:\/\/www.toutsurmesfinances.com\/patrimoine\/wp-json\/wp\/v2\/users\/13709"}],"replies":[{"embeddable":true,"href":"https:\/\/www.toutsurmesfinances.com\/patrimoine\/wp-json\/wp\/v2\/comments?post=2009"}],"version-history":[{"count":0,"href":"https:\/\/www.toutsurmesfinances.com\/patrimoine\/wp-json\/wp\/v2\/posts\/2009\/revisions"}],"wp:attachment":[{"href":"https:\/\/www.toutsurmesfinances.com\/patrimoine\/wp-json\/wp\/v2\/media?parent=2009"}],"wp:term":[{"taxonomy":"category","embeddable":true,"href":"https:\/\/www.toutsurmesfinances.com\/patrimoine\/wp-json\/wp\/v2\/categories?post=2009"},{"taxonomy":"post_tag","embeddable":true,"href":"https:\/\/www.toutsurmesfinances.com\/patrimoine\/wp-json\/wp\/v2\/tags?post=2009"}],"curies":[{"name":"wp","href":"https:\/\/api.w.org\/{rel}","templated":true}]}}