{"id":2080,"date":"2013-05-24T10:54:09","date_gmt":"2013-05-24T08:54:09","guid":{"rendered":"https:\/\/www.toutsurmesfinances.com\/patrimoine\/a\/isf-2013-les-reponses-des-notaires-de-paris-a-vos-questions"},"modified":"2017-07-27T09:31:45","modified_gmt":"2017-07-27T09:31:45","slug":"isf-2013-les-reponses-des-notaires-de-paris-a-vos-questions","status":"publish","type":"post","link":"https:\/\/www.toutsurmesfinances.com\/patrimoine\/a\/isf-2013-les-reponses-des-notaires-de-paris-a-vos-questions","title":{"rendered":"ISF 2017 : les r\u00e9ponses des notaires de Paris aux questions des contribuables assujettis"},"content":{"rendered":"\n<p>Un peu de r\u00e9pit pour les foyers assujettis \u00e0 l&rsquo;ISF. Apr\u00e8s trois ann\u00e9es mouvement\u00e9es en pleine p\u00e9riode \u00e9lectorale (2011-2012-2013), on peut constater une stabilit\u00e9 de la l\u00e9gislation fiscale pour l&rsquo;imp\u00f4t de solidarit\u00e9 sur la fortune (ISF), depuis la r\u00e9introduction d&rsquo;un bar\u00e8me progressif en 2013, assorti d&rsquo;un m\u00e9canisme de d\u00e9cote. En revanche, le cycle de baisse des prix immobiliers amorc\u00e9e en 2012 et achev\u00e9e en 2015 change la donne pour la d\u00e9termination de la base nette taxable au 1er janvier 2017. Autant de sujets \u00e0 l&rsquo;origine de nombreuses questions des internautes et lecteurs de Toutsurmesfinances.com, aux ont r\u00e9pondu les notaires de Paris.<\/p>\n<p>Les r\u00e9ponses des professionnels de la Chambre des notaires de Paris sont retranscrites ci-dessous. Elles ont \u00e9t\u00e9 class\u00e9es en quatre th\u00e8mes :<br \/><strong>&gt; <a href=\"https:\/\/www.toutsurmesfinances.com\/patrimoine\/a\/isf-2013-les-reponses-des-notaires-de-paris-a-vos-questions#evaluation-biens-immobiliers\">Evaluation des biens immobiliers<\/a><\/strong><br \/><strong>&gt; <a href=\"https:\/\/www.toutsurmesfinances.com\/patrimoine\/a\/isf-2013-les-reponses-des-notaires-de-paris-a-vos-questions#passifs-deductibles\">Passifs et emprunts d\u00e9ductibles<\/a><\/strong><br \/><strong>&gt; <a href=\"https:\/\/www.toutsurmesfinances.com\/patrimoine\/a\/isf-2013-les-reponses-des-notaires-de-paris-a-vos-questions#patrimoine-heritage\">Patrimoine re\u00e7u en h\u00e9ritage<\/a><\/strong><br \/><strong>&gt; <\/strong><a href=\"https:\/\/www.toutsurmesfinances.com\/patrimoine\/a\/isf-2013-les-reponses-des-notaires-de-paris-a-vos-questions#modalites-declaration\"><strong>Modalit\u00e9s de d\u00e9claration<\/strong><br \/><\/a><\/p>\n<p>&nbsp;<\/p>\n<h2 style=\"margin-left: 30px;\"><span class=\"ez-toc-section\" id=\"Evaluation_des_biens_immobiliers\"><\/span><a name=\"evaluation-biens-immobiliers\">Evaluation des biens immobiliers<\/a><span class=\"ez-toc-section-end\"><\/span><\/h2>\n<h3><span class=\"ez-toc-section\" id=\"%3E_Sous-evaluation_de_la_residence_principale\"><\/span>&gt; Sous-\u00e9valuation de la r\u00e9sidence principale<span class=\"ez-toc-section-end\"><\/span><\/h3>\n<p><strong><span style=\"text-decoration: underline;\">Question de Franck92<\/span> : Les prix de l&rsquo;immobilier ont baiss\u00e9 dans mon quartier depuis la mi-2012. Que dois-je faire sachant que j&rsquo;ai un peu sous-\u00e9valu\u00e9 ma r\u00e9sidence principale durant la derni\u00e8re d\u00e9cennie ?<\/strong><\/p>\n<p><strong>Notaires de Paris<\/strong> : Le contribuable doit \u00e9valuer ses biens chaque ann\u00e9e, la valeur servant de base \u00e0 l&rsquo;ISF \u00e9tant d\u00e9termin\u00e9e par le contribuable, sous r\u00e9serve du contr\u00f4le de l&rsquo;administration.<br \/>Les r\u00e8gles d&rsquo;\u00e9valuation applicables sont en principe celles pr\u00e9vues en mati\u00e8re de mutation par d\u00e9c\u00e8s. Les biens doivent donc \u00eatre \u00e9valu\u00e9s \u00e0 leur valeur v\u00e9nale r\u00e9elle (prix si le bien avait \u00e9t\u00e9 mis en vente, NDLR) au jour du fait g\u00e9n\u00e9rateur soit le 1er janvier de l&rsquo;ann\u00e9e d&rsquo;imposition. Pour cela vous pouvez vous rendre dans la rubrique immobilier de notre site <a href=\"http:\/\/www.notaires.paris-idf.fr%20\" target=\"_blank\" rel=\"nofollow\">www.notaires.paris-idf.fr <\/a><a href=\"http:\/\/www.notaires.paris-idf.fr\"><\/p>\n<p><\/a><\/p>\n<h3><span class=\"ez-toc-section\" id=\"%3E_Decote_en_cas_dindivision_et_de_demembrement\"><\/span>&gt; D\u00e9cote en cas d&rsquo;indivision et de d\u00e9membrement<span class=\"ez-toc-section-end\"><\/span><\/h3>\n<p><strong><span style=\"text-decoration: underline;\">Question de Pierre B.<\/span> : Une d\u00e9cote sur l&rsquo;ISF, pour nue-propri\u00e9t\u00e9 d\u00e9tenue en indivision, peut-elle \u00eatre appliqu\u00e9e dans le cas o\u00f9 une r\u00e9sidence (secondaire) avait fait l&rsquo;objet d&rsquo;une donation de ma m\u00e8re \u00e0 mes enfants pour un tiers, les deux tiers \u00e9tant ma propri\u00e9t\u00e9 pour laquelle je n&rsquo;ai pas effectu\u00e9 de donation ?<\/strong><\/p>\n<p><strong>Notaires de Paris<\/strong> : La d\u00e9tention d&rsquo;un immeuble en indivision affecte sa valeur v\u00e9nale. La Cour d&rsquo;Appel de Paris a valid\u00e9 l&rsquo;application d&rsquo;un abattement de 30% sur un immeuble d\u00e9tenu par deux co indivisaires (une m\u00e8re et un fils) qui n&rsquo;indiquaient aucune m\u00e9sentente entre eux (Cour d&rsquo;appel de Paris 4 d\u00e9cembre 2003).<\/p>\n<p>Il a \u00e9t\u00e9 jug\u00e9 que la circonstance que, pour l&rsquo;\u00e9tablissement de l&rsquo;ISF, les biens grev\u00e9s d&rsquo;un usufruit sont, en principe, compt\u00e9s pour leur valeur en pleine propri\u00e9t\u00e9 dans le patrimoine de l&rsquo;usufruitier n&rsquo;autorise pas le juge \u00e0 refuser de tenir compte de la perte de valeur v\u00e9nale d&rsquo;un immeuble dont la propri\u00e9t\u00e9 est d\u00e9membr\u00e9e du fait de l&rsquo;existence d&rsquo;une indivision portant sur la nue-propri\u00e9t\u00e9. En d&rsquo;autres termes, lorsque la nue-propri\u00e9t\u00e9 d&rsquo;un bien est indivise entre plusieurs h\u00e9ritiers, il doit \u00eatre tenu compte de cet \u00e9tat de droit pour \u00e9valuer le bien en pleine propri\u00e9t\u00e9.<\/p>\n<h3><span class=\"ez-toc-section\" id=\"%3E_Determination_de_la_residence_principale_en_cas_de_demenagement\"><\/span>&gt; D\u00e9termination de la r\u00e9sidence principale en cas de d\u00e9m\u00e9nagement<span class=\"ez-toc-section-end\"><\/span><\/h3>\n<p><strong><span style=\"text-decoration: underline;\">Question de Dany25<\/span> : Que se passe-t-il du point de vue fiscal quand on passe d&rsquo;une r\u00e9sidence principale A \u00e0 une r\u00e9sidence principale B, \u00e0 cheval sur 2 ann\u00e9es civiles, A \u00e9tant encore en vente en 2016 (et inoccup\u00e9e) et B ayant \u00e9t\u00e9 acquise en 2015 ? En fait, il s&rsquo;agit de savoir si on peut appliquer l&rsquo;abattement autoris\u00e9 de 30 % sur la r\u00e9sidence principale A, encore en vente au 1er janvier 2017, en plus de l&rsquo;abattement de 30% sur la nouvelle r\u00e9sidence principale (B). Merci d&rsquo;avance pour votre \u00e9clairage.<\/strong><\/p>\n<p><strong>Notaires de Paris :<\/strong> Le fait g\u00e9n\u00e9rateur de l&rsquo;imposition \u00e0 l&rsquo;ISF est le 1er janvier de chaque ann\u00e9e, par cons\u00e9quent c&rsquo;est \u00e0 cette date. La r\u00e9sidence principale du contribuable est celle qu&rsquo;il occupe le 1er janvier et seul cet immeuble b\u00e9n\u00e9ficie de l&rsquo;abattement de 30%. Il s&rsquo;agit d&rsquo;une question de fait que le service des imp\u00f4ts peut v\u00e9rifier sous le contr\u00f4le du juge de l&rsquo;imp\u00f4t.<br \/>&nbsp;<\/p>\n<h2 style=\"margin-left: 30px;\"><span class=\"ez-toc-section\" id=\"Passifs_deductibles\"><\/span><a name=\"passifs-deductibles\">Passifs d\u00e9ductibles<\/a><span class=\"ez-toc-section-end\"><\/span><\/h2>\n<h3><span class=\"ez-toc-section\" id=\"%3E_Impots_pouvant_etre_deduits_du_patrimoine_taxable\"><\/span>&gt; Imp\u00f4ts pouvant \u00eatre d\u00e9duits du patrimoine taxable<span class=\"ez-toc-section-end\"><\/span><\/h3>\n<p><strong><span style=\"text-decoration: underline;\">Question de FRAGO<\/span> : Dans la rubrique Passifs D\u00e9ductibles peut-on d\u00e9duire IRPP 2017 ? Taxe d&rsquo;habitation ? Redevance audiovisuelle ? Taxe fonci\u00e8re ? Emprunts ?<\/strong><\/p>\n<p><strong>Notaires de Paris<\/strong> : Une dette pour \u00eatre d\u00e9ductible doit exister au 1er janvier de l&rsquo;ann\u00e9e d&rsquo;imposition, \u00eatre \u00e0 la charge personnelle du redevable et \u00eatre (ou pouvoir \u00eatre) justifi\u00e9e. Par cons\u00e9quent les imp\u00f4ts dont le fait g\u00e9n\u00e9rateur se situe au plus tard le 1er janvier et qui restent \u00e0 payer \u00e0 cette date sont d\u00e9ductibles, ainsi :<br \/>Sont d\u00e9ductibles de l&rsquo;actif taxable \u00e0 ISF<br \/>\u2022 l&rsquo;imp\u00f4t sur les revenus de l&rsquo;ann\u00e9e pr\u00e9c\u00e9dente ainsi que les cotisations restant \u00e0 acquitter au 1er janvier sur les revenus des ann\u00e9es ant\u00e9rieures.<br \/>\u2022 La taxe d&rsquo;habitation ainsi que la contribution \u00e0 l&rsquo;audiovisuel public,<br \/>\u2022 La taxe fonci\u00e8re se rapportant \u00e0 des immeubles occup\u00e9s ou poss\u00e9d\u00e9s par le redevable au 1er janvier.<br \/>Si un immeuble est acquis moyennant un emprunt, sont d\u00e9ductibles au titre de l&rsquo;ISF :<br \/>\u2022 Le capital restant d\u00fb au 1er janvier de l&rsquo;ann\u00e9e d&rsquo;imposition,<br \/>\u2022 Les int\u00e9r\u00eats \u00e9chus et non pay\u00e9s au 1er janvier,<br \/>\u2022 Les int\u00e9r\u00eats courus au 1er janvier.<br \/>&nbsp;<\/p>\n<h3><span class=\"ez-toc-section\" id=\"%3E_Deductibilite_de_la_surtaxe_Fillon\"><\/span>&gt; D\u00e9ductibilit\u00e9 de la surtaxe Fillon<span class=\"ez-toc-section-end\"><\/span><\/h3>\n<p><strong><span style=\"text-decoration: underline;\">Question de Dodo<\/span> : La contribution exceptionnelle sur les hauts revenus (CEHR, aussi appel\u00e9 surtaxe Fillon) peut-elle figurer dans le passif de cette ann\u00e9e ?<\/strong><\/p>\n<p><strong>Notaires de Paris :<\/strong> Est \u00e9galement d\u00e9ductible la contribution exceptionnelle sur les hauts revenus de l&rsquo;ann\u00e9e pr\u00e9c\u00e9dente. Cette contribution existe depuis l&rsquo;imposition des revenus de 2011 jusqu&rsquo;\u00e0 l&rsquo;imposition des revenus de l&rsquo;ann\u00e9e au titre de laquelle le d\u00e9ficit des administrations publiques sera ramen\u00e9 \u00e0 z\u00e9ro.<br \/>&nbsp;<\/p>\n<h3><span class=\"ez-toc-section\" id=\"%3E_Pret_familial_deductible_ou_non\"><\/span>&gt; Pr\u00eat familial d\u00e9ductible ou non ?<span class=\"ez-toc-section-end\"><\/span><\/h3>\n<p><strong><span style=\"text-decoration: underline;\">Question de bibiche<\/span> : J&rsquo;ai accord\u00e9 un pr\u00eat mon fils majeur et mari\u00e9 pour qu&rsquo;il puisse acqu\u00e9rir sa maison. Puis-je b\u00e9n\u00e9ficier d&rsquo;une d\u00e9duction et comment proc\u00e9der ?<\/strong><\/p>\n<p><strong>Notaires de Paris :<\/strong> Si vous avez accord\u00e9 un pr\u00eat \u00e0 votre fils, vous vous \u00eates appauvris \u00ab momentan\u00e9ment \u00bb de la somme pr\u00eat\u00e9e et par cons\u00e9quent cette somme ne se trouve plus sur un compte bancaire ou alors vous avez vendu un bien immobilier ou des valeurs mobili\u00e8res et ceux-ci ne se retrouvent plus dans l&rsquo;actif votre patrimoine. S&rsquo;agissant d&rsquo;un pr\u00eat, votre fils est tenu de le rembourser soit p\u00e9riodiquement, soit \u00e0 terme.<br \/>&nbsp;<\/p>\n<h3><span class=\"ez-toc-section\" id=\"%3E_Dette_dacquisition_dun_nu-proprietaire\"><\/span>&gt; Dette d&rsquo;acquisition d&rsquo;un nu-propri\u00e9taire<span class=\"ez-toc-section-end\"><\/span><\/h3>\n<p><strong><span style=\"text-decoration: underline;\">Question de Robert75<\/span> : En mati\u00e8re de passifs d\u00e9ductibles, comment effectuer le traitement de la dette d&rsquo;acquisition de la nue-propri\u00e9t\u00e9 d&rsquo;un bien pour l&rsquo;ISF 2017 ? Pouvez-vous me donner une explication ?<\/strong><\/p>\n<p><strong>Notaires de Paris :<\/strong> Les dispositions de l\u00a0\u00bbarticle 885G quater du CGI, applicables depuis l&rsquo;ISF 2013, s&rsquo;oppose \u00e0 la d\u00e9duction des dettes contract\u00e9es pour l&rsquo;acquisition ou dans l&rsquo;int\u00e9r\u00eat de biens qui ne sont pas imposables \u00e0 l&rsquo;ISF entre les mains du redevable qui en supporte la charge.<\/p>\n<p>Cette disposition vise notamment les dettes aff\u00e9rentes \u00e0 la nue-propri\u00e9t\u00e9 de biens d\u00e9membr\u00e9s.<br \/>Ainsi, un nu-propri\u00e9taire se trouve d\u00e9sormais priv\u00e9 de la possibilit\u00e9 de d\u00e9duire le capital d&rsquo;un emprunt contract\u00e9 pour acqu\u00e9rir ses droits ou financer des travaux d\u00e8s lors que les biens dont la propri\u00e9t\u00e9 est d\u00e9membr\u00e9e sont compris pour leur valeur en pleine propri\u00e9t\u00e9 dans le patrimoine de l&rsquo;usufruitier.<br \/>Se trouve \u00e9galement infirm\u00e9e la doctrine concernant les droits de succession dus par le nu-propri\u00e9taire et dont le paiement a \u00e9t\u00e9 diff\u00e9r\u00e9. L&rsquo;administration admettait la d\u00e9duction de ces droits par le nu-propri\u00e9taire alors m\u00eame que le bien est imposable chez l&rsquo;usufruitier. Cette solution est d\u00e9sormais caduque.<br \/>Cependant, dans quelques cas o\u00f9 l&rsquo;usufruitier et le nu-propri\u00e9taire sont impos\u00e9s s\u00e9par\u00e9ment sur la valeur de leur droit, le nu-propri\u00e9taire continue de pouvoir d\u00e9duire les dettes aff\u00e9rentes \u00e0 la nue-propri\u00e9t\u00e9.<br \/>&nbsp;<\/p>\n<h2 style=\"margin-left: 30px;\"><span class=\"ez-toc-section\" id=\"Patrimoine_recu_en_heritage\"><\/span><a name=\"patrimoine-heritage\">Patrimoine re\u00e7u en h\u00e9ritage<\/a><span class=\"ez-toc-section-end\"><\/span><\/h2>\n<h3><span class=\"ez-toc-section\" id=\"%3E_Declaration_de_lISF_dun_parent_decede\"><\/span>&gt; D\u00e9claration de l&rsquo;ISF d&rsquo;un parent d\u00e9c\u00e9d\u00e9<span class=\"ez-toc-section-end\"><\/span><\/h3>\n<p><strong><span style=\"text-decoration: underline;\">Question de Ninie<\/span> : Ma m\u00e8re est d\u00e9c\u00e9d\u00e9e en d\u00e9cembre 2016, elle payait l&rsquo;ISF, j&rsquo;ai une s\u0153ur et nous avons d\u00e9couvert un gros patrimoine immobilier avec 2 immeubles entiers en plein c\u0153ur de Lyon. Dois-je d\u00e9clarer l&rsquo;ISF ? Puis-je demander des am\u00e9nagements ? Et je crois comprendre que je peux d\u00e9falquer les droits de succession&#8230;<\/strong><\/p>\n<p><strong>Notaires de Paris<\/strong> : Les h\u00e9ritiers doivent d\u00e9clarer, d\u00e8s le 1er janvier de l&rsquo;ann\u00e9e suivant celle du d\u00e9c\u00e8s, dans leur patrimoine imposable \u00e0 l&rsquo;ISF, la quote-part leur revenant dans la succession, m\u00eame si, \u00e0 cette date, la succession n&rsquo;est pas d\u00e9finitivement r\u00e9gl\u00e9e. En contrepartie, ils peuvent inclure dans le passif d\u00e9ductible les droits de succession dont ils sont redevables.<br \/>En cas de d\u00e9c\u00e8s du redevable, les coh\u00e9ritiers (mais non les l\u00e9gataires) sont \u00e9galement solidaires pour le paiement de l&rsquo;ISF \u00e9tabli au nom de l&rsquo;indivision successorale (art 1709 CGI).<\/p>\n<h3><span class=\"ez-toc-section\" id=\"%3E_Regularisation_de_lISF_paye_par_le_defunt\"><\/span>&gt; R\u00e9gularisation de l&rsquo;ISF pay\u00e9 par le d\u00e9funt<span class=\"ez-toc-section-end\"><\/span><\/h3>\n<p><strong><span style=\"text-decoration: underline;\">Question de LesBabas<\/span> : Dans le cadre d&rsquo;une succession, je voudrais savoir jusqu&rsquo;\u00e0 combien d&rsquo;ann\u00e9es en arri\u00e8re les h\u00e9ritiers sont susceptibles de r\u00e9gulariser une ISF impay\u00e9e par le d\u00e9funt ? J&rsquo;ai des informations contradictoires: soit 6 ann\u00e9es en arri\u00e8re ! Soit les h\u00e9ritiers ne s&rsquo;acquittent que de l&rsquo;ann\u00e9e en cours argumentant que le d\u00e9funt avait ses affaires en mains et que les h\u00e9ritiers ne sont donc pas \u00ab\u00a0responsables\u00a0\u00bb ?<\/strong><\/p>\n<p><strong>Notaires de Paris<\/strong> : Le d\u00e9lai de reprise de l&rsquo;administration :<br \/>Lorsque l&rsquo;exigibilit\u00e9 de l&rsquo;imp\u00f4t est suffisamment r\u00e9v\u00e9l\u00e9e par une d\u00e9claration ISF compl\u00e8te, sans que l&rsquo;administration ait besoin de recourir \u00e0 des recherches ult\u00e9rieures, le d\u00e9lai de reprise de l&rsquo;administration expire le 31 d\u00e9cembre de la troisi\u00e8me ann\u00e9e suivant celle du d\u00e9p\u00f4t de cette d\u00e9claration.<br \/>Pour les redevables ayant respect\u00e9 l&rsquo;obligation de mentionner sur la d\u00e9claration de revenus le montant de leur patrimoine taxable, ce droit de reprise s&rsquo;exerce \u00e9galement jusqu&rsquo;\u00e0 l&rsquo;expiration de la 3e ann\u00e9e suivant celle au titre de laquelle l&rsquo;imposition est due.<br \/>En l&rsquo;absence de d\u00e9claration, en cas d&rsquo;omission d&rsquo;un bien, ou lorsque des recherches ult\u00e9rieures sont n\u00e9cessaires, l&rsquo;action en reprise de l&rsquo;administration se prescrit \u00e0 l&rsquo;expiration de la 6e ann\u00e9e suivant celle de l&rsquo;ann\u00e9e d&rsquo;imposition, ce qui, en pratique fait 7 ans.<br \/>Par exception, l&rsquo;administration peut exercer son droit de reprise jusqu&rsquo;\u00e0 l&rsquo;expiration de la 10e ann\u00e9e suivant celle du fait g\u00e9n\u00e9rateur de l&rsquo;imp\u00f4t lorsque l&rsquo;exigibilit\u00e9 des droits dus sur des avoirs d\u00e9tenus \u00e0 l&rsquo;\u00e9tranger sur des comptes ou contrats d&rsquo;assurance-vie ou dans des trusts n&rsquo;a pas \u00e9t\u00e9 suffisamment r\u00e9v\u00e9l\u00e9e par les d\u00e9clarations souscrites par le redevable.<br \/>&nbsp;<\/p>\n<h3><span class=\"ez-toc-section\" id=\"%3E_Evaluation_du_patrimoine_non-declare_du_defunt_sur_plusieurs_annees\"><\/span>&gt; Evaluation du patrimoine non-d\u00e9clar\u00e9 du d\u00e9funt sur plusieurs ann\u00e9es<span class=\"ez-toc-section-end\"><\/span><\/h3>\n<p><strong><span style=\"text-decoration: underline;\">Suite de la question de LesBabas<\/span> : Si l&rsquo;on doit r\u00e9gulariser plusieurs ann\u00e9es, le calcul doit \u00eatre r\u00e9vis\u00e9 ann\u00e9e par ann\u00e9e selon les estimations immobili\u00e8res et les avoirs en banque qui sont diff\u00e9rents chaque ann\u00e9e? On peut penser que m\u00eame si le patrimoine entre dans le cadre de l&rsquo;ISF \u00e0 la date du d\u00e9c\u00e8s et lors de la vente du bien par les h\u00e9ritiers, le patrimoine n&rsquo;entrait peut-\u00eatre pas dans le cadre de l&rsquo;ISF dans le pass\u00e9. Seul un \u00ab\u00a0juste\u00a0\u00bb calcul pourra nous donner le montant exact \u00e0 r\u00e9gulariser ann\u00e9e par ann\u00e9e? Merci de nous \u00e9clairer sur ce point.<\/strong><\/p>\n<p><strong>Notaires de Paris<\/strong> : Oui.<br \/>&nbsp;<\/p>\n<h2 style=\"margin-left: 30px;\"><span class=\"ez-toc-section\" id=\"Modalites_de_declaration\"><\/span><a name=\"modalites-declaration\">Modalit\u00e9s de d\u00e9claration<\/a><span class=\"ez-toc-section-end\"><\/span><\/h2>\n<h3><span class=\"ez-toc-section\" id=\"%3E_Base_nette_imposable\"><\/span>&gt; Base nette imposable<span class=\"ez-toc-section-end\"><\/span><\/h3>\n<p><strong><span style=\"text-decoration: underline;\">Question de FRAGO<\/span> : Quelle diff\u00e9rence entre base nette imposable et valeur brute du patrimoine ?<\/strong><\/p>\n<p><strong>Notaires de Paris<\/strong> : La base nette est la diff\u00e9rence entre l&rsquo;actif brut moins le passif<br \/>&nbsp;<\/p>\n<h3><span class=\"ez-toc-section\" id=\"%3E_Declaration_de_la_pierre_sertie_dun_bijou_precieux\"><\/span>&gt; D\u00e9claration de la pierre sertie d&rsquo;un bijou pr\u00e9cieux<span class=\"ez-toc-section-end\"><\/span><\/h3>\n<p><strong><span style=\"text-decoration: underline;\">Question de Catherine<\/span> : Je poss\u00e8de des bijoux anciens de plus de 100 ans. Mais un ami m&rsquo;a parl\u00e9 de d\u00e9claration \u00e0 part de la valeur des pierres pr\u00e9cieuses se trouvant sur ces bijoux. Que mettre dans ma d\u00e9claration d&rsquo;ISF ?<\/strong><\/p>\n<p><strong>Notaires de Paris<\/strong> : Selon l&rsquo;administration, les bijoux ayant plus de 100 ans d&rsquo;\u00e2ge ne doivent \u00eatre consid\u00e9r\u00e9s comme entrant dans la cat\u00e9gorie des objets d&rsquo;antiquit\u00e9 et, \u00e0 ce titre, exon\u00e9r\u00e9s de l&rsquo;imp\u00f4t que s&rsquo;ils tirent l&rsquo;essentiel de leur valeur de leur anciennet\u00e9 et de la qualit\u00e9 du travail d&rsquo;ex\u00e9cution et non du prix des pierres, m\u00e9taux pr\u00e9cieux et autres m\u00e9taux qui la composent. Dans le cas contraire, les bijoux en cause entrent dans le champ d&rsquo;application de l&rsquo;ISF.<br \/>&nbsp;<\/p>\n<h3><span class=\"ez-toc-section\" id=\"%3E_Decote_ou_pas_pour_une_SCI_a_lIS\"><\/span>&gt; D\u00e9cote ou pas pour une SCI \u00e0 l&rsquo;IS<span class=\"ez-toc-section-end\"><\/span><\/h3>\n<p><strong><span style=\"text-decoration: underline;\">Question de Fran\u00e7ois<\/span> : Comment d\u00e9clarer une SCI (soci\u00e9t\u00e9 civile immobili\u00e8re) \u00e0 l&rsquo;IS qui d\u00e9tient pour environ 3,5 M euros de valeur estim\u00e9e par mon agent immobilier ? Ai-je droit \u00e0 une d\u00e9cote ? Que dois-je inscrire pour la dette d&rsquo;acquisition ?<\/strong><\/p>\n<p><strong>Notaires de Paris<\/strong> : Seules les personnes physiques sont assujetties \u00e0 l&rsquo;ISF. Les personnes morales ne le sont jamais mais les actions et parts sociales de soci\u00e9t\u00e9 sont tax\u00e9es \u00e0 l&rsquo;ISF entre les mains des associ\u00e9s personnes physiques.<br \/>&nbsp;<\/p>\n<h3><span class=\"ez-toc-section\" id=\"%3E_Moyen_legal_de_passer_sous_le_seuil_dimposition\"><\/span>&gt; Moyen l\u00e9gal de passer sous le seuil d&rsquo;imposition<span class=\"ez-toc-section-end\"><\/span><\/h3>\n<p><strong><span style=\"text-decoration: underline;\">Question de Martin<\/span> : D&rsquo;apr\u00e8s mes premiers calculs, mon patrimoine se monte \u00e0 1,320 millions. Y a-t-il des astuces l\u00e9gales pour affiner ma d\u00e9claration et passer sous le seuil d&rsquo;exon\u00e9ration de 1,3 million ?<\/strong><\/p>\n<p><strong>Notaires de Paris<\/strong> : Le montant de l&rsquo;ISF calcul\u00e9 suivant le bar\u00e8me est susceptible d&rsquo;\u00eatre r\u00e9duit en fonction de la r\u00e9alisation de certaines d\u00e9penses ou investissements telle que :<br \/>\u2022 R\u00e9duction d&rsquo;imp\u00f4t au titre des investissements dans les PME<br \/>\u2022 Souscription de parts de fonds d&rsquo;investissements<br \/>\u2022 R\u00e9duction d&rsquo;imp\u00f4t au titre des dons \u00e0 certains organismes (\u00e9tablissement de recherche ou d&rsquo;enseignement sup\u00e9rieur ou d&rsquo;enseignement artistique publics ou priv\u00e9s, d&rsquo;int\u00e9r\u00eat g\u00e9n\u00e9ral, \u00e0 but non lucratif ; fondation reconnues d&rsquo;utilit\u00e9 publique, entreprises d&rsquo;insertion, associations interm\u00e9diaires, ateliers et chantiers d&rsquo;insertion, entreprises adapt\u00e9es, groupement d&#8217;employeurs b\u00e9n\u00e9ficiant du label GEIQ ; l&rsquo;Agence national de Recherche ; fondations universitaires et fondations partenariales ; associations reconnues d&rsquo;utilit\u00e9 publique ayant pour objet le financement et l&rsquo;accompagnement de la cr\u00e9ation et de la reprise d&rsquo;entreprises).<br \/>&nbsp;<\/p>\n<h3><span class=\"ez-toc-section\" id=\"%3E_En_union_libre_ISF_ou_non\"><\/span>&gt; En union libre, ISF ou non ?<span class=\"ez-toc-section-end\"><\/span><\/h3>\n<p><strong><span style=\"text-decoration: underline;\">Question de Jean-Marc<\/span> : Divorc\u00e9, je vis depuis plusieurs ann\u00e9es avec une femme que je ne veux pas \u00e9pouser. Elle et moi vivons soit chez l&rsquo;un soi chez l&rsquo;autre selon nos envies. A nous deux, le patrimoine d\u00e9passe 1,5 million d&rsquo;euros. Allons-nous \u00eatre rattrap\u00e9s un jour par le fisc ? Quel est votre conseil ?<\/strong><\/p>\n<p><strong>Notaires de Paris<\/strong> : Les personnes vivant en concubinage notoire (relations stables et continues entre deux personnes qui vivent en couple) sont elles aussi soumises \u00e0 une imposition commune.<br \/>&nbsp;<\/p>\n<h3><span class=\"ez-toc-section\" id=\"%3E_Seuil_dimposition_et_application_du_bareme\"><\/span>&gt; Seuil d&rsquo;imposition et application du bar\u00e8me<span class=\"ez-toc-section-end\"><\/span><\/h3>\n<p><strong><span style=\"text-decoration: underline;\">Question de Bernard<\/span> : Est-ce normal de payer l&rsquo;imp\u00f4t sur la fortune d\u00e8s 800.000 euros alors que le seuil d&rsquo;imposition est, me dit-on, de 1.300.000 euros sachant que mon patrimoine est de 1.370.000 euros ?<\/strong><\/p>\n<p><strong>Notaires de Paris<\/strong> : Seules les personnes physiques imposables au 1er janvier de l&rsquo;ann\u00e9e d&rsquo;imposition sont tenues de d\u00e9clarer leur patrimoine.<br \/>Sont donc concern\u00e9es les redevables dont la valeur nette du patrimoine taxable, major\u00e9 de celui de leur conjoint, partenaire li\u00e9 par un PACS ou un concubin notoire et celui des enfants mineurs dont ils ont, l&rsquo;un ou l&rsquo;autre, l&rsquo;administration l\u00e9gale des biens est au moins \u00e9gale au seuil d&rsquo;imposition soit 1.300.000 euros.<\/p>\n<p>Pour att\u00e9nuer l&rsquo;effet de seuil (taxation d\u00e8s 800.000 euros alors que le seuil d&rsquo;imposition est de 1.300.000 euros), une d\u00e9cote est pr\u00e9vue pour les patrimoines dont la valeur nette taxable est \u00e9gale ou sup\u00e9rieure \u00e0 1.300.000 euros et 1.400.000 euros.<\/p>\n<p>Ces modalit\u00e9s de taxation r\u00e9sultent de l&rsquo;article 13-IA et D de la loi 2012-1509 du 29 d\u00e9cembre 2012 qui a r\u00e9tabli \u00e0 compter de 2013 un bar\u00e8me progressif par tranches.<\/p>\n<p>Pour d&rsquo;autres questions-r\u00e9ponses, rendez-vous sur la rubrique d\u00e9di\u00e9e sur le site des notaires de Paris-Ile-de-France. <a href=\"http:\/\/notairesdugrandparis.fr\/froutil\/autre\/questions-reponses?source=TSMF\" target=\"_blank\" rel=\"nofollow\">Cliquer ici <br \/><\/a><\/p>\n<p style=\"text-align: right;\"><em>Session de questions r\u00e9ponses organis\u00e9e par Olivier Brunet<\/em><\/p>\n","protected":false},"excerpt":{"rendered":"<p>Evaluation de l&rsquo;immobilier, passifs d\u00e9ductibles, r\u00e8gles d&rsquo;imposition, patrimoine issu d&rsquo;une succession&#8230; Les experts de la chambre des notaires de Paris ont r\u00e9pondu aux questions sur la d\u00e9claration d&rsquo;ISF 2017.<\/p>\n","protected":false},"author":13709,"featured_media":2079,"comment_status":"closed","ping_status":"closed","sticky":false,"template":"","format":"standard","meta":{"footnotes":""},"categories":[29],"tags":[],"class_list":["post-2080","post","type-post","status-publish","format-standard","has-post-thumbnail","hentry","category-fiscalite"],"acf":[],"yoast_head":"<!-- This site is optimized with the Yoast SEO plugin v24.9 - https:\/\/yoast.com\/wordpress\/plugins\/seo\/ -->\n<title>ISF 2017 : les r\u00e9ponses des notaires de Paris aux questions des contribuables assujettis<\/title>\n<meta name=\"description\" content=\"Evaluation de l&#039;immobilier, passifs d\u00e9ductibles, r\u00e8gles d&#039;imposition, patrimoine issu d&#039;une succession... Les experts de la chambre des notaires de Paris ont r\u00e9pondu \u00e0 vos questions sur la d\u00e9claration d&#039;ISF 2013.\" \/>\n<meta name=\"robots\" content=\"index, follow, max-snippet:-1, max-image-preview:large, max-video-preview:-1\" \/>\n<link rel=\"canonical\" href=\"https:\/\/www.toutsurmesfinances.com\/patrimoine\/a\/isf-2013-les-reponses-des-notaires-de-paris-a-vos-questions\" \/>\n<meta property=\"og:locale\" content=\"fr_FR\" \/>\n<meta property=\"og:type\" content=\"article\" \/>\n<meta property=\"og:title\" content=\"ISF 2017 : les r\u00e9ponses des notaires de Paris aux questions des contribuables assujettis\" \/>\n<meta property=\"og:description\" content=\"Evaluation de l&#039;immobilier, passifs d\u00e9ductibles, r\u00e8gles d&#039;imposition, patrimoine issu d&#039;une succession... Les experts de la chambre des notaires de Paris ont r\u00e9pondu \u00e0 vos questions sur la d\u00e9claration d&#039;ISF 2013.\" \/>\n<meta property=\"og:url\" content=\"https:\/\/www.toutsurmesfinances.com\/patrimoine\/a\/isf-2013-les-reponses-des-notaires-de-paris-a-vos-questions\" \/>\n<meta property=\"og:site_name\" content=\"Patrimoine\" \/>\n<meta property=\"article:published_time\" content=\"2013-05-24T08:54:09+00:00\" \/>\n<meta property=\"article:modified_time\" content=\"2017-07-27T09:31:45+00:00\" \/>\n<meta property=\"og:image\" content=\"https:\/\/www.toutsurmesfinances.com\/patrimoine\/wp-content\/uploads\/sites\/2\/2013\/05\/bareme-isf.jpg\" \/>\n\t<meta property=\"og:image:width\" content=\"823\" \/>\n\t<meta property=\"og:image:height\" content=\"463\" \/>\n\t<meta property=\"og:image:type\" content=\"image\/jpeg\" \/>\n<meta name=\"author\" content=\"Olivier Brunet\" \/>\n<meta name=\"twitter:card\" content=\"summary_large_image\" \/>\n<meta name=\"twitter:creator\" content=\"@Toutsur\" \/>\n<meta name=\"twitter:site\" content=\"@Toutsur\" \/>\n<meta name=\"twitter:label1\" content=\"\u00c9crit par\" \/>\n\t<meta name=\"twitter:data1\" content=\"Olivier Brunet\" \/>\n\t<meta name=\"twitter:label2\" content=\"Dur\u00e9e de lecture estim\u00e9e\" \/>\n\t<meta name=\"twitter:data2\" content=\"14 minutes\" \/>\n<script type=\"application\/ld+json\" class=\"yoast-schema-graph\">{\"@context\":\"https:\/\/schema.org\",\"@graph\":[{\"@type\":\"Article\",\"@id\":\"https:\/\/www.toutsurmesfinances.com\/patrimoine\/a\/isf-2013-les-reponses-des-notaires-de-paris-a-vos-questions#article\",\"isPartOf\":{\"@id\":\"https:\/\/www.toutsurmesfinances.com\/patrimoine\/a\/isf-2013-les-reponses-des-notaires-de-paris-a-vos-questions\"},\"author\":{\"name\":\"Olivier Brunet\",\"@id\":\"https:\/\/www.toutsurmesfinances.com\/patrimoine\/#\/schema\/person\/f3692b3163890cd1408bd0dc68a1b55a\"},\"headline\":\"ISF 2017 : les r\u00e9ponses des notaires de Paris aux questions des contribuables assujettis\",\"dateModified\":\"2017-07-27T09:31:45+00:00\",\"mainEntityOfPage\":{\"@id\":\"https:\/\/www.toutsurmesfinances.com\/patrimoine\/a\/isf-2013-les-reponses-des-notaires-de-paris-a-vos-questions\"},\"wordCount\":2920,\"publisher\":{\"@id\":\"https:\/\/www.toutsurmesfinances.com\/patrimoine\/#organization\"},\"image\":{\"@id\":\"https:\/\/www.toutsurmesfinances.com\/patrimoine\/a\/isf-2013-les-reponses-des-notaires-de-paris-a-vos-questions#primaryimage\"},\"thumbnailUrl\":\"https:\/\/www.toutsurmesfinances.com\/patrimoine\/wp-content\/uploads\/sites\/2\/2013\/05\/bareme-isf.jpg\",\"articleSection\":[\"Fiscalit\u00e9\"],\"inLanguage\":\"fr-FR\"},{\"@type\":\"WebPage\",\"@id\":\"https:\/\/www.toutsurmesfinances.com\/patrimoine\/a\/isf-2013-les-reponses-des-notaires-de-paris-a-vos-questions\",\"url\":\"https:\/\/www.toutsurmesfinances.com\/patrimoine\/a\/isf-2013-les-reponses-des-notaires-de-paris-a-vos-questions\",\"name\":\"ISF 2017 : les r\u00e9ponses des notaires de Paris aux questions des contribuables assujettis\",\"isPartOf\":{\"@id\":\"https:\/\/www.toutsurmesfinances.com\/patrimoine\/#website\"},\"primaryImageOfPage\":{\"@id\":\"https:\/\/www.toutsurmesfinances.com\/patrimoine\/a\/isf-2013-les-reponses-des-notaires-de-paris-a-vos-questions#primaryimage\"},\"image\":{\"@id\":\"https:\/\/www.toutsurmesfinances.com\/patrimoine\/a\/isf-2013-les-reponses-des-notaires-de-paris-a-vos-questions#primaryimage\"},\"thumbnailUrl\":\"https:\/\/www.toutsurmesfinances.com\/patrimoine\/wp-content\/uploads\/sites\/2\/2013\/05\/bareme-isf.jpg\",\"dateModified\":\"2017-07-27T09:31:45+00:00\",\"description\":\"Evaluation de l'immobilier, passifs d\u00e9ductibles, r\u00e8gles d'imposition, patrimoine issu d'une succession... Les experts de la chambre des notaires de Paris ont r\u00e9pondu \u00e0 vos questions sur la d\u00e9claration d'ISF 2013.\",\"breadcrumb\":{\"@id\":\"https:\/\/www.toutsurmesfinances.com\/patrimoine\/a\/isf-2013-les-reponses-des-notaires-de-paris-a-vos-questions#breadcrumb\"},\"inLanguage\":\"fr-FR\",\"potentialAction\":[{\"@type\":\"ReadAction\",\"target\":[\"https:\/\/www.toutsurmesfinances.com\/patrimoine\/a\/isf-2013-les-reponses-des-notaires-de-paris-a-vos-questions\"]}]},{\"@type\":\"ImageObject\",\"inLanguage\":\"fr-FR\",\"@id\":\"https:\/\/www.toutsurmesfinances.com\/patrimoine\/a\/isf-2013-les-reponses-des-notaires-de-paris-a-vos-questions#primaryimage\",\"url\":\"https:\/\/www.toutsurmesfinances.com\/patrimoine\/wp-content\/uploads\/sites\/2\/2013\/05\/bareme-isf.jpg\",\"contentUrl\":\"https:\/\/www.toutsurmesfinances.com\/patrimoine\/wp-content\/uploads\/sites\/2\/2013\/05\/bareme-isf.jpg\",\"width\":823,\"height\":463,\"caption\":\"La Chambre des notaires de Paris a r\u00e9pondu \u00e0 vos questions sur l'imp\u00f4t de solidarit\u00e9 sur la fortune\"},{\"@type\":\"BreadcrumbList\",\"@id\":\"https:\/\/www.toutsurmesfinances.com\/patrimoine\/a\/isf-2013-les-reponses-des-notaires-de-paris-a-vos-questions#breadcrumb\",\"itemListElement\":[{\"@type\":\"ListItem\",\"position\":1,\"name\":\"Accueil\",\"item\":\"https:\/\/www.toutsurmesfinances.com\/patrimoine\/\"},{\"@type\":\"ListItem\",\"position\":2,\"name\":\"Fiscalit\u00e9\",\"item\":\"https:\/\/www.toutsurmesfinances.com\/patrimoine\/c\/fiscalite\"},{\"@type\":\"ListItem\",\"position\":3,\"name\":\"ISF 2017 : les r\u00e9ponses des notaires de Paris aux questions des contribuables assujettis\"}]},{\"@type\":\"WebSite\",\"@id\":\"https:\/\/www.toutsurmesfinances.com\/patrimoine\/#website\",\"url\":\"https:\/\/www.toutsurmesfinances.com\/patrimoine\/\",\"name\":\"Patrimoine\",\"description\":\"\",\"publisher\":{\"@id\":\"https:\/\/www.toutsurmesfinances.com\/patrimoine\/#organization\"},\"potentialAction\":[{\"@type\":\"SearchAction\",\"target\":{\"@type\":\"EntryPoint\",\"urlTemplate\":\"https:\/\/www.toutsurmesfinances.com\/patrimoine\/?s={search_term_string}\"},\"query-input\":{\"@type\":\"PropertyValueSpecification\",\"valueRequired\":true,\"valueName\":\"search_term_string\"}}],\"inLanguage\":\"fr-FR\"},{\"@type\":\"Organization\",\"@id\":\"https:\/\/www.toutsurmesfinances.com\/patrimoine\/#organization\",\"name\":\"Tout Sur Mes Finances\",\"url\":\"https:\/\/www.toutsurmesfinances.com\/patrimoine\/\",\"logo\":{\"@type\":\"ImageObject\",\"inLanguage\":\"fr-FR\",\"@id\":\"https:\/\/www.toutsurmesfinances.com\/patrimoine\/#\/schema\/logo\/image\/\",\"url\":\"https:\/\/www.toutsurmesfinances.com\/patrimoine\/wp-content\/uploads\/sites\/2\/2021\/01\/favicon.png\",\"contentUrl\":\"https:\/\/www.toutsurmesfinances.com\/patrimoine\/wp-content\/uploads\/sites\/2\/2021\/01\/favicon.png\",\"width\":512,\"height\":512,\"caption\":\"Tout Sur Mes Finances\"},\"image\":{\"@id\":\"https:\/\/www.toutsurmesfinances.com\/patrimoine\/#\/schema\/logo\/image\/\"},\"sameAs\":[\"https:\/\/x.com\/Toutsur\"]},{\"@type\":\"Person\",\"@id\":\"https:\/\/www.toutsurmesfinances.com\/patrimoine\/#\/schema\/person\/f3692b3163890cd1408bd0dc68a1b55a\",\"name\":\"Olivier Brunet\",\"image\":{\"@type\":\"ImageObject\",\"inLanguage\":\"fr-FR\",\"@id\":\"https:\/\/www.toutsurmesfinances.com\/patrimoine\/#\/schema\/person\/image\/\",\"url\":\"https:\/\/secure.gravatar.com\/avatar\/59a19214b7bb3163a27d873fa61f9a80?s=96&d=mm&r=g\",\"contentUrl\":\"https:\/\/secure.gravatar.com\/avatar\/59a19214b7bb3163a27d873fa61f9a80?s=96&d=mm&r=g\",\"caption\":\"Olivier Brunet\"},\"description\":\"Olivier Brunet est cofondateur de\u00a0ToutSurMesFinances.com\u00a0et r\u00e9dacteur en chef sp\u00e9cialis\u00e9 en placements et fiscalit\u00e9\u00a0des particuliers. Pr\u00e9sent\u00a0au sein du\u00a0m\u00e9dia\u00a0depuis sa cr\u00e9ation, il en est l\u2019un des piliers \u00e9ditoriaux. Il analyse les strat\u00e9gies d\u2019investissement,\u00a0suit\u00a0les \u00e9volutions fiscales et les\u00a0probl\u00e9matiques\u00a0patrimoniales\u00a0avec une vision long terme, forg\u00e9e par des ann\u00e9es de pratique et de suivi des march\u00e9s.\u00a0\",\"sameAs\":[\"https:\/\/www.toutsurmesfinances.com\/author\/olivier\",\"https:\/\/www.linkedin.com\/in\/obrunet\/\"]}]}<\/script>\n<!-- \/ Yoast SEO plugin. -->","yoast_head_json":{"title":"ISF 2017 : les r\u00e9ponses des notaires de Paris aux questions des contribuables assujettis","description":"Evaluation de l'immobilier, passifs d\u00e9ductibles, r\u00e8gles d'imposition, patrimoine issu d'une succession... Les experts de la chambre des notaires de Paris ont r\u00e9pondu \u00e0 vos questions sur la d\u00e9claration d'ISF 2013.","robots":{"index":"index","follow":"follow","max-snippet":"max-snippet:-1","max-image-preview":"max-image-preview:large","max-video-preview":"max-video-preview:-1"},"canonical":"https:\/\/www.toutsurmesfinances.com\/patrimoine\/a\/isf-2013-les-reponses-des-notaires-de-paris-a-vos-questions","og_locale":"fr_FR","og_type":"article","og_title":"ISF 2017 : les r\u00e9ponses des notaires de Paris aux questions des contribuables assujettis","og_description":"Evaluation de l'immobilier, passifs d\u00e9ductibles, r\u00e8gles d'imposition, patrimoine issu d'une succession... Les experts de la chambre des notaires de Paris ont r\u00e9pondu \u00e0 vos questions sur la d\u00e9claration d'ISF 2013.","og_url":"https:\/\/www.toutsurmesfinances.com\/patrimoine\/a\/isf-2013-les-reponses-des-notaires-de-paris-a-vos-questions","og_site_name":"Patrimoine","article_published_time":"2013-05-24T08:54:09+00:00","article_modified_time":"2017-07-27T09:31:45+00:00","og_image":[{"width":823,"height":463,"url":"https:\/\/www.toutsurmesfinances.com\/patrimoine\/wp-content\/uploads\/sites\/2\/2013\/05\/bareme-isf.jpg","type":"image\/jpeg"}],"author":"Olivier Brunet","twitter_card":"summary_large_image","twitter_creator":"@Toutsur","twitter_site":"@Toutsur","twitter_misc":{"\u00c9crit par":"Olivier Brunet","Dur\u00e9e de lecture estim\u00e9e":"14 minutes"},"schema":{"@context":"https:\/\/schema.org","@graph":[{"@type":"Article","@id":"https:\/\/www.toutsurmesfinances.com\/patrimoine\/a\/isf-2013-les-reponses-des-notaires-de-paris-a-vos-questions#article","isPartOf":{"@id":"https:\/\/www.toutsurmesfinances.com\/patrimoine\/a\/isf-2013-les-reponses-des-notaires-de-paris-a-vos-questions"},"author":{"name":"Olivier Brunet","@id":"https:\/\/www.toutsurmesfinances.com\/patrimoine\/#\/schema\/person\/f3692b3163890cd1408bd0dc68a1b55a"},"headline":"ISF 2017 : les r\u00e9ponses des notaires de Paris aux questions des contribuables assujettis","dateModified":"2017-07-27T09:31:45+00:00","mainEntityOfPage":{"@id":"https:\/\/www.toutsurmesfinances.com\/patrimoine\/a\/isf-2013-les-reponses-des-notaires-de-paris-a-vos-questions"},"wordCount":2920,"publisher":{"@id":"https:\/\/www.toutsurmesfinances.com\/patrimoine\/#organization"},"image":{"@id":"https:\/\/www.toutsurmesfinances.com\/patrimoine\/a\/isf-2013-les-reponses-des-notaires-de-paris-a-vos-questions#primaryimage"},"thumbnailUrl":"https:\/\/www.toutsurmesfinances.com\/patrimoine\/wp-content\/uploads\/sites\/2\/2013\/05\/bareme-isf.jpg","articleSection":["Fiscalit\u00e9"],"inLanguage":"fr-FR"},{"@type":"WebPage","@id":"https:\/\/www.toutsurmesfinances.com\/patrimoine\/a\/isf-2013-les-reponses-des-notaires-de-paris-a-vos-questions","url":"https:\/\/www.toutsurmesfinances.com\/patrimoine\/a\/isf-2013-les-reponses-des-notaires-de-paris-a-vos-questions","name":"ISF 2017 : les r\u00e9ponses des notaires de Paris aux questions des contribuables assujettis","isPartOf":{"@id":"https:\/\/www.toutsurmesfinances.com\/patrimoine\/#website"},"primaryImageOfPage":{"@id":"https:\/\/www.toutsurmesfinances.com\/patrimoine\/a\/isf-2013-les-reponses-des-notaires-de-paris-a-vos-questions#primaryimage"},"image":{"@id":"https:\/\/www.toutsurmesfinances.com\/patrimoine\/a\/isf-2013-les-reponses-des-notaires-de-paris-a-vos-questions#primaryimage"},"thumbnailUrl":"https:\/\/www.toutsurmesfinances.com\/patrimoine\/wp-content\/uploads\/sites\/2\/2013\/05\/bareme-isf.jpg","dateModified":"2017-07-27T09:31:45+00:00","description":"Evaluation de l'immobilier, passifs d\u00e9ductibles, r\u00e8gles d'imposition, patrimoine issu d'une succession... Les experts de la chambre des notaires de Paris ont r\u00e9pondu \u00e0 vos questions sur la d\u00e9claration d'ISF 2013.","breadcrumb":{"@id":"https:\/\/www.toutsurmesfinances.com\/patrimoine\/a\/isf-2013-les-reponses-des-notaires-de-paris-a-vos-questions#breadcrumb"},"inLanguage":"fr-FR","potentialAction":[{"@type":"ReadAction","target":["https:\/\/www.toutsurmesfinances.com\/patrimoine\/a\/isf-2013-les-reponses-des-notaires-de-paris-a-vos-questions"]}]},{"@type":"ImageObject","inLanguage":"fr-FR","@id":"https:\/\/www.toutsurmesfinances.com\/patrimoine\/a\/isf-2013-les-reponses-des-notaires-de-paris-a-vos-questions#primaryimage","url":"https:\/\/www.toutsurmesfinances.com\/patrimoine\/wp-content\/uploads\/sites\/2\/2013\/05\/bareme-isf.jpg","contentUrl":"https:\/\/www.toutsurmesfinances.com\/patrimoine\/wp-content\/uploads\/sites\/2\/2013\/05\/bareme-isf.jpg","width":823,"height":463,"caption":"La Chambre des notaires de Paris a r\u00e9pondu \u00e0 vos questions sur l'imp\u00f4t de solidarit\u00e9 sur la fortune"},{"@type":"BreadcrumbList","@id":"https:\/\/www.toutsurmesfinances.com\/patrimoine\/a\/isf-2013-les-reponses-des-notaires-de-paris-a-vos-questions#breadcrumb","itemListElement":[{"@type":"ListItem","position":1,"name":"Accueil","item":"https:\/\/www.toutsurmesfinances.com\/patrimoine\/"},{"@type":"ListItem","position":2,"name":"Fiscalit\u00e9","item":"https:\/\/www.toutsurmesfinances.com\/patrimoine\/c\/fiscalite"},{"@type":"ListItem","position":3,"name":"ISF 2017 : les r\u00e9ponses des notaires de Paris aux questions des contribuables assujettis"}]},{"@type":"WebSite","@id":"https:\/\/www.toutsurmesfinances.com\/patrimoine\/#website","url":"https:\/\/www.toutsurmesfinances.com\/patrimoine\/","name":"Patrimoine","description":"","publisher":{"@id":"https:\/\/www.toutsurmesfinances.com\/patrimoine\/#organization"},"potentialAction":[{"@type":"SearchAction","target":{"@type":"EntryPoint","urlTemplate":"https:\/\/www.toutsurmesfinances.com\/patrimoine\/?s={search_term_string}"},"query-input":{"@type":"PropertyValueSpecification","valueRequired":true,"valueName":"search_term_string"}}],"inLanguage":"fr-FR"},{"@type":"Organization","@id":"https:\/\/www.toutsurmesfinances.com\/patrimoine\/#organization","name":"Tout Sur Mes Finances","url":"https:\/\/www.toutsurmesfinances.com\/patrimoine\/","logo":{"@type":"ImageObject","inLanguage":"fr-FR","@id":"https:\/\/www.toutsurmesfinances.com\/patrimoine\/#\/schema\/logo\/image\/","url":"https:\/\/www.toutsurmesfinances.com\/patrimoine\/wp-content\/uploads\/sites\/2\/2021\/01\/favicon.png","contentUrl":"https:\/\/www.toutsurmesfinances.com\/patrimoine\/wp-content\/uploads\/sites\/2\/2021\/01\/favicon.png","width":512,"height":512,"caption":"Tout Sur Mes Finances"},"image":{"@id":"https:\/\/www.toutsurmesfinances.com\/patrimoine\/#\/schema\/logo\/image\/"},"sameAs":["https:\/\/x.com\/Toutsur"]},{"@type":"Person","@id":"https:\/\/www.toutsurmesfinances.com\/patrimoine\/#\/schema\/person\/f3692b3163890cd1408bd0dc68a1b55a","name":"Olivier Brunet","image":{"@type":"ImageObject","inLanguage":"fr-FR","@id":"https:\/\/www.toutsurmesfinances.com\/patrimoine\/#\/schema\/person\/image\/","url":"https:\/\/secure.gravatar.com\/avatar\/59a19214b7bb3163a27d873fa61f9a80?s=96&d=mm&r=g","contentUrl":"https:\/\/secure.gravatar.com\/avatar\/59a19214b7bb3163a27d873fa61f9a80?s=96&d=mm&r=g","caption":"Olivier Brunet"},"description":"Olivier Brunet est cofondateur de\u00a0ToutSurMesFinances.com\u00a0et r\u00e9dacteur en chef sp\u00e9cialis\u00e9 en placements et fiscalit\u00e9\u00a0des particuliers. Pr\u00e9sent\u00a0au sein du\u00a0m\u00e9dia\u00a0depuis sa cr\u00e9ation, il en est l\u2019un des piliers \u00e9ditoriaux. Il analyse les strat\u00e9gies d\u2019investissement,\u00a0suit\u00a0les \u00e9volutions fiscales et les\u00a0probl\u00e9matiques\u00a0patrimoniales\u00a0avec une vision long terme, forg\u00e9e par des ann\u00e9es de pratique et de suivi des march\u00e9s.\u00a0","sameAs":["https:\/\/www.toutsurmesfinances.com\/author\/olivier","https:\/\/www.linkedin.com\/in\/obrunet\/"]}]}},"_links":{"self":[{"href":"https:\/\/www.toutsurmesfinances.com\/patrimoine\/wp-json\/wp\/v2\/posts\/2080","targetHints":{"allow":["GET"]}}],"collection":[{"href":"https:\/\/www.toutsurmesfinances.com\/patrimoine\/wp-json\/wp\/v2\/posts"}],"about":[{"href":"https:\/\/www.toutsurmesfinances.com\/patrimoine\/wp-json\/wp\/v2\/types\/post"}],"author":[{"embeddable":true,"href":"https:\/\/www.toutsurmesfinances.com\/patrimoine\/wp-json\/wp\/v2\/users\/13709"}],"replies":[{"embeddable":true,"href":"https:\/\/www.toutsurmesfinances.com\/patrimoine\/wp-json\/wp\/v2\/comments?post=2080"}],"version-history":[{"count":1,"href":"https:\/\/www.toutsurmesfinances.com\/patrimoine\/wp-json\/wp\/v2\/posts\/2080\/revisions"}],"predecessor-version":[{"id":2349,"href":"https:\/\/www.toutsurmesfinances.com\/patrimoine\/wp-json\/wp\/v2\/posts\/2080\/revisions\/2349"}],"wp:featuredmedia":[{"embeddable":true,"href":"https:\/\/www.toutsurmesfinances.com\/patrimoine\/wp-json\/wp\/v2\/media\/2079"}],"wp:attachment":[{"href":"https:\/\/www.toutsurmesfinances.com\/patrimoine\/wp-json\/wp\/v2\/media?parent=2080"}],"wp:term":[{"taxonomy":"category","embeddable":true,"href":"https:\/\/www.toutsurmesfinances.com\/patrimoine\/wp-json\/wp\/v2\/categories?post=2080"},{"taxonomy":"post_tag","embeddable":true,"href":"https:\/\/www.toutsurmesfinances.com\/patrimoine\/wp-json\/wp\/v2\/tags?post=2080"}],"curies":[{"name":"wp","href":"https:\/\/api.w.org\/{rel}","templated":true}]}}