{"id":2087,"date":"2013-11-14T08:47:51","date_gmt":"2013-11-14T07:47:51","guid":{"rendered":"https:\/\/www.toutsurmesfinances.com\/patrimoine\/a\/isf-les-interets-des-pel-dans-le-calcul-du-plafonnement"},"modified":"2013-11-14T08:55:44","modified_gmt":"2013-11-14T08:55:44","slug":"isf-les-interets-des-pel-dans-le-calcul-du-plafonnement","status":"publish","type":"post","link":"https:\/\/www.toutsurmesfinances.com\/patrimoine\/a\/isf-les-interets-des-pel-dans-le-calcul-du-plafonnement","title":{"rendered":"ISF : les int\u00e9r\u00eats des PEL dans le calcul du plafonnement ?"},"content":{"rendered":"\n<p>Apr\u00e8s l&rsquo;assurance vie, les plans d&rsquo;\u00e9pargne-logement (PEL) ? Le projet de loi de finances pour 2014 modifi\u00e9 par l&rsquo;Assembl\u00e9e nationale propose d&rsquo;inclure l&rsquo;assurance vie en euros dans les revenus pris en compte pour le calcul du plafonnement de l&rsquo;imp\u00f4t de solidarit\u00e9 sur la fortune (ISF), apr\u00e8s l&rsquo;adoption d&rsquo;un amendement de Christian Eckert, rapporteur g\u00e9n\u00e9ral de la commission des finances. Son homologue au S\u00e9nat Fran\u00e7ois Marc a fait adopter en commission une extension de cette formule aux int\u00e9r\u00eats des plans d&rsquo;\u00e9pargne-logement (PEL).<br \/><em><br \/>\u00ab Comme les gains des contrats d&rsquo;assurance-vie vis\u00e9s par l&rsquo;article [du projet de loi], [ces int\u00e9r\u00eats] sont d\u00e9finitivement acquis par le contribuable et, surtout, subissent des pr\u00e9l\u00e8vements sociaux \u00ab au fil de l&rsquo;eau \u00bb qui sont, eux, inclus parmi les impositions prises en compte dans ce m\u00eame calcul \u00bb<\/em> du plafonnement, justifie Fran\u00e7ois Marc dans l&rsquo;expos\u00e9 de son amendement qui vise \u00e0 <em>\u00ab rendre plus coh\u00e9rent le mode de calcul \u00bb<\/em> du plafonnement de l&rsquo;ISF en alignant la prise en compte des int\u00e9r\u00eats des PEL tant au titre des revenus que des impositions.<\/p>\n<p>&nbsp;<\/p>\n<h2>PEL plafonn\u00e9s<\/h2>\n<p>La port\u00e9e de la mesure ne devrait pas \u00eatre aussi large que celle s&rsquo;appliquant \u00e0 l&rsquo;assurance vie en euros : le PEL est soumis \u00e0 un plafond de d\u00e9p\u00f4ts de 61.200 euros hors int\u00e9r\u00eats capitalis\u00e9s alors que les versements sur les contrats d&rsquo;assurance vie ne sont pas plafonn\u00e9s. Et dans les faits, les strat\u00e9gies d&rsquo;optimisation fiscale reposant sur la limitation des revenus au titre du plafonnement ont largement recours \u00e0 l&rsquo;assurance vie, pas au PEL.<\/p>\n<p>&nbsp;<\/p>\n<p>Quoi qu&rsquo;il en soit, cette extension du p\u00e9rim\u00e8tre des revenus consid\u00e9r\u00e9s pour le calcul du plafonnement de l&rsquo;ISF revient \u00e0 rapprocher davantage l&rsquo;article 885 V bis du CGI (Code g\u00e9n\u00e9ral des imp\u00f4ts) de la doctrine fiscale \u00e9nonc\u00e9e au Bofip-imp\u00f4ts le 14 juin 2013, qui int\u00e9grait d\u00e9j\u00e0 le PEL et l&rsquo;assurance vie en euros m\u00eame en l&rsquo;absence de rachat, mais aussi <em>\u00ab les plus-values et gains ayant donn\u00e9 lieu \u00e0 sursis ou report d&rsquo;imposition \u00bb<\/em>.<\/p>\n<p>&nbsp;<\/p>\n<p>A lire sur le plafonnement du plafonnement de l&rsquo;ISF<br \/>&#8211; ISF : plafonnement et assurance vie, Bercy persiste et signe<\/p>\n","protected":false},"excerpt":{"rendered":"<p>Les int\u00e9r\u00eats des plans d&rsquo;\u00e9pargne-logement (PEL) devraient \u00eatre inclus parmi les revenus pris en compte dans le calcul du plafonnement de l&rsquo;imp\u00f4t de solidarit\u00e9 sur la fortune (ISF). C&rsquo;est en tout cas le sens d&rsquo;un amendement au Budget 2014 adopt\u00e9 en commission des finances au S\u00e9nat.<\/p>\n","protected":false},"author":13709,"featured_media":2086,"comment_status":"closed","ping_status":"closed","sticky":false,"template":"","format":"standard","meta":{"footnotes":""},"categories":[29],"tags":[],"class_list":["post-2087","post","type-post","status-publish","format-standard","has-post-thumbnail","hentry","category-fiscalite"],"acf":[],"yoast_head":"<!-- This site is optimized with the Yoast SEO plugin v24.9 - https:\/\/yoast.com\/wordpress\/plugins\/seo\/ -->\n<title>ISF : les int\u00e9r\u00eats des PEL dans le calcul du plafonnement ?<\/title>\n<meta name=\"description\" content=\"Les int\u00e9r\u00eats des plans d&#039;\u00e9pargne-logement (PEL) devraient \u00eatre inclus parmi les revenus pris en compte dans le calcul du plafonnement de l&#039;imp\u00f4t de solidarit\u00e9 sur la fortune (ISF). C&#039;est en tout cas le sens d&#039;un amendement au Budget 2014 adopt\u00e9 en com\" \/>\n<meta name=\"robots\" content=\"index, follow, max-snippet:-1, max-image-preview:large, max-video-preview:-1\" \/>\n<link rel=\"canonical\" href=\"https:\/\/www.toutsurmesfinances.com\/patrimoine\/a\/isf-les-interets-des-pel-dans-le-calcul-du-plafonnement\" \/>\n<meta property=\"og:locale\" content=\"fr_FR\" \/>\n<meta property=\"og:type\" content=\"article\" \/>\n<meta property=\"og:title\" content=\"ISF : les int\u00e9r\u00eats des PEL dans le calcul du plafonnement ?\" \/>\n<meta property=\"og:description\" content=\"Les int\u00e9r\u00eats des plans d&#039;\u00e9pargne-logement (PEL) devraient \u00eatre inclus parmi les revenus pris en compte dans le calcul du plafonnement de l&#039;imp\u00f4t de solidarit\u00e9 sur la fortune (ISF). C&#039;est en tout cas le sens d&#039;un amendement au Budget 2014 adopt\u00e9 en com\" \/>\n<meta property=\"og:url\" content=\"https:\/\/www.toutsurmesfinances.com\/patrimoine\/a\/isf-les-interets-des-pel-dans-le-calcul-du-plafonnement\" \/>\n<meta property=\"og:site_name\" content=\"Patrimoine\" \/>\n<meta property=\"article:published_time\" content=\"2013-11-14T07:47:51+00:00\" \/>\n<meta property=\"article:modified_time\" content=\"2013-11-14T08:55:44+00:00\" \/>\n<meta property=\"og:image\" content=\"https:\/\/www.toutsurmesfinances.com\/patrimoine\/wp-content\/uploads\/sites\/2\/2013\/11\/plafonnement-isf.jpg\" \/>\n\t<meta property=\"og:image:width\" content=\"471\" \/>\n\t<meta property=\"og:image:height\" content=\"353\" \/>\n\t<meta property=\"og:image:type\" content=\"image\/jpeg\" \/>\n<meta name=\"author\" content=\"Olivier Brunet\" \/>\n<meta name=\"twitter:card\" content=\"summary_large_image\" \/>\n<meta name=\"twitter:creator\" content=\"@Toutsur\" \/>\n<meta name=\"twitter:site\" content=\"@Toutsur\" \/>\n<meta name=\"twitter:label1\" content=\"\u00c9crit par\" \/>\n\t<meta name=\"twitter:data1\" content=\"Olivier Brunet\" \/>\n\t<meta name=\"twitter:label2\" content=\"Dur\u00e9e de lecture estim\u00e9e\" \/>\n\t<meta name=\"twitter:data2\" content=\"2 minutes\" \/>\n<script type=\"application\/ld+json\" class=\"yoast-schema-graph\">{\"@context\":\"https:\/\/schema.org\",\"@graph\":[{\"@type\":\"Article\",\"@id\":\"https:\/\/www.toutsurmesfinances.com\/patrimoine\/a\/isf-les-interets-des-pel-dans-le-calcul-du-plafonnement#article\",\"isPartOf\":{\"@id\":\"https:\/\/www.toutsurmesfinances.com\/patrimoine\/a\/isf-les-interets-des-pel-dans-le-calcul-du-plafonnement\"},\"author\":{\"name\":\"Olivier Brunet\",\"@id\":\"https:\/\/www.toutsurmesfinances.com\/patrimoine\/#\/schema\/person\/f3692b3163890cd1408bd0dc68a1b55a\"},\"headline\":\"ISF : les int\u00e9r\u00eats des PEL dans le calcul du plafonnement ?\",\"dateModified\":\"2013-11-14T08:55:44+00:00\",\"mainEntityOfPage\":{\"@id\":\"https:\/\/www.toutsurmesfinances.com\/patrimoine\/a\/isf-les-interets-des-pel-dans-le-calcul-du-plafonnement\"},\"wordCount\":405,\"publisher\":{\"@id\":\"https:\/\/www.toutsurmesfinances.com\/patrimoine\/#organization\"},\"image\":{\"@id\":\"https:\/\/www.toutsurmesfinances.com\/patrimoine\/a\/isf-les-interets-des-pel-dans-le-calcul-du-plafonnement#primaryimage\"},\"thumbnailUrl\":\"https:\/\/www.toutsurmesfinances.com\/patrimoine\/wp-content\/uploads\/sites\/2\/2013\/11\/plafonnement-isf.jpg\",\"articleSection\":[\"Fiscalit\u00e9\"],\"inLanguage\":\"fr-FR\"},{\"@type\":\"WebPage\",\"@id\":\"https:\/\/www.toutsurmesfinances.com\/patrimoine\/a\/isf-les-interets-des-pel-dans-le-calcul-du-plafonnement\",\"url\":\"https:\/\/www.toutsurmesfinances.com\/patrimoine\/a\/isf-les-interets-des-pel-dans-le-calcul-du-plafonnement\",\"name\":\"ISF : les int\u00e9r\u00eats des PEL dans le calcul du plafonnement ?\",\"isPartOf\":{\"@id\":\"https:\/\/www.toutsurmesfinances.com\/patrimoine\/#website\"},\"primaryImageOfPage\":{\"@id\":\"https:\/\/www.toutsurmesfinances.com\/patrimoine\/a\/isf-les-interets-des-pel-dans-le-calcul-du-plafonnement#primaryimage\"},\"image\":{\"@id\":\"https:\/\/www.toutsurmesfinances.com\/patrimoine\/a\/isf-les-interets-des-pel-dans-le-calcul-du-plafonnement#primaryimage\"},\"thumbnailUrl\":\"https:\/\/www.toutsurmesfinances.com\/patrimoine\/wp-content\/uploads\/sites\/2\/2013\/11\/plafonnement-isf.jpg\",\"dateModified\":\"2013-11-14T08:55:44+00:00\",\"description\":\"Les int\u00e9r\u00eats des plans d'\u00e9pargne-logement (PEL) devraient \u00eatre inclus parmi les revenus pris en compte dans le calcul du plafonnement de l'imp\u00f4t de solidarit\u00e9 sur la fortune (ISF). C'est en tout cas le sens d'un amendement au Budget 2014 adopt\u00e9 en com\",\"breadcrumb\":{\"@id\":\"https:\/\/www.toutsurmesfinances.com\/patrimoine\/a\/isf-les-interets-des-pel-dans-le-calcul-du-plafonnement#breadcrumb\"},\"inLanguage\":\"fr-FR\",\"potentialAction\":[{\"@type\":\"ReadAction\",\"target\":[\"https:\/\/www.toutsurmesfinances.com\/patrimoine\/a\/isf-les-interets-des-pel-dans-le-calcul-du-plafonnement\"]}]},{\"@type\":\"ImageObject\",\"inLanguage\":\"fr-FR\",\"@id\":\"https:\/\/www.toutsurmesfinances.com\/patrimoine\/a\/isf-les-interets-des-pel-dans-le-calcul-du-plafonnement#primaryimage\",\"url\":\"https:\/\/www.toutsurmesfinances.com\/patrimoine\/wp-content\/uploads\/sites\/2\/2013\/11\/plafonnement-isf.jpg\",\"contentUrl\":\"https:\/\/www.toutsurmesfinances.com\/patrimoine\/wp-content\/uploads\/sites\/2\/2013\/11\/plafonnement-isf.jpg\",\"width\":471,\"height\":353,\"caption\":\"Fiche de calcul du plafonnement de l'ISF (capture)\"},{\"@type\":\"BreadcrumbList\",\"@id\":\"https:\/\/www.toutsurmesfinances.com\/patrimoine\/a\/isf-les-interets-des-pel-dans-le-calcul-du-plafonnement#breadcrumb\",\"itemListElement\":[{\"@type\":\"ListItem\",\"position\":1,\"name\":\"Accueil\",\"item\":\"https:\/\/www.toutsurmesfinances.com\/patrimoine\/\"},{\"@type\":\"ListItem\",\"position\":2,\"name\":\"Fiscalit\u00e9\",\"item\":\"https:\/\/www.toutsurmesfinances.com\/patrimoine\/c\/fiscalite\"},{\"@type\":\"ListItem\",\"position\":3,\"name\":\"ISF : les int\u00e9r\u00eats des PEL dans le calcul du plafonnement ?\"}]},{\"@type\":\"WebSite\",\"@id\":\"https:\/\/www.toutsurmesfinances.com\/patrimoine\/#website\",\"url\":\"https:\/\/www.toutsurmesfinances.com\/patrimoine\/\",\"name\":\"Patrimoine\",\"description\":\"\",\"publisher\":{\"@id\":\"https:\/\/www.toutsurmesfinances.com\/patrimoine\/#organization\"},\"potentialAction\":[{\"@type\":\"SearchAction\",\"target\":{\"@type\":\"EntryPoint\",\"urlTemplate\":\"https:\/\/www.toutsurmesfinances.com\/patrimoine\/?s={search_term_string}\"},\"query-input\":{\"@type\":\"PropertyValueSpecification\",\"valueRequired\":true,\"valueName\":\"search_term_string\"}}],\"inLanguage\":\"fr-FR\"},{\"@type\":\"Organization\",\"@id\":\"https:\/\/www.toutsurmesfinances.com\/patrimoine\/#organization\",\"name\":\"Tout Sur Mes Finances\",\"url\":\"https:\/\/www.toutsurmesfinances.com\/patrimoine\/\",\"logo\":{\"@type\":\"ImageObject\",\"inLanguage\":\"fr-FR\",\"@id\":\"https:\/\/www.toutsurmesfinances.com\/patrimoine\/#\/schema\/logo\/image\/\",\"url\":\"https:\/\/www.toutsurmesfinances.com\/patrimoine\/wp-content\/uploads\/sites\/2\/2021\/01\/favicon.png\",\"contentUrl\":\"https:\/\/www.toutsurmesfinances.com\/patrimoine\/wp-content\/uploads\/sites\/2\/2021\/01\/favicon.png\",\"width\":512,\"height\":512,\"caption\":\"Tout Sur Mes Finances\"},\"image\":{\"@id\":\"https:\/\/www.toutsurmesfinances.com\/patrimoine\/#\/schema\/logo\/image\/\"},\"sameAs\":[\"https:\/\/x.com\/Toutsur\"]},{\"@type\":\"Person\",\"@id\":\"https:\/\/www.toutsurmesfinances.com\/patrimoine\/#\/schema\/person\/f3692b3163890cd1408bd0dc68a1b55a\",\"name\":\"Olivier Brunet\",\"image\":{\"@type\":\"ImageObject\",\"inLanguage\":\"fr-FR\",\"@id\":\"https:\/\/www.toutsurmesfinances.com\/patrimoine\/#\/schema\/person\/image\/\",\"url\":\"https:\/\/secure.gravatar.com\/avatar\/59a19214b7bb3163a27d873fa61f9a80?s=96&d=mm&r=g\",\"contentUrl\":\"https:\/\/secure.gravatar.com\/avatar\/59a19214b7bb3163a27d873fa61f9a80?s=96&d=mm&r=g\",\"caption\":\"Olivier Brunet\"},\"description\":\"Olivier Brunet est cofondateur de\u00a0ToutSurMesFinances.com\u00a0et r\u00e9dacteur en chef sp\u00e9cialis\u00e9 en placements et fiscalit\u00e9\u00a0des particuliers. Pr\u00e9sent\u00a0au sein du\u00a0m\u00e9dia\u00a0depuis sa cr\u00e9ation, il en est l\u2019un des piliers \u00e9ditoriaux. Il analyse les strat\u00e9gies d\u2019investissement,\u00a0suit\u00a0les \u00e9volutions fiscales et les\u00a0probl\u00e9matiques\u00a0patrimoniales\u00a0avec une vision long terme, forg\u00e9e par des ann\u00e9es de pratique et de suivi des march\u00e9s.\u00a0\",\"sameAs\":[\"https:\/\/www.toutsurmesfinances.com\/author\/olivier\",\"https:\/\/www.linkedin.com\/in\/obrunet\/\"]}]}<\/script>\n<!-- \/ Yoast SEO plugin. -->","yoast_head_json":{"title":"ISF : les int\u00e9r\u00eats des PEL dans le calcul du plafonnement ?","description":"Les int\u00e9r\u00eats des plans d'\u00e9pargne-logement (PEL) devraient \u00eatre inclus parmi les revenus pris en compte dans le calcul du plafonnement de l'imp\u00f4t de solidarit\u00e9 sur la fortune (ISF). C'est en tout cas le sens d'un amendement au Budget 2014 adopt\u00e9 en com","robots":{"index":"index","follow":"follow","max-snippet":"max-snippet:-1","max-image-preview":"max-image-preview:large","max-video-preview":"max-video-preview:-1"},"canonical":"https:\/\/www.toutsurmesfinances.com\/patrimoine\/a\/isf-les-interets-des-pel-dans-le-calcul-du-plafonnement","og_locale":"fr_FR","og_type":"article","og_title":"ISF : les int\u00e9r\u00eats des PEL dans le calcul du plafonnement ?","og_description":"Les int\u00e9r\u00eats des plans d'\u00e9pargne-logement (PEL) devraient \u00eatre inclus parmi les revenus pris en compte dans le calcul du plafonnement de l'imp\u00f4t de solidarit\u00e9 sur la fortune (ISF). C'est en tout cas le sens d'un amendement au Budget 2014 adopt\u00e9 en com","og_url":"https:\/\/www.toutsurmesfinances.com\/patrimoine\/a\/isf-les-interets-des-pel-dans-le-calcul-du-plafonnement","og_site_name":"Patrimoine","article_published_time":"2013-11-14T07:47:51+00:00","article_modified_time":"2013-11-14T08:55:44+00:00","og_image":[{"width":471,"height":353,"url":"https:\/\/www.toutsurmesfinances.com\/patrimoine\/wp-content\/uploads\/sites\/2\/2013\/11\/plafonnement-isf.jpg","type":"image\/jpeg"}],"author":"Olivier Brunet","twitter_card":"summary_large_image","twitter_creator":"@Toutsur","twitter_site":"@Toutsur","twitter_misc":{"\u00c9crit par":"Olivier Brunet","Dur\u00e9e de lecture estim\u00e9e":"2 minutes"},"schema":{"@context":"https:\/\/schema.org","@graph":[{"@type":"Article","@id":"https:\/\/www.toutsurmesfinances.com\/patrimoine\/a\/isf-les-interets-des-pel-dans-le-calcul-du-plafonnement#article","isPartOf":{"@id":"https:\/\/www.toutsurmesfinances.com\/patrimoine\/a\/isf-les-interets-des-pel-dans-le-calcul-du-plafonnement"},"author":{"name":"Olivier Brunet","@id":"https:\/\/www.toutsurmesfinances.com\/patrimoine\/#\/schema\/person\/f3692b3163890cd1408bd0dc68a1b55a"},"headline":"ISF : les int\u00e9r\u00eats des PEL dans le calcul du plafonnement ?","dateModified":"2013-11-14T08:55:44+00:00","mainEntityOfPage":{"@id":"https:\/\/www.toutsurmesfinances.com\/patrimoine\/a\/isf-les-interets-des-pel-dans-le-calcul-du-plafonnement"},"wordCount":405,"publisher":{"@id":"https:\/\/www.toutsurmesfinances.com\/patrimoine\/#organization"},"image":{"@id":"https:\/\/www.toutsurmesfinances.com\/patrimoine\/a\/isf-les-interets-des-pel-dans-le-calcul-du-plafonnement#primaryimage"},"thumbnailUrl":"https:\/\/www.toutsurmesfinances.com\/patrimoine\/wp-content\/uploads\/sites\/2\/2013\/11\/plafonnement-isf.jpg","articleSection":["Fiscalit\u00e9"],"inLanguage":"fr-FR"},{"@type":"WebPage","@id":"https:\/\/www.toutsurmesfinances.com\/patrimoine\/a\/isf-les-interets-des-pel-dans-le-calcul-du-plafonnement","url":"https:\/\/www.toutsurmesfinances.com\/patrimoine\/a\/isf-les-interets-des-pel-dans-le-calcul-du-plafonnement","name":"ISF : les int\u00e9r\u00eats des PEL dans le calcul du plafonnement ?","isPartOf":{"@id":"https:\/\/www.toutsurmesfinances.com\/patrimoine\/#website"},"primaryImageOfPage":{"@id":"https:\/\/www.toutsurmesfinances.com\/patrimoine\/a\/isf-les-interets-des-pel-dans-le-calcul-du-plafonnement#primaryimage"},"image":{"@id":"https:\/\/www.toutsurmesfinances.com\/patrimoine\/a\/isf-les-interets-des-pel-dans-le-calcul-du-plafonnement#primaryimage"},"thumbnailUrl":"https:\/\/www.toutsurmesfinances.com\/patrimoine\/wp-content\/uploads\/sites\/2\/2013\/11\/plafonnement-isf.jpg","dateModified":"2013-11-14T08:55:44+00:00","description":"Les int\u00e9r\u00eats des plans d'\u00e9pargne-logement (PEL) devraient \u00eatre inclus parmi les revenus pris en compte dans le calcul du plafonnement de l'imp\u00f4t de solidarit\u00e9 sur la fortune (ISF). C'est en tout cas le sens d'un amendement au Budget 2014 adopt\u00e9 en com","breadcrumb":{"@id":"https:\/\/www.toutsurmesfinances.com\/patrimoine\/a\/isf-les-interets-des-pel-dans-le-calcul-du-plafonnement#breadcrumb"},"inLanguage":"fr-FR","potentialAction":[{"@type":"ReadAction","target":["https:\/\/www.toutsurmesfinances.com\/patrimoine\/a\/isf-les-interets-des-pel-dans-le-calcul-du-plafonnement"]}]},{"@type":"ImageObject","inLanguage":"fr-FR","@id":"https:\/\/www.toutsurmesfinances.com\/patrimoine\/a\/isf-les-interets-des-pel-dans-le-calcul-du-plafonnement#primaryimage","url":"https:\/\/www.toutsurmesfinances.com\/patrimoine\/wp-content\/uploads\/sites\/2\/2013\/11\/plafonnement-isf.jpg","contentUrl":"https:\/\/www.toutsurmesfinances.com\/patrimoine\/wp-content\/uploads\/sites\/2\/2013\/11\/plafonnement-isf.jpg","width":471,"height":353,"caption":"Fiche de calcul du plafonnement de l'ISF (capture)"},{"@type":"BreadcrumbList","@id":"https:\/\/www.toutsurmesfinances.com\/patrimoine\/a\/isf-les-interets-des-pel-dans-le-calcul-du-plafonnement#breadcrumb","itemListElement":[{"@type":"ListItem","position":1,"name":"Accueil","item":"https:\/\/www.toutsurmesfinances.com\/patrimoine\/"},{"@type":"ListItem","position":2,"name":"Fiscalit\u00e9","item":"https:\/\/www.toutsurmesfinances.com\/patrimoine\/c\/fiscalite"},{"@type":"ListItem","position":3,"name":"ISF : les int\u00e9r\u00eats des PEL dans le calcul du plafonnement ?"}]},{"@type":"WebSite","@id":"https:\/\/www.toutsurmesfinances.com\/patrimoine\/#website","url":"https:\/\/www.toutsurmesfinances.com\/patrimoine\/","name":"Patrimoine","description":"","publisher":{"@id":"https:\/\/www.toutsurmesfinances.com\/patrimoine\/#organization"},"potentialAction":[{"@type":"SearchAction","target":{"@type":"EntryPoint","urlTemplate":"https:\/\/www.toutsurmesfinances.com\/patrimoine\/?s={search_term_string}"},"query-input":{"@type":"PropertyValueSpecification","valueRequired":true,"valueName":"search_term_string"}}],"inLanguage":"fr-FR"},{"@type":"Organization","@id":"https:\/\/www.toutsurmesfinances.com\/patrimoine\/#organization","name":"Tout Sur Mes Finances","url":"https:\/\/www.toutsurmesfinances.com\/patrimoine\/","logo":{"@type":"ImageObject","inLanguage":"fr-FR","@id":"https:\/\/www.toutsurmesfinances.com\/patrimoine\/#\/schema\/logo\/image\/","url":"https:\/\/www.toutsurmesfinances.com\/patrimoine\/wp-content\/uploads\/sites\/2\/2021\/01\/favicon.png","contentUrl":"https:\/\/www.toutsurmesfinances.com\/patrimoine\/wp-content\/uploads\/sites\/2\/2021\/01\/favicon.png","width":512,"height":512,"caption":"Tout Sur Mes Finances"},"image":{"@id":"https:\/\/www.toutsurmesfinances.com\/patrimoine\/#\/schema\/logo\/image\/"},"sameAs":["https:\/\/x.com\/Toutsur"]},{"@type":"Person","@id":"https:\/\/www.toutsurmesfinances.com\/patrimoine\/#\/schema\/person\/f3692b3163890cd1408bd0dc68a1b55a","name":"Olivier Brunet","image":{"@type":"ImageObject","inLanguage":"fr-FR","@id":"https:\/\/www.toutsurmesfinances.com\/patrimoine\/#\/schema\/person\/image\/","url":"https:\/\/secure.gravatar.com\/avatar\/59a19214b7bb3163a27d873fa61f9a80?s=96&d=mm&r=g","contentUrl":"https:\/\/secure.gravatar.com\/avatar\/59a19214b7bb3163a27d873fa61f9a80?s=96&d=mm&r=g","caption":"Olivier Brunet"},"description":"Olivier Brunet est cofondateur de\u00a0ToutSurMesFinances.com\u00a0et r\u00e9dacteur en chef sp\u00e9cialis\u00e9 en placements et fiscalit\u00e9\u00a0des particuliers. Pr\u00e9sent\u00a0au sein du\u00a0m\u00e9dia\u00a0depuis sa cr\u00e9ation, il en est l\u2019un des piliers \u00e9ditoriaux. Il analyse les strat\u00e9gies d\u2019investissement,\u00a0suit\u00a0les \u00e9volutions fiscales et les\u00a0probl\u00e9matiques\u00a0patrimoniales\u00a0avec une vision long terme, forg\u00e9e par des ann\u00e9es de pratique et de suivi des march\u00e9s.\u00a0","sameAs":["https:\/\/www.toutsurmesfinances.com\/author\/olivier","https:\/\/www.linkedin.com\/in\/obrunet\/"]}]}},"_links":{"self":[{"href":"https:\/\/www.toutsurmesfinances.com\/patrimoine\/wp-json\/wp\/v2\/posts\/2087","targetHints":{"allow":["GET"]}}],"collection":[{"href":"https:\/\/www.toutsurmesfinances.com\/patrimoine\/wp-json\/wp\/v2\/posts"}],"about":[{"href":"https:\/\/www.toutsurmesfinances.com\/patrimoine\/wp-json\/wp\/v2\/types\/post"}],"author":[{"embeddable":true,"href":"https:\/\/www.toutsurmesfinances.com\/patrimoine\/wp-json\/wp\/v2\/users\/13709"}],"replies":[{"embeddable":true,"href":"https:\/\/www.toutsurmesfinances.com\/patrimoine\/wp-json\/wp\/v2\/comments?post=2087"}],"version-history":[{"count":0,"href":"https:\/\/www.toutsurmesfinances.com\/patrimoine\/wp-json\/wp\/v2\/posts\/2087\/revisions"}],"wp:featuredmedia":[{"embeddable":true,"href":"https:\/\/www.toutsurmesfinances.com\/patrimoine\/wp-json\/wp\/v2\/media\/2086"}],"wp:attachment":[{"href":"https:\/\/www.toutsurmesfinances.com\/patrimoine\/wp-json\/wp\/v2\/media?parent=2087"}],"wp:term":[{"taxonomy":"category","embeddable":true,"href":"https:\/\/www.toutsurmesfinances.com\/patrimoine\/wp-json\/wp\/v2\/categories?post=2087"},{"taxonomy":"post_tag","embeddable":true,"href":"https:\/\/www.toutsurmesfinances.com\/patrimoine\/wp-json\/wp\/v2\/tags?post=2087"}],"curies":[{"name":"wp","href":"https:\/\/api.w.org\/{rel}","templated":true}]}}