{"id":2118,"date":"2014-05-10T11:08:53","date_gmt":"2014-05-10T09:08:53","guid":{"rendered":"https:\/\/www.toutsurmesfinances.com\/patrimoine\/a\/isf-quelle-evaluation-pour-la-declaration-du-mobilier"},"modified":"2017-12-07T08:28:22","modified_gmt":"2017-12-07T08:28:22","slug":"isf-quelle-evaluation-pour-la-declaration-du-mobilier","status":"publish","type":"post","link":"https:\/\/www.toutsurmesfinances.com\/patrimoine\/a\/isf-quelle-evaluation-pour-la-declaration-du-mobilier","title":{"rendered":"ISF : quelle \u00e9valuation pour la d\u00e9claration du mobilier ?"},"content":{"rendered":"<br \/>\n<h2><span class=\"ez-toc-section\" id=\"Patrimoine_mobilier_soumis_a_lISF_pas_a_lIFI\"><\/span>Patrimoine mobilier soumis &agrave; l&rsquo;ISF, pas &agrave; l&rsquo;IFI<span class=\"ez-toc-section-end\"><\/span><\/h2>\n<p><em>Le contenu de l&rsquo;article ci-dessous est devenu sans objet pour 2018 en raison de la suppression de l&rsquo;ISF et son remplacement par l&rsquo;imp&ocirc;t sur la fortune immobili&egrave;re (IFI), auquel le patrimoine mobilier n&rsquo;est pas soumis.&nbsp;<\/em><\/p>\n<p>Pas de d&eacute;rogation pour les meubles. Si vous &ecirc;tes propri&eacute;taire d&rsquo;actifs dont la valeur est sup&eacute;rieure &agrave; 1,3 million d&rsquo;euros au 1er janvier 2017, tout votre patrimoine courant doit &ecirc;tre inclus dans votre <a href=\"https:\/\/www.toutsurmesfinances.com\/patrimoine\/a\/isf-declaration-2014-mode-d-emploi\" target=\"_blank\">d&eacute;claration d&rsquo;imp&ocirc;t de solidarit&eacute; sur la fortune<\/a>, mobilier compris. D&egrave;s lors se pose la question de l&rsquo;&eacute;valuation des biens destin&eacute;s &agrave; l&rsquo;usage quotidien et &agrave; l&rsquo;ornement de votre r&eacute;sidence principale et le cas &eacute;ch&eacute;ant de votre r&eacute;sidence secondaire, appel&eacute;s meubles meublants au sens de l&rsquo;ISF.<\/p>\n<p>En la mati&egrave;re il faut distinguer la th&eacute;orie de la pratique. En th&eacute;orie, les r&egrave;gles servant &agrave; d&eacute;terminer la valeur de votre mobilier et des objets de la vie courante pour votre d&eacute;claration d&rsquo;ISF sont les m&ecirc;mes que pour le calcul des droits de succession. Dans ce cas de figure, plusieurs modes d&rsquo;&eacute;valuation sont pr&eacute;vus : la vente publique, l&rsquo;inventaire ou &agrave; d&eacute;faut la d&eacute;claration estimative qui ne peut &ecirc;tre inf&eacute;rieure &agrave; 5 % de l&rsquo;ensemble du patrimoine.<\/p>\n<p>Mais il existe une grande diff&eacute;rence entre la succession et l&rsquo;ISF. La premi&egrave;re intervient une fois pour toutes alors que l&rsquo;ISF est un imp&ocirc;t d&eacute;claratif annuel. Ce qui conduit l&rsquo;administration fiscale &agrave; tol&eacute;rer des m&eacute;thodes moins fastidieuses. En pratique, nul besoin d&rsquo;&eacute;tablir d&rsquo;inventaire annuel, objet par objet. Deux modalit&eacute;s peuvent &ecirc;tre pratiqu&eacute;es. La premi&egrave;re consiste &agrave; effectuer un inventaire simplifi&eacute; valable pendant 3 ans, &agrave; condition de d&eacute;clarer des modifications importantes entre temps. Cet inventaire peut faire l&rsquo;objet d&rsquo;un acte notari&eacute;.<\/p>\n<h2><span class=\"ez-toc-section\" id=\"Forfait_mobilier_la_methode_la_plus_courante\"><\/span>Forfait mobilier, la m&eacute;thode la plus courante<span class=\"ez-toc-section-end\"><\/span><\/h2>\n<p>Il y a plus simple encore : une &eacute;valuation globale au forfait peut &ecirc;tre pratiqu&eacute;e, sans qu&rsquo;il soit n&eacute;cessaire de pr&eacute;ciser ni la nature, ni la valeur des biens vis&eacute;s. C&rsquo;est d&rsquo;ailleurs le proc&eacute;d&eacute; le plus couramment utilis&eacute;. Reste &agrave; savoir combien inscrire dans l&rsquo;imprim&eacute; fiscal. <em>&laquo; A titre de r&egrave;gle pratique, on peut retenir raisonnablement sans trop se tromper un montant compris dans une fourchette situ&eacute;e entre 5.000 et 10.000 euros par habitation que vous occupez &raquo;<\/em>, chiffre J&eacute;r&ocirc;me Barr&eacute;, avocat associ&eacute; du cabinet Franklin.<\/p>\n<p>Pourquoi une telle m&eacute;thode ? Pour la bonne et simple raison que le mobilier d&rsquo;ornement perd rapidement de sa valeur, comme l&rsquo;explique J&eacute;r&ocirc;me Barr&eacute;. <em>&laquo; Hormis des meubles de designers c&eacute;l&egrave;bres comme par exemple Philippe Starck, les meubles meublants &#8211; avant qu&rsquo;ils ne redeviennent &agrave; la mode s&rsquo;ils sont encore utilisables &#8211; se d&eacute;valorisent tr&egrave;s fortement d&egrave;s votre achat. &raquo;<\/p>\n<p><\/em><\/p>\n<h2 style=\"background-color: #e5e5e5;\"><span class=\"ez-toc-section\" id=\"Meubles_meublants_gare_aux_exceptions\"><\/span>Meubles meublants : gare aux exceptions<span class=\"ez-toc-section-end\"><\/span><\/h2>\n<p style=\"background-color: #e5e5e5;\">Certains objets de la vie courante n&rsquo;ont pas &agrave; &ecirc;tre inclus dans les biens meublants. <em>&laquo; Une plaque de cuisson fait partie int&eacute;grante de l&rsquo;immobilier d&egrave;s lors qu&rsquo;elle est fix&eacute;e &agrave; votre cuisine, elle devient un immeuble par destination int&eacute;gr&eacute; dans la valeur de l&rsquo;immeuble &raquo;<\/em>, pr&eacute;cise J&eacute;r&ocirc;me Barr&eacute;. <\/p>\n<p>Autre particularit&eacute;, les meubles anciens sont exon&eacute;r&eacute;s comme les &oelig;uvres d&rsquo;art. <em>&laquo; Si vous d&eacute;tenez des meubles de famille transmis de g&eacute;n&eacute;ration en g&eacute;n&eacute;ration, comme un buffet Louis XV ou Louis-Philippe, vous n&rsquo;avez pas &agrave; les d&eacute;clarer. Les meubles anciens b&eacute;n&eacute;ficient d&rsquo;une exon&eacute;ration totale &raquo;<\/em>, rappelle-t-il.<\/p>\n","protected":false},"excerpt":{"rendered":"<p>Les meubles meublants, destin\u00e9s \u00e0 l&rsquo;usage courant et \u00e0 la d\u00e9coration de la r\u00e9sidence principale ou secondaire, doivent \u00eatre inclus dans la d\u00e9claration d&rsquo;ISF. L&rsquo;administration admet une \u00e9valuation globale au forfait.<\/p>\n","protected":false},"author":13709,"featured_media":2117,"comment_status":"closed","ping_status":"closed","sticky":false,"template":"","format":"standard","meta":{"footnotes":""},"categories":[29],"tags":[],"class_list":["post-2118","post","type-post","status-publish","format-standard","has-post-thumbnail","hentry","category-fiscalite"],"acf":[],"yoast_head":"<!-- This site is optimized with the Yoast SEO plugin v24.9 - https:\/\/yoast.com\/wordpress\/plugins\/seo\/ -->\n<title>ISF 2017 : quelle \u00e9valuation pour la d\u00e9claration du mobilier ?<\/title>\n<meta name=\"description\" content=\"Les meubles meublants, destin\u00e9s \u00e0 l\u2019usage courant et \u00e0 la d\u00e9coration de votre r\u00e9sidence principale ou secondaire, doivent \u00eatre inclus dans la d\u00e9claration d\u2019ISF. L\u2019administration admet une \u00e9valuation globale au forfait.\" \/>\n<meta name=\"robots\" content=\"index, follow, max-snippet:-1, max-image-preview:large, max-video-preview:-1\" \/>\n<link rel=\"canonical\" href=\"https:\/\/www.toutsurmesfinances.com\/patrimoine\/a\/isf-quelle-evaluation-pour-la-declaration-du-mobilier\" \/>\n<meta property=\"og:locale\" content=\"fr_FR\" \/>\n<meta property=\"og:type\" content=\"article\" \/>\n<meta property=\"og:title\" content=\"ISF 2017 : quelle \u00e9valuation pour la d\u00e9claration du mobilier ?\" \/>\n<meta property=\"og:description\" content=\"Les meubles meublants, destin\u00e9s \u00e0 l\u2019usage courant et \u00e0 la d\u00e9coration de votre r\u00e9sidence principale ou secondaire, doivent \u00eatre inclus dans la d\u00e9claration d\u2019ISF. L\u2019administration admet une \u00e9valuation globale au forfait.\" \/>\n<meta property=\"og:url\" content=\"https:\/\/www.toutsurmesfinances.com\/patrimoine\/a\/isf-quelle-evaluation-pour-la-declaration-du-mobilier\" \/>\n<meta property=\"og:site_name\" content=\"Patrimoine\" \/>\n<meta property=\"article:published_time\" content=\"2014-05-10T09:08:53+00:00\" \/>\n<meta property=\"article:modified_time\" content=\"2017-12-07T08:28:22+00:00\" \/>\n<meta property=\"og:image\" content=\"https:\/\/www.toutsurmesfinances.com\/patrimoine\/wp-content\/uploads\/sites\/2\/2014\/05\/meubles-meublants-isf.jpg\" \/>\n\t<meta property=\"og:image:width\" content=\"480\" \/>\n\t<meta property=\"og:image:height\" content=\"360\" \/>\n\t<meta property=\"og:image:type\" content=\"image\/jpeg\" \/>\n<meta name=\"author\" content=\"Olivier Brunet\" \/>\n<meta name=\"twitter:card\" content=\"summary_large_image\" \/>\n<meta name=\"twitter:creator\" content=\"@Toutsur\" \/>\n<meta name=\"twitter:site\" content=\"@Toutsur\" \/>\n<meta name=\"twitter:label1\" content=\"\u00c9crit par\" \/>\n\t<meta name=\"twitter:data1\" content=\"Olivier Brunet\" \/>\n\t<meta name=\"twitter:label2\" content=\"Dur\u00e9e de lecture estim\u00e9e\" \/>\n\t<meta name=\"twitter:data2\" content=\"3 minutes\" \/>\n<script type=\"application\/ld+json\" class=\"yoast-schema-graph\">{\"@context\":\"https:\/\/schema.org\",\"@graph\":[{\"@type\":\"Article\",\"@id\":\"https:\/\/www.toutsurmesfinances.com\/patrimoine\/a\/isf-quelle-evaluation-pour-la-declaration-du-mobilier#article\",\"isPartOf\":{\"@id\":\"https:\/\/www.toutsurmesfinances.com\/patrimoine\/a\/isf-quelle-evaluation-pour-la-declaration-du-mobilier\"},\"author\":{\"name\":\"Olivier Brunet\",\"@id\":\"https:\/\/www.toutsurmesfinances.com\/patrimoine\/#\/schema\/person\/f3692b3163890cd1408bd0dc68a1b55a\"},\"headline\":\"ISF : quelle \u00e9valuation pour la d\u00e9claration du mobilier ?\",\"dateModified\":\"2017-12-07T08:28:22+00:00\",\"mainEntityOfPage\":{\"@id\":\"https:\/\/www.toutsurmesfinances.com\/patrimoine\/a\/isf-quelle-evaluation-pour-la-declaration-du-mobilier\"},\"wordCount\":735,\"publisher\":{\"@id\":\"https:\/\/www.toutsurmesfinances.com\/patrimoine\/#organization\"},\"image\":{\"@id\":\"https:\/\/www.toutsurmesfinances.com\/patrimoine\/a\/isf-quelle-evaluation-pour-la-declaration-du-mobilier#primaryimage\"},\"thumbnailUrl\":\"https:\/\/www.toutsurmesfinances.com\/patrimoine\/wp-content\/uploads\/sites\/2\/2014\/05\/meubles-meublants-isf.jpg\",\"articleSection\":[\"Fiscalit\u00e9\"],\"inLanguage\":\"fr-FR\"},{\"@type\":\"WebPage\",\"@id\":\"https:\/\/www.toutsurmesfinances.com\/patrimoine\/a\/isf-quelle-evaluation-pour-la-declaration-du-mobilier\",\"url\":\"https:\/\/www.toutsurmesfinances.com\/patrimoine\/a\/isf-quelle-evaluation-pour-la-declaration-du-mobilier\",\"name\":\"ISF 2017 : quelle \u00e9valuation pour la d\u00e9claration du mobilier ?\",\"isPartOf\":{\"@id\":\"https:\/\/www.toutsurmesfinances.com\/patrimoine\/#website\"},\"primaryImageOfPage\":{\"@id\":\"https:\/\/www.toutsurmesfinances.com\/patrimoine\/a\/isf-quelle-evaluation-pour-la-declaration-du-mobilier#primaryimage\"},\"image\":{\"@id\":\"https:\/\/www.toutsurmesfinances.com\/patrimoine\/a\/isf-quelle-evaluation-pour-la-declaration-du-mobilier#primaryimage\"},\"thumbnailUrl\":\"https:\/\/www.toutsurmesfinances.com\/patrimoine\/wp-content\/uploads\/sites\/2\/2014\/05\/meubles-meublants-isf.jpg\",\"dateModified\":\"2017-12-07T08:28:22+00:00\",\"description\":\"Les meubles meublants, destin\u00e9s \u00e0 l\u2019usage courant et \u00e0 la d\u00e9coration de votre r\u00e9sidence principale ou secondaire, doivent \u00eatre inclus dans la d\u00e9claration d\u2019ISF. L\u2019administration admet une \u00e9valuation globale au forfait.\",\"breadcrumb\":{\"@id\":\"https:\/\/www.toutsurmesfinances.com\/patrimoine\/a\/isf-quelle-evaluation-pour-la-declaration-du-mobilier#breadcrumb\"},\"inLanguage\":\"fr-FR\",\"potentialAction\":[{\"@type\":\"ReadAction\",\"target\":[\"https:\/\/www.toutsurmesfinances.com\/patrimoine\/a\/isf-quelle-evaluation-pour-la-declaration-du-mobilier\"]}]},{\"@type\":\"ImageObject\",\"inLanguage\":\"fr-FR\",\"@id\":\"https:\/\/www.toutsurmesfinances.com\/patrimoine\/a\/isf-quelle-evaluation-pour-la-declaration-du-mobilier#primaryimage\",\"url\":\"https:\/\/www.toutsurmesfinances.com\/patrimoine\/wp-content\/uploads\/sites\/2\/2014\/05\/meubles-meublants-isf.jpg\",\"contentUrl\":\"https:\/\/www.toutsurmesfinances.com\/patrimoine\/wp-content\/uploads\/sites\/2\/2014\/05\/meubles-meublants-isf.jpg\",\"width\":480,\"height\":360,\"caption\":\"ISF : meubles meublants, comment d\u00e9clarer\"},{\"@type\":\"BreadcrumbList\",\"@id\":\"https:\/\/www.toutsurmesfinances.com\/patrimoine\/a\/isf-quelle-evaluation-pour-la-declaration-du-mobilier#breadcrumb\",\"itemListElement\":[{\"@type\":\"ListItem\",\"position\":1,\"name\":\"Accueil\",\"item\":\"https:\/\/www.toutsurmesfinances.com\/patrimoine\/\"},{\"@type\":\"ListItem\",\"position\":2,\"name\":\"Fiscalit\u00e9\",\"item\":\"https:\/\/www.toutsurmesfinances.com\/patrimoine\/c\/fiscalite\"},{\"@type\":\"ListItem\",\"position\":3,\"name\":\"ISF : quelle \u00e9valuation pour la d\u00e9claration du mobilier ?\"}]},{\"@type\":\"WebSite\",\"@id\":\"https:\/\/www.toutsurmesfinances.com\/patrimoine\/#website\",\"url\":\"https:\/\/www.toutsurmesfinances.com\/patrimoine\/\",\"name\":\"Patrimoine\",\"description\":\"\",\"publisher\":{\"@id\":\"https:\/\/www.toutsurmesfinances.com\/patrimoine\/#organization\"},\"potentialAction\":[{\"@type\":\"SearchAction\",\"target\":{\"@type\":\"EntryPoint\",\"urlTemplate\":\"https:\/\/www.toutsurmesfinances.com\/patrimoine\/?s={search_term_string}\"},\"query-input\":{\"@type\":\"PropertyValueSpecification\",\"valueRequired\":true,\"valueName\":\"search_term_string\"}}],\"inLanguage\":\"fr-FR\"},{\"@type\":\"Organization\",\"@id\":\"https:\/\/www.toutsurmesfinances.com\/patrimoine\/#organization\",\"name\":\"Tout Sur Mes Finances\",\"url\":\"https:\/\/www.toutsurmesfinances.com\/patrimoine\/\",\"logo\":{\"@type\":\"ImageObject\",\"inLanguage\":\"fr-FR\",\"@id\":\"https:\/\/www.toutsurmesfinances.com\/patrimoine\/#\/schema\/logo\/image\/\",\"url\":\"https:\/\/www.toutsurmesfinances.com\/patrimoine\/wp-content\/uploads\/sites\/2\/2021\/01\/favicon.png\",\"contentUrl\":\"https:\/\/www.toutsurmesfinances.com\/patrimoine\/wp-content\/uploads\/sites\/2\/2021\/01\/favicon.png\",\"width\":512,\"height\":512,\"caption\":\"Tout Sur Mes Finances\"},\"image\":{\"@id\":\"https:\/\/www.toutsurmesfinances.com\/patrimoine\/#\/schema\/logo\/image\/\"},\"sameAs\":[\"https:\/\/x.com\/Toutsur\"]},{\"@type\":\"Person\",\"@id\":\"https:\/\/www.toutsurmesfinances.com\/patrimoine\/#\/schema\/person\/f3692b3163890cd1408bd0dc68a1b55a\",\"name\":\"Olivier Brunet\",\"image\":{\"@type\":\"ImageObject\",\"inLanguage\":\"fr-FR\",\"@id\":\"https:\/\/www.toutsurmesfinances.com\/patrimoine\/#\/schema\/person\/image\/\",\"url\":\"https:\/\/secure.gravatar.com\/avatar\/59a19214b7bb3163a27d873fa61f9a80?s=96&d=mm&r=g\",\"contentUrl\":\"https:\/\/secure.gravatar.com\/avatar\/59a19214b7bb3163a27d873fa61f9a80?s=96&d=mm&r=g\",\"caption\":\"Olivier Brunet\"},\"description\":\"Olivier Brunet est cofondateur de\u00a0ToutSurMesFinances.com\u00a0et r\u00e9dacteur en chef sp\u00e9cialis\u00e9 en placements et fiscalit\u00e9\u00a0des particuliers. Pr\u00e9sent\u00a0au sein du\u00a0m\u00e9dia\u00a0depuis sa cr\u00e9ation, il en est l\u2019un des piliers \u00e9ditoriaux. Il analyse les strat\u00e9gies d\u2019investissement,\u00a0suit\u00a0les \u00e9volutions fiscales et les\u00a0probl\u00e9matiques\u00a0patrimoniales\u00a0avec une vision long terme, forg\u00e9e par des ann\u00e9es de pratique et de suivi des march\u00e9s.\u00a0\",\"sameAs\":[\"https:\/\/www.toutsurmesfinances.com\/author\/olivier\",\"https:\/\/www.linkedin.com\/in\/obrunet\/\"]}]}<\/script>\n<!-- \/ Yoast SEO plugin. -->","yoast_head_json":{"title":"ISF 2017 : quelle \u00e9valuation pour la d\u00e9claration du mobilier ?","description":"Les meubles meublants, destin\u00e9s \u00e0 l\u2019usage courant et \u00e0 la d\u00e9coration de votre r\u00e9sidence principale ou secondaire, doivent \u00eatre inclus dans la d\u00e9claration d\u2019ISF. L\u2019administration admet une \u00e9valuation globale au forfait.","robots":{"index":"index","follow":"follow","max-snippet":"max-snippet:-1","max-image-preview":"max-image-preview:large","max-video-preview":"max-video-preview:-1"},"canonical":"https:\/\/www.toutsurmesfinances.com\/patrimoine\/a\/isf-quelle-evaluation-pour-la-declaration-du-mobilier","og_locale":"fr_FR","og_type":"article","og_title":"ISF 2017 : quelle \u00e9valuation pour la d\u00e9claration du mobilier ?","og_description":"Les meubles meublants, destin\u00e9s \u00e0 l\u2019usage courant et \u00e0 la d\u00e9coration de votre r\u00e9sidence principale ou secondaire, doivent \u00eatre inclus dans la d\u00e9claration d\u2019ISF. L\u2019administration admet une \u00e9valuation globale au forfait.","og_url":"https:\/\/www.toutsurmesfinances.com\/patrimoine\/a\/isf-quelle-evaluation-pour-la-declaration-du-mobilier","og_site_name":"Patrimoine","article_published_time":"2014-05-10T09:08:53+00:00","article_modified_time":"2017-12-07T08:28:22+00:00","og_image":[{"width":480,"height":360,"url":"https:\/\/www.toutsurmesfinances.com\/patrimoine\/wp-content\/uploads\/sites\/2\/2014\/05\/meubles-meublants-isf.jpg","type":"image\/jpeg"}],"author":"Olivier Brunet","twitter_card":"summary_large_image","twitter_creator":"@Toutsur","twitter_site":"@Toutsur","twitter_misc":{"\u00c9crit par":"Olivier Brunet","Dur\u00e9e de lecture estim\u00e9e":"3 minutes"},"schema":{"@context":"https:\/\/schema.org","@graph":[{"@type":"Article","@id":"https:\/\/www.toutsurmesfinances.com\/patrimoine\/a\/isf-quelle-evaluation-pour-la-declaration-du-mobilier#article","isPartOf":{"@id":"https:\/\/www.toutsurmesfinances.com\/patrimoine\/a\/isf-quelle-evaluation-pour-la-declaration-du-mobilier"},"author":{"name":"Olivier Brunet","@id":"https:\/\/www.toutsurmesfinances.com\/patrimoine\/#\/schema\/person\/f3692b3163890cd1408bd0dc68a1b55a"},"headline":"ISF : quelle \u00e9valuation pour la d\u00e9claration du mobilier ?","dateModified":"2017-12-07T08:28:22+00:00","mainEntityOfPage":{"@id":"https:\/\/www.toutsurmesfinances.com\/patrimoine\/a\/isf-quelle-evaluation-pour-la-declaration-du-mobilier"},"wordCount":735,"publisher":{"@id":"https:\/\/www.toutsurmesfinances.com\/patrimoine\/#organization"},"image":{"@id":"https:\/\/www.toutsurmesfinances.com\/patrimoine\/a\/isf-quelle-evaluation-pour-la-declaration-du-mobilier#primaryimage"},"thumbnailUrl":"https:\/\/www.toutsurmesfinances.com\/patrimoine\/wp-content\/uploads\/sites\/2\/2014\/05\/meubles-meublants-isf.jpg","articleSection":["Fiscalit\u00e9"],"inLanguage":"fr-FR"},{"@type":"WebPage","@id":"https:\/\/www.toutsurmesfinances.com\/patrimoine\/a\/isf-quelle-evaluation-pour-la-declaration-du-mobilier","url":"https:\/\/www.toutsurmesfinances.com\/patrimoine\/a\/isf-quelle-evaluation-pour-la-declaration-du-mobilier","name":"ISF 2017 : quelle \u00e9valuation pour la d\u00e9claration du mobilier ?","isPartOf":{"@id":"https:\/\/www.toutsurmesfinances.com\/patrimoine\/#website"},"primaryImageOfPage":{"@id":"https:\/\/www.toutsurmesfinances.com\/patrimoine\/a\/isf-quelle-evaluation-pour-la-declaration-du-mobilier#primaryimage"},"image":{"@id":"https:\/\/www.toutsurmesfinances.com\/patrimoine\/a\/isf-quelle-evaluation-pour-la-declaration-du-mobilier#primaryimage"},"thumbnailUrl":"https:\/\/www.toutsurmesfinances.com\/patrimoine\/wp-content\/uploads\/sites\/2\/2014\/05\/meubles-meublants-isf.jpg","dateModified":"2017-12-07T08:28:22+00:00","description":"Les meubles meublants, destin\u00e9s \u00e0 l\u2019usage courant et \u00e0 la d\u00e9coration de votre r\u00e9sidence principale ou secondaire, doivent \u00eatre inclus dans la d\u00e9claration d\u2019ISF. L\u2019administration admet une \u00e9valuation globale au forfait.","breadcrumb":{"@id":"https:\/\/www.toutsurmesfinances.com\/patrimoine\/a\/isf-quelle-evaluation-pour-la-declaration-du-mobilier#breadcrumb"},"inLanguage":"fr-FR","potentialAction":[{"@type":"ReadAction","target":["https:\/\/www.toutsurmesfinances.com\/patrimoine\/a\/isf-quelle-evaluation-pour-la-declaration-du-mobilier"]}]},{"@type":"ImageObject","inLanguage":"fr-FR","@id":"https:\/\/www.toutsurmesfinances.com\/patrimoine\/a\/isf-quelle-evaluation-pour-la-declaration-du-mobilier#primaryimage","url":"https:\/\/www.toutsurmesfinances.com\/patrimoine\/wp-content\/uploads\/sites\/2\/2014\/05\/meubles-meublants-isf.jpg","contentUrl":"https:\/\/www.toutsurmesfinances.com\/patrimoine\/wp-content\/uploads\/sites\/2\/2014\/05\/meubles-meublants-isf.jpg","width":480,"height":360,"caption":"ISF : meubles meublants, comment d\u00e9clarer"},{"@type":"BreadcrumbList","@id":"https:\/\/www.toutsurmesfinances.com\/patrimoine\/a\/isf-quelle-evaluation-pour-la-declaration-du-mobilier#breadcrumb","itemListElement":[{"@type":"ListItem","position":1,"name":"Accueil","item":"https:\/\/www.toutsurmesfinances.com\/patrimoine\/"},{"@type":"ListItem","position":2,"name":"Fiscalit\u00e9","item":"https:\/\/www.toutsurmesfinances.com\/patrimoine\/c\/fiscalite"},{"@type":"ListItem","position":3,"name":"ISF : quelle \u00e9valuation pour la d\u00e9claration du mobilier ?"}]},{"@type":"WebSite","@id":"https:\/\/www.toutsurmesfinances.com\/patrimoine\/#website","url":"https:\/\/www.toutsurmesfinances.com\/patrimoine\/","name":"Patrimoine","description":"","publisher":{"@id":"https:\/\/www.toutsurmesfinances.com\/patrimoine\/#organization"},"potentialAction":[{"@type":"SearchAction","target":{"@type":"EntryPoint","urlTemplate":"https:\/\/www.toutsurmesfinances.com\/patrimoine\/?s={search_term_string}"},"query-input":{"@type":"PropertyValueSpecification","valueRequired":true,"valueName":"search_term_string"}}],"inLanguage":"fr-FR"},{"@type":"Organization","@id":"https:\/\/www.toutsurmesfinances.com\/patrimoine\/#organization","name":"Tout Sur Mes Finances","url":"https:\/\/www.toutsurmesfinances.com\/patrimoine\/","logo":{"@type":"ImageObject","inLanguage":"fr-FR","@id":"https:\/\/www.toutsurmesfinances.com\/patrimoine\/#\/schema\/logo\/image\/","url":"https:\/\/www.toutsurmesfinances.com\/patrimoine\/wp-content\/uploads\/sites\/2\/2021\/01\/favicon.png","contentUrl":"https:\/\/www.toutsurmesfinances.com\/patrimoine\/wp-content\/uploads\/sites\/2\/2021\/01\/favicon.png","width":512,"height":512,"caption":"Tout Sur Mes Finances"},"image":{"@id":"https:\/\/www.toutsurmesfinances.com\/patrimoine\/#\/schema\/logo\/image\/"},"sameAs":["https:\/\/x.com\/Toutsur"]},{"@type":"Person","@id":"https:\/\/www.toutsurmesfinances.com\/patrimoine\/#\/schema\/person\/f3692b3163890cd1408bd0dc68a1b55a","name":"Olivier Brunet","image":{"@type":"ImageObject","inLanguage":"fr-FR","@id":"https:\/\/www.toutsurmesfinances.com\/patrimoine\/#\/schema\/person\/image\/","url":"https:\/\/secure.gravatar.com\/avatar\/59a19214b7bb3163a27d873fa61f9a80?s=96&d=mm&r=g","contentUrl":"https:\/\/secure.gravatar.com\/avatar\/59a19214b7bb3163a27d873fa61f9a80?s=96&d=mm&r=g","caption":"Olivier Brunet"},"description":"Olivier Brunet est cofondateur de\u00a0ToutSurMesFinances.com\u00a0et r\u00e9dacteur en chef sp\u00e9cialis\u00e9 en placements et fiscalit\u00e9\u00a0des particuliers. Pr\u00e9sent\u00a0au sein du\u00a0m\u00e9dia\u00a0depuis sa cr\u00e9ation, il en est l\u2019un des piliers \u00e9ditoriaux. Il analyse les strat\u00e9gies d\u2019investissement,\u00a0suit\u00a0les \u00e9volutions fiscales et les\u00a0probl\u00e9matiques\u00a0patrimoniales\u00a0avec une vision long terme, forg\u00e9e par des ann\u00e9es de pratique et de suivi des march\u00e9s.\u00a0","sameAs":["https:\/\/www.toutsurmesfinances.com\/author\/olivier","https:\/\/www.linkedin.com\/in\/obrunet\/"]}]}},"_links":{"self":[{"href":"https:\/\/www.toutsurmesfinances.com\/patrimoine\/wp-json\/wp\/v2\/posts\/2118","targetHints":{"allow":["GET"]}}],"collection":[{"href":"https:\/\/www.toutsurmesfinances.com\/patrimoine\/wp-json\/wp\/v2\/posts"}],"about":[{"href":"https:\/\/www.toutsurmesfinances.com\/patrimoine\/wp-json\/wp\/v2\/types\/post"}],"author":[{"embeddable":true,"href":"https:\/\/www.toutsurmesfinances.com\/patrimoine\/wp-json\/wp\/v2\/users\/13709"}],"replies":[{"embeddable":true,"href":"https:\/\/www.toutsurmesfinances.com\/patrimoine\/wp-json\/wp\/v2\/comments?post=2118"}],"version-history":[{"count":1,"href":"https:\/\/www.toutsurmesfinances.com\/patrimoine\/wp-json\/wp\/v2\/posts\/2118\/revisions"}],"predecessor-version":[{"id":2364,"href":"https:\/\/www.toutsurmesfinances.com\/patrimoine\/wp-json\/wp\/v2\/posts\/2118\/revisions\/2364"}],"wp:featuredmedia":[{"embeddable":true,"href":"https:\/\/www.toutsurmesfinances.com\/patrimoine\/wp-json\/wp\/v2\/media\/2117"}],"wp:attachment":[{"href":"https:\/\/www.toutsurmesfinances.com\/patrimoine\/wp-json\/wp\/v2\/media?parent=2118"}],"wp:term":[{"taxonomy":"category","embeddable":true,"href":"https:\/\/www.toutsurmesfinances.com\/patrimoine\/wp-json\/wp\/v2\/categories?post=2118"},{"taxonomy":"post_tag","embeddable":true,"href":"https:\/\/www.toutsurmesfinances.com\/patrimoine\/wp-json\/wp\/v2\/tags?post=2118"}],"curies":[{"name":"wp","href":"https:\/\/api.w.org\/{rel}","templated":true}]}}