{"id":2122,"date":"2014-05-23T14:42:06","date_gmt":"2014-05-23T12:42:06","guid":{"rendered":"https:\/\/www.toutsurmesfinances.com\/patrimoine\/a\/isf-declarer-l-immobilier-a-sa-valeur-venale"},"modified":"2014-05-23T17:06:30","modified_gmt":"2014-05-23T17:06:30","slug":"isf-declarer-l-immobilier-a-sa-valeur-venale","status":"publish","type":"post","link":"https:\/\/www.toutsurmesfinances.com\/patrimoine\/a\/isf-declarer-l-immobilier-a-sa-valeur-venale","title":{"rendered":"ISF : \u00ab D\u00e9clarer l\u2019immobilier \u00e0 sa valeur v\u00e9nale \u00bb"},"content":{"rendered":"\n<p>&nbsp;<\/p>\n<p><strong>Toutsurmesfinances.com : Minorer la valeur de l&rsquo;immobilier est un sport national pour r\u00e9duire la base taxable \u00e0 l&rsquo;imp\u00f4t de solidarit\u00e9 sur la fortune (ISF). A quels abattements a-t-on vraiment droit ?<\/strong><br \/>Charles Flobert : Il n&rsquo;existe qu&rsquo;une d\u00e9cote applicable de plein droit : l&rsquo;abattement relatif \u00e0 la r\u00e9sidence principale qui est fix\u00e9 \u00e0 30% de la valeur du bien. Cette d\u00e9cote ne pose donc pas de difficult\u00e9 d&rsquo;interpr\u00e9tation particuli\u00e8re puisqu&rsquo;elle figure au Code g\u00e9n\u00e9ral des imp\u00f4ts. Pour le reste, il n&rsquo;y a pas de martingale.<\/p>\n<h2 style=\"text-align: center;\"><span class=\"ez-toc-section\" id=\"%C2%AB_Distinguer_le_droit_et_la_tolerance_de_ladministration_%C2%BB\"><\/span><em>\u00ab Distinguer le droit et la tol\u00e9rance de l&rsquo;administration \u00bb<\/em><span class=\"ez-toc-section-end\"><\/span><\/h2>\n<p><strong>Est-il donc impossible d&rsquo;appliquer une d\u00e9cote \u00e0 un bien immobilier mis en location ?<\/strong><br \/>Il arrive souvent que des clients soumis \u00e0 l&rsquo;ISF viennent me voir \u00e0 l&rsquo;office notarial en me disant <em>\u00ab j&rsquo;ai droit \u00e0 un abattement de 20% ou 30% \u00bb<\/em> pour tel ou tel bien immobilier. C&rsquo;est une id\u00e9e re\u00e7ue. Vous n&rsquo;avez droit \u00e0 aucun abattement, il est simplement possible d&rsquo;en pratiquer, sous certaines conditions. En la mati\u00e8re, il faut bien faire la part des choses entre le droit et la tol\u00e9rance de l&rsquo;administration fiscale.<\/p>\n<p><strong>Dans quels cas le fisc peut-il admettre qu&rsquo;un logement lou\u00e9 soit moins bien valoris\u00e9 ?<\/strong><br \/>Prenons l&rsquo;exemple du propri\u00e9taire d&rsquo;un tr\u00e8s bel appartement \u00e0 Paris qui est lou\u00e9 avec un bail ancien de type loi 1948, avec un loyer extr\u00eamement faible. Dans ce cas de figure, l&rsquo;administration fiscale peut accepter l&rsquo;application d&rsquo;une d\u00e9cote. S&rsquo;il \u00e9tait mis en vente demain, l&rsquo;appartement serait vendu moins cher qu&rsquo;un logement libre r\u00e9pondant aux caract\u00e9ristiques similaires, du fait du bail en cours qui ob\u00e8re la rentabilit\u00e9 du bien et du m\u00eame coup sa valeur v\u00e9nale.<\/p>\n<p><strong>Pouvez nous donner une d\u00e9finition de la valeur v\u00e9nale ?<\/strong><br \/>C&rsquo;est la valeur \u00e0 laquelle vous pourriez vendre votre bien si vous le mettiez sur le march\u00e9. C&rsquo;est cette notion qui doit \u00eatre prise en compte pour l&rsquo;\u00e9valuation de votre patrimoine immobilier, l&rsquo;administration y est tr\u00e8s attach\u00e9e. Ensuite, au cas par cas, elle peut faire preuve d&rsquo;une certaine tol\u00e9rance en cas de v\u00e9tust\u00e9 manifeste ou d&rsquo;indivision, notamment si l&rsquo;indivision est tr\u00e8s morcel\u00e9e. Mais ayez \u00e0 l&rsquo;esprit qu&rsquo;il n&rsquo;y a pas de r\u00e8gle \u00e9crite, vous n&rsquo;avez pas automatiquement droit \u00e0 une d\u00e9cote. Pour y voir plus clair, n&rsquo;h\u00e9sitez pas \u00e0 prendre attache avec votre centre des imp\u00f4ts. Il est parfaitement l\u00e9gitime de demander \u00e0 l&rsquo;administration ce qu&rsquo;elle consid\u00e8re \u00eatre une valeur correcte.<\/p>\n<h2 style=\"text-align: center;\"><span class=\"ez-toc-section\" id=\"%C2%AB_Pas_de_decote_automatique_pour_les_SCI_%C2%BB\"><\/span><em>\u00ab Pas de d\u00e9cote automatique pour les SCI \u00bb<\/em><span class=\"ez-toc-section-end\"><\/span><\/h2>\n<p><strong>De nombreux contribuables pensent que d\u00e9tenir un immeuble via une soci\u00e9t\u00e9 civile immobili\u00e8re (SCI) ouvre droit \u00e0 un abattement au titre de l&rsquo;ISF. Mythe ou r\u00e9alit\u00e9 ?<\/strong><br \/>Il n&rsquo;y a pas de d\u00e9cote automatique sur les biens d\u00e9tenus au travers d&rsquo;une SCI. Dans le cas de la d\u00e9tention de biens par une SCI, le contribuable n&rsquo;est pas propri\u00e9taire du bien en tant que tel mais des parts de cette SCI. C&rsquo;est la SCI qui d\u00e9tient un ou plusieurs biens immobiliers. Il convient de ne pas porter \u00e0 la d\u00e9claration d&rsquo;ISF le bien immobilier mais bien les parts que vous d\u00e9tenez en tant qu&rsquo;associ\u00e9.<\/p>\n<p><strong>A quelle valeur doit-on inscrire ces parts dans la d\u00e9claration d&rsquo;ISF ?<\/strong><br \/>A la valeur nette comptable, c&rsquo;est-\u00e0-dire l&rsquo;actif de la soci\u00e9t\u00e9 moins son passif. L&rsquo;actif correspond \u00e0 la valeur des biens immobiliers, les passifs aux dettes auxquelles la SCI doit faire face pour acqu\u00e9rir ces biens ou pour proc\u00e9der \u00e0 leur r\u00e9novation. Le montant \u00e0 inscrire dans votre d\u00e9claration doit repr\u00e9senter votre quote-part de d\u00e9tention dans la soci\u00e9t\u00e9.<\/p>\n<p><strong>Les prix de l&rsquo;immobilier sont en baisse depuis 2012 dans de nombreux secteurs. Dans quelle mesure cette situation peut-elle \u00eatre prise en compte dans <a target=\"_blank\" href=\"https:\/\/www.toutsurmesfinances.com\/patrimoine\/a\/isf-declaration-2014-mode-d-emploi#evaluation\">l&rsquo;\u00e9valuation de l&rsquo;immobilier&nbsp;<\/a> ?<\/strong><br \/>L&rsquo;administration fiscale peut se montrer compr\u00e9hensive \u00e0 votre \u00e9gard en cas de baisse av\u00e9r\u00e9e des prix de l&rsquo;immobilier dans le secteur o\u00f9 se trouve le bien. Vous pouvez tout \u00e0 fait proc\u00e9der \u00e0 une baisse des valorisations port\u00e9es \u00e0 votre d\u00e9claration par rapport aux d\u00e9clarations pr\u00e9c\u00e9dentes. N\u00e9anmoins, cela suppose que les valeurs d\u00e9clar\u00e9es initialement \u00e9taient bien en phase avec la r\u00e9alit\u00e9 du march\u00e9 immobilier. Ce qui n&rsquo;est pas toujours le cas.<\/p>\n<p> <center><iframe loading=\"lazy\" width=\"625\" height=\"352\" id=\"video_tsmf\" src=\"\/\/www.youtube.com\/embed\/t-QhxceEla8\" frameborder=\"0\" allowfullscreen><\/iframe><\/center> <\/p>\n<p><strong>En savoir plus<\/strong><br \/>&#8211; <a target=\"_blank\" href=\"https:\/\/www.toutsurmesfinances.com\/patrimoine\/a\/les-sci-face-a-l-isf\">Les SCI face \u00e0 l\u2019ISF<\/a><\/p>\n<p>&nbsp;<\/p>\n","protected":false},"excerpt":{"rendered":"<p>INTERVIEW &#8211; La question de l&rsquo;\u00e9valuation de l&rsquo;immobilier dans la d\u00e9claration ISF est centrale, ces biens \u00e9tant \u00e0 l&rsquo;origine de l&rsquo;imposition de la plupart des contribuables. Les explications de Me Charles Flobert, notaire \u00e0 Saint-Maur-des-Foss\u00e9s (94) sur les valeurs \u00e0 d\u00e9clarer et les abattements applicables.  \u00a0<\/p>\n","protected":false},"author":13709,"featured_media":2121,"comment_status":"closed","ping_status":"closed","sticky":false,"template":"","format":"standard","meta":{"footnotes":""},"categories":[29],"tags":[],"class_list":["post-2122","post","type-post","status-publish","format-standard","has-post-thumbnail","hentry","category-fiscalite"],"acf":[],"yoast_head":"<!-- This site is optimized with the Yoast SEO plugin v24.9 - https:\/\/yoast.com\/wordpress\/plugins\/seo\/ -->\n<title>ISF : \u00ab D\u00e9clarer l\u2019immobilier \u00e0 sa valeur v\u00e9nale \u00bb<\/title>\n<meta name=\"description\" content=\"INTERVIEW - La question de l&#039;\u00e9valuation de l&#039;immobilier dans la d\u00e9claration ISF est centrale, ces biens \u00e9tant \u00e0 l&#039;origine de l&#039;imposition de la plupart des contribuables. Les explications de Me Charles Flobert, notaire \u00e0 Saint-Maur-des-Foss\u00e9s (94) sur\" \/>\n<meta name=\"robots\" content=\"index, follow, max-snippet:-1, max-image-preview:large, max-video-preview:-1\" \/>\n<link rel=\"canonical\" href=\"https:\/\/www.toutsurmesfinances.com\/patrimoine\/a\/isf-declarer-l-immobilier-a-sa-valeur-venale\" \/>\n<meta property=\"og:locale\" content=\"fr_FR\" \/>\n<meta property=\"og:type\" content=\"article\" \/>\n<meta property=\"og:title\" content=\"ISF : \u00ab D\u00e9clarer l\u2019immobilier \u00e0 sa valeur v\u00e9nale \u00bb\" \/>\n<meta property=\"og:description\" content=\"INTERVIEW - La question de l&#039;\u00e9valuation de l&#039;immobilier dans la d\u00e9claration ISF est centrale, ces biens \u00e9tant \u00e0 l&#039;origine de l&#039;imposition de la plupart des contribuables. Les explications de Me Charles Flobert, notaire \u00e0 Saint-Maur-des-Foss\u00e9s (94) sur\" \/>\n<meta property=\"og:url\" content=\"https:\/\/www.toutsurmesfinances.com\/patrimoine\/a\/isf-declarer-l-immobilier-a-sa-valeur-venale\" \/>\n<meta property=\"og:site_name\" content=\"Patrimoine\" \/>\n<meta property=\"article:published_time\" content=\"2014-05-23T12:42:06+00:00\" \/>\n<meta property=\"article:modified_time\" content=\"2014-05-23T17:06:30+00:00\" \/>\n<meta property=\"og:image\" content=\"https:\/\/www.toutsurmesfinances.com\/patrimoine\/wp-content\/uploads\/sites\/2\/2014\/05\/charles-flobert-notaire.jpg\" \/>\n\t<meta property=\"og:image:width\" content=\"480\" \/>\n\t<meta property=\"og:image:height\" content=\"360\" \/>\n\t<meta property=\"og:image:type\" content=\"image\/jpeg\" \/>\n<meta name=\"author\" content=\"Olivier Brunet\" \/>\n<meta name=\"twitter:card\" content=\"summary_large_image\" \/>\n<meta name=\"twitter:creator\" content=\"@Toutsur\" \/>\n<meta name=\"twitter:site\" content=\"@Toutsur\" \/>\n<meta name=\"twitter:label1\" content=\"\u00c9crit par\" \/>\n\t<meta name=\"twitter:data1\" content=\"Olivier Brunet\" \/>\n\t<meta name=\"twitter:label2\" content=\"Dur\u00e9e de lecture estim\u00e9e\" \/>\n\t<meta name=\"twitter:data2\" content=\"4 minutes\" \/>\n<script type=\"application\/ld+json\" class=\"yoast-schema-graph\">{\"@context\":\"https:\/\/schema.org\",\"@graph\":[{\"@type\":\"Article\",\"@id\":\"https:\/\/www.toutsurmesfinances.com\/patrimoine\/a\/isf-declarer-l-immobilier-a-sa-valeur-venale#article\",\"isPartOf\":{\"@id\":\"https:\/\/www.toutsurmesfinances.com\/patrimoine\/a\/isf-declarer-l-immobilier-a-sa-valeur-venale\"},\"author\":{\"name\":\"Olivier Brunet\",\"@id\":\"https:\/\/www.toutsurmesfinances.com\/patrimoine\/#\/schema\/person\/f3692b3163890cd1408bd0dc68a1b55a\"},\"headline\":\"ISF : \u00ab D\u00e9clarer l\u2019immobilier \u00e0 sa valeur v\u00e9nale \u00bb\",\"dateModified\":\"2014-05-23T17:06:30+00:00\",\"mainEntityOfPage\":{\"@id\":\"https:\/\/www.toutsurmesfinances.com\/patrimoine\/a\/isf-declarer-l-immobilier-a-sa-valeur-venale\"},\"wordCount\":783,\"publisher\":{\"@id\":\"https:\/\/www.toutsurmesfinances.com\/patrimoine\/#organization\"},\"image\":{\"@id\":\"https:\/\/www.toutsurmesfinances.com\/patrimoine\/a\/isf-declarer-l-immobilier-a-sa-valeur-venale#primaryimage\"},\"thumbnailUrl\":\"https:\/\/www.toutsurmesfinances.com\/patrimoine\/wp-content\/uploads\/sites\/2\/2014\/05\/charles-flobert-notaire.jpg\",\"articleSection\":[\"Fiscalit\u00e9\"],\"inLanguage\":\"fr-FR\"},{\"@type\":\"WebPage\",\"@id\":\"https:\/\/www.toutsurmesfinances.com\/patrimoine\/a\/isf-declarer-l-immobilier-a-sa-valeur-venale\",\"url\":\"https:\/\/www.toutsurmesfinances.com\/patrimoine\/a\/isf-declarer-l-immobilier-a-sa-valeur-venale\",\"name\":\"ISF : \u00ab D\u00e9clarer l\u2019immobilier \u00e0 sa valeur v\u00e9nale \u00bb\",\"isPartOf\":{\"@id\":\"https:\/\/www.toutsurmesfinances.com\/patrimoine\/#website\"},\"primaryImageOfPage\":{\"@id\":\"https:\/\/www.toutsurmesfinances.com\/patrimoine\/a\/isf-declarer-l-immobilier-a-sa-valeur-venale#primaryimage\"},\"image\":{\"@id\":\"https:\/\/www.toutsurmesfinances.com\/patrimoine\/a\/isf-declarer-l-immobilier-a-sa-valeur-venale#primaryimage\"},\"thumbnailUrl\":\"https:\/\/www.toutsurmesfinances.com\/patrimoine\/wp-content\/uploads\/sites\/2\/2014\/05\/charles-flobert-notaire.jpg\",\"dateModified\":\"2014-05-23T17:06:30+00:00\",\"description\":\"INTERVIEW - La question de l'\u00e9valuation de l'immobilier dans la d\u00e9claration ISF est centrale, ces biens \u00e9tant \u00e0 l'origine de l'imposition de la plupart des contribuables. Les explications de Me Charles Flobert, notaire \u00e0 Saint-Maur-des-Foss\u00e9s (94) sur\",\"breadcrumb\":{\"@id\":\"https:\/\/www.toutsurmesfinances.com\/patrimoine\/a\/isf-declarer-l-immobilier-a-sa-valeur-venale#breadcrumb\"},\"inLanguage\":\"fr-FR\",\"potentialAction\":[{\"@type\":\"ReadAction\",\"target\":[\"https:\/\/www.toutsurmesfinances.com\/patrimoine\/a\/isf-declarer-l-immobilier-a-sa-valeur-venale\"]}]},{\"@type\":\"ImageObject\",\"inLanguage\":\"fr-FR\",\"@id\":\"https:\/\/www.toutsurmesfinances.com\/patrimoine\/a\/isf-declarer-l-immobilier-a-sa-valeur-venale#primaryimage\",\"url\":\"https:\/\/www.toutsurmesfinances.com\/patrimoine\/wp-content\/uploads\/sites\/2\/2014\/05\/charles-flobert-notaire.jpg\",\"contentUrl\":\"https:\/\/www.toutsurmesfinances.com\/patrimoine\/wp-content\/uploads\/sites\/2\/2014\/05\/charles-flobert-notaire.jpg\",\"width\":480,\"height\":360,\"caption\":\"Charles Flobert, notaire \u00e0 Saint-Maur-des-Foss\u00e9s (TSMF)\"},{\"@type\":\"BreadcrumbList\",\"@id\":\"https:\/\/www.toutsurmesfinances.com\/patrimoine\/a\/isf-declarer-l-immobilier-a-sa-valeur-venale#breadcrumb\",\"itemListElement\":[{\"@type\":\"ListItem\",\"position\":1,\"name\":\"Accueil\",\"item\":\"https:\/\/www.toutsurmesfinances.com\/patrimoine\/\"},{\"@type\":\"ListItem\",\"position\":2,\"name\":\"Fiscalit\u00e9\",\"item\":\"https:\/\/www.toutsurmesfinances.com\/patrimoine\/c\/fiscalite\"},{\"@type\":\"ListItem\",\"position\":3,\"name\":\"ISF : \u00ab D\u00e9clarer l\u2019immobilier \u00e0 sa valeur v\u00e9nale \u00bb\"}]},{\"@type\":\"WebSite\",\"@id\":\"https:\/\/www.toutsurmesfinances.com\/patrimoine\/#website\",\"url\":\"https:\/\/www.toutsurmesfinances.com\/patrimoine\/\",\"name\":\"Patrimoine\",\"description\":\"\",\"publisher\":{\"@id\":\"https:\/\/www.toutsurmesfinances.com\/patrimoine\/#organization\"},\"potentialAction\":[{\"@type\":\"SearchAction\",\"target\":{\"@type\":\"EntryPoint\",\"urlTemplate\":\"https:\/\/www.toutsurmesfinances.com\/patrimoine\/?s={search_term_string}\"},\"query-input\":{\"@type\":\"PropertyValueSpecification\",\"valueRequired\":true,\"valueName\":\"search_term_string\"}}],\"inLanguage\":\"fr-FR\"},{\"@type\":\"Organization\",\"@id\":\"https:\/\/www.toutsurmesfinances.com\/patrimoine\/#organization\",\"name\":\"Tout Sur Mes Finances\",\"url\":\"https:\/\/www.toutsurmesfinances.com\/patrimoine\/\",\"logo\":{\"@type\":\"ImageObject\",\"inLanguage\":\"fr-FR\",\"@id\":\"https:\/\/www.toutsurmesfinances.com\/patrimoine\/#\/schema\/logo\/image\/\",\"url\":\"https:\/\/www.toutsurmesfinances.com\/patrimoine\/wp-content\/uploads\/sites\/2\/2021\/01\/favicon.png\",\"contentUrl\":\"https:\/\/www.toutsurmesfinances.com\/patrimoine\/wp-content\/uploads\/sites\/2\/2021\/01\/favicon.png\",\"width\":512,\"height\":512,\"caption\":\"Tout Sur Mes Finances\"},\"image\":{\"@id\":\"https:\/\/www.toutsurmesfinances.com\/patrimoine\/#\/schema\/logo\/image\/\"},\"sameAs\":[\"https:\/\/x.com\/Toutsur\"]},{\"@type\":\"Person\",\"@id\":\"https:\/\/www.toutsurmesfinances.com\/patrimoine\/#\/schema\/person\/f3692b3163890cd1408bd0dc68a1b55a\",\"name\":\"Olivier Brunet\",\"image\":{\"@type\":\"ImageObject\",\"inLanguage\":\"fr-FR\",\"@id\":\"https:\/\/www.toutsurmesfinances.com\/patrimoine\/#\/schema\/person\/image\/\",\"url\":\"https:\/\/secure.gravatar.com\/avatar\/59a19214b7bb3163a27d873fa61f9a80?s=96&d=mm&r=g\",\"contentUrl\":\"https:\/\/secure.gravatar.com\/avatar\/59a19214b7bb3163a27d873fa61f9a80?s=96&d=mm&r=g\",\"caption\":\"Olivier Brunet\"},\"description\":\"Olivier Brunet est cofondateur de\u00a0ToutSurMesFinances.com\u00a0et r\u00e9dacteur en chef sp\u00e9cialis\u00e9 en placements et fiscalit\u00e9\u00a0des particuliers. Pr\u00e9sent\u00a0au sein du\u00a0m\u00e9dia\u00a0depuis sa cr\u00e9ation, il en est l\u2019un des piliers \u00e9ditoriaux. Il analyse les strat\u00e9gies d\u2019investissement,\u00a0suit\u00a0les \u00e9volutions fiscales et les\u00a0probl\u00e9matiques\u00a0patrimoniales\u00a0avec une vision long terme, forg\u00e9e par des ann\u00e9es de pratique et de suivi des march\u00e9s.\u00a0\",\"sameAs\":[\"https:\/\/www.toutsurmesfinances.com\/author\/olivier\",\"https:\/\/www.linkedin.com\/in\/obrunet\/\"]}]}<\/script>\n<!-- \/ Yoast SEO plugin. -->","yoast_head_json":{"title":"ISF : \u00ab D\u00e9clarer l\u2019immobilier \u00e0 sa valeur v\u00e9nale \u00bb","description":"INTERVIEW - La question de l'\u00e9valuation de l'immobilier dans la d\u00e9claration ISF est centrale, ces biens \u00e9tant \u00e0 l'origine de l'imposition de la plupart des contribuables. Les explications de Me Charles Flobert, notaire \u00e0 Saint-Maur-des-Foss\u00e9s (94) sur","robots":{"index":"index","follow":"follow","max-snippet":"max-snippet:-1","max-image-preview":"max-image-preview:large","max-video-preview":"max-video-preview:-1"},"canonical":"https:\/\/www.toutsurmesfinances.com\/patrimoine\/a\/isf-declarer-l-immobilier-a-sa-valeur-venale","og_locale":"fr_FR","og_type":"article","og_title":"ISF : \u00ab D\u00e9clarer l\u2019immobilier \u00e0 sa valeur v\u00e9nale \u00bb","og_description":"INTERVIEW - La question de l'\u00e9valuation de l'immobilier dans la d\u00e9claration ISF est centrale, ces biens \u00e9tant \u00e0 l'origine de l'imposition de la plupart des contribuables. Les explications de Me Charles Flobert, notaire \u00e0 Saint-Maur-des-Foss\u00e9s (94) sur","og_url":"https:\/\/www.toutsurmesfinances.com\/patrimoine\/a\/isf-declarer-l-immobilier-a-sa-valeur-venale","og_site_name":"Patrimoine","article_published_time":"2014-05-23T12:42:06+00:00","article_modified_time":"2014-05-23T17:06:30+00:00","og_image":[{"width":480,"height":360,"url":"https:\/\/www.toutsurmesfinances.com\/patrimoine\/wp-content\/uploads\/sites\/2\/2014\/05\/charles-flobert-notaire.jpg","type":"image\/jpeg"}],"author":"Olivier Brunet","twitter_card":"summary_large_image","twitter_creator":"@Toutsur","twitter_site":"@Toutsur","twitter_misc":{"\u00c9crit par":"Olivier Brunet","Dur\u00e9e de lecture estim\u00e9e":"4 minutes"},"schema":{"@context":"https:\/\/schema.org","@graph":[{"@type":"Article","@id":"https:\/\/www.toutsurmesfinances.com\/patrimoine\/a\/isf-declarer-l-immobilier-a-sa-valeur-venale#article","isPartOf":{"@id":"https:\/\/www.toutsurmesfinances.com\/patrimoine\/a\/isf-declarer-l-immobilier-a-sa-valeur-venale"},"author":{"name":"Olivier Brunet","@id":"https:\/\/www.toutsurmesfinances.com\/patrimoine\/#\/schema\/person\/f3692b3163890cd1408bd0dc68a1b55a"},"headline":"ISF : \u00ab D\u00e9clarer l\u2019immobilier \u00e0 sa valeur v\u00e9nale \u00bb","dateModified":"2014-05-23T17:06:30+00:00","mainEntityOfPage":{"@id":"https:\/\/www.toutsurmesfinances.com\/patrimoine\/a\/isf-declarer-l-immobilier-a-sa-valeur-venale"},"wordCount":783,"publisher":{"@id":"https:\/\/www.toutsurmesfinances.com\/patrimoine\/#organization"},"image":{"@id":"https:\/\/www.toutsurmesfinances.com\/patrimoine\/a\/isf-declarer-l-immobilier-a-sa-valeur-venale#primaryimage"},"thumbnailUrl":"https:\/\/www.toutsurmesfinances.com\/patrimoine\/wp-content\/uploads\/sites\/2\/2014\/05\/charles-flobert-notaire.jpg","articleSection":["Fiscalit\u00e9"],"inLanguage":"fr-FR"},{"@type":"WebPage","@id":"https:\/\/www.toutsurmesfinances.com\/patrimoine\/a\/isf-declarer-l-immobilier-a-sa-valeur-venale","url":"https:\/\/www.toutsurmesfinances.com\/patrimoine\/a\/isf-declarer-l-immobilier-a-sa-valeur-venale","name":"ISF : \u00ab D\u00e9clarer l\u2019immobilier \u00e0 sa valeur v\u00e9nale \u00bb","isPartOf":{"@id":"https:\/\/www.toutsurmesfinances.com\/patrimoine\/#website"},"primaryImageOfPage":{"@id":"https:\/\/www.toutsurmesfinances.com\/patrimoine\/a\/isf-declarer-l-immobilier-a-sa-valeur-venale#primaryimage"},"image":{"@id":"https:\/\/www.toutsurmesfinances.com\/patrimoine\/a\/isf-declarer-l-immobilier-a-sa-valeur-venale#primaryimage"},"thumbnailUrl":"https:\/\/www.toutsurmesfinances.com\/patrimoine\/wp-content\/uploads\/sites\/2\/2014\/05\/charles-flobert-notaire.jpg","dateModified":"2014-05-23T17:06:30+00:00","description":"INTERVIEW - La question de l'\u00e9valuation de l'immobilier dans la d\u00e9claration ISF est centrale, ces biens \u00e9tant \u00e0 l'origine de l'imposition de la plupart des contribuables. Les explications de Me Charles Flobert, notaire \u00e0 Saint-Maur-des-Foss\u00e9s (94) sur","breadcrumb":{"@id":"https:\/\/www.toutsurmesfinances.com\/patrimoine\/a\/isf-declarer-l-immobilier-a-sa-valeur-venale#breadcrumb"},"inLanguage":"fr-FR","potentialAction":[{"@type":"ReadAction","target":["https:\/\/www.toutsurmesfinances.com\/patrimoine\/a\/isf-declarer-l-immobilier-a-sa-valeur-venale"]}]},{"@type":"ImageObject","inLanguage":"fr-FR","@id":"https:\/\/www.toutsurmesfinances.com\/patrimoine\/a\/isf-declarer-l-immobilier-a-sa-valeur-venale#primaryimage","url":"https:\/\/www.toutsurmesfinances.com\/patrimoine\/wp-content\/uploads\/sites\/2\/2014\/05\/charles-flobert-notaire.jpg","contentUrl":"https:\/\/www.toutsurmesfinances.com\/patrimoine\/wp-content\/uploads\/sites\/2\/2014\/05\/charles-flobert-notaire.jpg","width":480,"height":360,"caption":"Charles Flobert, notaire \u00e0 Saint-Maur-des-Foss\u00e9s (TSMF)"},{"@type":"BreadcrumbList","@id":"https:\/\/www.toutsurmesfinances.com\/patrimoine\/a\/isf-declarer-l-immobilier-a-sa-valeur-venale#breadcrumb","itemListElement":[{"@type":"ListItem","position":1,"name":"Accueil","item":"https:\/\/www.toutsurmesfinances.com\/patrimoine\/"},{"@type":"ListItem","position":2,"name":"Fiscalit\u00e9","item":"https:\/\/www.toutsurmesfinances.com\/patrimoine\/c\/fiscalite"},{"@type":"ListItem","position":3,"name":"ISF : \u00ab D\u00e9clarer l\u2019immobilier \u00e0 sa valeur v\u00e9nale \u00bb"}]},{"@type":"WebSite","@id":"https:\/\/www.toutsurmesfinances.com\/patrimoine\/#website","url":"https:\/\/www.toutsurmesfinances.com\/patrimoine\/","name":"Patrimoine","description":"","publisher":{"@id":"https:\/\/www.toutsurmesfinances.com\/patrimoine\/#organization"},"potentialAction":[{"@type":"SearchAction","target":{"@type":"EntryPoint","urlTemplate":"https:\/\/www.toutsurmesfinances.com\/patrimoine\/?s={search_term_string}"},"query-input":{"@type":"PropertyValueSpecification","valueRequired":true,"valueName":"search_term_string"}}],"inLanguage":"fr-FR"},{"@type":"Organization","@id":"https:\/\/www.toutsurmesfinances.com\/patrimoine\/#organization","name":"Tout Sur Mes Finances","url":"https:\/\/www.toutsurmesfinances.com\/patrimoine\/","logo":{"@type":"ImageObject","inLanguage":"fr-FR","@id":"https:\/\/www.toutsurmesfinances.com\/patrimoine\/#\/schema\/logo\/image\/","url":"https:\/\/www.toutsurmesfinances.com\/patrimoine\/wp-content\/uploads\/sites\/2\/2021\/01\/favicon.png","contentUrl":"https:\/\/www.toutsurmesfinances.com\/patrimoine\/wp-content\/uploads\/sites\/2\/2021\/01\/favicon.png","width":512,"height":512,"caption":"Tout Sur Mes Finances"},"image":{"@id":"https:\/\/www.toutsurmesfinances.com\/patrimoine\/#\/schema\/logo\/image\/"},"sameAs":["https:\/\/x.com\/Toutsur"]},{"@type":"Person","@id":"https:\/\/www.toutsurmesfinances.com\/patrimoine\/#\/schema\/person\/f3692b3163890cd1408bd0dc68a1b55a","name":"Olivier Brunet","image":{"@type":"ImageObject","inLanguage":"fr-FR","@id":"https:\/\/www.toutsurmesfinances.com\/patrimoine\/#\/schema\/person\/image\/","url":"https:\/\/secure.gravatar.com\/avatar\/59a19214b7bb3163a27d873fa61f9a80?s=96&d=mm&r=g","contentUrl":"https:\/\/secure.gravatar.com\/avatar\/59a19214b7bb3163a27d873fa61f9a80?s=96&d=mm&r=g","caption":"Olivier Brunet"},"description":"Olivier Brunet est cofondateur de\u00a0ToutSurMesFinances.com\u00a0et r\u00e9dacteur en chef sp\u00e9cialis\u00e9 en placements et fiscalit\u00e9\u00a0des particuliers. Pr\u00e9sent\u00a0au sein du\u00a0m\u00e9dia\u00a0depuis sa cr\u00e9ation, il en est l\u2019un des piliers \u00e9ditoriaux. Il analyse les strat\u00e9gies d\u2019investissement,\u00a0suit\u00a0les \u00e9volutions fiscales et les\u00a0probl\u00e9matiques\u00a0patrimoniales\u00a0avec une vision long terme, forg\u00e9e par des ann\u00e9es de pratique et de suivi des march\u00e9s.\u00a0","sameAs":["https:\/\/www.toutsurmesfinances.com\/author\/olivier","https:\/\/www.linkedin.com\/in\/obrunet\/"]}]}},"_links":{"self":[{"href":"https:\/\/www.toutsurmesfinances.com\/patrimoine\/wp-json\/wp\/v2\/posts\/2122","targetHints":{"allow":["GET"]}}],"collection":[{"href":"https:\/\/www.toutsurmesfinances.com\/patrimoine\/wp-json\/wp\/v2\/posts"}],"about":[{"href":"https:\/\/www.toutsurmesfinances.com\/patrimoine\/wp-json\/wp\/v2\/types\/post"}],"author":[{"embeddable":true,"href":"https:\/\/www.toutsurmesfinances.com\/patrimoine\/wp-json\/wp\/v2\/users\/13709"}],"replies":[{"embeddable":true,"href":"https:\/\/www.toutsurmesfinances.com\/patrimoine\/wp-json\/wp\/v2\/comments?post=2122"}],"version-history":[{"count":1,"href":"https:\/\/www.toutsurmesfinances.com\/patrimoine\/wp-json\/wp\/v2\/posts\/2122\/revisions"}],"predecessor-version":[{"id":2366,"href":"https:\/\/www.toutsurmesfinances.com\/patrimoine\/wp-json\/wp\/v2\/posts\/2122\/revisions\/2366"}],"wp:featuredmedia":[{"embeddable":true,"href":"https:\/\/www.toutsurmesfinances.com\/patrimoine\/wp-json\/wp\/v2\/media\/2121"}],"wp:attachment":[{"href":"https:\/\/www.toutsurmesfinances.com\/patrimoine\/wp-json\/wp\/v2\/media?parent=2122"}],"wp:term":[{"taxonomy":"category","embeddable":true,"href":"https:\/\/www.toutsurmesfinances.com\/patrimoine\/wp-json\/wp\/v2\/categories?post=2122"},{"taxonomy":"post_tag","embeddable":true,"href":"https:\/\/www.toutsurmesfinances.com\/patrimoine\/wp-json\/wp\/v2\/tags?post=2122"}],"curies":[{"name":"wp","href":"https:\/\/api.w.org\/{rel}","templated":true}]}}