{"id":2188,"date":"2016-03-24T07:55:11","date_gmt":"2016-03-24T06:55:11","guid":{"rendered":"https:\/\/www.toutsurmesfinances.com\/patrimoine\/a\/isf-2016-le-calendrier-de-la-declaration-d-impot-de-solidarite-sur-la-fortune"},"modified":"2025-03-13T11:37:00","modified_gmt":"2025-03-13T10:37:00","slug":"isf-2016-le-calendrier-de-la-declaration-d-impot-de-solidarite-sur-la-fortune","status":"publish","type":"post","link":"https:\/\/www.toutsurmesfinances.com\/patrimoine\/a\/isf-2016-le-calendrier-de-la-declaration-d-impot-de-solidarite-sur-la-fortune","title":{"rendered":"IFI 2025 : le calendrier de la d\u00e9claration d\u2019imp\u00f4t sur la fortune immobili\u00e8re"},"content":{"rendered":"<section class=\"l-section wpb_row height_small\"><div class=\"l-section-h i-cf\"><div class=\"g-cols vc_row via_flex valign_top type_default stacking_default\"><div class=\"vc_col-sm-12 wpb_column vc_column_container\"><div class=\"vc_column-inner\"><div class=\"wpb_wrapper\"><div class=\"wpb_text_column\"><div class=\"wpb_wrapper\"><h2><span class=\"ez-toc-section\" id=\"Date_limite_en_2025_pour_declarer_limpot_sur_la_fortune_immobiliere\"><\/span><a name=\"petitisf\"><\/a>Date limite en 2025 pour d\u00e9clarer l&rsquo;imp\u00f4t sur la fortune immobili\u00e8re<span class=\"ez-toc-section-end\"><\/span><\/h2>\n<h3><span class=\"ez-toc-section\" id=\"Calendrier_de_declaration_dIFI_2025\"><\/span>Calendrier de d\u00e9claration d&rsquo;IFI 2025<span class=\"ez-toc-section-end\"><\/span><\/h3>\n<p>Le calendrier de d\u00e9claration IFI 2025 est fix\u00e9 ainsi (source : TSMF) :<\/p>\n<ul>\n<li>Ouverture de la campagne de d\u00e9claration en ligne : 10 avril 2025<\/li>\n<li>Date limite de d\u00e9p\u00f4t papier : mardi 20 mai 2025<\/li>\n<li>Dates limites de d\u00e9p\u00f4t des t\u00e9l\u00e9d\u00e9clarations sur impots.gouv.fr :<br \/>\n<strong>&gt; Zone 1<\/strong>, d\u00e9partements 1 (Ain) \u00e0 19 (Corr\u00e8ze), non-r\u00e9sidents et Monaco : jeudi 22 mai 2025<br \/>\n<strong>&gt; Zone 2<\/strong>, d\u00e9partements 2A (Corse-du-Sud) \u00e0 54 (Meurthe-et-Moselle) : mercredi 28 mai 2025<br \/>\n<strong>&gt; Zone 3<\/strong>, d\u00e9partements 55 (Meuse) \u00e0 95 (Val-d&rsquo;Oise), d\u00e9partements 971 \u00e0 976 (DOM) : jeudi 5 juin 2025<\/li>\n<\/ul>\n<p style=\"margin-left: 30px\"><strong>&gt; En savoir plus sur le <a href=\"https:\/\/www.toutsurmesfinances.com\/impots\/calendrier-fiscal.html\" target=\"_blank\" rel=\"noopener noreferrer\">calendrier fiscal 2025<\/a><br \/>\n<\/strong><\/p>\n<p>La date limite de d\u00e9claration d&rsquo;IFI est donc la m\u00eame que celle en vigueur pour la <strong><a href=\"https:\/\/www.toutsurmesfinances.com\/impots\/impot-sur-le-revenu-la-declaration-etape-par-etape.html\" target=\"_blank\" rel=\"noopener noreferrer\">d\u00e9claration de revenus<\/a><\/strong>. et les formulaires doivent \u00eatre envoy\u00e9s en m\u00eame temps (2042 et 2042 IFI).<\/p>\n<p>La d\u00e9claration d&rsquo;imp\u00f4t de solidarit\u00e9 sp\u00e9cifique n&rsquo;est d\u00e9sormais plus exig\u00e9e pour les patrimoines d&rsquo;une valeur sup\u00e9rieure ou \u00e9gale \u00e0 2,57 millions d&rsquo;euros au 1er janvier 2025. Pour les patrimoines d&rsquo;une valeur comprise entre 1,3 et 2,57 millions d&rsquo;euros au 1er janvier, il n&rsquo;est plus n\u00e9cessaire d&rsquo;utiliser le formulaire papier 2042 C.<\/p>\n<p>Dans tous les cas, quelle que soit le montant du patrimoine imposable \u00e0 l&rsquo;IFI, il faut remplir une d\u00e9claration sp\u00e9cifique, le formulaire 2042 IFI, en compl\u00e9ment de la d\u00e9claration de revenus de 2024 papier ou en ligne sur impots.gouv.fr.<\/p>\n<p>La d\u00e9claration d&rsquo;IFI est \u00e0 d\u00e9poser avec des annexes.<\/p>\n<p>Il est indispensable de conserver des pi\u00e8ces justificatives ayant servi \u00e0 calculer le patrimoine imposable, en cas de contr\u00f4le ult\u00e9rieur. Une notice d&rsquo;aide \u00e0 la d\u00e9claration sp\u00e9cifique (n\u00b0 2041-ISF- NOT) permet de remplir ce volet de la d\u00e9claration de revenus pour les personnes passibles de l&rsquo;IFI.<\/p>\n<h3><span class=\"ez-toc-section\" id=\"Date_limite_pour_les_dons_IFI\"><\/span>Date limite pour les dons IFI<span class=\"ez-toc-section-end\"><\/span><\/h3>\n<p>D\u00e9sormais, les dons \u00e0 des organismes d&rsquo;int\u00e9r\u00eat g\u00e9n\u00e9ral (appel\u00e9s dons IFI) constituent la seule mani\u00e8re de r\u00e9duire son IFI entre le 1er janvier et jusqu&rsquo;\u00e0 la date limite de d\u00e9claration (qui varie selon le lieu de r\u00e9sidence).<\/p>\n<p>Le dispositif ISF PME ayant \u00e9t\u00e9 supprim\u00e9 au 31 d\u00e9cembre 2017, les foyers assujettis ayant investi en direct ou indirectement au capital d&rsquo;une petite entreprise n&rsquo;ont plus droit \u00e0 une r\u00e9duction d&rsquo;IFI.<\/p>\n<p><strong>&gt; En savoir plus : <a href=\"https:\/\/www.toutsurmesfinances.com\/patrimoine\/a\/defiscalisation-isf-comparatif-des-reductions-isf\" target=\"_blank\" rel=\"noopener noreferrer\">D\u00e9fiscalisation IFI 2025 : comparatif des r\u00e9ductions d&rsquo;imp\u00f4t<\/a><\/strong><\/p>\n<p>&nbsp;<\/p>\n<h2><span class=\"ez-toc-section\" id=\"Calendrier_de_declaration_dIFI_2025_different_dun_contribuable_a_lautre\"><\/span><a name=\"heterogene\"><\/a>Calendrier de d\u00e9claration d&rsquo;IFI 2025 diff\u00e9rent d&rsquo;un contribuable \u00e0 l&rsquo;autre<span class=\"ez-toc-section-end\"><\/span><\/h2>\n<p>Le calendrier de <strong><a href=\"https:\/\/www.toutsurmesfinances.com\/patrimoine\/a\/declaration-2042-ifi-formulaire-de-declaration-d-impot-sur-la-fortune-immobiliere\" target=\"_blank\" rel=\"noopener noreferrer\">d\u00e9claration de l&rsquo;IFI 2025<\/a><\/strong>\u00a0est d\u00e9sormais connu. Les services fiscaux n&rsquo;ont pas encore lev\u00e9 le voile sur les dates limites de d\u00e9claration pour cette ann\u00e9e, mais TSMF a publi\u00e9 l&rsquo;\u00e9ch\u00e9ancier en avant-premi\u00e8re par TSMF. En principe, la d\u00e9claration d&rsquo;imp\u00f4t sur la fortune immobili\u00e8re est \u00e0 effectuer en m\u00eame temps que la d\u00e9claration de revenus, avec un formulaire d\u00e9di\u00e9 et selon les m\u00eames d\u00e9lais que tous les contribuables exon\u00e9r\u00e9s d&rsquo;IFI.<\/p>\n<p>La valeur du <strong><a href=\"https:\/\/www.toutsurmesfinances.com\/patrimoine\/a\/isf-qu-est-ce-que-le-patrimoine-net-taxable\" target=\"_blank\" rel=\"noopener noreferrer\">patrimoine net taxable<\/a><\/strong> (tenant compte de la d\u00e9duction des dettes) d\u00e9tenu par le redevable au 1er janvier n&rsquo;influe plus sur la date limite de d\u00e9claration.<\/p>\n<p>Ces d\u00e9lais sont \u00e9galement applicables aux op\u00e9rations de d\u00e9fiscalisation : les dons destin\u00e9s \u00e0 r\u00e9duire l&rsquo;IFI doivent intervenir avant le d\u00e9p\u00f4t de la d\u00e9claration.<\/p>\n<h2><span class=\"ez-toc-section\" id=\"Date_limite_de_declaration_dimpot_sur_la_fortune_au_15_juin_supprimee\"><\/span><a name=\"grosisf\"><\/a>Date limite de d\u00e9claration d&rsquo;imp\u00f4t sur la fortune au 15 juin supprim\u00e9e<span class=\"ez-toc-section-end\"><\/span><\/h2>\n<p>Si le <strong><a href=\"https:\/\/www.toutsurmesfinances.com\/patrimoine\/a\/isf-qu-est-ce-que-le-patrimoine-net-taxable\" target=\"_blank\" rel=\"noopener noreferrer\">patrimoine net taxable<\/a> <\/strong>\u00e0 l&rsquo;IFI calcul\u00e9 au 1er janvier 2025 est sup\u00e9rieur ou \u00e9gal \u00e0 2,57 millions d&rsquo;euros, l&rsquo;administration fiscale n&rsquo;exige plus de d\u00e9poser une d\u00e9claration sp\u00e9cifique (n\u00b0 2725) munie de ses annexes, et accompagn\u00e9e du paiement de l&rsquo;imp\u00f4t correspondant, comme c&rsquo;\u00e9tait le cas auparavant dans le cadre de l&rsquo;ISF. La date limite de d\u00e9claration et de paiement de l&rsquo;imp\u00f4t de solidarit\u00e9 sur la fortune, auparavant fix\u00e9e par la loi au 15 juin, a fait l&rsquo;objet d&rsquo;une abrogation.<\/p>\n<h2><span class=\"ez-toc-section\" id=\"IFI_dernier_delai_pour_les_non-residents\"><\/span><a name=\"nr\"><\/a>IFI : dernier d\u00e9lai pour les non-r\u00e9sidents<span class=\"ez-toc-section-end\"><\/span><\/h2>\n<p>Aucun d\u00e9lai sp\u00e9cifique n&rsquo;existe pour les non-r\u00e9sidents au titre de la d\u00e9claration 2042 IFI, les dates-limites sont donc les m\u00eames que celles applicables aux personnes r\u00e9sidant en France, soit :<\/p>\n<ul>\n<li>le 20 mai pour une d\u00e9claration papier<\/li>\n<li>le 22 mai pour une d\u00e9claration en ligne<\/li>\n<\/ul>\n<p>Jusqu&rsquo;en 2017, les contribuables non-r\u00e9sidents utilisant la d\u00e9claration 2725 (pr\u00e9-identifi\u00e9e ou vierge) pour leur d\u00e9claration d&rsquo;ISF b\u00e9n\u00e9ficiaient d&rsquo;un d\u00e9lai suppl\u00e9mentaire, soit la date-limite d&rsquo;envoi est fix\u00e9e au 17 juillet 2017, quel que soit le pays de r\u00e9sidence. Cela concernait les foyers fiscaux dont le patrimoine \u00e9tait sup\u00e9rieur ou \u00e9gal \u00e0 2,57 millions d&rsquo;euros, ainsi que tous les r\u00e9sidents \u00e0 l&rsquo;\u00e9tranger n&rsquo;ayant pas de revenus de source fran\u00e7aise, d\u00e8s 1,3 million d&rsquo;euros.<\/p>\n<\/div><\/div><\/div><\/div><\/div><\/div><\/div><\/section>\n","protected":false},"excerpt":{"rendered":"<p>Il y a plusieurs dates limites de d&eacute;p&ocirc;t de la d&eacute;claration d&rsquo;imp&ocirc;t sur la fortune immobili&egrave;re 2025 (IFI 2025). Le dernier d&eacute;lai varie selon les modalit&eacute;s de d&eacute;claration (papier ou en ligne) et le lieu de r&eacute;sidence et non plus selon la valeur du patrimoine immobilier d&eacute;tenu par le contribuable.<\/p>\n","protected":false},"author":13709,"featured_media":2187,"comment_status":"closed","ping_status":"closed","sticky":false,"template":"","format":"standard","meta":{"footnotes":""},"categories":[29],"tags":[],"class_list":["post-2188","post","type-post","status-publish","format-standard","has-post-thumbnail","hentry","category-fiscalite"],"acf":[],"yoast_head":"<!-- This site is optimized with the Yoast SEO plugin v24.9 - https:\/\/yoast.com\/wordpress\/plugins\/seo\/ -->\n<title>Date d\u00e9claration IFI ISF 2025 : calendrier, date limite<\/title>\n<meta name=\"description\" content=\"Les dates limites de d\u00e9p\u00f4t de la d\u00e9claration d&#039;imp\u00f4t sur la fortune immobili\u00e8re pour 2025 (IFI 2025), en ligne ou avec la feuille d&#039;imp\u00f4t papier.\" \/>\n<meta name=\"robots\" content=\"index, follow, max-snippet:-1, max-image-preview:large, max-video-preview:-1\" \/>\n<link rel=\"canonical\" href=\"https:\/\/www.toutsurmesfinances.com\/patrimoine\/a\/isf-2016-le-calendrier-de-la-declaration-d-impot-de-solidarite-sur-la-fortune\" \/>\n<meta property=\"og:locale\" content=\"fr_FR\" \/>\n<meta property=\"og:type\" content=\"article\" \/>\n<meta property=\"og:title\" content=\"Date d\u00e9claration IFI ISF 2025 : calendrier, date limite\" \/>\n<meta property=\"og:description\" content=\"Les dates limites de d\u00e9p\u00f4t de la d\u00e9claration d&#039;imp\u00f4t sur la fortune immobili\u00e8re pour 2025 (IFI 2025), en ligne ou avec la feuille d&#039;imp\u00f4t papier.\" \/>\n<meta property=\"og:url\" content=\"https:\/\/www.toutsurmesfinances.com\/patrimoine\/a\/isf-2016-le-calendrier-de-la-declaration-d-impot-de-solidarite-sur-la-fortune\" \/>\n<meta property=\"og:site_name\" content=\"Patrimoine\" \/>\n<meta property=\"article:published_time\" content=\"2016-03-24T06:55:11+00:00\" \/>\n<meta property=\"article:modified_time\" content=\"2025-03-13T10:37:00+00:00\" \/>\n<meta property=\"og:image\" content=\"https:\/\/www.toutsurmesfinances.com\/patrimoine\/wp-content\/uploads\/sites\/2\/2016\/03\/isf-bercy-dessin.jpg\" \/>\n\t<meta property=\"og:image:width\" content=\"823\" \/>\n\t<meta property=\"og:image:height\" content=\"463\" \/>\n\t<meta property=\"og:image:type\" content=\"image\/jpeg\" \/>\n<meta name=\"author\" content=\"Olivier Brunet\" \/>\n<meta name=\"twitter:card\" content=\"summary_large_image\" \/>\n<meta name=\"twitter:title\" content=\"IFI : le calendrier de d\u00e9claration 2022\" \/>\n<meta name=\"twitter:description\" content=\"Les dates cl\u00e9s \u00e0 conna\u00eetre pour les personnes assujetties \u00e0 l&#039;imp\u00f4t sur la fortune immobili\u00e8re en 2022\" \/>\n<meta name=\"twitter:creator\" content=\"@Toutsur\" \/>\n<meta name=\"twitter:site\" content=\"@Toutsur\" \/>\n<meta name=\"twitter:label1\" content=\"\u00c9crit par\" \/>\n\t<meta name=\"twitter:data1\" content=\"Olivier Brunet\" \/>\n\t<meta name=\"twitter:label2\" content=\"Dur\u00e9e de lecture estim\u00e9e\" \/>\n\t<meta name=\"twitter:data2\" content=\"4 minutes\" \/>\n<script type=\"application\/ld+json\" class=\"yoast-schema-graph\">{\"@context\":\"https:\/\/schema.org\",\"@graph\":[{\"@type\":\"Article\",\"@id\":\"https:\/\/www.toutsurmesfinances.com\/patrimoine\/a\/isf-2016-le-calendrier-de-la-declaration-d-impot-de-solidarite-sur-la-fortune#article\",\"isPartOf\":{\"@id\":\"https:\/\/www.toutsurmesfinances.com\/patrimoine\/a\/isf-2016-le-calendrier-de-la-declaration-d-impot-de-solidarite-sur-la-fortune\"},\"author\":{\"name\":\"Olivier Brunet\",\"@id\":\"https:\/\/www.toutsurmesfinances.com\/patrimoine\/#\/schema\/person\/f3692b3163890cd1408bd0dc68a1b55a\"},\"headline\":\"IFI 2025 : le calendrier de la d\u00e9claration d\u2019imp\u00f4t sur la fortune immobili\u00e8re\",\"dateModified\":\"2025-03-13T10:37:00+00:00\",\"mainEntityOfPage\":{\"@id\":\"https:\/\/www.toutsurmesfinances.com\/patrimoine\/a\/isf-2016-le-calendrier-de-la-declaration-d-impot-de-solidarite-sur-la-fortune\"},\"wordCount\":859,\"publisher\":{\"@id\":\"https:\/\/www.toutsurmesfinances.com\/patrimoine\/#organization\"},\"image\":{\"@id\":\"https:\/\/www.toutsurmesfinances.com\/patrimoine\/a\/isf-2016-le-calendrier-de-la-declaration-d-impot-de-solidarite-sur-la-fortune#primaryimage\"},\"thumbnailUrl\":\"https:\/\/www.toutsurmesfinances.com\/patrimoine\/wp-content\/uploads\/sites\/2\/2016\/03\/isf-bercy-dessin.jpg\",\"articleSection\":[\"Fiscalit\u00e9\"],\"inLanguage\":\"fr-FR\"},{\"@type\":\"WebPage\",\"@id\":\"https:\/\/www.toutsurmesfinances.com\/patrimoine\/a\/isf-2016-le-calendrier-de-la-declaration-d-impot-de-solidarite-sur-la-fortune\",\"url\":\"https:\/\/www.toutsurmesfinances.com\/patrimoine\/a\/isf-2016-le-calendrier-de-la-declaration-d-impot-de-solidarite-sur-la-fortune\",\"name\":\"Date d\u00e9claration IFI ISF 2025 : calendrier, date limite\",\"isPartOf\":{\"@id\":\"https:\/\/www.toutsurmesfinances.com\/patrimoine\/#website\"},\"primaryImageOfPage\":{\"@id\":\"https:\/\/www.toutsurmesfinances.com\/patrimoine\/a\/isf-2016-le-calendrier-de-la-declaration-d-impot-de-solidarite-sur-la-fortune#primaryimage\"},\"image\":{\"@id\":\"https:\/\/www.toutsurmesfinances.com\/patrimoine\/a\/isf-2016-le-calendrier-de-la-declaration-d-impot-de-solidarite-sur-la-fortune#primaryimage\"},\"thumbnailUrl\":\"https:\/\/www.toutsurmesfinances.com\/patrimoine\/wp-content\/uploads\/sites\/2\/2016\/03\/isf-bercy-dessin.jpg\",\"dateModified\":\"2025-03-13T10:37:00+00:00\",\"description\":\"Les dates limites de d\u00e9p\u00f4t de la d\u00e9claration d'imp\u00f4t sur la fortune immobili\u00e8re pour 2025 (IFI 2025), en ligne ou avec la feuille d'imp\u00f4t papier.\",\"breadcrumb\":{\"@id\":\"https:\/\/www.toutsurmesfinances.com\/patrimoine\/a\/isf-2016-le-calendrier-de-la-declaration-d-impot-de-solidarite-sur-la-fortune#breadcrumb\"},\"inLanguage\":\"fr-FR\",\"potentialAction\":[{\"@type\":\"ReadAction\",\"target\":[\"https:\/\/www.toutsurmesfinances.com\/patrimoine\/a\/isf-2016-le-calendrier-de-la-declaration-d-impot-de-solidarite-sur-la-fortune\"]}]},{\"@type\":\"ImageObject\",\"inLanguage\":\"fr-FR\",\"@id\":\"https:\/\/www.toutsurmesfinances.com\/patrimoine\/a\/isf-2016-le-calendrier-de-la-declaration-d-impot-de-solidarite-sur-la-fortune#primaryimage\",\"url\":\"https:\/\/www.toutsurmesfinances.com\/patrimoine\/wp-content\/uploads\/sites\/2\/2016\/03\/isf-bercy-dessin.jpg\",\"contentUrl\":\"https:\/\/www.toutsurmesfinances.com\/patrimoine\/wp-content\/uploads\/sites\/2\/2016\/03\/isf-bercy-dessin.jpg\",\"width\":823,\"height\":463},{\"@type\":\"BreadcrumbList\",\"@id\":\"https:\/\/www.toutsurmesfinances.com\/patrimoine\/a\/isf-2016-le-calendrier-de-la-declaration-d-impot-de-solidarite-sur-la-fortune#breadcrumb\",\"itemListElement\":[{\"@type\":\"ListItem\",\"position\":1,\"name\":\"Accueil\",\"item\":\"https:\/\/www.toutsurmesfinances.com\/patrimoine\/\"},{\"@type\":\"ListItem\",\"position\":2,\"name\":\"Fiscalit\u00e9\",\"item\":\"https:\/\/www.toutsurmesfinances.com\/patrimoine\/c\/fiscalite\"},{\"@type\":\"ListItem\",\"position\":3,\"name\":\"IFI 2025 : le calendrier de la d\u00e9claration d\u2019imp\u00f4t sur la fortune immobili\u00e8re\"}]},{\"@type\":\"WebSite\",\"@id\":\"https:\/\/www.toutsurmesfinances.com\/patrimoine\/#website\",\"url\":\"https:\/\/www.toutsurmesfinances.com\/patrimoine\/\",\"name\":\"Patrimoine\",\"description\":\"\",\"publisher\":{\"@id\":\"https:\/\/www.toutsurmesfinances.com\/patrimoine\/#organization\"},\"potentialAction\":[{\"@type\":\"SearchAction\",\"target\":{\"@type\":\"EntryPoint\",\"urlTemplate\":\"https:\/\/www.toutsurmesfinances.com\/patrimoine\/?s={search_term_string}\"},\"query-input\":{\"@type\":\"PropertyValueSpecification\",\"valueRequired\":true,\"valueName\":\"search_term_string\"}}],\"inLanguage\":\"fr-FR\"},{\"@type\":\"Organization\",\"@id\":\"https:\/\/www.toutsurmesfinances.com\/patrimoine\/#organization\",\"name\":\"Tout Sur Mes Finances\",\"url\":\"https:\/\/www.toutsurmesfinances.com\/patrimoine\/\",\"logo\":{\"@type\":\"ImageObject\",\"inLanguage\":\"fr-FR\",\"@id\":\"https:\/\/www.toutsurmesfinances.com\/patrimoine\/#\/schema\/logo\/image\/\",\"url\":\"https:\/\/www.toutsurmesfinances.com\/patrimoine\/wp-content\/uploads\/sites\/2\/2021\/01\/favicon.png\",\"contentUrl\":\"https:\/\/www.toutsurmesfinances.com\/patrimoine\/wp-content\/uploads\/sites\/2\/2021\/01\/favicon.png\",\"width\":512,\"height\":512,\"caption\":\"Tout Sur Mes Finances\"},\"image\":{\"@id\":\"https:\/\/www.toutsurmesfinances.com\/patrimoine\/#\/schema\/logo\/image\/\"},\"sameAs\":[\"https:\/\/x.com\/Toutsur\"]},{\"@type\":\"Person\",\"@id\":\"https:\/\/www.toutsurmesfinances.com\/patrimoine\/#\/schema\/person\/f3692b3163890cd1408bd0dc68a1b55a\",\"name\":\"Olivier Brunet\",\"image\":{\"@type\":\"ImageObject\",\"inLanguage\":\"fr-FR\",\"@id\":\"https:\/\/www.toutsurmesfinances.com\/patrimoine\/#\/schema\/person\/image\/\",\"url\":\"https:\/\/secure.gravatar.com\/avatar\/59a19214b7bb3163a27d873fa61f9a80?s=96&d=mm&r=g\",\"contentUrl\":\"https:\/\/secure.gravatar.com\/avatar\/59a19214b7bb3163a27d873fa61f9a80?s=96&d=mm&r=g\",\"caption\":\"Olivier Brunet\"},\"description\":\"Olivier Brunet est cofondateur de\u00a0ToutSurMesFinances.com\u00a0et r\u00e9dacteur en chef sp\u00e9cialis\u00e9 en placements et fiscalit\u00e9\u00a0des particuliers. Pr\u00e9sent\u00a0au sein du\u00a0m\u00e9dia\u00a0depuis sa cr\u00e9ation, il en est l\u2019un des piliers \u00e9ditoriaux. Il analyse les strat\u00e9gies d\u2019investissement,\u00a0suit\u00a0les \u00e9volutions fiscales et les\u00a0probl\u00e9matiques\u00a0patrimoniales\u00a0avec une vision long terme, forg\u00e9e par des ann\u00e9es de pratique et de suivi des march\u00e9s.\u00a0\",\"sameAs\":[\"https:\/\/www.toutsurmesfinances.com\/author\/olivier\",\"https:\/\/www.linkedin.com\/in\/obrunet\/\"]}]}<\/script>\n<!-- \/ Yoast SEO plugin. -->","yoast_head_json":{"title":"Date d\u00e9claration IFI ISF 2025 : calendrier, date limite","description":"Les dates limites de d\u00e9p\u00f4t de la d\u00e9claration d'imp\u00f4t sur la fortune immobili\u00e8re pour 2025 (IFI 2025), en ligne ou avec la feuille d'imp\u00f4t papier.","robots":{"index":"index","follow":"follow","max-snippet":"max-snippet:-1","max-image-preview":"max-image-preview:large","max-video-preview":"max-video-preview:-1"},"canonical":"https:\/\/www.toutsurmesfinances.com\/patrimoine\/a\/isf-2016-le-calendrier-de-la-declaration-d-impot-de-solidarite-sur-la-fortune","og_locale":"fr_FR","og_type":"article","og_title":"Date d\u00e9claration IFI ISF 2025 : calendrier, date limite","og_description":"Les dates limites de d\u00e9p\u00f4t de la d\u00e9claration d'imp\u00f4t sur la fortune immobili\u00e8re pour 2025 (IFI 2025), en ligne ou avec la feuille d'imp\u00f4t papier.","og_url":"https:\/\/www.toutsurmesfinances.com\/patrimoine\/a\/isf-2016-le-calendrier-de-la-declaration-d-impot-de-solidarite-sur-la-fortune","og_site_name":"Patrimoine","article_published_time":"2016-03-24T06:55:11+00:00","article_modified_time":"2025-03-13T10:37:00+00:00","og_image":[{"width":823,"height":463,"url":"https:\/\/www.toutsurmesfinances.com\/patrimoine\/wp-content\/uploads\/sites\/2\/2016\/03\/isf-bercy-dessin.jpg","type":"image\/jpeg"}],"author":"Olivier Brunet","twitter_card":"summary_large_image","twitter_title":"IFI : le calendrier de d\u00e9claration 2022","twitter_description":"Les dates cl\u00e9s \u00e0 conna\u00eetre pour les personnes assujetties \u00e0 l'imp\u00f4t sur la fortune immobili\u00e8re en 2022","twitter_creator":"@Toutsur","twitter_site":"@Toutsur","twitter_misc":{"\u00c9crit par":"Olivier Brunet","Dur\u00e9e de lecture estim\u00e9e":"4 minutes"},"schema":{"@context":"https:\/\/schema.org","@graph":[{"@type":"Article","@id":"https:\/\/www.toutsurmesfinances.com\/patrimoine\/a\/isf-2016-le-calendrier-de-la-declaration-d-impot-de-solidarite-sur-la-fortune#article","isPartOf":{"@id":"https:\/\/www.toutsurmesfinances.com\/patrimoine\/a\/isf-2016-le-calendrier-de-la-declaration-d-impot-de-solidarite-sur-la-fortune"},"author":{"name":"Olivier Brunet","@id":"https:\/\/www.toutsurmesfinances.com\/patrimoine\/#\/schema\/person\/f3692b3163890cd1408bd0dc68a1b55a"},"headline":"IFI 2025 : le calendrier de la d\u00e9claration d\u2019imp\u00f4t sur la fortune immobili\u00e8re","dateModified":"2025-03-13T10:37:00+00:00","mainEntityOfPage":{"@id":"https:\/\/www.toutsurmesfinances.com\/patrimoine\/a\/isf-2016-le-calendrier-de-la-declaration-d-impot-de-solidarite-sur-la-fortune"},"wordCount":859,"publisher":{"@id":"https:\/\/www.toutsurmesfinances.com\/patrimoine\/#organization"},"image":{"@id":"https:\/\/www.toutsurmesfinances.com\/patrimoine\/a\/isf-2016-le-calendrier-de-la-declaration-d-impot-de-solidarite-sur-la-fortune#primaryimage"},"thumbnailUrl":"https:\/\/www.toutsurmesfinances.com\/patrimoine\/wp-content\/uploads\/sites\/2\/2016\/03\/isf-bercy-dessin.jpg","articleSection":["Fiscalit\u00e9"],"inLanguage":"fr-FR"},{"@type":"WebPage","@id":"https:\/\/www.toutsurmesfinances.com\/patrimoine\/a\/isf-2016-le-calendrier-de-la-declaration-d-impot-de-solidarite-sur-la-fortune","url":"https:\/\/www.toutsurmesfinances.com\/patrimoine\/a\/isf-2016-le-calendrier-de-la-declaration-d-impot-de-solidarite-sur-la-fortune","name":"Date d\u00e9claration IFI ISF 2025 : calendrier, date limite","isPartOf":{"@id":"https:\/\/www.toutsurmesfinances.com\/patrimoine\/#website"},"primaryImageOfPage":{"@id":"https:\/\/www.toutsurmesfinances.com\/patrimoine\/a\/isf-2016-le-calendrier-de-la-declaration-d-impot-de-solidarite-sur-la-fortune#primaryimage"},"image":{"@id":"https:\/\/www.toutsurmesfinances.com\/patrimoine\/a\/isf-2016-le-calendrier-de-la-declaration-d-impot-de-solidarite-sur-la-fortune#primaryimage"},"thumbnailUrl":"https:\/\/www.toutsurmesfinances.com\/patrimoine\/wp-content\/uploads\/sites\/2\/2016\/03\/isf-bercy-dessin.jpg","dateModified":"2025-03-13T10:37:00+00:00","description":"Les dates limites de d\u00e9p\u00f4t de la d\u00e9claration d'imp\u00f4t sur la fortune immobili\u00e8re pour 2025 (IFI 2025), en ligne ou avec la feuille d'imp\u00f4t papier.","breadcrumb":{"@id":"https:\/\/www.toutsurmesfinances.com\/patrimoine\/a\/isf-2016-le-calendrier-de-la-declaration-d-impot-de-solidarite-sur-la-fortune#breadcrumb"},"inLanguage":"fr-FR","potentialAction":[{"@type":"ReadAction","target":["https:\/\/www.toutsurmesfinances.com\/patrimoine\/a\/isf-2016-le-calendrier-de-la-declaration-d-impot-de-solidarite-sur-la-fortune"]}]},{"@type":"ImageObject","inLanguage":"fr-FR","@id":"https:\/\/www.toutsurmesfinances.com\/patrimoine\/a\/isf-2016-le-calendrier-de-la-declaration-d-impot-de-solidarite-sur-la-fortune#primaryimage","url":"https:\/\/www.toutsurmesfinances.com\/patrimoine\/wp-content\/uploads\/sites\/2\/2016\/03\/isf-bercy-dessin.jpg","contentUrl":"https:\/\/www.toutsurmesfinances.com\/patrimoine\/wp-content\/uploads\/sites\/2\/2016\/03\/isf-bercy-dessin.jpg","width":823,"height":463},{"@type":"BreadcrumbList","@id":"https:\/\/www.toutsurmesfinances.com\/patrimoine\/a\/isf-2016-le-calendrier-de-la-declaration-d-impot-de-solidarite-sur-la-fortune#breadcrumb","itemListElement":[{"@type":"ListItem","position":1,"name":"Accueil","item":"https:\/\/www.toutsurmesfinances.com\/patrimoine\/"},{"@type":"ListItem","position":2,"name":"Fiscalit\u00e9","item":"https:\/\/www.toutsurmesfinances.com\/patrimoine\/c\/fiscalite"},{"@type":"ListItem","position":3,"name":"IFI 2025 : le calendrier de la d\u00e9claration d\u2019imp\u00f4t sur la fortune immobili\u00e8re"}]},{"@type":"WebSite","@id":"https:\/\/www.toutsurmesfinances.com\/patrimoine\/#website","url":"https:\/\/www.toutsurmesfinances.com\/patrimoine\/","name":"Patrimoine","description":"","publisher":{"@id":"https:\/\/www.toutsurmesfinances.com\/patrimoine\/#organization"},"potentialAction":[{"@type":"SearchAction","target":{"@type":"EntryPoint","urlTemplate":"https:\/\/www.toutsurmesfinances.com\/patrimoine\/?s={search_term_string}"},"query-input":{"@type":"PropertyValueSpecification","valueRequired":true,"valueName":"search_term_string"}}],"inLanguage":"fr-FR"},{"@type":"Organization","@id":"https:\/\/www.toutsurmesfinances.com\/patrimoine\/#organization","name":"Tout Sur Mes Finances","url":"https:\/\/www.toutsurmesfinances.com\/patrimoine\/","logo":{"@type":"ImageObject","inLanguage":"fr-FR","@id":"https:\/\/www.toutsurmesfinances.com\/patrimoine\/#\/schema\/logo\/image\/","url":"https:\/\/www.toutsurmesfinances.com\/patrimoine\/wp-content\/uploads\/sites\/2\/2021\/01\/favicon.png","contentUrl":"https:\/\/www.toutsurmesfinances.com\/patrimoine\/wp-content\/uploads\/sites\/2\/2021\/01\/favicon.png","width":512,"height":512,"caption":"Tout Sur Mes Finances"},"image":{"@id":"https:\/\/www.toutsurmesfinances.com\/patrimoine\/#\/schema\/logo\/image\/"},"sameAs":["https:\/\/x.com\/Toutsur"]},{"@type":"Person","@id":"https:\/\/www.toutsurmesfinances.com\/patrimoine\/#\/schema\/person\/f3692b3163890cd1408bd0dc68a1b55a","name":"Olivier Brunet","image":{"@type":"ImageObject","inLanguage":"fr-FR","@id":"https:\/\/www.toutsurmesfinances.com\/patrimoine\/#\/schema\/person\/image\/","url":"https:\/\/secure.gravatar.com\/avatar\/59a19214b7bb3163a27d873fa61f9a80?s=96&d=mm&r=g","contentUrl":"https:\/\/secure.gravatar.com\/avatar\/59a19214b7bb3163a27d873fa61f9a80?s=96&d=mm&r=g","caption":"Olivier Brunet"},"description":"Olivier Brunet est cofondateur de\u00a0ToutSurMesFinances.com\u00a0et r\u00e9dacteur en chef sp\u00e9cialis\u00e9 en placements et fiscalit\u00e9\u00a0des particuliers. Pr\u00e9sent\u00a0au sein du\u00a0m\u00e9dia\u00a0depuis sa cr\u00e9ation, il en est l\u2019un des piliers \u00e9ditoriaux. Il analyse les strat\u00e9gies d\u2019investissement,\u00a0suit\u00a0les \u00e9volutions fiscales et les\u00a0probl\u00e9matiques\u00a0patrimoniales\u00a0avec une vision long terme, forg\u00e9e par des ann\u00e9es de pratique et de suivi des march\u00e9s.\u00a0","sameAs":["https:\/\/www.toutsurmesfinances.com\/author\/olivier","https:\/\/www.linkedin.com\/in\/obrunet\/"]}]}},"_links":{"self":[{"href":"https:\/\/www.toutsurmesfinances.com\/patrimoine\/wp-json\/wp\/v2\/posts\/2188","targetHints":{"allow":["GET"]}}],"collection":[{"href":"https:\/\/www.toutsurmesfinances.com\/patrimoine\/wp-json\/wp\/v2\/posts"}],"about":[{"href":"https:\/\/www.toutsurmesfinances.com\/patrimoine\/wp-json\/wp\/v2\/types\/post"}],"author":[{"embeddable":true,"href":"https:\/\/www.toutsurmesfinances.com\/patrimoine\/wp-json\/wp\/v2\/users\/13709"}],"replies":[{"embeddable":true,"href":"https:\/\/www.toutsurmesfinances.com\/patrimoine\/wp-json\/wp\/v2\/comments?post=2188"}],"version-history":[{"count":4,"href":"https:\/\/www.toutsurmesfinances.com\/patrimoine\/wp-json\/wp\/v2\/posts\/2188\/revisions"}],"predecessor-version":[{"id":7945,"href":"https:\/\/www.toutsurmesfinances.com\/patrimoine\/wp-json\/wp\/v2\/posts\/2188\/revisions\/7945"}],"wp:featuredmedia":[{"embeddable":true,"href":"https:\/\/www.toutsurmesfinances.com\/patrimoine\/wp-json\/wp\/v2\/media\/2187"}],"wp:attachment":[{"href":"https:\/\/www.toutsurmesfinances.com\/patrimoine\/wp-json\/wp\/v2\/media?parent=2188"}],"wp:term":[{"taxonomy":"category","embeddable":true,"href":"https:\/\/www.toutsurmesfinances.com\/patrimoine\/wp-json\/wp\/v2\/categories?post=2188"},{"taxonomy":"post_tag","embeddable":true,"href":"https:\/\/www.toutsurmesfinances.com\/patrimoine\/wp-json\/wp\/v2\/tags?post=2188"}],"curies":[{"name":"wp","href":"https:\/\/api.w.org\/{rel}","templated":true}]}}