{"id":41218,"date":"2017-04-27T15:44:25","date_gmt":"2017-04-27T13:44:25","guid":{"rendered":"https:\/\/www.toutsurmesfinances.com\/placements\/assurance-vie-fiscalite-sur-les-rachats-isf-le-programme-de-macron.html"},"modified":"2025-07-08T17:54:47","modified_gmt":"2025-07-08T15:54:47","slug":"assurance-vie-fiscalite-sur-les-rachats-isf-le-programme-de-macron","status":"publish","type":"post","link":"https:\/\/www.toutsurmesfinances.com\/placements\/assurance-vie-fiscalite-sur-les-rachats-isf-le-programme-de-macron.html","title":{"rendered":"Assurance vie : fiscalit\u00e9 sur les rachats, ISF, le programme de Macron"},"content":{"rendered":"<p><strong>&#8211; <a href=\"https:\/\/www.toutsurmesfinances.com\/placements\/assurance-vie-fiscalite-sur-les-rachats-isf-le-programme-de-macron.html#resume\">Assurance vie : r\u00e9sum\u00e9 du programme de Macron<\/a><\/strong><br \/>\n<strong>&#8211; <a href=\"https:\/\/www.toutsurmesfinances.com\/placements\/assurance-vie-fiscalite-sur-les-rachats-isf-le-programme-de-macron.html#rachat\">Fiscalit\u00e9 en cas de rachat, ce qui va changer<\/a><\/strong><br \/>\n<strong>&#8211; <a href=\"https:\/\/www.toutsurmesfinances.com\/placements\/assurance-vie-fiscalite-sur-les-rachats-isf-le-programme-de-macron.html#seuil\">Seuil et modalit\u00e9s d&rsquo;application<\/a><\/strong><br \/>\n<strong>&#8211; <a href=\"https:\/\/www.toutsurmesfinances.com\/placements\/assurance-vie-fiscalite-sur-les-rachats-isf-le-programme-de-macron.html#abattements\">Abattements : ce qui ne devrait pas changer<\/a><\/strong><br \/>\n<strong>&#8211; <a href=\"https:\/\/www.toutsurmesfinances.com\/placements\/assurance-vie-fiscalite-sur-les-rachats-isf-le-programme-de-macron.html#isf\">L&rsquo;assurance vie sortie de l&rsquo;imp\u00f4t sur la fortune immobili\u00e8re en 2018<\/a><\/strong><br \/>\n<strong>&#8211; <a href=\"https:\/\/www.toutsurmesfinances.com\/placements\/assurance-vie-fiscalite-sur-les-rachats-isf-le-programme-de-macron.html#solvabilite\">Nouvelle r\u00e9gulation financi\u00e8re europ\u00e9enne ?<\/a><\/strong><\/p>\n<h2><span class=\"ez-toc-section\" id=\"Assurance_vie_le_programme_dEmmanuel_Macron_en_resume\"><\/span><a name=\"resume\"><\/a>Assurance vie : le programme d&rsquo;Emmanuel Macron, en r\u00e9sum\u00e9<span class=\"ez-toc-section-end\"><\/span><\/h2>\n<p>D&rsquo;apr\u00e8s son programme, ses d\u00e9clarations et celles de son \u00e9quipe de campagne, Emmanuel Macron envisage trois modifications essentielles pour l&rsquo;assurance vie, apr\u00e8s sa victoire au second tour de l&rsquo;\u00e9lection pr\u00e9sidentielle, le 7 mai 2017 :<br \/>\n&#8211; r\u00e9forme de la fiscalit\u00e9 en cas de rachat, avant ou apr\u00e8s 8 ans, prise dans le cadre d&rsquo;une loi de finances<br \/>\n&#8211; exon\u00e9ration totale <strong><a href=\"https:\/\/www.toutsurmesfinances.com\/patrimoine\/a\/bareme-isf-seuil-taux-et-calcul-de-l-impot-sur-la-fortune\" target=\"_blank\" rel=\"noopener\">d&rsquo;imp\u00f4t de solidarit\u00e9 sur la fortune (ISF)<\/a><\/strong> pour les contrats d&rsquo;assurance vie comme pour tous les dispositifs d&rsquo;\u00e9pargne financi\u00e8re, du compte-courant aux actions<br \/>\n&#8211; n\u00e9gociation \u00e0 l&rsquo;\u00e9chelon europ\u00e9en sur le cadre prudentiel de l&rsquo;assurance vie pour tenter d&rsquo;assouplir les r\u00e8gles d&rsquo;investissement des assureurs au profit du financement de l&rsquo;\u00e9conomie.<\/p>\n<h2><span class=\"ez-toc-section\" id=\"Fiscalite_de_lassurance_vie_en_cas_de_rachat_modifiee_par_Macron\"><\/span><a name=\"rachat\"><\/a>Fiscalit\u00e9 de l&rsquo;assurance vie en cas de rachat modifi\u00e9e par Macron<span class=\"ez-toc-section-end\"><\/span><\/h2>\n<p>C&rsquo;est l&rsquo;une des mesures phares du <strong><a href=\"https:\/\/www.toutsurmesfinances.com\/impots\/fiscalite-taxe-d-habitation-le-programme-d-emmanuel-macron-pour-2017.html\" target=\"_blank\" rel=\"noopener\">projet fiscal d&rsquo;Emmanuel Macron<\/a> <\/strong>: l&rsquo;instauration pr\u00e9l\u00e8vement forfaitaire unique (PFU) au taux de 30% sur les revenus du capital, recouvrant \u00e0 la fois l&rsquo;imp\u00f4t sur le revenu et les pr\u00e9l\u00e8vements sociaux, incluant le rel\u00e8vement de la CSG (contribution sociale g\u00e9n\u00e9ralis\u00e9e) dont le taux passerait de 8,2% \u00e0 9,9% sur les revenus du capital et du patrimoine.<\/p>\n<p>La plupart des placements financiers seraient concern\u00e9s, \u00e0 l&rsquo;exception notable des enveloppes fiscales de d\u00e9tention d&rsquo;actions telles que le <a href=\"https:\/\/www.toutsurmesfinances.com\/bourse\/a\/le-pea\"><strong>PEA (plan d&rsquo;\u00e9pargne en actions)<\/strong><\/a> et le PEA PME.<\/p>\n<p>Pour l&rsquo;assurance vie, l&rsquo;application de ce nouveau mode d&rsquo;imposition ne serait pas uniforme : en cas de rachat (terme utilis\u00e9 pour les retraits sur un contrat d&rsquo;assurance vie), certains contrats seraient concern\u00e9s, d&rsquo;autres non. C&rsquo;est \u00e0 partir d&rsquo;un certain seuil de versements que le taux unique de 30% s&rsquo;appliquerait \u00e0 l&rsquo;assurance vie.<\/p>\n<h2><span class=\"ez-toc-section\" id=\"Taxation_de_lassurance_vie_a_30_au-dela_de_150000_euros\"><\/span><a name=\"seuil\"><\/a>Taxation de l&rsquo;assurance vie \u00e0 30% au-del\u00e0 de 150.000 euros<span class=\"ez-toc-section-end\"><\/span><\/h2>\n<p>Quels contrats d&rsquo;assurance vie seraient vis\u00e9s par cette r\u00e9forme ? Il est clair qu&rsquo;un petit \u00e9pargnant ne sera jamais concern\u00e9, sauf s&rsquo;il h\u00e9rite un jour d&rsquo;une grosse somme d&rsquo;argent et s&rsquo;il la place sur une assurance vie. L&rsquo;application de la taxation vise en effet les d\u00e9tenteurs de patrimoines financiers cons\u00e9quents.<\/p>\n<p>Pr\u00e9cis\u00e9ment, le pr\u00e9l\u00e8vement de 30% s&rsquo;appliquerait aux revenus per\u00e7us \u00e0 l&rsquo;occasion d&rsquo;un rachat effectu\u00e9 sur les sommes vers\u00e9es apr\u00e8s la r\u00e9forme, pour les encours sup\u00e9rieurs \u00e0 150.000 euros par personne.<\/p>\n<p>On peut en tirer les commentaires et conclusions suivants :<br \/>\n&#8211; Le seuil de 150.000 euros s&rsquo;entend par personne et non par contrat.<br \/>\n&#8211; Le fait g\u00e9n\u00e9rateur du pr\u00e9l\u00e8vement \u00e0 30% est la r\u00e9union de quatre conditions : 1) disposer de 150.000 euros en assurance vie quelle que soit la date d&rsquo;ouverture du ou des contrats, 2) effectuer des versements apr\u00e8s l&rsquo;entr\u00e9e en vigueur de la r\u00e9forme, 3) proc\u00e9der \u00e0 un rachat partiel ou total sur les sommes vers\u00e9es apr\u00e8s la mise en place du pr\u00e9l\u00e8vement de 30% et 4) disposer d&rsquo;un contrat en plus-value<br \/>\n&#8211; <em>\u00ab La mise en place du PFU n&rsquo;aura donc aucun impact sur l&rsquo;immense majorit\u00e9 des Fran\u00e7ais qui d\u00e9tiennent un contrat d&rsquo;assurance vie \u00bb<\/em>, comme l&rsquo;indique justement En Marche ! sur son site internet.<br \/>\n&#8211; Les encours pr\u00e9existants avant la r\u00e9forme issus de versements d\u00e9j\u00e0 effectu\u00e9s et les produits (int\u00e9r\u00eats, plus-values) qu&rsquo;ils g\u00e9n\u00e8rent ne seront pas concern\u00e9s, que leur montant soit sup\u00e9rieur ou inf\u00e9rieur \u00e0 150.000 euros. Par exemple, le souscripteur d&rsquo;un contrat de 500.000 euros qui utilise son assurance vie uniquement pour financer son train de vie dans le cadre d&rsquo;un programme de rachats partiels programm\u00e9s, sans effectuer de nouveaux versements, ne serait pas concern\u00e9.<\/p>\n<h2><span class=\"ez-toc-section\" id=\"Abattements_avant_et_apres_8_ans_de_detention_avant_et_apres_70_ans%E2%80%A6_Ce_qui_ne_change_pas\"><\/span><a name=\"abattements\"><\/a>Abattements avant et apr\u00e8s 8 ans de d\u00e9tention, avant et apr\u00e8s 70 ans&#8230; Ce qui ne change pas<span class=\"ez-toc-section-end\"><\/span><\/h2>\n<p>A l&rsquo;exception de ce pr\u00e9l\u00e8vement de 30%, <em>\u00ab nous souhaitons maintenir la fiscalit\u00e9 de l&rsquo;assurance vie stable durant le quinquennat \u00bb,<\/em> a annonc\u00e9 En Marche ! en r\u00e9ponse \u00e0 une lettre de la F\u00e9d\u00e9ration des associations ind\u00e9pendantes de d\u00e9fense des \u00e9pargnants pour la retraite (Faider).<\/p>\n<p>En d&rsquo;autres termes, seraient inchang\u00e9s les diff\u00e9rents avantages dont b\u00e9n\u00e9ficie l&rsquo;assurance vie :<br \/>\n<strong>&gt; Fiscalit\u00e9 des gains en cas de rachat (sur versements ant\u00e9rieurs \u00e0 la r\u00e9forme)<\/strong><br \/>\n&#8211; maintien de l&rsquo;option pour le pr\u00e9l\u00e8vement forfaitaire lib\u00e9ratoire de 35% de 0 \u00e0 4 ans, de 15% de 4 \u00e0 8 ans, de 7,5% au bout de 8 ans<br \/>\n&#8211; maintien de l&rsquo;abattement annuel de 4.600 euros pour une personne seule et de 9.200 euros pour les couples au-del\u00e0 de 8 ans<br \/>\n<strong>&gt; Fiscalit\u00e9 en cas de d\u00e9c\u00e8s<\/strong><br \/>\n&#8211; maintien de l&rsquo;abattement fiscal de 152.500 euros (capital + int\u00e9r\u00eats) par b\u00e9n\u00e9ficiaire pour les versements effectu\u00e9s avant 70 ans<br \/>\n&#8211; maintien de l&rsquo;exon\u00e9ration de droits de succession jusqu&rsquo;\u00e0 30.500 euros pour les versements effectu\u00e9s apr\u00e8s 70 ans<\/p>\n<h2><span class=\"ez-toc-section\" id=\"Exoneration_dISF_pour_lepargne_financiere_lassurance_vie_concernee\"><\/span><a name=\"isf\"><\/a>Exon\u00e9ration d&rsquo;ISF pour l&rsquo;\u00e9pargne financi\u00e8re : l&rsquo;assurance vie concern\u00e9e<span class=\"ez-toc-section-end\"><\/span><\/h2>\n<p>D\u00e9cri\u00e9e \u00e0 gauche, la r\u00e9forme Macron de l&rsquo;ISF visant \u00e0 remplacer l&rsquo;imp\u00f4t de solidarit\u00e9 sur la fortune (ISF) par un imp\u00f4t sur la fortune immobili\u00e8re (IFI) aura pour effet d&rsquo;exon\u00e9rer d&rsquo;ISF l&rsquo;ensemble des placements financiers, dont l&rsquo;assurance vie. Cette r\u00e9forme devrait entrer en vigueur en 2018, et non en 2019, contrairement \u00e0 l&rsquo;annnoce faite par le Premier ministre Edouard Philippe, le 4 juillet 2017 lors de sa d\u00e9claration de politique g\u00e9n\u00e9rale devant l&rsquo;Assembl\u00e9e nationale.<\/p>\n<p><em>\u00ab L&rsquo;\u00e9pargne financi\u00e8re et l&rsquo;assurance vie n&rsquo;entreront plus dans l&rsquo;assiette de l&rsquo;ISF. Il n&rsquo;y a pas d&rsquo;\u00e9quivoque l\u00e0-dessus, c&rsquo;est un engagement ferme \u00bb,<\/em> a d\u00e9clar\u00e9 l&rsquo;ancien ministre centriste Jean Arthuis le 16 mars 2017 en tant que repr\u00e9sentant d&rsquo;Emmanuel Macron aux Assises de l&rsquo;\u00e9pargne et de la fiscalit\u00e9 2017 organis\u00e9es par l&rsquo;Afer \u00e0 Paris. <strong>&gt; Plus de d\u00e9tails : <a href=\"https:\/\/www.toutsurmesfinances.com\/patrimoine\/a\/isf-l-impot-sur-la-fortune-immobiliere-version-emmanuel-macron\" target=\"_blank\" rel=\"noopener\">ISF : le programme d&rsquo;Emmanuel Macron<\/a><\/strong><\/p>\n<h2><span class=\"ez-toc-section\" id=\"Assouplissement_de_la_regulation_financiere_sur_lassurance_en_vue\"><\/span><a name=\"solvabilite\"><\/a>Assouplissement de la r\u00e9gulation financi\u00e8re sur l&rsquo;assurance en vue ?<span class=\"ez-toc-section-end\"><\/span><\/h2>\n<p>Emmanuel Macron veut mettre en place une r\u00e9gulation financi\u00e8re qui encourage la croissance et l&rsquo;innovation. Or il juge que la directive europ\u00e9enne Solvabilit\u00e9 2, entr\u00e9e en vigueur au 1er janvier 2016, a eu des effets dissuasifs sur le financement de l&rsquo;\u00e9conomie par les compagnies d&rsquo;assurance.<\/p>\n<p>\u00ab Il faut mener une vraie bataille sur la r\u00e9gulation des banques et des assurances, a d\u00e9clar\u00e9 Emmanuel Macron dans l&rsquo;\u00e9mission Territoires d&rsquo;Infos sur la cha\u00eene Public S\u00e9nat le 9 d\u00e9cembre 2016. [&#8230;] <em>La r\u00e9gulation qui s&rsquo;est faite apr\u00e8s la crise a totalement resserr\u00e9 \u00e0 la fois le cr\u00e9dit et l&rsquo;offre de fonds propres de ces interm\u00e9diaires pour nos entreprises. On a laiss\u00e9 des instances techniques s&rsquo;occuper de cela. Nous devons reprendre la main. Je veux un d\u00e9bat annuel \u00e0 la table du Conseil europ\u00e9en, du conseil des ministres de l&rsquo;\u00e9conomie et des finances, pour d\u00e9battre chaque ann\u00e9e de la bonne allocation de l&rsquo;\u00e9pargne financi\u00e8re de nos concitoyens. J&rsquo;ai besoin pour le red\u00e9marrage [de notre pays] que l&rsquo;on favorise l&rsquo;allocation de cette \u00e9pargne financi\u00e8re par exemple dans les assurances vers les start-up, vers la croissance \u00e9conomique. \u00bb<\/em><\/p>\n<p>Un propos relay\u00e9 en mars par Jean Arthuis. <em>\u00ab Il est important que l&rsquo;assurance fran\u00e7aise ne soit pas p\u00e9nalis\u00e9e par les r\u00e8glements europ\u00e9ens, notamment Solvency II, Solvabilit\u00e9 2 \u00bb<\/em>, estime-t-il, son objectif \u00e9tant de faire en sorte que <em>\u00ab les fonds qui s&rsquo;investissent plus dans l&rsquo;\u00e9conomie ne soient pas frein\u00e9s par des dispositions prudentielles r\u00e9sultant de solvabilit\u00e9 II \u00bb.<\/em><\/p>\n<p>L&rsquo;issue de telles n\u00e9gociations au niveau europ\u00e9en pourrait avoir des cons\u00e9quences \u00e0 terme sur l&rsquo;allocation financi\u00e8re au sein des fonds euros et donc sur leurs performances. Le <strong><a href=\"https:\/\/www.toutsurmesfinances.com\/placements\/assurance-vie-classement-et-comparatif-des-taux-de-rendement.html\" target=\"_blank\" rel=\"noopener\">taux de rendement moyen des fonds euros en 2016<\/a> <\/strong>a atteint 1,80% net de frais, avant pr\u00e9l\u00e8vements sociaux.<\/p>\n","protected":false},"excerpt":{"rendered":"<p>Elu pr\u00e9sident de la R\u00e9publique, Emmanuel Macron engagera une r\u00e9forme de la fiscalit\u00e9 de l&rsquo;assurance vie dans le cadre de la cr\u00e9ation d&rsquo;une taxation \u00e0 30% de l&rsquo;\u00e9pargne financi\u00e8re au taux unique de 30%. L&rsquo;abattement fiscal en cas de rachat apr\u00e8s 8 ans ou en cas de succession serait maintenu. En revanche, l&rsquo;assurance vie b\u00e9n\u00e9ficierait d&rsquo;une exon\u00e9ration d&rsquo;imp\u00f4t sur la fortune (ISF).  \u00a0<\/p>\n","protected":false},"author":13709,"featured_media":55074,"comment_status":"closed","ping_status":"closed","sticky":false,"template":"","format":"standard","meta":{"footnotes":""},"categories":[6],"tags":[],"class_list":["post-41218","post","type-post","status-publish","format-standard","has-post-thumbnail","hentry","category-assurance-vie"],"acf":[],"yoast_head":"<!-- This site is optimized with the Yoast SEO plugin v24.9 - https:\/\/yoast.com\/wordpress\/plugins\/seo\/ -->\n<title>Assurance vie : fiscalit\u00e9, ISF, le programme de Macron pour 2017<\/title>\n<meta name=\"description\" content=\"S&#039;il est \u00e9lu pr\u00e9sident de la R\u00e9publique, Emmanuel Macron engagera une r\u00e9forme de la fiscalit\u00e9 de l&#039;assurance vie dans le cadre de la cr\u00e9ation d&#039;une taxation \u00e0 30% de l&#039;\u00e9pargne financi\u00e8re au taux unique de 30%. L&#039;abattement fiscal en cas de rachat apr\u00e8s 8\" \/>\n<meta name=\"robots\" content=\"index, follow, max-snippet:-1, max-image-preview:large, max-video-preview:-1\" \/>\n<link rel=\"canonical\" href=\"https:\/\/www.toutsurmesfinances.com\/placements\/assurance-vie-fiscalite-sur-les-rachats-isf-le-programme-de-macron.html\" \/>\n<meta property=\"og:locale\" content=\"fr_FR\" \/>\n<meta property=\"og:type\" content=\"article\" \/>\n<meta property=\"og:title\" content=\"Assurance vie : fiscalit\u00e9, ISF, le programme de Macron pour 2017\" \/>\n<meta property=\"og:description\" content=\"S&#039;il est \u00e9lu pr\u00e9sident de la R\u00e9publique, Emmanuel Macron engagera une r\u00e9forme de la fiscalit\u00e9 de l&#039;assurance vie dans le cadre de la cr\u00e9ation d&#039;une taxation \u00e0 30% de l&#039;\u00e9pargne financi\u00e8re au taux unique de 30%. L&#039;abattement fiscal en cas de rachat apr\u00e8s 8\" \/>\n<meta property=\"og:url\" content=\"https:\/\/www.toutsurmesfinances.com\/placements\/assurance-vie-fiscalite-sur-les-rachats-isf-le-programme-de-macron.html\" \/>\n<meta property=\"og:site_name\" content=\"Placements\" \/>\n<meta property=\"article:published_time\" content=\"2017-04-27T13:44:25+00:00\" \/>\n<meta property=\"article:modified_time\" content=\"2025-07-08T15:54:47+00:00\" \/>\n<meta property=\"og:image\" content=\"https:\/\/www.toutsurmesfinances.com\/placements\/wp-content\/uploads\/sites\/7\/2025\/04\/image-placements-assurance-vie.jpg\" \/>\n\t<meta property=\"og:image:width\" content=\"600\" \/>\n\t<meta property=\"og:image:height\" content=\"400\" \/>\n\t<meta property=\"og:image:type\" content=\"image\/jpeg\" \/>\n<meta name=\"author\" content=\"Olivier Brunet\" \/>\n<meta name=\"twitter:card\" content=\"summary_large_image\" \/>\n<meta name=\"twitter:creator\" content=\"@Toutsur\" \/>\n<meta name=\"twitter:site\" content=\"@Toutsur\" \/>\n<meta name=\"twitter:label1\" content=\"\u00c9crit par\" \/>\n\t<meta name=\"twitter:data1\" content=\"Olivier Brunet\" \/>\n\t<meta name=\"twitter:label2\" content=\"Dur\u00e9e de lecture estim\u00e9e\" \/>\n\t<meta name=\"twitter:data2\" content=\"7 minutes\" \/>\n<script type=\"application\/ld+json\" class=\"yoast-schema-graph\">{\"@context\":\"https:\/\/schema.org\",\"@graph\":[{\"@type\":\"Article\",\"@id\":\"https:\/\/www.toutsurmesfinances.com\/placements\/assurance-vie-fiscalite-sur-les-rachats-isf-le-programme-de-macron.html#article\",\"isPartOf\":{\"@id\":\"https:\/\/www.toutsurmesfinances.com\/placements\/assurance-vie-fiscalite-sur-les-rachats-isf-le-programme-de-macron.html\"},\"author\":{\"name\":\"Olivier Brunet\",\"@id\":\"https:\/\/www.toutsurmesfinances.com\/placements\/#\/schema\/person\/f3692b3163890cd1408bd0dc68a1b55a\"},\"headline\":\"Assurance vie : fiscalit\u00e9 sur les rachats, ISF, le programme de Macron\",\"dateModified\":\"2025-07-08T15:54:47+00:00\",\"mainEntityOfPage\":{\"@id\":\"https:\/\/www.toutsurmesfinances.com\/placements\/assurance-vie-fiscalite-sur-les-rachats-isf-le-programme-de-macron.html\"},\"wordCount\":1413,\"publisher\":{\"@id\":\"https:\/\/www.toutsurmesfinances.com\/placements\/#organization\"},\"image\":{\"@id\":\"https:\/\/www.toutsurmesfinances.com\/placements\/assurance-vie-fiscalite-sur-les-rachats-isf-le-programme-de-macron.html#primaryimage\"},\"thumbnailUrl\":\"https:\/\/www.toutsurmesfinances.com\/placements\/wp-content\/uploads\/sites\/7\/2025\/04\/image-placements-assurance-vie.jpg\",\"articleSection\":[\"Assurance vie\"],\"inLanguage\":\"fr-FR\"},{\"@type\":\"WebPage\",\"@id\":\"https:\/\/www.toutsurmesfinances.com\/placements\/assurance-vie-fiscalite-sur-les-rachats-isf-le-programme-de-macron.html\",\"url\":\"https:\/\/www.toutsurmesfinances.com\/placements\/assurance-vie-fiscalite-sur-les-rachats-isf-le-programme-de-macron.html\",\"name\":\"Assurance vie : fiscalit\u00e9, ISF, le programme de Macron pour 2017\",\"isPartOf\":{\"@id\":\"https:\/\/www.toutsurmesfinances.com\/placements\/#website\"},\"primaryImageOfPage\":{\"@id\":\"https:\/\/www.toutsurmesfinances.com\/placements\/assurance-vie-fiscalite-sur-les-rachats-isf-le-programme-de-macron.html#primaryimage\"},\"image\":{\"@id\":\"https:\/\/www.toutsurmesfinances.com\/placements\/assurance-vie-fiscalite-sur-les-rachats-isf-le-programme-de-macron.html#primaryimage\"},\"thumbnailUrl\":\"https:\/\/www.toutsurmesfinances.com\/placements\/wp-content\/uploads\/sites\/7\/2025\/04\/image-placements-assurance-vie.jpg\",\"dateModified\":\"2025-07-08T15:54:47+00:00\",\"description\":\"S'il est \u00e9lu pr\u00e9sident de la R\u00e9publique, Emmanuel Macron engagera une r\u00e9forme de la fiscalit\u00e9 de l'assurance vie dans le cadre de la cr\u00e9ation d'une taxation \u00e0 30% de l'\u00e9pargne financi\u00e8re au taux unique de 30%. L'abattement fiscal en cas de rachat apr\u00e8s 8\",\"breadcrumb\":{\"@id\":\"https:\/\/www.toutsurmesfinances.com\/placements\/assurance-vie-fiscalite-sur-les-rachats-isf-le-programme-de-macron.html#breadcrumb\"},\"inLanguage\":\"fr-FR\",\"potentialAction\":[{\"@type\":\"ReadAction\",\"target\":[\"https:\/\/www.toutsurmesfinances.com\/placements\/assurance-vie-fiscalite-sur-les-rachats-isf-le-programme-de-macron.html\"]}]},{\"@type\":\"ImageObject\",\"inLanguage\":\"fr-FR\",\"@id\":\"https:\/\/www.toutsurmesfinances.com\/placements\/assurance-vie-fiscalite-sur-les-rachats-isf-le-programme-de-macron.html#primaryimage\",\"url\":\"https:\/\/www.toutsurmesfinances.com\/placements\/wp-content\/uploads\/sites\/7\/2025\/04\/image-placements-assurance-vie.jpg\",\"contentUrl\":\"https:\/\/www.toutsurmesfinances.com\/placements\/wp-content\/uploads\/sites\/7\/2025\/04\/image-placements-assurance-vie.jpg\",\"width\":600,\"height\":400},{\"@type\":\"BreadcrumbList\",\"@id\":\"https:\/\/www.toutsurmesfinances.com\/placements\/assurance-vie-fiscalite-sur-les-rachats-isf-le-programme-de-macron.html#breadcrumb\",\"itemListElement\":[{\"@type\":\"ListItem\",\"position\":1,\"name\":\"Accueil\",\"item\":\"https:\/\/www.toutsurmesfinances.com\/placements\/\"},{\"@type\":\"ListItem\",\"position\":2,\"name\":\"Assurance vie\",\"item\":\"https:\/\/www.toutsurmesfinances.com\/placements\/c\/assurance-vie\"},{\"@type\":\"ListItem\",\"position\":3,\"name\":\"Assurance vie : fiscalit\u00e9 sur les rachats, ISF, le programme de Macron\"}]},{\"@type\":\"WebSite\",\"@id\":\"https:\/\/www.toutsurmesfinances.com\/placements\/#website\",\"url\":\"https:\/\/www.toutsurmesfinances.com\/placements\/\",\"name\":\"Placements\",\"description\":\"\",\"publisher\":{\"@id\":\"https:\/\/www.toutsurmesfinances.com\/placements\/#organization\"},\"potentialAction\":[{\"@type\":\"SearchAction\",\"target\":{\"@type\":\"EntryPoint\",\"urlTemplate\":\"https:\/\/www.toutsurmesfinances.com\/placements\/?s={search_term_string}\"},\"query-input\":{\"@type\":\"PropertyValueSpecification\",\"valueRequired\":true,\"valueName\":\"search_term_string\"}}],\"inLanguage\":\"fr-FR\"},{\"@type\":\"Organization\",\"@id\":\"https:\/\/www.toutsurmesfinances.com\/placements\/#organization\",\"name\":\"Tout Sur Mes Finances\",\"url\":\"https:\/\/www.toutsurmesfinances.com\/placements\/\",\"logo\":{\"@type\":\"ImageObject\",\"inLanguage\":\"fr-FR\",\"@id\":\"https:\/\/www.toutsurmesfinances.com\/placements\/#\/schema\/logo\/image\/\",\"url\":\"https:\/\/www.toutsurmesfinances.com\/placements\/wp-content\/uploads\/sites\/7\/2021\/01\/favicon.png\",\"contentUrl\":\"https:\/\/www.toutsurmesfinances.com\/placements\/wp-content\/uploads\/sites\/7\/2021\/01\/favicon.png\",\"width\":512,\"height\":512,\"caption\":\"Tout Sur Mes Finances\"},\"image\":{\"@id\":\"https:\/\/www.toutsurmesfinances.com\/placements\/#\/schema\/logo\/image\/\"},\"sameAs\":[\"https:\/\/x.com\/Toutsur\"]},{\"@type\":\"Person\",\"@id\":\"https:\/\/www.toutsurmesfinances.com\/placements\/#\/schema\/person\/f3692b3163890cd1408bd0dc68a1b55a\",\"name\":\"Olivier Brunet\",\"image\":{\"@type\":\"ImageObject\",\"inLanguage\":\"fr-FR\",\"@id\":\"https:\/\/www.toutsurmesfinances.com\/placements\/#\/schema\/person\/image\/\",\"url\":\"https:\/\/secure.gravatar.com\/avatar\/59a19214b7bb3163a27d873fa61f9a80?s=96&d=mm&r=g\",\"contentUrl\":\"https:\/\/secure.gravatar.com\/avatar\/59a19214b7bb3163a27d873fa61f9a80?s=96&d=mm&r=g\",\"caption\":\"Olivier Brunet\"},\"description\":\"Olivier Brunet est cofondateur de\u00a0ToutSurMesFinances.com\u00a0et r\u00e9dacteur en chef sp\u00e9cialis\u00e9 en placements et fiscalit\u00e9\u00a0des particuliers. Pr\u00e9sent\u00a0au sein du\u00a0m\u00e9dia\u00a0depuis sa cr\u00e9ation, il en est l\u2019un des piliers \u00e9ditoriaux. Il analyse les strat\u00e9gies d\u2019investissement,\u00a0suit\u00a0les \u00e9volutions fiscales et les\u00a0probl\u00e9matiques\u00a0patrimoniales\u00a0avec une vision long terme, forg\u00e9e par des ann\u00e9es de pratique et de suivi des march\u00e9s.\u00a0\",\"sameAs\":[\"https:\/\/www.toutsurmesfinances.com\/author\/olivier\",\"https:\/\/www.linkedin.com\/in\/obrunet\/\"]}]}<\/script>\n<!-- \/ Yoast SEO plugin. -->","yoast_head_json":{"title":"Assurance vie : fiscalit\u00e9, ISF, le programme de Macron pour 2017","description":"S'il est \u00e9lu pr\u00e9sident de la R\u00e9publique, Emmanuel Macron engagera une r\u00e9forme de la fiscalit\u00e9 de l'assurance vie dans le cadre de la cr\u00e9ation d'une taxation \u00e0 30% de l'\u00e9pargne financi\u00e8re au taux unique de 30%. L'abattement fiscal en cas de rachat apr\u00e8s 8","robots":{"index":"index","follow":"follow","max-snippet":"max-snippet:-1","max-image-preview":"max-image-preview:large","max-video-preview":"max-video-preview:-1"},"canonical":"https:\/\/www.toutsurmesfinances.com\/placements\/assurance-vie-fiscalite-sur-les-rachats-isf-le-programme-de-macron.html","og_locale":"fr_FR","og_type":"article","og_title":"Assurance vie : fiscalit\u00e9, ISF, le programme de Macron pour 2017","og_description":"S'il est \u00e9lu pr\u00e9sident de la R\u00e9publique, Emmanuel Macron engagera une r\u00e9forme de la fiscalit\u00e9 de l'assurance vie dans le cadre de la cr\u00e9ation d'une taxation \u00e0 30% de l'\u00e9pargne financi\u00e8re au taux unique de 30%. L'abattement fiscal en cas de rachat apr\u00e8s 8","og_url":"https:\/\/www.toutsurmesfinances.com\/placements\/assurance-vie-fiscalite-sur-les-rachats-isf-le-programme-de-macron.html","og_site_name":"Placements","article_published_time":"2017-04-27T13:44:25+00:00","article_modified_time":"2025-07-08T15:54:47+00:00","og_image":[{"width":600,"height":400,"url":"https:\/\/www.toutsurmesfinances.com\/placements\/wp-content\/uploads\/sites\/7\/2025\/04\/image-placements-assurance-vie.jpg","type":"image\/jpeg"}],"author":"Olivier Brunet","twitter_card":"summary_large_image","twitter_creator":"@Toutsur","twitter_site":"@Toutsur","twitter_misc":{"\u00c9crit par":"Olivier Brunet","Dur\u00e9e de lecture estim\u00e9e":"7 minutes"},"schema":{"@context":"https:\/\/schema.org","@graph":[{"@type":"Article","@id":"https:\/\/www.toutsurmesfinances.com\/placements\/assurance-vie-fiscalite-sur-les-rachats-isf-le-programme-de-macron.html#article","isPartOf":{"@id":"https:\/\/www.toutsurmesfinances.com\/placements\/assurance-vie-fiscalite-sur-les-rachats-isf-le-programme-de-macron.html"},"author":{"name":"Olivier Brunet","@id":"https:\/\/www.toutsurmesfinances.com\/placements\/#\/schema\/person\/f3692b3163890cd1408bd0dc68a1b55a"},"headline":"Assurance vie : fiscalit\u00e9 sur les rachats, ISF, le programme de Macron","dateModified":"2025-07-08T15:54:47+00:00","mainEntityOfPage":{"@id":"https:\/\/www.toutsurmesfinances.com\/placements\/assurance-vie-fiscalite-sur-les-rachats-isf-le-programme-de-macron.html"},"wordCount":1413,"publisher":{"@id":"https:\/\/www.toutsurmesfinances.com\/placements\/#organization"},"image":{"@id":"https:\/\/www.toutsurmesfinances.com\/placements\/assurance-vie-fiscalite-sur-les-rachats-isf-le-programme-de-macron.html#primaryimage"},"thumbnailUrl":"https:\/\/www.toutsurmesfinances.com\/placements\/wp-content\/uploads\/sites\/7\/2025\/04\/image-placements-assurance-vie.jpg","articleSection":["Assurance vie"],"inLanguage":"fr-FR"},{"@type":"WebPage","@id":"https:\/\/www.toutsurmesfinances.com\/placements\/assurance-vie-fiscalite-sur-les-rachats-isf-le-programme-de-macron.html","url":"https:\/\/www.toutsurmesfinances.com\/placements\/assurance-vie-fiscalite-sur-les-rachats-isf-le-programme-de-macron.html","name":"Assurance vie : fiscalit\u00e9, ISF, le programme de Macron pour 2017","isPartOf":{"@id":"https:\/\/www.toutsurmesfinances.com\/placements\/#website"},"primaryImageOfPage":{"@id":"https:\/\/www.toutsurmesfinances.com\/placements\/assurance-vie-fiscalite-sur-les-rachats-isf-le-programme-de-macron.html#primaryimage"},"image":{"@id":"https:\/\/www.toutsurmesfinances.com\/placements\/assurance-vie-fiscalite-sur-les-rachats-isf-le-programme-de-macron.html#primaryimage"},"thumbnailUrl":"https:\/\/www.toutsurmesfinances.com\/placements\/wp-content\/uploads\/sites\/7\/2025\/04\/image-placements-assurance-vie.jpg","dateModified":"2025-07-08T15:54:47+00:00","description":"S'il est \u00e9lu pr\u00e9sident de la R\u00e9publique, Emmanuel Macron engagera une r\u00e9forme de la fiscalit\u00e9 de l'assurance vie dans le cadre de la cr\u00e9ation d'une taxation \u00e0 30% de l'\u00e9pargne financi\u00e8re au taux unique de 30%. L'abattement fiscal en cas de rachat apr\u00e8s 8","breadcrumb":{"@id":"https:\/\/www.toutsurmesfinances.com\/placements\/assurance-vie-fiscalite-sur-les-rachats-isf-le-programme-de-macron.html#breadcrumb"},"inLanguage":"fr-FR","potentialAction":[{"@type":"ReadAction","target":["https:\/\/www.toutsurmesfinances.com\/placements\/assurance-vie-fiscalite-sur-les-rachats-isf-le-programme-de-macron.html"]}]},{"@type":"ImageObject","inLanguage":"fr-FR","@id":"https:\/\/www.toutsurmesfinances.com\/placements\/assurance-vie-fiscalite-sur-les-rachats-isf-le-programme-de-macron.html#primaryimage","url":"https:\/\/www.toutsurmesfinances.com\/placements\/wp-content\/uploads\/sites\/7\/2025\/04\/image-placements-assurance-vie.jpg","contentUrl":"https:\/\/www.toutsurmesfinances.com\/placements\/wp-content\/uploads\/sites\/7\/2025\/04\/image-placements-assurance-vie.jpg","width":600,"height":400},{"@type":"BreadcrumbList","@id":"https:\/\/www.toutsurmesfinances.com\/placements\/assurance-vie-fiscalite-sur-les-rachats-isf-le-programme-de-macron.html#breadcrumb","itemListElement":[{"@type":"ListItem","position":1,"name":"Accueil","item":"https:\/\/www.toutsurmesfinances.com\/placements\/"},{"@type":"ListItem","position":2,"name":"Assurance vie","item":"https:\/\/www.toutsurmesfinances.com\/placements\/c\/assurance-vie"},{"@type":"ListItem","position":3,"name":"Assurance vie : fiscalit\u00e9 sur les rachats, ISF, le programme de Macron"}]},{"@type":"WebSite","@id":"https:\/\/www.toutsurmesfinances.com\/placements\/#website","url":"https:\/\/www.toutsurmesfinances.com\/placements\/","name":"Placements","description":"","publisher":{"@id":"https:\/\/www.toutsurmesfinances.com\/placements\/#organization"},"potentialAction":[{"@type":"SearchAction","target":{"@type":"EntryPoint","urlTemplate":"https:\/\/www.toutsurmesfinances.com\/placements\/?s={search_term_string}"},"query-input":{"@type":"PropertyValueSpecification","valueRequired":true,"valueName":"search_term_string"}}],"inLanguage":"fr-FR"},{"@type":"Organization","@id":"https:\/\/www.toutsurmesfinances.com\/placements\/#organization","name":"Tout Sur Mes Finances","url":"https:\/\/www.toutsurmesfinances.com\/placements\/","logo":{"@type":"ImageObject","inLanguage":"fr-FR","@id":"https:\/\/www.toutsurmesfinances.com\/placements\/#\/schema\/logo\/image\/","url":"https:\/\/www.toutsurmesfinances.com\/placements\/wp-content\/uploads\/sites\/7\/2021\/01\/favicon.png","contentUrl":"https:\/\/www.toutsurmesfinances.com\/placements\/wp-content\/uploads\/sites\/7\/2021\/01\/favicon.png","width":512,"height":512,"caption":"Tout Sur Mes Finances"},"image":{"@id":"https:\/\/www.toutsurmesfinances.com\/placements\/#\/schema\/logo\/image\/"},"sameAs":["https:\/\/x.com\/Toutsur"]},{"@type":"Person","@id":"https:\/\/www.toutsurmesfinances.com\/placements\/#\/schema\/person\/f3692b3163890cd1408bd0dc68a1b55a","name":"Olivier Brunet","image":{"@type":"ImageObject","inLanguage":"fr-FR","@id":"https:\/\/www.toutsurmesfinances.com\/placements\/#\/schema\/person\/image\/","url":"https:\/\/secure.gravatar.com\/avatar\/59a19214b7bb3163a27d873fa61f9a80?s=96&d=mm&r=g","contentUrl":"https:\/\/secure.gravatar.com\/avatar\/59a19214b7bb3163a27d873fa61f9a80?s=96&d=mm&r=g","caption":"Olivier Brunet"},"description":"Olivier Brunet est cofondateur de\u00a0ToutSurMesFinances.com\u00a0et r\u00e9dacteur en chef sp\u00e9cialis\u00e9 en placements et fiscalit\u00e9\u00a0des particuliers. Pr\u00e9sent\u00a0au sein du\u00a0m\u00e9dia\u00a0depuis sa cr\u00e9ation, il en est l\u2019un des piliers \u00e9ditoriaux. Il analyse les strat\u00e9gies d\u2019investissement,\u00a0suit\u00a0les \u00e9volutions fiscales et les\u00a0probl\u00e9matiques\u00a0patrimoniales\u00a0avec une vision long terme, forg\u00e9e par des ann\u00e9es de pratique et de suivi des march\u00e9s.\u00a0","sameAs":["https:\/\/www.toutsurmesfinances.com\/author\/olivier","https:\/\/www.linkedin.com\/in\/obrunet\/"]}]}},"_links":{"self":[{"href":"https:\/\/www.toutsurmesfinances.com\/placements\/wp-json\/wp\/v2\/posts\/41218","targetHints":{"allow":["GET"]}}],"collection":[{"href":"https:\/\/www.toutsurmesfinances.com\/placements\/wp-json\/wp\/v2\/posts"}],"about":[{"href":"https:\/\/www.toutsurmesfinances.com\/placements\/wp-json\/wp\/v2\/types\/post"}],"author":[{"embeddable":true,"href":"https:\/\/www.toutsurmesfinances.com\/placements\/wp-json\/wp\/v2\/users\/13709"}],"replies":[{"embeddable":true,"href":"https:\/\/www.toutsurmesfinances.com\/placements\/wp-json\/wp\/v2\/comments?post=41218"}],"version-history":[{"count":3,"href":"https:\/\/www.toutsurmesfinances.com\/placements\/wp-json\/wp\/v2\/posts\/41218\/revisions"}],"predecessor-version":[{"id":55195,"href":"https:\/\/www.toutsurmesfinances.com\/placements\/wp-json\/wp\/v2\/posts\/41218\/revisions\/55195"}],"wp:featuredmedia":[{"embeddable":true,"href":"https:\/\/www.toutsurmesfinances.com\/placements\/wp-json\/wp\/v2\/media\/55074"}],"wp:attachment":[{"href":"https:\/\/www.toutsurmesfinances.com\/placements\/wp-json\/wp\/v2\/media?parent=41218"}],"wp:term":[{"taxonomy":"category","embeddable":true,"href":"https:\/\/www.toutsurmesfinances.com\/placements\/wp-json\/wp\/v2\/categories?post=41218"},{"taxonomy":"post_tag","embeddable":true,"href":"https:\/\/www.toutsurmesfinances.com\/placements\/wp-json\/wp\/v2\/tags?post=41218"}],"curies":[{"name":"wp","href":"https:\/\/api.w.org\/{rel}","templated":true}]}}