{"id":6,"count":2,"description":"","link":"https:\/\/www.toutsurmesfinances.com\/retraite\/c\/reforme","name":"R\u00e9forme","slug":"reforme","taxonomy":"category","parent":0,"meta":[],"acf":[],"yoast_head":"<!-- This site is optimized with the Yoast SEO plugin v24.9 - https:\/\/yoast.com\/wordpress\/plugins\/seo\/ -->\n<title>R\u00e9forme des retraites : \u00e2ge l\u00e9gal, carri\u00e8res longues et nouveaux calculs<\/title>\n<meta name=\"description\" content=\"R\u00e9forme des retraites : \u00e9volutions des r\u00e8gles, \u00e2ge de d\u00e9part, dur\u00e9e de cotisation et impacts sur les droits des actifs et des retrait\u00e9s.\" \/>\n<meta name=\"robots\" content=\"index, follow, max-snippet:-1, max-image-preview:large, max-video-preview:-1\" \/>\n<link rel=\"canonical\" href=\"https:\/\/www.toutsurmesfinances.com\/retraite\/c\/reforme\" \/>\n<meta property=\"og:locale\" content=\"fr_FR\" \/>\n<meta property=\"og:type\" content=\"article\" \/>\n<meta property=\"og:title\" content=\"R\u00e9forme des retraites : \u00e2ge l\u00e9gal, carri\u00e8res longues et nouveaux calculs\" \/>\n<meta property=\"og:description\" content=\"R\u00e9forme des retraites : \u00e9volutions des r\u00e8gles, \u00e2ge de d\u00e9part, dur\u00e9e de cotisation et impacts sur les droits des actifs et des retrait\u00e9s.\" \/>\n<meta property=\"og:url\" content=\"https:\/\/www.toutsurmesfinances.com\/retraite\/c\/reforme\" \/>\n<meta property=\"og:site_name\" content=\"Retraite\" \/>\n<meta name=\"twitter:card\" content=\"summary_large_image\" \/>\n<meta name=\"twitter:site\" content=\"@Toutsur\" \/>\n<script type=\"application\/ld+json\" class=\"yoast-schema-graph\">{\"@context\":\"https:\/\/schema.org\",\"@graph\":[{\"@type\":\"CollectionPage\",\"@id\":\"https:\/\/www.toutsurmesfinances.com\/retraite\/c\/reforme\",\"url\":\"https:\/\/www.toutsurmesfinances.com\/retraite\/c\/reforme\",\"name\":\"R\u00e9forme des retraites : \u00e2ge l\u00e9gal, carri\u00e8res longues et nouveaux calculs\",\"isPartOf\":{\"@id\":\"https:\/\/www.toutsurmesfinances.com\/retraite\/#website\"},\"description\":\"R\u00e9forme des retraites : \u00e9volutions des r\u00e8gles, \u00e2ge de d\u00e9part, dur\u00e9e de cotisation et impacts sur les droits des actifs et des retrait\u00e9s.\",\"breadcrumb\":{\"@id\":\"https:\/\/www.toutsurmesfinances.com\/retraite\/c\/reforme#breadcrumb\"},\"inLanguage\":\"fr-FR\"},{\"@type\":\"BreadcrumbList\",\"@id\":\"https:\/\/www.toutsurmesfinances.com\/retraite\/c\/reforme#breadcrumb\",\"itemListElement\":[{\"@type\":\"ListItem\",\"position\":1,\"name\":\"Accueil\",\"item\":\"https:\/\/www.toutsurmesfinances.com\/retraite\/\"},{\"@type\":\"ListItem\",\"position\":2,\"name\":\"R\u00e9forme\"}]},{\"@type\":\"WebSite\",\"@id\":\"https:\/\/www.toutsurmesfinances.com\/retraite\/#website\",\"url\":\"https:\/\/www.toutsurmesfinances.com\/retraite\/\",\"name\":\"Retraite\",\"description\":\"\",\"publisher\":{\"@id\":\"https:\/\/www.toutsurmesfinances.com\/retraite\/#organization\"},\"potentialAction\":[{\"@type\":\"SearchAction\",\"target\":{\"@type\":\"EntryPoint\",\"urlTemplate\":\"https:\/\/www.toutsurmesfinances.com\/retraite\/?s={search_term_string}\"},\"query-input\":{\"@type\":\"PropertyValueSpecification\",\"valueRequired\":true,\"valueName\":\"search_term_string\"}}],\"inLanguage\":\"fr-FR\"},{\"@type\":\"Organization\",\"@id\":\"https:\/\/www.toutsurmesfinances.com\/retraite\/#organization\",\"name\":\"Tout Sur Mes Finances\",\"url\":\"https:\/\/www.toutsurmesfinances.com\/retraite\/\",\"logo\":{\"@type\":\"ImageObject\",\"inLanguage\":\"fr-FR\",\"@id\":\"https:\/\/www.toutsurmesfinances.com\/retraite\/#\/schema\/logo\/image\/\",\"url\":\"https:\/\/www.toutsurmesfinances.com\/retraite\/wp-content\/uploads\/sites\/4\/2021\/01\/favicon.png\",\"contentUrl\":\"https:\/\/www.toutsurmesfinances.com\/retraite\/wp-content\/uploads\/sites\/4\/2021\/01\/favicon.png\",\"width\":512,\"height\":512,\"caption\":\"Tout Sur Mes Finances\"},\"image\":{\"@id\":\"https:\/\/www.toutsurmesfinances.com\/retraite\/#\/schema\/logo\/image\/\"},\"sameAs\":[\"https:\/\/x.com\/Toutsur\"]}]}<\/script>\n<!-- \/ Yoast SEO plugin. -->","yoast_head_json":{"title":"R\u00e9forme des retraites : \u00e2ge l\u00e9gal, carri\u00e8res longues et nouveaux calculs","description":"R\u00e9forme des retraites : \u00e9volutions des r\u00e8gles, \u00e2ge de d\u00e9part, dur\u00e9e de cotisation et impacts sur les droits des actifs et des retrait\u00e9s.","robots":{"index":"index","follow":"follow","max-snippet":"max-snippet:-1","max-image-preview":"max-image-preview:large","max-video-preview":"max-video-preview:-1"},"canonical":"https:\/\/www.toutsurmesfinances.com\/retraite\/c\/reforme","og_locale":"fr_FR","og_type":"article","og_title":"R\u00e9forme des retraites : \u00e2ge l\u00e9gal, carri\u00e8res longues et nouveaux calculs","og_description":"R\u00e9forme des retraites : \u00e9volutions des r\u00e8gles, \u00e2ge de d\u00e9part, dur\u00e9e de cotisation et impacts sur les droits des actifs et des retrait\u00e9s.","og_url":"https:\/\/www.toutsurmesfinances.com\/retraite\/c\/reforme","og_site_name":"Retraite","twitter_card":"summary_large_image","twitter_site":"@Toutsur","schema":{"@context":"https:\/\/schema.org","@graph":[{"@type":"CollectionPage","@id":"https:\/\/www.toutsurmesfinances.com\/retraite\/c\/reforme","url":"https:\/\/www.toutsurmesfinances.com\/retraite\/c\/reforme","name":"R\u00e9forme des retraites : \u00e2ge l\u00e9gal, carri\u00e8res longues et nouveaux calculs","isPartOf":{"@id":"https:\/\/www.toutsurmesfinances.com\/retraite\/#website"},"description":"R\u00e9forme des retraites : \u00e9volutions des r\u00e8gles, \u00e2ge de d\u00e9part, dur\u00e9e de cotisation et impacts sur les droits des actifs et des retrait\u00e9s.","breadcrumb":{"@id":"https:\/\/www.toutsurmesfinances.com\/retraite\/c\/reforme#breadcrumb"},"inLanguage":"fr-FR"},{"@type":"BreadcrumbList","@id":"https:\/\/www.toutsurmesfinances.com\/retraite\/c\/reforme#breadcrumb","itemListElement":[{"@type":"ListItem","position":1,"name":"Accueil","item":"https:\/\/www.toutsurmesfinances.com\/retraite\/"},{"@type":"ListItem","position":2,"name":"R\u00e9forme"}]},{"@type":"WebSite","@id":"https:\/\/www.toutsurmesfinances.com\/retraite\/#website","url":"https:\/\/www.toutsurmesfinances.com\/retraite\/","name":"Retraite","description":"","publisher":{"@id":"https:\/\/www.toutsurmesfinances.com\/retraite\/#organization"},"potentialAction":[{"@type":"SearchAction","target":{"@type":"EntryPoint","urlTemplate":"https:\/\/www.toutsurmesfinances.com\/retraite\/?s={search_term_string}"},"query-input":{"@type":"PropertyValueSpecification","valueRequired":true,"valueName":"search_term_string"}}],"inLanguage":"fr-FR"},{"@type":"Organization","@id":"https:\/\/www.toutsurmesfinances.com\/retraite\/#organization","name":"Tout Sur Mes Finances","url":"https:\/\/www.toutsurmesfinances.com\/retraite\/","logo":{"@type":"ImageObject","inLanguage":"fr-FR","@id":"https:\/\/www.toutsurmesfinances.com\/retraite\/#\/schema\/logo\/image\/","url":"https:\/\/www.toutsurmesfinances.com\/retraite\/wp-content\/uploads\/sites\/4\/2021\/01\/favicon.png","contentUrl":"https:\/\/www.toutsurmesfinances.com\/retraite\/wp-content\/uploads\/sites\/4\/2021\/01\/favicon.png","width":512,"height":512,"caption":"Tout Sur Mes Finances"},"image":{"@id":"https:\/\/www.toutsurmesfinances.com\/retraite\/#\/schema\/logo\/image\/"},"sameAs":["https:\/\/x.com\/Toutsur"]}]}},"_links":{"self":[{"href":"https:\/\/www.toutsurmesfinances.com\/retraite\/wp-json\/wp\/v2\/categories\/6","targetHints":{"allow":["GET"]}}],"collection":[{"href":"https:\/\/www.toutsurmesfinances.com\/retraite\/wp-json\/wp\/v2\/categories"}],"about":[{"href":"https:\/\/www.toutsurmesfinances.com\/retraite\/wp-json\/wp\/v2\/taxonomies\/category"}],"wp:post_type":[{"href":"https:\/\/www.toutsurmesfinances.com\/retraite\/wp-json\/wp\/v2\/posts?categories=6"}],"curies":[{"name":"wp","href":"https:\/\/api.w.org\/{rel}","templated":true}]}}