{"id":15158,"date":"2010-04-12T08:49:56","date_gmt":"2010-04-12T06:49:56","guid":{"rendered":"https:\/\/www.toutsurmesfinances.com\/retraite\/reforme-des-retraites-position-et-reflexions-de-l-unir-cfe-cgc.html"},"modified":"2021-12-08T15:00:20","modified_gmt":"2021-12-08T14:00:20","slug":"reforme-des-retraites-position-et-reflexions-de-l-unir-cfe-cgc","status":"publish","type":"post","link":"https:\/\/www.toutsurmesfinances.com\/retraite\/reforme-des-retraites-position-et-reflexions-de-l-unir-cfe-cgc.html","title":{"rendered":"R\u00e9forme des retraites : position et r\u00e9flexions de l&rsquo;UNIR CFE-CGC"},"content":{"rendered":"<section class=\"l-section wpb_row height_small\"><div class=\"l-section-h i-cf\"><div class=\"g-cols vc_row via_flex valign_top type_default stacking_default\"><div class=\"vc_col-sm-12 wpb_column vc_column_container\"><div class=\"vc_column-inner\"><div class=\"wpb_wrapper\"><div class=\"wpb_text_column\"><div class=\"wpb_wrapper\"><p>La Section U.N.I.R., p\u00f4le d&rsquo;adh\u00e9rents retrait\u00e9s de la CFE &#8211; CGC, a le \u00ab sentiment amer que tous les efforts demand\u00e9s aux salari\u00e9s et retrait\u00e9s du secteur priv\u00e9 pour la remise \u00e0 niveau du R\u00e9gime g\u00e9n\u00e9ral des retraites, n&rsquo;ont servi \u00e0 rien et que tout est \u00e0 recommencer aujourd&rsquo;hui \u00bb.<\/p>\n<p>L&rsquo;UNIR CFE-CGC consid\u00e8re que \u00ab notre syst\u00e8me social, lanc\u00e9 pour partie en 1945, n&rsquo;est pas \u00e0 bout de souffle, comme le disent certains, mais doit donner lieu \u00e0 une nouvelle dynamique qui passe imp\u00e9rativement par le choix d&rsquo;un financement rigoureusement appropri\u00e9 et p\u00e9renne \u00bb.<\/p>\n<p>Jugeant qu&rsquo;il serrait inacceptable, irresponsable et ind\u00e9cent de s&rsquo;en prendre aux retrait\u00e9s, la section rappelle la promesse du pr\u00e9sident Nicolas Sarkozy Sarkozy: \u00ab je ne ferai pas baisser le niveau des pensions ! \u00bb estimant qu&rsquo;elle doit s&rsquo;appliquer \u00e0 l&rsquo;ensemble des pensions de retraite vers\u00e9es.<\/p>\n<p>\u00ab Le non maintien du niveau actuel des pensions de retraites et de leur pouvoir d&rsquo;achat aggraverait de fa\u00e7on dramatique et jusqu&rsquo;\u00e0 la fin de leurs jours la situation de bon nombre de retrait\u00e9s et futurs retrait\u00e9s qui, durant leur vie active au demeurant , auront probablement \u00e9t\u00e9 amen\u00e9s \u00e0 acheter pour une quantit\u00e9 moindre des point de retraites de plus en plus chers \u00bb, consid\u00e8re l&rsquo;UNIR CFE-CGC.<\/p>\n<p><strong>Les retrait\u00e9s \u00ab refusent de passer pour des nantis au motif de la d\u00e9tention d&rsquo;un patrimoine immobilier \u00bb<\/strong><\/p>\n<p>L&rsquo;organisation pense que la situation des femmes retrait\u00e9es \u00ab ne doit en aucun cas \u00eatre n\u00e9glig\u00e9e \u00bb rappelant qu&rsquo;elles ont \u00ab tr\u00e8s souvent eu des carri\u00e8res courtes du fait de leur maternit\u00e9 avec des p\u00e9riodes d&rsquo;inactivit\u00e9 consacr\u00e9es \u00e0 l&rsquo;\u00e9ducation des enfants et des reprises de travail \u00e0 temps partiel \u00bb d\u00e9plorant le versement d&rsquo;une \u00ab petite pension de retraite \u00bb.<\/p>\n<p>L&rsquo;UNIR CFE-CGC souligne aussi que les retrait\u00e9s \u00ab refusent de passer pour des nantis au motif de la d\u00e9tention d&rsquo;un patrimoine immobilier (voire mobilier) ce dernier ayant \u00e9t\u00e9 tout naturellement acquis au prix d&rsquo;un long effort d&rsquo;\u00e9pargne et parfois m\u00eame de privation \u00bb. Et d&rsquo;ajouter que le patrimoine acquis \u00ab permet aux retrait\u00e9s de financer leur maintien \u00e0 domicile (souhait\u00e9 par les personnes \u00e2g\u00e9es et rendu obligatoire par le manque de place en institutions, le d\u00e9passement des co\u00fbts des maisons de retraite et EHPAD) \u00bb.<\/p>\n<p>Sur la question de la p\u00e9nibilit\u00e9, l&rsquo;UNIR CFE-CGC observe que ce facteur \u00ab est pay\u00e9 deux fois par les r\u00e9gimes de retraite (pension de retraite vers\u00e9e \u00e0 certains d\u00e8s l&rsquo;\u00e2ge de 50 ans et absence de cotisations per\u00e7ues par ces r\u00e9gimes sur la p\u00e9riode de 50 \u00e0 60 ans) \u00bb. Et sugg\u00e8re que \u00ab les entreprises qui g\u00e9n\u00e8rent cette situation s&rsquo;acquittent du manque \u00e0 gagner occasionn\u00e9 \u00e0 ces r\u00e9gimes \u00bb.<\/p>\n<\/div><\/div><\/div><\/div><\/div><\/div><\/div><\/section>\n","protected":false},"excerpt":{"rendered":"<p>Les adh\u00e9rents retrait\u00e9s de la conf\u00e9d\u00e9ration syndicale des cadres d\u00e9fend le niveau des pensions des retrait\u00e9s actuels et sugg\u00e8re que les entreprises participent au financement de la p\u00e9nibilit\u00e9.<\/p>\n","protected":false},"author":13718,"featured_media":0,"comment_status":"closed","ping_status":"closed","sticky":false,"template":"","format":"standard","meta":{"footnotes":""},"categories":[7],"tags":[],"class_list":["post-15158","post","type-post","status-publish","format-standard","hentry","category-reforme-des-retraites"],"acf":[],"yoast_head":"<!-- This site is optimized with the Yoast SEO plugin v24.9 - https:\/\/yoast.com\/wordpress\/plugins\/seo\/ -->\n<title>R\u00e9forme des retraites : position et r\u00e9flexions de l&#039;UNIR CFE-CGC<\/title>\n<meta name=\"description\" content=\"R\u00e9forme des retraites : position et r\u00e9flexions de l&#039;UNIR CFE-CGC\" \/>\n<meta name=\"robots\" content=\"index, follow, max-snippet:-1, max-image-preview:large, max-video-preview:-1\" \/>\n<link rel=\"canonical\" href=\"https:\/\/www.toutsurmesfinances.com\/retraite\/reforme-des-retraites-position-et-reflexions-de-l-unir-cfe-cgc.html\" \/>\n<meta property=\"og:locale\" content=\"fr_FR\" \/>\n<meta property=\"og:type\" content=\"article\" \/>\n<meta property=\"og:title\" content=\"R\u00e9forme des retraites : position et r\u00e9flexions de l&#039;UNIR CFE-CGC\" \/>\n<meta property=\"og:description\" content=\"R\u00e9forme des retraites : position et r\u00e9flexions de l&#039;UNIR CFE-CGC\" \/>\n<meta property=\"og:url\" content=\"https:\/\/www.toutsurmesfinances.com\/retraite\/reforme-des-retraites-position-et-reflexions-de-l-unir-cfe-cgc.html\" \/>\n<meta property=\"og:site_name\" content=\"Retraite\" \/>\n<meta property=\"article:published_time\" content=\"2010-04-12T06:49:56+00:00\" \/>\n<meta property=\"article:modified_time\" content=\"2021-12-08T14:00:20+00:00\" \/>\n<meta name=\"author\" content=\"L&#039;\u00e9quipe de r\u00e9daction\" \/>\n<meta name=\"twitter:card\" content=\"summary_large_image\" \/>\n<meta name=\"twitter:creator\" content=\"@Toutsur\" \/>\n<meta name=\"twitter:site\" content=\"@Toutsur\" \/>\n<meta name=\"twitter:label1\" content=\"\u00c9crit par\" \/>\n\t<meta name=\"twitter:data1\" content=\"L&#039;\u00e9quipe de r\u00e9daction\" \/>\n\t<meta name=\"twitter:label2\" content=\"Dur\u00e9e de lecture estim\u00e9e\" \/>\n\t<meta name=\"twitter:data2\" content=\"2 minutes\" \/>\n<script type=\"application\/ld+json\" class=\"yoast-schema-graph\">{\"@context\":\"https:\/\/schema.org\",\"@graph\":[{\"@type\":\"Article\",\"@id\":\"https:\/\/www.toutsurmesfinances.com\/retraite\/reforme-des-retraites-position-et-reflexions-de-l-unir-cfe-cgc.html#article\",\"isPartOf\":{\"@id\":\"https:\/\/www.toutsurmesfinances.com\/retraite\/reforme-des-retraites-position-et-reflexions-de-l-unir-cfe-cgc.html\"},\"author\":{\"name\":\"L'\u00e9quipe de r\u00e9daction\",\"@id\":\"https:\/\/www.toutsurmesfinances.com\/retraite\/#\/schema\/person\/19a038f31d078d13966363e7ab7343c6\"},\"headline\":\"R\u00e9forme des retraites : position et r\u00e9flexions de l&rsquo;UNIR CFE-CGC\",\"dateModified\":\"2021-12-08T14:00:20+00:00\",\"mainEntityOfPage\":{\"@id\":\"https:\/\/www.toutsurmesfinances.com\/retraite\/reforme-des-retraites-position-et-reflexions-de-l-unir-cfe-cgc.html\"},\"wordCount\":502,\"publisher\":{\"@id\":\"https:\/\/www.toutsurmesfinances.com\/retraite\/#organization\"},\"articleSection\":[\"R\u00e9forme des retraites\"],\"inLanguage\":\"fr-FR\"},{\"@type\":\"WebPage\",\"@id\":\"https:\/\/www.toutsurmesfinances.com\/retraite\/reforme-des-retraites-position-et-reflexions-de-l-unir-cfe-cgc.html\",\"url\":\"https:\/\/www.toutsurmesfinances.com\/retraite\/reforme-des-retraites-position-et-reflexions-de-l-unir-cfe-cgc.html\",\"name\":\"R\u00e9forme des retraites : position et r\u00e9flexions de l'UNIR CFE-CGC\",\"isPartOf\":{\"@id\":\"https:\/\/www.toutsurmesfinances.com\/retraite\/#website\"},\"dateModified\":\"2021-12-08T14:00:20+00:00\",\"description\":\"R\u00e9forme des retraites : position et r\u00e9flexions de l'UNIR CFE-CGC\",\"breadcrumb\":{\"@id\":\"https:\/\/www.toutsurmesfinances.com\/retraite\/reforme-des-retraites-position-et-reflexions-de-l-unir-cfe-cgc.html#breadcrumb\"},\"inLanguage\":\"fr-FR\",\"potentialAction\":[{\"@type\":\"ReadAction\",\"target\":[\"https:\/\/www.toutsurmesfinances.com\/retraite\/reforme-des-retraites-position-et-reflexions-de-l-unir-cfe-cgc.html\"]}]},{\"@type\":\"BreadcrumbList\",\"@id\":\"https:\/\/www.toutsurmesfinances.com\/retraite\/reforme-des-retraites-position-et-reflexions-de-l-unir-cfe-cgc.html#breadcrumb\",\"itemListElement\":[{\"@type\":\"ListItem\",\"position\":1,\"name\":\"Accueil\",\"item\":\"https:\/\/www.toutsurmesfinances.com\/retraite\/\"},{\"@type\":\"ListItem\",\"position\":2,\"name\":\"R\u00e9forme\",\"item\":\"https:\/\/www.toutsurmesfinances.com\/retraite\/c\/reforme\"},{\"@type\":\"ListItem\",\"position\":3,\"name\":\"R\u00e9forme des retraites\",\"item\":\"https:\/\/www.toutsurmesfinances.com\/retraite\/c\/reforme-des-retraites\"},{\"@type\":\"ListItem\",\"position\":4,\"name\":\"R\u00e9forme des retraites : position et r\u00e9flexions de l&rsquo;UNIR CFE-CGC\"}]},{\"@type\":\"WebSite\",\"@id\":\"https:\/\/www.toutsurmesfinances.com\/retraite\/#website\",\"url\":\"https:\/\/www.toutsurmesfinances.com\/retraite\/\",\"name\":\"Retraite\",\"description\":\"\",\"publisher\":{\"@id\":\"https:\/\/www.toutsurmesfinances.com\/retraite\/#organization\"},\"potentialAction\":[{\"@type\":\"SearchAction\",\"target\":{\"@type\":\"EntryPoint\",\"urlTemplate\":\"https:\/\/www.toutsurmesfinances.com\/retraite\/?s={search_term_string}\"},\"query-input\":{\"@type\":\"PropertyValueSpecification\",\"valueRequired\":true,\"valueName\":\"search_term_string\"}}],\"inLanguage\":\"fr-FR\"},{\"@type\":\"Organization\",\"@id\":\"https:\/\/www.toutsurmesfinances.com\/retraite\/#organization\",\"name\":\"Tout Sur Mes Finances\",\"url\":\"https:\/\/www.toutsurmesfinances.com\/retraite\/\",\"logo\":{\"@type\":\"ImageObject\",\"inLanguage\":\"fr-FR\",\"@id\":\"https:\/\/www.toutsurmesfinances.com\/retraite\/#\/schema\/logo\/image\/\",\"url\":\"https:\/\/www.toutsurmesfinances.com\/retraite\/wp-content\/uploads\/sites\/4\/2021\/01\/favicon.png\",\"contentUrl\":\"https:\/\/www.toutsurmesfinances.com\/retraite\/wp-content\/uploads\/sites\/4\/2021\/01\/favicon.png\",\"width\":512,\"height\":512,\"caption\":\"Tout Sur Mes Finances\"},\"image\":{\"@id\":\"https:\/\/www.toutsurmesfinances.com\/retraite\/#\/schema\/logo\/image\/\"},\"sameAs\":[\"https:\/\/x.com\/Toutsur\"]},{\"@type\":\"Person\",\"@id\":\"https:\/\/www.toutsurmesfinances.com\/retraite\/#\/schema\/person\/19a038f31d078d13966363e7ab7343c6\",\"name\":\"L'\u00e9quipe de r\u00e9daction\",\"image\":{\"@type\":\"ImageObject\",\"inLanguage\":\"fr-FR\",\"@id\":\"https:\/\/www.toutsurmesfinances.com\/retraite\/#\/schema\/person\/image\/\",\"url\":\"https:\/\/secure.gravatar.com\/avatar\/5d078ff23d3ce7cd29bc258e76954673?s=96&d=mm&r=g\",\"contentUrl\":\"https:\/\/secure.gravatar.com\/avatar\/5d078ff23d3ce7cd29bc258e76954673?s=96&d=mm&r=g\",\"caption\":\"L'\u00e9quipe de r\u00e9daction\"}}]}<\/script>\n<!-- \/ Yoast SEO plugin. -->","yoast_head_json":{"title":"R\u00e9forme des retraites : position et r\u00e9flexions de l'UNIR CFE-CGC","description":"R\u00e9forme des retraites : position et r\u00e9flexions de l'UNIR CFE-CGC","robots":{"index":"index","follow":"follow","max-snippet":"max-snippet:-1","max-image-preview":"max-image-preview:large","max-video-preview":"max-video-preview:-1"},"canonical":"https:\/\/www.toutsurmesfinances.com\/retraite\/reforme-des-retraites-position-et-reflexions-de-l-unir-cfe-cgc.html","og_locale":"fr_FR","og_type":"article","og_title":"R\u00e9forme des retraites : position et r\u00e9flexions de l'UNIR CFE-CGC","og_description":"R\u00e9forme des retraites : position et r\u00e9flexions de l'UNIR CFE-CGC","og_url":"https:\/\/www.toutsurmesfinances.com\/retraite\/reforme-des-retraites-position-et-reflexions-de-l-unir-cfe-cgc.html","og_site_name":"Retraite","article_published_time":"2010-04-12T06:49:56+00:00","article_modified_time":"2021-12-08T14:00:20+00:00","author":"L'\u00e9quipe de r\u00e9daction","twitter_card":"summary_large_image","twitter_creator":"@Toutsur","twitter_site":"@Toutsur","twitter_misc":{"\u00c9crit par":"L'\u00e9quipe de r\u00e9daction","Dur\u00e9e de lecture estim\u00e9e":"2 minutes"},"schema":{"@context":"https:\/\/schema.org","@graph":[{"@type":"Article","@id":"https:\/\/www.toutsurmesfinances.com\/retraite\/reforme-des-retraites-position-et-reflexions-de-l-unir-cfe-cgc.html#article","isPartOf":{"@id":"https:\/\/www.toutsurmesfinances.com\/retraite\/reforme-des-retraites-position-et-reflexions-de-l-unir-cfe-cgc.html"},"author":{"name":"L'\u00e9quipe de r\u00e9daction","@id":"https:\/\/www.toutsurmesfinances.com\/retraite\/#\/schema\/person\/19a038f31d078d13966363e7ab7343c6"},"headline":"R\u00e9forme des retraites : position et r\u00e9flexions de l&rsquo;UNIR CFE-CGC","dateModified":"2021-12-08T14:00:20+00:00","mainEntityOfPage":{"@id":"https:\/\/www.toutsurmesfinances.com\/retraite\/reforme-des-retraites-position-et-reflexions-de-l-unir-cfe-cgc.html"},"wordCount":502,"publisher":{"@id":"https:\/\/www.toutsurmesfinances.com\/retraite\/#organization"},"articleSection":["R\u00e9forme des retraites"],"inLanguage":"fr-FR"},{"@type":"WebPage","@id":"https:\/\/www.toutsurmesfinances.com\/retraite\/reforme-des-retraites-position-et-reflexions-de-l-unir-cfe-cgc.html","url":"https:\/\/www.toutsurmesfinances.com\/retraite\/reforme-des-retraites-position-et-reflexions-de-l-unir-cfe-cgc.html","name":"R\u00e9forme des retraites : position et r\u00e9flexions de l'UNIR CFE-CGC","isPartOf":{"@id":"https:\/\/www.toutsurmesfinances.com\/retraite\/#website"},"dateModified":"2021-12-08T14:00:20+00:00","description":"R\u00e9forme des retraites : position et r\u00e9flexions de l'UNIR CFE-CGC","breadcrumb":{"@id":"https:\/\/www.toutsurmesfinances.com\/retraite\/reforme-des-retraites-position-et-reflexions-de-l-unir-cfe-cgc.html#breadcrumb"},"inLanguage":"fr-FR","potentialAction":[{"@type":"ReadAction","target":["https:\/\/www.toutsurmesfinances.com\/retraite\/reforme-des-retraites-position-et-reflexions-de-l-unir-cfe-cgc.html"]}]},{"@type":"BreadcrumbList","@id":"https:\/\/www.toutsurmesfinances.com\/retraite\/reforme-des-retraites-position-et-reflexions-de-l-unir-cfe-cgc.html#breadcrumb","itemListElement":[{"@type":"ListItem","position":1,"name":"Accueil","item":"https:\/\/www.toutsurmesfinances.com\/retraite\/"},{"@type":"ListItem","position":2,"name":"R\u00e9forme","item":"https:\/\/www.toutsurmesfinances.com\/retraite\/c\/reforme"},{"@type":"ListItem","position":3,"name":"R\u00e9forme des retraites","item":"https:\/\/www.toutsurmesfinances.com\/retraite\/c\/reforme-des-retraites"},{"@type":"ListItem","position":4,"name":"R\u00e9forme des retraites : position et r\u00e9flexions de l&rsquo;UNIR CFE-CGC"}]},{"@type":"WebSite","@id":"https:\/\/www.toutsurmesfinances.com\/retraite\/#website","url":"https:\/\/www.toutsurmesfinances.com\/retraite\/","name":"Retraite","description":"","publisher":{"@id":"https:\/\/www.toutsurmesfinances.com\/retraite\/#organization"},"potentialAction":[{"@type":"SearchAction","target":{"@type":"EntryPoint","urlTemplate":"https:\/\/www.toutsurmesfinances.com\/retraite\/?s={search_term_string}"},"query-input":{"@type":"PropertyValueSpecification","valueRequired":true,"valueName":"search_term_string"}}],"inLanguage":"fr-FR"},{"@type":"Organization","@id":"https:\/\/www.toutsurmesfinances.com\/retraite\/#organization","name":"Tout Sur Mes Finances","url":"https:\/\/www.toutsurmesfinances.com\/retraite\/","logo":{"@type":"ImageObject","inLanguage":"fr-FR","@id":"https:\/\/www.toutsurmesfinances.com\/retraite\/#\/schema\/logo\/image\/","url":"https:\/\/www.toutsurmesfinances.com\/retraite\/wp-content\/uploads\/sites\/4\/2021\/01\/favicon.png","contentUrl":"https:\/\/www.toutsurmesfinances.com\/retraite\/wp-content\/uploads\/sites\/4\/2021\/01\/favicon.png","width":512,"height":512,"caption":"Tout Sur Mes Finances"},"image":{"@id":"https:\/\/www.toutsurmesfinances.com\/retraite\/#\/schema\/logo\/image\/"},"sameAs":["https:\/\/x.com\/Toutsur"]},{"@type":"Person","@id":"https:\/\/www.toutsurmesfinances.com\/retraite\/#\/schema\/person\/19a038f31d078d13966363e7ab7343c6","name":"L'\u00e9quipe de r\u00e9daction","image":{"@type":"ImageObject","inLanguage":"fr-FR","@id":"https:\/\/www.toutsurmesfinances.com\/retraite\/#\/schema\/person\/image\/","url":"https:\/\/secure.gravatar.com\/avatar\/5d078ff23d3ce7cd29bc258e76954673?s=96&d=mm&r=g","contentUrl":"https:\/\/secure.gravatar.com\/avatar\/5d078ff23d3ce7cd29bc258e76954673?s=96&d=mm&r=g","caption":"L'\u00e9quipe de r\u00e9daction"}}]}},"_links":{"self":[{"href":"https:\/\/www.toutsurmesfinances.com\/retraite\/wp-json\/wp\/v2\/posts\/15158","targetHints":{"allow":["GET"]}}],"collection":[{"href":"https:\/\/www.toutsurmesfinances.com\/retraite\/wp-json\/wp\/v2\/posts"}],"about":[{"href":"https:\/\/www.toutsurmesfinances.com\/retraite\/wp-json\/wp\/v2\/types\/post"}],"author":[{"embeddable":true,"href":"https:\/\/www.toutsurmesfinances.com\/retraite\/wp-json\/wp\/v2\/users\/13718"}],"replies":[{"embeddable":true,"href":"https:\/\/www.toutsurmesfinances.com\/retraite\/wp-json\/wp\/v2\/comments?post=15158"}],"version-history":[{"count":2,"href":"https:\/\/www.toutsurmesfinances.com\/retraite\/wp-json\/wp\/v2\/posts\/15158\/revisions"}],"predecessor-version":[{"id":30517,"href":"https:\/\/www.toutsurmesfinances.com\/retraite\/wp-json\/wp\/v2\/posts\/15158\/revisions\/30517"}],"wp:attachment":[{"href":"https:\/\/www.toutsurmesfinances.com\/retraite\/wp-json\/wp\/v2\/media?parent=15158"}],"wp:term":[{"taxonomy":"category","embeddable":true,"href":"https:\/\/www.toutsurmesfinances.com\/retraite\/wp-json\/wp\/v2\/categories?post=15158"},{"taxonomy":"post_tag","embeddable":true,"href":"https:\/\/www.toutsurmesfinances.com\/retraite\/wp-json\/wp\/v2\/tags?post=15158"}],"curies":[{"name":"wp","href":"https:\/\/api.w.org\/{rel}","templated":true}]}}