{"id":15277,"date":"2010-07-13T07:54:23","date_gmt":"2010-07-13T05:54:23","guid":{"rendered":"https:\/\/www.toutsurmesfinances.com\/retraite\/retraites-complementaires-de-la-poste-accord-entre-l-agirc-l-arrco-et-l-ircantec.html"},"modified":"2012-12-12T15:40:42","modified_gmt":"2012-12-12T15:40:42","slug":"retraites-complementaires-de-la-poste-accord-entre-l-agirc-l-arrco-et-l-ircantec","status":"publish","type":"post","link":"https:\/\/www.toutsurmesfinances.com\/retraite\/retraites-complementaires-de-la-poste-accord-entre-l-agirc-l-arrco-et-l-ircantec.html","title":{"rendered":"Retraites compl\u00e9mentaires de La Poste : accord entre l&rsquo;Agirc, l&rsquo;Arrco et l&rsquo;Ircantec"},"content":{"rendered":"\n<p>A l&rsquo;issue de plusieurs mois de pourparlers, un protocole d&rsquo;accord a \u00e9t\u00e9 sign\u00e9, le 9 juillet 2010, entre l&rsquo;Agirc, l&rsquo;Arrco et l&rsquo;Ircantec dans le cadre de l&rsquo;adh\u00e9sion future de La Poste, pour ses futurs salari\u00e9s embauch\u00e9s \u00e0 partir du 1er janvier 2011, aux institutions de retraite compl\u00e9mentaire du secteur priv\u00e9 Agirc et Arrco.<\/p>\n<p>Compte tenu de son nouveau statut effectif depuis d\u00e9but mars, il est pr\u00e9vu que La Poste adh\u00e8re aux r\u00e9gimes Agirc et Arrco, au plus tard le 31 d\u00e9cembre 2010. Cette adh\u00e9sion est toutefois limit\u00e9e \u00e0 cette seule cat\u00e9gorie de salari\u00e9s nouvellement embauch\u00e9s \u00e0 compter du 1er janvier 2011. Les retrait\u00e9s comme les salari\u00e9s d\u00e9j\u00e0 en activit\u00e9, ainsi que leurs ayants droit \u00ab continueront \u00e0 d\u00e9pendre de l&rsquo;Ircantec, r\u00e9gime de retraite compl\u00e9mentaire de La Poste avant son changement de statut \u00bb soulignent les trois r\u00e9gimes de retraite compl\u00e9mentaire dans un communiqu\u00e9 commun.<\/p>\n<p>Le l\u00e9gislateur a pr\u00e9vu qu&rsquo;une compensation financi\u00e8re serait vers\u00e9e pour indemniser l&rsquo;Ircantec au titre de la perte des cotisants embauch\u00e9s \u00e0 partir du 1er janvier 2011 et affili\u00e9s aux r\u00e9gimes de retraite compl\u00e9mentaire Agirc et Arrco. Estimation de cette compensation : 5,7 milliards d&rsquo;euros sur la p\u00e9riode 2011-2090. \u00ab L&rsquo;Ircantec, comme l&rsquo;Agirc et l&rsquo;Arrco, fonctionne en effet selon le principe de la r\u00e9partition ; les allocations ne peuvent continuer \u00e0 \u00eatre servies que si des ressources viennent compl\u00e9ter les cotisations, elles-m\u00eames en voie d&rsquo;extinction en ce qui concerne le p\u00e9rim\u00e8tre de La Poste \u00bb, argumentent les 3 r\u00e9gimes.<\/p>\n<p>Un principe que d\u00e9plorait l&rsquo;association Sauvegarde Retraites dans un communiqu\u00e9 publi\u00e9 au d\u00e9but de cette ann\u00e9e 2010, jugeant injustifiable le fait \u00ab qu&rsquo;un r\u00e9gime en situation de pr\u00e9carit\u00e9 soit encore d&rsquo;avantage fragilis\u00e9 par une ponction de plusieurs milliards d&rsquo;euros \u00bb, relevant qu&rsquo;en \u00ab l&rsquo;\u00e9tat actuel des param\u00e8tres en vigueur, les r\u00e9serves de l&rsquo;Agirc-Arrco seront \u00e9puis\u00e9es d\u00e8s 2013 \u00bb.<\/p>\n<p><strong>Mieux conna\u00eetre les r\u00e9gimes de retraite compl\u00e9mentaire<\/strong><\/p>\n<\/p>\n<p><strong>Arrco :<\/strong>\u00a0r\u00e9gime de retraite compl\u00e9mentaire de salari\u00e9s du secteur priv\u00e9 (industrie, commerce, services et agriculture), cadres et non cadres<br \/><strong>Agirc : <\/strong>r\u00e9gime de retraite compl\u00e9mentaire des cadres de l&rsquo;industrie, du commerce, des services de l&rsquo;agriculture<br \/><strong>Ircantec :<\/strong> r\u00e9gime de retraite compl\u00e9mentaire obligatoire du secteur public, d\u00e9di\u00e9 aux agents non titulaires de l&rsquo;\u00c9tat et des collectivit\u00e9s publiques<\/p>\n<p><strong>En savoir plus<\/strong><br \/><a target=\"_blank\" href=\"https:\/\/www.toutsurmesfinances.com\/documents\/laposte_agirc_arrco-ircantec-accord.pdf\"><strong>&gt;&gt; T\u00e9l\u00e9charger la synth\u00e8se du protocole sign\u00e9 par l&rsquo;Agirc, l&rsquo;Arrco et l&rsquo;Ircantec<\/strong><\/a> (fichier PDF, ouverture dans une nouvelle fen\u00eatre)<\/p>\n","protected":false},"excerpt":{"rendered":"<p>Dans le cadre du changement de statut de l&rsquo;\u00e9tablissement en soci\u00e9t\u00e9 anonyme intervenu le 1er mars 2010, les salari\u00e9s nouvellement embauch\u00e9s \u00e0 compter du 1er janvier 2011 seront soumis aux r\u00e9gimes de retraite compl\u00e9mentaire du secteur priv\u00e9 contrairement \u00e0 leurs ain\u00e9s qui rel\u00e8veront toujours de l&rsquo;Ircantec (secteur public).<\/p>\n","protected":false},"author":13718,"featured_media":0,"comment_status":"closed","ping_status":"closed","sticky":false,"template":"","format":"standard","meta":{"footnotes":""},"categories":[29],"tags":[],"class_list":["post-15277","post","type-post","status-publish","format-standard","hentry","category-retraite-complementaire"],"acf":[],"yoast_head":"<!-- This site is optimized with the Yoast SEO plugin v24.9 - https:\/\/yoast.com\/wordpress\/plugins\/seo\/ -->\n<title>Retraites compl\u00e9mentaires de La Poste : accord entre l&#039;Agirc, l&#039;Arrco et l&#039;Ircantec<\/title>\n<meta name=\"description\" content=\"Retraites compl\u00e9mentaires de La Poste : accord entre l&#039;Agirc, l&#039;Arrco et l&#039;Ircantec\" \/>\n<meta name=\"robots\" content=\"index, follow, max-snippet:-1, max-image-preview:large, max-video-preview:-1\" \/>\n<link rel=\"canonical\" href=\"https:\/\/www.toutsurmesfinances.com\/retraite\/retraites-complementaires-de-la-poste-accord-entre-l-agirc-l-arrco-et-l-ircantec.html\" \/>\n<meta property=\"og:locale\" content=\"fr_FR\" \/>\n<meta property=\"og:type\" content=\"article\" \/>\n<meta property=\"og:title\" content=\"Retraites compl\u00e9mentaires de La Poste : accord entre l&#039;Agirc, l&#039;Arrco et l&#039;Ircantec\" \/>\n<meta property=\"og:description\" content=\"Retraites compl\u00e9mentaires de La Poste : accord entre l&#039;Agirc, l&#039;Arrco et l&#039;Ircantec\" \/>\n<meta property=\"og:url\" content=\"https:\/\/www.toutsurmesfinances.com\/retraite\/retraites-complementaires-de-la-poste-accord-entre-l-agirc-l-arrco-et-l-ircantec.html\" \/>\n<meta property=\"og:site_name\" content=\"Retraite\" \/>\n<meta property=\"article:published_time\" content=\"2010-07-13T05:54:23+00:00\" \/>\n<meta property=\"article:modified_time\" content=\"2012-12-12T15:40:42+00:00\" \/>\n<meta name=\"author\" content=\"L&#039;\u00e9quipe de r\u00e9daction\" \/>\n<meta name=\"twitter:card\" content=\"summary_large_image\" \/>\n<meta name=\"twitter:creator\" content=\"@Toutsur\" \/>\n<meta name=\"twitter:site\" content=\"@Toutsur\" \/>\n<meta name=\"twitter:label1\" content=\"\u00c9crit par\" \/>\n\t<meta name=\"twitter:data1\" content=\"L&#039;\u00e9quipe de r\u00e9daction\" \/>\n\t<meta name=\"twitter:label2\" content=\"Dur\u00e9e de lecture estim\u00e9e\" \/>\n\t<meta name=\"twitter:data2\" content=\"2 minutes\" \/>\n<script type=\"application\/ld+json\" class=\"yoast-schema-graph\">{\"@context\":\"https:\/\/schema.org\",\"@graph\":[{\"@type\":\"Article\",\"@id\":\"https:\/\/www.toutsurmesfinances.com\/retraite\/retraites-complementaires-de-la-poste-accord-entre-l-agirc-l-arrco-et-l-ircantec.html#article\",\"isPartOf\":{\"@id\":\"https:\/\/www.toutsurmesfinances.com\/retraite\/retraites-complementaires-de-la-poste-accord-entre-l-agirc-l-arrco-et-l-ircantec.html\"},\"author\":{\"name\":\"L'\u00e9quipe de r\u00e9daction\",\"@id\":\"https:\/\/www.toutsurmesfinances.com\/retraite\/#\/schema\/person\/19a038f31d078d13966363e7ab7343c6\"},\"headline\":\"Retraites compl\u00e9mentaires de La Poste : accord entre l&rsquo;Agirc, l&rsquo;Arrco et l&rsquo;Ircantec\",\"dateModified\":\"2012-12-12T15:40:42+00:00\",\"mainEntityOfPage\":{\"@id\":\"https:\/\/www.toutsurmesfinances.com\/retraite\/retraites-complementaires-de-la-poste-accord-entre-l-agirc-l-arrco-et-l-ircantec.html\"},\"wordCount\":461,\"publisher\":{\"@id\":\"https:\/\/www.toutsurmesfinances.com\/retraite\/#organization\"},\"articleSection\":[\"Retraite compl\u00e9mentaire\"],\"inLanguage\":\"fr-FR\"},{\"@type\":\"WebPage\",\"@id\":\"https:\/\/www.toutsurmesfinances.com\/retraite\/retraites-complementaires-de-la-poste-accord-entre-l-agirc-l-arrco-et-l-ircantec.html\",\"url\":\"https:\/\/www.toutsurmesfinances.com\/retraite\/retraites-complementaires-de-la-poste-accord-entre-l-agirc-l-arrco-et-l-ircantec.html\",\"name\":\"Retraites compl\u00e9mentaires de La Poste : accord entre l'Agirc, l'Arrco et l'Ircantec\",\"isPartOf\":{\"@id\":\"https:\/\/www.toutsurmesfinances.com\/retraite\/#website\"},\"dateModified\":\"2012-12-12T15:40:42+00:00\",\"description\":\"Retraites compl\u00e9mentaires de La Poste : accord entre l'Agirc, l'Arrco et l'Ircantec\",\"breadcrumb\":{\"@id\":\"https:\/\/www.toutsurmesfinances.com\/retraite\/retraites-complementaires-de-la-poste-accord-entre-l-agirc-l-arrco-et-l-ircantec.html#breadcrumb\"},\"inLanguage\":\"fr-FR\",\"potentialAction\":[{\"@type\":\"ReadAction\",\"target\":[\"https:\/\/www.toutsurmesfinances.com\/retraite\/retraites-complementaires-de-la-poste-accord-entre-l-agirc-l-arrco-et-l-ircantec.html\"]}]},{\"@type\":\"BreadcrumbList\",\"@id\":\"https:\/\/www.toutsurmesfinances.com\/retraite\/retraites-complementaires-de-la-poste-accord-entre-l-agirc-l-arrco-et-l-ircantec.html#breadcrumb\",\"itemListElement\":[{\"@type\":\"ListItem\",\"position\":1,\"name\":\"Accueil\",\"item\":\"https:\/\/www.toutsurmesfinances.com\/retraite\/\"},{\"@type\":\"ListItem\",\"position\":2,\"name\":\"Compl\u00e9mentaire\",\"item\":\"https:\/\/www.toutsurmesfinances.com\/retraite\/c\/complementaire\"},{\"@type\":\"ListItem\",\"position\":3,\"name\":\"Retraite compl\u00e9mentaire\",\"item\":\"https:\/\/www.toutsurmesfinances.com\/retraite\/c\/retraite-complementaire\"},{\"@type\":\"ListItem\",\"position\":4,\"name\":\"Retraites compl\u00e9mentaires de La Poste : accord entre l&rsquo;Agirc, l&rsquo;Arrco et l&rsquo;Ircantec\"}]},{\"@type\":\"WebSite\",\"@id\":\"https:\/\/www.toutsurmesfinances.com\/retraite\/#website\",\"url\":\"https:\/\/www.toutsurmesfinances.com\/retraite\/\",\"name\":\"Retraite\",\"description\":\"\",\"publisher\":{\"@id\":\"https:\/\/www.toutsurmesfinances.com\/retraite\/#organization\"},\"potentialAction\":[{\"@type\":\"SearchAction\",\"target\":{\"@type\":\"EntryPoint\",\"urlTemplate\":\"https:\/\/www.toutsurmesfinances.com\/retraite\/?s={search_term_string}\"},\"query-input\":{\"@type\":\"PropertyValueSpecification\",\"valueRequired\":true,\"valueName\":\"search_term_string\"}}],\"inLanguage\":\"fr-FR\"},{\"@type\":\"Organization\",\"@id\":\"https:\/\/www.toutsurmesfinances.com\/retraite\/#organization\",\"name\":\"Tout Sur Mes Finances\",\"url\":\"https:\/\/www.toutsurmesfinances.com\/retraite\/\",\"logo\":{\"@type\":\"ImageObject\",\"inLanguage\":\"fr-FR\",\"@id\":\"https:\/\/www.toutsurmesfinances.com\/retraite\/#\/schema\/logo\/image\/\",\"url\":\"https:\/\/www.toutsurmesfinances.com\/retraite\/wp-content\/uploads\/sites\/4\/2021\/01\/favicon.png\",\"contentUrl\":\"https:\/\/www.toutsurmesfinances.com\/retraite\/wp-content\/uploads\/sites\/4\/2021\/01\/favicon.png\",\"width\":512,\"height\":512,\"caption\":\"Tout Sur Mes Finances\"},\"image\":{\"@id\":\"https:\/\/www.toutsurmesfinances.com\/retraite\/#\/schema\/logo\/image\/\"},\"sameAs\":[\"https:\/\/x.com\/Toutsur\"]},{\"@type\":\"Person\",\"@id\":\"https:\/\/www.toutsurmesfinances.com\/retraite\/#\/schema\/person\/19a038f31d078d13966363e7ab7343c6\",\"name\":\"L'\u00e9quipe de r\u00e9daction\",\"image\":{\"@type\":\"ImageObject\",\"inLanguage\":\"fr-FR\",\"@id\":\"https:\/\/www.toutsurmesfinances.com\/retraite\/#\/schema\/person\/image\/\",\"url\":\"https:\/\/secure.gravatar.com\/avatar\/5d078ff23d3ce7cd29bc258e76954673?s=96&d=mm&r=g\",\"contentUrl\":\"https:\/\/secure.gravatar.com\/avatar\/5d078ff23d3ce7cd29bc258e76954673?s=96&d=mm&r=g\",\"caption\":\"L'\u00e9quipe de r\u00e9daction\"}}]}<\/script>\n<!-- \/ Yoast SEO plugin. -->","yoast_head_json":{"title":"Retraites compl\u00e9mentaires de La Poste : accord entre l'Agirc, l'Arrco et l'Ircantec","description":"Retraites compl\u00e9mentaires de La Poste : accord entre l'Agirc, l'Arrco et l'Ircantec","robots":{"index":"index","follow":"follow","max-snippet":"max-snippet:-1","max-image-preview":"max-image-preview:large","max-video-preview":"max-video-preview:-1"},"canonical":"https:\/\/www.toutsurmesfinances.com\/retraite\/retraites-complementaires-de-la-poste-accord-entre-l-agirc-l-arrco-et-l-ircantec.html","og_locale":"fr_FR","og_type":"article","og_title":"Retraites compl\u00e9mentaires de La Poste : accord entre l'Agirc, l'Arrco et l'Ircantec","og_description":"Retraites compl\u00e9mentaires de La Poste : accord entre l'Agirc, l'Arrco et l'Ircantec","og_url":"https:\/\/www.toutsurmesfinances.com\/retraite\/retraites-complementaires-de-la-poste-accord-entre-l-agirc-l-arrco-et-l-ircantec.html","og_site_name":"Retraite","article_published_time":"2010-07-13T05:54:23+00:00","article_modified_time":"2012-12-12T15:40:42+00:00","author":"L'\u00e9quipe de r\u00e9daction","twitter_card":"summary_large_image","twitter_creator":"@Toutsur","twitter_site":"@Toutsur","twitter_misc":{"\u00c9crit par":"L'\u00e9quipe de r\u00e9daction","Dur\u00e9e de lecture estim\u00e9e":"2 minutes"},"schema":{"@context":"https:\/\/schema.org","@graph":[{"@type":"Article","@id":"https:\/\/www.toutsurmesfinances.com\/retraite\/retraites-complementaires-de-la-poste-accord-entre-l-agirc-l-arrco-et-l-ircantec.html#article","isPartOf":{"@id":"https:\/\/www.toutsurmesfinances.com\/retraite\/retraites-complementaires-de-la-poste-accord-entre-l-agirc-l-arrco-et-l-ircantec.html"},"author":{"name":"L'\u00e9quipe de r\u00e9daction","@id":"https:\/\/www.toutsurmesfinances.com\/retraite\/#\/schema\/person\/19a038f31d078d13966363e7ab7343c6"},"headline":"Retraites compl\u00e9mentaires de La Poste : accord entre l&rsquo;Agirc, l&rsquo;Arrco et l&rsquo;Ircantec","dateModified":"2012-12-12T15:40:42+00:00","mainEntityOfPage":{"@id":"https:\/\/www.toutsurmesfinances.com\/retraite\/retraites-complementaires-de-la-poste-accord-entre-l-agirc-l-arrco-et-l-ircantec.html"},"wordCount":461,"publisher":{"@id":"https:\/\/www.toutsurmesfinances.com\/retraite\/#organization"},"articleSection":["Retraite compl\u00e9mentaire"],"inLanguage":"fr-FR"},{"@type":"WebPage","@id":"https:\/\/www.toutsurmesfinances.com\/retraite\/retraites-complementaires-de-la-poste-accord-entre-l-agirc-l-arrco-et-l-ircantec.html","url":"https:\/\/www.toutsurmesfinances.com\/retraite\/retraites-complementaires-de-la-poste-accord-entre-l-agirc-l-arrco-et-l-ircantec.html","name":"Retraites compl\u00e9mentaires de La Poste : accord entre l'Agirc, l'Arrco et l'Ircantec","isPartOf":{"@id":"https:\/\/www.toutsurmesfinances.com\/retraite\/#website"},"dateModified":"2012-12-12T15:40:42+00:00","description":"Retraites compl\u00e9mentaires de La Poste : accord entre l'Agirc, l'Arrco et l'Ircantec","breadcrumb":{"@id":"https:\/\/www.toutsurmesfinances.com\/retraite\/retraites-complementaires-de-la-poste-accord-entre-l-agirc-l-arrco-et-l-ircantec.html#breadcrumb"},"inLanguage":"fr-FR","potentialAction":[{"@type":"ReadAction","target":["https:\/\/www.toutsurmesfinances.com\/retraite\/retraites-complementaires-de-la-poste-accord-entre-l-agirc-l-arrco-et-l-ircantec.html"]}]},{"@type":"BreadcrumbList","@id":"https:\/\/www.toutsurmesfinances.com\/retraite\/retraites-complementaires-de-la-poste-accord-entre-l-agirc-l-arrco-et-l-ircantec.html#breadcrumb","itemListElement":[{"@type":"ListItem","position":1,"name":"Accueil","item":"https:\/\/www.toutsurmesfinances.com\/retraite\/"},{"@type":"ListItem","position":2,"name":"Compl\u00e9mentaire","item":"https:\/\/www.toutsurmesfinances.com\/retraite\/c\/complementaire"},{"@type":"ListItem","position":3,"name":"Retraite compl\u00e9mentaire","item":"https:\/\/www.toutsurmesfinances.com\/retraite\/c\/retraite-complementaire"},{"@type":"ListItem","position":4,"name":"Retraites compl\u00e9mentaires de La Poste : accord entre l&rsquo;Agirc, l&rsquo;Arrco et l&rsquo;Ircantec"}]},{"@type":"WebSite","@id":"https:\/\/www.toutsurmesfinances.com\/retraite\/#website","url":"https:\/\/www.toutsurmesfinances.com\/retraite\/","name":"Retraite","description":"","publisher":{"@id":"https:\/\/www.toutsurmesfinances.com\/retraite\/#organization"},"potentialAction":[{"@type":"SearchAction","target":{"@type":"EntryPoint","urlTemplate":"https:\/\/www.toutsurmesfinances.com\/retraite\/?s={search_term_string}"},"query-input":{"@type":"PropertyValueSpecification","valueRequired":true,"valueName":"search_term_string"}}],"inLanguage":"fr-FR"},{"@type":"Organization","@id":"https:\/\/www.toutsurmesfinances.com\/retraite\/#organization","name":"Tout Sur Mes Finances","url":"https:\/\/www.toutsurmesfinances.com\/retraite\/","logo":{"@type":"ImageObject","inLanguage":"fr-FR","@id":"https:\/\/www.toutsurmesfinances.com\/retraite\/#\/schema\/logo\/image\/","url":"https:\/\/www.toutsurmesfinances.com\/retraite\/wp-content\/uploads\/sites\/4\/2021\/01\/favicon.png","contentUrl":"https:\/\/www.toutsurmesfinances.com\/retraite\/wp-content\/uploads\/sites\/4\/2021\/01\/favicon.png","width":512,"height":512,"caption":"Tout Sur Mes Finances"},"image":{"@id":"https:\/\/www.toutsurmesfinances.com\/retraite\/#\/schema\/logo\/image\/"},"sameAs":["https:\/\/x.com\/Toutsur"]},{"@type":"Person","@id":"https:\/\/www.toutsurmesfinances.com\/retraite\/#\/schema\/person\/19a038f31d078d13966363e7ab7343c6","name":"L'\u00e9quipe de r\u00e9daction","image":{"@type":"ImageObject","inLanguage":"fr-FR","@id":"https:\/\/www.toutsurmesfinances.com\/retraite\/#\/schema\/person\/image\/","url":"https:\/\/secure.gravatar.com\/avatar\/5d078ff23d3ce7cd29bc258e76954673?s=96&d=mm&r=g","contentUrl":"https:\/\/secure.gravatar.com\/avatar\/5d078ff23d3ce7cd29bc258e76954673?s=96&d=mm&r=g","caption":"L'\u00e9quipe de r\u00e9daction"}}]}},"_links":{"self":[{"href":"https:\/\/www.toutsurmesfinances.com\/retraite\/wp-json\/wp\/v2\/posts\/15277","targetHints":{"allow":["GET"]}}],"collection":[{"href":"https:\/\/www.toutsurmesfinances.com\/retraite\/wp-json\/wp\/v2\/posts"}],"about":[{"href":"https:\/\/www.toutsurmesfinances.com\/retraite\/wp-json\/wp\/v2\/types\/post"}],"author":[{"embeddable":true,"href":"https:\/\/www.toutsurmesfinances.com\/retraite\/wp-json\/wp\/v2\/users\/13718"}],"replies":[{"embeddable":true,"href":"https:\/\/www.toutsurmesfinances.com\/retraite\/wp-json\/wp\/v2\/comments?post=15277"}],"version-history":[{"count":1,"href":"https:\/\/www.toutsurmesfinances.com\/retraite\/wp-json\/wp\/v2\/posts\/15277\/revisions"}],"predecessor-version":[{"id":25811,"href":"https:\/\/www.toutsurmesfinances.com\/retraite\/wp-json\/wp\/v2\/posts\/15277\/revisions\/25811"}],"wp:attachment":[{"href":"https:\/\/www.toutsurmesfinances.com\/retraite\/wp-json\/wp\/v2\/media?parent=15277"}],"wp:term":[{"taxonomy":"category","embeddable":true,"href":"https:\/\/www.toutsurmesfinances.com\/retraite\/wp-json\/wp\/v2\/categories?post=15277"},{"taxonomy":"post_tag","embeddable":true,"href":"https:\/\/www.toutsurmesfinances.com\/retraite\/wp-json\/wp\/v2\/tags?post=15277"}],"curies":[{"name":"wp","href":"https:\/\/api.w.org\/{rel}","templated":true}]}}